{"id":850,"date":"2021-12-28T16:50:48","date_gmt":"2021-12-28T19:50:48","guid":{"rendered":"https:\/\/artigos.abelacosmetics.com\/abela2022\/?p=850"},"modified":"2023-01-05T18:01:46","modified_gmt":"2023-01-05T21:01:46","slug":"o-que-sao-ativos-naturais","status":"publish","type":"post","link":"https:\/\/artigos.abelacosmetics.com\/es\/o-que-sao-ativos-naturais\/","title":{"rendered":"O que s\u00e3o ativos naturais?"},"content":{"rendered":"<section>\n<div class=\"container\">\n<div class=\"row\">\n<div class=\"post\">\n<p>&nbsp;<\/p>\n<p>&nbsp;<\/p>\n<p>A cada dia, mais pessoas demonstram interesse em produtos livres de insumos animais ou crueldade, com certifica\u00e7\u00e3o ecol\u00f3gica e de origem comprovadamente org\u00e2nica.<\/p>\n<\/div>\n<\/div>\n<\/div>\n<p>&nbsp;<\/p>\n<div class=\"container\">\n<div class=\"row\">\n<div class=\"post\">\n<audio class=\"wp-audio-shortcode\" id=\"audio-850-1\" preload=\"none\" style=\"width: 100%;\" controls=\"controls\"><source type=\"audio\/mpeg\" src=\"https:\/\/artigos.abelacosmetics.com\/wp-content\/uploads\/2021\/12\/O-que-so-ativos-naturais-1.mp3?_=1\" \/><a href=\"https:\/\/artigos.abelacosmetics.com\/wp-content\/uploads\/2021\/12\/O-que-so-ativos-naturais-1.mp3\">https:\/\/artigos.abelacosmetics.com\/wp-content\/uploads\/2021\/12\/O-que-so-ativos-naturais-1.mp3<\/a><\/audio>\n<p>&nbsp;<\/p>\n<p>Mesmo quem n\u00e3o \u00e9 adepto ao veganismo na alimenta\u00e7\u00e3o demonstra interesse por essa gama de produtos. E o que s\u00e3o ativos naturais? Abela Cosmetics elucida pra voc\u00eas.<\/p>\n<p>Os ativos naturais s\u00e3o obtidos exclusivamente da natureza, tendo como origem plantas ou minerais, como a argila, por exemplo. Dentre as mat\u00e9rias-primas com maior potencialidade econ\u00f4mica para o desenvolvimento de produtos nas ind\u00fastrias de cosm\u00e9ticos como a\u00a0<a href=\"https:\/\/artigos.abelacosmetics.com\/es\/\" target=\"\\&quot;_blank\\&quot;\" rel=\"\\&quot;noopener noopener\">Abela Cosmetics<\/a>, destacam-se os diferentes tipos e fra\u00e7\u00f5es de plantas medicinais e extratos vegetais, corantes naturais, frutas, \u00f3leos vegetais, \u00f3leos essenciais e resinas.<\/p>\n<p>As plantas medicinais possuem em sua composi\u00e7\u00e3o princ\u00edpios ativos. S\u00e3o utilizados em diversos tratamentos, servindo de base, principalmente, para medicamentos fitoter\u00e1picos. Por\u00e9m tamb\u00e9m s\u00e3o muito usados na elabora\u00e7\u00e3o de novos produtos cosm\u00e9ticos. Como todo medicamento, devem ter garantia de qualidade, efeitos terap\u00eauticos comprovados, composi\u00e7\u00e3o padronizada e seguran\u00e7a de uso para o consumidor.<\/p>\n<p>Pra voc\u00ea que veio buscar saber o que s\u00e3o ativos naturais saiba que eles s\u00e3o fortes aliados para quem busca tratamento eficiente. E o objetivo da Abela Cosmetics \u00e9 proporcionar ao consumidor uma excelente experi\u00eancia quando o assunto s\u00e3o produtos de qualidade e, assim, que sejam os mais naturais poss\u00edveis.\u00a0O cabelo passa a crescer mais r\u00e1pido e ter resultados que v\u00e3o, da raiz at\u00e9 as pontas, diferente de outras subst\u00e2ncias, que apenas trazem resultados moment\u00e2neos e question\u00e1veis.<\/p>\n<p>O couro cabeludo saud\u00e1vel e hidratado, que \u00e9 a base para um cabelo bonito, \u00e9 consequ\u00eancia de produtos que contam com ativos naturais em sua composi\u00e7\u00e3o. Pois os ativos sint\u00e9ticos enganam, trazendo resultados imediatos, por\u00e9m pouco duradouros. J\u00e1 os naturais penetram no cabelo, melhorando a sa\u00fade dos fios dia ap\u00f3s dia.<\/p>\n<p>Conhe\u00e7a nossa gama de\u00a0<a href=\"https:\/\/artigos.abelacosmetics.com\/es\/produtos\/#linha-love-vegan-cacau\" target=\"\\&quot;_blank\\&quot;\" rel=\"\\&quot;noopener noopener\">Produtos Veganos Abela Cosmetics<\/a>\u00a0e encante-se com nossa conta no\u00a0<a href=\"https:\/\/www.instagram.com\/abelacosmetics\" target=\"\\&quot;_blank\\&quot;\" rel=\"\\&quot;noopener noopener\">Instagram<\/a>, que al\u00e9m de linda tem muita informa\u00e7\u00e3o relevante pra voc\u00ea.<\/p>\n<\/div>\n<\/div>\n<\/div>\n<\/section>\n<footer>\n<div class=\"container\">\n<div class=\"footer-up\">\n<div class=\"newsletter-txt\"><\/div>\n<\/div>\n<\/div>\n<\/footer>","protected":false},"excerpt":{"rendered":"<p>&nbsp; &nbsp; A cada dia, mais pessoas demonstram interesse em produtos livres de insumos animais ou crueldade, com certifica\u00e7\u00e3o ecol\u00f3gica e de origem comprovadamente org\u00e2nica. &nbsp; &nbsp; Mesmo quem n\u00e3o \u00e9 adepto ao veganismo na alimenta\u00e7\u00e3o demonstra interesse por essa gama de produtos. E o que s\u00e3o ativos naturais? Abela Cosmetics elucida pra voc\u00eas. Os [&hellip;]<\/p>","protected":false},"author":1,"featured_media":851,"comment_status":"open","ping_status":"open","sticky":false,"template":"","format":"standard","meta":{"_acf_changed":false,"_mo_disable_npp":"","inline_featured_image":false,"footnotes":""},"categories":[32],"tags":[],"class_list":["post-850","post","type-post","status-publish","format-standard","has-post-thumbnail","hentry","category-informacoes"],"acf":[],"yoast_head":"<!-- This site is optimized with the Yoast SEO Premium plugin v19.2.1 (Yoast SEO v26.9) - https:\/\/yoast.com\/product\/yoast-seo-premium-wordpress\/ -->\n<title>O que s\u00e3o ativos naturais? - Abela Cosmetics<\/title>\n<meta name=\"description\" content=\"Seus cabelos merecem produtos de qualidade. Ativos naturais s\u00e3o ingredientes da natureza comprovadamente eficazes para o tratamento capilar.\" \/>\n<meta name=\"robots\" content=\"index, follow, max-snippet:-1, max-image-preview:large, max-video-preview:-1\" \/>\n<link rel=\"canonical\" href=\"https:\/\/artigos.abelacosmetics.com\/es\/o-que-sao-ativos-naturais\/\" \/>\n<meta property=\"og:locale\" content=\"es_ES\" \/>\n<meta property=\"og:type\" content=\"article\" \/>\n<meta property=\"og:title\" content=\"O que s\u00e3o ativos naturais?\" \/>\n<meta property=\"og:description\" content=\"Seus cabelos merecem produtos de qualidade. Ativos naturais s\u00e3o ingredientes da natureza comprovadamente eficazes para o tratamento capilar.\" \/>\n<meta property=\"og:url\" content=\"https:\/\/artigos.abelacosmetics.com\/es\/o-que-sao-ativos-naturais\/\" \/>\n<meta property=\"og:site_name\" content=\"Abela Cosmetics\" \/>\n<meta property=\"article:publisher\" content=\"https:\/\/www.facebook.com\/abelacosmetics\" \/>\n<meta property=\"article:published_time\" content=\"2021-12-28T19:50:48+00:00\" \/>\n<meta property=\"article:modified_time\" content=\"2023-01-05T21:01:46+00:00\" \/>\n<meta property=\"og:image\" content=\"https:\/\/artigos.abelacosmetics.com\/wp-content\/uploads\/2022\/08\/image.psd-14.jpg\" \/>\n\t<meta property=\"og:image:width\" content=\"850\" \/>\n\t<meta property=\"og:image:height\" content=\"842\" \/>\n\t<meta property=\"og:image:type\" content=\"image\/jpeg\" \/>\n<meta name=\"author\" content=\"admin\" \/>\n<meta name=\"twitter:card\" content=\"summary_large_image\" \/>\n<meta name=\"twitter:label1\" content=\"Escrito por\" \/>\n\t<meta name=\"twitter:data1\" content=\"admin\" \/>\n\t<meta name=\"twitter:label2\" content=\"Tiempo de lectura\" \/>\n\t<meta name=\"twitter:data2\" content=\"2 minutos\" \/>\n<script type=\"application\/ld+json\" class=\"yoast-schema-graph\">{\"@context\":\"https:\/\/schema.org\",\"@graph\":[{\"@type\":\"Article\",\"@id\":\"https:\/\/artigos.abelacosmetics.com\/o-que-sao-ativos-naturais\/#article\",\"isPartOf\":{\"@id\":\"https:\/\/artigos.abelacosmetics.com\/o-que-sao-ativos-naturais\/\"},\"author\":{\"name\":\"admin\",\"@id\":\"https:\/\/artigos.abelacosmetics.com\/#\/schema\/person\/675710be590edb47293978092f4e20f4\"},\"headline\":\"O que s\u00e3o ativos naturais?\",\"datePublished\":\"2021-12-28T19:50:48+00:00\",\"dateModified\":\"2023-01-05T21:01:46+00:00\",\"mainEntityOfPage\":{\"@id\":\"https:\/\/artigos.abelacosmetics.com\/o-que-sao-ativos-naturais\/\"},\"wordCount\":378,\"commentCount\":0,\"publisher\":{\"@id\":\"https:\/\/artigos.abelacosmetics.com\/#organization\"},\"image\":{\"@id\":\"https:\/\/artigos.abelacosmetics.com\/o-que-sao-ativos-naturais\/#primaryimage\"},\"thumbnailUrl\":\"https:\/\/artigos.abelacosmetics.com\/wp-content\/uploads\/2022\/08\/image.psd-14.jpg\",\"articleSection\":[\"Informa\u00e7\u00f5es\"],\"inLanguage\":\"es\",\"potentialAction\":[{\"@type\":\"CommentAction\",\"name\":\"Comment\",\"target\":[\"https:\/\/artigos.abelacosmetics.com\/o-que-sao-ativos-naturais\/#respond\"]}]},{\"@type\":\"WebPage\",\"@id\":\"https:\/\/artigos.abelacosmetics.com\/o-que-sao-ativos-naturais\/\",\"url\":\"https:\/\/artigos.abelacosmetics.com\/o-que-sao-ativos-naturais\/\",\"name\":\"O que s\u00e3o ativos naturais? - Abela Cosmetics\",\"isPartOf\":{\"@id\":\"https:\/\/artigos.abelacosmetics.com\/#website\"},\"primaryImageOfPage\":{\"@id\":\"https:\/\/artigos.abelacosmetics.com\/o-que-sao-ativos-naturais\/#primaryimage\"},\"image\":{\"@id\":\"https:\/\/artigos.abelacosmetics.com\/o-que-sao-ativos-naturais\/#primaryimage\"},\"thumbnailUrl\":\"https:\/\/artigos.abelacosmetics.com\/wp-content\/uploads\/2022\/08\/image.psd-14.jpg\",\"datePublished\":\"2021-12-28T19:50:48+00:00\",\"dateModified\":\"2023-01-05T21:01:46+00:00\",\"description\":\"Seus cabelos merecem produtos de qualidade. Ativos naturais s\u00e3o ingredientes da natureza comprovadamente eficazes para o tratamento capilar.\",\"breadcrumb\":{\"@id\":\"https:\/\/artigos.abelacosmetics.com\/o-que-sao-ativos-naturais\/#breadcrumb\"},\"inLanguage\":\"es\",\"potentialAction\":[{\"@type\":\"ReadAction\",\"target\":[\"https:\/\/artigos.abelacosmetics.com\/o-que-sao-ativos-naturais\/\"]}]},{\"@type\":\"ImageObject\",\"inLanguage\":\"es\",\"@id\":\"https:\/\/artigos.abelacosmetics.com\/o-que-sao-ativos-naturais\/#primaryimage\",\"url\":\"https:\/\/artigos.abelacosmetics.com\/wp-content\/uploads\/2022\/08\/image.psd-14.jpg\",\"contentUrl\":\"https:\/\/artigos.abelacosmetics.com\/wp-content\/uploads\/2022\/08\/image.psd-14.jpg\",\"width\":850,\"height\":842},{\"@type\":\"BreadcrumbList\",\"@id\":\"https:\/\/artigos.abelacosmetics.com\/o-que-sao-ativos-naturais\/#breadcrumb\",\"itemListElement\":[{\"@type\":\"ListItem\",\"position\":1,\"name\":\"In\u00edcio\",\"item\":\"https:\/\/artigos.abelacosmetics.com\/\"},{\"@type\":\"ListItem\",\"position\":2,\"name\":\"O que s\u00e3o ativos naturais?\"}]},{\"@type\":\"WebSite\",\"@id\":\"https:\/\/artigos.abelacosmetics.com\/#website\",\"url\":\"https:\/\/artigos.abelacosmetics.com\/\",\"name\":\"Abela Cosmetics\",\"description\":\"Cuidados para Cabelos \u00danicos\",\"publisher\":{\"@id\":\"https:\/\/artigos.abelacosmetics.com\/#organization\"},\"potentialAction\":[{\"@type\":\"SearchAction\",\"target\":{\"@type\":\"EntryPoint\",\"urlTemplate\":\"https:\/\/artigos.abelacosmetics.com\/?s={search_term_string}\"},\"query-input\":{\"@type\":\"PropertyValueSpecification\",\"valueRequired\":true,\"valueName\":\"search_term_string\"}}],\"inLanguage\":\"es\"},{\"@type\":\"Organization\",\"@id\":\"https:\/\/artigos.abelacosmetics.com\/#organization\",\"name\":\"Abela Cosmetics\",\"url\":\"https:\/\/artigos.abelacosmetics.com\/\",\"logo\":{\"@type\":\"ImageObject\",\"inLanguage\":\"es\",\"@id\":\"https:\/\/artigos.abelacosmetics.com\/#\/schema\/logo\/image\/\",\"url\":\"https:\/\/artigos.abelacosmetics.com\/wp-content\/uploads\/2023\/02\/logo-abela.png\",\"contentUrl\":\"https:\/\/artigos.abelacosmetics.com\/wp-content\/uploads\/2023\/02\/logo-abela.png\",\"width\":183,\"height\":90,\"caption\":\"Abela Cosmetics\"},\"image\":{\"@id\":\"https:\/\/artigos.abelacosmetics.com\/#\/schema\/logo\/image\/\"},\"sameAs\":[\"https:\/\/www.facebook.com\/abelacosmetics\"]},{\"@type\":\"Person\",\"@id\":\"https:\/\/artigos.abelacosmetics.com\/#\/schema\/person\/675710be590edb47293978092f4e20f4\",\"name\":\"admin\",\"image\":{\"@type\":\"ImageObject\",\"inLanguage\":\"es\",\"@id\":\"https:\/\/artigos.abelacosmetics.com\/#\/schema\/person\/image\/\",\"url\":\"https:\/\/secure.gravatar.com\/avatar\/ce9ccc2de538d30bcc33874c5a730e8e078e64fce402cb3cf0668a7439a0e654?s=96&d=mm&r=g\",\"contentUrl\":\"https:\/\/secure.gravatar.com\/avatar\/ce9ccc2de538d30bcc33874c5a730e8e078e64fce402cb3cf0668a7439a0e654?s=96&d=mm&r=g\",\"caption\":\"admin\"},\"sameAs\":[\"http:\/\/localhost\/abela-cosmetic\"],\"url\":\"https:\/\/artigos.abelacosmetics.com\/es\/author\/admin\/\"}]}<\/script>\n<!-- \/ Yoast SEO Premium plugin. -->","yoast_head_json":{"title":"O que s\u00e3o ativos naturais? - Abela Cosmetics","description":"Seus cabelos merecem produtos de qualidade. Ativos naturais s\u00e3o ingredientes da natureza comprovadamente eficazes para o tratamento capilar.","robots":{"index":"index","follow":"follow","max-snippet":"max-snippet:-1","max-image-preview":"max-image-preview:large","max-video-preview":"max-video-preview:-1"},"canonical":"https:\/\/artigos.abelacosmetics.com\/es\/o-que-sao-ativos-naturais\/","og_locale":"es_ES","og_type":"article","og_title":"O que s\u00e3o ativos naturais?","og_description":"Seus cabelos merecem produtos de qualidade. Ativos naturais s\u00e3o ingredientes da natureza comprovadamente eficazes para o tratamento capilar.","og_url":"https:\/\/artigos.abelacosmetics.com\/es\/o-que-sao-ativos-naturais\/","og_site_name":"Abela Cosmetics","article_publisher":"https:\/\/www.facebook.com\/abelacosmetics","article_published_time":"2021-12-28T19:50:48+00:00","article_modified_time":"2023-01-05T21:01:46+00:00","og_image":[{"width":850,"height":842,"url":"https:\/\/artigos.abelacosmetics.com\/wp-content\/uploads\/2022\/08\/image.psd-14.jpg","type":"image\/jpeg"}],"author":"admin","twitter_card":"summary_large_image","twitter_misc":{"Escrito por":"admin","Tiempo de lectura":"2 minutos"},"schema":{"@context":"https:\/\/schema.org","@graph":[{"@type":"Article","@id":"https:\/\/artigos.abelacosmetics.com\/o-que-sao-ativos-naturais\/#article","isPartOf":{"@id":"https:\/\/artigos.abelacosmetics.com\/o-que-sao-ativos-naturais\/"},"author":{"name":"admin","@id":"https:\/\/artigos.abelacosmetics.com\/#\/schema\/person\/675710be590edb47293978092f4e20f4"},"headline":"O que s\u00e3o ativos naturais?","datePublished":"2021-12-28T19:50:48+00:00","dateModified":"2023-01-05T21:01:46+00:00","mainEntityOfPage":{"@id":"https:\/\/artigos.abelacosmetics.com\/o-que-sao-ativos-naturais\/"},"wordCount":378,"commentCount":0,"publisher":{"@id":"https:\/\/artigos.abelacosmetics.com\/#organization"},"image":{"@id":"https:\/\/artigos.abelacosmetics.com\/o-que-sao-ativos-naturais\/#primaryimage"},"thumbnailUrl":"https:\/\/artigos.abelacosmetics.com\/wp-content\/uploads\/2022\/08\/image.psd-14.jpg","articleSection":["Informa\u00e7\u00f5es"],"inLanguage":"es","potentialAction":[{"@type":"CommentAction","name":"Comment","target":["https:\/\/artigos.abelacosmetics.com\/o-que-sao-ativos-naturais\/#respond"]}]},{"@type":"WebPage","@id":"https:\/\/artigos.abelacosmetics.com\/o-que-sao-ativos-naturais\/","url":"https:\/\/artigos.abelacosmetics.com\/o-que-sao-ativos-naturais\/","name":"O que s\u00e3o ativos naturais? - Abela Cosmetics","isPartOf":{"@id":"https:\/\/artigos.abelacosmetics.com\/#website"},"primaryImageOfPage":{"@id":"https:\/\/artigos.abelacosmetics.com\/o-que-sao-ativos-naturais\/#primaryimage"},"image":{"@id":"https:\/\/artigos.abelacosmetics.com\/o-que-sao-ativos-naturais\/#primaryimage"},"thumbnailUrl":"https:\/\/artigos.abelacosmetics.com\/wp-content\/uploads\/2022\/08\/image.psd-14.jpg","datePublished":"2021-12-28T19:50:48+00:00","dateModified":"2023-01-05T21:01:46+00:00","description":"Seus cabelos merecem produtos de qualidade. Ativos naturais s\u00e3o ingredientes da natureza comprovadamente eficazes para o tratamento capilar.","breadcrumb":{"@id":"https:\/\/artigos.abelacosmetics.com\/o-que-sao-ativos-naturais\/#breadcrumb"},"inLanguage":"es","potentialAction":[{"@type":"ReadAction","target":["https:\/\/artigos.abelacosmetics.com\/o-que-sao-ativos-naturais\/"]}]},{"@type":"ImageObject","inLanguage":"es","@id":"https:\/\/artigos.abelacosmetics.com\/o-que-sao-ativos-naturais\/#primaryimage","url":"https:\/\/artigos.abelacosmetics.com\/wp-content\/uploads\/2022\/08\/image.psd-14.jpg","contentUrl":"https:\/\/artigos.abelacosmetics.com\/wp-content\/uploads\/2022\/08\/image.psd-14.jpg","width":850,"height":842},{"@type":"BreadcrumbList","@id":"https:\/\/artigos.abelacosmetics.com\/o-que-sao-ativos-naturais\/#breadcrumb","itemListElement":[{"@type":"ListItem","position":1,"name":"In\u00edcio","item":"https:\/\/artigos.abelacosmetics.com\/"},{"@type":"ListItem","position":2,"name":"O que s\u00e3o ativos naturais?"}]},{"@type":"WebSite","@id":"https:\/\/artigos.abelacosmetics.com\/#website","url":"https:\/\/artigos.abelacosmetics.com\/","name":"Abela Cosmetics","description":"Cuidados para Cabelos \u00danicos","publisher":{"@id":"https:\/\/artigos.abelacosmetics.com\/#organization"},"potentialAction":[{"@type":"SearchAction","target":{"@type":"EntryPoint","urlTemplate":"https:\/\/artigos.abelacosmetics.com\/?s={search_term_string}"},"query-input":{"@type":"PropertyValueSpecification","valueRequired":true,"valueName":"search_term_string"}}],"inLanguage":"es"},{"@type":"Organization","@id":"https:\/\/artigos.abelacosmetics.com\/#organization","name":"Abela Cosmetics","url":"https:\/\/artigos.abelacosmetics.com\/","logo":{"@type":"ImageObject","inLanguage":"es","@id":"https:\/\/artigos.abelacosmetics.com\/#\/schema\/logo\/image\/","url":"https:\/\/artigos.abelacosmetics.com\/wp-content\/uploads\/2023\/02\/logo-abela.png","contentUrl":"https:\/\/artigos.abelacosmetics.com\/wp-content\/uploads\/2023\/02\/logo-abela.png","width":183,"height":90,"caption":"Abela Cosmetics"},"image":{"@id":"https:\/\/artigos.abelacosmetics.com\/#\/schema\/logo\/image\/"},"sameAs":["https:\/\/www.facebook.com\/abelacosmetics"]},{"@type":"Person","@id":"https:\/\/artigos.abelacosmetics.com\/#\/schema\/person\/675710be590edb47293978092f4e20f4","name":"admin","image":{"@type":"ImageObject","inLanguage":"es","@id":"https:\/\/artigos.abelacosmetics.com\/#\/schema\/person\/image\/","url":"https:\/\/secure.gravatar.com\/avatar\/ce9ccc2de538d30bcc33874c5a730e8e078e64fce402cb3cf0668a7439a0e654?s=96&d=mm&r=g","contentUrl":"https:\/\/secure.gravatar.com\/avatar\/ce9ccc2de538d30bcc33874c5a730e8e078e64fce402cb3cf0668a7439a0e654?s=96&d=mm&r=g","caption":"admin"},"sameAs":["http:\/\/localhost\/abela-cosmetic"],"url":"https:\/\/artigos.abelacosmetics.com\/es\/author\/admin\/"}]}},"_links":{"self":[{"href":"https:\/\/artigos.abelacosmetics.com\/es\/wp-json\/wp\/v2\/posts\/850","targetHints":{"allow":["GET"]}}],"collection":[{"href":"https:\/\/artigos.abelacosmetics.com\/es\/wp-json\/wp\/v2\/posts"}],"about":[{"href":"https:\/\/artigos.abelacosmetics.com\/es\/wp-json\/wp\/v2\/types\/post"}],"author":[{"embeddable":true,"href":"https:\/\/artigos.abelacosmetics.com\/es\/wp-json\/wp\/v2\/users\/1"}],"replies":[{"embeddable":true,"href":"https:\/\/artigos.abelacosmetics.com\/es\/wp-json\/wp\/v2\/comments?post=850"}],"version-history":[{"count":7,"href":"https:\/\/artigos.abelacosmetics.com\/es\/wp-json\/wp\/v2\/posts\/850\/revisions"}],"predecessor-version":[{"id":2258,"href":"https:\/\/artigos.abelacosmetics.com\/es\/wp-json\/wp\/v2\/posts\/850\/revisions\/2258"}],"wp:featuredmedia":[{"embeddable":true,"href":"https:\/\/artigos.abelacosmetics.com\/es\/wp-json\/wp\/v2\/media\/851"}],"wp:attachment":[{"href":"https:\/\/artigos.abelacosmetics.com\/es\/wp-json\/wp\/v2\/media?parent=850"}],"wp:term":[{"taxonomy":"category","embeddable":true,"href":"https:\/\/artigos.abelacosmetics.com\/es\/wp-json\/wp\/v2\/categories?post=850"},{"taxonomy":"post_tag","embeddable":true,"href":"https:\/\/artigos.abelacosmetics.com\/es\/wp-json\/wp\/v2\/tags?post=850"}],"curies":[{"name":"wp","href":"https:\/\/api.w.org\/{rel}","templated":true}]}}