{"id":840,"date":"2021-12-28T16:44:55","date_gmt":"2021-12-28T19:44:55","guid":{"rendered":"https:\/\/artigos.abelacosmetics.com\/abela2022\/?p=840"},"modified":"2023-01-05T18:04:01","modified_gmt":"2023-01-05T21:04:01","slug":"cabelos-cacheados-e-nutricao","status":"publish","type":"post","link":"https:\/\/artigos.abelacosmetics.com\/es\/cabelos-cacheados-e-nutricao\/","title":{"rendered":"Por que cabelos cacheados e crespos precisam de mais nutri\u00e7\u00e3o?"},"content":{"rendered":"<p>&nbsp;<\/p>\n<p>&nbsp;<\/p>\n<p>Quem tem <b>cabelos cacheados<\/b> ou crespos sabe das dificuldades que \u00e9 manter os cachos sempre bonitos e definidos. Uma tarefa nada f\u00e1cil, principalmente para quem tem os fios mais ressecados devido \u00e0 qu\u00edmica ou danos di\u00e1rios.<\/p>\n<p>&nbsp;<\/p>\n<audio class=\"wp-audio-shortcode\" id=\"audio-840-1\" preload=\"none\" style=\"width: 100%;\" controls=\"controls\"><source type=\"audio\/mpeg\" src=\"https:\/\/artigos.abelacosmetics.com\/wp-content\/uploads\/2021\/12\/Por-que-cabelos-cacheados-e-crespos-precisam-de-mais-nutrio1.mp3?_=1\" \/><a href=\"https:\/\/artigos.abelacosmetics.com\/wp-content\/uploads\/2021\/12\/Por-que-cabelos-cacheados-e-crespos-precisam-de-mais-nutrio1.mp3\">https:\/\/artigos.abelacosmetics.com\/wp-content\/uploads\/2021\/12\/Por-que-cabelos-cacheados-e-crespos-precisam-de-mais-nutrio1.mp3<\/a><\/audio>\n<p>&nbsp;<\/p>\n<p>Por isso, a nutri\u00e7\u00e3o capilar \u00e9 uma das principais etapas no tratamento indicado para quem tem fios cacheados ou crespos. Esse processo deve ser feito de maneira a recuperar os cabelos, deixando-os mais macios, saud\u00e1veis e nutridos.<\/p>\n<p><img loading=\"lazy\" decoding=\"async\" class=\"alignnone wp-image-1206\" src=\"https:\/\/artigos.abelacosmetics.com\/wp-content\/uploads\/2021\/12\/2-1-300x169.png\" alt=\"\" width=\"863\" height=\"486\" srcset=\"https:\/\/artigos.abelacosmetics.com\/wp-content\/uploads\/2021\/12\/2-1-300x169.png 300w, https:\/\/artigos.abelacosmetics.com\/wp-content\/uploads\/2021\/12\/2-1-1024x576.png 1024w, https:\/\/artigos.abelacosmetics.com\/wp-content\/uploads\/2021\/12\/2-1-768x432.png 768w, https:\/\/artigos.abelacosmetics.com\/wp-content\/uploads\/2021\/12\/2-1-1536x864.png 1536w, https:\/\/artigos.abelacosmetics.com\/wp-content\/uploads\/2021\/12\/2-1-18x10.png 18w, https:\/\/artigos.abelacosmetics.com\/wp-content\/uploads\/2021\/12\/2-1.png 1920w\" sizes=\"auto, (max-width: 863px) 100vw, 863px\" \/><\/p>\n<p>No mercado, existem diversas marcas e linhas voltadas para os cabelos cacheados e crespos. Dessa forma, conhecer quais produtos utilizar \u00e9 o caminho mais f\u00e1cil para conseguir bons resultados.<\/p>\n<p>Afinal, ter cabelos hidratados e nutridos, com fios saud\u00e1veis e cachos definidos, \u00e9 o desejo de todas as mulheres que querem exibir madeixas livres de pontas duplas ou ressecadas.<\/p>\n<p>Continue lendo este artigo e saiba como cuidar dos seus cachos.<\/p>\n<ul>\n<li>O que \u00e9 nutri\u00e7\u00e3o capilar?<\/li>\n<li>Como fazer nutri\u00e7\u00e3o capilar?<\/li>\n<li>Produtos para cabelos cacheados e crespos<\/li>\n<\/ul>\n<h2>O que \u00e9 nutri\u00e7\u00e3o capilar?<\/h2>\n<p>Devido ao formato anelado do fio, os <b>cabelos cacheados<\/b> e crespos tendem a ser mais ressecados que os lisos. Isso acontece porque a oleosidade do couro cabeludo tem dificuldade em chegar at\u00e9 as pontas. Al\u00e9m disso, o fio pode se ressecar devido ao uso excessivo de secador ou chapinha, bem como pelo sol, vento, \u00e1gua quente, entre outros.<\/p>\n<p>Esse ressecamento dos cabelos acarreta em fios quebradi\u00e7os, pontas duplas e frizz, j\u00e1 que as cut\u00edculas est\u00e3o abertas. Para que os fios voltem a ser sedosos, \u00e9 preciso devolver os lip\u00eddios e \u00f3leo natural. Essa prote\u00e7\u00e3o da fibra capilar \u00e9 a garantia de que os fios n\u00e3o sofrer\u00e3o tantos danos.<\/p>\n<p>E isso acontece atrav\u00e9s da <b>nutri\u00e7\u00e3o capilar<\/b> e do uso de produtos espec\u00edficos para cada tipo de cabelo. Sendo assim, a rotina de cuidados deve envolver cremes, \u00f3leos e manteigas vegetais que reponham as perdas. Assim, o tratamento de umecta\u00e7\u00e3o permite que o fio fique com um aspecto mais saud\u00e1vel, sedoso e hidratado.<\/p>\n<p>Atrav\u00e9s dessa barreira criada, o fio volta a ter maciez, brilho e as cut\u00edculas s\u00e3o seladas. Isso d\u00e1 movimento e curvas mais definidas aos cachos, resultando em um cabelo natural e nutrido.<\/p>\n<p>A nutri\u00e7\u00e3o capilar pode ser feita diariamente ou atrav\u00e9s de um cronograma, que \u00e9 composto por tr\u00eas etapas: hidrata\u00e7\u00e3o, nutri\u00e7\u00e3o e reconstru\u00e7\u00e3o. O cronograma pode ser feito por qualquer pessoa e deve ser montado de acordo com o tipo de fio. Quando seguido corretamente, o resultado \u00e9 um cabelo mais saud\u00e1vel e recuperado.<\/p>\n<p><img loading=\"lazy\" decoding=\"async\" class=\"alignnone wp-image-1207\" src=\"https:\/\/artigos.abelacosmetics.com\/wp-content\/uploads\/2021\/12\/21-300x300.png\" alt=\"\" width=\"546\" height=\"546\" srcset=\"https:\/\/artigos.abelacosmetics.com\/wp-content\/uploads\/2021\/12\/21-300x300.png 300w, https:\/\/artigos.abelacosmetics.com\/wp-content\/uploads\/2021\/12\/21-150x150.png 150w, https:\/\/artigos.abelacosmetics.com\/wp-content\/uploads\/2021\/12\/21-768x768.png 768w, https:\/\/artigos.abelacosmetics.com\/wp-content\/uploads\/2021\/12\/21-12x12.png 12w, https:\/\/artigos.abelacosmetics.com\/wp-content\/uploads\/2021\/12\/21.png 1000w\" sizes=\"auto, (max-width: 546px) 100vw, 546px\" \/><\/p>\n<h2>Como fazer nutri\u00e7\u00e3o capilar?<\/h2>\n<p>Quem tem <b>cabelos cacheados ou crespos<\/b> deve seguir um cronograma capilar voltado espec\u00edfico para este tipo de fio. O tratamento pode ser feito de diferentes formas, tanto com m\u00e1scaras nutritivas, \u00f3leos naturais ou manteigas vegetais. Com esses produtos em m\u00e3os, a aplica\u00e7\u00e3o \u00e9 simples e os resultados podem ser percebidos logo ap\u00f3s a finaliza\u00e7\u00e3o.<\/p>\n<p>Para se ter um bom resultado, deve-se aguardar o tempo indicado de cada produto. Ap\u00f3s a aplica\u00e7\u00e3o, basta enxaguar e finalizar os fios como desejar. Existem outras formas de hidratar os cabelos de maneira mais intensa e tamb\u00e9m com bons resultados.<\/p>\n<p>Os \u00f3leos naturais, como de coco ou castanha do Par\u00e1, e as manteigas de karit\u00e9 e cupua\u00e7u, s\u00e3o exemplos de hidratantes aliados na nutri\u00e7\u00e3o dos fios. Indicados para cabelos fracos, ressecados e secos, eles agem profundamente nos fios, nutrindo o cabelo e aumentando a umidade natural.<\/p>\n<p>A aplica\u00e7\u00e3o dos \u00f3leos \u00e9 conhecida como umecta\u00e7\u00e3o e deve ser aplicada por todo o comprimento do cabelo, desde a raiz at\u00e9 as pontas. \u00c9 preciso deixar agir por, no m\u00ednimo, duas horas, para os \u00f3leos, e at\u00e9 40 minutos, para as manteigas.<\/p>\n<p>Em alguns casos, recomenda-se dormir com o \u00f3leo, como forma de otimizar o tempo e o tratamento. Para isso, deve-se cobrir o cabelo com uma touca, de forma e evitar que o produto saia durante o sono.<\/p>\n<p>Nesses casos de umecta\u00e7\u00e3o, o cabelo deve estar seco para receber o \u00f3leo natural ou a manteiga vegetal. Assim, o produto conseguir\u00e1 enluvar melhor os fios e os resultados ser\u00e3o mais percept\u00edveis. Isso \u00e9 necess\u00e1rio tamb\u00e9m para que as madeixas absorvam esses nutrientes e selem as cut\u00edculas, garantindo que a nutri\u00e7\u00e3o fique dentro do cabelo.<\/p>\n<p><img loading=\"lazy\" decoding=\"async\" class=\"alignnone wp-image-1208\" src=\"https:\/\/artigos.abelacosmetics.com\/wp-content\/uploads\/2021\/12\/11-300x300.png\" alt=\"\" width=\"635\" height=\"635\" srcset=\"https:\/\/artigos.abelacosmetics.com\/wp-content\/uploads\/2021\/12\/11-300x300.png 300w, https:\/\/artigos.abelacosmetics.com\/wp-content\/uploads\/2021\/12\/11-150x150.png 150w, https:\/\/artigos.abelacosmetics.com\/wp-content\/uploads\/2021\/12\/11-768x768.png 768w, https:\/\/artigos.abelacosmetics.com\/wp-content\/uploads\/2021\/12\/11-12x12.png 12w, https:\/\/artigos.abelacosmetics.com\/wp-content\/uploads\/2021\/12\/11.png 1000w\" sizes=\"auto, (max-width: 635px) 100vw, 635px\" \/><\/p>\n<h2>Produtos para cabelos cacheados e crespos<\/h2>\n<p>Escolher os melhores produtos dentre uma infinidade de op\u00e7\u00f5es chega a ser um desafio para quem tem <b>cabelos ressecados<\/b>. Por isso, quem deseja melhorar a sa\u00fade dos fios precisa avaliar a situa\u00e7\u00e3o do seu cabelo e buscar o tratamento mais adequado. Esse \u00e9 o primeiro passo para garantir um cabelo cacheado ou crespo saud\u00e1vel e com vida.<\/p>\n<p>Enquanto algumas pessoas precisam de um tratamento mais intenso para melhorar os cabelos secos, fracos e quebradi\u00e7os, outras necessitam apenas de uma hidrata\u00e7\u00e3o e mais umidade. Sendo assim, deve-se optar por produtos naturais, vez que estes oferecem melhores resultados, j\u00e1 que n\u00e3o cont\u00e9m qu\u00edmica e n\u00e3o causam danos aos fios.<\/p>\n<h3>Abela Cosmetics<\/h3>\n<p>Para os cabelos, recomenda-se produtos livres de petrolatos, parabenos, \u00f3leo mineral, parafina, silicones insol\u00faveis e ativos de origem animal. A <a href=\"https:\/\/artigos.abelacosmetics.com\/es\/pt\/home-por\/\">Abela Cosmetics<\/a> \u00e9 uma marca que oferece cuidados para cabelos livres. Assim, disp\u00f5e de diversos produtos, como a m\u00e1scara reconstrutora da linha Cronograma Capilar, que mant\u00e9m o cabelo nutrido e sem queda.<\/p>\n<p>Por ter em sua composi\u00e7\u00e3o \u00f3leo de argan e queratina vegetal, o resultado \u00e9 um cabelo com brilho, maciez e fios menos ressecados. J\u00e1 a m\u00e1scara de hidrata\u00e7\u00e3o \u00e0 base de cupua\u00e7u, da linha Cronograma Capilar, traz umidade aos fios, deixando-os mais el\u00e1sticos, condicionados e nutridos.<\/p>\n<p><img loading=\"lazy\" decoding=\"async\" class=\"alignnone wp-image-1209\" src=\"https:\/\/artigos.abelacosmetics.com\/wp-content\/uploads\/2021\/12\/31-300x300.png\" alt=\"\" width=\"548\" height=\"548\" srcset=\"https:\/\/artigos.abelacosmetics.com\/wp-content\/uploads\/2021\/12\/31-300x300.png 300w, https:\/\/artigos.abelacosmetics.com\/wp-content\/uploads\/2021\/12\/31-150x150.png 150w, https:\/\/artigos.abelacosmetics.com\/wp-content\/uploads\/2021\/12\/31-768x768.png 768w, https:\/\/artigos.abelacosmetics.com\/wp-content\/uploads\/2021\/12\/31-12x12.png 12w, https:\/\/artigos.abelacosmetics.com\/wp-content\/uploads\/2021\/12\/31.png 1000w\" sizes=\"auto, (max-width: 548px) 100vw, 548px\" \/><\/p>\n<p>Enquanto isso, o cacau, da linha Love, Vegan, da <a href=\"https:\/\/www.instagram.com\/abelacosmetics\/?hl=pt-br\">Abela Cosmetics<\/a>, garante cuidado di\u00e1rio, promovendo o rejuvenescimento capilar e hidrata\u00e7\u00e3o imediata. A manteiga do murumuru age reduzindo o frizz e tem bastante indica\u00e7\u00e3o para cabelos volumosos. A m\u00e1scara umectante Carolina trata os danos causados aos cabelos devido \u00e0 a\u00e7\u00e3o do sol, vento e secadores. O resultado s\u00e3o fios nutridos, definidos e com brilho<\/p>\n<p>Por sua vez, a m\u00e1scara umectante Carolina, \u00e0 base de abacate, re\u00fane um concentrado de vitaminas. Mas tamb\u00e9m de \u00e1cidos graxos que combatem o ressecamento, a quebra e o frizz. Com isso, os cabelos ficam mais brilhosos e suaves. Isso \u00e9 poss\u00edvel gra\u00e7as aos seis \u00f3leos vegetais presentes no fruto, que mant\u00eam a nutri\u00e7\u00e3o e defini\u00e7\u00e3o por mais tempo aos cabelos.<\/p>\n<p><img loading=\"lazy\" decoding=\"async\" class=\"alignnone wp-image-1210\" src=\"https:\/\/artigos.abelacosmetics.com\/wp-content\/uploads\/2021\/12\/5-300x169.png\" alt=\"\" width=\"1062\" height=\"598\" srcset=\"https:\/\/artigos.abelacosmetics.com\/wp-content\/uploads\/2021\/12\/5-300x169.png 300w, https:\/\/artigos.abelacosmetics.com\/wp-content\/uploads\/2021\/12\/5-1024x576.png 1024w, https:\/\/artigos.abelacosmetics.com\/wp-content\/uploads\/2021\/12\/5-768x432.png 768w, https:\/\/artigos.abelacosmetics.com\/wp-content\/uploads\/2021\/12\/5-1536x864.png 1536w, https:\/\/artigos.abelacosmetics.com\/wp-content\/uploads\/2021\/12\/5-18x10.png 18w, https:\/\/artigos.abelacosmetics.com\/wp-content\/uploads\/2021\/12\/5.png 1920w\" sizes=\"auto, (max-width: 1062px) 100vw, 1062px\" \/><\/p>","protected":false},"excerpt":{"rendered":"<p>&nbsp; &nbsp; Quem tem cabelos cacheados ou crespos sabe das dificuldades que \u00e9 manter os cachos sempre bonitos e definidos. Uma tarefa nada f\u00e1cil, principalmente para quem tem os fios mais ressecados devido \u00e0 qu\u00edmica ou danos di\u00e1rios. &nbsp; &nbsp; Por isso, a nutri\u00e7\u00e3o capilar \u00e9 uma das principais etapas no tratamento indicado para quem [&hellip;]<\/p>","protected":false},"author":1,"featured_media":1204,"comment_status":"open","ping_status":"open","sticky":false,"template":"","format":"standard","meta":{"_acf_changed":false,"_mo_disable_npp":"","inline_featured_image":false,"footnotes":""},"categories":[32,30],"tags":[],"class_list":["post-840","post","type-post","status-publish","format-standard","has-post-thumbnail","hentry","category-informacoes","category-conheca-seus-cabelos"],"acf":[],"yoast_head":"<!-- This site is optimized with the Yoast SEO Premium plugin v19.2.1 (Yoast SEO v26.9) - https:\/\/yoast.com\/product\/yoast-seo-premium-wordpress\/ -->\n<title>Por que cabelos cacheados e crespos precisam de mais nutri\u00e7\u00e3o? - Abela Cosmetics<\/title>\n<meta name=\"description\" content=\"Entenda os motivos que fazem com que cabelos cacheados e crespos precisem tanto de nutri\u00e7\u00e3o.\" \/>\n<meta name=\"robots\" content=\"index, follow, max-snippet:-1, max-image-preview:large, max-video-preview:-1\" \/>\n<link rel=\"canonical\" href=\"https:\/\/artigos.abelacosmetics.com\/es\/cabelos-cacheados-e-nutricao\/\" \/>\n<meta property=\"og:locale\" content=\"es_ES\" \/>\n<meta property=\"og:type\" content=\"article\" \/>\n<meta property=\"og:title\" content=\"Por que cabelos cacheados e crespos precisam de mais nutri\u00e7\u00e3o?\" \/>\n<meta property=\"og:description\" content=\"Entenda os motivos que fazem com que cabelos cacheados e crespos precisem tanto de nutri\u00e7\u00e3o.\" \/>\n<meta property=\"og:url\" content=\"https:\/\/artigos.abelacosmetics.com\/es\/cabelos-cacheados-e-nutricao\/\" \/>\n<meta property=\"og:site_name\" content=\"Abela Cosmetics\" \/>\n<meta property=\"article:publisher\" content=\"https:\/\/www.facebook.com\/abelacosmetics\" \/>\n<meta property=\"article:published_time\" content=\"2021-12-28T19:44:55+00:00\" \/>\n<meta property=\"article:modified_time\" content=\"2023-01-05T21:04:01+00:00\" \/>\n<meta property=\"og:image\" content=\"https:\/\/artigos.abelacosmetics.com\/wp-content\/uploads\/2021\/12\/post-do-blog-2.png\" \/>\n\t<meta property=\"og:image:width\" content=\"850\" \/>\n\t<meta property=\"og:image:height\" content=\"430\" \/>\n\t<meta property=\"og:image:type\" content=\"image\/png\" \/>\n<meta name=\"author\" content=\"admin\" \/>\n<meta name=\"twitter:card\" content=\"summary_large_image\" \/>\n<meta name=\"twitter:label1\" content=\"Escrito por\" \/>\n\t<meta name=\"twitter:data1\" content=\"admin\" \/>\n\t<meta name=\"twitter:label2\" content=\"Tiempo de lectura\" \/>\n\t<meta name=\"twitter:data2\" content=\"7 minutos\" \/>\n<script type=\"application\/ld+json\" class=\"yoast-schema-graph\">{\"@context\":\"https:\/\/schema.org\",\"@graph\":[{\"@type\":\"Article\",\"@id\":\"https:\/\/artigos.abelacosmetics.com\/cabelos-cacheados-e-nutricao\/#article\",\"isPartOf\":{\"@id\":\"https:\/\/artigos.abelacosmetics.com\/cabelos-cacheados-e-nutricao\/\"},\"author\":{\"name\":\"admin\",\"@id\":\"https:\/\/artigos.abelacosmetics.com\/#\/schema\/person\/675710be590edb47293978092f4e20f4\"},\"headline\":\"Por que cabelos cacheados e crespos precisam de mais nutri\u00e7\u00e3o?\",\"datePublished\":\"2021-12-28T19:44:55+00:00\",\"dateModified\":\"2023-01-05T21:04:01+00:00\",\"mainEntityOfPage\":{\"@id\":\"https:\/\/artigos.abelacosmetics.com\/cabelos-cacheados-e-nutricao\/\"},\"wordCount\":1117,\"commentCount\":0,\"publisher\":{\"@id\":\"https:\/\/artigos.abelacosmetics.com\/#organization\"},\"image\":{\"@id\":\"https:\/\/artigos.abelacosmetics.com\/cabelos-cacheados-e-nutricao\/#primaryimage\"},\"thumbnailUrl\":\"https:\/\/artigos.abelacosmetics.com\/wp-content\/uploads\/2021\/12\/post-do-blog-2.png\",\"articleSection\":[\"Informa\u00e7\u00f5es\",\"Conhe\u00e7a seus cabelos\"],\"inLanguage\":\"es\",\"potentialAction\":[{\"@type\":\"CommentAction\",\"name\":\"Comment\",\"target\":[\"https:\/\/artigos.abelacosmetics.com\/cabelos-cacheados-e-nutricao\/#respond\"]}]},{\"@type\":\"WebPage\",\"@id\":\"https:\/\/artigos.abelacosmetics.com\/cabelos-cacheados-e-nutricao\/\",\"url\":\"https:\/\/artigos.abelacosmetics.com\/cabelos-cacheados-e-nutricao\/\",\"name\":\"Por que cabelos cacheados e crespos precisam de mais nutri\u00e7\u00e3o? - Abela Cosmetics\",\"isPartOf\":{\"@id\":\"https:\/\/artigos.abelacosmetics.com\/#website\"},\"primaryImageOfPage\":{\"@id\":\"https:\/\/artigos.abelacosmetics.com\/cabelos-cacheados-e-nutricao\/#primaryimage\"},\"image\":{\"@id\":\"https:\/\/artigos.abelacosmetics.com\/cabelos-cacheados-e-nutricao\/#primaryimage\"},\"thumbnailUrl\":\"https:\/\/artigos.abelacosmetics.com\/wp-content\/uploads\/2021\/12\/post-do-blog-2.png\",\"datePublished\":\"2021-12-28T19:44:55+00:00\",\"dateModified\":\"2023-01-05T21:04:01+00:00\",\"description\":\"Entenda os motivos que fazem com que cabelos cacheados e crespos precisem tanto de nutri\u00e7\u00e3o.\",\"breadcrumb\":{\"@id\":\"https:\/\/artigos.abelacosmetics.com\/cabelos-cacheados-e-nutricao\/#breadcrumb\"},\"inLanguage\":\"es\",\"potentialAction\":[{\"@type\":\"ReadAction\",\"target\":[\"https:\/\/artigos.abelacosmetics.com\/cabelos-cacheados-e-nutricao\/\"]}]},{\"@type\":\"ImageObject\",\"inLanguage\":\"es\",\"@id\":\"https:\/\/artigos.abelacosmetics.com\/cabelos-cacheados-e-nutricao\/#primaryimage\",\"url\":\"https:\/\/artigos.abelacosmetics.com\/wp-content\/uploads\/2021\/12\/post-do-blog-2.png\",\"contentUrl\":\"https:\/\/artigos.abelacosmetics.com\/wp-content\/uploads\/2021\/12\/post-do-blog-2.png\",\"width\":850,\"height\":430},{\"@type\":\"BreadcrumbList\",\"@id\":\"https:\/\/artigos.abelacosmetics.com\/cabelos-cacheados-e-nutricao\/#breadcrumb\",\"itemListElement\":[{\"@type\":\"ListItem\",\"position\":1,\"name\":\"In\u00edcio\",\"item\":\"https:\/\/artigos.abelacosmetics.com\/\"},{\"@type\":\"ListItem\",\"position\":2,\"name\":\"Por que cabelos cacheados e crespos precisam de mais nutri\u00e7\u00e3o?\"}]},{\"@type\":\"WebSite\",\"@id\":\"https:\/\/artigos.abelacosmetics.com\/#website\",\"url\":\"https:\/\/artigos.abelacosmetics.com\/\",\"name\":\"Abela Cosmetics\",\"description\":\"Cuidados para Cabelos \u00danicos\",\"publisher\":{\"@id\":\"https:\/\/artigos.abelacosmetics.com\/#organization\"},\"potentialAction\":[{\"@type\":\"SearchAction\",\"target\":{\"@type\":\"EntryPoint\",\"urlTemplate\":\"https:\/\/artigos.abelacosmetics.com\/?s={search_term_string}\"},\"query-input\":{\"@type\":\"PropertyValueSpecification\",\"valueRequired\":true,\"valueName\":\"search_term_string\"}}],\"inLanguage\":\"es\"},{\"@type\":\"Organization\",\"@id\":\"https:\/\/artigos.abelacosmetics.com\/#organization\",\"name\":\"Abela Cosmetics\",\"url\":\"https:\/\/artigos.abelacosmetics.com\/\",\"logo\":{\"@type\":\"ImageObject\",\"inLanguage\":\"es\",\"@id\":\"https:\/\/artigos.abelacosmetics.com\/#\/schema\/logo\/image\/\",\"url\":\"https:\/\/artigos.abelacosmetics.com\/wp-content\/uploads\/2023\/02\/logo-abela.png\",\"contentUrl\":\"https:\/\/artigos.abelacosmetics.com\/wp-content\/uploads\/2023\/02\/logo-abela.png\",\"width\":183,\"height\":90,\"caption\":\"Abela Cosmetics\"},\"image\":{\"@id\":\"https:\/\/artigos.abelacosmetics.com\/#\/schema\/logo\/image\/\"},\"sameAs\":[\"https:\/\/www.facebook.com\/abelacosmetics\"]},{\"@type\":\"Person\",\"@id\":\"https:\/\/artigos.abelacosmetics.com\/#\/schema\/person\/675710be590edb47293978092f4e20f4\",\"name\":\"admin\",\"image\":{\"@type\":\"ImageObject\",\"inLanguage\":\"es\",\"@id\":\"https:\/\/artigos.abelacosmetics.com\/#\/schema\/person\/image\/\",\"url\":\"https:\/\/secure.gravatar.com\/avatar\/ce9ccc2de538d30bcc33874c5a730e8e078e64fce402cb3cf0668a7439a0e654?s=96&d=mm&r=g\",\"contentUrl\":\"https:\/\/secure.gravatar.com\/avatar\/ce9ccc2de538d30bcc33874c5a730e8e078e64fce402cb3cf0668a7439a0e654?s=96&d=mm&r=g\",\"caption\":\"admin\"},\"sameAs\":[\"http:\/\/localhost\/abela-cosmetic\"],\"url\":\"https:\/\/artigos.abelacosmetics.com\/es\/author\/admin\/\"}]}<\/script>\n<!-- \/ Yoast SEO Premium plugin. -->","yoast_head_json":{"title":"Por que cabelos cacheados e crespos precisam de mais nutri\u00e7\u00e3o? - Abela Cosmetics","description":"Entenda os motivos que fazem com que cabelos cacheados e crespos precisem tanto de nutri\u00e7\u00e3o.","robots":{"index":"index","follow":"follow","max-snippet":"max-snippet:-1","max-image-preview":"max-image-preview:large","max-video-preview":"max-video-preview:-1"},"canonical":"https:\/\/artigos.abelacosmetics.com\/es\/cabelos-cacheados-e-nutricao\/","og_locale":"es_ES","og_type":"article","og_title":"Por que cabelos cacheados e crespos precisam de mais nutri\u00e7\u00e3o?","og_description":"Entenda os motivos que fazem com que cabelos cacheados e crespos precisem tanto de nutri\u00e7\u00e3o.","og_url":"https:\/\/artigos.abelacosmetics.com\/es\/cabelos-cacheados-e-nutricao\/","og_site_name":"Abela Cosmetics","article_publisher":"https:\/\/www.facebook.com\/abelacosmetics","article_published_time":"2021-12-28T19:44:55+00:00","article_modified_time":"2023-01-05T21:04:01+00:00","og_image":[{"width":850,"height":430,"url":"https:\/\/artigos.abelacosmetics.com\/wp-content\/uploads\/2021\/12\/post-do-blog-2.png","type":"image\/png"}],"author":"admin","twitter_card":"summary_large_image","twitter_misc":{"Escrito por":"admin","Tiempo de lectura":"7 minutos"},"schema":{"@context":"https:\/\/schema.org","@graph":[{"@type":"Article","@id":"https:\/\/artigos.abelacosmetics.com\/cabelos-cacheados-e-nutricao\/#article","isPartOf":{"@id":"https:\/\/artigos.abelacosmetics.com\/cabelos-cacheados-e-nutricao\/"},"author":{"name":"admin","@id":"https:\/\/artigos.abelacosmetics.com\/#\/schema\/person\/675710be590edb47293978092f4e20f4"},"headline":"Por que cabelos cacheados e crespos precisam de mais nutri\u00e7\u00e3o?","datePublished":"2021-12-28T19:44:55+00:00","dateModified":"2023-01-05T21:04:01+00:00","mainEntityOfPage":{"@id":"https:\/\/artigos.abelacosmetics.com\/cabelos-cacheados-e-nutricao\/"},"wordCount":1117,"commentCount":0,"publisher":{"@id":"https:\/\/artigos.abelacosmetics.com\/#organization"},"image":{"@id":"https:\/\/artigos.abelacosmetics.com\/cabelos-cacheados-e-nutricao\/#primaryimage"},"thumbnailUrl":"https:\/\/artigos.abelacosmetics.com\/wp-content\/uploads\/2021\/12\/post-do-blog-2.png","articleSection":["Informa\u00e7\u00f5es","Conhe\u00e7a seus cabelos"],"inLanguage":"es","potentialAction":[{"@type":"CommentAction","name":"Comment","target":["https:\/\/artigos.abelacosmetics.com\/cabelos-cacheados-e-nutricao\/#respond"]}]},{"@type":"WebPage","@id":"https:\/\/artigos.abelacosmetics.com\/cabelos-cacheados-e-nutricao\/","url":"https:\/\/artigos.abelacosmetics.com\/cabelos-cacheados-e-nutricao\/","name":"Por que cabelos cacheados e crespos precisam de mais nutri\u00e7\u00e3o? - Abela Cosmetics","isPartOf":{"@id":"https:\/\/artigos.abelacosmetics.com\/#website"},"primaryImageOfPage":{"@id":"https:\/\/artigos.abelacosmetics.com\/cabelos-cacheados-e-nutricao\/#primaryimage"},"image":{"@id":"https:\/\/artigos.abelacosmetics.com\/cabelos-cacheados-e-nutricao\/#primaryimage"},"thumbnailUrl":"https:\/\/artigos.abelacosmetics.com\/wp-content\/uploads\/2021\/12\/post-do-blog-2.png","datePublished":"2021-12-28T19:44:55+00:00","dateModified":"2023-01-05T21:04:01+00:00","description":"Entenda os motivos que fazem com que cabelos cacheados e crespos precisem tanto de nutri\u00e7\u00e3o.","breadcrumb":{"@id":"https:\/\/artigos.abelacosmetics.com\/cabelos-cacheados-e-nutricao\/#breadcrumb"},"inLanguage":"es","potentialAction":[{"@type":"ReadAction","target":["https:\/\/artigos.abelacosmetics.com\/cabelos-cacheados-e-nutricao\/"]}]},{"@type":"ImageObject","inLanguage":"es","@id":"https:\/\/artigos.abelacosmetics.com\/cabelos-cacheados-e-nutricao\/#primaryimage","url":"https:\/\/artigos.abelacosmetics.com\/wp-content\/uploads\/2021\/12\/post-do-blog-2.png","contentUrl":"https:\/\/artigos.abelacosmetics.com\/wp-content\/uploads\/2021\/12\/post-do-blog-2.png","width":850,"height":430},{"@type":"BreadcrumbList","@id":"https:\/\/artigos.abelacosmetics.com\/cabelos-cacheados-e-nutricao\/#breadcrumb","itemListElement":[{"@type":"ListItem","position":1,"name":"In\u00edcio","item":"https:\/\/artigos.abelacosmetics.com\/"},{"@type":"ListItem","position":2,"name":"Por que cabelos cacheados e crespos precisam de mais nutri\u00e7\u00e3o?"}]},{"@type":"WebSite","@id":"https:\/\/artigos.abelacosmetics.com\/#website","url":"https:\/\/artigos.abelacosmetics.com\/","name":"Abela Cosmetics","description":"Cuidados para Cabelos \u00danicos","publisher":{"@id":"https:\/\/artigos.abelacosmetics.com\/#organization"},"potentialAction":[{"@type":"SearchAction","target":{"@type":"EntryPoint","urlTemplate":"https:\/\/artigos.abelacosmetics.com\/?s={search_term_string}"},"query-input":{"@type":"PropertyValueSpecification","valueRequired":true,"valueName":"search_term_string"}}],"inLanguage":"es"},{"@type":"Organization","@id":"https:\/\/artigos.abelacosmetics.com\/#organization","name":"Abela Cosmetics","url":"https:\/\/artigos.abelacosmetics.com\/","logo":{"@type":"ImageObject","inLanguage":"es","@id":"https:\/\/artigos.abelacosmetics.com\/#\/schema\/logo\/image\/","url":"https:\/\/artigos.abelacosmetics.com\/wp-content\/uploads\/2023\/02\/logo-abela.png","contentUrl":"https:\/\/artigos.abelacosmetics.com\/wp-content\/uploads\/2023\/02\/logo-abela.png","width":183,"height":90,"caption":"Abela Cosmetics"},"image":{"@id":"https:\/\/artigos.abelacosmetics.com\/#\/schema\/logo\/image\/"},"sameAs":["https:\/\/www.facebook.com\/abelacosmetics"]},{"@type":"Person","@id":"https:\/\/artigos.abelacosmetics.com\/#\/schema\/person\/675710be590edb47293978092f4e20f4","name":"admin","image":{"@type":"ImageObject","inLanguage":"es","@id":"https:\/\/artigos.abelacosmetics.com\/#\/schema\/person\/image\/","url":"https:\/\/secure.gravatar.com\/avatar\/ce9ccc2de538d30bcc33874c5a730e8e078e64fce402cb3cf0668a7439a0e654?s=96&d=mm&r=g","contentUrl":"https:\/\/secure.gravatar.com\/avatar\/ce9ccc2de538d30bcc33874c5a730e8e078e64fce402cb3cf0668a7439a0e654?s=96&d=mm&r=g","caption":"admin"},"sameAs":["http:\/\/localhost\/abela-cosmetic"],"url":"https:\/\/artigos.abelacosmetics.com\/es\/author\/admin\/"}]}},"_links":{"self":[{"href":"https:\/\/artigos.abelacosmetics.com\/es\/wp-json\/wp\/v2\/posts\/840","targetHints":{"allow":["GET"]}}],"collection":[{"href":"https:\/\/artigos.abelacosmetics.com\/es\/wp-json\/wp\/v2\/posts"}],"about":[{"href":"https:\/\/artigos.abelacosmetics.com\/es\/wp-json\/wp\/v2\/types\/post"}],"author":[{"embeddable":true,"href":"https:\/\/artigos.abelacosmetics.com\/es\/wp-json\/wp\/v2\/users\/1"}],"replies":[{"embeddable":true,"href":"https:\/\/artigos.abelacosmetics.com\/es\/wp-json\/wp\/v2\/comments?post=840"}],"version-history":[{"count":5,"href":"https:\/\/artigos.abelacosmetics.com\/es\/wp-json\/wp\/v2\/posts\/840\/revisions"}],"predecessor-version":[{"id":2262,"href":"https:\/\/artigos.abelacosmetics.com\/es\/wp-json\/wp\/v2\/posts\/840\/revisions\/2262"}],"wp:featuredmedia":[{"embeddable":true,"href":"https:\/\/artigos.abelacosmetics.com\/es\/wp-json\/wp\/v2\/media\/1204"}],"wp:attachment":[{"href":"https:\/\/artigos.abelacosmetics.com\/es\/wp-json\/wp\/v2\/media?parent=840"}],"wp:term":[{"taxonomy":"category","embeddable":true,"href":"https:\/\/artigos.abelacosmetics.com\/es\/wp-json\/wp\/v2\/categories?post=840"},{"taxonomy":"post_tag","embeddable":true,"href":"https:\/\/artigos.abelacosmetics.com\/es\/wp-json\/wp\/v2\/tags?post=840"}],"curies":[{"name":"wp","href":"https:\/\/api.w.org\/{rel}","templated":true}]}}