{"id":587,"date":"2022-01-03T12:23:25","date_gmt":"2022-01-03T15:23:25","guid":{"rendered":"http:\/\/localhost\/abela-cosmetic\/?p=587"},"modified":"2022-11-23T15:37:17","modified_gmt":"2022-11-23T18:37:17","slug":"relacao-da-saude-mental-com-os-cabelos-as-madeixas-na-pandemia-2","status":"publish","type":"post","link":"https:\/\/artigos.abelacosmetics.com\/es\/relacao-da-saude-mental-com-os-cabelos-as-madeixas-na-pandemia-2\/","title":{"rendered":"Rela\u00e7\u00e3o da sa\u00fade mental com os cabelos: as madeixas na pandemia"},"content":{"rendered":"<p>O surgimento da pandemia do novo coronav\u00edrus assolou o mundo e provocou altera\u00e7\u00f5es em diversos campos de nossas vidas.<\/p>\n<audio class=\"wp-audio-shortcode\" id=\"audio-587-1\" preload=\"none\" style=\"width: 100%;\" controls=\"controls\"><source type=\"audio\/mpeg\" src=\"https:\/\/artigos.abelacosmetics.com\/wp-content\/uploads\/2022\/01\/Relao-da-sade-mental-com-os-cabelos-1.mp3?_=1\" \/><a href=\"https:\/\/artigos.abelacosmetics.com\/wp-content\/uploads\/2022\/01\/Relao-da-sade-mental-com-os-cabelos-1.mp3\">https:\/\/artigos.abelacosmetics.com\/wp-content\/uploads\/2022\/01\/Relao-da-sade-mental-com-os-cabelos-1.mp3<\/a><\/audio>\n<p>&nbsp;<\/p>\n<p>Transformou a maneira como interagimos uns com os outros, com o nosso local de trabalho ou estudo e at\u00e9 o cuidado com n\u00f3s mesmos!<\/p>\n<p>Assim, muitas pessoas relataram o aumento do n\u00edvel de estresse, bem como sentimentos de medo, ansiedade e depress\u00e3o, j\u00e1 que vivemos um momento de muitas incertezas, interferindo diretamente na nossa sa\u00fade mental durante este per\u00edodo.<\/p>\n<p>Mas voc\u00ea sabia que existe rela\u00e7\u00e3o entre a sua sa\u00fade mental com os seus fios de cabelo? Continue lendo este artigo que a gente te explica!<\/p>\n<p><img loading=\"lazy\" decoding=\"async\" class=\"alignnone wp-image-1100\" src=\"https:\/\/artigos.abelacosmetics.com\/wp-content\/uploads\/2022\/01\/1-300x169.jpg\" alt=\"\" width=\"1145\" height=\"645\" srcset=\"https:\/\/artigos.abelacosmetics.com\/wp-content\/uploads\/2022\/01\/1-300x169.jpg 300w, https:\/\/artigos.abelacosmetics.com\/wp-content\/uploads\/2022\/01\/1-1024x576.jpg 1024w, https:\/\/artigos.abelacosmetics.com\/wp-content\/uploads\/2022\/01\/1-768x432.jpg 768w, https:\/\/artigos.abelacosmetics.com\/wp-content\/uploads\/2022\/01\/1-1536x864.jpg 1536w, https:\/\/artigos.abelacosmetics.com\/wp-content\/uploads\/2022\/01\/1-18x10.jpg 18w, https:\/\/artigos.abelacosmetics.com\/wp-content\/uploads\/2022\/01\/1.jpg 1920w\" sizes=\"auto, (max-width: 1145px) 100vw, 1145px\" \/><\/p>\n<h2><b>Rela\u00e7\u00e3o entre cabelos e sa\u00fade mental<\/b><\/h2>\n<p>O cabelo \u00e9 muito importante para aspectos como autoestima, moldura do rosto, sensualidade e at\u00e9 mesmo em algumas religi\u00f5es e culturas!<\/p>\n<p>Arrum\u00e1-los do seu jeito, com o corte predileto e a cor preferida contribuem para formar a sua personalidade \u00fanica!<\/p>\n<p>Nosso cabelo \u00e9 nutrido a partir de vitaminas, minerais, prote\u00ednas e \u00e1gua, al\u00e9m de ter interfer\u00eancia gen\u00e9tica, da produ\u00e7\u00e3o hormonal e da sa\u00fade mental!<\/p>\n<p>Portanto, crises com as madeixas t\u00e3o indispens\u00e1veis para alguns grupos, acabam por mexer com quest\u00f5es emocionais.<\/p>\n<p>Assim, os cuidados necess\u00e1rios aos fios v\u00e3o desde a utiliza\u00e7\u00e3o de bons produtos capilares fornecendo a hidrata\u00e7\u00e3o e nutri\u00e7\u00e3o necess\u00e1rias, \u00e0 boa alimenta\u00e7\u00e3o para oferta de nutrientes ao organismo e o cuidado \u00e0 sa\u00fade mental. Tudo isso, na tentativa de evitar crises emocionais recorrentes que podem prejudicar a sa\u00fade dos fios, como vamos te explicar a seguir!<\/p>\n<p><img loading=\"lazy\" decoding=\"async\" class=\"alignnone wp-image-1101\" src=\"https:\/\/artigos.abelacosmetics.com\/wp-content\/uploads\/2022\/01\/2-300x169.jpg\" alt=\"\" width=\"1179\" height=\"664\" srcset=\"https:\/\/artigos.abelacosmetics.com\/wp-content\/uploads\/2022\/01\/2-300x169.jpg 300w, https:\/\/artigos.abelacosmetics.com\/wp-content\/uploads\/2022\/01\/2-1024x576.jpg 1024w, https:\/\/artigos.abelacosmetics.com\/wp-content\/uploads\/2022\/01\/2-768x432.jpg 768w, https:\/\/artigos.abelacosmetics.com\/wp-content\/uploads\/2022\/01\/2-1536x864.jpg 1536w, https:\/\/artigos.abelacosmetics.com\/wp-content\/uploads\/2022\/01\/2-18x10.jpg 18w, https:\/\/artigos.abelacosmetics.com\/wp-content\/uploads\/2022\/01\/2.jpg 1920w\" sizes=\"auto, (max-width: 1179px) 100vw, 1179px\" \/><\/p>\n<p>&nbsp;<\/p>\n<h1><b>Qual a rela\u00e7\u00e3o entre a sa\u00fade mental e os nossos cabelos?<\/b><\/h1>\n<p>O nosso emocional tem o poder de impactar em muitos pontos, incluindo nas condi\u00e7\u00f5es f\u00edsicas, como pele, unhas e cabelos!<\/p>\n<p>Muitos s\u00e3o os fatores que podem prejudicar a sa\u00fade dos cabelos, mas com a chegada da pandemia, as queixas sobre fios fragilizados t\u00eam crescido ainda mais, juntamente com relatos de estresse e outras quest\u00f5es emocionais, como agita\u00e7\u00e3o, ansiedade e situa\u00e7\u00f5es traum\u00e1ticas, tendo influ\u00eancia direta com a sa\u00fade mental.<\/p>\n<p>A mudan\u00e7a brusca da rotina afetou a todos, onde cada pessoa precisou lidar com os acontecimentos atuais da sua maneira.<\/p>\n<p>Por\u00e9m a frequente preocupa\u00e7\u00e3o com a sa\u00fade de entes queridos, a sobrecarga de trabalho que aumentou drasticamente, bem como a necessidade de conciliar muitas atividades ao mesmo tempo (a exemplo das pessoas que est\u00e3o trabalhando em home office), como tarefas dom\u00e9sticas, emprego e aten\u00e7\u00e3o aos filhos, al\u00e9m da perda de pessoas pr\u00f3ximas, desemprego, entre outros.<\/p>\n<p>Ent\u00e3o, a pandemia trouxe \u00e0 tona v\u00e1rios problemas que provocam estresse e agita\u00e7\u00f5es recorrentes, o que faz elevar a produ\u00e7\u00e3o de subst\u00e2ncias inflamat\u00f3rias no nosso organismo e tamb\u00e9m de cortisol (horm\u00f4nio do estresse).<\/p>\n<p>Essas subst\u00e2ncias s\u00e3o respons\u00e1veis por diminuir a oxigena\u00e7\u00e3o dos vasos sangu\u00edneos presentes no couro cabeludo, tornando-o mais sens\u00edvel, com fios de cabelos fracos, quebradi\u00e7os e com queda de cabelo maior que o normal.<\/p>\n<p>Isso acontece porque o corpo entende que a produ\u00e7\u00e3o dessas subst\u00e2ncias \u00e9 um sinal de alerta e desvia as prote\u00ednas, vitaminas e minerais para outros locais. Visando assim, a sobreviv\u00eancia do organismo, o que acaba ocasionando a fragilidade das madeixas e at\u00e9 mesmo a queda de cabelos.<\/p>\n<p>Al\u00e9m disso, a correria do dia a dia favorece uma menor disponibilidade de tempo para cuidar dos fios, originando muitos problemas com as madeixas!<\/p>\n<h2><b>Problemas capilares mais comuns relacionados com a pandemia\u00a0<\/b><\/h2>\n<p>Dos problemas capilares normalmente relatados durante a pandemia est\u00e3o:<\/p>\n<ul>\n<li aria-level=\"1\">Queda de cabelo;<\/li>\n<li aria-level=\"1\">Ressecamento dos fios;<\/li>\n<li aria-level=\"1\">Pontas duplas;<\/li>\n<li aria-level=\"1\">Presen\u00e7a de caspas.<\/li>\n<\/ul>\n<p>Por isso, devido a todos esses fatores, nossos cabelos e sa\u00fade mental merecem uma aten\u00e7\u00e3o especial durante este momento!<\/p>\n<p><img loading=\"lazy\" decoding=\"async\" class=\"alignnone wp-image-1102\" src=\"https:\/\/artigos.abelacosmetics.com\/wp-content\/uploads\/2022\/01\/3-300x169.jpg\" alt=\"\" width=\"1201\" height=\"677\" srcset=\"https:\/\/artigos.abelacosmetics.com\/wp-content\/uploads\/2022\/01\/3-300x169.jpg 300w, https:\/\/artigos.abelacosmetics.com\/wp-content\/uploads\/2022\/01\/3-1024x576.jpg 1024w, https:\/\/artigos.abelacosmetics.com\/wp-content\/uploads\/2022\/01\/3-768x432.jpg 768w, https:\/\/artigos.abelacosmetics.com\/wp-content\/uploads\/2022\/01\/3-1536x864.jpg 1536w, https:\/\/artigos.abelacosmetics.com\/wp-content\/uploads\/2022\/01\/3-18x10.jpg 18w, https:\/\/artigos.abelacosmetics.com\/wp-content\/uploads\/2022\/01\/3.jpg 1920w\" sizes=\"auto, (max-width: 1201px) 100vw, 1201px\" \/><\/p>\n<h2><b>Como melhorar a sa\u00fade mental e dos fios<\/b><\/h2>\n<p>Quando existem problemas com os fios e com altera\u00e7\u00f5es da boa sa\u00fade mental, \u00e9 importante que fiquemos atentos(as) para tratar os dois j\u00e1 que possuem uma rela\u00e7\u00e3o, tanto com dist\u00farbios emocionais levando a cabelos mais fr\u00e1geis, quanto a import\u00e2ncia dos cabelos levando a uma poderosa autoestima e ado\u00e7\u00e3o do seu pr\u00f3prio estilo.<\/p>\n<p>O cuidado a sa\u00fade mental \u00e9 essencial, atrav\u00e9s do relaxamento e participa\u00e7\u00e3o de momentos de descontra\u00e7\u00e3o, como passeios ou assistir a filmes e s\u00e9ries e a realiza\u00e7\u00e3o de atividades que sejam do seu agrado!<\/p>\n<p>A ajuda de um especialista tamb\u00e9m pode ser bem-vinda para tentar amenizar qualquer que seja o problema.<\/p>\n<p>J\u00e1 visando a recupera\u00e7\u00e3o da sa\u00fade capilar, \u00e9 poss\u00edvel utilizar produtos que deixar\u00e3o as suas madeixas deslumbrantes, voltando a ser como eram antigamente ou at\u00e9 melhor!<\/p>\n<h3><img loading=\"lazy\" decoding=\"async\" class=\"alignnone wp-image-1103\" src=\"https:\/\/artigos.abelacosmetics.com\/wp-content\/uploads\/2022\/01\/4-300x169.jpg\" alt=\"\" width=\"1127\" height=\"635\" srcset=\"https:\/\/artigos.abelacosmetics.com\/wp-content\/uploads\/2022\/01\/4-300x169.jpg 300w, https:\/\/artigos.abelacosmetics.com\/wp-content\/uploads\/2022\/01\/4-1024x576.jpg 1024w, https:\/\/artigos.abelacosmetics.com\/wp-content\/uploads\/2022\/01\/4-768x432.jpg 768w, https:\/\/artigos.abelacosmetics.com\/wp-content\/uploads\/2022\/01\/4-1536x864.jpg 1536w, https:\/\/artigos.abelacosmetics.com\/wp-content\/uploads\/2022\/01\/4-18x10.jpg 18w, https:\/\/artigos.abelacosmetics.com\/wp-content\/uploads\/2022\/01\/4.jpg 1920w\" sizes=\"auto, (max-width: 1127px) 100vw, 1127px\" \/><\/h3>\n<h3><b>Productos\u00a0<em>Abela Cosmetics<\/em><\/b><\/h3>\n<p>A<a href=\"https:\/\/artigos.abelacosmetics.com\/es\/\">\u00a0<em>Abela Cosmetics<\/em><\/a>\u00a0\u00e9 uma marca que disp\u00f5e de muitos produtos de cuidado ao seu cabelo. Como itens de hidrata\u00e7\u00e3o, nutri\u00e7\u00e3o e reconstru\u00e7\u00e3o, que ofertam nutrientes essenciais para as madeixas, sendo veganos, livres de petrolatos, parafina, silicone, \u00f3leo mineral e parabenos!<\/p>\n<p>A Linha Hope, por exemplo, cont\u00e9m v\u00e1rios ativos naturais, como girassol, coco e cal\u00eandula, combina\u00e7\u00e3o que oferece for\u00e7a, hidrata\u00e7\u00e3o e nutri\u00e7\u00e3o aos fios!<\/p>\n<p>Tamb\u00e9m h\u00e1 a Linha\u00a0<em>Love Vegan<\/em>, de coco, cacau e caf\u00e9, contribuindo para a nutri\u00e7\u00e3o e prote\u00e7\u00e3o das madeixas!<\/p>\n<p>A Abela Cosmetics conta com diversos outros\u00a0<a href=\"https:\/\/artigos.abelacosmetics.com\/es\/showcase.php\/\">produtos<\/a>\u00a0espec\u00edficos para cada tipo de cabelo, e com um\u00a0<a href=\"https:\/\/artigos.abelacosmetics.com\/es\/blog.php\/\">blog<\/a>\u00a0que possui v\u00e1rias informa\u00e7\u00f5es sobre o tema!<\/p>","protected":false},"excerpt":{"rendered":"<p>O surgimento da pandemia do novo coronav\u00edrus assolou o mundo e provocou altera\u00e7\u00f5es em diversos campos de nossas vidas. &nbsp; Transformou a maneira como interagimos uns com os outros, com o nosso local de trabalho ou estudo e at\u00e9 o cuidado com n\u00f3s mesmos! Assim, muitas pessoas relataram o aumento do n\u00edvel de estresse, bem [&hellip;]<\/p>","protected":false},"author":1,"featured_media":822,"comment_status":"open","ping_status":"open","sticky":false,"template":"","format":"standard","meta":{"_acf_changed":false,"_mo_disable_npp":"","inline_featured_image":false,"footnotes":""},"categories":[31],"tags":[],"class_list":["post-587","post","type-post","status-publish","format-standard","has-post-thumbnail","hentry","category-autocuidado"],"acf":[],"yoast_head":"<!-- This site is optimized with the Yoast SEO Premium plugin v19.2.1 (Yoast SEO v26.9) - https:\/\/yoast.com\/product\/yoast-seo-premium-wordpress\/ -->\n<title>Rela\u00e7\u00e3o da sa\u00fade mental com os cabelos: as madeixas na pandemia - Abela Cosmetics<\/title>\n<meta name=\"description\" content=\"Entenda qual a rela\u00e7\u00e3o entre seus cabelos e sua sa\u00fade mental. Saiba como manter seus cabelos e sua mente saud\u00e1veis\" \/>\n<meta name=\"robots\" content=\"index, follow, max-snippet:-1, max-image-preview:large, max-video-preview:-1\" \/>\n<link rel=\"canonical\" href=\"https:\/\/artigos.abelacosmetics.com\/es\/relacao-da-saude-mental-com-os-cabelos-as-madeixas-na-pandemia-2\/\" \/>\n<meta property=\"og:locale\" content=\"es_ES\" \/>\n<meta property=\"og:type\" content=\"article\" \/>\n<meta property=\"og:title\" content=\"Rela\u00e7\u00e3o da sa\u00fade mental com os cabelos: as madeixas na pandemia\" \/>\n<meta property=\"og:description\" content=\"Entenda qual a rela\u00e7\u00e3o entre seus cabelos e sua sa\u00fade mental. Saiba como manter seus cabelos e sua mente saud\u00e1veis\" \/>\n<meta property=\"og:url\" content=\"https:\/\/artigos.abelacosmetics.com\/es\/relacao-da-saude-mental-com-os-cabelos-as-madeixas-na-pandemia-2\/\" \/>\n<meta property=\"og:site_name\" content=\"Abela Cosmetics\" \/>\n<meta property=\"article:publisher\" content=\"https:\/\/www.facebook.com\/abelacosmetics\" \/>\n<meta property=\"article:published_time\" content=\"2022-01-03T15:23:25+00:00\" \/>\n<meta property=\"article:modified_time\" content=\"2022-11-23T18:37:17+00:00\" \/>\n<meta property=\"og:image\" content=\"https:\/\/artigos.abelacosmetics.com\/wp-content\/uploads\/2022\/06\/saude-mental-cabelos.jpg\" \/>\n\t<meta property=\"og:image:width\" content=\"850\" \/>\n\t<meta property=\"og:image:height\" content=\"430\" \/>\n\t<meta property=\"og:image:type\" content=\"image\/jpeg\" \/>\n<meta name=\"author\" content=\"admin\" \/>\n<meta name=\"twitter:card\" content=\"summary_large_image\" \/>\n<meta name=\"twitter:label1\" content=\"Escrito por\" \/>\n\t<meta name=\"twitter:data1\" content=\"admin\" \/>\n\t<meta name=\"twitter:label2\" content=\"Tiempo de lectura\" \/>\n\t<meta name=\"twitter:data2\" content=\"6 minutos\" \/>\n<script type=\"application\/ld+json\" class=\"yoast-schema-graph\">{\"@context\":\"https:\/\/schema.org\",\"@graph\":[{\"@type\":\"Article\",\"@id\":\"https:\/\/artigos.abelacosmetics.com\/relacao-da-saude-mental-com-os-cabelos-as-madeixas-na-pandemia-2\/#article\",\"isPartOf\":{\"@id\":\"https:\/\/artigos.abelacosmetics.com\/relacao-da-saude-mental-com-os-cabelos-as-madeixas-na-pandemia-2\/\"},\"author\":{\"name\":\"admin\",\"@id\":\"https:\/\/artigos.abelacosmetics.com\/#\/schema\/person\/675710be590edb47293978092f4e20f4\"},\"headline\":\"Rela\u00e7\u00e3o da sa\u00fade mental com os cabelos: as madeixas na pandemia\",\"datePublished\":\"2022-01-03T15:23:25+00:00\",\"dateModified\":\"2022-11-23T18:37:17+00:00\",\"mainEntityOfPage\":{\"@id\":\"https:\/\/artigos.abelacosmetics.com\/relacao-da-saude-mental-com-os-cabelos-as-madeixas-na-pandemia-2\/\"},\"wordCount\":964,\"commentCount\":0,\"publisher\":{\"@id\":\"https:\/\/artigos.abelacosmetics.com\/#organization\"},\"image\":{\"@id\":\"https:\/\/artigos.abelacosmetics.com\/relacao-da-saude-mental-com-os-cabelos-as-madeixas-na-pandemia-2\/#primaryimage\"},\"thumbnailUrl\":\"https:\/\/artigos.abelacosmetics.com\/wp-content\/uploads\/2022\/06\/saude-mental-cabelos.jpg\",\"articleSection\":[\"Autocuidado\"],\"inLanguage\":\"es\",\"potentialAction\":[{\"@type\":\"CommentAction\",\"name\":\"Comment\",\"target\":[\"https:\/\/artigos.abelacosmetics.com\/relacao-da-saude-mental-com-os-cabelos-as-madeixas-na-pandemia-2\/#respond\"]}]},{\"@type\":\"WebPage\",\"@id\":\"https:\/\/artigos.abelacosmetics.com\/relacao-da-saude-mental-com-os-cabelos-as-madeixas-na-pandemia-2\/\",\"url\":\"https:\/\/artigos.abelacosmetics.com\/relacao-da-saude-mental-com-os-cabelos-as-madeixas-na-pandemia-2\/\",\"name\":\"Rela\u00e7\u00e3o da sa\u00fade mental com os cabelos: as madeixas na pandemia - Abela Cosmetics\",\"isPartOf\":{\"@id\":\"https:\/\/artigos.abelacosmetics.com\/#website\"},\"primaryImageOfPage\":{\"@id\":\"https:\/\/artigos.abelacosmetics.com\/relacao-da-saude-mental-com-os-cabelos-as-madeixas-na-pandemia-2\/#primaryimage\"},\"image\":{\"@id\":\"https:\/\/artigos.abelacosmetics.com\/relacao-da-saude-mental-com-os-cabelos-as-madeixas-na-pandemia-2\/#primaryimage\"},\"thumbnailUrl\":\"https:\/\/artigos.abelacosmetics.com\/wp-content\/uploads\/2022\/06\/saude-mental-cabelos.jpg\",\"datePublished\":\"2022-01-03T15:23:25+00:00\",\"dateModified\":\"2022-11-23T18:37:17+00:00\",\"description\":\"Entenda qual a rela\u00e7\u00e3o entre seus cabelos e sua sa\u00fade mental. Saiba como manter seus cabelos e sua mente saud\u00e1veis\",\"breadcrumb\":{\"@id\":\"https:\/\/artigos.abelacosmetics.com\/relacao-da-saude-mental-com-os-cabelos-as-madeixas-na-pandemia-2\/#breadcrumb\"},\"inLanguage\":\"es\",\"potentialAction\":[{\"@type\":\"ReadAction\",\"target\":[\"https:\/\/artigos.abelacosmetics.com\/relacao-da-saude-mental-com-os-cabelos-as-madeixas-na-pandemia-2\/\"]}]},{\"@type\":\"ImageObject\",\"inLanguage\":\"es\",\"@id\":\"https:\/\/artigos.abelacosmetics.com\/relacao-da-saude-mental-com-os-cabelos-as-madeixas-na-pandemia-2\/#primaryimage\",\"url\":\"https:\/\/artigos.abelacosmetics.com\/wp-content\/uploads\/2022\/06\/saude-mental-cabelos.jpg\",\"contentUrl\":\"https:\/\/artigos.abelacosmetics.com\/wp-content\/uploads\/2022\/06\/saude-mental-cabelos.jpg\",\"width\":850,\"height\":430},{\"@type\":\"BreadcrumbList\",\"@id\":\"https:\/\/artigos.abelacosmetics.com\/relacao-da-saude-mental-com-os-cabelos-as-madeixas-na-pandemia-2\/#breadcrumb\",\"itemListElement\":[{\"@type\":\"ListItem\",\"position\":1,\"name\":\"In\u00edcio\",\"item\":\"https:\/\/artigos.abelacosmetics.com\/\"},{\"@type\":\"ListItem\",\"position\":2,\"name\":\"Rela\u00e7\u00e3o da sa\u00fade mental com os cabelos: as madeixas na pandemia\"}]},{\"@type\":\"WebSite\",\"@id\":\"https:\/\/artigos.abelacosmetics.com\/#website\",\"url\":\"https:\/\/artigos.abelacosmetics.com\/\",\"name\":\"Abela Cosmetics\",\"description\":\"Cuidados para Cabelos \u00danicos\",\"publisher\":{\"@id\":\"https:\/\/artigos.abelacosmetics.com\/#organization\"},\"potentialAction\":[{\"@type\":\"SearchAction\",\"target\":{\"@type\":\"EntryPoint\",\"urlTemplate\":\"https:\/\/artigos.abelacosmetics.com\/?s={search_term_string}\"},\"query-input\":{\"@type\":\"PropertyValueSpecification\",\"valueRequired\":true,\"valueName\":\"search_term_string\"}}],\"inLanguage\":\"es\"},{\"@type\":\"Organization\",\"@id\":\"https:\/\/artigos.abelacosmetics.com\/#organization\",\"name\":\"Abela Cosmetics\",\"url\":\"https:\/\/artigos.abelacosmetics.com\/\",\"logo\":{\"@type\":\"ImageObject\",\"inLanguage\":\"es\",\"@id\":\"https:\/\/artigos.abelacosmetics.com\/#\/schema\/logo\/image\/\",\"url\":\"https:\/\/artigos.abelacosmetics.com\/wp-content\/uploads\/2023\/02\/logo-abela.png\",\"contentUrl\":\"https:\/\/artigos.abelacosmetics.com\/wp-content\/uploads\/2023\/02\/logo-abela.png\",\"width\":183,\"height\":90,\"caption\":\"Abela Cosmetics\"},\"image\":{\"@id\":\"https:\/\/artigos.abelacosmetics.com\/#\/schema\/logo\/image\/\"},\"sameAs\":[\"https:\/\/www.facebook.com\/abelacosmetics\"]},{\"@type\":\"Person\",\"@id\":\"https:\/\/artigos.abelacosmetics.com\/#\/schema\/person\/675710be590edb47293978092f4e20f4\",\"name\":\"admin\",\"image\":{\"@type\":\"ImageObject\",\"inLanguage\":\"es\",\"@id\":\"https:\/\/artigos.abelacosmetics.com\/#\/schema\/person\/image\/\",\"url\":\"https:\/\/secure.gravatar.com\/avatar\/ce9ccc2de538d30bcc33874c5a730e8e078e64fce402cb3cf0668a7439a0e654?s=96&d=mm&r=g\",\"contentUrl\":\"https:\/\/secure.gravatar.com\/avatar\/ce9ccc2de538d30bcc33874c5a730e8e078e64fce402cb3cf0668a7439a0e654?s=96&d=mm&r=g\",\"caption\":\"admin\"},\"sameAs\":[\"http:\/\/localhost\/abela-cosmetic\"],\"url\":\"https:\/\/artigos.abelacosmetics.com\/es\/author\/admin\/\"}]}<\/script>\n<!-- \/ Yoast SEO Premium plugin. -->","yoast_head_json":{"title":"Rela\u00e7\u00e3o da sa\u00fade mental com os cabelos: as madeixas na pandemia - Abela Cosmetics","description":"Entenda qual a rela\u00e7\u00e3o entre seus cabelos e sua sa\u00fade mental. Saiba como manter seus cabelos e sua mente saud\u00e1veis","robots":{"index":"index","follow":"follow","max-snippet":"max-snippet:-1","max-image-preview":"max-image-preview:large","max-video-preview":"max-video-preview:-1"},"canonical":"https:\/\/artigos.abelacosmetics.com\/es\/relacao-da-saude-mental-com-os-cabelos-as-madeixas-na-pandemia-2\/","og_locale":"es_ES","og_type":"article","og_title":"Rela\u00e7\u00e3o da sa\u00fade mental com os cabelos: as madeixas na pandemia","og_description":"Entenda qual a rela\u00e7\u00e3o entre seus cabelos e sua sa\u00fade mental. Saiba como manter seus cabelos e sua mente saud\u00e1veis","og_url":"https:\/\/artigos.abelacosmetics.com\/es\/relacao-da-saude-mental-com-os-cabelos-as-madeixas-na-pandemia-2\/","og_site_name":"Abela Cosmetics","article_publisher":"https:\/\/www.facebook.com\/abelacosmetics","article_published_time":"2022-01-03T15:23:25+00:00","article_modified_time":"2022-11-23T18:37:17+00:00","og_image":[{"width":850,"height":430,"url":"https:\/\/artigos.abelacosmetics.com\/wp-content\/uploads\/2022\/06\/saude-mental-cabelos.jpg","type":"image\/jpeg"}],"author":"admin","twitter_card":"summary_large_image","twitter_misc":{"Escrito por":"admin","Tiempo de lectura":"6 minutos"},"schema":{"@context":"https:\/\/schema.org","@graph":[{"@type":"Article","@id":"https:\/\/artigos.abelacosmetics.com\/relacao-da-saude-mental-com-os-cabelos-as-madeixas-na-pandemia-2\/#article","isPartOf":{"@id":"https:\/\/artigos.abelacosmetics.com\/relacao-da-saude-mental-com-os-cabelos-as-madeixas-na-pandemia-2\/"},"author":{"name":"admin","@id":"https:\/\/artigos.abelacosmetics.com\/#\/schema\/person\/675710be590edb47293978092f4e20f4"},"headline":"Rela\u00e7\u00e3o da sa\u00fade mental com os cabelos: as madeixas na pandemia","datePublished":"2022-01-03T15:23:25+00:00","dateModified":"2022-11-23T18:37:17+00:00","mainEntityOfPage":{"@id":"https:\/\/artigos.abelacosmetics.com\/relacao-da-saude-mental-com-os-cabelos-as-madeixas-na-pandemia-2\/"},"wordCount":964,"commentCount":0,"publisher":{"@id":"https:\/\/artigos.abelacosmetics.com\/#organization"},"image":{"@id":"https:\/\/artigos.abelacosmetics.com\/relacao-da-saude-mental-com-os-cabelos-as-madeixas-na-pandemia-2\/#primaryimage"},"thumbnailUrl":"https:\/\/artigos.abelacosmetics.com\/wp-content\/uploads\/2022\/06\/saude-mental-cabelos.jpg","articleSection":["Autocuidado"],"inLanguage":"es","potentialAction":[{"@type":"CommentAction","name":"Comment","target":["https:\/\/artigos.abelacosmetics.com\/relacao-da-saude-mental-com-os-cabelos-as-madeixas-na-pandemia-2\/#respond"]}]},{"@type":"WebPage","@id":"https:\/\/artigos.abelacosmetics.com\/relacao-da-saude-mental-com-os-cabelos-as-madeixas-na-pandemia-2\/","url":"https:\/\/artigos.abelacosmetics.com\/relacao-da-saude-mental-com-os-cabelos-as-madeixas-na-pandemia-2\/","name":"Rela\u00e7\u00e3o da sa\u00fade mental com os cabelos: as madeixas na pandemia - Abela Cosmetics","isPartOf":{"@id":"https:\/\/artigos.abelacosmetics.com\/#website"},"primaryImageOfPage":{"@id":"https:\/\/artigos.abelacosmetics.com\/relacao-da-saude-mental-com-os-cabelos-as-madeixas-na-pandemia-2\/#primaryimage"},"image":{"@id":"https:\/\/artigos.abelacosmetics.com\/relacao-da-saude-mental-com-os-cabelos-as-madeixas-na-pandemia-2\/#primaryimage"},"thumbnailUrl":"https:\/\/artigos.abelacosmetics.com\/wp-content\/uploads\/2022\/06\/saude-mental-cabelos.jpg","datePublished":"2022-01-03T15:23:25+00:00","dateModified":"2022-11-23T18:37:17+00:00","description":"Entenda qual a rela\u00e7\u00e3o entre seus cabelos e sua sa\u00fade mental. Saiba como manter seus cabelos e sua mente saud\u00e1veis","breadcrumb":{"@id":"https:\/\/artigos.abelacosmetics.com\/relacao-da-saude-mental-com-os-cabelos-as-madeixas-na-pandemia-2\/#breadcrumb"},"inLanguage":"es","potentialAction":[{"@type":"ReadAction","target":["https:\/\/artigos.abelacosmetics.com\/relacao-da-saude-mental-com-os-cabelos-as-madeixas-na-pandemia-2\/"]}]},{"@type":"ImageObject","inLanguage":"es","@id":"https:\/\/artigos.abelacosmetics.com\/relacao-da-saude-mental-com-os-cabelos-as-madeixas-na-pandemia-2\/#primaryimage","url":"https:\/\/artigos.abelacosmetics.com\/wp-content\/uploads\/2022\/06\/saude-mental-cabelos.jpg","contentUrl":"https:\/\/artigos.abelacosmetics.com\/wp-content\/uploads\/2022\/06\/saude-mental-cabelos.jpg","width":850,"height":430},{"@type":"BreadcrumbList","@id":"https:\/\/artigos.abelacosmetics.com\/relacao-da-saude-mental-com-os-cabelos-as-madeixas-na-pandemia-2\/#breadcrumb","itemListElement":[{"@type":"ListItem","position":1,"name":"In\u00edcio","item":"https:\/\/artigos.abelacosmetics.com\/"},{"@type":"ListItem","position":2,"name":"Rela\u00e7\u00e3o da sa\u00fade mental com os cabelos: as madeixas na pandemia"}]},{"@type":"WebSite","@id":"https:\/\/artigos.abelacosmetics.com\/#website","url":"https:\/\/artigos.abelacosmetics.com\/","name":"Abela Cosmetics","description":"Cuidados para Cabelos \u00danicos","publisher":{"@id":"https:\/\/artigos.abelacosmetics.com\/#organization"},"potentialAction":[{"@type":"SearchAction","target":{"@type":"EntryPoint","urlTemplate":"https:\/\/artigos.abelacosmetics.com\/?s={search_term_string}"},"query-input":{"@type":"PropertyValueSpecification","valueRequired":true,"valueName":"search_term_string"}}],"inLanguage":"es"},{"@type":"Organization","@id":"https:\/\/artigos.abelacosmetics.com\/#organization","name":"Abela Cosmetics","url":"https:\/\/artigos.abelacosmetics.com\/","logo":{"@type":"ImageObject","inLanguage":"es","@id":"https:\/\/artigos.abelacosmetics.com\/#\/schema\/logo\/image\/","url":"https:\/\/artigos.abelacosmetics.com\/wp-content\/uploads\/2023\/02\/logo-abela.png","contentUrl":"https:\/\/artigos.abelacosmetics.com\/wp-content\/uploads\/2023\/02\/logo-abela.png","width":183,"height":90,"caption":"Abela Cosmetics"},"image":{"@id":"https:\/\/artigos.abelacosmetics.com\/#\/schema\/logo\/image\/"},"sameAs":["https:\/\/www.facebook.com\/abelacosmetics"]},{"@type":"Person","@id":"https:\/\/artigos.abelacosmetics.com\/#\/schema\/person\/675710be590edb47293978092f4e20f4","name":"admin","image":{"@type":"ImageObject","inLanguage":"es","@id":"https:\/\/artigos.abelacosmetics.com\/#\/schema\/person\/image\/","url":"https:\/\/secure.gravatar.com\/avatar\/ce9ccc2de538d30bcc33874c5a730e8e078e64fce402cb3cf0668a7439a0e654?s=96&d=mm&r=g","contentUrl":"https:\/\/secure.gravatar.com\/avatar\/ce9ccc2de538d30bcc33874c5a730e8e078e64fce402cb3cf0668a7439a0e654?s=96&d=mm&r=g","caption":"admin"},"sameAs":["http:\/\/localhost\/abela-cosmetic"],"url":"https:\/\/artigos.abelacosmetics.com\/es\/author\/admin\/"}]}},"_links":{"self":[{"href":"https:\/\/artigos.abelacosmetics.com\/es\/wp-json\/wp\/v2\/posts\/587","targetHints":{"allow":["GET"]}}],"collection":[{"href":"https:\/\/artigos.abelacosmetics.com\/es\/wp-json\/wp\/v2\/posts"}],"about":[{"href":"https:\/\/artigos.abelacosmetics.com\/es\/wp-json\/wp\/v2\/types\/post"}],"author":[{"embeddable":true,"href":"https:\/\/artigos.abelacosmetics.com\/es\/wp-json\/wp\/v2\/users\/1"}],"replies":[{"embeddable":true,"href":"https:\/\/artigos.abelacosmetics.com\/es\/wp-json\/wp\/v2\/comments?post=587"}],"version-history":[{"count":12,"href":"https:\/\/artigos.abelacosmetics.com\/es\/wp-json\/wp\/v2\/posts\/587\/revisions"}],"predecessor-version":[{"id":628,"href":"https:\/\/artigos.abelacosmetics.com\/es\/wp-json\/wp\/v2\/posts\/587\/revisions\/628"}],"wp:featuredmedia":[{"embeddable":true,"href":"https:\/\/artigos.abelacosmetics.com\/es\/wp-json\/wp\/v2\/media\/822"}],"wp:attachment":[{"href":"https:\/\/artigos.abelacosmetics.com\/es\/wp-json\/wp\/v2\/media?parent=587"}],"wp:term":[{"taxonomy":"category","embeddable":true,"href":"https:\/\/artigos.abelacosmetics.com\/es\/wp-json\/wp\/v2\/categories?post=587"},{"taxonomy":"post_tag","embeddable":true,"href":"https:\/\/artigos.abelacosmetics.com\/es\/wp-json\/wp\/v2\/tags?post=587"}],"curies":[{"name":"wp","href":"https:\/\/api.w.org\/{rel}","templated":true}]}}