{"id":2851,"date":"2023-07-14T14:30:30","date_gmt":"2023-07-14T17:30:30","guid":{"rendered":"https:\/\/artigos.abelacosmetics.com\/?p=2851"},"modified":"2023-07-14T14:30:30","modified_gmt":"2023-07-14T17:30:30","slug":"como-aliviar-a-colica-de-um-jeito-natural","status":"publish","type":"post","link":"https:\/\/artigos.abelacosmetics.com\/es\/como-aliviar-a-colica-de-um-jeito-natural\/","title":{"rendered":"Como aliviar a c\u00f3lica de um jeito natural?"},"content":{"rendered":"<p>&nbsp;<\/p>\n<p>&nbsp;<\/p>\n<p>Al\u00e9m das oscila\u00e7\u00f5es de humor, irrita\u00e7\u00e3o e outros desconfortos da TPM, muitas mulheres tamb\u00e9m enfrentam c\u00f3licas menstruais intensas. Por isso, muitas buscas formas de <strong>como aliviar a c\u00f3lica <\/strong>de um jeito natural.<\/p>\n<p>&nbsp;<\/p>\n<audio class=\"wp-audio-shortcode\" id=\"audio-2851-1\" preload=\"none\" style=\"width: 100%;\" controls=\"controls\"><source type=\"audio\/mpeg\" src=\"https:\/\/artigos.abelacosmetics.com\/wp-content\/uploads\/2023\/07\/aliviaraclica.mp3?_=1\" \/><a href=\"https:\/\/artigos.abelacosmetics.com\/wp-content\/uploads\/2023\/07\/aliviaraclica.mp3\">https:\/\/artigos.abelacosmetics.com\/wp-content\/uploads\/2023\/07\/aliviaraclica.mp3<\/a><\/audio>\n<p>&nbsp;<\/p>\n<p>Ent\u00e3o, apesar da disponibilidade de medicamentos espec\u00edficos que prometem aliviar as c\u00f3licas menstruais, como analg\u00e9sicos e anti-inflamat\u00f3rios, h\u00e1 quem prefira m\u00e9todos naturais e caseiros.<\/p>\n<p>Logo, se este \u00e9 o seu caso, veja abaixo algumas maneiras de como aliviar a c\u00f3lica sem recorrer \u00e0 farm\u00e1cia!<\/p>\n<p>&nbsp;<\/p>\n<p><img loading=\"lazy\" decoding=\"async\" class=\"alignnone wp-image-2854\" src=\"https:\/\/artigos.abelacosmetics.com\/wp-content\/uploads\/2023\/07\/aliviar-colica.jpg\" alt=\"aliviar a c\u00f3lica\" width=\"528\" height=\"352\" srcset=\"https:\/\/artigos.abelacosmetics.com\/wp-content\/uploads\/2023\/07\/aliviar-colica.jpg 1304w, https:\/\/artigos.abelacosmetics.com\/wp-content\/uploads\/2023\/07\/aliviar-colica-300x200.jpg 300w, https:\/\/artigos.abelacosmetics.com\/wp-content\/uploads\/2023\/07\/aliviar-colica-1024x683.jpg 1024w, https:\/\/artigos.abelacosmetics.com\/wp-content\/uploads\/2023\/07\/aliviar-colica-768x512.jpg 768w, https:\/\/artigos.abelacosmetics.com\/wp-content\/uploads\/2023\/07\/aliviar-colica-18x12.jpg 18w\" sizes=\"auto, (max-width: 528px) 100vw, 528px\" \/><\/p>\n<p>&nbsp;<\/p>\n<h2>Compressa de \u00e1gua morna<\/h2>\n<p>A compressa de \u00e1gua morna \u00e9 uma t\u00e9cnica bem antiga, mas que funciona. Isso porque, ela auxilia no relaxamento dos m\u00fasculos abdominais e traz al\u00edvio das dores da c\u00f3lica.<\/p>\n<p>Ent\u00e3o, para realiz\u00e1-la \u00e9 simples: basta aplicar uma bolsa de \u00e1gua morna ou compressas mornas na regi\u00e3o abdominal, no local das c\u00f3licas, e deixar agir por 10 a 15 minutos.<\/p>\n<p>Caso a temperatura da bolsa esteja muito alta, \u00e9 importante permitir que esfrie um pouco, al\u00e9m de proteger a pele do contato direto com a bolsa. Para isso, pode-se utilizar um pano, criando uma barreira entre a pele e a bolsa t\u00e9rmica.<\/p>\n<h2>Como aliviar a c\u00f3lica? Massagem com \u00f3leo essencial<\/h2>\n<p>Que tal aproveitar esses dias como uma oportunidade para se presentear com uma massagem relaxante?<\/p>\n<p>Ent\u00e3o, uma massagem suave no abd\u00f4men, nas laterais do corpo e nas costas pode ser o suficiente para aliviar a tens\u00e3o causada pelas contra\u00e7\u00f5es uterinas.<\/p>\n<p>Isso porque, durante esse per\u00edodo o corpo fica mais sens\u00edvel e alguns toques em \u00e1reas estrat\u00e9gicas podem fazer maravilhas contra as c\u00f3licas menstruais.<\/p>\n<p>Inclusive, a ci\u00eancia confirma isso: uma revis\u00e3o de estudos realizada em 2021 com mais de 1600 mulheres que sofriam de dores menstruais descobriu que as massagens podem ser eficazes na redu\u00e7\u00e3o da dor, especialmente quando combinadas com aromaterapia utilizando \u00f3leos essenciais.<\/p>\n<p>Portanto, se voc\u00ea busca um m\u00e9todo de como aliviar a c\u00f3lica de um jeito natural, aposte na massagem com \u00f3leo essencial.<\/p>\n<p>Dentre os mais eficazes para o al\u00edvio das dores est\u00e3o:<\/p>\n<ul>\n<li>Lavanda;<\/li>\n<li>S\u00e1lvia;<\/li>\n<li>Rosas;<\/li>\n<li>Gengibre.<\/li>\n<\/ul>\n<h2>Beba bastante \u00e1gua<\/h2>\n<p>Ao aumentar a ingest\u00e3o de l\u00edquidos, voc\u00ea estar\u00e1 potencializando o efeito diur\u00e9tico em seu organismo.<\/p>\n<p>Ent\u00e3o, isso significa que voc\u00ea ir\u00e1 urinar mais frequentemente, ajudando a aliviar o incha\u00e7o desconfort\u00e1vel e eliminando a prostaglandina, que \u00e9 respons\u00e1vel pelas c\u00f3licas menstruais, de forma mais r\u00e1pida.<\/p>\n<p>\u00c9 ainda mais ben\u00e9fico se voc\u00ea aumentar sua ingest\u00e3o de l\u00edquidos atrav\u00e9s de \u00e1gua quente ou morna, como em ch\u00e1s, pois isso ajuda a aumentar o fluxo sangu\u00edneo e relaxar os m\u00fasculos.<\/p>\n<p>Al\u00e9m disso, consumir alimentos que naturalmente possuem alto teor de \u00e1gua vai ajudar nesse processo de como aliviar a c\u00f3lica de um jeito natural, como:<\/p>\n<ul>\n<li>Melancia;<\/li>\n<li>Alface;<\/li>\n<li>Morango.<\/li>\n<\/ul>\n<h2>Como aliviar a c\u00f3lica? Fa\u00e7a exerc\u00edcios f\u00edsicos<\/h2>\n<p>Embora possa n\u00e3o parecer a op\u00e7\u00e3o mais atraente, fazer exerc\u00edcios durante a menstrua\u00e7\u00e3o pode trazer benef\u00edcios surpreendentes.<\/p>\n<p>Mesmo que seja apenas uma atividade leve, o movimento estimula a libera\u00e7\u00e3o de endorfinas, que s\u00e3o analg\u00e9sicos naturais do corpo.<\/p>\n<p>Portanto, \u00e9 v\u00e1lido realizar uma caminhada leve, praticar uma sess\u00e3o suave de yoga ou qualquer outra atividade de baixo impacto.<\/p>\n<p>Gostou das dicas de como aliviar a c\u00f3lica de um jeito natural? No mais, vale dizer que \u00e9 importante tamb\u00e9m se atentar a dor. Se ela for constante, aumentando e diminuindo durante o ciclo menstrual, \u00e9 importante buscar o seu ginecologista de confian\u00e7a.<\/p>\n<p>&nbsp;<\/p>","protected":false},"excerpt":{"rendered":"<p>&nbsp; &nbsp; Al\u00e9m das oscila\u00e7\u00f5es de humor, irrita\u00e7\u00e3o e outros desconfortos da TPM, muitas mulheres tamb\u00e9m enfrentam c\u00f3licas menstruais intensas. Por isso, muitas buscas formas de como aliviar a c\u00f3lica de um jeito natural. &nbsp; &nbsp; Ent\u00e3o, apesar da disponibilidade de medicamentos espec\u00edficos que prometem aliviar as c\u00f3licas menstruais, como analg\u00e9sicos e anti-inflamat\u00f3rios, h\u00e1 quem [&hellip;]<\/p>","protected":false},"author":139,"featured_media":2854,"comment_status":"open","ping_status":"open","sticky":false,"template":"","format":"standard","meta":{"_acf_changed":false,"_mo_disable_npp":"","inline_featured_image":false,"footnotes":""},"categories":[31],"tags":[],"class_list":["post-2851","post","type-post","status-publish","format-standard","has-post-thumbnail","hentry","category-autocuidado"],"acf":[],"yoast_head":"<!-- This site is optimized with the Yoast SEO Premium plugin v19.2.1 (Yoast SEO v26.9) - https:\/\/yoast.com\/product\/yoast-seo-premium-wordpress\/ -->\n<title>Como aliviar a c\u00f3lica de um jeito natural? - Abela Cosmetics<\/title>\n<meta name=\"description\" content=\"Muitas mulheres buscas formas de como aliviar a c\u00f3lica de um jeito natural. Veja aqui algumas maneiras sem recorrer \u00e0 farm\u00e1cia!\" \/>\n<meta name=\"robots\" content=\"index, follow, max-snippet:-1, max-image-preview:large, max-video-preview:-1\" \/>\n<link rel=\"canonical\" href=\"https:\/\/artigos.abelacosmetics.com\/es\/como-aliviar-a-colica-de-um-jeito-natural\/\" \/>\n<meta property=\"og:locale\" content=\"es_ES\" \/>\n<meta property=\"og:type\" content=\"article\" \/>\n<meta property=\"og:title\" content=\"Como aliviar a c\u00f3lica de um jeito natural?\" \/>\n<meta property=\"og:description\" content=\"Muitas mulheres buscas formas de como aliviar a c\u00f3lica de um jeito natural. Veja aqui algumas maneiras sem recorrer \u00e0 farm\u00e1cia!\" \/>\n<meta property=\"og:url\" content=\"https:\/\/artigos.abelacosmetics.com\/es\/como-aliviar-a-colica-de-um-jeito-natural\/\" \/>\n<meta property=\"og:site_name\" content=\"Abela Cosmetics\" \/>\n<meta property=\"article:publisher\" content=\"https:\/\/www.facebook.com\/abelacosmetics\" \/>\n<meta property=\"article:published_time\" content=\"2023-07-14T17:30:30+00:00\" \/>\n<meta property=\"og:image\" content=\"https:\/\/artigos.abelacosmetics.com\/wp-content\/uploads\/2023\/07\/aliviar-colica.jpg\" \/>\n\t<meta property=\"og:image:width\" content=\"1304\" \/>\n\t<meta property=\"og:image:height\" content=\"870\" \/>\n\t<meta property=\"og:image:type\" content=\"image\/jpeg\" \/>\n<meta name=\"author\" content=\"Abela Cosmetics\" \/>\n<meta name=\"twitter:card\" content=\"summary_large_image\" \/>\n<meta name=\"twitter:label1\" content=\"Escrito por\" \/>\n\t<meta name=\"twitter:data1\" content=\"Abela Cosmetics\" \/>\n\t<meta name=\"twitter:label2\" content=\"Tiempo de lectura\" \/>\n\t<meta name=\"twitter:data2\" content=\"4 minutos\" \/>\n<script type=\"application\/ld+json\" class=\"yoast-schema-graph\">{\"@context\":\"https:\/\/schema.org\",\"@graph\":[{\"@type\":\"Article\",\"@id\":\"https:\/\/artigos.abelacosmetics.com\/como-aliviar-a-colica-de-um-jeito-natural\/#article\",\"isPartOf\":{\"@id\":\"https:\/\/artigos.abelacosmetics.com\/como-aliviar-a-colica-de-um-jeito-natural\/\"},\"author\":{\"name\":\"Abela Cosmetics\",\"@id\":\"https:\/\/artigos.abelacosmetics.com\/#\/schema\/person\/edfb62cbd90939d461c4a8c40789d71d\"},\"headline\":\"Como aliviar a c\u00f3lica de um jeito natural?\",\"datePublished\":\"2023-07-14T17:30:30+00:00\",\"mainEntityOfPage\":{\"@id\":\"https:\/\/artigos.abelacosmetics.com\/como-aliviar-a-colica-de-um-jeito-natural\/\"},\"wordCount\":631,\"commentCount\":0,\"publisher\":{\"@id\":\"https:\/\/artigos.abelacosmetics.com\/#organization\"},\"image\":{\"@id\":\"https:\/\/artigos.abelacosmetics.com\/como-aliviar-a-colica-de-um-jeito-natural\/#primaryimage\"},\"thumbnailUrl\":\"https:\/\/artigos.abelacosmetics.com\/wp-content\/uploads\/2023\/07\/aliviar-colica.jpg\",\"articleSection\":[\"Autocuidado\"],\"inLanguage\":\"es\",\"potentialAction\":[{\"@type\":\"CommentAction\",\"name\":\"Comment\",\"target\":[\"https:\/\/artigos.abelacosmetics.com\/como-aliviar-a-colica-de-um-jeito-natural\/#respond\"]}]},{\"@type\":\"WebPage\",\"@id\":\"https:\/\/artigos.abelacosmetics.com\/como-aliviar-a-colica-de-um-jeito-natural\/\",\"url\":\"https:\/\/artigos.abelacosmetics.com\/como-aliviar-a-colica-de-um-jeito-natural\/\",\"name\":\"Como aliviar a c\u00f3lica de um jeito natural? - Abela Cosmetics\",\"isPartOf\":{\"@id\":\"https:\/\/artigos.abelacosmetics.com\/#website\"},\"primaryImageOfPage\":{\"@id\":\"https:\/\/artigos.abelacosmetics.com\/como-aliviar-a-colica-de-um-jeito-natural\/#primaryimage\"},\"image\":{\"@id\":\"https:\/\/artigos.abelacosmetics.com\/como-aliviar-a-colica-de-um-jeito-natural\/#primaryimage\"},\"thumbnailUrl\":\"https:\/\/artigos.abelacosmetics.com\/wp-content\/uploads\/2023\/07\/aliviar-colica.jpg\",\"datePublished\":\"2023-07-14T17:30:30+00:00\",\"description\":\"Muitas mulheres buscas formas de como aliviar a c\u00f3lica de um jeito natural. Veja aqui algumas maneiras sem recorrer \u00e0 farm\u00e1cia!\",\"breadcrumb\":{\"@id\":\"https:\/\/artigos.abelacosmetics.com\/como-aliviar-a-colica-de-um-jeito-natural\/#breadcrumb\"},\"inLanguage\":\"es\",\"potentialAction\":[{\"@type\":\"ReadAction\",\"target\":[\"https:\/\/artigos.abelacosmetics.com\/como-aliviar-a-colica-de-um-jeito-natural\/\"]}]},{\"@type\":\"ImageObject\",\"inLanguage\":\"es\",\"@id\":\"https:\/\/artigos.abelacosmetics.com\/como-aliviar-a-colica-de-um-jeito-natural\/#primaryimage\",\"url\":\"https:\/\/artigos.abelacosmetics.com\/wp-content\/uploads\/2023\/07\/aliviar-colica.jpg\",\"contentUrl\":\"https:\/\/artigos.abelacosmetics.com\/wp-content\/uploads\/2023\/07\/aliviar-colica.jpg\",\"width\":1304,\"height\":870},{\"@type\":\"BreadcrumbList\",\"@id\":\"https:\/\/artigos.abelacosmetics.com\/como-aliviar-a-colica-de-um-jeito-natural\/#breadcrumb\",\"itemListElement\":[{\"@type\":\"ListItem\",\"position\":1,\"name\":\"In\u00edcio\",\"item\":\"https:\/\/artigos.abelacosmetics.com\/\"},{\"@type\":\"ListItem\",\"position\":2,\"name\":\"Como aliviar a c\u00f3lica de um jeito natural?\"}]},{\"@type\":\"WebSite\",\"@id\":\"https:\/\/artigos.abelacosmetics.com\/#website\",\"url\":\"https:\/\/artigos.abelacosmetics.com\/\",\"name\":\"Abela Cosmetics\",\"description\":\"Cuidados para Cabelos \u00danicos\",\"publisher\":{\"@id\":\"https:\/\/artigos.abelacosmetics.com\/#organization\"},\"potentialAction\":[{\"@type\":\"SearchAction\",\"target\":{\"@type\":\"EntryPoint\",\"urlTemplate\":\"https:\/\/artigos.abelacosmetics.com\/?s={search_term_string}\"},\"query-input\":{\"@type\":\"PropertyValueSpecification\",\"valueRequired\":true,\"valueName\":\"search_term_string\"}}],\"inLanguage\":\"es\"},{\"@type\":\"Organization\",\"@id\":\"https:\/\/artigos.abelacosmetics.com\/#organization\",\"name\":\"Abela Cosmetics\",\"url\":\"https:\/\/artigos.abelacosmetics.com\/\",\"logo\":{\"@type\":\"ImageObject\",\"inLanguage\":\"es\",\"@id\":\"https:\/\/artigos.abelacosmetics.com\/#\/schema\/logo\/image\/\",\"url\":\"https:\/\/artigos.abelacosmetics.com\/wp-content\/uploads\/2023\/02\/logo-abela.png\",\"contentUrl\":\"https:\/\/artigos.abelacosmetics.com\/wp-content\/uploads\/2023\/02\/logo-abela.png\",\"width\":183,\"height\":90,\"caption\":\"Abela Cosmetics\"},\"image\":{\"@id\":\"https:\/\/artigos.abelacosmetics.com\/#\/schema\/logo\/image\/\"},\"sameAs\":[\"https:\/\/www.facebook.com\/abelacosmetics\"]},{\"@type\":\"Person\",\"@id\":\"https:\/\/artigos.abelacosmetics.com\/#\/schema\/person\/edfb62cbd90939d461c4a8c40789d71d\",\"name\":\"Abela Cosmetics\",\"image\":{\"@type\":\"ImageObject\",\"inLanguage\":\"es\",\"@id\":\"https:\/\/artigos.abelacosmetics.com\/#\/schema\/person\/image\/\",\"url\":\"https:\/\/secure.gravatar.com\/avatar\/95fb62d66c385283904611b47c12cc78279a169f8114f0affe7fb64dbf902d60?s=96&d=mm&r=g\",\"contentUrl\":\"https:\/\/secure.gravatar.com\/avatar\/95fb62d66c385283904611b47c12cc78279a169f8114f0affe7fb64dbf902d60?s=96&d=mm&r=g\",\"caption\":\"Abela Cosmetics\"},\"url\":\"https:\/\/artigos.abelacosmetics.com\/es\/author\/design2023\/\"}]}<\/script>\n<!-- \/ Yoast SEO Premium plugin. -->","yoast_head_json":{"title":"Como aliviar a c\u00f3lica de um jeito natural? - Abela Cosmetics","description":"Muitas mulheres buscas formas de como aliviar a c\u00f3lica de um jeito natural. Veja aqui algumas maneiras sem recorrer \u00e0 farm\u00e1cia!","robots":{"index":"index","follow":"follow","max-snippet":"max-snippet:-1","max-image-preview":"max-image-preview:large","max-video-preview":"max-video-preview:-1"},"canonical":"https:\/\/artigos.abelacosmetics.com\/es\/como-aliviar-a-colica-de-um-jeito-natural\/","og_locale":"es_ES","og_type":"article","og_title":"Como aliviar a c\u00f3lica de um jeito natural?","og_description":"Muitas mulheres buscas formas de como aliviar a c\u00f3lica de um jeito natural. Veja aqui algumas maneiras sem recorrer \u00e0 farm\u00e1cia!","og_url":"https:\/\/artigos.abelacosmetics.com\/es\/como-aliviar-a-colica-de-um-jeito-natural\/","og_site_name":"Abela Cosmetics","article_publisher":"https:\/\/www.facebook.com\/abelacosmetics","article_published_time":"2023-07-14T17:30:30+00:00","og_image":[{"width":1304,"height":870,"url":"https:\/\/artigos.abelacosmetics.com\/wp-content\/uploads\/2023\/07\/aliviar-colica.jpg","type":"image\/jpeg"}],"author":"Abela Cosmetics","twitter_card":"summary_large_image","twitter_misc":{"Escrito por":"Abela Cosmetics","Tiempo de lectura":"4 minutos"},"schema":{"@context":"https:\/\/schema.org","@graph":[{"@type":"Article","@id":"https:\/\/artigos.abelacosmetics.com\/como-aliviar-a-colica-de-um-jeito-natural\/#article","isPartOf":{"@id":"https:\/\/artigos.abelacosmetics.com\/como-aliviar-a-colica-de-um-jeito-natural\/"},"author":{"name":"Abela Cosmetics","@id":"https:\/\/artigos.abelacosmetics.com\/#\/schema\/person\/edfb62cbd90939d461c4a8c40789d71d"},"headline":"Como aliviar a c\u00f3lica de um jeito natural?","datePublished":"2023-07-14T17:30:30+00:00","mainEntityOfPage":{"@id":"https:\/\/artigos.abelacosmetics.com\/como-aliviar-a-colica-de-um-jeito-natural\/"},"wordCount":631,"commentCount":0,"publisher":{"@id":"https:\/\/artigos.abelacosmetics.com\/#organization"},"image":{"@id":"https:\/\/artigos.abelacosmetics.com\/como-aliviar-a-colica-de-um-jeito-natural\/#primaryimage"},"thumbnailUrl":"https:\/\/artigos.abelacosmetics.com\/wp-content\/uploads\/2023\/07\/aliviar-colica.jpg","articleSection":["Autocuidado"],"inLanguage":"es","potentialAction":[{"@type":"CommentAction","name":"Comment","target":["https:\/\/artigos.abelacosmetics.com\/como-aliviar-a-colica-de-um-jeito-natural\/#respond"]}]},{"@type":"WebPage","@id":"https:\/\/artigos.abelacosmetics.com\/como-aliviar-a-colica-de-um-jeito-natural\/","url":"https:\/\/artigos.abelacosmetics.com\/como-aliviar-a-colica-de-um-jeito-natural\/","name":"Como aliviar a c\u00f3lica de um jeito natural? - Abela Cosmetics","isPartOf":{"@id":"https:\/\/artigos.abelacosmetics.com\/#website"},"primaryImageOfPage":{"@id":"https:\/\/artigos.abelacosmetics.com\/como-aliviar-a-colica-de-um-jeito-natural\/#primaryimage"},"image":{"@id":"https:\/\/artigos.abelacosmetics.com\/como-aliviar-a-colica-de-um-jeito-natural\/#primaryimage"},"thumbnailUrl":"https:\/\/artigos.abelacosmetics.com\/wp-content\/uploads\/2023\/07\/aliviar-colica.jpg","datePublished":"2023-07-14T17:30:30+00:00","description":"Muitas mulheres buscas formas de como aliviar a c\u00f3lica de um jeito natural. Veja aqui algumas maneiras sem recorrer \u00e0 farm\u00e1cia!","breadcrumb":{"@id":"https:\/\/artigos.abelacosmetics.com\/como-aliviar-a-colica-de-um-jeito-natural\/#breadcrumb"},"inLanguage":"es","potentialAction":[{"@type":"ReadAction","target":["https:\/\/artigos.abelacosmetics.com\/como-aliviar-a-colica-de-um-jeito-natural\/"]}]},{"@type":"ImageObject","inLanguage":"es","@id":"https:\/\/artigos.abelacosmetics.com\/como-aliviar-a-colica-de-um-jeito-natural\/#primaryimage","url":"https:\/\/artigos.abelacosmetics.com\/wp-content\/uploads\/2023\/07\/aliviar-colica.jpg","contentUrl":"https:\/\/artigos.abelacosmetics.com\/wp-content\/uploads\/2023\/07\/aliviar-colica.jpg","width":1304,"height":870},{"@type":"BreadcrumbList","@id":"https:\/\/artigos.abelacosmetics.com\/como-aliviar-a-colica-de-um-jeito-natural\/#breadcrumb","itemListElement":[{"@type":"ListItem","position":1,"name":"In\u00edcio","item":"https:\/\/artigos.abelacosmetics.com\/"},{"@type":"ListItem","position":2,"name":"Como aliviar a c\u00f3lica de um jeito natural?"}]},{"@type":"WebSite","@id":"https:\/\/artigos.abelacosmetics.com\/#website","url":"https:\/\/artigos.abelacosmetics.com\/","name":"Abela Cosmetics","description":"Cuidados para Cabelos \u00danicos","publisher":{"@id":"https:\/\/artigos.abelacosmetics.com\/#organization"},"potentialAction":[{"@type":"SearchAction","target":{"@type":"EntryPoint","urlTemplate":"https:\/\/artigos.abelacosmetics.com\/?s={search_term_string}"},"query-input":{"@type":"PropertyValueSpecification","valueRequired":true,"valueName":"search_term_string"}}],"inLanguage":"es"},{"@type":"Organization","@id":"https:\/\/artigos.abelacosmetics.com\/#organization","name":"Abela Cosmetics","url":"https:\/\/artigos.abelacosmetics.com\/","logo":{"@type":"ImageObject","inLanguage":"es","@id":"https:\/\/artigos.abelacosmetics.com\/#\/schema\/logo\/image\/","url":"https:\/\/artigos.abelacosmetics.com\/wp-content\/uploads\/2023\/02\/logo-abela.png","contentUrl":"https:\/\/artigos.abelacosmetics.com\/wp-content\/uploads\/2023\/02\/logo-abela.png","width":183,"height":90,"caption":"Abela Cosmetics"},"image":{"@id":"https:\/\/artigos.abelacosmetics.com\/#\/schema\/logo\/image\/"},"sameAs":["https:\/\/www.facebook.com\/abelacosmetics"]},{"@type":"Person","@id":"https:\/\/artigos.abelacosmetics.com\/#\/schema\/person\/edfb62cbd90939d461c4a8c40789d71d","name":"Abela Cosmetics","image":{"@type":"ImageObject","inLanguage":"es","@id":"https:\/\/artigos.abelacosmetics.com\/#\/schema\/person\/image\/","url":"https:\/\/secure.gravatar.com\/avatar\/95fb62d66c385283904611b47c12cc78279a169f8114f0affe7fb64dbf902d60?s=96&d=mm&r=g","contentUrl":"https:\/\/secure.gravatar.com\/avatar\/95fb62d66c385283904611b47c12cc78279a169f8114f0affe7fb64dbf902d60?s=96&d=mm&r=g","caption":"Abela Cosmetics"},"url":"https:\/\/artigos.abelacosmetics.com\/es\/author\/design2023\/"}]}},"_links":{"self":[{"href":"https:\/\/artigos.abelacosmetics.com\/es\/wp-json\/wp\/v2\/posts\/2851","targetHints":{"allow":["GET"]}}],"collection":[{"href":"https:\/\/artigos.abelacosmetics.com\/es\/wp-json\/wp\/v2\/posts"}],"about":[{"href":"https:\/\/artigos.abelacosmetics.com\/es\/wp-json\/wp\/v2\/types\/post"}],"author":[{"embeddable":true,"href":"https:\/\/artigos.abelacosmetics.com\/es\/wp-json\/wp\/v2\/users\/139"}],"replies":[{"embeddable":true,"href":"https:\/\/artigos.abelacosmetics.com\/es\/wp-json\/wp\/v2\/comments?post=2851"}],"version-history":[{"count":1,"href":"https:\/\/artigos.abelacosmetics.com\/es\/wp-json\/wp\/v2\/posts\/2851\/revisions"}],"predecessor-version":[{"id":2855,"href":"https:\/\/artigos.abelacosmetics.com\/es\/wp-json\/wp\/v2\/posts\/2851\/revisions\/2855"}],"wp:featuredmedia":[{"embeddable":true,"href":"https:\/\/artigos.abelacosmetics.com\/es\/wp-json\/wp\/v2\/media\/2854"}],"wp:attachment":[{"href":"https:\/\/artigos.abelacosmetics.com\/es\/wp-json\/wp\/v2\/media?parent=2851"}],"wp:term":[{"taxonomy":"category","embeddable":true,"href":"https:\/\/artigos.abelacosmetics.com\/es\/wp-json\/wp\/v2\/categories?post=2851"},{"taxonomy":"post_tag","embeddable":true,"href":"https:\/\/artigos.abelacosmetics.com\/es\/wp-json\/wp\/v2\/tags?post=2851"}],"curies":[{"name":"wp","href":"https:\/\/api.w.org\/{rel}","templated":true}]}}