{"id":2846,"date":"2023-07-14T14:23:57","date_gmt":"2023-07-14T17:23:57","guid":{"rendered":"https:\/\/artigos.abelacosmetics.com\/?p=2846"},"modified":"2023-07-14T14:34:21","modified_gmt":"2023-07-14T17:34:21","slug":"corte-quimico-entenda-o-que-e-e-como-evitar","status":"publish","type":"post","link":"https:\/\/artigos.abelacosmetics.com\/es\/corte-quimico-entenda-o-que-e-e-como-evitar\/","title":{"rendered":"Corte qu\u00edmico \u2013 Entenda o que \u00e9 e como evitar"},"content":{"rendered":"<p>&nbsp;<\/p>\n<p>O <strong>corte qu\u00edmico<\/strong> \u00e9 um problema que muitas mulheres temem. Esse termo \u00e9 usado quando os fios de cabelo se quebram de repente devido a tratamentos qu\u00edmicos.<\/p>\n<p>&nbsp;<\/p>\n<audio class=\"wp-audio-shortcode\" id=\"audio-2846-1\" preload=\"none\" style=\"width: 100%;\" controls=\"controls\"><source type=\"audio\/mpeg\" src=\"https:\/\/artigos.abelacosmetics.com\/wp-content\/uploads\/2023\/07\/cortequmico.mp3?_=1\" \/><a href=\"https:\/\/artigos.abelacosmetics.com\/wp-content\/uploads\/2023\/07\/cortequmico.mp3\">https:\/\/artigos.abelacosmetics.com\/wp-content\/uploads\/2023\/07\/cortequmico.mp3<\/a><\/audio>\n<p>&nbsp;<\/p>\n<p>Portanto, em outras palavras, o cabelo n\u00e3o consegue suportar os produtos qu\u00edmicos usados e acaba quebrando, deixando os fios ainda mais fr\u00e1geis e necessitando de tratamentos de reconstru\u00e7\u00e3o e hidrata\u00e7\u00e3o.<\/p>\n<p>Ent\u00e3o, se voc\u00ea est\u00e1 enfrentando esse problema ou teme que isso possa acontecer com voc\u00ea, entenda mais sobre e como evitar.<\/p>\n<p>&nbsp;<\/p>\n<p><img loading=\"lazy\" decoding=\"async\" class=\"alignnone wp-image-2849\" src=\"https:\/\/artigos.abelacosmetics.com\/wp-content\/uploads\/2023\/07\/corte-quimico.jpg\" alt=\"corte qu\u00edmico\" width=\"563\" height=\"374\" srcset=\"https:\/\/artigos.abelacosmetics.com\/wp-content\/uploads\/2023\/07\/corte-quimico.jpg 1304w, https:\/\/artigos.abelacosmetics.com\/wp-content\/uploads\/2023\/07\/corte-quimico-300x199.jpg 300w, https:\/\/artigos.abelacosmetics.com\/wp-content\/uploads\/2023\/07\/corte-quimico-1024x681.jpg 1024w, https:\/\/artigos.abelacosmetics.com\/wp-content\/uploads\/2023\/07\/corte-quimico-768x511.jpg 768w, https:\/\/artigos.abelacosmetics.com\/wp-content\/uploads\/2023\/07\/corte-quimico-18x12.jpg 18w\" sizes=\"auto, (max-width: 563px) 100vw, 563px\" \/><\/p>\n<p>&nbsp;<\/p>\n<h2>O que \u00e9 corte qu\u00edmico?<\/h2>\n<p>O corte qu\u00edmico \u00e9 uma quebra intensa dos fios que acontece quando as fibras capilares se rompem devido a procedimentos qu\u00edmicos incompat\u00edveis ou ao excesso de qu\u00edmica no cabelo.<\/p>\n<p>Assim, alguns sinais de poss\u00edveis quebras nos fios incluem cabelos fr\u00e1geis, \u00e1speros e quebradi\u00e7os, especialmente quando s\u00e3o submetidos a qu\u00edmicas fortes em excesso, como progressivas e descolora\u00e7\u00f5es.<\/p>\n<p>Logo, isso significa que realizar muitos alisamentos ou n\u00e3o respeitar o tempo de aplica\u00e7\u00e3o de certos produtos pode causar o temido corte qu\u00edmico.<\/p>\n<p>Al\u00e9m disso, \u00e9 importante ressaltar que nem sempre esse corte \u00e9 vis\u00edvel imediatamente ap\u00f3s a aplica\u00e7\u00e3o.<\/p>\n<p>Em casos de alisamento, por exemplo, o problema pode acabar sendo notado dias depois do procedimento.<\/p>\n<h2>Principais causas<\/h2>\n<p>Como dito, ele \u00e9 causado pelo uso excessivo de produtos qu\u00edmicos nos cabelos ou pela incompatibilidade entre diferentes procedimentos qu\u00edmicos.<\/p>\n<p>Assim, algumas das principais causas s\u00e3o:<\/p>\n<ul>\n<li>M\u00faltiplos alisamentos sem o tempo de pausa adequado;<\/li>\n<li>Descolora\u00e7\u00f5es ou luzes feitas em cabelos fr\u00e1geis;<\/li>\n<li>Erros no tempo de aplica\u00e7\u00e3o de produtos capilares (excesso de uso, tempo de pausa inadequado, etc.).<\/li>\n<\/ul>\n<p>Portanto, \u00e9 recomendado que um profissional qualificado avalie a sa\u00fade dos seus cabelos antes de aplicar qualquer produto que possa levar ao corte qu\u00edmico.<\/p>\n<p>Vale dizer, inclusive, que leva cerca de 2 anos para que o cabelo quebrado se recupere totalmente de um corte qu\u00edmico.<\/p>\n<p>Portanto, a melhor op\u00e7\u00e3o \u00e9 prevenir, pois o processo de recupera\u00e7\u00e3o n\u00e3o \u00e9 r\u00e1pido.<\/p>\n<p>Todavia, a boa not\u00edcia \u00e9 que existem tratamentos dispon\u00edveis para cuidar dos fios e acelerar o processo de reconstru\u00e7\u00e3o da fibra capilar.<\/p>\n<p>Logo, esses tratamentos tamb\u00e9m ajudam a elevar a autoestima das mulheres, que pode ser bastante afetada por esse tipo de situa\u00e7\u00e3o.<\/p>\n<h2>Sinais de alerta<\/h2>\n<p>Existem alguns sinais de alerta que podem indicar a possibilidade de o seu cabelo sofrer um corte qu\u00edmico.<\/p>\n<p>Ent\u00e3o, observe se voc\u00ea identifica algum desses sinais nos seus fios:<\/p>\n<ul>\n<li>Fragilidade capilar;<\/li>\n<li>Presen\u00e7a de fios el\u00e1sticos;<\/li>\n<li>Aparecimento de pontas duplas;<\/li>\n<li>Queda acentuada;<\/li>\n<li>Textura \u00e1spera;<\/li>\n<li>Cabelos sem brilho e com aspecto poroso;<\/li>\n<li>Fios quebradi\u00e7os.<\/li>\n<\/ul>\n<p>Portanto, se voc\u00ea notar algum desses sinais, \u00e9 importante buscar orienta\u00e7\u00e3o profissional para avaliar a sa\u00fade do seu cabelo e tomar as medidas necess\u00e1rias para evitar danos maiores.<\/p>\n<h2>Como evitar o corte qu\u00edmico?<\/h2>\n<p>Se voc\u00ea gosta de fazer procedimentos qu\u00edmicos, como clareamento ou definitivas, por exemplo, \u00e9 importante considerar como, quando e por quem esses procedimentos s\u00e3o realizados.<\/p>\n<p>Ent\u00e3o, talvez voc\u00ea tente fazer essas aplica\u00e7\u00f5es em casa, mas evite. Afinal de contas, voc\u00ea n\u00e3o tem o conhecimento necess\u00e1rio de um profissional, n\u00e3o \u00e9 mesmo?<\/p>\n<p>Logo, o ideal \u00e9 encontrar um cabeleireiro de confian\u00e7a, que conhe\u00e7a o seu cabelo e o hist\u00f3rico dos procedimentos qu\u00edmicos que voc\u00ea realizou.<\/p>\n<p>Ele poder\u00e1 orientar sobre os melhores produtos, os riscos envolvidos e avaliar se o seu cabelo est\u00e1 preparado para receber um novo tratamento.<\/p>\n<p>Al\u00e9m disso, esse profissional tamb\u00e9m saber\u00e1 indicar o tempo ideal que voc\u00ea deve esperar entre um procedimento e outro.<\/p>\n<p>Al\u00e9m de recomendar tratamentos preventivos, como uma boa hidrata\u00e7\u00e3o capilar ou reposi\u00e7\u00e3o de queratina vegetal, enquanto voc\u00ea aguarda o pr\u00f3ximo procedimento.<\/p>\n<p>Se voc\u00ea estiver em d\u00favida se \u00e9 o momento certo para fazer um novo procedimento qu\u00edmico nos cabelos, uma op\u00e7\u00e3o \u00e9 solicitar um teste no sal\u00e3o.<\/p>\n<p>Nesse teste, o profissional aplicar\u00e1 o produto apenas em uma pequena mecha dos cabelos e voc\u00eas avaliar\u00e3o os resultados ap\u00f3s 48 horas.<\/p>\n<p>Se a mecha responder bem, isso indica que h\u00e1 menos riscos de ocorrer um corte qu\u00edmico posteriormente.<\/p>\n<p>No entanto, se a mecha mostrar sinais de desgaste, o teste indica que n\u00e3o \u00e9 a hora ideal para sobrecarregar os fios.<\/p>\n<p>&nbsp;<\/p>","protected":false},"excerpt":{"rendered":"<p>&nbsp; O corte qu\u00edmico \u00e9 um problema que muitas mulheres temem. Esse termo \u00e9 usado quando os fios de cabelo se quebram de repente devido a tratamentos qu\u00edmicos. &nbsp; &nbsp; Portanto, em outras palavras, o cabelo n\u00e3o consegue suportar os produtos qu\u00edmicos usados e acaba quebrando, deixando os fios ainda mais fr\u00e1geis e necessitando de [&hellip;]<\/p>","protected":false},"author":139,"featured_media":2849,"comment_status":"open","ping_status":"open","sticky":false,"template":"","format":"standard","meta":{"_acf_changed":false,"_mo_disable_npp":"","inline_featured_image":false,"footnotes":""},"categories":[30],"tags":[],"class_list":["post-2846","post","type-post","status-publish","format-standard","has-post-thumbnail","hentry","category-conheca-seus-cabelos"],"acf":[],"yoast_head":"<!-- This site is optimized with the Yoast SEO Premium plugin v19.2.1 (Yoast SEO v26.9) - https:\/\/yoast.com\/product\/yoast-seo-premium-wordpress\/ -->\n<title>Corte qu\u00edmico \u2013 Entenda o que \u00e9 e como evitar - Abela Cosmetics<\/title>\n<meta name=\"description\" content=\"Se voc\u00ea est\u00e1 enfrentando o problema do corte qu\u00edmico ou teme que isso possa acontecer com voc\u00ea, entenda mais sobre e como evitar.\" \/>\n<meta name=\"robots\" content=\"index, follow, max-snippet:-1, max-image-preview:large, max-video-preview:-1\" \/>\n<link rel=\"canonical\" href=\"https:\/\/artigos.abelacosmetics.com\/es\/corte-quimico-entenda-o-que-e-e-como-evitar\/\" \/>\n<meta property=\"og:locale\" content=\"es_ES\" \/>\n<meta property=\"og:type\" content=\"article\" \/>\n<meta property=\"og:title\" content=\"Corte qu\u00edmico \u2013 Entenda o que \u00e9 e como evitar\" \/>\n<meta property=\"og:description\" content=\"Se voc\u00ea est\u00e1 enfrentando o problema do corte qu\u00edmico ou teme que isso possa acontecer com voc\u00ea, entenda mais sobre e como evitar.\" \/>\n<meta property=\"og:url\" content=\"https:\/\/artigos.abelacosmetics.com\/es\/corte-quimico-entenda-o-que-e-e-como-evitar\/\" \/>\n<meta property=\"og:site_name\" content=\"Abela Cosmetics\" \/>\n<meta property=\"article:publisher\" content=\"https:\/\/www.facebook.com\/abelacosmetics\" \/>\n<meta property=\"article:published_time\" content=\"2023-07-14T17:23:57+00:00\" \/>\n<meta property=\"article:modified_time\" content=\"2023-07-14T17:34:21+00:00\" \/>\n<meta property=\"og:image\" content=\"https:\/\/artigos.abelacosmetics.com\/wp-content\/uploads\/2023\/07\/corte-quimico.jpg\" \/>\n\t<meta property=\"og:image:width\" content=\"1304\" \/>\n\t<meta property=\"og:image:height\" content=\"867\" \/>\n\t<meta property=\"og:image:type\" content=\"image\/jpeg\" \/>\n<meta name=\"author\" content=\"Abela Cosmetics\" \/>\n<meta name=\"twitter:card\" content=\"summary_large_image\" \/>\n<meta name=\"twitter:label1\" content=\"Escrito por\" \/>\n\t<meta name=\"twitter:data1\" content=\"Abela Cosmetics\" \/>\n\t<meta name=\"twitter:label2\" content=\"Tiempo de lectura\" \/>\n\t<meta name=\"twitter:data2\" content=\"4 minutos\" \/>\n<script type=\"application\/ld+json\" class=\"yoast-schema-graph\">{\"@context\":\"https:\/\/schema.org\",\"@graph\":[{\"@type\":\"Article\",\"@id\":\"https:\/\/artigos.abelacosmetics.com\/corte-quimico-entenda-o-que-e-e-como-evitar\/#article\",\"isPartOf\":{\"@id\":\"https:\/\/artigos.abelacosmetics.com\/corte-quimico-entenda-o-que-e-e-como-evitar\/\"},\"author\":{\"name\":\"Abela Cosmetics\",\"@id\":\"https:\/\/artigos.abelacosmetics.com\/#\/schema\/person\/edfb62cbd90939d461c4a8c40789d71d\"},\"headline\":\"Corte qu\u00edmico \u2013 Entenda o que \u00e9 e como evitar\",\"datePublished\":\"2023-07-14T17:23:57+00:00\",\"dateModified\":\"2023-07-14T17:34:21+00:00\",\"mainEntityOfPage\":{\"@id\":\"https:\/\/artigos.abelacosmetics.com\/corte-quimico-entenda-o-que-e-e-como-evitar\/\"},\"wordCount\":753,\"commentCount\":0,\"publisher\":{\"@id\":\"https:\/\/artigos.abelacosmetics.com\/#organization\"},\"image\":{\"@id\":\"https:\/\/artigos.abelacosmetics.com\/corte-quimico-entenda-o-que-e-e-como-evitar\/#primaryimage\"},\"thumbnailUrl\":\"https:\/\/artigos.abelacosmetics.com\/wp-content\/uploads\/2023\/07\/corte-quimico.jpg\",\"articleSection\":[\"Conhe\u00e7a seus cabelos\"],\"inLanguage\":\"es\",\"potentialAction\":[{\"@type\":\"CommentAction\",\"name\":\"Comment\",\"target\":[\"https:\/\/artigos.abelacosmetics.com\/corte-quimico-entenda-o-que-e-e-como-evitar\/#respond\"]}]},{\"@type\":\"WebPage\",\"@id\":\"https:\/\/artigos.abelacosmetics.com\/corte-quimico-entenda-o-que-e-e-como-evitar\/\",\"url\":\"https:\/\/artigos.abelacosmetics.com\/corte-quimico-entenda-o-que-e-e-como-evitar\/\",\"name\":\"Corte qu\u00edmico \u2013 Entenda o que \u00e9 e como evitar - Abela Cosmetics\",\"isPartOf\":{\"@id\":\"https:\/\/artigos.abelacosmetics.com\/#website\"},\"primaryImageOfPage\":{\"@id\":\"https:\/\/artigos.abelacosmetics.com\/corte-quimico-entenda-o-que-e-e-como-evitar\/#primaryimage\"},\"image\":{\"@id\":\"https:\/\/artigos.abelacosmetics.com\/corte-quimico-entenda-o-que-e-e-como-evitar\/#primaryimage\"},\"thumbnailUrl\":\"https:\/\/artigos.abelacosmetics.com\/wp-content\/uploads\/2023\/07\/corte-quimico.jpg\",\"datePublished\":\"2023-07-14T17:23:57+00:00\",\"dateModified\":\"2023-07-14T17:34:21+00:00\",\"description\":\"Se voc\u00ea est\u00e1 enfrentando o problema do corte qu\u00edmico ou teme que isso possa acontecer com voc\u00ea, entenda mais sobre e como evitar.\",\"breadcrumb\":{\"@id\":\"https:\/\/artigos.abelacosmetics.com\/corte-quimico-entenda-o-que-e-e-como-evitar\/#breadcrumb\"},\"inLanguage\":\"es\",\"potentialAction\":[{\"@type\":\"ReadAction\",\"target\":[\"https:\/\/artigos.abelacosmetics.com\/corte-quimico-entenda-o-que-e-e-como-evitar\/\"]}]},{\"@type\":\"ImageObject\",\"inLanguage\":\"es\",\"@id\":\"https:\/\/artigos.abelacosmetics.com\/corte-quimico-entenda-o-que-e-e-como-evitar\/#primaryimage\",\"url\":\"https:\/\/artigos.abelacosmetics.com\/wp-content\/uploads\/2023\/07\/corte-quimico.jpg\",\"contentUrl\":\"https:\/\/artigos.abelacosmetics.com\/wp-content\/uploads\/2023\/07\/corte-quimico.jpg\",\"width\":1304,\"height\":867},{\"@type\":\"BreadcrumbList\",\"@id\":\"https:\/\/artigos.abelacosmetics.com\/corte-quimico-entenda-o-que-e-e-como-evitar\/#breadcrumb\",\"itemListElement\":[{\"@type\":\"ListItem\",\"position\":1,\"name\":\"In\u00edcio\",\"item\":\"https:\/\/artigos.abelacosmetics.com\/\"},{\"@type\":\"ListItem\",\"position\":2,\"name\":\"Corte qu\u00edmico \u2013 Entenda o que \u00e9 e como evitar\"}]},{\"@type\":\"WebSite\",\"@id\":\"https:\/\/artigos.abelacosmetics.com\/#website\",\"url\":\"https:\/\/artigos.abelacosmetics.com\/\",\"name\":\"Abela Cosmetics\",\"description\":\"Cuidados para Cabelos \u00danicos\",\"publisher\":{\"@id\":\"https:\/\/artigos.abelacosmetics.com\/#organization\"},\"potentialAction\":[{\"@type\":\"SearchAction\",\"target\":{\"@type\":\"EntryPoint\",\"urlTemplate\":\"https:\/\/artigos.abelacosmetics.com\/?s={search_term_string}\"},\"query-input\":{\"@type\":\"PropertyValueSpecification\",\"valueRequired\":true,\"valueName\":\"search_term_string\"}}],\"inLanguage\":\"es\"},{\"@type\":\"Organization\",\"@id\":\"https:\/\/artigos.abelacosmetics.com\/#organization\",\"name\":\"Abela Cosmetics\",\"url\":\"https:\/\/artigos.abelacosmetics.com\/\",\"logo\":{\"@type\":\"ImageObject\",\"inLanguage\":\"es\",\"@id\":\"https:\/\/artigos.abelacosmetics.com\/#\/schema\/logo\/image\/\",\"url\":\"https:\/\/artigos.abelacosmetics.com\/wp-content\/uploads\/2023\/02\/logo-abela.png\",\"contentUrl\":\"https:\/\/artigos.abelacosmetics.com\/wp-content\/uploads\/2023\/02\/logo-abela.png\",\"width\":183,\"height\":90,\"caption\":\"Abela Cosmetics\"},\"image\":{\"@id\":\"https:\/\/artigos.abelacosmetics.com\/#\/schema\/logo\/image\/\"},\"sameAs\":[\"https:\/\/www.facebook.com\/abelacosmetics\"]},{\"@type\":\"Person\",\"@id\":\"https:\/\/artigos.abelacosmetics.com\/#\/schema\/person\/edfb62cbd90939d461c4a8c40789d71d\",\"name\":\"Abela Cosmetics\",\"image\":{\"@type\":\"ImageObject\",\"inLanguage\":\"es\",\"@id\":\"https:\/\/artigos.abelacosmetics.com\/#\/schema\/person\/image\/\",\"url\":\"https:\/\/secure.gravatar.com\/avatar\/95fb62d66c385283904611b47c12cc78279a169f8114f0affe7fb64dbf902d60?s=96&d=mm&r=g\",\"contentUrl\":\"https:\/\/secure.gravatar.com\/avatar\/95fb62d66c385283904611b47c12cc78279a169f8114f0affe7fb64dbf902d60?s=96&d=mm&r=g\",\"caption\":\"Abela Cosmetics\"},\"url\":\"https:\/\/artigos.abelacosmetics.com\/es\/author\/design2023\/\"}]}<\/script>\n<!-- \/ Yoast SEO Premium plugin. -->","yoast_head_json":{"title":"Corte qu\u00edmico \u2013 Entenda o que \u00e9 e como evitar - Abela Cosmetics","description":"Se voc\u00ea est\u00e1 enfrentando o problema do corte qu\u00edmico ou teme que isso possa acontecer com voc\u00ea, entenda mais sobre e como evitar.","robots":{"index":"index","follow":"follow","max-snippet":"max-snippet:-1","max-image-preview":"max-image-preview:large","max-video-preview":"max-video-preview:-1"},"canonical":"https:\/\/artigos.abelacosmetics.com\/es\/corte-quimico-entenda-o-que-e-e-como-evitar\/","og_locale":"es_ES","og_type":"article","og_title":"Corte qu\u00edmico \u2013 Entenda o que \u00e9 e como evitar","og_description":"Se voc\u00ea est\u00e1 enfrentando o problema do corte qu\u00edmico ou teme que isso possa acontecer com voc\u00ea, entenda mais sobre e como evitar.","og_url":"https:\/\/artigos.abelacosmetics.com\/es\/corte-quimico-entenda-o-que-e-e-como-evitar\/","og_site_name":"Abela Cosmetics","article_publisher":"https:\/\/www.facebook.com\/abelacosmetics","article_published_time":"2023-07-14T17:23:57+00:00","article_modified_time":"2023-07-14T17:34:21+00:00","og_image":[{"width":1304,"height":867,"url":"https:\/\/artigos.abelacosmetics.com\/wp-content\/uploads\/2023\/07\/corte-quimico.jpg","type":"image\/jpeg"}],"author":"Abela Cosmetics","twitter_card":"summary_large_image","twitter_misc":{"Escrito por":"Abela Cosmetics","Tiempo de lectura":"4 minutos"},"schema":{"@context":"https:\/\/schema.org","@graph":[{"@type":"Article","@id":"https:\/\/artigos.abelacosmetics.com\/corte-quimico-entenda-o-que-e-e-como-evitar\/#article","isPartOf":{"@id":"https:\/\/artigos.abelacosmetics.com\/corte-quimico-entenda-o-que-e-e-como-evitar\/"},"author":{"name":"Abela Cosmetics","@id":"https:\/\/artigos.abelacosmetics.com\/#\/schema\/person\/edfb62cbd90939d461c4a8c40789d71d"},"headline":"Corte qu\u00edmico \u2013 Entenda o que \u00e9 e como evitar","datePublished":"2023-07-14T17:23:57+00:00","dateModified":"2023-07-14T17:34:21+00:00","mainEntityOfPage":{"@id":"https:\/\/artigos.abelacosmetics.com\/corte-quimico-entenda-o-que-e-e-como-evitar\/"},"wordCount":753,"commentCount":0,"publisher":{"@id":"https:\/\/artigos.abelacosmetics.com\/#organization"},"image":{"@id":"https:\/\/artigos.abelacosmetics.com\/corte-quimico-entenda-o-que-e-e-como-evitar\/#primaryimage"},"thumbnailUrl":"https:\/\/artigos.abelacosmetics.com\/wp-content\/uploads\/2023\/07\/corte-quimico.jpg","articleSection":["Conhe\u00e7a seus cabelos"],"inLanguage":"es","potentialAction":[{"@type":"CommentAction","name":"Comment","target":["https:\/\/artigos.abelacosmetics.com\/corte-quimico-entenda-o-que-e-e-como-evitar\/#respond"]}]},{"@type":"WebPage","@id":"https:\/\/artigos.abelacosmetics.com\/corte-quimico-entenda-o-que-e-e-como-evitar\/","url":"https:\/\/artigos.abelacosmetics.com\/corte-quimico-entenda-o-que-e-e-como-evitar\/","name":"Corte qu\u00edmico \u2013 Entenda o que \u00e9 e como evitar - Abela Cosmetics","isPartOf":{"@id":"https:\/\/artigos.abelacosmetics.com\/#website"},"primaryImageOfPage":{"@id":"https:\/\/artigos.abelacosmetics.com\/corte-quimico-entenda-o-que-e-e-como-evitar\/#primaryimage"},"image":{"@id":"https:\/\/artigos.abelacosmetics.com\/corte-quimico-entenda-o-que-e-e-como-evitar\/#primaryimage"},"thumbnailUrl":"https:\/\/artigos.abelacosmetics.com\/wp-content\/uploads\/2023\/07\/corte-quimico.jpg","datePublished":"2023-07-14T17:23:57+00:00","dateModified":"2023-07-14T17:34:21+00:00","description":"Se voc\u00ea est\u00e1 enfrentando o problema do corte qu\u00edmico ou teme que isso possa acontecer com voc\u00ea, entenda mais sobre e como evitar.","breadcrumb":{"@id":"https:\/\/artigos.abelacosmetics.com\/corte-quimico-entenda-o-que-e-e-como-evitar\/#breadcrumb"},"inLanguage":"es","potentialAction":[{"@type":"ReadAction","target":["https:\/\/artigos.abelacosmetics.com\/corte-quimico-entenda-o-que-e-e-como-evitar\/"]}]},{"@type":"ImageObject","inLanguage":"es","@id":"https:\/\/artigos.abelacosmetics.com\/corte-quimico-entenda-o-que-e-e-como-evitar\/#primaryimage","url":"https:\/\/artigos.abelacosmetics.com\/wp-content\/uploads\/2023\/07\/corte-quimico.jpg","contentUrl":"https:\/\/artigos.abelacosmetics.com\/wp-content\/uploads\/2023\/07\/corte-quimico.jpg","width":1304,"height":867},{"@type":"BreadcrumbList","@id":"https:\/\/artigos.abelacosmetics.com\/corte-quimico-entenda-o-que-e-e-como-evitar\/#breadcrumb","itemListElement":[{"@type":"ListItem","position":1,"name":"In\u00edcio","item":"https:\/\/artigos.abelacosmetics.com\/"},{"@type":"ListItem","position":2,"name":"Corte qu\u00edmico \u2013 Entenda o que \u00e9 e como evitar"}]},{"@type":"WebSite","@id":"https:\/\/artigos.abelacosmetics.com\/#website","url":"https:\/\/artigos.abelacosmetics.com\/","name":"Abela Cosmetics","description":"Cuidados para Cabelos \u00danicos","publisher":{"@id":"https:\/\/artigos.abelacosmetics.com\/#organization"},"potentialAction":[{"@type":"SearchAction","target":{"@type":"EntryPoint","urlTemplate":"https:\/\/artigos.abelacosmetics.com\/?s={search_term_string}"},"query-input":{"@type":"PropertyValueSpecification","valueRequired":true,"valueName":"search_term_string"}}],"inLanguage":"es"},{"@type":"Organization","@id":"https:\/\/artigos.abelacosmetics.com\/#organization","name":"Abela Cosmetics","url":"https:\/\/artigos.abelacosmetics.com\/","logo":{"@type":"ImageObject","inLanguage":"es","@id":"https:\/\/artigos.abelacosmetics.com\/#\/schema\/logo\/image\/","url":"https:\/\/artigos.abelacosmetics.com\/wp-content\/uploads\/2023\/02\/logo-abela.png","contentUrl":"https:\/\/artigos.abelacosmetics.com\/wp-content\/uploads\/2023\/02\/logo-abela.png","width":183,"height":90,"caption":"Abela Cosmetics"},"image":{"@id":"https:\/\/artigos.abelacosmetics.com\/#\/schema\/logo\/image\/"},"sameAs":["https:\/\/www.facebook.com\/abelacosmetics"]},{"@type":"Person","@id":"https:\/\/artigos.abelacosmetics.com\/#\/schema\/person\/edfb62cbd90939d461c4a8c40789d71d","name":"Abela Cosmetics","image":{"@type":"ImageObject","inLanguage":"es","@id":"https:\/\/artigos.abelacosmetics.com\/#\/schema\/person\/image\/","url":"https:\/\/secure.gravatar.com\/avatar\/95fb62d66c385283904611b47c12cc78279a169f8114f0affe7fb64dbf902d60?s=96&d=mm&r=g","contentUrl":"https:\/\/secure.gravatar.com\/avatar\/95fb62d66c385283904611b47c12cc78279a169f8114f0affe7fb64dbf902d60?s=96&d=mm&r=g","caption":"Abela Cosmetics"},"url":"https:\/\/artigos.abelacosmetics.com\/es\/author\/design2023\/"}]}},"_links":{"self":[{"href":"https:\/\/artigos.abelacosmetics.com\/es\/wp-json\/wp\/v2\/posts\/2846","targetHints":{"allow":["GET"]}}],"collection":[{"href":"https:\/\/artigos.abelacosmetics.com\/es\/wp-json\/wp\/v2\/posts"}],"about":[{"href":"https:\/\/artigos.abelacosmetics.com\/es\/wp-json\/wp\/v2\/types\/post"}],"author":[{"embeddable":true,"href":"https:\/\/artigos.abelacosmetics.com\/es\/wp-json\/wp\/v2\/users\/139"}],"replies":[{"embeddable":true,"href":"https:\/\/artigos.abelacosmetics.com\/es\/wp-json\/wp\/v2\/comments?post=2846"}],"version-history":[{"count":2,"href":"https:\/\/artigos.abelacosmetics.com\/es\/wp-json\/wp\/v2\/posts\/2846\/revisions"}],"predecessor-version":[{"id":2856,"href":"https:\/\/artigos.abelacosmetics.com\/es\/wp-json\/wp\/v2\/posts\/2846\/revisions\/2856"}],"wp:featuredmedia":[{"embeddable":true,"href":"https:\/\/artigos.abelacosmetics.com\/es\/wp-json\/wp\/v2\/media\/2849"}],"wp:attachment":[{"href":"https:\/\/artigos.abelacosmetics.com\/es\/wp-json\/wp\/v2\/media?parent=2846"}],"wp:term":[{"taxonomy":"category","embeddable":true,"href":"https:\/\/artigos.abelacosmetics.com\/es\/wp-json\/wp\/v2\/categories?post=2846"},{"taxonomy":"post_tag","embeddable":true,"href":"https:\/\/artigos.abelacosmetics.com\/es\/wp-json\/wp\/v2\/tags?post=2846"}],"curies":[{"name":"wp","href":"https:\/\/api.w.org\/{rel}","templated":true}]}}