{"id":2842,"date":"2023-07-14T14:10:51","date_gmt":"2023-07-14T17:10:51","guid":{"rendered":"https:\/\/artigos.abelacosmetics.com\/?p=2842"},"modified":"2023-07-14T14:10:51","modified_gmt":"2023-07-14T17:10:51","slug":"coletor-menstrual-tire-todas-as-duvidas-aqui","status":"publish","type":"post","link":"https:\/\/artigos.abelacosmetics.com\/es\/coletor-menstrual-tire-todas-as-duvidas-aqui\/","title":{"rendered":"Coletor Menstrual \u2013 Tire todas as d\u00favidas aqui"},"content":{"rendered":"<p>&nbsp;<\/p>\n<p>&nbsp;<\/p>\n<p>O <strong>coletor menstrual <\/strong>\u00e9 um dispositivo utilizado para coletar o fluxo menstrual. Ele \u00e9 feito de silicone e consegue se adaptar ao corpo da mulher, eliminando a necessidade de absorventes convencionais.<\/p>\n<p>&nbsp;<\/p>\n<audio class=\"wp-audio-shortcode\" id=\"audio-2842-1\" preload=\"none\" style=\"width: 100%;\" controls=\"controls\"><source type=\"audio\/mpeg\" src=\"https:\/\/artigos.abelacosmetics.com\/wp-content\/uploads\/2023\/07\/coletormenstrual.mp3?_=1\" \/><a href=\"https:\/\/artigos.abelacosmetics.com\/wp-content\/uploads\/2023\/07\/coletormenstrual.mp3\">https:\/\/artigos.abelacosmetics.com\/wp-content\/uploads\/2023\/07\/coletormenstrual.mp3<\/a><\/audio>\n<p>&nbsp;<\/p>\n<p>Al\u00e9m de ser uma op\u00e7\u00e3o econ\u00f4mica, ele tamb\u00e9m \u00e9 sustent\u00e1vel, uma vez que pode ser reutilizado, ao contr\u00e1rio dos absorventes descart\u00e1veis, que levam d\u00e9cadas para se decompor na natureza.<\/p>\n<p>Todavia, ainda h\u00e1 muitas d\u00favidas sobre o coletor menstrual. Por isso, hoje vamos responder as mais comuns. Acompanhe abaixo!<\/p>\n<p>&nbsp;<\/p>\n<p><img loading=\"lazy\" decoding=\"async\" class=\"alignnone wp-image-2844\" src=\"https:\/\/artigos.abelacosmetics.com\/wp-content\/uploads\/2023\/07\/coletor-menstrual.jpg\" alt=\"coletor menstrual\" width=\"542\" height=\"361\" srcset=\"https:\/\/artigos.abelacosmetics.com\/wp-content\/uploads\/2023\/07\/coletor-menstrual.jpg 1304w, https:\/\/artigos.abelacosmetics.com\/wp-content\/uploads\/2023\/07\/coletor-menstrual-300x200.jpg 300w, https:\/\/artigos.abelacosmetics.com\/wp-content\/uploads\/2023\/07\/coletor-menstrual-1024x683.jpg 1024w, https:\/\/artigos.abelacosmetics.com\/wp-content\/uploads\/2023\/07\/coletor-menstrual-768x512.jpg 768w, https:\/\/artigos.abelacosmetics.com\/wp-content\/uploads\/2023\/07\/coletor-menstrual-18x12.jpg 18w\" sizes=\"auto, (max-width: 542px) 100vw, 542px\" \/><\/p>\n<p>&nbsp;<\/p>\n<h2>O que \u00e9?<\/h2>\n<p>Um pequeno copo de silicone projetado para ser inserido internamente no canal vaginal, com a finalidade de coletar o fluxo menstrual.<\/p>\n<p>Ent\u00e3o, diferente dos absorventes tradicionais, o coletor oferece uma op\u00e7\u00e3o de uso mais sustent\u00e1vel e pr\u00e1tica, permitindo que as mulheres tenham maior liberdade de movimento durante o per\u00edodo menstrual.<\/p>\n<h2>\u00c9 f\u00e1cil de usar?<\/h2>\n<p>A inser\u00e7\u00e3o e remo\u00e7\u00e3o do coletor s\u00e3o procedimentos simples. Devido \u00e0 sua flexibilidade, basta dobr\u00e1-lo e inserir no canal vaginal, onde ele se abrir\u00e1 e come\u00e7ar\u00e1 a coletar o fluxo menstrual.<\/p>\n<h2>Como escolher o tamanho do coletor menstrual?<\/h2>\n<p>Os coletores menstruais est\u00e3o dispon\u00edveis em dois tamanhos: A e B. A escolha entre os tamanhos \u00e9 f\u00e1cil de entender e decidir, pois a diferen\u00e7a entre eles \u00e9 de apenas 3mm.<\/p>\n<p>Se voc\u00ea \u00e9 m\u00e3e, independentemente da sua idade ou tipo de parto, o tamanho do coletor recomendado para voc\u00ea \u00e9 o A. Se voc\u00ea tem mais de 30 anos, mesmo sem ter filhos, tamb\u00e9m \u00e9 indicado o tamanho A.<\/p>\n<p>Por outro lado, se voc\u00ea tem menos de 30 anos e n\u00e3o \u00e9 m\u00e3e, o tamanho recomendado para voc\u00ea \u00e9 o B. Essa diferencia\u00e7\u00e3o \u00e9 v\u00e1lida apenas nesse caso espec\u00edfico.<\/p>\n<p>Antes de adquirir o coletor, verifique na embalagem essa especifica\u00e7\u00e3o para garantir que est\u00e1 escolhendo o tamanho correto.<\/p>\n<h2>Qualquer mulher pode usar coletor menstrual?<\/h2>\n<p>O coletor pode ser utilizado por todas as mulheres. No entanto, \u00e9 importante mencionar que em mulheres que nunca tiveram rela\u00e7\u00e3o sexual, h\u00e1 um risco de rompimento do h\u00edmen, uma vez que o coletor precisa ser inserido na vagina.<\/p>\n<p>Al\u00e9m disso, algumas varia\u00e7\u00f5es anat\u00f4micas, como septos vaginais ou altera\u00e7\u00f5es no colo do \u00fatero (como \u00fatero didelfo), podem causar desconforto ou dor ao colocar o coletor menstrual.<\/p>\n<h2>Pode causar problemas de sa\u00fade?<\/h2>\n<p>Ao contr\u00e1rio do que se possa pensar, o uso do coletor menstrual reduz significativamente as chances de infec\u00e7\u00e3o.<\/p>\n<p>Isso porque, ele \u00e9 feito de silicone, um material inerte, o que significa que n\u00e3o serve como meio de cultivo para bact\u00e9rias, ao contr\u00e1rio dos absorventes internos.<\/p>\n<p>Sem contar que tamb\u00e9m n\u00e3o causa irrita\u00e7\u00e3o na pele, como os absorventes externos.<\/p>\n<p>Portanto, \u00e9 uma excelente op\u00e7\u00e3o para pessoas com alergia a absorventes.<\/p>\n<h2>D\u00f3i?<\/h2>\n<p>Ent\u00e3o, o uso do coletor n\u00e3o est\u00e1 associado ao aumento das c\u00f3licas menstruais.<\/p>\n<p>Sem contar que, quando inserido corretamente, voc\u00ea n\u00e3o deve sentir a presen\u00e7a do coletor dentro da vagina. Portanto, o coletor menstrual n\u00e3o d\u00f3i!<\/p>\n<h2>Quando esvaziar?<\/h2>\n<p>O coletor menstrual pode ser utilizado por at\u00e9 12 horas seguidas, mas \u00e9 importante descobrir a frequ\u00eancia ideal de acordo com o seu fluxo menstrual.<\/p>\n<p>Dependendo da intensidade do fluxo, pode ser necess\u00e1rio esvaziar o coletor em intervalos menores.<\/p>\n<p>Portanto, no primeiro ciclo de uso voc\u00ea poder\u00e1 ajustar o tempo de esvaziamento para encontrar o per\u00edodo mais adequado para a sua necessidade.<\/p>\n<h2>Como higienizar o coletor menstrual?<\/h2>\n<p>\u00c9 recomendado lavar o coletor com \u00e1gua e sab\u00e3o neutro durante os dias de menstrua\u00e7\u00e3o, seguindo a frequ\u00eancia em que ele \u00e9 esvaziado.<\/p>\n<p>Al\u00e9m disso, ap\u00f3s o t\u00e9rmino do per\u00edodo menstrual \u00e9 indicado ferv\u00ea-lo para uma higieniza\u00e7\u00e3o completa, preparando-o para o pr\u00f3ximo ciclo.<\/p>\n<p>A lavagem pode ser realizada na pia do banheiro com o aux\u00edlio de uma esponja ou durante o banho.<\/p>\n<p>\u00c9 importante garantir uma limpeza minuciosa para evitar a prolifera\u00e7\u00e3o de bact\u00e9rias no canal vaginal.<\/p>\n<p>No mais, o coletor menstrual n\u00e3o desenvolve mau cheiro quando utilizado e higienizado adequadamente.<\/p>\n<p>&nbsp;<\/p>\n<p>Ent\u00e3o, tirou todas as suas d\u00favidas sobre o coletor menstrual? Vale muito a pena utiliz\u00e1-lo, pois, al\u00e9m de sustent\u00e1vel, tem uma \u00f3tima durabilidade tamb\u00e9m.<\/p>\n<p>&nbsp;<\/p>","protected":false},"excerpt":{"rendered":"<p>&nbsp; &nbsp; O coletor menstrual \u00e9 um dispositivo utilizado para coletar o fluxo menstrual. Ele \u00e9 feito de silicone e consegue se adaptar ao corpo da mulher, eliminando a necessidade de absorventes convencionais. &nbsp; &nbsp; Al\u00e9m de ser uma op\u00e7\u00e3o econ\u00f4mica, ele tamb\u00e9m \u00e9 sustent\u00e1vel, uma vez que pode ser reutilizado, ao contr\u00e1rio dos absorventes [&hellip;]<\/p>","protected":false},"author":139,"featured_media":2844,"comment_status":"open","ping_status":"open","sticky":false,"template":"","format":"standard","meta":{"_acf_changed":false,"_mo_disable_npp":"","inline_featured_image":false,"footnotes":""},"categories":[31],"tags":[],"class_list":["post-2842","post","type-post","status-publish","format-standard","has-post-thumbnail","hentry","category-autocuidado"],"acf":[],"yoast_head":"<!-- This site is optimized with the Yoast SEO Premium plugin v19.2.1 (Yoast SEO v26.9) - https:\/\/yoast.com\/product\/yoast-seo-premium-wordpress\/ -->\n<title>Coletor Menstrual \u2013 Tire todas as d\u00favidas aqui - Abela Cosmetics<\/title>\n<meta name=\"description\" content=\"Voc\u00ea sabe o que \u00e9 um coletor menstrual? Tire todas as suas d\u00favidas e tenha maior liberdade de movimento durante o per\u00edodo menstrual.\" \/>\n<meta name=\"robots\" content=\"index, follow, max-snippet:-1, max-image-preview:large, max-video-preview:-1\" \/>\n<link rel=\"canonical\" href=\"https:\/\/artigos.abelacosmetics.com\/es\/coletor-menstrual-tire-todas-as-duvidas-aqui\/\" \/>\n<meta property=\"og:locale\" content=\"es_ES\" \/>\n<meta property=\"og:type\" content=\"article\" \/>\n<meta property=\"og:title\" content=\"Coletor Menstrual \u2013 Tire todas as d\u00favidas aqui\" \/>\n<meta property=\"og:description\" content=\"Voc\u00ea sabe o que \u00e9 um coletor menstrual? Tire todas as suas d\u00favidas e tenha maior liberdade de movimento durante o per\u00edodo menstrual.\" \/>\n<meta property=\"og:url\" content=\"https:\/\/artigos.abelacosmetics.com\/es\/coletor-menstrual-tire-todas-as-duvidas-aqui\/\" \/>\n<meta property=\"og:site_name\" content=\"Abela Cosmetics\" \/>\n<meta property=\"article:publisher\" content=\"https:\/\/www.facebook.com\/abelacosmetics\" \/>\n<meta property=\"article:published_time\" content=\"2023-07-14T17:10:51+00:00\" \/>\n<meta property=\"og:image\" content=\"https:\/\/artigos.abelacosmetics.com\/wp-content\/uploads\/2023\/07\/coletor-menstrual.jpg\" \/>\n\t<meta property=\"og:image:width\" content=\"1304\" \/>\n\t<meta property=\"og:image:height\" content=\"870\" \/>\n\t<meta property=\"og:image:type\" content=\"image\/jpeg\" \/>\n<meta name=\"author\" content=\"Abela Cosmetics\" \/>\n<meta name=\"twitter:card\" content=\"summary_large_image\" \/>\n<meta name=\"twitter:label1\" content=\"Escrito por\" \/>\n\t<meta name=\"twitter:data1\" content=\"Abela Cosmetics\" \/>\n\t<meta name=\"twitter:label2\" content=\"Tiempo de lectura\" \/>\n\t<meta name=\"twitter:data2\" content=\"4 minutos\" \/>\n<script type=\"application\/ld+json\" class=\"yoast-schema-graph\">{\"@context\":\"https:\/\/schema.org\",\"@graph\":[{\"@type\":\"Article\",\"@id\":\"https:\/\/artigos.abelacosmetics.com\/coletor-menstrual-tire-todas-as-duvidas-aqui\/#article\",\"isPartOf\":{\"@id\":\"https:\/\/artigos.abelacosmetics.com\/coletor-menstrual-tire-todas-as-duvidas-aqui\/\"},\"author\":{\"name\":\"Abela Cosmetics\",\"@id\":\"https:\/\/artigos.abelacosmetics.com\/#\/schema\/person\/edfb62cbd90939d461c4a8c40789d71d\"},\"headline\":\"Coletor Menstrual \u2013 Tire todas as d\u00favidas aqui\",\"datePublished\":\"2023-07-14T17:10:51+00:00\",\"mainEntityOfPage\":{\"@id\":\"https:\/\/artigos.abelacosmetics.com\/coletor-menstrual-tire-todas-as-duvidas-aqui\/\"},\"wordCount\":740,\"commentCount\":0,\"publisher\":{\"@id\":\"https:\/\/artigos.abelacosmetics.com\/#organization\"},\"image\":{\"@id\":\"https:\/\/artigos.abelacosmetics.com\/coletor-menstrual-tire-todas-as-duvidas-aqui\/#primaryimage\"},\"thumbnailUrl\":\"https:\/\/artigos.abelacosmetics.com\/wp-content\/uploads\/2023\/07\/coletor-menstrual.jpg\",\"articleSection\":[\"Autocuidado\"],\"inLanguage\":\"es\",\"potentialAction\":[{\"@type\":\"CommentAction\",\"name\":\"Comment\",\"target\":[\"https:\/\/artigos.abelacosmetics.com\/coletor-menstrual-tire-todas-as-duvidas-aqui\/#respond\"]}]},{\"@type\":\"WebPage\",\"@id\":\"https:\/\/artigos.abelacosmetics.com\/coletor-menstrual-tire-todas-as-duvidas-aqui\/\",\"url\":\"https:\/\/artigos.abelacosmetics.com\/coletor-menstrual-tire-todas-as-duvidas-aqui\/\",\"name\":\"Coletor Menstrual \u2013 Tire todas as d\u00favidas aqui - Abela Cosmetics\",\"isPartOf\":{\"@id\":\"https:\/\/artigos.abelacosmetics.com\/#website\"},\"primaryImageOfPage\":{\"@id\":\"https:\/\/artigos.abelacosmetics.com\/coletor-menstrual-tire-todas-as-duvidas-aqui\/#primaryimage\"},\"image\":{\"@id\":\"https:\/\/artigos.abelacosmetics.com\/coletor-menstrual-tire-todas-as-duvidas-aqui\/#primaryimage\"},\"thumbnailUrl\":\"https:\/\/artigos.abelacosmetics.com\/wp-content\/uploads\/2023\/07\/coletor-menstrual.jpg\",\"datePublished\":\"2023-07-14T17:10:51+00:00\",\"description\":\"Voc\u00ea sabe o que \u00e9 um coletor menstrual? Tire todas as suas d\u00favidas e tenha maior liberdade de movimento durante o per\u00edodo menstrual.\",\"breadcrumb\":{\"@id\":\"https:\/\/artigos.abelacosmetics.com\/coletor-menstrual-tire-todas-as-duvidas-aqui\/#breadcrumb\"},\"inLanguage\":\"es\",\"potentialAction\":[{\"@type\":\"ReadAction\",\"target\":[\"https:\/\/artigos.abelacosmetics.com\/coletor-menstrual-tire-todas-as-duvidas-aqui\/\"]}]},{\"@type\":\"ImageObject\",\"inLanguage\":\"es\",\"@id\":\"https:\/\/artigos.abelacosmetics.com\/coletor-menstrual-tire-todas-as-duvidas-aqui\/#primaryimage\",\"url\":\"https:\/\/artigos.abelacosmetics.com\/wp-content\/uploads\/2023\/07\/coletor-menstrual.jpg\",\"contentUrl\":\"https:\/\/artigos.abelacosmetics.com\/wp-content\/uploads\/2023\/07\/coletor-menstrual.jpg\",\"width\":1304,\"height\":870},{\"@type\":\"BreadcrumbList\",\"@id\":\"https:\/\/artigos.abelacosmetics.com\/coletor-menstrual-tire-todas-as-duvidas-aqui\/#breadcrumb\",\"itemListElement\":[{\"@type\":\"ListItem\",\"position\":1,\"name\":\"In\u00edcio\",\"item\":\"https:\/\/artigos.abelacosmetics.com\/\"},{\"@type\":\"ListItem\",\"position\":2,\"name\":\"Coletor Menstrual \u2013 Tire todas as d\u00favidas aqui\"}]},{\"@type\":\"WebSite\",\"@id\":\"https:\/\/artigos.abelacosmetics.com\/#website\",\"url\":\"https:\/\/artigos.abelacosmetics.com\/\",\"name\":\"Abela Cosmetics\",\"description\":\"Cuidados para Cabelos \u00danicos\",\"publisher\":{\"@id\":\"https:\/\/artigos.abelacosmetics.com\/#organization\"},\"potentialAction\":[{\"@type\":\"SearchAction\",\"target\":{\"@type\":\"EntryPoint\",\"urlTemplate\":\"https:\/\/artigos.abelacosmetics.com\/?s={search_term_string}\"},\"query-input\":{\"@type\":\"PropertyValueSpecification\",\"valueRequired\":true,\"valueName\":\"search_term_string\"}}],\"inLanguage\":\"es\"},{\"@type\":\"Organization\",\"@id\":\"https:\/\/artigos.abelacosmetics.com\/#organization\",\"name\":\"Abela Cosmetics\",\"url\":\"https:\/\/artigos.abelacosmetics.com\/\",\"logo\":{\"@type\":\"ImageObject\",\"inLanguage\":\"es\",\"@id\":\"https:\/\/artigos.abelacosmetics.com\/#\/schema\/logo\/image\/\",\"url\":\"https:\/\/artigos.abelacosmetics.com\/wp-content\/uploads\/2023\/02\/logo-abela.png\",\"contentUrl\":\"https:\/\/artigos.abelacosmetics.com\/wp-content\/uploads\/2023\/02\/logo-abela.png\",\"width\":183,\"height\":90,\"caption\":\"Abela Cosmetics\"},\"image\":{\"@id\":\"https:\/\/artigos.abelacosmetics.com\/#\/schema\/logo\/image\/\"},\"sameAs\":[\"https:\/\/www.facebook.com\/abelacosmetics\"]},{\"@type\":\"Person\",\"@id\":\"https:\/\/artigos.abelacosmetics.com\/#\/schema\/person\/edfb62cbd90939d461c4a8c40789d71d\",\"name\":\"Abela Cosmetics\",\"image\":{\"@type\":\"ImageObject\",\"inLanguage\":\"es\",\"@id\":\"https:\/\/artigos.abelacosmetics.com\/#\/schema\/person\/image\/\",\"url\":\"https:\/\/secure.gravatar.com\/avatar\/95fb62d66c385283904611b47c12cc78279a169f8114f0affe7fb64dbf902d60?s=96&d=mm&r=g\",\"contentUrl\":\"https:\/\/secure.gravatar.com\/avatar\/95fb62d66c385283904611b47c12cc78279a169f8114f0affe7fb64dbf902d60?s=96&d=mm&r=g\",\"caption\":\"Abela Cosmetics\"},\"url\":\"https:\/\/artigos.abelacosmetics.com\/es\/author\/design2023\/\"}]}<\/script>\n<!-- \/ Yoast SEO Premium plugin. -->","yoast_head_json":{"title":"Coletor Menstrual \u2013 Tire todas as d\u00favidas aqui - Abela Cosmetics","description":"Voc\u00ea sabe o que \u00e9 um coletor menstrual? Tire todas as suas d\u00favidas e tenha maior liberdade de movimento durante o per\u00edodo menstrual.","robots":{"index":"index","follow":"follow","max-snippet":"max-snippet:-1","max-image-preview":"max-image-preview:large","max-video-preview":"max-video-preview:-1"},"canonical":"https:\/\/artigos.abelacosmetics.com\/es\/coletor-menstrual-tire-todas-as-duvidas-aqui\/","og_locale":"es_ES","og_type":"article","og_title":"Coletor Menstrual \u2013 Tire todas as d\u00favidas aqui","og_description":"Voc\u00ea sabe o que \u00e9 um coletor menstrual? Tire todas as suas d\u00favidas e tenha maior liberdade de movimento durante o per\u00edodo menstrual.","og_url":"https:\/\/artigos.abelacosmetics.com\/es\/coletor-menstrual-tire-todas-as-duvidas-aqui\/","og_site_name":"Abela Cosmetics","article_publisher":"https:\/\/www.facebook.com\/abelacosmetics","article_published_time":"2023-07-14T17:10:51+00:00","og_image":[{"width":1304,"height":870,"url":"https:\/\/artigos.abelacosmetics.com\/wp-content\/uploads\/2023\/07\/coletor-menstrual.jpg","type":"image\/jpeg"}],"author":"Abela Cosmetics","twitter_card":"summary_large_image","twitter_misc":{"Escrito por":"Abela Cosmetics","Tiempo de lectura":"4 minutos"},"schema":{"@context":"https:\/\/schema.org","@graph":[{"@type":"Article","@id":"https:\/\/artigos.abelacosmetics.com\/coletor-menstrual-tire-todas-as-duvidas-aqui\/#article","isPartOf":{"@id":"https:\/\/artigos.abelacosmetics.com\/coletor-menstrual-tire-todas-as-duvidas-aqui\/"},"author":{"name":"Abela Cosmetics","@id":"https:\/\/artigos.abelacosmetics.com\/#\/schema\/person\/edfb62cbd90939d461c4a8c40789d71d"},"headline":"Coletor Menstrual \u2013 Tire todas as d\u00favidas aqui","datePublished":"2023-07-14T17:10:51+00:00","mainEntityOfPage":{"@id":"https:\/\/artigos.abelacosmetics.com\/coletor-menstrual-tire-todas-as-duvidas-aqui\/"},"wordCount":740,"commentCount":0,"publisher":{"@id":"https:\/\/artigos.abelacosmetics.com\/#organization"},"image":{"@id":"https:\/\/artigos.abelacosmetics.com\/coletor-menstrual-tire-todas-as-duvidas-aqui\/#primaryimage"},"thumbnailUrl":"https:\/\/artigos.abelacosmetics.com\/wp-content\/uploads\/2023\/07\/coletor-menstrual.jpg","articleSection":["Autocuidado"],"inLanguage":"es","potentialAction":[{"@type":"CommentAction","name":"Comment","target":["https:\/\/artigos.abelacosmetics.com\/coletor-menstrual-tire-todas-as-duvidas-aqui\/#respond"]}]},{"@type":"WebPage","@id":"https:\/\/artigos.abelacosmetics.com\/coletor-menstrual-tire-todas-as-duvidas-aqui\/","url":"https:\/\/artigos.abelacosmetics.com\/coletor-menstrual-tire-todas-as-duvidas-aqui\/","name":"Coletor Menstrual \u2013 Tire todas as d\u00favidas aqui - Abela Cosmetics","isPartOf":{"@id":"https:\/\/artigos.abelacosmetics.com\/#website"},"primaryImageOfPage":{"@id":"https:\/\/artigos.abelacosmetics.com\/coletor-menstrual-tire-todas-as-duvidas-aqui\/#primaryimage"},"image":{"@id":"https:\/\/artigos.abelacosmetics.com\/coletor-menstrual-tire-todas-as-duvidas-aqui\/#primaryimage"},"thumbnailUrl":"https:\/\/artigos.abelacosmetics.com\/wp-content\/uploads\/2023\/07\/coletor-menstrual.jpg","datePublished":"2023-07-14T17:10:51+00:00","description":"Voc\u00ea sabe o que \u00e9 um coletor menstrual? Tire todas as suas d\u00favidas e tenha maior liberdade de movimento durante o per\u00edodo menstrual.","breadcrumb":{"@id":"https:\/\/artigos.abelacosmetics.com\/coletor-menstrual-tire-todas-as-duvidas-aqui\/#breadcrumb"},"inLanguage":"es","potentialAction":[{"@type":"ReadAction","target":["https:\/\/artigos.abelacosmetics.com\/coletor-menstrual-tire-todas-as-duvidas-aqui\/"]}]},{"@type":"ImageObject","inLanguage":"es","@id":"https:\/\/artigos.abelacosmetics.com\/coletor-menstrual-tire-todas-as-duvidas-aqui\/#primaryimage","url":"https:\/\/artigos.abelacosmetics.com\/wp-content\/uploads\/2023\/07\/coletor-menstrual.jpg","contentUrl":"https:\/\/artigos.abelacosmetics.com\/wp-content\/uploads\/2023\/07\/coletor-menstrual.jpg","width":1304,"height":870},{"@type":"BreadcrumbList","@id":"https:\/\/artigos.abelacosmetics.com\/coletor-menstrual-tire-todas-as-duvidas-aqui\/#breadcrumb","itemListElement":[{"@type":"ListItem","position":1,"name":"In\u00edcio","item":"https:\/\/artigos.abelacosmetics.com\/"},{"@type":"ListItem","position":2,"name":"Coletor Menstrual \u2013 Tire todas as d\u00favidas aqui"}]},{"@type":"WebSite","@id":"https:\/\/artigos.abelacosmetics.com\/#website","url":"https:\/\/artigos.abelacosmetics.com\/","name":"Abela Cosmetics","description":"Cuidados para Cabelos \u00danicos","publisher":{"@id":"https:\/\/artigos.abelacosmetics.com\/#organization"},"potentialAction":[{"@type":"SearchAction","target":{"@type":"EntryPoint","urlTemplate":"https:\/\/artigos.abelacosmetics.com\/?s={search_term_string}"},"query-input":{"@type":"PropertyValueSpecification","valueRequired":true,"valueName":"search_term_string"}}],"inLanguage":"es"},{"@type":"Organization","@id":"https:\/\/artigos.abelacosmetics.com\/#organization","name":"Abela Cosmetics","url":"https:\/\/artigos.abelacosmetics.com\/","logo":{"@type":"ImageObject","inLanguage":"es","@id":"https:\/\/artigos.abelacosmetics.com\/#\/schema\/logo\/image\/","url":"https:\/\/artigos.abelacosmetics.com\/wp-content\/uploads\/2023\/02\/logo-abela.png","contentUrl":"https:\/\/artigos.abelacosmetics.com\/wp-content\/uploads\/2023\/02\/logo-abela.png","width":183,"height":90,"caption":"Abela Cosmetics"},"image":{"@id":"https:\/\/artigos.abelacosmetics.com\/#\/schema\/logo\/image\/"},"sameAs":["https:\/\/www.facebook.com\/abelacosmetics"]},{"@type":"Person","@id":"https:\/\/artigos.abelacosmetics.com\/#\/schema\/person\/edfb62cbd90939d461c4a8c40789d71d","name":"Abela Cosmetics","image":{"@type":"ImageObject","inLanguage":"es","@id":"https:\/\/artigos.abelacosmetics.com\/#\/schema\/person\/image\/","url":"https:\/\/secure.gravatar.com\/avatar\/95fb62d66c385283904611b47c12cc78279a169f8114f0affe7fb64dbf902d60?s=96&d=mm&r=g","contentUrl":"https:\/\/secure.gravatar.com\/avatar\/95fb62d66c385283904611b47c12cc78279a169f8114f0affe7fb64dbf902d60?s=96&d=mm&r=g","caption":"Abela Cosmetics"},"url":"https:\/\/artigos.abelacosmetics.com\/es\/author\/design2023\/"}]}},"_links":{"self":[{"href":"https:\/\/artigos.abelacosmetics.com\/es\/wp-json\/wp\/v2\/posts\/2842","targetHints":{"allow":["GET"]}}],"collection":[{"href":"https:\/\/artigos.abelacosmetics.com\/es\/wp-json\/wp\/v2\/posts"}],"about":[{"href":"https:\/\/artigos.abelacosmetics.com\/es\/wp-json\/wp\/v2\/types\/post"}],"author":[{"embeddable":true,"href":"https:\/\/artigos.abelacosmetics.com\/es\/wp-json\/wp\/v2\/users\/139"}],"replies":[{"embeddable":true,"href":"https:\/\/artigos.abelacosmetics.com\/es\/wp-json\/wp\/v2\/comments?post=2842"}],"version-history":[{"count":1,"href":"https:\/\/artigos.abelacosmetics.com\/es\/wp-json\/wp\/v2\/posts\/2842\/revisions"}],"predecessor-version":[{"id":2845,"href":"https:\/\/artigos.abelacosmetics.com\/es\/wp-json\/wp\/v2\/posts\/2842\/revisions\/2845"}],"wp:featuredmedia":[{"embeddable":true,"href":"https:\/\/artigos.abelacosmetics.com\/es\/wp-json\/wp\/v2\/media\/2844"}],"wp:attachment":[{"href":"https:\/\/artigos.abelacosmetics.com\/es\/wp-json\/wp\/v2\/media?parent=2842"}],"wp:term":[{"taxonomy":"category","embeddable":true,"href":"https:\/\/artigos.abelacosmetics.com\/es\/wp-json\/wp\/v2\/categories?post=2842"},{"taxonomy":"post_tag","embeddable":true,"href":"https:\/\/artigos.abelacosmetics.com\/es\/wp-json\/wp\/v2\/tags?post=2842"}],"curies":[{"name":"wp","href":"https:\/\/api.w.org\/{rel}","templated":true}]}}