{"id":2826,"date":"2023-07-14T13:46:06","date_gmt":"2023-07-14T16:46:06","guid":{"rendered":"https:\/\/artigos.abelacosmetics.com\/?p=2826"},"modified":"2023-07-14T13:55:08","modified_gmt":"2023-07-14T16:55:08","slug":"queda-de-cabelo-causas-e-como-tratar","status":"publish","type":"post","link":"https:\/\/artigos.abelacosmetics.com\/es\/queda-de-cabelo-causas-e-como-tratar\/","title":{"rendered":"Queda de cabelo: Causas e como tratar"},"content":{"rendered":"<p>&nbsp;<\/p>\n<p>&nbsp;<\/p>\n<p>J\u00e1 aconteceu de voc\u00ea pentear o cabelo e se assustar com a quantidade de fios que ca\u00edram na escova? A <strong>queda de cabelo <\/strong>\u00e9 normal e diariamente se perde de 60 a 100 fios.<\/p>\n<p>&nbsp;<\/p>\n<audio class=\"wp-audio-shortcode\" id=\"audio-2826-1\" preload=\"none\" style=\"width: 100%;\" controls=\"controls\"><source type=\"audio\/mpeg\" src=\"https:\/\/artigos.abelacosmetics.com\/wp-content\/uploads\/2023\/07\/quedadecabelo.mp3?_=1\" \/><a href=\"https:\/\/artigos.abelacosmetics.com\/wp-content\/uploads\/2023\/07\/quedadecabelo.mp3\">https:\/\/artigos.abelacosmetics.com\/wp-content\/uploads\/2023\/07\/quedadecabelo.mp3<\/a><\/audio>\n<p>&nbsp;<\/p>\n<p>No entanto, se voc\u00ea perceber que essa queda \u00e9 exagerada e de forma cont\u00ednua, ent\u00e3o \u00e9 importante entender melhor o assunto e descobrir as poss\u00edveis raz\u00f5es para poder cuidar dos seus fios.<\/p>\n<p>Para te ajudar, criamos este conte\u00fado explicando as causas e como tratar a queda de cabelo. Acompanhe abaixo!<\/p>\n<p>&nbsp;<\/p>\n<p><img loading=\"lazy\" decoding=\"async\" class=\"alignnone wp-image-2830\" src=\"https:\/\/artigos.abelacosmetics.com\/wp-content\/uploads\/2023\/07\/queda-de-cabelo-1-300x168.png\" alt=\"queda de cabelo\" width=\"441\" height=\"247\" srcset=\"https:\/\/artigos.abelacosmetics.com\/wp-content\/uploads\/2023\/07\/queda-de-cabelo-1-300x168.png 300w, https:\/\/artigos.abelacosmetics.com\/wp-content\/uploads\/2023\/07\/queda-de-cabelo-1-768x431.png 768w, https:\/\/artigos.abelacosmetics.com\/wp-content\/uploads\/2023\/07\/queda-de-cabelo-1-18x10.png 18w, https:\/\/artigos.abelacosmetics.com\/wp-content\/uploads\/2023\/07\/queda-de-cabelo-1.png 889w\" sizes=\"auto, (max-width: 441px) 100vw, 441px\" \/><\/p>\n<h2>Queda de cabelo \u2013 Principais causas<\/h2>\n<p>Ent\u00e3o, v\u00e1rias podem ser as causas para a queda dos fios. Abaixo apresentamos as principais. Veja!<\/p>\n<h3>Falta de nutrientes<\/h3>\n<p>Quando o corpo n\u00e3o recebe os nutrientes, vitaminas e minerais necess\u00e1rios, como ferro, vitamina A e vitamina C, isso pode levar \u00e0 queda dos fios.<\/p>\n<h3>Estresse<\/h3>\n<p>Quem lida com estresse e ansiedade sabe o quanto esses sentimentos podem afetar diversos aspectos da vida, incluindo a sa\u00fade dos cabelos.<\/p>\n<p>Isso porque, ambos podem causar um desequil\u00edbrio no horm\u00f4nio do estresse, o cortisol, que tem a fun\u00e7\u00e3o de controlar o estresse, reduzir inflama\u00e7\u00f5es e contribuir para o sistema imunol\u00f3gico.<\/p>\n<p>Logo, esse desequil\u00edbrio tem o potencial de aumentar a queda de cabelo e interromper o crescimento de novos fios.<\/p>\n<h3>Mudan\u00e7as hormonais<\/h3>\n<p>A perda de cabelo tamb\u00e9m pode estar associada a mudan\u00e7as hormonais, como aquelas que ocorrem durante ou ap\u00f3s a gravidez, assim como durante a adolesc\u00eancia.<\/p>\n<p>\u00c9 comum que algumas mulheres experimentem uma queda tempor\u00e1ria de cabelo ao mudar de contraceptivo ou iniciar um novo m\u00e9todo contraceptivo.<\/p>\n<p>No entanto, se a queda de cabelo persistir por um longo per\u00edodo, \u00e9 sinal de que algo est\u00e1 errado.<\/p>\n<h3>Produtos qu\u00edmicos<\/h3>\n<p>\u00c9 importante tomar precau\u00e7\u00f5es adicionais ao utilizar produtos qu\u00edmicos no cabelo.<\/p>\n<p>Ent\u00e3o, tinturas, descolorantes, alisantes e outros tratamentos qu\u00edmicos podem causar danos aos fios, especialmente se forem aplicados sem o acompanhamento de profissionais qualificados.<\/p>\n<p>Esses procedimentos podem resultar em queda excessiva de cabelo ou at\u00e9 mesmo em danos severos aos fios, conhecidos como &#8220;corte qu\u00edmico&#8221;.<\/p>\n<h2>Como tratar a queda de cabelo?<\/h2>\n<p>\u00c9 fundamental ressaltar que, se voc\u00ea est\u00e1 enfrentando uma queda excessiva de cabelo h\u00e1 um longo per\u00edodo, procurar a ajuda de profissionais especializados \u00e9 sempre a melhor op\u00e7\u00e3o.<\/p>\n<p>Dessa forma, voc\u00ea receber\u00e1 um diagn\u00f3stico mais preciso e um tratamento espec\u00edfico para o seu caso.<\/p>\n<p>Al\u00e9m disso, adotar alguns cuidados extras e manter seus cabelos saud\u00e1veis pode ajudar a reduzir a queda. Confira!<\/p>\n<h3>Mantenha os cabelos limpos<\/h3>\n<p>Pode acreditar, parar de lavar o cabelo n\u00e3o vai impedir que ele caia. Na verdade, \u00e9 essencial manter o couro cabeludo e os fios limpos, pois o ac\u00famulo de sujeira pode piorar a queda de cabelo.<\/p>\n<p>Ah, e lembre-se: o ideal \u00e9 lavar o cabelo com \u00e1gua morna, evitando temperaturas muito quentes ou muito frias.<\/p>\n<h3>Proteja seus fios de altas temperaturas<\/h3>\n<p>Voc\u00ea tem o h\u00e1bito de secar o cabelo com frequ\u00eancia? Usa chapinha ou modelador de cachos?<\/p>\n<p>Ent\u00e3o, se sim, \u00e9 crucial proteger seus fios do calor! Isso ocorre porque as altas temperaturas desses aparelhos podem danificar e aumentar a quebra e a queda de cabelo.<\/p>\n<p>Assim, opte pelo uso de protetor t\u00e9rmico, especialmente aqueles que blindam o cabelo contra altas temperaturas.<\/p>\n<h3>Utilize produtos de qualidade e adequados para o seu cabelo<\/h3>\n<p>Por fim, para acabar com a queda de cabelo, utilize produtos de qualidade e que sejam adequados para os seus fios.<\/p>\n<p>Isso porque, os produtos certos fornecem a nutri\u00e7\u00e3o adequada para as madeixas, fortalecendo os fol\u00edculos capilares.<\/p>\n<p>Assim, protegem contra danos externos, acabando com a queda e preservando o volume e a densidade dos fios.<\/p>\n<p>&nbsp;<\/p>\n<p>Agora que voc\u00ea conhece as principais raz\u00f5es para a queda de cabelo e conferiu algumas medidas para tratar esse problema. Ent\u00e3o, o momento \u00e9 agora de cuidar dos seus fios.<\/p>","protected":false},"excerpt":{"rendered":"<p>&nbsp; &nbsp; J\u00e1 aconteceu de voc\u00ea pentear o cabelo e se assustar com a quantidade de fios que ca\u00edram na escova? A queda de cabelo \u00e9 normal e diariamente se perde de 60 a 100 fios. &nbsp; &nbsp; No entanto, se voc\u00ea perceber que essa queda \u00e9 exagerada e de forma cont\u00ednua, ent\u00e3o \u00e9 importante [&hellip;]<\/p>","protected":false},"author":139,"featured_media":2830,"comment_status":"open","ping_status":"open","sticky":false,"template":"","format":"standard","meta":{"_acf_changed":false,"_mo_disable_npp":"","inline_featured_image":false,"footnotes":""},"categories":[30,1],"tags":[],"class_list":["post-2826","post","type-post","status-publish","format-standard","has-post-thumbnail","hentry","category-conheca-seus-cabelos","category-novidades"],"acf":[],"yoast_head":"<!-- This site is optimized with the Yoast SEO Premium plugin v19.2.1 (Yoast SEO v26.9) - https:\/\/yoast.com\/product\/yoast-seo-premium-wordpress\/ -->\n<title>Queda de cabelo: Causas e como tratar - Abela Cosmetics<\/title>\n<meta name=\"description\" content=\"Conhe\u00e7a as principais raz\u00f5es para a queda de cabelo e algumas medidas para tratar esse problema. O momento \u00e9 agora de cuidar dos seus fios.\" \/>\n<meta name=\"robots\" content=\"index, follow, max-snippet:-1, max-image-preview:large, max-video-preview:-1\" \/>\n<link rel=\"canonical\" href=\"https:\/\/artigos.abelacosmetics.com\/es\/queda-de-cabelo-causas-e-como-tratar\/\" \/>\n<meta property=\"og:locale\" content=\"es_ES\" \/>\n<meta property=\"og:type\" content=\"article\" \/>\n<meta property=\"og:title\" content=\"Queda de cabelo: Causas e como tratar\" \/>\n<meta property=\"og:description\" content=\"Conhe\u00e7a as principais raz\u00f5es para a queda de cabelo e algumas medidas para tratar esse problema. O momento \u00e9 agora de cuidar dos seus fios.\" \/>\n<meta property=\"og:url\" content=\"https:\/\/artigos.abelacosmetics.com\/es\/queda-de-cabelo-causas-e-como-tratar\/\" \/>\n<meta property=\"og:site_name\" content=\"Abela Cosmetics\" \/>\n<meta property=\"article:publisher\" content=\"https:\/\/www.facebook.com\/abelacosmetics\" \/>\n<meta property=\"article:published_time\" content=\"2023-07-14T16:46:06+00:00\" \/>\n<meta property=\"article:modified_time\" content=\"2023-07-14T16:55:08+00:00\" \/>\n<meta property=\"og:image\" content=\"https:\/\/artigos.abelacosmetics.com\/wp-content\/uploads\/2023\/07\/queda-de-cabelo-1.png\" \/>\n\t<meta property=\"og:image:width\" content=\"889\" \/>\n\t<meta property=\"og:image:height\" content=\"499\" \/>\n\t<meta property=\"og:image:type\" content=\"image\/png\" \/>\n<meta name=\"author\" content=\"Abela Cosmetics\" \/>\n<meta name=\"twitter:card\" content=\"summary_large_image\" \/>\n<meta name=\"twitter:label1\" content=\"Escrito por\" \/>\n\t<meta name=\"twitter:data1\" content=\"Abela Cosmetics\" \/>\n\t<meta name=\"twitter:label2\" content=\"Tiempo de lectura\" \/>\n\t<meta name=\"twitter:data2\" content=\"4 minutos\" \/>\n<script type=\"application\/ld+json\" class=\"yoast-schema-graph\">{\"@context\":\"https:\/\/schema.org\",\"@graph\":[{\"@type\":\"Article\",\"@id\":\"https:\/\/artigos.abelacosmetics.com\/queda-de-cabelo-causas-e-como-tratar\/#article\",\"isPartOf\":{\"@id\":\"https:\/\/artigos.abelacosmetics.com\/queda-de-cabelo-causas-e-como-tratar\/\"},\"author\":{\"name\":\"Abela Cosmetics\",\"@id\":\"https:\/\/artigos.abelacosmetics.com\/#\/schema\/person\/edfb62cbd90939d461c4a8c40789d71d\"},\"headline\":\"Queda de cabelo: Causas e como tratar\",\"datePublished\":\"2023-07-14T16:46:06+00:00\",\"dateModified\":\"2023-07-14T16:55:08+00:00\",\"mainEntityOfPage\":{\"@id\":\"https:\/\/artigos.abelacosmetics.com\/queda-de-cabelo-causas-e-como-tratar\/\"},\"wordCount\":673,\"commentCount\":0,\"publisher\":{\"@id\":\"https:\/\/artigos.abelacosmetics.com\/#organization\"},\"image\":{\"@id\":\"https:\/\/artigos.abelacosmetics.com\/queda-de-cabelo-causas-e-como-tratar\/#primaryimage\"},\"thumbnailUrl\":\"https:\/\/artigos.abelacosmetics.com\/wp-content\/uploads\/2023\/07\/queda-de-cabelo-1.png\",\"articleSection\":[\"Conhe\u00e7a seus cabelos\",\"Novidades\"],\"inLanguage\":\"es\",\"potentialAction\":[{\"@type\":\"CommentAction\",\"name\":\"Comment\",\"target\":[\"https:\/\/artigos.abelacosmetics.com\/queda-de-cabelo-causas-e-como-tratar\/#respond\"]}]},{\"@type\":\"WebPage\",\"@id\":\"https:\/\/artigos.abelacosmetics.com\/queda-de-cabelo-causas-e-como-tratar\/\",\"url\":\"https:\/\/artigos.abelacosmetics.com\/queda-de-cabelo-causas-e-como-tratar\/\",\"name\":\"Queda de cabelo: Causas e como tratar - Abela Cosmetics\",\"isPartOf\":{\"@id\":\"https:\/\/artigos.abelacosmetics.com\/#website\"},\"primaryImageOfPage\":{\"@id\":\"https:\/\/artigos.abelacosmetics.com\/queda-de-cabelo-causas-e-como-tratar\/#primaryimage\"},\"image\":{\"@id\":\"https:\/\/artigos.abelacosmetics.com\/queda-de-cabelo-causas-e-como-tratar\/#primaryimage\"},\"thumbnailUrl\":\"https:\/\/artigos.abelacosmetics.com\/wp-content\/uploads\/2023\/07\/queda-de-cabelo-1.png\",\"datePublished\":\"2023-07-14T16:46:06+00:00\",\"dateModified\":\"2023-07-14T16:55:08+00:00\",\"description\":\"Conhe\u00e7a as principais raz\u00f5es para a queda de cabelo e algumas medidas para tratar esse problema. O momento \u00e9 agora de cuidar dos seus fios.\",\"breadcrumb\":{\"@id\":\"https:\/\/artigos.abelacosmetics.com\/queda-de-cabelo-causas-e-como-tratar\/#breadcrumb\"},\"inLanguage\":\"es\",\"potentialAction\":[{\"@type\":\"ReadAction\",\"target\":[\"https:\/\/artigos.abelacosmetics.com\/queda-de-cabelo-causas-e-como-tratar\/\"]}]},{\"@type\":\"ImageObject\",\"inLanguage\":\"es\",\"@id\":\"https:\/\/artigos.abelacosmetics.com\/queda-de-cabelo-causas-e-como-tratar\/#primaryimage\",\"url\":\"https:\/\/artigos.abelacosmetics.com\/wp-content\/uploads\/2023\/07\/queda-de-cabelo-1.png\",\"contentUrl\":\"https:\/\/artigos.abelacosmetics.com\/wp-content\/uploads\/2023\/07\/queda-de-cabelo-1.png\",\"width\":889,\"height\":499},{\"@type\":\"BreadcrumbList\",\"@id\":\"https:\/\/artigos.abelacosmetics.com\/queda-de-cabelo-causas-e-como-tratar\/#breadcrumb\",\"itemListElement\":[{\"@type\":\"ListItem\",\"position\":1,\"name\":\"In\u00edcio\",\"item\":\"https:\/\/artigos.abelacosmetics.com\/\"},{\"@type\":\"ListItem\",\"position\":2,\"name\":\"Queda de cabelo: Causas e como tratar\"}]},{\"@type\":\"WebSite\",\"@id\":\"https:\/\/artigos.abelacosmetics.com\/#website\",\"url\":\"https:\/\/artigos.abelacosmetics.com\/\",\"name\":\"Abela Cosmetics\",\"description\":\"Cuidados para Cabelos \u00danicos\",\"publisher\":{\"@id\":\"https:\/\/artigos.abelacosmetics.com\/#organization\"},\"potentialAction\":[{\"@type\":\"SearchAction\",\"target\":{\"@type\":\"EntryPoint\",\"urlTemplate\":\"https:\/\/artigos.abelacosmetics.com\/?s={search_term_string}\"},\"query-input\":{\"@type\":\"PropertyValueSpecification\",\"valueRequired\":true,\"valueName\":\"search_term_string\"}}],\"inLanguage\":\"es\"},{\"@type\":\"Organization\",\"@id\":\"https:\/\/artigos.abelacosmetics.com\/#organization\",\"name\":\"Abela Cosmetics\",\"url\":\"https:\/\/artigos.abelacosmetics.com\/\",\"logo\":{\"@type\":\"ImageObject\",\"inLanguage\":\"es\",\"@id\":\"https:\/\/artigos.abelacosmetics.com\/#\/schema\/logo\/image\/\",\"url\":\"https:\/\/artigos.abelacosmetics.com\/wp-content\/uploads\/2023\/02\/logo-abela.png\",\"contentUrl\":\"https:\/\/artigos.abelacosmetics.com\/wp-content\/uploads\/2023\/02\/logo-abela.png\",\"width\":183,\"height\":90,\"caption\":\"Abela Cosmetics\"},\"image\":{\"@id\":\"https:\/\/artigos.abelacosmetics.com\/#\/schema\/logo\/image\/\"},\"sameAs\":[\"https:\/\/www.facebook.com\/abelacosmetics\"]},{\"@type\":\"Person\",\"@id\":\"https:\/\/artigos.abelacosmetics.com\/#\/schema\/person\/edfb62cbd90939d461c4a8c40789d71d\",\"name\":\"Abela Cosmetics\",\"image\":{\"@type\":\"ImageObject\",\"inLanguage\":\"es\",\"@id\":\"https:\/\/artigos.abelacosmetics.com\/#\/schema\/person\/image\/\",\"url\":\"https:\/\/secure.gravatar.com\/avatar\/95fb62d66c385283904611b47c12cc78279a169f8114f0affe7fb64dbf902d60?s=96&d=mm&r=g\",\"contentUrl\":\"https:\/\/secure.gravatar.com\/avatar\/95fb62d66c385283904611b47c12cc78279a169f8114f0affe7fb64dbf902d60?s=96&d=mm&r=g\",\"caption\":\"Abela Cosmetics\"},\"url\":\"https:\/\/artigos.abelacosmetics.com\/es\/author\/design2023\/\"}]}<\/script>\n<!-- \/ Yoast SEO Premium plugin. -->","yoast_head_json":{"title":"Queda de cabelo: Causas e como tratar - Abela Cosmetics","description":"Conhe\u00e7a as principais raz\u00f5es para a queda de cabelo e algumas medidas para tratar esse problema. O momento \u00e9 agora de cuidar dos seus fios.","robots":{"index":"index","follow":"follow","max-snippet":"max-snippet:-1","max-image-preview":"max-image-preview:large","max-video-preview":"max-video-preview:-1"},"canonical":"https:\/\/artigos.abelacosmetics.com\/es\/queda-de-cabelo-causas-e-como-tratar\/","og_locale":"es_ES","og_type":"article","og_title":"Queda de cabelo: Causas e como tratar","og_description":"Conhe\u00e7a as principais raz\u00f5es para a queda de cabelo e algumas medidas para tratar esse problema. O momento \u00e9 agora de cuidar dos seus fios.","og_url":"https:\/\/artigos.abelacosmetics.com\/es\/queda-de-cabelo-causas-e-como-tratar\/","og_site_name":"Abela Cosmetics","article_publisher":"https:\/\/www.facebook.com\/abelacosmetics","article_published_time":"2023-07-14T16:46:06+00:00","article_modified_time":"2023-07-14T16:55:08+00:00","og_image":[{"width":889,"height":499,"url":"https:\/\/artigos.abelacosmetics.com\/wp-content\/uploads\/2023\/07\/queda-de-cabelo-1.png","type":"image\/png"}],"author":"Abela Cosmetics","twitter_card":"summary_large_image","twitter_misc":{"Escrito por":"Abela Cosmetics","Tiempo de lectura":"4 minutos"},"schema":{"@context":"https:\/\/schema.org","@graph":[{"@type":"Article","@id":"https:\/\/artigos.abelacosmetics.com\/queda-de-cabelo-causas-e-como-tratar\/#article","isPartOf":{"@id":"https:\/\/artigos.abelacosmetics.com\/queda-de-cabelo-causas-e-como-tratar\/"},"author":{"name":"Abela Cosmetics","@id":"https:\/\/artigos.abelacosmetics.com\/#\/schema\/person\/edfb62cbd90939d461c4a8c40789d71d"},"headline":"Queda de cabelo: Causas e como tratar","datePublished":"2023-07-14T16:46:06+00:00","dateModified":"2023-07-14T16:55:08+00:00","mainEntityOfPage":{"@id":"https:\/\/artigos.abelacosmetics.com\/queda-de-cabelo-causas-e-como-tratar\/"},"wordCount":673,"commentCount":0,"publisher":{"@id":"https:\/\/artigos.abelacosmetics.com\/#organization"},"image":{"@id":"https:\/\/artigos.abelacosmetics.com\/queda-de-cabelo-causas-e-como-tratar\/#primaryimage"},"thumbnailUrl":"https:\/\/artigos.abelacosmetics.com\/wp-content\/uploads\/2023\/07\/queda-de-cabelo-1.png","articleSection":["Conhe\u00e7a seus cabelos","Novidades"],"inLanguage":"es","potentialAction":[{"@type":"CommentAction","name":"Comment","target":["https:\/\/artigos.abelacosmetics.com\/queda-de-cabelo-causas-e-como-tratar\/#respond"]}]},{"@type":"WebPage","@id":"https:\/\/artigos.abelacosmetics.com\/queda-de-cabelo-causas-e-como-tratar\/","url":"https:\/\/artigos.abelacosmetics.com\/queda-de-cabelo-causas-e-como-tratar\/","name":"Queda de cabelo: Causas e como tratar - Abela Cosmetics","isPartOf":{"@id":"https:\/\/artigos.abelacosmetics.com\/#website"},"primaryImageOfPage":{"@id":"https:\/\/artigos.abelacosmetics.com\/queda-de-cabelo-causas-e-como-tratar\/#primaryimage"},"image":{"@id":"https:\/\/artigos.abelacosmetics.com\/queda-de-cabelo-causas-e-como-tratar\/#primaryimage"},"thumbnailUrl":"https:\/\/artigos.abelacosmetics.com\/wp-content\/uploads\/2023\/07\/queda-de-cabelo-1.png","datePublished":"2023-07-14T16:46:06+00:00","dateModified":"2023-07-14T16:55:08+00:00","description":"Conhe\u00e7a as principais raz\u00f5es para a queda de cabelo e algumas medidas para tratar esse problema. O momento \u00e9 agora de cuidar dos seus fios.","breadcrumb":{"@id":"https:\/\/artigos.abelacosmetics.com\/queda-de-cabelo-causas-e-como-tratar\/#breadcrumb"},"inLanguage":"es","potentialAction":[{"@type":"ReadAction","target":["https:\/\/artigos.abelacosmetics.com\/queda-de-cabelo-causas-e-como-tratar\/"]}]},{"@type":"ImageObject","inLanguage":"es","@id":"https:\/\/artigos.abelacosmetics.com\/queda-de-cabelo-causas-e-como-tratar\/#primaryimage","url":"https:\/\/artigos.abelacosmetics.com\/wp-content\/uploads\/2023\/07\/queda-de-cabelo-1.png","contentUrl":"https:\/\/artigos.abelacosmetics.com\/wp-content\/uploads\/2023\/07\/queda-de-cabelo-1.png","width":889,"height":499},{"@type":"BreadcrumbList","@id":"https:\/\/artigos.abelacosmetics.com\/queda-de-cabelo-causas-e-como-tratar\/#breadcrumb","itemListElement":[{"@type":"ListItem","position":1,"name":"In\u00edcio","item":"https:\/\/artigos.abelacosmetics.com\/"},{"@type":"ListItem","position":2,"name":"Queda de cabelo: Causas e como tratar"}]},{"@type":"WebSite","@id":"https:\/\/artigos.abelacosmetics.com\/#website","url":"https:\/\/artigos.abelacosmetics.com\/","name":"Abela Cosmetics","description":"Cuidados para Cabelos \u00danicos","publisher":{"@id":"https:\/\/artigos.abelacosmetics.com\/#organization"},"potentialAction":[{"@type":"SearchAction","target":{"@type":"EntryPoint","urlTemplate":"https:\/\/artigos.abelacosmetics.com\/?s={search_term_string}"},"query-input":{"@type":"PropertyValueSpecification","valueRequired":true,"valueName":"search_term_string"}}],"inLanguage":"es"},{"@type":"Organization","@id":"https:\/\/artigos.abelacosmetics.com\/#organization","name":"Abela Cosmetics","url":"https:\/\/artigos.abelacosmetics.com\/","logo":{"@type":"ImageObject","inLanguage":"es","@id":"https:\/\/artigos.abelacosmetics.com\/#\/schema\/logo\/image\/","url":"https:\/\/artigos.abelacosmetics.com\/wp-content\/uploads\/2023\/02\/logo-abela.png","contentUrl":"https:\/\/artigos.abelacosmetics.com\/wp-content\/uploads\/2023\/02\/logo-abela.png","width":183,"height":90,"caption":"Abela Cosmetics"},"image":{"@id":"https:\/\/artigos.abelacosmetics.com\/#\/schema\/logo\/image\/"},"sameAs":["https:\/\/www.facebook.com\/abelacosmetics"]},{"@type":"Person","@id":"https:\/\/artigos.abelacosmetics.com\/#\/schema\/person\/edfb62cbd90939d461c4a8c40789d71d","name":"Abela Cosmetics","image":{"@type":"ImageObject","inLanguage":"es","@id":"https:\/\/artigos.abelacosmetics.com\/#\/schema\/person\/image\/","url":"https:\/\/secure.gravatar.com\/avatar\/95fb62d66c385283904611b47c12cc78279a169f8114f0affe7fb64dbf902d60?s=96&d=mm&r=g","contentUrl":"https:\/\/secure.gravatar.com\/avatar\/95fb62d66c385283904611b47c12cc78279a169f8114f0affe7fb64dbf902d60?s=96&d=mm&r=g","caption":"Abela Cosmetics"},"url":"https:\/\/artigos.abelacosmetics.com\/es\/author\/design2023\/"}]}},"_links":{"self":[{"href":"https:\/\/artigos.abelacosmetics.com\/es\/wp-json\/wp\/v2\/posts\/2826","targetHints":{"allow":["GET"]}}],"collection":[{"href":"https:\/\/artigos.abelacosmetics.com\/es\/wp-json\/wp\/v2\/posts"}],"about":[{"href":"https:\/\/artigos.abelacosmetics.com\/es\/wp-json\/wp\/v2\/types\/post"}],"author":[{"embeddable":true,"href":"https:\/\/artigos.abelacosmetics.com\/es\/wp-json\/wp\/v2\/users\/139"}],"replies":[{"embeddable":true,"href":"https:\/\/artigos.abelacosmetics.com\/es\/wp-json\/wp\/v2\/comments?post=2826"}],"version-history":[{"count":4,"href":"https:\/\/artigos.abelacosmetics.com\/es\/wp-json\/wp\/v2\/posts\/2826\/revisions"}],"predecessor-version":[{"id":2835,"href":"https:\/\/artigos.abelacosmetics.com\/es\/wp-json\/wp\/v2\/posts\/2826\/revisions\/2835"}],"wp:featuredmedia":[{"embeddable":true,"href":"https:\/\/artigos.abelacosmetics.com\/es\/wp-json\/wp\/v2\/media\/2830"}],"wp:attachment":[{"href":"https:\/\/artigos.abelacosmetics.com\/es\/wp-json\/wp\/v2\/media?parent=2826"}],"wp:term":[{"taxonomy":"category","embeddable":true,"href":"https:\/\/artigos.abelacosmetics.com\/es\/wp-json\/wp\/v2\/categories?post=2826"},{"taxonomy":"post_tag","embeddable":true,"href":"https:\/\/artigos.abelacosmetics.com\/es\/wp-json\/wp\/v2\/tags?post=2826"}],"curies":[{"name":"wp","href":"https:\/\/api.w.org\/{rel}","templated":true}]}}