{"id":2761,"date":"2023-04-29T21:38:06","date_gmt":"2023-04-30T00:38:06","guid":{"rendered":"https:\/\/artigos.abelacosmetics.com\/?p=2761"},"modified":"2023-04-29T21:38:06","modified_gmt":"2023-04-30T00:38:06","slug":"os-beneficios-da-meditacao","status":"publish","type":"post","link":"https:\/\/artigos.abelacosmetics.com\/es\/os-beneficios-da-meditacao\/","title":{"rendered":"Os benef\u00edcios da medita\u00e7\u00e3o"},"content":{"rendered":"<p>&nbsp;<\/p>\n<p>&nbsp;<\/p>\n<p>Os benef\u00edcios da medita\u00e7\u00e3o di\u00e1ria s\u00e3o muitos. A medita\u00e7\u00e3o tem um efeito curativo nas emo\u00e7\u00f5es, na sa\u00fade mental e f\u00edsica e nas condi\u00e7\u00f5es m\u00e9dicas exacerbadas pelo estresse. H\u00e1 uma variedade de formas de medita\u00e7\u00e3o nas quais uma pessoa pode se envolver a cada dia. Quaisquer que sejam os m\u00e9todos de sua prefer\u00eancia, pratic\u00e1-los sempre que poss\u00edvel durante a semana pode ter efeitos de longo alcance em seu bem-estar geral.<\/p>\n<p>&nbsp;<\/p>\n<audio class=\"wp-audio-shortcode\" id=\"audio-2761-1\" preload=\"none\" style=\"width: 100%;\" controls=\"controls\"><source type=\"audio\/mpeg\" src=\"https:\/\/artigos.abelacosmetics.com\/wp-content\/uploads\/2023\/04\/os-beneficios-da-meditacao.mp3?_=1\" \/><a href=\"https:\/\/artigos.abelacosmetics.com\/wp-content\/uploads\/2023\/04\/os-beneficios-da-meditacao.mp3\">https:\/\/artigos.abelacosmetics.com\/wp-content\/uploads\/2023\/04\/os-beneficios-da-meditacao.mp3<\/a><\/audio>\n<p>&nbsp;<\/p>\n<p>O que \u00e9 medita\u00e7\u00e3o?<\/p>\n<p>A medita\u00e7\u00e3o \u00e9 um termo abrangente para v\u00e1rias pr\u00e1ticas que acalmam o corpo e a mente enquanto trazem uma pessoa para um estado de foco centrado. A medita\u00e7\u00e3o pode ser feita em quase qualquer lugar e a qualquer hora. N\u00e3o requer nenhum equipamento ou ferramenta, n\u00e3o custa dinheiro e qualquer um pode faz\u00ea-lo.<\/p>\n<p>&nbsp;<\/p>\n<p>A medita\u00e7\u00e3o se originou h\u00e1 milhares de anos e foi usada pela primeira vez em pr\u00e1ticas espirituais e religiosas para ajudar uma pessoa a alcan\u00e7ar um estado de ilumina\u00e7\u00e3o e obter uma compreens\u00e3o mais profunda de uma divindade, f\u00e9 ou sistema de cren\u00e7a espiritual. Hoje em dia, qualquer pessoa pode meditar por motivos espirituais ou para ajudar a aliviar o estresse e relaxar.<\/p>\n<p>&nbsp;<\/p>\n<p>As v\u00e1rias formas de medita\u00e7\u00e3o<\/p>\n<p>A medita\u00e7\u00e3o vem em muitas formas. Certos m\u00e9todos podem atrair mais do que outros. Se voc\u00ea gosta de variedade, pode praticar uma forma diferente de medita\u00e7\u00e3o a cada dia da semana. Algumas das maneiras pelas quais voc\u00ea pode meditar incluem:<\/p>\n<p>&nbsp;<\/p>\n<p><strong>Medita\u00e7\u00f5es tradicionais<\/strong>. Isso envolve sentar de pernas cruzadas, com postura adequada e suas m\u00e3os em uma posi\u00e7\u00e3o espec\u00edfica &#8211; chamada mudras (pronuncia-se mudraa) &#8211; para canalizar sua energia. Voc\u00ea ent\u00e3o desacelera sua respira\u00e7\u00e3o e silenciosamente pensa em um mantra, canta um ou tenta limpar sua mente.<\/p>\n<p><strong>Medita\u00e7\u00e3o Mantra<\/strong>. Esse tipo de medita\u00e7\u00e3o exige que voc\u00ea repita silenciosamente um mantra \u2013 que pode ser uma palavra, frase, som ou pensamento \u2013 com o objetivo de alcan\u00e7ar um estado de esp\u00edrito calmo e eliminar qualquer distra\u00e7\u00e3o. Outra forma de medita\u00e7\u00e3o com mantra \u00e9 a <strong>medita\u00e7\u00e3o transcendental<\/strong>, que envolve dizer um mantra pessoal de uma maneira espec\u00edfica.<\/p>\n<p><strong>Imagens guiadas ou visualiza\u00e7\u00e3o<\/strong>. Nesta forma de medita\u00e7\u00e3o, um guia guiar\u00e1 uma pessoa atrav\u00e9s da visualiza\u00e7\u00e3o de v\u00e1rias imagens mentais e configura\u00e7\u00f5es serenas que s\u00e3o relaxantes e calmantes enquanto se concentra nos sentidos. Um tipo dessa forma de medita\u00e7\u00e3o \u00e9 chamado <strong>yoga nidra<\/strong>.<\/p>\n<p><strong>Medita\u00e7\u00e3o de aten\u00e7\u00e3o plena<\/strong>. Essa forma de medita\u00e7\u00e3o concentra a mente no momento presente com aceita\u00e7\u00e3o e consci\u00eancia de sua respira\u00e7\u00e3o, corpo, ambiente atual, experi\u00eancias, pensamentos e sensa\u00e7\u00f5es \u00e0 medida que passam da perspectiva de um observador imparcial.<\/p>\n<p><strong>Ioga<\/strong>. Essa pr\u00e1tica antiga envolve uma s\u00e9rie de alongamentos e exerc\u00edcios de equil\u00edbrio combinados com respira\u00e7\u00e3o profunda que permite que uma pessoa se torne mais flex\u00edvel e calma enquanto aterra e centraliza sua energia.<\/p>\n<p><strong>Tai-chi<\/strong>. Esta arte marcial chinesa envolve movimentos lentos e respira\u00e7\u00f5es profundas que s\u00e3o relaxantes e suaves para o corpo para praticar.<\/p>\n<p><strong>Qigong<\/strong>. Esta pr\u00e1tica combina elementos de medita\u00e7\u00e3o tradicional, movimentos e pr\u00e1ticas de relaxamento que limpam e acalmam a mente.<\/p>\n<p>&nbsp;<\/p>\n<p><img loading=\"lazy\" decoding=\"async\" class=\"alignnone  wp-image-2764\" src=\"https:\/\/artigos.abelacosmetics.com\/wp-content\/uploads\/2023\/04\/1-2-300x152.png\" alt=\"\" width=\"920\" height=\"466\" srcset=\"https:\/\/artigos.abelacosmetics.com\/wp-content\/uploads\/2023\/04\/1-2-300x152.png 300w, https:\/\/artigos.abelacosmetics.com\/wp-content\/uploads\/2023\/04\/1-2-768x389.png 768w, https:\/\/artigos.abelacosmetics.com\/wp-content\/uploads\/2023\/04\/1-2-18x9.png 18w, https:\/\/artigos.abelacosmetics.com\/wp-content\/uploads\/2023\/04\/1-2.png 850w\" sizes=\"auto, (max-width: 920px) 100vw, 920px\" \/><\/p>\n<p>&nbsp;<\/p>\n<p><strong>Os benef\u00edcios da medita\u00e7\u00e3o di\u00e1ria<\/strong><\/p>\n<p>A calma fundamentada que a medita\u00e7\u00e3o traz pode ser de grande benef\u00edcio para o seu estado mental, f\u00edsico e emocional. Relaxar a mente e traz\u00ea-la para um estado de calma \u00e9 uma \u00f3tima maneira de controlar o estresse. Ele pode literalmente ajudar a mudar sua neurobiologia, influenciando duas das vias de estresse do c\u00e9rebro, bem como regi\u00f5es de atividade associadas \u00e0 regula\u00e7\u00e3o de emo\u00e7\u00f5es e aten\u00e7\u00e3o. Tamb\u00e9m beneficia o bem-estar f\u00edsico e mental de uma pessoa, ajudando a:<\/p>\n<p>&nbsp;<\/p>\n<ul>\n<li>Tornar-se consciente ou focada no momento presente.<\/li>\n<li>Ser mais autoconsciente.<\/li>\n<li>Ter maior paci\u00eancia e toler\u00e2ncia Ter uma frequ\u00eancia card\u00edaca de repouso mais baixa<\/li>\n<li>Gerenciar o estresse e a ansiedade.<\/li>\n<li>Pensar em situa\u00e7\u00f5es estressantes de uma maneira diferente.<\/li>\n<li>Ter press\u00e3o arterial mais baixa.<\/li>\n<li>Ser mais criativa.<\/li>\n<li>Reduzir ou eliminar emo\u00e7\u00f5es negativas.<\/li>\n<li>Eliminar ou reduzir sentimentos de solid\u00e3o.<\/li>\n<\/ul>\n<p>&nbsp;<\/p>\n<p>Al\u00e9m de ajudar com as emo\u00e7\u00f5es, uma mentalidade mais calma reduz a press\u00e3o sangu\u00ednea e a frequ\u00eancia card\u00edaca em repouso. A medita\u00e7\u00e3o \u00e9 \u00fatil quando uma pessoa tem uma doen\u00e7a que piora devido ao estresse. Tamb\u00e9m ajuda a melhorar o sistema imunol\u00f3gico de uma pessoa.<\/p>\n<p>&nbsp;<\/p>\n<p>Condi\u00e7\u00f5es m\u00e9dicas que podem ser melhoradas pela medita\u00e7\u00e3o incluem:<\/p>\n<ul>\n<li>Doen\u00e7a card\u00edaca<\/li>\n<li>C\u00e2ncer<\/li>\n<li>Dor cr\u00f4nica<\/li>\n<li>Asma<\/li>\n<li>S\u00edndrome do intestino irrit\u00e1vel<\/li>\n<li>Dist\u00farbios do sono<\/li>\n<li>Dores de cabe\u00e7a por estresse<\/li>\n<li>Ansiedade<\/li>\n<li>Depress\u00e3o<\/li>\n<li>V\u00edcio em fumar<\/li>\n<li>Resfriado ou gripe comum<\/li>\n<\/ul>\n<p>&nbsp;<\/p>\n<p><img loading=\"lazy\" decoding=\"async\" class=\"alignnone  wp-image-2766\" src=\"https:\/\/artigos.abelacosmetics.com\/wp-content\/uploads\/2023\/04\/3-2-300x152.png\" alt=\"\" width=\"857\" height=\"434\" srcset=\"https:\/\/artigos.abelacosmetics.com\/wp-content\/uploads\/2023\/04\/3-2-300x152.png 300w, https:\/\/artigos.abelacosmetics.com\/wp-content\/uploads\/2023\/04\/3-2-768x389.png 768w, https:\/\/artigos.abelacosmetics.com\/wp-content\/uploads\/2023\/04\/3-2-18x9.png 18w, https:\/\/artigos.abelacosmetics.com\/wp-content\/uploads\/2023\/04\/3-2.png 850w\" sizes=\"auto, (max-width: 857px) 100vw, 857px\" \/><\/p>\n<p>&nbsp;<\/p>\n<p><strong>Maneiras de aproveitar ao m\u00e1ximo seu tempo de medita\u00e7\u00e3o<\/strong><\/p>\n<p><strong>\u00a0<\/strong>Se voc\u00ea deseja aproveitar ao m\u00e1ximo seu tempo de medita\u00e7\u00e3o, ajuda a projetar e criar uma atmosfera calma e pac\u00edfica. Voc\u00ea pode tentar algumas das sugest\u00f5es a seguir para criar um espa\u00e7o tranquilo para meditar.<\/p>\n<p>&nbsp;<\/p>\n<p><em>Ambiente limpo<\/em>. Ajuda ter um ambiente calmo, tranquilo e tranquilo, limpo e livre de desordem.<\/p>\n<p><em>Fragr\u00e2ncia<\/em>. Para ajudar a criar um clima mais relaxado, voc\u00ea pode acender um pouco de incenso.<\/p>\n<p><em>Cristais<\/em>. Alguns praticantes acham que certos cristais carregam energia ben\u00e9fica. Colocar alguns ao redor do seu espa\u00e7o enquanto voc\u00ea medita pode ajudar com sentimentos de calma e equil\u00edbrio.<\/p>\n<p><em>M\u00fasica<\/em>. Algumas m\u00fasicas relaxantes tamb\u00e9m podem ajudar se n\u00e3o forem uma distra\u00e7\u00e3o.<\/p>\n<p><em>Conforto<\/em>. Certifique-se de estar sentado confortavelmente. Tente usar uma pequena almofada de medita\u00e7\u00e3o para suporte extra.<\/p>\n<p><em>Respirar<\/em>. Diminua a respira\u00e7\u00e3o. Certifique-se de que voc\u00ea est\u00e1 respirando profundamente na barriga e exalando completamente. A respira\u00e7\u00e3o profunda tem um efeito calmante no sistema nervoso.<\/p>\n<p><em>Escaneamento corporal<\/em>. No <em>yoga nidra<\/em>, voc\u00ea examina seu corpo da cabe\u00e7a aos p\u00e9s, pedindo a cada parte do corpo que relaxe. Essa pr\u00e1tica pode ajudar a traz\u00ea-la para o momento presente e permitir que seu corpo mergulhe em um profundo estado de relaxamento.<\/p>\n<p><em>Caminhada consciente<\/em>. A medita\u00e7\u00e3o andando pode ser uma excelente maneira de entrar em um estado de consci\u00eancia calma. Mantenha os olhos abertos e concentre-se no momento presente. Voc\u00ea pode recitar um mantra, orar ou se concentrar em enviar bondade amorosa para seus pensamentos, sua vida e o mundo em geral.<\/p>\n<p><em>Seja paciente consigo mesmo<\/em>.\u00a0 Pode demorar um pouco at\u00e9 que voc\u00ea consiga se concentrar verdadeiramente durante uma sess\u00e3o inteira de medita\u00e7\u00e3o. \u00c9 natural que a mente divague e que os pensamentos surjam. N\u00e3o deixe que eles o distraiam. Simplesmente observe-os e deixe-os fluir.<\/p>\n<p>&nbsp;<\/p>\n<p><img loading=\"lazy\" decoding=\"async\" class=\"alignnone  wp-image-2767\" src=\"https:\/\/artigos.abelacosmetics.com\/wp-content\/uploads\/2023\/04\/4-2-300x152.png\" alt=\"\" width=\"874\" height=\"443\" srcset=\"https:\/\/artigos.abelacosmetics.com\/wp-content\/uploads\/2023\/04\/4-2-300x152.png 300w, https:\/\/artigos.abelacosmetics.com\/wp-content\/uploads\/2023\/04\/4-2-768x389.png 768w, https:\/\/artigos.abelacosmetics.com\/wp-content\/uploads\/2023\/04\/4-2-18x9.png 18w, https:\/\/artigos.abelacosmetics.com\/wp-content\/uploads\/2023\/04\/4-2.png 850w\" sizes=\"auto, (max-width: 874px) 100vw, 874px\" \/><\/p>\n<p>&nbsp;<\/p>\n<p>Realmente n\u00e3o h\u00e1 maneira errada de meditar, desde que voc\u00ea esteja colocando sua mente e corpo em um estado mais relaxado enquanto respira lentamente e se concentra no presente.<\/p>\n<p>Os psic\u00f3logos descobriram que o envolvimento repetitivo em pr\u00e1ticas meditativas muda o c\u00e9rebro e a biologia de uma pessoa de maneira positiva. Quanto consciente voc\u00ea meditar, melhor ser\u00e1 sua sa\u00fade mental, f\u00edsica e emocional. A medita\u00e7\u00e3o \u00e9 um dos melhores h\u00e1bitos que voc\u00ea pode adicionar \u00e0 sua rotina di\u00e1ria para melhorar a sa\u00fade geral. Se voc\u00ea gostaria de adquirir o h\u00e1bito de meditar, reserve um tempo intencionalmente para isso diariamente por 3 a 8 semanas at\u00e9 que se torne uma segunda natureza. Ao fazer isso, mantenha um di\u00e1rio ou registro de como voc\u00ea se sente a cada dia at\u00e9 que se torne um h\u00e1bito e compare com como voc\u00ea se sentia antes de come\u00e7ar.<\/p>\n<p>Sinta-se bem.\u00a0 Abela Cosmetics.<\/p>\n<p>&nbsp;<\/p>\n<p><img loading=\"lazy\" decoding=\"async\" class=\"alignnone  wp-image-2769\" src=\"https:\/\/artigos.abelacosmetics.com\/wp-content\/uploads\/2023\/04\/imagem-do-Post-300x152.png\" alt=\"\" width=\"1247\" height=\"632\" srcset=\"https:\/\/artigos.abelacosmetics.com\/wp-content\/uploads\/2023\/04\/imagem-do-Post-300x152.png 300w, https:\/\/artigos.abelacosmetics.com\/wp-content\/uploads\/2023\/04\/imagem-do-Post-768x389.png 768w, https:\/\/artigos.abelacosmetics.com\/wp-content\/uploads\/2023\/04\/imagem-do-Post-18x9.png 18w, https:\/\/artigos.abelacosmetics.com\/wp-content\/uploads\/2023\/04\/imagem-do-Post.png 850w\" sizes=\"auto, (max-width: 1247px) 100vw, 1247px\" \/><\/p>\n<p>&nbsp;<\/p>","protected":false},"excerpt":{"rendered":"<p>&nbsp; &nbsp; Os benef\u00edcios da medita\u00e7\u00e3o di\u00e1ria s\u00e3o muitos. A medita\u00e7\u00e3o tem um efeito curativo nas emo\u00e7\u00f5es, na sa\u00fade mental e f\u00edsica e nas condi\u00e7\u00f5es m\u00e9dicas exacerbadas pelo estresse. H\u00e1 uma variedade de formas de medita\u00e7\u00e3o nas quais uma pessoa pode se envolver a cada dia. Quaisquer que sejam os m\u00e9todos de sua prefer\u00eancia, pratic\u00e1-los [&hellip;]<\/p>","protected":false},"author":1,"featured_media":2765,"comment_status":"open","ping_status":"open","sticky":false,"template":"","format":"standard","meta":{"_acf_changed":false,"_mo_disable_npp":"","inline_featured_image":false,"footnotes":""},"categories":[32,31,1],"tags":[],"class_list":["post-2761","post","type-post","status-publish","format-standard","has-post-thumbnail","hentry","category-informacoes","category-autocuidado","category-novidades"],"acf":[],"yoast_head":"<!-- This site is optimized with the Yoast SEO Premium plugin v19.2.1 (Yoast SEO v26.9) - https:\/\/yoast.com\/product\/yoast-seo-premium-wordpress\/ -->\n<title>Os benef\u00edcios da medita\u00e7\u00e3o - Abela Cosmetics<\/title>\n<meta name=\"description\" content=\"Voc\u00ea sabe como a medita\u00e7\u00e3o pode ajudar na sua vida? Descubra os benef\u00edcios dessa t\u00e9cnica milenar para sua sa\u00fade.\" \/>\n<meta name=\"robots\" content=\"index, follow, max-snippet:-1, max-image-preview:large, max-video-preview:-1\" \/>\n<link rel=\"canonical\" href=\"https:\/\/artigos.abelacosmetics.com\/es\/os-beneficios-da-meditacao\/\" \/>\n<meta property=\"og:locale\" content=\"es_ES\" \/>\n<meta property=\"og:type\" content=\"article\" \/>\n<meta property=\"og:title\" content=\"Os benef\u00edcios da medita\u00e7\u00e3o\" \/>\n<meta property=\"og:description\" content=\"Voc\u00ea sabe como a medita\u00e7\u00e3o pode ajudar na sua vida? Descubra os benef\u00edcios dessa t\u00e9cnica milenar para sua sa\u00fade.\" \/>\n<meta property=\"og:url\" content=\"https:\/\/artigos.abelacosmetics.com\/es\/os-beneficios-da-meditacao\/\" \/>\n<meta property=\"og:site_name\" content=\"Abela Cosmetics\" \/>\n<meta property=\"article:publisher\" content=\"https:\/\/www.facebook.com\/abelacosmetics\" \/>\n<meta property=\"article:published_time\" content=\"2023-04-30T00:38:06+00:00\" \/>\n<meta property=\"og:image\" content=\"https:\/\/artigos.abelacosmetics.com\/wp-content\/uploads\/2023\/04\/2-1.png\" \/>\n\t<meta property=\"og:image:width\" content=\"850\" \/>\n\t<meta property=\"og:image:height\" content=\"430\" \/>\n\t<meta property=\"og:image:type\" content=\"image\/png\" \/>\n<meta name=\"author\" content=\"admin\" \/>\n<meta name=\"twitter:card\" content=\"summary_large_image\" \/>\n<meta name=\"twitter:label1\" content=\"Escrito por\" \/>\n\t<meta name=\"twitter:data1\" content=\"admin\" \/>\n\t<meta name=\"twitter:label2\" content=\"Tiempo de lectura\" \/>\n\t<meta name=\"twitter:data2\" content=\"8 minutos\" \/>\n<script type=\"application\/ld+json\" class=\"yoast-schema-graph\">{\"@context\":\"https:\/\/schema.org\",\"@graph\":[{\"@type\":\"Article\",\"@id\":\"https:\/\/artigos.abelacosmetics.com\/os-beneficios-da-meditacao\/#article\",\"isPartOf\":{\"@id\":\"https:\/\/artigos.abelacosmetics.com\/os-beneficios-da-meditacao\/\"},\"author\":{\"name\":\"admin\",\"@id\":\"https:\/\/artigos.abelacosmetics.com\/#\/schema\/person\/675710be590edb47293978092f4e20f4\"},\"headline\":\"Os benef\u00edcios da medita\u00e7\u00e3o\",\"datePublished\":\"2023-04-30T00:38:06+00:00\",\"mainEntityOfPage\":{\"@id\":\"https:\/\/artigos.abelacosmetics.com\/os-beneficios-da-meditacao\/\"},\"wordCount\":1336,\"commentCount\":0,\"publisher\":{\"@id\":\"https:\/\/artigos.abelacosmetics.com\/#organization\"},\"image\":{\"@id\":\"https:\/\/artigos.abelacosmetics.com\/os-beneficios-da-meditacao\/#primaryimage\"},\"thumbnailUrl\":\"https:\/\/artigos.abelacosmetics.com\/wp-content\/uploads\/2023\/04\/2-1.png\",\"articleSection\":[\"Informa\u00e7\u00f5es\",\"Autocuidado\",\"Novidades\"],\"inLanguage\":\"es\",\"potentialAction\":[{\"@type\":\"CommentAction\",\"name\":\"Comment\",\"target\":[\"https:\/\/artigos.abelacosmetics.com\/os-beneficios-da-meditacao\/#respond\"]}]},{\"@type\":\"WebPage\",\"@id\":\"https:\/\/artigos.abelacosmetics.com\/os-beneficios-da-meditacao\/\",\"url\":\"https:\/\/artigos.abelacosmetics.com\/os-beneficios-da-meditacao\/\",\"name\":\"Os benef\u00edcios da medita\u00e7\u00e3o - Abela Cosmetics\",\"isPartOf\":{\"@id\":\"https:\/\/artigos.abelacosmetics.com\/#website\"},\"primaryImageOfPage\":{\"@id\":\"https:\/\/artigos.abelacosmetics.com\/os-beneficios-da-meditacao\/#primaryimage\"},\"image\":{\"@id\":\"https:\/\/artigos.abelacosmetics.com\/os-beneficios-da-meditacao\/#primaryimage\"},\"thumbnailUrl\":\"https:\/\/artigos.abelacosmetics.com\/wp-content\/uploads\/2023\/04\/2-1.png\",\"datePublished\":\"2023-04-30T00:38:06+00:00\",\"description\":\"Voc\u00ea sabe como a medita\u00e7\u00e3o pode ajudar na sua vida? Descubra os benef\u00edcios dessa t\u00e9cnica milenar para sua sa\u00fade.\",\"breadcrumb\":{\"@id\":\"https:\/\/artigos.abelacosmetics.com\/os-beneficios-da-meditacao\/#breadcrumb\"},\"inLanguage\":\"es\",\"potentialAction\":[{\"@type\":\"ReadAction\",\"target\":[\"https:\/\/artigos.abelacosmetics.com\/os-beneficios-da-meditacao\/\"]}]},{\"@type\":\"ImageObject\",\"inLanguage\":\"es\",\"@id\":\"https:\/\/artigos.abelacosmetics.com\/os-beneficios-da-meditacao\/#primaryimage\",\"url\":\"https:\/\/artigos.abelacosmetics.com\/wp-content\/uploads\/2023\/04\/2-1.png\",\"contentUrl\":\"https:\/\/artigos.abelacosmetics.com\/wp-content\/uploads\/2023\/04\/2-1.png\",\"width\":850,\"height\":430},{\"@type\":\"BreadcrumbList\",\"@id\":\"https:\/\/artigos.abelacosmetics.com\/os-beneficios-da-meditacao\/#breadcrumb\",\"itemListElement\":[{\"@type\":\"ListItem\",\"position\":1,\"name\":\"In\u00edcio\",\"item\":\"https:\/\/artigos.abelacosmetics.com\/\"},{\"@type\":\"ListItem\",\"position\":2,\"name\":\"Os benef\u00edcios da medita\u00e7\u00e3o\"}]},{\"@type\":\"WebSite\",\"@id\":\"https:\/\/artigos.abelacosmetics.com\/#website\",\"url\":\"https:\/\/artigos.abelacosmetics.com\/\",\"name\":\"Abela Cosmetics\",\"description\":\"Cuidados para Cabelos \u00danicos\",\"publisher\":{\"@id\":\"https:\/\/artigos.abelacosmetics.com\/#organization\"},\"potentialAction\":[{\"@type\":\"SearchAction\",\"target\":{\"@type\":\"EntryPoint\",\"urlTemplate\":\"https:\/\/artigos.abelacosmetics.com\/?s={search_term_string}\"},\"query-input\":{\"@type\":\"PropertyValueSpecification\",\"valueRequired\":true,\"valueName\":\"search_term_string\"}}],\"inLanguage\":\"es\"},{\"@type\":\"Organization\",\"@id\":\"https:\/\/artigos.abelacosmetics.com\/#organization\",\"name\":\"Abela Cosmetics\",\"url\":\"https:\/\/artigos.abelacosmetics.com\/\",\"logo\":{\"@type\":\"ImageObject\",\"inLanguage\":\"es\",\"@id\":\"https:\/\/artigos.abelacosmetics.com\/#\/schema\/logo\/image\/\",\"url\":\"https:\/\/artigos.abelacosmetics.com\/wp-content\/uploads\/2023\/02\/logo-abela.png\",\"contentUrl\":\"https:\/\/artigos.abelacosmetics.com\/wp-content\/uploads\/2023\/02\/logo-abela.png\",\"width\":183,\"height\":90,\"caption\":\"Abela Cosmetics\"},\"image\":{\"@id\":\"https:\/\/artigos.abelacosmetics.com\/#\/schema\/logo\/image\/\"},\"sameAs\":[\"https:\/\/www.facebook.com\/abelacosmetics\"]},{\"@type\":\"Person\",\"@id\":\"https:\/\/artigos.abelacosmetics.com\/#\/schema\/person\/675710be590edb47293978092f4e20f4\",\"name\":\"admin\",\"image\":{\"@type\":\"ImageObject\",\"inLanguage\":\"es\",\"@id\":\"https:\/\/artigos.abelacosmetics.com\/#\/schema\/person\/image\/\",\"url\":\"https:\/\/secure.gravatar.com\/avatar\/ce9ccc2de538d30bcc33874c5a730e8e078e64fce402cb3cf0668a7439a0e654?s=96&d=mm&r=g\",\"contentUrl\":\"https:\/\/secure.gravatar.com\/avatar\/ce9ccc2de538d30bcc33874c5a730e8e078e64fce402cb3cf0668a7439a0e654?s=96&d=mm&r=g\",\"caption\":\"admin\"},\"sameAs\":[\"http:\/\/localhost\/abela-cosmetic\"],\"url\":\"https:\/\/artigos.abelacosmetics.com\/es\/author\/admin\/\"}]}<\/script>\n<!-- \/ Yoast SEO Premium plugin. -->","yoast_head_json":{"title":"Os benef\u00edcios da medita\u00e7\u00e3o - Abela Cosmetics","description":"Voc\u00ea sabe como a medita\u00e7\u00e3o pode ajudar na sua vida? Descubra os benef\u00edcios dessa t\u00e9cnica milenar para sua sa\u00fade.","robots":{"index":"index","follow":"follow","max-snippet":"max-snippet:-1","max-image-preview":"max-image-preview:large","max-video-preview":"max-video-preview:-1"},"canonical":"https:\/\/artigos.abelacosmetics.com\/es\/os-beneficios-da-meditacao\/","og_locale":"es_ES","og_type":"article","og_title":"Os benef\u00edcios da medita\u00e7\u00e3o","og_description":"Voc\u00ea sabe como a medita\u00e7\u00e3o pode ajudar na sua vida? Descubra os benef\u00edcios dessa t\u00e9cnica milenar para sua sa\u00fade.","og_url":"https:\/\/artigos.abelacosmetics.com\/es\/os-beneficios-da-meditacao\/","og_site_name":"Abela Cosmetics","article_publisher":"https:\/\/www.facebook.com\/abelacosmetics","article_published_time":"2023-04-30T00:38:06+00:00","og_image":[{"width":850,"height":430,"url":"https:\/\/artigos.abelacosmetics.com\/wp-content\/uploads\/2023\/04\/2-1.png","type":"image\/png"}],"author":"admin","twitter_card":"summary_large_image","twitter_misc":{"Escrito por":"admin","Tiempo de lectura":"8 minutos"},"schema":{"@context":"https:\/\/schema.org","@graph":[{"@type":"Article","@id":"https:\/\/artigos.abelacosmetics.com\/os-beneficios-da-meditacao\/#article","isPartOf":{"@id":"https:\/\/artigos.abelacosmetics.com\/os-beneficios-da-meditacao\/"},"author":{"name":"admin","@id":"https:\/\/artigos.abelacosmetics.com\/#\/schema\/person\/675710be590edb47293978092f4e20f4"},"headline":"Os benef\u00edcios da medita\u00e7\u00e3o","datePublished":"2023-04-30T00:38:06+00:00","mainEntityOfPage":{"@id":"https:\/\/artigos.abelacosmetics.com\/os-beneficios-da-meditacao\/"},"wordCount":1336,"commentCount":0,"publisher":{"@id":"https:\/\/artigos.abelacosmetics.com\/#organization"},"image":{"@id":"https:\/\/artigos.abelacosmetics.com\/os-beneficios-da-meditacao\/#primaryimage"},"thumbnailUrl":"https:\/\/artigos.abelacosmetics.com\/wp-content\/uploads\/2023\/04\/2-1.png","articleSection":["Informa\u00e7\u00f5es","Autocuidado","Novidades"],"inLanguage":"es","potentialAction":[{"@type":"CommentAction","name":"Comment","target":["https:\/\/artigos.abelacosmetics.com\/os-beneficios-da-meditacao\/#respond"]}]},{"@type":"WebPage","@id":"https:\/\/artigos.abelacosmetics.com\/os-beneficios-da-meditacao\/","url":"https:\/\/artigos.abelacosmetics.com\/os-beneficios-da-meditacao\/","name":"Os benef\u00edcios da medita\u00e7\u00e3o - Abela Cosmetics","isPartOf":{"@id":"https:\/\/artigos.abelacosmetics.com\/#website"},"primaryImageOfPage":{"@id":"https:\/\/artigos.abelacosmetics.com\/os-beneficios-da-meditacao\/#primaryimage"},"image":{"@id":"https:\/\/artigos.abelacosmetics.com\/os-beneficios-da-meditacao\/#primaryimage"},"thumbnailUrl":"https:\/\/artigos.abelacosmetics.com\/wp-content\/uploads\/2023\/04\/2-1.png","datePublished":"2023-04-30T00:38:06+00:00","description":"Voc\u00ea sabe como a medita\u00e7\u00e3o pode ajudar na sua vida? Descubra os benef\u00edcios dessa t\u00e9cnica milenar para sua sa\u00fade.","breadcrumb":{"@id":"https:\/\/artigos.abelacosmetics.com\/os-beneficios-da-meditacao\/#breadcrumb"},"inLanguage":"es","potentialAction":[{"@type":"ReadAction","target":["https:\/\/artigos.abelacosmetics.com\/os-beneficios-da-meditacao\/"]}]},{"@type":"ImageObject","inLanguage":"es","@id":"https:\/\/artigos.abelacosmetics.com\/os-beneficios-da-meditacao\/#primaryimage","url":"https:\/\/artigos.abelacosmetics.com\/wp-content\/uploads\/2023\/04\/2-1.png","contentUrl":"https:\/\/artigos.abelacosmetics.com\/wp-content\/uploads\/2023\/04\/2-1.png","width":850,"height":430},{"@type":"BreadcrumbList","@id":"https:\/\/artigos.abelacosmetics.com\/os-beneficios-da-meditacao\/#breadcrumb","itemListElement":[{"@type":"ListItem","position":1,"name":"In\u00edcio","item":"https:\/\/artigos.abelacosmetics.com\/"},{"@type":"ListItem","position":2,"name":"Os benef\u00edcios da medita\u00e7\u00e3o"}]},{"@type":"WebSite","@id":"https:\/\/artigos.abelacosmetics.com\/#website","url":"https:\/\/artigos.abelacosmetics.com\/","name":"Abela Cosmetics","description":"Cuidados para Cabelos \u00danicos","publisher":{"@id":"https:\/\/artigos.abelacosmetics.com\/#organization"},"potentialAction":[{"@type":"SearchAction","target":{"@type":"EntryPoint","urlTemplate":"https:\/\/artigos.abelacosmetics.com\/?s={search_term_string}"},"query-input":{"@type":"PropertyValueSpecification","valueRequired":true,"valueName":"search_term_string"}}],"inLanguage":"es"},{"@type":"Organization","@id":"https:\/\/artigos.abelacosmetics.com\/#organization","name":"Abela Cosmetics","url":"https:\/\/artigos.abelacosmetics.com\/","logo":{"@type":"ImageObject","inLanguage":"es","@id":"https:\/\/artigos.abelacosmetics.com\/#\/schema\/logo\/image\/","url":"https:\/\/artigos.abelacosmetics.com\/wp-content\/uploads\/2023\/02\/logo-abela.png","contentUrl":"https:\/\/artigos.abelacosmetics.com\/wp-content\/uploads\/2023\/02\/logo-abela.png","width":183,"height":90,"caption":"Abela Cosmetics"},"image":{"@id":"https:\/\/artigos.abelacosmetics.com\/#\/schema\/logo\/image\/"},"sameAs":["https:\/\/www.facebook.com\/abelacosmetics"]},{"@type":"Person","@id":"https:\/\/artigos.abelacosmetics.com\/#\/schema\/person\/675710be590edb47293978092f4e20f4","name":"admin","image":{"@type":"ImageObject","inLanguage":"es","@id":"https:\/\/artigos.abelacosmetics.com\/#\/schema\/person\/image\/","url":"https:\/\/secure.gravatar.com\/avatar\/ce9ccc2de538d30bcc33874c5a730e8e078e64fce402cb3cf0668a7439a0e654?s=96&d=mm&r=g","contentUrl":"https:\/\/secure.gravatar.com\/avatar\/ce9ccc2de538d30bcc33874c5a730e8e078e64fce402cb3cf0668a7439a0e654?s=96&d=mm&r=g","caption":"admin"},"sameAs":["http:\/\/localhost\/abela-cosmetic"],"url":"https:\/\/artigos.abelacosmetics.com\/es\/author\/admin\/"}]}},"_links":{"self":[{"href":"https:\/\/artigos.abelacosmetics.com\/es\/wp-json\/wp\/v2\/posts\/2761","targetHints":{"allow":["GET"]}}],"collection":[{"href":"https:\/\/artigos.abelacosmetics.com\/es\/wp-json\/wp\/v2\/posts"}],"about":[{"href":"https:\/\/artigos.abelacosmetics.com\/es\/wp-json\/wp\/v2\/types\/post"}],"author":[{"embeddable":true,"href":"https:\/\/artigos.abelacosmetics.com\/es\/wp-json\/wp\/v2\/users\/1"}],"replies":[{"embeddable":true,"href":"https:\/\/artigos.abelacosmetics.com\/es\/wp-json\/wp\/v2\/comments?post=2761"}],"version-history":[{"count":3,"href":"https:\/\/artigos.abelacosmetics.com\/es\/wp-json\/wp\/v2\/posts\/2761\/revisions"}],"predecessor-version":[{"id":2772,"href":"https:\/\/artigos.abelacosmetics.com\/es\/wp-json\/wp\/v2\/posts\/2761\/revisions\/2772"}],"wp:featuredmedia":[{"embeddable":true,"href":"https:\/\/artigos.abelacosmetics.com\/es\/wp-json\/wp\/v2\/media\/2765"}],"wp:attachment":[{"href":"https:\/\/artigos.abelacosmetics.com\/es\/wp-json\/wp\/v2\/media?parent=2761"}],"wp:term":[{"taxonomy":"category","embeddable":true,"href":"https:\/\/artigos.abelacosmetics.com\/es\/wp-json\/wp\/v2\/categories?post=2761"},{"taxonomy":"post_tag","embeddable":true,"href":"https:\/\/artigos.abelacosmetics.com\/es\/wp-json\/wp\/v2\/tags?post=2761"}],"curies":[{"name":"wp","href":"https:\/\/api.w.org\/{rel}","templated":true}]}}