{"id":2394,"date":"2023-02-02T13:14:43","date_gmt":"2023-02-02T16:14:43","guid":{"rendered":"https:\/\/artigos.abelacosmetics.com\/?p=2394"},"modified":"2023-02-02T13:14:43","modified_gmt":"2023-02-02T16:14:43","slug":"respostas-sobre-o-crescimento-capilar","status":"publish","type":"post","link":"https:\/\/artigos.abelacosmetics.com\/es\/respostas-sobre-o-crescimento-capilar\/","title":{"rendered":"Respostas sobre o crescimento capilar"},"content":{"rendered":"<p>&nbsp;<\/p>\n<p>Resolvemos colocar aqui algumas perguntas e respostas sobre o crescimento capilar.\u00a0 Esperamos que ajude!<\/p>\n<p>&nbsp;<\/p>\n<audio class=\"wp-audio-shortcode\" id=\"audio-2394-1\" preload=\"none\" style=\"width: 100%;\" controls=\"controls\"><source type=\"audio\/mpeg\" src=\"https:\/\/artigos.abelacosmetics.com\/wp-content\/uploads\/2023\/02\/respostas-sobre-queda-1.mp3?_=1\" \/><a href=\"https:\/\/artigos.abelacosmetics.com\/wp-content\/uploads\/2023\/02\/respostas-sobre-queda-1.mp3\">https:\/\/artigos.abelacosmetics.com\/wp-content\/uploads\/2023\/02\/respostas-sobre-queda-1.mp3<\/a><\/audio>\n<p>&nbsp;<\/p>\n<p><strong>Qual a perda normal de fios?<\/strong><\/p>\n<p>Diariamente, perdemos de 100 a 150 fios de cabelo.\u00a0 Isso \u00e9 um resultado normal do crescimento capilar \u2013 apenas demonstra que seus fios est\u00e3o passando pelo ciclo capilar esperado.\u00a0 Como dito antes, uma perda excessiva deve gerar preocupa\u00e7\u00e3o, e o quanto antes se buscar por um profissional, melhor.<\/p>\n<p>(<a href=\"https:\/\/artigos.abelacosmetics.com\/es\/explicando-a-queda-de-cabelo\/\" target=\"_blank\" rel=\"noopener\">Nesse artigo<\/a>, explicamos tudo sobre as fases do crescimento capilar).<\/p>\n<p>&nbsp;<\/p>\n<p><strong>Todos os fios est\u00e3o na mesma fase de crescimento?<\/strong><\/p>\n<p>N\u00e3o.\u00a0 Cada fio se encontra em um momento do ciclo diferente.\u00a0 Observamos isso com a perda di\u00e1ria de fios de forma esperada, sem cair todos os fios na mesma \u00e9poca.\u00a0 Outro ponto \u00e9 saber que, em um couro cabeludo saud\u00e1vel, n\u00e3o haver\u00e1 locais isolados de perda de cabelo.\u00a0 Se isso ocorrer, \u00e9 necess\u00e1rio procurar um m\u00e9dico.<\/p>\n<p>&nbsp;<\/p>\n<p><strong>Por que n\u00e3o consigo crescer mais meus cabelos?<\/strong><\/p>\n<p>Todo mundo tem um ciclo de crescimento de cabelo \u00fanico, que determina quanto tempo seu cabelo cresce antes de cair. Um ciclo mais curto significa que voc\u00ea n\u00e3o pode deixar seu cabelo crescer al\u00e9m de um certo ponto &#8211; \u00e0s vezes \u00e9 na altura dos ombros. Embora n\u00e3o haja muito que voc\u00ea possa fazer sobre isso, considere tamb\u00e9m que seu cabelo est\u00e1 quebrando antes de atingir seu comprimento potencial. Aparar o cabelo a cada seis semanas eliminar\u00e1 as pontas desfiadas e ajudar\u00e1 o cabelo a atingir todo o seu potencial.<\/p>\n<p><strong>\u00a0<\/strong><\/p>\n<p><strong>Posso melhorar meu ciclo capilar?<\/strong><\/p>\n<p><img loading=\"lazy\" decoding=\"async\" class=\"alignnone  wp-image-2399\" src=\"https:\/\/artigos.abelacosmetics.com\/wp-content\/uploads\/2023\/02\/4-300x152.png\" alt=\"\" width=\"957\" height=\"485\" srcset=\"https:\/\/artigos.abelacosmetics.com\/wp-content\/uploads\/2023\/02\/4-300x152.png 300w, https:\/\/artigos.abelacosmetics.com\/wp-content\/uploads\/2023\/02\/4-768x389.png 768w, https:\/\/artigos.abelacosmetics.com\/wp-content\/uploads\/2023\/02\/4-18x9.png 18w, https:\/\/artigos.abelacosmetics.com\/wp-content\/uploads\/2023\/02\/4.png 850w\" sizes=\"auto, (max-width: 957px) 100vw, 957px\" \/><\/p>\n<p>&nbsp;<\/p>\n<p>Ter cabelos saud\u00e1veis \u200b\u200b depende da gen\u00e9tica e dos n\u00edveis hormonais, bem como de fatores \u200b\u200brelacionados a um estilo de vida saud\u00e1vel e cuidados adequados com os cabelos.<\/p>\n<p><em>\u00a0 \u00a0 \u00a0 \u00a0 \u00a0<\/em><\/p>\n<p><em>\u00a0 \u00a0 \u00a0 \u00a0 \u00a0 Alimenta\u00e7\u00e3o saud\u00e1vel<\/em><\/p>\n<p>O cabelo \u00e9 feito de prote\u00ednas.\u00a0 Logo, a ingesta de prote\u00ednas saud\u00e1veis faz diferen\u00e7a!\u00a0 Alguns nutrientes, como vitamina B12, C, e D, al\u00e9m de \u00e1cido f\u00f3lico e zinco, tamb\u00e9m est\u00e3o associados a um crescimento capilar saud\u00e1vel.\u00a0 Leia mais sobre alimenta\u00e7\u00e3o e cabelos <a href=\"https:\/\/artigos.abelacosmetics.com\/es\/importancia-da-agua-e-da-alimentacao-para-os-cabelos\/\" target=\"_blank\" rel=\"noopener\">nesse artigo<\/a>.<\/p>\n<p><em>\u00a0 \u00a0 \u00a0 \u00a0 \u00a0 Estresse<\/em><\/p>\n<p>N\u00edveis altos de estresse causam perdas excessivas de cabelo.\u00a0 Essa perda aumenta em cada fase do ciclo capilar.\u00a0 Algumas t\u00e9cnicas para redu\u00e7\u00e3o do estresse, como ioga e medita\u00e7\u00e3o podemos causar efeitos positiva na sa\u00fade como um todo, n\u00e3o s\u00f3 nos cabelos.<\/p>\n<p><em>\u00a0 \u00a0 \u00a0 \u00a0 \u00a0 Tratamento adequado<\/em><\/p>\n<p>A escolha dos produtos certos para seus cabelos faz grande diferen\u00e7a no crescimento adequado dos fios.\u00a0 Seus fios respondem de forma diferente a cada produto.\u00a0 Fique de olho nas mudan\u00e7as que ocorrem com produtos novos.<\/p>\n<p>Evite \u00e1gua muito quente nos cabelos.<\/p>\n<p>&nbsp;<\/p>\n<p><strong>Usar algo na cabe\u00e7a influencia o ciclo capilar?<\/strong><\/p>\n<p>Algumas pessoas acreditam que usar chap\u00e9us ou len\u00e7os, por exemplo, atrapalham o ciclo capilar.\u00a0 Isso \u00e9 muito improv\u00e1vel, a n\u00e3o ser que esteja usando muito apertado, a ponto de diminuir a circula\u00e7\u00e3o no couro cabeludo.\u00a0 Ou prendendo seus cabelos com muita tra\u00e7\u00e3o nos fios.<\/p>\n<p>&nbsp;<\/p>\n<p><strong>Cortar o cabelo faz crescer mais r\u00e1pido?<\/strong><\/p>\n<p>Seu cabelo cresce a partir da raiz, n\u00e3o das pontas. No entanto, as pontas duplas podem fazer seu cabelo parecer que est\u00e1 crescendo mais lentamente ou menos cheio. Da mesma forma, as pontas duplas podem subir pelos fios, resultando em frizz e cabelos quebrados.\u00a0 Ent\u00e3o vale a pena cortar os cabelos.<\/p>\n<p>\u00c9 uma boa ideia cortar quando come\u00e7ar a notar pontas secas ou duplas. Mas n\u00e3o vai fazer seu cabelo crescer mais r\u00e1pido, mas vai manter seus cabelos mais saud\u00e1veis.<\/p>\n<p>Esperamos que algumas de suas quest\u00f5es sejam respondidas!\u00a0 \u00a0Conhe\u00e7a mais sobre a linha de crescimento capilar <a href=\"https:\/\/artigos.abelacosmetics.com\/es\/produtos\/tonico-capilar-natural-blend\/\" target=\"_blank\" rel=\"noopener\">Natural Blend<\/a>, da Abela Cosmetics.\u00a0 Voc\u00ea vai se surpreender com\u00a0 o poder da natureza!<\/p>\n<p>&nbsp;<\/p>\n<p><img loading=\"lazy\" decoding=\"async\" class=\"alignnone  wp-image-2402\" src=\"https:\/\/artigos.abelacosmetics.com\/wp-content\/uploads\/2023\/02\/7-300x152.png\" alt=\"\" width=\"1214\" height=\"615\" srcset=\"https:\/\/artigos.abelacosmetics.com\/wp-content\/uploads\/2023\/02\/7-300x152.png 300w, https:\/\/artigos.abelacosmetics.com\/wp-content\/uploads\/2023\/02\/7-768x389.png 768w, https:\/\/artigos.abelacosmetics.com\/wp-content\/uploads\/2023\/02\/7-18x9.png 18w, https:\/\/artigos.abelacosmetics.com\/wp-content\/uploads\/2023\/02\/7.png 850w\" sizes=\"auto, (max-width: 1214px) 100vw, 1214px\" \/><\/p>","protected":false},"excerpt":{"rendered":"<p>&nbsp; Resolvemos colocar aqui algumas perguntas e respostas sobre o crescimento capilar.\u00a0 Esperamos que ajude! &nbsp; &nbsp; Qual a perda normal de fios? Diariamente, perdemos de 100 a 150 fios de cabelo.\u00a0 Isso \u00e9 um resultado normal do crescimento capilar \u2013 apenas demonstra que seus fios est\u00e3o passando pelo ciclo capilar esperado.\u00a0 Como dito antes, [&hellip;]<\/p>","protected":false},"author":1,"featured_media":2398,"comment_status":"open","ping_status":"open","sticky":false,"template":"","format":"standard","meta":{"_acf_changed":false,"_mo_disable_npp":"","inline_featured_image":false,"footnotes":""},"categories":[30,1],"tags":[],"class_list":["post-2394","post","type-post","status-publish","format-standard","has-post-thumbnail","hentry","category-conheca-seus-cabelos","category-novidades"],"acf":[],"yoast_head":"<!-- This site is optimized with the Yoast SEO Premium plugin v19.2.1 (Yoast SEO v26.9) - https:\/\/yoast.com\/product\/yoast-seo-premium-wordpress\/ -->\n<title>Respostas sobre o crescimento capilar - Abela Cosmetics<\/title>\n<meta name=\"description\" content=\"Ser\u00e1 que voc\u00ea sabe tudo sobre sues cabelos? Responda algumas de suas perguntas sobre o crescimento dos seus cabelos.\" \/>\n<meta name=\"robots\" content=\"index, follow, max-snippet:-1, max-image-preview:large, max-video-preview:-1\" \/>\n<link rel=\"canonical\" href=\"https:\/\/artigos.abelacosmetics.com\/es\/respostas-sobre-o-crescimento-capilar\/\" \/>\n<meta property=\"og:locale\" content=\"es_ES\" \/>\n<meta property=\"og:type\" content=\"article\" \/>\n<meta property=\"og:title\" content=\"Respostas sobre o crescimento capilar\" \/>\n<meta property=\"og:description\" content=\"Ser\u00e1 que voc\u00ea sabe tudo sobre sues cabelos? Responda algumas de suas perguntas sobre o crescimento dos seus cabelos.\" \/>\n<meta property=\"og:url\" content=\"https:\/\/artigos.abelacosmetics.com\/es\/respostas-sobre-o-crescimento-capilar\/\" \/>\n<meta property=\"og:site_name\" content=\"Abela Cosmetics\" \/>\n<meta property=\"article:publisher\" content=\"https:\/\/www.facebook.com\/abelacosmetics\" \/>\n<meta property=\"article:published_time\" content=\"2023-02-02T16:14:43+00:00\" \/>\n<meta property=\"og:image\" content=\"https:\/\/artigos.abelacosmetics.com\/wp-content\/uploads\/2023\/02\/3.png\" \/>\n\t<meta property=\"og:image:width\" content=\"850\" \/>\n\t<meta property=\"og:image:height\" content=\"430\" \/>\n\t<meta property=\"og:image:type\" content=\"image\/png\" \/>\n<meta name=\"author\" content=\"admin\" \/>\n<meta name=\"twitter:card\" content=\"summary_large_image\" \/>\n<meta name=\"twitter:label1\" content=\"Escrito por\" \/>\n\t<meta name=\"twitter:data1\" content=\"admin\" \/>\n\t<meta name=\"twitter:label2\" content=\"Tiempo de lectura\" \/>\n\t<meta name=\"twitter:data2\" content=\"4 minutos\" \/>\n<script type=\"application\/ld+json\" class=\"yoast-schema-graph\">{\"@context\":\"https:\/\/schema.org\",\"@graph\":[{\"@type\":\"Article\",\"@id\":\"https:\/\/artigos.abelacosmetics.com\/respostas-sobre-o-crescimento-capilar\/#article\",\"isPartOf\":{\"@id\":\"https:\/\/artigos.abelacosmetics.com\/respostas-sobre-o-crescimento-capilar\/\"},\"author\":{\"name\":\"admin\",\"@id\":\"https:\/\/artigos.abelacosmetics.com\/#\/schema\/person\/675710be590edb47293978092f4e20f4\"},\"headline\":\"Respostas sobre o crescimento capilar\",\"datePublished\":\"2023-02-02T16:14:43+00:00\",\"mainEntityOfPage\":{\"@id\":\"https:\/\/artigos.abelacosmetics.com\/respostas-sobre-o-crescimento-capilar\/\"},\"wordCount\":642,\"commentCount\":0,\"publisher\":{\"@id\":\"https:\/\/artigos.abelacosmetics.com\/#organization\"},\"image\":{\"@id\":\"https:\/\/artigos.abelacosmetics.com\/respostas-sobre-o-crescimento-capilar\/#primaryimage\"},\"thumbnailUrl\":\"https:\/\/artigos.abelacosmetics.com\/wp-content\/uploads\/2023\/02\/3.png\",\"articleSection\":[\"Conhe\u00e7a seus cabelos\",\"Novidades\"],\"inLanguage\":\"es\",\"potentialAction\":[{\"@type\":\"CommentAction\",\"name\":\"Comment\",\"target\":[\"https:\/\/artigos.abelacosmetics.com\/respostas-sobre-o-crescimento-capilar\/#respond\"]}]},{\"@type\":\"WebPage\",\"@id\":\"https:\/\/artigos.abelacosmetics.com\/respostas-sobre-o-crescimento-capilar\/\",\"url\":\"https:\/\/artigos.abelacosmetics.com\/respostas-sobre-o-crescimento-capilar\/\",\"name\":\"Respostas sobre o crescimento capilar - Abela Cosmetics\",\"isPartOf\":{\"@id\":\"https:\/\/artigos.abelacosmetics.com\/#website\"},\"primaryImageOfPage\":{\"@id\":\"https:\/\/artigos.abelacosmetics.com\/respostas-sobre-o-crescimento-capilar\/#primaryimage\"},\"image\":{\"@id\":\"https:\/\/artigos.abelacosmetics.com\/respostas-sobre-o-crescimento-capilar\/#primaryimage\"},\"thumbnailUrl\":\"https:\/\/artigos.abelacosmetics.com\/wp-content\/uploads\/2023\/02\/3.png\",\"datePublished\":\"2023-02-02T16:14:43+00:00\",\"description\":\"Ser\u00e1 que voc\u00ea sabe tudo sobre sues cabelos? Responda algumas de suas perguntas sobre o crescimento dos seus cabelos.\",\"breadcrumb\":{\"@id\":\"https:\/\/artigos.abelacosmetics.com\/respostas-sobre-o-crescimento-capilar\/#breadcrumb\"},\"inLanguage\":\"es\",\"potentialAction\":[{\"@type\":\"ReadAction\",\"target\":[\"https:\/\/artigos.abelacosmetics.com\/respostas-sobre-o-crescimento-capilar\/\"]}]},{\"@type\":\"ImageObject\",\"inLanguage\":\"es\",\"@id\":\"https:\/\/artigos.abelacosmetics.com\/respostas-sobre-o-crescimento-capilar\/#primaryimage\",\"url\":\"https:\/\/artigos.abelacosmetics.com\/wp-content\/uploads\/2023\/02\/3.png\",\"contentUrl\":\"https:\/\/artigos.abelacosmetics.com\/wp-content\/uploads\/2023\/02\/3.png\",\"width\":850,\"height\":430},{\"@type\":\"BreadcrumbList\",\"@id\":\"https:\/\/artigos.abelacosmetics.com\/respostas-sobre-o-crescimento-capilar\/#breadcrumb\",\"itemListElement\":[{\"@type\":\"ListItem\",\"position\":1,\"name\":\"In\u00edcio\",\"item\":\"https:\/\/artigos.abelacosmetics.com\/\"},{\"@type\":\"ListItem\",\"position\":2,\"name\":\"Respostas sobre o crescimento capilar\"}]},{\"@type\":\"WebSite\",\"@id\":\"https:\/\/artigos.abelacosmetics.com\/#website\",\"url\":\"https:\/\/artigos.abelacosmetics.com\/\",\"name\":\"Abela Cosmetics\",\"description\":\"Cuidados para Cabelos \u00danicos\",\"publisher\":{\"@id\":\"https:\/\/artigos.abelacosmetics.com\/#organization\"},\"potentialAction\":[{\"@type\":\"SearchAction\",\"target\":{\"@type\":\"EntryPoint\",\"urlTemplate\":\"https:\/\/artigos.abelacosmetics.com\/?s={search_term_string}\"},\"query-input\":{\"@type\":\"PropertyValueSpecification\",\"valueRequired\":true,\"valueName\":\"search_term_string\"}}],\"inLanguage\":\"es\"},{\"@type\":\"Organization\",\"@id\":\"https:\/\/artigos.abelacosmetics.com\/#organization\",\"name\":\"Abela Cosmetics\",\"url\":\"https:\/\/artigos.abelacosmetics.com\/\",\"logo\":{\"@type\":\"ImageObject\",\"inLanguage\":\"es\",\"@id\":\"https:\/\/artigos.abelacosmetics.com\/#\/schema\/logo\/image\/\",\"url\":\"https:\/\/artigos.abelacosmetics.com\/wp-content\/uploads\/2023\/02\/logo-abela.png\",\"contentUrl\":\"https:\/\/artigos.abelacosmetics.com\/wp-content\/uploads\/2023\/02\/logo-abela.png\",\"width\":183,\"height\":90,\"caption\":\"Abela Cosmetics\"},\"image\":{\"@id\":\"https:\/\/artigos.abelacosmetics.com\/#\/schema\/logo\/image\/\"},\"sameAs\":[\"https:\/\/www.facebook.com\/abelacosmetics\"]},{\"@type\":\"Person\",\"@id\":\"https:\/\/artigos.abelacosmetics.com\/#\/schema\/person\/675710be590edb47293978092f4e20f4\",\"name\":\"admin\",\"image\":{\"@type\":\"ImageObject\",\"inLanguage\":\"es\",\"@id\":\"https:\/\/artigos.abelacosmetics.com\/#\/schema\/person\/image\/\",\"url\":\"https:\/\/secure.gravatar.com\/avatar\/ce9ccc2de538d30bcc33874c5a730e8e078e64fce402cb3cf0668a7439a0e654?s=96&d=mm&r=g\",\"contentUrl\":\"https:\/\/secure.gravatar.com\/avatar\/ce9ccc2de538d30bcc33874c5a730e8e078e64fce402cb3cf0668a7439a0e654?s=96&d=mm&r=g\",\"caption\":\"admin\"},\"sameAs\":[\"http:\/\/localhost\/abela-cosmetic\"],\"url\":\"https:\/\/artigos.abelacosmetics.com\/es\/author\/admin\/\"}]}<\/script>\n<!-- \/ Yoast SEO Premium plugin. -->","yoast_head_json":{"title":"Respostas sobre o crescimento capilar - Abela Cosmetics","description":"Ser\u00e1 que voc\u00ea sabe tudo sobre sues cabelos? Responda algumas de suas perguntas sobre o crescimento dos seus cabelos.","robots":{"index":"index","follow":"follow","max-snippet":"max-snippet:-1","max-image-preview":"max-image-preview:large","max-video-preview":"max-video-preview:-1"},"canonical":"https:\/\/artigos.abelacosmetics.com\/es\/respostas-sobre-o-crescimento-capilar\/","og_locale":"es_ES","og_type":"article","og_title":"Respostas sobre o crescimento capilar","og_description":"Ser\u00e1 que voc\u00ea sabe tudo sobre sues cabelos? Responda algumas de suas perguntas sobre o crescimento dos seus cabelos.","og_url":"https:\/\/artigos.abelacosmetics.com\/es\/respostas-sobre-o-crescimento-capilar\/","og_site_name":"Abela Cosmetics","article_publisher":"https:\/\/www.facebook.com\/abelacosmetics","article_published_time":"2023-02-02T16:14:43+00:00","og_image":[{"width":850,"height":430,"url":"https:\/\/artigos.abelacosmetics.com\/wp-content\/uploads\/2023\/02\/3.png","type":"image\/png"}],"author":"admin","twitter_card":"summary_large_image","twitter_misc":{"Escrito por":"admin","Tiempo de lectura":"4 minutos"},"schema":{"@context":"https:\/\/schema.org","@graph":[{"@type":"Article","@id":"https:\/\/artigos.abelacosmetics.com\/respostas-sobre-o-crescimento-capilar\/#article","isPartOf":{"@id":"https:\/\/artigos.abelacosmetics.com\/respostas-sobre-o-crescimento-capilar\/"},"author":{"name":"admin","@id":"https:\/\/artigos.abelacosmetics.com\/#\/schema\/person\/675710be590edb47293978092f4e20f4"},"headline":"Respostas sobre o crescimento capilar","datePublished":"2023-02-02T16:14:43+00:00","mainEntityOfPage":{"@id":"https:\/\/artigos.abelacosmetics.com\/respostas-sobre-o-crescimento-capilar\/"},"wordCount":642,"commentCount":0,"publisher":{"@id":"https:\/\/artigos.abelacosmetics.com\/#organization"},"image":{"@id":"https:\/\/artigos.abelacosmetics.com\/respostas-sobre-o-crescimento-capilar\/#primaryimage"},"thumbnailUrl":"https:\/\/artigos.abelacosmetics.com\/wp-content\/uploads\/2023\/02\/3.png","articleSection":["Conhe\u00e7a seus cabelos","Novidades"],"inLanguage":"es","potentialAction":[{"@type":"CommentAction","name":"Comment","target":["https:\/\/artigos.abelacosmetics.com\/respostas-sobre-o-crescimento-capilar\/#respond"]}]},{"@type":"WebPage","@id":"https:\/\/artigos.abelacosmetics.com\/respostas-sobre-o-crescimento-capilar\/","url":"https:\/\/artigos.abelacosmetics.com\/respostas-sobre-o-crescimento-capilar\/","name":"Respostas sobre o crescimento capilar - Abela Cosmetics","isPartOf":{"@id":"https:\/\/artigos.abelacosmetics.com\/#website"},"primaryImageOfPage":{"@id":"https:\/\/artigos.abelacosmetics.com\/respostas-sobre-o-crescimento-capilar\/#primaryimage"},"image":{"@id":"https:\/\/artigos.abelacosmetics.com\/respostas-sobre-o-crescimento-capilar\/#primaryimage"},"thumbnailUrl":"https:\/\/artigos.abelacosmetics.com\/wp-content\/uploads\/2023\/02\/3.png","datePublished":"2023-02-02T16:14:43+00:00","description":"Ser\u00e1 que voc\u00ea sabe tudo sobre sues cabelos? Responda algumas de suas perguntas sobre o crescimento dos seus cabelos.","breadcrumb":{"@id":"https:\/\/artigos.abelacosmetics.com\/respostas-sobre-o-crescimento-capilar\/#breadcrumb"},"inLanguage":"es","potentialAction":[{"@type":"ReadAction","target":["https:\/\/artigos.abelacosmetics.com\/respostas-sobre-o-crescimento-capilar\/"]}]},{"@type":"ImageObject","inLanguage":"es","@id":"https:\/\/artigos.abelacosmetics.com\/respostas-sobre-o-crescimento-capilar\/#primaryimage","url":"https:\/\/artigos.abelacosmetics.com\/wp-content\/uploads\/2023\/02\/3.png","contentUrl":"https:\/\/artigos.abelacosmetics.com\/wp-content\/uploads\/2023\/02\/3.png","width":850,"height":430},{"@type":"BreadcrumbList","@id":"https:\/\/artigos.abelacosmetics.com\/respostas-sobre-o-crescimento-capilar\/#breadcrumb","itemListElement":[{"@type":"ListItem","position":1,"name":"In\u00edcio","item":"https:\/\/artigos.abelacosmetics.com\/"},{"@type":"ListItem","position":2,"name":"Respostas sobre o crescimento capilar"}]},{"@type":"WebSite","@id":"https:\/\/artigos.abelacosmetics.com\/#website","url":"https:\/\/artigos.abelacosmetics.com\/","name":"Abela Cosmetics","description":"Cuidados para Cabelos \u00danicos","publisher":{"@id":"https:\/\/artigos.abelacosmetics.com\/#organization"},"potentialAction":[{"@type":"SearchAction","target":{"@type":"EntryPoint","urlTemplate":"https:\/\/artigos.abelacosmetics.com\/?s={search_term_string}"},"query-input":{"@type":"PropertyValueSpecification","valueRequired":true,"valueName":"search_term_string"}}],"inLanguage":"es"},{"@type":"Organization","@id":"https:\/\/artigos.abelacosmetics.com\/#organization","name":"Abela Cosmetics","url":"https:\/\/artigos.abelacosmetics.com\/","logo":{"@type":"ImageObject","inLanguage":"es","@id":"https:\/\/artigos.abelacosmetics.com\/#\/schema\/logo\/image\/","url":"https:\/\/artigos.abelacosmetics.com\/wp-content\/uploads\/2023\/02\/logo-abela.png","contentUrl":"https:\/\/artigos.abelacosmetics.com\/wp-content\/uploads\/2023\/02\/logo-abela.png","width":183,"height":90,"caption":"Abela Cosmetics"},"image":{"@id":"https:\/\/artigos.abelacosmetics.com\/#\/schema\/logo\/image\/"},"sameAs":["https:\/\/www.facebook.com\/abelacosmetics"]},{"@type":"Person","@id":"https:\/\/artigos.abelacosmetics.com\/#\/schema\/person\/675710be590edb47293978092f4e20f4","name":"admin","image":{"@type":"ImageObject","inLanguage":"es","@id":"https:\/\/artigos.abelacosmetics.com\/#\/schema\/person\/image\/","url":"https:\/\/secure.gravatar.com\/avatar\/ce9ccc2de538d30bcc33874c5a730e8e078e64fce402cb3cf0668a7439a0e654?s=96&d=mm&r=g","contentUrl":"https:\/\/secure.gravatar.com\/avatar\/ce9ccc2de538d30bcc33874c5a730e8e078e64fce402cb3cf0668a7439a0e654?s=96&d=mm&r=g","caption":"admin"},"sameAs":["http:\/\/localhost\/abela-cosmetic"],"url":"https:\/\/artigos.abelacosmetics.com\/es\/author\/admin\/"}]}},"_links":{"self":[{"href":"https:\/\/artigos.abelacosmetics.com\/es\/wp-json\/wp\/v2\/posts\/2394","targetHints":{"allow":["GET"]}}],"collection":[{"href":"https:\/\/artigos.abelacosmetics.com\/es\/wp-json\/wp\/v2\/posts"}],"about":[{"href":"https:\/\/artigos.abelacosmetics.com\/es\/wp-json\/wp\/v2\/types\/post"}],"author":[{"embeddable":true,"href":"https:\/\/artigos.abelacosmetics.com\/es\/wp-json\/wp\/v2\/users\/1"}],"replies":[{"embeddable":true,"href":"https:\/\/artigos.abelacosmetics.com\/es\/wp-json\/wp\/v2\/comments?post=2394"}],"version-history":[{"count":5,"href":"https:\/\/artigos.abelacosmetics.com\/es\/wp-json\/wp\/v2\/posts\/2394\/revisions"}],"predecessor-version":[{"id":2409,"href":"https:\/\/artigos.abelacosmetics.com\/es\/wp-json\/wp\/v2\/posts\/2394\/revisions\/2409"}],"wp:featuredmedia":[{"embeddable":true,"href":"https:\/\/artigos.abelacosmetics.com\/es\/wp-json\/wp\/v2\/media\/2398"}],"wp:attachment":[{"href":"https:\/\/artigos.abelacosmetics.com\/es\/wp-json\/wp\/v2\/media?parent=2394"}],"wp:term":[{"taxonomy":"category","embeddable":true,"href":"https:\/\/artigos.abelacosmetics.com\/es\/wp-json\/wp\/v2\/categories?post=2394"},{"taxonomy":"post_tag","embeddable":true,"href":"https:\/\/artigos.abelacosmetics.com\/es\/wp-json\/wp\/v2\/tags?post=2394"}],"curies":[{"name":"wp","href":"https:\/\/api.w.org\/{rel}","templated":true}]}}