{"id":2324,"date":"2023-01-24T20:06:06","date_gmt":"2023-01-24T23:06:06","guid":{"rendered":"https:\/\/artigos.abelacosmetics.com\/?p=2324"},"modified":"2023-01-24T20:07:02","modified_gmt":"2023-01-24T23:07:02","slug":"coisas-que-cabelos-porosos-odeiam","status":"publish","type":"post","link":"https:\/\/artigos.abelacosmetics.com\/es\/coisas-que-cabelos-porosos-odeiam\/","title":{"rendered":"Coisas que cabelos porosos odeiam: confira nossas dicas e saiba como tratar os fios"},"content":{"rendered":"<h1><\/h1>\n<p><span style=\"font-weight: 400;\">Est\u00e1 sofrendo com cabelos porosos? Toda mulher est\u00e1 sempre \u00e0 procura de produtos que ajudam a melhorar a apar\u00eancia dos fios de cabelo. No entanto, saber o que prejudica o cabelo tamb\u00e9m \u00e9 importante para a efic\u00e1cia do tratamento.\u00a0<\/span><\/p>\n<p>&nbsp;<\/p>\n<audio class=\"wp-audio-shortcode\" id=\"audio-2324-1\" preload=\"none\" style=\"width: 100%;\" controls=\"controls\"><source type=\"audio\/mpeg\" src=\"https:\/\/artigos.abelacosmetics.com\/wp-content\/uploads\/2023\/01\/o-que-os-cabelos-porosos-odeiam.mp3?_=1\" \/><a href=\"https:\/\/artigos.abelacosmetics.com\/wp-content\/uploads\/2023\/01\/o-que-os-cabelos-porosos-odeiam.mp3\">https:\/\/artigos.abelacosmetics.com\/wp-content\/uploads\/2023\/01\/o-que-os-cabelos-porosos-odeiam.mp3<\/a><\/audio>\n<p>&nbsp;<\/p>\n<p><span style=\"font-weight: 400;\">Existem algumas coisas que realizamos sem saber que os cabelos porosos odeiam. Por isso, criamos esse guia para ajudar a tratar cabelo poroso e mant\u00ea-lo saud\u00e1vel sempre. Afinal, n\u00e3o existe nada melhor do que a satisfa\u00e7\u00e3o quando conseguimos deixar nossos cabelos do jeito que queremos, n\u00e3o \u00e9 mesmo?<\/span><\/p>\n<p><span style=\"font-weight: 400;\">Em seguida, vamos falar mais sobre como tratar cabelo poroso, al\u00e9m disso, voc\u00ea vai conhecer alguns procedimentos que devemos evitar para mant\u00ea-los bonitos e saud\u00e1veis. Ent\u00e3o, confira 3 coisas que cabelos porosos odeiam!<\/span><\/p>\n<h2><span style=\"font-weight: 400;\">O que \u00e9 cabelo poroso?<\/span><\/h2>\n<p>&nbsp;<\/p>\n<p><img loading=\"lazy\" decoding=\"async\" class=\"alignnone wp-image-2327\" src=\"https:\/\/artigos.abelacosmetics.com\/wp-content\/uploads\/2023\/01\/2-300x152.png\" alt=\"\" width=\"659\" height=\"334\" srcset=\"https:\/\/artigos.abelacosmetics.com\/wp-content\/uploads\/2023\/01\/2-300x152.png 300w, https:\/\/artigos.abelacosmetics.com\/wp-content\/uploads\/2023\/01\/2-768x389.png 768w, https:\/\/artigos.abelacosmetics.com\/wp-content\/uploads\/2023\/01\/2-18x9.png 18w, https:\/\/artigos.abelacosmetics.com\/wp-content\/uploads\/2023\/01\/2.png 850w\" sizes=\"auto, (max-width: 659px) 100vw, 659px\" \/><\/p>\n<p>&nbsp;<\/p>\n<p><span style=\"font-weight: 400;\">Voc\u00ea sabe como identificar um cabelo poroso? Se perceber que seus fios est\u00e3o opacos, sem vida, ressecados e sem brilho, pode ser um sinal de porosidade. Em casos mais evidentes, os fios tamb\u00e9m apresentam frizz e quebra.<\/span><\/p>\n<p><span style=\"font-weight: 400;\">E esse \u00e9 o momento de parar e cuidar dos fios antes que seja preciso procedimentos mais radicais, como, por exemplo, cortar o cabelo bem curtinho para recupera\u00e7\u00e3o total. Mas calma, hoje vamos te ajudar a saber como tratar cabelo poroso.<\/span><\/p>\n<p><span style=\"font-weight: 400;\">Antes, \u00e9 importante saber o que cabelos porosos odeiam e, assim, al\u00e9m de tratar, podemos evitar alguns procedimentos que levam os fios \u00e0 porosidade.\u00a0<\/span><\/p>\n<h3><span style=\"font-weight: 400;\">3 coisas que os cabelos porosos odeiam<\/span><\/h3>\n<p><span style=\"font-weight: 400;\">Em seguida, elencamos 3 coisas que os cabelos porosos odeiam e que muitas vezes nem sabemos e realizamos sem querer, confira!<\/span><\/p>\n<ol>\n<li style=\"font-weight: 400;\" aria-level=\"1\"><span style=\"font-weight: 400;\">Qu\u00edmicas: tinturas, descolora\u00e7\u00f5es, alisamento<\/span><\/li>\n<\/ol>\n<p>&nbsp;<\/p>\n<p><img loading=\"lazy\" decoding=\"async\" class=\"wp-image-2328 aligncenter\" src=\"https:\/\/artigos.abelacosmetics.com\/wp-content\/uploads\/2023\/01\/3-300x152.png\" alt=\"\" width=\"371\" height=\"188\" srcset=\"https:\/\/artigos.abelacosmetics.com\/wp-content\/uploads\/2023\/01\/3-300x152.png 300w, https:\/\/artigos.abelacosmetics.com\/wp-content\/uploads\/2023\/01\/3-768x389.png 768w, https:\/\/artigos.abelacosmetics.com\/wp-content\/uploads\/2023\/01\/3-18x9.png 18w, https:\/\/artigos.abelacosmetics.com\/wp-content\/uploads\/2023\/01\/3.png 850w\" sizes=\"auto, (max-width: 371px) 100vw, 371px\" \/><\/p>\n<p>&nbsp;<\/p>\n<p><span style=\"font-weight: 400;\">As qu\u00edmicas em excesso s\u00e3o as principais causadoras de porosidade, ent\u00e3o, muito cuidado! A\u00e7\u00f5es como tinturas, descolora\u00e7\u00f5es, alisamentos sem o preparo adequado podem resultar em cabelo poroso.<\/span><\/p>\n<p><span style=\"font-weight: 400;\">Mas como manter as qu\u00edmicas sem causar porosidade? A quest\u00e3o principal \u00e9 n\u00e3o se submeter \u00e0s qu\u00edmicas quando seu cabelo est\u00e1 apresentando porosidade. Assim, fa\u00e7a uma hidrata\u00e7\u00e3o para cabelo poroso e aguarde para realizar qualquer tipo de qu\u00edmica.<\/span><\/p>\n<ol>\n<li style=\"font-weight: 400;\" aria-level=\"1\"><span style=\"font-weight: 400;\">A\u00e7\u00f5es do tempo: vento, sol, chuva, frio<\/span><\/li>\n<\/ol>\n<p>&nbsp;<\/p>\n<p><img loading=\"lazy\" decoding=\"async\" class=\"wp-image-2329 aligncenter\" src=\"https:\/\/artigos.abelacosmetics.com\/wp-content\/uploads\/2023\/01\/4-300x152.png\" alt=\"\" width=\"391\" height=\"198\" srcset=\"https:\/\/artigos.abelacosmetics.com\/wp-content\/uploads\/2023\/01\/4-300x152.png 300w, https:\/\/artigos.abelacosmetics.com\/wp-content\/uploads\/2023\/01\/4-768x389.png 768w, https:\/\/artigos.abelacosmetics.com\/wp-content\/uploads\/2023\/01\/4-18x9.png 18w, https:\/\/artigos.abelacosmetics.com\/wp-content\/uploads\/2023\/01\/4.png 850w\" sizes=\"auto, (max-width: 391px) 100vw, 391px\" \/><\/p>\n<p>&nbsp;<\/p>\n<p><span style=\"font-weight: 400;\">Sei que \u00e9 muito dif\u00edcil evitar as a\u00e7\u00f5es do tempo, pois estamos sempre em contato com elas. Por\u00e9m, um dos problemas dos cabelos porosos \u00e9 a falta de umidade nos fios. Assim, antes de sair de casa, use um leave-in indicado ao seu tipo de cabelo.<\/span><\/p>\n<p><span style=\"font-weight: 400;\">A principal fun\u00e7\u00e3o do leave-in \u00e9 reter a umidade dos cabelos. Seu uso \u00e9 bem simples, basta aplicar nos fios ainda \u00famidos. Ah! E eles ainda ajudam na hidrata\u00e7\u00e3o para cabelo poroso.<\/span><\/p>\n<ol>\n<li style=\"font-weight: 400;\" aria-level=\"1\"><span style=\"font-weight: 400;\">Equipamentos el\u00e9tricos: secador, chapinha, <em>baby liss<\/em><\/span><\/li>\n<\/ol>\n<p>&nbsp;<\/p>\n<p><img loading=\"lazy\" decoding=\"async\" class=\"wp-image-2330 aligncenter\" src=\"https:\/\/artigos.abelacosmetics.com\/wp-content\/uploads\/2023\/01\/5-300x152.png\" alt=\"\" width=\"401\" height=\"203\" srcset=\"https:\/\/artigos.abelacosmetics.com\/wp-content\/uploads\/2023\/01\/5-300x152.png 300w, https:\/\/artigos.abelacosmetics.com\/wp-content\/uploads\/2023\/01\/5-768x389.png 768w, https:\/\/artigos.abelacosmetics.com\/wp-content\/uploads\/2023\/01\/5-18x9.png 18w, https:\/\/artigos.abelacosmetics.com\/wp-content\/uploads\/2023\/01\/5.png 850w\" sizes=\"auto, (max-width: 401px) 100vw, 401px\" \/><\/p>\n<p>&nbsp;<\/p>\n<p><span style=\"font-weight: 400;\">Sei que a tecnologia ajuda demais a deixar os cabelos bonitos rapidamente, por isso, muitas vezes apelamos para o secador, a chapinha e o <em>baby liss<\/em> para penteados r\u00e1pidos. Mas cuidado! Esses equipamentos tamb\u00e9m s\u00e3o os vil\u00f5es da porosidade dos fios.<\/span><\/p>\n<p><span style=\"font-weight: 400;\">Portanto, enquanto n\u00e3o fizer um tratamento adequado para amenizar a porosidade dos cabelos, deixe esses complementos de lado. O ideal \u00e9 manter os fios naturais para poderem se recuperar por completo.<\/span><\/p>\n<h2><span style=\"font-weight: 400;\">Mas afinal, cabelo poroso precisa de qu\u00ea?<\/span><\/h2>\n<p><span style=\"font-weight: 400;\">Agora que voc\u00ea j\u00e1 sabe o que cabelo poroso odeia, vamos focar naquilo que ajuda a manter a sa\u00fade dos fios. Em seguida, saiba como tratar o cabelo poroso!<\/span><\/p>\n<h3><span style=\"font-weight: 400;\">Hidrata\u00e7\u00e3o para cabelo poroso<\/span><\/h3>\n<p><span style=\"font-weight: 400;\">Antes de saber como hidratar cabelo poroso, saiba que existem tr\u00eas n\u00edveis de porosidade dos fios, sendo, baixa, m\u00e9dia e alta. Por\u00e9m, todas requerem aten\u00e7\u00e3o e cuidados espec\u00edficos.<\/span><\/p>\n<ul>\n<li style=\"font-weight: 400;\" aria-level=\"1\"><span style=\"font-weight: 400;\">Porosidade baixa: acontece quando as cut\u00edculas dos fios s\u00e3o bem fechadas e n\u00e3o perdem a umidifica\u00e7\u00e3o natural. Nesse caso, hidrata\u00e7\u00f5es quinzenais s\u00e3o bem-vindas para manter a beleza dos cabelos.<\/span><\/li>\n<li style=\"font-weight: 400;\" aria-level=\"1\"><span style=\"font-weight: 400;\">Porosidade m\u00e9dia: nesse caso, os fios de cabelos conseguem absorver parte dos nutrientes de tratamentos, ent\u00e3o, voc\u00ea pode apostar em nutri\u00e7\u00e3o para cabelos porosos e hidrata\u00e7\u00f5es quinzenais.<\/span><\/li>\n<li style=\"font-weight: 400;\" aria-level=\"1\"><span style=\"font-weight: 400;\">Porosidade alta: aqui \u00e9 preciso apostar em tratamentos a base de reconstru\u00e7\u00f5es, nutri\u00e7\u00f5es e hidrata\u00e7\u00f5es. Nesses casos, o cronograma capilar \u00e9 a solu\u00e7\u00e3o mais indicada.<\/span><\/li>\n<\/ul>\n<p>(Saiba como descobrir\u00a0 sua porosidade <a href=\"https:\/\/artigos.abelacosmetics.com\/es\/cabelo-poroso-saiba-como-identificar-e-tratar\/\" target=\"_blank\" rel=\"noopener\">nesse artigo<\/a>).<\/p>\n<p><span style=\"font-weight: 400;\">Atualmente, um procedimento conhecido como acidifica\u00e7\u00e3o tem trazido resultados satisfat\u00f3rios para tratar cabelo poroso. Veja, em seguida, como funciona essa t\u00e9cnica.<\/span><\/p>\n<h2><span style=\"font-weight: 400;\">O que \u00e9 acidifica\u00e7\u00e3o para cabelos?<\/span><\/h2>\n<p>&nbsp;<\/p>\n<p><img loading=\"lazy\" decoding=\"async\" class=\"alignnone wp-image-2332\" src=\"https:\/\/artigos.abelacosmetics.com\/wp-content\/uploads\/2023\/01\/7-300x152.png\" alt=\"\" width=\"537\" height=\"272\" srcset=\"https:\/\/artigos.abelacosmetics.com\/wp-content\/uploads\/2023\/01\/7-300x152.png 300w, https:\/\/artigos.abelacosmetics.com\/wp-content\/uploads\/2023\/01\/7-768x389.png 768w, https:\/\/artigos.abelacosmetics.com\/wp-content\/uploads\/2023\/01\/7-18x9.png 18w, https:\/\/artigos.abelacosmetics.com\/wp-content\/uploads\/2023\/01\/7.png 850w\" sizes=\"auto, (max-width: 537px) 100vw, 537px\" \/>\u00a0 <a href=\"https:\/\/artigos.abelacosmetics.com\/es\/produtos\/acidificante-acid\/\" target=\"_blank\" rel=\"noopener\"><strong>Acidificante Capilar ACID<\/strong><\/a><\/p>\n<p>&nbsp;<\/p>\n<p><span style=\"font-weight: 400;\">A acidifica\u00e7\u00e3o \u00e9 um tratamento indicado para cabelos porosos que equilibra o pH dos fios e o deixa saud\u00e1vel. O procedimento pode ser realizado antes do cronograma de hidrata\u00e7\u00e3o capilar.<\/span><\/p>\n<p><span style=\"font-weight: 400;\">O objetivo da acidifica\u00e7\u00e3o dos cabelos \u00e9 fechar as cut\u00edculas capilares e reter a \u00e1gua que hidrata e mant\u00e9m os fios saud\u00e1veis. Esse procedimento pode ser realizado em sal\u00f5es com profissionais de beleza ou em casa.\u00a0\u00a0<\/span><\/p>\n<h2><span style=\"font-weight: 400;\">Quantas vezes posso fazer a acidifica\u00e7\u00e3o?<\/span><\/h2>\n<p><span style=\"font-weight: 400;\">Isso vai depender da porosidade dos seus cabelos. Caso eles estejam com porosidade baixa ou m\u00e9dia, por exemplo, fa\u00e7a a acidifica\u00e7\u00e3o para cabelos porosos pelo menos uma vez na semana. Por\u00e9m, se a porosidade for alta, fa\u00e7a semanalmente antes da reconstru\u00e7\u00e3o e hidrata\u00e7\u00e3o capilar.\u00a0 Saiba mais sobre acidifica\u00e7\u00e3o capilar <a href=\"https:\/\/artigos.abelacosmetics.com\/es\/descubra-a-importancia-do-acidificante-capilar\/\" target=\"_blank\" rel=\"noopener\">nesse post<\/a>.<\/span><\/p>\n<p><span style=\"font-weight: 400;\">Agora que voc\u00ea j\u00e1 sabe como tratar cabelo poroso e o que eles mais odeiam, acompanhe outros artigos em nosso site e saiba tudo sobre cabelos!\u00a0 <\/span><\/p>\n<p>&nbsp;<\/p>\n<p><img loading=\"lazy\" decoding=\"async\" class=\"alignnone wp-image-2333\" src=\"https:\/\/artigos.abelacosmetics.com\/wp-content\/uploads\/2023\/01\/8-300x152.png\" alt=\"\" width=\"789\" height=\"400\" srcset=\"https:\/\/artigos.abelacosmetics.com\/wp-content\/uploads\/2023\/01\/8-300x152.png 300w, https:\/\/artigos.abelacosmetics.com\/wp-content\/uploads\/2023\/01\/8-768x389.png 768w, https:\/\/artigos.abelacosmetics.com\/wp-content\/uploads\/2023\/01\/8-18x9.png 18w, https:\/\/artigos.abelacosmetics.com\/wp-content\/uploads\/2023\/01\/8.png 850w\" sizes=\"auto, (max-width: 789px) 100vw, 789px\" \/><\/p>","protected":false},"excerpt":{"rendered":"<p>Est\u00e1 sofrendo com cabelos porosos? Toda mulher est\u00e1 sempre \u00e0 procura de produtos que ajudam a melhorar a apar\u00eancia dos fios de cabelo. No entanto, saber o que prejudica o cabelo tamb\u00e9m \u00e9 importante para a efic\u00e1cia do tratamento.\u00a0 &nbsp; &nbsp; Existem algumas coisas que realizamos sem saber que os cabelos porosos odeiam. Por isso, [&hellip;]<\/p>","protected":false},"author":1,"featured_media":2326,"comment_status":"open","ping_status":"open","sticky":false,"template":"","format":"standard","meta":{"_acf_changed":false,"_mo_disable_npp":"","inline_featured_image":false,"footnotes":""},"categories":[32,1],"tags":[],"class_list":["post-2324","post","type-post","status-publish","format-standard","has-post-thumbnail","hentry","category-informacoes","category-novidades"],"acf":[],"yoast_head":"<!-- This site is optimized with the Yoast SEO Premium plugin v19.2.1 (Yoast SEO v26.9) - https:\/\/yoast.com\/product\/yoast-seo-premium-wordpress\/ -->\n<title>Coisas que cabelos porosos odeiam: confira nossas dicas e saiba como tratar os fios - Abela Cosmetics<\/title>\n<meta name=\"description\" content=\"Saber como tratar cabelos porosos faz toda a diferen\u00e7a em nosso dia a dia, confira nosso guia com dicas e cuidados para a beleza dos fios.\" \/>\n<meta name=\"robots\" content=\"index, follow, max-snippet:-1, max-image-preview:large, max-video-preview:-1\" \/>\n<link rel=\"canonical\" href=\"https:\/\/artigos.abelacosmetics.com\/es\/coisas-que-cabelos-porosos-odeiam\/\" \/>\n<meta property=\"og:locale\" content=\"es_ES\" \/>\n<meta property=\"og:type\" content=\"article\" \/>\n<meta property=\"og:title\" content=\"Coisas que cabelos porosos odeiam: confira nossas dicas e saiba como tratar os fios\" \/>\n<meta property=\"og:description\" content=\"Saber como tratar cabelos porosos faz toda a diferen\u00e7a em nosso dia a dia, confira nosso guia com dicas e cuidados para a beleza dos fios.\" \/>\n<meta property=\"og:url\" content=\"https:\/\/artigos.abelacosmetics.com\/es\/coisas-que-cabelos-porosos-odeiam\/\" \/>\n<meta property=\"og:site_name\" content=\"Abela Cosmetics\" \/>\n<meta property=\"article:publisher\" content=\"https:\/\/www.facebook.com\/abelacosmetics\" \/>\n<meta property=\"article:published_time\" content=\"2023-01-24T23:06:06+00:00\" \/>\n<meta property=\"article:modified_time\" content=\"2023-01-24T23:07:02+00:00\" \/>\n<meta property=\"og:image\" content=\"https:\/\/artigos.abelacosmetics.com\/wp-content\/uploads\/2023\/01\/1.png\" \/>\n\t<meta property=\"og:image:width\" content=\"850\" \/>\n\t<meta property=\"og:image:height\" content=\"430\" \/>\n\t<meta property=\"og:image:type\" content=\"image\/png\" \/>\n<meta name=\"author\" content=\"admin\" \/>\n<meta name=\"twitter:card\" content=\"summary_large_image\" \/>\n<meta name=\"twitter:label1\" content=\"Escrito por\" \/>\n\t<meta name=\"twitter:data1\" content=\"admin\" \/>\n\t<meta name=\"twitter:label2\" content=\"Tiempo de lectura\" \/>\n\t<meta name=\"twitter:data2\" content=\"6 minutos\" \/>\n<script type=\"application\/ld+json\" class=\"yoast-schema-graph\">{\"@context\":\"https:\/\/schema.org\",\"@graph\":[{\"@type\":\"Article\",\"@id\":\"https:\/\/artigos.abelacosmetics.com\/coisas-que-cabelos-porosos-odeiam\/#article\",\"isPartOf\":{\"@id\":\"https:\/\/artigos.abelacosmetics.com\/coisas-que-cabelos-porosos-odeiam\/\"},\"author\":{\"name\":\"admin\",\"@id\":\"https:\/\/artigos.abelacosmetics.com\/#\/schema\/person\/675710be590edb47293978092f4e20f4\"},\"headline\":\"Coisas que cabelos porosos odeiam: confira nossas dicas e saiba como tratar os fios\",\"datePublished\":\"2023-01-24T23:06:06+00:00\",\"dateModified\":\"2023-01-24T23:07:02+00:00\",\"mainEntityOfPage\":{\"@id\":\"https:\/\/artigos.abelacosmetics.com\/coisas-que-cabelos-porosos-odeiam\/\"},\"wordCount\":924,\"commentCount\":0,\"publisher\":{\"@id\":\"https:\/\/artigos.abelacosmetics.com\/#organization\"},\"image\":{\"@id\":\"https:\/\/artigos.abelacosmetics.com\/coisas-que-cabelos-porosos-odeiam\/#primaryimage\"},\"thumbnailUrl\":\"https:\/\/artigos.abelacosmetics.com\/wp-content\/uploads\/2023\/01\/1.png\",\"articleSection\":[\"Informa\u00e7\u00f5es\",\"Novidades\"],\"inLanguage\":\"es\",\"potentialAction\":[{\"@type\":\"CommentAction\",\"name\":\"Comment\",\"target\":[\"https:\/\/artigos.abelacosmetics.com\/coisas-que-cabelos-porosos-odeiam\/#respond\"]}]},{\"@type\":\"WebPage\",\"@id\":\"https:\/\/artigos.abelacosmetics.com\/coisas-que-cabelos-porosos-odeiam\/\",\"url\":\"https:\/\/artigos.abelacosmetics.com\/coisas-que-cabelos-porosos-odeiam\/\",\"name\":\"Coisas que cabelos porosos odeiam: confira nossas dicas e saiba como tratar os fios - Abela Cosmetics\",\"isPartOf\":{\"@id\":\"https:\/\/artigos.abelacosmetics.com\/#website\"},\"primaryImageOfPage\":{\"@id\":\"https:\/\/artigos.abelacosmetics.com\/coisas-que-cabelos-porosos-odeiam\/#primaryimage\"},\"image\":{\"@id\":\"https:\/\/artigos.abelacosmetics.com\/coisas-que-cabelos-porosos-odeiam\/#primaryimage\"},\"thumbnailUrl\":\"https:\/\/artigos.abelacosmetics.com\/wp-content\/uploads\/2023\/01\/1.png\",\"datePublished\":\"2023-01-24T23:06:06+00:00\",\"dateModified\":\"2023-01-24T23:07:02+00:00\",\"description\":\"Saber como tratar cabelos porosos faz toda a diferen\u00e7a em nosso dia a dia, confira nosso guia com dicas e cuidados para a beleza dos fios.\",\"breadcrumb\":{\"@id\":\"https:\/\/artigos.abelacosmetics.com\/coisas-que-cabelos-porosos-odeiam\/#breadcrumb\"},\"inLanguage\":\"es\",\"potentialAction\":[{\"@type\":\"ReadAction\",\"target\":[\"https:\/\/artigos.abelacosmetics.com\/coisas-que-cabelos-porosos-odeiam\/\"]}]},{\"@type\":\"ImageObject\",\"inLanguage\":\"es\",\"@id\":\"https:\/\/artigos.abelacosmetics.com\/coisas-que-cabelos-porosos-odeiam\/#primaryimage\",\"url\":\"https:\/\/artigos.abelacosmetics.com\/wp-content\/uploads\/2023\/01\/1.png\",\"contentUrl\":\"https:\/\/artigos.abelacosmetics.com\/wp-content\/uploads\/2023\/01\/1.png\",\"width\":850,\"height\":430},{\"@type\":\"BreadcrumbList\",\"@id\":\"https:\/\/artigos.abelacosmetics.com\/coisas-que-cabelos-porosos-odeiam\/#breadcrumb\",\"itemListElement\":[{\"@type\":\"ListItem\",\"position\":1,\"name\":\"In\u00edcio\",\"item\":\"https:\/\/artigos.abelacosmetics.com\/\"},{\"@type\":\"ListItem\",\"position\":2,\"name\":\"Coisas que cabelos porosos odeiam: confira nossas dicas e saiba como tratar os fios\"}]},{\"@type\":\"WebSite\",\"@id\":\"https:\/\/artigos.abelacosmetics.com\/#website\",\"url\":\"https:\/\/artigos.abelacosmetics.com\/\",\"name\":\"Abela Cosmetics\",\"description\":\"Cuidados para Cabelos \u00danicos\",\"publisher\":{\"@id\":\"https:\/\/artigos.abelacosmetics.com\/#organization\"},\"potentialAction\":[{\"@type\":\"SearchAction\",\"target\":{\"@type\":\"EntryPoint\",\"urlTemplate\":\"https:\/\/artigos.abelacosmetics.com\/?s={search_term_string}\"},\"query-input\":{\"@type\":\"PropertyValueSpecification\",\"valueRequired\":true,\"valueName\":\"search_term_string\"}}],\"inLanguage\":\"es\"},{\"@type\":\"Organization\",\"@id\":\"https:\/\/artigos.abelacosmetics.com\/#organization\",\"name\":\"Abela Cosmetics\",\"url\":\"https:\/\/artigos.abelacosmetics.com\/\",\"logo\":{\"@type\":\"ImageObject\",\"inLanguage\":\"es\",\"@id\":\"https:\/\/artigos.abelacosmetics.com\/#\/schema\/logo\/image\/\",\"url\":\"https:\/\/artigos.abelacosmetics.com\/wp-content\/uploads\/2023\/02\/logo-abela.png\",\"contentUrl\":\"https:\/\/artigos.abelacosmetics.com\/wp-content\/uploads\/2023\/02\/logo-abela.png\",\"width\":183,\"height\":90,\"caption\":\"Abela Cosmetics\"},\"image\":{\"@id\":\"https:\/\/artigos.abelacosmetics.com\/#\/schema\/logo\/image\/\"},\"sameAs\":[\"https:\/\/www.facebook.com\/abelacosmetics\"]},{\"@type\":\"Person\",\"@id\":\"https:\/\/artigos.abelacosmetics.com\/#\/schema\/person\/675710be590edb47293978092f4e20f4\",\"name\":\"admin\",\"image\":{\"@type\":\"ImageObject\",\"inLanguage\":\"es\",\"@id\":\"https:\/\/artigos.abelacosmetics.com\/#\/schema\/person\/image\/\",\"url\":\"https:\/\/secure.gravatar.com\/avatar\/ce9ccc2de538d30bcc33874c5a730e8e078e64fce402cb3cf0668a7439a0e654?s=96&d=mm&r=g\",\"contentUrl\":\"https:\/\/secure.gravatar.com\/avatar\/ce9ccc2de538d30bcc33874c5a730e8e078e64fce402cb3cf0668a7439a0e654?s=96&d=mm&r=g\",\"caption\":\"admin\"},\"sameAs\":[\"http:\/\/localhost\/abela-cosmetic\"],\"url\":\"https:\/\/artigos.abelacosmetics.com\/es\/author\/admin\/\"}]}<\/script>\n<!-- \/ Yoast SEO Premium plugin. -->","yoast_head_json":{"title":"Coisas que cabelos porosos odeiam: confira nossas dicas e saiba como tratar os fios - Abela Cosmetics","description":"Saber como tratar cabelos porosos faz toda a diferen\u00e7a em nosso dia a dia, confira nosso guia com dicas e cuidados para a beleza dos fios.","robots":{"index":"index","follow":"follow","max-snippet":"max-snippet:-1","max-image-preview":"max-image-preview:large","max-video-preview":"max-video-preview:-1"},"canonical":"https:\/\/artigos.abelacosmetics.com\/es\/coisas-que-cabelos-porosos-odeiam\/","og_locale":"es_ES","og_type":"article","og_title":"Coisas que cabelos porosos odeiam: confira nossas dicas e saiba como tratar os fios","og_description":"Saber como tratar cabelos porosos faz toda a diferen\u00e7a em nosso dia a dia, confira nosso guia com dicas e cuidados para a beleza dos fios.","og_url":"https:\/\/artigos.abelacosmetics.com\/es\/coisas-que-cabelos-porosos-odeiam\/","og_site_name":"Abela Cosmetics","article_publisher":"https:\/\/www.facebook.com\/abelacosmetics","article_published_time":"2023-01-24T23:06:06+00:00","article_modified_time":"2023-01-24T23:07:02+00:00","og_image":[{"width":850,"height":430,"url":"https:\/\/artigos.abelacosmetics.com\/wp-content\/uploads\/2023\/01\/1.png","type":"image\/png"}],"author":"admin","twitter_card":"summary_large_image","twitter_misc":{"Escrito por":"admin","Tiempo de lectura":"6 minutos"},"schema":{"@context":"https:\/\/schema.org","@graph":[{"@type":"Article","@id":"https:\/\/artigos.abelacosmetics.com\/coisas-que-cabelos-porosos-odeiam\/#article","isPartOf":{"@id":"https:\/\/artigos.abelacosmetics.com\/coisas-que-cabelos-porosos-odeiam\/"},"author":{"name":"admin","@id":"https:\/\/artigos.abelacosmetics.com\/#\/schema\/person\/675710be590edb47293978092f4e20f4"},"headline":"Coisas que cabelos porosos odeiam: confira nossas dicas e saiba como tratar os fios","datePublished":"2023-01-24T23:06:06+00:00","dateModified":"2023-01-24T23:07:02+00:00","mainEntityOfPage":{"@id":"https:\/\/artigos.abelacosmetics.com\/coisas-que-cabelos-porosos-odeiam\/"},"wordCount":924,"commentCount":0,"publisher":{"@id":"https:\/\/artigos.abelacosmetics.com\/#organization"},"image":{"@id":"https:\/\/artigos.abelacosmetics.com\/coisas-que-cabelos-porosos-odeiam\/#primaryimage"},"thumbnailUrl":"https:\/\/artigos.abelacosmetics.com\/wp-content\/uploads\/2023\/01\/1.png","articleSection":["Informa\u00e7\u00f5es","Novidades"],"inLanguage":"es","potentialAction":[{"@type":"CommentAction","name":"Comment","target":["https:\/\/artigos.abelacosmetics.com\/coisas-que-cabelos-porosos-odeiam\/#respond"]}]},{"@type":"WebPage","@id":"https:\/\/artigos.abelacosmetics.com\/coisas-que-cabelos-porosos-odeiam\/","url":"https:\/\/artigos.abelacosmetics.com\/coisas-que-cabelos-porosos-odeiam\/","name":"Coisas que cabelos porosos odeiam: confira nossas dicas e saiba como tratar os fios - Abela Cosmetics","isPartOf":{"@id":"https:\/\/artigos.abelacosmetics.com\/#website"},"primaryImageOfPage":{"@id":"https:\/\/artigos.abelacosmetics.com\/coisas-que-cabelos-porosos-odeiam\/#primaryimage"},"image":{"@id":"https:\/\/artigos.abelacosmetics.com\/coisas-que-cabelos-porosos-odeiam\/#primaryimage"},"thumbnailUrl":"https:\/\/artigos.abelacosmetics.com\/wp-content\/uploads\/2023\/01\/1.png","datePublished":"2023-01-24T23:06:06+00:00","dateModified":"2023-01-24T23:07:02+00:00","description":"Saber como tratar cabelos porosos faz toda a diferen\u00e7a em nosso dia a dia, confira nosso guia com dicas e cuidados para a beleza dos fios.","breadcrumb":{"@id":"https:\/\/artigos.abelacosmetics.com\/coisas-que-cabelos-porosos-odeiam\/#breadcrumb"},"inLanguage":"es","potentialAction":[{"@type":"ReadAction","target":["https:\/\/artigos.abelacosmetics.com\/coisas-que-cabelos-porosos-odeiam\/"]}]},{"@type":"ImageObject","inLanguage":"es","@id":"https:\/\/artigos.abelacosmetics.com\/coisas-que-cabelos-porosos-odeiam\/#primaryimage","url":"https:\/\/artigos.abelacosmetics.com\/wp-content\/uploads\/2023\/01\/1.png","contentUrl":"https:\/\/artigos.abelacosmetics.com\/wp-content\/uploads\/2023\/01\/1.png","width":850,"height":430},{"@type":"BreadcrumbList","@id":"https:\/\/artigos.abelacosmetics.com\/coisas-que-cabelos-porosos-odeiam\/#breadcrumb","itemListElement":[{"@type":"ListItem","position":1,"name":"In\u00edcio","item":"https:\/\/artigos.abelacosmetics.com\/"},{"@type":"ListItem","position":2,"name":"Coisas que cabelos porosos odeiam: confira nossas dicas e saiba como tratar os fios"}]},{"@type":"WebSite","@id":"https:\/\/artigos.abelacosmetics.com\/#website","url":"https:\/\/artigos.abelacosmetics.com\/","name":"Abela Cosmetics","description":"Cuidados para Cabelos \u00danicos","publisher":{"@id":"https:\/\/artigos.abelacosmetics.com\/#organization"},"potentialAction":[{"@type":"SearchAction","target":{"@type":"EntryPoint","urlTemplate":"https:\/\/artigos.abelacosmetics.com\/?s={search_term_string}"},"query-input":{"@type":"PropertyValueSpecification","valueRequired":true,"valueName":"search_term_string"}}],"inLanguage":"es"},{"@type":"Organization","@id":"https:\/\/artigos.abelacosmetics.com\/#organization","name":"Abela Cosmetics","url":"https:\/\/artigos.abelacosmetics.com\/","logo":{"@type":"ImageObject","inLanguage":"es","@id":"https:\/\/artigos.abelacosmetics.com\/#\/schema\/logo\/image\/","url":"https:\/\/artigos.abelacosmetics.com\/wp-content\/uploads\/2023\/02\/logo-abela.png","contentUrl":"https:\/\/artigos.abelacosmetics.com\/wp-content\/uploads\/2023\/02\/logo-abela.png","width":183,"height":90,"caption":"Abela Cosmetics"},"image":{"@id":"https:\/\/artigos.abelacosmetics.com\/#\/schema\/logo\/image\/"},"sameAs":["https:\/\/www.facebook.com\/abelacosmetics"]},{"@type":"Person","@id":"https:\/\/artigos.abelacosmetics.com\/#\/schema\/person\/675710be590edb47293978092f4e20f4","name":"admin","image":{"@type":"ImageObject","inLanguage":"es","@id":"https:\/\/artigos.abelacosmetics.com\/#\/schema\/person\/image\/","url":"https:\/\/secure.gravatar.com\/avatar\/ce9ccc2de538d30bcc33874c5a730e8e078e64fce402cb3cf0668a7439a0e654?s=96&d=mm&r=g","contentUrl":"https:\/\/secure.gravatar.com\/avatar\/ce9ccc2de538d30bcc33874c5a730e8e078e64fce402cb3cf0668a7439a0e654?s=96&d=mm&r=g","caption":"admin"},"sameAs":["http:\/\/localhost\/abela-cosmetic"],"url":"https:\/\/artigos.abelacosmetics.com\/es\/author\/admin\/"}]}},"_links":{"self":[{"href":"https:\/\/artigos.abelacosmetics.com\/es\/wp-json\/wp\/v2\/posts\/2324","targetHints":{"allow":["GET"]}}],"collection":[{"href":"https:\/\/artigos.abelacosmetics.com\/es\/wp-json\/wp\/v2\/posts"}],"about":[{"href":"https:\/\/artigos.abelacosmetics.com\/es\/wp-json\/wp\/v2\/types\/post"}],"author":[{"embeddable":true,"href":"https:\/\/artigos.abelacosmetics.com\/es\/wp-json\/wp\/v2\/users\/1"}],"replies":[{"embeddable":true,"href":"https:\/\/artigos.abelacosmetics.com\/es\/wp-json\/wp\/v2\/comments?post=2324"}],"version-history":[{"count":3,"href":"https:\/\/artigos.abelacosmetics.com\/es\/wp-json\/wp\/v2\/posts\/2324\/revisions"}],"predecessor-version":[{"id":2337,"href":"https:\/\/artigos.abelacosmetics.com\/es\/wp-json\/wp\/v2\/posts\/2324\/revisions\/2337"}],"wp:featuredmedia":[{"embeddable":true,"href":"https:\/\/artigos.abelacosmetics.com\/es\/wp-json\/wp\/v2\/media\/2326"}],"wp:attachment":[{"href":"https:\/\/artigos.abelacosmetics.com\/es\/wp-json\/wp\/v2\/media?parent=2324"}],"wp:term":[{"taxonomy":"category","embeddable":true,"href":"https:\/\/artigos.abelacosmetics.com\/es\/wp-json\/wp\/v2\/categories?post=2324"},{"taxonomy":"post_tag","embeddable":true,"href":"https:\/\/artigos.abelacosmetics.com\/es\/wp-json\/wp\/v2\/tags?post=2324"}],"curies":[{"name":"wp","href":"https:\/\/api.w.org\/{rel}","templated":true}]}}