{"id":2182,"date":"2022-12-27T16:01:36","date_gmt":"2022-12-27T19:01:36","guid":{"rendered":"https:\/\/artigos.abelacosmetics.com\/?p=2182"},"modified":"2023-01-05T17:52:07","modified_gmt":"2023-01-05T20:52:07","slug":"cortes-para-2023-veja-alguns-modelos","status":"publish","type":"post","link":"https:\/\/artigos.abelacosmetics.com\/es\/cortes-para-2023-veja-alguns-modelos\/","title":{"rendered":"Cortes para 2023, veja alguns modelos!"},"content":{"rendered":"<p>&nbsp;<\/p>\n<p>&nbsp;<\/p>\n<p>Conhe\u00e7a algumas tend\u00eancias para esse ano.\u00a0 Estilo e criatividade.<\/p>\n<p>&nbsp;<\/p>\n<audio class=\"wp-audio-shortcode\" id=\"audio-2182-1\" preload=\"none\" style=\"width: 100%;\" controls=\"controls\"><source type=\"audio\/mpeg\" src=\"https:\/\/artigos.abelacosmetics.com\/wp-content\/uploads\/2022\/12\/cortes-para-2023-1.mp3?_=1\" \/><a href=\"https:\/\/artigos.abelacosmetics.com\/wp-content\/uploads\/2022\/12\/cortes-para-2023-1.mp3\">https:\/\/artigos.abelacosmetics.com\/wp-content\/uploads\/2022\/12\/cortes-para-2023-1.mp3<\/a><\/audio>\n<p>&nbsp;<\/p>\n<p>Para adotar um novo corte, \u00e9 preciso garantir que seu cabelo esteja saud\u00e1vel, aqui na <u><a href=\"https:\/\/artigos.abelacosmetics.com\/es\/\">Abela<\/a><\/u>, temos <u><a href=\"https:\/\/artigos.abelacosmetics.com\/es\/produtos\/#tratamentos\">produtos<\/a><\/u> que atendem todas as necessidades dos seus fios, venha conferir.<\/p>\n<p>&nbsp;<\/p>\n<h2>Quais os benef\u00edcios de cortar o cabelo?<\/h2>\n<p>Al\u00e9m do lado emocional e mental, como manuten\u00e7\u00e3o da autoestima, autoimagem e confian\u00e7a, adotar um novo corte para 2023 ajuda na sa\u00fade dos fios. Confira!<\/p>\n<p>&nbsp;<\/p>\n<h3>Praticidade<\/h3>\n<p>&nbsp;<\/p>\n<p>Quanto maior o cabelo, maior o tempo de dedica\u00e7\u00e3o, isso \u00e9 um fato. E para quem n\u00e3o quer perder a sa\u00fade dos fios e nem a autonomia de uma vida agitada,\u00a0 apostar em um novo corte para 2023, pode ser a resposta. O corte garante que voc\u00ea reduza bastante a necessidade de fazer tratamentos capilares frequentemente, facilita a sua rotina, e al\u00e9m disso, retira as pontas ressecadas e duplas. Para quem prefere os cortes mais curtos, ainda poder\u00e1 desfrutar da rapidez nos processos de <u><a href=\"https:\/\/artigos.abelacosmetics.com\/es\/produtos\/shampoo-love-vegan-cacau\/\">lavagem<\/a><\/u>, secagem e <u><a href=\"https:\/\/artigos.abelacosmetics.com\/es\/produtos\/finalizador-hope-2\/\">finaliza\u00e7\u00e3o<\/a><\/u>, por exemplo.<\/p>\n<p>&nbsp;<\/p>\n<p>Conhe\u00e7a nossos <u><a href=\"https:\/\/artigos.abelacosmetics.com\/es\/produtos\/#finalizadores\">produtos<\/a><\/u> e se surpreenda com a qualidade que s\u00f3 a <u><a href=\"https:\/\/artigos.abelacosmetics.com\/es\/\">Abela<\/a><\/u> pode te oferecer!<\/p>\n<p>&nbsp;<\/p>\n<h3>Redu\u00e7\u00e3o de pontas duplas<\/h3>\n<p>&nbsp;<\/p>\n<p>Quando falamos de fios saud\u00e1veis e bonitos, as pontas duplas podem ser consideradas inimigas pela maioria das mulheres. As pontas duplas normalmente aparecem quando os fios que est\u00e3o danificados come\u00e7am a se partir e, assim, formam divis\u00f5es nas pontas, e esse sinal significa que j\u00e1 est\u00e1 na hora de cortar seu cabelo, afinal, dessa forma voc\u00ea estar\u00e1 se prevenindo do agravamento destes fios danificados, porque mesmo que elas comecem nas pontas, sem o tratamento, a tend\u00eancia \u00e9 que se espalhe por todo o comprimento, danificando todo o comprimento do cabelo.<\/p>\n<p>&nbsp;<\/p>\n<h3>Crescimento saud\u00e1vel dos fios<\/h3>\n<p>&nbsp;<\/p>\n<p>Apesar do crescimento se dar a partir da raiz e n\u00e3o das pontas, a remo\u00e7\u00e3o das partes n\u00e3o saud\u00e1veis \u00e9 muito importante para que voc\u00ea possa saber o que seu cabelo precisa naquele momento.<\/p>\n<p>&nbsp;<\/p>\n<h3>Textura Natural Dos Fios<\/h3>\n<p>&nbsp;<\/p>\n<p>Se voc\u00ea est\u00e1 saindo de processos qu\u00edmicos\u00a0 e busca ter de volta a textura natural de seus fios, os cortes para 2023 s\u00e3o a melhor aposta para passar por essa transi\u00e7\u00e3o.<\/p>\n<p>&nbsp;<\/p>\n<p>Sabemos como a transi\u00e7\u00e3o pode ser um momento delicado e que pode n\u00e3o ser f\u00e1cil adotar um novo corte de cabelo, por isso \u00e9 muito importante garantir que este momento possa ser um prazeroso contato com o seu eu e que consiga deixar seu cabelo sempre saud\u00e1vel.<\/p>\n<h2><\/h2>\n<h2>Tend\u00eancias cortes para 2023<\/h2>\n<p>&nbsp;<\/p>\n<p>N\u00e3o existe uma regra, afinal, os cortes de cabelo tem a finalidade de te ajudar a curtir o seu eu e o seu estilo.<\/p>\n<p>&nbsp;<\/p>\n<ul>\n<li>Assim\u00e9trico<\/li>\n<li>French Bob<\/li>\n<li>Corte de cabelo com Franja Bardot<\/li>\n<li>Shaggy Hair<\/li>\n<li>Long Bob<\/li>\n<li>Baby Bang<\/li>\n<\/ul>\n<p>&nbsp;<\/p>\n<h2>Caracter\u00edsticas dos cortes para 2023<\/h2>\n<p>&nbsp;<\/p>\n<p>Assim como cada corte tem seu jeitinho \u00fanico, \u00e9 importante que antes que voc\u00ea escolha o seu corte, entenda qual o seu fio e o formato do seu rosto para que seus tra\u00e7os sejam valorizados.<\/p>\n<p>&nbsp;<\/p>\n<p>A qualidade, sa\u00fade, dos fios \u00e9 muito importante para que o corte fique perfeito em voc\u00ea, e os <u><a href=\"https:\/\/artigos.abelacosmetics.com\/es\/produtos\/#finalizadores\">produtos capilares<\/a><\/u> n\u00e3o s\u00e3o os \u00fanicos meios de hidratar o cabelo, a alimenta\u00e7\u00e3o \u00e9 um fator muito importante tamb\u00e9m.<\/p>\n<p>&nbsp;<\/p>\n<h3>Assim\u00e9trico<\/h3>\n<p><img loading=\"lazy\" decoding=\"async\" class=\"alignnone wp-image-2186\" src=\"https:\/\/artigos.abelacosmetics.com\/wp-content\/uploads\/2022\/12\/assimetrico-300x300.png\" alt=\"\" width=\"466\" height=\"466\" srcset=\"https:\/\/artigos.abelacosmetics.com\/wp-content\/uploads\/2022\/12\/assimetrico-300x300.png 300w, https:\/\/artigos.abelacosmetics.com\/wp-content\/uploads\/2022\/12\/assimetrico-150x150.png 150w, https:\/\/artigos.abelacosmetics.com\/wp-content\/uploads\/2022\/12\/assimetrico-12x12.png 12w, https:\/\/artigos.abelacosmetics.com\/wp-content\/uploads\/2022\/12\/assimetrico.png 550w\" sizes=\"auto, (max-width: 466px) 100vw, 466px\" \/><\/p>\n<p>Corte vers\u00e1til que combina com v\u00e1rios tipos de cabelo, o corte assim\u00e9trico pode ser curto, longo ou m\u00e9dio, possuindo muitas variedades. Ele \u00e9 um corte onde os lados do cabelo s\u00e3o cortados de uma forma diferente, com uma assimetria que pode ser sutil ou n\u00e3o.<\/p>\n<p>&nbsp;<\/p>\n<h3>French Bob<\/h3>\n<p><img loading=\"lazy\" decoding=\"async\" class=\"alignnone wp-image-2189\" src=\"https:\/\/artigos.abelacosmetics.com\/wp-content\/uploads\/2022\/12\/french-bob-300x300.png\" alt=\"\" width=\"466\" height=\"466\" srcset=\"https:\/\/artigos.abelacosmetics.com\/wp-content\/uploads\/2022\/12\/french-bob-300x300.png 300w, https:\/\/artigos.abelacosmetics.com\/wp-content\/uploads\/2022\/12\/french-bob-150x150.png 150w, https:\/\/artigos.abelacosmetics.com\/wp-content\/uploads\/2022\/12\/french-bob-12x12.png 12w, https:\/\/artigos.abelacosmetics.com\/wp-content\/uploads\/2022\/12\/french-bob.png 550w\" sizes=\"auto, (max-width: 466px) 100vw, 466px\" \/><\/p>\n<p>Com seu ber\u00e7o na Fran\u00e7a, o French Bob \u00e9 um corte curtinho que equilibra perfeitamente o moderno e o cl\u00e1ssico. Apesar de ter v\u00e1rias vers\u00f5es, o French Bob normalmente \u00e9 um corte que vai um pouco abaixo da orelha e consegue fazer o destaque do rosto e do pesco\u00e7o. Ele combina com todos os tipos de cabelo, e mesmo que pare\u00e7a muito com o chanel, este corte \u00e9 mais ousado e transmite atitude.<\/p>\n<h3>Corte de cabelo com Franja Bardot<\/h3>\n<p><img loading=\"lazy\" decoding=\"async\" class=\"alignnone wp-image-2188\" src=\"https:\/\/artigos.abelacosmetics.com\/wp-content\/uploads\/2022\/12\/bardot-300x300.png\" alt=\"\" width=\"465\" height=\"465\" srcset=\"https:\/\/artigos.abelacosmetics.com\/wp-content\/uploads\/2022\/12\/bardot-300x300.png 300w, https:\/\/artigos.abelacosmetics.com\/wp-content\/uploads\/2022\/12\/bardot-150x150.png 150w, https:\/\/artigos.abelacosmetics.com\/wp-content\/uploads\/2022\/12\/bardot-12x12.png 12w, https:\/\/artigos.abelacosmetics.com\/wp-content\/uploads\/2022\/12\/bardot.png 550w\" sizes=\"auto, (max-width: 465px) 100vw, 465px\" \/><\/p>\n<p>Esta franja \u00e9 uma homenagem para a atriz Brigitte Bardot, muito famosa nos anos sessenta. Ela \u00e9 cortada em camadas e possui uma cortina volumosa, e al\u00e9m do volume, essa franja permite um maior movimento ao corte, entregando uma maior sensualidade e personalidade para que adota o visual. Essa pegada retr\u00f4 j\u00e1 est\u00e1 sendo usada por algumas famosas. Ela pode ser usada por todos os tipos de rosto, mas \u00e9 originalmente indicada para as mulheres que possuem um rosto mais oval ou redondinho.<\/p>\n<h3>Shaggy Hair<\/h3>\n<p><img loading=\"lazy\" decoding=\"async\" class=\"alignnone wp-image-2191\" src=\"https:\/\/artigos.abelacosmetics.com\/wp-content\/uploads\/2022\/12\/shaggy-1-300x300.png\" alt=\"\" width=\"466\" height=\"466\" srcset=\"https:\/\/artigos.abelacosmetics.com\/wp-content\/uploads\/2022\/12\/shaggy-1-300x300.png 300w, https:\/\/artigos.abelacosmetics.com\/wp-content\/uploads\/2022\/12\/shaggy-1-150x150.png 150w, https:\/\/artigos.abelacosmetics.com\/wp-content\/uploads\/2022\/12\/shaggy-1-12x12.png 12w, https:\/\/artigos.abelacosmetics.com\/wp-content\/uploads\/2022\/12\/shaggy-1.png 550w\" sizes=\"auto, (max-width: 466px) 100vw, 466px\" \/><\/p>\n<p>O Shaggy Hair \u00e9 uma \u00f3tima combina\u00e7\u00e3o para cabelos finos, grossos, lisos ou encaracolados e ainda casa perfeitamente com qualquer tipo de rosto. Ele \u00e9 um corte feito em camadas, onde tem a frente bem repicada, o que garante fios irregulares, super despojados e com um \u00f3timo movimento.<\/p>\n<p>&nbsp;<\/p>\n<h3>Long Bob<\/h3>\n<p><img loading=\"lazy\" decoding=\"async\" class=\"alignnone wp-image-2190\" src=\"https:\/\/artigos.abelacosmetics.com\/wp-content\/uploads\/2022\/12\/long-bob-300x300.png\" alt=\"\" width=\"478\" height=\"478\" srcset=\"https:\/\/artigos.abelacosmetics.com\/wp-content\/uploads\/2022\/12\/long-bob-300x300.png 300w, https:\/\/artigos.abelacosmetics.com\/wp-content\/uploads\/2022\/12\/long-bob-150x150.png 150w, https:\/\/artigos.abelacosmetics.com\/wp-content\/uploads\/2022\/12\/long-bob-12x12.png 12w, https:\/\/artigos.abelacosmetics.com\/wp-content\/uploads\/2022\/12\/long-bob.png 550w\" sizes=\"auto, (max-width: 478px) 100vw, 478px\" \/><\/p>\n<p>Com as pontas compridas e a base reta, o Long Bob j\u00e1 \u00e9 muito popular nos sal\u00f5es e tem uma \u00f3tima aplicabilidade em quaisquer texturas, tipos de cabelo e colora\u00e7\u00e3o. Ele pode ser encontrado, assim como o Assim\u00e9trico, em tamanhos variados de cabelos. Sua principal caracter\u00edstica se encontra na parte da frente, que \u00e9 maior que a parte de tr\u00e1s, com ou sem assimetria.<\/p>\n<p>&nbsp;<\/p>\n<p>Este corte pode combinar muito com rostos mais arredondados, afinal, a parte da frente, por ser mais alongada, ajuda a equilibrar mais o rosto. Mas se voc\u00ea n\u00e3o tiver um rosto redondinho, n\u00e3o se preocupe, esse corte pode sim ser adaptado ao seu cabelo.<\/p>\n<p>&nbsp;<\/p>\n<p>Dependendo da t\u00e9cnica escolhida para o corte, o Long Bob pode oferecer leveza, eleg\u00e2ncia e charme para os fios, ao mesmo tempo que transforma seu visual completamente em um jeito mais despojado e ousado.<\/p>\n<p>&nbsp;<\/p>\n<h3>Baby Bang<\/h3>\n<p><img loading=\"lazy\" decoding=\"async\" class=\"alignnone wp-image-2187\" src=\"https:\/\/artigos.abelacosmetics.com\/wp-content\/uploads\/2022\/12\/baby-bang-300x300.png\" alt=\"\" width=\"497\" height=\"497\" srcset=\"https:\/\/artigos.abelacosmetics.com\/wp-content\/uploads\/2022\/12\/baby-bang-300x300.png 300w, https:\/\/artigos.abelacosmetics.com\/wp-content\/uploads\/2022\/12\/baby-bang-150x150.png 150w, https:\/\/artigos.abelacosmetics.com\/wp-content\/uploads\/2022\/12\/baby-bang-12x12.png 12w, https:\/\/artigos.abelacosmetics.com\/wp-content\/uploads\/2022\/12\/baby-bang.png 550w\" sizes=\"auto, (max-width: 497px) 100vw, 497px\" \/><\/p>\n<p>O Baby Bang \u00e9 um modelo de franja mais curta, principalmente se comparado aos outros. Ele \u00e9 cortado no meio da testa, com uma m\u00e9dia de dois a tr\u00eas dedos acima da sobrancelha. Tendo uma pegada mais dram\u00e1tica, o Baby Bang consegue fazer uma mudan\u00e7a no seu visual sem interferir no comprimento. Sua base pode ser reta e bem definida ou, tamb\u00e9m, com as pontas bem repicadas e desconectas.<\/p>\n<p>&nbsp;<\/p>\n<p>Estes cortes para 2023 ser\u00e3o perfeitos para combinar com o ver\u00e3o e ainda garantir\u00e3o um bem estar para quem escolher adot\u00e1-los.<\/p>\n<p>&nbsp;<\/p>\n<p>N\u00e3o perca mais tempo, garanta agora o melhor <u><a href=\"https:\/\/artigos.abelacosmetics.com\/es\/\">tratamento<\/a><\/u> para o seu cabelo e arrase no seu novo corte para 2023! <u><a href=\"https:\/\/www.lojaabelacosmetics.com\/\">Clique aqui e aproveite!<\/a><\/u><\/p>\n<p>&nbsp;<\/p>\n<p><img loading=\"lazy\" decoding=\"async\" class=\"alignnone wp-image-2184\" src=\"https:\/\/artigos.abelacosmetics.com\/wp-content\/uploads\/2022\/12\/1-4-300x169.png\" alt=\"\" width=\"969\" height=\"546\" srcset=\"https:\/\/artigos.abelacosmetics.com\/wp-content\/uploads\/2022\/12\/1-4-300x169.png 300w, https:\/\/artigos.abelacosmetics.com\/wp-content\/uploads\/2022\/12\/1-4-768x432.png 768w, https:\/\/artigos.abelacosmetics.com\/wp-content\/uploads\/2022\/12\/1-4-18x10.png 18w, https:\/\/artigos.abelacosmetics.com\/wp-content\/uploads\/2022\/12\/1-4.png 960w\" sizes=\"auto, (max-width: 969px) 100vw, 969px\" \/><\/p>","protected":false},"excerpt":{"rendered":"<p>&nbsp; &nbsp; Conhe\u00e7a algumas tend\u00eancias para esse ano.\u00a0 Estilo e criatividade. &nbsp; &nbsp; Para adotar um novo corte, \u00e9 preciso garantir que seu cabelo esteja saud\u00e1vel, aqui na Abela, temos produtos que atendem todas as necessidades dos seus fios, venha conferir. &nbsp; Quais os benef\u00edcios de cortar o cabelo? Al\u00e9m do lado emocional e mental, [&hellip;]<\/p>","protected":false},"author":1,"featured_media":2196,"comment_status":"open","ping_status":"open","sticky":false,"template":"","format":"standard","meta":{"_acf_changed":false,"_mo_disable_npp":"","inline_featured_image":false,"footnotes":""},"categories":[33,1],"tags":[],"class_list":["post-2182","post","type-post","status-publish","format-standard","has-post-thumbnail","hentry","category-estilo","category-novidades"],"acf":[],"yoast_head":"<!-- This site is optimized with the Yoast SEO Premium plugin v19.2.1 (Yoast SEO v26.9) - https:\/\/yoast.com\/product\/yoast-seo-premium-wordpress\/ -->\n<title>Cortes para 2023, veja alguns modelos! - Abela Cosmetics<\/title>\n<meta name=\"description\" content=\"Voc\u00ea sabe quais s\u00e3o os cortes para 2023? Sabemos que essa mudan\u00e7a melhora a autoestima, e por isso trouxemos ideias incr\u00edveis, confira.\" \/>\n<meta name=\"robots\" content=\"index, follow, max-snippet:-1, max-image-preview:large, max-video-preview:-1\" \/>\n<link rel=\"canonical\" href=\"https:\/\/artigos.abelacosmetics.com\/es\/cortes-para-2023-veja-alguns-modelos\/\" \/>\n<meta property=\"og:locale\" content=\"es_ES\" \/>\n<meta property=\"og:type\" content=\"article\" \/>\n<meta property=\"og:title\" content=\"Cortes para 2023, veja alguns modelos!\" \/>\n<meta property=\"og:description\" content=\"Voc\u00ea sabe quais s\u00e3o os cortes para 2023? Sabemos que essa mudan\u00e7a melhora a autoestima, e por isso trouxemos ideias incr\u00edveis, confira.\" \/>\n<meta property=\"og:url\" content=\"https:\/\/artigos.abelacosmetics.com\/es\/cortes-para-2023-veja-alguns-modelos\/\" \/>\n<meta property=\"og:site_name\" content=\"Abela Cosmetics\" \/>\n<meta property=\"article:publisher\" content=\"https:\/\/www.facebook.com\/abelacosmetics\" \/>\n<meta property=\"article:published_time\" content=\"2022-12-27T19:01:36+00:00\" \/>\n<meta property=\"article:modified_time\" content=\"2023-01-05T20:52:07+00:00\" \/>\n<meta property=\"og:image\" content=\"https:\/\/artigos.abelacosmetics.com\/wp-content\/uploads\/2022\/12\/imagem-do-Post-1.png\" \/>\n\t<meta property=\"og:image:width\" content=\"850\" \/>\n\t<meta property=\"og:image:height\" content=\"430\" \/>\n\t<meta property=\"og:image:type\" content=\"image\/png\" \/>\n<meta name=\"author\" content=\"admin\" \/>\n<meta name=\"twitter:card\" content=\"summary_large_image\" \/>\n<meta name=\"twitter:label1\" content=\"Escrito por\" \/>\n\t<meta name=\"twitter:data1\" content=\"admin\" \/>\n\t<meta name=\"twitter:label2\" content=\"Tiempo de lectura\" \/>\n\t<meta name=\"twitter:data2\" content=\"8 minutos\" \/>\n<script type=\"application\/ld+json\" class=\"yoast-schema-graph\">{\"@context\":\"https:\/\/schema.org\",\"@graph\":[{\"@type\":\"Article\",\"@id\":\"https:\/\/artigos.abelacosmetics.com\/cortes-para-2023-veja-alguns-modelos\/#article\",\"isPartOf\":{\"@id\":\"https:\/\/artigos.abelacosmetics.com\/cortes-para-2023-veja-alguns-modelos\/\"},\"author\":{\"name\":\"admin\",\"@id\":\"https:\/\/artigos.abelacosmetics.com\/#\/schema\/person\/675710be590edb47293978092f4e20f4\"},\"headline\":\"Cortes para 2023, veja alguns modelos!\",\"datePublished\":\"2022-12-27T19:01:36+00:00\",\"dateModified\":\"2023-01-05T20:52:07+00:00\",\"mainEntityOfPage\":{\"@id\":\"https:\/\/artigos.abelacosmetics.com\/cortes-para-2023-veja-alguns-modelos\/\"},\"wordCount\":1126,\"commentCount\":0,\"publisher\":{\"@id\":\"https:\/\/artigos.abelacosmetics.com\/#organization\"},\"image\":{\"@id\":\"https:\/\/artigos.abelacosmetics.com\/cortes-para-2023-veja-alguns-modelos\/#primaryimage\"},\"thumbnailUrl\":\"https:\/\/artigos.abelacosmetics.com\/wp-content\/uploads\/2022\/12\/imagem-do-Post-1.png\",\"articleSection\":[\"Estilo\",\"Novidades\"],\"inLanguage\":\"es\",\"potentialAction\":[{\"@type\":\"CommentAction\",\"name\":\"Comment\",\"target\":[\"https:\/\/artigos.abelacosmetics.com\/cortes-para-2023-veja-alguns-modelos\/#respond\"]}]},{\"@type\":\"WebPage\",\"@id\":\"https:\/\/artigos.abelacosmetics.com\/cortes-para-2023-veja-alguns-modelos\/\",\"url\":\"https:\/\/artigos.abelacosmetics.com\/cortes-para-2023-veja-alguns-modelos\/\",\"name\":\"Cortes para 2023, veja alguns modelos! - Abela Cosmetics\",\"isPartOf\":{\"@id\":\"https:\/\/artigos.abelacosmetics.com\/#website\"},\"primaryImageOfPage\":{\"@id\":\"https:\/\/artigos.abelacosmetics.com\/cortes-para-2023-veja-alguns-modelos\/#primaryimage\"},\"image\":{\"@id\":\"https:\/\/artigos.abelacosmetics.com\/cortes-para-2023-veja-alguns-modelos\/#primaryimage\"},\"thumbnailUrl\":\"https:\/\/artigos.abelacosmetics.com\/wp-content\/uploads\/2022\/12\/imagem-do-Post-1.png\",\"datePublished\":\"2022-12-27T19:01:36+00:00\",\"dateModified\":\"2023-01-05T20:52:07+00:00\",\"description\":\"Voc\u00ea sabe quais s\u00e3o os cortes para 2023? Sabemos que essa mudan\u00e7a melhora a autoestima, e por isso trouxemos ideias incr\u00edveis, confira.\",\"breadcrumb\":{\"@id\":\"https:\/\/artigos.abelacosmetics.com\/cortes-para-2023-veja-alguns-modelos\/#breadcrumb\"},\"inLanguage\":\"es\",\"potentialAction\":[{\"@type\":\"ReadAction\",\"target\":[\"https:\/\/artigos.abelacosmetics.com\/cortes-para-2023-veja-alguns-modelos\/\"]}]},{\"@type\":\"ImageObject\",\"inLanguage\":\"es\",\"@id\":\"https:\/\/artigos.abelacosmetics.com\/cortes-para-2023-veja-alguns-modelos\/#primaryimage\",\"url\":\"https:\/\/artigos.abelacosmetics.com\/wp-content\/uploads\/2022\/12\/imagem-do-Post-1.png\",\"contentUrl\":\"https:\/\/artigos.abelacosmetics.com\/wp-content\/uploads\/2022\/12\/imagem-do-Post-1.png\",\"width\":850,\"height\":430},{\"@type\":\"BreadcrumbList\",\"@id\":\"https:\/\/artigos.abelacosmetics.com\/cortes-para-2023-veja-alguns-modelos\/#breadcrumb\",\"itemListElement\":[{\"@type\":\"ListItem\",\"position\":1,\"name\":\"In\u00edcio\",\"item\":\"https:\/\/artigos.abelacosmetics.com\/\"},{\"@type\":\"ListItem\",\"position\":2,\"name\":\"Cortes para 2023, veja alguns modelos!\"}]},{\"@type\":\"WebSite\",\"@id\":\"https:\/\/artigos.abelacosmetics.com\/#website\",\"url\":\"https:\/\/artigos.abelacosmetics.com\/\",\"name\":\"Abela Cosmetics\",\"description\":\"Cuidados para Cabelos \u00danicos\",\"publisher\":{\"@id\":\"https:\/\/artigos.abelacosmetics.com\/#organization\"},\"potentialAction\":[{\"@type\":\"SearchAction\",\"target\":{\"@type\":\"EntryPoint\",\"urlTemplate\":\"https:\/\/artigos.abelacosmetics.com\/?s={search_term_string}\"},\"query-input\":{\"@type\":\"PropertyValueSpecification\",\"valueRequired\":true,\"valueName\":\"search_term_string\"}}],\"inLanguage\":\"es\"},{\"@type\":\"Organization\",\"@id\":\"https:\/\/artigos.abelacosmetics.com\/#organization\",\"name\":\"Abela Cosmetics\",\"url\":\"https:\/\/artigos.abelacosmetics.com\/\",\"logo\":{\"@type\":\"ImageObject\",\"inLanguage\":\"es\",\"@id\":\"https:\/\/artigos.abelacosmetics.com\/#\/schema\/logo\/image\/\",\"url\":\"https:\/\/artigos.abelacosmetics.com\/wp-content\/uploads\/2023\/02\/logo-abela.png\",\"contentUrl\":\"https:\/\/artigos.abelacosmetics.com\/wp-content\/uploads\/2023\/02\/logo-abela.png\",\"width\":183,\"height\":90,\"caption\":\"Abela Cosmetics\"},\"image\":{\"@id\":\"https:\/\/artigos.abelacosmetics.com\/#\/schema\/logo\/image\/\"},\"sameAs\":[\"https:\/\/www.facebook.com\/abelacosmetics\"]},{\"@type\":\"Person\",\"@id\":\"https:\/\/artigos.abelacosmetics.com\/#\/schema\/person\/675710be590edb47293978092f4e20f4\",\"name\":\"admin\",\"image\":{\"@type\":\"ImageObject\",\"inLanguage\":\"es\",\"@id\":\"https:\/\/artigos.abelacosmetics.com\/#\/schema\/person\/image\/\",\"url\":\"https:\/\/secure.gravatar.com\/avatar\/ce9ccc2de538d30bcc33874c5a730e8e078e64fce402cb3cf0668a7439a0e654?s=96&d=mm&r=g\",\"contentUrl\":\"https:\/\/secure.gravatar.com\/avatar\/ce9ccc2de538d30bcc33874c5a730e8e078e64fce402cb3cf0668a7439a0e654?s=96&d=mm&r=g\",\"caption\":\"admin\"},\"sameAs\":[\"http:\/\/localhost\/abela-cosmetic\"],\"url\":\"https:\/\/artigos.abelacosmetics.com\/es\/author\/admin\/\"}]}<\/script>\n<!-- \/ Yoast SEO Premium plugin. -->","yoast_head_json":{"title":"Cortes para 2023, veja alguns modelos! - Abela Cosmetics","description":"Voc\u00ea sabe quais s\u00e3o os cortes para 2023? Sabemos que essa mudan\u00e7a melhora a autoestima, e por isso trouxemos ideias incr\u00edveis, confira.","robots":{"index":"index","follow":"follow","max-snippet":"max-snippet:-1","max-image-preview":"max-image-preview:large","max-video-preview":"max-video-preview:-1"},"canonical":"https:\/\/artigos.abelacosmetics.com\/es\/cortes-para-2023-veja-alguns-modelos\/","og_locale":"es_ES","og_type":"article","og_title":"Cortes para 2023, veja alguns modelos!","og_description":"Voc\u00ea sabe quais s\u00e3o os cortes para 2023? Sabemos que essa mudan\u00e7a melhora a autoestima, e por isso trouxemos ideias incr\u00edveis, confira.","og_url":"https:\/\/artigos.abelacosmetics.com\/es\/cortes-para-2023-veja-alguns-modelos\/","og_site_name":"Abela Cosmetics","article_publisher":"https:\/\/www.facebook.com\/abelacosmetics","article_published_time":"2022-12-27T19:01:36+00:00","article_modified_time":"2023-01-05T20:52:07+00:00","og_image":[{"width":850,"height":430,"url":"https:\/\/artigos.abelacosmetics.com\/wp-content\/uploads\/2022\/12\/imagem-do-Post-1.png","type":"image\/png"}],"author":"admin","twitter_card":"summary_large_image","twitter_misc":{"Escrito por":"admin","Tiempo de lectura":"8 minutos"},"schema":{"@context":"https:\/\/schema.org","@graph":[{"@type":"Article","@id":"https:\/\/artigos.abelacosmetics.com\/cortes-para-2023-veja-alguns-modelos\/#article","isPartOf":{"@id":"https:\/\/artigos.abelacosmetics.com\/cortes-para-2023-veja-alguns-modelos\/"},"author":{"name":"admin","@id":"https:\/\/artigos.abelacosmetics.com\/#\/schema\/person\/675710be590edb47293978092f4e20f4"},"headline":"Cortes para 2023, veja alguns modelos!","datePublished":"2022-12-27T19:01:36+00:00","dateModified":"2023-01-05T20:52:07+00:00","mainEntityOfPage":{"@id":"https:\/\/artigos.abelacosmetics.com\/cortes-para-2023-veja-alguns-modelos\/"},"wordCount":1126,"commentCount":0,"publisher":{"@id":"https:\/\/artigos.abelacosmetics.com\/#organization"},"image":{"@id":"https:\/\/artigos.abelacosmetics.com\/cortes-para-2023-veja-alguns-modelos\/#primaryimage"},"thumbnailUrl":"https:\/\/artigos.abelacosmetics.com\/wp-content\/uploads\/2022\/12\/imagem-do-Post-1.png","articleSection":["Estilo","Novidades"],"inLanguage":"es","potentialAction":[{"@type":"CommentAction","name":"Comment","target":["https:\/\/artigos.abelacosmetics.com\/cortes-para-2023-veja-alguns-modelos\/#respond"]}]},{"@type":"WebPage","@id":"https:\/\/artigos.abelacosmetics.com\/cortes-para-2023-veja-alguns-modelos\/","url":"https:\/\/artigos.abelacosmetics.com\/cortes-para-2023-veja-alguns-modelos\/","name":"Cortes para 2023, veja alguns modelos! - Abela Cosmetics","isPartOf":{"@id":"https:\/\/artigos.abelacosmetics.com\/#website"},"primaryImageOfPage":{"@id":"https:\/\/artigos.abelacosmetics.com\/cortes-para-2023-veja-alguns-modelos\/#primaryimage"},"image":{"@id":"https:\/\/artigos.abelacosmetics.com\/cortes-para-2023-veja-alguns-modelos\/#primaryimage"},"thumbnailUrl":"https:\/\/artigos.abelacosmetics.com\/wp-content\/uploads\/2022\/12\/imagem-do-Post-1.png","datePublished":"2022-12-27T19:01:36+00:00","dateModified":"2023-01-05T20:52:07+00:00","description":"Voc\u00ea sabe quais s\u00e3o os cortes para 2023? Sabemos que essa mudan\u00e7a melhora a autoestima, e por isso trouxemos ideias incr\u00edveis, confira.","breadcrumb":{"@id":"https:\/\/artigos.abelacosmetics.com\/cortes-para-2023-veja-alguns-modelos\/#breadcrumb"},"inLanguage":"es","potentialAction":[{"@type":"ReadAction","target":["https:\/\/artigos.abelacosmetics.com\/cortes-para-2023-veja-alguns-modelos\/"]}]},{"@type":"ImageObject","inLanguage":"es","@id":"https:\/\/artigos.abelacosmetics.com\/cortes-para-2023-veja-alguns-modelos\/#primaryimage","url":"https:\/\/artigos.abelacosmetics.com\/wp-content\/uploads\/2022\/12\/imagem-do-Post-1.png","contentUrl":"https:\/\/artigos.abelacosmetics.com\/wp-content\/uploads\/2022\/12\/imagem-do-Post-1.png","width":850,"height":430},{"@type":"BreadcrumbList","@id":"https:\/\/artigos.abelacosmetics.com\/cortes-para-2023-veja-alguns-modelos\/#breadcrumb","itemListElement":[{"@type":"ListItem","position":1,"name":"In\u00edcio","item":"https:\/\/artigos.abelacosmetics.com\/"},{"@type":"ListItem","position":2,"name":"Cortes para 2023, veja alguns modelos!"}]},{"@type":"WebSite","@id":"https:\/\/artigos.abelacosmetics.com\/#website","url":"https:\/\/artigos.abelacosmetics.com\/","name":"Abela Cosmetics","description":"Cuidados para Cabelos \u00danicos","publisher":{"@id":"https:\/\/artigos.abelacosmetics.com\/#organization"},"potentialAction":[{"@type":"SearchAction","target":{"@type":"EntryPoint","urlTemplate":"https:\/\/artigos.abelacosmetics.com\/?s={search_term_string}"},"query-input":{"@type":"PropertyValueSpecification","valueRequired":true,"valueName":"search_term_string"}}],"inLanguage":"es"},{"@type":"Organization","@id":"https:\/\/artigos.abelacosmetics.com\/#organization","name":"Abela Cosmetics","url":"https:\/\/artigos.abelacosmetics.com\/","logo":{"@type":"ImageObject","inLanguage":"es","@id":"https:\/\/artigos.abelacosmetics.com\/#\/schema\/logo\/image\/","url":"https:\/\/artigos.abelacosmetics.com\/wp-content\/uploads\/2023\/02\/logo-abela.png","contentUrl":"https:\/\/artigos.abelacosmetics.com\/wp-content\/uploads\/2023\/02\/logo-abela.png","width":183,"height":90,"caption":"Abela Cosmetics"},"image":{"@id":"https:\/\/artigos.abelacosmetics.com\/#\/schema\/logo\/image\/"},"sameAs":["https:\/\/www.facebook.com\/abelacosmetics"]},{"@type":"Person","@id":"https:\/\/artigos.abelacosmetics.com\/#\/schema\/person\/675710be590edb47293978092f4e20f4","name":"admin","image":{"@type":"ImageObject","inLanguage":"es","@id":"https:\/\/artigos.abelacosmetics.com\/#\/schema\/person\/image\/","url":"https:\/\/secure.gravatar.com\/avatar\/ce9ccc2de538d30bcc33874c5a730e8e078e64fce402cb3cf0668a7439a0e654?s=96&d=mm&r=g","contentUrl":"https:\/\/secure.gravatar.com\/avatar\/ce9ccc2de538d30bcc33874c5a730e8e078e64fce402cb3cf0668a7439a0e654?s=96&d=mm&r=g","caption":"admin"},"sameAs":["http:\/\/localhost\/abela-cosmetic"],"url":"https:\/\/artigos.abelacosmetics.com\/es\/author\/admin\/"}]}},"_links":{"self":[{"href":"https:\/\/artigos.abelacosmetics.com\/es\/wp-json\/wp\/v2\/posts\/2182","targetHints":{"allow":["GET"]}}],"collection":[{"href":"https:\/\/artigos.abelacosmetics.com\/es\/wp-json\/wp\/v2\/posts"}],"about":[{"href":"https:\/\/artigos.abelacosmetics.com\/es\/wp-json\/wp\/v2\/types\/post"}],"author":[{"embeddable":true,"href":"https:\/\/artigos.abelacosmetics.com\/es\/wp-json\/wp\/v2\/users\/1"}],"replies":[{"embeddable":true,"href":"https:\/\/artigos.abelacosmetics.com\/es\/wp-json\/wp\/v2\/comments?post=2182"}],"version-history":[{"count":8,"href":"https:\/\/artigos.abelacosmetics.com\/es\/wp-json\/wp\/v2\/posts\/2182\/revisions"}],"predecessor-version":[{"id":2221,"href":"https:\/\/artigos.abelacosmetics.com\/es\/wp-json\/wp\/v2\/posts\/2182\/revisions\/2221"}],"wp:featuredmedia":[{"embeddable":true,"href":"https:\/\/artigos.abelacosmetics.com\/es\/wp-json\/wp\/v2\/media\/2196"}],"wp:attachment":[{"href":"https:\/\/artigos.abelacosmetics.com\/es\/wp-json\/wp\/v2\/media?parent=2182"}],"wp:term":[{"taxonomy":"category","embeddable":true,"href":"https:\/\/artigos.abelacosmetics.com\/es\/wp-json\/wp\/v2\/categories?post=2182"},{"taxonomy":"post_tag","embeddable":true,"href":"https:\/\/artigos.abelacosmetics.com\/es\/wp-json\/wp\/v2\/tags?post=2182"}],"curies":[{"name":"wp","href":"https:\/\/api.w.org\/{rel}","templated":true}]}}