{"id":1840,"date":"2022-11-21T18:03:19","date_gmt":"2022-11-21T21:03:19","guid":{"rendered":"https:\/\/artigos.abelacosmetics.com\/?p=1840"},"modified":"2023-01-05T17:55:55","modified_gmt":"2023-01-05T20:55:55","slug":"descubra-a-importancia-do-acidificante-capilar","status":"publish","type":"post","link":"https:\/\/artigos.abelacosmetics.com\/es\/descubra-a-importancia-do-acidificante-capilar\/","title":{"rendered":"Descubra a import\u00e2ncia do acidificante capilar"},"content":{"rendered":"<p>&nbsp;<\/p>\n<h2><\/h2>\n<h2><span style=\"font-weight: 400;\">O que \u00e9 acidificante capilar<\/span><\/h2>\n<p><span>A rotina de cuidados com o cabelo, que inclui lavar, hidratar e finalizar os fios, s\u00e3o comuns e a grande maioria das pessoas realiza com muita frequ\u00eancia e naturalidade. Mas, para manter um cabelo saud\u00e1vel \u00e9 preciso estar atento a outras quest\u00f5es, como o pH do cabelo.\u00a0<\/span><\/p>\n<p>&nbsp;<\/p>\n<p>&nbsp;<\/p>\n<audio class=\"wp-audio-shortcode\" id=\"audio-1840-1\" preload=\"none\" style=\"width: 100%;\" controls=\"controls\"><source type=\"audio\/mpeg\" src=\"https:\/\/artigos.abelacosmetics.com\/wp-content\/uploads\/2022\/11\/acidificante-compress.mp3?_=1\" \/><a href=\"https:\/\/artigos.abelacosmetics.com\/wp-content\/uploads\/2022\/11\/acidificante-compress.mp3\">https:\/\/artigos.abelacosmetics.com\/wp-content\/uploads\/2022\/11\/acidificante-compress.mp3<\/a><\/audio>\n<p><span style=\"font-weight: 400;\">Os cabelos, assim como outras partes do corpo, possuem um pH espec\u00edfico, e esse n\u00edvel quando alterado, provoca uma s\u00e9rie de danos ao fio. O pH serve para indicar se determinada coisa est\u00e1 \u00e1cida, neutra ou alcalina, sendo que o pH do cabelo \u00e9 naturalmente \u00e1cido.\u00a0<\/span><\/p>\n<p>&nbsp;<\/p>\n<p><span style=\"font-weight: 400;\">Sendo assim, para mantermos os fios saud\u00e1veis, \u00e9 preciso preservar a acidez dos fios, caso contr\u00e1rio, o cabelo vai apresentar aspecto poroso, danificado, textura \u00e1spera, fragilizada, al\u00e9m das camadas do cabelo ficarem \u201cabertas\u201d e mais vulner\u00e1veis.\u00a0<\/span><\/p>\n<p>&nbsp;<\/p>\n<p><span style=\"font-weight: 400;\">Quando o cabelo est\u00e1 alcalino, ele fica mais vulner\u00e1vel e apresentam grande dificuldade de reter \u00e1gua e nutrientes. Ou seja, mesmo que voc\u00ea continue hidratando e nutrindo, ele n\u00e3o vai melhorar, porque as cut\u00edculas est\u00e3o abertas e ele perde a capacidade de segurar os nutrientes. \u00c9 nesse momento que voc\u00ea precisa identificar o problema e utilizar o acidificante capilar.\u00a0<\/span><\/p>\n<p>&nbsp;<\/p>\n<p><span style=\"font-weight: 400;\">Agora, fica f\u00e1cil perceber o que \u00e9 um acidificante capilar. Como o pr\u00f3prio nome j\u00e1 diz, \u00e9 um produto que serve para tornar o cabelo mais \u00e1cido e assim, equilibrar o seu pH.\u00a0<\/span><\/p>\n<p>&nbsp;<\/p>\n<p><span style=\"font-weight: 400;\">Normalmente, o acidificante apresenta o pH de 1-2 agindo na queratina dos fios por rea\u00e7\u00f5es qu\u00edmicas e na grande maioria das vezes \u00e9 utilizado na etapa de reconstru\u00e7\u00e3o do cronograma capilar.\u00a0<\/span><\/p>\n<p>&nbsp;<\/p>\n<p><span style=\"font-weight: 400;\">Dessa forma, o acidificante pode e deve ser utilizado em todos os tipos de fios, principalmente cabelos que s\u00e3o submetidos a processos qu\u00edmicos e uso excessivos de produtos.\u00a0<\/span><\/p>\n<p><img loading=\"lazy\" decoding=\"async\" class=\"alignnone wp-image-1848\" src=\"https:\/\/artigos.abelacosmetics.com\/wp-content\/uploads\/2022\/11\/6-4-300x169.png\" alt=\"\" width=\"820\" height=\"462\" srcset=\"https:\/\/artigos.abelacosmetics.com\/wp-content\/uploads\/2022\/11\/6-4-300x169.png 300w, https:\/\/artigos.abelacosmetics.com\/wp-content\/uploads\/2022\/11\/6-4-768x432.png 768w, https:\/\/artigos.abelacosmetics.com\/wp-content\/uploads\/2022\/11\/6-4-18x10.png 18w, https:\/\/artigos.abelacosmetics.com\/wp-content\/uploads\/2022\/11\/6-4.png 960w\" sizes=\"auto, (max-width: 820px) 100vw, 820px\" \/><\/p>\n<h2><span style=\"font-weight: 400;\">A import\u00e2ncia do acidificante capilar\u00a0<\/span><\/h2>\n<p>&nbsp;<\/p>\n<p><span style=\"font-weight: 400;\">O acidificante capilar promove diversos benef\u00edcios para a sa\u00fade dos cabelos. O primeiro deles, e o mais importante, \u00e9 de selar a cut\u00edcula dos fios, fazendo com que as madeixas consigam absorver a \u00e1gua e os nutrientes de outros tratamentos.<\/span><\/p>\n<p>&nbsp;<\/p>\n<p><span style=\"font-weight: 400;\">Sendo assim, o cabelo fica mais sedoso, com brilho, alinhado, com menos frizz, sem porosidade e manda embora o efeito \u00e1spero. Al\u00e9m disso, outro importante aspecto \u00e9 sobre a fragilidade, um cabelo com falta de acidez se torna extremamente fr\u00e1gil e sens\u00edvel a fatores externos, quebrando com facilidade.\u00a0\u00a0\u00a0<\/span><\/p>\n<p>&nbsp;<\/p>\n<p><span style=\"font-weight: 400;\">O acidificante capilar \u00e9 essencial para mantermos os fios saud\u00e1veis e fortes, principalmente porque a maioria dos shampoos que utilizamos para lavar os fios s\u00e3o alcalinos. Assim, quando n\u00e3o h\u00e1 a corre\u00e7\u00e3o do pH, o cabelo fica facilmente danificado.\u00a0<\/span><\/p>\n<p>&nbsp;<\/p>\n<p><span style=\"font-weight: 400;\">Pode-se perceber, ent\u00e3o, que at\u00e9 mesmo os cabelos que n\u00e3o fazem uso de qu\u00edmica est\u00e3o suscet\u00edveis a sofrer o dano da falta de acidez, por isso \u00e9 preciso estar atenta aos sinais. Al\u00e9m disso, as pessoas que fazem uso de a\u00e7\u00f5es qu\u00edmicas e t\u00e9rmicas (como uso de chapinha, secador e modelador de cachos), devem realizar obrigatoriamente a acidifica\u00e7\u00e3o com frequ\u00eancia.\u00a0\u00a0<\/span><\/p>\n<p>&nbsp;<\/p>\n<h2><span style=\"font-weight: 400;\">Como utilizar o acidificante capilar\u00a0<\/span><\/h2>\n<p>&nbsp;<\/p>\n<p><span style=\"font-weight: 400;\">O acidificante capilar pode ser utilizado sozinho ou em conjunto com outros tratamentos. Na <\/span><a href=\"https:\/\/artigos.abelacosmetics.com\/es\/produtos\/acidificante-acid\/\" target=\"_blank\" rel=\"noopener\"><span style=\"font-weight: 400;\">Abela Cosmetics voc\u00ea pode encontrar um maravilhoso Acidificante Capilar<\/span><\/a><span style=\"font-weight: 400;\">\u00a0 &#8211; ACID &#8211; que atua selando as cut\u00edculas do cabelo, regulando o pH, proporciona brilho e maciez, especialmente para cabelos porosos, danificados, fr\u00e1geis e sem brilho.\u00a0<\/span><\/p>\n<p>&nbsp;<\/p>\n<p><span style=\"font-weight: 400;\">Voc\u00ea tamb\u00e9m pode encontrar outros tratamentos para completar a sua rotina de cuidados e proporcionar a sa\u00fade que seu cabelo necessita. Vale lembrar que o acidificante capilar \u00e9 essencial para que o cabelo consiga receber os nutrientes e hidrata\u00e7\u00e3o dos outros tratamentos.\u00a0<\/span><\/p>\n<p>&nbsp;<\/p>\n<p><span style=\"font-weight: 400;\">Vamos ao passo a passo, para utilizar o <\/span><a href=\"https:\/\/artigos.abelacosmetics.com\/es\/produtos\/acidificante-acid\/\" target=\"_blank\" rel=\"noopener\"><span style=\"font-weight: 400;\">ACID<\/span><\/a><span style=\"font-weight: 400;\">, primeiramente voc\u00ea vai precisar lavar o seu cabelo com shampoo e depois vai aplicar o ACID mecha por mecha, enluvando bem cada fita de cabelo. \u00c9 importante que a acidifica\u00e7\u00e3o ocorra antes de qualquer tratamento que voc\u00ea ir\u00e1 realizar nos fios.\u00a0<\/span><\/p>\n<p><img loading=\"lazy\" decoding=\"async\" class=\"alignnone wp-image-1843\" src=\"https:\/\/artigos.abelacosmetics.com\/wp-content\/uploads\/2022\/11\/2-4-300x169.png\" alt=\"\" width=\"707\" height=\"398\" srcset=\"https:\/\/artigos.abelacosmetics.com\/wp-content\/uploads\/2022\/11\/2-4-300x169.png 300w, https:\/\/artigos.abelacosmetics.com\/wp-content\/uploads\/2022\/11\/2-4-768x432.png 768w, https:\/\/artigos.abelacosmetics.com\/wp-content\/uploads\/2022\/11\/2-4-18x10.png 18w, https:\/\/artigos.abelacosmetics.com\/wp-content\/uploads\/2022\/11\/2-4.png 960w\" sizes=\"auto, (max-width: 707px) 100vw, 707px\" \/><\/p>\n<p><span style=\"font-weight: 400;\">\u00c9 fundamental deixar agir de 3 a 5 minutinhos e depois enxaguar bem. Ap\u00f3s o uso do ACID, voc\u00ea pode usar a<\/span><a href=\"https:\/\/artigos.abelacosmetics.com\/es\/produtos\/#tratamentos\" target=\"_blank\" rel=\"noopener\"><span style=\"font-weight: 400;\"> m\u00e1scara de tratamento<\/span><\/a><span style=\"font-weight: 400;\"> de sua prefer\u00eancia, no site da Abela temos v\u00e1rias op\u00e7\u00f5es, para todas as suas necessidades, seja hidrata\u00e7\u00e3o, reconstru\u00e7\u00e3o ou nutri\u00e7\u00e3o.\u00a0<\/span><\/p>\n<p>&nbsp;<\/p>\n<p><span style=\"font-weight: 400;\">Ap\u00f3s isso, <\/span><a href=\"https:\/\/artigos.abelacosmetics.com\/es\/produtos\/#finalizadores\" target=\"_blank\" rel=\"noopener\"><span style=\"font-weight: 400;\">voc\u00ea pode finalizar seu cabelo como quiser.<\/span><\/a><span style=\"font-weight: 400;\"> E est\u00e1 pronta para experienciar cabelos lindos, sedosos e saud\u00e1veis. O acidificante \u00e9 recomendado para todos os tipos de cabelo, principalmente os cacheados, crespos e quem faz uso de qu\u00edmicas.\u00a0<\/span><\/p>\n<p>&nbsp;<\/p>\n<p><span style=\"font-weight: 400;\">Quanto \u00e0 frequ\u00eancia, voc\u00ea deve analisar a necessidade do seu fio. \u00c9 preciso observar porosidade, fragilidade, aspereza e opacidade.<\/span><\/p>\n<p>&nbsp;<\/p>\n<p><span style=\"font-weight: 400;\">De forma geral, se seu cabelo n\u00e3o est\u00e1 danificado, utilize uma vez por m\u00eas, caso seu fio esteja extremamente fr\u00e1gil, n\u00e3o estiver respondendo bem a tratamentos de hidrata\u00e7\u00e3o e nutri\u00e7\u00e3o ou esteja muito opaco, \u00e9 aconselhado utilizar a cada 15 dias, at\u00e9 recuperar o fio completamente.\u00a0<\/span><\/p>\n<p>&nbsp;<\/p>\n<p><span style=\"font-weight: 400;\">Al\u00e9m disso, lembre-se tamb\u00e9m de realizar tratamentos de hidrata\u00e7\u00e3o e nutri\u00e7\u00e3o com frequ\u00eancia. \u00c9 muito importante realizar um cronograma capilar que atenda as necessidades dos seus fios.\u00a0<\/span><\/p>\n<p>&nbsp;<\/p>\n<p><span style=\"font-weight: 400;\">Gostou do nosso conte\u00fado? Compartilhe esse artigo com uma amiga e a ajude a recuperar a sa\u00fade dos seus cabelos.\u00a0<\/span><\/p>\n<p>&nbsp;<\/p>\n<p><span style=\"font-weight: 400;\">E voc\u00ea est\u00e1 esperando o que para come\u00e7ar a cuidar das suas madeixas da forma que voc\u00ea merece?\u00a0<\/span><\/p>\n<p>&nbsp;<\/p>\n<p><a href=\"https:\/\/www.lojaabelacosmetics.com\/acidificante-capilar-acid-200g\" target=\"_blank\" rel=\"noopener\"><span style=\"font-weight: 400;\">Confira o Acidificante Capilar da Abela Cosm\u00e9ticos, o mais eficiente do mercado, feito para todos os tipos de cabelo, livre de parabenos, derivados de petr\u00f3leo e veganos.<\/span><\/a><span style=\"font-weight: 400;\">\u00a0<\/span><\/p>\n<p><img loading=\"lazy\" decoding=\"async\" class=\"alignnone wp-image-1842\" src=\"https:\/\/artigos.abelacosmetics.com\/wp-content\/uploads\/2022\/11\/1-4-300x169.png\" alt=\"\" width=\"933\" height=\"526\" srcset=\"https:\/\/artigos.abelacosmetics.com\/wp-content\/uploads\/2022\/11\/1-4-300x169.png 300w, https:\/\/artigos.abelacosmetics.com\/wp-content\/uploads\/2022\/11\/1-4-768x432.png 768w, https:\/\/artigos.abelacosmetics.com\/wp-content\/uploads\/2022\/11\/1-4-18x10.png 18w, https:\/\/artigos.abelacosmetics.com\/wp-content\/uploads\/2022\/11\/1-4.png 960w\" sizes=\"auto, (max-width: 933px) 100vw, 933px\" \/><\/p>","protected":false},"excerpt":{"rendered":"<p>&nbsp; O que \u00e9 acidificante capilar A rotina de cuidados com o cabelo, que inclui lavar, hidratar e finalizar os fios, s\u00e3o comuns e a grande maioria das pessoas realiza com muita frequ\u00eancia e naturalidade. Mas, para manter um cabelo saud\u00e1vel \u00e9 preciso estar atento a outras quest\u00f5es, como o pH do cabelo.\u00a0 &nbsp; &nbsp; [&hellip;]<\/p>","protected":false},"author":1,"featured_media":1847,"comment_status":"open","ping_status":"open","sticky":false,"template":"","format":"standard","meta":{"_acf_changed":false,"_mo_disable_npp":"","inline_featured_image":false,"footnotes":""},"categories":[32,1],"tags":[],"class_list":["post-1840","post","type-post","status-publish","format-standard","has-post-thumbnail","hentry","category-informacoes","category-novidades"],"acf":[],"yoast_head":"<!-- This site is optimized with the Yoast SEO Premium plugin v19.2.1 (Yoast SEO v26.9) - https:\/\/yoast.com\/product\/yoast-seo-premium-wordpress\/ -->\n<title>Descubra a import\u00e2ncia do acidificante capilar - Abela Cosmetics<\/title>\n<meta name=\"description\" content=\"Voc\u00ea sabe o que \u00e9 acidificante capilar? Entenda o porqu\u00ea voc\u00ea precisa come\u00e7ar a utilizar essa t\u00e9cnica o quanto antes!\" \/>\n<meta name=\"robots\" content=\"index, follow, max-snippet:-1, max-image-preview:large, max-video-preview:-1\" \/>\n<link rel=\"canonical\" href=\"https:\/\/artigos.abelacosmetics.com\/es\/descubra-a-importancia-do-acidificante-capilar\/\" \/>\n<meta property=\"og:locale\" content=\"es_ES\" \/>\n<meta property=\"og:type\" content=\"article\" \/>\n<meta property=\"og:title\" content=\"Descubra a import\u00e2ncia do acidificante capilar\" \/>\n<meta property=\"og:description\" content=\"Voc\u00ea sabe o que \u00e9 acidificante capilar? Entenda o porqu\u00ea voc\u00ea precisa come\u00e7ar a utilizar essa t\u00e9cnica o quanto antes!\" \/>\n<meta property=\"og:url\" content=\"https:\/\/artigos.abelacosmetics.com\/es\/descubra-a-importancia-do-acidificante-capilar\/\" \/>\n<meta property=\"og:site_name\" content=\"Abela Cosmetics\" \/>\n<meta property=\"article:publisher\" content=\"https:\/\/www.facebook.com\/abelacosmetics\" \/>\n<meta property=\"article:published_time\" content=\"2022-11-21T21:03:19+00:00\" \/>\n<meta property=\"article:modified_time\" content=\"2023-01-05T20:55:55+00:00\" \/>\n<meta property=\"og:image\" content=\"https:\/\/artigos.abelacosmetics.com\/wp-content\/uploads\/2022\/11\/imagem-do-Post-3.png\" \/>\n\t<meta property=\"og:image:width\" content=\"850\" \/>\n\t<meta property=\"og:image:height\" content=\"430\" \/>\n\t<meta property=\"og:image:type\" content=\"image\/png\" \/>\n<meta name=\"author\" content=\"admin\" \/>\n<meta name=\"twitter:card\" content=\"summary_large_image\" \/>\n<meta name=\"twitter:label1\" content=\"Escrito por\" \/>\n\t<meta name=\"twitter:data1\" content=\"admin\" \/>\n\t<meta name=\"twitter:label2\" content=\"Tiempo de lectura\" \/>\n\t<meta name=\"twitter:data2\" content=\"6 minutos\" \/>\n<script type=\"application\/ld+json\" class=\"yoast-schema-graph\">{\"@context\":\"https:\/\/schema.org\",\"@graph\":[{\"@type\":\"Article\",\"@id\":\"https:\/\/artigos.abelacosmetics.com\/descubra-a-importancia-do-acidificante-capilar\/#article\",\"isPartOf\":{\"@id\":\"https:\/\/artigos.abelacosmetics.com\/descubra-a-importancia-do-acidificante-capilar\/\"},\"author\":{\"name\":\"admin\",\"@id\":\"https:\/\/artigos.abelacosmetics.com\/#\/schema\/person\/675710be590edb47293978092f4e20f4\"},\"headline\":\"Descubra a import\u00e2ncia do acidificante capilar\",\"datePublished\":\"2022-11-21T21:03:19+00:00\",\"dateModified\":\"2023-01-05T20:55:55+00:00\",\"mainEntityOfPage\":{\"@id\":\"https:\/\/artigos.abelacosmetics.com\/descubra-a-importancia-do-acidificante-capilar\/\"},\"wordCount\":960,\"commentCount\":1,\"publisher\":{\"@id\":\"https:\/\/artigos.abelacosmetics.com\/#organization\"},\"image\":{\"@id\":\"https:\/\/artigos.abelacosmetics.com\/descubra-a-importancia-do-acidificante-capilar\/#primaryimage\"},\"thumbnailUrl\":\"https:\/\/artigos.abelacosmetics.com\/wp-content\/uploads\/2022\/11\/imagem-do-Post-3.png\",\"articleSection\":[\"Informa\u00e7\u00f5es\",\"Novidades\"],\"inLanguage\":\"es\",\"potentialAction\":[{\"@type\":\"CommentAction\",\"name\":\"Comment\",\"target\":[\"https:\/\/artigos.abelacosmetics.com\/descubra-a-importancia-do-acidificante-capilar\/#respond\"]}]},{\"@type\":\"WebPage\",\"@id\":\"https:\/\/artigos.abelacosmetics.com\/descubra-a-importancia-do-acidificante-capilar\/\",\"url\":\"https:\/\/artigos.abelacosmetics.com\/descubra-a-importancia-do-acidificante-capilar\/\",\"name\":\"Descubra a import\u00e2ncia do acidificante capilar - Abela Cosmetics\",\"isPartOf\":{\"@id\":\"https:\/\/artigos.abelacosmetics.com\/#website\"},\"primaryImageOfPage\":{\"@id\":\"https:\/\/artigos.abelacosmetics.com\/descubra-a-importancia-do-acidificante-capilar\/#primaryimage\"},\"image\":{\"@id\":\"https:\/\/artigos.abelacosmetics.com\/descubra-a-importancia-do-acidificante-capilar\/#primaryimage\"},\"thumbnailUrl\":\"https:\/\/artigos.abelacosmetics.com\/wp-content\/uploads\/2022\/11\/imagem-do-Post-3.png\",\"datePublished\":\"2022-11-21T21:03:19+00:00\",\"dateModified\":\"2023-01-05T20:55:55+00:00\",\"description\":\"Voc\u00ea sabe o que \u00e9 acidificante capilar? Entenda o porqu\u00ea voc\u00ea precisa come\u00e7ar a utilizar essa t\u00e9cnica o quanto antes!\",\"breadcrumb\":{\"@id\":\"https:\/\/artigos.abelacosmetics.com\/descubra-a-importancia-do-acidificante-capilar\/#breadcrumb\"},\"inLanguage\":\"es\",\"potentialAction\":[{\"@type\":\"ReadAction\",\"target\":[\"https:\/\/artigos.abelacosmetics.com\/descubra-a-importancia-do-acidificante-capilar\/\"]}]},{\"@type\":\"ImageObject\",\"inLanguage\":\"es\",\"@id\":\"https:\/\/artigos.abelacosmetics.com\/descubra-a-importancia-do-acidificante-capilar\/#primaryimage\",\"url\":\"https:\/\/artigos.abelacosmetics.com\/wp-content\/uploads\/2022\/11\/imagem-do-Post-3.png\",\"contentUrl\":\"https:\/\/artigos.abelacosmetics.com\/wp-content\/uploads\/2022\/11\/imagem-do-Post-3.png\",\"width\":850,\"height\":430},{\"@type\":\"BreadcrumbList\",\"@id\":\"https:\/\/artigos.abelacosmetics.com\/descubra-a-importancia-do-acidificante-capilar\/#breadcrumb\",\"itemListElement\":[{\"@type\":\"ListItem\",\"position\":1,\"name\":\"In\u00edcio\",\"item\":\"https:\/\/artigos.abelacosmetics.com\/\"},{\"@type\":\"ListItem\",\"position\":2,\"name\":\"Descubra a import\u00e2ncia do acidificante capilar\"}]},{\"@type\":\"WebSite\",\"@id\":\"https:\/\/artigos.abelacosmetics.com\/#website\",\"url\":\"https:\/\/artigos.abelacosmetics.com\/\",\"name\":\"Abela Cosmetics\",\"description\":\"Cuidados para Cabelos \u00danicos\",\"publisher\":{\"@id\":\"https:\/\/artigos.abelacosmetics.com\/#organization\"},\"potentialAction\":[{\"@type\":\"SearchAction\",\"target\":{\"@type\":\"EntryPoint\",\"urlTemplate\":\"https:\/\/artigos.abelacosmetics.com\/?s={search_term_string}\"},\"query-input\":{\"@type\":\"PropertyValueSpecification\",\"valueRequired\":true,\"valueName\":\"search_term_string\"}}],\"inLanguage\":\"es\"},{\"@type\":\"Organization\",\"@id\":\"https:\/\/artigos.abelacosmetics.com\/#organization\",\"name\":\"Abela Cosmetics\",\"url\":\"https:\/\/artigos.abelacosmetics.com\/\",\"logo\":{\"@type\":\"ImageObject\",\"inLanguage\":\"es\",\"@id\":\"https:\/\/artigos.abelacosmetics.com\/#\/schema\/logo\/image\/\",\"url\":\"https:\/\/artigos.abelacosmetics.com\/wp-content\/uploads\/2023\/02\/logo-abela.png\",\"contentUrl\":\"https:\/\/artigos.abelacosmetics.com\/wp-content\/uploads\/2023\/02\/logo-abela.png\",\"width\":183,\"height\":90,\"caption\":\"Abela Cosmetics\"},\"image\":{\"@id\":\"https:\/\/artigos.abelacosmetics.com\/#\/schema\/logo\/image\/\"},\"sameAs\":[\"https:\/\/www.facebook.com\/abelacosmetics\"]},{\"@type\":\"Person\",\"@id\":\"https:\/\/artigos.abelacosmetics.com\/#\/schema\/person\/675710be590edb47293978092f4e20f4\",\"name\":\"admin\",\"image\":{\"@type\":\"ImageObject\",\"inLanguage\":\"es\",\"@id\":\"https:\/\/artigos.abelacosmetics.com\/#\/schema\/person\/image\/\",\"url\":\"https:\/\/secure.gravatar.com\/avatar\/ce9ccc2de538d30bcc33874c5a730e8e078e64fce402cb3cf0668a7439a0e654?s=96&d=mm&r=g\",\"contentUrl\":\"https:\/\/secure.gravatar.com\/avatar\/ce9ccc2de538d30bcc33874c5a730e8e078e64fce402cb3cf0668a7439a0e654?s=96&d=mm&r=g\",\"caption\":\"admin\"},\"sameAs\":[\"http:\/\/localhost\/abela-cosmetic\"],\"url\":\"https:\/\/artigos.abelacosmetics.com\/es\/author\/admin\/\"}]}<\/script>\n<!-- \/ Yoast SEO Premium plugin. -->","yoast_head_json":{"title":"Descubra a import\u00e2ncia do acidificante capilar - Abela Cosmetics","description":"Voc\u00ea sabe o que \u00e9 acidificante capilar? Entenda o porqu\u00ea voc\u00ea precisa come\u00e7ar a utilizar essa t\u00e9cnica o quanto antes!","robots":{"index":"index","follow":"follow","max-snippet":"max-snippet:-1","max-image-preview":"max-image-preview:large","max-video-preview":"max-video-preview:-1"},"canonical":"https:\/\/artigos.abelacosmetics.com\/es\/descubra-a-importancia-do-acidificante-capilar\/","og_locale":"es_ES","og_type":"article","og_title":"Descubra a import\u00e2ncia do acidificante capilar","og_description":"Voc\u00ea sabe o que \u00e9 acidificante capilar? Entenda o porqu\u00ea voc\u00ea precisa come\u00e7ar a utilizar essa t\u00e9cnica o quanto antes!","og_url":"https:\/\/artigos.abelacosmetics.com\/es\/descubra-a-importancia-do-acidificante-capilar\/","og_site_name":"Abela Cosmetics","article_publisher":"https:\/\/www.facebook.com\/abelacosmetics","article_published_time":"2022-11-21T21:03:19+00:00","article_modified_time":"2023-01-05T20:55:55+00:00","og_image":[{"width":850,"height":430,"url":"https:\/\/artigos.abelacosmetics.com\/wp-content\/uploads\/2022\/11\/imagem-do-Post-3.png","type":"image\/png"}],"author":"admin","twitter_card":"summary_large_image","twitter_misc":{"Escrito por":"admin","Tiempo de lectura":"6 minutos"},"schema":{"@context":"https:\/\/schema.org","@graph":[{"@type":"Article","@id":"https:\/\/artigos.abelacosmetics.com\/descubra-a-importancia-do-acidificante-capilar\/#article","isPartOf":{"@id":"https:\/\/artigos.abelacosmetics.com\/descubra-a-importancia-do-acidificante-capilar\/"},"author":{"name":"admin","@id":"https:\/\/artigos.abelacosmetics.com\/#\/schema\/person\/675710be590edb47293978092f4e20f4"},"headline":"Descubra a import\u00e2ncia do acidificante capilar","datePublished":"2022-11-21T21:03:19+00:00","dateModified":"2023-01-05T20:55:55+00:00","mainEntityOfPage":{"@id":"https:\/\/artigos.abelacosmetics.com\/descubra-a-importancia-do-acidificante-capilar\/"},"wordCount":960,"commentCount":1,"publisher":{"@id":"https:\/\/artigos.abelacosmetics.com\/#organization"},"image":{"@id":"https:\/\/artigos.abelacosmetics.com\/descubra-a-importancia-do-acidificante-capilar\/#primaryimage"},"thumbnailUrl":"https:\/\/artigos.abelacosmetics.com\/wp-content\/uploads\/2022\/11\/imagem-do-Post-3.png","articleSection":["Informa\u00e7\u00f5es","Novidades"],"inLanguage":"es","potentialAction":[{"@type":"CommentAction","name":"Comment","target":["https:\/\/artigos.abelacosmetics.com\/descubra-a-importancia-do-acidificante-capilar\/#respond"]}]},{"@type":"WebPage","@id":"https:\/\/artigos.abelacosmetics.com\/descubra-a-importancia-do-acidificante-capilar\/","url":"https:\/\/artigos.abelacosmetics.com\/descubra-a-importancia-do-acidificante-capilar\/","name":"Descubra a import\u00e2ncia do acidificante capilar - Abela Cosmetics","isPartOf":{"@id":"https:\/\/artigos.abelacosmetics.com\/#website"},"primaryImageOfPage":{"@id":"https:\/\/artigos.abelacosmetics.com\/descubra-a-importancia-do-acidificante-capilar\/#primaryimage"},"image":{"@id":"https:\/\/artigos.abelacosmetics.com\/descubra-a-importancia-do-acidificante-capilar\/#primaryimage"},"thumbnailUrl":"https:\/\/artigos.abelacosmetics.com\/wp-content\/uploads\/2022\/11\/imagem-do-Post-3.png","datePublished":"2022-11-21T21:03:19+00:00","dateModified":"2023-01-05T20:55:55+00:00","description":"Voc\u00ea sabe o que \u00e9 acidificante capilar? Entenda o porqu\u00ea voc\u00ea precisa come\u00e7ar a utilizar essa t\u00e9cnica o quanto antes!","breadcrumb":{"@id":"https:\/\/artigos.abelacosmetics.com\/descubra-a-importancia-do-acidificante-capilar\/#breadcrumb"},"inLanguage":"es","potentialAction":[{"@type":"ReadAction","target":["https:\/\/artigos.abelacosmetics.com\/descubra-a-importancia-do-acidificante-capilar\/"]}]},{"@type":"ImageObject","inLanguage":"es","@id":"https:\/\/artigos.abelacosmetics.com\/descubra-a-importancia-do-acidificante-capilar\/#primaryimage","url":"https:\/\/artigos.abelacosmetics.com\/wp-content\/uploads\/2022\/11\/imagem-do-Post-3.png","contentUrl":"https:\/\/artigos.abelacosmetics.com\/wp-content\/uploads\/2022\/11\/imagem-do-Post-3.png","width":850,"height":430},{"@type":"BreadcrumbList","@id":"https:\/\/artigos.abelacosmetics.com\/descubra-a-importancia-do-acidificante-capilar\/#breadcrumb","itemListElement":[{"@type":"ListItem","position":1,"name":"In\u00edcio","item":"https:\/\/artigos.abelacosmetics.com\/"},{"@type":"ListItem","position":2,"name":"Descubra a import\u00e2ncia do acidificante capilar"}]},{"@type":"WebSite","@id":"https:\/\/artigos.abelacosmetics.com\/#website","url":"https:\/\/artigos.abelacosmetics.com\/","name":"Abela Cosmetics","description":"Cuidados para Cabelos \u00danicos","publisher":{"@id":"https:\/\/artigos.abelacosmetics.com\/#organization"},"potentialAction":[{"@type":"SearchAction","target":{"@type":"EntryPoint","urlTemplate":"https:\/\/artigos.abelacosmetics.com\/?s={search_term_string}"},"query-input":{"@type":"PropertyValueSpecification","valueRequired":true,"valueName":"search_term_string"}}],"inLanguage":"es"},{"@type":"Organization","@id":"https:\/\/artigos.abelacosmetics.com\/#organization","name":"Abela Cosmetics","url":"https:\/\/artigos.abelacosmetics.com\/","logo":{"@type":"ImageObject","inLanguage":"es","@id":"https:\/\/artigos.abelacosmetics.com\/#\/schema\/logo\/image\/","url":"https:\/\/artigos.abelacosmetics.com\/wp-content\/uploads\/2023\/02\/logo-abela.png","contentUrl":"https:\/\/artigos.abelacosmetics.com\/wp-content\/uploads\/2023\/02\/logo-abela.png","width":183,"height":90,"caption":"Abela Cosmetics"},"image":{"@id":"https:\/\/artigos.abelacosmetics.com\/#\/schema\/logo\/image\/"},"sameAs":["https:\/\/www.facebook.com\/abelacosmetics"]},{"@type":"Person","@id":"https:\/\/artigos.abelacosmetics.com\/#\/schema\/person\/675710be590edb47293978092f4e20f4","name":"admin","image":{"@type":"ImageObject","inLanguage":"es","@id":"https:\/\/artigos.abelacosmetics.com\/#\/schema\/person\/image\/","url":"https:\/\/secure.gravatar.com\/avatar\/ce9ccc2de538d30bcc33874c5a730e8e078e64fce402cb3cf0668a7439a0e654?s=96&d=mm&r=g","contentUrl":"https:\/\/secure.gravatar.com\/avatar\/ce9ccc2de538d30bcc33874c5a730e8e078e64fce402cb3cf0668a7439a0e654?s=96&d=mm&r=g","caption":"admin"},"sameAs":["http:\/\/localhost\/abela-cosmetic"],"url":"https:\/\/artigos.abelacosmetics.com\/es\/author\/admin\/"}]}},"_links":{"self":[{"href":"https:\/\/artigos.abelacosmetics.com\/es\/wp-json\/wp\/v2\/posts\/1840","targetHints":{"allow":["GET"]}}],"collection":[{"href":"https:\/\/artigos.abelacosmetics.com\/es\/wp-json\/wp\/v2\/posts"}],"about":[{"href":"https:\/\/artigos.abelacosmetics.com\/es\/wp-json\/wp\/v2\/types\/post"}],"author":[{"embeddable":true,"href":"https:\/\/artigos.abelacosmetics.com\/es\/wp-json\/wp\/v2\/users\/1"}],"replies":[{"embeddable":true,"href":"https:\/\/artigos.abelacosmetics.com\/es\/wp-json\/wp\/v2\/comments?post=1840"}],"version-history":[{"count":5,"href":"https:\/\/artigos.abelacosmetics.com\/es\/wp-json\/wp\/v2\/posts\/1840\/revisions"}],"predecessor-version":[{"id":2227,"href":"https:\/\/artigos.abelacosmetics.com\/es\/wp-json\/wp\/v2\/posts\/1840\/revisions\/2227"}],"wp:featuredmedia":[{"embeddable":true,"href":"https:\/\/artigos.abelacosmetics.com\/es\/wp-json\/wp\/v2\/media\/1847"}],"wp:attachment":[{"href":"https:\/\/artigos.abelacosmetics.com\/es\/wp-json\/wp\/v2\/media?parent=1840"}],"wp:term":[{"taxonomy":"category","embeddable":true,"href":"https:\/\/artigos.abelacosmetics.com\/es\/wp-json\/wp\/v2\/categories?post=1840"},{"taxonomy":"post_tag","embeddable":true,"href":"https:\/\/artigos.abelacosmetics.com\/es\/wp-json\/wp\/v2\/tags?post=1840"}],"curies":[{"name":"wp","href":"https:\/\/api.w.org\/{rel}","templated":true}]}}