{"id":1808,"date":"2022-11-21T14:11:41","date_gmt":"2022-11-21T17:11:41","guid":{"rendered":"https:\/\/artigos.abelacosmetics.com\/?p=1808"},"modified":"2023-01-05T17:56:13","modified_gmt":"2023-01-05T20:56:13","slug":"por-que-utilizar-produtos-de-beleza-sustentaveis","status":"publish","type":"post","link":"https:\/\/artigos.abelacosmetics.com\/es\/por-que-utilizar-produtos-de-beleza-sustentaveis\/","title":{"rendered":"Por que utilizar produtos de beleza sustent\u00e1veis?"},"content":{"rendered":"<p>&nbsp;<\/p>\n<p>&nbsp;<\/p>\n<p><span style=\"font-weight: 400;\">Nos dias atuais as pessoas est\u00e3o cada vez mais empenhadas em saber sobre os produtos que utilizam e seus impactos \u00e0 sa\u00fade e ao planeta. Devido a isso, os <\/span><b>produtos de beleza sustent\u00e1veis<\/b><span style=\"font-weight: 400;\"> v\u00eam ganhando grande notoriedade no mercado.<\/span><\/p>\n<audio class=\"wp-audio-shortcode\" id=\"audio-1808-1\" preload=\"none\" style=\"width: 100%;\" controls=\"controls\"><source type=\"audio\/mpeg\" src=\"https:\/\/artigos.abelacosmetics.com\/wp-content\/uploads\/2022\/11\/produtos-sustentavies-1.mp3?_=1\" \/><a href=\"https:\/\/artigos.abelacosmetics.com\/wp-content\/uploads\/2022\/11\/produtos-sustentavies-1.mp3\">https:\/\/artigos.abelacosmetics.com\/wp-content\/uploads\/2022\/11\/produtos-sustentavies-1.mp3<\/a><\/audio>\n<p>&nbsp;<\/p>\n<p><span style=\"font-weight: 400;\">Os cosm\u00e9ticos sustent\u00e1veis possuem como princ\u00edpio b\u00e1sico n\u00e3o agredir o meio ambiente e nem o organismo dos usu\u00e1rios. Dessa maneira, com a crescente procura por produtos desse tipo, pode-se observar uma maior aten\u00e7\u00e3o dos fabricantes com essas quest\u00f5es, o que \u00e9 um enorme avan\u00e7o no com\u00e9rcio de produtos de beleza.\u00a0<\/span><\/p>\n<p>&nbsp;<\/p>\n<p><span style=\"font-weight: 400;\">Ficou curioso? Para ficar por dentro desse assunto, continue a leitura at\u00e9 o final!\u00a0<\/span><\/p>\n<p>&nbsp;<\/p>\n<h2><span style=\"font-weight: 400;\">O que s\u00e3o cosm\u00e9ticos sustent\u00e1veis?\u00a0<\/span><\/h2>\n<p>&nbsp;<\/p>\n<p><span style=\"font-weight: 400;\">Antes de tratarmos especificamente do que s\u00e3o os cosm\u00e9ticos sustent\u00e1veis, \u00e9 de enorme import\u00e2ncia compreendermos o que significa de fato \u201csustentabilidade\u201d.\u00a0<\/span><\/p>\n<p>&nbsp;<\/p>\n<p><span style=\"font-weight: 400;\">Sustentabilidade nada mais \u00e9 do que a\u00e7\u00f5es que consideram e se preocupam com os aspectos ambientais, econ\u00f4micos e sociais, se atendo assim, com todo impacto que uma a\u00e7\u00e3o pode provocar.\u00a0<\/span><\/p>\n<p>&nbsp;<\/p>\n<p><span style=\"font-weight: 400;\">Nessa perspectiva, pensando nos cosm\u00e9ticos sustent\u00e1veis, podemos afirmar que se trata dos produtos obtidos por empresas que se preocupam com a sustentabilidade de forma geral, desde os ingredientes que s\u00e3o utilizados, a forma de produ\u00e7\u00e3o, os materiais utilizados na produ\u00e7\u00e3o, como tamb\u00e9m ap\u00f3s a produ\u00e7\u00e3o.\u00a0<\/span><\/p>\n<p><img loading=\"lazy\" decoding=\"async\" class=\"alignnone wp-image-1813\" src=\"https:\/\/artigos.abelacosmetics.com\/wp-content\/uploads\/2022\/11\/4-2-300x169.png\" alt=\"\" width=\"808\" height=\"455\" srcset=\"https:\/\/artigos.abelacosmetics.com\/wp-content\/uploads\/2022\/11\/4-2-300x169.png 300w, https:\/\/artigos.abelacosmetics.com\/wp-content\/uploads\/2022\/11\/4-2-768x432.png 768w, https:\/\/artigos.abelacosmetics.com\/wp-content\/uploads\/2022\/11\/4-2-18x10.png 18w, https:\/\/artigos.abelacosmetics.com\/wp-content\/uploads\/2022\/11\/4-2.png 960w\" sizes=\"auto, (max-width: 808px) 100vw, 808px\" \/><\/p>\n<h2><span style=\"font-weight: 400;\">Cosm\u00e9ticos veganos, org\u00e2nicos e naturais s\u00e3o sin\u00f4nimos de sustentabilidade?\u00a0<\/span><\/h2>\n<p>&nbsp;<\/p>\n<p><span style=\"font-weight: 400;\">Quem est\u00e1 come\u00e7ando a se aprofundar nesse assunto agora talvez acredite que todas essas nomenclaturas se referem ao mesmo conceito. Alguns produtos podem ser considerados veganos, org\u00e2nicos, naturais e sustent\u00e1veis.<\/span><\/p>\n<p>&nbsp;<\/p>\n<p><span style=\"font-weight: 400;\">Contudo, \u00e9 poss\u00edvel que um produto n\u00e3o atenda a todos os crit\u00e9rios e seja considerado como vegano e n\u00e3o sustent\u00e1vel, por exemplo.\u00a0 Sendo assim, detalhamos para voc\u00ea a diferen\u00e7a entre eles. Leia com aten\u00e7\u00e3o para fazer uma escolha consciente, confira:\u00a0<\/span><\/p>\n<p>&nbsp;<\/p>\n<ul>\n<li style=\"font-weight: 400;\" aria-level=\"1\"><span style=\"font-weight: 400;\">Cosm\u00e9ticos Veganos<\/span><\/li>\n<\/ul>\n<p>&nbsp;<\/p>\n<p><span style=\"font-weight: 400;\">Os cosm\u00e9ticos veganos s\u00e3o aqueles que n\u00e3o utilizam de nenhum componente de origem animal na sua produ\u00e7\u00e3o, como tamb\u00e9m, n\u00e3o podem ser testados em animais.\u00a0<\/span><\/p>\n<p>&nbsp;<\/p>\n<p><span style=\"font-weight: 400;\">Contudo, eles podem possuir subst\u00e2ncias qu\u00edmicas, podem possuir uma produ\u00e7\u00e3o que n\u00e3o preza pela sustentabilidade, \u00e9 poss\u00edvel que produza muita polui\u00e7\u00e3o e afins. Ou seja, ao ser vegano, um cosm\u00e9tico n\u00e3o necessariamente \u00e9 sustent\u00e1vel.<\/span><\/p>\n<p>&nbsp;<\/p>\n<p><span style=\"font-weight: 400;\">Vale lembrar que o veganismo \u00e9 uma filosofia que visa acabar com a explora\u00e7\u00e3o animal por toda ind\u00fastria, o que acaba por incentivar um consumo mais sustent\u00e1vel e que impacta menos o meio ambiente.\u00a0\u00a0<\/span><\/p>\n<p>&nbsp;<\/p>\n<p><span style=\"font-weight: 400;\">Sendo assim, \u00e9 muito importante estar atento aos r\u00f3tulos dos produtos e a filosofia da marca, se atentar \u00e0s informa\u00e7\u00f5es expostas nas embalagens e saber diferenciar os conceitos.\u00a0<\/span><\/p>\n<p>&nbsp;<\/p>\n<p><span style=\"font-weight: 400;\">Principalmente porque, uma marca vegana que se preocupa realmente com o sofrimento animal, muito provavelmente tamb\u00e9m vai se preocupar com os problemas ambientais e causados \u00e0 sa\u00fade humana. Uma marca vegana respons\u00e1vel, tamb\u00e9m vai ser uma marca sustent\u00e1vel.\u00a0<\/span><\/p>\n<p>&nbsp;<\/p>\n<ul>\n<li style=\"font-weight: 400;\" aria-level=\"1\"><span style=\"font-weight: 400;\">Cosm\u00e9ticos Org\u00e2nicos<\/span><\/li>\n<\/ul>\n<p><span style=\"font-weight: 400;\">O conceito de org\u00e2nico est\u00e1 relacionado \u00e0 produ\u00e7\u00e3o dos insumos do produto. Ou seja, para um produto ser considerado org\u00e2nico, n\u00e3o pode ter tido contato com agrot\u00f3xicos. Dessa maneira, o uso de fertilizantes artificiais e pesticidas s\u00e3o totalmente proibidos.\u00a0<\/span><\/p>\n<p><span style=\"font-weight: 400;\">Visto isso, fica claro que um cosm\u00e9tico org\u00e2nico n\u00e3o \u00e9 sin\u00f4nimo de um cosm\u00e9tico sustent\u00e1vel. S\u00e3o in\u00fameros os crit\u00e9rios de diferen\u00e7a.\u00a0<\/span><\/p>\n<p>&nbsp;<\/p>\n<ul>\n<li style=\"font-weight: 400;\" aria-level=\"1\"><span style=\"font-weight: 400;\">Cosm\u00e9ticos Naturais\u00a0<\/span><\/li>\n<\/ul>\n<p>&nbsp;<\/p>\n<p><span style=\"font-weight: 400;\">J\u00e1 os cosm\u00e9ticos considerados naturais s\u00e3o aqueles que pelo menos 95% dos ingredientes s\u00e3o naturais. Os outros 5% podem conter \u00e1gua e outros ingredientes, como minerais, desde que possua a devida autoriza\u00e7\u00e3o.\u00a0<\/span><\/p>\n<p>&nbsp;<\/p>\n<p><span style=\"font-weight: 400;\">Como os cosm\u00e9ticos org\u00e2nicos e veganos, os naturais tamb\u00e9m n\u00e3o significam que s\u00e3o sustent\u00e1veis.<\/span><\/p>\n<p><img loading=\"lazy\" decoding=\"async\" class=\"alignnone wp-image-1812\" src=\"https:\/\/artigos.abelacosmetics.com\/wp-content\/uploads\/2022\/11\/3-2-300x169.png\" alt=\"\" width=\"860\" height=\"484\" srcset=\"https:\/\/artigos.abelacosmetics.com\/wp-content\/uploads\/2022\/11\/3-2-300x169.png 300w, https:\/\/artigos.abelacosmetics.com\/wp-content\/uploads\/2022\/11\/3-2-768x432.png 768w, https:\/\/artigos.abelacosmetics.com\/wp-content\/uploads\/2022\/11\/3-2-18x10.png 18w, https:\/\/artigos.abelacosmetics.com\/wp-content\/uploads\/2022\/11\/3-2.png 960w\" sizes=\"auto, (max-width: 860px) 100vw, 860px\" \/><\/p>\n<h2><span style=\"font-weight: 400;\">Benef\u00edcios dos cosm\u00e9ticos sustent\u00e1veis\u00a0\u00a0<\/span><\/h2>\n<p>&nbsp;<\/p>\n<p><span style=\"font-weight: 400;\">O que n\u00e3o faltam s\u00e3o motivos para voc\u00ea optar por cosm\u00e9ticos sustent\u00e1veis. De in\u00edcio, \u00e9 importante relembrar sobre a quest\u00e3o ambiental e a redu\u00e7\u00e3o dos impactos na natureza, o principal prop\u00f3sito dos cosm\u00e9ticos sustent\u00e1veis.\u00a0<\/span><\/p>\n<p>&nbsp;<\/p>\n<p><span style=\"font-weight: 400;\">Al\u00e9m disso, existem diversos benef\u00edcios para n\u00f3s. Os ingredientes naturais s\u00e3o menos propensos a causar irrita\u00e7\u00e3o ou rea\u00e7\u00f5es al\u00e9rgicas na pele. A grande maioria das alergias s\u00e3o causadas por ingredientes derivados do petr\u00f3leo, am\u00f4nia e merc\u00fario.\u00a0<\/span><\/p>\n<p>&nbsp;<\/p>\n<p><span style=\"font-weight: 400;\">Outro ponto muito importante que devemos nos atentar, \u00e9 com a nossa sa\u00fade a longo prazo. Os cosm\u00e9ticos que possuem alguma das enormes variedades de produtos qu\u00edmicos sint\u00e9ticos ou petroqu\u00edmicos, oferecem resultados a curto prazo, contudo, a longo prazo pode ser altamente t\u00f3xico para a sa\u00fade dos seres humanos.\u00a0<\/span><\/p>\n<p>&nbsp;<\/p>\n<p><span style=\"font-weight: 400;\">Atualmente o mercado conta com uma grande variedade de cosm\u00e9ticos sustent\u00e1veis que s\u00e3o muito eficazes, tanto para o corpo, o rosto ou o <\/span><a href=\"https:\/\/artigos.abelacosmetics.com\/es\/produtos\/\" target=\"_blank\" rel=\"noopener\"><span style=\"font-weight: 400;\">cabelo<\/span><\/a><span style=\"font-weight: 400;\">. Ao decidir utilizar um cosm\u00e9tico sustent\u00e1vel, voc\u00ea est\u00e1 optando por investir em sua sa\u00fade e beleza a longo prazo, al\u00e9m de renunciar produtos t\u00f3xicos, sint\u00e9ticos e que causam dano ao meio ambiente.<\/span><\/p>\n<p><img loading=\"lazy\" decoding=\"async\" class=\"alignnone wp-image-1816\" src=\"https:\/\/artigos.abelacosmetics.com\/wp-content\/uploads\/2022\/11\/7-1-300x169.png\" alt=\"\" width=\"880\" height=\"496\" srcset=\"https:\/\/artigos.abelacosmetics.com\/wp-content\/uploads\/2022\/11\/7-1-300x169.png 300w, https:\/\/artigos.abelacosmetics.com\/wp-content\/uploads\/2022\/11\/7-1-768x432.png 768w, https:\/\/artigos.abelacosmetics.com\/wp-content\/uploads\/2022\/11\/7-1-18x10.png 18w, https:\/\/artigos.abelacosmetics.com\/wp-content\/uploads\/2022\/11\/7-1.png 960w\" sizes=\"auto, (max-width: 880px) 100vw, 880px\" \/><\/p>\n<h2><span style=\"font-weight: 400;\">Como escolher produtos sustent\u00e1veis<\/span><\/h2>\n<p><span style=\"font-weight: 400;\">O primeiro passo para come\u00e7ar a ter atitudes mais sustent\u00e1veis no campo dos cosm\u00e9ticos \u00e9 optar por produtos realmente necess\u00e1rios, que possuem um bom resultado e que voc\u00ea realmente vai usar.\u00a0<\/span><\/p>\n<p>&nbsp;<\/p>\n<p><span style=\"font-weight: 400;\">Durante a escolha pelo produto, avalie a marca e opte por empresas engajadas e que se preocupam com toda a produ\u00e7\u00e3o do cosm\u00e9tico, assim como, ap\u00f3s a produ\u00e7\u00e3o. Pesquise se de fato a empresa est\u00e1 empenhada ou se \u00e9 apenas marketing.\u00a0<\/span><\/p>\n<p>&nbsp;<\/p>\n<p><span style=\"font-weight: 400;\">Al\u00e9m disso, lembre-se de analisar os r\u00f3tulos dos produtos e prefira os cosm\u00e9ticos que possuam ingredientes naturais, quanto mais natural, melhor para sua sa\u00fade e para o planeta.\u00a0<\/span><\/p>\n<p>&nbsp;<\/p>\n<p><span style=\"font-weight: 400;\">Vale a pena pesquisar tamb\u00e9m sobre as atitudes sustent\u00e1veis que a marca possui, se promovem projetos de consci\u00eancia ambiental, como funciona a divulga\u00e7\u00e3o da marca, se evita desperd\u00edcios de embalagens, se faz reciclagem ou log\u00edstica reversa. Toda essa quest\u00e3o \u00e9 muito importante e o meio ambiente agradece.\u00a0<\/span><\/p>\n<p>&nbsp;<\/p>\n<p><span style=\"font-weight: 400;\">O futuro dos cosm\u00e9ticos com certeza \u00e9 a filosofia da &#8220;<\/span><a href=\"https:\/\/artigos.abelacosmetics.com\/es\/\" target=\"_blank\" rel=\"noopener\"><span style=\"font-weight: 400;\">beleza limpa<\/span><\/a>&#8220;,<span style=\"font-weight: 400;\"> prezando sempre pela qualidade, sa\u00fade e sustentabilidade. \u00a0<\/span><a href=\"https:\/\/artigos.abelacosmetics.com\/es\/produtos\/\" target=\"_blank\" rel=\"noopener\"><span style=\"font-weight: 400;\">Na Abela Cosmetics<\/span><\/a><span style=\"font-weight: 400;\"> existem os melhores produtos para o seu cabelo, com a escolha de ingredientes que s\u00e3o realmente eficazes e n\u00e3o prejudicam a sua sa\u00fade e a sa\u00fade do planeta.\u00a0<\/span><\/p>\n<p><span style=\"font-weight: 400;\">Todos os<\/span> <a href=\"https:\/\/www.lojaabelacosmetics.com\/\" target=\"_blank\" rel=\"noopener\"><span style=\"font-weight: 400;\">produtos da Abela Cosmetics<\/span><\/a><span style=\"font-weight: 400;\"> s\u00e3o livres de parabenos, petrolatos, silicones insol\u00faveis, \u00f3leo mineral, parafina e ativos de origem animal.\u00a0<\/span><\/p>\n<p>Produtos de qualidade, com um pre\u00e7o justo e que \u00e9 respons\u00e1vel com sua sa\u00fade e sa\u00fade do planeta, valem o investimento.<\/p>\n<p>&nbsp;<\/p>\n<p><img loading=\"lazy\" decoding=\"async\" class=\"alignnone wp-image-1810\" src=\"https:\/\/artigos.abelacosmetics.com\/wp-content\/uploads\/2022\/11\/1-2-300x169.png\" alt=\"\" width=\"948\" height=\"534\" srcset=\"https:\/\/artigos.abelacosmetics.com\/wp-content\/uploads\/2022\/11\/1-2-300x169.png 300w, https:\/\/artigos.abelacosmetics.com\/wp-content\/uploads\/2022\/11\/1-2-768x432.png 768w, https:\/\/artigos.abelacosmetics.com\/wp-content\/uploads\/2022\/11\/1-2-18x10.png 18w, https:\/\/artigos.abelacosmetics.com\/wp-content\/uploads\/2022\/11\/1-2.png 960w\" sizes=\"auto, (max-width: 948px) 100vw, 948px\" \/><\/p>","protected":false},"excerpt":{"rendered":"<p>&nbsp; &nbsp; Nos dias atuais as pessoas est\u00e3o cada vez mais empenhadas em saber sobre os produtos que utilizam e seus impactos \u00e0 sa\u00fade e ao planeta. Devido a isso, os produtos de beleza sustent\u00e1veis v\u00eam ganhando grande notoriedade no mercado. &nbsp; Os cosm\u00e9ticos sustent\u00e1veis possuem como princ\u00edpio b\u00e1sico n\u00e3o agredir o meio ambiente e [&hellip;]<\/p>","protected":false},"author":1,"featured_media":1817,"comment_status":"open","ping_status":"open","sticky":false,"template":"","format":"standard","meta":{"_acf_changed":false,"_mo_disable_npp":"","inline_featured_image":false,"footnotes":""},"categories":[32],"tags":[],"class_list":["post-1808","post","type-post","status-publish","format-standard","has-post-thumbnail","hentry","category-informacoes"],"acf":[],"yoast_head":"<!-- This site is optimized with the Yoast SEO Premium plugin v19.2.1 (Yoast SEO v26.9) - https:\/\/yoast.com\/product\/yoast-seo-premium-wordpress\/ -->\n<title>Por que utilizar produtos de beleza sustent\u00e1veis? - Abela Cosmetics<\/title>\n<meta name=\"description\" content=\"Voc\u00ea sabe o que \u00e9 produtos de beleza sustent\u00e1veis? Confira agora mesmo todos os benef\u00edcios desses cosm\u00e9ticos e se valem realmente a pena.\" \/>\n<meta name=\"robots\" content=\"index, follow, max-snippet:-1, max-image-preview:large, max-video-preview:-1\" \/>\n<link rel=\"canonical\" href=\"https:\/\/artigos.abelacosmetics.com\/es\/por-que-utilizar-produtos-de-beleza-sustentaveis\/\" \/>\n<meta property=\"og:locale\" content=\"es_ES\" \/>\n<meta property=\"og:type\" content=\"article\" \/>\n<meta property=\"og:title\" content=\"Por que utilizar produtos de beleza sustent\u00e1veis?\" \/>\n<meta property=\"og:description\" content=\"Voc\u00ea sabe o que \u00e9 produtos de beleza sustent\u00e1veis? Confira agora mesmo todos os benef\u00edcios desses cosm\u00e9ticos e se valem realmente a pena.\" \/>\n<meta property=\"og:url\" content=\"https:\/\/artigos.abelacosmetics.com\/es\/por-que-utilizar-produtos-de-beleza-sustentaveis\/\" \/>\n<meta property=\"og:site_name\" content=\"Abela Cosmetics\" \/>\n<meta property=\"article:publisher\" content=\"https:\/\/www.facebook.com\/abelacosmetics\" \/>\n<meta property=\"article:published_time\" content=\"2022-11-21T17:11:41+00:00\" \/>\n<meta property=\"article:modified_time\" content=\"2023-01-05T20:56:13+00:00\" \/>\n<meta property=\"og:image\" content=\"https:\/\/artigos.abelacosmetics.com\/wp-content\/uploads\/2022\/11\/imagem-do-Post-1.png\" \/>\n\t<meta property=\"og:image:width\" content=\"850\" \/>\n\t<meta property=\"og:image:height\" content=\"430\" \/>\n\t<meta property=\"og:image:type\" content=\"image\/png\" \/>\n<meta name=\"author\" content=\"admin\" \/>\n<meta name=\"twitter:card\" content=\"summary_large_image\" \/>\n<meta name=\"twitter:label1\" content=\"Escrito por\" \/>\n\t<meta name=\"twitter:data1\" content=\"admin\" \/>\n\t<meta name=\"twitter:label2\" content=\"Tiempo de lectura\" \/>\n\t<meta name=\"twitter:data2\" content=\"7 minutos\" \/>\n<script type=\"application\/ld+json\" class=\"yoast-schema-graph\">{\"@context\":\"https:\/\/schema.org\",\"@graph\":[{\"@type\":\"Article\",\"@id\":\"https:\/\/artigos.abelacosmetics.com\/por-que-utilizar-produtos-de-beleza-sustentaveis\/#article\",\"isPartOf\":{\"@id\":\"https:\/\/artigos.abelacosmetics.com\/por-que-utilizar-produtos-de-beleza-sustentaveis\/\"},\"author\":{\"name\":\"admin\",\"@id\":\"https:\/\/artigos.abelacosmetics.com\/#\/schema\/person\/675710be590edb47293978092f4e20f4\"},\"headline\":\"Por que utilizar produtos de beleza sustent\u00e1veis?\",\"datePublished\":\"2022-11-21T17:11:41+00:00\",\"dateModified\":\"2023-01-05T20:56:13+00:00\",\"mainEntityOfPage\":{\"@id\":\"https:\/\/artigos.abelacosmetics.com\/por-que-utilizar-produtos-de-beleza-sustentaveis\/\"},\"wordCount\":1176,\"commentCount\":0,\"publisher\":{\"@id\":\"https:\/\/artigos.abelacosmetics.com\/#organization\"},\"image\":{\"@id\":\"https:\/\/artigos.abelacosmetics.com\/por-que-utilizar-produtos-de-beleza-sustentaveis\/#primaryimage\"},\"thumbnailUrl\":\"https:\/\/artigos.abelacosmetics.com\/wp-content\/uploads\/2022\/11\/imagem-do-Post-1.png\",\"articleSection\":[\"Informa\u00e7\u00f5es\"],\"inLanguage\":\"es\",\"potentialAction\":[{\"@type\":\"CommentAction\",\"name\":\"Comment\",\"target\":[\"https:\/\/artigos.abelacosmetics.com\/por-que-utilizar-produtos-de-beleza-sustentaveis\/#respond\"]}]},{\"@type\":\"WebPage\",\"@id\":\"https:\/\/artigos.abelacosmetics.com\/por-que-utilizar-produtos-de-beleza-sustentaveis\/\",\"url\":\"https:\/\/artigos.abelacosmetics.com\/por-que-utilizar-produtos-de-beleza-sustentaveis\/\",\"name\":\"Por que utilizar produtos de beleza sustent\u00e1veis? - Abela Cosmetics\",\"isPartOf\":{\"@id\":\"https:\/\/artigos.abelacosmetics.com\/#website\"},\"primaryImageOfPage\":{\"@id\":\"https:\/\/artigos.abelacosmetics.com\/por-que-utilizar-produtos-de-beleza-sustentaveis\/#primaryimage\"},\"image\":{\"@id\":\"https:\/\/artigos.abelacosmetics.com\/por-que-utilizar-produtos-de-beleza-sustentaveis\/#primaryimage\"},\"thumbnailUrl\":\"https:\/\/artigos.abelacosmetics.com\/wp-content\/uploads\/2022\/11\/imagem-do-Post-1.png\",\"datePublished\":\"2022-11-21T17:11:41+00:00\",\"dateModified\":\"2023-01-05T20:56:13+00:00\",\"description\":\"Voc\u00ea sabe o que \u00e9 produtos de beleza sustent\u00e1veis? Confira agora mesmo todos os benef\u00edcios desses cosm\u00e9ticos e se valem realmente a pena.\",\"breadcrumb\":{\"@id\":\"https:\/\/artigos.abelacosmetics.com\/por-que-utilizar-produtos-de-beleza-sustentaveis\/#breadcrumb\"},\"inLanguage\":\"es\",\"potentialAction\":[{\"@type\":\"ReadAction\",\"target\":[\"https:\/\/artigos.abelacosmetics.com\/por-que-utilizar-produtos-de-beleza-sustentaveis\/\"]}]},{\"@type\":\"ImageObject\",\"inLanguage\":\"es\",\"@id\":\"https:\/\/artigos.abelacosmetics.com\/por-que-utilizar-produtos-de-beleza-sustentaveis\/#primaryimage\",\"url\":\"https:\/\/artigos.abelacosmetics.com\/wp-content\/uploads\/2022\/11\/imagem-do-Post-1.png\",\"contentUrl\":\"https:\/\/artigos.abelacosmetics.com\/wp-content\/uploads\/2022\/11\/imagem-do-Post-1.png\",\"width\":850,\"height\":430},{\"@type\":\"BreadcrumbList\",\"@id\":\"https:\/\/artigos.abelacosmetics.com\/por-que-utilizar-produtos-de-beleza-sustentaveis\/#breadcrumb\",\"itemListElement\":[{\"@type\":\"ListItem\",\"position\":1,\"name\":\"In\u00edcio\",\"item\":\"https:\/\/artigos.abelacosmetics.com\/\"},{\"@type\":\"ListItem\",\"position\":2,\"name\":\"Por que utilizar produtos de beleza sustent\u00e1veis?\"}]},{\"@type\":\"WebSite\",\"@id\":\"https:\/\/artigos.abelacosmetics.com\/#website\",\"url\":\"https:\/\/artigos.abelacosmetics.com\/\",\"name\":\"Abela Cosmetics\",\"description\":\"Cuidados para Cabelos \u00danicos\",\"publisher\":{\"@id\":\"https:\/\/artigos.abelacosmetics.com\/#organization\"},\"potentialAction\":[{\"@type\":\"SearchAction\",\"target\":{\"@type\":\"EntryPoint\",\"urlTemplate\":\"https:\/\/artigos.abelacosmetics.com\/?s={search_term_string}\"},\"query-input\":{\"@type\":\"PropertyValueSpecification\",\"valueRequired\":true,\"valueName\":\"search_term_string\"}}],\"inLanguage\":\"es\"},{\"@type\":\"Organization\",\"@id\":\"https:\/\/artigos.abelacosmetics.com\/#organization\",\"name\":\"Abela Cosmetics\",\"url\":\"https:\/\/artigos.abelacosmetics.com\/\",\"logo\":{\"@type\":\"ImageObject\",\"inLanguage\":\"es\",\"@id\":\"https:\/\/artigos.abelacosmetics.com\/#\/schema\/logo\/image\/\",\"url\":\"https:\/\/artigos.abelacosmetics.com\/wp-content\/uploads\/2023\/02\/logo-abela.png\",\"contentUrl\":\"https:\/\/artigos.abelacosmetics.com\/wp-content\/uploads\/2023\/02\/logo-abela.png\",\"width\":183,\"height\":90,\"caption\":\"Abela Cosmetics\"},\"image\":{\"@id\":\"https:\/\/artigos.abelacosmetics.com\/#\/schema\/logo\/image\/\"},\"sameAs\":[\"https:\/\/www.facebook.com\/abelacosmetics\"]},{\"@type\":\"Person\",\"@id\":\"https:\/\/artigos.abelacosmetics.com\/#\/schema\/person\/675710be590edb47293978092f4e20f4\",\"name\":\"admin\",\"image\":{\"@type\":\"ImageObject\",\"inLanguage\":\"es\",\"@id\":\"https:\/\/artigos.abelacosmetics.com\/#\/schema\/person\/image\/\",\"url\":\"https:\/\/secure.gravatar.com\/avatar\/ce9ccc2de538d30bcc33874c5a730e8e078e64fce402cb3cf0668a7439a0e654?s=96&d=mm&r=g\",\"contentUrl\":\"https:\/\/secure.gravatar.com\/avatar\/ce9ccc2de538d30bcc33874c5a730e8e078e64fce402cb3cf0668a7439a0e654?s=96&d=mm&r=g\",\"caption\":\"admin\"},\"sameAs\":[\"http:\/\/localhost\/abela-cosmetic\"],\"url\":\"https:\/\/artigos.abelacosmetics.com\/es\/author\/admin\/\"}]}<\/script>\n<!-- \/ Yoast SEO Premium plugin. -->","yoast_head_json":{"title":"Por que utilizar produtos de beleza sustent\u00e1veis? - Abela Cosmetics","description":"Voc\u00ea sabe o que \u00e9 produtos de beleza sustent\u00e1veis? Confira agora mesmo todos os benef\u00edcios desses cosm\u00e9ticos e se valem realmente a pena.","robots":{"index":"index","follow":"follow","max-snippet":"max-snippet:-1","max-image-preview":"max-image-preview:large","max-video-preview":"max-video-preview:-1"},"canonical":"https:\/\/artigos.abelacosmetics.com\/es\/por-que-utilizar-produtos-de-beleza-sustentaveis\/","og_locale":"es_ES","og_type":"article","og_title":"Por que utilizar produtos de beleza sustent\u00e1veis?","og_description":"Voc\u00ea sabe o que \u00e9 produtos de beleza sustent\u00e1veis? Confira agora mesmo todos os benef\u00edcios desses cosm\u00e9ticos e se valem realmente a pena.","og_url":"https:\/\/artigos.abelacosmetics.com\/es\/por-que-utilizar-produtos-de-beleza-sustentaveis\/","og_site_name":"Abela Cosmetics","article_publisher":"https:\/\/www.facebook.com\/abelacosmetics","article_published_time":"2022-11-21T17:11:41+00:00","article_modified_time":"2023-01-05T20:56:13+00:00","og_image":[{"width":850,"height":430,"url":"https:\/\/artigos.abelacosmetics.com\/wp-content\/uploads\/2022\/11\/imagem-do-Post-1.png","type":"image\/png"}],"author":"admin","twitter_card":"summary_large_image","twitter_misc":{"Escrito por":"admin","Tiempo de lectura":"7 minutos"},"schema":{"@context":"https:\/\/schema.org","@graph":[{"@type":"Article","@id":"https:\/\/artigos.abelacosmetics.com\/por-que-utilizar-produtos-de-beleza-sustentaveis\/#article","isPartOf":{"@id":"https:\/\/artigos.abelacosmetics.com\/por-que-utilizar-produtos-de-beleza-sustentaveis\/"},"author":{"name":"admin","@id":"https:\/\/artigos.abelacosmetics.com\/#\/schema\/person\/675710be590edb47293978092f4e20f4"},"headline":"Por que utilizar produtos de beleza sustent\u00e1veis?","datePublished":"2022-11-21T17:11:41+00:00","dateModified":"2023-01-05T20:56:13+00:00","mainEntityOfPage":{"@id":"https:\/\/artigos.abelacosmetics.com\/por-que-utilizar-produtos-de-beleza-sustentaveis\/"},"wordCount":1176,"commentCount":0,"publisher":{"@id":"https:\/\/artigos.abelacosmetics.com\/#organization"},"image":{"@id":"https:\/\/artigos.abelacosmetics.com\/por-que-utilizar-produtos-de-beleza-sustentaveis\/#primaryimage"},"thumbnailUrl":"https:\/\/artigos.abelacosmetics.com\/wp-content\/uploads\/2022\/11\/imagem-do-Post-1.png","articleSection":["Informa\u00e7\u00f5es"],"inLanguage":"es","potentialAction":[{"@type":"CommentAction","name":"Comment","target":["https:\/\/artigos.abelacosmetics.com\/por-que-utilizar-produtos-de-beleza-sustentaveis\/#respond"]}]},{"@type":"WebPage","@id":"https:\/\/artigos.abelacosmetics.com\/por-que-utilizar-produtos-de-beleza-sustentaveis\/","url":"https:\/\/artigos.abelacosmetics.com\/por-que-utilizar-produtos-de-beleza-sustentaveis\/","name":"Por que utilizar produtos de beleza sustent\u00e1veis? - Abela Cosmetics","isPartOf":{"@id":"https:\/\/artigos.abelacosmetics.com\/#website"},"primaryImageOfPage":{"@id":"https:\/\/artigos.abelacosmetics.com\/por-que-utilizar-produtos-de-beleza-sustentaveis\/#primaryimage"},"image":{"@id":"https:\/\/artigos.abelacosmetics.com\/por-que-utilizar-produtos-de-beleza-sustentaveis\/#primaryimage"},"thumbnailUrl":"https:\/\/artigos.abelacosmetics.com\/wp-content\/uploads\/2022\/11\/imagem-do-Post-1.png","datePublished":"2022-11-21T17:11:41+00:00","dateModified":"2023-01-05T20:56:13+00:00","description":"Voc\u00ea sabe o que \u00e9 produtos de beleza sustent\u00e1veis? Confira agora mesmo todos os benef\u00edcios desses cosm\u00e9ticos e se valem realmente a pena.","breadcrumb":{"@id":"https:\/\/artigos.abelacosmetics.com\/por-que-utilizar-produtos-de-beleza-sustentaveis\/#breadcrumb"},"inLanguage":"es","potentialAction":[{"@type":"ReadAction","target":["https:\/\/artigos.abelacosmetics.com\/por-que-utilizar-produtos-de-beleza-sustentaveis\/"]}]},{"@type":"ImageObject","inLanguage":"es","@id":"https:\/\/artigos.abelacosmetics.com\/por-que-utilizar-produtos-de-beleza-sustentaveis\/#primaryimage","url":"https:\/\/artigos.abelacosmetics.com\/wp-content\/uploads\/2022\/11\/imagem-do-Post-1.png","contentUrl":"https:\/\/artigos.abelacosmetics.com\/wp-content\/uploads\/2022\/11\/imagem-do-Post-1.png","width":850,"height":430},{"@type":"BreadcrumbList","@id":"https:\/\/artigos.abelacosmetics.com\/por-que-utilizar-produtos-de-beleza-sustentaveis\/#breadcrumb","itemListElement":[{"@type":"ListItem","position":1,"name":"In\u00edcio","item":"https:\/\/artigos.abelacosmetics.com\/"},{"@type":"ListItem","position":2,"name":"Por que utilizar produtos de beleza sustent\u00e1veis?"}]},{"@type":"WebSite","@id":"https:\/\/artigos.abelacosmetics.com\/#website","url":"https:\/\/artigos.abelacosmetics.com\/","name":"Abela Cosmetics","description":"Cuidados para Cabelos \u00danicos","publisher":{"@id":"https:\/\/artigos.abelacosmetics.com\/#organization"},"potentialAction":[{"@type":"SearchAction","target":{"@type":"EntryPoint","urlTemplate":"https:\/\/artigos.abelacosmetics.com\/?s={search_term_string}"},"query-input":{"@type":"PropertyValueSpecification","valueRequired":true,"valueName":"search_term_string"}}],"inLanguage":"es"},{"@type":"Organization","@id":"https:\/\/artigos.abelacosmetics.com\/#organization","name":"Abela Cosmetics","url":"https:\/\/artigos.abelacosmetics.com\/","logo":{"@type":"ImageObject","inLanguage":"es","@id":"https:\/\/artigos.abelacosmetics.com\/#\/schema\/logo\/image\/","url":"https:\/\/artigos.abelacosmetics.com\/wp-content\/uploads\/2023\/02\/logo-abela.png","contentUrl":"https:\/\/artigos.abelacosmetics.com\/wp-content\/uploads\/2023\/02\/logo-abela.png","width":183,"height":90,"caption":"Abela Cosmetics"},"image":{"@id":"https:\/\/artigos.abelacosmetics.com\/#\/schema\/logo\/image\/"},"sameAs":["https:\/\/www.facebook.com\/abelacosmetics"]},{"@type":"Person","@id":"https:\/\/artigos.abelacosmetics.com\/#\/schema\/person\/675710be590edb47293978092f4e20f4","name":"admin","image":{"@type":"ImageObject","inLanguage":"es","@id":"https:\/\/artigos.abelacosmetics.com\/#\/schema\/person\/image\/","url":"https:\/\/secure.gravatar.com\/avatar\/ce9ccc2de538d30bcc33874c5a730e8e078e64fce402cb3cf0668a7439a0e654?s=96&d=mm&r=g","contentUrl":"https:\/\/secure.gravatar.com\/avatar\/ce9ccc2de538d30bcc33874c5a730e8e078e64fce402cb3cf0668a7439a0e654?s=96&d=mm&r=g","caption":"admin"},"sameAs":["http:\/\/localhost\/abela-cosmetic"],"url":"https:\/\/artigos.abelacosmetics.com\/es\/author\/admin\/"}]}},"_links":{"self":[{"href":"https:\/\/artigos.abelacosmetics.com\/es\/wp-json\/wp\/v2\/posts\/1808","targetHints":{"allow":["GET"]}}],"collection":[{"href":"https:\/\/artigos.abelacosmetics.com\/es\/wp-json\/wp\/v2\/posts"}],"about":[{"href":"https:\/\/artigos.abelacosmetics.com\/es\/wp-json\/wp\/v2\/types\/post"}],"author":[{"embeddable":true,"href":"https:\/\/artigos.abelacosmetics.com\/es\/wp-json\/wp\/v2\/users\/1"}],"replies":[{"embeddable":true,"href":"https:\/\/artigos.abelacosmetics.com\/es\/wp-json\/wp\/v2\/comments?post=1808"}],"version-history":[{"count":6,"href":"https:\/\/artigos.abelacosmetics.com\/es\/wp-json\/wp\/v2\/posts\/1808\/revisions"}],"predecessor-version":[{"id":2229,"href":"https:\/\/artigos.abelacosmetics.com\/es\/wp-json\/wp\/v2\/posts\/1808\/revisions\/2229"}],"wp:featuredmedia":[{"embeddable":true,"href":"https:\/\/artigos.abelacosmetics.com\/es\/wp-json\/wp\/v2\/media\/1817"}],"wp:attachment":[{"href":"https:\/\/artigos.abelacosmetics.com\/es\/wp-json\/wp\/v2\/media?parent=1808"}],"wp:term":[{"taxonomy":"category","embeddable":true,"href":"https:\/\/artigos.abelacosmetics.com\/es\/wp-json\/wp\/v2\/categories?post=1808"},{"taxonomy":"post_tag","embeddable":true,"href":"https:\/\/artigos.abelacosmetics.com\/es\/wp-json\/wp\/v2\/tags?post=1808"}],"curies":[{"name":"wp","href":"https:\/\/api.w.org\/{rel}","templated":true}]}}