{"id":1797,"date":"2022-11-21T13:16:37","date_gmt":"2022-11-21T16:16:37","guid":{"rendered":"https:\/\/artigos.abelacosmetics.com\/?p=1797"},"modified":"2023-01-05T17:56:17","modified_gmt":"2023-01-05T20:56:17","slug":"evitar-cabelho-encolhendo","status":"publish","type":"post","link":"https:\/\/artigos.abelacosmetics.com\/es\/evitar-cabelho-encolhendo\/","title":{"rendered":"Voc\u00ea sabia que seu cabelo pode encolher? Veja como evitar."},"content":{"rendered":"<p>&nbsp;<\/p>\n<p>&nbsp;<\/p>\n<p>Voc\u00ea sabe o que significa Fator Encolhimento? Fen\u00f4meno muito comum nas crespas e cacheadas, significa que seu <strong>cabelo pode encolher<\/strong>. Apesar de ser natural, devido a curvatura do cabelo, muitas mulheres se incomodam e buscam maneiras de evitar o encolhimento.<\/p>\n<audio class=\"wp-audio-shortcode\" id=\"audio-1797-1\" preload=\"none\" style=\"width: 100%;\" controls=\"controls\"><source type=\"audio\/mpeg\" src=\"https:\/\/artigos.abelacosmetics.com\/wp-content\/uploads\/2022\/11\/FATOR-ENCOLHIMENTO.mp3?_=1\" \/><a href=\"https:\/\/artigos.abelacosmetics.com\/wp-content\/uploads\/2022\/11\/FATOR-ENCOLHIMENTO.mp3\">https:\/\/artigos.abelacosmetics.com\/wp-content\/uploads\/2022\/11\/FATOR-ENCOLHIMENTO.mp3<\/a><\/audio>\n<p>&nbsp;<\/p>\n<p>Durante esse artigo voc\u00ea vai poder conferir as principais causas que provocam o fato encolhimento e as maneiras mais eficazes de evitar. Continue a leitura at\u00e9 o final e n\u00e3o perca as dicas!<\/p>\n<p>&nbsp;<\/p>\n<p>&nbsp;<\/p>\n<h2>O que \u00e9 fator encolhimento?<\/h2>\n<p>O fator encolhimento \u00e9 um efeito natural que faz com que os cabelos cacheados e crespos retraem e diminuem a apar\u00eancia do seu tamanho. Esse fen\u00f4meno acontece devido \u00e0 curvatura dos fios cacheados, que impossibilita o crescimento vertical dos fios, e promove o crescimento em curvas.<\/p>\n<p>&nbsp;<\/p>\n<p>Nessa linha de racioc\u00ednio fica f\u00e1cil compreender o motivo que causa um maior encolhimento nos cachos mais fechados, podendo encolher at\u00e9 80% do tamanho real do cabelo. Na maioria das vezes, o fator encolhimento pode ser observado ap\u00f3s a lavagem e a finaliza\u00e7\u00e3o dos fios.<\/p>\n<p>&nbsp;<\/p>\n<p>Enquanto o cabelo est\u00e1 molhado, quando penteados os fios se esticam e mostram o seu tamanho natural, \u00e0 medida que v\u00e3o secando, os cachos come\u00e7am a encolher. Por causa disso, muitas mulheres come\u00e7am a pensar que o seu cabelo est\u00e1 com problema de crescimento.<\/p>\n<p>&nbsp;<\/p>\n<p>Por\u00e9m, fique tranquila, n\u00e3o precisa se desesperar, seu cabelo n\u00e3o parou de crescer, ele s\u00f3 est\u00e1 passando pelo fator encolhimento. Al\u00e9m disso, \u00e9 importante lembrar que \u00e9 uma caracter\u00edstica natural das suas madeixas, voc\u00ea precisa aprender a conviver com ela e procurar maneiras de evitar esse efeito, caso se incomode.<\/p>\n<p>&nbsp;<\/p>\n<p>Vamos conferir as melhores maneiras de evitar esse efeito?<\/p>\n<p><img loading=\"lazy\" decoding=\"async\" class=\"alignnone wp-image-1800\" src=\"https:\/\/artigos.abelacosmetics.com\/wp-content\/uploads\/2022\/11\/2-1-300x169.png\" alt=\"\" width=\"802\" height=\"452\" srcset=\"https:\/\/artigos.abelacosmetics.com\/wp-content\/uploads\/2022\/11\/2-1-300x169.png 300w, https:\/\/artigos.abelacosmetics.com\/wp-content\/uploads\/2022\/11\/2-1-768x432.png 768w, https:\/\/artigos.abelacosmetics.com\/wp-content\/uploads\/2022\/11\/2-1-18x10.png 18w, https:\/\/artigos.abelacosmetics.com\/wp-content\/uploads\/2022\/11\/2-1.png 960w\" sizes=\"auto, (max-width: 802px) 100vw, 802px\" \/><\/p>\n<h2>Como evitar esse efeito?<\/h2>\n<p>&nbsp;<\/p>\n<p>Quem \u00e9 cacheada ou crespa vive o dilema de procurar maneiras de driblar o fator encolhimento, pensando nisso, separamos a seguir as melhores dicas para voc\u00ea realizar a\u00ed da sua casa. Confira:<\/p>\n<h3>Escolha o produto adequado para seu fio<\/h3>\n<p>&nbsp;<\/p>\n<p>Escolher o produto certo \u00e9 uma das principais quest\u00f5es para evitar o fator encolhimento. Ao escolher um produto mais consistente do que o necess\u00e1rio para seu fio, voc\u00ea vai provocar um maior encolhimento.<\/p>\n<p>&nbsp;<\/p>\n<p>Isso acontece porque os cachos v\u00e3o ficar mais definidos e mais retidos. Ao escolher um produto leve demais, ele pode ficar sem defini\u00e7\u00e3o e com muito frizz. Por isso \u00e9 importante voc\u00ea saber a necessidade do seu cabelo, conhecer suas madeixas e utilizar o produto adequado.<\/p>\n<p>&nbsp;<\/p>\n<p>O ideal \u00e9 voc\u00ea primeiro descobrir a necessidade do seus cachos e saber como ele reage com cada produto. Assim, voc\u00ea pode optar por um produto finalizador que n\u00e3o pese demais os fios e nem deixe ele sem defini\u00e7\u00e3o e com frizz. Deixando seus cachos soltos e definidos.<\/p>\n<p>&nbsp;<\/p>\n<p>Na Abela Cosmetics existe uma enorme variedade de produtos, para todos os tipos de cabelo. Desde Shampoos, Condicionadores, M\u00e1scaras de tratamento e Finalizadores. \u00c9 fundamental que seu cabelo esteja limpo e saud\u00e1vel, sendo tratado regularmente com os nutrientes que precisa, para que a finaliza\u00e7\u00e3o fique bonita.<\/p>\n<p>&nbsp;<\/p>\n<p><u><a href=\"https:\/\/artigos.abelacosmetics.com\/es\/produtos\/\" target=\"_blank\" rel=\"noopener\">Confira agora mesmo todas as op\u00e7\u00f5es que Abela<\/a><\/u> possui e escolha a linha que atenda \u00e0s suas necessidades. Vale lembrar que todos os produtos da Abela s\u00e3o livres de parabenos, petrolatos, silicones insol\u00faveis, \u00f3leo mineral, parafina e ativos de origem animal. Os produtos que de fato se preocupam com a sa\u00fade dos seus fios e com a natureza.<\/p>\n<p>&nbsp;<\/p>\n<p><img loading=\"lazy\" decoding=\"async\" class=\"alignnone wp-image-1802\" src=\"https:\/\/artigos.abelacosmetics.com\/wp-content\/uploads\/2022\/11\/4-1-300x169.png\" alt=\"\" width=\"808\" height=\"455\" srcset=\"https:\/\/artigos.abelacosmetics.com\/wp-content\/uploads\/2022\/11\/4-1-300x169.png 300w, https:\/\/artigos.abelacosmetics.com\/wp-content\/uploads\/2022\/11\/4-1-768x432.png 768w, https:\/\/artigos.abelacosmetics.com\/wp-content\/uploads\/2022\/11\/4-1-18x10.png 18w, https:\/\/artigos.abelacosmetics.com\/wp-content\/uploads\/2022\/11\/4-1.png 960w\" sizes=\"auto, (max-width: 808px) 100vw, 808px\" \/><\/p>\n<h3>Aposte em finaliza\u00e7\u00f5es elaboradas<\/h3>\n<p>Existem algumas finaliza\u00e7\u00f5es que ajudam muito para evitar o fator encolhimento, separamos algumas para voc\u00ea conferir:<\/p>\n<p>&nbsp;<\/p>\n<ul>\n<li>Fitagem esticada<\/li>\n<\/ul>\n<p>&nbsp;<\/p>\n<p>A fitagem \u00e9 uma t\u00e9cnica muito comum no mundo das crespas e cacheadas. Se voc\u00ea ainda n\u00e3o conhece, ela consiste na separa\u00e7\u00e3o dos fios em fitas de forma que facilite a forma\u00e7\u00e3o dos cachos.<\/p>\n<p>&nbsp;<\/p>\n<p>Dessa maneira, para evitar que os fios encurtem, experimente fazer a fitagem esticada, ap\u00f3s separar os fios estique-os um pouco. Assim, quando os fios come\u00e7arem a secar, os cachos n\u00e3o v\u00e3o estar t\u00e3o fechados, o que diminui consideravelmente o fator encolhimento.<\/p>\n<p>&nbsp;<\/p>\n<p>&nbsp;<\/p>\n<ul>\n<li>Uso de secador\/ difusor<\/li>\n<\/ul>\n<p>Se voc\u00ea conta com o aux\u00edlio de um secador\/ difusor na hora de secar as madeixas, confira se voc\u00ea n\u00e3o est\u00e1 utilizando ele da maneira errada.<\/p>\n<p>Caso voc\u00ea esteja procurando maneiras de evitar o fator encolhimento, n\u00e3o utilize o difusor de baixo para cima e aperte os cachos com a m\u00e3o. Essa \u00e9 uma maravilhosa t\u00e9cnica para quem procura muita defini\u00e7\u00e3o, para quem quer evitar o encolhimento dos fios, n\u00e3o \u00e9 uma boa escolha.<\/p>\n<p>Para valorizar o comprimento do seus cachos, confira as dicas a seguir:<\/p>\n<ul>\n<li>Antes de iniciar, aplique protetor t\u00e9rmico para evitar danos ao cabelo;<\/li>\n<li>Inicie a secagem dos fios de cima para baixo, das raiz at\u00e9 as pontas, com o secador em p\u00e9;<\/li>\n<li>Ao secar os fios, use os dedos para esticar os cachos, puxando delicadamente para mechas para baixo. Repita o processo at\u00e9 o cabelo secar completamente.<\/li>\n<\/ul>\n<p>Vale lembrar que essa dica tamb\u00e9m serve para quem utiliza o secador para secar fios cacheados e crespos, sem o bico do difusor. N\u00e3o esque\u00e7a de conferir a temperatura e a velocidade do vento para n\u00e3o danificar os fios ou causar frizz.<\/p>\n<ul>\n<li>Solte os fios com pente garfo ou com as m\u00e3os<\/li>\n<\/ul>\n<p>A principal dica e a mais conhecida, pode ser utilizada para soltar a raiz e o comprimento do cabelo depois que os fios j\u00e1 est\u00e3o secos. Voc\u00ea deve utilizar o pente garfo ou a m\u00e3o (ou ambos) para ajudar a soltar os fios, puxando delicadamente para baixo.<\/p>\n<p>Voc\u00ea tamb\u00e9m pode soltar a raiz com o aux\u00edlio dos dedos, levando os fios pr\u00f3ximos ao couro cabeludo. Essa t\u00e9cnica \u00e9 incr\u00edvel para utilizar na soltura dos cachos e favorecer o comprimento dos fios.<\/p>\n<p>Para reduzir os frios e n\u00e3o deixar os cachos sem brilho, utilize um pouco de \u00f3leo capilar nas m\u00e3os para fazer a t\u00e9cnica.<\/p>\n<p>Gostou de aprender dicas pr\u00e1ticas e eficientes para ajudar na sa\u00fade dos seus fios?\u00a0 Compartilhe este conte\u00fado com uma amiga que tamb\u00e9m est\u00e1 necessitando dessas informa\u00e7\u00f5es.<\/p>\n<p>T\u00e1 esperando o que para come\u00e7ar a colocar essas dicas em pr\u00e1tica? <u><a href=\"https:\/\/www.lojaabelacosmetics.com\/finalizador-antiencolhimento-350g\" target=\"_blank\" rel=\"noopener\">Clique aqui e confira o finalizador da Abela Cosmetics Anti Encolhimento com prote\u00e7\u00e3o t\u00e9rmica e realce a beleza dos seus cachos! N\u00e3o perca tempo.<\/a><\/u><\/p>\n<p>&nbsp;<\/p>\n<p><img loading=\"lazy\" decoding=\"async\" class=\"alignnone wp-image-1799\" src=\"https:\/\/artigos.abelacosmetics.com\/wp-content\/uploads\/2022\/11\/1-1-300x169.png\" alt=\"\" width=\"882\" height=\"497\" srcset=\"https:\/\/artigos.abelacosmetics.com\/wp-content\/uploads\/2022\/11\/1-1-300x169.png 300w, https:\/\/artigos.abelacosmetics.com\/wp-content\/uploads\/2022\/11\/1-1-768x432.png 768w, https:\/\/artigos.abelacosmetics.com\/wp-content\/uploads\/2022\/11\/1-1-18x10.png 18w, https:\/\/artigos.abelacosmetics.com\/wp-content\/uploads\/2022\/11\/1-1.png 960w\" sizes=\"auto, (max-width: 882px) 100vw, 882px\" \/><\/p>","protected":false},"excerpt":{"rendered":"<p>&nbsp; &nbsp; Voc\u00ea sabe o que significa Fator Encolhimento? Fen\u00f4meno muito comum nas crespas e cacheadas, significa que seu cabelo pode encolher. Apesar de ser natural, devido a curvatura do cabelo, muitas mulheres se incomodam e buscam maneiras de evitar o encolhimento. &nbsp; Durante esse artigo voc\u00ea vai poder conferir as principais causas que provocam [&hellip;]<\/p>","protected":false},"author":1,"featured_media":1805,"comment_status":"open","ping_status":"open","sticky":false,"template":"","format":"standard","meta":{"_acf_changed":false,"_mo_disable_npp":"","inline_featured_image":false,"footnotes":""},"categories":[33,30,1],"tags":[],"class_list":["post-1797","post","type-post","status-publish","format-standard","has-post-thumbnail","hentry","category-estilo","category-conheca-seus-cabelos","category-novidades"],"acf":[],"yoast_head":"<!-- This site is optimized with the Yoast SEO Premium plugin v19.2.1 (Yoast SEO v26.9) - https:\/\/yoast.com\/product\/yoast-seo-premium-wordpress\/ -->\n<title>Voc\u00ea sabia que seu cabelo pode encolher? Veja como evitar. - Abela Cosmetics<\/title>\n<meta name=\"description\" content=\"Voc\u00ea sabia que seu cabelo pode encolher? Saiba agora mesmo o porque isso acontece e confira as principais dicas para evitar essa situa\u00e7\u00e3o.\" \/>\n<meta name=\"robots\" content=\"index, follow, max-snippet:-1, max-image-preview:large, max-video-preview:-1\" \/>\n<link rel=\"canonical\" href=\"https:\/\/artigos.abelacosmetics.com\/es\/evitar-cabelho-encolhendo\/\" \/>\n<meta property=\"og:locale\" content=\"es_ES\" \/>\n<meta property=\"og:type\" content=\"article\" \/>\n<meta property=\"og:title\" content=\"Voc\u00ea sabia que seu cabelo pode encolher? Veja como evitar.\" \/>\n<meta property=\"og:description\" content=\"Voc\u00ea sabia que seu cabelo pode encolher? Saiba agora mesmo o porque isso acontece e confira as principais dicas para evitar essa situa\u00e7\u00e3o.\" \/>\n<meta property=\"og:url\" content=\"https:\/\/artigos.abelacosmetics.com\/es\/evitar-cabelho-encolhendo\/\" \/>\n<meta property=\"og:site_name\" content=\"Abela Cosmetics\" \/>\n<meta property=\"article:publisher\" content=\"https:\/\/www.facebook.com\/abelacosmetics\" \/>\n<meta property=\"article:published_time\" content=\"2022-11-21T16:16:37+00:00\" \/>\n<meta property=\"article:modified_time\" content=\"2023-01-05T20:56:17+00:00\" \/>\n<meta property=\"og:image\" content=\"https:\/\/artigos.abelacosmetics.com\/wp-content\/uploads\/2022\/11\/imagem-do-Post.png\" \/>\n\t<meta property=\"og:image:width\" content=\"850\" \/>\n\t<meta property=\"og:image:height\" content=\"430\" \/>\n\t<meta property=\"og:image:type\" content=\"image\/png\" \/>\n<meta name=\"author\" content=\"admin\" \/>\n<meta name=\"twitter:card\" content=\"summary_large_image\" \/>\n<meta name=\"twitter:label1\" content=\"Escrito por\" \/>\n\t<meta name=\"twitter:data1\" content=\"admin\" \/>\n\t<meta name=\"twitter:label2\" content=\"Tiempo de lectura\" \/>\n\t<meta name=\"twitter:data2\" content=\"7 minutos\" \/>\n<script type=\"application\/ld+json\" class=\"yoast-schema-graph\">{\"@context\":\"https:\/\/schema.org\",\"@graph\":[{\"@type\":\"Article\",\"@id\":\"https:\/\/artigos.abelacosmetics.com\/evitar-cabelho-encolhendo\/#article\",\"isPartOf\":{\"@id\":\"https:\/\/artigos.abelacosmetics.com\/evitar-cabelho-encolhendo\/\"},\"author\":{\"name\":\"admin\",\"@id\":\"https:\/\/artigos.abelacosmetics.com\/#\/schema\/person\/675710be590edb47293978092f4e20f4\"},\"headline\":\"Voc\u00ea sabia que seu cabelo pode encolher? Veja como evitar.\",\"datePublished\":\"2022-11-21T16:16:37+00:00\",\"dateModified\":\"2023-01-05T20:56:17+00:00\",\"mainEntityOfPage\":{\"@id\":\"https:\/\/artigos.abelacosmetics.com\/evitar-cabelho-encolhendo\/\"},\"wordCount\":1106,\"commentCount\":0,\"publisher\":{\"@id\":\"https:\/\/artigos.abelacosmetics.com\/#organization\"},\"image\":{\"@id\":\"https:\/\/artigos.abelacosmetics.com\/evitar-cabelho-encolhendo\/#primaryimage\"},\"thumbnailUrl\":\"https:\/\/artigos.abelacosmetics.com\/wp-content\/uploads\/2022\/11\/imagem-do-Post.png\",\"articleSection\":[\"Estilo\",\"Conhe\u00e7a seus cabelos\",\"Novidades\"],\"inLanguage\":\"es\",\"potentialAction\":[{\"@type\":\"CommentAction\",\"name\":\"Comment\",\"target\":[\"https:\/\/artigos.abelacosmetics.com\/evitar-cabelho-encolhendo\/#respond\"]}]},{\"@type\":\"WebPage\",\"@id\":\"https:\/\/artigos.abelacosmetics.com\/evitar-cabelho-encolhendo\/\",\"url\":\"https:\/\/artigos.abelacosmetics.com\/evitar-cabelho-encolhendo\/\",\"name\":\"Voc\u00ea sabia que seu cabelo pode encolher? Veja como evitar. - Abela Cosmetics\",\"isPartOf\":{\"@id\":\"https:\/\/artigos.abelacosmetics.com\/#website\"},\"primaryImageOfPage\":{\"@id\":\"https:\/\/artigos.abelacosmetics.com\/evitar-cabelho-encolhendo\/#primaryimage\"},\"image\":{\"@id\":\"https:\/\/artigos.abelacosmetics.com\/evitar-cabelho-encolhendo\/#primaryimage\"},\"thumbnailUrl\":\"https:\/\/artigos.abelacosmetics.com\/wp-content\/uploads\/2022\/11\/imagem-do-Post.png\",\"datePublished\":\"2022-11-21T16:16:37+00:00\",\"dateModified\":\"2023-01-05T20:56:17+00:00\",\"description\":\"Voc\u00ea sabia que seu cabelo pode encolher? Saiba agora mesmo o porque isso acontece e confira as principais dicas para evitar essa situa\u00e7\u00e3o.\",\"breadcrumb\":{\"@id\":\"https:\/\/artigos.abelacosmetics.com\/evitar-cabelho-encolhendo\/#breadcrumb\"},\"inLanguage\":\"es\",\"potentialAction\":[{\"@type\":\"ReadAction\",\"target\":[\"https:\/\/artigos.abelacosmetics.com\/evitar-cabelho-encolhendo\/\"]}]},{\"@type\":\"ImageObject\",\"inLanguage\":\"es\",\"@id\":\"https:\/\/artigos.abelacosmetics.com\/evitar-cabelho-encolhendo\/#primaryimage\",\"url\":\"https:\/\/artigos.abelacosmetics.com\/wp-content\/uploads\/2022\/11\/imagem-do-Post.png\",\"contentUrl\":\"https:\/\/artigos.abelacosmetics.com\/wp-content\/uploads\/2022\/11\/imagem-do-Post.png\",\"width\":850,\"height\":430},{\"@type\":\"BreadcrumbList\",\"@id\":\"https:\/\/artigos.abelacosmetics.com\/evitar-cabelho-encolhendo\/#breadcrumb\",\"itemListElement\":[{\"@type\":\"ListItem\",\"position\":1,\"name\":\"In\u00edcio\",\"item\":\"https:\/\/artigos.abelacosmetics.com\/\"},{\"@type\":\"ListItem\",\"position\":2,\"name\":\"Voc\u00ea sabia que seu cabelo pode encolher? Veja como evitar.\"}]},{\"@type\":\"WebSite\",\"@id\":\"https:\/\/artigos.abelacosmetics.com\/#website\",\"url\":\"https:\/\/artigos.abelacosmetics.com\/\",\"name\":\"Abela Cosmetics\",\"description\":\"Cuidados para Cabelos \u00danicos\",\"publisher\":{\"@id\":\"https:\/\/artigos.abelacosmetics.com\/#organization\"},\"potentialAction\":[{\"@type\":\"SearchAction\",\"target\":{\"@type\":\"EntryPoint\",\"urlTemplate\":\"https:\/\/artigos.abelacosmetics.com\/?s={search_term_string}\"},\"query-input\":{\"@type\":\"PropertyValueSpecification\",\"valueRequired\":true,\"valueName\":\"search_term_string\"}}],\"inLanguage\":\"es\"},{\"@type\":\"Organization\",\"@id\":\"https:\/\/artigos.abelacosmetics.com\/#organization\",\"name\":\"Abela Cosmetics\",\"url\":\"https:\/\/artigos.abelacosmetics.com\/\",\"logo\":{\"@type\":\"ImageObject\",\"inLanguage\":\"es\",\"@id\":\"https:\/\/artigos.abelacosmetics.com\/#\/schema\/logo\/image\/\",\"url\":\"https:\/\/artigos.abelacosmetics.com\/wp-content\/uploads\/2023\/02\/logo-abela.png\",\"contentUrl\":\"https:\/\/artigos.abelacosmetics.com\/wp-content\/uploads\/2023\/02\/logo-abela.png\",\"width\":183,\"height\":90,\"caption\":\"Abela Cosmetics\"},\"image\":{\"@id\":\"https:\/\/artigos.abelacosmetics.com\/#\/schema\/logo\/image\/\"},\"sameAs\":[\"https:\/\/www.facebook.com\/abelacosmetics\"]},{\"@type\":\"Person\",\"@id\":\"https:\/\/artigos.abelacosmetics.com\/#\/schema\/person\/675710be590edb47293978092f4e20f4\",\"name\":\"admin\",\"image\":{\"@type\":\"ImageObject\",\"inLanguage\":\"es\",\"@id\":\"https:\/\/artigos.abelacosmetics.com\/#\/schema\/person\/image\/\",\"url\":\"https:\/\/secure.gravatar.com\/avatar\/ce9ccc2de538d30bcc33874c5a730e8e078e64fce402cb3cf0668a7439a0e654?s=96&d=mm&r=g\",\"contentUrl\":\"https:\/\/secure.gravatar.com\/avatar\/ce9ccc2de538d30bcc33874c5a730e8e078e64fce402cb3cf0668a7439a0e654?s=96&d=mm&r=g\",\"caption\":\"admin\"},\"sameAs\":[\"http:\/\/localhost\/abela-cosmetic\"],\"url\":\"https:\/\/artigos.abelacosmetics.com\/es\/author\/admin\/\"}]}<\/script>\n<!-- \/ Yoast SEO Premium plugin. -->","yoast_head_json":{"title":"Voc\u00ea sabia que seu cabelo pode encolher? Veja como evitar. - Abela Cosmetics","description":"Voc\u00ea sabia que seu cabelo pode encolher? Saiba agora mesmo o porque isso acontece e confira as principais dicas para evitar essa situa\u00e7\u00e3o.","robots":{"index":"index","follow":"follow","max-snippet":"max-snippet:-1","max-image-preview":"max-image-preview:large","max-video-preview":"max-video-preview:-1"},"canonical":"https:\/\/artigos.abelacosmetics.com\/es\/evitar-cabelho-encolhendo\/","og_locale":"es_ES","og_type":"article","og_title":"Voc\u00ea sabia que seu cabelo pode encolher? Veja como evitar.","og_description":"Voc\u00ea sabia que seu cabelo pode encolher? Saiba agora mesmo o porque isso acontece e confira as principais dicas para evitar essa situa\u00e7\u00e3o.","og_url":"https:\/\/artigos.abelacosmetics.com\/es\/evitar-cabelho-encolhendo\/","og_site_name":"Abela Cosmetics","article_publisher":"https:\/\/www.facebook.com\/abelacosmetics","article_published_time":"2022-11-21T16:16:37+00:00","article_modified_time":"2023-01-05T20:56:17+00:00","og_image":[{"width":850,"height":430,"url":"https:\/\/artigos.abelacosmetics.com\/wp-content\/uploads\/2022\/11\/imagem-do-Post.png","type":"image\/png"}],"author":"admin","twitter_card":"summary_large_image","twitter_misc":{"Escrito por":"admin","Tiempo de lectura":"7 minutos"},"schema":{"@context":"https:\/\/schema.org","@graph":[{"@type":"Article","@id":"https:\/\/artigos.abelacosmetics.com\/evitar-cabelho-encolhendo\/#article","isPartOf":{"@id":"https:\/\/artigos.abelacosmetics.com\/evitar-cabelho-encolhendo\/"},"author":{"name":"admin","@id":"https:\/\/artigos.abelacosmetics.com\/#\/schema\/person\/675710be590edb47293978092f4e20f4"},"headline":"Voc\u00ea sabia que seu cabelo pode encolher? Veja como evitar.","datePublished":"2022-11-21T16:16:37+00:00","dateModified":"2023-01-05T20:56:17+00:00","mainEntityOfPage":{"@id":"https:\/\/artigos.abelacosmetics.com\/evitar-cabelho-encolhendo\/"},"wordCount":1106,"commentCount":0,"publisher":{"@id":"https:\/\/artigos.abelacosmetics.com\/#organization"},"image":{"@id":"https:\/\/artigos.abelacosmetics.com\/evitar-cabelho-encolhendo\/#primaryimage"},"thumbnailUrl":"https:\/\/artigos.abelacosmetics.com\/wp-content\/uploads\/2022\/11\/imagem-do-Post.png","articleSection":["Estilo","Conhe\u00e7a seus cabelos","Novidades"],"inLanguage":"es","potentialAction":[{"@type":"CommentAction","name":"Comment","target":["https:\/\/artigos.abelacosmetics.com\/evitar-cabelho-encolhendo\/#respond"]}]},{"@type":"WebPage","@id":"https:\/\/artigos.abelacosmetics.com\/evitar-cabelho-encolhendo\/","url":"https:\/\/artigos.abelacosmetics.com\/evitar-cabelho-encolhendo\/","name":"Voc\u00ea sabia que seu cabelo pode encolher? Veja como evitar. - Abela Cosmetics","isPartOf":{"@id":"https:\/\/artigos.abelacosmetics.com\/#website"},"primaryImageOfPage":{"@id":"https:\/\/artigos.abelacosmetics.com\/evitar-cabelho-encolhendo\/#primaryimage"},"image":{"@id":"https:\/\/artigos.abelacosmetics.com\/evitar-cabelho-encolhendo\/#primaryimage"},"thumbnailUrl":"https:\/\/artigos.abelacosmetics.com\/wp-content\/uploads\/2022\/11\/imagem-do-Post.png","datePublished":"2022-11-21T16:16:37+00:00","dateModified":"2023-01-05T20:56:17+00:00","description":"Voc\u00ea sabia que seu cabelo pode encolher? Saiba agora mesmo o porque isso acontece e confira as principais dicas para evitar essa situa\u00e7\u00e3o.","breadcrumb":{"@id":"https:\/\/artigos.abelacosmetics.com\/evitar-cabelho-encolhendo\/#breadcrumb"},"inLanguage":"es","potentialAction":[{"@type":"ReadAction","target":["https:\/\/artigos.abelacosmetics.com\/evitar-cabelho-encolhendo\/"]}]},{"@type":"ImageObject","inLanguage":"es","@id":"https:\/\/artigos.abelacosmetics.com\/evitar-cabelho-encolhendo\/#primaryimage","url":"https:\/\/artigos.abelacosmetics.com\/wp-content\/uploads\/2022\/11\/imagem-do-Post.png","contentUrl":"https:\/\/artigos.abelacosmetics.com\/wp-content\/uploads\/2022\/11\/imagem-do-Post.png","width":850,"height":430},{"@type":"BreadcrumbList","@id":"https:\/\/artigos.abelacosmetics.com\/evitar-cabelho-encolhendo\/#breadcrumb","itemListElement":[{"@type":"ListItem","position":1,"name":"In\u00edcio","item":"https:\/\/artigos.abelacosmetics.com\/"},{"@type":"ListItem","position":2,"name":"Voc\u00ea sabia que seu cabelo pode encolher? Veja como evitar."}]},{"@type":"WebSite","@id":"https:\/\/artigos.abelacosmetics.com\/#website","url":"https:\/\/artigos.abelacosmetics.com\/","name":"Abela Cosmetics","description":"Cuidados para Cabelos \u00danicos","publisher":{"@id":"https:\/\/artigos.abelacosmetics.com\/#organization"},"potentialAction":[{"@type":"SearchAction","target":{"@type":"EntryPoint","urlTemplate":"https:\/\/artigos.abelacosmetics.com\/?s={search_term_string}"},"query-input":{"@type":"PropertyValueSpecification","valueRequired":true,"valueName":"search_term_string"}}],"inLanguage":"es"},{"@type":"Organization","@id":"https:\/\/artigos.abelacosmetics.com\/#organization","name":"Abela Cosmetics","url":"https:\/\/artigos.abelacosmetics.com\/","logo":{"@type":"ImageObject","inLanguage":"es","@id":"https:\/\/artigos.abelacosmetics.com\/#\/schema\/logo\/image\/","url":"https:\/\/artigos.abelacosmetics.com\/wp-content\/uploads\/2023\/02\/logo-abela.png","contentUrl":"https:\/\/artigos.abelacosmetics.com\/wp-content\/uploads\/2023\/02\/logo-abela.png","width":183,"height":90,"caption":"Abela Cosmetics"},"image":{"@id":"https:\/\/artigos.abelacosmetics.com\/#\/schema\/logo\/image\/"},"sameAs":["https:\/\/www.facebook.com\/abelacosmetics"]},{"@type":"Person","@id":"https:\/\/artigos.abelacosmetics.com\/#\/schema\/person\/675710be590edb47293978092f4e20f4","name":"admin","image":{"@type":"ImageObject","inLanguage":"es","@id":"https:\/\/artigos.abelacosmetics.com\/#\/schema\/person\/image\/","url":"https:\/\/secure.gravatar.com\/avatar\/ce9ccc2de538d30bcc33874c5a730e8e078e64fce402cb3cf0668a7439a0e654?s=96&d=mm&r=g","contentUrl":"https:\/\/secure.gravatar.com\/avatar\/ce9ccc2de538d30bcc33874c5a730e8e078e64fce402cb3cf0668a7439a0e654?s=96&d=mm&r=g","caption":"admin"},"sameAs":["http:\/\/localhost\/abela-cosmetic"],"url":"https:\/\/artigos.abelacosmetics.com\/es\/author\/admin\/"}]}},"_links":{"self":[{"href":"https:\/\/artigos.abelacosmetics.com\/es\/wp-json\/wp\/v2\/posts\/1797","targetHints":{"allow":["GET"]}}],"collection":[{"href":"https:\/\/artigos.abelacosmetics.com\/es\/wp-json\/wp\/v2\/posts"}],"about":[{"href":"https:\/\/artigos.abelacosmetics.com\/es\/wp-json\/wp\/v2\/types\/post"}],"author":[{"embeddable":true,"href":"https:\/\/artigos.abelacosmetics.com\/es\/wp-json\/wp\/v2\/users\/1"}],"replies":[{"embeddable":true,"href":"https:\/\/artigos.abelacosmetics.com\/es\/wp-json\/wp\/v2\/comments?post=1797"}],"version-history":[{"count":5,"href":"https:\/\/artigos.abelacosmetics.com\/es\/wp-json\/wp\/v2\/posts\/1797\/revisions"}],"predecessor-version":[{"id":2230,"href":"https:\/\/artigos.abelacosmetics.com\/es\/wp-json\/wp\/v2\/posts\/1797\/revisions\/2230"}],"wp:featuredmedia":[{"embeddable":true,"href":"https:\/\/artigos.abelacosmetics.com\/es\/wp-json\/wp\/v2\/media\/1805"}],"wp:attachment":[{"href":"https:\/\/artigos.abelacosmetics.com\/es\/wp-json\/wp\/v2\/media?parent=1797"}],"wp:term":[{"taxonomy":"category","embeddable":true,"href":"https:\/\/artigos.abelacosmetics.com\/es\/wp-json\/wp\/v2\/categories?post=1797"},{"taxonomy":"post_tag","embeddable":true,"href":"https:\/\/artigos.abelacosmetics.com\/es\/wp-json\/wp\/v2\/tags?post=1797"}],"curies":[{"name":"wp","href":"https:\/\/api.w.org\/{rel}","templated":true}]}}