{"id":1767,"date":"2022-11-08T09:48:03","date_gmt":"2022-11-08T12:48:03","guid":{"rendered":"https:\/\/artigos.abelacosmetics.com\/?p=1767"},"modified":"2023-01-05T17:56:28","modified_gmt":"2023-01-05T20:56:28","slug":"mudancas-no-metabolismo-e-idade","status":"publish","type":"post","link":"https:\/\/artigos.abelacosmetics.com\/es\/mudancas-no-metabolismo-e-idade\/","title":{"rendered":"Mudan\u00e7as no metabolismo e idade"},"content":{"rendered":"<p>&nbsp;<\/p>\n<p>&nbsp;<\/p>\n<p>Comumente, n\u00f3s mulheres, nos exercitamos, comemos bem, tentamos (na medida do poss\u00edvel) ter uma vida balanceada.\u00a0 Mas com o tempo, nosso corpo n\u00e3o responde da mesma forma. O peso j\u00e1 n\u00e3o \u00e9 t\u00e3o facilmente controlado. Junto ao peso, as dores articulares, a falta de vontade de nos movimentarmos como antes&#8230;<\/p>\n<p>&nbsp;<\/p>\n<audio class=\"wp-audio-shortcode\" id=\"audio-1767-1\" preload=\"none\" style=\"width: 100%;\" controls=\"controls\"><source type=\"audio\/mpeg\" src=\"https:\/\/artigos.abelacosmetics.com\/wp-content\/uploads\/2022\/11\/Mudancas-no-metabolismo-e-idade-1.mp3?_=1\" \/><a href=\"https:\/\/artigos.abelacosmetics.com\/wp-content\/uploads\/2022\/11\/Mudancas-no-metabolismo-e-idade-1.mp3\">https:\/\/artigos.abelacosmetics.com\/wp-content\/uploads\/2022\/11\/Mudancas-no-metabolismo-e-idade-1.mp3<\/a><\/audio>\n<p>&nbsp;<\/p>\n<p><img loading=\"lazy\" decoding=\"async\" class=\"alignnone wp-image-1772\" src=\"https:\/\/artigos.abelacosmetics.com\/wp-content\/uploads\/2022\/11\/4-300x212.png\" alt=\"\" width=\"529\" height=\"374\" srcset=\"https:\/\/artigos.abelacosmetics.com\/wp-content\/uploads\/2022\/11\/4-300x212.png 300w, https:\/\/artigos.abelacosmetics.com\/wp-content\/uploads\/2022\/11\/4-768x542.png 768w, https:\/\/artigos.abelacosmetics.com\/wp-content\/uploads\/2022\/11\/4-18x12.png 18w, https:\/\/artigos.abelacosmetics.com\/wp-content\/uploads\/2022\/11\/4.png 850w\" sizes=\"auto, (max-width: 529px) 100vw, 529px\" \/><\/p>\n<p>A habilidade do nosso corpo de converter calorias em energia diminui com a idade, especialmente ap\u00f3s menopausa, quando a maioria das mulheres tem um aumento de peso de 5 a 8%.\u00a0 Quando jovem, seus horm\u00f4nios femininos distribuem o excesso de calorias nos quadris e bumbum.\u00a0 Com a perda desses horm\u00f4nios, essa gordura vai para a linha abdominal.<\/p>\n<p>Estudos vem demonstrando algumas mudan\u00e7as em paradigmas antigos. Dr. Herman Pontzer, PhD, mostra que o ritmo metab\u00f3lico se mant\u00e9m constante dos 20 at\u00e9 os 60 anos.\u00a0 Esses estudos est\u00e3o sendo considerados muito importantes entre as pesquisas sobre o metabolismo humano.\u00a0 Ele relata que o exerc\u00edcio n\u00e3o \u00e9 necessariamente o fator crucial para a perda de peso. O exerc\u00edcio \u00e9 muito importante para outros motivos tamb\u00e9m, como manter o corpo saud\u00e1vel, e n\u00e3o ganhar peso.<\/p>\n<p><img loading=\"lazy\" decoding=\"async\" class=\"alignnone wp-image-1770\" src=\"https:\/\/artigos.abelacosmetics.com\/wp-content\/uploads\/2022\/11\/2-300x212.png\" alt=\"\" width=\"539\" height=\"381\" srcset=\"https:\/\/artigos.abelacosmetics.com\/wp-content\/uploads\/2022\/11\/2-300x212.png 300w, https:\/\/artigos.abelacosmetics.com\/wp-content\/uploads\/2022\/11\/2-768x542.png 768w, https:\/\/artigos.abelacosmetics.com\/wp-content\/uploads\/2022\/11\/2-18x12.png 18w, https:\/\/artigos.abelacosmetics.com\/wp-content\/uploads\/2022\/11\/2.png 850w\" sizes=\"auto, (max-width: 539px) 100vw, 539px\" \/><\/p>\n<p>Os seres humanos queimam calorias de uma forma muito parecida \u2013 no mundo todo.\u00a0 Sua atividade f\u00edsica gasta a energia em excesso produzida pelo corpo, mas quando a pessoa n\u00e3o est\u00e1 gastando com atividades f\u00edsicas, no que est\u00e1 gastando?\u00a0 Processos inflamat\u00f3rios, reatividade ao estresse, por exemplo, podem virar o foco dessa energia.\u00a0 Dr. Ponzer afirma que, o movimento muscular \u00e9 somente uma das fontes de gasto de energia, fora o sistema imunol\u00f3gico, respirat\u00f3rio, seu c\u00e9rebro&#8230;isso \u00e9 o metabolismo do corpo, n\u00e3o somente o exerc\u00edcio f\u00edsico.<\/p>\n<p>Mas n\u00e3o \u00e9 t\u00e3o simples assim.\u00a0 As diferen\u00e7as individuais contam, e muito!\u00a0 A massa corporal e gordura corp\u00f3rea est\u00e3o entre as diferen\u00e7as mais importantes.\u00a0 Al\u00e9m disso, existem muitos dist\u00farbios que podem levar ao aumento do peso.\u00a0 Horm\u00f4nios tireoidianos desregulados, por exemplo.\u00a0 Al\u00e9m da preocupa\u00e7\u00e3o com o peso corporal, seu metabolismo pode sofrer por defici\u00eancias que n\u00e3o nos damos conta, como uma vitamina D baixa, estrog\u00eanio, etc.\u00a0 A queda da testosterona, por exemplo, pode diminuir a massa magra \u2013 pois esse horm\u00f4nio ajuda a queimar gordura antes de queimar m\u00fasculo, e tamb\u00e9m diminui o risco de resist\u00eancia insul\u00ednica, que leva ao aumento da gordura abdominal.\u00a0 Isso pode, a longo prazo, aumentar o risco de doen\u00e7as cardiovasculares.<\/p>\n<p><img loading=\"lazy\" decoding=\"async\" class=\"alignnone wp-image-1774\" src=\"https:\/\/artigos.abelacosmetics.com\/wp-content\/uploads\/2022\/11\/6-300x212.png\" alt=\"\" width=\"548\" height=\"387\" srcset=\"https:\/\/artigos.abelacosmetics.com\/wp-content\/uploads\/2022\/11\/6-300x212.png 300w, https:\/\/artigos.abelacosmetics.com\/wp-content\/uploads\/2022\/11\/6-768x542.png 768w, https:\/\/artigos.abelacosmetics.com\/wp-content\/uploads\/2022\/11\/6-18x12.png 18w, https:\/\/artigos.abelacosmetics.com\/wp-content\/uploads\/2022\/11\/6.png 850w\" sizes=\"auto, (max-width: 548px) 100vw, 548px\" \/><\/p>\n<p>Ent\u00e3o se seu peso aumentou antes dos 60, \u00e9 metabolismo?\u00a0 Pelo que estamos aprendendo com a ci\u00eancia, pode n\u00e3o ser.\u00a0 Existe a possibilidade de estarmos comendo e bebendo mais, nos exercitando menos&#8230;\u00a0 A ideia aqui \u00e9 saber se seus horm\u00f4nios est\u00e3o bem, se os exerc\u00edcios est\u00e3o apropriados e se a dieta est\u00e1 balanceada.\u00a0 A resposta \u00e9 controle.\u00a0 Quanto mais tivermos isso sobre nosso corpo e mente, mais teremos o bem-estar que estamos procurando.<\/p>\n<p>O que fazer?\u00a0 O estilo de vida ideal \u00e9 dif\u00edcil saber qual \u00e9.\u00a0 Precisamos nos informar sobre o que aprendemos e sobre o que \u00e9 nos apresentado como verdade.\u00a0 Cuidado com os extremos; dif\u00edcil \u00e9 acreditar naquelas f\u00f3rmulas miraculosas!<\/p>\n<p>Idealmente se manter fisicamente ativa, sempre.\u00a0 N\u00e3o somente com aquela meia horinha de exerc\u00edcios f\u00edsicos, mas se movimentar durante o dia sempre que puder.<\/p>\n<p>Evitar alimentos processadas. Esses n\u00e3o deixam voc\u00ea se sentir saciada, pois os sabores s\u00e3o feitos para te deixar com vontade de comer mais.\u00a0 Pobre em prote\u00ednas e fibras.\u00a0 Alto em a\u00e7\u00facar. \u00a0Podemos manter uma dieta equilibrada, com uma ingest\u00e3o de acordo com seu gasto cal\u00f3rico.<\/p>\n<p>Precisamos nos alimentar bem e nos exercitar.\u00a0 Mente feliz e corpo saud\u00e1vel!\u00a0 Cuide-se.<\/p>\n<p><img loading=\"lazy\" decoding=\"async\" class=\"alignnone wp-image-1775\" src=\"https:\/\/artigos.abelacosmetics.com\/wp-content\/uploads\/2022\/11\/7-300x212.png\" alt=\"\" width=\"686\" height=\"485\" srcset=\"https:\/\/artigos.abelacosmetics.com\/wp-content\/uploads\/2022\/11\/7-300x212.png 300w, https:\/\/artigos.abelacosmetics.com\/wp-content\/uploads\/2022\/11\/7-768x542.png 768w, https:\/\/artigos.abelacosmetics.com\/wp-content\/uploads\/2022\/11\/7-18x12.png 18w, https:\/\/artigos.abelacosmetics.com\/wp-content\/uploads\/2022\/11\/7.png 850w\" sizes=\"auto, (max-width: 686px) 100vw, 686px\" \/><\/p>","protected":false},"excerpt":{"rendered":"<p>&nbsp; &nbsp; Comumente, n\u00f3s mulheres, nos exercitamos, comemos bem, tentamos (na medida do poss\u00edvel) ter uma vida balanceada.\u00a0 Mas com o tempo, nosso corpo n\u00e3o responde da mesma forma. O peso j\u00e1 n\u00e3o \u00e9 t\u00e3o facilmente controlado. Junto ao peso, as dores articulares, a falta de vontade de nos movimentarmos como antes&#8230; &nbsp; &nbsp; A [&hellip;]<\/p>","protected":false},"author":1,"featured_media":1769,"comment_status":"open","ping_status":"open","sticky":false,"template":"","format":"standard","meta":{"_acf_changed":false,"_mo_disable_npp":"","inline_featured_image":false,"footnotes":""},"categories":[31,1],"tags":[],"class_list":["post-1767","post","type-post","status-publish","format-standard","has-post-thumbnail","hentry","category-autocuidado","category-novidades"],"acf":[],"yoast_head":"<!-- This site is optimized with the Yoast SEO Premium plugin v19.2.1 (Yoast SEO v26.9) - https:\/\/yoast.com\/product\/yoast-seo-premium-wordpress\/ -->\n<title>Mudan\u00e7as no metabolismo e idade - Abela Cosmetics<\/title>\n<meta name=\"description\" content=\"Seu metabolismo muda com a idade? Entenda como seu corpo funciona e o que fazer para deix\u00e1-lo mais saud\u00e1vel!\" \/>\n<meta name=\"robots\" content=\"index, follow, max-snippet:-1, max-image-preview:large, max-video-preview:-1\" \/>\n<link rel=\"canonical\" href=\"https:\/\/artigos.abelacosmetics.com\/es\/mudancas-no-metabolismo-e-idade\/\" \/>\n<meta property=\"og:locale\" content=\"es_ES\" \/>\n<meta property=\"og:type\" content=\"article\" \/>\n<meta property=\"og:title\" content=\"Mudan\u00e7as no metabolismo e idade\" \/>\n<meta property=\"og:description\" content=\"Seu metabolismo muda com a idade? Entenda como seu corpo funciona e o que fazer para deix\u00e1-lo mais saud\u00e1vel!\" \/>\n<meta property=\"og:url\" content=\"https:\/\/artigos.abelacosmetics.com\/es\/mudancas-no-metabolismo-e-idade\/\" \/>\n<meta property=\"og:site_name\" content=\"Abela Cosmetics\" \/>\n<meta property=\"article:publisher\" content=\"https:\/\/www.facebook.com\/abelacosmetics\" \/>\n<meta property=\"article:published_time\" content=\"2022-11-08T12:48:03+00:00\" \/>\n<meta property=\"article:modified_time\" content=\"2023-01-05T20:56:28+00:00\" \/>\n<meta property=\"og:image\" content=\"https:\/\/artigos.abelacosmetics.com\/wp-content\/uploads\/2022\/11\/1.png\" \/>\n\t<meta property=\"og:image:width\" content=\"850\" \/>\n\t<meta property=\"og:image:height\" content=\"600\" \/>\n\t<meta property=\"og:image:type\" content=\"image\/png\" \/>\n<meta name=\"author\" content=\"admin\" \/>\n<meta name=\"twitter:card\" content=\"summary_large_image\" \/>\n<meta name=\"twitter:label1\" content=\"Escrito por\" \/>\n\t<meta name=\"twitter:data1\" content=\"admin\" \/>\n\t<meta name=\"twitter:label2\" content=\"Tiempo de lectura\" \/>\n\t<meta name=\"twitter:data2\" content=\"5 minutos\" \/>\n<script type=\"application\/ld+json\" class=\"yoast-schema-graph\">{\"@context\":\"https:\/\/schema.org\",\"@graph\":[{\"@type\":\"Article\",\"@id\":\"https:\/\/artigos.abelacosmetics.com\/mudancas-no-metabolismo-e-idade\/#article\",\"isPartOf\":{\"@id\":\"https:\/\/artigos.abelacosmetics.com\/mudancas-no-metabolismo-e-idade\/\"},\"author\":{\"name\":\"admin\",\"@id\":\"https:\/\/artigos.abelacosmetics.com\/#\/schema\/person\/675710be590edb47293978092f4e20f4\"},\"headline\":\"Mudan\u00e7as no metabolismo e idade\",\"datePublished\":\"2022-11-08T12:48:03+00:00\",\"dateModified\":\"2023-01-05T20:56:28+00:00\",\"mainEntityOfPage\":{\"@id\":\"https:\/\/artigos.abelacosmetics.com\/mudancas-no-metabolismo-e-idade\/\"},\"wordCount\":645,\"commentCount\":0,\"publisher\":{\"@id\":\"https:\/\/artigos.abelacosmetics.com\/#organization\"},\"image\":{\"@id\":\"https:\/\/artigos.abelacosmetics.com\/mudancas-no-metabolismo-e-idade\/#primaryimage\"},\"thumbnailUrl\":\"https:\/\/artigos.abelacosmetics.com\/wp-content\/uploads\/2022\/11\/1.png\",\"articleSection\":[\"Autocuidado\",\"Novidades\"],\"inLanguage\":\"es\",\"potentialAction\":[{\"@type\":\"CommentAction\",\"name\":\"Comment\",\"target\":[\"https:\/\/artigos.abelacosmetics.com\/mudancas-no-metabolismo-e-idade\/#respond\"]}]},{\"@type\":\"WebPage\",\"@id\":\"https:\/\/artigos.abelacosmetics.com\/mudancas-no-metabolismo-e-idade\/\",\"url\":\"https:\/\/artigos.abelacosmetics.com\/mudancas-no-metabolismo-e-idade\/\",\"name\":\"Mudan\u00e7as no metabolismo e idade - Abela Cosmetics\",\"isPartOf\":{\"@id\":\"https:\/\/artigos.abelacosmetics.com\/#website\"},\"primaryImageOfPage\":{\"@id\":\"https:\/\/artigos.abelacosmetics.com\/mudancas-no-metabolismo-e-idade\/#primaryimage\"},\"image\":{\"@id\":\"https:\/\/artigos.abelacosmetics.com\/mudancas-no-metabolismo-e-idade\/#primaryimage\"},\"thumbnailUrl\":\"https:\/\/artigos.abelacosmetics.com\/wp-content\/uploads\/2022\/11\/1.png\",\"datePublished\":\"2022-11-08T12:48:03+00:00\",\"dateModified\":\"2023-01-05T20:56:28+00:00\",\"description\":\"Seu metabolismo muda com a idade? Entenda como seu corpo funciona e o que fazer para deix\u00e1-lo mais saud\u00e1vel!\",\"breadcrumb\":{\"@id\":\"https:\/\/artigos.abelacosmetics.com\/mudancas-no-metabolismo-e-idade\/#breadcrumb\"},\"inLanguage\":\"es\",\"potentialAction\":[{\"@type\":\"ReadAction\",\"target\":[\"https:\/\/artigos.abelacosmetics.com\/mudancas-no-metabolismo-e-idade\/\"]}]},{\"@type\":\"ImageObject\",\"inLanguage\":\"es\",\"@id\":\"https:\/\/artigos.abelacosmetics.com\/mudancas-no-metabolismo-e-idade\/#primaryimage\",\"url\":\"https:\/\/artigos.abelacosmetics.com\/wp-content\/uploads\/2022\/11\/1.png\",\"contentUrl\":\"https:\/\/artigos.abelacosmetics.com\/wp-content\/uploads\/2022\/11\/1.png\",\"width\":850,\"height\":600},{\"@type\":\"BreadcrumbList\",\"@id\":\"https:\/\/artigos.abelacosmetics.com\/mudancas-no-metabolismo-e-idade\/#breadcrumb\",\"itemListElement\":[{\"@type\":\"ListItem\",\"position\":1,\"name\":\"In\u00edcio\",\"item\":\"https:\/\/artigos.abelacosmetics.com\/\"},{\"@type\":\"ListItem\",\"position\":2,\"name\":\"Mudan\u00e7as no metabolismo e idade\"}]},{\"@type\":\"WebSite\",\"@id\":\"https:\/\/artigos.abelacosmetics.com\/#website\",\"url\":\"https:\/\/artigos.abelacosmetics.com\/\",\"name\":\"Abela Cosmetics\",\"description\":\"Cuidados para Cabelos \u00danicos\",\"publisher\":{\"@id\":\"https:\/\/artigos.abelacosmetics.com\/#organization\"},\"potentialAction\":[{\"@type\":\"SearchAction\",\"target\":{\"@type\":\"EntryPoint\",\"urlTemplate\":\"https:\/\/artigos.abelacosmetics.com\/?s={search_term_string}\"},\"query-input\":{\"@type\":\"PropertyValueSpecification\",\"valueRequired\":true,\"valueName\":\"search_term_string\"}}],\"inLanguage\":\"es\"},{\"@type\":\"Organization\",\"@id\":\"https:\/\/artigos.abelacosmetics.com\/#organization\",\"name\":\"Abela Cosmetics\",\"url\":\"https:\/\/artigos.abelacosmetics.com\/\",\"logo\":{\"@type\":\"ImageObject\",\"inLanguage\":\"es\",\"@id\":\"https:\/\/artigos.abelacosmetics.com\/#\/schema\/logo\/image\/\",\"url\":\"https:\/\/artigos.abelacosmetics.com\/wp-content\/uploads\/2023\/02\/logo-abela.png\",\"contentUrl\":\"https:\/\/artigos.abelacosmetics.com\/wp-content\/uploads\/2023\/02\/logo-abela.png\",\"width\":183,\"height\":90,\"caption\":\"Abela Cosmetics\"},\"image\":{\"@id\":\"https:\/\/artigos.abelacosmetics.com\/#\/schema\/logo\/image\/\"},\"sameAs\":[\"https:\/\/www.facebook.com\/abelacosmetics\"]},{\"@type\":\"Person\",\"@id\":\"https:\/\/artigos.abelacosmetics.com\/#\/schema\/person\/675710be590edb47293978092f4e20f4\",\"name\":\"admin\",\"image\":{\"@type\":\"ImageObject\",\"inLanguage\":\"es\",\"@id\":\"https:\/\/artigos.abelacosmetics.com\/#\/schema\/person\/image\/\",\"url\":\"https:\/\/secure.gravatar.com\/avatar\/ce9ccc2de538d30bcc33874c5a730e8e078e64fce402cb3cf0668a7439a0e654?s=96&d=mm&r=g\",\"contentUrl\":\"https:\/\/secure.gravatar.com\/avatar\/ce9ccc2de538d30bcc33874c5a730e8e078e64fce402cb3cf0668a7439a0e654?s=96&d=mm&r=g\",\"caption\":\"admin\"},\"sameAs\":[\"http:\/\/localhost\/abela-cosmetic\"],\"url\":\"https:\/\/artigos.abelacosmetics.com\/es\/author\/admin\/\"}]}<\/script>\n<!-- \/ Yoast SEO Premium plugin. -->","yoast_head_json":{"title":"Mudan\u00e7as no metabolismo e idade - Abela Cosmetics","description":"Seu metabolismo muda com a idade? Entenda como seu corpo funciona e o que fazer para deix\u00e1-lo mais saud\u00e1vel!","robots":{"index":"index","follow":"follow","max-snippet":"max-snippet:-1","max-image-preview":"max-image-preview:large","max-video-preview":"max-video-preview:-1"},"canonical":"https:\/\/artigos.abelacosmetics.com\/es\/mudancas-no-metabolismo-e-idade\/","og_locale":"es_ES","og_type":"article","og_title":"Mudan\u00e7as no metabolismo e idade","og_description":"Seu metabolismo muda com a idade? Entenda como seu corpo funciona e o que fazer para deix\u00e1-lo mais saud\u00e1vel!","og_url":"https:\/\/artigos.abelacosmetics.com\/es\/mudancas-no-metabolismo-e-idade\/","og_site_name":"Abela Cosmetics","article_publisher":"https:\/\/www.facebook.com\/abelacosmetics","article_published_time":"2022-11-08T12:48:03+00:00","article_modified_time":"2023-01-05T20:56:28+00:00","og_image":[{"width":850,"height":600,"url":"https:\/\/artigos.abelacosmetics.com\/wp-content\/uploads\/2022\/11\/1.png","type":"image\/png"}],"author":"admin","twitter_card":"summary_large_image","twitter_misc":{"Escrito por":"admin","Tiempo de lectura":"5 minutos"},"schema":{"@context":"https:\/\/schema.org","@graph":[{"@type":"Article","@id":"https:\/\/artigos.abelacosmetics.com\/mudancas-no-metabolismo-e-idade\/#article","isPartOf":{"@id":"https:\/\/artigos.abelacosmetics.com\/mudancas-no-metabolismo-e-idade\/"},"author":{"name":"admin","@id":"https:\/\/artigos.abelacosmetics.com\/#\/schema\/person\/675710be590edb47293978092f4e20f4"},"headline":"Mudan\u00e7as no metabolismo e idade","datePublished":"2022-11-08T12:48:03+00:00","dateModified":"2023-01-05T20:56:28+00:00","mainEntityOfPage":{"@id":"https:\/\/artigos.abelacosmetics.com\/mudancas-no-metabolismo-e-idade\/"},"wordCount":645,"commentCount":0,"publisher":{"@id":"https:\/\/artigos.abelacosmetics.com\/#organization"},"image":{"@id":"https:\/\/artigos.abelacosmetics.com\/mudancas-no-metabolismo-e-idade\/#primaryimage"},"thumbnailUrl":"https:\/\/artigos.abelacosmetics.com\/wp-content\/uploads\/2022\/11\/1.png","articleSection":["Autocuidado","Novidades"],"inLanguage":"es","potentialAction":[{"@type":"CommentAction","name":"Comment","target":["https:\/\/artigos.abelacosmetics.com\/mudancas-no-metabolismo-e-idade\/#respond"]}]},{"@type":"WebPage","@id":"https:\/\/artigos.abelacosmetics.com\/mudancas-no-metabolismo-e-idade\/","url":"https:\/\/artigos.abelacosmetics.com\/mudancas-no-metabolismo-e-idade\/","name":"Mudan\u00e7as no metabolismo e idade - Abela Cosmetics","isPartOf":{"@id":"https:\/\/artigos.abelacosmetics.com\/#website"},"primaryImageOfPage":{"@id":"https:\/\/artigos.abelacosmetics.com\/mudancas-no-metabolismo-e-idade\/#primaryimage"},"image":{"@id":"https:\/\/artigos.abelacosmetics.com\/mudancas-no-metabolismo-e-idade\/#primaryimage"},"thumbnailUrl":"https:\/\/artigos.abelacosmetics.com\/wp-content\/uploads\/2022\/11\/1.png","datePublished":"2022-11-08T12:48:03+00:00","dateModified":"2023-01-05T20:56:28+00:00","description":"Seu metabolismo muda com a idade? Entenda como seu corpo funciona e o que fazer para deix\u00e1-lo mais saud\u00e1vel!","breadcrumb":{"@id":"https:\/\/artigos.abelacosmetics.com\/mudancas-no-metabolismo-e-idade\/#breadcrumb"},"inLanguage":"es","potentialAction":[{"@type":"ReadAction","target":["https:\/\/artigos.abelacosmetics.com\/mudancas-no-metabolismo-e-idade\/"]}]},{"@type":"ImageObject","inLanguage":"es","@id":"https:\/\/artigos.abelacosmetics.com\/mudancas-no-metabolismo-e-idade\/#primaryimage","url":"https:\/\/artigos.abelacosmetics.com\/wp-content\/uploads\/2022\/11\/1.png","contentUrl":"https:\/\/artigos.abelacosmetics.com\/wp-content\/uploads\/2022\/11\/1.png","width":850,"height":600},{"@type":"BreadcrumbList","@id":"https:\/\/artigos.abelacosmetics.com\/mudancas-no-metabolismo-e-idade\/#breadcrumb","itemListElement":[{"@type":"ListItem","position":1,"name":"In\u00edcio","item":"https:\/\/artigos.abelacosmetics.com\/"},{"@type":"ListItem","position":2,"name":"Mudan\u00e7as no metabolismo e idade"}]},{"@type":"WebSite","@id":"https:\/\/artigos.abelacosmetics.com\/#website","url":"https:\/\/artigos.abelacosmetics.com\/","name":"Abela Cosmetics","description":"Cuidados para Cabelos \u00danicos","publisher":{"@id":"https:\/\/artigos.abelacosmetics.com\/#organization"},"potentialAction":[{"@type":"SearchAction","target":{"@type":"EntryPoint","urlTemplate":"https:\/\/artigos.abelacosmetics.com\/?s={search_term_string}"},"query-input":{"@type":"PropertyValueSpecification","valueRequired":true,"valueName":"search_term_string"}}],"inLanguage":"es"},{"@type":"Organization","@id":"https:\/\/artigos.abelacosmetics.com\/#organization","name":"Abela Cosmetics","url":"https:\/\/artigos.abelacosmetics.com\/","logo":{"@type":"ImageObject","inLanguage":"es","@id":"https:\/\/artigos.abelacosmetics.com\/#\/schema\/logo\/image\/","url":"https:\/\/artigos.abelacosmetics.com\/wp-content\/uploads\/2023\/02\/logo-abela.png","contentUrl":"https:\/\/artigos.abelacosmetics.com\/wp-content\/uploads\/2023\/02\/logo-abela.png","width":183,"height":90,"caption":"Abela Cosmetics"},"image":{"@id":"https:\/\/artigos.abelacosmetics.com\/#\/schema\/logo\/image\/"},"sameAs":["https:\/\/www.facebook.com\/abelacosmetics"]},{"@type":"Person","@id":"https:\/\/artigos.abelacosmetics.com\/#\/schema\/person\/675710be590edb47293978092f4e20f4","name":"admin","image":{"@type":"ImageObject","inLanguage":"es","@id":"https:\/\/artigos.abelacosmetics.com\/#\/schema\/person\/image\/","url":"https:\/\/secure.gravatar.com\/avatar\/ce9ccc2de538d30bcc33874c5a730e8e078e64fce402cb3cf0668a7439a0e654?s=96&d=mm&r=g","contentUrl":"https:\/\/secure.gravatar.com\/avatar\/ce9ccc2de538d30bcc33874c5a730e8e078e64fce402cb3cf0668a7439a0e654?s=96&d=mm&r=g","caption":"admin"},"sameAs":["http:\/\/localhost\/abela-cosmetic"],"url":"https:\/\/artigos.abelacosmetics.com\/es\/author\/admin\/"}]}},"_links":{"self":[{"href":"https:\/\/artigos.abelacosmetics.com\/es\/wp-json\/wp\/v2\/posts\/1767","targetHints":{"allow":["GET"]}}],"collection":[{"href":"https:\/\/artigos.abelacosmetics.com\/es\/wp-json\/wp\/v2\/posts"}],"about":[{"href":"https:\/\/artigos.abelacosmetics.com\/es\/wp-json\/wp\/v2\/types\/post"}],"author":[{"embeddable":true,"href":"https:\/\/artigos.abelacosmetics.com\/es\/wp-json\/wp\/v2\/users\/1"}],"replies":[{"embeddable":true,"href":"https:\/\/artigos.abelacosmetics.com\/es\/wp-json\/wp\/v2\/comments?post=1767"}],"version-history":[{"count":5,"href":"https:\/\/artigos.abelacosmetics.com\/es\/wp-json\/wp\/v2\/posts\/1767\/revisions"}],"predecessor-version":[{"id":2231,"href":"https:\/\/artigos.abelacosmetics.com\/es\/wp-json\/wp\/v2\/posts\/1767\/revisions\/2231"}],"wp:featuredmedia":[{"embeddable":true,"href":"https:\/\/artigos.abelacosmetics.com\/es\/wp-json\/wp\/v2\/media\/1769"}],"wp:attachment":[{"href":"https:\/\/artigos.abelacosmetics.com\/es\/wp-json\/wp\/v2\/media?parent=1767"}],"wp:term":[{"taxonomy":"category","embeddable":true,"href":"https:\/\/artigos.abelacosmetics.com\/es\/wp-json\/wp\/v2\/categories?post=1767"},{"taxonomy":"post_tag","embeddable":true,"href":"https:\/\/artigos.abelacosmetics.com\/es\/wp-json\/wp\/v2\/tags?post=1767"}],"curies":[{"name":"wp","href":"https:\/\/api.w.org\/{rel}","templated":true}]}}