{"id":176,"date":"2021-12-28T18:02:04","date_gmt":"2021-12-28T21:02:04","guid":{"rendered":"http:\/\/localhost\/abela-cosmetic\/?p=176"},"modified":"2023-01-05T18:04:10","modified_gmt":"2023-01-05T21:04:10","slug":"cabelos-saudaveis-no-verao","status":"publish","type":"post","link":"https:\/\/artigos.abelacosmetics.com\/es\/cabelos-saudaveis-no-verao\/","title":{"rendered":"9 dicas para manter os cabelos saud\u00e1veis no ver\u00e3o"},"content":{"rendered":"<p>&nbsp;<\/p>\n<p>&nbsp;<\/p>\n<p>O ver\u00e3o est\u00e1 chegando, tempo de praia, sol, mar e piscina. Tudo isso \u00e9 maravilhoso, n\u00e3o podemos negar, por\u00e9m, n\u00e3o devemos esquecer dos cuidados com as madeixas. Afinal, todo mundo quer ter\u00a0<strong>cabelos saud\u00e1veis<\/strong>\u00a0no ver\u00e3o, certo?<\/p>\n<p>&nbsp;<\/p>\n<audio class=\"wp-audio-shortcode\" id=\"audio-176-1\" preload=\"none\" style=\"width: 100%;\" controls=\"controls\"><source type=\"audio\/mpeg\" src=\"https:\/\/artigos.abelacosmetics.com\/wp-content\/uploads\/2021\/12\/9-dicas-para-manter-os-cabelos-saudveis-no-vero1.mp3?_=1\" \/><a href=\"https:\/\/artigos.abelacosmetics.com\/wp-content\/uploads\/2021\/12\/9-dicas-para-manter-os-cabelos-saudveis-no-vero1.mp3\">https:\/\/artigos.abelacosmetics.com\/wp-content\/uploads\/2021\/12\/9-dicas-para-manter-os-cabelos-saudveis-no-vero1.mp3<\/a><\/audio>\n<p>&nbsp;<\/p>\n<p>E para que isso aconte\u00e7a, \u00e9 preciso seguir algumas dicas que ser\u00e3o a salva\u00e7\u00e3o dos seus fios neste\u00a0ver\u00e3o. Se todo\u00a0cuidado\u00a0\u00e9 pouco, ent\u00e3o te daremos muitos motivos para voc\u00ea se cuidar. Lembre-se que a prote\u00e7\u00e3o tem que ser tanto da pele como dos cabelos, por isso, abuse das hidrata\u00e7\u00f5es capilares, de protetores para os fios, da alimenta\u00e7\u00e3o e claro, utilize produtos espec\u00edficos para seu tipo de madeixa.<\/p>\n<p>Continue com a leitura deste artigo e descubra tudo para manter seus cabelos saud\u00e1veis no ver\u00e3o.<\/p>\n<ul>\n<li>Corte as pontas;<\/li>\n<li>Fa\u00e7a hidrata\u00e7\u00e3o com mais frequ\u00eancia;<\/li>\n<li>Proteja o couro cabeludo;<\/li>\n<li>Proteja os fios da radia\u00e7\u00e3o solar;<\/li>\n<li>Experimente co-wash;<\/li>\n<li>Evite amarrar os cabelos ainda \u00famidos;<\/li>\n<li>Alimente-se bem;<\/li>\n<li>Evite qu\u00edmicas nesta \u00e9poca do ano;<\/li>\n<li>Aposte em produtos para o seu tipo de cabelo.<\/li>\n<\/ul>\n<h2>Corte as pontas<\/h2>\n<p>Antes de tudo, para ter cabelos bonitos e saud\u00e1veis \u00e9 preciso meter a tesoura nos fios. Calma, \u00e9 s\u00f3 nas pontinhas! Aparar as madeixas, retirando as pontas duplas e ressecadas, melhora a apar\u00eancia do cabelo e proporciona um movimento mais natural ao balan\u00e7ar os fios, inclusive na hora da finaliza\u00e7\u00e3o. \u00c9 recomend\u00e1vel que se corte o cabelo, pelo menos, duas vezes por ano, mas claro que tudo depender\u00e1 de cada pessoa.<\/p>\n<h2>Fa\u00e7a hidrata\u00e7\u00e3o com mais frequ\u00eancia<\/h2>\n<p>Outra dica importante e que ajudar\u00e1 a manter os\u00a0cabelos saud\u00e1veis\u00a0durante o\u00a0ver\u00e3o\u00a0\u00e9 abusar da\u00a0hidrata\u00e7\u00e3o\u00a0capilar. Quanto mais regular, mas seu cabelo estar\u00e1 forte para enfrentar as altas temperaturas e intemp\u00e9ries do ver\u00e3o. A recomenda\u00e7\u00e3o \u00e9 de que os fios sejam hidratados, pelo menos, uma ou duas vezes por semana. Por isso, crie um cronograma capilar e siga-o corretamente.<\/p>\n<p>Antes de entrar no mar ou na piscina, aplique nos cabelos um creme hidratante sem enx\u00e1gue ou molhe os fios com \u00e1gua doce. Isso serve para minimizar os impactos da \u00e1gua salgada ou do cloro nas madeixas. Outra op\u00e7\u00e3o \u00e9 prend\u00ea-los com um coque alto para evitar que a \u00e1gua tenha contato cont\u00ednuo.<\/p>\n<p>Lembre-se tamb\u00e9m de sempre lavar os cabelos com \u00e1gua doce ao sair do mar ou da piscina para tirar o excesso de \u00e1gua salgada ou cloro.<\/p>\n<h2>Proteja o couro cabeludo<\/h2>\n<p>O couro cabelo tamb\u00e9m requer uma aten\u00e7\u00e3o especial, afinal, tanto o sol como os raios ultravioletas podem prejudicar a sa\u00fade dessa parte do corpo que, na maioria das vezes, \u00e9 esquecida. Ficar muitas horas exposto ao sol, sem prote\u00e7\u00e3o, pode causar queimaduras no couro cabeludo, comprometendo, assim, o crescimento dos fios.<\/p>\n<p>O suor, a \u00e1gua salgada, o cloro e a umidade de um modo geral podem causar problemas na pele, como inflama\u00e7\u00f5es, descama\u00e7\u00e3o e at\u00e9 caspa. Assim, mantenha o couro cabeludo sempre limpo e higienizado. E para proteger tanto o couro cabeludo como os fios, a dica \u00e9 apostar em acess\u00f3rios, como chap\u00e9us, bon\u00e9s e len\u00e7os.<\/p>\n<h2>Proteja os fios da radia\u00e7\u00e3o solar<\/h2>\n<p>E como proteger os fios da radia\u00e7\u00e3o solar? A dica \u00e9 muito simples, aposte em produtos com prote\u00e7\u00e3o solar (UV) e anti-frizz, que diminui o ressecamento, al\u00e9m de controlar aqueles arrepiadinhos.<\/p>\n<p>Outra forma de cuidar das madeixas \u00e9 investir em penteados que escondem os cabelos da exposi\u00e7\u00e3o extrema dos raios ultravioletas. Opte por coques ou tran\u00e7as, que ajudam a manter os fios no lugar.<\/p>\n<h2>Experimente co-wash para manter os cabelos saud\u00e1veis no ver\u00e3o<\/h2>\n<p>Uma t\u00e9cnica queridinha, especialmente para quem tem cabelos cacheados ou crespos, \u00e9 o co-wash,\u00a0que consiste em lavar os fios apenas com o condicionador.\u00a0Um dos principais componentes do shampoo \u00e9 o sulfato, agente que faz criar a espuma. \u00c9 justamente isso que promove a remo\u00e7\u00e3o do \u00f3leo natural dos fios, deixando-os ressecados.<\/p>\n<p>Ao lavar os cabelos apenas com condicionador, \u00e9 poss\u00edvel ter uma limpeza menos agressiva ao couro cabeludo e aos fios, j\u00e1 que em sua f\u00f3rmula h\u00e1 menos componentes qu\u00edmicos. Assim, ele retira poucos nutrientes importantes das madeixas.<\/p>\n<p>Evite banhos quentes, pois isso tamb\u00e9m pode danificar os cabelos, piorando a oleosidade do couro cabeludo. Fa\u00e7a a lavagem do cabelo com \u00e1gua morna e, em seu \u00faltimo enx\u00e1gue, a \u00e1gua utilizada seja fria.<\/p>\n<h2>Evite amarrar os cabelos ainda \u00famidos<\/h2>\n<p>Um dos maiores erros \u00e9 amarrar o cabelo enquanto ele ainda est\u00e1 \u00famido ou molhado. Isso deixa as madeixas mais fr\u00e1geis e danifica os fios. E n\u00e3o podemos esquecer de outros problemas, como o mau cheiro, al\u00e9m de ser um ambiente prop\u00edcio para a prolifera\u00e7\u00e3o de fungos e bact\u00e9rias.<\/p>\n<p>Por isso, ao terminar de lavar os cabelos, seque-os bem com uma toalha, sem usar muita for\u00e7a ou friccionar intensamente para n\u00e3o deixar os fios quebradi\u00e7os. Tecidos de algod\u00e3o s\u00e3o os mais indicados, mas tamb\u00e9m h\u00e1 quem prefira retirar o excesso de \u00e1gua com papel toalha. Na finaliza\u00e7\u00e3o, opte pelo pente de madeira ou que tenha dentes mais largos, que ajudam a desembara\u00e7ar sem quebrar os fios.<\/p>\n<h2>Alimente-se bem<\/h2>\n<p>Ter uma boa alimenta\u00e7\u00e3o tamb\u00e9m ajuda a manter os fios saud\u00e1veis no ver\u00e3o. Os alimentos s\u00e3o fontes de nutrientes que fortalecem os fios, por isso, tente ingerir produtos que sejam ricos em prote\u00ednas, como ovos, queijos, leite e derivados.<\/p>\n<p>E n\u00e3o esque\u00e7a das vitaminas, que podem ser encontradas na cenoura, beterraba e mam\u00e3o; dos minerais, como ferro, presente no feij\u00e3o e no f\u00edgado, e do\u00a0 zinco, encontrado no amendoim ou na castanha do Par\u00e1, que s\u00e3o essenciais para o crescimento do cabelo.<\/p>\n<p>Evite qu\u00edmicas nesta \u00e9poca do ano<\/p>\n<p>Sabemos que qu\u00edmica e sol n\u00e3o combinam, por isso, evite fazer qualquer procedimento nesta \u00e9poca do ano, especialmente se voc\u00ea for viajar para um local praiano. No litoral os ventos s\u00e3o intensos, tem a \u00e1gua do mar, o cloro da piscina e o pr\u00f3prio sol, e os cabelos acabam sofrendo ainda mais se tiver um procedimento qu\u00edmico.<\/p>\n<p>Se seu cabelo j\u00e1 tem alguma qu\u00edmica, reforce a hidrata\u00e7\u00e3o. E essa aten\u00e7\u00e3o deve ser ainda mais redobrada para os fios loiros, j\u00e1 que eles tendem a ganhar uma tonalidade amarelada. Produtos que visam corrigir essa mudan\u00e7a de cor podem deixar os cabelos bastante ressecados e quebradi\u00e7os.<\/p>\n<h2>Aposte em produtos para o seu tipo de cabelo<\/h2>\n<p>Na hora de cuidar das madeixas, escolha produtos que sejam feitos para o seu tipo de cabelo. D\u00ea prefer\u00eancia por aqueles como prote\u00e7\u00e3o solar e que tenham em sua f\u00f3rmula componentes naturais.<\/p>\n<p>A\u00a0<a href=\"https:\/\/artigos.abelacosmetics.com\/es\/\">Abela Cosmetics<\/a>\u00a0possui uma linha completa de m\u00e1scaras de\u00a0<strong>hidrata\u00e7\u00e3o<\/strong>, nutri\u00e7\u00e3o e reconstru\u00e7\u00e3o que s\u00e3o excelentes para incluir no cronograma capilar. Os produtos s\u00e3o livres de petrolatos, parabenos, \u00f3leo mineral, parafina, silicones insol\u00faveis e ativos de origem animal. Enriquecidos com Pantenol e Aloe Vera, a m\u00e1scara Hidrata\u00e7\u00e3o proporciona maciez, brilho e combate o ressecamento dos fios.<\/p>","protected":false},"excerpt":{"rendered":"<p>&nbsp; &nbsp; O ver\u00e3o est\u00e1 chegando, tempo de praia, sol, mar e piscina. Tudo isso \u00e9 maravilhoso, n\u00e3o podemos negar, por\u00e9m, n\u00e3o devemos esquecer dos cuidados com as madeixas. Afinal, todo mundo quer ter\u00a0cabelos saud\u00e1veis\u00a0no ver\u00e3o, certo? &nbsp; &nbsp; E para que isso aconte\u00e7a, \u00e9 preciso seguir algumas dicas que ser\u00e3o a salva\u00e7\u00e3o dos seus [&hellip;]<\/p>","protected":false},"author":1,"featured_media":825,"comment_status":"open","ping_status":"open","sticky":false,"template":"","format":"standard","meta":{"_acf_changed":false,"_mo_disable_npp":"","inline_featured_image":false,"footnotes":""},"categories":[32,30],"tags":[],"class_list":["post-176","post","type-post","status-publish","format-standard","has-post-thumbnail","hentry","category-informacoes","category-conheca-seus-cabelos"],"acf":[],"yoast_head":"<!-- This site is optimized with the Yoast SEO Premium plugin v19.2.1 (Yoast SEO v26.9) - https:\/\/yoast.com\/product\/yoast-seo-premium-wordpress\/ -->\n<title>9 dicas para manter os cabelos saud\u00e1veis no ver\u00e3o - Abela Cosmetics<\/title>\n<meta name=\"description\" content=\"O ver\u00e3o est\u00e1 chegando! Mas n\u00e3o podemos esquecer dos nossos cabelos! Aqui vai algumas dicas para manter a sa\u00fade dos fios.\" \/>\n<meta name=\"robots\" content=\"index, follow, max-snippet:-1, max-image-preview:large, max-video-preview:-1\" \/>\n<link rel=\"canonical\" href=\"https:\/\/artigos.abelacosmetics.com\/es\/cabelos-saudaveis-no-verao\/\" \/>\n<meta property=\"og:locale\" content=\"es_ES\" \/>\n<meta property=\"og:type\" content=\"article\" \/>\n<meta property=\"og:title\" content=\"9 dicas para manter os cabelos saud\u00e1veis no ver\u00e3o\" \/>\n<meta property=\"og:description\" content=\"O ver\u00e3o est\u00e1 chegando! Mas n\u00e3o podemos esquecer dos nossos cabelos! Aqui vai algumas dicas para manter a sa\u00fade dos fios.\" \/>\n<meta property=\"og:url\" content=\"https:\/\/artigos.abelacosmetics.com\/es\/cabelos-saudaveis-no-verao\/\" \/>\n<meta property=\"og:site_name\" content=\"Abela Cosmetics\" \/>\n<meta property=\"article:publisher\" content=\"https:\/\/www.facebook.com\/abelacosmetics\" \/>\n<meta property=\"article:published_time\" content=\"2021-12-28T21:02:04+00:00\" \/>\n<meta property=\"article:modified_time\" content=\"2023-01-05T21:04:10+00:00\" \/>\n<meta property=\"og:image\" content=\"https:\/\/artigos.abelacosmetics.com\/wp-content\/uploads\/2022\/05\/manter-cabelos-saudaveis.jpg\" \/>\n\t<meta property=\"og:image:width\" content=\"850\" \/>\n\t<meta property=\"og:image:height\" content=\"430\" \/>\n\t<meta property=\"og:image:type\" content=\"image\/jpeg\" \/>\n<meta name=\"author\" content=\"admin\" \/>\n<meta name=\"twitter:card\" content=\"summary_large_image\" \/>\n<meta name=\"twitter:label1\" content=\"Escrito por\" \/>\n\t<meta name=\"twitter:data1\" content=\"admin\" \/>\n\t<meta name=\"twitter:label2\" content=\"Tiempo de lectura\" \/>\n\t<meta name=\"twitter:data2\" content=\"7 minutos\" \/>\n<script type=\"application\/ld+json\" class=\"yoast-schema-graph\">{\"@context\":\"https:\/\/schema.org\",\"@graph\":[{\"@type\":\"Article\",\"@id\":\"https:\/\/artigos.abelacosmetics.com\/cabelos-saudaveis-no-verao\/#article\",\"isPartOf\":{\"@id\":\"https:\/\/artigos.abelacosmetics.com\/cabelos-saudaveis-no-verao\/\"},\"author\":{\"name\":\"admin\",\"@id\":\"https:\/\/artigos.abelacosmetics.com\/#\/schema\/person\/675710be590edb47293978092f4e20f4\"},\"headline\":\"9 dicas para manter os cabelos saud\u00e1veis no ver\u00e3o\",\"datePublished\":\"2021-12-28T21:02:04+00:00\",\"dateModified\":\"2023-01-05T21:04:10+00:00\",\"mainEntityOfPage\":{\"@id\":\"https:\/\/artigos.abelacosmetics.com\/cabelos-saudaveis-no-verao\/\"},\"wordCount\":1235,\"commentCount\":0,\"publisher\":{\"@id\":\"https:\/\/artigos.abelacosmetics.com\/#organization\"},\"image\":{\"@id\":\"https:\/\/artigos.abelacosmetics.com\/cabelos-saudaveis-no-verao\/#primaryimage\"},\"thumbnailUrl\":\"https:\/\/artigos.abelacosmetics.com\/wp-content\/uploads\/2022\/05\/manter-cabelos-saudaveis.jpg\",\"articleSection\":[\"Informa\u00e7\u00f5es\",\"Conhe\u00e7a seus cabelos\"],\"inLanguage\":\"es\",\"potentialAction\":[{\"@type\":\"CommentAction\",\"name\":\"Comment\",\"target\":[\"https:\/\/artigos.abelacosmetics.com\/cabelos-saudaveis-no-verao\/#respond\"]}]},{\"@type\":\"WebPage\",\"@id\":\"https:\/\/artigos.abelacosmetics.com\/cabelos-saudaveis-no-verao\/\",\"url\":\"https:\/\/artigos.abelacosmetics.com\/cabelos-saudaveis-no-verao\/\",\"name\":\"9 dicas para manter os cabelos saud\u00e1veis no ver\u00e3o - Abela Cosmetics\",\"isPartOf\":{\"@id\":\"https:\/\/artigos.abelacosmetics.com\/#website\"},\"primaryImageOfPage\":{\"@id\":\"https:\/\/artigos.abelacosmetics.com\/cabelos-saudaveis-no-verao\/#primaryimage\"},\"image\":{\"@id\":\"https:\/\/artigos.abelacosmetics.com\/cabelos-saudaveis-no-verao\/#primaryimage\"},\"thumbnailUrl\":\"https:\/\/artigos.abelacosmetics.com\/wp-content\/uploads\/2022\/05\/manter-cabelos-saudaveis.jpg\",\"datePublished\":\"2021-12-28T21:02:04+00:00\",\"dateModified\":\"2023-01-05T21:04:10+00:00\",\"description\":\"O ver\u00e3o est\u00e1 chegando! Mas n\u00e3o podemos esquecer dos nossos cabelos! Aqui vai algumas dicas para manter a sa\u00fade dos fios.\",\"breadcrumb\":{\"@id\":\"https:\/\/artigos.abelacosmetics.com\/cabelos-saudaveis-no-verao\/#breadcrumb\"},\"inLanguage\":\"es\",\"potentialAction\":[{\"@type\":\"ReadAction\",\"target\":[\"https:\/\/artigos.abelacosmetics.com\/cabelos-saudaveis-no-verao\/\"]}]},{\"@type\":\"ImageObject\",\"inLanguage\":\"es\",\"@id\":\"https:\/\/artigos.abelacosmetics.com\/cabelos-saudaveis-no-verao\/#primaryimage\",\"url\":\"https:\/\/artigos.abelacosmetics.com\/wp-content\/uploads\/2022\/05\/manter-cabelos-saudaveis.jpg\",\"contentUrl\":\"https:\/\/artigos.abelacosmetics.com\/wp-content\/uploads\/2022\/05\/manter-cabelos-saudaveis.jpg\",\"width\":850,\"height\":430},{\"@type\":\"BreadcrumbList\",\"@id\":\"https:\/\/artigos.abelacosmetics.com\/cabelos-saudaveis-no-verao\/#breadcrumb\",\"itemListElement\":[{\"@type\":\"ListItem\",\"position\":1,\"name\":\"In\u00edcio\",\"item\":\"https:\/\/artigos.abelacosmetics.com\/\"},{\"@type\":\"ListItem\",\"position\":2,\"name\":\"9 dicas para manter os cabelos saud\u00e1veis no ver\u00e3o\"}]},{\"@type\":\"WebSite\",\"@id\":\"https:\/\/artigos.abelacosmetics.com\/#website\",\"url\":\"https:\/\/artigos.abelacosmetics.com\/\",\"name\":\"Abela Cosmetics\",\"description\":\"Cuidados para Cabelos \u00danicos\",\"publisher\":{\"@id\":\"https:\/\/artigos.abelacosmetics.com\/#organization\"},\"potentialAction\":[{\"@type\":\"SearchAction\",\"target\":{\"@type\":\"EntryPoint\",\"urlTemplate\":\"https:\/\/artigos.abelacosmetics.com\/?s={search_term_string}\"},\"query-input\":{\"@type\":\"PropertyValueSpecification\",\"valueRequired\":true,\"valueName\":\"search_term_string\"}}],\"inLanguage\":\"es\"},{\"@type\":\"Organization\",\"@id\":\"https:\/\/artigos.abelacosmetics.com\/#organization\",\"name\":\"Abela Cosmetics\",\"url\":\"https:\/\/artigos.abelacosmetics.com\/\",\"logo\":{\"@type\":\"ImageObject\",\"inLanguage\":\"es\",\"@id\":\"https:\/\/artigos.abelacosmetics.com\/#\/schema\/logo\/image\/\",\"url\":\"https:\/\/artigos.abelacosmetics.com\/wp-content\/uploads\/2023\/02\/logo-abela.png\",\"contentUrl\":\"https:\/\/artigos.abelacosmetics.com\/wp-content\/uploads\/2023\/02\/logo-abela.png\",\"width\":183,\"height\":90,\"caption\":\"Abela Cosmetics\"},\"image\":{\"@id\":\"https:\/\/artigos.abelacosmetics.com\/#\/schema\/logo\/image\/\"},\"sameAs\":[\"https:\/\/www.facebook.com\/abelacosmetics\"]},{\"@type\":\"Person\",\"@id\":\"https:\/\/artigos.abelacosmetics.com\/#\/schema\/person\/675710be590edb47293978092f4e20f4\",\"name\":\"admin\",\"image\":{\"@type\":\"ImageObject\",\"inLanguage\":\"es\",\"@id\":\"https:\/\/artigos.abelacosmetics.com\/#\/schema\/person\/image\/\",\"url\":\"https:\/\/secure.gravatar.com\/avatar\/ce9ccc2de538d30bcc33874c5a730e8e078e64fce402cb3cf0668a7439a0e654?s=96&d=mm&r=g\",\"contentUrl\":\"https:\/\/secure.gravatar.com\/avatar\/ce9ccc2de538d30bcc33874c5a730e8e078e64fce402cb3cf0668a7439a0e654?s=96&d=mm&r=g\",\"caption\":\"admin\"},\"sameAs\":[\"http:\/\/localhost\/abela-cosmetic\"],\"url\":\"https:\/\/artigos.abelacosmetics.com\/es\/author\/admin\/\"}]}<\/script>\n<!-- \/ Yoast SEO Premium plugin. -->","yoast_head_json":{"title":"9 dicas para manter os cabelos saud\u00e1veis no ver\u00e3o - Abela Cosmetics","description":"O ver\u00e3o est\u00e1 chegando! Mas n\u00e3o podemos esquecer dos nossos cabelos! Aqui vai algumas dicas para manter a sa\u00fade dos fios.","robots":{"index":"index","follow":"follow","max-snippet":"max-snippet:-1","max-image-preview":"max-image-preview:large","max-video-preview":"max-video-preview:-1"},"canonical":"https:\/\/artigos.abelacosmetics.com\/es\/cabelos-saudaveis-no-verao\/","og_locale":"es_ES","og_type":"article","og_title":"9 dicas para manter os cabelos saud\u00e1veis no ver\u00e3o","og_description":"O ver\u00e3o est\u00e1 chegando! Mas n\u00e3o podemos esquecer dos nossos cabelos! Aqui vai algumas dicas para manter a sa\u00fade dos fios.","og_url":"https:\/\/artigos.abelacosmetics.com\/es\/cabelos-saudaveis-no-verao\/","og_site_name":"Abela Cosmetics","article_publisher":"https:\/\/www.facebook.com\/abelacosmetics","article_published_time":"2021-12-28T21:02:04+00:00","article_modified_time":"2023-01-05T21:04:10+00:00","og_image":[{"width":850,"height":430,"url":"https:\/\/artigos.abelacosmetics.com\/wp-content\/uploads\/2022\/05\/manter-cabelos-saudaveis.jpg","type":"image\/jpeg"}],"author":"admin","twitter_card":"summary_large_image","twitter_misc":{"Escrito por":"admin","Tiempo de lectura":"7 minutos"},"schema":{"@context":"https:\/\/schema.org","@graph":[{"@type":"Article","@id":"https:\/\/artigos.abelacosmetics.com\/cabelos-saudaveis-no-verao\/#article","isPartOf":{"@id":"https:\/\/artigos.abelacosmetics.com\/cabelos-saudaveis-no-verao\/"},"author":{"name":"admin","@id":"https:\/\/artigos.abelacosmetics.com\/#\/schema\/person\/675710be590edb47293978092f4e20f4"},"headline":"9 dicas para manter os cabelos saud\u00e1veis no ver\u00e3o","datePublished":"2021-12-28T21:02:04+00:00","dateModified":"2023-01-05T21:04:10+00:00","mainEntityOfPage":{"@id":"https:\/\/artigos.abelacosmetics.com\/cabelos-saudaveis-no-verao\/"},"wordCount":1235,"commentCount":0,"publisher":{"@id":"https:\/\/artigos.abelacosmetics.com\/#organization"},"image":{"@id":"https:\/\/artigos.abelacosmetics.com\/cabelos-saudaveis-no-verao\/#primaryimage"},"thumbnailUrl":"https:\/\/artigos.abelacosmetics.com\/wp-content\/uploads\/2022\/05\/manter-cabelos-saudaveis.jpg","articleSection":["Informa\u00e7\u00f5es","Conhe\u00e7a seus cabelos"],"inLanguage":"es","potentialAction":[{"@type":"CommentAction","name":"Comment","target":["https:\/\/artigos.abelacosmetics.com\/cabelos-saudaveis-no-verao\/#respond"]}]},{"@type":"WebPage","@id":"https:\/\/artigos.abelacosmetics.com\/cabelos-saudaveis-no-verao\/","url":"https:\/\/artigos.abelacosmetics.com\/cabelos-saudaveis-no-verao\/","name":"9 dicas para manter os cabelos saud\u00e1veis no ver\u00e3o - Abela Cosmetics","isPartOf":{"@id":"https:\/\/artigos.abelacosmetics.com\/#website"},"primaryImageOfPage":{"@id":"https:\/\/artigos.abelacosmetics.com\/cabelos-saudaveis-no-verao\/#primaryimage"},"image":{"@id":"https:\/\/artigos.abelacosmetics.com\/cabelos-saudaveis-no-verao\/#primaryimage"},"thumbnailUrl":"https:\/\/artigos.abelacosmetics.com\/wp-content\/uploads\/2022\/05\/manter-cabelos-saudaveis.jpg","datePublished":"2021-12-28T21:02:04+00:00","dateModified":"2023-01-05T21:04:10+00:00","description":"O ver\u00e3o est\u00e1 chegando! Mas n\u00e3o podemos esquecer dos nossos cabelos! Aqui vai algumas dicas para manter a sa\u00fade dos fios.","breadcrumb":{"@id":"https:\/\/artigos.abelacosmetics.com\/cabelos-saudaveis-no-verao\/#breadcrumb"},"inLanguage":"es","potentialAction":[{"@type":"ReadAction","target":["https:\/\/artigos.abelacosmetics.com\/cabelos-saudaveis-no-verao\/"]}]},{"@type":"ImageObject","inLanguage":"es","@id":"https:\/\/artigos.abelacosmetics.com\/cabelos-saudaveis-no-verao\/#primaryimage","url":"https:\/\/artigos.abelacosmetics.com\/wp-content\/uploads\/2022\/05\/manter-cabelos-saudaveis.jpg","contentUrl":"https:\/\/artigos.abelacosmetics.com\/wp-content\/uploads\/2022\/05\/manter-cabelos-saudaveis.jpg","width":850,"height":430},{"@type":"BreadcrumbList","@id":"https:\/\/artigos.abelacosmetics.com\/cabelos-saudaveis-no-verao\/#breadcrumb","itemListElement":[{"@type":"ListItem","position":1,"name":"In\u00edcio","item":"https:\/\/artigos.abelacosmetics.com\/"},{"@type":"ListItem","position":2,"name":"9 dicas para manter os cabelos saud\u00e1veis no ver\u00e3o"}]},{"@type":"WebSite","@id":"https:\/\/artigos.abelacosmetics.com\/#website","url":"https:\/\/artigos.abelacosmetics.com\/","name":"Abela Cosmetics","description":"Cuidados para Cabelos \u00danicos","publisher":{"@id":"https:\/\/artigos.abelacosmetics.com\/#organization"},"potentialAction":[{"@type":"SearchAction","target":{"@type":"EntryPoint","urlTemplate":"https:\/\/artigos.abelacosmetics.com\/?s={search_term_string}"},"query-input":{"@type":"PropertyValueSpecification","valueRequired":true,"valueName":"search_term_string"}}],"inLanguage":"es"},{"@type":"Organization","@id":"https:\/\/artigos.abelacosmetics.com\/#organization","name":"Abela Cosmetics","url":"https:\/\/artigos.abelacosmetics.com\/","logo":{"@type":"ImageObject","inLanguage":"es","@id":"https:\/\/artigos.abelacosmetics.com\/#\/schema\/logo\/image\/","url":"https:\/\/artigos.abelacosmetics.com\/wp-content\/uploads\/2023\/02\/logo-abela.png","contentUrl":"https:\/\/artigos.abelacosmetics.com\/wp-content\/uploads\/2023\/02\/logo-abela.png","width":183,"height":90,"caption":"Abela Cosmetics"},"image":{"@id":"https:\/\/artigos.abelacosmetics.com\/#\/schema\/logo\/image\/"},"sameAs":["https:\/\/www.facebook.com\/abelacosmetics"]},{"@type":"Person","@id":"https:\/\/artigos.abelacosmetics.com\/#\/schema\/person\/675710be590edb47293978092f4e20f4","name":"admin","image":{"@type":"ImageObject","inLanguage":"es","@id":"https:\/\/artigos.abelacosmetics.com\/#\/schema\/person\/image\/","url":"https:\/\/secure.gravatar.com\/avatar\/ce9ccc2de538d30bcc33874c5a730e8e078e64fce402cb3cf0668a7439a0e654?s=96&d=mm&r=g","contentUrl":"https:\/\/secure.gravatar.com\/avatar\/ce9ccc2de538d30bcc33874c5a730e8e078e64fce402cb3cf0668a7439a0e654?s=96&d=mm&r=g","caption":"admin"},"sameAs":["http:\/\/localhost\/abela-cosmetic"],"url":"https:\/\/artigos.abelacosmetics.com\/es\/author\/admin\/"}]}},"_links":{"self":[{"href":"https:\/\/artigos.abelacosmetics.com\/es\/wp-json\/wp\/v2\/posts\/176","targetHints":{"allow":["GET"]}}],"collection":[{"href":"https:\/\/artigos.abelacosmetics.com\/es\/wp-json\/wp\/v2\/posts"}],"about":[{"href":"https:\/\/artigos.abelacosmetics.com\/es\/wp-json\/wp\/v2\/types\/post"}],"author":[{"embeddable":true,"href":"https:\/\/artigos.abelacosmetics.com\/es\/wp-json\/wp\/v2\/users\/1"}],"replies":[{"embeddable":true,"href":"https:\/\/artigos.abelacosmetics.com\/es\/wp-json\/wp\/v2\/comments?post=176"}],"version-history":[{"count":9,"href":"https:\/\/artigos.abelacosmetics.com\/es\/wp-json\/wp\/v2\/posts\/176\/revisions"}],"predecessor-version":[{"id":2264,"href":"https:\/\/artigos.abelacosmetics.com\/es\/wp-json\/wp\/v2\/posts\/176\/revisions\/2264"}],"wp:featuredmedia":[{"embeddable":true,"href":"https:\/\/artigos.abelacosmetics.com\/es\/wp-json\/wp\/v2\/media\/825"}],"wp:attachment":[{"href":"https:\/\/artigos.abelacosmetics.com\/es\/wp-json\/wp\/v2\/media?parent=176"}],"wp:term":[{"taxonomy":"category","embeddable":true,"href":"https:\/\/artigos.abelacosmetics.com\/es\/wp-json\/wp\/v2\/categories?post=176"},{"taxonomy":"post_tag","embeddable":true,"href":"https:\/\/artigos.abelacosmetics.com\/es\/wp-json\/wp\/v2\/tags?post=176"}],"curies":[{"name":"wp","href":"https:\/\/api.w.org\/{rel}","templated":true}]}}