{"id":1528,"date":"2022-10-21T11:35:49","date_gmt":"2022-10-21T14:35:49","guid":{"rendered":"https:\/\/artigos.abelacosmetics.com\/?p=1528"},"modified":"2023-01-05T17:56:37","modified_gmt":"2023-01-05T20:56:37","slug":"como-as-redes-sociais-podem-influenciar-em-uma-contratacao","status":"publish","type":"post","link":"https:\/\/artigos.abelacosmetics.com\/es\/como-as-redes-sociais-podem-influenciar-em-uma-contratacao\/","title":{"rendered":"As redes sociais podem influenciar na contrata\u00e7\u00e3o?"},"content":{"rendered":"<h2><\/h2>\n<h2><\/h2>\n<h2>Voc\u00ea sabia que o que voc\u00ea posta o seu empregador v\u00ea?<\/h2>\n<p>&nbsp;<\/p>\n<audio class=\"wp-audio-shortcode\" id=\"audio-1528-1\" preload=\"none\" style=\"width: 100%;\" controls=\"controls\"><source type=\"audio\/mpeg\" src=\"https:\/\/artigos.abelacosmetics.com\/wp-content\/uploads\/2022\/10\/Como-as-redes-sociaiS-1.mp3?_=1\" \/><a href=\"https:\/\/artigos.abelacosmetics.com\/wp-content\/uploads\/2022\/10\/Como-as-redes-sociaiS-1.mp3\">https:\/\/artigos.abelacosmetics.com\/wp-content\/uploads\/2022\/10\/Como-as-redes-sociaiS-1.mp3<\/a><\/audio>\n<p>&nbsp;<\/p>\n<p>Umas das coisas que n\u00e3o se pode negar \u00e9 que as redes sociais come\u00e7aram a ser de extrema import\u00e2ncia em v\u00e1rias \u00e1reas, entre elas, a \u00e1rea profissional.<\/p>\n<p>Isso porque, elas se tornaram uma imensa vitrine, onde \u00e9 poss\u00edvel observar praticamente cada passo que a pessoa d\u00e1, o que elas fazem e o que pensam. Atualmente, as pessoas as utilizam sem medir consequ\u00eancias e postam cada momento do seu dia, pensando nisso, os empregadores buscam estar sempre de olho. Por isso, aqui vamos falar sobre <strong>como as redes sociais podem influenciar em uma contrata\u00e7\u00e3o<\/strong>.<\/p>\n<p><img loading=\"lazy\" decoding=\"async\" class=\"alignnone wp-image-1531\" src=\"https:\/\/artigos.abelacosmetics.com\/wp-content\/uploads\/2022\/10\/1-5-300x169.png\" alt=\"\" width=\"1000\" height=\"563\" srcset=\"https:\/\/artigos.abelacosmetics.com\/wp-content\/uploads\/2022\/10\/1-5-300x169.png 300w, https:\/\/artigos.abelacosmetics.com\/wp-content\/uploads\/2022\/10\/1-5-1024x576.png 1024w, https:\/\/artigos.abelacosmetics.com\/wp-content\/uploads\/2022\/10\/1-5-768x432.png 768w, https:\/\/artigos.abelacosmetics.com\/wp-content\/uploads\/2022\/10\/1-5-1536x864.png 1536w, https:\/\/artigos.abelacosmetics.com\/wp-content\/uploads\/2022\/10\/1-5-18x10.png 18w, https:\/\/artigos.abelacosmetics.com\/wp-content\/uploads\/2022\/10\/1-5.png 1920w\" sizes=\"auto, (max-width: 1000px) 100vw, 1000px\" \/><\/p>\n<p>Se voc\u00ea achava que os empregadores olhavam apenas o seu LinkedIn, voc\u00ea est\u00e1 muito enganado, pois outras redes sociais como Instagram, Twitter e Facebook, tamb\u00e9m est\u00e3o na mira deles, mesmo que essas redes n\u00e3o sejam apenas de perfis profissionais, como \u00e9 o caso do LinkedIn.<\/p>\n<p>Eles fazem isso a fim de saber mais a fundo quem \u00e9 realmente a pessoa que est\u00e3o contratando, pois um curr\u00edculo apresenta a suas qualifica\u00e7\u00f5es, mas atrav\u00e9s de seus perfis nessas redes eles podem saber mais sobre a personalidade da pessoa e se \u00e9 realmente aquele perfil que querem contratar para sua empresa.<\/p>\n<p>Ou seja, aquela \u201colhada\u201d geral nas redes sociais j\u00e1 pode ser considerada mais uma etapa da contrata\u00e7\u00e3o. E pensando em te informar mais sobre este assunto fizemos este artigo e aqui voc\u00ea ver\u00e1 informa\u00e7\u00f5es super importantes, caso voc\u00ea esteja na etapa de contrata\u00e7\u00e3o ou procurando um emprego.<\/p>\n<h2>O que um empregador busca?<\/h2>\n<p>Conseguir ser contratado hoje em dia \u00e9 algo que anda cada vez mais dif\u00edcil, isso acontece porque, a concorr\u00eancia para uma determinada vaga est\u00e1 cada vez maior. Outra coisa que acaba dificultando muito tamb\u00e9m, s\u00e3o as in\u00fameras exig\u00eancias que os empregadores estabelecem antes de contratar algu\u00e9m, e buscando te ajudar com isso, aqui vamos falar algumas das principais coisas que as empresas costumam exigir dos seus funcion\u00e1rios, e aquilo que vai fazer voc\u00ea ter um destaque entre os demais concorrentes.<\/p>\n<p>Primeiramente, as empresas sempre buscam por pessoas mais independentes, proativas e que sejam boas em resolver os diversos tipos\u00a0 problemas que podem ter na empresa. Outra coisa que tamb\u00e9m chama muita aten\u00e7\u00e3o no mercado de trabalho s\u00e3o pessoas com habilidades anal\u00edticas, pois as empresas acreditam que o futuro est\u00e1 na m\u00e3o de pessoas com este cargo, que influenciam diretamente no crescimento da empresa.<\/p>\n<p>Al\u00e9m disso, um curr\u00edculo completo, com cursos extracurriculares, experi\u00eancias diferentes e programas de voluntariado, tamb\u00e9m pode fazer com que o seu perfil chame bastante aten\u00e7\u00e3o do empregador.<\/p>\n<p>Lembrando que al\u00e9m de tudo isso, tamb\u00e9m \u00e9 muito importante que voc\u00ea tenha bastante cuidado com as suas postagens nas redes sociais, pois os empregadores tamb\u00e9m olham elas para ter certeza se o seu perfil \u00e9 o ideal para a empresa. Por isso, busque sempre postar somente aquilo que vai te ajudar neste processo.<\/p>\n<h2>O que os empregadores olham nas redes sociais<\/h2>\n<p>Como j\u00e1 dito, as redes sociais servem como um meio que os empregadores olham para ter uma ideia mais precisa de quem voc\u00ea \u00e9 e sobre a sua personalidade, o que atrav\u00e9s apenas do curr\u00edculo e de entrevistas n\u00e3o d\u00e1. Ent\u00e3o vamos falar sobre as principais coisas que eles costumam olhar no seu perfil em cada rede social.<\/p>\n<p><img loading=\"lazy\" decoding=\"async\" class=\"alignnone wp-image-1532\" src=\"https:\/\/artigos.abelacosmetics.com\/wp-content\/uploads\/2022\/10\/2-5-300x169.png\" alt=\"\" width=\"1000\" height=\"563\" srcset=\"https:\/\/artigos.abelacosmetics.com\/wp-content\/uploads\/2022\/10\/2-5-300x169.png 300w, https:\/\/artigos.abelacosmetics.com\/wp-content\/uploads\/2022\/10\/2-5-1024x576.png 1024w, https:\/\/artigos.abelacosmetics.com\/wp-content\/uploads\/2022\/10\/2-5-768x432.png 768w, https:\/\/artigos.abelacosmetics.com\/wp-content\/uploads\/2022\/10\/2-5-1536x864.png 1536w, https:\/\/artigos.abelacosmetics.com\/wp-content\/uploads\/2022\/10\/2-5-18x10.png 18w, https:\/\/artigos.abelacosmetics.com\/wp-content\/uploads\/2022\/10\/2-5.png 1920w\" sizes=\"auto, (max-width: 1000px) 100vw, 1000px\" \/><\/p>\n<p>No Instagram eles costumam olhar seu n\u00famero de seguidores e qual o principal p\u00fablico que voc\u00ea atrai com o seu perfil, pois atrav\u00e9s dessas informa\u00e7\u00f5es conseguem ter uma ideia do qu\u00e3o soci\u00e1vel voc\u00ea \u00e9. Al\u00e9m disso, eles tamb\u00e9m olham a linguagem que voc\u00ea utiliza, como voc\u00ea se comunica com os seus seguidores, as fotos que voc\u00ea costuma postar no seu perfil e as publica\u00e7\u00f5es que voc\u00ea compartilha, que podem mostrar um pouco mais sobre o que voc\u00ea pensa.<\/p>\n<p>J\u00e1 no Facebook, eles olham a parte do seu perfil onde tem \u201cSobre\u201d que \u00e9 destinada para que voc\u00ea escreva um pouco mais sobre voc\u00ea, com suas informa\u00e7\u00f5es pessoais e profissionais. Outra coisa que eles tamb\u00e9m n\u00e3o deixam passar despercebido s\u00e3o as fotos do seu \u00e1lbum e a sua ortografia.<\/p>\n<p>Al\u00e9m dessas duas redes sociais que costumam ser mais ativas, os empregadores tamb\u00e9m n\u00e3o deixam de olhar o seu perfil no Twitter, pois fazem isso a fim de analisar as pessoas que voc\u00ea segue e se voc\u00ea compartilha publica\u00e7\u00f5es e informa\u00e7\u00f5es \u00fateis para o mercado.<\/p>\n<h2>Como as redes sociais podem influenciar em uma contrata\u00e7\u00e3o<\/h2>\n<p><img loading=\"lazy\" decoding=\"async\" class=\"alignnone wp-image-1533\" src=\"https:\/\/artigos.abelacosmetics.com\/wp-content\/uploads\/2022\/10\/3-5-300x169.png\" alt=\"\" width=\"1000\" height=\"563\" srcset=\"https:\/\/artigos.abelacosmetics.com\/wp-content\/uploads\/2022\/10\/3-5-300x169.png 300w, https:\/\/artigos.abelacosmetics.com\/wp-content\/uploads\/2022\/10\/3-5-1024x576.png 1024w, https:\/\/artigos.abelacosmetics.com\/wp-content\/uploads\/2022\/10\/3-5-768x432.png 768w, https:\/\/artigos.abelacosmetics.com\/wp-content\/uploads\/2022\/10\/3-5-1536x864.png 1536w, https:\/\/artigos.abelacosmetics.com\/wp-content\/uploads\/2022\/10\/3-5-18x10.png 18w, https:\/\/artigos.abelacosmetics.com\/wp-content\/uploads\/2022\/10\/3-5.png 1920w\" sizes=\"auto, (max-width: 1000px) 100vw, 1000px\" \/><\/p>\n<p>Assim como tudo que voc\u00ea diz pode ser usado contra voc\u00ea mesmo, as coisas que voc\u00ea posta, ou j\u00e1 postou nas suas redes tamb\u00e9m podem. Visto que a influ\u00eancia delas est\u00e1 sendo cada vez maior e mais impactante nesse meio, \u00e9 muito importante que voc\u00ea saiba que elas podem ser muito favor\u00e1veis quando s\u00e3o utilizadas de forma correta, como tamb\u00e9m podem ser totalmente desfavor\u00e1veis quando mal aplicadas.<\/p>\n<p>Lembrando que mesmo que as redes sociais tenham um car\u00e1ter mais pessoal, ou voc\u00ea tenha um perfil privado dentro delas, a partir do momento que voc\u00ea aceita outras pessoas, as suas publica\u00e7\u00f5es deixam de ser apenas suas e podem ser compartilhadas entre as pessoas. Por isso, para conseguir conquistar aquela vaga t\u00e3o sonhada \u00e9 preciso que voc\u00ea as utilize de uma forma que elas sejam vantajosas e \u00fateis para voc\u00ea neste processo, sem esquecer de mostrar quem voc\u00ea realmente \u00e9.<\/p>\n<h2>Cuidados que voc\u00ea deve ter nas redes sociais, n\u00e3o deixe isso influenciar na sua contrata\u00e7\u00e3o!<\/h2>\n<p>Tenha sempre em mente que um empregador vai analisar o seu perfil e ele pode decidir se voc\u00ea vai ser contratado ou n\u00e3o, por isso, tome sempre bastante cuidado e poste aquilo que voc\u00ea acha que eles gostariam de ver e pode deixar o seu perfil mais profissional e interessante.<\/p>\n<p>Tente sempre evitar postagens como: insatisfa\u00e7\u00f5es com um t\u00e9rmino ou um determinado relacionamento, fotos com roupas sensuais ou com bebidas alco\u00f3licas, v\u00eddeos com palavras de baixo cal\u00e3o ou falando palavr\u00f5es, frases ou postagens preconceituosas, frases sobre odiar acordar cedo ou trabalhar \u00e0s segundas-feiras, entre outras coisas que podem te prejudicar.<\/p>\n<p><img loading=\"lazy\" decoding=\"async\" class=\"alignnone wp-image-1534\" src=\"https:\/\/artigos.abelacosmetics.com\/wp-content\/uploads\/2022\/10\/4-4-300x169.png\" alt=\"\" width=\"1000\" height=\"563\" srcset=\"https:\/\/artigos.abelacosmetics.com\/wp-content\/uploads\/2022\/10\/4-4-300x169.png 300w, https:\/\/artigos.abelacosmetics.com\/wp-content\/uploads\/2022\/10\/4-4-1024x576.png 1024w, https:\/\/artigos.abelacosmetics.com\/wp-content\/uploads\/2022\/10\/4-4-768x432.png 768w, https:\/\/artigos.abelacosmetics.com\/wp-content\/uploads\/2022\/10\/4-4-1536x864.png 1536w, https:\/\/artigos.abelacosmetics.com\/wp-content\/uploads\/2022\/10\/4-4-18x10.png 18w, https:\/\/artigos.abelacosmetics.com\/wp-content\/uploads\/2022\/10\/4-4.png 1920w\" sizes=\"auto, (max-width: 1000px) 100vw, 1000px\" \/><\/p>\n<p>Troque essas publica\u00e7\u00f5es por: buscar sempre publicar artigos, seja um que voc\u00ea mesmo tenha escrito ou um que leu e acha relevante, livros que de alguma forma se relacionam com a sua \u00e1rea ou que tenha te interessado, comente sobre participa\u00e7\u00f5es em cursos, palestras, eventos, ou congressos que voc\u00ea tenha gostado. Isso te ajudar\u00e1 muito e deixar\u00e1 seu perfil muito mais s\u00e9rio e profissional, melhorando sua imagem com as empresas.<\/p>\n<p>Se voc\u00ea gostou deste artigo e deseja ter acesso a muitas outras informa\u00e7\u00f5es e artigos como este, <a href=\"https:\/\/artigos.abelacosmetics.com\/es\/\">visite o nosso site<\/a>!<\/p>\n<h2><img loading=\"lazy\" decoding=\"async\" class=\"alignnone wp-image-1535\" src=\"https:\/\/artigos.abelacosmetics.com\/wp-content\/uploads\/2022\/10\/blog-1200-x-680.-ultima-imagem-2-300x169.png\" alt=\"\" width=\"1200\" height=\"675\" srcset=\"https:\/\/artigos.abelacosmetics.com\/wp-content\/uploads\/2022\/10\/blog-1200-x-680.-ultima-imagem-2-300x169.png 300w, https:\/\/artigos.abelacosmetics.com\/wp-content\/uploads\/2022\/10\/blog-1200-x-680.-ultima-imagem-2-1024x576.png 1024w, https:\/\/artigos.abelacosmetics.com\/wp-content\/uploads\/2022\/10\/blog-1200-x-680.-ultima-imagem-2-768x432.png 768w, https:\/\/artigos.abelacosmetics.com\/wp-content\/uploads\/2022\/10\/blog-1200-x-680.-ultima-imagem-2-1536x864.png 1536w, https:\/\/artigos.abelacosmetics.com\/wp-content\/uploads\/2022\/10\/blog-1200-x-680.-ultima-imagem-2-18x10.png 18w, https:\/\/artigos.abelacosmetics.com\/wp-content\/uploads\/2022\/10\/blog-1200-x-680.-ultima-imagem-2.png 1920w\" sizes=\"auto, (max-width: 1200px) 100vw, 1200px\" \/><\/h2>","protected":false},"excerpt":{"rendered":"<p>Voc\u00ea sabia que o que voc\u00ea posta o seu empregador v\u00ea? &nbsp; &nbsp; Umas das coisas que n\u00e3o se pode negar \u00e9 que as redes sociais come\u00e7aram a ser de extrema import\u00e2ncia em v\u00e1rias \u00e1reas, entre elas, a \u00e1rea profissional. Isso porque, elas se tornaram uma imensa vitrine, onde \u00e9 poss\u00edvel observar praticamente cada passo [&hellip;]<\/p>","protected":false},"author":1,"featured_media":1529,"comment_status":"open","ping_status":"open","sticky":false,"template":"","format":"standard","meta":{"_acf_changed":false,"_mo_disable_npp":"","inline_featured_image":false,"footnotes":""},"categories":[32,1],"tags":[],"class_list":["post-1528","post","type-post","status-publish","format-standard","has-post-thumbnail","hentry","category-informacoes","category-novidades"],"acf":[],"yoast_head":"<!-- This site is optimized with the Yoast SEO Premium plugin v19.2.1 (Yoast SEO v26.9) - https:\/\/yoast.com\/product\/yoast-seo-premium-wordpress\/ -->\n<title>As redes sociais podem influenciar na contrata\u00e7\u00e3o? - Abela Cosmetics<\/title>\n<meta name=\"description\" content=\"Clique aqui e confira como as redes sociais podem influenciar em uma contrata\u00e7\u00e3o e quais s\u00e3o os cuidados que voc\u00ea deve ter.\" \/>\n<meta name=\"robots\" content=\"index, follow, max-snippet:-1, max-image-preview:large, max-video-preview:-1\" \/>\n<link rel=\"canonical\" href=\"https:\/\/artigos.abelacosmetics.com\/es\/como-as-redes-sociais-podem-influenciar-em-uma-contratacao\/\" \/>\n<meta property=\"og:locale\" content=\"es_ES\" \/>\n<meta property=\"og:type\" content=\"article\" \/>\n<meta property=\"og:title\" content=\"As redes sociais podem influenciar na contrata\u00e7\u00e3o?\" \/>\n<meta property=\"og:description\" content=\"Clique aqui e confira como as redes sociais podem influenciar em uma contrata\u00e7\u00e3o e quais s\u00e3o os cuidados que voc\u00ea deve ter.\" \/>\n<meta property=\"og:url\" content=\"https:\/\/artigos.abelacosmetics.com\/es\/como-as-redes-sociais-podem-influenciar-em-uma-contratacao\/\" \/>\n<meta property=\"og:site_name\" content=\"Abela Cosmetics\" \/>\n<meta property=\"article:publisher\" content=\"https:\/\/www.facebook.com\/abelacosmetics\" \/>\n<meta property=\"article:published_time\" content=\"2022-10-21T14:35:49+00:00\" \/>\n<meta property=\"article:modified_time\" content=\"2023-01-05T20:56:37+00:00\" \/>\n<meta property=\"og:image\" content=\"https:\/\/artigos.abelacosmetics.com\/wp-content\/uploads\/2022\/10\/imagem-do-Post-2.png\" \/>\n\t<meta property=\"og:image:width\" content=\"850\" \/>\n\t<meta property=\"og:image:height\" content=\"430\" \/>\n\t<meta property=\"og:image:type\" content=\"image\/png\" \/>\n<meta name=\"author\" content=\"admin\" \/>\n<meta name=\"twitter:card\" content=\"summary_large_image\" \/>\n<meta name=\"twitter:label1\" content=\"Escrito por\" \/>\n\t<meta name=\"twitter:data1\" content=\"admin\" \/>\n\t<meta name=\"twitter:label2\" content=\"Tiempo de lectura\" \/>\n\t<meta name=\"twitter:data2\" content=\"7 minutos\" \/>\n<script type=\"application\/ld+json\" class=\"yoast-schema-graph\">{\"@context\":\"https:\/\/schema.org\",\"@graph\":[{\"@type\":\"Article\",\"@id\":\"https:\/\/artigos.abelacosmetics.com\/como-as-redes-sociais-podem-influenciar-em-uma-contratacao\/#article\",\"isPartOf\":{\"@id\":\"https:\/\/artigos.abelacosmetics.com\/como-as-redes-sociais-podem-influenciar-em-uma-contratacao\/\"},\"author\":{\"name\":\"admin\",\"@id\":\"https:\/\/artigos.abelacosmetics.com\/#\/schema\/person\/675710be590edb47293978092f4e20f4\"},\"headline\":\"As redes sociais podem influenciar na contrata\u00e7\u00e3o?\",\"datePublished\":\"2022-10-21T14:35:49+00:00\",\"dateModified\":\"2023-01-05T20:56:37+00:00\",\"mainEntityOfPage\":{\"@id\":\"https:\/\/artigos.abelacosmetics.com\/como-as-redes-sociais-podem-influenciar-em-uma-contratacao\/\"},\"wordCount\":1169,\"commentCount\":0,\"publisher\":{\"@id\":\"https:\/\/artigos.abelacosmetics.com\/#organization\"},\"image\":{\"@id\":\"https:\/\/artigos.abelacosmetics.com\/como-as-redes-sociais-podem-influenciar-em-uma-contratacao\/#primaryimage\"},\"thumbnailUrl\":\"https:\/\/artigos.abelacosmetics.com\/wp-content\/uploads\/2022\/10\/imagem-do-Post-2.png\",\"articleSection\":[\"Informa\u00e7\u00f5es\",\"Novidades\"],\"inLanguage\":\"es\",\"potentialAction\":[{\"@type\":\"CommentAction\",\"name\":\"Comment\",\"target\":[\"https:\/\/artigos.abelacosmetics.com\/como-as-redes-sociais-podem-influenciar-em-uma-contratacao\/#respond\"]}]},{\"@type\":\"WebPage\",\"@id\":\"https:\/\/artigos.abelacosmetics.com\/como-as-redes-sociais-podem-influenciar-em-uma-contratacao\/\",\"url\":\"https:\/\/artigos.abelacosmetics.com\/como-as-redes-sociais-podem-influenciar-em-uma-contratacao\/\",\"name\":\"As redes sociais podem influenciar na contrata\u00e7\u00e3o? - Abela Cosmetics\",\"isPartOf\":{\"@id\":\"https:\/\/artigos.abelacosmetics.com\/#website\"},\"primaryImageOfPage\":{\"@id\":\"https:\/\/artigos.abelacosmetics.com\/como-as-redes-sociais-podem-influenciar-em-uma-contratacao\/#primaryimage\"},\"image\":{\"@id\":\"https:\/\/artigos.abelacosmetics.com\/como-as-redes-sociais-podem-influenciar-em-uma-contratacao\/#primaryimage\"},\"thumbnailUrl\":\"https:\/\/artigos.abelacosmetics.com\/wp-content\/uploads\/2022\/10\/imagem-do-Post-2.png\",\"datePublished\":\"2022-10-21T14:35:49+00:00\",\"dateModified\":\"2023-01-05T20:56:37+00:00\",\"description\":\"Clique aqui e confira como as redes sociais podem influenciar em uma contrata\u00e7\u00e3o e quais s\u00e3o os cuidados que voc\u00ea deve ter.\",\"breadcrumb\":{\"@id\":\"https:\/\/artigos.abelacosmetics.com\/como-as-redes-sociais-podem-influenciar-em-uma-contratacao\/#breadcrumb\"},\"inLanguage\":\"es\",\"potentialAction\":[{\"@type\":\"ReadAction\",\"target\":[\"https:\/\/artigos.abelacosmetics.com\/como-as-redes-sociais-podem-influenciar-em-uma-contratacao\/\"]}]},{\"@type\":\"ImageObject\",\"inLanguage\":\"es\",\"@id\":\"https:\/\/artigos.abelacosmetics.com\/como-as-redes-sociais-podem-influenciar-em-uma-contratacao\/#primaryimage\",\"url\":\"https:\/\/artigos.abelacosmetics.com\/wp-content\/uploads\/2022\/10\/imagem-do-Post-2.png\",\"contentUrl\":\"https:\/\/artigos.abelacosmetics.com\/wp-content\/uploads\/2022\/10\/imagem-do-Post-2.png\",\"width\":850,\"height\":430},{\"@type\":\"BreadcrumbList\",\"@id\":\"https:\/\/artigos.abelacosmetics.com\/como-as-redes-sociais-podem-influenciar-em-uma-contratacao\/#breadcrumb\",\"itemListElement\":[{\"@type\":\"ListItem\",\"position\":1,\"name\":\"In\u00edcio\",\"item\":\"https:\/\/artigos.abelacosmetics.com\/\"},{\"@type\":\"ListItem\",\"position\":2,\"name\":\"As redes sociais podem influenciar na contrata\u00e7\u00e3o?\"}]},{\"@type\":\"WebSite\",\"@id\":\"https:\/\/artigos.abelacosmetics.com\/#website\",\"url\":\"https:\/\/artigos.abelacosmetics.com\/\",\"name\":\"Abela Cosmetics\",\"description\":\"Cuidados para Cabelos \u00danicos\",\"publisher\":{\"@id\":\"https:\/\/artigos.abelacosmetics.com\/#organization\"},\"potentialAction\":[{\"@type\":\"SearchAction\",\"target\":{\"@type\":\"EntryPoint\",\"urlTemplate\":\"https:\/\/artigos.abelacosmetics.com\/?s={search_term_string}\"},\"query-input\":{\"@type\":\"PropertyValueSpecification\",\"valueRequired\":true,\"valueName\":\"search_term_string\"}}],\"inLanguage\":\"es\"},{\"@type\":\"Organization\",\"@id\":\"https:\/\/artigos.abelacosmetics.com\/#organization\",\"name\":\"Abela Cosmetics\",\"url\":\"https:\/\/artigos.abelacosmetics.com\/\",\"logo\":{\"@type\":\"ImageObject\",\"inLanguage\":\"es\",\"@id\":\"https:\/\/artigos.abelacosmetics.com\/#\/schema\/logo\/image\/\",\"url\":\"https:\/\/artigos.abelacosmetics.com\/wp-content\/uploads\/2023\/02\/logo-abela.png\",\"contentUrl\":\"https:\/\/artigos.abelacosmetics.com\/wp-content\/uploads\/2023\/02\/logo-abela.png\",\"width\":183,\"height\":90,\"caption\":\"Abela Cosmetics\"},\"image\":{\"@id\":\"https:\/\/artigos.abelacosmetics.com\/#\/schema\/logo\/image\/\"},\"sameAs\":[\"https:\/\/www.facebook.com\/abelacosmetics\"]},{\"@type\":\"Person\",\"@id\":\"https:\/\/artigos.abelacosmetics.com\/#\/schema\/person\/675710be590edb47293978092f4e20f4\",\"name\":\"admin\",\"image\":{\"@type\":\"ImageObject\",\"inLanguage\":\"es\",\"@id\":\"https:\/\/artigos.abelacosmetics.com\/#\/schema\/person\/image\/\",\"url\":\"https:\/\/secure.gravatar.com\/avatar\/ce9ccc2de538d30bcc33874c5a730e8e078e64fce402cb3cf0668a7439a0e654?s=96&d=mm&r=g\",\"contentUrl\":\"https:\/\/secure.gravatar.com\/avatar\/ce9ccc2de538d30bcc33874c5a730e8e078e64fce402cb3cf0668a7439a0e654?s=96&d=mm&r=g\",\"caption\":\"admin\"},\"sameAs\":[\"http:\/\/localhost\/abela-cosmetic\"],\"url\":\"https:\/\/artigos.abelacosmetics.com\/es\/author\/admin\/\"}]}<\/script>\n<!-- \/ Yoast SEO Premium plugin. -->","yoast_head_json":{"title":"As redes sociais podem influenciar na contrata\u00e7\u00e3o? - Abela Cosmetics","description":"Clique aqui e confira como as redes sociais podem influenciar em uma contrata\u00e7\u00e3o e quais s\u00e3o os cuidados que voc\u00ea deve ter.","robots":{"index":"index","follow":"follow","max-snippet":"max-snippet:-1","max-image-preview":"max-image-preview:large","max-video-preview":"max-video-preview:-1"},"canonical":"https:\/\/artigos.abelacosmetics.com\/es\/como-as-redes-sociais-podem-influenciar-em-uma-contratacao\/","og_locale":"es_ES","og_type":"article","og_title":"As redes sociais podem influenciar na contrata\u00e7\u00e3o?","og_description":"Clique aqui e confira como as redes sociais podem influenciar em uma contrata\u00e7\u00e3o e quais s\u00e3o os cuidados que voc\u00ea deve ter.","og_url":"https:\/\/artigos.abelacosmetics.com\/es\/como-as-redes-sociais-podem-influenciar-em-uma-contratacao\/","og_site_name":"Abela Cosmetics","article_publisher":"https:\/\/www.facebook.com\/abelacosmetics","article_published_time":"2022-10-21T14:35:49+00:00","article_modified_time":"2023-01-05T20:56:37+00:00","og_image":[{"width":850,"height":430,"url":"https:\/\/artigos.abelacosmetics.com\/wp-content\/uploads\/2022\/10\/imagem-do-Post-2.png","type":"image\/png"}],"author":"admin","twitter_card":"summary_large_image","twitter_misc":{"Escrito por":"admin","Tiempo de lectura":"7 minutos"},"schema":{"@context":"https:\/\/schema.org","@graph":[{"@type":"Article","@id":"https:\/\/artigos.abelacosmetics.com\/como-as-redes-sociais-podem-influenciar-em-uma-contratacao\/#article","isPartOf":{"@id":"https:\/\/artigos.abelacosmetics.com\/como-as-redes-sociais-podem-influenciar-em-uma-contratacao\/"},"author":{"name":"admin","@id":"https:\/\/artigos.abelacosmetics.com\/#\/schema\/person\/675710be590edb47293978092f4e20f4"},"headline":"As redes sociais podem influenciar na contrata\u00e7\u00e3o?","datePublished":"2022-10-21T14:35:49+00:00","dateModified":"2023-01-05T20:56:37+00:00","mainEntityOfPage":{"@id":"https:\/\/artigos.abelacosmetics.com\/como-as-redes-sociais-podem-influenciar-em-uma-contratacao\/"},"wordCount":1169,"commentCount":0,"publisher":{"@id":"https:\/\/artigos.abelacosmetics.com\/#organization"},"image":{"@id":"https:\/\/artigos.abelacosmetics.com\/como-as-redes-sociais-podem-influenciar-em-uma-contratacao\/#primaryimage"},"thumbnailUrl":"https:\/\/artigos.abelacosmetics.com\/wp-content\/uploads\/2022\/10\/imagem-do-Post-2.png","articleSection":["Informa\u00e7\u00f5es","Novidades"],"inLanguage":"es","potentialAction":[{"@type":"CommentAction","name":"Comment","target":["https:\/\/artigos.abelacosmetics.com\/como-as-redes-sociais-podem-influenciar-em-uma-contratacao\/#respond"]}]},{"@type":"WebPage","@id":"https:\/\/artigos.abelacosmetics.com\/como-as-redes-sociais-podem-influenciar-em-uma-contratacao\/","url":"https:\/\/artigos.abelacosmetics.com\/como-as-redes-sociais-podem-influenciar-em-uma-contratacao\/","name":"As redes sociais podem influenciar na contrata\u00e7\u00e3o? - Abela Cosmetics","isPartOf":{"@id":"https:\/\/artigos.abelacosmetics.com\/#website"},"primaryImageOfPage":{"@id":"https:\/\/artigos.abelacosmetics.com\/como-as-redes-sociais-podem-influenciar-em-uma-contratacao\/#primaryimage"},"image":{"@id":"https:\/\/artigos.abelacosmetics.com\/como-as-redes-sociais-podem-influenciar-em-uma-contratacao\/#primaryimage"},"thumbnailUrl":"https:\/\/artigos.abelacosmetics.com\/wp-content\/uploads\/2022\/10\/imagem-do-Post-2.png","datePublished":"2022-10-21T14:35:49+00:00","dateModified":"2023-01-05T20:56:37+00:00","description":"Clique aqui e confira como as redes sociais podem influenciar em uma contrata\u00e7\u00e3o e quais s\u00e3o os cuidados que voc\u00ea deve ter.","breadcrumb":{"@id":"https:\/\/artigos.abelacosmetics.com\/como-as-redes-sociais-podem-influenciar-em-uma-contratacao\/#breadcrumb"},"inLanguage":"es","potentialAction":[{"@type":"ReadAction","target":["https:\/\/artigos.abelacosmetics.com\/como-as-redes-sociais-podem-influenciar-em-uma-contratacao\/"]}]},{"@type":"ImageObject","inLanguage":"es","@id":"https:\/\/artigos.abelacosmetics.com\/como-as-redes-sociais-podem-influenciar-em-uma-contratacao\/#primaryimage","url":"https:\/\/artigos.abelacosmetics.com\/wp-content\/uploads\/2022\/10\/imagem-do-Post-2.png","contentUrl":"https:\/\/artigos.abelacosmetics.com\/wp-content\/uploads\/2022\/10\/imagem-do-Post-2.png","width":850,"height":430},{"@type":"BreadcrumbList","@id":"https:\/\/artigos.abelacosmetics.com\/como-as-redes-sociais-podem-influenciar-em-uma-contratacao\/#breadcrumb","itemListElement":[{"@type":"ListItem","position":1,"name":"In\u00edcio","item":"https:\/\/artigos.abelacosmetics.com\/"},{"@type":"ListItem","position":2,"name":"As redes sociais podem influenciar na contrata\u00e7\u00e3o?"}]},{"@type":"WebSite","@id":"https:\/\/artigos.abelacosmetics.com\/#website","url":"https:\/\/artigos.abelacosmetics.com\/","name":"Abela Cosmetics","description":"Cuidados para Cabelos \u00danicos","publisher":{"@id":"https:\/\/artigos.abelacosmetics.com\/#organization"},"potentialAction":[{"@type":"SearchAction","target":{"@type":"EntryPoint","urlTemplate":"https:\/\/artigos.abelacosmetics.com\/?s={search_term_string}"},"query-input":{"@type":"PropertyValueSpecification","valueRequired":true,"valueName":"search_term_string"}}],"inLanguage":"es"},{"@type":"Organization","@id":"https:\/\/artigos.abelacosmetics.com\/#organization","name":"Abela Cosmetics","url":"https:\/\/artigos.abelacosmetics.com\/","logo":{"@type":"ImageObject","inLanguage":"es","@id":"https:\/\/artigos.abelacosmetics.com\/#\/schema\/logo\/image\/","url":"https:\/\/artigos.abelacosmetics.com\/wp-content\/uploads\/2023\/02\/logo-abela.png","contentUrl":"https:\/\/artigos.abelacosmetics.com\/wp-content\/uploads\/2023\/02\/logo-abela.png","width":183,"height":90,"caption":"Abela Cosmetics"},"image":{"@id":"https:\/\/artigos.abelacosmetics.com\/#\/schema\/logo\/image\/"},"sameAs":["https:\/\/www.facebook.com\/abelacosmetics"]},{"@type":"Person","@id":"https:\/\/artigos.abelacosmetics.com\/#\/schema\/person\/675710be590edb47293978092f4e20f4","name":"admin","image":{"@type":"ImageObject","inLanguage":"es","@id":"https:\/\/artigos.abelacosmetics.com\/#\/schema\/person\/image\/","url":"https:\/\/secure.gravatar.com\/avatar\/ce9ccc2de538d30bcc33874c5a730e8e078e64fce402cb3cf0668a7439a0e654?s=96&d=mm&r=g","contentUrl":"https:\/\/secure.gravatar.com\/avatar\/ce9ccc2de538d30bcc33874c5a730e8e078e64fce402cb3cf0668a7439a0e654?s=96&d=mm&r=g","caption":"admin"},"sameAs":["http:\/\/localhost\/abela-cosmetic"],"url":"https:\/\/artigos.abelacosmetics.com\/es\/author\/admin\/"}]}},"_links":{"self":[{"href":"https:\/\/artigos.abelacosmetics.com\/es\/wp-json\/wp\/v2\/posts\/1528","targetHints":{"allow":["GET"]}}],"collection":[{"href":"https:\/\/artigos.abelacosmetics.com\/es\/wp-json\/wp\/v2\/posts"}],"about":[{"href":"https:\/\/artigos.abelacosmetics.com\/es\/wp-json\/wp\/v2\/types\/post"}],"author":[{"embeddable":true,"href":"https:\/\/artigos.abelacosmetics.com\/es\/wp-json\/wp\/v2\/users\/1"}],"replies":[{"embeddable":true,"href":"https:\/\/artigos.abelacosmetics.com\/es\/wp-json\/wp\/v2\/comments?post=1528"}],"version-history":[{"count":8,"href":"https:\/\/artigos.abelacosmetics.com\/es\/wp-json\/wp\/v2\/posts\/1528\/revisions"}],"predecessor-version":[{"id":2232,"href":"https:\/\/artigos.abelacosmetics.com\/es\/wp-json\/wp\/v2\/posts\/1528\/revisions\/2232"}],"wp:featuredmedia":[{"embeddable":true,"href":"https:\/\/artigos.abelacosmetics.com\/es\/wp-json\/wp\/v2\/media\/1529"}],"wp:attachment":[{"href":"https:\/\/artigos.abelacosmetics.com\/es\/wp-json\/wp\/v2\/media?parent=1528"}],"wp:term":[{"taxonomy":"category","embeddable":true,"href":"https:\/\/artigos.abelacosmetics.com\/es\/wp-json\/wp\/v2\/categories?post=1528"},{"taxonomy":"post_tag","embeddable":true,"href":"https:\/\/artigos.abelacosmetics.com\/es\/wp-json\/wp\/v2\/tags?post=1528"}],"curies":[{"name":"wp","href":"https:\/\/api.w.org\/{rel}","templated":true}]}}