{"id":1450,"date":"2022-10-06T17:31:05","date_gmt":"2022-10-06T20:31:05","guid":{"rendered":"https:\/\/artigos.abelacosmetics.com\/?p=1450"},"modified":"2023-01-05T18:11:47","modified_gmt":"2023-01-05T21:11:47","slug":"importancia-da-agua-e-da-alimentacao-para-os-cabelos","status":"publish","type":"post","link":"https:\/\/artigos.abelacosmetics.com\/es\/importancia-da-agua-e-da-alimentacao-para-os-cabelos\/","title":{"rendered":"Como a \u00e1gua e alimenta\u00e7\u00e3o s\u00e3o aliadas de um cabelo saud\u00e1vel? Confira dicas valiosas."},"content":{"rendered":"<p>&nbsp;<\/p>\n<p>&nbsp;<\/p>\n<p>Muito se fala sobre produtos para os diversos tipos de cabelo, mas voc\u00ea j\u00e1 conhece a <strong>import\u00e2ncia da \u00e1gua e da alimenta\u00e7\u00e3o para os cabelos?<\/strong><\/p>\n<p>&nbsp;<\/p>\n<audio class=\"wp-audio-shortcode\" id=\"audio-1450-1\" preload=\"none\" style=\"width: 100%;\" controls=\"controls\"><source type=\"audio\/mpeg\" src=\"https:\/\/artigos.abelacosmetics.com\/wp-content\/uploads\/2022\/10\/Como-a-gua-e-alimentao-so-aliadas-de-um-cabelo-saudavel-1.mp3?_=1\" \/><a href=\"https:\/\/artigos.abelacosmetics.com\/wp-content\/uploads\/2022\/10\/Como-a-gua-e-alimentao-so-aliadas-de-um-cabelo-saudavel-1.mp3\">https:\/\/artigos.abelacosmetics.com\/wp-content\/uploads\/2022\/10\/Como-a-gua-e-alimentao-so-aliadas-de-um-cabelo-saudavel-1.mp3<\/a><\/audio>\n<p>&nbsp;<\/p>\n<p>Ter cabelos bonitos e saud\u00e1veis \u00e9 sin\u00f4nimo de beleza e, em diversas culturas, o cabelo \u00e9 algo extremamente valorizado, por isso, h\u00e1 grande preocupa\u00e7\u00e3o em manter os fios mais fortes.<\/p>\n<p>Atualmente j\u00e1 existem <u><a href=\"https:\/\/ansj.com.br\/journal\/index.php\/ans\/article\/view\/5\">estudos cient\u00edficos<\/a><\/u> explicando a rela\u00e7\u00e3o entre alimenta\u00e7\u00e3o e sa\u00fade capilar. Portanto, \u00e9 um tema que possui respaldo e j\u00e1 est\u00e1 bem documentado.<\/p>\n<p>Neste artigo iremos esclarecer quais nutrientes s\u00e3o mais importantes para a sa\u00fade capilar, qual \u00e9 o papel da \u00e1gua para que os cabelos estejam sempre bonitos, al\u00e9m de dar dicas de quais alimentos voc\u00ea deve consumir para manter a sa\u00fade dos seus fios em dia. Boa leitura!<\/p>\n<h2><strong>Import\u00e2ncia da alimenta\u00e7\u00e3o e da \u00e1gua na sa\u00fade dos cabelos<\/strong><\/h2>\n<p><img loading=\"lazy\" decoding=\"async\" class=\"alignnone wp-image-1452\" src=\"https:\/\/artigos.abelacosmetics.com\/wp-content\/uploads\/2022\/10\/11-300x169.png\" alt=\"\" width=\"1010\" height=\"569\" srcset=\"https:\/\/artigos.abelacosmetics.com\/wp-content\/uploads\/2022\/10\/11-300x169.png 300w, https:\/\/artigos.abelacosmetics.com\/wp-content\/uploads\/2022\/10\/11-1024x576.png 1024w, https:\/\/artigos.abelacosmetics.com\/wp-content\/uploads\/2022\/10\/11-768x432.png 768w, https:\/\/artigos.abelacosmetics.com\/wp-content\/uploads\/2022\/10\/11-1536x864.png 1536w, https:\/\/artigos.abelacosmetics.com\/wp-content\/uploads\/2022\/10\/11-18x10.png 18w, https:\/\/artigos.abelacosmetics.com\/wp-content\/uploads\/2022\/10\/11.png 1920w\" sizes=\"auto, (max-width: 1010px) 100vw, 1010px\" \/><\/p>\n<p>Antes de mais nada, \u00e9 importante lembrar que a ingest\u00e3o h\u00eddrica e a alimenta\u00e7\u00e3o exercem influ\u00eancia no funcionamento do organismo como um todo.<\/p>\n<p>Se voc\u00ea n\u00e3o consome \u00e1gua na quantidade recomendada (pelo menos 2 litros por dia), sua pele, seus olhos e seus cabelos certamente v\u00e3o ficar ressecados. Os cabelos, mais especificamente, ficar\u00e3o opacos e sem brilho.<\/p>\n<p>Al\u00e9m disso, a \u00e1gua tamb\u00e9m \u00e9 importante para manter um ritmo intestinal adequado, a fim de evitar a constipa\u00e7\u00e3o. Portanto, preste aten\u00e7\u00e3o e lembre-se de estar sempre bebendo.<\/p>\n<p>Quanto \u00e0 alimenta\u00e7\u00e3o, o que n\u00f3s ingerimos influencia todos os processos que ocorrem no corpo, desde a forma\u00e7\u00e3o das c\u00e9lulas, o modo que o sistema imunol\u00f3gico responde a uma gripe, at\u00e9 o aspecto do cabelo e das unhas.<\/p>\n<p>Tanto a falta quanto o excesso de nutrientes podem ser prejudiciais, por isso, \u00e9 importante manter o equil\u00edbrio e, sempre que poss\u00edvel, buscar a ajuda de um profissional capacitado (nutricionista) para cuidar da alimenta\u00e7\u00e3o.<\/p>\n<h2><strong>A sa\u00fade dos cabelos vem de dentro para fora <\/strong><\/h2>\n<p>Al\u00e9m de utilizar shampoo, m\u00e1scara de tratamento, condicionador e outros produtos espec\u00edficos para cabelos lisos, ondulados, cacheados e crespos, os cabelos precisam, antes de mais nada, de nutrientes adequados, obtidos a partir da dieta.<\/p>\n<p>Ou seja, a sa\u00fade capilar come\u00e7a com a ingest\u00e3o dos nutrientes nas quantidades adequadas, portanto, \u00e9 um processo que acontece de dentro para fora.<\/p>\n<p>Veja a seguir qual \u00e9 o papel de cada nutriente na sa\u00fade dos cabelos.<\/p>\n<h3><strong>Prote\u00ednas<\/strong><\/h3>\n<p><img loading=\"lazy\" decoding=\"async\" class=\"alignnone wp-image-1453\" src=\"https:\/\/artigos.abelacosmetics.com\/wp-content\/uploads\/2022\/10\/1-2-300x300.png\" alt=\"\" width=\"512\" height=\"512\" srcset=\"https:\/\/artigos.abelacosmetics.com\/wp-content\/uploads\/2022\/10\/1-2-300x300.png 300w, https:\/\/artigos.abelacosmetics.com\/wp-content\/uploads\/2022\/10\/1-2-150x150.png 150w, https:\/\/artigos.abelacosmetics.com\/wp-content\/uploads\/2022\/10\/1-2-768x768.png 768w, https:\/\/artigos.abelacosmetics.com\/wp-content\/uploads\/2022\/10\/1-2-12x12.png 12w, https:\/\/artigos.abelacosmetics.com\/wp-content\/uploads\/2022\/10\/1-2.png 1000w\" sizes=\"auto, (max-width: 512px) 100vw, 512px\" \/><\/p>\n<p>As prote\u00ednas s\u00e3o um dos principais nutrientes que comp\u00f5em a estrutura da fibra capilar. S\u00e3o elas que conferem a resist\u00eancia e o aspecto encorpado dos fios de cabelo.<\/p>\n<p>Cerca de 80% dos fios de cabelo s\u00e3o constitu\u00eddos por uma prote\u00edna chamada queratina, que inclusive \u00e9 muito utilizada em procedimentos para recuperar a sa\u00fade dos fios.<\/p>\n<p>Sendo assim, \u00e9 importante manter um consumo regular de alimentos fonte de prote\u00ednas para fornecer os amino\u00e1cidos necess\u00e1rios para a forma\u00e7\u00e3o da queratina.<\/p>\n<h3><strong>Vitaminas<\/strong><\/h3>\n<p><img loading=\"lazy\" decoding=\"async\" class=\"alignnone wp-image-1455\" src=\"https:\/\/artigos.abelacosmetics.com\/wp-content\/uploads\/2022\/10\/2-2-300x300.png\" alt=\"\" width=\"511\" height=\"511\" srcset=\"https:\/\/artigos.abelacosmetics.com\/wp-content\/uploads\/2022\/10\/2-2-300x300.png 300w, https:\/\/artigos.abelacosmetics.com\/wp-content\/uploads\/2022\/10\/2-2-150x150.png 150w, https:\/\/artigos.abelacosmetics.com\/wp-content\/uploads\/2022\/10\/2-2-768x768.png 768w, https:\/\/artigos.abelacosmetics.com\/wp-content\/uploads\/2022\/10\/2-2-12x12.png 12w, https:\/\/artigos.abelacosmetics.com\/wp-content\/uploads\/2022\/10\/2-2.png 1000w\" sizes=\"auto, (max-width: 511px) 100vw, 511px\" \/><\/p>\n<p>As vitaminas s\u00e3o micronutrientes, isto \u00e9, s\u00e3o nutrientes que precisamos ingerir em pequenas quantidades todos os dias, mas caso n\u00e3o sejam consumidas regularmente, sua defici\u00eancia pode causar sinais e sintomas consider\u00e1veis.<\/p>\n<p>Todas as vitaminas s\u00e3o importantes para a sa\u00fade e acabam refletindo em cabelos mais ou menos nutridos. Contudo, as vitaminas mais relacionadas com a sa\u00fade capilar s\u00e3o as seguintes:<\/p>\n<p>Vitamina A, que \u00e9 um dos componentes dos fios, al\u00e9m de influenciar no crescimento do cabelo.<\/p>\n<p>Vitamina C, que \u00e9 important\u00edssima para a forma\u00e7\u00e3o do col\u00e1geno, um tipo de prote\u00edna que faz parte da estrutura dos fios de cabelo.<\/p>\n<p>As vitaminas do complexo B s\u00e3o: tiamina (B1), riboflavina (B2), \u00e1cido pantot\u00eanico (B5), piridoxina (B6), biotina (B8), folato (B9) e cobalamina (B12).<\/p>\n<p>Essas vitaminas s\u00e3o fundamentais para a nutri\u00e7\u00e3o como um todo, para a forma\u00e7\u00e3o de unhas e cabelos, principalmente para a sa\u00fade do <u><a href=\"https:\/\/artigos.abelacosmetics.com\/es\/devo-tratar-meu-couro-cabeludo-saiba-mais\/\">couro cabeludo<\/a><\/u>.<\/p>\n<h3><strong>minerales<\/strong><\/h3>\n<p><img loading=\"lazy\" decoding=\"async\" class=\"alignnone wp-image-1457\" src=\"https:\/\/artigos.abelacosmetics.com\/wp-content\/uploads\/2022\/10\/3-2-300x300.png\" alt=\"\" width=\"511\" height=\"511\" srcset=\"https:\/\/artigos.abelacosmetics.com\/wp-content\/uploads\/2022\/10\/3-2-300x300.png 300w, https:\/\/artigos.abelacosmetics.com\/wp-content\/uploads\/2022\/10\/3-2-150x150.png 150w, https:\/\/artigos.abelacosmetics.com\/wp-content\/uploads\/2022\/10\/3-2-768x768.png 768w, https:\/\/artigos.abelacosmetics.com\/wp-content\/uploads\/2022\/10\/3-2-12x12.png 12w, https:\/\/artigos.abelacosmetics.com\/wp-content\/uploads\/2022\/10\/3-2.png 1000w\" sizes=\"auto, (max-width: 511px) 100vw, 511px\" \/><\/p>\n<p>Assim como as vitaminas, os minerais s\u00e3o micronutrientes que precisam ser consumidos diariamente para manter o funcionamento adequado do organismo.<\/p>\n<p>Os principais minerais relacionados com a sa\u00fade das madeixas s\u00e3o:<\/p>\n<p>O zinco, que favorece a forma\u00e7\u00e3o da queratina e do col\u00e1geno, pois est\u00e1 relacionado com o processo de multiplica\u00e7\u00e3o celular e, por esse motivo, contribui para o fortalecimento dos cabelos.<\/p>\n<p>O ferro tamb\u00e9m \u00e9 extremamente importante para a sa\u00fade capilar, uma vez que influencia no crescimento capilar, pois a prote\u00edna que transporta o oxig\u00eanio para nutrir os tecidos (hemoglobina) precisa do ferro.<\/p>\n<p>Quando n\u00e3o h\u00e1 ferro em quantidade suficiente, h\u00e1 uma redu\u00e7\u00e3o da quantidade de hemoglobina e ent\u00e3o surge o quadro de anemia, que pode causar a queda capilar.<\/p>\n<p>Sendo assim, o ferro \u00e9 um nutriente fundamental para cabelos resistentes e com crescimento adequado.<\/p>\n<h2><strong>Os principais alimentos para ter cabelos perfeitos<\/strong><\/h2>\n<p>Agora que voc\u00ea j\u00e1 sabe a import\u00e2ncia da \u00e1gua e da alimenta\u00e7\u00e3o para os cabelos, assim como os nutrientes principais e seu papel na sa\u00fade dos fios, saiba quais <u><a href=\"https:\/\/artigos.abelacosmetics.com\/es\/alimentos-veganos-e-cabelos-saudaveis\/\">alimentos<\/a><\/u> devem fazer parte da sua dieta para ter madeixas perfeitas.<\/p>\n<h3><strong>Palta<\/strong><\/h3>\n<p><img loading=\"lazy\" decoding=\"async\" class=\"alignnone wp-image-1459\" src=\"https:\/\/artigos.abelacosmetics.com\/wp-content\/uploads\/2022\/10\/4-2-300x300.png\" alt=\"\" width=\"456\" height=\"456\" srcset=\"https:\/\/artigos.abelacosmetics.com\/wp-content\/uploads\/2022\/10\/4-2-300x300.png 300w, https:\/\/artigos.abelacosmetics.com\/wp-content\/uploads\/2022\/10\/4-2-150x150.png 150w, https:\/\/artigos.abelacosmetics.com\/wp-content\/uploads\/2022\/10\/4-2-768x768.png 768w, https:\/\/artigos.abelacosmetics.com\/wp-content\/uploads\/2022\/10\/4-2-12x12.png 12w, https:\/\/artigos.abelacosmetics.com\/wp-content\/uploads\/2022\/10\/4-2.png 1000w\" sizes=\"auto, (max-width: 456px) 100vw, 456px\" \/><\/p>\n<p>O abacate \u00e9 uma excelente fonte de gorduras boas, al\u00e9m de conter vitaminas e minerais como o zinco e a vitamina A, que voc\u00ea j\u00e1 sabe que s\u00e3o essenciais para a manuten\u00e7\u00e3o de fios saud\u00e1veis.<\/p>\n<p>Voc\u00ea pode consumir o abacate <em>in natura<\/em>, em vitaminas, pat\u00eas, como guacamole, entre outras alternativas, pois esse alimento \u00e9 muito vers\u00e1til.<\/p>\n<h3><strong>Cenoura<\/strong><\/h3>\n<p><img loading=\"lazy\" decoding=\"async\" class=\"alignnone wp-image-1460\" src=\"https:\/\/artigos.abelacosmetics.com\/wp-content\/uploads\/2022\/10\/5-2-300x300.png\" alt=\"\" width=\"453\" height=\"453\" srcset=\"https:\/\/artigos.abelacosmetics.com\/wp-content\/uploads\/2022\/10\/5-2-300x300.png 300w, https:\/\/artigos.abelacosmetics.com\/wp-content\/uploads\/2022\/10\/5-2-150x150.png 150w, https:\/\/artigos.abelacosmetics.com\/wp-content\/uploads\/2022\/10\/5-2-768x768.png 768w, https:\/\/artigos.abelacosmetics.com\/wp-content\/uploads\/2022\/10\/5-2-12x12.png 12w, https:\/\/artigos.abelacosmetics.com\/wp-content\/uploads\/2022\/10\/5-2.png 1000w\" sizes=\"auto, (max-width: 453px) 100vw, 453px\" \/><\/p>\n<p>A cenoura \u00e9 uma \u00f3tima fonte de betacaroteno, que d\u00e1 origem a vitamina A quando \u00e9 ingerido e tamb\u00e9m \u00e9 um potente antioxidante que combate os radicais livres e protege as c\u00e9lulas, assim, combate a queda capilar.<\/p>\n<p>H\u00e1 diversas formas de consumir a cenoura, seja ela crua (ralada), cozida em saladas, ou at\u00e9 mesmo em sucos.<\/p>\n<h3><strong>Avena<\/strong><\/h3>\n<p><img loading=\"lazy\" decoding=\"async\" class=\"alignnone wp-image-1461\" src=\"https:\/\/artigos.abelacosmetics.com\/wp-content\/uploads\/2022\/10\/6-2-300x300.png\" alt=\"\" width=\"446\" height=\"446\" srcset=\"https:\/\/artigos.abelacosmetics.com\/wp-content\/uploads\/2022\/10\/6-2-300x300.png 300w, https:\/\/artigos.abelacosmetics.com\/wp-content\/uploads\/2022\/10\/6-2-150x150.png 150w, https:\/\/artigos.abelacosmetics.com\/wp-content\/uploads\/2022\/10\/6-2-768x768.png 768w, https:\/\/artigos.abelacosmetics.com\/wp-content\/uploads\/2022\/10\/6-2-12x12.png 12w, https:\/\/artigos.abelacosmetics.com\/wp-content\/uploads\/2022\/10\/6-2.png 1000w\" sizes=\"auto, (max-width: 446px) 100vw, 446px\" \/><\/p>\n<p>A aveia \u00e9 um cereal e, em geral, os cereais s\u00e3o fonte de vitaminas do complexo B. Al\u00e9m disso, a aveia tamb\u00e9m cont\u00e9m sil\u00edcio, que \u00e9 um mineral importante para a constitui\u00e7\u00e3o da queratina.<\/p>\n<p>Voc\u00ea pode consumir aveia por cima de frutas cortadas, com iogurte, em panquecas, ou pode fazer um mingau. Tamb\u00e9m existem outras formas de consumo, basta usar sua criatividade.<\/p>\n<h3><strong>Laranja<\/strong><\/h3>\n<p><img loading=\"lazy\" decoding=\"async\" class=\"alignnone wp-image-1462\" src=\"https:\/\/artigos.abelacosmetics.com\/wp-content\/uploads\/2022\/10\/7-2-300x300.png\" alt=\"\" width=\"446\" height=\"446\" srcset=\"https:\/\/artigos.abelacosmetics.com\/wp-content\/uploads\/2022\/10\/7-2-300x300.png 300w, https:\/\/artigos.abelacosmetics.com\/wp-content\/uploads\/2022\/10\/7-2-150x150.png 150w, https:\/\/artigos.abelacosmetics.com\/wp-content\/uploads\/2022\/10\/7-2-768x768.png 768w, https:\/\/artigos.abelacosmetics.com\/wp-content\/uploads\/2022\/10\/7-2-12x12.png 12w, https:\/\/artigos.abelacosmetics.com\/wp-content\/uploads\/2022\/10\/7-2.png 1000w\" sizes=\"auto, (max-width: 446px) 100vw, 446px\" \/><\/p>\n<p>A laranja \u00e9 rica em vitamina C, que como mencionamos anteriormente, \u00e9 important\u00edssima para a forma\u00e7\u00e3o do col\u00e1geno, que constitui a fibra capilar. Sendo assim, voc\u00ea n\u00e3o s\u00f3 pode como deve incluir a laranja na dieta.<\/p>\n<p>Esses alimentos j\u00e1 v\u00e3o te ajudar bastante a ter cabelos lindos e fortes, mas cabe salientar que a alimenta\u00e7\u00e3o deve ser variada e precisa conter todos os grupos alimentares para que todos os nutrientes sejam ingeridos.<\/p>\n<p>Desse modo, voc\u00ea deve consumir diariamente leguminosas (feij\u00e3o, gr\u00e3o de bico, ervilha, etc), cereais como arroz e milho, frutas, verduras, legumes, al\u00e9m de oleaginosas (castanhas, nozes, am\u00eandoas).<\/p>\n<p>Se voc\u00ea n\u00e3o \u00e9 vegetariano nem vegano, tamb\u00e9m \u00e9 importante ingerir leite e derivados e carnes, principalmente as mais magras como frango, porco e peixe. Tenha modera\u00e7\u00e3o no consumo de carne vermelha.<\/p>\n<h2><strong>E a \u00e1gua?<\/strong><\/h2>\n<p><img loading=\"lazy\" decoding=\"async\" class=\"alignnone wp-image-1454\" src=\"https:\/\/artigos.abelacosmetics.com\/wp-content\/uploads\/2022\/10\/21-300x169.png\" alt=\"\" width=\"939\" height=\"529\" srcset=\"https:\/\/artigos.abelacosmetics.com\/wp-content\/uploads\/2022\/10\/21-300x169.png 300w, https:\/\/artigos.abelacosmetics.com\/wp-content\/uploads\/2022\/10\/21-1024x576.png 1024w, https:\/\/artigos.abelacosmetics.com\/wp-content\/uploads\/2022\/10\/21-768x432.png 768w, https:\/\/artigos.abelacosmetics.com\/wp-content\/uploads\/2022\/10\/21-1536x864.png 1536w, https:\/\/artigos.abelacosmetics.com\/wp-content\/uploads\/2022\/10\/21-18x10.png 18w, https:\/\/artigos.abelacosmetics.com\/wp-content\/uploads\/2022\/10\/21.png 1920w\" sizes=\"auto, (max-width: 939px) 100vw, 939px\" \/><\/p>\n<p>J\u00e1 falamos sobre a \u00e1gua, mas sabemos que algumas pessoas apresentam certa resist\u00eancia e\/ou dificuldade para manter uma boa ingest\u00e3o h\u00eddrica.<\/p>\n<p>Pensando nisso, uma dica para melhorar esse consumo \u00e9 manter uma garrafinha de \u00e1gua sempre por perto para lembrar da import\u00e2ncia do seu consumo.<\/p>\n<p>Uma outra alternativa \u00e9 aumentar a ingest\u00e3o de \u00e1gua atrav\u00e9s do preparo de \u00e1guas saborizadas com frutas (morango, lim\u00e3o, laranja).<\/p>\n<p>Ademais, outra forma de aumentar a ingest\u00e3o h\u00eddrica \u00e9 com o consumo de \u00e1gua de coco, que al\u00e9m de hidratar fornece diversos nutrientes importantes para a sa\u00fade.<\/p>\n<h2><strong>Existem alimentos que fazem mal \u00e0 sa\u00fade capilar?<\/strong><\/h2>\n<p>Assim como existem alimentos que melhoram a sa\u00fade dos cabelos, existem aqueles que n\u00e3o s\u00e3o t\u00e3o interessantes assim, sobretudo porque t\u00eam o potencial de prejudicar a sa\u00fade como um todo.<\/p>\n<p>Existem alguns produtos aliment\u00edcios que n\u00e3o agregam valor nutricional, s\u00e3o as chamadas calorias vazias, porque n\u00e3o fornecem nutrientes como vitaminas e minerais.<\/p>\n<p><img loading=\"lazy\" decoding=\"async\" class=\"alignnone wp-image-1456\" src=\"https:\/\/artigos.abelacosmetics.com\/wp-content\/uploads\/2022\/10\/31-300x169.png\" alt=\"\" width=\"939\" height=\"529\" srcset=\"https:\/\/artigos.abelacosmetics.com\/wp-content\/uploads\/2022\/10\/31-300x169.png 300w, https:\/\/artigos.abelacosmetics.com\/wp-content\/uploads\/2022\/10\/31-1024x576.png 1024w, https:\/\/artigos.abelacosmetics.com\/wp-content\/uploads\/2022\/10\/31-768x432.png 768w, https:\/\/artigos.abelacosmetics.com\/wp-content\/uploads\/2022\/10\/31-1536x864.png 1536w, https:\/\/artigos.abelacosmetics.com\/wp-content\/uploads\/2022\/10\/31-18x10.png 18w, https:\/\/artigos.abelacosmetics.com\/wp-content\/uploads\/2022\/10\/31.png 1920w\" sizes=\"auto, (max-width: 939px) 100vw, 939px\" \/><\/p>\n<p>Em geral os alimentos ultraprocessados n\u00e3o s\u00e3o recomendados, uma vez que s\u00e3o constitu\u00eddos por grandes quantidades de a\u00e7\u00facar, s\u00f3dio, gorduras e aditivos alimentares que j\u00e1 s\u00e3o associados a algumas doen\u00e7as.<\/p>\n<p>Sendo assim, alguns exemplos de alimentos que voc\u00ea deve evitar para manter a sa\u00fade capilar em dia s\u00e3o: sorvetes, biscoitos, salsichas, presunto, macarr\u00e3o instant\u00e2neo e similares.<\/p>\n<p>Ademais, cabe destacar que bebidas alco\u00f3licas devem ser evitadas, haja vista que o \u00e1lcool, no longo prazo, prejudica a absor\u00e7\u00e3o de zinco e de tiamina, al\u00e9m de provocar doen\u00e7as que podem levar \u00e0 desnutri\u00e7\u00e3o (como a cirrose, por exemplo).<\/p>\n<h2><strong>Conclus\u00e3o sobre a import\u00e2ncia da \u00e1gua e da alimenta\u00e7\u00e3o para os cabelos<\/strong><\/h2>\n<p>Enfim, agora voc\u00ea sabe por que \u00e9 t\u00e3o importante consumir \u00e1gua e se alimentar direito para ter cabelos impec\u00e1veis. Coloque as dicas em pr\u00e1tica e em breve voc\u00ea ir\u00e1 notar a diferen\u00e7a.<\/p>\n<p>Al\u00e9m disso, \u00e9 importante tratar os cabelos com produtos espec\u00edficos para seu tipo de curvatura. N\u00f3s da <strong><u><a href=\"https:\/\/artigos.abelacosmetics.com\/es\/\">Abela Cosmetics<\/a><\/u><\/strong> temos diversas op\u00e7\u00f5es para voc\u00ea escolher o melhor para suas madeixas.<\/p>\n<p>Cabe destacar tamb\u00e9m que somos uma empresa que preza pela consci\u00eancia e nosso cat\u00e1logo \u00e9 constitu\u00eddo por produtos livres de crueldade animal e com os ingredientes mais naturais que existem.<\/p>\n<p>N\u00e3o deixe de conhecer nossos <u><a href=\"https:\/\/artigos.abelacosmetics.com\/es\/produtos\/\">produtos<\/a><\/u> e nos acompanhe tamb\u00e9m no <u><a href=\"https:\/\/www.instagram.com\/abelacosmetics\/?hl=pt\">Instagram<\/a><\/u>.<\/p>\n<p><img loading=\"lazy\" decoding=\"async\" class=\"alignnone wp-image-1458\" src=\"https:\/\/artigos.abelacosmetics.com\/wp-content\/uploads\/2022\/10\/41-300x169.png\" alt=\"\" width=\"1307\" height=\"736\" srcset=\"https:\/\/artigos.abelacosmetics.com\/wp-content\/uploads\/2022\/10\/41-300x169.png 300w, https:\/\/artigos.abelacosmetics.com\/wp-content\/uploads\/2022\/10\/41-1024x576.png 1024w, https:\/\/artigos.abelacosmetics.com\/wp-content\/uploads\/2022\/10\/41-768x432.png 768w, https:\/\/artigos.abelacosmetics.com\/wp-content\/uploads\/2022\/10\/41-1536x864.png 1536w, https:\/\/artigos.abelacosmetics.com\/wp-content\/uploads\/2022\/10\/41-18x10.png 18w, https:\/\/artigos.abelacosmetics.com\/wp-content\/uploads\/2022\/10\/41.png 1920w\" sizes=\"auto, (max-width: 1307px) 100vw, 1307px\" \/><\/p>","protected":false},"excerpt":{"rendered":"<p>&nbsp; &nbsp; Muito se fala sobre produtos para os diversos tipos de cabelo, mas voc\u00ea j\u00e1 conhece a import\u00e2ncia da \u00e1gua e da alimenta\u00e7\u00e3o para os cabelos? &nbsp; &nbsp; Ter cabelos bonitos e saud\u00e1veis \u00e9 sin\u00f4nimo de beleza e, em diversas culturas, o cabelo \u00e9 algo extremamente valorizado, por isso, h\u00e1 grande preocupa\u00e7\u00e3o em manter [&hellip;]<\/p>","protected":false},"author":1,"featured_media":2270,"comment_status":"open","ping_status":"open","sticky":false,"template":"","format":"standard","meta":{"_acf_changed":false,"_mo_disable_npp":"","inline_featured_image":false,"footnotes":""},"categories":[32,1],"tags":[],"class_list":["post-1450","post","type-post","status-publish","format-standard","has-post-thumbnail","hentry","category-informacoes","category-novidades"],"acf":[],"yoast_head":"<!-- This site is optimized with the Yoast SEO Premium plugin v19.2.1 (Yoast SEO v26.9) - https:\/\/yoast.com\/product\/yoast-seo-premium-wordpress\/ -->\n<title>Como a \u00e1gua e alimenta\u00e7\u00e3o s\u00e3o aliadas de um cabelo saud\u00e1vel? Confira dicas valiosas. - Abela Cosmetics<\/title>\n<meta name=\"description\" content=\"Voc\u00ea j\u00e1 conhece a import\u00e2ncia da \u00e1gua e da alimenta\u00e7\u00e3o para os cabelos? Confira como esses pontos s\u00e3o fundamentais para madeixas saud\u00e1veis.\" \/>\n<meta name=\"robots\" content=\"index, follow, max-snippet:-1, max-image-preview:large, max-video-preview:-1\" \/>\n<link rel=\"canonical\" href=\"https:\/\/artigos.abelacosmetics.com\/es\/importancia-da-agua-e-da-alimentacao-para-os-cabelos\/\" \/>\n<meta property=\"og:locale\" content=\"es_ES\" \/>\n<meta property=\"og:type\" content=\"article\" \/>\n<meta property=\"og:title\" content=\"Como a \u00e1gua e alimenta\u00e7\u00e3o s\u00e3o aliadas de um cabelo saud\u00e1vel? Confira dicas valiosas.\" \/>\n<meta property=\"og:description\" content=\"Voc\u00ea j\u00e1 conhece a import\u00e2ncia da \u00e1gua e da alimenta\u00e7\u00e3o para os cabelos? Confira como esses pontos s\u00e3o fundamentais para madeixas saud\u00e1veis.\" \/>\n<meta property=\"og:url\" content=\"https:\/\/artigos.abelacosmetics.com\/es\/importancia-da-agua-e-da-alimentacao-para-os-cabelos\/\" \/>\n<meta property=\"og:site_name\" content=\"Abela Cosmetics\" \/>\n<meta property=\"article:publisher\" content=\"https:\/\/www.facebook.com\/abelacosmetics\" \/>\n<meta property=\"article:published_time\" content=\"2022-10-06T20:31:05+00:00\" \/>\n<meta property=\"article:modified_time\" content=\"2023-01-05T21:11:47+00:00\" \/>\n<meta property=\"og:image\" content=\"https:\/\/artigos.abelacosmetics.com\/wp-content\/uploads\/2022\/10\/post-do-blog-3.png\" \/>\n\t<meta property=\"og:image:width\" content=\"711\" \/>\n\t<meta property=\"og:image:height\" content=\"429\" \/>\n\t<meta property=\"og:image:type\" content=\"image\/png\" \/>\n<meta name=\"author\" content=\"admin\" \/>\n<meta name=\"twitter:card\" content=\"summary_large_image\" \/>\n<meta name=\"twitter:label1\" content=\"Escrito por\" \/>\n\t<meta name=\"twitter:data1\" content=\"admin\" \/>\n\t<meta name=\"twitter:label2\" content=\"Tiempo de lectura\" \/>\n\t<meta name=\"twitter:data2\" content=\"11 minutos\" \/>\n<script type=\"application\/ld+json\" class=\"yoast-schema-graph\">{\"@context\":\"https:\/\/schema.org\",\"@graph\":[{\"@type\":\"Article\",\"@id\":\"https:\/\/artigos.abelacosmetics.com\/importancia-da-agua-e-da-alimentacao-para-os-cabelos\/#article\",\"isPartOf\":{\"@id\":\"https:\/\/artigos.abelacosmetics.com\/importancia-da-agua-e-da-alimentacao-para-os-cabelos\/\"},\"author\":{\"name\":\"admin\",\"@id\":\"https:\/\/artigos.abelacosmetics.com\/#\/schema\/person\/675710be590edb47293978092f4e20f4\"},\"headline\":\"Como a \u00e1gua e alimenta\u00e7\u00e3o s\u00e3o aliadas de um cabelo saud\u00e1vel? Confira dicas valiosas.\",\"datePublished\":\"2022-10-06T20:31:05+00:00\",\"dateModified\":\"2023-01-05T21:11:47+00:00\",\"mainEntityOfPage\":{\"@id\":\"https:\/\/artigos.abelacosmetics.com\/importancia-da-agua-e-da-alimentacao-para-os-cabelos\/\"},\"wordCount\":1629,\"commentCount\":0,\"publisher\":{\"@id\":\"https:\/\/artigos.abelacosmetics.com\/#organization\"},\"image\":{\"@id\":\"https:\/\/artigos.abelacosmetics.com\/importancia-da-agua-e-da-alimentacao-para-os-cabelos\/#primaryimage\"},\"thumbnailUrl\":\"https:\/\/artigos.abelacosmetics.com\/wp-content\/uploads\/2022\/10\/post-do-blog-3.png\",\"articleSection\":[\"Informa\u00e7\u00f5es\",\"Novidades\"],\"inLanguage\":\"es\",\"potentialAction\":[{\"@type\":\"CommentAction\",\"name\":\"Comment\",\"target\":[\"https:\/\/artigos.abelacosmetics.com\/importancia-da-agua-e-da-alimentacao-para-os-cabelos\/#respond\"]}]},{\"@type\":\"WebPage\",\"@id\":\"https:\/\/artigos.abelacosmetics.com\/importancia-da-agua-e-da-alimentacao-para-os-cabelos\/\",\"url\":\"https:\/\/artigos.abelacosmetics.com\/importancia-da-agua-e-da-alimentacao-para-os-cabelos\/\",\"name\":\"Como a \u00e1gua e alimenta\u00e7\u00e3o s\u00e3o aliadas de um cabelo saud\u00e1vel? Confira dicas valiosas. - Abela Cosmetics\",\"isPartOf\":{\"@id\":\"https:\/\/artigos.abelacosmetics.com\/#website\"},\"primaryImageOfPage\":{\"@id\":\"https:\/\/artigos.abelacosmetics.com\/importancia-da-agua-e-da-alimentacao-para-os-cabelos\/#primaryimage\"},\"image\":{\"@id\":\"https:\/\/artigos.abelacosmetics.com\/importancia-da-agua-e-da-alimentacao-para-os-cabelos\/#primaryimage\"},\"thumbnailUrl\":\"https:\/\/artigos.abelacosmetics.com\/wp-content\/uploads\/2022\/10\/post-do-blog-3.png\",\"datePublished\":\"2022-10-06T20:31:05+00:00\",\"dateModified\":\"2023-01-05T21:11:47+00:00\",\"description\":\"Voc\u00ea j\u00e1 conhece a import\u00e2ncia da \u00e1gua e da alimenta\u00e7\u00e3o para os cabelos? Confira como esses pontos s\u00e3o fundamentais para madeixas saud\u00e1veis.\",\"breadcrumb\":{\"@id\":\"https:\/\/artigos.abelacosmetics.com\/importancia-da-agua-e-da-alimentacao-para-os-cabelos\/#breadcrumb\"},\"inLanguage\":\"es\",\"potentialAction\":[{\"@type\":\"ReadAction\",\"target\":[\"https:\/\/artigos.abelacosmetics.com\/importancia-da-agua-e-da-alimentacao-para-os-cabelos\/\"]}]},{\"@type\":\"ImageObject\",\"inLanguage\":\"es\",\"@id\":\"https:\/\/artigos.abelacosmetics.com\/importancia-da-agua-e-da-alimentacao-para-os-cabelos\/#primaryimage\",\"url\":\"https:\/\/artigos.abelacosmetics.com\/wp-content\/uploads\/2022\/10\/post-do-blog-3.png\",\"contentUrl\":\"https:\/\/artigos.abelacosmetics.com\/wp-content\/uploads\/2022\/10\/post-do-blog-3.png\",\"width\":711,\"height\":429},{\"@type\":\"BreadcrumbList\",\"@id\":\"https:\/\/artigos.abelacosmetics.com\/importancia-da-agua-e-da-alimentacao-para-os-cabelos\/#breadcrumb\",\"itemListElement\":[{\"@type\":\"ListItem\",\"position\":1,\"name\":\"In\u00edcio\",\"item\":\"https:\/\/artigos.abelacosmetics.com\/\"},{\"@type\":\"ListItem\",\"position\":2,\"name\":\"Como a \u00e1gua e alimenta\u00e7\u00e3o s\u00e3o aliadas de um cabelo saud\u00e1vel? Confira dicas valiosas.\"}]},{\"@type\":\"WebSite\",\"@id\":\"https:\/\/artigos.abelacosmetics.com\/#website\",\"url\":\"https:\/\/artigos.abelacosmetics.com\/\",\"name\":\"Abela Cosmetics\",\"description\":\"Cuidados para Cabelos \u00danicos\",\"publisher\":{\"@id\":\"https:\/\/artigos.abelacosmetics.com\/#organization\"},\"potentialAction\":[{\"@type\":\"SearchAction\",\"target\":{\"@type\":\"EntryPoint\",\"urlTemplate\":\"https:\/\/artigos.abelacosmetics.com\/?s={search_term_string}\"},\"query-input\":{\"@type\":\"PropertyValueSpecification\",\"valueRequired\":true,\"valueName\":\"search_term_string\"}}],\"inLanguage\":\"es\"},{\"@type\":\"Organization\",\"@id\":\"https:\/\/artigos.abelacosmetics.com\/#organization\",\"name\":\"Abela Cosmetics\",\"url\":\"https:\/\/artigos.abelacosmetics.com\/\",\"logo\":{\"@type\":\"ImageObject\",\"inLanguage\":\"es\",\"@id\":\"https:\/\/artigos.abelacosmetics.com\/#\/schema\/logo\/image\/\",\"url\":\"https:\/\/artigos.abelacosmetics.com\/wp-content\/uploads\/2023\/02\/logo-abela.png\",\"contentUrl\":\"https:\/\/artigos.abelacosmetics.com\/wp-content\/uploads\/2023\/02\/logo-abela.png\",\"width\":183,\"height\":90,\"caption\":\"Abela Cosmetics\"},\"image\":{\"@id\":\"https:\/\/artigos.abelacosmetics.com\/#\/schema\/logo\/image\/\"},\"sameAs\":[\"https:\/\/www.facebook.com\/abelacosmetics\"]},{\"@type\":\"Person\",\"@id\":\"https:\/\/artigos.abelacosmetics.com\/#\/schema\/person\/675710be590edb47293978092f4e20f4\",\"name\":\"admin\",\"image\":{\"@type\":\"ImageObject\",\"inLanguage\":\"es\",\"@id\":\"https:\/\/artigos.abelacosmetics.com\/#\/schema\/person\/image\/\",\"url\":\"https:\/\/secure.gravatar.com\/avatar\/ce9ccc2de538d30bcc33874c5a730e8e078e64fce402cb3cf0668a7439a0e654?s=96&d=mm&r=g\",\"contentUrl\":\"https:\/\/secure.gravatar.com\/avatar\/ce9ccc2de538d30bcc33874c5a730e8e078e64fce402cb3cf0668a7439a0e654?s=96&d=mm&r=g\",\"caption\":\"admin\"},\"sameAs\":[\"http:\/\/localhost\/abela-cosmetic\"],\"url\":\"https:\/\/artigos.abelacosmetics.com\/es\/author\/admin\/\"}]}<\/script>\n<!-- \/ Yoast SEO Premium plugin. -->","yoast_head_json":{"title":"Como a \u00e1gua e alimenta\u00e7\u00e3o s\u00e3o aliadas de um cabelo saud\u00e1vel? Confira dicas valiosas. - Abela Cosmetics","description":"Voc\u00ea j\u00e1 conhece a import\u00e2ncia da \u00e1gua e da alimenta\u00e7\u00e3o para os cabelos? Confira como esses pontos s\u00e3o fundamentais para madeixas saud\u00e1veis.","robots":{"index":"index","follow":"follow","max-snippet":"max-snippet:-1","max-image-preview":"max-image-preview:large","max-video-preview":"max-video-preview:-1"},"canonical":"https:\/\/artigos.abelacosmetics.com\/es\/importancia-da-agua-e-da-alimentacao-para-os-cabelos\/","og_locale":"es_ES","og_type":"article","og_title":"Como a \u00e1gua e alimenta\u00e7\u00e3o s\u00e3o aliadas de um cabelo saud\u00e1vel? Confira dicas valiosas.","og_description":"Voc\u00ea j\u00e1 conhece a import\u00e2ncia da \u00e1gua e da alimenta\u00e7\u00e3o para os cabelos? Confira como esses pontos s\u00e3o fundamentais para madeixas saud\u00e1veis.","og_url":"https:\/\/artigos.abelacosmetics.com\/es\/importancia-da-agua-e-da-alimentacao-para-os-cabelos\/","og_site_name":"Abela Cosmetics","article_publisher":"https:\/\/www.facebook.com\/abelacosmetics","article_published_time":"2022-10-06T20:31:05+00:00","article_modified_time":"2023-01-05T21:11:47+00:00","og_image":[{"width":711,"height":429,"url":"https:\/\/artigos.abelacosmetics.com\/wp-content\/uploads\/2022\/10\/post-do-blog-3.png","type":"image\/png"}],"author":"admin","twitter_card":"summary_large_image","twitter_misc":{"Escrito por":"admin","Tiempo de lectura":"11 minutos"},"schema":{"@context":"https:\/\/schema.org","@graph":[{"@type":"Article","@id":"https:\/\/artigos.abelacosmetics.com\/importancia-da-agua-e-da-alimentacao-para-os-cabelos\/#article","isPartOf":{"@id":"https:\/\/artigos.abelacosmetics.com\/importancia-da-agua-e-da-alimentacao-para-os-cabelos\/"},"author":{"name":"admin","@id":"https:\/\/artigos.abelacosmetics.com\/#\/schema\/person\/675710be590edb47293978092f4e20f4"},"headline":"Como a \u00e1gua e alimenta\u00e7\u00e3o s\u00e3o aliadas de um cabelo saud\u00e1vel? Confira dicas valiosas.","datePublished":"2022-10-06T20:31:05+00:00","dateModified":"2023-01-05T21:11:47+00:00","mainEntityOfPage":{"@id":"https:\/\/artigos.abelacosmetics.com\/importancia-da-agua-e-da-alimentacao-para-os-cabelos\/"},"wordCount":1629,"commentCount":0,"publisher":{"@id":"https:\/\/artigos.abelacosmetics.com\/#organization"},"image":{"@id":"https:\/\/artigos.abelacosmetics.com\/importancia-da-agua-e-da-alimentacao-para-os-cabelos\/#primaryimage"},"thumbnailUrl":"https:\/\/artigos.abelacosmetics.com\/wp-content\/uploads\/2022\/10\/post-do-blog-3.png","articleSection":["Informa\u00e7\u00f5es","Novidades"],"inLanguage":"es","potentialAction":[{"@type":"CommentAction","name":"Comment","target":["https:\/\/artigos.abelacosmetics.com\/importancia-da-agua-e-da-alimentacao-para-os-cabelos\/#respond"]}]},{"@type":"WebPage","@id":"https:\/\/artigos.abelacosmetics.com\/importancia-da-agua-e-da-alimentacao-para-os-cabelos\/","url":"https:\/\/artigos.abelacosmetics.com\/importancia-da-agua-e-da-alimentacao-para-os-cabelos\/","name":"Como a \u00e1gua e alimenta\u00e7\u00e3o s\u00e3o aliadas de um cabelo saud\u00e1vel? Confira dicas valiosas. - Abela Cosmetics","isPartOf":{"@id":"https:\/\/artigos.abelacosmetics.com\/#website"},"primaryImageOfPage":{"@id":"https:\/\/artigos.abelacosmetics.com\/importancia-da-agua-e-da-alimentacao-para-os-cabelos\/#primaryimage"},"image":{"@id":"https:\/\/artigos.abelacosmetics.com\/importancia-da-agua-e-da-alimentacao-para-os-cabelos\/#primaryimage"},"thumbnailUrl":"https:\/\/artigos.abelacosmetics.com\/wp-content\/uploads\/2022\/10\/post-do-blog-3.png","datePublished":"2022-10-06T20:31:05+00:00","dateModified":"2023-01-05T21:11:47+00:00","description":"Voc\u00ea j\u00e1 conhece a import\u00e2ncia da \u00e1gua e da alimenta\u00e7\u00e3o para os cabelos? Confira como esses pontos s\u00e3o fundamentais para madeixas saud\u00e1veis.","breadcrumb":{"@id":"https:\/\/artigos.abelacosmetics.com\/importancia-da-agua-e-da-alimentacao-para-os-cabelos\/#breadcrumb"},"inLanguage":"es","potentialAction":[{"@type":"ReadAction","target":["https:\/\/artigos.abelacosmetics.com\/importancia-da-agua-e-da-alimentacao-para-os-cabelos\/"]}]},{"@type":"ImageObject","inLanguage":"es","@id":"https:\/\/artigos.abelacosmetics.com\/importancia-da-agua-e-da-alimentacao-para-os-cabelos\/#primaryimage","url":"https:\/\/artigos.abelacosmetics.com\/wp-content\/uploads\/2022\/10\/post-do-blog-3.png","contentUrl":"https:\/\/artigos.abelacosmetics.com\/wp-content\/uploads\/2022\/10\/post-do-blog-3.png","width":711,"height":429},{"@type":"BreadcrumbList","@id":"https:\/\/artigos.abelacosmetics.com\/importancia-da-agua-e-da-alimentacao-para-os-cabelos\/#breadcrumb","itemListElement":[{"@type":"ListItem","position":1,"name":"In\u00edcio","item":"https:\/\/artigos.abelacosmetics.com\/"},{"@type":"ListItem","position":2,"name":"Como a \u00e1gua e alimenta\u00e7\u00e3o s\u00e3o aliadas de um cabelo saud\u00e1vel? Confira dicas valiosas."}]},{"@type":"WebSite","@id":"https:\/\/artigos.abelacosmetics.com\/#website","url":"https:\/\/artigos.abelacosmetics.com\/","name":"Abela Cosmetics","description":"Cuidados para Cabelos \u00danicos","publisher":{"@id":"https:\/\/artigos.abelacosmetics.com\/#organization"},"potentialAction":[{"@type":"SearchAction","target":{"@type":"EntryPoint","urlTemplate":"https:\/\/artigos.abelacosmetics.com\/?s={search_term_string}"},"query-input":{"@type":"PropertyValueSpecification","valueRequired":true,"valueName":"search_term_string"}}],"inLanguage":"es"},{"@type":"Organization","@id":"https:\/\/artigos.abelacosmetics.com\/#organization","name":"Abela Cosmetics","url":"https:\/\/artigos.abelacosmetics.com\/","logo":{"@type":"ImageObject","inLanguage":"es","@id":"https:\/\/artigos.abelacosmetics.com\/#\/schema\/logo\/image\/","url":"https:\/\/artigos.abelacosmetics.com\/wp-content\/uploads\/2023\/02\/logo-abela.png","contentUrl":"https:\/\/artigos.abelacosmetics.com\/wp-content\/uploads\/2023\/02\/logo-abela.png","width":183,"height":90,"caption":"Abela Cosmetics"},"image":{"@id":"https:\/\/artigos.abelacosmetics.com\/#\/schema\/logo\/image\/"},"sameAs":["https:\/\/www.facebook.com\/abelacosmetics"]},{"@type":"Person","@id":"https:\/\/artigos.abelacosmetics.com\/#\/schema\/person\/675710be590edb47293978092f4e20f4","name":"admin","image":{"@type":"ImageObject","inLanguage":"es","@id":"https:\/\/artigos.abelacosmetics.com\/#\/schema\/person\/image\/","url":"https:\/\/secure.gravatar.com\/avatar\/ce9ccc2de538d30bcc33874c5a730e8e078e64fce402cb3cf0668a7439a0e654?s=96&d=mm&r=g","contentUrl":"https:\/\/secure.gravatar.com\/avatar\/ce9ccc2de538d30bcc33874c5a730e8e078e64fce402cb3cf0668a7439a0e654?s=96&d=mm&r=g","caption":"admin"},"sameAs":["http:\/\/localhost\/abela-cosmetic"],"url":"https:\/\/artigos.abelacosmetics.com\/es\/author\/admin\/"}]}},"_links":{"self":[{"href":"https:\/\/artigos.abelacosmetics.com\/es\/wp-json\/wp\/v2\/posts\/1450","targetHints":{"allow":["GET"]}}],"collection":[{"href":"https:\/\/artigos.abelacosmetics.com\/es\/wp-json\/wp\/v2\/posts"}],"about":[{"href":"https:\/\/artigos.abelacosmetics.com\/es\/wp-json\/wp\/v2\/types\/post"}],"author":[{"embeddable":true,"href":"https:\/\/artigos.abelacosmetics.com\/es\/wp-json\/wp\/v2\/users\/1"}],"replies":[{"embeddable":true,"href":"https:\/\/artigos.abelacosmetics.com\/es\/wp-json\/wp\/v2\/comments?post=1450"}],"version-history":[{"count":5,"href":"https:\/\/artigos.abelacosmetics.com\/es\/wp-json\/wp\/v2\/posts\/1450\/revisions"}],"predecessor-version":[{"id":1887,"href":"https:\/\/artigos.abelacosmetics.com\/es\/wp-json\/wp\/v2\/posts\/1450\/revisions\/1887"}],"wp:featuredmedia":[{"embeddable":true,"href":"https:\/\/artigos.abelacosmetics.com\/es\/wp-json\/wp\/v2\/media\/2270"}],"wp:attachment":[{"href":"https:\/\/artigos.abelacosmetics.com\/es\/wp-json\/wp\/v2\/media?parent=1450"}],"wp:term":[{"taxonomy":"category","embeddable":true,"href":"https:\/\/artigos.abelacosmetics.com\/es\/wp-json\/wp\/v2\/categories?post=1450"},{"taxonomy":"post_tag","embeddable":true,"href":"https:\/\/artigos.abelacosmetics.com\/es\/wp-json\/wp\/v2\/tags?post=1450"}],"curies":[{"name":"wp","href":"https:\/\/api.w.org\/{rel}","templated":true}]}}