{"id":1436,"date":"2022-10-06T17:00:51","date_gmt":"2022-10-06T20:00:51","guid":{"rendered":"https:\/\/artigos.abelacosmetics.com\/?p=1436"},"modified":"2023-01-05T17:58:01","modified_gmt":"2023-01-05T20:58:01","slug":"por-que-nao-usar-comida-no-cabelo","status":"publish","type":"post","link":"https:\/\/artigos.abelacosmetics.com\/es\/por-que-nao-usar-comida-no-cabelo\/","title":{"rendered":"Por que n\u00e3o usar comida no cabelo? Pr\u00e1tica apresenta mais preju\u00edzos do que benef\u00edcios; entenda os motivos."},"content":{"rendered":"<p>&nbsp;<\/p>\n<p>&nbsp;<\/p>\n<p>Voc\u00ea sabe <strong>por que n\u00e3o usar comida no cabelo<\/strong>, ou \u00e9 do time que sempre faz receitinhas caseiras? Existem diversas raz\u00f5es que levam as pessoas a utilizar os itens da cozinha para fazer tratamentos, por\u00e9m essa pr\u00e1tica n\u00e3o \u00e9 recomendada.<\/p>\n<p>&nbsp;<\/p>\n<audio class=\"wp-audio-shortcode\" id=\"audio-1436-1\" preload=\"none\" style=\"width: 100%;\" controls=\"controls\"><source type=\"audio\/mpeg\" src=\"https:\/\/artigos.abelacosmetics.com\/wp-content\/uploads\/2022\/10\/porque-no-usa-comida-1.mp3?_=1\" \/><a href=\"https:\/\/artigos.abelacosmetics.com\/wp-content\/uploads\/2022\/10\/porque-no-usa-comida-1.mp3\">https:\/\/artigos.abelacosmetics.com\/wp-content\/uploads\/2022\/10\/porque-no-usa-comida-1.mp3<\/a><\/audio>\n<p>&nbsp;<\/p>\n<p>Hoje iremos te contar como surgiram as receitas caseiras para cabelos, al\u00e9m de esclarecer se elas funcionam ou n\u00e3o, assim como os verdadeiros motivos para n\u00e3o usar alimentos nas madeixas. Boa leitura!<\/p>\n<h2><strong>Por que as pessoas utilizavam alimentos para tratar os cabelos?<\/strong><\/h2>\n<p>Antes de mais nada, \u00e9 importante lembrar que antigamente uma grande parcela da popula\u00e7\u00e3o n\u00e3o se via contemplada pelas linhas de produtos para cabelos existentes no mercado.<\/p>\n<p>At\u00e9 algumas d\u00e9cadas atr\u00e1s n\u00e3o existia grande variedade de produtos no mercado e praticamente todos eles correspondiam a formula\u00e7\u00f5es pensadas para cabelos lisos.<\/p>\n<p>Por\u00e9m, conforme o tempo foi passando, come\u00e7ou um movimento de aceita\u00e7\u00e3o dos cabelos naturais, sobretudo <u><a href=\"https:\/\/artigos.abelacosmetics.com\/es\/cabelos-cacheados-cuidados\/\">cacheados<\/a><\/u> e crespos. Tal movimento ganhou relev\u00e2ncia n\u00e3o apenas est\u00e9tica, mas tamb\u00e9m se tornou s\u00edmbolo de resist\u00eancia pol\u00edtica.<\/p>\n<p><img loading=\"lazy\" decoding=\"async\" class=\"alignnone wp-image-1438\" src=\"https:\/\/artigos.abelacosmetics.com\/wp-content\/uploads\/2022\/10\/1-1-300x169.png\" alt=\"\" width=\"994\" height=\"560\" srcset=\"https:\/\/artigos.abelacosmetics.com\/wp-content\/uploads\/2022\/10\/1-1-300x169.png 300w, https:\/\/artigos.abelacosmetics.com\/wp-content\/uploads\/2022\/10\/1-1-1024x576.png 1024w, https:\/\/artigos.abelacosmetics.com\/wp-content\/uploads\/2022\/10\/1-1-768x432.png 768w, https:\/\/artigos.abelacosmetics.com\/wp-content\/uploads\/2022\/10\/1-1-1536x864.png 1536w, https:\/\/artigos.abelacosmetics.com\/wp-content\/uploads\/2022\/10\/1-1-18x10.png 18w, https:\/\/artigos.abelacosmetics.com\/wp-content\/uploads\/2022\/10\/1-1.png 1920w\" sizes=\"auto, (max-width: 994px) 100vw, 994px\" \/><\/p>\n<p>No entanto, como n\u00e3o havia produtos espec\u00edficos para essas curvaturas, as pessoas (principalmente as mulheres) come\u00e7aram a utilizar receitas caseiras para tratar suas madeixas.<\/p>\n<p>A ind\u00fastria, sempre atenta \u00e0s tend\u00eancias do mercado, percebeu a movimenta\u00e7\u00e3o em prol da aceita\u00e7\u00e3o dos cabelos naturais e enxergou uma oportunidade para se reinventar (e lucrar, \u00e9 claro).<\/p>\n<p>Foi nesse contexto que come\u00e7aram a surgir formula\u00e7\u00f5es espec\u00edficas para cada tipo de cabelo, juntamente com o desenvolvimento tecnol\u00f3gico, que possibilitou as condi\u00e7\u00f5es ideias para pesquisa e produ\u00e7\u00e3o de novas composi\u00e7\u00f5es.<\/p>\n<p>Atualmente existem centenas de milhares de produtos para todos os tipos de curvatura (lisos, ondulados, cacheados e crespos), com composi\u00e7\u00f5es espec\u00edficas, inclusive, para quem segue determinados estilos de vida, como o veganismo.<\/p>\n<p>N\u00f3s da <strong><u><a href=\"https:\/\/artigos.abelacosmetics.com\/es\/\">Abela Cosmetics<\/a><\/u><\/strong> somos uma dessas marcas e n\u00e3o utilizamos ingredientes de origem animal em nossas formula\u00e7\u00f5es. Al\u00e9m disso, nossos produtos s\u00e3o livres de crueldade animal.<\/p>\n<p>Nossas m\u00e1scaras, shampoos e condicionadores s\u00e3o livres de parabenos, \u00f3leo mineral e silicones insol\u00faveis, componentes geralmente evitados por quem deseja produtos mais naturais ou tem algum tipo de alergia.<\/p>\n<h2><strong>Afinal, as receitas caseiras tratam os cabelos?<\/strong><\/h2>\n<p>Os tratamentos capilares feitos com receitas caseiras podem conferir benef\u00edcios moment\u00e2neos, como aumento do brilho, da maciez e tornar os cabelos mais encorpados e aparentemente mais fortes.<\/p>\n<p>No entanto, \u00e9 importante que voc\u00ea saiba que ao aplicar os alimentos nos cabelos sem que eles tenham passado por um processamento antes, podem at\u00e9 ser vistos alguns benef\u00edcios superficiais, mas seu cabelo n\u00e3o estar\u00e1 sendo realmente tratado.<\/p>\n<p>A melhor forma de utilizar os alimentos para beneficiar os cabelos \u00e9 atrav\u00e9s da alimenta\u00e7\u00e3o e da ingest\u00e3o de \u00e1gua. Isso porque a sa\u00fade capilar depende principalmente do que ingerimos e n\u00e3o do que passamos nos fios.<\/p>\n<p>Ao passar a comida diretamente no cabelo os nutrientes n\u00e3o est\u00e3o na forma mais adequada para agir e tratar as madeixas, por isso, o mais correto \u00e9 utilizar produtos formulados especificamente para isso.<\/p>\n<h2><strong>Receitas caseiras x Produtos industrializados no tratamento dos cabelos e seu custo<\/strong><\/h2>\n<p><img loading=\"lazy\" decoding=\"async\" class=\"alignnone wp-image-1439\" src=\"https:\/\/artigos.abelacosmetics.com\/wp-content\/uploads\/2022\/10\/2-1-300x169.png\" alt=\"\" width=\"1037\" height=\"584\" srcset=\"https:\/\/artigos.abelacosmetics.com\/wp-content\/uploads\/2022\/10\/2-1-300x169.png 300w, https:\/\/artigos.abelacosmetics.com\/wp-content\/uploads\/2022\/10\/2-1-1024x576.png 1024w, https:\/\/artigos.abelacosmetics.com\/wp-content\/uploads\/2022\/10\/2-1-768x432.png 768w, https:\/\/artigos.abelacosmetics.com\/wp-content\/uploads\/2022\/10\/2-1-1536x864.png 1536w, https:\/\/artigos.abelacosmetics.com\/wp-content\/uploads\/2022\/10\/2-1-18x10.png 18w, https:\/\/artigos.abelacosmetics.com\/wp-content\/uploads\/2022\/10\/2-1.png 1920w\" sizes=\"auto, (max-width: 1037px) 100vw, 1037px\" \/><\/p>\n<p>Uma outra justificativa para a utiliza\u00e7\u00e3o das receitas caseiras nos cabelos \u00e9 o custo, uma vez que shampoos, condicionadores e m\u00e1scaras de tratamento podem representar um gasto elevado para muitas pessoas.<\/p>\n<p>Por\u00e9m, cabe destacar que nos \u00faltimos anos, com a maior possibilidade de acesso \u00e0 internet, surgiram muitas criadoras de conte\u00fado sobre tratamentos capilares e isso popularizou o conhecimento sobre como cuidar dos cabelos.<\/p>\n<p>Uma vez que as marcas perceberam a oportunidade de se engajar com o que estava em alta, ou seja, as diferentes alternativas para cuidar dos cabelos com produtos j\u00e1 existentes, elas come\u00e7aram a formular diversos produtos novos para estimular o consumo e atender todos os p\u00fablicos.<\/p>\n<p>Desse modo, hoje em dia \u00e9 poss\u00edvel encontrar produtos que cabem em todos os bolsos e tratam os cabelos deixando-os mais hidratados, fortes e bonitos.<\/p>\n<p>Bem, voc\u00ea j\u00e1 entendeu qual foi o contexto para a utiliza\u00e7\u00e3o dos alimentos nos cabelos e qual foi o percurso at\u00e9 que surgissem produtos no mercado que contemplassem todos. Agora vamos detalhar por que n\u00e3o utilizar comida no cabelo.<\/p>\n<h2><strong>Quais s\u00e3o os malef\u00edcios de usar comida no cabelo?<\/strong><\/h2>\n<p>Como mencionamos, existem diferentes raz\u00f5es que fazem as pessoas utilizarem produtos caseiros nos cabelos, entre eles o custo. Por\u00e9m, \u00e9 preciso ter cuidado para o barato n\u00e3o sair caro.<\/p>\n<p>Listamos a seguir quais s\u00e3o os principais malef\u00edcios do uso de alimentos nos cabelos, que v\u00e3o desde o desperd\u00edcio at\u00e9 o surgimento de alergias e outros problemas de sa\u00fade.<\/p>\n<h3><strong>Alergias<\/strong><\/h3>\n<p>Um dos principais motivos para n\u00e3o usar comida no cabelo \u00e9 o risco de alergia. Por exemplo, o vinagre, muito utilizado com a promessa de dar brilho \u00e0s madeixas e reduzir o <em>frizz<\/em>, pode ressecar os fios e provocar dermatite caso entre em contato com o <u><a href=\"https:\/\/artigos.abelacosmetics.com\/es\/devo-tratar-meu-couro-cabeludo-saiba-mais\/\">couro cabeludo<\/a><\/u> devido \u00e0 sua acidez.<\/p>\n<h3><strong>Cabelos opacos<\/strong><\/h3>\n<p>Outro preju\u00edzo de usar comida no cabelo \u00e9 a possibilidade de os fios se tornarem opacos. Isso pode acontecer em decorr\u00eancia do ac\u00famulo de res\u00edduos de alimentos n\u00e3o removidos totalmente durante a lavagem.<\/p>\n<h3><strong>Oleosidade e queda<\/strong><\/h3>\n<p>O uso frequente de alimentos nos cabelos pode estimular maior produ\u00e7\u00e3o de sebo, aumentando a oleosidade e conferindo um aspecto de cabelo pesado e sujo.<\/p>\n<p>Al\u00e9m disso, quando essas receitas s\u00e3o aplicadas no couro cabeludo, no longo prazo podem favorecer a queda dos cabelos.<\/p>\n<h3><strong>Prolifera\u00e7\u00e3o de microrganismos no cabelo<\/strong><\/h3>\n<p>Ingredientes comumente utilizados nos cabelos como o mel, o abacate e outros, podem promover a prolifera\u00e7\u00e3o de bact\u00e9rias e fungos nos cabelos.<\/p>\n<p>Esses alimentos apresentam uma certa dificuldade para serem removidos durante a lavagem, consequentemente, seu ac\u00famulo nos fios \u00e9 uma fonte de nutrientes para os microrganismos.<\/p>\n<h3><strong>Desperd\u00edcio<\/strong><\/h3>\n<p>Um dos maiores problemas mundiais \u00e9 o desperd\u00edcio de alimentos. Nesse sentido, cabe destacar que o uso de ingredientes culin\u00e1rios nos cabelos tamb\u00e9m representa uma forma de desperd\u00edcio.<\/p>\n<p>Tendo em vista que as receitas caseiras n\u00e3o tratam os cabelos e, quando agem, possuem efeito apenas superficial, podemos concluir que \u00e9 muito mais recomendada a ingest\u00e3o desses alimentos em vez de desperdi\u00e7\u00e1-los aplicando nos fios.<\/p>\n<h2><strong>Os \u00f3leos vegetais podem ser utilizados?<\/strong><\/h2>\n<p><img loading=\"lazy\" decoding=\"async\" class=\"alignnone wp-image-1441\" src=\"https:\/\/artigos.abelacosmetics.com\/wp-content\/uploads\/2022\/10\/4-1-300x169.png\" alt=\"\" width=\"1040\" height=\"586\" srcset=\"https:\/\/artigos.abelacosmetics.com\/wp-content\/uploads\/2022\/10\/4-1-300x169.png 300w, https:\/\/artigos.abelacosmetics.com\/wp-content\/uploads\/2022\/10\/4-1-1024x576.png 1024w, https:\/\/artigos.abelacosmetics.com\/wp-content\/uploads\/2022\/10\/4-1-768x432.png 768w, https:\/\/artigos.abelacosmetics.com\/wp-content\/uploads\/2022\/10\/4-1-1536x864.png 1536w, https:\/\/artigos.abelacosmetics.com\/wp-content\/uploads\/2022\/10\/4-1-18x10.png 18w, https:\/\/artigos.abelacosmetics.com\/wp-content\/uploads\/2022\/10\/4-1.png 1920w\" sizes=\"auto, (max-width: 1040px) 100vw, 1040px\" \/><\/p>\n<p>O uso dos \u00f3leos vegetais nos cabelos tamb\u00e9m \u00e9 algo muito popular, principalmente entre pessoas de cabelo cacheado e crespo. Por\u00e9m, um <u><a href=\"https:\/\/www.researchgate.net\/publication\/280531803_Influence_of_Brazilian_vegetable_oils_on_mechanical_resistence_of_hair_fiber\">estudo cient\u00edfico<\/a><\/u> mostrou que esses \u00f3leos agem apenas superficialmente e n\u00e3o tratam os cabelos.<\/p>\n<p>O trabalho teve como objetivo analisar a influ\u00eancia de alguns \u00f3leos vegetais brasileiros em rela\u00e7\u00e3o \u00e0 resist\u00eancia mec\u00e2nica da fibra capilar. Ou seja, os pesquisadores queriam verificar se os \u00f3leos vegetais realmente deixavam os fios mais resistentes.<\/p>\n<p>Contudo, os resultados do trabalho mostraram que os efeitos dos \u00f3leos analisados se relacionam com a lubrifica\u00e7\u00e3o e com o preenchimento de fissuras na cut\u00edcula capilar, mas n\u00e3o tratam o fio profundamente.<\/p>\n<p>Portanto, podemos concluir que a a\u00e7\u00e3o desses \u00f3leos, quando utilizados isoladamente, serve como uma \u201cmaquiagem\u201d em vez de realmente tratar as madeixas.<\/p>\n<p>Por outro lado, quando os \u00f3leos vegetais fazem parte da composi\u00e7\u00e3o de produtos para os cabelos, eles passam por processos tecnol\u00f3gicos que os tornam ativos important\u00edssimos de diversos produtos.<\/p>\n<p>Sendo assim, os \u00f3leos vegetais podem e devem ser utilizados no tratamento dos fios, mas como parte de produtos destinados para este fim, como \u00e9 o caso da <u><a href=\"https:\/\/artigos.abelacosmetics.com\/es\/produtos\/mascara-carolina\/\">m\u00e1scara Carolina<\/a><\/u>, da <strong><a href=\"https:\/\/artigos.abelacosmetics.com\/es\/\">Abela<\/a><\/strong>, que cont\u00e9m um mix de \u00f3leos e \u00e9 ideal para minimizar o ressecamento.<\/p>\n<h2><strong>Cronograma capilar com receitas caseiras funciona?<\/strong><\/h2>\n<p>O cronograma capilar \u00e9 muito utilizado e basicamente consiste em dividir os cuidados capilares em tr\u00eas etapas (hidrata\u00e7\u00e3o, nutri\u00e7\u00e3o e reconstru\u00e7\u00e3o).<\/p>\n<p>A hidrata\u00e7\u00e3o refere-se \u00e0 reposi\u00e7\u00e3o de \u00e1gua, a nutri\u00e7\u00e3o, por sua vez, \u00e9 referente \u00e0s gorduras e a reconstru\u00e7\u00e3o \u00e9 feita com os amino\u00e1cidos e prote\u00ednas.<\/p>\n<p>Muitas pessoas utilizam apenas receitas caseiras para seguir essa metodologia, mas ser\u00e1 que surte algum efeito?<\/p>\n<p>A verdade mesmo \u00e9 que n\u00e3o \u00e9 necess\u00e1rio, nem efetivo seguir um cronograma com essas receitas para cuidar dos cabelos.<\/p>\n<p>Como j\u00e1 explicamos anteriormente, as receitas feitas com ingredientes caseiros servem como uma maquiagem, mas n\u00e3o tratam verdadeiramente o cabelo, isso porque os nutrientes contidos nelas n\u00e3o est\u00e3o na forma ideal para tratar os fios.<\/p>\n<p>Desse modo, certos problemas n\u00e3o ser\u00e3o resolvidos, sobretudo em cabelos muito danificados, a exemplo daqueles que passaram por descolora\u00e7\u00e3o.<\/p>\n<p>Atualmente j\u00e1 existem produtos no mercado que cont\u00eam componentes hidratantes, nutritivos e reconstrutores e devem ser usados nas respectivas etapas do cronograma.<\/p>\n<p><img loading=\"lazy\" decoding=\"async\" class=\"alignnone wp-image-1442\" src=\"https:\/\/artigos.abelacosmetics.com\/wp-content\/uploads\/2022\/10\/5-1-300x169.png\" alt=\"\" width=\"928\" height=\"523\" srcset=\"https:\/\/artigos.abelacosmetics.com\/wp-content\/uploads\/2022\/10\/5-1-300x169.png 300w, https:\/\/artigos.abelacosmetics.com\/wp-content\/uploads\/2022\/10\/5-1-1024x576.png 1024w, https:\/\/artigos.abelacosmetics.com\/wp-content\/uploads\/2022\/10\/5-1-768x432.png 768w, https:\/\/artigos.abelacosmetics.com\/wp-content\/uploads\/2022\/10\/5-1-1536x864.png 1536w, https:\/\/artigos.abelacosmetics.com\/wp-content\/uploads\/2022\/10\/5-1-18x10.png 18w, https:\/\/artigos.abelacosmetics.com\/wp-content\/uploads\/2022\/10\/5-1.png 1920w\" sizes=\"auto, (max-width: 928px) 100vw, 928px\" \/><\/p>\n<p>N\u00f3s da <strong><u><a href=\"https:\/\/artigos.abelacosmetics.com\/es\/\">Abela Cosmetics<\/a><\/u><\/strong> contamos com uma linha de produtos voltada para o cronograma capilar. Temos a <u><a href=\"https:\/\/artigos.abelacosmetics.com\/es\/produtos\/mascara-hidratante\/\">m\u00e1scara hidratante<\/a><\/u>, perfeita para devolver a suavidade e o brilho dos cabelos.<\/p>\n<p>Tamb\u00e9m contamos com a <u><a href=\"https:\/\/artigos.abelacosmetics.com\/es\/produtos\/mascara-nutritiva\/\">m\u00e1scara nutritiva<\/a><\/u>, ideal para cabelos finos e porosos. Se voc\u00ea deseja ter cabelos encorpados, vale muito a pena conhec\u00ea-la.<\/p>\n<p>E temos ainda uma <u><a href=\"https:\/\/artigos.abelacosmetics.com\/es\/produtos\/mascara-reconstrutora\/\">m\u00e1scara reconstrutora<\/a><\/u>, que serve para a etapa de reconstru\u00e7\u00e3o do cronograma e \u00e9 especialmente indicada para cabelos coloridos, quimicamente tratados e\/ou danificados por processos mec\u00e2nicos.<\/p>\n<h2><strong>O ovo faz bem para a sa\u00fade capilar?<\/strong><\/h2>\n<p><img loading=\"lazy\" decoding=\"async\" class=\"alignnone wp-image-1443\" src=\"https:\/\/artigos.abelacosmetics.com\/wp-content\/uploads\/2022\/10\/6-1-300x169.png\" alt=\"\" width=\"927\" height=\"522\" srcset=\"https:\/\/artigos.abelacosmetics.com\/wp-content\/uploads\/2022\/10\/6-1-300x169.png 300w, https:\/\/artigos.abelacosmetics.com\/wp-content\/uploads\/2022\/10\/6-1-1024x576.png 1024w, https:\/\/artigos.abelacosmetics.com\/wp-content\/uploads\/2022\/10\/6-1-768x432.png 768w, https:\/\/artigos.abelacosmetics.com\/wp-content\/uploads\/2022\/10\/6-1-1536x864.png 1536w, https:\/\/artigos.abelacosmetics.com\/wp-content\/uploads\/2022\/10\/6-1-18x10.png 18w, https:\/\/artigos.abelacosmetics.com\/wp-content\/uploads\/2022\/10\/6-1.png 1920w\" sizes=\"auto, (max-width: 927px) 100vw, 927px\" \/><\/p>\n<p>O ovo \u00e9 um alimento muito rico nutricionalmente, possui prote\u00ednas, gorduras e vitaminas importantes para o funcionamento do corpo como um todo e tamb\u00e9m para os cabelos.<\/p>\n<p>Por\u00e9m, se voc\u00ea deseja obter os benef\u00edcios do ovo para ter um cabelo mais bonito, deve incluir esse alimento no seu padr\u00e3o alimentar em vez de passar no cabelo.<\/p>\n<p>At\u00e9 o momento n\u00e3o existem evid\u00eancias cient\u00edficas que comprovem que o ovo trata os cabelos quando aplicado diretamente neles. Pelo contr\u00e1rio, pode at\u00e9 deixar os fios r\u00edgidos.<\/p>\n<h2><strong>Considera\u00e7\u00f5es finais sobre por que n\u00e3o usar comida no cabelo<\/strong><\/h2>\n<p>Como vimos ao longo deste artigo, as receitas caseiras podem at\u00e9 ser usadas para conferir um visual saud\u00e1vel ao cabelo momentaneamente, no entanto, n\u00e3o s\u00e3o recomendadas pois al\u00e9m de n\u00e3o trat\u00e1-lo, podem causar preju\u00edzos.<\/p>\n<p>Se voc\u00ea deseja ter cabelos bem tratados, lembre-se de procurar op\u00e7\u00f5es de produtos naturais e com boas composi\u00e7\u00f5es. Tenha em mente que esse \u00e9 um investimento na sua sa\u00fade capilar. E o mais importante \u00e9 se alimentar bem, beber bastante \u00e1gua \u2013 <strong>esses s\u00e3o os pilares para uma boa sa\u00fade capilar.<\/strong><\/p>\n<p>Gostou desse conte\u00fado? Continue aproveitando os materiais do nosso blog, nos acompanhe no <u><a href=\"https:\/\/www.instagram.com\/abelacosmetics\/?hl=pt\">Instagram<\/a><\/u> e n\u00e3o deixe de conhecer os produtos do nosso <u><a href=\"https:\/\/artigos.abelacosmetics.com\/es\/produtos\/\">cat\u00e1logo<\/a><\/u> para ter madeixas muito mais saud\u00e1veis e bonitas.<\/p>\n<p><img loading=\"lazy\" decoding=\"async\" class=\"alignnone wp-image-1444\" src=\"https:\/\/artigos.abelacosmetics.com\/wp-content\/uploads\/2022\/10\/7-1-300x169.png\" alt=\"\" width=\"1299\" height=\"732\" srcset=\"https:\/\/artigos.abelacosmetics.com\/wp-content\/uploads\/2022\/10\/7-1-300x169.png 300w, https:\/\/artigos.abelacosmetics.com\/wp-content\/uploads\/2022\/10\/7-1-1024x576.png 1024w, https:\/\/artigos.abelacosmetics.com\/wp-content\/uploads\/2022\/10\/7-1-768x432.png 768w, https:\/\/artigos.abelacosmetics.com\/wp-content\/uploads\/2022\/10\/7-1-1536x864.png 1536w, https:\/\/artigos.abelacosmetics.com\/wp-content\/uploads\/2022\/10\/7-1-18x10.png 18w, https:\/\/artigos.abelacosmetics.com\/wp-content\/uploads\/2022\/10\/7-1.png 1920w\" sizes=\"auto, (max-width: 1299px) 100vw, 1299px\" \/><\/p>","protected":false},"excerpt":{"rendered":"<p>&nbsp; &nbsp; Voc\u00ea sabe por que n\u00e3o usar comida no cabelo, ou \u00e9 do time que sempre faz receitinhas caseiras? Existem diversas raz\u00f5es que levam as pessoas a utilizar os itens da cozinha para fazer tratamentos, por\u00e9m essa pr\u00e1tica n\u00e3o \u00e9 recomendada. &nbsp; &nbsp; Hoje iremos te contar como surgiram as receitas caseiras para cabelos, [&hellip;]<\/p>","protected":false},"author":1,"featured_media":1447,"comment_status":"open","ping_status":"open","sticky":false,"template":"","format":"standard","meta":{"_acf_changed":false,"_mo_disable_npp":"","inline_featured_image":false,"footnotes":""},"categories":[32],"tags":[],"class_list":["post-1436","post","type-post","status-publish","format-standard","has-post-thumbnail","hentry","category-informacoes"],"acf":[],"yoast_head":"<!-- This site is optimized with the Yoast SEO Premium plugin v19.2.1 (Yoast SEO v26.9) - https:\/\/yoast.com\/product\/yoast-seo-premium-wordpress\/ -->\n<title>Por que n\u00e3o usar comida no cabelo? Pr\u00e1tica apresenta mais preju\u00edzos do que benef\u00edcios; entenda os motivos. - Abela Cosmetics<\/title>\n<meta name=\"description\" content=\"Voc\u00ea gosta de receitas caseiras para o cabelo? Essa pr\u00e1tica oferece mais riscos do que benef\u00edcios. Entenda por que n\u00e3o usar comida no cabelo.\" \/>\n<meta name=\"robots\" content=\"index, follow, max-snippet:-1, max-image-preview:large, max-video-preview:-1\" \/>\n<link rel=\"canonical\" href=\"https:\/\/artigos.abelacosmetics.com\/es\/por-que-nao-usar-comida-no-cabelo\/\" \/>\n<meta property=\"og:locale\" content=\"es_ES\" \/>\n<meta property=\"og:type\" content=\"article\" \/>\n<meta property=\"og:title\" content=\"Por que n\u00e3o usar comida no cabelo? Pr\u00e1tica apresenta mais preju\u00edzos do que benef\u00edcios; entenda os motivos.\" \/>\n<meta property=\"og:description\" content=\"Voc\u00ea gosta de receitas caseiras para o cabelo? Essa pr\u00e1tica oferece mais riscos do que benef\u00edcios. Entenda por que n\u00e3o usar comida no cabelo.\" \/>\n<meta property=\"og:url\" content=\"https:\/\/artigos.abelacosmetics.com\/es\/por-que-nao-usar-comida-no-cabelo\/\" \/>\n<meta property=\"og:site_name\" content=\"Abela Cosmetics\" \/>\n<meta property=\"article:publisher\" content=\"https:\/\/www.facebook.com\/abelacosmetics\" \/>\n<meta property=\"article:published_time\" content=\"2022-10-06T20:00:51+00:00\" \/>\n<meta property=\"article:modified_time\" content=\"2023-01-05T20:58:01+00:00\" \/>\n<meta property=\"og:image\" content=\"https:\/\/artigos.abelacosmetics.com\/wp-content\/uploads\/2022\/10\/post-do-blog-1-1.png\" \/>\n\t<meta property=\"og:image:width\" content=\"850\" \/>\n\t<meta property=\"og:image:height\" content=\"430\" \/>\n\t<meta property=\"og:image:type\" content=\"image\/png\" \/>\n<meta name=\"author\" content=\"admin\" \/>\n<meta name=\"twitter:card\" content=\"summary_large_image\" \/>\n<meta name=\"twitter:label1\" content=\"Escrito por\" \/>\n\t<meta name=\"twitter:data1\" content=\"admin\" \/>\n\t<meta name=\"twitter:label2\" content=\"Tiempo de lectura\" \/>\n\t<meta name=\"twitter:data2\" content=\"11 minutos\" \/>\n<script type=\"application\/ld+json\" class=\"yoast-schema-graph\">{\"@context\":\"https:\/\/schema.org\",\"@graph\":[{\"@type\":\"Article\",\"@id\":\"https:\/\/artigos.abelacosmetics.com\/por-que-nao-usar-comida-no-cabelo\/#article\",\"isPartOf\":{\"@id\":\"https:\/\/artigos.abelacosmetics.com\/por-que-nao-usar-comida-no-cabelo\/\"},\"author\":{\"name\":\"admin\",\"@id\":\"https:\/\/artigos.abelacosmetics.com\/#\/schema\/person\/675710be590edb47293978092f4e20f4\"},\"headline\":\"Por que n\u00e3o usar comida no cabelo? Pr\u00e1tica apresenta mais preju\u00edzos do que benef\u00edcios; entenda os motivos.\",\"datePublished\":\"2022-10-06T20:00:51+00:00\",\"dateModified\":\"2023-01-05T20:58:01+00:00\",\"mainEntityOfPage\":{\"@id\":\"https:\/\/artigos.abelacosmetics.com\/por-que-nao-usar-comida-no-cabelo\/\"},\"wordCount\":1832,\"commentCount\":0,\"publisher\":{\"@id\":\"https:\/\/artigos.abelacosmetics.com\/#organization\"},\"image\":{\"@id\":\"https:\/\/artigos.abelacosmetics.com\/por-que-nao-usar-comida-no-cabelo\/#primaryimage\"},\"thumbnailUrl\":\"https:\/\/artigos.abelacosmetics.com\/wp-content\/uploads\/2022\/10\/post-do-blog-1-1.png\",\"articleSection\":[\"Informa\u00e7\u00f5es\"],\"inLanguage\":\"es\",\"potentialAction\":[{\"@type\":\"CommentAction\",\"name\":\"Comment\",\"target\":[\"https:\/\/artigos.abelacosmetics.com\/por-que-nao-usar-comida-no-cabelo\/#respond\"]}]},{\"@type\":\"WebPage\",\"@id\":\"https:\/\/artigos.abelacosmetics.com\/por-que-nao-usar-comida-no-cabelo\/\",\"url\":\"https:\/\/artigos.abelacosmetics.com\/por-que-nao-usar-comida-no-cabelo\/\",\"name\":\"Por que n\u00e3o usar comida no cabelo? Pr\u00e1tica apresenta mais preju\u00edzos do que benef\u00edcios; entenda os motivos. - Abela Cosmetics\",\"isPartOf\":{\"@id\":\"https:\/\/artigos.abelacosmetics.com\/#website\"},\"primaryImageOfPage\":{\"@id\":\"https:\/\/artigos.abelacosmetics.com\/por-que-nao-usar-comida-no-cabelo\/#primaryimage\"},\"image\":{\"@id\":\"https:\/\/artigos.abelacosmetics.com\/por-que-nao-usar-comida-no-cabelo\/#primaryimage\"},\"thumbnailUrl\":\"https:\/\/artigos.abelacosmetics.com\/wp-content\/uploads\/2022\/10\/post-do-blog-1-1.png\",\"datePublished\":\"2022-10-06T20:00:51+00:00\",\"dateModified\":\"2023-01-05T20:58:01+00:00\",\"description\":\"Voc\u00ea gosta de receitas caseiras para o cabelo? Essa pr\u00e1tica oferece mais riscos do que benef\u00edcios. Entenda por que n\u00e3o usar comida no cabelo.\",\"breadcrumb\":{\"@id\":\"https:\/\/artigos.abelacosmetics.com\/por-que-nao-usar-comida-no-cabelo\/#breadcrumb\"},\"inLanguage\":\"es\",\"potentialAction\":[{\"@type\":\"ReadAction\",\"target\":[\"https:\/\/artigos.abelacosmetics.com\/por-que-nao-usar-comida-no-cabelo\/\"]}]},{\"@type\":\"ImageObject\",\"inLanguage\":\"es\",\"@id\":\"https:\/\/artigos.abelacosmetics.com\/por-que-nao-usar-comida-no-cabelo\/#primaryimage\",\"url\":\"https:\/\/artigos.abelacosmetics.com\/wp-content\/uploads\/2022\/10\/post-do-blog-1-1.png\",\"contentUrl\":\"https:\/\/artigos.abelacosmetics.com\/wp-content\/uploads\/2022\/10\/post-do-blog-1-1.png\",\"width\":850,\"height\":430},{\"@type\":\"BreadcrumbList\",\"@id\":\"https:\/\/artigos.abelacosmetics.com\/por-que-nao-usar-comida-no-cabelo\/#breadcrumb\",\"itemListElement\":[{\"@type\":\"ListItem\",\"position\":1,\"name\":\"In\u00edcio\",\"item\":\"https:\/\/artigos.abelacosmetics.com\/\"},{\"@type\":\"ListItem\",\"position\":2,\"name\":\"Por que n\u00e3o usar comida no cabelo? Pr\u00e1tica apresenta mais preju\u00edzos do que benef\u00edcios; entenda os motivos.\"}]},{\"@type\":\"WebSite\",\"@id\":\"https:\/\/artigos.abelacosmetics.com\/#website\",\"url\":\"https:\/\/artigos.abelacosmetics.com\/\",\"name\":\"Abela Cosmetics\",\"description\":\"Cuidados para Cabelos \u00danicos\",\"publisher\":{\"@id\":\"https:\/\/artigos.abelacosmetics.com\/#organization\"},\"potentialAction\":[{\"@type\":\"SearchAction\",\"target\":{\"@type\":\"EntryPoint\",\"urlTemplate\":\"https:\/\/artigos.abelacosmetics.com\/?s={search_term_string}\"},\"query-input\":{\"@type\":\"PropertyValueSpecification\",\"valueRequired\":true,\"valueName\":\"search_term_string\"}}],\"inLanguage\":\"es\"},{\"@type\":\"Organization\",\"@id\":\"https:\/\/artigos.abelacosmetics.com\/#organization\",\"name\":\"Abela Cosmetics\",\"url\":\"https:\/\/artigos.abelacosmetics.com\/\",\"logo\":{\"@type\":\"ImageObject\",\"inLanguage\":\"es\",\"@id\":\"https:\/\/artigos.abelacosmetics.com\/#\/schema\/logo\/image\/\",\"url\":\"https:\/\/artigos.abelacosmetics.com\/wp-content\/uploads\/2023\/02\/logo-abela.png\",\"contentUrl\":\"https:\/\/artigos.abelacosmetics.com\/wp-content\/uploads\/2023\/02\/logo-abela.png\",\"width\":183,\"height\":90,\"caption\":\"Abela Cosmetics\"},\"image\":{\"@id\":\"https:\/\/artigos.abelacosmetics.com\/#\/schema\/logo\/image\/\"},\"sameAs\":[\"https:\/\/www.facebook.com\/abelacosmetics\"]},{\"@type\":\"Person\",\"@id\":\"https:\/\/artigos.abelacosmetics.com\/#\/schema\/person\/675710be590edb47293978092f4e20f4\",\"name\":\"admin\",\"image\":{\"@type\":\"ImageObject\",\"inLanguage\":\"es\",\"@id\":\"https:\/\/artigos.abelacosmetics.com\/#\/schema\/person\/image\/\",\"url\":\"https:\/\/secure.gravatar.com\/avatar\/ce9ccc2de538d30bcc33874c5a730e8e078e64fce402cb3cf0668a7439a0e654?s=96&d=mm&r=g\",\"contentUrl\":\"https:\/\/secure.gravatar.com\/avatar\/ce9ccc2de538d30bcc33874c5a730e8e078e64fce402cb3cf0668a7439a0e654?s=96&d=mm&r=g\",\"caption\":\"admin\"},\"sameAs\":[\"http:\/\/localhost\/abela-cosmetic\"],\"url\":\"https:\/\/artigos.abelacosmetics.com\/es\/author\/admin\/\"}]}<\/script>\n<!-- \/ Yoast SEO Premium plugin. -->","yoast_head_json":{"title":"Por que n\u00e3o usar comida no cabelo? Pr\u00e1tica apresenta mais preju\u00edzos do que benef\u00edcios; entenda os motivos. - Abela Cosmetics","description":"Voc\u00ea gosta de receitas caseiras para o cabelo? Essa pr\u00e1tica oferece mais riscos do que benef\u00edcios. Entenda por que n\u00e3o usar comida no cabelo.","robots":{"index":"index","follow":"follow","max-snippet":"max-snippet:-1","max-image-preview":"max-image-preview:large","max-video-preview":"max-video-preview:-1"},"canonical":"https:\/\/artigos.abelacosmetics.com\/es\/por-que-nao-usar-comida-no-cabelo\/","og_locale":"es_ES","og_type":"article","og_title":"Por que n\u00e3o usar comida no cabelo? Pr\u00e1tica apresenta mais preju\u00edzos do que benef\u00edcios; entenda os motivos.","og_description":"Voc\u00ea gosta de receitas caseiras para o cabelo? Essa pr\u00e1tica oferece mais riscos do que benef\u00edcios. Entenda por que n\u00e3o usar comida no cabelo.","og_url":"https:\/\/artigos.abelacosmetics.com\/es\/por-que-nao-usar-comida-no-cabelo\/","og_site_name":"Abela Cosmetics","article_publisher":"https:\/\/www.facebook.com\/abelacosmetics","article_published_time":"2022-10-06T20:00:51+00:00","article_modified_time":"2023-01-05T20:58:01+00:00","og_image":[{"width":850,"height":430,"url":"https:\/\/artigos.abelacosmetics.com\/wp-content\/uploads\/2022\/10\/post-do-blog-1-1.png","type":"image\/png"}],"author":"admin","twitter_card":"summary_large_image","twitter_misc":{"Escrito por":"admin","Tiempo de lectura":"11 minutos"},"schema":{"@context":"https:\/\/schema.org","@graph":[{"@type":"Article","@id":"https:\/\/artigos.abelacosmetics.com\/por-que-nao-usar-comida-no-cabelo\/#article","isPartOf":{"@id":"https:\/\/artigos.abelacosmetics.com\/por-que-nao-usar-comida-no-cabelo\/"},"author":{"name":"admin","@id":"https:\/\/artigos.abelacosmetics.com\/#\/schema\/person\/675710be590edb47293978092f4e20f4"},"headline":"Por que n\u00e3o usar comida no cabelo? Pr\u00e1tica apresenta mais preju\u00edzos do que benef\u00edcios; entenda os motivos.","datePublished":"2022-10-06T20:00:51+00:00","dateModified":"2023-01-05T20:58:01+00:00","mainEntityOfPage":{"@id":"https:\/\/artigos.abelacosmetics.com\/por-que-nao-usar-comida-no-cabelo\/"},"wordCount":1832,"commentCount":0,"publisher":{"@id":"https:\/\/artigos.abelacosmetics.com\/#organization"},"image":{"@id":"https:\/\/artigos.abelacosmetics.com\/por-que-nao-usar-comida-no-cabelo\/#primaryimage"},"thumbnailUrl":"https:\/\/artigos.abelacosmetics.com\/wp-content\/uploads\/2022\/10\/post-do-blog-1-1.png","articleSection":["Informa\u00e7\u00f5es"],"inLanguage":"es","potentialAction":[{"@type":"CommentAction","name":"Comment","target":["https:\/\/artigos.abelacosmetics.com\/por-que-nao-usar-comida-no-cabelo\/#respond"]}]},{"@type":"WebPage","@id":"https:\/\/artigos.abelacosmetics.com\/por-que-nao-usar-comida-no-cabelo\/","url":"https:\/\/artigos.abelacosmetics.com\/por-que-nao-usar-comida-no-cabelo\/","name":"Por que n\u00e3o usar comida no cabelo? Pr\u00e1tica apresenta mais preju\u00edzos do que benef\u00edcios; entenda os motivos. - Abela Cosmetics","isPartOf":{"@id":"https:\/\/artigos.abelacosmetics.com\/#website"},"primaryImageOfPage":{"@id":"https:\/\/artigos.abelacosmetics.com\/por-que-nao-usar-comida-no-cabelo\/#primaryimage"},"image":{"@id":"https:\/\/artigos.abelacosmetics.com\/por-que-nao-usar-comida-no-cabelo\/#primaryimage"},"thumbnailUrl":"https:\/\/artigos.abelacosmetics.com\/wp-content\/uploads\/2022\/10\/post-do-blog-1-1.png","datePublished":"2022-10-06T20:00:51+00:00","dateModified":"2023-01-05T20:58:01+00:00","description":"Voc\u00ea gosta de receitas caseiras para o cabelo? Essa pr\u00e1tica oferece mais riscos do que benef\u00edcios. Entenda por que n\u00e3o usar comida no cabelo.","breadcrumb":{"@id":"https:\/\/artigos.abelacosmetics.com\/por-que-nao-usar-comida-no-cabelo\/#breadcrumb"},"inLanguage":"es","potentialAction":[{"@type":"ReadAction","target":["https:\/\/artigos.abelacosmetics.com\/por-que-nao-usar-comida-no-cabelo\/"]}]},{"@type":"ImageObject","inLanguage":"es","@id":"https:\/\/artigos.abelacosmetics.com\/por-que-nao-usar-comida-no-cabelo\/#primaryimage","url":"https:\/\/artigos.abelacosmetics.com\/wp-content\/uploads\/2022\/10\/post-do-blog-1-1.png","contentUrl":"https:\/\/artigos.abelacosmetics.com\/wp-content\/uploads\/2022\/10\/post-do-blog-1-1.png","width":850,"height":430},{"@type":"BreadcrumbList","@id":"https:\/\/artigos.abelacosmetics.com\/por-que-nao-usar-comida-no-cabelo\/#breadcrumb","itemListElement":[{"@type":"ListItem","position":1,"name":"In\u00edcio","item":"https:\/\/artigos.abelacosmetics.com\/"},{"@type":"ListItem","position":2,"name":"Por que n\u00e3o usar comida no cabelo? Pr\u00e1tica apresenta mais preju\u00edzos do que benef\u00edcios; entenda os motivos."}]},{"@type":"WebSite","@id":"https:\/\/artigos.abelacosmetics.com\/#website","url":"https:\/\/artigos.abelacosmetics.com\/","name":"Abela Cosmetics","description":"Cuidados para Cabelos \u00danicos","publisher":{"@id":"https:\/\/artigos.abelacosmetics.com\/#organization"},"potentialAction":[{"@type":"SearchAction","target":{"@type":"EntryPoint","urlTemplate":"https:\/\/artigos.abelacosmetics.com\/?s={search_term_string}"},"query-input":{"@type":"PropertyValueSpecification","valueRequired":true,"valueName":"search_term_string"}}],"inLanguage":"es"},{"@type":"Organization","@id":"https:\/\/artigos.abelacosmetics.com\/#organization","name":"Abela Cosmetics","url":"https:\/\/artigos.abelacosmetics.com\/","logo":{"@type":"ImageObject","inLanguage":"es","@id":"https:\/\/artigos.abelacosmetics.com\/#\/schema\/logo\/image\/","url":"https:\/\/artigos.abelacosmetics.com\/wp-content\/uploads\/2023\/02\/logo-abela.png","contentUrl":"https:\/\/artigos.abelacosmetics.com\/wp-content\/uploads\/2023\/02\/logo-abela.png","width":183,"height":90,"caption":"Abela Cosmetics"},"image":{"@id":"https:\/\/artigos.abelacosmetics.com\/#\/schema\/logo\/image\/"},"sameAs":["https:\/\/www.facebook.com\/abelacosmetics"]},{"@type":"Person","@id":"https:\/\/artigos.abelacosmetics.com\/#\/schema\/person\/675710be590edb47293978092f4e20f4","name":"admin","image":{"@type":"ImageObject","inLanguage":"es","@id":"https:\/\/artigos.abelacosmetics.com\/#\/schema\/person\/image\/","url":"https:\/\/secure.gravatar.com\/avatar\/ce9ccc2de538d30bcc33874c5a730e8e078e64fce402cb3cf0668a7439a0e654?s=96&d=mm&r=g","contentUrl":"https:\/\/secure.gravatar.com\/avatar\/ce9ccc2de538d30bcc33874c5a730e8e078e64fce402cb3cf0668a7439a0e654?s=96&d=mm&r=g","caption":"admin"},"sameAs":["http:\/\/localhost\/abela-cosmetic"],"url":"https:\/\/artigos.abelacosmetics.com\/es\/author\/admin\/"}]}},"_links":{"self":[{"href":"https:\/\/artigos.abelacosmetics.com\/es\/wp-json\/wp\/v2\/posts\/1436","targetHints":{"allow":["GET"]}}],"collection":[{"href":"https:\/\/artigos.abelacosmetics.com\/es\/wp-json\/wp\/v2\/posts"}],"about":[{"href":"https:\/\/artigos.abelacosmetics.com\/es\/wp-json\/wp\/v2\/types\/post"}],"author":[{"embeddable":true,"href":"https:\/\/artigos.abelacosmetics.com\/es\/wp-json\/wp\/v2\/users\/1"}],"replies":[{"embeddable":true,"href":"https:\/\/artigos.abelacosmetics.com\/es\/wp-json\/wp\/v2\/comments?post=1436"}],"version-history":[{"count":7,"href":"https:\/\/artigos.abelacosmetics.com\/es\/wp-json\/wp\/v2\/posts\/1436\/revisions"}],"predecessor-version":[{"id":2237,"href":"https:\/\/artigos.abelacosmetics.com\/es\/wp-json\/wp\/v2\/posts\/1436\/revisions\/2237"}],"wp:featuredmedia":[{"embeddable":true,"href":"https:\/\/artigos.abelacosmetics.com\/es\/wp-json\/wp\/v2\/media\/1447"}],"wp:attachment":[{"href":"https:\/\/artigos.abelacosmetics.com\/es\/wp-json\/wp\/v2\/media?parent=1436"}],"wp:term":[{"taxonomy":"category","embeddable":true,"href":"https:\/\/artigos.abelacosmetics.com\/es\/wp-json\/wp\/v2\/categories?post=1436"},{"taxonomy":"post_tag","embeddable":true,"href":"https:\/\/artigos.abelacosmetics.com\/es\/wp-json\/wp\/v2\/tags?post=1436"}],"curies":[{"name":"wp","href":"https:\/\/api.w.org\/{rel}","templated":true}]}}