{"id":1414,"date":"2022-10-03T09:01:24","date_gmt":"2022-10-03T12:01:24","guid":{"rendered":"https:\/\/artigos.abelacosmetics.com\/?p=1414"},"modified":"2023-01-05T17:58:16","modified_gmt":"2023-01-05T20:58:16","slug":"como-e-por-que-separar-o-lixo","status":"publish","type":"post","link":"https:\/\/artigos.abelacosmetics.com\/es\/como-e-por-que-separar-o-lixo\/","title":{"rendered":"Voc\u00ea conhece os motivos para separar o lixo? Veja algumas dicas de como fazer"},"content":{"rendered":"<p>&nbsp;<\/p>\n<p>&nbsp;<\/p>\n<p>Aprender <strong>como e por que separar o lixo<\/strong>\u00a0\u00e9 uma medida importante para salvar o planeta.<\/p>\n<p>&nbsp;<\/p>\n<audio class=\"wp-audio-shortcode\" id=\"audio-1414-1\" preload=\"none\" style=\"width: 100%;\" controls=\"controls\"><source type=\"audio\/mpeg\" src=\"https:\/\/artigos.abelacosmetics.com\/wp-content\/uploads\/2022\/10\/Voce-conhece-os-motivos-para-separar-o-lixo-1.mp3?_=1\" \/><a href=\"https:\/\/artigos.abelacosmetics.com\/wp-content\/uploads\/2022\/10\/Voce-conhece-os-motivos-para-separar-o-lixo-1.mp3\">https:\/\/artigos.abelacosmetics.com\/wp-content\/uploads\/2022\/10\/Voce-conhece-os-motivos-para-separar-o-lixo-1.mp3<\/a><\/audio>\n<p>&nbsp;<\/p>\n<p>A busca pelo desenvolvimento sustent\u00e1vel tem sido alvo de preocupa\u00e7\u00f5es do mundo inteiro. Organismos internacionais como a ONU estabeleceram diversas medidas de desenvolvimento sustent\u00e1veis. Entre elas, o consumo e a produ\u00e7\u00e3o respons\u00e1veis.<\/p>\n<p>Isso acontece, porque os res\u00edduos relacionados a boa parte do consumo n\u00e3o passam por nenhum tratamento e s\u00e3o diretamente depositados em aterros sanit\u00e1rios \u00e0 c\u00e9u aberto, nas grandes cidades, ou em lagoas, rios e mares, em locais menores.<\/p>\n<p>Dados do IBGE apontam que diariamente mais de 180 mil toneladas de res\u00edduos s\u00f3lidos s\u00e3o recolhidas no Brasil, por meio dos servi\u00e7os urbanos de coleta. As origens desse lixo s\u00e3o diversas e prioritariamente resultantes da atividade dom\u00e9stica, industrial e rural.<\/p>\n<p>Por\u00e9m, como o lixo dom\u00e9stico est\u00e1 ligado ao nosso cotidiano, \u00e9 importante iniciar as medidas de preserva\u00e7\u00e3o ambiental dentro da pr\u00f3pria casa. Al\u00e9m dos res\u00edduos org\u00e2nicos decorrentes de alimentos, o lixo dom\u00e9stico \u00e9 composto especialmente por pl\u00e1stico, papel e vidros.<\/p>\n<p><img loading=\"lazy\" decoding=\"async\" class=\"alignnone wp-image-1416\" src=\"https:\/\/artigos.abelacosmetics.com\/wp-content\/uploads\/2022\/10\/1-300x169.png\" alt=\"\" width=\"857\" height=\"483\" srcset=\"https:\/\/artigos.abelacosmetics.com\/wp-content\/uploads\/2022\/10\/1-300x169.png 300w, https:\/\/artigos.abelacosmetics.com\/wp-content\/uploads\/2022\/10\/1-1024x576.png 1024w, https:\/\/artigos.abelacosmetics.com\/wp-content\/uploads\/2022\/10\/1-768x432.png 768w, https:\/\/artigos.abelacosmetics.com\/wp-content\/uploads\/2022\/10\/1-1536x864.png 1536w, https:\/\/artigos.abelacosmetics.com\/wp-content\/uploads\/2022\/10\/1-18x10.png 18w, https:\/\/artigos.abelacosmetics.com\/wp-content\/uploads\/2022\/10\/1.png 1920w\" sizes=\"auto, (max-width: 857px) 100vw, 857px\" \/><\/p>\n<p>Pensando nisso, em raz\u00e3o do nosso compromisso com a manuten\u00e7\u00e3o de um meio ambiente saud\u00e1vel e equilibrado, desenvolvemos este artigo para te explicar sobre a import\u00e2ncia de separar os res\u00edduos produzidos em sua casa, bem como explicar algumas dicas para facilitar este processo.<\/p>\n<p>O artigo vai iniciar explicando a import\u00e2ncia da reciclagem para o meio ambiente, em seguida, vai falar sobre como voc\u00ea pode separar o lixo dom\u00e9stico e formas para descartar embalagens de cosm\u00e9ticos, uma das mais presentes no nosso dia a dia. Confira os t\u00f3picos e boa leitura.<\/p>\n<ol>\n<li>A import\u00e2ncia da reciclagem para o meio ambiente<\/li>\n<li>Por que separar o lixo dom\u00e9stico<\/li>\n<li>Entenda como separar os res\u00edduos<\/li>\n<li>Aprenda a descartar embalagens de cosm\u00e9ticos<\/li>\n<\/ol>\n<h2>A import\u00e2ncia da reciclagem para o meio ambiente<\/h2>\n<p>O aumento da produ\u00e7\u00e3o de objetos \u00e9 resultante da Revolu\u00e7\u00e3o Industrial, que introduziu a sociedade de consumo e alterou profundamente o padr\u00e3o de vida da sociedade.<\/p>\n<p>Como consequ\u00eancia do aumento da produ\u00e7\u00e3o industrial, as pessoas t\u00eam mais acesso a bens de consumo, o que gera res\u00edduos s\u00f3lidos em larga escala. No entanto, menos da metade desse lixo \u00e9 reciclado e al\u00e9m do preju\u00edzo econ\u00f4mico, h\u00e1 um grande impacto ambiental negativo.<\/p>\n<p>Em raz\u00e3o do descarte inadequado dos res\u00edduos, parte dos oceanos, mares, rios e lagos sofrem com a polui\u00e7\u00e3o ambiental. Um dos motivos, al\u00e9m do consumo excessivo, \u00e9 a falta do manejo adequado do lixo, em especial, aquele produzido dentro das nossas casas.<\/p>\n<p><img loading=\"lazy\" decoding=\"async\" class=\"alignnone wp-image-1420\" src=\"https:\/\/artigos.abelacosmetics.com\/wp-content\/uploads\/2022\/10\/5-300x169.png\" alt=\"\" width=\"937\" height=\"528\" srcset=\"https:\/\/artigos.abelacosmetics.com\/wp-content\/uploads\/2022\/10\/5-300x169.png 300w, https:\/\/artigos.abelacosmetics.com\/wp-content\/uploads\/2022\/10\/5-1024x576.png 1024w, https:\/\/artigos.abelacosmetics.com\/wp-content\/uploads\/2022\/10\/5-768x432.png 768w, https:\/\/artigos.abelacosmetics.com\/wp-content\/uploads\/2022\/10\/5-1536x864.png 1536w, https:\/\/artigos.abelacosmetics.com\/wp-content\/uploads\/2022\/10\/5-18x10.png 18w, https:\/\/artigos.abelacosmetics.com\/wp-content\/uploads\/2022\/10\/5.png 1920w\" sizes=\"auto, (max-width: 937px) 100vw, 937px\" \/><\/p>\n<p>Como forma de reduzir o impacto causado pelo descarte inadequado do lixo, organismos internacionais, entidades relacionadas \u00e0 defesa do meio ambiente e pessoas f\u00edsicas se organizam em defesa da reciclagem do lixo como uma das medidas de preserva\u00e7\u00e3o ambiental e oportunidades no campo econ\u00f4mico.<\/p>\n<p>A reciclagem do lixo \u00e9 importante para reduzir a quantidade de res\u00edduos em lix\u00f5es e aterros sanit\u00e1rios, al\u00e9m de representar uma forma de economia dos recursos naturais para a produ\u00e7\u00e3o de outros objetos. Isso acontece em raz\u00e3o da possibilidade de reaproveitamento e transforma\u00e7\u00e3o desses res\u00edduos.<\/p>\n<p>Outros benef\u00edcios associados \u00e0 reciclagem s\u00e3o a redu\u00e7\u00e3o dos custos com limpeza urbana, redu\u00e7\u00e3o da polui\u00e7\u00e3o ambiental, na forma uma menor emiss\u00e3o dos gases de efeito estufa. Al\u00e9m disso, \u00e9 uma atividade que gera uma cadeia de empregos e oferece oportunidades para o empreendedorismo.<\/p>\n<h2>Por que separar o lixo dom\u00e9stico<\/h2>\n<p>Como boa parte da nossa produ\u00e7\u00e3o de lixo est\u00e1 ligada ao consumo dom\u00e9stico, iniciativas para coletar estes res\u00edduos s\u00e3o essenciais, na medida em que grande parte pode ser reciclada.<\/p>\n<p>Diariamente, estima-se que produzimos mais de 1,7 quilos de lixo. Entre eles, papel, pl\u00e1stico e res\u00edduos org\u00e2nicos s\u00e3o os principais. Como o material org\u00e2nico n\u00e3o pode ser reciclado, a medida mais eficaz para contribuir na preserva\u00e7\u00e3o ambiental \u00e9 separar o lixo dom\u00e9stico.<\/p>\n<p><img loading=\"lazy\" decoding=\"async\" class=\"alignnone wp-image-1418\" src=\"https:\/\/artigos.abelacosmetics.com\/wp-content\/uploads\/2022\/10\/3-300x169.png\" alt=\"\" width=\"849\" height=\"478\" srcset=\"https:\/\/artigos.abelacosmetics.com\/wp-content\/uploads\/2022\/10\/3-300x169.png 300w, https:\/\/artigos.abelacosmetics.com\/wp-content\/uploads\/2022\/10\/3-1024x576.png 1024w, https:\/\/artigos.abelacosmetics.com\/wp-content\/uploads\/2022\/10\/3-768x432.png 768w, https:\/\/artigos.abelacosmetics.com\/wp-content\/uploads\/2022\/10\/3-1536x864.png 1536w, https:\/\/artigos.abelacosmetics.com\/wp-content\/uploads\/2022\/10\/3-18x10.png 18w, https:\/\/artigos.abelacosmetics.com\/wp-content\/uploads\/2022\/10\/3.png 1920w\" sizes=\"auto, (max-width: 849px) 100vw, 849px\" \/><\/p>\n<p>Garrafas de pl\u00e1stico, embalagens diversas, como res\u00edduos de shampoo, condicionador, pastas de dente, garrafas de vidro e at\u00e9 mesmo itens de metal, resultantes da troca de portas ou janelas, s\u00e3o itens dom\u00e9sticos que podem ser reciclados e reaproveitados ou transformados.<\/p>\n<p>A coleta seletiva \u00e9 o meio pelo qual os lixos s\u00e3o reciclados. Os materiais mais comuns s\u00e3o o pl\u00e1stico, vidro, papel e metal, em raz\u00e3o da presen\u00e7a maci\u00e7a na vida de todos no cotidiano.<\/p>\n<p>O pl\u00e1stico, um dos materiais mais usados em embalagens, demora 450 anos para se decompor, enquanto os vidros t\u00eam tempo de decomposi\u00e7\u00e3o estimado em um milh\u00e3o de anos.<\/p>\n<p>Por esse motivo a reciclagem \u00e9 t\u00e3o importante, afinal, o res\u00edduo de xampu que n\u00f3s usamos ainda vai estar aqui nas pr\u00f3ximas quatro gera\u00e7\u00f5es de nossa fam\u00edlia se nada for feito para reaproveitar este material.<\/p>\n<h2>Entenda como separar os res\u00edduos<\/h2>\n<p>Depois de entender a import\u00e2ncia da reciclagem e como o lixo dom\u00e9stico \u00e9 a medida que est\u00e1 ao nosso alcance para contribuir com a preserva\u00e7\u00e3o ambiental, \u00e9 a hora de entender como separar os res\u00edduos para ajudar quem faz a coleta seletiva.<\/p>\n<p>Primeiro voc\u00ea deve separar o lixo org\u00e2nico dos res\u00edduos s\u00f3lidos. Ent\u00e3o, cascas de frutas, legumes ou restos de alimentos devem ser depositadas em lixos separados dos pl\u00e1sticos, vidros, metais e dos papeis.<\/p>\n<p>Para separar os pl\u00e1sticos, garrafas, latas e outros itens devem ser higienizados. De prefer\u00eancia, ao depositar nos coletores da seletiva, tamb\u00e9m devem estar secos. Os papeis tamb\u00e9m devem estar secos, mas n\u00e3o podem estar amassados.<\/p>\n<p>Se o vidro separado para o descarte estiver quebrado, ele deve ser embrulhado em pap\u00e9is grossos, como o papel de jornal, ou depositados em caixas de papel\u00e3o para minimizar os riscos de acidentes.<\/p>\n<p>Caso voc\u00ea deseje, tamb\u00e9m pode utilizar certas divis\u00f5es para separar o lixo e tornar mais f\u00e1cil a visualiza\u00e7\u00e3o dentro de casa. Veja a seguir uma sugest\u00e3o:<\/p>\n<ul>\n<li>Pl\u00e1stico;<\/li>\n<li>Papel;<\/li>\n<li>Vidro;<\/li>\n<li>Metais;<\/li>\n<li>Rejeitos;<\/li>\n<li>Res\u00edduos especiais.<\/li>\n<\/ul>\n<p>Os rejeitos e os res\u00edduos especiais s\u00e3o itens n\u00e3o recicl\u00e1veis, mas que n\u00e3o podem ser colocados no mesmo local de descarte do lixo org\u00e2nico, em raz\u00e3o de algumas caracter\u00edsticas, como a toxicidade do material.<\/p>\n<p>Os rejeitos s\u00e3o lixos que n\u00e3o se reciclam em virtude de n\u00e3o ser poss\u00edvel reaproveitar nada do objeto, como pap\u00e9is higi\u00eanicos usados e esponjas de lavar pratos.<\/p>\n<p>J\u00e1 os res\u00edduos especiais cont\u00eam subst\u00e2ncias t\u00f3xicas e n\u00e3o devem ser descartados em qualquer local. Um exemplo \u00e9 o lixo eletr\u00f4nico, como celulares, baterias e pilhas.<\/p>\n<p>Assim, ao realizar a divis\u00e3o por material, uma forma de tornar essa separa\u00e7\u00e3o mais f\u00e1cil \u00e9 introduzir uma cor diferente de sacola de lixo biodegrad\u00e1vel para cada um desses materiais. Veja o exemplo a seguir:<\/p>\n<p><img loading=\"lazy\" decoding=\"async\" class=\"alignnone wp-image-1422\" src=\"https:\/\/artigos.abelacosmetics.com\/wp-content\/uploads\/2022\/10\/7-300x169.png\" alt=\"\" width=\"873\" height=\"492\" srcset=\"https:\/\/artigos.abelacosmetics.com\/wp-content\/uploads\/2022\/10\/7-300x169.png 300w, https:\/\/artigos.abelacosmetics.com\/wp-content\/uploads\/2022\/10\/7-1024x576.png 1024w, https:\/\/artigos.abelacosmetics.com\/wp-content\/uploads\/2022\/10\/7-768x432.png 768w, https:\/\/artigos.abelacosmetics.com\/wp-content\/uploads\/2022\/10\/7-1536x864.png 1536w, https:\/\/artigos.abelacosmetics.com\/wp-content\/uploads\/2022\/10\/7-18x10.png 18w, https:\/\/artigos.abelacosmetics.com\/wp-content\/uploads\/2022\/10\/7.png 1920w\" sizes=\"auto, (max-width: 873px) 100vw, 873px\" \/><\/p>\n<ul>\n<li>Em sacos azuis voc\u00ea pode depositar pap\u00e9is e caixas de papel\u00e3o;<\/li>\n<li>Em sacolas verdes o vidro;<\/li>\n<li>Saco vermelho para o pl\u00e1stico;<\/li>\n<li>Sacola amarela para os metais;<\/li>\n<li>E um saco cinza para os res\u00edduos especiais.<\/li>\n<\/ul>\n<p>Nas coletas seletivas dispon\u00edveis em v\u00e1rios locais das cidades, as cores das lixeiras tamb\u00e9m indicam essa diferencia\u00e7\u00e3o para o dep\u00f3sito dos materiais e seguem a mesma sugest\u00e3o de cores apresentadas acima. Dessa forma, tamb\u00e9m \u00e9 mais f\u00e1cil identificar como depositar os rejeitos.<\/p>\n<h2>Aprenda a descartar embalagens de cosm\u00e9ticos<\/h2>\n<p>Voc\u00ea j\u00e1 refletiu sobre a quantidade de res\u00edduos que a sua rotina de beleza e autocuidado pode produzir? Al\u00e9m das embalagens de pl\u00e1stico oriundas de shampoos, condicionadores e outros produtos de beleza, esmaltes, removedores e outros itens tamb\u00e9m s\u00e3o rejeitos da ind\u00fastria de cosm\u00e9ticos.<\/p>\n<p>Inicialmente, \u00e9 preciso entender que n\u00e3o se pode lavar as embalagens de cosm\u00e9ticos, como esmaltes e maquiagens, por conterem subst\u00e2ncias nocivas ao meio ambiente e outras toxinas com o poder de contaminar o len\u00e7ol fre\u00e1tico e o solo.<\/p>\n<p><img loading=\"lazy\" decoding=\"async\" class=\"alignnone wp-image-1417\" src=\"https:\/\/artigos.abelacosmetics.com\/wp-content\/uploads\/2022\/10\/2-300x169.png\" alt=\"\" width=\"955\" height=\"538\" srcset=\"https:\/\/artigos.abelacosmetics.com\/wp-content\/uploads\/2022\/10\/2-300x169.png 300w, https:\/\/artigos.abelacosmetics.com\/wp-content\/uploads\/2022\/10\/2-1024x576.png 1024w, https:\/\/artigos.abelacosmetics.com\/wp-content\/uploads\/2022\/10\/2-768x432.png 768w, https:\/\/artigos.abelacosmetics.com\/wp-content\/uploads\/2022\/10\/2-1536x864.png 1536w, https:\/\/artigos.abelacosmetics.com\/wp-content\/uploads\/2022\/10\/2-18x10.png 18w, https:\/\/artigos.abelacosmetics.com\/wp-content\/uploads\/2022\/10\/2.png 1920w\" sizes=\"auto, (max-width: 955px) 100vw, 955px\" \/><\/p>\n<p>J\u00e1 as embalagens de cremes e outros itens de cabelo podem ser higienizadas e descartadas no mesmo local dos pl\u00e1sticos caseiros consumidos na cozinha. No entanto, n\u00e3o \u00e9 um item obrigat\u00f3rio, em se tratando de produtos cosm\u00e9ticos.<\/p>\n<p>Uma medida para aprimorar este processo \u00e9 consumir produtos em embalagens que apresentem o \u00edcone de produto recicl\u00e1vel. Afinal, h\u00e1 pl\u00e1sticos e outros materiais que n\u00e3o podem ser reciclados.<\/p>\n<p>Caso o produto que voc\u00ea comprou seja vendido em refil, n\u00e3o \u00e9 necess\u00e1rio descartar a embalagem grande. Basta comprar o refil, que normalmente \u00e9 oferecido em tamanho menor e reutilizar o material cujo destino seria o lixo.<\/p>\n<p>Por esse motivo, \u00e9 importante aprender a descartar adequadamente as embalagens produzidas no processo de beleza e, al\u00e9m disso, iniciar uma escolha consciente sobre as marcas que voc\u00ea consome e analisar a necessidade de adquirir algum produto de beleza.<\/p>\n<p>O ideal \u00e9 dar prefer\u00eancia para marcas veganas, com compromisso socioambiental e que priorize a qualidade da produ\u00e7\u00e3o. Como \u00e9 o caso da <u><a href=\"https:\/\/artigos.abelacosmetics.com\/es\/\">Abela Cosmetics<\/a><\/u>.\u00a0 A nossa parceria com a <a href=\"https:\/\/www.eureciclo.com.br\/?matchtype=e&amp;utm_source=google&amp;utm_medium=cpc&amp;utm_campaign=se.branded&amp;utm_term=eureciclo&amp;hsa_acc=4958439819&amp;hsa_cam=1073756521&amp;hsa_grp=54087061433&amp;hsa_ad=341956841167&amp;hsa_src=g&amp;hsa_tgt=kwd-417064941066&amp;hsa_kw=eureciclo&amp;hsa_mt=e&amp;hsa_net=adwords&amp;hsa_ver=3\">Eureciclo<\/a> nos possibilita reciclar mais frascos de cosm\u00e9ticos para cada um vendido, diminuindo assim nossa pegada ecol\u00f3gica, reduzindo os danos ao meio ambiente.<\/p>\n<p>Na <u><a href=\"https:\/\/artigos.abelacosmetics.com\/es\/sobre-nos\/\">Abela Cosmetics<\/a><\/u>, os produtos s\u00e3o livres de parabenos, petrolatos, silicones insol\u00faveis, \u00f3leo mineral, parafinas e ativos de origem animal. Assim, al\u00e9m de n\u00e3o poluir o meio ambiente, os cosm\u00e9ticos possuem compromisso com a causa animal e a preserva\u00e7\u00e3o ambiental. Conhe\u00e7a nosso site e fique por dentro das novidades.<\/p>\n<p><img loading=\"lazy\" decoding=\"async\" class=\"alignnone wp-image-1424\" src=\"https:\/\/artigos.abelacosmetics.com\/wp-content\/uploads\/2022\/10\/blog-design-longo-300x169.png\" alt=\"\" width=\"1223\" height=\"689\" srcset=\"https:\/\/artigos.abelacosmetics.com\/wp-content\/uploads\/2022\/10\/blog-design-longo-300x169.png 300w, https:\/\/artigos.abelacosmetics.com\/wp-content\/uploads\/2022\/10\/blog-design-longo-1024x576.png 1024w, https:\/\/artigos.abelacosmetics.com\/wp-content\/uploads\/2022\/10\/blog-design-longo-768x432.png 768w, https:\/\/artigos.abelacosmetics.com\/wp-content\/uploads\/2022\/10\/blog-design-longo-1536x864.png 1536w, https:\/\/artigos.abelacosmetics.com\/wp-content\/uploads\/2022\/10\/blog-design-longo-18x10.png 18w, https:\/\/artigos.abelacosmetics.com\/wp-content\/uploads\/2022\/10\/blog-design-longo.png 1920w\" sizes=\"auto, (max-width: 1223px) 100vw, 1223px\" \/><\/p>","protected":false},"excerpt":{"rendered":"<p>&nbsp; &nbsp; Aprender como e por que separar o lixo\u00a0\u00e9 uma medida importante para salvar o planeta. &nbsp; &nbsp; A busca pelo desenvolvimento sustent\u00e1vel tem sido alvo de preocupa\u00e7\u00f5es do mundo inteiro. Organismos internacionais como a ONU estabeleceram diversas medidas de desenvolvimento sustent\u00e1veis. Entre elas, o consumo e a produ\u00e7\u00e3o respons\u00e1veis. Isso acontece, porque os [&hellip;]<\/p>","protected":false},"author":1,"featured_media":1423,"comment_status":"open","ping_status":"open","sticky":false,"template":"","format":"standard","meta":{"_acf_changed":false,"_mo_disable_npp":"","inline_featured_image":false,"footnotes":""},"categories":[32],"tags":[],"class_list":["post-1414","post","type-post","status-publish","format-standard","has-post-thumbnail","hentry","category-informacoes"],"acf":[],"yoast_head":"<!-- This site is optimized with the Yoast SEO Premium plugin v19.2.1 (Yoast SEO v26.9) - https:\/\/yoast.com\/product\/yoast-seo-premium-wordpress\/ -->\n<title>Voc\u00ea conhece os motivos para separar o lixo? Veja algumas dicas de como fazer - Abela Cosmetics<\/title>\n<meta name=\"description\" content=\"Saber como e por que separar o lixo \u00e9 uma das medidas de preserva\u00e7\u00e3o ambiental que voc\u00ea pode adotar no seu dia a dia. Veja como fazer isso.\" \/>\n<meta name=\"robots\" content=\"index, follow, max-snippet:-1, max-image-preview:large, max-video-preview:-1\" \/>\n<link rel=\"canonical\" href=\"https:\/\/artigos.abelacosmetics.com\/es\/como-e-por-que-separar-o-lixo\/\" \/>\n<meta property=\"og:locale\" content=\"es_ES\" \/>\n<meta property=\"og:type\" content=\"article\" \/>\n<meta property=\"og:title\" content=\"Voc\u00ea conhece os motivos para separar o lixo? Veja algumas dicas de como fazer\" \/>\n<meta property=\"og:description\" content=\"Saber como e por que separar o lixo \u00e9 uma das medidas de preserva\u00e7\u00e3o ambiental que voc\u00ea pode adotar no seu dia a dia. Veja como fazer isso.\" \/>\n<meta property=\"og:url\" content=\"https:\/\/artigos.abelacosmetics.com\/es\/como-e-por-que-separar-o-lixo\/\" \/>\n<meta property=\"og:site_name\" content=\"Abela Cosmetics\" \/>\n<meta property=\"article:publisher\" content=\"https:\/\/www.facebook.com\/abelacosmetics\" \/>\n<meta property=\"article:published_time\" content=\"2022-10-03T12:01:24+00:00\" \/>\n<meta property=\"article:modified_time\" content=\"2023-01-05T20:58:16+00:00\" \/>\n<meta property=\"og:image\" content=\"https:\/\/artigos.abelacosmetics.com\/wp-content\/uploads\/2022\/10\/post-do-blog.png\" \/>\n\t<meta property=\"og:image:width\" content=\"850\" \/>\n\t<meta property=\"og:image:height\" content=\"430\" \/>\n\t<meta property=\"og:image:type\" content=\"image\/png\" \/>\n<meta name=\"author\" content=\"admin\" \/>\n<meta name=\"twitter:card\" content=\"summary_large_image\" \/>\n<meta name=\"twitter:label1\" content=\"Escrito por\" \/>\n\t<meta name=\"twitter:data1\" content=\"admin\" \/>\n\t<meta name=\"twitter:label2\" content=\"Tiempo de lectura\" \/>\n\t<meta name=\"twitter:data2\" content=\"10 minutos\" \/>\n<script type=\"application\/ld+json\" class=\"yoast-schema-graph\">{\"@context\":\"https:\/\/schema.org\",\"@graph\":[{\"@type\":\"Article\",\"@id\":\"https:\/\/artigos.abelacosmetics.com\/como-e-por-que-separar-o-lixo\/#article\",\"isPartOf\":{\"@id\":\"https:\/\/artigos.abelacosmetics.com\/como-e-por-que-separar-o-lixo\/\"},\"author\":{\"name\":\"admin\",\"@id\":\"https:\/\/artigos.abelacosmetics.com\/#\/schema\/person\/675710be590edb47293978092f4e20f4\"},\"headline\":\"Voc\u00ea conhece os motivos para separar o lixo? Veja algumas dicas de como fazer\",\"datePublished\":\"2022-10-03T12:01:24+00:00\",\"dateModified\":\"2023-01-05T20:58:16+00:00\",\"mainEntityOfPage\":{\"@id\":\"https:\/\/artigos.abelacosmetics.com\/como-e-por-que-separar-o-lixo\/\"},\"wordCount\":1656,\"commentCount\":0,\"publisher\":{\"@id\":\"https:\/\/artigos.abelacosmetics.com\/#organization\"},\"image\":{\"@id\":\"https:\/\/artigos.abelacosmetics.com\/como-e-por-que-separar-o-lixo\/#primaryimage\"},\"thumbnailUrl\":\"https:\/\/artigos.abelacosmetics.com\/wp-content\/uploads\/2022\/10\/post-do-blog.png\",\"articleSection\":[\"Informa\u00e7\u00f5es\"],\"inLanguage\":\"es\",\"potentialAction\":[{\"@type\":\"CommentAction\",\"name\":\"Comment\",\"target\":[\"https:\/\/artigos.abelacosmetics.com\/como-e-por-que-separar-o-lixo\/#respond\"]}]},{\"@type\":\"WebPage\",\"@id\":\"https:\/\/artigos.abelacosmetics.com\/como-e-por-que-separar-o-lixo\/\",\"url\":\"https:\/\/artigos.abelacosmetics.com\/como-e-por-que-separar-o-lixo\/\",\"name\":\"Voc\u00ea conhece os motivos para separar o lixo? Veja algumas dicas de como fazer - Abela Cosmetics\",\"isPartOf\":{\"@id\":\"https:\/\/artigos.abelacosmetics.com\/#website\"},\"primaryImageOfPage\":{\"@id\":\"https:\/\/artigos.abelacosmetics.com\/como-e-por-que-separar-o-lixo\/#primaryimage\"},\"image\":{\"@id\":\"https:\/\/artigos.abelacosmetics.com\/como-e-por-que-separar-o-lixo\/#primaryimage\"},\"thumbnailUrl\":\"https:\/\/artigos.abelacosmetics.com\/wp-content\/uploads\/2022\/10\/post-do-blog.png\",\"datePublished\":\"2022-10-03T12:01:24+00:00\",\"dateModified\":\"2023-01-05T20:58:16+00:00\",\"description\":\"Saber como e por que separar o lixo \u00e9 uma das medidas de preserva\u00e7\u00e3o ambiental que voc\u00ea pode adotar no seu dia a dia. Veja como fazer isso.\",\"breadcrumb\":{\"@id\":\"https:\/\/artigos.abelacosmetics.com\/como-e-por-que-separar-o-lixo\/#breadcrumb\"},\"inLanguage\":\"es\",\"potentialAction\":[{\"@type\":\"ReadAction\",\"target\":[\"https:\/\/artigos.abelacosmetics.com\/como-e-por-que-separar-o-lixo\/\"]}]},{\"@type\":\"ImageObject\",\"inLanguage\":\"es\",\"@id\":\"https:\/\/artigos.abelacosmetics.com\/como-e-por-que-separar-o-lixo\/#primaryimage\",\"url\":\"https:\/\/artigos.abelacosmetics.com\/wp-content\/uploads\/2022\/10\/post-do-blog.png\",\"contentUrl\":\"https:\/\/artigos.abelacosmetics.com\/wp-content\/uploads\/2022\/10\/post-do-blog.png\",\"width\":850,\"height\":430},{\"@type\":\"BreadcrumbList\",\"@id\":\"https:\/\/artigos.abelacosmetics.com\/como-e-por-que-separar-o-lixo\/#breadcrumb\",\"itemListElement\":[{\"@type\":\"ListItem\",\"position\":1,\"name\":\"In\u00edcio\",\"item\":\"https:\/\/artigos.abelacosmetics.com\/\"},{\"@type\":\"ListItem\",\"position\":2,\"name\":\"Voc\u00ea conhece os motivos para separar o lixo? Veja algumas dicas de como fazer\"}]},{\"@type\":\"WebSite\",\"@id\":\"https:\/\/artigos.abelacosmetics.com\/#website\",\"url\":\"https:\/\/artigos.abelacosmetics.com\/\",\"name\":\"Abela Cosmetics\",\"description\":\"Cuidados para Cabelos \u00danicos\",\"publisher\":{\"@id\":\"https:\/\/artigos.abelacosmetics.com\/#organization\"},\"potentialAction\":[{\"@type\":\"SearchAction\",\"target\":{\"@type\":\"EntryPoint\",\"urlTemplate\":\"https:\/\/artigos.abelacosmetics.com\/?s={search_term_string}\"},\"query-input\":{\"@type\":\"PropertyValueSpecification\",\"valueRequired\":true,\"valueName\":\"search_term_string\"}}],\"inLanguage\":\"es\"},{\"@type\":\"Organization\",\"@id\":\"https:\/\/artigos.abelacosmetics.com\/#organization\",\"name\":\"Abela Cosmetics\",\"url\":\"https:\/\/artigos.abelacosmetics.com\/\",\"logo\":{\"@type\":\"ImageObject\",\"inLanguage\":\"es\",\"@id\":\"https:\/\/artigos.abelacosmetics.com\/#\/schema\/logo\/image\/\",\"url\":\"https:\/\/artigos.abelacosmetics.com\/wp-content\/uploads\/2023\/02\/logo-abela.png\",\"contentUrl\":\"https:\/\/artigos.abelacosmetics.com\/wp-content\/uploads\/2023\/02\/logo-abela.png\",\"width\":183,\"height\":90,\"caption\":\"Abela Cosmetics\"},\"image\":{\"@id\":\"https:\/\/artigos.abelacosmetics.com\/#\/schema\/logo\/image\/\"},\"sameAs\":[\"https:\/\/www.facebook.com\/abelacosmetics\"]},{\"@type\":\"Person\",\"@id\":\"https:\/\/artigos.abelacosmetics.com\/#\/schema\/person\/675710be590edb47293978092f4e20f4\",\"name\":\"admin\",\"image\":{\"@type\":\"ImageObject\",\"inLanguage\":\"es\",\"@id\":\"https:\/\/artigos.abelacosmetics.com\/#\/schema\/person\/image\/\",\"url\":\"https:\/\/secure.gravatar.com\/avatar\/ce9ccc2de538d30bcc33874c5a730e8e078e64fce402cb3cf0668a7439a0e654?s=96&d=mm&r=g\",\"contentUrl\":\"https:\/\/secure.gravatar.com\/avatar\/ce9ccc2de538d30bcc33874c5a730e8e078e64fce402cb3cf0668a7439a0e654?s=96&d=mm&r=g\",\"caption\":\"admin\"},\"sameAs\":[\"http:\/\/localhost\/abela-cosmetic\"],\"url\":\"https:\/\/artigos.abelacosmetics.com\/es\/author\/admin\/\"}]}<\/script>\n<!-- \/ Yoast SEO Premium plugin. -->","yoast_head_json":{"title":"Voc\u00ea conhece os motivos para separar o lixo? Veja algumas dicas de como fazer - Abela Cosmetics","description":"Saber como e por que separar o lixo \u00e9 uma das medidas de preserva\u00e7\u00e3o ambiental que voc\u00ea pode adotar no seu dia a dia. Veja como fazer isso.","robots":{"index":"index","follow":"follow","max-snippet":"max-snippet:-1","max-image-preview":"max-image-preview:large","max-video-preview":"max-video-preview:-1"},"canonical":"https:\/\/artigos.abelacosmetics.com\/es\/como-e-por-que-separar-o-lixo\/","og_locale":"es_ES","og_type":"article","og_title":"Voc\u00ea conhece os motivos para separar o lixo? Veja algumas dicas de como fazer","og_description":"Saber como e por que separar o lixo \u00e9 uma das medidas de preserva\u00e7\u00e3o ambiental que voc\u00ea pode adotar no seu dia a dia. Veja como fazer isso.","og_url":"https:\/\/artigos.abelacosmetics.com\/es\/como-e-por-que-separar-o-lixo\/","og_site_name":"Abela Cosmetics","article_publisher":"https:\/\/www.facebook.com\/abelacosmetics","article_published_time":"2022-10-03T12:01:24+00:00","article_modified_time":"2023-01-05T20:58:16+00:00","og_image":[{"width":850,"height":430,"url":"https:\/\/artigos.abelacosmetics.com\/wp-content\/uploads\/2022\/10\/post-do-blog.png","type":"image\/png"}],"author":"admin","twitter_card":"summary_large_image","twitter_misc":{"Escrito por":"admin","Tiempo de lectura":"10 minutos"},"schema":{"@context":"https:\/\/schema.org","@graph":[{"@type":"Article","@id":"https:\/\/artigos.abelacosmetics.com\/como-e-por-que-separar-o-lixo\/#article","isPartOf":{"@id":"https:\/\/artigos.abelacosmetics.com\/como-e-por-que-separar-o-lixo\/"},"author":{"name":"admin","@id":"https:\/\/artigos.abelacosmetics.com\/#\/schema\/person\/675710be590edb47293978092f4e20f4"},"headline":"Voc\u00ea conhece os motivos para separar o lixo? Veja algumas dicas de como fazer","datePublished":"2022-10-03T12:01:24+00:00","dateModified":"2023-01-05T20:58:16+00:00","mainEntityOfPage":{"@id":"https:\/\/artigos.abelacosmetics.com\/como-e-por-que-separar-o-lixo\/"},"wordCount":1656,"commentCount":0,"publisher":{"@id":"https:\/\/artigos.abelacosmetics.com\/#organization"},"image":{"@id":"https:\/\/artigos.abelacosmetics.com\/como-e-por-que-separar-o-lixo\/#primaryimage"},"thumbnailUrl":"https:\/\/artigos.abelacosmetics.com\/wp-content\/uploads\/2022\/10\/post-do-blog.png","articleSection":["Informa\u00e7\u00f5es"],"inLanguage":"es","potentialAction":[{"@type":"CommentAction","name":"Comment","target":["https:\/\/artigos.abelacosmetics.com\/como-e-por-que-separar-o-lixo\/#respond"]}]},{"@type":"WebPage","@id":"https:\/\/artigos.abelacosmetics.com\/como-e-por-que-separar-o-lixo\/","url":"https:\/\/artigos.abelacosmetics.com\/como-e-por-que-separar-o-lixo\/","name":"Voc\u00ea conhece os motivos para separar o lixo? Veja algumas dicas de como fazer - Abela Cosmetics","isPartOf":{"@id":"https:\/\/artigos.abelacosmetics.com\/#website"},"primaryImageOfPage":{"@id":"https:\/\/artigos.abelacosmetics.com\/como-e-por-que-separar-o-lixo\/#primaryimage"},"image":{"@id":"https:\/\/artigos.abelacosmetics.com\/como-e-por-que-separar-o-lixo\/#primaryimage"},"thumbnailUrl":"https:\/\/artigos.abelacosmetics.com\/wp-content\/uploads\/2022\/10\/post-do-blog.png","datePublished":"2022-10-03T12:01:24+00:00","dateModified":"2023-01-05T20:58:16+00:00","description":"Saber como e por que separar o lixo \u00e9 uma das medidas de preserva\u00e7\u00e3o ambiental que voc\u00ea pode adotar no seu dia a dia. Veja como fazer isso.","breadcrumb":{"@id":"https:\/\/artigos.abelacosmetics.com\/como-e-por-que-separar-o-lixo\/#breadcrumb"},"inLanguage":"es","potentialAction":[{"@type":"ReadAction","target":["https:\/\/artigos.abelacosmetics.com\/como-e-por-que-separar-o-lixo\/"]}]},{"@type":"ImageObject","inLanguage":"es","@id":"https:\/\/artigos.abelacosmetics.com\/como-e-por-que-separar-o-lixo\/#primaryimage","url":"https:\/\/artigos.abelacosmetics.com\/wp-content\/uploads\/2022\/10\/post-do-blog.png","contentUrl":"https:\/\/artigos.abelacosmetics.com\/wp-content\/uploads\/2022\/10\/post-do-blog.png","width":850,"height":430},{"@type":"BreadcrumbList","@id":"https:\/\/artigos.abelacosmetics.com\/como-e-por-que-separar-o-lixo\/#breadcrumb","itemListElement":[{"@type":"ListItem","position":1,"name":"In\u00edcio","item":"https:\/\/artigos.abelacosmetics.com\/"},{"@type":"ListItem","position":2,"name":"Voc\u00ea conhece os motivos para separar o lixo? Veja algumas dicas de como fazer"}]},{"@type":"WebSite","@id":"https:\/\/artigos.abelacosmetics.com\/#website","url":"https:\/\/artigos.abelacosmetics.com\/","name":"Abela Cosmetics","description":"Cuidados para Cabelos \u00danicos","publisher":{"@id":"https:\/\/artigos.abelacosmetics.com\/#organization"},"potentialAction":[{"@type":"SearchAction","target":{"@type":"EntryPoint","urlTemplate":"https:\/\/artigos.abelacosmetics.com\/?s={search_term_string}"},"query-input":{"@type":"PropertyValueSpecification","valueRequired":true,"valueName":"search_term_string"}}],"inLanguage":"es"},{"@type":"Organization","@id":"https:\/\/artigos.abelacosmetics.com\/#organization","name":"Abela Cosmetics","url":"https:\/\/artigos.abelacosmetics.com\/","logo":{"@type":"ImageObject","inLanguage":"es","@id":"https:\/\/artigos.abelacosmetics.com\/#\/schema\/logo\/image\/","url":"https:\/\/artigos.abelacosmetics.com\/wp-content\/uploads\/2023\/02\/logo-abela.png","contentUrl":"https:\/\/artigos.abelacosmetics.com\/wp-content\/uploads\/2023\/02\/logo-abela.png","width":183,"height":90,"caption":"Abela Cosmetics"},"image":{"@id":"https:\/\/artigos.abelacosmetics.com\/#\/schema\/logo\/image\/"},"sameAs":["https:\/\/www.facebook.com\/abelacosmetics"]},{"@type":"Person","@id":"https:\/\/artigos.abelacosmetics.com\/#\/schema\/person\/675710be590edb47293978092f4e20f4","name":"admin","image":{"@type":"ImageObject","inLanguage":"es","@id":"https:\/\/artigos.abelacosmetics.com\/#\/schema\/person\/image\/","url":"https:\/\/secure.gravatar.com\/avatar\/ce9ccc2de538d30bcc33874c5a730e8e078e64fce402cb3cf0668a7439a0e654?s=96&d=mm&r=g","contentUrl":"https:\/\/secure.gravatar.com\/avatar\/ce9ccc2de538d30bcc33874c5a730e8e078e64fce402cb3cf0668a7439a0e654?s=96&d=mm&r=g","caption":"admin"},"sameAs":["http:\/\/localhost\/abela-cosmetic"],"url":"https:\/\/artigos.abelacosmetics.com\/es\/author\/admin\/"}]}},"_links":{"self":[{"href":"https:\/\/artigos.abelacosmetics.com\/es\/wp-json\/wp\/v2\/posts\/1414","targetHints":{"allow":["GET"]}}],"collection":[{"href":"https:\/\/artigos.abelacosmetics.com\/es\/wp-json\/wp\/v2\/posts"}],"about":[{"href":"https:\/\/artigos.abelacosmetics.com\/es\/wp-json\/wp\/v2\/types\/post"}],"author":[{"embeddable":true,"href":"https:\/\/artigos.abelacosmetics.com\/es\/wp-json\/wp\/v2\/users\/1"}],"replies":[{"embeddable":true,"href":"https:\/\/artigos.abelacosmetics.com\/es\/wp-json\/wp\/v2\/comments?post=1414"}],"version-history":[{"count":6,"href":"https:\/\/artigos.abelacosmetics.com\/es\/wp-json\/wp\/v2\/posts\/1414\/revisions"}],"predecessor-version":[{"id":2238,"href":"https:\/\/artigos.abelacosmetics.com\/es\/wp-json\/wp\/v2\/posts\/1414\/revisions\/2238"}],"wp:featuredmedia":[{"embeddable":true,"href":"https:\/\/artigos.abelacosmetics.com\/es\/wp-json\/wp\/v2\/media\/1423"}],"wp:attachment":[{"href":"https:\/\/artigos.abelacosmetics.com\/es\/wp-json\/wp\/v2\/media?parent=1414"}],"wp:term":[{"taxonomy":"category","embeddable":true,"href":"https:\/\/artigos.abelacosmetics.com\/es\/wp-json\/wp\/v2\/categories?post=1414"},{"taxonomy":"post_tag","embeddable":true,"href":"https:\/\/artigos.abelacosmetics.com\/es\/wp-json\/wp\/v2\/tags?post=1414"}],"curies":[{"name":"wp","href":"https:\/\/api.w.org\/{rel}","templated":true}]}}