{"id":1400,"date":"2022-09-29T18:44:05","date_gmt":"2022-09-29T21:44:05","guid":{"rendered":"https:\/\/artigos.abelacosmetics.com\/?p=1400"},"modified":"2023-01-05T17:58:21","modified_gmt":"2023-01-05T20:58:21","slug":"meditacao-e-beneficios","status":"publish","type":"post","link":"https:\/\/artigos.abelacosmetics.com\/es\/meditacao-e-beneficios\/","title":{"rendered":"Conhe\u00e7a os principais benef\u00edcios da medita\u00e7\u00e3o"},"content":{"rendered":"<p>&nbsp;<\/p>\n<p>&nbsp;<\/p>\n<p>A <strong>medita\u00e7\u00e3o e seus benef\u00edcios<\/strong>\u00a0s\u00e3o essenciais para melhorar o dia de diversas pessoas em todo o mundo.<\/p>\n<p>&nbsp;<\/p>\n<audio class=\"wp-audio-shortcode\" id=\"audio-1400-1\" preload=\"none\" style=\"width: 100%;\" controls=\"controls\"><source type=\"audio\/mpeg\" src=\"https:\/\/artigos.abelacosmetics.com\/wp-content\/uploads\/2022\/09\/Conheca-os-principais-beneficios-da-meditacao-1.mp3?_=1\" \/><a href=\"https:\/\/artigos.abelacosmetics.com\/wp-content\/uploads\/2022\/09\/Conheca-os-principais-beneficios-da-meditacao-1.mp3\">https:\/\/artigos.abelacosmetics.com\/wp-content\/uploads\/2022\/09\/Conheca-os-principais-beneficios-da-meditacao-1.mp3<\/a><\/audio>\n<p>&nbsp;<\/p>\n<p>Uma pr\u00e1tica muito antiga, a medita\u00e7\u00e3o \u00e9 conhecida por desempenhar um papel na filosofia e religi\u00e3o orientais. H\u00e1 alguns anos, a pr\u00e1tica da medita\u00e7\u00e3o foi incorporada \u00e0s pr\u00e1ticas culturais comuns e passou por ajustes. Alguns praticantes se desconectaram do reino espiritual e procuraram m\u00e9todos alternativos.<\/p>\n<p>Quem quer melhorar sua qualidade de vida tem se voltado cada vez mais para a medita\u00e7\u00e3o. Para diversas religi\u00f5es, a medita\u00e7\u00e3o \u00e9 considerada um m\u00e9todo de terapia e relaxamento mente-corpo. No entanto, a compreens\u00e3o cient\u00edfica da medita\u00e7\u00e3o sempre foi limitada e tem sido mais estudada nos \u00faltimos tempos. Se voc\u00ea quiser conferir os principais benef\u00edcios da medita\u00e7\u00e3o \u00e9 s\u00f3 continuar lendo este artigo.<\/p>\n<h2><strong>O que \u00e9 medita\u00e7\u00e3o?<\/strong><\/h2>\n<p><img loading=\"lazy\" decoding=\"async\" class=\"alignnone wp-image-1409\" src=\"https:\/\/artigos.abelacosmetics.com\/wp-content\/uploads\/2022\/09\/blog-design-longo-3-300x169.png\" alt=\"\" width=\"891\" height=\"502\" srcset=\"https:\/\/artigos.abelacosmetics.com\/wp-content\/uploads\/2022\/09\/blog-design-longo-3-300x169.png 300w, https:\/\/artigos.abelacosmetics.com\/wp-content\/uploads\/2022\/09\/blog-design-longo-3-1024x576.png 1024w, https:\/\/artigos.abelacosmetics.com\/wp-content\/uploads\/2022\/09\/blog-design-longo-3-768x432.png 768w, https:\/\/artigos.abelacosmetics.com\/wp-content\/uploads\/2022\/09\/blog-design-longo-3-1536x864.png 1536w, https:\/\/artigos.abelacosmetics.com\/wp-content\/uploads\/2022\/09\/blog-design-longo-3-18x10.png 18w, https:\/\/artigos.abelacosmetics.com\/wp-content\/uploads\/2022\/09\/blog-design-longo-3.png 1920w\" sizes=\"auto, (max-width: 891px) 100vw, 891px\" \/><\/p>\n<p>O objetivo da medita\u00e7\u00e3o, uma pr\u00e1tica milenar com ra\u00edzes orientais, \u00e9 trazer um estado de quietude, relaxamento, tranquilidade e foco ao praticante. Os m\u00e9todos usados \u200b\u200bincluem postura, respira\u00e7\u00e3o focada na aten\u00e7\u00e3o e outras t\u00e9cnicas. \u00c9 uma habilidade que \u00e9 simples de aprender e colocar em pr\u00e1tica.<\/p>\n<p>Al\u00e9m de ser praticada por crian\u00e7as, <u><a href=\"https:\/\/www.sciencedaily.com\/releases\/2013\/03\/130315095916.htm\">adolescentes<\/a><\/u> e adultos de todos os sexos, classes e tipos de corpo, n\u00e3o \u00e9 vista como uma t\u00e9cnica religiosa ou restrita a um determinado grupo ou religi\u00e3o. Na realidade, \u00e9 muito inclusivo e tem muitos benef\u00edcios comprovados cientificamente.<\/p>\n<h3><strong>Por que pratic\u00e1-la?<\/strong><\/h3>\n<p>Encontrar momentos de paz \u00e0s vezes pode ser dif\u00edcil com o ritmo di\u00e1rio, n\u00e3o \u00e9 mesmo? A pr\u00e1tica da medita\u00e7\u00e3o pode ser uma estrat\u00e9gia \u00fatil para reduzir a ansiedade e sentir-se mais \u00e0 vontade.<\/p>\n<p>A pr\u00e1tica da aten\u00e7\u00e3o plena ajuda voc\u00ea a distinguir entre sentimentos, cren\u00e7as e pensamentos, permitindo que voc\u00ea tome decis\u00f5es mais s\u00e1bias ao longo de sua vida. E incorporar esse m\u00e9todo na vida cotidiana pode ser uma tarefa simples. Para fazer isso, tudo o que \u00e9 necess\u00e1rio \u00e9 localizar uma \u00e1rea tranquila, onde voc\u00ea n\u00e3o se sinta desconfort\u00e1vel e esteja exposto ao m\u00ednimo de estresse poss\u00edvel.<\/p>\n<h2><strong>Quais s\u00e3o os benef\u00edcios da medita\u00e7\u00e3o?<\/strong><\/h2>\n<p>In\u00fameros benef\u00edcios da medita\u00e7\u00e3o j\u00e1 est\u00e3o sendo aproveitados pelas pessoas de diversos lugares do mundo. Normalmente associamos a medita\u00e7\u00e3o a sentimentos de serenidade, calma, relaxamento e paz interior, acreditando que isso \u00e9 tudo o que existe.<\/p>\n<p>Essas associa\u00e7\u00f5es s\u00e3o precisas e a ci\u00eancia tem buscado n\u00e3o apenas valid\u00e1-las, mas tamb\u00e9m descobrir benef\u00edcios adicionais que a pr\u00e1tica vem promovendo. Efeitos positivos no bem-estar, sa\u00fade f\u00edsica e sa\u00fade mental foram demonstrados por v\u00e1rios estudos realizados de v\u00e1rias maneiras.\u00a0 Veja os principais benef\u00edcios da medita\u00e7\u00e3o a seguir.<\/p>\n<p><img loading=\"lazy\" decoding=\"async\" class=\"alignnone wp-image-1405\" src=\"https:\/\/artigos.abelacosmetics.com\/wp-content\/uploads\/2022\/09\/4-9-300x169.png\" alt=\"\" width=\"849\" height=\"478\" srcset=\"https:\/\/artigos.abelacosmetics.com\/wp-content\/uploads\/2022\/09\/4-9-300x169.png 300w, https:\/\/artigos.abelacosmetics.com\/wp-content\/uploads\/2022\/09\/4-9-1024x576.png 1024w, https:\/\/artigos.abelacosmetics.com\/wp-content\/uploads\/2022\/09\/4-9-768x432.png 768w, https:\/\/artigos.abelacosmetics.com\/wp-content\/uploads\/2022\/09\/4-9-1536x864.png 1536w, https:\/\/artigos.abelacosmetics.com\/wp-content\/uploads\/2022\/09\/4-9-18x10.png 18w, https:\/\/artigos.abelacosmetics.com\/wp-content\/uploads\/2022\/09\/4-9.png 1920w\" sizes=\"auto, (max-width: 849px) 100vw, 849px\" \/><\/p>\n<h3><strong>Melhora na capacidade de se concentrar<\/strong><\/h3>\n<p>Sem d\u00favida, a pr\u00e1tica di\u00e1ria de medita\u00e7\u00e3o melhora sua capacidade de concentra\u00e7\u00e3o, de acordo com alguns estudos. Elisa Kozasa, pesquisadora do Instituto do C\u00e9rebro, \u00e9 citada em estudos sobre o impacto da medita\u00e7\u00e3o no campo da neuroimagem e revela o aprimoramento da capacidade de foco aos praticantes da t\u00e9cnica.<\/p>\n<p>Al\u00e9m disso, por estarem mais focadas na atividade que est\u00e1 sendo realizada no momento, essas pessoas s\u00e3o mais capazes de responder rapidamente. Ou seja, o foco est\u00e1 no agora, no momento presente.<\/p>\n<h3><strong>Reduzir estresse<\/strong><\/h3>\n<p>A pr\u00e1tica da medita\u00e7\u00e3o, principalmente os exerc\u00edcios de aten\u00e7\u00e3o plena, ajuda a reduzir o estresse e as doen\u00e7as ligadas ao estresse excessivo, pois permite que as pessoas relaxem sem remoer o passado ou se preocupar com o futuro.<\/p>\n<p>Al\u00e9m disso, estudos t\u00eam demonstrado que praticar exerc\u00edcios de ioga ajuda a reduzir a ansiedade e controlar melhor as fobias e a ansiedade social.<\/p>\n<h3><strong>Aumenta sistema imunol\u00f3gico<\/strong><\/h3>\n<p>Atrav\u00e9s do estudo &#8220;Altera\u00e7\u00f5es no c\u00e9rebro e fun\u00e7\u00e3o imunol\u00f3gica produzida pela medita\u00e7\u00e3o da aten\u00e7\u00e3o plena&#8221;, foi avaliado os efeitos da medita\u00e7\u00e3o. O programa de treinamento cl\u00ednico foi realizado em algumas semanas com profissionais saud\u00e1veis.<\/p>\n<p>Al\u00e9m disso, a medita\u00e7\u00e3o requer apenas um local tranquilo onde voc\u00ea se sinta confort\u00e1vel e possa ser conclu\u00edda em quest\u00e3o de minutos. N\u00e3o h\u00e1 restri\u00e7\u00e3o de idade para medita\u00e7\u00e3o, crian\u00e7as pequenas, adultos e idosos podem pratic\u00e1-lo.<\/p>\n<p>Depois disso, tanto os membros do grupo de medita\u00e7\u00e3o quanto o grupo de controle da lista de espera receberam vacinas contra a gripe. Os pesquisadores descobriram que os participantes que praticavam medita\u00e7\u00e3o tiveram um aumento significativo na resposta \u00e0 vacina\u00e7\u00e3o quando comparados ao grupo controle.<\/p>\n<p>A conclus\u00e3o que os pesquisadores chegaram foi que uma breve pr\u00e1tica de medita\u00e7\u00e3o <em>mindfulness<\/em> pode oferecer efeitos positivos no c\u00e9rebro, assim como no sistema imunol\u00f3gico.<\/p>\n<h3><strong>Acalma a mente<\/strong><\/h3>\n<p>\u00c9 hora de parar, respirar e meditar se voc\u00ea estiver lendo um livro e tiver muitos pensamentos passando pela sua cabe\u00e7a. Por esse motivo, voc\u00ea n\u00e3o precisa ser um especialista ou ter dom\u00ednio de uma t\u00e9cnica, tudo o que voc\u00ea precisa fazer \u00e9 ficar quieto por alguns minutos e se concentrar em sua respira\u00e7\u00e3o. Isso for\u00e7ar\u00e1 a mente e permitir\u00e1 uma leitura mais focada, necess\u00e1ria para o c\u00e9rebro armazenar as informa\u00e7\u00f5es corretamente.<\/p>\n<h3><strong>Pequenos momentos s\u00e3o valorizados<\/strong><\/h3>\n<p><img loading=\"lazy\" decoding=\"async\" class=\"alignnone wp-image-1404\" src=\"https:\/\/artigos.abelacosmetics.com\/wp-content\/uploads\/2022\/09\/3-9-300x169.png\" alt=\"\" width=\"850\" height=\"479\" srcset=\"https:\/\/artigos.abelacosmetics.com\/wp-content\/uploads\/2022\/09\/3-9-300x169.png 300w, https:\/\/artigos.abelacosmetics.com\/wp-content\/uploads\/2022\/09\/3-9-1024x576.png 1024w, https:\/\/artigos.abelacosmetics.com\/wp-content\/uploads\/2022\/09\/3-9-768x432.png 768w, https:\/\/artigos.abelacosmetics.com\/wp-content\/uploads\/2022\/09\/3-9-1536x864.png 1536w, https:\/\/artigos.abelacosmetics.com\/wp-content\/uploads\/2022\/09\/3-9-18x10.png 18w, https:\/\/artigos.abelacosmetics.com\/wp-content\/uploads\/2022\/09\/3-9.png 1920w\" sizes=\"auto, (max-width: 850px) 100vw, 850px\" \/><\/p>\n<p>Al\u00e9m de ajudar a reduzir o estresse, a medita\u00e7\u00e3o tamb\u00e9m ajuda as pessoas a prestar mais aten\u00e7\u00e3o \u00e0s atividades di\u00e1rias que realizam, tornando-as mais satisfat\u00f3rias e intensas, pois se sentem mais plenamente presentes e no momento. Al\u00e9m disso, v\u00e1rios estudos sugerem que a medita\u00e7\u00e3o ajuda a regular a depress\u00e3o, influenciando a perspectiva de vida de uma pessoa para se tornar mais otimista.<\/p>\n<h3><strong>Qualidade do sono<\/strong><\/h3>\n<p>A qualidade do sono melhora se a pr\u00e1tica da medita\u00e7\u00e3o for seguida de forma cont\u00ednua. O impacto da medita\u00e7\u00e3o na qualidade do sono foi avaliado em um estudo realizado por <u><a href=\"https:\/\/jamanetwork.com\/journals\/jamainternalmedicine\/fullarticle\/2110998\">pesquisadores<\/a><\/u> da Universidade da Calif\u00f3rnia.<\/p>\n<p>Dois grupos de adultos com mais de 55 anos que experimentaram transtornos leves no sono a moderados foram submetidos a duas interven\u00e7\u00f5es distintas: a primeira com 24 pessoas fazendo medita\u00e7\u00e3o e a segunda com 25 pessoas do qual realizaram programas de promo\u00e7\u00e3o da educa\u00e7\u00e3o da higiene do sono (que consiste em praticar atividades mais leves antes de dormir, como retirar o uso dos celulares 30 minutos antes de deitar na cama, por exemplo).<\/p>\n<p>Como resultado, em compara\u00e7\u00e3o com o grupo que participou de um programa de higiene do sono altamente estruturado, a medita\u00e7\u00e3o produziu menos ins\u00f4nia, fadiga e depress\u00e3o. Isso porque a pr\u00e1tica regular de medita\u00e7\u00e3o ajuda a reduzir pensamentos negativos, estresse di\u00e1rio e ansiedade. Isso deixa a pessoa mais \u00e0 vontade e cheia de energia, evita que ela durma com pensamentos negativos e melhora a qualidade do sono.<\/p>\n<h3><strong>Produz al\u00edvio da dor f\u00edsica e mental<\/strong><\/h3>\n<p>Se voc\u00ea trabalha, estuda, tem filhos e ainda precisa cuidar das tarefas dom\u00e9sticas, tudo isso no final do dia pode te deixar frustrada e at\u00e9 com dores pelo corpo. Se n\u00e3o soubermos como lidar com essas situa\u00e7\u00f5es, nossos corpos come\u00e7ar\u00e3o a apresentar problemas e nossas mentes come\u00e7ar\u00e3o a ficar mais pesadas.<\/p>\n<p>Isso exige um pouco mais de concentra\u00e7\u00e3o, e a medita\u00e7\u00e3o pode ser de grande ajuda. Al\u00e9m disso, de acordo com estudos realizados pela Universidade de Montreal, as pessoas que praticam medita\u00e7\u00e3o com foco na respira\u00e7\u00e3o podem experimentar uma redu\u00e7\u00e3o na dor de at\u00e9 18%.<\/p>\n<p>Al\u00e9m disso, vale ressaltar que a execu\u00e7\u00e3o de exerc\u00edcios de medita\u00e7\u00e3o ajuda a normalizar a press\u00e3o arterial n\u00e3o apenas enquanto os exerc\u00edcios s\u00e3o realizados, mas tamb\u00e9m diariamente com a pr\u00e1tica frequente de medita\u00e7\u00e3o.<\/p>\n<p><img loading=\"lazy\" decoding=\"async\" class=\"alignnone wp-image-1403\" src=\"https:\/\/artigos.abelacosmetics.com\/wp-content\/uploads\/2022\/09\/2-9-300x169.png\" alt=\"\" width=\"783\" height=\"441\" srcset=\"https:\/\/artigos.abelacosmetics.com\/wp-content\/uploads\/2022\/09\/2-9-300x169.png 300w, https:\/\/artigos.abelacosmetics.com\/wp-content\/uploads\/2022\/09\/2-9-1024x576.png 1024w, https:\/\/artigos.abelacosmetics.com\/wp-content\/uploads\/2022\/09\/2-9-768x432.png 768w, https:\/\/artigos.abelacosmetics.com\/wp-content\/uploads\/2022\/09\/2-9-1536x864.png 1536w, https:\/\/artigos.abelacosmetics.com\/wp-content\/uploads\/2022\/09\/2-9-18x10.png 18w, https:\/\/artigos.abelacosmetics.com\/wp-content\/uploads\/2022\/09\/2-9.png 1920w\" sizes=\"auto, (max-width: 783px) 100vw, 783px\" \/><\/p>\n<h3><strong>Incentiva o autoconhecimento<\/strong><\/h3>\n<p>A pr\u00e1tica de exerc\u00edcios de medita\u00e7\u00e3o permite que a pessoa se torne cada vez mais consciente de si mesma \u00e0 medida que dedica mais tempo a isso, permitindo refletir mais sobre seus pensamentos e a\u00e7\u00f5es, desafiando-os e compreendendo suas motiva\u00e7\u00f5es. Ao final, ser\u00e1 poss\u00edvel entender melhor sobre si mesmo.<\/p>\n<h3><strong>Melhora a cogni\u00e7\u00e3o<\/strong><\/h3>\n<p>No estudo &#8220;Medita\u00e7\u00e3o Mindfulness Melhora a\u00a0<u><a href=\"http:\/\/jtoomim.org\/brain-training\/Zeidan2010_Mindfulness_Meditation.pdf\">cogni\u00e7\u00e3o<\/a><\/u>: Evid\u00eancia de Treinamento Mental Breve&#8221;, os pesquisadores descobriram uma coisa muito interessante sobre o poder da medita\u00e7\u00e3o. Segundo eles, 4 dias de medita\u00e7\u00e3o podem ter um impacto positivo na cogni\u00e7\u00e3o e no humor de um indiv\u00edduo.<\/p>\n<p>No estudo, eles separaram dois grupos. No primeiro com 24 alunos, eles participaram de quatro sess\u00f5es de medita\u00e7\u00e3o. J\u00e1 o segundo grupo de controle de 25 alunos ouviu um livro que estava gravado. Os participantes que nunca haviam meditado antes foram avaliados em seu senso de humor, flu\u00eancia verbal, percep\u00e7\u00e3o visual e<u><a href=\"https:\/\/scottbarrykaufman.com\/wp-content\/uploads\/2013\/04\/Mrazek-et-al.-2013-Mindfulness-Improves-WMC-GRE-Focus.pdf\"> mem\u00f3ria<\/a><\/u> de trabalho.<\/p>\n<p>Embora os pesquisadores tenham percebido nas duas interven\u00e7\u00f5es uma melhorar o humor, apenas o breve treinamento de medita\u00e7\u00e3o conseguiu diminuir a ansiedade e o medo, enquanto isso aumentou a aten\u00e7\u00e3o total. Houve tamb\u00e9m uma melhora significativa no processamento visual espacial, mem\u00f3ria de trabalho e fun\u00e7\u00e3o execut\u00e1vel.<\/p>\n<h3><strong>Autoconfian\u00e7a<\/strong><\/h3>\n<p>Trabalhar sua autoconfian\u00e7a diante de uma prova pode ser um dos fatores decisivos para o seu sucesso. Isso significa que incorporar a medita\u00e7\u00e3o em sua rotina di\u00e1ria pode ajud\u00e1-lo a ter controle sobre suas emo\u00e7\u00f5es e dar mais seguran\u00e7a na hora de realizar testes ou definir projetos no trabalho.<\/p>\n<p>Al\u00e9m disso, quando temos mais autoconfian\u00e7a, acreditamos que podemos cumprir as metas da melhor maneira poss\u00edvel, o que reduz as emo\u00e7\u00f5es negativas e apreensivas. De uma posi\u00e7\u00e3o de autoestima elevada, a pessoa \u00e9 capaz de ter ainda mais f\u00e9 em seu potencial e capacidade de superar os desafios da vida.<\/p>\n<h2><strong>Conclus\u00e3o sobre os benef\u00edcios da medita\u00e7\u00e3o<\/strong><\/h2>\n<p>Na grande maioria dos estudos, a medita\u00e7\u00e3o da aten\u00e7\u00e3o plena foi fortemente mencionada. Pode parecer ser algo dif\u00edcil, mas n\u00e3o \u00e9. Investir nesta pr\u00e1tica \u00e9 o mesmo que investir em si mesmo e buscar um bem-estar mais completo e integrado.<\/p>\n<p>Se voc\u00ea gostou desse conte\u00fado, continue navegando no <u><a href=\"https:\/\/artigos.abelacosmetics.com\/es\/blog\/\">nosso site<\/a><\/u> para descobrir muito mais. Al\u00e9m disso, se voc\u00ea deseja melhorar a sua sa\u00fade capilar, n\u00e3o pode deixar de conferir os produtos de alta qualidade da <u><a href=\"https:\/\/artigos.abelacosmetics.com\/es\/produtos\/\">Abela Cosmetics<\/a><\/u>.<\/p>\n<p><img loading=\"lazy\" decoding=\"async\" class=\"alignnone wp-image-1407\" src=\"https:\/\/artigos.abelacosmetics.com\/wp-content\/uploads\/2022\/09\/6-4-300x169.png\" alt=\"\" width=\"1094\" height=\"616\" srcset=\"https:\/\/artigos.abelacosmetics.com\/wp-content\/uploads\/2022\/09\/6-4-300x169.png 300w, https:\/\/artigos.abelacosmetics.com\/wp-content\/uploads\/2022\/09\/6-4-1024x576.png 1024w, https:\/\/artigos.abelacosmetics.com\/wp-content\/uploads\/2022\/09\/6-4-768x432.png 768w, https:\/\/artigos.abelacosmetics.com\/wp-content\/uploads\/2022\/09\/6-4-1536x864.png 1536w, https:\/\/artigos.abelacosmetics.com\/wp-content\/uploads\/2022\/09\/6-4-18x10.png 18w, https:\/\/artigos.abelacosmetics.com\/wp-content\/uploads\/2022\/09\/6-4.png 1920w\" sizes=\"auto, (max-width: 1094px) 100vw, 1094px\" \/><\/p>","protected":false},"excerpt":{"rendered":"<p>&nbsp; &nbsp; A medita\u00e7\u00e3o e seus benef\u00edcios\u00a0s\u00e3o essenciais para melhorar o dia de diversas pessoas em todo o mundo. &nbsp; &nbsp; Uma pr\u00e1tica muito antiga, a medita\u00e7\u00e3o \u00e9 conhecida por desempenhar um papel na filosofia e religi\u00e3o orientais. H\u00e1 alguns anos, a pr\u00e1tica da medita\u00e7\u00e3o foi incorporada \u00e0s pr\u00e1ticas culturais comuns e passou por ajustes. [&hellip;]<\/p>","protected":false},"author":1,"featured_media":1408,"comment_status":"open","ping_status":"open","sticky":false,"template":"","format":"standard","meta":{"_acf_changed":false,"_mo_disable_npp":"","inline_featured_image":false,"footnotes":""},"categories":[1],"tags":[],"class_list":["post-1400","post","type-post","status-publish","format-standard","has-post-thumbnail","hentry","category-novidades"],"acf":[],"yoast_head":"<!-- This site is optimized with the Yoast SEO Premium plugin v19.2.1 (Yoast SEO v26.9) - https:\/\/yoast.com\/product\/yoast-seo-premium-wordpress\/ -->\n<title>Conhe\u00e7a os principais benef\u00edcios da medita\u00e7\u00e3o - Abela Cosmetics<\/title>\n<meta name=\"description\" content=\"Confira neste artigo mais detalhes sobre o que \u00e9 medita\u00e7\u00e3o e quais s\u00e3o os principais benef\u00edcios provenientes dessa pr\u00e1tica.\" \/>\n<meta name=\"robots\" content=\"index, follow, max-snippet:-1, max-image-preview:large, max-video-preview:-1\" \/>\n<link rel=\"canonical\" href=\"https:\/\/artigos.abelacosmetics.com\/es\/meditacao-e-beneficios\/\" \/>\n<meta property=\"og:locale\" content=\"es_ES\" \/>\n<meta property=\"og:type\" content=\"article\" \/>\n<meta property=\"og:title\" content=\"Conhe\u00e7a os principais benef\u00edcios da medita\u00e7\u00e3o\" \/>\n<meta property=\"og:description\" content=\"Confira neste artigo mais detalhes sobre o que \u00e9 medita\u00e7\u00e3o e quais s\u00e3o os principais benef\u00edcios provenientes dessa pr\u00e1tica.\" \/>\n<meta property=\"og:url\" content=\"https:\/\/artigos.abelacosmetics.com\/es\/meditacao-e-beneficios\/\" \/>\n<meta property=\"og:site_name\" content=\"Abela Cosmetics\" \/>\n<meta property=\"article:publisher\" content=\"https:\/\/www.facebook.com\/abelacosmetics\" \/>\n<meta property=\"article:published_time\" content=\"2022-09-29T21:44:05+00:00\" \/>\n<meta property=\"article:modified_time\" content=\"2023-01-05T20:58:21+00:00\" \/>\n<meta property=\"og:image\" content=\"https:\/\/artigos.abelacosmetics.com\/wp-content\/uploads\/2022\/09\/post-do-blog-11.png\" \/>\n\t<meta property=\"og:image:width\" content=\"850\" \/>\n\t<meta property=\"og:image:height\" content=\"430\" \/>\n\t<meta property=\"og:image:type\" content=\"image\/png\" \/>\n<meta name=\"author\" content=\"admin\" \/>\n<meta name=\"twitter:card\" content=\"summary_large_image\" \/>\n<meta name=\"twitter:label1\" content=\"Escrito por\" \/>\n\t<meta name=\"twitter:data1\" content=\"admin\" \/>\n\t<meta name=\"twitter:label2\" content=\"Tiempo de lectura\" \/>\n\t<meta name=\"twitter:data2\" content=\"10 minutos\" \/>\n<script type=\"application\/ld+json\" class=\"yoast-schema-graph\">{\"@context\":\"https:\/\/schema.org\",\"@graph\":[{\"@type\":\"Article\",\"@id\":\"https:\/\/artigos.abelacosmetics.com\/meditacao-e-beneficios\/#article\",\"isPartOf\":{\"@id\":\"https:\/\/artigos.abelacosmetics.com\/meditacao-e-beneficios\/\"},\"author\":{\"name\":\"admin\",\"@id\":\"https:\/\/artigos.abelacosmetics.com\/#\/schema\/person\/675710be590edb47293978092f4e20f4\"},\"headline\":\"Conhe\u00e7a os principais benef\u00edcios da medita\u00e7\u00e3o\",\"datePublished\":\"2022-09-29T21:44:05+00:00\",\"dateModified\":\"2023-01-05T20:58:21+00:00\",\"mainEntityOfPage\":{\"@id\":\"https:\/\/artigos.abelacosmetics.com\/meditacao-e-beneficios\/\"},\"wordCount\":1768,\"commentCount\":0,\"publisher\":{\"@id\":\"https:\/\/artigos.abelacosmetics.com\/#organization\"},\"image\":{\"@id\":\"https:\/\/artigos.abelacosmetics.com\/meditacao-e-beneficios\/#primaryimage\"},\"thumbnailUrl\":\"https:\/\/artigos.abelacosmetics.com\/wp-content\/uploads\/2022\/09\/post-do-blog-11.png\",\"articleSection\":[\"Novidades\"],\"inLanguage\":\"es\",\"potentialAction\":[{\"@type\":\"CommentAction\",\"name\":\"Comment\",\"target\":[\"https:\/\/artigos.abelacosmetics.com\/meditacao-e-beneficios\/#respond\"]}]},{\"@type\":\"WebPage\",\"@id\":\"https:\/\/artigos.abelacosmetics.com\/meditacao-e-beneficios\/\",\"url\":\"https:\/\/artigos.abelacosmetics.com\/meditacao-e-beneficios\/\",\"name\":\"Conhe\u00e7a os principais benef\u00edcios da medita\u00e7\u00e3o - Abela Cosmetics\",\"isPartOf\":{\"@id\":\"https:\/\/artigos.abelacosmetics.com\/#website\"},\"primaryImageOfPage\":{\"@id\":\"https:\/\/artigos.abelacosmetics.com\/meditacao-e-beneficios\/#primaryimage\"},\"image\":{\"@id\":\"https:\/\/artigos.abelacosmetics.com\/meditacao-e-beneficios\/#primaryimage\"},\"thumbnailUrl\":\"https:\/\/artigos.abelacosmetics.com\/wp-content\/uploads\/2022\/09\/post-do-blog-11.png\",\"datePublished\":\"2022-09-29T21:44:05+00:00\",\"dateModified\":\"2023-01-05T20:58:21+00:00\",\"description\":\"Confira neste artigo mais detalhes sobre o que \u00e9 medita\u00e7\u00e3o e quais s\u00e3o os principais benef\u00edcios provenientes dessa pr\u00e1tica.\",\"breadcrumb\":{\"@id\":\"https:\/\/artigos.abelacosmetics.com\/meditacao-e-beneficios\/#breadcrumb\"},\"inLanguage\":\"es\",\"potentialAction\":[{\"@type\":\"ReadAction\",\"target\":[\"https:\/\/artigos.abelacosmetics.com\/meditacao-e-beneficios\/\"]}]},{\"@type\":\"ImageObject\",\"inLanguage\":\"es\",\"@id\":\"https:\/\/artigos.abelacosmetics.com\/meditacao-e-beneficios\/#primaryimage\",\"url\":\"https:\/\/artigos.abelacosmetics.com\/wp-content\/uploads\/2022\/09\/post-do-blog-11.png\",\"contentUrl\":\"https:\/\/artigos.abelacosmetics.com\/wp-content\/uploads\/2022\/09\/post-do-blog-11.png\",\"width\":850,\"height\":430},{\"@type\":\"BreadcrumbList\",\"@id\":\"https:\/\/artigos.abelacosmetics.com\/meditacao-e-beneficios\/#breadcrumb\",\"itemListElement\":[{\"@type\":\"ListItem\",\"position\":1,\"name\":\"In\u00edcio\",\"item\":\"https:\/\/artigos.abelacosmetics.com\/\"},{\"@type\":\"ListItem\",\"position\":2,\"name\":\"Conhe\u00e7a os principais benef\u00edcios da medita\u00e7\u00e3o\"}]},{\"@type\":\"WebSite\",\"@id\":\"https:\/\/artigos.abelacosmetics.com\/#website\",\"url\":\"https:\/\/artigos.abelacosmetics.com\/\",\"name\":\"Abela Cosmetics\",\"description\":\"Cuidados para Cabelos \u00danicos\",\"publisher\":{\"@id\":\"https:\/\/artigos.abelacosmetics.com\/#organization\"},\"potentialAction\":[{\"@type\":\"SearchAction\",\"target\":{\"@type\":\"EntryPoint\",\"urlTemplate\":\"https:\/\/artigos.abelacosmetics.com\/?s={search_term_string}\"},\"query-input\":{\"@type\":\"PropertyValueSpecification\",\"valueRequired\":true,\"valueName\":\"search_term_string\"}}],\"inLanguage\":\"es\"},{\"@type\":\"Organization\",\"@id\":\"https:\/\/artigos.abelacosmetics.com\/#organization\",\"name\":\"Abela Cosmetics\",\"url\":\"https:\/\/artigos.abelacosmetics.com\/\",\"logo\":{\"@type\":\"ImageObject\",\"inLanguage\":\"es\",\"@id\":\"https:\/\/artigos.abelacosmetics.com\/#\/schema\/logo\/image\/\",\"url\":\"https:\/\/artigos.abelacosmetics.com\/wp-content\/uploads\/2023\/02\/logo-abela.png\",\"contentUrl\":\"https:\/\/artigos.abelacosmetics.com\/wp-content\/uploads\/2023\/02\/logo-abela.png\",\"width\":183,\"height\":90,\"caption\":\"Abela Cosmetics\"},\"image\":{\"@id\":\"https:\/\/artigos.abelacosmetics.com\/#\/schema\/logo\/image\/\"},\"sameAs\":[\"https:\/\/www.facebook.com\/abelacosmetics\"]},{\"@type\":\"Person\",\"@id\":\"https:\/\/artigos.abelacosmetics.com\/#\/schema\/person\/675710be590edb47293978092f4e20f4\",\"name\":\"admin\",\"image\":{\"@type\":\"ImageObject\",\"inLanguage\":\"es\",\"@id\":\"https:\/\/artigos.abelacosmetics.com\/#\/schema\/person\/image\/\",\"url\":\"https:\/\/secure.gravatar.com\/avatar\/ce9ccc2de538d30bcc33874c5a730e8e078e64fce402cb3cf0668a7439a0e654?s=96&d=mm&r=g\",\"contentUrl\":\"https:\/\/secure.gravatar.com\/avatar\/ce9ccc2de538d30bcc33874c5a730e8e078e64fce402cb3cf0668a7439a0e654?s=96&d=mm&r=g\",\"caption\":\"admin\"},\"sameAs\":[\"http:\/\/localhost\/abela-cosmetic\"],\"url\":\"https:\/\/artigos.abelacosmetics.com\/es\/author\/admin\/\"}]}<\/script>\n<!-- \/ Yoast SEO Premium plugin. -->","yoast_head_json":{"title":"Conhe\u00e7a os principais benef\u00edcios da medita\u00e7\u00e3o - Abela Cosmetics","description":"Confira neste artigo mais detalhes sobre o que \u00e9 medita\u00e7\u00e3o e quais s\u00e3o os principais benef\u00edcios provenientes dessa pr\u00e1tica.","robots":{"index":"index","follow":"follow","max-snippet":"max-snippet:-1","max-image-preview":"max-image-preview:large","max-video-preview":"max-video-preview:-1"},"canonical":"https:\/\/artigos.abelacosmetics.com\/es\/meditacao-e-beneficios\/","og_locale":"es_ES","og_type":"article","og_title":"Conhe\u00e7a os principais benef\u00edcios da medita\u00e7\u00e3o","og_description":"Confira neste artigo mais detalhes sobre o que \u00e9 medita\u00e7\u00e3o e quais s\u00e3o os principais benef\u00edcios provenientes dessa pr\u00e1tica.","og_url":"https:\/\/artigos.abelacosmetics.com\/es\/meditacao-e-beneficios\/","og_site_name":"Abela Cosmetics","article_publisher":"https:\/\/www.facebook.com\/abelacosmetics","article_published_time":"2022-09-29T21:44:05+00:00","article_modified_time":"2023-01-05T20:58:21+00:00","og_image":[{"width":850,"height":430,"url":"https:\/\/artigos.abelacosmetics.com\/wp-content\/uploads\/2022\/09\/post-do-blog-11.png","type":"image\/png"}],"author":"admin","twitter_card":"summary_large_image","twitter_misc":{"Escrito por":"admin","Tiempo de lectura":"10 minutos"},"schema":{"@context":"https:\/\/schema.org","@graph":[{"@type":"Article","@id":"https:\/\/artigos.abelacosmetics.com\/meditacao-e-beneficios\/#article","isPartOf":{"@id":"https:\/\/artigos.abelacosmetics.com\/meditacao-e-beneficios\/"},"author":{"name":"admin","@id":"https:\/\/artigos.abelacosmetics.com\/#\/schema\/person\/675710be590edb47293978092f4e20f4"},"headline":"Conhe\u00e7a os principais benef\u00edcios da medita\u00e7\u00e3o","datePublished":"2022-09-29T21:44:05+00:00","dateModified":"2023-01-05T20:58:21+00:00","mainEntityOfPage":{"@id":"https:\/\/artigos.abelacosmetics.com\/meditacao-e-beneficios\/"},"wordCount":1768,"commentCount":0,"publisher":{"@id":"https:\/\/artigos.abelacosmetics.com\/#organization"},"image":{"@id":"https:\/\/artigos.abelacosmetics.com\/meditacao-e-beneficios\/#primaryimage"},"thumbnailUrl":"https:\/\/artigos.abelacosmetics.com\/wp-content\/uploads\/2022\/09\/post-do-blog-11.png","articleSection":["Novidades"],"inLanguage":"es","potentialAction":[{"@type":"CommentAction","name":"Comment","target":["https:\/\/artigos.abelacosmetics.com\/meditacao-e-beneficios\/#respond"]}]},{"@type":"WebPage","@id":"https:\/\/artigos.abelacosmetics.com\/meditacao-e-beneficios\/","url":"https:\/\/artigos.abelacosmetics.com\/meditacao-e-beneficios\/","name":"Conhe\u00e7a os principais benef\u00edcios da medita\u00e7\u00e3o - Abela Cosmetics","isPartOf":{"@id":"https:\/\/artigos.abelacosmetics.com\/#website"},"primaryImageOfPage":{"@id":"https:\/\/artigos.abelacosmetics.com\/meditacao-e-beneficios\/#primaryimage"},"image":{"@id":"https:\/\/artigos.abelacosmetics.com\/meditacao-e-beneficios\/#primaryimage"},"thumbnailUrl":"https:\/\/artigos.abelacosmetics.com\/wp-content\/uploads\/2022\/09\/post-do-blog-11.png","datePublished":"2022-09-29T21:44:05+00:00","dateModified":"2023-01-05T20:58:21+00:00","description":"Confira neste artigo mais detalhes sobre o que \u00e9 medita\u00e7\u00e3o e quais s\u00e3o os principais benef\u00edcios provenientes dessa pr\u00e1tica.","breadcrumb":{"@id":"https:\/\/artigos.abelacosmetics.com\/meditacao-e-beneficios\/#breadcrumb"},"inLanguage":"es","potentialAction":[{"@type":"ReadAction","target":["https:\/\/artigos.abelacosmetics.com\/meditacao-e-beneficios\/"]}]},{"@type":"ImageObject","inLanguage":"es","@id":"https:\/\/artigos.abelacosmetics.com\/meditacao-e-beneficios\/#primaryimage","url":"https:\/\/artigos.abelacosmetics.com\/wp-content\/uploads\/2022\/09\/post-do-blog-11.png","contentUrl":"https:\/\/artigos.abelacosmetics.com\/wp-content\/uploads\/2022\/09\/post-do-blog-11.png","width":850,"height":430},{"@type":"BreadcrumbList","@id":"https:\/\/artigos.abelacosmetics.com\/meditacao-e-beneficios\/#breadcrumb","itemListElement":[{"@type":"ListItem","position":1,"name":"In\u00edcio","item":"https:\/\/artigos.abelacosmetics.com\/"},{"@type":"ListItem","position":2,"name":"Conhe\u00e7a os principais benef\u00edcios da medita\u00e7\u00e3o"}]},{"@type":"WebSite","@id":"https:\/\/artigos.abelacosmetics.com\/#website","url":"https:\/\/artigos.abelacosmetics.com\/","name":"Abela Cosmetics","description":"Cuidados para Cabelos \u00danicos","publisher":{"@id":"https:\/\/artigos.abelacosmetics.com\/#organization"},"potentialAction":[{"@type":"SearchAction","target":{"@type":"EntryPoint","urlTemplate":"https:\/\/artigos.abelacosmetics.com\/?s={search_term_string}"},"query-input":{"@type":"PropertyValueSpecification","valueRequired":true,"valueName":"search_term_string"}}],"inLanguage":"es"},{"@type":"Organization","@id":"https:\/\/artigos.abelacosmetics.com\/#organization","name":"Abela Cosmetics","url":"https:\/\/artigos.abelacosmetics.com\/","logo":{"@type":"ImageObject","inLanguage":"es","@id":"https:\/\/artigos.abelacosmetics.com\/#\/schema\/logo\/image\/","url":"https:\/\/artigos.abelacosmetics.com\/wp-content\/uploads\/2023\/02\/logo-abela.png","contentUrl":"https:\/\/artigos.abelacosmetics.com\/wp-content\/uploads\/2023\/02\/logo-abela.png","width":183,"height":90,"caption":"Abela Cosmetics"},"image":{"@id":"https:\/\/artigos.abelacosmetics.com\/#\/schema\/logo\/image\/"},"sameAs":["https:\/\/www.facebook.com\/abelacosmetics"]},{"@type":"Person","@id":"https:\/\/artigos.abelacosmetics.com\/#\/schema\/person\/675710be590edb47293978092f4e20f4","name":"admin","image":{"@type":"ImageObject","inLanguage":"es","@id":"https:\/\/artigos.abelacosmetics.com\/#\/schema\/person\/image\/","url":"https:\/\/secure.gravatar.com\/avatar\/ce9ccc2de538d30bcc33874c5a730e8e078e64fce402cb3cf0668a7439a0e654?s=96&d=mm&r=g","contentUrl":"https:\/\/secure.gravatar.com\/avatar\/ce9ccc2de538d30bcc33874c5a730e8e078e64fce402cb3cf0668a7439a0e654?s=96&d=mm&r=g","caption":"admin"},"sameAs":["http:\/\/localhost\/abela-cosmetic"],"url":"https:\/\/artigos.abelacosmetics.com\/es\/author\/admin\/"}]}},"_links":{"self":[{"href":"https:\/\/artigos.abelacosmetics.com\/es\/wp-json\/wp\/v2\/posts\/1400","targetHints":{"allow":["GET"]}}],"collection":[{"href":"https:\/\/artigos.abelacosmetics.com\/es\/wp-json\/wp\/v2\/posts"}],"about":[{"href":"https:\/\/artigos.abelacosmetics.com\/es\/wp-json\/wp\/v2\/types\/post"}],"author":[{"embeddable":true,"href":"https:\/\/artigos.abelacosmetics.com\/es\/wp-json\/wp\/v2\/users\/1"}],"replies":[{"embeddable":true,"href":"https:\/\/artigos.abelacosmetics.com\/es\/wp-json\/wp\/v2\/comments?post=1400"}],"version-history":[{"count":5,"href":"https:\/\/artigos.abelacosmetics.com\/es\/wp-json\/wp\/v2\/posts\/1400\/revisions"}],"predecessor-version":[{"id":2239,"href":"https:\/\/artigos.abelacosmetics.com\/es\/wp-json\/wp\/v2\/posts\/1400\/revisions\/2239"}],"wp:featuredmedia":[{"embeddable":true,"href":"https:\/\/artigos.abelacosmetics.com\/es\/wp-json\/wp\/v2\/media\/1408"}],"wp:attachment":[{"href":"https:\/\/artigos.abelacosmetics.com\/es\/wp-json\/wp\/v2\/media?parent=1400"}],"wp:term":[{"taxonomy":"category","embeddable":true,"href":"https:\/\/artigos.abelacosmetics.com\/es\/wp-json\/wp\/v2\/categories?post=1400"},{"taxonomy":"post_tag","embeddable":true,"href":"https:\/\/artigos.abelacosmetics.com\/es\/wp-json\/wp\/v2\/tags?post=1400"}],"curies":[{"name":"wp","href":"https:\/\/api.w.org\/{rel}","templated":true}]}}