{"id":1372,"date":"2022-09-29T10:56:08","date_gmt":"2022-09-29T13:56:08","guid":{"rendered":"https:\/\/artigos.abelacosmetics.com\/?p=1372"},"modified":"2023-01-05T17:59:39","modified_gmt":"2023-01-05T20:59:39","slug":"setembro-amarelo","status":"publish","type":"post","link":"https:\/\/artigos.abelacosmetics.com\/es\/setembro-amarelo\/","title":{"rendered":"Setembro amarelo: veja como ajudar pessoas com depress\u00e3o"},"content":{"rendered":"<p>&nbsp;<\/p>\n<p>&nbsp;<\/p>\n<p>N\u00e3o h\u00e1 d\u00favidas que provavelmente todas as pessoas j\u00e1 ouviram falar da depress\u00e3o. Entretanto, apesar dessa palavra ser bem difundida na sociedade, isso n\u00e3o significa que as pessoas possuem o conhecimento adequado sobre ela.<\/p>\n<p>&nbsp;<\/p>\n<audio class=\"wp-audio-shortcode\" id=\"audio-1372-1\" preload=\"none\" style=\"width: 100%;\" controls=\"controls\"><source type=\"audio\/mpeg\" src=\"https:\/\/artigos.abelacosmetics.com\/wp-content\/uploads\/2022\/09\/Setembro-amarelo-1.mp3?_=1\" \/><a href=\"https:\/\/artigos.abelacosmetics.com\/wp-content\/uploads\/2022\/09\/Setembro-amarelo-1.mp3\">https:\/\/artigos.abelacosmetics.com\/wp-content\/uploads\/2022\/09\/Setembro-amarelo-1.mp3<\/a><\/audio>\n<p>&nbsp;<\/p>\n<p>Desse modo, o <strong>setembro amarelo <\/strong>\u00e9 um mecanismo de conscientiza\u00e7\u00e3o sobre a depress\u00e3o e, atrav\u00e9s disso, a popula\u00e7\u00e3o tem a possibilidade de aprender mais sobre essa doen\u00e7a e ajudar pessoas com essa condi\u00e7\u00e3o.<\/p>\n<p>Para entender melhor sobre essa campanha e ver dicas de como ajudar essas pessoas, confira o artigo a seguir!<\/p>\n<p><img loading=\"lazy\" decoding=\"async\" class=\"alignnone wp-image-1374\" src=\"https:\/\/artigos.abelacosmetics.com\/wp-content\/uploads\/2022\/09\/11-4-300x169.png\" alt=\"\" width=\"1040\" height=\"586\" srcset=\"https:\/\/artigos.abelacosmetics.com\/wp-content\/uploads\/2022\/09\/11-4-300x169.png 300w, https:\/\/artigos.abelacosmetics.com\/wp-content\/uploads\/2022\/09\/11-4-1024x576.png 1024w, https:\/\/artigos.abelacosmetics.com\/wp-content\/uploads\/2022\/09\/11-4-768x432.png 768w, https:\/\/artigos.abelacosmetics.com\/wp-content\/uploads\/2022\/09\/11-4-1536x864.png 1536w, https:\/\/artigos.abelacosmetics.com\/wp-content\/uploads\/2022\/09\/11-4-18x10.png 18w, https:\/\/artigos.abelacosmetics.com\/wp-content\/uploads\/2022\/09\/11-4.png 1920w\" sizes=\"auto, (max-width: 1040px) 100vw, 1040px\" \/><\/p>\n<h2><strong>O que \u00e9 o Setembro Amarelo? <\/strong><\/h2>\n<p>Sendo o suic\u00eddio um grave problema social e de sa\u00fade p\u00fablica, o setembro amarelo foi criado ent\u00e3o com o objetivo de conscientizar a sociedade sobre esse assunto, visando evit\u00e1-lo. Nesse sentido, o m\u00eas de setembro passa a ser dedicado para conscientiza\u00e7\u00e3o e preven\u00e7\u00e3o ao suic\u00eddio, sendo o dia 10\/09 o Dia Mundial da Preven\u00e7\u00e3o ao Suic\u00eddio.<\/p>\n<p>A campanha citada foi criada no ano de 2015 no Brasil, pelo Centro de Valoriza\u00e7\u00e3o da Vida (CVV) ao lado do Conselho Federal de Medicina (CFM) e da Associa\u00e7\u00e3o Brasileira de Psiquiatria. O objetivo era conscientizar a popula\u00e7\u00e3o, ent\u00e3o o m\u00eas de setembro passa a ser dedicado a divulga\u00e7\u00e3o de informa\u00e7\u00e3o sobre o suic\u00eddio e sua preven\u00e7\u00e3o, como por exemplo causas, sinais, como ajudar e como procurar ajuda. Dessa forma, a popula\u00e7\u00e3o pode entender e ajudar pessoas nessa situa\u00e7\u00e3o, bem como pessoas com inten\u00e7\u00e3o de suic\u00eddio podem saber como procurar ajuda.<\/p>\n<h3><strong>Por que abordar o suic\u00eddio? <\/strong><\/h3>\n<p>A Organiza\u00e7\u00e3o Mundial de Sa\u00fade (OMS) afirma que uma pessoa comete suic\u00eddio a cada 40 segundos em algum lugar do mundo, provando-se a necessidade de darmos import\u00e2ncia ao assunto frente a um n\u00famero t\u00e3o alto. Desse modo, apesar de que falar sobre o suic\u00eddio \u00e9 extremamente complexo e delicado, devendo haver muito cuidado em como abordar essa quest\u00e3o, isso n\u00e3o pode deixar de ser feito tendo em vista a propor\u00e7\u00e3o que esse problema tomou na sociedade mundial.<\/p>\n<h3><strong>Causas do suic\u00eddio<\/strong><\/h3>\n<p>Falando de modo geral, o suic\u00eddio ou tentativa dele costuma ser decorrente de algum transtorno mental e\/ou psicol\u00f3gico, como depress\u00e3o, depend\u00eancia qu\u00edmica, esquizofrenia ou bipolaridade. Al\u00e9m disso, situa\u00e7\u00f5es na vida que geram um alto impacto negativo na vida de algu\u00e9m tamb\u00e9m se configuram como uma causa muito constante, como a morte de uma pessoa querida, ou por discrimina\u00e7\u00e3o social como homofobia, xenofobia, etc. No entanto, dentre todas essas situa\u00e7\u00f5es apresentadas destaca-se a depress\u00e3o como principal fator, sendo relevante dar aten\u00e7\u00e3o diferenciada a esse fator.<\/p>\n<p><img loading=\"lazy\" decoding=\"async\" class=\"alignnone wp-image-1378\" src=\"https:\/\/artigos.abelacosmetics.com\/wp-content\/uploads\/2022\/09\/31-5-300x169.png\" alt=\"\" width=\"1064\" height=\"599\" srcset=\"https:\/\/artigos.abelacosmetics.com\/wp-content\/uploads\/2022\/09\/31-5-300x169.png 300w, https:\/\/artigos.abelacosmetics.com\/wp-content\/uploads\/2022\/09\/31-5-1024x576.png 1024w, https:\/\/artigos.abelacosmetics.com\/wp-content\/uploads\/2022\/09\/31-5-768x432.png 768w, https:\/\/artigos.abelacosmetics.com\/wp-content\/uploads\/2022\/09\/31-5-1536x864.png 1536w, https:\/\/artigos.abelacosmetics.com\/wp-content\/uploads\/2022\/09\/31-5-18x10.png 18w, https:\/\/artigos.abelacosmetics.com\/wp-content\/uploads\/2022\/09\/31-5.png 1920w\" sizes=\"auto, (max-width: 1064px) 100vw, 1064px\" \/><\/p>\n<h2><strong>Como prevenir o suic\u00eddio? <\/strong><\/h2>\n<p>A preven\u00e7\u00e3o de uma quest\u00e3o t\u00e3o grave e delicada como o suic\u00eddio consiste em observar as pessoas a nossa volta e perceber se elas est\u00e3o demonstrando algum sinal de alerta. Isso quer dizer notar se a pessoa tem se mostrado desinteressada para coisas que antes a agradava, se est\u00e1 sendo improdutiva, se tem se isolado de outras pessoas, fala muito sobre morte, para de dar aten\u00e7\u00e3o \u00e0 apar\u00eancia deixando de se cuidar, e n\u00e3o se importa com suas atividades di\u00e1rias, etc. Basicamente, \u00e9 notar se a pessoa teve alguma mudan\u00e7a de comportamento que podem ser sinais de que ela necessita.<\/p>\n<p>No entanto, n\u00e3o se trata apenas de perceber esses sinais, mas sim de saber como abordar algu\u00e9m que pode estar nessa situa\u00e7\u00e3o. \u00c9 extremamente importante que ao conversar com algu\u00e9m que apresenta algum dos sinais citados, voc\u00ea tenha muita empatia, aten\u00e7\u00e3o e cuidado. Isso se d\u00e1, pois a pessoa j\u00e1 est\u00e1 em uma situa\u00e7\u00e3o delicada e uma opini\u00e3o mal colocada ou julgamento pode piorar aquele contexto. Sendo assim, \u00e9 preciso entender que a dor do outro n\u00e3o pode ser qualificada de acordo com os nossos sentimentos e experi\u00eancias.<\/p>\n<p>Em complemento a isso, quando a situa\u00e7\u00e3o for muito grave evite deix\u00e1-la sozinha, al\u00e9m de informar amigos pr\u00f3ximos e familiares para que haja uma rede de apoio e aten\u00e7\u00e3o ainda maior. Para finalizar, quando algu\u00e9m te falar que est\u00e1 nessa situa\u00e7\u00e3o \u00e9 importante incentivar a busca de especialistas que possam ajudar, como psic\u00f3logos e psiquiatras, pois s\u00e3o as pessoas mais adequadas para lidar com uma situa\u00e7\u00e3o como essa.<\/p>\n<h2><strong>Depress\u00e3o: causas e consequ\u00eancias<\/strong><\/h2>\n<p>A Organiza\u00e7\u00e3o Mundial da Sa\u00fade chama a depress\u00e3o de \u201cMal do S\u00e9culo\u201d, tendo em vista que \u00e9 um problema cada vez maior nos dias atuais. Nesse sentido, como citado anteriormente, a depress\u00e3o \u00e9 um dos principais fatores causadores do suic\u00eddio, sendo necess\u00e1rio conhecer e saber evitar essa doen\u00e7a, bem como ajudar quem tem que conviver com ela.<\/p>\n<h3><strong>Causas da depress\u00e3o<\/strong><\/h3>\n<p>\u00c9 muito comum que, ao falar das causas da depress\u00e3o, as pessoas imaginem que esta doen\u00e7a \u00e9 decorrente de quest\u00f5es sociais e psicol\u00f3gicas, mas estas normalmente s\u00e3o consequ\u00eancias da doen\u00e7a. No entanto, isso n\u00e3o exclui as possibilidades destes tamb\u00e9m serem causadores da depress\u00e3o, como ocorrem casos de estresse e ansiedade cr\u00f4nicos e div\u00f3rcios, por exemplo.<\/p>\n<p>Al\u00e9m desses fatores, est\u00e3o tamb\u00e9m relacionados problemas como transtornos psiqui\u00e1tricos, disfun\u00e7\u00e3o hormonal, v\u00edcio em cigarro, \u00e1lcool ou drogas il\u00edcitas, excesso de uso de redes sociais, enxaqueca cr\u00f4nica, problemas no cora\u00e7\u00e3o e at\u00e9 pancadas na cabe\u00e7a. Para complementar, algumas quest\u00f5es relacionadas ao peso e alimenta\u00e7\u00e3o podem tamb\u00e9m influenciar no desenvolvimento da depress\u00e3o, seja pelo excesso de peso, sedentarismo ou por ter uma alimenta\u00e7\u00e3o desregulada. Para finalizar, o que muitos n\u00e3o sabem que o hist\u00f3rico familiar tamb\u00e9m \u00e9 um fator determinante, ou seja, essa doen\u00e7a pode ser tamb\u00e9m heredit\u00e1ria, mas n\u00e3o em todos os casos.<\/p>\n<h3><strong>Consequ\u00eancias da depress\u00e3o: <\/strong><\/h3>\n<p>Uma pessoa com depress\u00e3o tem toda sua vida afetada pela doen\u00e7a, desde seus pensamentos at\u00e9 rela\u00e7\u00f5es com outras pessoas, trabalho, etc. Sendo assim, quando algu\u00e9m est\u00e1 depressivo, ela fica mais vulner\u00e1vel a diversos problemas que podem ser decorrentes dessa doen\u00e7a, como o uso de drogas, \u00e1lcool, problemas de sa\u00fade, suic\u00eddio e outros comportamentos de risco, dentre outras.<\/p>\n<p>Em adi\u00e7\u00e3o a isso, uma pessoa depressiva tende a viver em constante des\u00e2nimo, tem sua autoestima afetada, al\u00e9m dos sentimentos e humor ficarem mais inst\u00e1veis com a presen\u00e7a de muita tristeza, ang\u00fastia, irritabilidade e ansiedade. Para finalizar, sua rotina de sono muda, h\u00e1 um cansa\u00e7o e fraqueza constante, ins\u00f4nia ou um sono ruim, baixos n\u00edveis de concentra\u00e7\u00e3o e at\u00e9 disfun\u00e7\u00f5es ou problemas sexuais.<\/p>\n<p><img loading=\"lazy\" decoding=\"async\" class=\"alignnone wp-image-1381\" src=\"https:\/\/artigos.abelacosmetics.com\/wp-content\/uploads\/2022\/09\/5-5-300x169.png\" alt=\"\" width=\"1017\" height=\"573\" srcset=\"https:\/\/artigos.abelacosmetics.com\/wp-content\/uploads\/2022\/09\/5-5-300x169.png 300w, https:\/\/artigos.abelacosmetics.com\/wp-content\/uploads\/2022\/09\/5-5-1024x576.png 1024w, https:\/\/artigos.abelacosmetics.com\/wp-content\/uploads\/2022\/09\/5-5-768x432.png 768w, https:\/\/artigos.abelacosmetics.com\/wp-content\/uploads\/2022\/09\/5-5-1536x864.png 1536w, https:\/\/artigos.abelacosmetics.com\/wp-content\/uploads\/2022\/09\/5-5-18x10.png 18w, https:\/\/artigos.abelacosmetics.com\/wp-content\/uploads\/2022\/09\/5-5.png 1920w\" sizes=\"auto, (max-width: 1017px) 100vw, 1017px\" \/><\/p>\n<h2><strong>Como ajudar algu\u00e9m com depress\u00e3o<\/strong><\/h2>\n<p>Quando percebemos que algu\u00e9m pr\u00f3ximo a n\u00f3s est\u00e1 com sinais de depress\u00e3o, h\u00e1 basicamente duas coisas que podemos fazer: dar apoio e incentivar a busca de ajuda profissional.\u00a0 Contudo, isso n\u00e3o \u00e9 t\u00e3o f\u00e1cil assim tendo em vista que muitas vezes as pessoas ignoram os sinais de depress\u00e3o, bem como \u00e9 dif\u00edcil que o depressivo se abra com outras pessoas sobre isso.<\/p>\n<p>Diante disso, \u00e9 comum que pessoas com depress\u00e3o tentem disfar\u00e7ar os sinais e escondam a doen\u00e7a, por medo do julgamento ou at\u00e9 por estar em nega\u00e7\u00e3o com o que est\u00e1 acontecendo. Entretanto, se ainda assim voc\u00ea identificar sintomas de depress\u00e3o em pessoas pr\u00f3ximas, tente dar aten\u00e7\u00e3o, ouvindo e acolhendo ela e o que ela tem a dizer, sem julgar, criticar ou subestimar o que ela est\u00e1 passando e tamb\u00e9m sem ignorar coment\u00e1rios arriscados, como os relacionados ao suic\u00eddio.<\/p>\n<p>No entanto, n\u00e3o ache que voc\u00ea sozinho conseguir\u00e1 ajudar a pessoa a sair dessa situa\u00e7\u00e3o, \u00e9 preciso ajuda profissional de psic\u00f3logos e psiquiatras para ter um tratamento adequado, ent\u00e3o estimule sempre essa busca. Algumas pessoas podem ser muito resistentes em procurar esse tipo de ajuda, ent\u00e3o voc\u00ea pode se oferecer para marcar consulta ou at\u00e9 acompanh\u00e1-la se necess\u00e1rio, para muitas pessoas isso pode fazer diferen\u00e7a.<\/p>\n<p>Al\u00e9m disso, voc\u00ea pode auxiliar de outras formas tamb\u00e9m, evitando que ela piore o quadro em que se encontra. Por exemplo, voc\u00ea pode estimular a redu\u00e7\u00e3o do consumo de \u00e1lcool e drogas se este for um problema, bem como deve incentivar a pr\u00e1tica de esportes e momentos de socializa\u00e7\u00e3o. Para finalizar, incentivar o autocuidado inclusive com a apar\u00eancia, pode ser essencial para a melhora da autoestima e, consequentemente, animar a pessoa, podendo fazer com que ela queira sair e ter momentos de socializa\u00e7\u00e3o.<\/p>\n<p><img loading=\"lazy\" decoding=\"async\" class=\"alignnone wp-image-1379\" src=\"https:\/\/artigos.abelacosmetics.com\/wp-content\/uploads\/2022\/09\/3-7-300x300.png\" alt=\"\" width=\"560\" height=\"560\" srcset=\"https:\/\/artigos.abelacosmetics.com\/wp-content\/uploads\/2022\/09\/3-7-300x300.png 300w, https:\/\/artigos.abelacosmetics.com\/wp-content\/uploads\/2022\/09\/3-7-150x150.png 150w, https:\/\/artigos.abelacosmetics.com\/wp-content\/uploads\/2022\/09\/3-7-768x768.png 768w, https:\/\/artigos.abelacosmetics.com\/wp-content\/uploads\/2022\/09\/3-7-12x12.png 12w, https:\/\/artigos.abelacosmetics.com\/wp-content\/uploads\/2022\/09\/3-7.png 1000w\" sizes=\"auto, (max-width: 560px) 100vw, 560px\" \/><\/p>\n<h3><strong>Setembro amarelo nessa ajuda<\/strong><\/h3>\n<p>Ante ao exposto, \u00e9 poss\u00edvel perceber que a campanha do setembro amarelo \u00e9 uma excelente oportunidade de fazer com que as pessoas se conscientizem das medidas apresentadas acima. Desse modo, cria-se n\u00e3o apenas uma conscientiza\u00e7\u00e3o acerca da doen\u00e7a, quebrando os estigmas sociais em torno dela, como tamb\u00e9m se torna poss\u00edvel ajudar cada vez mais pessoas que se encontram em estado de depress\u00e3o.<\/p>\n<p>\u00c9 importante saber que essa n\u00e3o \u00e9 uma condi\u00e7\u00e3o simples e quem convive com ela t\u00eam sua vida completamente afetada. Nesse sentido, o setembro amarelo \u00e9 tamb\u00e9m um momento para que a sociedade reflita sobre isso e n\u00e3o menospreze sintomas e sinais de depress\u00e3o.<\/p>\n<h2><strong>Concluindo <\/strong><\/h2>\n<p>Ante ao exposto, \u00e9 poss\u00edvel entender a gravidade da depress\u00e3o na vida das pessoas, mas tamb\u00e9m que todos n\u00f3s podemos contribuir para ajudar pessoas nesta situa\u00e7\u00e3o, sendo o setembro amarelo um grande incentivador. O empoderamento de mulheres atrav\u00e9s do autocuidado e pode, assim, ser um grande parceiro na luta para melhorar a autoestima.<\/p>\n<p>Confira nossos produtos em nosso <u><a href=\"https:\/\/artigos.abelacosmetics.com\/es\/\">site<\/a><\/u> e se encante! Al\u00e9m disso, temos tamb\u00e9m um blog onde voc\u00ea pode aprender um pouco mais sobre como cuidar de maneira adequada do seu cabelo, <u><a href=\"https:\/\/artigos.abelacosmetics.com\/es\/blog\/\">acesse<\/a><\/u> e saiba muito mais.<\/p>\n<p>&nbsp;<\/p>\n<p><img loading=\"lazy\" decoding=\"async\" class=\"alignnone wp-image-1380\" src=\"https:\/\/artigos.abelacosmetics.com\/wp-content\/uploads\/2022\/09\/4-7-300x169.png\" alt=\"\" width=\"1183\" height=\"666\" srcset=\"https:\/\/artigos.abelacosmetics.com\/wp-content\/uploads\/2022\/09\/4-7-300x169.png 300w, https:\/\/artigos.abelacosmetics.com\/wp-content\/uploads\/2022\/09\/4-7-1024x576.png 1024w, https:\/\/artigos.abelacosmetics.com\/wp-content\/uploads\/2022\/09\/4-7-768x432.png 768w, https:\/\/artigos.abelacosmetics.com\/wp-content\/uploads\/2022\/09\/4-7-1536x864.png 1536w, https:\/\/artigos.abelacosmetics.com\/wp-content\/uploads\/2022\/09\/4-7-18x10.png 18w, https:\/\/artigos.abelacosmetics.com\/wp-content\/uploads\/2022\/09\/4-7.png 1920w\" sizes=\"auto, (max-width: 1183px) 100vw, 1183px\" \/><\/p>","protected":false},"excerpt":{"rendered":"<p>&nbsp; &nbsp; N\u00e3o h\u00e1 d\u00favidas que provavelmente todas as pessoas j\u00e1 ouviram falar da depress\u00e3o. Entretanto, apesar dessa palavra ser bem difundida na sociedade, isso n\u00e3o significa que as pessoas possuem o conhecimento adequado sobre ela. &nbsp; &nbsp; Desse modo, o setembro amarelo \u00e9 um mecanismo de conscientiza\u00e7\u00e3o sobre a depress\u00e3o e, atrav\u00e9s disso, a [&hellip;]<\/p>","protected":false},"author":1,"featured_media":1383,"comment_status":"open","ping_status":"open","sticky":false,"template":"","format":"standard","meta":{"_acf_changed":false,"_mo_disable_npp":"","inline_featured_image":false,"footnotes":""},"categories":[32,31,1],"tags":[],"class_list":["post-1372","post","type-post","status-publish","format-standard","has-post-thumbnail","hentry","category-informacoes","category-autocuidado","category-novidades"],"acf":[],"yoast_head":"<!-- This site is optimized with the Yoast SEO Premium plugin v19.2.1 (Yoast SEO v26.9) - https:\/\/yoast.com\/product\/yoast-seo-premium-wordpress\/ -->\n<title>Setembro amarelo: veja como ajudar pessoas com depress\u00e3o - Abela Cosmetics<\/title>\n<meta name=\"description\" content=\"Saiba mais sobre o setembro amarelo e a depress\u00e3o e aprenda auxiliar pessoas depressivas a enfrentar as dificuldades causadas pela doen\u00e7a.\" \/>\n<meta name=\"robots\" content=\"index, follow, max-snippet:-1, max-image-preview:large, max-video-preview:-1\" \/>\n<link rel=\"canonical\" href=\"https:\/\/artigos.abelacosmetics.com\/es\/setembro-amarelo\/\" \/>\n<meta property=\"og:locale\" content=\"es_ES\" \/>\n<meta property=\"og:type\" content=\"article\" \/>\n<meta property=\"og:title\" content=\"Setembro amarelo: veja como ajudar pessoas com depress\u00e3o\" \/>\n<meta property=\"og:description\" content=\"Saiba mais sobre o setembro amarelo e a depress\u00e3o e aprenda auxiliar pessoas depressivas a enfrentar as dificuldades causadas pela doen\u00e7a.\" \/>\n<meta property=\"og:url\" content=\"https:\/\/artigos.abelacosmetics.com\/es\/setembro-amarelo\/\" \/>\n<meta property=\"og:site_name\" content=\"Abela Cosmetics\" \/>\n<meta property=\"article:publisher\" content=\"https:\/\/www.facebook.com\/abelacosmetics\" \/>\n<meta property=\"article:published_time\" content=\"2022-09-29T13:56:08+00:00\" \/>\n<meta property=\"article:modified_time\" content=\"2023-01-05T20:59:39+00:00\" \/>\n<meta property=\"og:image\" content=\"https:\/\/artigos.abelacosmetics.com\/wp-content\/uploads\/2022\/09\/post-do-blog-9.png\" \/>\n\t<meta property=\"og:image:width\" content=\"850\" \/>\n\t<meta property=\"og:image:height\" content=\"430\" \/>\n\t<meta property=\"og:image:type\" content=\"image\/png\" \/>\n<meta name=\"author\" content=\"admin\" \/>\n<meta name=\"twitter:card\" content=\"summary_large_image\" \/>\n<meta name=\"twitter:label1\" content=\"Escrito por\" \/>\n\t<meta name=\"twitter:data1\" content=\"admin\" \/>\n\t<meta name=\"twitter:label2\" content=\"Tiempo de lectura\" \/>\n\t<meta name=\"twitter:data2\" content=\"10 minutos\" \/>\n<script type=\"application\/ld+json\" class=\"yoast-schema-graph\">{\"@context\":\"https:\/\/schema.org\",\"@graph\":[{\"@type\":\"Article\",\"@id\":\"https:\/\/artigos.abelacosmetics.com\/setembro-amarelo\/#article\",\"isPartOf\":{\"@id\":\"https:\/\/artigos.abelacosmetics.com\/setembro-amarelo\/\"},\"author\":{\"name\":\"admin\",\"@id\":\"https:\/\/artigos.abelacosmetics.com\/#\/schema\/person\/675710be590edb47293978092f4e20f4\"},\"headline\":\"Setembro amarelo: veja como ajudar pessoas com depress\u00e3o\",\"datePublished\":\"2022-09-29T13:56:08+00:00\",\"dateModified\":\"2023-01-05T20:59:39+00:00\",\"mainEntityOfPage\":{\"@id\":\"https:\/\/artigos.abelacosmetics.com\/setembro-amarelo\/\"},\"wordCount\":1708,\"commentCount\":0,\"publisher\":{\"@id\":\"https:\/\/artigos.abelacosmetics.com\/#organization\"},\"image\":{\"@id\":\"https:\/\/artigos.abelacosmetics.com\/setembro-amarelo\/#primaryimage\"},\"thumbnailUrl\":\"https:\/\/artigos.abelacosmetics.com\/wp-content\/uploads\/2022\/09\/post-do-blog-9.png\",\"articleSection\":[\"Informa\u00e7\u00f5es\",\"Autocuidado\",\"Novidades\"],\"inLanguage\":\"es\",\"potentialAction\":[{\"@type\":\"CommentAction\",\"name\":\"Comment\",\"target\":[\"https:\/\/artigos.abelacosmetics.com\/setembro-amarelo\/#respond\"]}]},{\"@type\":\"WebPage\",\"@id\":\"https:\/\/artigos.abelacosmetics.com\/setembro-amarelo\/\",\"url\":\"https:\/\/artigos.abelacosmetics.com\/setembro-amarelo\/\",\"name\":\"Setembro amarelo: veja como ajudar pessoas com depress\u00e3o - Abela Cosmetics\",\"isPartOf\":{\"@id\":\"https:\/\/artigos.abelacosmetics.com\/#website\"},\"primaryImageOfPage\":{\"@id\":\"https:\/\/artigos.abelacosmetics.com\/setembro-amarelo\/#primaryimage\"},\"image\":{\"@id\":\"https:\/\/artigos.abelacosmetics.com\/setembro-amarelo\/#primaryimage\"},\"thumbnailUrl\":\"https:\/\/artigos.abelacosmetics.com\/wp-content\/uploads\/2022\/09\/post-do-blog-9.png\",\"datePublished\":\"2022-09-29T13:56:08+00:00\",\"dateModified\":\"2023-01-05T20:59:39+00:00\",\"description\":\"Saiba mais sobre o setembro amarelo e a depress\u00e3o e aprenda auxiliar pessoas depressivas a enfrentar as dificuldades causadas pela doen\u00e7a.\",\"breadcrumb\":{\"@id\":\"https:\/\/artigos.abelacosmetics.com\/setembro-amarelo\/#breadcrumb\"},\"inLanguage\":\"es\",\"potentialAction\":[{\"@type\":\"ReadAction\",\"target\":[\"https:\/\/artigos.abelacosmetics.com\/setembro-amarelo\/\"]}]},{\"@type\":\"ImageObject\",\"inLanguage\":\"es\",\"@id\":\"https:\/\/artigos.abelacosmetics.com\/setembro-amarelo\/#primaryimage\",\"url\":\"https:\/\/artigos.abelacosmetics.com\/wp-content\/uploads\/2022\/09\/post-do-blog-9.png\",\"contentUrl\":\"https:\/\/artigos.abelacosmetics.com\/wp-content\/uploads\/2022\/09\/post-do-blog-9.png\",\"width\":850,\"height\":430},{\"@type\":\"BreadcrumbList\",\"@id\":\"https:\/\/artigos.abelacosmetics.com\/setembro-amarelo\/#breadcrumb\",\"itemListElement\":[{\"@type\":\"ListItem\",\"position\":1,\"name\":\"In\u00edcio\",\"item\":\"https:\/\/artigos.abelacosmetics.com\/\"},{\"@type\":\"ListItem\",\"position\":2,\"name\":\"Setembro amarelo: veja como ajudar pessoas com depress\u00e3o\"}]},{\"@type\":\"WebSite\",\"@id\":\"https:\/\/artigos.abelacosmetics.com\/#website\",\"url\":\"https:\/\/artigos.abelacosmetics.com\/\",\"name\":\"Abela Cosmetics\",\"description\":\"Cuidados para Cabelos \u00danicos\",\"publisher\":{\"@id\":\"https:\/\/artigos.abelacosmetics.com\/#organization\"},\"potentialAction\":[{\"@type\":\"SearchAction\",\"target\":{\"@type\":\"EntryPoint\",\"urlTemplate\":\"https:\/\/artigos.abelacosmetics.com\/?s={search_term_string}\"},\"query-input\":{\"@type\":\"PropertyValueSpecification\",\"valueRequired\":true,\"valueName\":\"search_term_string\"}}],\"inLanguage\":\"es\"},{\"@type\":\"Organization\",\"@id\":\"https:\/\/artigos.abelacosmetics.com\/#organization\",\"name\":\"Abela Cosmetics\",\"url\":\"https:\/\/artigos.abelacosmetics.com\/\",\"logo\":{\"@type\":\"ImageObject\",\"inLanguage\":\"es\",\"@id\":\"https:\/\/artigos.abelacosmetics.com\/#\/schema\/logo\/image\/\",\"url\":\"https:\/\/artigos.abelacosmetics.com\/wp-content\/uploads\/2023\/02\/logo-abela.png\",\"contentUrl\":\"https:\/\/artigos.abelacosmetics.com\/wp-content\/uploads\/2023\/02\/logo-abela.png\",\"width\":183,\"height\":90,\"caption\":\"Abela Cosmetics\"},\"image\":{\"@id\":\"https:\/\/artigos.abelacosmetics.com\/#\/schema\/logo\/image\/\"},\"sameAs\":[\"https:\/\/www.facebook.com\/abelacosmetics\"]},{\"@type\":\"Person\",\"@id\":\"https:\/\/artigos.abelacosmetics.com\/#\/schema\/person\/675710be590edb47293978092f4e20f4\",\"name\":\"admin\",\"image\":{\"@type\":\"ImageObject\",\"inLanguage\":\"es\",\"@id\":\"https:\/\/artigos.abelacosmetics.com\/#\/schema\/person\/image\/\",\"url\":\"https:\/\/secure.gravatar.com\/avatar\/ce9ccc2de538d30bcc33874c5a730e8e078e64fce402cb3cf0668a7439a0e654?s=96&d=mm&r=g\",\"contentUrl\":\"https:\/\/secure.gravatar.com\/avatar\/ce9ccc2de538d30bcc33874c5a730e8e078e64fce402cb3cf0668a7439a0e654?s=96&d=mm&r=g\",\"caption\":\"admin\"},\"sameAs\":[\"http:\/\/localhost\/abela-cosmetic\"],\"url\":\"https:\/\/artigos.abelacosmetics.com\/es\/author\/admin\/\"}]}<\/script>\n<!-- \/ Yoast SEO Premium plugin. -->","yoast_head_json":{"title":"Setembro amarelo: veja como ajudar pessoas com depress\u00e3o - Abela Cosmetics","description":"Saiba mais sobre o setembro amarelo e a depress\u00e3o e aprenda auxiliar pessoas depressivas a enfrentar as dificuldades causadas pela doen\u00e7a.","robots":{"index":"index","follow":"follow","max-snippet":"max-snippet:-1","max-image-preview":"max-image-preview:large","max-video-preview":"max-video-preview:-1"},"canonical":"https:\/\/artigos.abelacosmetics.com\/es\/setembro-amarelo\/","og_locale":"es_ES","og_type":"article","og_title":"Setembro amarelo: veja como ajudar pessoas com depress\u00e3o","og_description":"Saiba mais sobre o setembro amarelo e a depress\u00e3o e aprenda auxiliar pessoas depressivas a enfrentar as dificuldades causadas pela doen\u00e7a.","og_url":"https:\/\/artigos.abelacosmetics.com\/es\/setembro-amarelo\/","og_site_name":"Abela Cosmetics","article_publisher":"https:\/\/www.facebook.com\/abelacosmetics","article_published_time":"2022-09-29T13:56:08+00:00","article_modified_time":"2023-01-05T20:59:39+00:00","og_image":[{"width":850,"height":430,"url":"https:\/\/artigos.abelacosmetics.com\/wp-content\/uploads\/2022\/09\/post-do-blog-9.png","type":"image\/png"}],"author":"admin","twitter_card":"summary_large_image","twitter_misc":{"Escrito por":"admin","Tiempo de lectura":"10 minutos"},"schema":{"@context":"https:\/\/schema.org","@graph":[{"@type":"Article","@id":"https:\/\/artigos.abelacosmetics.com\/setembro-amarelo\/#article","isPartOf":{"@id":"https:\/\/artigos.abelacosmetics.com\/setembro-amarelo\/"},"author":{"name":"admin","@id":"https:\/\/artigos.abelacosmetics.com\/#\/schema\/person\/675710be590edb47293978092f4e20f4"},"headline":"Setembro amarelo: veja como ajudar pessoas com depress\u00e3o","datePublished":"2022-09-29T13:56:08+00:00","dateModified":"2023-01-05T20:59:39+00:00","mainEntityOfPage":{"@id":"https:\/\/artigos.abelacosmetics.com\/setembro-amarelo\/"},"wordCount":1708,"commentCount":0,"publisher":{"@id":"https:\/\/artigos.abelacosmetics.com\/#organization"},"image":{"@id":"https:\/\/artigos.abelacosmetics.com\/setembro-amarelo\/#primaryimage"},"thumbnailUrl":"https:\/\/artigos.abelacosmetics.com\/wp-content\/uploads\/2022\/09\/post-do-blog-9.png","articleSection":["Informa\u00e7\u00f5es","Autocuidado","Novidades"],"inLanguage":"es","potentialAction":[{"@type":"CommentAction","name":"Comment","target":["https:\/\/artigos.abelacosmetics.com\/setembro-amarelo\/#respond"]}]},{"@type":"WebPage","@id":"https:\/\/artigos.abelacosmetics.com\/setembro-amarelo\/","url":"https:\/\/artigos.abelacosmetics.com\/setembro-amarelo\/","name":"Setembro amarelo: veja como ajudar pessoas com depress\u00e3o - Abela Cosmetics","isPartOf":{"@id":"https:\/\/artigos.abelacosmetics.com\/#website"},"primaryImageOfPage":{"@id":"https:\/\/artigos.abelacosmetics.com\/setembro-amarelo\/#primaryimage"},"image":{"@id":"https:\/\/artigos.abelacosmetics.com\/setembro-amarelo\/#primaryimage"},"thumbnailUrl":"https:\/\/artigos.abelacosmetics.com\/wp-content\/uploads\/2022\/09\/post-do-blog-9.png","datePublished":"2022-09-29T13:56:08+00:00","dateModified":"2023-01-05T20:59:39+00:00","description":"Saiba mais sobre o setembro amarelo e a depress\u00e3o e aprenda auxiliar pessoas depressivas a enfrentar as dificuldades causadas pela doen\u00e7a.","breadcrumb":{"@id":"https:\/\/artigos.abelacosmetics.com\/setembro-amarelo\/#breadcrumb"},"inLanguage":"es","potentialAction":[{"@type":"ReadAction","target":["https:\/\/artigos.abelacosmetics.com\/setembro-amarelo\/"]}]},{"@type":"ImageObject","inLanguage":"es","@id":"https:\/\/artigos.abelacosmetics.com\/setembro-amarelo\/#primaryimage","url":"https:\/\/artigos.abelacosmetics.com\/wp-content\/uploads\/2022\/09\/post-do-blog-9.png","contentUrl":"https:\/\/artigos.abelacosmetics.com\/wp-content\/uploads\/2022\/09\/post-do-blog-9.png","width":850,"height":430},{"@type":"BreadcrumbList","@id":"https:\/\/artigos.abelacosmetics.com\/setembro-amarelo\/#breadcrumb","itemListElement":[{"@type":"ListItem","position":1,"name":"In\u00edcio","item":"https:\/\/artigos.abelacosmetics.com\/"},{"@type":"ListItem","position":2,"name":"Setembro amarelo: veja como ajudar pessoas com depress\u00e3o"}]},{"@type":"WebSite","@id":"https:\/\/artigos.abelacosmetics.com\/#website","url":"https:\/\/artigos.abelacosmetics.com\/","name":"Abela Cosmetics","description":"Cuidados para Cabelos \u00danicos","publisher":{"@id":"https:\/\/artigos.abelacosmetics.com\/#organization"},"potentialAction":[{"@type":"SearchAction","target":{"@type":"EntryPoint","urlTemplate":"https:\/\/artigos.abelacosmetics.com\/?s={search_term_string}"},"query-input":{"@type":"PropertyValueSpecification","valueRequired":true,"valueName":"search_term_string"}}],"inLanguage":"es"},{"@type":"Organization","@id":"https:\/\/artigos.abelacosmetics.com\/#organization","name":"Abela Cosmetics","url":"https:\/\/artigos.abelacosmetics.com\/","logo":{"@type":"ImageObject","inLanguage":"es","@id":"https:\/\/artigos.abelacosmetics.com\/#\/schema\/logo\/image\/","url":"https:\/\/artigos.abelacosmetics.com\/wp-content\/uploads\/2023\/02\/logo-abela.png","contentUrl":"https:\/\/artigos.abelacosmetics.com\/wp-content\/uploads\/2023\/02\/logo-abela.png","width":183,"height":90,"caption":"Abela Cosmetics"},"image":{"@id":"https:\/\/artigos.abelacosmetics.com\/#\/schema\/logo\/image\/"},"sameAs":["https:\/\/www.facebook.com\/abelacosmetics"]},{"@type":"Person","@id":"https:\/\/artigos.abelacosmetics.com\/#\/schema\/person\/675710be590edb47293978092f4e20f4","name":"admin","image":{"@type":"ImageObject","inLanguage":"es","@id":"https:\/\/artigos.abelacosmetics.com\/#\/schema\/person\/image\/","url":"https:\/\/secure.gravatar.com\/avatar\/ce9ccc2de538d30bcc33874c5a730e8e078e64fce402cb3cf0668a7439a0e654?s=96&d=mm&r=g","contentUrl":"https:\/\/secure.gravatar.com\/avatar\/ce9ccc2de538d30bcc33874c5a730e8e078e64fce402cb3cf0668a7439a0e654?s=96&d=mm&r=g","caption":"admin"},"sameAs":["http:\/\/localhost\/abela-cosmetic"],"url":"https:\/\/artigos.abelacosmetics.com\/es\/author\/admin\/"}]}},"_links":{"self":[{"href":"https:\/\/artigos.abelacosmetics.com\/es\/wp-json\/wp\/v2\/posts\/1372","targetHints":{"allow":["GET"]}}],"collection":[{"href":"https:\/\/artigos.abelacosmetics.com\/es\/wp-json\/wp\/v2\/posts"}],"about":[{"href":"https:\/\/artigos.abelacosmetics.com\/es\/wp-json\/wp\/v2\/types\/post"}],"author":[{"embeddable":true,"href":"https:\/\/artigos.abelacosmetics.com\/es\/wp-json\/wp\/v2\/users\/1"}],"replies":[{"embeddable":true,"href":"https:\/\/artigos.abelacosmetics.com\/es\/wp-json\/wp\/v2\/comments?post=1372"}],"version-history":[{"count":6,"href":"https:\/\/artigos.abelacosmetics.com\/es\/wp-json\/wp\/v2\/posts\/1372\/revisions"}],"predecessor-version":[{"id":2241,"href":"https:\/\/artigos.abelacosmetics.com\/es\/wp-json\/wp\/v2\/posts\/1372\/revisions\/2241"}],"wp:featuredmedia":[{"embeddable":true,"href":"https:\/\/artigos.abelacosmetics.com\/es\/wp-json\/wp\/v2\/media\/1383"}],"wp:attachment":[{"href":"https:\/\/artigos.abelacosmetics.com\/es\/wp-json\/wp\/v2\/media?parent=1372"}],"wp:term":[{"taxonomy":"category","embeddable":true,"href":"https:\/\/artigos.abelacosmetics.com\/es\/wp-json\/wp\/v2\/categories?post=1372"},{"taxonomy":"post_tag","embeddable":true,"href":"https:\/\/artigos.abelacosmetics.com\/es\/wp-json\/wp\/v2\/tags?post=1372"}],"curies":[{"name":"wp","href":"https:\/\/api.w.org\/{rel}","templated":true}]}}