{"id":1281,"date":"2022-09-14T19:52:28","date_gmt":"2022-09-14T22:52:28","guid":{"rendered":"https:\/\/artigos.abelacosmetics.com\/?p=1281"},"modified":"2023-01-05T17:59:49","modified_gmt":"2023-01-05T20:59:49","slug":"parafina","status":"publish","type":"post","link":"https:\/\/artigos.abelacosmetics.com\/es\/parafina\/","title":{"rendered":"Parafina: entenda mais sobre esse ingrediente atuante em diversos produtos"},"content":{"rendered":"<p>&nbsp;<\/p>\n<p>&nbsp;<\/p>\n<p>A <strong>parafina <\/strong>\u00e9 um \u00f3leo mineral encontrado em muitos cosm\u00e9ticos, incluindo hidratantes para a pele, condicionadores e xampus.<\/p>\n<p>&nbsp;<\/p>\n<audio class=\"wp-audio-shortcode\" id=\"audio-1281-1\" preload=\"none\" style=\"width: 100%;\" controls=\"controls\"><source type=\"audio\/mpeg\" src=\"https:\/\/artigos.abelacosmetics.com\/wp-content\/uploads\/2022\/09\/Parafina-1.mp3?_=1\" \/><a href=\"https:\/\/artigos.abelacosmetics.com\/wp-content\/uploads\/2022\/09\/Parafina-1.mp3\">https:\/\/artigos.abelacosmetics.com\/wp-content\/uploads\/2022\/09\/Parafina-1.mp3<\/a><\/audio>\n<p>&nbsp;<\/p>\n<p>Desse modo, a principal fun\u00e7\u00e3o da parafina \u00e9 estabilizar a f\u00f3rmula do produto e melhorar o desempenho dele e a capacidade de deslizar pela pele e pelos cabelos.<\/p>\n<p><img loading=\"lazy\" decoding=\"async\" class=\"alignnone wp-image-1282\" src=\"https:\/\/artigos.abelacosmetics.com\/wp-content\/uploads\/2022\/09\/1-5-300x169.png\" alt=\"\" width=\"820\" height=\"462\" srcset=\"https:\/\/artigos.abelacosmetics.com\/wp-content\/uploads\/2022\/09\/1-5-300x169.png 300w, https:\/\/artigos.abelacosmetics.com\/wp-content\/uploads\/2022\/09\/1-5-1024x576.png 1024w, https:\/\/artigos.abelacosmetics.com\/wp-content\/uploads\/2022\/09\/1-5-768x432.png 768w, https:\/\/artigos.abelacosmetics.com\/wp-content\/uploads\/2022\/09\/1-5-1536x864.png 1536w, https:\/\/artigos.abelacosmetics.com\/wp-content\/uploads\/2022\/09\/1-5-18x10.png 18w, https:\/\/artigos.abelacosmetics.com\/wp-content\/uploads\/2022\/09\/1-5.png 1920w\" sizes=\"auto, (max-width: 820px) 100vw, 820px\" \/><\/p>\n<p>Derivada do petrolato, \u00e9 uma subst\u00e2ncia que \u00e9 utilizada na ind\u00fastria cosm\u00e9tica devido ao seu baixo custo, o que torna os produtos mais rent\u00e1veis.<\/p>\n<p>\u00c9 uma subst\u00e2ncia derivada do \u00f3leo que d\u00e1 aos produtos uma sensa\u00e7\u00e3o de maciez e suavidade, e n\u00e3o hidrata a pele de fato.<\/p>\n<p>O uso de parafina pode causar efeitos negativos na pele e nos cabelos, como a seborreia.<\/p>\n<p>A parafina tamb\u00e9m pode entupir o couro cabeludo, dificultando a absor\u00e7\u00e3o de nutrientes e outros ingredientes ben\u00e9ficos em produtos capilares, porque criam uma pel\u00edcula ao redor do fio.<\/p>\n<p>Aqui neste artigo iremos te mostrar mais detalhadamente o que \u00e9 a parafina e como ela pode ser prejudicial ao seu cabelo.<\/p>\n<p>Confira!<\/p>\n<h2><strong>O que \u00e9 a parafina?<\/strong><\/h2>\n<p><img loading=\"lazy\" decoding=\"async\" class=\"alignnone wp-image-1283\" src=\"https:\/\/artigos.abelacosmetics.com\/wp-content\/uploads\/2022\/09\/2-5-300x169.png\" alt=\"\" width=\"825\" height=\"465\" srcset=\"https:\/\/artigos.abelacosmetics.com\/wp-content\/uploads\/2022\/09\/2-5-300x169.png 300w, https:\/\/artigos.abelacosmetics.com\/wp-content\/uploads\/2022\/09\/2-5-1024x576.png 1024w, https:\/\/artigos.abelacosmetics.com\/wp-content\/uploads\/2022\/09\/2-5-768x432.png 768w, https:\/\/artigos.abelacosmetics.com\/wp-content\/uploads\/2022\/09\/2-5-1536x864.png 1536w, https:\/\/artigos.abelacosmetics.com\/wp-content\/uploads\/2022\/09\/2-5-18x10.png 18w, https:\/\/artigos.abelacosmetics.com\/wp-content\/uploads\/2022\/09\/2-5.png 1920w\" sizes=\"auto, (max-width: 825px) 100vw, 825px\" \/><\/p>\n<p>A parafina \u00e9 um tipo de vaselina encontrada na maioria dos cosm\u00e9ticos (nos cabelos, \u00e9 mais encontrada em condicionadores e finalizadores), mas n\u00e3o \u00e9 muito boa e eficaz.<\/p>\n<p>Isso porque, como derivado do petr\u00f3leo, d\u00e1 a sensa\u00e7\u00e3o hidratante, nutritiva e emoliente que todo mundo deseja em seus cabelos.<\/p>\n<p>Mas isso \u00e9 apenas uma &#8220;sensa\u00e7\u00e3o&#8221;, um efeito tempor\u00e1rio, n\u00e3o duradouro e sem efeito.<\/p>\n<p>O que a parafina faz no cabelo \u00e9 criar uma pel\u00edcula protetora no cabelo e nada mais.<\/p>\n<h2><strong>Como funciona a parafina?<\/strong><\/h2>\n<p><img loading=\"lazy\" decoding=\"async\" class=\"alignnone wp-image-1284\" src=\"https:\/\/artigos.abelacosmetics.com\/wp-content\/uploads\/2022\/09\/3-5-300x169.png\" alt=\"\" width=\"825\" height=\"465\" srcset=\"https:\/\/artigos.abelacosmetics.com\/wp-content\/uploads\/2022\/09\/3-5-300x169.png 300w, https:\/\/artigos.abelacosmetics.com\/wp-content\/uploads\/2022\/09\/3-5-1024x576.png 1024w, https:\/\/artigos.abelacosmetics.com\/wp-content\/uploads\/2022\/09\/3-5-768x432.png 768w, https:\/\/artigos.abelacosmetics.com\/wp-content\/uploads\/2022\/09\/3-5-1536x864.png 1536w, https:\/\/artigos.abelacosmetics.com\/wp-content\/uploads\/2022\/09\/3-5-18x10.png 18w, https:\/\/artigos.abelacosmetics.com\/wp-content\/uploads\/2022\/09\/3-5.png 1920w\" sizes=\"auto, (max-width: 825px) 100vw, 825px\" \/><\/p>\n<p>Quando ouvimos a palavra &#8220;pel\u00edcula protetora&#8221;, pensamos imediatamente nos benef\u00edcios que isso traz, pois teoricamente os fios estar\u00e3o protegidos contra agress\u00f5es externas.<\/p>\n<p>Mas na pr\u00e1tica, prevenimos ataques externos e curas criando essas blindagens nos fios. Claro, isso n\u00e3o acontecer\u00e1 ap\u00f3s apenas um uso, \u00e9 uma situa\u00e7\u00e3o a longo prazo.<\/p>\n<p>Quando o p\u00ealo est\u00e1 seco e quebradi\u00e7o e voc\u00ea aplica um condicionador, m\u00e1scara e finalizador que cont\u00e9m parafina, quase imediatamente os fios ficam macios e disciplinados.<\/p>\n<p>Isso d\u00e1 a sensa\u00e7\u00e3o que resolveu o problema e os seus fios est\u00e3o automaticamente saud\u00e1veis.<\/p>\n<p>Entretanto, com o passar do tempo e com o uso desses produtos, o cabelo parece n\u00e3o responder mais a qualquer tipo de tratamento.<\/p>\n<p>Isso tudo ocorre porque a parafina se acopla aos fios e impede que os nutrientes e minerais sejam absorvidos.<\/p>\n<h2><strong>Abela Cosmetics<\/strong><\/h2>\n<p><img loading=\"lazy\" decoding=\"async\" class=\"alignnone wp-image-1286\" src=\"https:\/\/artigos.abelacosmetics.com\/wp-content\/uploads\/2022\/09\/4-5-300x169.png\" alt=\"\" width=\"825\" height=\"465\" srcset=\"https:\/\/artigos.abelacosmetics.com\/wp-content\/uploads\/2022\/09\/4-5-300x169.png 300w, https:\/\/artigos.abelacosmetics.com\/wp-content\/uploads\/2022\/09\/4-5-1024x576.png 1024w, https:\/\/artigos.abelacosmetics.com\/wp-content\/uploads\/2022\/09\/4-5-768x432.png 768w, https:\/\/artigos.abelacosmetics.com\/wp-content\/uploads\/2022\/09\/4-5-1536x864.png 1536w, https:\/\/artigos.abelacosmetics.com\/wp-content\/uploads\/2022\/09\/4-5-18x10.png 18w, https:\/\/artigos.abelacosmetics.com\/wp-content\/uploads\/2022\/09\/4-5.png 1920w\" sizes=\"auto, (max-width: 825px) 100vw, 825px\" \/><\/p>\n<p>Com a conscientiza\u00e7\u00e3o do mercado e a preocupa\u00e7\u00e3o em usar ou n\u00e3o a parafina, diversas marcas j\u00e1 est\u00e3o investindo em formula\u00e7\u00f5es que n\u00e3o utilizam a subst\u00e2ncia.<\/p>\n<p>Assim, a <u><a href=\"https:\/\/artigos.abelacosmetics.com\/es\/\">Abela Cosmetics<\/a><\/u> possui linhas que s\u00e3o livres de parabenos, parafinas, \u00f3leos minerais, silicones insol\u00faveis e ainda s\u00e3o veganas!<\/p>\n<p>Uma boa alternativa \u00e9 o \u00f3leo vegetal, que al\u00e9m de dar mais seguran\u00e7a \u00e0 f\u00f3rmula, traz muitos benef\u00edcios para a pele, cabelos e couro cabeludo.<\/p>\n<p>Um exemplo s\u00e3o todas as linhas da Abela Cosmetics, prontas para trazer sa\u00fade, maciez, brilho e leveza aos seus cabelos.<\/p>\n<p>Conhe\u00e7a nossos <u><a href=\"https:\/\/artigos.abelacosmetics.com\/es\/produtos\/\">diversos produtos<\/a><\/u> (shampoos, condicionadores, m\u00e1scaras e finalizadores)!<\/p>\n<p>Para mais informa\u00e7\u00f5es como esta, acessem nosso blog. Te esperamos l\u00e1!<\/p>\n<p><img loading=\"lazy\" decoding=\"async\" class=\"alignnone wp-image-1288\" src=\"https:\/\/artigos.abelacosmetics.com\/wp-content\/uploads\/2022\/09\/5-4-300x169.png\" alt=\"\" width=\"1083\" height=\"610\" srcset=\"https:\/\/artigos.abelacosmetics.com\/wp-content\/uploads\/2022\/09\/5-4-300x169.png 300w, https:\/\/artigos.abelacosmetics.com\/wp-content\/uploads\/2022\/09\/5-4-1024x576.png 1024w, https:\/\/artigos.abelacosmetics.com\/wp-content\/uploads\/2022\/09\/5-4-768x432.png 768w, https:\/\/artigos.abelacosmetics.com\/wp-content\/uploads\/2022\/09\/5-4-1536x864.png 1536w, https:\/\/artigos.abelacosmetics.com\/wp-content\/uploads\/2022\/09\/5-4-18x10.png 18w, https:\/\/artigos.abelacosmetics.com\/wp-content\/uploads\/2022\/09\/5-4.png 1920w\" sizes=\"auto, (max-width: 1083px) 100vw, 1083px\" \/><\/p>","protected":false},"excerpt":{"rendered":"<p>&nbsp; &nbsp; A parafina \u00e9 um \u00f3leo mineral encontrado em muitos cosm\u00e9ticos, incluindo hidratantes para a pele, condicionadores e xampus. &nbsp; &nbsp; Desse modo, a principal fun\u00e7\u00e3o da parafina \u00e9 estabilizar a f\u00f3rmula do produto e melhorar o desempenho dele e a capacidade de deslizar pela pele e pelos cabelos. Derivada do petrolato, \u00e9 uma [&hellip;]<\/p>","protected":false},"author":1,"featured_media":1289,"comment_status":"open","ping_status":"open","sticky":false,"template":"","format":"standard","meta":{"_acf_changed":false,"_mo_disable_npp":"","inline_featured_image":false,"footnotes":""},"categories":[32],"tags":[],"class_list":["post-1281","post","type-post","status-publish","format-standard","has-post-thumbnail","hentry","category-informacoes"],"acf":[],"yoast_head":"<!-- This site is optimized with the Yoast SEO Premium plugin v19.2.1 (Yoast SEO v26.9) - https:\/\/yoast.com\/product\/yoast-seo-premium-wordpress\/ -->\n<title>Parafina: entenda mais sobre esse ingrediente atuante em diversos produtos - Abela Cosmetics<\/title>\n<meta name=\"description\" content=\"Voc\u00ea j\u00e1 ouviu falar na Parafina? Um componente utilizado em muitas f\u00f3rmulas capilares, mas traz malef\u00edcios escondidos. Entenda mais!\" \/>\n<meta name=\"robots\" content=\"index, follow, max-snippet:-1, max-image-preview:large, max-video-preview:-1\" \/>\n<link rel=\"canonical\" href=\"https:\/\/artigos.abelacosmetics.com\/es\/parafina\/\" \/>\n<meta property=\"og:locale\" content=\"es_ES\" \/>\n<meta property=\"og:type\" content=\"article\" \/>\n<meta property=\"og:title\" content=\"Parafina: entenda mais sobre esse ingrediente atuante em diversos produtos\" \/>\n<meta property=\"og:description\" content=\"Voc\u00ea j\u00e1 ouviu falar na Parafina? Um componente utilizado em muitas f\u00f3rmulas capilares, mas traz malef\u00edcios escondidos. Entenda mais!\" \/>\n<meta property=\"og:url\" content=\"https:\/\/artigos.abelacosmetics.com\/es\/parafina\/\" \/>\n<meta property=\"og:site_name\" content=\"Abela Cosmetics\" \/>\n<meta property=\"article:publisher\" content=\"https:\/\/www.facebook.com\/abelacosmetics\" \/>\n<meta property=\"article:published_time\" content=\"2022-09-14T22:52:28+00:00\" \/>\n<meta property=\"article:modified_time\" content=\"2023-01-05T20:59:49+00:00\" \/>\n<meta property=\"og:image\" content=\"https:\/\/artigos.abelacosmetics.com\/wp-content\/uploads\/2022\/09\/post-do-blog-7.png\" \/>\n\t<meta property=\"og:image:width\" content=\"850\" \/>\n\t<meta property=\"og:image:height\" content=\"430\" \/>\n\t<meta property=\"og:image:type\" content=\"image\/png\" \/>\n<meta name=\"author\" content=\"admin\" \/>\n<meta name=\"twitter:card\" content=\"summary_large_image\" \/>\n<meta name=\"twitter:label1\" content=\"Escrito por\" \/>\n\t<meta name=\"twitter:data1\" content=\"admin\" \/>\n\t<meta name=\"twitter:label2\" content=\"Tiempo de lectura\" \/>\n\t<meta name=\"twitter:data2\" content=\"4 minutos\" \/>\n<script type=\"application\/ld+json\" class=\"yoast-schema-graph\">{\"@context\":\"https:\/\/schema.org\",\"@graph\":[{\"@type\":\"Article\",\"@id\":\"https:\/\/artigos.abelacosmetics.com\/parafina\/#article\",\"isPartOf\":{\"@id\":\"https:\/\/artigos.abelacosmetics.com\/parafina\/\"},\"author\":{\"name\":\"admin\",\"@id\":\"https:\/\/artigos.abelacosmetics.com\/#\/schema\/person\/675710be590edb47293978092f4e20f4\"},\"headline\":\"Parafina: entenda mais sobre esse ingrediente atuante em diversos produtos\",\"datePublished\":\"2022-09-14T22:52:28+00:00\",\"dateModified\":\"2023-01-05T20:59:49+00:00\",\"mainEntityOfPage\":{\"@id\":\"https:\/\/artigos.abelacosmetics.com\/parafina\/\"},\"wordCount\":560,\"commentCount\":0,\"publisher\":{\"@id\":\"https:\/\/artigos.abelacosmetics.com\/#organization\"},\"image\":{\"@id\":\"https:\/\/artigos.abelacosmetics.com\/parafina\/#primaryimage\"},\"thumbnailUrl\":\"https:\/\/artigos.abelacosmetics.com\/wp-content\/uploads\/2022\/09\/post-do-blog-7.png\",\"articleSection\":[\"Informa\u00e7\u00f5es\"],\"inLanguage\":\"es\",\"potentialAction\":[{\"@type\":\"CommentAction\",\"name\":\"Comment\",\"target\":[\"https:\/\/artigos.abelacosmetics.com\/parafina\/#respond\"]}]},{\"@type\":\"WebPage\",\"@id\":\"https:\/\/artigos.abelacosmetics.com\/parafina\/\",\"url\":\"https:\/\/artigos.abelacosmetics.com\/parafina\/\",\"name\":\"Parafina: entenda mais sobre esse ingrediente atuante em diversos produtos - Abela Cosmetics\",\"isPartOf\":{\"@id\":\"https:\/\/artigos.abelacosmetics.com\/#website\"},\"primaryImageOfPage\":{\"@id\":\"https:\/\/artigos.abelacosmetics.com\/parafina\/#primaryimage\"},\"image\":{\"@id\":\"https:\/\/artigos.abelacosmetics.com\/parafina\/#primaryimage\"},\"thumbnailUrl\":\"https:\/\/artigos.abelacosmetics.com\/wp-content\/uploads\/2022\/09\/post-do-blog-7.png\",\"datePublished\":\"2022-09-14T22:52:28+00:00\",\"dateModified\":\"2023-01-05T20:59:49+00:00\",\"description\":\"Voc\u00ea j\u00e1 ouviu falar na Parafina? Um componente utilizado em muitas f\u00f3rmulas capilares, mas traz malef\u00edcios escondidos. Entenda mais!\",\"breadcrumb\":{\"@id\":\"https:\/\/artigos.abelacosmetics.com\/parafina\/#breadcrumb\"},\"inLanguage\":\"es\",\"potentialAction\":[{\"@type\":\"ReadAction\",\"target\":[\"https:\/\/artigos.abelacosmetics.com\/parafina\/\"]}]},{\"@type\":\"ImageObject\",\"inLanguage\":\"es\",\"@id\":\"https:\/\/artigos.abelacosmetics.com\/parafina\/#primaryimage\",\"url\":\"https:\/\/artigos.abelacosmetics.com\/wp-content\/uploads\/2022\/09\/post-do-blog-7.png\",\"contentUrl\":\"https:\/\/artigos.abelacosmetics.com\/wp-content\/uploads\/2022\/09\/post-do-blog-7.png\",\"width\":850,\"height\":430},{\"@type\":\"BreadcrumbList\",\"@id\":\"https:\/\/artigos.abelacosmetics.com\/parafina\/#breadcrumb\",\"itemListElement\":[{\"@type\":\"ListItem\",\"position\":1,\"name\":\"In\u00edcio\",\"item\":\"https:\/\/artigos.abelacosmetics.com\/\"},{\"@type\":\"ListItem\",\"position\":2,\"name\":\"Parafina: entenda mais sobre esse ingrediente atuante em diversos produtos\"}]},{\"@type\":\"WebSite\",\"@id\":\"https:\/\/artigos.abelacosmetics.com\/#website\",\"url\":\"https:\/\/artigos.abelacosmetics.com\/\",\"name\":\"Abela Cosmetics\",\"description\":\"Cuidados para Cabelos \u00danicos\",\"publisher\":{\"@id\":\"https:\/\/artigos.abelacosmetics.com\/#organization\"},\"potentialAction\":[{\"@type\":\"SearchAction\",\"target\":{\"@type\":\"EntryPoint\",\"urlTemplate\":\"https:\/\/artigos.abelacosmetics.com\/?s={search_term_string}\"},\"query-input\":{\"@type\":\"PropertyValueSpecification\",\"valueRequired\":true,\"valueName\":\"search_term_string\"}}],\"inLanguage\":\"es\"},{\"@type\":\"Organization\",\"@id\":\"https:\/\/artigos.abelacosmetics.com\/#organization\",\"name\":\"Abela Cosmetics\",\"url\":\"https:\/\/artigos.abelacosmetics.com\/\",\"logo\":{\"@type\":\"ImageObject\",\"inLanguage\":\"es\",\"@id\":\"https:\/\/artigos.abelacosmetics.com\/#\/schema\/logo\/image\/\",\"url\":\"https:\/\/artigos.abelacosmetics.com\/wp-content\/uploads\/2023\/02\/logo-abela.png\",\"contentUrl\":\"https:\/\/artigos.abelacosmetics.com\/wp-content\/uploads\/2023\/02\/logo-abela.png\",\"width\":183,\"height\":90,\"caption\":\"Abela Cosmetics\"},\"image\":{\"@id\":\"https:\/\/artigos.abelacosmetics.com\/#\/schema\/logo\/image\/\"},\"sameAs\":[\"https:\/\/www.facebook.com\/abelacosmetics\"]},{\"@type\":\"Person\",\"@id\":\"https:\/\/artigos.abelacosmetics.com\/#\/schema\/person\/675710be590edb47293978092f4e20f4\",\"name\":\"admin\",\"image\":{\"@type\":\"ImageObject\",\"inLanguage\":\"es\",\"@id\":\"https:\/\/artigos.abelacosmetics.com\/#\/schema\/person\/image\/\",\"url\":\"https:\/\/secure.gravatar.com\/avatar\/ce9ccc2de538d30bcc33874c5a730e8e078e64fce402cb3cf0668a7439a0e654?s=96&d=mm&r=g\",\"contentUrl\":\"https:\/\/secure.gravatar.com\/avatar\/ce9ccc2de538d30bcc33874c5a730e8e078e64fce402cb3cf0668a7439a0e654?s=96&d=mm&r=g\",\"caption\":\"admin\"},\"sameAs\":[\"http:\/\/localhost\/abela-cosmetic\"],\"url\":\"https:\/\/artigos.abelacosmetics.com\/es\/author\/admin\/\"}]}<\/script>\n<!-- \/ Yoast SEO Premium plugin. -->","yoast_head_json":{"title":"Parafina: entenda mais sobre esse ingrediente atuante em diversos produtos - Abela Cosmetics","description":"Voc\u00ea j\u00e1 ouviu falar na Parafina? Um componente utilizado em muitas f\u00f3rmulas capilares, mas traz malef\u00edcios escondidos. Entenda mais!","robots":{"index":"index","follow":"follow","max-snippet":"max-snippet:-1","max-image-preview":"max-image-preview:large","max-video-preview":"max-video-preview:-1"},"canonical":"https:\/\/artigos.abelacosmetics.com\/es\/parafina\/","og_locale":"es_ES","og_type":"article","og_title":"Parafina: entenda mais sobre esse ingrediente atuante em diversos produtos","og_description":"Voc\u00ea j\u00e1 ouviu falar na Parafina? Um componente utilizado em muitas f\u00f3rmulas capilares, mas traz malef\u00edcios escondidos. Entenda mais!","og_url":"https:\/\/artigos.abelacosmetics.com\/es\/parafina\/","og_site_name":"Abela Cosmetics","article_publisher":"https:\/\/www.facebook.com\/abelacosmetics","article_published_time":"2022-09-14T22:52:28+00:00","article_modified_time":"2023-01-05T20:59:49+00:00","og_image":[{"width":850,"height":430,"url":"https:\/\/artigos.abelacosmetics.com\/wp-content\/uploads\/2022\/09\/post-do-blog-7.png","type":"image\/png"}],"author":"admin","twitter_card":"summary_large_image","twitter_misc":{"Escrito por":"admin","Tiempo de lectura":"4 minutos"},"schema":{"@context":"https:\/\/schema.org","@graph":[{"@type":"Article","@id":"https:\/\/artigos.abelacosmetics.com\/parafina\/#article","isPartOf":{"@id":"https:\/\/artigos.abelacosmetics.com\/parafina\/"},"author":{"name":"admin","@id":"https:\/\/artigos.abelacosmetics.com\/#\/schema\/person\/675710be590edb47293978092f4e20f4"},"headline":"Parafina: entenda mais sobre esse ingrediente atuante em diversos produtos","datePublished":"2022-09-14T22:52:28+00:00","dateModified":"2023-01-05T20:59:49+00:00","mainEntityOfPage":{"@id":"https:\/\/artigos.abelacosmetics.com\/parafina\/"},"wordCount":560,"commentCount":0,"publisher":{"@id":"https:\/\/artigos.abelacosmetics.com\/#organization"},"image":{"@id":"https:\/\/artigos.abelacosmetics.com\/parafina\/#primaryimage"},"thumbnailUrl":"https:\/\/artigos.abelacosmetics.com\/wp-content\/uploads\/2022\/09\/post-do-blog-7.png","articleSection":["Informa\u00e7\u00f5es"],"inLanguage":"es","potentialAction":[{"@type":"CommentAction","name":"Comment","target":["https:\/\/artigos.abelacosmetics.com\/parafina\/#respond"]}]},{"@type":"WebPage","@id":"https:\/\/artigos.abelacosmetics.com\/parafina\/","url":"https:\/\/artigos.abelacosmetics.com\/parafina\/","name":"Parafina: entenda mais sobre esse ingrediente atuante em diversos produtos - Abela Cosmetics","isPartOf":{"@id":"https:\/\/artigos.abelacosmetics.com\/#website"},"primaryImageOfPage":{"@id":"https:\/\/artigos.abelacosmetics.com\/parafina\/#primaryimage"},"image":{"@id":"https:\/\/artigos.abelacosmetics.com\/parafina\/#primaryimage"},"thumbnailUrl":"https:\/\/artigos.abelacosmetics.com\/wp-content\/uploads\/2022\/09\/post-do-blog-7.png","datePublished":"2022-09-14T22:52:28+00:00","dateModified":"2023-01-05T20:59:49+00:00","description":"Voc\u00ea j\u00e1 ouviu falar na Parafina? Um componente utilizado em muitas f\u00f3rmulas capilares, mas traz malef\u00edcios escondidos. Entenda mais!","breadcrumb":{"@id":"https:\/\/artigos.abelacosmetics.com\/parafina\/#breadcrumb"},"inLanguage":"es","potentialAction":[{"@type":"ReadAction","target":["https:\/\/artigos.abelacosmetics.com\/parafina\/"]}]},{"@type":"ImageObject","inLanguage":"es","@id":"https:\/\/artigos.abelacosmetics.com\/parafina\/#primaryimage","url":"https:\/\/artigos.abelacosmetics.com\/wp-content\/uploads\/2022\/09\/post-do-blog-7.png","contentUrl":"https:\/\/artigos.abelacosmetics.com\/wp-content\/uploads\/2022\/09\/post-do-blog-7.png","width":850,"height":430},{"@type":"BreadcrumbList","@id":"https:\/\/artigos.abelacosmetics.com\/parafina\/#breadcrumb","itemListElement":[{"@type":"ListItem","position":1,"name":"In\u00edcio","item":"https:\/\/artigos.abelacosmetics.com\/"},{"@type":"ListItem","position":2,"name":"Parafina: entenda mais sobre esse ingrediente atuante em diversos produtos"}]},{"@type":"WebSite","@id":"https:\/\/artigos.abelacosmetics.com\/#website","url":"https:\/\/artigos.abelacosmetics.com\/","name":"Abela Cosmetics","description":"Cuidados para Cabelos \u00danicos","publisher":{"@id":"https:\/\/artigos.abelacosmetics.com\/#organization"},"potentialAction":[{"@type":"SearchAction","target":{"@type":"EntryPoint","urlTemplate":"https:\/\/artigos.abelacosmetics.com\/?s={search_term_string}"},"query-input":{"@type":"PropertyValueSpecification","valueRequired":true,"valueName":"search_term_string"}}],"inLanguage":"es"},{"@type":"Organization","@id":"https:\/\/artigos.abelacosmetics.com\/#organization","name":"Abela Cosmetics","url":"https:\/\/artigos.abelacosmetics.com\/","logo":{"@type":"ImageObject","inLanguage":"es","@id":"https:\/\/artigos.abelacosmetics.com\/#\/schema\/logo\/image\/","url":"https:\/\/artigos.abelacosmetics.com\/wp-content\/uploads\/2023\/02\/logo-abela.png","contentUrl":"https:\/\/artigos.abelacosmetics.com\/wp-content\/uploads\/2023\/02\/logo-abela.png","width":183,"height":90,"caption":"Abela Cosmetics"},"image":{"@id":"https:\/\/artigos.abelacosmetics.com\/#\/schema\/logo\/image\/"},"sameAs":["https:\/\/www.facebook.com\/abelacosmetics"]},{"@type":"Person","@id":"https:\/\/artigos.abelacosmetics.com\/#\/schema\/person\/675710be590edb47293978092f4e20f4","name":"admin","image":{"@type":"ImageObject","inLanguage":"es","@id":"https:\/\/artigos.abelacosmetics.com\/#\/schema\/person\/image\/","url":"https:\/\/secure.gravatar.com\/avatar\/ce9ccc2de538d30bcc33874c5a730e8e078e64fce402cb3cf0668a7439a0e654?s=96&d=mm&r=g","contentUrl":"https:\/\/secure.gravatar.com\/avatar\/ce9ccc2de538d30bcc33874c5a730e8e078e64fce402cb3cf0668a7439a0e654?s=96&d=mm&r=g","caption":"admin"},"sameAs":["http:\/\/localhost\/abela-cosmetic"],"url":"https:\/\/artigos.abelacosmetics.com\/es\/author\/admin\/"}]}},"_links":{"self":[{"href":"https:\/\/artigos.abelacosmetics.com\/es\/wp-json\/wp\/v2\/posts\/1281","targetHints":{"allow":["GET"]}}],"collection":[{"href":"https:\/\/artigos.abelacosmetics.com\/es\/wp-json\/wp\/v2\/posts"}],"about":[{"href":"https:\/\/artigos.abelacosmetics.com\/es\/wp-json\/wp\/v2\/types\/post"}],"author":[{"embeddable":true,"href":"https:\/\/artigos.abelacosmetics.com\/es\/wp-json\/wp\/v2\/users\/1"}],"replies":[{"embeddable":true,"href":"https:\/\/artigos.abelacosmetics.com\/es\/wp-json\/wp\/v2\/comments?post=1281"}],"version-history":[{"count":5,"href":"https:\/\/artigos.abelacosmetics.com\/es\/wp-json\/wp\/v2\/posts\/1281\/revisions"}],"predecessor-version":[{"id":2243,"href":"https:\/\/artigos.abelacosmetics.com\/es\/wp-json\/wp\/v2\/posts\/1281\/revisions\/2243"}],"wp:featuredmedia":[{"embeddable":true,"href":"https:\/\/artigos.abelacosmetics.com\/es\/wp-json\/wp\/v2\/media\/1289"}],"wp:attachment":[{"href":"https:\/\/artigos.abelacosmetics.com\/es\/wp-json\/wp\/v2\/media?parent=1281"}],"wp:term":[{"taxonomy":"category","embeddable":true,"href":"https:\/\/artigos.abelacosmetics.com\/es\/wp-json\/wp\/v2\/categories?post=1281"},{"taxonomy":"post_tag","embeddable":true,"href":"https:\/\/artigos.abelacosmetics.com\/es\/wp-json\/wp\/v2\/tags?post=1281"}],"curies":[{"name":"wp","href":"https:\/\/api.w.org\/{rel}","templated":true}]}}