{"id":1272,"date":"2022-09-13T18:28:15","date_gmt":"2022-09-13T21:28:15","guid":{"rendered":"https:\/\/artigos.abelacosmetics.com\/?p=1272"},"modified":"2023-01-05T17:59:56","modified_gmt":"2023-01-05T20:59:56","slug":"espessura-capilar","status":"publish","type":"post","link":"https:\/\/artigos.abelacosmetics.com\/es\/espessura-capilar\/","title":{"rendered":"Aprenda a identificar a espessura capilar"},"content":{"rendered":"<p>&nbsp;<\/p>\n<p>&nbsp;<\/p>\n<p>Cabelos m\u00e9dios, finos ou grossos? Essas s\u00e3o algumas das poss\u00edveis caracter\u00edsticas do seu cabelo e \u00e9 interessante que voc\u00ea saiba identific\u00e1-las, para que assim, consiga buscar tratamentos e cortes adequados.<\/p>\n<p>&nbsp;<\/p>\n<audio class=\"wp-audio-shortcode\" id=\"audio-1272-1\" preload=\"none\" style=\"width: 100%;\" controls=\"controls\"><source type=\"audio\/mpeg\" src=\"https:\/\/artigos.abelacosmetics.com\/wp-content\/uploads\/2022\/09\/Aprenda-a-identificar-a-espessura-capilar-1.mp3?_=1\" \/><a href=\"https:\/\/artigos.abelacosmetics.com\/wp-content\/uploads\/2022\/09\/Aprenda-a-identificar-a-espessura-capilar-1.mp3\">https:\/\/artigos.abelacosmetics.com\/wp-content\/uploads\/2022\/09\/Aprenda-a-identificar-a-espessura-capilar-1.mp3<\/a><\/audio>\n<p>&nbsp;<\/p>\n<p>Primeiramente, para saber qual dessas caracter\u00edsticas se assemelham mais com o seu cabelo, \u00e9 necess\u00e1rio que voc\u00ea saiba qual a sua espessura capilar.<\/p>\n<p><img loading=\"lazy\" decoding=\"async\" class=\"alignnone wp-image-1273\" src=\"https:\/\/artigos.abelacosmetics.com\/wp-content\/uploads\/2022\/09\/1-1-300x169.jpg\" alt=\"\" width=\"717\" height=\"404\" srcset=\"https:\/\/artigos.abelacosmetics.com\/wp-content\/uploads\/2022\/09\/1-1-300x169.jpg 300w, https:\/\/artigos.abelacosmetics.com\/wp-content\/uploads\/2022\/09\/1-1-1024x576.jpg 1024w, https:\/\/artigos.abelacosmetics.com\/wp-content\/uploads\/2022\/09\/1-1-768x432.jpg 768w, https:\/\/artigos.abelacosmetics.com\/wp-content\/uploads\/2022\/09\/1-1-1536x864.jpg 1536w, https:\/\/artigos.abelacosmetics.com\/wp-content\/uploads\/2022\/09\/1-1-18x10.jpg 18w, https:\/\/artigos.abelacosmetics.com\/wp-content\/uploads\/2022\/09\/1-1.jpg 1920w\" sizes=\"auto, (max-width: 717px) 100vw, 717px\" \/><\/p>\n<p>No artigo de hoje, vamos te ajudar nesse processo e dar algumas dicas de formas de tratamento.<\/p>\n<p>Fique ligada!<\/p>\n<p><strong>Cabelos finos, m\u00e9dios ou grossos? <\/strong><\/p>\n<p>Caracter\u00edsticas gen\u00e9ticas e \u00e9tnicas s\u00e3o os principais fatores para defini\u00e7\u00e3o da espessura capilar de uma pessoa.<\/p>\n<p>Alguns povos t\u00eam, em sua maioria, fios mais finos, como os europeus &#8211; tanto os europeus, quanto seus descendentes t\u00eam fios com espessura entre 0,04 a 0,01mm &#8211; que crescem com uma velocidade maior. J\u00e1, no caso dos brasileiros, \u00e9 imposs\u00edvel encontrar uma regra baseada na maioria, por conta da miscigena\u00e7\u00e3o existente durante a forma\u00e7\u00e3o do pa\u00eds. Sendo assim, para analisar a espessura capilar dos brasileiros \u00e9 necess\u00e1rio observar o tipo de fio, a cor e a textura &#8211; ou seja, analisar de maneira individual.<\/p>\n<p><img loading=\"lazy\" decoding=\"async\" class=\"alignnone wp-image-1274\" src=\"https:\/\/artigos.abelacosmetics.com\/wp-content\/uploads\/2022\/09\/2-1-300x169.jpg\" alt=\"\" width=\"715\" height=\"403\" srcset=\"https:\/\/artigos.abelacosmetics.com\/wp-content\/uploads\/2022\/09\/2-1-300x169.jpg 300w, https:\/\/artigos.abelacosmetics.com\/wp-content\/uploads\/2022\/09\/2-1-1024x576.jpg 1024w, https:\/\/artigos.abelacosmetics.com\/wp-content\/uploads\/2022\/09\/2-1-768x432.jpg 768w, https:\/\/artigos.abelacosmetics.com\/wp-content\/uploads\/2022\/09\/2-1-1536x864.jpg 1536w, https:\/\/artigos.abelacosmetics.com\/wp-content\/uploads\/2022\/09\/2-1-18x10.jpg 18w, https:\/\/artigos.abelacosmetics.com\/wp-content\/uploads\/2022\/09\/2-1.jpg 1920w\" sizes=\"auto, (max-width: 715px) 100vw, 715px\" \/><\/p>\n<p><strong>Cabelos finos <\/strong><\/p>\n<p>Geralmente, esse tipo de cabelo costuma ser mais fr\u00e1gil do que os demais e se caracteriza pela possibilidade de rompimento assim que esticado.<\/p>\n<p>Para o tratamento com cabelos finos, \u00e9 interessante investir em finalizadores mais leves que deem volume e ajudem a texturizar as madeixas, tornando o cabelo mais encorpado.<\/p>\n<p><img loading=\"lazy\" decoding=\"async\" class=\"alignnone wp-image-1275\" src=\"https:\/\/artigos.abelacosmetics.com\/wp-content\/uploads\/2022\/09\/3-1-300x169.jpg\" alt=\"\" width=\"721\" height=\"406\" srcset=\"https:\/\/artigos.abelacosmetics.com\/wp-content\/uploads\/2022\/09\/3-1-300x169.jpg 300w, https:\/\/artigos.abelacosmetics.com\/wp-content\/uploads\/2022\/09\/3-1-1024x576.jpg 1024w, https:\/\/artigos.abelacosmetics.com\/wp-content\/uploads\/2022\/09\/3-1-768x432.jpg 768w, https:\/\/artigos.abelacosmetics.com\/wp-content\/uploads\/2022\/09\/3-1-1536x864.jpg 1536w, https:\/\/artigos.abelacosmetics.com\/wp-content\/uploads\/2022\/09\/3-1-18x10.jpg 18w, https:\/\/artigos.abelacosmetics.com\/wp-content\/uploads\/2022\/09\/3-1.jpg 1920w\" sizes=\"auto, (max-width: 721px) 100vw, 721px\" \/><\/p>\n<p><strong>Cabelos m\u00e9dios <\/strong><\/p>\n<p>Os cabelos m\u00e9dios s\u00e3o aqueles que ficam entre os finos e os grossos. Nem t\u00e3o finos, nem t\u00e3o grossos.<\/p>\n<p>Eles t\u00eam como caracter\u00edstica uma forma mais estruturada, mas n\u00e3o t\u00e3o firme quanto a dos cabelos grossos. Por isso, \u00e9 interessante hidrat\u00e1-lo constantemente e escolher produtos que preservem a espessura capilar.<\/p>\n<p><img loading=\"lazy\" decoding=\"async\" class=\"alignnone wp-image-1276\" src=\"https:\/\/artigos.abelacosmetics.com\/wp-content\/uploads\/2022\/09\/4-1-300x169.jpg\" alt=\"\" width=\"721\" height=\"406\" srcset=\"https:\/\/artigos.abelacosmetics.com\/wp-content\/uploads\/2022\/09\/4-1-300x169.jpg 300w, https:\/\/artigos.abelacosmetics.com\/wp-content\/uploads\/2022\/09\/4-1-1024x576.jpg 1024w, https:\/\/artigos.abelacosmetics.com\/wp-content\/uploads\/2022\/09\/4-1-768x432.jpg 768w, https:\/\/artigos.abelacosmetics.com\/wp-content\/uploads\/2022\/09\/4-1-1536x864.jpg 1536w, https:\/\/artigos.abelacosmetics.com\/wp-content\/uploads\/2022\/09\/4-1-18x10.jpg 18w, https:\/\/artigos.abelacosmetics.com\/wp-content\/uploads\/2022\/09\/4-1.jpg 1920w\" sizes=\"auto, (max-width: 721px) 100vw, 721px\" \/><\/p>\n<p><strong>Cabelos grossos <\/strong><\/p>\n<p>J\u00e1 no caso dos cabelos grossos, estes s\u00e3o caracterizados por serem bem estruturados, firmes e amantes dos famosos frizz. Ou seja, \u00e9 interessante optar por produtos que garantam uma boa hidrata\u00e7\u00e3o e que ajude a controlar os fios indisciplinados.<\/p>\n<p>Al\u00e9m desses produtos, uma t\u00e9cnica de texturiza\u00e7\u00e3o, denominada Plopping, \u00e9 muito indicada para quem tem cabelos cacheados ou crespos. O Plopping \u00e9 um m\u00e9todo de secagem dos cabelos de forma r\u00e1pida e simples, visando ativar o formato natural dos fios e assim, reduzir o frizz. Confira no nosso site um pouco mais sobre essa t\u00e9cnica.<\/p>\n<p>Vale ressaltar que, n\u00e3o utilizar a toalha de banho convencional pode ajudar no controle de frizz. A toalha gera atrito nos fios, possibilitando assim o aparecimento desses fios indisciplinados. Opte sempre por toalhas de algod\u00e3o ou microfibra, mas, caso n\u00e3o tenha, pode utilizar uma camisa, tamb\u00e9m de algod\u00e3o.<\/p>\n<p><img loading=\"lazy\" decoding=\"async\" class=\"alignnone wp-image-1278\" src=\"https:\/\/artigos.abelacosmetics.com\/wp-content\/uploads\/2022\/09\/blog-design-curto-1-300x300.png\" alt=\"\" width=\"408\" height=\"408\" srcset=\"https:\/\/artigos.abelacosmetics.com\/wp-content\/uploads\/2022\/09\/blog-design-curto-1-300x300.png 300w, https:\/\/artigos.abelacosmetics.com\/wp-content\/uploads\/2022\/09\/blog-design-curto-1-150x150.png 150w, https:\/\/artigos.abelacosmetics.com\/wp-content\/uploads\/2022\/09\/blog-design-curto-1-768x768.png 768w, https:\/\/artigos.abelacosmetics.com\/wp-content\/uploads\/2022\/09\/blog-design-curto-1-12x12.png 12w, https:\/\/artigos.abelacosmetics.com\/wp-content\/uploads\/2022\/09\/blog-design-curto-1.png 1000w\" sizes=\"auto, (max-width: 408px) 100vw, 408px\" \/><\/p>\n<p>E a\u00ed, o que achou do nosso artigo sobre espessura capilar? \u00c9 importante conseguir identificar essa caracter\u00edstica nos fios do cabelo para escolher os produtos certos e assim, manter seu cabelo bem saud\u00e1vel e bonito.<\/p>\n<p><img loading=\"lazy\" decoding=\"async\" class=\"alignnone wp-image-1277\" src=\"https:\/\/artigos.abelacosmetics.com\/wp-content\/uploads\/2022\/09\/5-1-300x169.jpg\" alt=\"\" width=\"1054\" height=\"594\" srcset=\"https:\/\/artigos.abelacosmetics.com\/wp-content\/uploads\/2022\/09\/5-1-300x169.jpg 300w, https:\/\/artigos.abelacosmetics.com\/wp-content\/uploads\/2022\/09\/5-1-1024x576.jpg 1024w, https:\/\/artigos.abelacosmetics.com\/wp-content\/uploads\/2022\/09\/5-1-768x432.jpg 768w, https:\/\/artigos.abelacosmetics.com\/wp-content\/uploads\/2022\/09\/5-1-1536x864.jpg 1536w, https:\/\/artigos.abelacosmetics.com\/wp-content\/uploads\/2022\/09\/5-1-18x10.jpg 18w, https:\/\/artigos.abelacosmetics.com\/wp-content\/uploads\/2022\/09\/5-1.jpg 1920w\" sizes=\"auto, (max-width: 1054px) 100vw, 1054px\" \/><\/p>","protected":false},"excerpt":{"rendered":"<p>&nbsp; &nbsp; Cabelos m\u00e9dios, finos ou grossos? Essas s\u00e3o algumas das poss\u00edveis caracter\u00edsticas do seu cabelo e \u00e9 interessante que voc\u00ea saiba identific\u00e1-las, para que assim, consiga buscar tratamentos e cortes adequados. &nbsp; &nbsp; Primeiramente, para saber qual dessas caracter\u00edsticas se assemelham mais com o seu cabelo, \u00e9 necess\u00e1rio que voc\u00ea saiba qual a sua [&hellip;]<\/p>","protected":false},"author":1,"featured_media":1279,"comment_status":"open","ping_status":"open","sticky":false,"template":"","format":"standard","meta":{"_acf_changed":false,"_mo_disable_npp":"","inline_featured_image":false,"footnotes":""},"categories":[32,30],"tags":[],"class_list":["post-1272","post","type-post","status-publish","format-standard","has-post-thumbnail","hentry","category-informacoes","category-conheca-seus-cabelos"],"acf":[],"yoast_head":"<!-- This site is optimized with the Yoast SEO Premium plugin v19.2.1 (Yoast SEO v26.9) - https:\/\/yoast.com\/product\/yoast-seo-premium-wordpress\/ -->\n<title>Aprenda a identificar a espessura capilar - Abela Cosmetics<\/title>\n<meta name=\"description\" content=\"Venha conferir como identificar a espessura capilar e descobrir se voc\u00ea tem cabelos finos, m\u00e9dios ou grossos.\" \/>\n<meta name=\"robots\" content=\"index, follow, max-snippet:-1, max-image-preview:large, max-video-preview:-1\" \/>\n<link rel=\"canonical\" href=\"https:\/\/artigos.abelacosmetics.com\/es\/espessura-capilar\/\" \/>\n<meta property=\"og:locale\" content=\"es_ES\" \/>\n<meta property=\"og:type\" content=\"article\" \/>\n<meta property=\"og:title\" content=\"Aprenda a identificar a espessura capilar\" \/>\n<meta property=\"og:description\" content=\"Venha conferir como identificar a espessura capilar e descobrir se voc\u00ea tem cabelos finos, m\u00e9dios ou grossos.\" \/>\n<meta property=\"og:url\" content=\"https:\/\/artigos.abelacosmetics.com\/es\/espessura-capilar\/\" \/>\n<meta property=\"og:site_name\" content=\"Abela Cosmetics\" \/>\n<meta property=\"article:publisher\" content=\"https:\/\/www.facebook.com\/abelacosmetics\" \/>\n<meta property=\"article:published_time\" content=\"2022-09-13T21:28:15+00:00\" \/>\n<meta property=\"article:modified_time\" content=\"2023-01-05T20:59:56+00:00\" \/>\n<meta property=\"og:image\" content=\"https:\/\/artigos.abelacosmetics.com\/wp-content\/uploads\/2022\/09\/post-do-blog-6.png\" \/>\n\t<meta property=\"og:image:width\" content=\"850\" \/>\n\t<meta property=\"og:image:height\" content=\"430\" \/>\n\t<meta property=\"og:image:type\" content=\"image\/png\" \/>\n<meta name=\"author\" content=\"admin\" \/>\n<meta name=\"twitter:card\" content=\"summary_large_image\" \/>\n<meta name=\"twitter:label1\" content=\"Escrito por\" \/>\n\t<meta name=\"twitter:data1\" content=\"admin\" \/>\n\t<meta name=\"twitter:label2\" content=\"Tiempo de lectura\" \/>\n\t<meta name=\"twitter:data2\" content=\"4 minutos\" \/>\n<script type=\"application\/ld+json\" class=\"yoast-schema-graph\">{\"@context\":\"https:\/\/schema.org\",\"@graph\":[{\"@type\":\"Article\",\"@id\":\"https:\/\/artigos.abelacosmetics.com\/espessura-capilar\/#article\",\"isPartOf\":{\"@id\":\"https:\/\/artigos.abelacosmetics.com\/espessura-capilar\/\"},\"author\":{\"name\":\"admin\",\"@id\":\"https:\/\/artigos.abelacosmetics.com\/#\/schema\/person\/675710be590edb47293978092f4e20f4\"},\"headline\":\"Aprenda a identificar a espessura capilar\",\"datePublished\":\"2022-09-13T21:28:15+00:00\",\"dateModified\":\"2023-01-05T20:59:56+00:00\",\"mainEntityOfPage\":{\"@id\":\"https:\/\/artigos.abelacosmetics.com\/espessura-capilar\/\"},\"wordCount\":516,\"commentCount\":0,\"publisher\":{\"@id\":\"https:\/\/artigos.abelacosmetics.com\/#organization\"},\"image\":{\"@id\":\"https:\/\/artigos.abelacosmetics.com\/espessura-capilar\/#primaryimage\"},\"thumbnailUrl\":\"https:\/\/artigos.abelacosmetics.com\/wp-content\/uploads\/2022\/09\/post-do-blog-6.png\",\"articleSection\":[\"Informa\u00e7\u00f5es\",\"Conhe\u00e7a seus cabelos\"],\"inLanguage\":\"es\",\"potentialAction\":[{\"@type\":\"CommentAction\",\"name\":\"Comment\",\"target\":[\"https:\/\/artigos.abelacosmetics.com\/espessura-capilar\/#respond\"]}]},{\"@type\":\"WebPage\",\"@id\":\"https:\/\/artigos.abelacosmetics.com\/espessura-capilar\/\",\"url\":\"https:\/\/artigos.abelacosmetics.com\/espessura-capilar\/\",\"name\":\"Aprenda a identificar a espessura capilar - Abela Cosmetics\",\"isPartOf\":{\"@id\":\"https:\/\/artigos.abelacosmetics.com\/#website\"},\"primaryImageOfPage\":{\"@id\":\"https:\/\/artigos.abelacosmetics.com\/espessura-capilar\/#primaryimage\"},\"image\":{\"@id\":\"https:\/\/artigos.abelacosmetics.com\/espessura-capilar\/#primaryimage\"},\"thumbnailUrl\":\"https:\/\/artigos.abelacosmetics.com\/wp-content\/uploads\/2022\/09\/post-do-blog-6.png\",\"datePublished\":\"2022-09-13T21:28:15+00:00\",\"dateModified\":\"2023-01-05T20:59:56+00:00\",\"description\":\"Venha conferir como identificar a espessura capilar e descobrir se voc\u00ea tem cabelos finos, m\u00e9dios ou grossos.\",\"breadcrumb\":{\"@id\":\"https:\/\/artigos.abelacosmetics.com\/espessura-capilar\/#breadcrumb\"},\"inLanguage\":\"es\",\"potentialAction\":[{\"@type\":\"ReadAction\",\"target\":[\"https:\/\/artigos.abelacosmetics.com\/espessura-capilar\/\"]}]},{\"@type\":\"ImageObject\",\"inLanguage\":\"es\",\"@id\":\"https:\/\/artigos.abelacosmetics.com\/espessura-capilar\/#primaryimage\",\"url\":\"https:\/\/artigos.abelacosmetics.com\/wp-content\/uploads\/2022\/09\/post-do-blog-6.png\",\"contentUrl\":\"https:\/\/artigos.abelacosmetics.com\/wp-content\/uploads\/2022\/09\/post-do-blog-6.png\",\"width\":850,\"height\":430},{\"@type\":\"BreadcrumbList\",\"@id\":\"https:\/\/artigos.abelacosmetics.com\/espessura-capilar\/#breadcrumb\",\"itemListElement\":[{\"@type\":\"ListItem\",\"position\":1,\"name\":\"In\u00edcio\",\"item\":\"https:\/\/artigos.abelacosmetics.com\/\"},{\"@type\":\"ListItem\",\"position\":2,\"name\":\"Aprenda a identificar a espessura capilar\"}]},{\"@type\":\"WebSite\",\"@id\":\"https:\/\/artigos.abelacosmetics.com\/#website\",\"url\":\"https:\/\/artigos.abelacosmetics.com\/\",\"name\":\"Abela Cosmetics\",\"description\":\"Cuidados para Cabelos \u00danicos\",\"publisher\":{\"@id\":\"https:\/\/artigos.abelacosmetics.com\/#organization\"},\"potentialAction\":[{\"@type\":\"SearchAction\",\"target\":{\"@type\":\"EntryPoint\",\"urlTemplate\":\"https:\/\/artigos.abelacosmetics.com\/?s={search_term_string}\"},\"query-input\":{\"@type\":\"PropertyValueSpecification\",\"valueRequired\":true,\"valueName\":\"search_term_string\"}}],\"inLanguage\":\"es\"},{\"@type\":\"Organization\",\"@id\":\"https:\/\/artigos.abelacosmetics.com\/#organization\",\"name\":\"Abela Cosmetics\",\"url\":\"https:\/\/artigos.abelacosmetics.com\/\",\"logo\":{\"@type\":\"ImageObject\",\"inLanguage\":\"es\",\"@id\":\"https:\/\/artigos.abelacosmetics.com\/#\/schema\/logo\/image\/\",\"url\":\"https:\/\/artigos.abelacosmetics.com\/wp-content\/uploads\/2023\/02\/logo-abela.png\",\"contentUrl\":\"https:\/\/artigos.abelacosmetics.com\/wp-content\/uploads\/2023\/02\/logo-abela.png\",\"width\":183,\"height\":90,\"caption\":\"Abela Cosmetics\"},\"image\":{\"@id\":\"https:\/\/artigos.abelacosmetics.com\/#\/schema\/logo\/image\/\"},\"sameAs\":[\"https:\/\/www.facebook.com\/abelacosmetics\"]},{\"@type\":\"Person\",\"@id\":\"https:\/\/artigos.abelacosmetics.com\/#\/schema\/person\/675710be590edb47293978092f4e20f4\",\"name\":\"admin\",\"image\":{\"@type\":\"ImageObject\",\"inLanguage\":\"es\",\"@id\":\"https:\/\/artigos.abelacosmetics.com\/#\/schema\/person\/image\/\",\"url\":\"https:\/\/secure.gravatar.com\/avatar\/ce9ccc2de538d30bcc33874c5a730e8e078e64fce402cb3cf0668a7439a0e654?s=96&d=mm&r=g\",\"contentUrl\":\"https:\/\/secure.gravatar.com\/avatar\/ce9ccc2de538d30bcc33874c5a730e8e078e64fce402cb3cf0668a7439a0e654?s=96&d=mm&r=g\",\"caption\":\"admin\"},\"sameAs\":[\"http:\/\/localhost\/abela-cosmetic\"],\"url\":\"https:\/\/artigos.abelacosmetics.com\/es\/author\/admin\/\"}]}<\/script>\n<!-- \/ Yoast SEO Premium plugin. -->","yoast_head_json":{"title":"Aprenda a identificar a espessura capilar - Abela Cosmetics","description":"Venha conferir como identificar a espessura capilar e descobrir se voc\u00ea tem cabelos finos, m\u00e9dios ou grossos.","robots":{"index":"index","follow":"follow","max-snippet":"max-snippet:-1","max-image-preview":"max-image-preview:large","max-video-preview":"max-video-preview:-1"},"canonical":"https:\/\/artigos.abelacosmetics.com\/es\/espessura-capilar\/","og_locale":"es_ES","og_type":"article","og_title":"Aprenda a identificar a espessura capilar","og_description":"Venha conferir como identificar a espessura capilar e descobrir se voc\u00ea tem cabelos finos, m\u00e9dios ou grossos.","og_url":"https:\/\/artigos.abelacosmetics.com\/es\/espessura-capilar\/","og_site_name":"Abela Cosmetics","article_publisher":"https:\/\/www.facebook.com\/abelacosmetics","article_published_time":"2022-09-13T21:28:15+00:00","article_modified_time":"2023-01-05T20:59:56+00:00","og_image":[{"width":850,"height":430,"url":"https:\/\/artigos.abelacosmetics.com\/wp-content\/uploads\/2022\/09\/post-do-blog-6.png","type":"image\/png"}],"author":"admin","twitter_card":"summary_large_image","twitter_misc":{"Escrito por":"admin","Tiempo de lectura":"4 minutos"},"schema":{"@context":"https:\/\/schema.org","@graph":[{"@type":"Article","@id":"https:\/\/artigos.abelacosmetics.com\/espessura-capilar\/#article","isPartOf":{"@id":"https:\/\/artigos.abelacosmetics.com\/espessura-capilar\/"},"author":{"name":"admin","@id":"https:\/\/artigos.abelacosmetics.com\/#\/schema\/person\/675710be590edb47293978092f4e20f4"},"headline":"Aprenda a identificar a espessura capilar","datePublished":"2022-09-13T21:28:15+00:00","dateModified":"2023-01-05T20:59:56+00:00","mainEntityOfPage":{"@id":"https:\/\/artigos.abelacosmetics.com\/espessura-capilar\/"},"wordCount":516,"commentCount":0,"publisher":{"@id":"https:\/\/artigos.abelacosmetics.com\/#organization"},"image":{"@id":"https:\/\/artigos.abelacosmetics.com\/espessura-capilar\/#primaryimage"},"thumbnailUrl":"https:\/\/artigos.abelacosmetics.com\/wp-content\/uploads\/2022\/09\/post-do-blog-6.png","articleSection":["Informa\u00e7\u00f5es","Conhe\u00e7a seus cabelos"],"inLanguage":"es","potentialAction":[{"@type":"CommentAction","name":"Comment","target":["https:\/\/artigos.abelacosmetics.com\/espessura-capilar\/#respond"]}]},{"@type":"WebPage","@id":"https:\/\/artigos.abelacosmetics.com\/espessura-capilar\/","url":"https:\/\/artigos.abelacosmetics.com\/espessura-capilar\/","name":"Aprenda a identificar a espessura capilar - Abela Cosmetics","isPartOf":{"@id":"https:\/\/artigos.abelacosmetics.com\/#website"},"primaryImageOfPage":{"@id":"https:\/\/artigos.abelacosmetics.com\/espessura-capilar\/#primaryimage"},"image":{"@id":"https:\/\/artigos.abelacosmetics.com\/espessura-capilar\/#primaryimage"},"thumbnailUrl":"https:\/\/artigos.abelacosmetics.com\/wp-content\/uploads\/2022\/09\/post-do-blog-6.png","datePublished":"2022-09-13T21:28:15+00:00","dateModified":"2023-01-05T20:59:56+00:00","description":"Venha conferir como identificar a espessura capilar e descobrir se voc\u00ea tem cabelos finos, m\u00e9dios ou grossos.","breadcrumb":{"@id":"https:\/\/artigos.abelacosmetics.com\/espessura-capilar\/#breadcrumb"},"inLanguage":"es","potentialAction":[{"@type":"ReadAction","target":["https:\/\/artigos.abelacosmetics.com\/espessura-capilar\/"]}]},{"@type":"ImageObject","inLanguage":"es","@id":"https:\/\/artigos.abelacosmetics.com\/espessura-capilar\/#primaryimage","url":"https:\/\/artigos.abelacosmetics.com\/wp-content\/uploads\/2022\/09\/post-do-blog-6.png","contentUrl":"https:\/\/artigos.abelacosmetics.com\/wp-content\/uploads\/2022\/09\/post-do-blog-6.png","width":850,"height":430},{"@type":"BreadcrumbList","@id":"https:\/\/artigos.abelacosmetics.com\/espessura-capilar\/#breadcrumb","itemListElement":[{"@type":"ListItem","position":1,"name":"In\u00edcio","item":"https:\/\/artigos.abelacosmetics.com\/"},{"@type":"ListItem","position":2,"name":"Aprenda a identificar a espessura capilar"}]},{"@type":"WebSite","@id":"https:\/\/artigos.abelacosmetics.com\/#website","url":"https:\/\/artigos.abelacosmetics.com\/","name":"Abela Cosmetics","description":"Cuidados para Cabelos \u00danicos","publisher":{"@id":"https:\/\/artigos.abelacosmetics.com\/#organization"},"potentialAction":[{"@type":"SearchAction","target":{"@type":"EntryPoint","urlTemplate":"https:\/\/artigos.abelacosmetics.com\/?s={search_term_string}"},"query-input":{"@type":"PropertyValueSpecification","valueRequired":true,"valueName":"search_term_string"}}],"inLanguage":"es"},{"@type":"Organization","@id":"https:\/\/artigos.abelacosmetics.com\/#organization","name":"Abela Cosmetics","url":"https:\/\/artigos.abelacosmetics.com\/","logo":{"@type":"ImageObject","inLanguage":"es","@id":"https:\/\/artigos.abelacosmetics.com\/#\/schema\/logo\/image\/","url":"https:\/\/artigos.abelacosmetics.com\/wp-content\/uploads\/2023\/02\/logo-abela.png","contentUrl":"https:\/\/artigos.abelacosmetics.com\/wp-content\/uploads\/2023\/02\/logo-abela.png","width":183,"height":90,"caption":"Abela Cosmetics"},"image":{"@id":"https:\/\/artigos.abelacosmetics.com\/#\/schema\/logo\/image\/"},"sameAs":["https:\/\/www.facebook.com\/abelacosmetics"]},{"@type":"Person","@id":"https:\/\/artigos.abelacosmetics.com\/#\/schema\/person\/675710be590edb47293978092f4e20f4","name":"admin","image":{"@type":"ImageObject","inLanguage":"es","@id":"https:\/\/artigos.abelacosmetics.com\/#\/schema\/person\/image\/","url":"https:\/\/secure.gravatar.com\/avatar\/ce9ccc2de538d30bcc33874c5a730e8e078e64fce402cb3cf0668a7439a0e654?s=96&d=mm&r=g","contentUrl":"https:\/\/secure.gravatar.com\/avatar\/ce9ccc2de538d30bcc33874c5a730e8e078e64fce402cb3cf0668a7439a0e654?s=96&d=mm&r=g","caption":"admin"},"sameAs":["http:\/\/localhost\/abela-cosmetic"],"url":"https:\/\/artigos.abelacosmetics.com\/es\/author\/admin\/"}]}},"_links":{"self":[{"href":"https:\/\/artigos.abelacosmetics.com\/es\/wp-json\/wp\/v2\/posts\/1272","targetHints":{"allow":["GET"]}}],"collection":[{"href":"https:\/\/artigos.abelacosmetics.com\/es\/wp-json\/wp\/v2\/posts"}],"about":[{"href":"https:\/\/artigos.abelacosmetics.com\/es\/wp-json\/wp\/v2\/types\/post"}],"author":[{"embeddable":true,"href":"https:\/\/artigos.abelacosmetics.com\/es\/wp-json\/wp\/v2\/users\/1"}],"replies":[{"embeddable":true,"href":"https:\/\/artigos.abelacosmetics.com\/es\/wp-json\/wp\/v2\/comments?post=1272"}],"version-history":[{"count":3,"href":"https:\/\/artigos.abelacosmetics.com\/es\/wp-json\/wp\/v2\/posts\/1272\/revisions"}],"predecessor-version":[{"id":2244,"href":"https:\/\/artigos.abelacosmetics.com\/es\/wp-json\/wp\/v2\/posts\/1272\/revisions\/2244"}],"wp:featuredmedia":[{"embeddable":true,"href":"https:\/\/artigos.abelacosmetics.com\/es\/wp-json\/wp\/v2\/media\/1279"}],"wp:attachment":[{"href":"https:\/\/artigos.abelacosmetics.com\/es\/wp-json\/wp\/v2\/media?parent=1272"}],"wp:term":[{"taxonomy":"category","embeddable":true,"href":"https:\/\/artigos.abelacosmetics.com\/es\/wp-json\/wp\/v2\/categories?post=1272"},{"taxonomy":"post_tag","embeddable":true,"href":"https:\/\/artigos.abelacosmetics.com\/es\/wp-json\/wp\/v2\/tags?post=1272"}],"curies":[{"name":"wp","href":"https:\/\/api.w.org\/{rel}","templated":true}]}}