{"id":1257,"date":"2022-09-12T17:00:31","date_gmt":"2022-09-12T20:00:31","guid":{"rendered":"https:\/\/artigos.abelacosmetics.com\/?p=1257"},"modified":"2023-01-05T18:00:09","modified_gmt":"2023-01-05T21:00:09","slug":"colorir-cachos","status":"publish","type":"post","link":"https:\/\/artigos.abelacosmetics.com\/es\/colorir-cachos\/","title":{"rendered":"O que fazer para colorir seus cachos? Confira essas dicas!"},"content":{"rendered":"<p>&nbsp;<\/p>\n<p>&nbsp;<\/p>\n<p>Viva as cores!<\/p>\n<p>Colorir cachos muitas vezes causa apreens\u00e3o em algumas pessoas, pois t\u00eam medo do cabelo alisar e perderem suas curvas. De fato, \u00e9 necess\u00e1rio ter mais cuidado quando o assunto se refere \u00e0s cacheadas.<\/p>\n<p>&nbsp;<\/p>\n<audio class=\"wp-audio-shortcode\" id=\"audio-1257-1\" preload=\"none\" style=\"width: 100%;\" controls=\"controls\"><source type=\"audio\/mpeg\" src=\"https:\/\/artigos.abelacosmetics.com\/wp-content\/uploads\/2022\/09\/colorindo-os-cachos-1.mp3?_=1\" \/><a href=\"https:\/\/artigos.abelacosmetics.com\/wp-content\/uploads\/2022\/09\/colorindo-os-cachos-1.mp3\">https:\/\/artigos.abelacosmetics.com\/wp-content\/uploads\/2022\/09\/colorindo-os-cachos-1.mp3<\/a><\/audio>\n<p>&nbsp;<\/p>\n<p>Todavia, neste texto que a Abela Cosmetics traz algumas dicas de como colorir cabelo cacheado com seguran\u00e7a. Com essa ajuda, voc\u00ea n\u00e3o precisa se preocupar quanto ao processo de colora\u00e7\u00e3o dos cabelos cacheados se voc\u00ea se atentar \u00e0s orienta\u00e7\u00f5es. Siga a leitura e confira!<\/p>\n<p><img loading=\"lazy\" decoding=\"async\" class=\"alignnone wp-image-1990\" src=\"https:\/\/artigos.abelacosmetics.com\/wp-content\/uploads\/2022\/09\/3-10-300x169.png\" alt=\"\" width=\"435\" height=\"245\" srcset=\"https:\/\/artigos.abelacosmetics.com\/wp-content\/uploads\/2022\/09\/3-10-300x169.png 300w, https:\/\/artigos.abelacosmetics.com\/wp-content\/uploads\/2022\/09\/3-10-768x432.png 768w, https:\/\/artigos.abelacosmetics.com\/wp-content\/uploads\/2022\/09\/3-10-18x10.png 18w, https:\/\/artigos.abelacosmetics.com\/wp-content\/uploads\/2022\/09\/3-10.png 960w\" sizes=\"auto, (max-width: 435px) 100vw, 435px\" \/><\/p>\n<h2><strong>Cachos e colora\u00e7\u00e3o<\/strong><\/h2>\n<p>Ao pintar os cabelos, a composi\u00e7\u00e3o da tinta faz com que os fios se abram para que ocorra a altera\u00e7\u00e3o da pigmenta\u00e7\u00e3o. Por\u00e9m, isso pode fazer os fios perderem sua estrutura comum ao perder a massa.<\/p>\n<p>Isso facilita o processo de ressecamento do cabelo, al\u00e9m de faz\u00ea-lo perder o formato de cachos. Claro que, isso n\u00e3o acontece logo na primeira colora\u00e7\u00e3o, pois \u00e9 um processo gradativo, mas se realizar a tintura frequentemente, h\u00e1 possibilidades maiores de ir perdendo os cachos.<\/p>\n<p>Dessa forma, se torna importante que antes de colorir seus cachos, fa\u00e7a\u00a0 um processo de tratamento dos fios, para que ao aplicar as tintas eles estejam preparados para suportar a qu\u00edmica e demais procedimentos.<\/p>\n<p><img loading=\"lazy\" decoding=\"async\" class=\"alignnone wp-image-1993\" src=\"https:\/\/artigos.abelacosmetics.com\/wp-content\/uploads\/2022\/09\/6-5-300x169.png\" alt=\"\" width=\"446\" height=\"251\" srcset=\"https:\/\/artigos.abelacosmetics.com\/wp-content\/uploads\/2022\/09\/6-5-300x169.png 300w, https:\/\/artigos.abelacosmetics.com\/wp-content\/uploads\/2022\/09\/6-5-768x432.png 768w, https:\/\/artigos.abelacosmetics.com\/wp-content\/uploads\/2022\/09\/6-5-18x10.png 18w, https:\/\/artigos.abelacosmetics.com\/wp-content\/uploads\/2022\/09\/6-5.png 960w\" sizes=\"auto, (max-width: 446px) 100vw, 446px\" \/><\/p>\n<p>Algumas coisas interessantes para fazer e se lembrar antes de colorir seus cachos s\u00e3o:<\/p>\n<ul>\n<li>Menos \u00e9 mais para garantir melhores resultados a m\u00e9dio ou longo prazo.<\/li>\n<li>N\u00e3o permita comprometer sua sa\u00fade por causa da cor do cabelo.<\/li>\n<li>Experimente algumas extens\u00f5es para ver se gosta dos resultados ou n\u00e3o.<\/li>\n<li>Busque ter confian\u00e7a para a cor que deseja, pois fazer corre\u00e7\u00e3o pode prejudicar ainda mais os fios.<\/li>\n<li>Descolorante + per\u00f3xido de 40 volumes + calor pode resultar em queda de cabelo.<\/li>\n<li>Usar apenas \u00e1gua com alguma cor em p\u00f3 pode ressecar ainda mais o cabelo devido ao pH alto.<\/li>\n<li>Compre mais que uma caixa para n\u00e3o arriscar faltar e ficar parte do cabelo faltando colora\u00e7\u00e3o. Isso porque essas quantidades de tinta para colora\u00e7\u00e3o tem um padr\u00e3o para cabelos com pouco volume, e quem tem cabelo cacheado ou crespo costuma gostar de volume, ent\u00e3o essa pequena quantidade n\u00e3o \u00e9 suficiente para atingir o resultado de cor que deseja.<\/li>\n<\/ul>\n<p><img loading=\"lazy\" decoding=\"async\" class=\"alignnone wp-image-1992\" src=\"https:\/\/artigos.abelacosmetics.com\/wp-content\/uploads\/2022\/09\/5-7-300x169.png\" alt=\"\" width=\"451\" height=\"254\" srcset=\"https:\/\/artigos.abelacosmetics.com\/wp-content\/uploads\/2022\/09\/5-7-300x169.png 300w, https:\/\/artigos.abelacosmetics.com\/wp-content\/uploads\/2022\/09\/5-7-768x432.png 768w, https:\/\/artigos.abelacosmetics.com\/wp-content\/uploads\/2022\/09\/5-7-18x10.png 18w, https:\/\/artigos.abelacosmetics.com\/wp-content\/uploads\/2022\/09\/5-7.png 960w\" sizes=\"auto, (max-width: 451px) 100vw, 451px\" \/><\/p>\n<h3><strong>Dicas para colorir seu cabelo <\/strong><\/h3>\n<p>\u00c9 comum os cabelos terem alguns problemas, principalmente quando n\u00e3o tem costume de fazer cronograma capilar.<\/p>\n<p>Ent\u00e3o, \u00e9 essencial que voc\u00ea tente resolver todos os d\u00e9ficits capilares, por exemplo, queda, ressecamento, se estiver opaco, com porosidade e os fios quebrando facilmente. Tudo isso s\u00e3o problemas que precisam ser resolvidos antes de colorir seus cachos.<\/p>\n<p>Caso contr\u00e1rio, os fios n\u00e3o ir\u00e3o suportar o impacto qu\u00edmico e os resultados n\u00e3o ser\u00e3o satisfat\u00f3rios, al\u00e9m de ter o risco de acontecer um corte qu\u00edmico.<\/p>\n<p><img loading=\"lazy\" decoding=\"async\" class=\"alignnone wp-image-1258\" src=\"https:\/\/artigos.abelacosmetics.com\/wp-content\/uploads\/2022\/09\/11-3-300x169.png\" alt=\"\" width=\"454\" height=\"256\" srcset=\"https:\/\/artigos.abelacosmetics.com\/wp-content\/uploads\/2022\/09\/11-3-300x169.png 300w, https:\/\/artigos.abelacosmetics.com\/wp-content\/uploads\/2022\/09\/11-3-1024x576.png 1024w, https:\/\/artigos.abelacosmetics.com\/wp-content\/uploads\/2022\/09\/11-3-768x432.png 768w, https:\/\/artigos.abelacosmetics.com\/wp-content\/uploads\/2022\/09\/11-3-1536x864.png 1536w, https:\/\/artigos.abelacosmetics.com\/wp-content\/uploads\/2022\/09\/11-3-18x10.png 18w, https:\/\/artigos.abelacosmetics.com\/wp-content\/uploads\/2022\/09\/11-3.png 1920w\" sizes=\"auto, (max-width: 454px) 100vw, 454px\" \/><\/p>\n<h3><strong>Prepare seu cabelo para a colora\u00e7\u00e3o <\/strong><\/h3>\n<p>Outra dica importante para fazer antes de colorir seus cachos \u00e9 solicitar a um profissional um corte interessante, pois cortar os fios faz renov\u00e1-lo e tem um desempenho melhor. Por isso, busque um corte que atenda sua demanda di\u00e1ria, que facilite ou dificulte seu dia a dia. Al\u00e9m disso, veja um corte que combine com seu rosto para que escolha uma cor que fique bonita nesse corte e combine com seu tom de pele.<\/p>\n<p><img loading=\"lazy\" decoding=\"async\" class=\"alignnone wp-image-1991\" src=\"https:\/\/artigos.abelacosmetics.com\/wp-content\/uploads\/2022\/09\/4-10-300x169.png\" alt=\"\" width=\"440\" height=\"248\" srcset=\"https:\/\/artigos.abelacosmetics.com\/wp-content\/uploads\/2022\/09\/4-10-300x169.png 300w, https:\/\/artigos.abelacosmetics.com\/wp-content\/uploads\/2022\/09\/4-10-768x432.png 768w, https:\/\/artigos.abelacosmetics.com\/wp-content\/uploads\/2022\/09\/4-10-18x10.png 18w, https:\/\/artigos.abelacosmetics.com\/wp-content\/uploads\/2022\/09\/4-10.png 960w\" sizes=\"auto, (max-width: 440px) 100vw, 440px\" \/><\/p>\n<h3><strong>Tenha aten\u00e7\u00e3o aos clareamentos <\/strong><\/h3>\n<p>Clarear os cabelos pode danificar os cachos, ent\u00e3o \u00e9 essencial ter muito cuidado e aten\u00e7\u00e3o quando desejar dar uma iluminada em seus fios e ao manusear p\u00f3 descolorante, para que n\u00e3o tenha um clareamento muito forte e n\u00e3o estique bastante o cabelo.<\/p>\n<h3><strong>Escolha tonalizantes<\/strong><\/h3>\n<p>Tonalizantes costumam ser menos agressivos, pois n\u00e3o tem am\u00f4nia na composi\u00e7\u00e3o e a concentra\u00e7\u00e3o de \u00e1gua oxigenada tamb\u00e9m \u00e9 baixa, ent\u00e3o os riscos de perder a estrutura dos cachos \u00e9 muito menor, e seus cachos continuam <u><a href=\"https:\/\/artigos.abelacosmetics.com\/es\/9-dicas-para-manter-os-cabelos-saudaveis-no-verao\/\">saud\u00e1veis<\/a><\/u>.<\/p>\n<p><img loading=\"lazy\" decoding=\"async\" class=\"alignnone wp-image-1989\" src=\"https:\/\/artigos.abelacosmetics.com\/wp-content\/uploads\/2022\/09\/2-10-300x169.png\" alt=\"\" width=\"439\" height=\"247\" srcset=\"https:\/\/artigos.abelacosmetics.com\/wp-content\/uploads\/2022\/09\/2-10-300x169.png 300w, https:\/\/artigos.abelacosmetics.com\/wp-content\/uploads\/2022\/09\/2-10-768x432.png 768w, https:\/\/artigos.abelacosmetics.com\/wp-content\/uploads\/2022\/09\/2-10-18x10.png 18w, https:\/\/artigos.abelacosmetics.com\/wp-content\/uploads\/2022\/09\/2-10.png 960w\" sizes=\"auto, (max-width: 439px) 100vw, 439px\" \/><\/p>\n<h3><strong>Fa\u00e7a teste de mecha <\/strong><\/h3>\n<p>Fazer o teste de mecha \u00e9 essencial para qualquer procedimento qu\u00edmico nos cabelos, isso assegura que o produto que aplicar\u00e1 n\u00e3o causar\u00e1 problemas para seu cabelo.<\/p>\n<p>Ent\u00e3o, nunca esque\u00e7a de fazer o teste de mecha, pois al\u00e9m de saber o resultado da cor, tamb\u00e9m saber\u00e1 como ficar\u00e1 a estrutura dos seus cachos.<\/p>\n<h3><strong>Procure um profissional <\/strong><\/h3>\n<p>Um profissional tem as ferramentas ideais para cuidar bem do seu cabelo, no entanto, por ser cabelo cacheado ou crespo, \u00e9 essencial que procure um profissional especialista nesse tipo de cabelo, assim n\u00e3o correr\u00e1 tanto risco de ter a deforma\u00e7\u00e3o dos seus cachos.<\/p>\n<p>Al\u00e9m disso, o tratamento \u00e9 mais intenso, com produtos mais profissionais e o resultado por ser ainda melhor, sem correr os mesmos riscos se fizer a colora\u00e7\u00e3o sozinha.<\/p>\n<h3><strong>Fa\u00e7a hidrata\u00e7\u00e3o e repara\u00e7\u00e3o capital p\u00f3s colorir seus cachos <\/strong><\/h3>\n<p>Al\u00e9m dos cuidados antes de colorir seus cachos, \u00e9 essencial cuidar muito bem ap\u00f3s a colora\u00e7\u00e3o. Por isso, \u00e9 interessante intercalar entre a hidrata\u00e7\u00e3o e a repara\u00e7\u00e3o, pois assim evita o ressecamento, conserva o brilho por mais tempo e repara os poss\u00edveis danos que deixar\u00e3o os fios sempre mais fortes e resistentes.<\/p>\n<p>A <u><a href=\"https:\/\/artigos.abelacosmetics.com\/es\/por-que-cabelos-cacheados-e-crespos-precisam-de-mais-nutricao\/\">nutri\u00e7\u00e3o<\/a><\/u> \u00e9 fundamental para regenerar os fios, junto com os demais passos do cronograma capilar. Ent\u00e3o, busque por produtos que possam assegurar que seu cabelo estar\u00e1 saud\u00e1vel.<\/p>\n<p>Voc\u00ea pode conseguir tudo isso com os produtos da Abela Cosmetics, a qual tem linhas de produtos veganos e com as propriedades que seus fios precisam ap\u00f3s a colora\u00e7\u00e3o, al\u00e9m de garantir que a estrutura dos seus cachos ficar\u00e3o da mesma forma e ainda mais volumoso, brilhoso e saud\u00e1vel.<\/p>\n<p>Confira nosso site agora mesmo <u><a href=\"https:\/\/artigos.abelacosmetics.com\/es\/\">clicando aqui<\/a><\/u> e veja produtos que v\u00e3o deixar seus cabelos incr\u00edveis! Acesse tamb\u00e9m nosso blog para conferir outras dicas!<\/p>\n<p><img loading=\"lazy\" decoding=\"async\" class=\"alignnone wp-image-1988\" src=\"https:\/\/artigos.abelacosmetics.com\/wp-content\/uploads\/2022\/09\/1-11-300x169.png\" alt=\"\" width=\"872\" height=\"491\" srcset=\"https:\/\/artigos.abelacosmetics.com\/wp-content\/uploads\/2022\/09\/1-11-300x169.png 300w, https:\/\/artigos.abelacosmetics.com\/wp-content\/uploads\/2022\/09\/1-11-768x432.png 768w, https:\/\/artigos.abelacosmetics.com\/wp-content\/uploads\/2022\/09\/1-11-18x10.png 18w, https:\/\/artigos.abelacosmetics.com\/wp-content\/uploads\/2022\/09\/1-11.png 960w\" sizes=\"auto, (max-width: 872px) 100vw, 872px\" \/><\/p>","protected":false},"excerpt":{"rendered":"<p>&nbsp; &nbsp; Viva as cores! Colorir cachos muitas vezes causa apreens\u00e3o em algumas pessoas, pois t\u00eam medo do cabelo alisar e perderem suas curvas. De fato, \u00e9 necess\u00e1rio ter mais cuidado quando o assunto se refere \u00e0s cacheadas. &nbsp; &nbsp; Todavia, neste texto que a Abela Cosmetics traz algumas dicas de como colorir cabelo cacheado [&hellip;]<\/p>","protected":false},"author":1,"featured_media":1994,"comment_status":"open","ping_status":"open","sticky":false,"template":"","format":"standard","meta":{"_acf_changed":false,"_mo_disable_npp":"","inline_featured_image":false,"footnotes":""},"categories":[33,32,1],"tags":[],"class_list":["post-1257","post","type-post","status-publish","format-standard","has-post-thumbnail","hentry","category-estilo","category-informacoes","category-novidades"],"acf":[],"yoast_head":"<!-- This site is optimized with the Yoast SEO Premium plugin v19.2.1 (Yoast SEO v26.9) - https:\/\/yoast.com\/product\/yoast-seo-premium-wordpress\/ -->\n<title>O que fazer para colorir seus cachos? Confira essas dicas! - Abela Cosmetics<\/title>\n<meta name=\"description\" content=\"Quer mudar o visual dos seus cabelos cacheados? Confira esse texto com dicas sobre o que fazer para colorir seus cachos.\" \/>\n<meta name=\"robots\" content=\"index, follow, max-snippet:-1, max-image-preview:large, max-video-preview:-1\" \/>\n<link rel=\"canonical\" href=\"https:\/\/artigos.abelacosmetics.com\/es\/colorir-cachos\/\" \/>\n<meta property=\"og:locale\" content=\"es_ES\" \/>\n<meta property=\"og:type\" content=\"article\" \/>\n<meta property=\"og:title\" content=\"O que fazer para colorir seus cachos? Confira essas dicas!\" \/>\n<meta property=\"og:description\" content=\"Quer mudar o visual dos seus cabelos cacheados? Confira esse texto com dicas sobre o que fazer para colorir seus cachos.\" \/>\n<meta property=\"og:url\" content=\"https:\/\/artigos.abelacosmetics.com\/es\/colorir-cachos\/\" \/>\n<meta property=\"og:site_name\" content=\"Abela Cosmetics\" \/>\n<meta property=\"article:publisher\" content=\"https:\/\/www.facebook.com\/abelacosmetics\" \/>\n<meta property=\"article:published_time\" content=\"2022-09-12T20:00:31+00:00\" \/>\n<meta property=\"article:modified_time\" content=\"2023-01-05T21:00:09+00:00\" \/>\n<meta property=\"og:image\" content=\"https:\/\/artigos.abelacosmetics.com\/wp-content\/uploads\/2022\/09\/imagem-do-Post.png\" \/>\n\t<meta property=\"og:image:width\" content=\"850\" \/>\n\t<meta property=\"og:image:height\" content=\"430\" \/>\n\t<meta property=\"og:image:type\" content=\"image\/png\" \/>\n<meta name=\"author\" content=\"admin\" \/>\n<meta name=\"twitter:card\" content=\"summary_large_image\" \/>\n<meta name=\"twitter:label1\" content=\"Escrito por\" \/>\n\t<meta name=\"twitter:data1\" content=\"admin\" \/>\n\t<meta name=\"twitter:label2\" content=\"Tiempo de lectura\" \/>\n\t<meta name=\"twitter:data2\" content=\"7 minutos\" \/>\n<script type=\"application\/ld+json\" class=\"yoast-schema-graph\">{\"@context\":\"https:\/\/schema.org\",\"@graph\":[{\"@type\":\"Article\",\"@id\":\"https:\/\/artigos.abelacosmetics.com\/colorir-cachos\/#article\",\"isPartOf\":{\"@id\":\"https:\/\/artigos.abelacosmetics.com\/colorir-cachos\/\"},\"author\":{\"name\":\"admin\",\"@id\":\"https:\/\/artigos.abelacosmetics.com\/#\/schema\/person\/675710be590edb47293978092f4e20f4\"},\"headline\":\"O que fazer para colorir seus cachos? Confira essas dicas!\",\"datePublished\":\"2022-09-12T20:00:31+00:00\",\"dateModified\":\"2023-01-05T21:00:09+00:00\",\"mainEntityOfPage\":{\"@id\":\"https:\/\/artigos.abelacosmetics.com\/colorir-cachos\/\"},\"wordCount\":995,\"commentCount\":0,\"publisher\":{\"@id\":\"https:\/\/artigos.abelacosmetics.com\/#organization\"},\"image\":{\"@id\":\"https:\/\/artigos.abelacosmetics.com\/colorir-cachos\/#primaryimage\"},\"thumbnailUrl\":\"https:\/\/artigos.abelacosmetics.com\/wp-content\/uploads\/2022\/09\/imagem-do-Post.png\",\"articleSection\":[\"Estilo\",\"Informa\u00e7\u00f5es\",\"Novidades\"],\"inLanguage\":\"es\",\"potentialAction\":[{\"@type\":\"CommentAction\",\"name\":\"Comment\",\"target\":[\"https:\/\/artigos.abelacosmetics.com\/colorir-cachos\/#respond\"]}]},{\"@type\":\"WebPage\",\"@id\":\"https:\/\/artigos.abelacosmetics.com\/colorir-cachos\/\",\"url\":\"https:\/\/artigos.abelacosmetics.com\/colorir-cachos\/\",\"name\":\"O que fazer para colorir seus cachos? Confira essas dicas! - Abela Cosmetics\",\"isPartOf\":{\"@id\":\"https:\/\/artigos.abelacosmetics.com\/#website\"},\"primaryImageOfPage\":{\"@id\":\"https:\/\/artigos.abelacosmetics.com\/colorir-cachos\/#primaryimage\"},\"image\":{\"@id\":\"https:\/\/artigos.abelacosmetics.com\/colorir-cachos\/#primaryimage\"},\"thumbnailUrl\":\"https:\/\/artigos.abelacosmetics.com\/wp-content\/uploads\/2022\/09\/imagem-do-Post.png\",\"datePublished\":\"2022-09-12T20:00:31+00:00\",\"dateModified\":\"2023-01-05T21:00:09+00:00\",\"description\":\"Quer mudar o visual dos seus cabelos cacheados? Confira esse texto com dicas sobre o que fazer para colorir seus cachos.\",\"breadcrumb\":{\"@id\":\"https:\/\/artigos.abelacosmetics.com\/colorir-cachos\/#breadcrumb\"},\"inLanguage\":\"es\",\"potentialAction\":[{\"@type\":\"ReadAction\",\"target\":[\"https:\/\/artigos.abelacosmetics.com\/colorir-cachos\/\"]}]},{\"@type\":\"ImageObject\",\"inLanguage\":\"es\",\"@id\":\"https:\/\/artigos.abelacosmetics.com\/colorir-cachos\/#primaryimage\",\"url\":\"https:\/\/artigos.abelacosmetics.com\/wp-content\/uploads\/2022\/09\/imagem-do-Post.png\",\"contentUrl\":\"https:\/\/artigos.abelacosmetics.com\/wp-content\/uploads\/2022\/09\/imagem-do-Post.png\",\"width\":850,\"height\":430},{\"@type\":\"BreadcrumbList\",\"@id\":\"https:\/\/artigos.abelacosmetics.com\/colorir-cachos\/#breadcrumb\",\"itemListElement\":[{\"@type\":\"ListItem\",\"position\":1,\"name\":\"In\u00edcio\",\"item\":\"https:\/\/artigos.abelacosmetics.com\/\"},{\"@type\":\"ListItem\",\"position\":2,\"name\":\"O que fazer para colorir seus cachos? Confira essas dicas!\"}]},{\"@type\":\"WebSite\",\"@id\":\"https:\/\/artigos.abelacosmetics.com\/#website\",\"url\":\"https:\/\/artigos.abelacosmetics.com\/\",\"name\":\"Abela Cosmetics\",\"description\":\"Cuidados para Cabelos \u00danicos\",\"publisher\":{\"@id\":\"https:\/\/artigos.abelacosmetics.com\/#organization\"},\"potentialAction\":[{\"@type\":\"SearchAction\",\"target\":{\"@type\":\"EntryPoint\",\"urlTemplate\":\"https:\/\/artigos.abelacosmetics.com\/?s={search_term_string}\"},\"query-input\":{\"@type\":\"PropertyValueSpecification\",\"valueRequired\":true,\"valueName\":\"search_term_string\"}}],\"inLanguage\":\"es\"},{\"@type\":\"Organization\",\"@id\":\"https:\/\/artigos.abelacosmetics.com\/#organization\",\"name\":\"Abela Cosmetics\",\"url\":\"https:\/\/artigos.abelacosmetics.com\/\",\"logo\":{\"@type\":\"ImageObject\",\"inLanguage\":\"es\",\"@id\":\"https:\/\/artigos.abelacosmetics.com\/#\/schema\/logo\/image\/\",\"url\":\"https:\/\/artigos.abelacosmetics.com\/wp-content\/uploads\/2023\/02\/logo-abela.png\",\"contentUrl\":\"https:\/\/artigos.abelacosmetics.com\/wp-content\/uploads\/2023\/02\/logo-abela.png\",\"width\":183,\"height\":90,\"caption\":\"Abela Cosmetics\"},\"image\":{\"@id\":\"https:\/\/artigos.abelacosmetics.com\/#\/schema\/logo\/image\/\"},\"sameAs\":[\"https:\/\/www.facebook.com\/abelacosmetics\"]},{\"@type\":\"Person\",\"@id\":\"https:\/\/artigos.abelacosmetics.com\/#\/schema\/person\/675710be590edb47293978092f4e20f4\",\"name\":\"admin\",\"image\":{\"@type\":\"ImageObject\",\"inLanguage\":\"es\",\"@id\":\"https:\/\/artigos.abelacosmetics.com\/#\/schema\/person\/image\/\",\"url\":\"https:\/\/secure.gravatar.com\/avatar\/ce9ccc2de538d30bcc33874c5a730e8e078e64fce402cb3cf0668a7439a0e654?s=96&d=mm&r=g\",\"contentUrl\":\"https:\/\/secure.gravatar.com\/avatar\/ce9ccc2de538d30bcc33874c5a730e8e078e64fce402cb3cf0668a7439a0e654?s=96&d=mm&r=g\",\"caption\":\"admin\"},\"sameAs\":[\"http:\/\/localhost\/abela-cosmetic\"],\"url\":\"https:\/\/artigos.abelacosmetics.com\/es\/author\/admin\/\"}]}<\/script>\n<!-- \/ Yoast SEO Premium plugin. -->","yoast_head_json":{"title":"O que fazer para colorir seus cachos? Confira essas dicas! - Abela Cosmetics","description":"Quer mudar o visual dos seus cabelos cacheados? Confira esse texto com dicas sobre o que fazer para colorir seus cachos.","robots":{"index":"index","follow":"follow","max-snippet":"max-snippet:-1","max-image-preview":"max-image-preview:large","max-video-preview":"max-video-preview:-1"},"canonical":"https:\/\/artigos.abelacosmetics.com\/es\/colorir-cachos\/","og_locale":"es_ES","og_type":"article","og_title":"O que fazer para colorir seus cachos? Confira essas dicas!","og_description":"Quer mudar o visual dos seus cabelos cacheados? Confira esse texto com dicas sobre o que fazer para colorir seus cachos.","og_url":"https:\/\/artigos.abelacosmetics.com\/es\/colorir-cachos\/","og_site_name":"Abela Cosmetics","article_publisher":"https:\/\/www.facebook.com\/abelacosmetics","article_published_time":"2022-09-12T20:00:31+00:00","article_modified_time":"2023-01-05T21:00:09+00:00","og_image":[{"width":850,"height":430,"url":"https:\/\/artigos.abelacosmetics.com\/wp-content\/uploads\/2022\/09\/imagem-do-Post.png","type":"image\/png"}],"author":"admin","twitter_card":"summary_large_image","twitter_misc":{"Escrito por":"admin","Tiempo de lectura":"7 minutos"},"schema":{"@context":"https:\/\/schema.org","@graph":[{"@type":"Article","@id":"https:\/\/artigos.abelacosmetics.com\/colorir-cachos\/#article","isPartOf":{"@id":"https:\/\/artigos.abelacosmetics.com\/colorir-cachos\/"},"author":{"name":"admin","@id":"https:\/\/artigos.abelacosmetics.com\/#\/schema\/person\/675710be590edb47293978092f4e20f4"},"headline":"O que fazer para colorir seus cachos? Confira essas dicas!","datePublished":"2022-09-12T20:00:31+00:00","dateModified":"2023-01-05T21:00:09+00:00","mainEntityOfPage":{"@id":"https:\/\/artigos.abelacosmetics.com\/colorir-cachos\/"},"wordCount":995,"commentCount":0,"publisher":{"@id":"https:\/\/artigos.abelacosmetics.com\/#organization"},"image":{"@id":"https:\/\/artigos.abelacosmetics.com\/colorir-cachos\/#primaryimage"},"thumbnailUrl":"https:\/\/artigos.abelacosmetics.com\/wp-content\/uploads\/2022\/09\/imagem-do-Post.png","articleSection":["Estilo","Informa\u00e7\u00f5es","Novidades"],"inLanguage":"es","potentialAction":[{"@type":"CommentAction","name":"Comment","target":["https:\/\/artigos.abelacosmetics.com\/colorir-cachos\/#respond"]}]},{"@type":"WebPage","@id":"https:\/\/artigos.abelacosmetics.com\/colorir-cachos\/","url":"https:\/\/artigos.abelacosmetics.com\/colorir-cachos\/","name":"O que fazer para colorir seus cachos? Confira essas dicas! - Abela Cosmetics","isPartOf":{"@id":"https:\/\/artigos.abelacosmetics.com\/#website"},"primaryImageOfPage":{"@id":"https:\/\/artigos.abelacosmetics.com\/colorir-cachos\/#primaryimage"},"image":{"@id":"https:\/\/artigos.abelacosmetics.com\/colorir-cachos\/#primaryimage"},"thumbnailUrl":"https:\/\/artigos.abelacosmetics.com\/wp-content\/uploads\/2022\/09\/imagem-do-Post.png","datePublished":"2022-09-12T20:00:31+00:00","dateModified":"2023-01-05T21:00:09+00:00","description":"Quer mudar o visual dos seus cabelos cacheados? Confira esse texto com dicas sobre o que fazer para colorir seus cachos.","breadcrumb":{"@id":"https:\/\/artigos.abelacosmetics.com\/colorir-cachos\/#breadcrumb"},"inLanguage":"es","potentialAction":[{"@type":"ReadAction","target":["https:\/\/artigos.abelacosmetics.com\/colorir-cachos\/"]}]},{"@type":"ImageObject","inLanguage":"es","@id":"https:\/\/artigos.abelacosmetics.com\/colorir-cachos\/#primaryimage","url":"https:\/\/artigos.abelacosmetics.com\/wp-content\/uploads\/2022\/09\/imagem-do-Post.png","contentUrl":"https:\/\/artigos.abelacosmetics.com\/wp-content\/uploads\/2022\/09\/imagem-do-Post.png","width":850,"height":430},{"@type":"BreadcrumbList","@id":"https:\/\/artigos.abelacosmetics.com\/colorir-cachos\/#breadcrumb","itemListElement":[{"@type":"ListItem","position":1,"name":"In\u00edcio","item":"https:\/\/artigos.abelacosmetics.com\/"},{"@type":"ListItem","position":2,"name":"O que fazer para colorir seus cachos? Confira essas dicas!"}]},{"@type":"WebSite","@id":"https:\/\/artigos.abelacosmetics.com\/#website","url":"https:\/\/artigos.abelacosmetics.com\/","name":"Abela Cosmetics","description":"Cuidados para Cabelos \u00danicos","publisher":{"@id":"https:\/\/artigos.abelacosmetics.com\/#organization"},"potentialAction":[{"@type":"SearchAction","target":{"@type":"EntryPoint","urlTemplate":"https:\/\/artigos.abelacosmetics.com\/?s={search_term_string}"},"query-input":{"@type":"PropertyValueSpecification","valueRequired":true,"valueName":"search_term_string"}}],"inLanguage":"es"},{"@type":"Organization","@id":"https:\/\/artigos.abelacosmetics.com\/#organization","name":"Abela Cosmetics","url":"https:\/\/artigos.abelacosmetics.com\/","logo":{"@type":"ImageObject","inLanguage":"es","@id":"https:\/\/artigos.abelacosmetics.com\/#\/schema\/logo\/image\/","url":"https:\/\/artigos.abelacosmetics.com\/wp-content\/uploads\/2023\/02\/logo-abela.png","contentUrl":"https:\/\/artigos.abelacosmetics.com\/wp-content\/uploads\/2023\/02\/logo-abela.png","width":183,"height":90,"caption":"Abela Cosmetics"},"image":{"@id":"https:\/\/artigos.abelacosmetics.com\/#\/schema\/logo\/image\/"},"sameAs":["https:\/\/www.facebook.com\/abelacosmetics"]},{"@type":"Person","@id":"https:\/\/artigos.abelacosmetics.com\/#\/schema\/person\/675710be590edb47293978092f4e20f4","name":"admin","image":{"@type":"ImageObject","inLanguage":"es","@id":"https:\/\/artigos.abelacosmetics.com\/#\/schema\/person\/image\/","url":"https:\/\/secure.gravatar.com\/avatar\/ce9ccc2de538d30bcc33874c5a730e8e078e64fce402cb3cf0668a7439a0e654?s=96&d=mm&r=g","contentUrl":"https:\/\/secure.gravatar.com\/avatar\/ce9ccc2de538d30bcc33874c5a730e8e078e64fce402cb3cf0668a7439a0e654?s=96&d=mm&r=g","caption":"admin"},"sameAs":["http:\/\/localhost\/abela-cosmetic"],"url":"https:\/\/artigos.abelacosmetics.com\/es\/author\/admin\/"}]}},"_links":{"self":[{"href":"https:\/\/artigos.abelacosmetics.com\/es\/wp-json\/wp\/v2\/posts\/1257","targetHints":{"allow":["GET"]}}],"collection":[{"href":"https:\/\/artigos.abelacosmetics.com\/es\/wp-json\/wp\/v2\/posts"}],"about":[{"href":"https:\/\/artigos.abelacosmetics.com\/es\/wp-json\/wp\/v2\/types\/post"}],"author":[{"embeddable":true,"href":"https:\/\/artigos.abelacosmetics.com\/es\/wp-json\/wp\/v2\/users\/1"}],"replies":[{"embeddable":true,"href":"https:\/\/artigos.abelacosmetics.com\/es\/wp-json\/wp\/v2\/comments?post=1257"}],"version-history":[{"count":8,"href":"https:\/\/artigos.abelacosmetics.com\/es\/wp-json\/wp\/v2\/posts\/1257\/revisions"}],"predecessor-version":[{"id":2245,"href":"https:\/\/artigos.abelacosmetics.com\/es\/wp-json\/wp\/v2\/posts\/1257\/revisions\/2245"}],"wp:featuredmedia":[{"embeddable":true,"href":"https:\/\/artigos.abelacosmetics.com\/es\/wp-json\/wp\/v2\/media\/1994"}],"wp:attachment":[{"href":"https:\/\/artigos.abelacosmetics.com\/es\/wp-json\/wp\/v2\/media?parent=1257"}],"wp:term":[{"taxonomy":"category","embeddable":true,"href":"https:\/\/artigos.abelacosmetics.com\/es\/wp-json\/wp\/v2\/categories?post=1257"},{"taxonomy":"post_tag","embeddable":true,"href":"https:\/\/artigos.abelacosmetics.com\/es\/wp-json\/wp\/v2\/tags?post=1257"}],"curies":[{"name":"wp","href":"https:\/\/api.w.org\/{rel}","templated":true}]}}