{"id":1239,"date":"2022-09-12T16:17:42","date_gmt":"2022-09-12T19:17:42","guid":{"rendered":"https:\/\/artigos.abelacosmetics.com\/?p=1239"},"modified":"2023-01-05T18:00:16","modified_gmt":"2023-01-05T21:00:16","slug":"cabelos-cacheados-cuidados","status":"publish","type":"post","link":"https:\/\/artigos.abelacosmetics.com\/es\/cabelos-cacheados-cuidados\/","title":{"rendered":"Coisas que n\u00e3o devem ser feitas com cabelos cacheados."},"content":{"rendered":"<p>&nbsp;<\/p>\n<p>&nbsp;<\/p>\n<p>Sabemos que <strong>cabelos cacheados<\/strong> demandam mais cuidados e disciplina, principalmente se voc\u00ea quiser evitar n\u00f3s e fios quebradi\u00e7os.<\/p>\n<p>&nbsp;<\/p>\n<audio class=\"wp-audio-shortcode\" id=\"audio-1239-1\" preload=\"none\" style=\"width: 100%;\" controls=\"controls\"><source type=\"audio\/mpeg\" src=\"https:\/\/artigos.abelacosmetics.com\/wp-content\/uploads\/2022\/09\/Coisas-que-no-devem-ser-feitas-com-cabelos-cacheados-1..mp3?_=1\" \/><a href=\"https:\/\/artigos.abelacosmetics.com\/wp-content\/uploads\/2022\/09\/Coisas-que-no-devem-ser-feitas-com-cabelos-cacheados-1..mp3\">https:\/\/artigos.abelacosmetics.com\/wp-content\/uploads\/2022\/09\/Coisas-que-no-devem-ser-feitas-com-cabelos-cacheados-1..mp3<\/a><\/audio>\n<p>&nbsp;<\/p>\n<p>Quanto mais fechadas as curvaturas, mais sofrem com ressecamento, portanto, \u00e9 preciso de uma aten\u00e7\u00e3o especial.<\/p>\n<p>Muitas das vezes, alguns h\u00e1bitos comuns de cacheadas prejudicam a sa\u00fade do fio e elas n\u00e3o sabem!<\/p>\n<p>Leia este artigo para entender o que n\u00e3o se deve fazer com os cabelos cacheados e viva mais dias bons com o seu cabelo reluzente e sedoso.<\/p>\n<h2>Coisas que n\u00e3o devem ser feitas com cabelos cacheados<\/h2>\n<p><img loading=\"lazy\" decoding=\"async\" class=\"alignnone wp-image-1240\" src=\"https:\/\/artigos.abelacosmetics.com\/wp-content\/uploads\/2022\/09\/11-2-300x300.png\" alt=\"\" width=\"463\" height=\"463\" srcset=\"https:\/\/artigos.abelacosmetics.com\/wp-content\/uploads\/2022\/09\/11-2-300x300.png 300w, https:\/\/artigos.abelacosmetics.com\/wp-content\/uploads\/2022\/09\/11-2-150x150.png 150w, https:\/\/artigos.abelacosmetics.com\/wp-content\/uploads\/2022\/09\/11-2-768x768.png 768w, https:\/\/artigos.abelacosmetics.com\/wp-content\/uploads\/2022\/09\/11-2-12x12.png 12w, https:\/\/artigos.abelacosmetics.com\/wp-content\/uploads\/2022\/09\/11-2.png 1000w\" sizes=\"auto, (max-width: 463px) 100vw, 463px\" \/><\/p>\n<h3>1.\u00a0\u00a0 Lavar cabelo com shampoo diariamente<\/h3>\n<p>Estudos revelam que o excesso de shampoo \u00e9 capaz de causar ressecamento em cabelos cacheados, que j\u00e1 possuem a tend\u00eancia de serem mais secos.<\/p>\n<p>Desse modo, se houver vontade de lavar os seus fios sem prejudicar, antes da pr\u00f3xima lavagem, utilize um co-wash.<\/p>\n<p>Essa t\u00e9cnica utiliza um condicionador para lavar, hidratar e limpar o couro cabeludo.<\/p>\n<p><img loading=\"lazy\" decoding=\"async\" class=\"alignnone wp-image-1242\" src=\"https:\/\/artigos.abelacosmetics.com\/wp-content\/uploads\/2022\/09\/21-2-300x300.png\" alt=\"\" width=\"463\" height=\"463\" srcset=\"https:\/\/artigos.abelacosmetics.com\/wp-content\/uploads\/2022\/09\/21-2-300x300.png 300w, https:\/\/artigos.abelacosmetics.com\/wp-content\/uploads\/2022\/09\/21-2-150x150.png 150w, https:\/\/artigos.abelacosmetics.com\/wp-content\/uploads\/2022\/09\/21-2-768x768.png 768w, https:\/\/artigos.abelacosmetics.com\/wp-content\/uploads\/2022\/09\/21-2-12x12.png 12w, https:\/\/artigos.abelacosmetics.com\/wp-content\/uploads\/2022\/09\/21-2.png 1000w\" sizes=\"auto, (max-width: 463px) 100vw, 463px\" \/><\/p>\n<h3>2.\u00a0\u00a0 Secar o cabelo sem difusor<\/h3>\n<p>Cacheadas nunca devem utilizar o secador sem aux\u00edlio de um difusor!<\/p>\n<p>O secador tradicional causa uma desestrutura\u00e7\u00e3o dos cachos, impedindo-os de tomar sua forma natural.<\/p>\n<p>Al\u00e9m disso, o cabelo ficar\u00e1 muito volumoso, sem formato e cheio de frizz.<\/p>\n<p>Desse modo, sempre opte por difusor.<\/p>\n<p><img loading=\"lazy\" decoding=\"async\" class=\"alignnone wp-image-1244\" src=\"https:\/\/artigos.abelacosmetics.com\/wp-content\/uploads\/2022\/09\/31-3-300x300.png\" alt=\"\" width=\"468\" height=\"468\" srcset=\"https:\/\/artigos.abelacosmetics.com\/wp-content\/uploads\/2022\/09\/31-3-300x300.png 300w, https:\/\/artigos.abelacosmetics.com\/wp-content\/uploads\/2022\/09\/31-3-150x150.png 150w, https:\/\/artigos.abelacosmetics.com\/wp-content\/uploads\/2022\/09\/31-3-768x768.png 768w, https:\/\/artigos.abelacosmetics.com\/wp-content\/uploads\/2022\/09\/31-3-12x12.png 12w, https:\/\/artigos.abelacosmetics.com\/wp-content\/uploads\/2022\/09\/31-3.png 1000w\" sizes=\"auto, (max-width: 468px) 100vw, 468px\" \/><\/p>\n<h3>3.\u00a0\u00a0 Pentear o cabelo seco<\/h3>\n<p>Esse \u00e9 um dos principais motivos do cabelo cacheado quebradi\u00e7o.<\/p>\n<p>Sempre que houver necessidade de pentear os cabelos e n\u00e3o h\u00e1 como lavar, utilize um borrifador de \u00e1gua para facilitar o processo e tamb\u00e9m n\u00e3o quebrar os fios.<\/p>\n<p>Al\u00e9m de ajudar no ato de pentear, os movimentos n\u00e3o prejudicam os seus cachos.<\/p>\n<p><img loading=\"lazy\" decoding=\"async\" class=\"alignnone wp-image-1252\" src=\"https:\/\/artigos.abelacosmetics.com\/wp-content\/uploads\/2022\/09\/blog-design-curto-300x300.png\" alt=\"\" width=\"471\" height=\"471\" srcset=\"https:\/\/artigos.abelacosmetics.com\/wp-content\/uploads\/2022\/09\/blog-design-curto-300x300.png 300w, https:\/\/artigos.abelacosmetics.com\/wp-content\/uploads\/2022\/09\/blog-design-curto-150x150.png 150w, https:\/\/artigos.abelacosmetics.com\/wp-content\/uploads\/2022\/09\/blog-design-curto-768x768.png 768w, https:\/\/artigos.abelacosmetics.com\/wp-content\/uploads\/2022\/09\/blog-design-curto-12x12.png 12w, https:\/\/artigos.abelacosmetics.com\/wp-content\/uploads\/2022\/09\/blog-design-curto.png 1000w\" sizes=\"auto, (max-width: 471px) 100vw, 471px\" \/><\/p>\n<h3>4.\u00a0\u00a0 N\u00e3o proteger o cabelo antes de dormir<\/h3>\n<p>Pessoas com cabelos cacheados devem ter cuidado extra antes de dormir.<\/p>\n<p>Dormir com o cabelo solto ou preso, sem uma prote\u00e7\u00e3o externa, poder\u00e1 causar frizz e deixar o cabelo poroso.<\/p>\n<p>No momento que voc\u00ea deita para dormir, os seus fios e cachos entram em atrito com as fibras dos tecidos das fronhas.<\/p>\n<p>Desse modo, toda a estrutura capilar \u00e9 comprometida.<\/p>\n<p>Fa\u00e7a a prote\u00e7\u00e3o do seu cabelo com touca forrada em cetim ou utilize fronha de cetim.<\/p>\n<p>Ap\u00f3s esse simples passo, tenha um cabelo macio, male\u00e1vel e organizado no dia seguinte.<\/p>\n<p><img loading=\"lazy\" decoding=\"async\" class=\"alignnone wp-image-1247\" src=\"https:\/\/artigos.abelacosmetics.com\/wp-content\/uploads\/2022\/09\/5-1-300x300.png\" alt=\"\" width=\"484\" height=\"484\" srcset=\"https:\/\/artigos.abelacosmetics.com\/wp-content\/uploads\/2022\/09\/5-1-300x300.png 300w, https:\/\/artigos.abelacosmetics.com\/wp-content\/uploads\/2022\/09\/5-1-150x150.png 150w, https:\/\/artigos.abelacosmetics.com\/wp-content\/uploads\/2022\/09\/5-1-768x768.png 768w, https:\/\/artigos.abelacosmetics.com\/wp-content\/uploads\/2022\/09\/5-1-12x12.png 12w, https:\/\/artigos.abelacosmetics.com\/wp-content\/uploads\/2022\/09\/5-1.png 1000w\" sizes=\"auto, (max-width: 484px) 100vw, 484px\" \/><\/p>\n<h3>5.\u00a0\u00a0 Pentear o cabelo de cima para baixo<\/h3>\n<p>\u00c9 uma coisa fundamental se voc\u00ea deseja ter um cabelo cacheado cheio de vida.<\/p>\n<p>Ao desembara\u00e7ar de cima para baixo, os seus fios ficar\u00e3o com frizz, n\u00f3s acumulados nas pontas e quebradi\u00e7os.<\/p>\n<p>Portanto, sempre penteie de baixo para cima, aos poucos e com cautela!<\/p>\n<p><img loading=\"lazy\" decoding=\"async\" class=\"alignnone wp-image-1248\" src=\"https:\/\/artigos.abelacosmetics.com\/wp-content\/uploads\/2022\/09\/6-300x300.png\" alt=\"\" width=\"484\" height=\"484\" srcset=\"https:\/\/artigos.abelacosmetics.com\/wp-content\/uploads\/2022\/09\/6-300x300.png 300w, https:\/\/artigos.abelacosmetics.com\/wp-content\/uploads\/2022\/09\/6-150x150.png 150w, https:\/\/artigos.abelacosmetics.com\/wp-content\/uploads\/2022\/09\/6-768x768.png 768w, https:\/\/artigos.abelacosmetics.com\/wp-content\/uploads\/2022\/09\/6-12x12.png 12w, https:\/\/artigos.abelacosmetics.com\/wp-content\/uploads\/2022\/09\/6.png 1000w\" sizes=\"auto, (max-width: 484px) 100vw, 484px\" \/><\/p>\n<h3>6.\u00a0\u00a0 Dormir com cabelo molhado<\/h3>\n<p>Dormir com cabelo molhado n\u00e3o \u00e9 recomendado para nenhum tipo de cabelo, mas principalmente para as cacheadas.<\/p>\n<p>Ao se deitar com ele molhado, o seu couro cabeludo fica abafado, incentivando a prolifera\u00e7\u00e3o de microorganismos que causam caspa e, at\u00e9 mesmo, seborreia.<\/p>\n<p>Se houver real necessidade de lavar \u00e0 noite, use um secador com difusor para deix\u00e1-lo bem seco antes de dormir.<\/p>\n<p><img loading=\"lazy\" decoding=\"async\" class=\"alignnone wp-image-1249\" src=\"https:\/\/artigos.abelacosmetics.com\/wp-content\/uploads\/2022\/09\/7-300x300.png\" alt=\"\" width=\"485\" height=\"485\" srcset=\"https:\/\/artigos.abelacosmetics.com\/wp-content\/uploads\/2022\/09\/7-300x300.png 300w, https:\/\/artigos.abelacosmetics.com\/wp-content\/uploads\/2022\/09\/7-150x150.png 150w, https:\/\/artigos.abelacosmetics.com\/wp-content\/uploads\/2022\/09\/7-768x768.png 768w, https:\/\/artigos.abelacosmetics.com\/wp-content\/uploads\/2022\/09\/7-12x12.png 12w, https:\/\/artigos.abelacosmetics.com\/wp-content\/uploads\/2022\/09\/7.png 1000w\" sizes=\"auto, (max-width: 485px) 100vw, 485px\" \/><\/p>\n<h3>7.\u00a0\u00a0 Deixar o cabelo sem corte<\/h3>\n<p>Ter o corte em dias ajuda no desembara\u00e7ar, cria menos n\u00f3s e os cabelos ficam mais soltos, com movimentos leves e saud\u00e1veis.<\/p>\n<p>Entretanto, atente-se aos modelos de corte.<\/p>\n<p>O recomendado \u00e9 que estilos muito retos sejam evitados, pois podem deixar a raiz muito baixa e as pontas volumosas.<\/p>\n<p>Se poss\u00edvel, opte por cortes em camadas e repicados.<\/p>\n<p><img loading=\"lazy\" decoding=\"async\" class=\"alignnone wp-image-1250\" src=\"https:\/\/artigos.abelacosmetics.com\/wp-content\/uploads\/2022\/09\/8-300x300.png\" alt=\"\" width=\"489\" height=\"489\" srcset=\"https:\/\/artigos.abelacosmetics.com\/wp-content\/uploads\/2022\/09\/8-300x300.png 300w, https:\/\/artigos.abelacosmetics.com\/wp-content\/uploads\/2022\/09\/8-150x150.png 150w, https:\/\/artigos.abelacosmetics.com\/wp-content\/uploads\/2022\/09\/8-768x768.png 768w, https:\/\/artigos.abelacosmetics.com\/wp-content\/uploads\/2022\/09\/8-12x12.png 12w, https:\/\/artigos.abelacosmetics.com\/wp-content\/uploads\/2022\/09\/8.png 1000w\" sizes=\"auto, (max-width: 489px) 100vw, 489px\" \/><\/p>\n<h3>8.\u00a0\u00a0 Exagero no creme de pentear<\/h3>\n<p>Este \u00e9 um erro muito comum entre as pessoas com cabelo cacheado.<\/p>\n<p>Utilizam muito creme de pentear e isso prejudica a cria\u00e7\u00e3o natural dos cachos.<\/p>\n<p>Al\u00e9m disso, o cabelo fica com aspecto pesado.<\/p>\n<p>Recomenda-se que aplique os produtos de acordo com a necessidade durante o pentear.<\/p>\n<h2>Abela Cosmetics<\/h2>\n<p>A <u><a href=\"https:\/\/artigos.abelacosmetics.com\/es\/\">Abela Cosmetics<\/a><\/u> \u00e9 uma marca que oferece todos os cuidados para os seus cabelos, independente do tipo.<\/p>\n<p><img loading=\"lazy\" decoding=\"async\" class=\"alignnone wp-image-1241\" src=\"https:\/\/artigos.abelacosmetics.com\/wp-content\/uploads\/2022\/09\/1-3-300x169.png\" alt=\"\" width=\"659\" height=\"371\" srcset=\"https:\/\/artigos.abelacosmetics.com\/wp-content\/uploads\/2022\/09\/1-3-300x169.png 300w, https:\/\/artigos.abelacosmetics.com\/wp-content\/uploads\/2022\/09\/1-3-1024x576.png 1024w, https:\/\/artigos.abelacosmetics.com\/wp-content\/uploads\/2022\/09\/1-3-768x432.png 768w, https:\/\/artigos.abelacosmetics.com\/wp-content\/uploads\/2022\/09\/1-3-1536x864.png 1536w, https:\/\/artigos.abelacosmetics.com\/wp-content\/uploads\/2022\/09\/1-3-18x10.png 18w, https:\/\/artigos.abelacosmetics.com\/wp-content\/uploads\/2022\/09\/1-3.png 1920w\" sizes=\"auto, (max-width: 659px) 100vw, 659px\" \/><\/p>\n<p>Desse modo, disp\u00f5e de in\u00fameros produtos como o <u><a href=\"https:\/\/artigos.abelacosmetics.com\/es\/produtos\/gel-finalizador-dont-touch\/\">gel finalizador da linha Don&#8217;t Touch<\/a><\/u>, que fixa suavemente os fios e os deixa definidos, sem o aspecto enrijecido.<\/p>\n<p>Tem em sua composi\u00e7\u00e3o o \u00f3leo de r\u00edcino que possui diversos benef\u00edcios para o fortalecimento e crescimento do cabelo. Al\u00e9m disso, ajuda a reter a umidade, controlando a oleosidade e mantendo os fios hidratados por muito mais tempo.<\/p>\n<p><img loading=\"lazy\" decoding=\"async\" class=\"alignnone wp-image-1243\" src=\"https:\/\/artigos.abelacosmetics.com\/wp-content\/uploads\/2022\/09\/2-3-300x169.png\" alt=\"\" width=\"657\" height=\"370\" srcset=\"https:\/\/artigos.abelacosmetics.com\/wp-content\/uploads\/2022\/09\/2-3-300x169.png 300w, https:\/\/artigos.abelacosmetics.com\/wp-content\/uploads\/2022\/09\/2-3-1024x576.png 1024w, https:\/\/artigos.abelacosmetics.com\/wp-content\/uploads\/2022\/09\/2-3-768x432.png 768w, https:\/\/artigos.abelacosmetics.com\/wp-content\/uploads\/2022\/09\/2-3-1536x864.png 1536w, https:\/\/artigos.abelacosmetics.com\/wp-content\/uploads\/2022\/09\/2-3-18x10.png 18w, https:\/\/artigos.abelacosmetics.com\/wp-content\/uploads\/2022\/09\/2-3.png 1920w\" sizes=\"auto, (max-width: 657px) 100vw, 657px\" \/><\/p>\n<p>Outro maravilhoso produto que a Abela Cosmetics oferece \u00e9 o <u><a href=\"https:\/\/artigos.abelacosmetics.com\/es\/produtos\/finalizador-hope\/\">finalizador leave-in da Hope Final Step<\/a><\/u>, com finalidade de fornecer umidade e hidratar os cabelos mais secos.<\/p>\n<p>Esse produto tamb\u00e9m \u00e9 capaz de dar maleabilidade, defini\u00e7\u00e3o e ainda diminui o frizz dos fios. Sua composi\u00e7\u00e3o tem cal\u00eandula, murumuru, coco, melaleuca, girassol e muito mais.<\/p>\n<p>Esses ativos s\u00e3o respons\u00e1veis por diminuir os danos causados pelo calor do secador, contra raios UV\u00a0 e outros agentes externos que prejudicam a sa\u00fade dos fios.<\/p>\n<p>Na Abela Cosmetics, voc\u00ea encontra os melhores produtos dispon\u00edveis para cabelos cacheados, veganos, com ingredientes naturais e as linhas mais tops do mercado!<\/p>\n<p>Confira tamb\u00e9m <u><a href=\"https:\/\/artigos.abelacosmetics.com\/es\/blog\/\">nosso blog<\/a><\/u> para mais informa\u00e7\u00f5es sobre produtos, cabelos e dicas!<\/p>\n<p><img loading=\"lazy\" decoding=\"async\" class=\"alignnone wp-image-1245\" src=\"https:\/\/artigos.abelacosmetics.com\/wp-content\/uploads\/2022\/09\/3-3-300x169.png\" alt=\"\" width=\"1007\" height=\"567\" srcset=\"https:\/\/artigos.abelacosmetics.com\/wp-content\/uploads\/2022\/09\/3-3-300x169.png 300w, https:\/\/artigos.abelacosmetics.com\/wp-content\/uploads\/2022\/09\/3-3-1024x576.png 1024w, https:\/\/artigos.abelacosmetics.com\/wp-content\/uploads\/2022\/09\/3-3-768x432.png 768w, https:\/\/artigos.abelacosmetics.com\/wp-content\/uploads\/2022\/09\/3-3-1536x864.png 1536w, https:\/\/artigos.abelacosmetics.com\/wp-content\/uploads\/2022\/09\/3-3-18x10.png 18w, https:\/\/artigos.abelacosmetics.com\/wp-content\/uploads\/2022\/09\/3-3.png 1920w\" sizes=\"auto, (max-width: 1007px) 100vw, 1007px\" \/><\/p>","protected":false},"excerpt":{"rendered":"<p>&nbsp; &nbsp; Sabemos que cabelos cacheados demandam mais cuidados e disciplina, principalmente se voc\u00ea quiser evitar n\u00f3s e fios quebradi\u00e7os. &nbsp; &nbsp; Quanto mais fechadas as curvaturas, mais sofrem com ressecamento, portanto, \u00e9 preciso de uma aten\u00e7\u00e3o especial. Muitas das vezes, alguns h\u00e1bitos comuns de cacheadas prejudicam a sa\u00fade do fio e elas n\u00e3o sabem! [&hellip;]<\/p>","protected":false},"author":1,"featured_media":1251,"comment_status":"open","ping_status":"open","sticky":false,"template":"","format":"standard","meta":{"_acf_changed":false,"_mo_disable_npp":"","inline_featured_image":false,"footnotes":""},"categories":[31,1],"tags":[],"class_list":["post-1239","post","type-post","status-publish","format-standard","has-post-thumbnail","hentry","category-autocuidado","category-novidades"],"acf":[],"yoast_head":"<!-- This site is optimized with the Yoast SEO Premium plugin v19.2.1 (Yoast SEO v26.9) - https:\/\/yoast.com\/product\/yoast-seo-premium-wordpress\/ -->\n<title>Coisas que n\u00e3o devem ser feitas com cabelos cacheados. - Abela Cosmetics<\/title>\n<meta name=\"description\" content=\"Voc\u00ea tem cabelos cacheados e quer saber como deix\u00e1-los mais brilhosos e sedosos? Confira aqui neste artigo as coisas que prejudicam a sa\u00fade dos seus fios.\" \/>\n<meta name=\"robots\" content=\"index, follow, max-snippet:-1, max-image-preview:large, max-video-preview:-1\" \/>\n<link rel=\"canonical\" href=\"https:\/\/artigos.abelacosmetics.com\/es\/cabelos-cacheados-cuidados\/\" \/>\n<meta property=\"og:locale\" content=\"es_ES\" \/>\n<meta property=\"og:type\" content=\"article\" \/>\n<meta property=\"og:title\" content=\"Coisas que n\u00e3o devem ser feitas com cabelos cacheados.\" \/>\n<meta property=\"og:description\" content=\"Voc\u00ea tem cabelos cacheados e quer saber como deix\u00e1-los mais brilhosos e sedosos? Confira aqui neste artigo as coisas que prejudicam a sa\u00fade dos seus fios.\" \/>\n<meta property=\"og:url\" content=\"https:\/\/artigos.abelacosmetics.com\/es\/cabelos-cacheados-cuidados\/\" \/>\n<meta property=\"og:site_name\" content=\"Abela Cosmetics\" \/>\n<meta property=\"article:publisher\" content=\"https:\/\/www.facebook.com\/abelacosmetics\" \/>\n<meta property=\"article:published_time\" content=\"2022-09-12T19:17:42+00:00\" \/>\n<meta property=\"article:modified_time\" content=\"2023-01-05T21:00:16+00:00\" \/>\n<meta property=\"og:image\" content=\"https:\/\/artigos.abelacosmetics.com\/wp-content\/uploads\/2022\/09\/post-do-blog-4.png\" \/>\n\t<meta property=\"og:image:width\" content=\"850\" \/>\n\t<meta property=\"og:image:height\" content=\"430\" \/>\n\t<meta property=\"og:image:type\" content=\"image\/png\" \/>\n<meta name=\"author\" content=\"admin\" \/>\n<meta name=\"twitter:card\" content=\"summary_large_image\" \/>\n<meta name=\"twitter:label1\" content=\"Escrito por\" \/>\n\t<meta name=\"twitter:data1\" content=\"admin\" \/>\n\t<meta name=\"twitter:label2\" content=\"Tiempo de lectura\" \/>\n\t<meta name=\"twitter:data2\" content=\"7 minutos\" \/>\n<script type=\"application\/ld+json\" class=\"yoast-schema-graph\">{\"@context\":\"https:\/\/schema.org\",\"@graph\":[{\"@type\":\"Article\",\"@id\":\"https:\/\/artigos.abelacosmetics.com\/cabelos-cacheados-cuidados\/#article\",\"isPartOf\":{\"@id\":\"https:\/\/artigos.abelacosmetics.com\/cabelos-cacheados-cuidados\/\"},\"author\":{\"name\":\"admin\",\"@id\":\"https:\/\/artigos.abelacosmetics.com\/#\/schema\/person\/675710be590edb47293978092f4e20f4\"},\"headline\":\"Coisas que n\u00e3o devem ser feitas com cabelos cacheados.\",\"datePublished\":\"2022-09-12T19:17:42+00:00\",\"dateModified\":\"2023-01-05T21:00:16+00:00\",\"mainEntityOfPage\":{\"@id\":\"https:\/\/artigos.abelacosmetics.com\/cabelos-cacheados-cuidados\/\"},\"wordCount\":848,\"commentCount\":1,\"publisher\":{\"@id\":\"https:\/\/artigos.abelacosmetics.com\/#organization\"},\"image\":{\"@id\":\"https:\/\/artigos.abelacosmetics.com\/cabelos-cacheados-cuidados\/#primaryimage\"},\"thumbnailUrl\":\"https:\/\/artigos.abelacosmetics.com\/wp-content\/uploads\/2022\/09\/post-do-blog-4.png\",\"articleSection\":[\"Autocuidado\",\"Novidades\"],\"inLanguage\":\"es\",\"potentialAction\":[{\"@type\":\"CommentAction\",\"name\":\"Comment\",\"target\":[\"https:\/\/artigos.abelacosmetics.com\/cabelos-cacheados-cuidados\/#respond\"]}]},{\"@type\":\"WebPage\",\"@id\":\"https:\/\/artigos.abelacosmetics.com\/cabelos-cacheados-cuidados\/\",\"url\":\"https:\/\/artigos.abelacosmetics.com\/cabelos-cacheados-cuidados\/\",\"name\":\"Coisas que n\u00e3o devem ser feitas com cabelos cacheados. - Abela Cosmetics\",\"isPartOf\":{\"@id\":\"https:\/\/artigos.abelacosmetics.com\/#website\"},\"primaryImageOfPage\":{\"@id\":\"https:\/\/artigos.abelacosmetics.com\/cabelos-cacheados-cuidados\/#primaryimage\"},\"image\":{\"@id\":\"https:\/\/artigos.abelacosmetics.com\/cabelos-cacheados-cuidados\/#primaryimage\"},\"thumbnailUrl\":\"https:\/\/artigos.abelacosmetics.com\/wp-content\/uploads\/2022\/09\/post-do-blog-4.png\",\"datePublished\":\"2022-09-12T19:17:42+00:00\",\"dateModified\":\"2023-01-05T21:00:16+00:00\",\"description\":\"Voc\u00ea tem cabelos cacheados e quer saber como deix\u00e1-los mais brilhosos e sedosos? Confira aqui neste artigo as coisas que prejudicam a sa\u00fade dos seus fios.\",\"breadcrumb\":{\"@id\":\"https:\/\/artigos.abelacosmetics.com\/cabelos-cacheados-cuidados\/#breadcrumb\"},\"inLanguage\":\"es\",\"potentialAction\":[{\"@type\":\"ReadAction\",\"target\":[\"https:\/\/artigos.abelacosmetics.com\/cabelos-cacheados-cuidados\/\"]}]},{\"@type\":\"ImageObject\",\"inLanguage\":\"es\",\"@id\":\"https:\/\/artigos.abelacosmetics.com\/cabelos-cacheados-cuidados\/#primaryimage\",\"url\":\"https:\/\/artigos.abelacosmetics.com\/wp-content\/uploads\/2022\/09\/post-do-blog-4.png\",\"contentUrl\":\"https:\/\/artigos.abelacosmetics.com\/wp-content\/uploads\/2022\/09\/post-do-blog-4.png\",\"width\":850,\"height\":430},{\"@type\":\"BreadcrumbList\",\"@id\":\"https:\/\/artigos.abelacosmetics.com\/cabelos-cacheados-cuidados\/#breadcrumb\",\"itemListElement\":[{\"@type\":\"ListItem\",\"position\":1,\"name\":\"In\u00edcio\",\"item\":\"https:\/\/artigos.abelacosmetics.com\/\"},{\"@type\":\"ListItem\",\"position\":2,\"name\":\"Coisas que n\u00e3o devem ser feitas com cabelos cacheados.\"}]},{\"@type\":\"WebSite\",\"@id\":\"https:\/\/artigos.abelacosmetics.com\/#website\",\"url\":\"https:\/\/artigos.abelacosmetics.com\/\",\"name\":\"Abela Cosmetics\",\"description\":\"Cuidados para Cabelos \u00danicos\",\"publisher\":{\"@id\":\"https:\/\/artigos.abelacosmetics.com\/#organization\"},\"potentialAction\":[{\"@type\":\"SearchAction\",\"target\":{\"@type\":\"EntryPoint\",\"urlTemplate\":\"https:\/\/artigos.abelacosmetics.com\/?s={search_term_string}\"},\"query-input\":{\"@type\":\"PropertyValueSpecification\",\"valueRequired\":true,\"valueName\":\"search_term_string\"}}],\"inLanguage\":\"es\"},{\"@type\":\"Organization\",\"@id\":\"https:\/\/artigos.abelacosmetics.com\/#organization\",\"name\":\"Abela Cosmetics\",\"url\":\"https:\/\/artigos.abelacosmetics.com\/\",\"logo\":{\"@type\":\"ImageObject\",\"inLanguage\":\"es\",\"@id\":\"https:\/\/artigos.abelacosmetics.com\/#\/schema\/logo\/image\/\",\"url\":\"https:\/\/artigos.abelacosmetics.com\/wp-content\/uploads\/2023\/02\/logo-abela.png\",\"contentUrl\":\"https:\/\/artigos.abelacosmetics.com\/wp-content\/uploads\/2023\/02\/logo-abela.png\",\"width\":183,\"height\":90,\"caption\":\"Abela Cosmetics\"},\"image\":{\"@id\":\"https:\/\/artigos.abelacosmetics.com\/#\/schema\/logo\/image\/\"},\"sameAs\":[\"https:\/\/www.facebook.com\/abelacosmetics\"]},{\"@type\":\"Person\",\"@id\":\"https:\/\/artigos.abelacosmetics.com\/#\/schema\/person\/675710be590edb47293978092f4e20f4\",\"name\":\"admin\",\"image\":{\"@type\":\"ImageObject\",\"inLanguage\":\"es\",\"@id\":\"https:\/\/artigos.abelacosmetics.com\/#\/schema\/person\/image\/\",\"url\":\"https:\/\/secure.gravatar.com\/avatar\/ce9ccc2de538d30bcc33874c5a730e8e078e64fce402cb3cf0668a7439a0e654?s=96&d=mm&r=g\",\"contentUrl\":\"https:\/\/secure.gravatar.com\/avatar\/ce9ccc2de538d30bcc33874c5a730e8e078e64fce402cb3cf0668a7439a0e654?s=96&d=mm&r=g\",\"caption\":\"admin\"},\"sameAs\":[\"http:\/\/localhost\/abela-cosmetic\"],\"url\":\"https:\/\/artigos.abelacosmetics.com\/es\/author\/admin\/\"}]}<\/script>\n<!-- \/ Yoast SEO Premium plugin. -->","yoast_head_json":{"title":"Coisas que n\u00e3o devem ser feitas com cabelos cacheados. - Abela Cosmetics","description":"Voc\u00ea tem cabelos cacheados e quer saber como deix\u00e1-los mais brilhosos e sedosos? Confira aqui neste artigo as coisas que prejudicam a sa\u00fade dos seus fios.","robots":{"index":"index","follow":"follow","max-snippet":"max-snippet:-1","max-image-preview":"max-image-preview:large","max-video-preview":"max-video-preview:-1"},"canonical":"https:\/\/artigos.abelacosmetics.com\/es\/cabelos-cacheados-cuidados\/","og_locale":"es_ES","og_type":"article","og_title":"Coisas que n\u00e3o devem ser feitas com cabelos cacheados.","og_description":"Voc\u00ea tem cabelos cacheados e quer saber como deix\u00e1-los mais brilhosos e sedosos? Confira aqui neste artigo as coisas que prejudicam a sa\u00fade dos seus fios.","og_url":"https:\/\/artigos.abelacosmetics.com\/es\/cabelos-cacheados-cuidados\/","og_site_name":"Abela Cosmetics","article_publisher":"https:\/\/www.facebook.com\/abelacosmetics","article_published_time":"2022-09-12T19:17:42+00:00","article_modified_time":"2023-01-05T21:00:16+00:00","og_image":[{"width":850,"height":430,"url":"https:\/\/artigos.abelacosmetics.com\/wp-content\/uploads\/2022\/09\/post-do-blog-4.png","type":"image\/png"}],"author":"admin","twitter_card":"summary_large_image","twitter_misc":{"Escrito por":"admin","Tiempo de lectura":"7 minutos"},"schema":{"@context":"https:\/\/schema.org","@graph":[{"@type":"Article","@id":"https:\/\/artigos.abelacosmetics.com\/cabelos-cacheados-cuidados\/#article","isPartOf":{"@id":"https:\/\/artigos.abelacosmetics.com\/cabelos-cacheados-cuidados\/"},"author":{"name":"admin","@id":"https:\/\/artigos.abelacosmetics.com\/#\/schema\/person\/675710be590edb47293978092f4e20f4"},"headline":"Coisas que n\u00e3o devem ser feitas com cabelos cacheados.","datePublished":"2022-09-12T19:17:42+00:00","dateModified":"2023-01-05T21:00:16+00:00","mainEntityOfPage":{"@id":"https:\/\/artigos.abelacosmetics.com\/cabelos-cacheados-cuidados\/"},"wordCount":848,"commentCount":1,"publisher":{"@id":"https:\/\/artigos.abelacosmetics.com\/#organization"},"image":{"@id":"https:\/\/artigos.abelacosmetics.com\/cabelos-cacheados-cuidados\/#primaryimage"},"thumbnailUrl":"https:\/\/artigos.abelacosmetics.com\/wp-content\/uploads\/2022\/09\/post-do-blog-4.png","articleSection":["Autocuidado","Novidades"],"inLanguage":"es","potentialAction":[{"@type":"CommentAction","name":"Comment","target":["https:\/\/artigos.abelacosmetics.com\/cabelos-cacheados-cuidados\/#respond"]}]},{"@type":"WebPage","@id":"https:\/\/artigos.abelacosmetics.com\/cabelos-cacheados-cuidados\/","url":"https:\/\/artigos.abelacosmetics.com\/cabelos-cacheados-cuidados\/","name":"Coisas que n\u00e3o devem ser feitas com cabelos cacheados. - Abela Cosmetics","isPartOf":{"@id":"https:\/\/artigos.abelacosmetics.com\/#website"},"primaryImageOfPage":{"@id":"https:\/\/artigos.abelacosmetics.com\/cabelos-cacheados-cuidados\/#primaryimage"},"image":{"@id":"https:\/\/artigos.abelacosmetics.com\/cabelos-cacheados-cuidados\/#primaryimage"},"thumbnailUrl":"https:\/\/artigos.abelacosmetics.com\/wp-content\/uploads\/2022\/09\/post-do-blog-4.png","datePublished":"2022-09-12T19:17:42+00:00","dateModified":"2023-01-05T21:00:16+00:00","description":"Voc\u00ea tem cabelos cacheados e quer saber como deix\u00e1-los mais brilhosos e sedosos? Confira aqui neste artigo as coisas que prejudicam a sa\u00fade dos seus fios.","breadcrumb":{"@id":"https:\/\/artigos.abelacosmetics.com\/cabelos-cacheados-cuidados\/#breadcrumb"},"inLanguage":"es","potentialAction":[{"@type":"ReadAction","target":["https:\/\/artigos.abelacosmetics.com\/cabelos-cacheados-cuidados\/"]}]},{"@type":"ImageObject","inLanguage":"es","@id":"https:\/\/artigos.abelacosmetics.com\/cabelos-cacheados-cuidados\/#primaryimage","url":"https:\/\/artigos.abelacosmetics.com\/wp-content\/uploads\/2022\/09\/post-do-blog-4.png","contentUrl":"https:\/\/artigos.abelacosmetics.com\/wp-content\/uploads\/2022\/09\/post-do-blog-4.png","width":850,"height":430},{"@type":"BreadcrumbList","@id":"https:\/\/artigos.abelacosmetics.com\/cabelos-cacheados-cuidados\/#breadcrumb","itemListElement":[{"@type":"ListItem","position":1,"name":"In\u00edcio","item":"https:\/\/artigos.abelacosmetics.com\/"},{"@type":"ListItem","position":2,"name":"Coisas que n\u00e3o devem ser feitas com cabelos cacheados."}]},{"@type":"WebSite","@id":"https:\/\/artigos.abelacosmetics.com\/#website","url":"https:\/\/artigos.abelacosmetics.com\/","name":"Abela Cosmetics","description":"Cuidados para Cabelos \u00danicos","publisher":{"@id":"https:\/\/artigos.abelacosmetics.com\/#organization"},"potentialAction":[{"@type":"SearchAction","target":{"@type":"EntryPoint","urlTemplate":"https:\/\/artigos.abelacosmetics.com\/?s={search_term_string}"},"query-input":{"@type":"PropertyValueSpecification","valueRequired":true,"valueName":"search_term_string"}}],"inLanguage":"es"},{"@type":"Organization","@id":"https:\/\/artigos.abelacosmetics.com\/#organization","name":"Abela Cosmetics","url":"https:\/\/artigos.abelacosmetics.com\/","logo":{"@type":"ImageObject","inLanguage":"es","@id":"https:\/\/artigos.abelacosmetics.com\/#\/schema\/logo\/image\/","url":"https:\/\/artigos.abelacosmetics.com\/wp-content\/uploads\/2023\/02\/logo-abela.png","contentUrl":"https:\/\/artigos.abelacosmetics.com\/wp-content\/uploads\/2023\/02\/logo-abela.png","width":183,"height":90,"caption":"Abela Cosmetics"},"image":{"@id":"https:\/\/artigos.abelacosmetics.com\/#\/schema\/logo\/image\/"},"sameAs":["https:\/\/www.facebook.com\/abelacosmetics"]},{"@type":"Person","@id":"https:\/\/artigos.abelacosmetics.com\/#\/schema\/person\/675710be590edb47293978092f4e20f4","name":"admin","image":{"@type":"ImageObject","inLanguage":"es","@id":"https:\/\/artigos.abelacosmetics.com\/#\/schema\/person\/image\/","url":"https:\/\/secure.gravatar.com\/avatar\/ce9ccc2de538d30bcc33874c5a730e8e078e64fce402cb3cf0668a7439a0e654?s=96&d=mm&r=g","contentUrl":"https:\/\/secure.gravatar.com\/avatar\/ce9ccc2de538d30bcc33874c5a730e8e078e64fce402cb3cf0668a7439a0e654?s=96&d=mm&r=g","caption":"admin"},"sameAs":["http:\/\/localhost\/abela-cosmetic"],"url":"https:\/\/artigos.abelacosmetics.com\/es\/author\/admin\/"}]}},"_links":{"self":[{"href":"https:\/\/artigos.abelacosmetics.com\/es\/wp-json\/wp\/v2\/posts\/1239","targetHints":{"allow":["GET"]}}],"collection":[{"href":"https:\/\/artigos.abelacosmetics.com\/es\/wp-json\/wp\/v2\/posts"}],"about":[{"href":"https:\/\/artigos.abelacosmetics.com\/es\/wp-json\/wp\/v2\/types\/post"}],"author":[{"embeddable":true,"href":"https:\/\/artigos.abelacosmetics.com\/es\/wp-json\/wp\/v2\/users\/1"}],"replies":[{"embeddable":true,"href":"https:\/\/artigos.abelacosmetics.com\/es\/wp-json\/wp\/v2\/comments?post=1239"}],"version-history":[{"count":6,"href":"https:\/\/artigos.abelacosmetics.com\/es\/wp-json\/wp\/v2\/posts\/1239\/revisions"}],"predecessor-version":[{"id":2246,"href":"https:\/\/artigos.abelacosmetics.com\/es\/wp-json\/wp\/v2\/posts\/1239\/revisions\/2246"}],"wp:featuredmedia":[{"embeddable":true,"href":"https:\/\/artigos.abelacosmetics.com\/es\/wp-json\/wp\/v2\/media\/1251"}],"wp:attachment":[{"href":"https:\/\/artigos.abelacosmetics.com\/es\/wp-json\/wp\/v2\/media?parent=1239"}],"wp:term":[{"taxonomy":"category","embeddable":true,"href":"https:\/\/artigos.abelacosmetics.com\/es\/wp-json\/wp\/v2\/categories?post=1239"},{"taxonomy":"post_tag","embeddable":true,"href":"https:\/\/artigos.abelacosmetics.com\/es\/wp-json\/wp\/v2\/tags?post=1239"}],"curies":[{"name":"wp","href":"https:\/\/api.w.org\/{rel}","templated":true}]}}