{"id":1215,"date":"2022-09-12T10:21:43","date_gmt":"2022-09-12T13:21:43","guid":{"rendered":"https:\/\/artigos.abelacosmetics.com\/?p=1215"},"modified":"2023-01-05T18:00:36","modified_gmt":"2023-01-05T21:00:36","slug":"exaguar-o-cabelo-demais","status":"publish","type":"post","link":"https:\/\/artigos.abelacosmetics.com\/es\/exaguar-o-cabelo-demais\/","title":{"rendered":"Ser\u00e1 que voc\u00ea est\u00e1 enxaguando seus cabelos demais? Pode estar causando frizz."},"content":{"rendered":"<p>&nbsp;<\/p>\n<p>&nbsp;<\/p>\n<p>Voc\u00ea sabia que <strong>enxaguar o cabelo<\/strong> demais pode estar causando frizz?<\/p>\n<p>&nbsp;<\/p>\n<audio class=\"wp-audio-shortcode\" id=\"audio-1215-1\" preload=\"none\" style=\"width: 100%;\" controls=\"controls\"><source type=\"audio\/mpeg\" src=\"https:\/\/artigos.abelacosmetics.com\/wp-content\/uploads\/2022\/09\/Ser-que-voc-est-enxaguando-seus-cabelos-demais1.mp3?_=1\" \/><a href=\"https:\/\/artigos.abelacosmetics.com\/wp-content\/uploads\/2022\/09\/Ser-que-voc-est-enxaguando-seus-cabelos-demais1.mp3\">https:\/\/artigos.abelacosmetics.com\/wp-content\/uploads\/2022\/09\/Ser-que-voc-est-enxaguando-seus-cabelos-demais1.mp3<\/a><\/audio>\n<p>&nbsp;<\/p>\n<p>&nbsp;<\/p>\n<p>Embora pare\u00e7a algo insignificante, \u00e9 comum cometermos esses erros durante as lavagens capilares.<\/p>\n<p>Esse detalhe do enx\u00e1gue \u00e9 t\u00e3o importante quanto outras etapas da lavagem.<\/p>\n<p>Desse modo, a quantidade de enx\u00e1gue dos seus fios pode sim estar impactando na sa\u00fade e beleza dos seus cabelos.<\/p>\n<p>Al\u00e9m de algumas dicas de como lavar o cabelo corretamente, outras t\u00e9cnicas poder\u00e3o ajudar na redu\u00e7\u00e3o de frizz ap\u00f3s a lavagem.<\/p>\n<p>Por entendermos a extrema import\u00e2ncia desse assunto, decidimos preparar este artigo para te explicar como lavar corretamente e como identificar se est\u00e1 enxaguando demais as madeixas.<\/p>\n<p>Acompanhe a leitura e confira mais!<\/p>\n<p><img loading=\"lazy\" decoding=\"async\" class=\"alignnone wp-image-1216\" src=\"https:\/\/artigos.abelacosmetics.com\/wp-content\/uploads\/2022\/09\/11-300x169.png\" alt=\"\" width=\"806\" height=\"454\" srcset=\"https:\/\/artigos.abelacosmetics.com\/wp-content\/uploads\/2022\/09\/11-300x169.png 300w, https:\/\/artigos.abelacosmetics.com\/wp-content\/uploads\/2022\/09\/11-1024x576.png 1024w, https:\/\/artigos.abelacosmetics.com\/wp-content\/uploads\/2022\/09\/11-768x432.png 768w, https:\/\/artigos.abelacosmetics.com\/wp-content\/uploads\/2022\/09\/11-1536x864.png 1536w, https:\/\/artigos.abelacosmetics.com\/wp-content\/uploads\/2022\/09\/11-18x10.png 18w, https:\/\/artigos.abelacosmetics.com\/wp-content\/uploads\/2022\/09\/11.png 1920w\" sizes=\"auto, (max-width: 806px) 100vw, 806px\" \/><\/p>\n<h2>Lavar o cabelo corretamente: o exato passo a passo<\/h2>\n<p>O processo de lavagem das madeixas come\u00e7a antes de voc\u00ea decidir lav\u00e1-lo propriamente falando.<\/p>\n<p>\u00c9 isso mesmo que voc\u00ea leu!<\/p>\n<p>O primeiro passo para lavar o cabelo de forma correta \u00e9 escolhendo o produto capilar para o seu tipo de cabelo.<\/p>\n<p>Seja ele oleoso, seco, misto, com qu\u00edmica, entre outros, voc\u00ea precisa usar um tipo espec\u00edfico de produto.<\/p>\n<p>\u00c9 crucial utilizar shampoo, condicionador e m\u00e1scara espec\u00edficos para os seus cabelos.<\/p>\n<p>Portanto, confira na <u><a href=\"https:\/\/artigos.abelacosmetics.com\/es\/\">Abela Cosmetics<\/a><\/u>, quais os produtos s\u00e3o voltados para o seu tipo capilar.<\/p>\n<p>Lembrando que \u00e9 importante usar os produtos da mesma linha, pois j\u00e1 foram criados para atuar em conjunto, trazendo beleza e leveza ao seu cabelo.<\/p>\n<p><img loading=\"lazy\" decoding=\"async\" class=\"alignnone wp-image-1217\" src=\"https:\/\/artigos.abelacosmetics.com\/wp-content\/uploads\/2022\/09\/1-1-300x300.png\" alt=\"\" width=\"448\" height=\"448\" srcset=\"https:\/\/artigos.abelacosmetics.com\/wp-content\/uploads\/2022\/09\/1-1-300x300.png 300w, https:\/\/artigos.abelacosmetics.com\/wp-content\/uploads\/2022\/09\/1-1-150x150.png 150w, https:\/\/artigos.abelacosmetics.com\/wp-content\/uploads\/2022\/09\/1-1-768x768.png 768w, https:\/\/artigos.abelacosmetics.com\/wp-content\/uploads\/2022\/09\/1-1-12x12.png 12w, https:\/\/artigos.abelacosmetics.com\/wp-content\/uploads\/2022\/09\/1-1.png 1000w\" sizes=\"auto, (max-width: 448px) 100vw, 448px\" \/><\/p>\n<h2>Passo a passo para lavar corretamente os cabelos<\/h2>\n<h3>1.\u00a0\u00a0 Escolha a temperatura ideal da \u00e1gua<\/h3>\n<p>A \u00e1gua n\u00e3o pode ser muito quente e nem muito fria. Opte por escolher um meio termo e, no \u00faltimo enx\u00e1gue, com \u00e1gua fria para evitar aspecto seco.<\/p>\n<h3>2.\u00a0\u00a0 Umedecer<\/h3>\n<p>Ap\u00f3s colocar na temperatura ideal da \u00e1gua, molhe o cabelo todo e retire o excesso antes de passar o shampoo.<\/p>\n<h3>3.\u00a0\u00a0 Shampoo<\/h3>\n<p>Coloque uma quantidade equivalente a \u00bc da palma da m\u00e3o, sem exagerar, pois isso pode dar aspecto de sujo e fio pesado.<\/p>\n<p>Em seguida, fa\u00e7a movimentos circulares com a ponta dos dedos no couro cabeludo.<\/p>\n<p>Ap\u00f3s isso, empurre o produto para o comprimento do cabelo e evite esfreg\u00e1-los para n\u00e3o dar frizz e fios quebradi\u00e7os.<\/p>\n<h3>4.\u00a0\u00a0 Enx\u00e1gue<\/h3>\n<p>Ap\u00f3s o shampoo, enx\u00e1gue o cabelo massageando-o. N\u00e3o deixe res\u00edduos, pois pode originar caspas e, at\u00e9 mesmo, queda de cabelo.<\/p>\n<p><img loading=\"lazy\" decoding=\"async\" class=\"alignnone wp-image-1219\" src=\"https:\/\/artigos.abelacosmetics.com\/wp-content\/uploads\/2022\/09\/2-1-300x300.png\" alt=\"\" width=\"461\" height=\"461\" srcset=\"https:\/\/artigos.abelacosmetics.com\/wp-content\/uploads\/2022\/09\/2-1-300x300.png 300w, https:\/\/artigos.abelacosmetics.com\/wp-content\/uploads\/2022\/09\/2-1-150x150.png 150w, https:\/\/artigos.abelacosmetics.com\/wp-content\/uploads\/2022\/09\/2-1-768x768.png 768w, https:\/\/artigos.abelacosmetics.com\/wp-content\/uploads\/2022\/09\/2-1-12x12.png 12w, https:\/\/artigos.abelacosmetics.com\/wp-content\/uploads\/2022\/09\/2-1.png 1000w\" sizes=\"auto, (max-width: 461px) 100vw, 461px\" \/><\/p>\n<h3>1.\u00a0\u00a0 M\u00e1scara e condicionador<\/h3>\n<p>A ordem correta para lavar os cabelos \u00e9: shampoo, m\u00e1scara e condicionador.<\/p>\n<p>O shampoo tira a oleosidade e impureza dos fios, a m\u00e1scara reconstr\u00f3i, hidrata e nutre.<\/p>\n<p>J\u00e1 o condicionador sela as cut\u00edculas dos fios, preservando a fun\u00e7\u00e3o da m\u00e1scara.<\/p>\n<p><img loading=\"lazy\" decoding=\"async\" class=\"alignnone wp-image-1221\" src=\"https:\/\/artigos.abelacosmetics.com\/wp-content\/uploads\/2022\/09\/3-1-300x300.png\" alt=\"\" width=\"404\" height=\"404\" srcset=\"https:\/\/artigos.abelacosmetics.com\/wp-content\/uploads\/2022\/09\/3-1-300x300.png 300w, https:\/\/artigos.abelacosmetics.com\/wp-content\/uploads\/2022\/09\/3-1-150x150.png 150w, https:\/\/artigos.abelacosmetics.com\/wp-content\/uploads\/2022\/09\/3-1-768x768.png 768w, https:\/\/artigos.abelacosmetics.com\/wp-content\/uploads\/2022\/09\/3-1-12x12.png 12w, https:\/\/artigos.abelacosmetics.com\/wp-content\/uploads\/2022\/09\/3-1.png 1000w\" sizes=\"auto, (max-width: 404px) 100vw, 404px\" \/><\/p>\n<p>Lembrando que para equilibrar o pH do cabelo, ele pode ser acidificado com um produto chamado acidificante capilar.<\/p>\n<p>Este procedimento pode ser realizado em todos os tipos de cabelo, mas \u00e9 especialmente \u00fatil para cabelos danificados quimicamente tratados.<\/p>\n<h3>1.\u00a0\u00a0 Enx\u00e1gue<\/h3>\n<p>Enx\u00e1gue os fios de maneira que saia todo o res\u00edduo de produtos capilares utilizados.<\/p>\n<p>Portanto, n\u00e3o \u00e9 necess\u00e1rio enxaguar diversas vezes. \u00c9 apenas o ponto at\u00e9 sair os produtos para que o cabelo n\u00e3o fique com aspecto sujo e pesado.<\/p>\n<p>&nbsp;<\/p>\n<h2>Como saber se estou enxaguando os cabelos demais?<\/h2>\n<p>Se o seu cabelo est\u00e1 com bastante frizz ap\u00f3s a lavagem correta e utiliza\u00e7\u00e3o dos produtos adequados, voc\u00ea est\u00e1 enxaguando demais o cabelo.<\/p>\n<p>Algumas t\u00e9cnicas s\u00e3o recomendadas para diminuir o frizz e a quantidade de enx\u00e1gue.<\/p>\n<p>Confira a seguir!<\/p>\n<p><img loading=\"lazy\" decoding=\"async\" class=\"alignnone wp-image-1218\" src=\"https:\/\/artigos.abelacosmetics.com\/wp-content\/uploads\/2022\/09\/21-300x169.png\" alt=\"\" width=\"675\" height=\"380\" srcset=\"https:\/\/artigos.abelacosmetics.com\/wp-content\/uploads\/2022\/09\/21-300x169.png 300w, https:\/\/artigos.abelacosmetics.com\/wp-content\/uploads\/2022\/09\/21-1024x576.png 1024w, https:\/\/artigos.abelacosmetics.com\/wp-content\/uploads\/2022\/09\/21-768x432.png 768w, https:\/\/artigos.abelacosmetics.com\/wp-content\/uploads\/2022\/09\/21-1536x864.png 1536w, https:\/\/artigos.abelacosmetics.com\/wp-content\/uploads\/2022\/09\/21-18x10.png 18w, https:\/\/artigos.abelacosmetics.com\/wp-content\/uploads\/2022\/09\/21.png 1920w\" sizes=\"auto, (max-width: 675px) 100vw, 675px\" \/><\/p>\n<p>A t\u00e9cnica inicial \u00e9, ap\u00f3s o shampoo e m\u00e1scara, aplicar o condicionador em quantidade suficiente no chuveiro para deixar o produto agir um pouco no cabelo.<\/p>\n<p>Em seguida, molhe um pouco e massageie os fios levemente.<\/p>\n<p>Essa t\u00e9cnica melhora a hidrata\u00e7\u00e3o dos fios, redu\u00e7\u00e3o do frizz p\u00f3s-lavagem e ainda ajuda a ter cabelos mais saud\u00e1veis.<\/p>\n<p>Principalmente por quem tem cabelos cacheados do tipo 2 ou tipo 3, pois os fios s\u00e3o mais propensos a terem frizz.<\/p>\n<p>Lembre-se: enx\u00e1gue apenas o necess\u00e1rio para retirar os produtos capilares, ou seja, at\u00e9 extrair todos os res\u00edduos do couro cabeludo.<\/p>\n<p>Incline a cabe\u00e7a no chuveiro rapidamente, lavando rapidamente o condicionar e, em seguida, &#8220;esmague&#8221; os cachos.<\/p>\n<p>Com a \u00e1gua escorrendo, molhe todas as dire\u00e7\u00f5es e aperte suavemente os fios por onde voc\u00ea deseja que a \u00e1gua corra.<\/p>\n<p>\u00c9 importante repetir esta etapa acima at\u00e9 sair todo o res\u00edduo do condicionador. Voc\u00ea ter\u00e1 uma surpresa quando ver como pouco enx\u00e1gue \u00e9 capaz de retirar todo o res\u00edduo do condicionador.<\/p>\n<p>Depois de remover a quantidade certa de condicionador do seu cabelo, voc\u00ea o sentir\u00e1 macio e quase t\u00e3o sedoso quanto a primeira vez que voc\u00ea usar o condicionador.<\/p>\n<p>Na <u><a href=\"https:\/\/artigos.abelacosmetics.com\/es\/\">Abela Cosmetics<\/a><\/u>, voc\u00ea encontra a <u><a href=\"https:\/\/artigos.abelacosmetics.com\/es\/produtos\/#linha-love-vegan-coco\">linha Love, Vegan Coco<\/a><\/u>, que possui a\u00e7\u00e3o protetora e nutri\u00e7\u00e3o duradoura nos fios.<\/p>\n<p>Toda a linha voc\u00ea pode encontrar no site com <u><a href=\"https:\/\/artigos.abelacosmetics.com\/es\/produtos\/shampoo-love-vegan-coco\/\">shampoo<\/a><\/u>, <u><a href=\"https:\/\/artigos.abelacosmetics.com\/es\/produtos\/condicionador-love-vegan-coco\/\">condicionador<\/a><\/u> e <u><a href=\"https:\/\/artigos.abelacosmetics.com\/es\/produtos\/mascara-love-vegan-cacau\/\">m\u00e1scara<\/a><\/u> de a\u00e7\u00e3o antioxidante e vitamina E.<\/p>\n<p>Linha Love, Vegan Coco previne pontas duplas e frizz ap\u00f3s a lavagem.<\/p>\n<p>Al\u00e9m disso, ajudam a reduzir a perda de prote\u00edna em cabelos danificados ou n\u00e3o e na redu\u00e7\u00e3o dos frizz, proporcionando cabelos saud\u00e1veis e macios.<\/p>\n<p><img loading=\"lazy\" decoding=\"async\" class=\"alignnone wp-image-1220\" src=\"https:\/\/artigos.abelacosmetics.com\/wp-content\/uploads\/2022\/09\/31-1-300x169.png\" alt=\"\" width=\"1042\" height=\"587\" srcset=\"https:\/\/artigos.abelacosmetics.com\/wp-content\/uploads\/2022\/09\/31-1-300x169.png 300w, https:\/\/artigos.abelacosmetics.com\/wp-content\/uploads\/2022\/09\/31-1-1024x576.png 1024w, https:\/\/artigos.abelacosmetics.com\/wp-content\/uploads\/2022\/09\/31-1-768x432.png 768w, https:\/\/artigos.abelacosmetics.com\/wp-content\/uploads\/2022\/09\/31-1-1536x864.png 1536w, https:\/\/artigos.abelacosmetics.com\/wp-content\/uploads\/2022\/09\/31-1-18x10.png 18w, https:\/\/artigos.abelacosmetics.com\/wp-content\/uploads\/2022\/09\/31-1.png 1920w\" sizes=\"auto, (max-width: 1042px) 100vw, 1042px\" \/><\/p>","protected":false},"excerpt":{"rendered":"<p>&nbsp; &nbsp; Voc\u00ea sabia que enxaguar o cabelo demais pode estar causando frizz? &nbsp; &nbsp; &nbsp; Embora pare\u00e7a algo insignificante, \u00e9 comum cometermos esses erros durante as lavagens capilares. Esse detalhe do enx\u00e1gue \u00e9 t\u00e3o importante quanto outras etapas da lavagem. Desse modo, a quantidade de enx\u00e1gue dos seus fios pode sim estar impactando na [&hellip;]<\/p>","protected":false},"author":1,"featured_media":1223,"comment_status":"open","ping_status":"open","sticky":false,"template":"","format":"standard","meta":{"_acf_changed":false,"_mo_disable_npp":"","inline_featured_image":false,"footnotes":""},"categories":[31,30,1],"tags":[],"class_list":["post-1215","post","type-post","status-publish","format-standard","has-post-thumbnail","hentry","category-autocuidado","category-conheca-seus-cabelos","category-novidades"],"acf":[],"yoast_head":"<!-- This site is optimized with the Yoast SEO Premium plugin v19.2.1 (Yoast SEO v26.9) - https:\/\/yoast.com\/product\/yoast-seo-premium-wordpress\/ -->\n<title>Ser\u00e1 que voc\u00ea est\u00e1 enxaguando seus cabelos demais? Pode estar causando frizz. - Abela Cosmetics<\/title>\n<meta name=\"description\" content=\"O seu cabelo tem muito frizz ap\u00f3s a lavagem? Saiba que enxaguar demais o cabelo traz esses problemas!\" \/>\n<meta name=\"robots\" content=\"index, follow, max-snippet:-1, max-image-preview:large, max-video-preview:-1\" \/>\n<link rel=\"canonical\" href=\"https:\/\/artigos.abelacosmetics.com\/es\/exaguar-o-cabelo-demais\/\" \/>\n<meta property=\"og:locale\" content=\"es_ES\" \/>\n<meta property=\"og:type\" content=\"article\" \/>\n<meta property=\"og:title\" content=\"Ser\u00e1 que voc\u00ea est\u00e1 enxaguando seus cabelos demais? Pode estar causando frizz.\" \/>\n<meta property=\"og:description\" content=\"O seu cabelo tem muito frizz ap\u00f3s a lavagem? Saiba que enxaguar demais o cabelo traz esses problemas!\" \/>\n<meta property=\"og:url\" content=\"https:\/\/artigos.abelacosmetics.com\/es\/exaguar-o-cabelo-demais\/\" \/>\n<meta property=\"og:site_name\" content=\"Abela Cosmetics\" \/>\n<meta property=\"article:publisher\" content=\"https:\/\/www.facebook.com\/abelacosmetics\" \/>\n<meta property=\"article:published_time\" content=\"2022-09-12T13:21:43+00:00\" \/>\n<meta property=\"article:modified_time\" content=\"2023-01-05T21:00:36+00:00\" \/>\n<meta property=\"og:image\" content=\"https:\/\/artigos.abelacosmetics.com\/wp-content\/uploads\/2022\/09\/post-do-blog-2.png\" \/>\n\t<meta property=\"og:image:width\" content=\"850\" \/>\n\t<meta property=\"og:image:height\" content=\"430\" \/>\n\t<meta property=\"og:image:type\" content=\"image\/png\" \/>\n<meta name=\"author\" content=\"admin\" \/>\n<meta name=\"twitter:card\" content=\"summary_large_image\" \/>\n<meta name=\"twitter:label1\" content=\"Escrito por\" \/>\n\t<meta name=\"twitter:data1\" content=\"admin\" \/>\n\t<meta name=\"twitter:label2\" content=\"Tiempo de lectura\" \/>\n\t<meta name=\"twitter:data2\" content=\"6 minutos\" \/>\n<script type=\"application\/ld+json\" class=\"yoast-schema-graph\">{\"@context\":\"https:\/\/schema.org\",\"@graph\":[{\"@type\":\"Article\",\"@id\":\"https:\/\/artigos.abelacosmetics.com\/exaguar-o-cabelo-demais\/#article\",\"isPartOf\":{\"@id\":\"https:\/\/artigos.abelacosmetics.com\/exaguar-o-cabelo-demais\/\"},\"author\":{\"name\":\"admin\",\"@id\":\"https:\/\/artigos.abelacosmetics.com\/#\/schema\/person\/675710be590edb47293978092f4e20f4\"},\"headline\":\"Ser\u00e1 que voc\u00ea est\u00e1 enxaguando seus cabelos demais? Pode estar causando frizz.\",\"datePublished\":\"2022-09-12T13:21:43+00:00\",\"dateModified\":\"2023-01-05T21:00:36+00:00\",\"mainEntityOfPage\":{\"@id\":\"https:\/\/artigos.abelacosmetics.com\/exaguar-o-cabelo-demais\/\"},\"wordCount\":894,\"commentCount\":0,\"publisher\":{\"@id\":\"https:\/\/artigos.abelacosmetics.com\/#organization\"},\"image\":{\"@id\":\"https:\/\/artigos.abelacosmetics.com\/exaguar-o-cabelo-demais\/#primaryimage\"},\"thumbnailUrl\":\"https:\/\/artigos.abelacosmetics.com\/wp-content\/uploads\/2022\/09\/post-do-blog-2.png\",\"articleSection\":[\"Autocuidado\",\"Conhe\u00e7a seus cabelos\",\"Novidades\"],\"inLanguage\":\"es\",\"potentialAction\":[{\"@type\":\"CommentAction\",\"name\":\"Comment\",\"target\":[\"https:\/\/artigos.abelacosmetics.com\/exaguar-o-cabelo-demais\/#respond\"]}]},{\"@type\":\"WebPage\",\"@id\":\"https:\/\/artigos.abelacosmetics.com\/exaguar-o-cabelo-demais\/\",\"url\":\"https:\/\/artigos.abelacosmetics.com\/exaguar-o-cabelo-demais\/\",\"name\":\"Ser\u00e1 que voc\u00ea est\u00e1 enxaguando seus cabelos demais? Pode estar causando frizz. - Abela Cosmetics\",\"isPartOf\":{\"@id\":\"https:\/\/artigos.abelacosmetics.com\/#website\"},\"primaryImageOfPage\":{\"@id\":\"https:\/\/artigos.abelacosmetics.com\/exaguar-o-cabelo-demais\/#primaryimage\"},\"image\":{\"@id\":\"https:\/\/artigos.abelacosmetics.com\/exaguar-o-cabelo-demais\/#primaryimage\"},\"thumbnailUrl\":\"https:\/\/artigos.abelacosmetics.com\/wp-content\/uploads\/2022\/09\/post-do-blog-2.png\",\"datePublished\":\"2022-09-12T13:21:43+00:00\",\"dateModified\":\"2023-01-05T21:00:36+00:00\",\"description\":\"O seu cabelo tem muito frizz ap\u00f3s a lavagem? Saiba que enxaguar demais o cabelo traz esses problemas!\",\"breadcrumb\":{\"@id\":\"https:\/\/artigos.abelacosmetics.com\/exaguar-o-cabelo-demais\/#breadcrumb\"},\"inLanguage\":\"es\",\"potentialAction\":[{\"@type\":\"ReadAction\",\"target\":[\"https:\/\/artigos.abelacosmetics.com\/exaguar-o-cabelo-demais\/\"]}]},{\"@type\":\"ImageObject\",\"inLanguage\":\"es\",\"@id\":\"https:\/\/artigos.abelacosmetics.com\/exaguar-o-cabelo-demais\/#primaryimage\",\"url\":\"https:\/\/artigos.abelacosmetics.com\/wp-content\/uploads\/2022\/09\/post-do-blog-2.png\",\"contentUrl\":\"https:\/\/artigos.abelacosmetics.com\/wp-content\/uploads\/2022\/09\/post-do-blog-2.png\",\"width\":850,\"height\":430},{\"@type\":\"BreadcrumbList\",\"@id\":\"https:\/\/artigos.abelacosmetics.com\/exaguar-o-cabelo-demais\/#breadcrumb\",\"itemListElement\":[{\"@type\":\"ListItem\",\"position\":1,\"name\":\"In\u00edcio\",\"item\":\"https:\/\/artigos.abelacosmetics.com\/\"},{\"@type\":\"ListItem\",\"position\":2,\"name\":\"Ser\u00e1 que voc\u00ea est\u00e1 enxaguando seus cabelos demais? Pode estar causando frizz.\"}]},{\"@type\":\"WebSite\",\"@id\":\"https:\/\/artigos.abelacosmetics.com\/#website\",\"url\":\"https:\/\/artigos.abelacosmetics.com\/\",\"name\":\"Abela Cosmetics\",\"description\":\"Cuidados para Cabelos \u00danicos\",\"publisher\":{\"@id\":\"https:\/\/artigos.abelacosmetics.com\/#organization\"},\"potentialAction\":[{\"@type\":\"SearchAction\",\"target\":{\"@type\":\"EntryPoint\",\"urlTemplate\":\"https:\/\/artigos.abelacosmetics.com\/?s={search_term_string}\"},\"query-input\":{\"@type\":\"PropertyValueSpecification\",\"valueRequired\":true,\"valueName\":\"search_term_string\"}}],\"inLanguage\":\"es\"},{\"@type\":\"Organization\",\"@id\":\"https:\/\/artigos.abelacosmetics.com\/#organization\",\"name\":\"Abela Cosmetics\",\"url\":\"https:\/\/artigos.abelacosmetics.com\/\",\"logo\":{\"@type\":\"ImageObject\",\"inLanguage\":\"es\",\"@id\":\"https:\/\/artigos.abelacosmetics.com\/#\/schema\/logo\/image\/\",\"url\":\"https:\/\/artigos.abelacosmetics.com\/wp-content\/uploads\/2023\/02\/logo-abela.png\",\"contentUrl\":\"https:\/\/artigos.abelacosmetics.com\/wp-content\/uploads\/2023\/02\/logo-abela.png\",\"width\":183,\"height\":90,\"caption\":\"Abela Cosmetics\"},\"image\":{\"@id\":\"https:\/\/artigos.abelacosmetics.com\/#\/schema\/logo\/image\/\"},\"sameAs\":[\"https:\/\/www.facebook.com\/abelacosmetics\"]},{\"@type\":\"Person\",\"@id\":\"https:\/\/artigos.abelacosmetics.com\/#\/schema\/person\/675710be590edb47293978092f4e20f4\",\"name\":\"admin\",\"image\":{\"@type\":\"ImageObject\",\"inLanguage\":\"es\",\"@id\":\"https:\/\/artigos.abelacosmetics.com\/#\/schema\/person\/image\/\",\"url\":\"https:\/\/secure.gravatar.com\/avatar\/ce9ccc2de538d30bcc33874c5a730e8e078e64fce402cb3cf0668a7439a0e654?s=96&d=mm&r=g\",\"contentUrl\":\"https:\/\/secure.gravatar.com\/avatar\/ce9ccc2de538d30bcc33874c5a730e8e078e64fce402cb3cf0668a7439a0e654?s=96&d=mm&r=g\",\"caption\":\"admin\"},\"sameAs\":[\"http:\/\/localhost\/abela-cosmetic\"],\"url\":\"https:\/\/artigos.abelacosmetics.com\/es\/author\/admin\/\"}]}<\/script>\n<!-- \/ Yoast SEO Premium plugin. -->","yoast_head_json":{"title":"Ser\u00e1 que voc\u00ea est\u00e1 enxaguando seus cabelos demais? Pode estar causando frizz. - Abela Cosmetics","description":"O seu cabelo tem muito frizz ap\u00f3s a lavagem? Saiba que enxaguar demais o cabelo traz esses problemas!","robots":{"index":"index","follow":"follow","max-snippet":"max-snippet:-1","max-image-preview":"max-image-preview:large","max-video-preview":"max-video-preview:-1"},"canonical":"https:\/\/artigos.abelacosmetics.com\/es\/exaguar-o-cabelo-demais\/","og_locale":"es_ES","og_type":"article","og_title":"Ser\u00e1 que voc\u00ea est\u00e1 enxaguando seus cabelos demais? Pode estar causando frizz.","og_description":"O seu cabelo tem muito frizz ap\u00f3s a lavagem? Saiba que enxaguar demais o cabelo traz esses problemas!","og_url":"https:\/\/artigos.abelacosmetics.com\/es\/exaguar-o-cabelo-demais\/","og_site_name":"Abela Cosmetics","article_publisher":"https:\/\/www.facebook.com\/abelacosmetics","article_published_time":"2022-09-12T13:21:43+00:00","article_modified_time":"2023-01-05T21:00:36+00:00","og_image":[{"width":850,"height":430,"url":"https:\/\/artigos.abelacosmetics.com\/wp-content\/uploads\/2022\/09\/post-do-blog-2.png","type":"image\/png"}],"author":"admin","twitter_card":"summary_large_image","twitter_misc":{"Escrito por":"admin","Tiempo de lectura":"6 minutos"},"schema":{"@context":"https:\/\/schema.org","@graph":[{"@type":"Article","@id":"https:\/\/artigos.abelacosmetics.com\/exaguar-o-cabelo-demais\/#article","isPartOf":{"@id":"https:\/\/artigos.abelacosmetics.com\/exaguar-o-cabelo-demais\/"},"author":{"name":"admin","@id":"https:\/\/artigos.abelacosmetics.com\/#\/schema\/person\/675710be590edb47293978092f4e20f4"},"headline":"Ser\u00e1 que voc\u00ea est\u00e1 enxaguando seus cabelos demais? Pode estar causando frizz.","datePublished":"2022-09-12T13:21:43+00:00","dateModified":"2023-01-05T21:00:36+00:00","mainEntityOfPage":{"@id":"https:\/\/artigos.abelacosmetics.com\/exaguar-o-cabelo-demais\/"},"wordCount":894,"commentCount":0,"publisher":{"@id":"https:\/\/artigos.abelacosmetics.com\/#organization"},"image":{"@id":"https:\/\/artigos.abelacosmetics.com\/exaguar-o-cabelo-demais\/#primaryimage"},"thumbnailUrl":"https:\/\/artigos.abelacosmetics.com\/wp-content\/uploads\/2022\/09\/post-do-blog-2.png","articleSection":["Autocuidado","Conhe\u00e7a seus cabelos","Novidades"],"inLanguage":"es","potentialAction":[{"@type":"CommentAction","name":"Comment","target":["https:\/\/artigos.abelacosmetics.com\/exaguar-o-cabelo-demais\/#respond"]}]},{"@type":"WebPage","@id":"https:\/\/artigos.abelacosmetics.com\/exaguar-o-cabelo-demais\/","url":"https:\/\/artigos.abelacosmetics.com\/exaguar-o-cabelo-demais\/","name":"Ser\u00e1 que voc\u00ea est\u00e1 enxaguando seus cabelos demais? Pode estar causando frizz. - Abela Cosmetics","isPartOf":{"@id":"https:\/\/artigos.abelacosmetics.com\/#website"},"primaryImageOfPage":{"@id":"https:\/\/artigos.abelacosmetics.com\/exaguar-o-cabelo-demais\/#primaryimage"},"image":{"@id":"https:\/\/artigos.abelacosmetics.com\/exaguar-o-cabelo-demais\/#primaryimage"},"thumbnailUrl":"https:\/\/artigos.abelacosmetics.com\/wp-content\/uploads\/2022\/09\/post-do-blog-2.png","datePublished":"2022-09-12T13:21:43+00:00","dateModified":"2023-01-05T21:00:36+00:00","description":"O seu cabelo tem muito frizz ap\u00f3s a lavagem? Saiba que enxaguar demais o cabelo traz esses problemas!","breadcrumb":{"@id":"https:\/\/artigos.abelacosmetics.com\/exaguar-o-cabelo-demais\/#breadcrumb"},"inLanguage":"es","potentialAction":[{"@type":"ReadAction","target":["https:\/\/artigos.abelacosmetics.com\/exaguar-o-cabelo-demais\/"]}]},{"@type":"ImageObject","inLanguage":"es","@id":"https:\/\/artigos.abelacosmetics.com\/exaguar-o-cabelo-demais\/#primaryimage","url":"https:\/\/artigos.abelacosmetics.com\/wp-content\/uploads\/2022\/09\/post-do-blog-2.png","contentUrl":"https:\/\/artigos.abelacosmetics.com\/wp-content\/uploads\/2022\/09\/post-do-blog-2.png","width":850,"height":430},{"@type":"BreadcrumbList","@id":"https:\/\/artigos.abelacosmetics.com\/exaguar-o-cabelo-demais\/#breadcrumb","itemListElement":[{"@type":"ListItem","position":1,"name":"In\u00edcio","item":"https:\/\/artigos.abelacosmetics.com\/"},{"@type":"ListItem","position":2,"name":"Ser\u00e1 que voc\u00ea est\u00e1 enxaguando seus cabelos demais? Pode estar causando frizz."}]},{"@type":"WebSite","@id":"https:\/\/artigos.abelacosmetics.com\/#website","url":"https:\/\/artigos.abelacosmetics.com\/","name":"Abela Cosmetics","description":"Cuidados para Cabelos \u00danicos","publisher":{"@id":"https:\/\/artigos.abelacosmetics.com\/#organization"},"potentialAction":[{"@type":"SearchAction","target":{"@type":"EntryPoint","urlTemplate":"https:\/\/artigos.abelacosmetics.com\/?s={search_term_string}"},"query-input":{"@type":"PropertyValueSpecification","valueRequired":true,"valueName":"search_term_string"}}],"inLanguage":"es"},{"@type":"Organization","@id":"https:\/\/artigos.abelacosmetics.com\/#organization","name":"Abela Cosmetics","url":"https:\/\/artigos.abelacosmetics.com\/","logo":{"@type":"ImageObject","inLanguage":"es","@id":"https:\/\/artigos.abelacosmetics.com\/#\/schema\/logo\/image\/","url":"https:\/\/artigos.abelacosmetics.com\/wp-content\/uploads\/2023\/02\/logo-abela.png","contentUrl":"https:\/\/artigos.abelacosmetics.com\/wp-content\/uploads\/2023\/02\/logo-abela.png","width":183,"height":90,"caption":"Abela Cosmetics"},"image":{"@id":"https:\/\/artigos.abelacosmetics.com\/#\/schema\/logo\/image\/"},"sameAs":["https:\/\/www.facebook.com\/abelacosmetics"]},{"@type":"Person","@id":"https:\/\/artigos.abelacosmetics.com\/#\/schema\/person\/675710be590edb47293978092f4e20f4","name":"admin","image":{"@type":"ImageObject","inLanguage":"es","@id":"https:\/\/artigos.abelacosmetics.com\/#\/schema\/person\/image\/","url":"https:\/\/secure.gravatar.com\/avatar\/ce9ccc2de538d30bcc33874c5a730e8e078e64fce402cb3cf0668a7439a0e654?s=96&d=mm&r=g","contentUrl":"https:\/\/secure.gravatar.com\/avatar\/ce9ccc2de538d30bcc33874c5a730e8e078e64fce402cb3cf0668a7439a0e654?s=96&d=mm&r=g","caption":"admin"},"sameAs":["http:\/\/localhost\/abela-cosmetic"],"url":"https:\/\/artigos.abelacosmetics.com\/es\/author\/admin\/"}]}},"_links":{"self":[{"href":"https:\/\/artigos.abelacosmetics.com\/es\/wp-json\/wp\/v2\/posts\/1215","targetHints":{"allow":["GET"]}}],"collection":[{"href":"https:\/\/artigos.abelacosmetics.com\/es\/wp-json\/wp\/v2\/posts"}],"about":[{"href":"https:\/\/artigos.abelacosmetics.com\/es\/wp-json\/wp\/v2\/types\/post"}],"author":[{"embeddable":true,"href":"https:\/\/artigos.abelacosmetics.com\/es\/wp-json\/wp\/v2\/users\/1"}],"replies":[{"embeddable":true,"href":"https:\/\/artigos.abelacosmetics.com\/es\/wp-json\/wp\/v2\/comments?post=1215"}],"version-history":[{"count":4,"href":"https:\/\/artigos.abelacosmetics.com\/es\/wp-json\/wp\/v2\/posts\/1215\/revisions"}],"predecessor-version":[{"id":2248,"href":"https:\/\/artigos.abelacosmetics.com\/es\/wp-json\/wp\/v2\/posts\/1215\/revisions\/2248"}],"wp:featuredmedia":[{"embeddable":true,"href":"https:\/\/artigos.abelacosmetics.com\/es\/wp-json\/wp\/v2\/media\/1223"}],"wp:attachment":[{"href":"https:\/\/artigos.abelacosmetics.com\/es\/wp-json\/wp\/v2\/media?parent=1215"}],"wp:term":[{"taxonomy":"category","embeddable":true,"href":"https:\/\/artigos.abelacosmetics.com\/es\/wp-json\/wp\/v2\/categories?post=1215"},{"taxonomy":"post_tag","embeddable":true,"href":"https:\/\/artigos.abelacosmetics.com\/es\/wp-json\/wp\/v2\/tags?post=1215"}],"curies":[{"name":"wp","href":"https:\/\/api.w.org\/{rel}","templated":true}]}}