{"id":1149,"date":"2022-08-29T19:32:05","date_gmt":"2022-08-29T22:32:05","guid":{"rendered":"https:\/\/artigos.abelacosmetics.com\/?p=1149"},"modified":"2023-01-05T18:01:14","modified_gmt":"2023-01-05T21:01:14","slug":"oleo-mineral","status":"publish","type":"post","link":"https:\/\/artigos.abelacosmetics.com\/es\/oleo-mineral\/","title":{"rendered":"\u00d3leo mineral: saiba mais o que \u00e9 e os seus malef\u00edcios \u00e0 sa\u00fade capilar"},"content":{"rendered":"<p>&nbsp;<\/p>\n<p>&nbsp;<\/p>\n<p>O <strong>\u00f3leo mineral<\/strong> \u00e9 um \u00f3leo de parafina l\u00edquido sobre o qual muitas pessoas t\u00eam opini\u00f5es negativas.<\/p>\n<p>&nbsp;<\/p>\n<audio class=\"wp-audio-shortcode\" id=\"audio-1149-1\" preload=\"none\" style=\"width: 100%;\" controls=\"controls\"><source type=\"audio\/mpeg\" src=\"https:\/\/artigos.abelacosmetics.com\/wp-content\/uploads\/2022\/08\/oleo-mineral-1.mp3?_=1\" \/><a href=\"https:\/\/artigos.abelacosmetics.com\/wp-content\/uploads\/2022\/08\/oleo-mineral-1.mp3\">https:\/\/artigos.abelacosmetics.com\/wp-content\/uploads\/2022\/08\/oleo-mineral-1.mp3<\/a><\/audio>\n<p>&nbsp;<\/p>\n<p>No entanto, tamb\u00e9m \u00e9 um produto que muitas pessoas usam em seus cabelos.<\/p>\n<p>\u00c9 hora de conhecermos os benef\u00edcios e efeitos colaterais deste produto, pois \u00e9 muito conflitante.<\/p>\n<p>Alguns produtos cont\u00eam \u00f3leo mineral e muitas pessoas t\u00eam medo de usar todos os seus produtos porque ouviram dizer que o \u00f3leo mineral \u00e9 ruim.<\/p>\n<p>Muitas pessoas pensam que o uso desse \u00f3leo tem apenas efeitos negativos, mas isso n\u00e3o \u00e9 verdade.<\/p>\n<p>H\u00e1 muitos benef\u00edcios em usar o \u00f3leo mineral, e \u00e9 por isso que ele \u00e9 encontrado em muitos produtos.<\/p>\n<p>Quer ter cabelos saud\u00e1veis, e n\u00e3o sabe se deve usar produtos que tenham \u00f3leo mineral em sua f\u00f3rmula? Voc\u00ea chegou ao lugar certo.<\/p>\n<p>Acompanhe a leitura do artigo!<\/p>\n<h2><strong>O que \u00e9 o \u00f3leo mineral?<\/strong><\/h2>\n<p><img loading=\"lazy\" decoding=\"async\" class=\"alignnone wp-image-1151\" src=\"https:\/\/artigos.abelacosmetics.com\/wp-content\/uploads\/2022\/08\/11-1-300x169.png\" alt=\"\" width=\"756\" height=\"426\" srcset=\"https:\/\/artigos.abelacosmetics.com\/wp-content\/uploads\/2022\/08\/11-1-300x169.png 300w, https:\/\/artigos.abelacosmetics.com\/wp-content\/uploads\/2022\/08\/11-1-1024x576.png 1024w, https:\/\/artigos.abelacosmetics.com\/wp-content\/uploads\/2022\/08\/11-1-768x432.png 768w, https:\/\/artigos.abelacosmetics.com\/wp-content\/uploads\/2022\/08\/11-1-1536x864.png 1536w, https:\/\/artigos.abelacosmetics.com\/wp-content\/uploads\/2022\/08\/11-1-18x10.png 18w, https:\/\/artigos.abelacosmetics.com\/wp-content\/uploads\/2022\/08\/11-1.png 1920w\" sizes=\"auto, (max-width: 756px) 100vw, 756px\" \/><\/p>\n<p>Ele \u00e9 um produto obtido a partir do petr\u00f3leo bruto, atrav\u00e9s da adi\u00e7\u00e3o de produtos qu\u00edmicos.<\/p>\n<p>A subst\u00e2ncia \u00e9 l\u00edmpida e transparente, e tem uma composi\u00e7\u00e3o qu\u00edmica quase inexistente. Por ser produzido em grandes quantidades, o produto \u00e9 muito barato.<\/p>\n<p>Os \u00f3leos minerais recebem duas classifica\u00e7\u00f5es, que s\u00e3o definidas abaixo.<\/p>\n<ul>\n<li>Lubrificantes<\/li>\n<\/ul>\n<p>Muitos produtos usam \u00f3leos lubrificantes minerais como base, incluindo fluidos hidr\u00e1ulicos, \u00f3leos de motor, \u00f3leos de engrenagem e fluidos de transmiss\u00e3o.<\/p>\n<p>Os lubrificantes reduzem o atrito entre as partes m\u00f3veis e formam uma pel\u00edcula protetora entre as superf\u00edcies.<\/p>\n<p>Eles recebem essa classifica\u00e7\u00e3o por causa dessa caracter\u00edstica.<\/p>\n<ul>\n<li>N\u00e3o lubrificantes<\/li>\n<\/ul>\n<p>Os \u00f3leos minerais n\u00e3o lubrificam, mas s\u00e3o usados \u200b\u200bem muitos produtos.<\/p>\n<p>Eles s\u00e3o usados \u200b\u200bem alimentos, cosm\u00e9ticos, produtos farmac\u00eauticos, tintas de impress\u00e3o<\/p>\n<p>Os \u00f3leos minerais tamb\u00e9m s\u00e3o usados \u200b\u200bem cosm\u00e9ticos, como \u00f3leos essenciais usados \u200b\u200bem massagens na pele e em outros produtos.<\/p>\n<h2><strong>Mas como \u00e9 feito o \u00f3leo mineral?<\/strong><\/h2>\n<p>O \u00f3leo mineral \u00e9 normalmente encontrado na Terra.<\/p>\n<p>Pode ser extra\u00eddo atrav\u00e9s de minera\u00e7\u00e3o subterr\u00e2nea.<\/p>\n<p>Entretanto, o \u00f3leo tamb\u00e9m pode ser obtido a partir do petr\u00f3leo, que \u00e9 perfurado do solo, tamb\u00e9m pode ser extra\u00eddo de rochas e pedras, seja por aquecimento ou press\u00e3o.<\/p>\n<p>Al\u00e9m disso, o \u00f3leo tamb\u00e9m pode ser derivado de plantas e vegetais, embora n\u00e3o seja t\u00e3o comumente encontrado l\u00e1.<\/p>\n<p style=\"text-align: center;\"><img loading=\"lazy\" decoding=\"async\" class=\"wp-image-1152 alignleft\" src=\"https:\/\/artigos.abelacosmetics.com\/wp-content\/uploads\/2022\/08\/21-300x169.png\" alt=\"\" width=\"474\" height=\"267\" srcset=\"https:\/\/artigos.abelacosmetics.com\/wp-content\/uploads\/2022\/08\/21-300x169.png 300w, https:\/\/artigos.abelacosmetics.com\/wp-content\/uploads\/2022\/08\/21-1024x576.png 1024w, https:\/\/artigos.abelacosmetics.com\/wp-content\/uploads\/2022\/08\/21-768x432.png 768w, https:\/\/artigos.abelacosmetics.com\/wp-content\/uploads\/2022\/08\/21-1536x864.png 1536w, https:\/\/artigos.abelacosmetics.com\/wp-content\/uploads\/2022\/08\/21-18x10.png 18w, https:\/\/artigos.abelacosmetics.com\/wp-content\/uploads\/2022\/08\/21.png 1920w\" sizes=\"auto, (max-width: 474px) 100vw, 474px\" \/> O processo de obten\u00e7\u00e3o dele varia de acordo com a fonte de onde est\u00e1 sendo retirado.<\/p>\n<p style=\"text-align: center;\">Ele possui outro nome n\u00e3o t\u00e3o conhecido que \u00e9 o \u00f3leo de parafina, pois cont\u00e9m muitos hidrocarbonetos diferentes.<\/p>\n<p style=\"text-align: center;\">Os \u00f3leos minerais cont\u00eam muitos hidrocarbonetos diferentes e s\u00e3o conhecidos por seus efeitos ben\u00e9ficos na sa\u00fade de uma pessoa, como ajudar em problemas de pele.<\/p>\n<p style=\"text-align: center;\">Quando o petr\u00f3leo bruto \u00e9 destilado em um processo usando press\u00e3o de ar, o \u00f3leo mineral \u00e9 criado.<\/p>\n<p style=\"text-align: center;\">Minerais e outras subst\u00e2ncias s\u00e3o feitas de \u00f3leo mineral puro, que \u00e9 o produto final de uma mistura complexa de hidrocarbonetos, incluindo parafinas, naftenos e compostos contendo carbonos e hidrog\u00eanios.<\/p>\n<h2><\/h2>\n<h2><strong>Malef\u00edcios \u00e0 sa\u00fade capilar<\/strong><\/h2>\n<p><img loading=\"lazy\" decoding=\"async\" class=\"wp-image-1153 alignright\" src=\"https:\/\/artigos.abelacosmetics.com\/wp-content\/uploads\/2022\/08\/3-2-300x300.png\" alt=\"\" width=\"395\" height=\"395\" srcset=\"https:\/\/artigos.abelacosmetics.com\/wp-content\/uploads\/2022\/08\/3-2-300x300.png 300w, https:\/\/artigos.abelacosmetics.com\/wp-content\/uploads\/2022\/08\/3-2-150x150.png 150w, https:\/\/artigos.abelacosmetics.com\/wp-content\/uploads\/2022\/08\/3-2-768x768.png 768w, https:\/\/artigos.abelacosmetics.com\/wp-content\/uploads\/2022\/08\/3-2-12x12.png 12w, https:\/\/artigos.abelacosmetics.com\/wp-content\/uploads\/2022\/08\/3-2.png 1000w\" sizes=\"auto, (max-width: 395px) 100vw, 395px\" \/><\/p>\n<p style=\"text-align: left;\">Algumas alega\u00e7\u00f5es dizem que o cabelo n\u00e3o pode absorver vitaminas e nutrientes quando o \u00f3leo \u00e9 usado no cabelo.<\/p>\n<p style=\"text-align: left;\">N\u00e3o h\u00e1 evid\u00eancias cient\u00edficas de que essas alega\u00e7\u00f5es sejam verdadeiras.<\/p>\n<p style=\"text-align: left;\">Tratamentos e outros produtos capilares n\u00e3o podem penetrar no cabelo quando h\u00e1 uma camada protetora ao redor dos fios criada pelo \u00f3leo mineral.<\/p>\n<p style=\"text-align: left;\">Outro problema com ele, \u00e9 que, se voc\u00ea o usar no cabelo e n\u00e3o o lavar, o cabelo pode ficar seco e sem vida.<\/p>\n<p style=\"text-align: left;\">Pelo sim ou pelo n\u00e3o, \u00e9 bom evitar usar esse \u00f3leo no cabelo.<\/p>\n<p>&nbsp;<\/p>\n<p>Por este motivo, a <u><a href=\"https:\/\/artigos.abelacosmetics.com\/es\/\">Abela Cosmetics<\/a><\/u> decidiu ter <u><a href=\"https:\/\/artigos.abelacosmetics.com\/es\/produtos\/\">linhas de produtos capilares<\/a> <\/u>totalmente livres de parabenos, \u00f3leo mineral, parafinas, silicones insol\u00faveis e petrolatos.Confira em <u><a href=\"https:\/\/artigos.abelacosmetics.com\/es\/\">nosso site<\/a><\/u> todos os nossos produtos de shampoos, passando por condicionadores, m\u00e1scaras e finalizadores.<\/p>\n<p><img loading=\"lazy\" decoding=\"async\" class=\"alignnone wp-image-1154\" src=\"https:\/\/artigos.abelacosmetics.com\/wp-content\/uploads\/2022\/08\/2-2-300x300.png\" alt=\"\" width=\"841\" height=\"841\" srcset=\"https:\/\/artigos.abelacosmetics.com\/wp-content\/uploads\/2022\/08\/2-2-300x300.png 300w, https:\/\/artigos.abelacosmetics.com\/wp-content\/uploads\/2022\/08\/2-2-150x150.png 150w, https:\/\/artigos.abelacosmetics.com\/wp-content\/uploads\/2022\/08\/2-2-768x768.png 768w, https:\/\/artigos.abelacosmetics.com\/wp-content\/uploads\/2022\/08\/2-2-12x12.png 12w, https:\/\/artigos.abelacosmetics.com\/wp-content\/uploads\/2022\/08\/2-2.png 1000w\" sizes=\"auto, (max-width: 841px) 100vw, 841px\" \/><\/p>","protected":false},"excerpt":{"rendered":"<p>&nbsp; &nbsp; O \u00f3leo mineral \u00e9 um \u00f3leo de parafina l\u00edquido sobre o qual muitas pessoas t\u00eam opini\u00f5es negativas. &nbsp; &nbsp; No entanto, tamb\u00e9m \u00e9 um produto que muitas pessoas usam em seus cabelos. \u00c9 hora de conhecermos os benef\u00edcios e efeitos colaterais deste produto, pois \u00e9 muito conflitante. Alguns produtos cont\u00eam \u00f3leo mineral e [&hellip;]<\/p>","protected":false},"author":1,"featured_media":1150,"comment_status":"open","ping_status":"open","sticky":false,"template":"","format":"standard","meta":{"_acf_changed":false,"_mo_disable_npp":"","inline_featured_image":false,"footnotes":""},"categories":[32],"tags":[],"class_list":["post-1149","post","type-post","status-publish","format-standard","has-post-thumbnail","hentry","category-informacoes"],"acf":[],"yoast_head":"<!-- This site is optimized with the Yoast SEO Premium plugin v19.2.1 (Yoast SEO v26.9) - https:\/\/yoast.com\/product\/yoast-seo-premium-wordpress\/ -->\n<title>\u00d3leo mineral: saiba mais o que \u00e9 e os seus malef\u00edcios \u00e0 sa\u00fade capilar - Abela Cosmetics<\/title>\n<meta name=\"description\" content=\"Voc\u00ea conhece o \u00f3leo mineral, composto bastante utilizado em cosm\u00e9ticos? Entenda o que \u00e9 e os seus malef\u00edcios \u00e0 sa\u00fade capilar.\" \/>\n<meta name=\"robots\" content=\"index, follow, max-snippet:-1, max-image-preview:large, max-video-preview:-1\" \/>\n<link rel=\"canonical\" href=\"https:\/\/artigos.abelacosmetics.com\/es\/oleo-mineral\/\" \/>\n<meta property=\"og:locale\" content=\"es_ES\" \/>\n<meta property=\"og:type\" content=\"article\" \/>\n<meta property=\"og:title\" content=\"\u00d3leo mineral: saiba mais o que \u00e9 e os seus malef\u00edcios \u00e0 sa\u00fade capilar\" \/>\n<meta property=\"og:description\" content=\"Voc\u00ea conhece o \u00f3leo mineral, composto bastante utilizado em cosm\u00e9ticos? Entenda o que \u00e9 e os seus malef\u00edcios \u00e0 sa\u00fade capilar.\" \/>\n<meta property=\"og:url\" content=\"https:\/\/artigos.abelacosmetics.com\/es\/oleo-mineral\/\" \/>\n<meta property=\"og:site_name\" content=\"Abela Cosmetics\" \/>\n<meta property=\"article:publisher\" content=\"https:\/\/www.facebook.com\/abelacosmetics\" \/>\n<meta property=\"article:published_time\" content=\"2022-08-29T22:32:05+00:00\" \/>\n<meta property=\"article:modified_time\" content=\"2023-01-05T21:01:14+00:00\" \/>\n<meta property=\"og:image\" content=\"https:\/\/artigos.abelacosmetics.com\/wp-content\/uploads\/2022\/08\/post-do-blog-2.png\" \/>\n\t<meta property=\"og:image:width\" content=\"850\" \/>\n\t<meta property=\"og:image:height\" content=\"430\" \/>\n\t<meta property=\"og:image:type\" content=\"image\/png\" \/>\n<meta name=\"author\" content=\"admin\" \/>\n<meta name=\"twitter:card\" content=\"summary_large_image\" \/>\n<meta name=\"twitter:label1\" content=\"Escrito por\" \/>\n\t<meta name=\"twitter:data1\" content=\"admin\" \/>\n\t<meta name=\"twitter:label2\" content=\"Tiempo de lectura\" \/>\n\t<meta name=\"twitter:data2\" content=\"5 minutos\" \/>\n<script type=\"application\/ld+json\" class=\"yoast-schema-graph\">{\"@context\":\"https:\/\/schema.org\",\"@graph\":[{\"@type\":\"Article\",\"@id\":\"https:\/\/artigos.abelacosmetics.com\/oleo-mineral\/#article\",\"isPartOf\":{\"@id\":\"https:\/\/artigos.abelacosmetics.com\/oleo-mineral\/\"},\"author\":{\"name\":\"admin\",\"@id\":\"https:\/\/artigos.abelacosmetics.com\/#\/schema\/person\/675710be590edb47293978092f4e20f4\"},\"headline\":\"\u00d3leo mineral: saiba mais o que \u00e9 e os seus malef\u00edcios \u00e0 sa\u00fade capilar\",\"datePublished\":\"2022-08-29T22:32:05+00:00\",\"dateModified\":\"2023-01-05T21:01:14+00:00\",\"mainEntityOfPage\":{\"@id\":\"https:\/\/artigos.abelacosmetics.com\/oleo-mineral\/\"},\"wordCount\":675,\"commentCount\":0,\"publisher\":{\"@id\":\"https:\/\/artigos.abelacosmetics.com\/#organization\"},\"image\":{\"@id\":\"https:\/\/artigos.abelacosmetics.com\/oleo-mineral\/#primaryimage\"},\"thumbnailUrl\":\"https:\/\/artigos.abelacosmetics.com\/wp-content\/uploads\/2022\/08\/post-do-blog-2.png\",\"articleSection\":[\"Informa\u00e7\u00f5es\"],\"inLanguage\":\"es\",\"potentialAction\":[{\"@type\":\"CommentAction\",\"name\":\"Comment\",\"target\":[\"https:\/\/artigos.abelacosmetics.com\/oleo-mineral\/#respond\"]}]},{\"@type\":\"WebPage\",\"@id\":\"https:\/\/artigos.abelacosmetics.com\/oleo-mineral\/\",\"url\":\"https:\/\/artigos.abelacosmetics.com\/oleo-mineral\/\",\"name\":\"\u00d3leo mineral: saiba mais o que \u00e9 e os seus malef\u00edcios \u00e0 sa\u00fade capilar - Abela Cosmetics\",\"isPartOf\":{\"@id\":\"https:\/\/artigos.abelacosmetics.com\/#website\"},\"primaryImageOfPage\":{\"@id\":\"https:\/\/artigos.abelacosmetics.com\/oleo-mineral\/#primaryimage\"},\"image\":{\"@id\":\"https:\/\/artigos.abelacosmetics.com\/oleo-mineral\/#primaryimage\"},\"thumbnailUrl\":\"https:\/\/artigos.abelacosmetics.com\/wp-content\/uploads\/2022\/08\/post-do-blog-2.png\",\"datePublished\":\"2022-08-29T22:32:05+00:00\",\"dateModified\":\"2023-01-05T21:01:14+00:00\",\"description\":\"Voc\u00ea conhece o \u00f3leo mineral, composto bastante utilizado em cosm\u00e9ticos? Entenda o que \u00e9 e os seus malef\u00edcios \u00e0 sa\u00fade capilar.\",\"breadcrumb\":{\"@id\":\"https:\/\/artigos.abelacosmetics.com\/oleo-mineral\/#breadcrumb\"},\"inLanguage\":\"es\",\"potentialAction\":[{\"@type\":\"ReadAction\",\"target\":[\"https:\/\/artigos.abelacosmetics.com\/oleo-mineral\/\"]}]},{\"@type\":\"ImageObject\",\"inLanguage\":\"es\",\"@id\":\"https:\/\/artigos.abelacosmetics.com\/oleo-mineral\/#primaryimage\",\"url\":\"https:\/\/artigos.abelacosmetics.com\/wp-content\/uploads\/2022\/08\/post-do-blog-2.png\",\"contentUrl\":\"https:\/\/artigos.abelacosmetics.com\/wp-content\/uploads\/2022\/08\/post-do-blog-2.png\",\"width\":850,\"height\":430},{\"@type\":\"BreadcrumbList\",\"@id\":\"https:\/\/artigos.abelacosmetics.com\/oleo-mineral\/#breadcrumb\",\"itemListElement\":[{\"@type\":\"ListItem\",\"position\":1,\"name\":\"In\u00edcio\",\"item\":\"https:\/\/artigos.abelacosmetics.com\/\"},{\"@type\":\"ListItem\",\"position\":2,\"name\":\"\u00d3leo mineral: saiba mais o que \u00e9 e os seus malef\u00edcios \u00e0 sa\u00fade capilar\"}]},{\"@type\":\"WebSite\",\"@id\":\"https:\/\/artigos.abelacosmetics.com\/#website\",\"url\":\"https:\/\/artigos.abelacosmetics.com\/\",\"name\":\"Abela Cosmetics\",\"description\":\"Cuidados para Cabelos \u00danicos\",\"publisher\":{\"@id\":\"https:\/\/artigos.abelacosmetics.com\/#organization\"},\"potentialAction\":[{\"@type\":\"SearchAction\",\"target\":{\"@type\":\"EntryPoint\",\"urlTemplate\":\"https:\/\/artigos.abelacosmetics.com\/?s={search_term_string}\"},\"query-input\":{\"@type\":\"PropertyValueSpecification\",\"valueRequired\":true,\"valueName\":\"search_term_string\"}}],\"inLanguage\":\"es\"},{\"@type\":\"Organization\",\"@id\":\"https:\/\/artigos.abelacosmetics.com\/#organization\",\"name\":\"Abela Cosmetics\",\"url\":\"https:\/\/artigos.abelacosmetics.com\/\",\"logo\":{\"@type\":\"ImageObject\",\"inLanguage\":\"es\",\"@id\":\"https:\/\/artigos.abelacosmetics.com\/#\/schema\/logo\/image\/\",\"url\":\"https:\/\/artigos.abelacosmetics.com\/wp-content\/uploads\/2023\/02\/logo-abela.png\",\"contentUrl\":\"https:\/\/artigos.abelacosmetics.com\/wp-content\/uploads\/2023\/02\/logo-abela.png\",\"width\":183,\"height\":90,\"caption\":\"Abela Cosmetics\"},\"image\":{\"@id\":\"https:\/\/artigos.abelacosmetics.com\/#\/schema\/logo\/image\/\"},\"sameAs\":[\"https:\/\/www.facebook.com\/abelacosmetics\"]},{\"@type\":\"Person\",\"@id\":\"https:\/\/artigos.abelacosmetics.com\/#\/schema\/person\/675710be590edb47293978092f4e20f4\",\"name\":\"admin\",\"image\":{\"@type\":\"ImageObject\",\"inLanguage\":\"es\",\"@id\":\"https:\/\/artigos.abelacosmetics.com\/#\/schema\/person\/image\/\",\"url\":\"https:\/\/secure.gravatar.com\/avatar\/ce9ccc2de538d30bcc33874c5a730e8e078e64fce402cb3cf0668a7439a0e654?s=96&d=mm&r=g\",\"contentUrl\":\"https:\/\/secure.gravatar.com\/avatar\/ce9ccc2de538d30bcc33874c5a730e8e078e64fce402cb3cf0668a7439a0e654?s=96&d=mm&r=g\",\"caption\":\"admin\"},\"sameAs\":[\"http:\/\/localhost\/abela-cosmetic\"],\"url\":\"https:\/\/artigos.abelacosmetics.com\/es\/author\/admin\/\"}]}<\/script>\n<!-- \/ Yoast SEO Premium plugin. -->","yoast_head_json":{"title":"\u00d3leo mineral: saiba mais o que \u00e9 e os seus malef\u00edcios \u00e0 sa\u00fade capilar - Abela Cosmetics","description":"Voc\u00ea conhece o \u00f3leo mineral, composto bastante utilizado em cosm\u00e9ticos? Entenda o que \u00e9 e os seus malef\u00edcios \u00e0 sa\u00fade capilar.","robots":{"index":"index","follow":"follow","max-snippet":"max-snippet:-1","max-image-preview":"max-image-preview:large","max-video-preview":"max-video-preview:-1"},"canonical":"https:\/\/artigos.abelacosmetics.com\/es\/oleo-mineral\/","og_locale":"es_ES","og_type":"article","og_title":"\u00d3leo mineral: saiba mais o que \u00e9 e os seus malef\u00edcios \u00e0 sa\u00fade capilar","og_description":"Voc\u00ea conhece o \u00f3leo mineral, composto bastante utilizado em cosm\u00e9ticos? Entenda o que \u00e9 e os seus malef\u00edcios \u00e0 sa\u00fade capilar.","og_url":"https:\/\/artigos.abelacosmetics.com\/es\/oleo-mineral\/","og_site_name":"Abela Cosmetics","article_publisher":"https:\/\/www.facebook.com\/abelacosmetics","article_published_time":"2022-08-29T22:32:05+00:00","article_modified_time":"2023-01-05T21:01:14+00:00","og_image":[{"width":850,"height":430,"url":"https:\/\/artigos.abelacosmetics.com\/wp-content\/uploads\/2022\/08\/post-do-blog-2.png","type":"image\/png"}],"author":"admin","twitter_card":"summary_large_image","twitter_misc":{"Escrito por":"admin","Tiempo de lectura":"5 minutos"},"schema":{"@context":"https:\/\/schema.org","@graph":[{"@type":"Article","@id":"https:\/\/artigos.abelacosmetics.com\/oleo-mineral\/#article","isPartOf":{"@id":"https:\/\/artigos.abelacosmetics.com\/oleo-mineral\/"},"author":{"name":"admin","@id":"https:\/\/artigos.abelacosmetics.com\/#\/schema\/person\/675710be590edb47293978092f4e20f4"},"headline":"\u00d3leo mineral: saiba mais o que \u00e9 e os seus malef\u00edcios \u00e0 sa\u00fade capilar","datePublished":"2022-08-29T22:32:05+00:00","dateModified":"2023-01-05T21:01:14+00:00","mainEntityOfPage":{"@id":"https:\/\/artigos.abelacosmetics.com\/oleo-mineral\/"},"wordCount":675,"commentCount":0,"publisher":{"@id":"https:\/\/artigos.abelacosmetics.com\/#organization"},"image":{"@id":"https:\/\/artigos.abelacosmetics.com\/oleo-mineral\/#primaryimage"},"thumbnailUrl":"https:\/\/artigos.abelacosmetics.com\/wp-content\/uploads\/2022\/08\/post-do-blog-2.png","articleSection":["Informa\u00e7\u00f5es"],"inLanguage":"es","potentialAction":[{"@type":"CommentAction","name":"Comment","target":["https:\/\/artigos.abelacosmetics.com\/oleo-mineral\/#respond"]}]},{"@type":"WebPage","@id":"https:\/\/artigos.abelacosmetics.com\/oleo-mineral\/","url":"https:\/\/artigos.abelacosmetics.com\/oleo-mineral\/","name":"\u00d3leo mineral: saiba mais o que \u00e9 e os seus malef\u00edcios \u00e0 sa\u00fade capilar - Abela Cosmetics","isPartOf":{"@id":"https:\/\/artigos.abelacosmetics.com\/#website"},"primaryImageOfPage":{"@id":"https:\/\/artigos.abelacosmetics.com\/oleo-mineral\/#primaryimage"},"image":{"@id":"https:\/\/artigos.abelacosmetics.com\/oleo-mineral\/#primaryimage"},"thumbnailUrl":"https:\/\/artigos.abelacosmetics.com\/wp-content\/uploads\/2022\/08\/post-do-blog-2.png","datePublished":"2022-08-29T22:32:05+00:00","dateModified":"2023-01-05T21:01:14+00:00","description":"Voc\u00ea conhece o \u00f3leo mineral, composto bastante utilizado em cosm\u00e9ticos? Entenda o que \u00e9 e os seus malef\u00edcios \u00e0 sa\u00fade capilar.","breadcrumb":{"@id":"https:\/\/artigos.abelacosmetics.com\/oleo-mineral\/#breadcrumb"},"inLanguage":"es","potentialAction":[{"@type":"ReadAction","target":["https:\/\/artigos.abelacosmetics.com\/oleo-mineral\/"]}]},{"@type":"ImageObject","inLanguage":"es","@id":"https:\/\/artigos.abelacosmetics.com\/oleo-mineral\/#primaryimage","url":"https:\/\/artigos.abelacosmetics.com\/wp-content\/uploads\/2022\/08\/post-do-blog-2.png","contentUrl":"https:\/\/artigos.abelacosmetics.com\/wp-content\/uploads\/2022\/08\/post-do-blog-2.png","width":850,"height":430},{"@type":"BreadcrumbList","@id":"https:\/\/artigos.abelacosmetics.com\/oleo-mineral\/#breadcrumb","itemListElement":[{"@type":"ListItem","position":1,"name":"In\u00edcio","item":"https:\/\/artigos.abelacosmetics.com\/"},{"@type":"ListItem","position":2,"name":"\u00d3leo mineral: saiba mais o que \u00e9 e os seus malef\u00edcios \u00e0 sa\u00fade capilar"}]},{"@type":"WebSite","@id":"https:\/\/artigos.abelacosmetics.com\/#website","url":"https:\/\/artigos.abelacosmetics.com\/","name":"Abela Cosmetics","description":"Cuidados para Cabelos \u00danicos","publisher":{"@id":"https:\/\/artigos.abelacosmetics.com\/#organization"},"potentialAction":[{"@type":"SearchAction","target":{"@type":"EntryPoint","urlTemplate":"https:\/\/artigos.abelacosmetics.com\/?s={search_term_string}"},"query-input":{"@type":"PropertyValueSpecification","valueRequired":true,"valueName":"search_term_string"}}],"inLanguage":"es"},{"@type":"Organization","@id":"https:\/\/artigos.abelacosmetics.com\/#organization","name":"Abela Cosmetics","url":"https:\/\/artigos.abelacosmetics.com\/","logo":{"@type":"ImageObject","inLanguage":"es","@id":"https:\/\/artigos.abelacosmetics.com\/#\/schema\/logo\/image\/","url":"https:\/\/artigos.abelacosmetics.com\/wp-content\/uploads\/2023\/02\/logo-abela.png","contentUrl":"https:\/\/artigos.abelacosmetics.com\/wp-content\/uploads\/2023\/02\/logo-abela.png","width":183,"height":90,"caption":"Abela Cosmetics"},"image":{"@id":"https:\/\/artigos.abelacosmetics.com\/#\/schema\/logo\/image\/"},"sameAs":["https:\/\/www.facebook.com\/abelacosmetics"]},{"@type":"Person","@id":"https:\/\/artigos.abelacosmetics.com\/#\/schema\/person\/675710be590edb47293978092f4e20f4","name":"admin","image":{"@type":"ImageObject","inLanguage":"es","@id":"https:\/\/artigos.abelacosmetics.com\/#\/schema\/person\/image\/","url":"https:\/\/secure.gravatar.com\/avatar\/ce9ccc2de538d30bcc33874c5a730e8e078e64fce402cb3cf0668a7439a0e654?s=96&d=mm&r=g","contentUrl":"https:\/\/secure.gravatar.com\/avatar\/ce9ccc2de538d30bcc33874c5a730e8e078e64fce402cb3cf0668a7439a0e654?s=96&d=mm&r=g","caption":"admin"},"sameAs":["http:\/\/localhost\/abela-cosmetic"],"url":"https:\/\/artigos.abelacosmetics.com\/es\/author\/admin\/"}]}},"_links":{"self":[{"href":"https:\/\/artigos.abelacosmetics.com\/es\/wp-json\/wp\/v2\/posts\/1149","targetHints":{"allow":["GET"]}}],"collection":[{"href":"https:\/\/artigos.abelacosmetics.com\/es\/wp-json\/wp\/v2\/posts"}],"about":[{"href":"https:\/\/artigos.abelacosmetics.com\/es\/wp-json\/wp\/v2\/types\/post"}],"author":[{"embeddable":true,"href":"https:\/\/artigos.abelacosmetics.com\/es\/wp-json\/wp\/v2\/users\/1"}],"replies":[{"embeddable":true,"href":"https:\/\/artigos.abelacosmetics.com\/es\/wp-json\/wp\/v2\/comments?post=1149"}],"version-history":[{"count":11,"href":"https:\/\/artigos.abelacosmetics.com\/es\/wp-json\/wp\/v2\/posts\/1149\/revisions"}],"predecessor-version":[{"id":2252,"href":"https:\/\/artigos.abelacosmetics.com\/es\/wp-json\/wp\/v2\/posts\/1149\/revisions\/2252"}],"wp:featuredmedia":[{"embeddable":true,"href":"https:\/\/artigos.abelacosmetics.com\/es\/wp-json\/wp\/v2\/media\/1150"}],"wp:attachment":[{"href":"https:\/\/artigos.abelacosmetics.com\/es\/wp-json\/wp\/v2\/media?parent=1149"}],"wp:term":[{"taxonomy":"category","embeddable":true,"href":"https:\/\/artigos.abelacosmetics.com\/es\/wp-json\/wp\/v2\/categories?post=1149"},{"taxonomy":"post_tag","embeddable":true,"href":"https:\/\/artigos.abelacosmetics.com\/es\/wp-json\/wp\/v2\/tags?post=1149"}],"curies":[{"name":"wp","href":"https:\/\/api.w.org\/{rel}","templated":true}]}}