{"id":1091,"date":"2022-08-25T09:26:58","date_gmt":"2022-08-25T12:26:58","guid":{"rendered":"https:\/\/artigos.abelacosmetics.com\/?p=1091"},"modified":"2023-01-05T18:01:30","modified_gmt":"2023-01-05T21:01:30","slug":"como-o-cabelo-muda-com-a-idade","status":"publish","type":"post","link":"https:\/\/artigos.abelacosmetics.com\/es\/como-o-cabelo-muda-com-a-idade\/","title":{"rendered":"Como o cabelo muda com a idade?"},"content":{"rendered":"<p>&nbsp;<\/p>\n<p>&nbsp;<\/p>\n<p>O envelhecimento dos nossos cabelos est\u00e1 ligado \u00e0 nossa idade biol\u00f3gica, mas alguns fatores como altera\u00e7\u00f5es hormonais, h\u00e1bito de fumar e beber com frequ\u00eancia e algumas defici\u00eancias nutricionais podem acelerar o processo.<\/p>\n<p>&nbsp;<\/p>\n<audio class=\"wp-audio-shortcode\" id=\"audio-1091-1\" preload=\"none\" style=\"width: 100%;\" controls=\"controls\"><source type=\"audio\/mpeg\" src=\"https:\/\/artigos.abelacosmetics.com\/wp-content\/uploads\/2022\/08\/Como-o-cabelo-muda-com-a-idade-1.mp3?_=1\" \/><a href=\"https:\/\/artigos.abelacosmetics.com\/wp-content\/uploads\/2022\/08\/Como-o-cabelo-muda-com-a-idade-1.mp3\">https:\/\/artigos.abelacosmetics.com\/wp-content\/uploads\/2022\/08\/Como-o-cabelo-muda-com-a-idade-1.mp3<\/a><\/audio>\n<p>&nbsp;<\/p>\n<p>Quando fazemos 30 anos, h\u00e1 uma diminui\u00e7\u00e3o no metabolismo e o cabelo tamb\u00e9m muda.<\/p>\n<p>H\u00e1 afinamento da fibra capilar e o cabelo demora mais para crescer. Nas mulheres, os cabelos se afinam e nos homens, a perda dos fios come\u00e7a a acontecer.<\/p>\n<p>Isso acontece porque as duas prote\u00ednas respons\u00e1veis pela resist\u00eancia e selamento dos fios \u2013 elastina e col\u00e1geno \u2013 s\u00e3o produzidas pelo nosso organismo em menor velocidade.<\/p>\n<p>Quando a mulher entra na menopausa, a qualidade da queratina capilar \u00e9 afetada pela queda da produ\u00e7\u00e3o de horm\u00f4nios pelo corpo.<\/p>\n<p>Consequentemente, os fios ficam mais \u00e1speros, porosos e sem brilho, e os cabelos ficam mais fr\u00e1geis.<\/p>\n<p>Muitas mulheres acabam achando que o cabelo est\u00e1 danificado, mas na verdade ele est\u00e1 envelhecido.<\/p>\n<p>Quando o cabelo est\u00e1 danificado, ele apresenta pontas duplas, fios quebrados, perda do brilho e maior opacidade dos fios, j\u00e1 os cabelos envelhecidos, apresentam uma altera\u00e7\u00e3o em toda a estrutura do fio, que fica menos espesso, menos denso e come\u00e7am a ficar brancos.<\/p>\n<p>Esse processo de envelhecimento pode ocorrer tanto por fatores internos e hormonais como por fatores externos.<\/p>\n<p><img loading=\"lazy\" decoding=\"async\" class=\"alignnone wp-image-1092\" src=\"https:\/\/artigos.abelacosmetics.com\/wp-content\/uploads\/2022\/08\/1-1-300x169.jpg\" alt=\"\" width=\"1111\" height=\"626\" srcset=\"https:\/\/artigos.abelacosmetics.com\/wp-content\/uploads\/2022\/08\/1-1-300x169.jpg 300w, https:\/\/artigos.abelacosmetics.com\/wp-content\/uploads\/2022\/08\/1-1-1024x576.jpg 1024w, https:\/\/artigos.abelacosmetics.com\/wp-content\/uploads\/2022\/08\/1-1-768x432.jpg 768w, https:\/\/artigos.abelacosmetics.com\/wp-content\/uploads\/2022\/08\/1-1-1536x864.jpg 1536w, https:\/\/artigos.abelacosmetics.com\/wp-content\/uploads\/2022\/08\/1-1-18x10.jpg 18w, https:\/\/artigos.abelacosmetics.com\/wp-content\/uploads\/2022\/08\/1-1.jpg 1920w\" sizes=\"auto, (max-width: 1111px) 100vw, 1111px\" \/><\/p>\n<h2><strong>Consequ\u00eancias para os fios com o passar dos anos:<\/strong><\/h2>\n<p>Por volta dos 30 anos a produ\u00e7\u00e3o de melanina diminui e os melan\u00f3citos come\u00e7am a trabalhar mais devagar em nosso organismo. Nesse caso, para resolver o problema dos cabelos brancos, s\u00f3 pintando.<\/p>\n<p>Os fios tamb\u00e9m mudam de textura, ficando com mais frizz e quebram com mais facilidade. Tratamentos como cauteriza\u00e7\u00e3o e queratiniza\u00e7\u00e3o s\u00e3o os mais indicados para essa fase.<\/p>\n<p>Tamb\u00e9m podemos dizer que um desequil\u00edbrio acontece: a atividade das gl\u00e2ndulas seb\u00e1ceas diminuem no couro cabeludo e ele fica menos el\u00e1stico, mais seco e quebradi\u00e7o. Para preservar a defesa natural do couro cabeludo, nesse caso \u00e9 bom alternar as lavagens.<\/p>\n<p>O fio nasce cada vez mais fino e isso acontece por conta da perda da densidade e volume. O bulbo capilar come\u00e7a a ficar menos irrigado e a microcircula\u00e7\u00e3o fica prejudicada.<\/p>\n<p>Conhecer as especificidades de cada faixa et\u00e1ria \u00e9 importante, e ajuda a conter os danos e se adaptar melhor \u00e0s novas caracter\u00edsticas. Vamos ver um pouco sobre os cabelos ao passar dos anos:<\/p>\n<p><img loading=\"lazy\" decoding=\"async\" class=\"alignnone wp-image-1093\" src=\"https:\/\/artigos.abelacosmetics.com\/wp-content\/uploads\/2022\/08\/3-2-300x169.jpg\" alt=\"\" width=\"1150\" height=\"648\" srcset=\"https:\/\/artigos.abelacosmetics.com\/wp-content\/uploads\/2022\/08\/3-2-300x169.jpg 300w, https:\/\/artigos.abelacosmetics.com\/wp-content\/uploads\/2022\/08\/3-2-1024x576.jpg 1024w, https:\/\/artigos.abelacosmetics.com\/wp-content\/uploads\/2022\/08\/3-2-768x432.jpg 768w, https:\/\/artigos.abelacosmetics.com\/wp-content\/uploads\/2022\/08\/3-2-1536x864.jpg 1536w, https:\/\/artigos.abelacosmetics.com\/wp-content\/uploads\/2022\/08\/3-2-18x10.jpg 18w, https:\/\/artigos.abelacosmetics.com\/wp-content\/uploads\/2022\/08\/3-2.jpg 1920w\" sizes=\"auto, (max-width: 1150px) 100vw, 1150px\" \/><\/p>\n<h2><strong>Aos 30 anos<\/strong><\/h2>\n<p>Nessa idade, os horm\u00f4nios femininos ainda est\u00e3o trabalhando a todo vapor e isso faz com que os fios ainda sejam fortes e saud\u00e1veis.<\/p>\n<p>Por\u00e9m, os cuidados do dia a dia s\u00e3o suficientes. Mas o uso frequente de secador e chapinha, alisamentos e outros procedimentos qu\u00edmicos tornam o cabelo mais suscet\u00edvel a danos. O foco da mulher nessa fase deve estar na preven\u00e7\u00e3o.<\/p>\n<p>\u00c9 importante passar um finalizador com FPS se for sair ao sol. Se for usar <em>babyliss<\/em> ou chapinha, troque o condicionador pela m\u00e1scara quando for lavar, e n\u00e3o deixe de passar um protetor t\u00e9rmico antes de expor as mechas ao calor.<\/p>\n<p>Fazer uma hidrata\u00e7\u00e3o caprichada com ampolas pelo menos uma vez por semana far\u00e1 com que seu cabelo fique mais male\u00e1vel e fique mais resistente \u00e0s agress\u00f5es.<\/p>\n<p>&nbsp;<\/p>\n<p><img loading=\"lazy\" decoding=\"async\" class=\"alignnone wp-image-1094\" src=\"https:\/\/artigos.abelacosmetics.com\/wp-content\/uploads\/2022\/08\/4-1-300x169.jpg\" alt=\"\" width=\"1078\" height=\"607\" srcset=\"https:\/\/artigos.abelacosmetics.com\/wp-content\/uploads\/2022\/08\/4-1-300x169.jpg 300w, https:\/\/artigos.abelacosmetics.com\/wp-content\/uploads\/2022\/08\/4-1-1024x576.jpg 1024w, https:\/\/artigos.abelacosmetics.com\/wp-content\/uploads\/2022\/08\/4-1-768x432.jpg 768w, https:\/\/artigos.abelacosmetics.com\/wp-content\/uploads\/2022\/08\/4-1-1536x864.jpg 1536w, https:\/\/artigos.abelacosmetics.com\/wp-content\/uploads\/2022\/08\/4-1-18x10.jpg 18w, https:\/\/artigos.abelacosmetics.com\/wp-content\/uploads\/2022\/08\/4-1.jpg 1920w\" sizes=\"auto, (max-width: 1078px) 100vw, 1078px\" \/><\/p>\n<h2><strong>Aos 40 anos<\/strong><\/h2>\n<p>\u00c9 nessa fase que os fios brancos come\u00e7am a aparecer. Se voc\u00ea quiser disfar\u00e7\u00e1-los, voc\u00ea deve usar uma tintura para manter a cor.<\/p>\n<p>Nessa fase a mulher tamb\u00e9m come\u00e7a a enfrentar irregularidades hormonais, por conta da menopausa, e como resultado o cabelo fica mais sens\u00edvel e mais sujeito a queda.<\/p>\n<p>Para n\u00e3o agravar os efeitos causados pela menopausa, o ideal \u00e9 n\u00e3o exagerar demais no secador.<\/p>\n<p><img loading=\"lazy\" decoding=\"async\" class=\"alignnone wp-image-1095\" src=\"https:\/\/artigos.abelacosmetics.com\/wp-content\/uploads\/2022\/08\/5-1-300x169.jpg\" alt=\"\" width=\"1090\" height=\"614\" srcset=\"https:\/\/artigos.abelacosmetics.com\/wp-content\/uploads\/2022\/08\/5-1-300x169.jpg 300w, https:\/\/artigos.abelacosmetics.com\/wp-content\/uploads\/2022\/08\/5-1-1024x576.jpg 1024w, https:\/\/artigos.abelacosmetics.com\/wp-content\/uploads\/2022\/08\/5-1-768x432.jpg 768w, https:\/\/artigos.abelacosmetics.com\/wp-content\/uploads\/2022\/08\/5-1-1536x864.jpg 1536w, https:\/\/artigos.abelacosmetics.com\/wp-content\/uploads\/2022\/08\/5-1-18x10.jpg 18w, https:\/\/artigos.abelacosmetics.com\/wp-content\/uploads\/2022\/08\/5-1.jpg 1920w\" sizes=\"auto, (max-width: 1090px) 100vw, 1090px\" \/><\/p>\n<h2><strong>Aos 50 anos<\/strong><\/h2>\n<p>Nesse momento as mudan\u00e7as s\u00e3o mais percept\u00edveis. A menopausa causa uma queda brusca na produ\u00e7\u00e3o dos horm\u00f4nios e isso afeta o cabelo. Essa altera\u00e7\u00e3o enfraquece o fol\u00edculo piloso e ai o cabelo afina e perde volume.<\/p>\n<p><img loading=\"lazy\" decoding=\"async\" class=\"alignnone wp-image-1096\" src=\"https:\/\/artigos.abelacosmetics.com\/wp-content\/uploads\/2022\/08\/6-1-300x169.jpg\" alt=\"\" width=\"1093\" height=\"616\" srcset=\"https:\/\/artigos.abelacosmetics.com\/wp-content\/uploads\/2022\/08\/6-1-300x169.jpg 300w, https:\/\/artigos.abelacosmetics.com\/wp-content\/uploads\/2022\/08\/6-1-1024x576.jpg 1024w, https:\/\/artigos.abelacosmetics.com\/wp-content\/uploads\/2022\/08\/6-1-768x432.jpg 768w, https:\/\/artigos.abelacosmetics.com\/wp-content\/uploads\/2022\/08\/6-1-1536x864.jpg 1536w, https:\/\/artigos.abelacosmetics.com\/wp-content\/uploads\/2022\/08\/6-1-18x10.jpg 18w, https:\/\/artigos.abelacosmetics.com\/wp-content\/uploads\/2022\/08\/6-1.jpg 1920w\" sizes=\"auto, (max-width: 1093px) 100vw, 1093px\" \/><\/p>\n<h2><strong>60 anos ou mais<\/strong><\/h2>\n<p>Aqui os fios brancos j\u00e1 s\u00e3o maioria, e assumi-los evita a tinta, e o cabelo fica com melhor textura. Mas os fios brancos, por natureza s\u00e3o mais porosos e rebeldes, e o envelhecimento das c\u00e9lulas reduz a produ\u00e7\u00e3o de novos fios. A boa not\u00edcia \u00e9 que as mudan\u00e7as acabam por aqui.<\/p>\n<p>O cabelo branco tamb\u00e9m tende a amarelar por isso \u00e9 preciso cuidar da cor para sempre exibir uma apar\u00eancia saud\u00e1vel e bonita. Voc\u00ea pode usar xampu roxo que vai neutralizar o tom.<\/p>\n<h2><strong>Como manter a vitalidade dos fios<\/strong><\/h2>\n<p>Mesmo com o passar do tempo, h\u00e1 algumas dicas que voc\u00ea pode seguir para manter o seu cabelo bonito:<\/p>\n<ul>\n<li>Evite procedimentos qu\u00edmicos no seu cabelo, e o uso de chapinha e secador<\/li>\n<li>Cortar o cabelo em camadas \u00e9 o que mais rejuvenesce, n\u00e3o importa se seus fios s\u00e3o longos ou curtos.<\/li>\n<li>Com o tempo, o nosso cabelo desbota e por isso \u00e9 uma boa ideia usar tonalizantes sempre, para devolver o brilho e vivacidade aos cabelos.<\/li>\n<li>Se voc\u00ea tiver o cabelo ressecado, vai aparentar ter mais idade. Por isso invista nas m\u00e1scaras para uso em casa, pelo menos uma vez por semana, para manter o cabelo bem hidratado.<\/li>\n<\/ul>\n<p>&nbsp;<\/p>\n<p>&nbsp;<\/p>","protected":false},"excerpt":{"rendered":"<p>&nbsp; &nbsp; O envelhecimento dos nossos cabelos est\u00e1 ligado \u00e0 nossa idade biol\u00f3gica, mas alguns fatores como altera\u00e7\u00f5es hormonais, h\u00e1bito de fumar e beber com frequ\u00eancia e algumas defici\u00eancias nutricionais podem acelerar o processo. &nbsp; &nbsp; Quando fazemos 30 anos, h\u00e1 uma diminui\u00e7\u00e3o no metabolismo e o cabelo tamb\u00e9m muda. H\u00e1 afinamento da fibra capilar [&hellip;]<\/p>","protected":false},"author":1,"featured_media":1098,"comment_status":"open","ping_status":"open","sticky":false,"template":"","format":"standard","meta":{"_acf_changed":false,"_mo_disable_npp":"","inline_featured_image":false,"footnotes":""},"categories":[32,30],"tags":[],"class_list":["post-1091","post","type-post","status-publish","format-standard","has-post-thumbnail","hentry","category-informacoes","category-conheca-seus-cabelos"],"acf":[],"yoast_head":"<!-- This site is optimized with the Yoast SEO Premium plugin v19.2.1 (Yoast SEO v26.9) - https:\/\/yoast.com\/product\/yoast-seo-premium-wordpress\/ -->\n<title>Como o cabelo muda com a idade? - Abela Cosmetics<\/title>\n<meta name=\"description\" content=\"O envelhecimento dos nossos cabelos est\u00e1 ligado \u00e0 nossa idade, mas alguns fatores podem acelerar ou frear o processo.\" \/>\n<meta name=\"robots\" content=\"index, follow, max-snippet:-1, max-image-preview:large, max-video-preview:-1\" \/>\n<link rel=\"canonical\" href=\"https:\/\/artigos.abelacosmetics.com\/es\/como-o-cabelo-muda-com-a-idade\/\" \/>\n<meta property=\"og:locale\" content=\"es_ES\" \/>\n<meta property=\"og:type\" content=\"article\" \/>\n<meta property=\"og:title\" content=\"Como o cabelo muda com a idade?\" \/>\n<meta property=\"og:description\" content=\"O envelhecimento dos nossos cabelos est\u00e1 ligado \u00e0 nossa idade, mas alguns fatores podem acelerar ou frear o processo.\" \/>\n<meta property=\"og:url\" content=\"https:\/\/artigos.abelacosmetics.com\/es\/como-o-cabelo-muda-com-a-idade\/\" \/>\n<meta property=\"og:site_name\" content=\"Abela Cosmetics\" \/>\n<meta property=\"article:publisher\" content=\"https:\/\/www.facebook.com\/abelacosmetics\" \/>\n<meta property=\"article:published_time\" content=\"2022-08-25T12:26:58+00:00\" \/>\n<meta property=\"article:modified_time\" content=\"2023-01-05T21:01:30+00:00\" \/>\n<meta property=\"og:image\" content=\"https:\/\/artigos.abelacosmetics.com\/wp-content\/uploads\/2022\/08\/Design-sem-nome-1-1.png\" \/>\n\t<meta property=\"og:image:width\" content=\"850\" \/>\n\t<meta property=\"og:image:height\" content=\"600\" \/>\n\t<meta property=\"og:image:type\" content=\"image\/png\" \/>\n<meta name=\"author\" content=\"admin\" \/>\n<meta name=\"twitter:card\" content=\"summary_large_image\" \/>\n<meta name=\"twitter:label1\" content=\"Escrito por\" \/>\n\t<meta name=\"twitter:data1\" content=\"admin\" \/>\n\t<meta name=\"twitter:label2\" content=\"Tiempo de lectura\" \/>\n\t<meta name=\"twitter:data2\" content=\"6 minutos\" \/>\n<script type=\"application\/ld+json\" class=\"yoast-schema-graph\">{\"@context\":\"https:\/\/schema.org\",\"@graph\":[{\"@type\":\"Article\",\"@id\":\"https:\/\/artigos.abelacosmetics.com\/como-o-cabelo-muda-com-a-idade\/#article\",\"isPartOf\":{\"@id\":\"https:\/\/artigos.abelacosmetics.com\/como-o-cabelo-muda-com-a-idade\/\"},\"author\":{\"name\":\"admin\",\"@id\":\"https:\/\/artigos.abelacosmetics.com\/#\/schema\/person\/675710be590edb47293978092f4e20f4\"},\"headline\":\"Como o cabelo muda com a idade?\",\"datePublished\":\"2022-08-25T12:26:58+00:00\",\"dateModified\":\"2023-01-05T21:01:30+00:00\",\"mainEntityOfPage\":{\"@id\":\"https:\/\/artigos.abelacosmetics.com\/como-o-cabelo-muda-com-a-idade\/\"},\"wordCount\":907,\"commentCount\":0,\"publisher\":{\"@id\":\"https:\/\/artigos.abelacosmetics.com\/#organization\"},\"image\":{\"@id\":\"https:\/\/artigos.abelacosmetics.com\/como-o-cabelo-muda-com-a-idade\/#primaryimage\"},\"thumbnailUrl\":\"https:\/\/artigos.abelacosmetics.com\/wp-content\/uploads\/2022\/08\/Design-sem-nome-1-1.png\",\"articleSection\":[\"Informa\u00e7\u00f5es\",\"Conhe\u00e7a seus cabelos\"],\"inLanguage\":\"es\",\"potentialAction\":[{\"@type\":\"CommentAction\",\"name\":\"Comment\",\"target\":[\"https:\/\/artigos.abelacosmetics.com\/como-o-cabelo-muda-com-a-idade\/#respond\"]}]},{\"@type\":\"WebPage\",\"@id\":\"https:\/\/artigos.abelacosmetics.com\/como-o-cabelo-muda-com-a-idade\/\",\"url\":\"https:\/\/artigos.abelacosmetics.com\/como-o-cabelo-muda-com-a-idade\/\",\"name\":\"Como o cabelo muda com a idade? - Abela Cosmetics\",\"isPartOf\":{\"@id\":\"https:\/\/artigos.abelacosmetics.com\/#website\"},\"primaryImageOfPage\":{\"@id\":\"https:\/\/artigos.abelacosmetics.com\/como-o-cabelo-muda-com-a-idade\/#primaryimage\"},\"image\":{\"@id\":\"https:\/\/artigos.abelacosmetics.com\/como-o-cabelo-muda-com-a-idade\/#primaryimage\"},\"thumbnailUrl\":\"https:\/\/artigos.abelacosmetics.com\/wp-content\/uploads\/2022\/08\/Design-sem-nome-1-1.png\",\"datePublished\":\"2022-08-25T12:26:58+00:00\",\"dateModified\":\"2023-01-05T21:01:30+00:00\",\"description\":\"O envelhecimento dos nossos cabelos est\u00e1 ligado \u00e0 nossa idade, mas alguns fatores podem acelerar ou frear o processo.\",\"breadcrumb\":{\"@id\":\"https:\/\/artigos.abelacosmetics.com\/como-o-cabelo-muda-com-a-idade\/#breadcrumb\"},\"inLanguage\":\"es\",\"potentialAction\":[{\"@type\":\"ReadAction\",\"target\":[\"https:\/\/artigos.abelacosmetics.com\/como-o-cabelo-muda-com-a-idade\/\"]}]},{\"@type\":\"ImageObject\",\"inLanguage\":\"es\",\"@id\":\"https:\/\/artigos.abelacosmetics.com\/como-o-cabelo-muda-com-a-idade\/#primaryimage\",\"url\":\"https:\/\/artigos.abelacosmetics.com\/wp-content\/uploads\/2022\/08\/Design-sem-nome-1-1.png\",\"contentUrl\":\"https:\/\/artigos.abelacosmetics.com\/wp-content\/uploads\/2022\/08\/Design-sem-nome-1-1.png\",\"width\":850,\"height\":600},{\"@type\":\"BreadcrumbList\",\"@id\":\"https:\/\/artigos.abelacosmetics.com\/como-o-cabelo-muda-com-a-idade\/#breadcrumb\",\"itemListElement\":[{\"@type\":\"ListItem\",\"position\":1,\"name\":\"In\u00edcio\",\"item\":\"https:\/\/artigos.abelacosmetics.com\/\"},{\"@type\":\"ListItem\",\"position\":2,\"name\":\"Como o cabelo muda com a idade?\"}]},{\"@type\":\"WebSite\",\"@id\":\"https:\/\/artigos.abelacosmetics.com\/#website\",\"url\":\"https:\/\/artigos.abelacosmetics.com\/\",\"name\":\"Abela Cosmetics\",\"description\":\"Cuidados para Cabelos \u00danicos\",\"publisher\":{\"@id\":\"https:\/\/artigos.abelacosmetics.com\/#organization\"},\"potentialAction\":[{\"@type\":\"SearchAction\",\"target\":{\"@type\":\"EntryPoint\",\"urlTemplate\":\"https:\/\/artigos.abelacosmetics.com\/?s={search_term_string}\"},\"query-input\":{\"@type\":\"PropertyValueSpecification\",\"valueRequired\":true,\"valueName\":\"search_term_string\"}}],\"inLanguage\":\"es\"},{\"@type\":\"Organization\",\"@id\":\"https:\/\/artigos.abelacosmetics.com\/#organization\",\"name\":\"Abela Cosmetics\",\"url\":\"https:\/\/artigos.abelacosmetics.com\/\",\"logo\":{\"@type\":\"ImageObject\",\"inLanguage\":\"es\",\"@id\":\"https:\/\/artigos.abelacosmetics.com\/#\/schema\/logo\/image\/\",\"url\":\"https:\/\/artigos.abelacosmetics.com\/wp-content\/uploads\/2023\/02\/logo-abela.png\",\"contentUrl\":\"https:\/\/artigos.abelacosmetics.com\/wp-content\/uploads\/2023\/02\/logo-abela.png\",\"width\":183,\"height\":90,\"caption\":\"Abela Cosmetics\"},\"image\":{\"@id\":\"https:\/\/artigos.abelacosmetics.com\/#\/schema\/logo\/image\/\"},\"sameAs\":[\"https:\/\/www.facebook.com\/abelacosmetics\"]},{\"@type\":\"Person\",\"@id\":\"https:\/\/artigos.abelacosmetics.com\/#\/schema\/person\/675710be590edb47293978092f4e20f4\",\"name\":\"admin\",\"image\":{\"@type\":\"ImageObject\",\"inLanguage\":\"es\",\"@id\":\"https:\/\/artigos.abelacosmetics.com\/#\/schema\/person\/image\/\",\"url\":\"https:\/\/secure.gravatar.com\/avatar\/ce9ccc2de538d30bcc33874c5a730e8e078e64fce402cb3cf0668a7439a0e654?s=96&d=mm&r=g\",\"contentUrl\":\"https:\/\/secure.gravatar.com\/avatar\/ce9ccc2de538d30bcc33874c5a730e8e078e64fce402cb3cf0668a7439a0e654?s=96&d=mm&r=g\",\"caption\":\"admin\"},\"sameAs\":[\"http:\/\/localhost\/abela-cosmetic\"],\"url\":\"https:\/\/artigos.abelacosmetics.com\/es\/author\/admin\/\"}]}<\/script>\n<!-- \/ Yoast SEO Premium plugin. -->","yoast_head_json":{"title":"Como o cabelo muda com a idade? - Abela Cosmetics","description":"O envelhecimento dos nossos cabelos est\u00e1 ligado \u00e0 nossa idade, mas alguns fatores podem acelerar ou frear o processo.","robots":{"index":"index","follow":"follow","max-snippet":"max-snippet:-1","max-image-preview":"max-image-preview:large","max-video-preview":"max-video-preview:-1"},"canonical":"https:\/\/artigos.abelacosmetics.com\/es\/como-o-cabelo-muda-com-a-idade\/","og_locale":"es_ES","og_type":"article","og_title":"Como o cabelo muda com a idade?","og_description":"O envelhecimento dos nossos cabelos est\u00e1 ligado \u00e0 nossa idade, mas alguns fatores podem acelerar ou frear o processo.","og_url":"https:\/\/artigos.abelacosmetics.com\/es\/como-o-cabelo-muda-com-a-idade\/","og_site_name":"Abela Cosmetics","article_publisher":"https:\/\/www.facebook.com\/abelacosmetics","article_published_time":"2022-08-25T12:26:58+00:00","article_modified_time":"2023-01-05T21:01:30+00:00","og_image":[{"width":850,"height":600,"url":"https:\/\/artigos.abelacosmetics.com\/wp-content\/uploads\/2022\/08\/Design-sem-nome-1-1.png","type":"image\/png"}],"author":"admin","twitter_card":"summary_large_image","twitter_misc":{"Escrito por":"admin","Tiempo de lectura":"6 minutos"},"schema":{"@context":"https:\/\/schema.org","@graph":[{"@type":"Article","@id":"https:\/\/artigos.abelacosmetics.com\/como-o-cabelo-muda-com-a-idade\/#article","isPartOf":{"@id":"https:\/\/artigos.abelacosmetics.com\/como-o-cabelo-muda-com-a-idade\/"},"author":{"name":"admin","@id":"https:\/\/artigos.abelacosmetics.com\/#\/schema\/person\/675710be590edb47293978092f4e20f4"},"headline":"Como o cabelo muda com a idade?","datePublished":"2022-08-25T12:26:58+00:00","dateModified":"2023-01-05T21:01:30+00:00","mainEntityOfPage":{"@id":"https:\/\/artigos.abelacosmetics.com\/como-o-cabelo-muda-com-a-idade\/"},"wordCount":907,"commentCount":0,"publisher":{"@id":"https:\/\/artigos.abelacosmetics.com\/#organization"},"image":{"@id":"https:\/\/artigos.abelacosmetics.com\/como-o-cabelo-muda-com-a-idade\/#primaryimage"},"thumbnailUrl":"https:\/\/artigos.abelacosmetics.com\/wp-content\/uploads\/2022\/08\/Design-sem-nome-1-1.png","articleSection":["Informa\u00e7\u00f5es","Conhe\u00e7a seus cabelos"],"inLanguage":"es","potentialAction":[{"@type":"CommentAction","name":"Comment","target":["https:\/\/artigos.abelacosmetics.com\/como-o-cabelo-muda-com-a-idade\/#respond"]}]},{"@type":"WebPage","@id":"https:\/\/artigos.abelacosmetics.com\/como-o-cabelo-muda-com-a-idade\/","url":"https:\/\/artigos.abelacosmetics.com\/como-o-cabelo-muda-com-a-idade\/","name":"Como o cabelo muda com a idade? - Abela Cosmetics","isPartOf":{"@id":"https:\/\/artigos.abelacosmetics.com\/#website"},"primaryImageOfPage":{"@id":"https:\/\/artigos.abelacosmetics.com\/como-o-cabelo-muda-com-a-idade\/#primaryimage"},"image":{"@id":"https:\/\/artigos.abelacosmetics.com\/como-o-cabelo-muda-com-a-idade\/#primaryimage"},"thumbnailUrl":"https:\/\/artigos.abelacosmetics.com\/wp-content\/uploads\/2022\/08\/Design-sem-nome-1-1.png","datePublished":"2022-08-25T12:26:58+00:00","dateModified":"2023-01-05T21:01:30+00:00","description":"O envelhecimento dos nossos cabelos est\u00e1 ligado \u00e0 nossa idade, mas alguns fatores podem acelerar ou frear o processo.","breadcrumb":{"@id":"https:\/\/artigos.abelacosmetics.com\/como-o-cabelo-muda-com-a-idade\/#breadcrumb"},"inLanguage":"es","potentialAction":[{"@type":"ReadAction","target":["https:\/\/artigos.abelacosmetics.com\/como-o-cabelo-muda-com-a-idade\/"]}]},{"@type":"ImageObject","inLanguage":"es","@id":"https:\/\/artigos.abelacosmetics.com\/como-o-cabelo-muda-com-a-idade\/#primaryimage","url":"https:\/\/artigos.abelacosmetics.com\/wp-content\/uploads\/2022\/08\/Design-sem-nome-1-1.png","contentUrl":"https:\/\/artigos.abelacosmetics.com\/wp-content\/uploads\/2022\/08\/Design-sem-nome-1-1.png","width":850,"height":600},{"@type":"BreadcrumbList","@id":"https:\/\/artigos.abelacosmetics.com\/como-o-cabelo-muda-com-a-idade\/#breadcrumb","itemListElement":[{"@type":"ListItem","position":1,"name":"In\u00edcio","item":"https:\/\/artigos.abelacosmetics.com\/"},{"@type":"ListItem","position":2,"name":"Como o cabelo muda com a idade?"}]},{"@type":"WebSite","@id":"https:\/\/artigos.abelacosmetics.com\/#website","url":"https:\/\/artigos.abelacosmetics.com\/","name":"Abela Cosmetics","description":"Cuidados para Cabelos \u00danicos","publisher":{"@id":"https:\/\/artigos.abelacosmetics.com\/#organization"},"potentialAction":[{"@type":"SearchAction","target":{"@type":"EntryPoint","urlTemplate":"https:\/\/artigos.abelacosmetics.com\/?s={search_term_string}"},"query-input":{"@type":"PropertyValueSpecification","valueRequired":true,"valueName":"search_term_string"}}],"inLanguage":"es"},{"@type":"Organization","@id":"https:\/\/artigos.abelacosmetics.com\/#organization","name":"Abela Cosmetics","url":"https:\/\/artigos.abelacosmetics.com\/","logo":{"@type":"ImageObject","inLanguage":"es","@id":"https:\/\/artigos.abelacosmetics.com\/#\/schema\/logo\/image\/","url":"https:\/\/artigos.abelacosmetics.com\/wp-content\/uploads\/2023\/02\/logo-abela.png","contentUrl":"https:\/\/artigos.abelacosmetics.com\/wp-content\/uploads\/2023\/02\/logo-abela.png","width":183,"height":90,"caption":"Abela Cosmetics"},"image":{"@id":"https:\/\/artigos.abelacosmetics.com\/#\/schema\/logo\/image\/"},"sameAs":["https:\/\/www.facebook.com\/abelacosmetics"]},{"@type":"Person","@id":"https:\/\/artigos.abelacosmetics.com\/#\/schema\/person\/675710be590edb47293978092f4e20f4","name":"admin","image":{"@type":"ImageObject","inLanguage":"es","@id":"https:\/\/artigos.abelacosmetics.com\/#\/schema\/person\/image\/","url":"https:\/\/secure.gravatar.com\/avatar\/ce9ccc2de538d30bcc33874c5a730e8e078e64fce402cb3cf0668a7439a0e654?s=96&d=mm&r=g","contentUrl":"https:\/\/secure.gravatar.com\/avatar\/ce9ccc2de538d30bcc33874c5a730e8e078e64fce402cb3cf0668a7439a0e654?s=96&d=mm&r=g","caption":"admin"},"sameAs":["http:\/\/localhost\/abela-cosmetic"],"url":"https:\/\/artigos.abelacosmetics.com\/es\/author\/admin\/"}]}},"_links":{"self":[{"href":"https:\/\/artigos.abelacosmetics.com\/es\/wp-json\/wp\/v2\/posts\/1091","targetHints":{"allow":["GET"]}}],"collection":[{"href":"https:\/\/artigos.abelacosmetics.com\/es\/wp-json\/wp\/v2\/posts"}],"about":[{"href":"https:\/\/artigos.abelacosmetics.com\/es\/wp-json\/wp\/v2\/types\/post"}],"author":[{"embeddable":true,"href":"https:\/\/artigos.abelacosmetics.com\/es\/wp-json\/wp\/v2\/users\/1"}],"replies":[{"embeddable":true,"href":"https:\/\/artigos.abelacosmetics.com\/es\/wp-json\/wp\/v2\/comments?post=1091"}],"version-history":[{"count":4,"href":"https:\/\/artigos.abelacosmetics.com\/es\/wp-json\/wp\/v2\/posts\/1091\/revisions"}],"predecessor-version":[{"id":2255,"href":"https:\/\/artigos.abelacosmetics.com\/es\/wp-json\/wp\/v2\/posts\/1091\/revisions\/2255"}],"wp:featuredmedia":[{"embeddable":true,"href":"https:\/\/artigos.abelacosmetics.com\/es\/wp-json\/wp\/v2\/media\/1098"}],"wp:attachment":[{"href":"https:\/\/artigos.abelacosmetics.com\/es\/wp-json\/wp\/v2\/media?parent=1091"}],"wp:term":[{"taxonomy":"category","embeddable":true,"href":"https:\/\/artigos.abelacosmetics.com\/es\/wp-json\/wp\/v2\/categories?post=1091"},{"taxonomy":"post_tag","embeddable":true,"href":"https:\/\/artigos.abelacosmetics.com\/es\/wp-json\/wp\/v2\/tags?post=1091"}],"curies":[{"name":"wp","href":"https:\/\/api.w.org\/{rel}","templated":true}]}}