{"id":1073,"date":"2022-08-24T18:34:22","date_gmt":"2022-08-24T21:34:22","guid":{"rendered":"https:\/\/artigos.abelacosmetics.com\/?p=1073"},"modified":"2023-02-02T13:21:47","modified_gmt":"2023-02-02T16:21:47","slug":"explicando-a-queda-de-cabelo","status":"publish","type":"post","link":"https:\/\/artigos.abelacosmetics.com\/es\/explicando-a-queda-de-cabelo\/","title":{"rendered":"Explicando a queda de cabelo"},"content":{"rendered":"<p>&nbsp;<\/p>\n<p>&nbsp;<\/p>\n<p>A queda de cabelo pode ser uma experi\u00eancia dolorosa para as mulheres, principalmente sem o conhecimento do tratamento ou at\u00e9 mesmo a plena compreens\u00e3o do que \u00e9.<\/p>\n<p>&nbsp;<\/p>\n<audio class=\"wp-audio-shortcode\" id=\"audio-1073-1\" preload=\"none\" style=\"width: 100%;\" controls=\"controls\"><source type=\"audio\/mpeg\" src=\"https:\/\/artigos.abelacosmetics.com\/wp-content\/uploads\/2022\/08\/queda-capilar.mp3?_=1\" \/><a href=\"https:\/\/artigos.abelacosmetics.com\/wp-content\/uploads\/2022\/08\/queda-capilar.mp3\">https:\/\/artigos.abelacosmetics.com\/wp-content\/uploads\/2022\/08\/queda-capilar.mp3<\/a><\/audio>\n<p>&nbsp;<\/p>\n<p>Grande parte da nossa falta de compreens\u00e3o est\u00e1 diretamente ligada \u00e0 complexidade da perda de cabelo. Suas causas, tratamentos e tudo mais requer diagn\u00f3stico e tratamento individual e personalizado. Antes de mergulharmos em como o cabelo cai, vamos primeiro revisar como o cabelo cresce.<\/p>\n<p>&nbsp;<\/p>\n<p>Ciclo de crescimento capilar<\/p>\n<p>Os est\u00e1gios de crescimento do cabelo come\u00e7am com a fase an\u00e1gena. \u00c9 a fase mais longa, durando cerca de 3 a 5 anos para os cabelos da cabe\u00e7a, embora para algumas pessoas um \u00fanico fio de cabelo possa continuar crescendo por 7 ou mais anos.<img loading=\"lazy\" decoding=\"async\" class=\"wp-image-1074 aligncenter\" src=\"https:\/\/artigos.abelacosmetics.com\/wp-content\/uploads\/2022\/08\/1-300x169.jpg\" alt=\"\" width=\"1045\" height=\"589\" srcset=\"https:\/\/artigos.abelacosmetics.com\/wp-content\/uploads\/2022\/08\/1-300x169.jpg 300w, https:\/\/artigos.abelacosmetics.com\/wp-content\/uploads\/2022\/08\/1-1024x576.jpg 1024w, https:\/\/artigos.abelacosmetics.com\/wp-content\/uploads\/2022\/08\/1-768x432.jpg 768w, https:\/\/artigos.abelacosmetics.com\/wp-content\/uploads\/2022\/08\/1-1536x864.jpg 1536w, https:\/\/artigos.abelacosmetics.com\/wp-content\/uploads\/2022\/08\/1-18x10.jpg 18w, https:\/\/artigos.abelacosmetics.com\/wp-content\/uploads\/2022\/08\/1.jpg 1920w\" sizes=\"auto, (max-width: 1045px) 100vw, 1045px\" \/><\/p>\n<p>&nbsp;<\/p>\n<p>Essa fase difere em diferentes tipos de cabelo. Por exemplo, a fase an\u00e1gena das sobrancelhas e pelos pubianos \u00e9 muito mais curta do que a fase do couro cabeludo.<\/p>\n<p>Durante a fase an\u00e1gena, seus fol\u00edculos pilosos est\u00e3o empurrando para fora os cabelos que continuar\u00e3o a crescer at\u00e9 serem cortados ou at\u00e9 chegarem ao fim de sua vida \u00fatil e ca\u00edrem. A qualquer momento, cerca de 90% dos cabelos da sua cabe\u00e7a est\u00e3o na fase an\u00e1gena.<\/p>\n<p>A segunda fase cat\u00e1gena, come\u00e7a quando a fase an\u00e1gena termina e tende a durar cerca de 10 dias ou mais. Durante este per\u00edodo, os fol\u00edculos encolhem e o crescimento do cabelo diminui. O cabelo tamb\u00e9m se separa do fundo do fol\u00edculo, mas permanece no lugar durante seus \u00faltimos dias de crescimento.<\/p>\n<p>Apenas cerca de 5 por cento dos cabelos em sua cabe\u00e7a est\u00e3o na fase cat\u00e1gena a qualquer momento.<\/p>\n<p>A fase tel\u00f3gena geralmente dura cerca de 3 meses. Estima-se que 10 a 15 por cento dos cabelos do couro cabeludo estejam nesta fase.<\/p>\n<p>Os cabelos n\u00e3o crescem durante a fase tel\u00f3gena, mas tamb\u00e9m n\u00e3o costumam cair. Essa fase tamb\u00e9m \u00e9 quando novos cabelos come\u00e7am a se formar em fol\u00edculos que acabaram de liberar cabelos durante a fase cat\u00e1gena.<\/p>\n<p>A fase ex\u00f3gena \u00e9 essencialmente uma extens\u00e3o ou parte da fase tel\u00f3gena do crescimento do cabelo. Durante o per\u00edodo, o cabelo cai do couro cabeludo, muitas vezes auxiliado pela lavagem e escova\u00e7\u00e3o.<\/p>\n<p>Durante a fase ex\u00f3gena, que pode durar cerca de 2 a 5 meses, novos cabelos crescem nos fol\u00edculos \u00e0 medida que os cabelos antigos caem.<\/p>\n<p>As fases terminam e ent\u00e3o se completa o ciclo capilar, come\u00e7ando novamente na fase an\u00e1gena.<\/p>\n<p>&nbsp;<\/p>\n<p>(<a href=\"https:\/\/artigos.abelacosmetics.com\/es\/respostas-sobre-o-crescimento-capilar\/\" target=\"_blank\" rel=\"noopener\">Nesse artigo<\/a>, respondemos algumas perguntas comuns sobre o crescimento capilar).<\/p>\n<p>&nbsp;<\/p>\n<p><strong>Vamos falar um pouco sobre os alguns tipos de queda de cabelo<\/strong><\/p>\n<p>&nbsp;<\/p>\n<p><img loading=\"lazy\" decoding=\"async\" class=\"alignnone wp-image-1075\" src=\"https:\/\/artigos.abelacosmetics.com\/wp-content\/uploads\/2022\/08\/2-300x169.jpg\" alt=\"\" width=\"986\" height=\"556\" srcset=\"https:\/\/artigos.abelacosmetics.com\/wp-content\/uploads\/2022\/08\/2-300x169.jpg 300w, https:\/\/artigos.abelacosmetics.com\/wp-content\/uploads\/2022\/08\/2-1024x576.jpg 1024w, https:\/\/artigos.abelacosmetics.com\/wp-content\/uploads\/2022\/08\/2-768x432.jpg 768w, https:\/\/artigos.abelacosmetics.com\/wp-content\/uploads\/2022\/08\/2-1536x864.jpg 1536w, https:\/\/artigos.abelacosmetics.com\/wp-content\/uploads\/2022\/08\/2-18x10.jpg 18w, https:\/\/artigos.abelacosmetics.com\/wp-content\/uploads\/2022\/08\/2.jpg 1920w\" sizes=\"auto, (max-width: 986px) 100vw, 986px\" \/><\/p>\n<p>&nbsp;<\/p>\n<p>PERDA DE CABELO TEMPOR\u00c1RIA<\/p>\n<p>A queda de cabelo tempor\u00e1ria ocorre com alopecia n\u00e3o cicatricial. A alopecia n\u00e3o cicatricial significa que existem fol\u00edculos presentes no couro cabeludo, portanto, o crescimento do cabelo n\u00e3o \u00e9 um problema. A alopecia n\u00e3o cicatricial ocorre quando h\u00e1 um desequil\u00edbrio no corpo. Estresse, problemas m\u00e9dicos, defici\u00eancias nutricionais, micose, desequil\u00edbrio hormonal, dietas radicais e problemas heredit\u00e1rios podem causar alopecia n\u00e3o cicatricial. A alopecia n\u00e3o cicatricial \u00e9 tempor\u00e1ria porque se corrige assim que o desequil\u00edbrio no corpo \u00e9 tratado. A corre\u00e7\u00e3o da alopecia n\u00e3o cicatricial leva tr\u00eas meses ap\u00f3s o tratamento do desequil\u00edbrio no corpo. A chave \u00e9 chegar \u00e0 raiz da perda de cabelo fazendo exames de sangue.<\/p>\n<p>PERDA DE CABELO PERMANENTE<\/p>\n<p>A queda de cabelo permanente ocorre quando uma alopecia cicatricial est\u00e1 presente no couro cabeludo. Quando h\u00e1 cicatrizes, a perda de cabelo \u00e9 permanente porque o tecido cicatricial na pele do couro cabeludo bloqueia a abertura do fol\u00edculo. A alopecia cicatricial pode ser causada por problemas autoimunes, onde um grupo de gl\u00f3bulos brancos ataca outras c\u00e9lulas do fol\u00edculo piloso e causa cicatrizes. Outros problemas que causam alopecia cicatricial s\u00e3o o uso de rabos de cavalo apertados ou pesados, tran\u00e7as e extens\u00f5es, queimaduras, traumatismo contuso na cabe\u00e7a, cirurgia do couro cabeludo e infec\u00e7\u00f5es do couro cabeludo que n\u00e3o s\u00e3o tratadas.<\/p>\n<p>&nbsp;<\/p>\n<p>Alopecia Androg\u00eanica<\/p>\n<p>A alopecia androg\u00eanica refere-se \u00e0 condi\u00e7\u00e3o gen\u00e9tica da calv\u00edcie masculina e calv\u00edcie feminina ou perda de cabelo causada quando enzimas no corpo transformam o horm\u00f4nio testosterona em diidrotestosterona, tamb\u00e9m conhecido como DHT. Este horm\u00f4nio tem o efeito de encolher o fol\u00edculo piloso. A preval\u00eancia de perda de cabelo na regi\u00e3o frontal m\u00e9dia aumenta com a idade e afeta 57% das mulheres e 73,5% dos homens com 80 anos ou mais.<\/p>\n<p>&nbsp;<\/p>\n<p>Alopecia Totalis e Alopecia Universalis<\/p>\n<p>Esta \u00e9 uma forma r\u00e1pida e mais grave de alopecia androg\u00eanica, n\u00e3o limitada a uma regi\u00e3o do couro cabeludo e pode se espalhar por todo o couro cabeludo e outras partes do corpo, incluindo sobrancelhas, c\u00edlios e pelos do corpo. Embora a causa seja desconhecida, acredita-se que esteja relacionada ao estresse ou a um dist\u00farbio autoimune, que ocorre quando o sistema imunol\u00f3gico do corpo ataca e destr\u00f3i o tecido saud\u00e1vel do corpo por engano. Existem mais de 80 tipos de doen\u00e7as autoimunes.<\/p>\n<p>&nbsp;<\/p>\n<p>Alopecia cicatricial<\/p>\n<p>Este \u00e9 um tipo permanente de perda de cabelo em que os fol\u00edculos capilares s\u00e3o destru\u00eddos, deixando tecido cicatricial. Existem dois tipos diferentes: prim\u00e1rio e secund\u00e1rio. Seu tipo prim\u00e1rio pode ocorrer por motivos desconhecidos e aparece atrav\u00e9s da inflama\u00e7\u00e3o dos fol\u00edculos pilosos inibindo o desenvolvimento celular. A alopecia cicatricial secund\u00e1ria ocorre a partir de fontes secund\u00e1rias externas de perda de cabelo cicatricial, como uma queimadura grave, infec\u00e7\u00e3o, tumor, radia\u00e7\u00e3o ou outros danos f\u00edsicos.<\/p>\n<p>&nbsp;<\/p>\n<p>Alopecia de tra\u00e7\u00e3o<\/p>\n<p>Essa forma de alopecia ocorre em um indiv\u00edduo com base em intera\u00e7\u00f5es no couro cabeludo, como tran\u00e7as, tecelagens ou penteados de alta tens\u00e3o, que causam pux\u00f5es excessivos e resultam em quebra de cabelo e cicatrizes no couro cabeludo. Tratamentos qu\u00edmicos agressivos, como relaxantes, alvejantes e outros procedimentos de colora\u00e7\u00e3o, tamb\u00e9m podem causar alopecia por tra\u00e7\u00e3o e podem ser permanentes ou tempor\u00e1rios com base na gravidade.<\/p>\n<p>&nbsp;<\/p>\n<p><img loading=\"lazy\" decoding=\"async\" class=\"alignnone wp-image-1076\" src=\"https:\/\/artigos.abelacosmetics.com\/wp-content\/uploads\/2022\/08\/3-300x169.jpg\" alt=\"\" width=\"1084\" height=\"611\" srcset=\"https:\/\/artigos.abelacosmetics.com\/wp-content\/uploads\/2022\/08\/3-300x169.jpg 300w, https:\/\/artigos.abelacosmetics.com\/wp-content\/uploads\/2022\/08\/3-1024x576.jpg 1024w, https:\/\/artigos.abelacosmetics.com\/wp-content\/uploads\/2022\/08\/3-768x432.jpg 768w, https:\/\/artigos.abelacosmetics.com\/wp-content\/uploads\/2022\/08\/3-1536x864.jpg 1536w, https:\/\/artigos.abelacosmetics.com\/wp-content\/uploads\/2022\/08\/3-18x10.jpg 18w, https:\/\/artigos.abelacosmetics.com\/wp-content\/uploads\/2022\/08\/3.jpg 1920w\" sizes=\"auto, (max-width: 1084px) 100vw, 1084px\" \/><\/p>\n<p>&nbsp;<\/p>\n<p>TRATAMENTO PARA ALOPECIA<\/p>\n<p>Todas as formas de alopecia variam de acordo com a gravidade e devem ser consultadas por um tricologista ou dermatologista certificado. As formas comuns de tratamento incluem o uso de medicamentos como minoxidil, finasterida e\/ou espiranolacta\u00e7\u00e3o. Os procedimentos cir\u00fargicos cosm\u00e9ticos tamb\u00e9m est\u00e3o se tornando mais populares e eficazes para a substitui\u00e7\u00e3o do crescimento capilar.<\/p>\n<p>&nbsp;<\/p>\n<p><img loading=\"lazy\" decoding=\"async\" class=\"alignnone wp-image-2391\" src=\"https:\/\/artigos.abelacosmetics.com\/wp-content\/uploads\/2022\/08\/imagem-do-Post-300x152.png\" alt=\"\" width=\"1222\" height=\"619\" srcset=\"https:\/\/artigos.abelacosmetics.com\/wp-content\/uploads\/2022\/08\/imagem-do-Post-300x152.png 300w, https:\/\/artigos.abelacosmetics.com\/wp-content\/uploads\/2022\/08\/imagem-do-Post-768x389.png 768w, https:\/\/artigos.abelacosmetics.com\/wp-content\/uploads\/2022\/08\/imagem-do-Post-18x9.png 18w, https:\/\/artigos.abelacosmetics.com\/wp-content\/uploads\/2022\/08\/imagem-do-Post.png 850w\" sizes=\"auto, (max-width: 1222px) 100vw, 1222px\" \/><\/p>","protected":false},"excerpt":{"rendered":"<p>&nbsp; &nbsp; A queda de cabelo pode ser uma experi\u00eancia dolorosa para as mulheres, principalmente sem o conhecimento do tratamento ou at\u00e9 mesmo a plena compreens\u00e3o do que \u00e9. &nbsp; &nbsp; Grande parte da nossa falta de compreens\u00e3o est\u00e1 diretamente ligada \u00e0 complexidade da perda de cabelo. Suas causas, tratamentos e tudo mais requer diagn\u00f3stico [&hellip;]<\/p>","protected":false},"author":1,"featured_media":2374,"comment_status":"open","ping_status":"open","sticky":false,"template":"","format":"standard","meta":{"_acf_changed":false,"_mo_disable_npp":"","inline_featured_image":false,"footnotes":""},"categories":[31,30],"tags":[],"class_list":["post-1073","post","type-post","status-publish","format-standard","has-post-thumbnail","hentry","category-autocuidado","category-conheca-seus-cabelos"],"acf":[],"yoast_head":"<!-- This site is optimized with the Yoast SEO Premium plugin v19.2.1 (Yoast SEO v26.9) - https:\/\/yoast.com\/product\/yoast-seo-premium-wordpress\/ -->\n<title>Explicando a queda de cabelo - Abela Cosmetics<\/title>\n<meta name=\"description\" content=\"Entenda as fases do crescimento capilar e como funciona a queda dos cabelos.\" \/>\n<meta name=\"robots\" content=\"index, follow, max-snippet:-1, max-image-preview:large, max-video-preview:-1\" \/>\n<link rel=\"canonical\" href=\"https:\/\/artigos.abelacosmetics.com\/es\/explicando-a-queda-de-cabelo\/\" \/>\n<meta property=\"og:locale\" content=\"es_ES\" \/>\n<meta property=\"og:type\" content=\"article\" \/>\n<meta property=\"og:title\" content=\"Explicando a queda de cabelo\" \/>\n<meta property=\"og:description\" content=\"Entenda as fases do crescimento capilar e como funciona a queda dos cabelos.\" \/>\n<meta property=\"og:url\" content=\"https:\/\/artigos.abelacosmetics.com\/es\/explicando-a-queda-de-cabelo\/\" \/>\n<meta property=\"og:site_name\" content=\"Abela Cosmetics\" \/>\n<meta property=\"article:publisher\" content=\"https:\/\/www.facebook.com\/abelacosmetics\" \/>\n<meta property=\"article:published_time\" content=\"2022-08-24T21:34:22+00:00\" \/>\n<meta property=\"article:modified_time\" content=\"2023-02-02T16:21:47+00:00\" \/>\n<meta property=\"og:image\" content=\"https:\/\/artigos.abelacosmetics.com\/wp-content\/uploads\/2023\/01\/4-2.png\" \/>\n\t<meta property=\"og:image:width\" content=\"850\" \/>\n\t<meta property=\"og:image:height\" content=\"430\" \/>\n\t<meta property=\"og:image:type\" content=\"image\/png\" \/>\n<meta name=\"author\" content=\"admin\" \/>\n<meta name=\"twitter:card\" content=\"summary_large_image\" \/>\n<meta name=\"twitter:label1\" content=\"Escrito por\" \/>\n\t<meta name=\"twitter:data1\" content=\"admin\" \/>\n\t<meta name=\"twitter:label2\" content=\"Tiempo de lectura\" \/>\n\t<meta name=\"twitter:data2\" content=\"7 minutos\" \/>\n<script type=\"application\/ld+json\" class=\"yoast-schema-graph\">{\"@context\":\"https:\/\/schema.org\",\"@graph\":[{\"@type\":\"Article\",\"@id\":\"https:\/\/artigos.abelacosmetics.com\/explicando-a-queda-de-cabelo\/#article\",\"isPartOf\":{\"@id\":\"https:\/\/artigos.abelacosmetics.com\/explicando-a-queda-de-cabelo\/\"},\"author\":{\"name\":\"admin\",\"@id\":\"https:\/\/artigos.abelacosmetics.com\/#\/schema\/person\/675710be590edb47293978092f4e20f4\"},\"headline\":\"Explicando a queda de cabelo\",\"datePublished\":\"2022-08-24T21:34:22+00:00\",\"dateModified\":\"2023-02-02T16:21:47+00:00\",\"mainEntityOfPage\":{\"@id\":\"https:\/\/artigos.abelacosmetics.com\/explicando-a-queda-de-cabelo\/\"},\"wordCount\":1125,\"commentCount\":1,\"publisher\":{\"@id\":\"https:\/\/artigos.abelacosmetics.com\/#organization\"},\"image\":{\"@id\":\"https:\/\/artigos.abelacosmetics.com\/explicando-a-queda-de-cabelo\/#primaryimage\"},\"thumbnailUrl\":\"https:\/\/artigos.abelacosmetics.com\/wp-content\/uploads\/2023\/01\/4-2.png\",\"articleSection\":[\"Autocuidado\",\"Conhe\u00e7a seus cabelos\"],\"inLanguage\":\"es\",\"potentialAction\":[{\"@type\":\"CommentAction\",\"name\":\"Comment\",\"target\":[\"https:\/\/artigos.abelacosmetics.com\/explicando-a-queda-de-cabelo\/#respond\"]}]},{\"@type\":\"WebPage\",\"@id\":\"https:\/\/artigos.abelacosmetics.com\/explicando-a-queda-de-cabelo\/\",\"url\":\"https:\/\/artigos.abelacosmetics.com\/explicando-a-queda-de-cabelo\/\",\"name\":\"Explicando a queda de cabelo - Abela Cosmetics\",\"isPartOf\":{\"@id\":\"https:\/\/artigos.abelacosmetics.com\/#website\"},\"primaryImageOfPage\":{\"@id\":\"https:\/\/artigos.abelacosmetics.com\/explicando-a-queda-de-cabelo\/#primaryimage\"},\"image\":{\"@id\":\"https:\/\/artigos.abelacosmetics.com\/explicando-a-queda-de-cabelo\/#primaryimage\"},\"thumbnailUrl\":\"https:\/\/artigos.abelacosmetics.com\/wp-content\/uploads\/2023\/01\/4-2.png\",\"datePublished\":\"2022-08-24T21:34:22+00:00\",\"dateModified\":\"2023-02-02T16:21:47+00:00\",\"description\":\"Entenda as fases do crescimento capilar e como funciona a queda dos cabelos.\",\"breadcrumb\":{\"@id\":\"https:\/\/artigos.abelacosmetics.com\/explicando-a-queda-de-cabelo\/#breadcrumb\"},\"inLanguage\":\"es\",\"potentialAction\":[{\"@type\":\"ReadAction\",\"target\":[\"https:\/\/artigos.abelacosmetics.com\/explicando-a-queda-de-cabelo\/\"]}]},{\"@type\":\"ImageObject\",\"inLanguage\":\"es\",\"@id\":\"https:\/\/artigos.abelacosmetics.com\/explicando-a-queda-de-cabelo\/#primaryimage\",\"url\":\"https:\/\/artigos.abelacosmetics.com\/wp-content\/uploads\/2023\/01\/4-2.png\",\"contentUrl\":\"https:\/\/artigos.abelacosmetics.com\/wp-content\/uploads\/2023\/01\/4-2.png\",\"width\":850,\"height\":430},{\"@type\":\"BreadcrumbList\",\"@id\":\"https:\/\/artigos.abelacosmetics.com\/explicando-a-queda-de-cabelo\/#breadcrumb\",\"itemListElement\":[{\"@type\":\"ListItem\",\"position\":1,\"name\":\"In\u00edcio\",\"item\":\"https:\/\/artigos.abelacosmetics.com\/\"},{\"@type\":\"ListItem\",\"position\":2,\"name\":\"Explicando a queda de cabelo\"}]},{\"@type\":\"WebSite\",\"@id\":\"https:\/\/artigos.abelacosmetics.com\/#website\",\"url\":\"https:\/\/artigos.abelacosmetics.com\/\",\"name\":\"Abela Cosmetics\",\"description\":\"Cuidados para Cabelos \u00danicos\",\"publisher\":{\"@id\":\"https:\/\/artigos.abelacosmetics.com\/#organization\"},\"potentialAction\":[{\"@type\":\"SearchAction\",\"target\":{\"@type\":\"EntryPoint\",\"urlTemplate\":\"https:\/\/artigos.abelacosmetics.com\/?s={search_term_string}\"},\"query-input\":{\"@type\":\"PropertyValueSpecification\",\"valueRequired\":true,\"valueName\":\"search_term_string\"}}],\"inLanguage\":\"es\"},{\"@type\":\"Organization\",\"@id\":\"https:\/\/artigos.abelacosmetics.com\/#organization\",\"name\":\"Abela Cosmetics\",\"url\":\"https:\/\/artigos.abelacosmetics.com\/\",\"logo\":{\"@type\":\"ImageObject\",\"inLanguage\":\"es\",\"@id\":\"https:\/\/artigos.abelacosmetics.com\/#\/schema\/logo\/image\/\",\"url\":\"https:\/\/artigos.abelacosmetics.com\/wp-content\/uploads\/2023\/02\/logo-abela.png\",\"contentUrl\":\"https:\/\/artigos.abelacosmetics.com\/wp-content\/uploads\/2023\/02\/logo-abela.png\",\"width\":183,\"height\":90,\"caption\":\"Abela Cosmetics\"},\"image\":{\"@id\":\"https:\/\/artigos.abelacosmetics.com\/#\/schema\/logo\/image\/\"},\"sameAs\":[\"https:\/\/www.facebook.com\/abelacosmetics\"]},{\"@type\":\"Person\",\"@id\":\"https:\/\/artigos.abelacosmetics.com\/#\/schema\/person\/675710be590edb47293978092f4e20f4\",\"name\":\"admin\",\"image\":{\"@type\":\"ImageObject\",\"inLanguage\":\"es\",\"@id\":\"https:\/\/artigos.abelacosmetics.com\/#\/schema\/person\/image\/\",\"url\":\"https:\/\/secure.gravatar.com\/avatar\/ce9ccc2de538d30bcc33874c5a730e8e078e64fce402cb3cf0668a7439a0e654?s=96&d=mm&r=g\",\"contentUrl\":\"https:\/\/secure.gravatar.com\/avatar\/ce9ccc2de538d30bcc33874c5a730e8e078e64fce402cb3cf0668a7439a0e654?s=96&d=mm&r=g\",\"caption\":\"admin\"},\"sameAs\":[\"http:\/\/localhost\/abela-cosmetic\"],\"url\":\"https:\/\/artigos.abelacosmetics.com\/es\/author\/admin\/\"}]}<\/script>\n<!-- \/ Yoast SEO Premium plugin. -->","yoast_head_json":{"title":"Explicando a queda de cabelo - Abela Cosmetics","description":"Entenda as fases do crescimento capilar e como funciona a queda dos cabelos.","robots":{"index":"index","follow":"follow","max-snippet":"max-snippet:-1","max-image-preview":"max-image-preview:large","max-video-preview":"max-video-preview:-1"},"canonical":"https:\/\/artigos.abelacosmetics.com\/es\/explicando-a-queda-de-cabelo\/","og_locale":"es_ES","og_type":"article","og_title":"Explicando a queda de cabelo","og_description":"Entenda as fases do crescimento capilar e como funciona a queda dos cabelos.","og_url":"https:\/\/artigos.abelacosmetics.com\/es\/explicando-a-queda-de-cabelo\/","og_site_name":"Abela Cosmetics","article_publisher":"https:\/\/www.facebook.com\/abelacosmetics","article_published_time":"2022-08-24T21:34:22+00:00","article_modified_time":"2023-02-02T16:21:47+00:00","og_image":[{"width":850,"height":430,"url":"https:\/\/artigos.abelacosmetics.com\/wp-content\/uploads\/2023\/01\/4-2.png","type":"image\/png"}],"author":"admin","twitter_card":"summary_large_image","twitter_misc":{"Escrito por":"admin","Tiempo de lectura":"7 minutos"},"schema":{"@context":"https:\/\/schema.org","@graph":[{"@type":"Article","@id":"https:\/\/artigos.abelacosmetics.com\/explicando-a-queda-de-cabelo\/#article","isPartOf":{"@id":"https:\/\/artigos.abelacosmetics.com\/explicando-a-queda-de-cabelo\/"},"author":{"name":"admin","@id":"https:\/\/artigos.abelacosmetics.com\/#\/schema\/person\/675710be590edb47293978092f4e20f4"},"headline":"Explicando a queda de cabelo","datePublished":"2022-08-24T21:34:22+00:00","dateModified":"2023-02-02T16:21:47+00:00","mainEntityOfPage":{"@id":"https:\/\/artigos.abelacosmetics.com\/explicando-a-queda-de-cabelo\/"},"wordCount":1125,"commentCount":1,"publisher":{"@id":"https:\/\/artigos.abelacosmetics.com\/#organization"},"image":{"@id":"https:\/\/artigos.abelacosmetics.com\/explicando-a-queda-de-cabelo\/#primaryimage"},"thumbnailUrl":"https:\/\/artigos.abelacosmetics.com\/wp-content\/uploads\/2023\/01\/4-2.png","articleSection":["Autocuidado","Conhe\u00e7a seus cabelos"],"inLanguage":"es","potentialAction":[{"@type":"CommentAction","name":"Comment","target":["https:\/\/artigos.abelacosmetics.com\/explicando-a-queda-de-cabelo\/#respond"]}]},{"@type":"WebPage","@id":"https:\/\/artigos.abelacosmetics.com\/explicando-a-queda-de-cabelo\/","url":"https:\/\/artigos.abelacosmetics.com\/explicando-a-queda-de-cabelo\/","name":"Explicando a queda de cabelo - Abela Cosmetics","isPartOf":{"@id":"https:\/\/artigos.abelacosmetics.com\/#website"},"primaryImageOfPage":{"@id":"https:\/\/artigos.abelacosmetics.com\/explicando-a-queda-de-cabelo\/#primaryimage"},"image":{"@id":"https:\/\/artigos.abelacosmetics.com\/explicando-a-queda-de-cabelo\/#primaryimage"},"thumbnailUrl":"https:\/\/artigos.abelacosmetics.com\/wp-content\/uploads\/2023\/01\/4-2.png","datePublished":"2022-08-24T21:34:22+00:00","dateModified":"2023-02-02T16:21:47+00:00","description":"Entenda as fases do crescimento capilar e como funciona a queda dos cabelos.","breadcrumb":{"@id":"https:\/\/artigos.abelacosmetics.com\/explicando-a-queda-de-cabelo\/#breadcrumb"},"inLanguage":"es","potentialAction":[{"@type":"ReadAction","target":["https:\/\/artigos.abelacosmetics.com\/explicando-a-queda-de-cabelo\/"]}]},{"@type":"ImageObject","inLanguage":"es","@id":"https:\/\/artigos.abelacosmetics.com\/explicando-a-queda-de-cabelo\/#primaryimage","url":"https:\/\/artigos.abelacosmetics.com\/wp-content\/uploads\/2023\/01\/4-2.png","contentUrl":"https:\/\/artigos.abelacosmetics.com\/wp-content\/uploads\/2023\/01\/4-2.png","width":850,"height":430},{"@type":"BreadcrumbList","@id":"https:\/\/artigos.abelacosmetics.com\/explicando-a-queda-de-cabelo\/#breadcrumb","itemListElement":[{"@type":"ListItem","position":1,"name":"In\u00edcio","item":"https:\/\/artigos.abelacosmetics.com\/"},{"@type":"ListItem","position":2,"name":"Explicando a queda de cabelo"}]},{"@type":"WebSite","@id":"https:\/\/artigos.abelacosmetics.com\/#website","url":"https:\/\/artigos.abelacosmetics.com\/","name":"Abela Cosmetics","description":"Cuidados para Cabelos \u00danicos","publisher":{"@id":"https:\/\/artigos.abelacosmetics.com\/#organization"},"potentialAction":[{"@type":"SearchAction","target":{"@type":"EntryPoint","urlTemplate":"https:\/\/artigos.abelacosmetics.com\/?s={search_term_string}"},"query-input":{"@type":"PropertyValueSpecification","valueRequired":true,"valueName":"search_term_string"}}],"inLanguage":"es"},{"@type":"Organization","@id":"https:\/\/artigos.abelacosmetics.com\/#organization","name":"Abela Cosmetics","url":"https:\/\/artigos.abelacosmetics.com\/","logo":{"@type":"ImageObject","inLanguage":"es","@id":"https:\/\/artigos.abelacosmetics.com\/#\/schema\/logo\/image\/","url":"https:\/\/artigos.abelacosmetics.com\/wp-content\/uploads\/2023\/02\/logo-abela.png","contentUrl":"https:\/\/artigos.abelacosmetics.com\/wp-content\/uploads\/2023\/02\/logo-abela.png","width":183,"height":90,"caption":"Abela Cosmetics"},"image":{"@id":"https:\/\/artigos.abelacosmetics.com\/#\/schema\/logo\/image\/"},"sameAs":["https:\/\/www.facebook.com\/abelacosmetics"]},{"@type":"Person","@id":"https:\/\/artigos.abelacosmetics.com\/#\/schema\/person\/675710be590edb47293978092f4e20f4","name":"admin","image":{"@type":"ImageObject","inLanguage":"es","@id":"https:\/\/artigos.abelacosmetics.com\/#\/schema\/person\/image\/","url":"https:\/\/secure.gravatar.com\/avatar\/ce9ccc2de538d30bcc33874c5a730e8e078e64fce402cb3cf0668a7439a0e654?s=96&d=mm&r=g","contentUrl":"https:\/\/secure.gravatar.com\/avatar\/ce9ccc2de538d30bcc33874c5a730e8e078e64fce402cb3cf0668a7439a0e654?s=96&d=mm&r=g","caption":"admin"},"sameAs":["http:\/\/localhost\/abela-cosmetic"],"url":"https:\/\/artigos.abelacosmetics.com\/es\/author\/admin\/"}]}},"_links":{"self":[{"href":"https:\/\/artigos.abelacosmetics.com\/es\/wp-json\/wp\/v2\/posts\/1073","targetHints":{"allow":["GET"]}}],"collection":[{"href":"https:\/\/artigos.abelacosmetics.com\/es\/wp-json\/wp\/v2\/posts"}],"about":[{"href":"https:\/\/artigos.abelacosmetics.com\/es\/wp-json\/wp\/v2\/types\/post"}],"author":[{"embeddable":true,"href":"https:\/\/artigos.abelacosmetics.com\/es\/wp-json\/wp\/v2\/users\/1"}],"replies":[{"embeddable":true,"href":"https:\/\/artigos.abelacosmetics.com\/es\/wp-json\/wp\/v2\/comments?post=1073"}],"version-history":[{"count":7,"href":"https:\/\/artigos.abelacosmetics.com\/es\/wp-json\/wp\/v2\/posts\/1073\/revisions"}],"predecessor-version":[{"id":2410,"href":"https:\/\/artigos.abelacosmetics.com\/es\/wp-json\/wp\/v2\/posts\/1073\/revisions\/2410"}],"wp:featuredmedia":[{"embeddable":true,"href":"https:\/\/artigos.abelacosmetics.com\/es\/wp-json\/wp\/v2\/media\/2374"}],"wp:attachment":[{"href":"https:\/\/artigos.abelacosmetics.com\/es\/wp-json\/wp\/v2\/media?parent=1073"}],"wp:term":[{"taxonomy":"category","embeddable":true,"href":"https:\/\/artigos.abelacosmetics.com\/es\/wp-json\/wp\/v2\/categories?post=1073"},{"taxonomy":"post_tag","embeddable":true,"href":"https:\/\/artigos.abelacosmetics.com\/es\/wp-json\/wp\/v2\/tags?post=1073"}],"curies":[{"name":"wp","href":"https:\/\/api.w.org\/{rel}","templated":true}]}}