{"id":847,"date":"2021-12-28T16:48:51","date_gmt":"2021-12-28T19:48:51","guid":{"rendered":"https:\/\/artigos.abelacosmetics.com\/abela2022\/?p=847"},"modified":"2023-01-05T18:01:54","modified_gmt":"2023-01-05T21:01:54","slug":"abela-cosmetics-possui-selo-eureciclo","status":"publish","type":"post","link":"https:\/\/artigos.abelacosmetics.com\/en\/abela-cosmetics-possui-selo-eureciclo\/","title":{"rendered":"Abela Cosmetics possui selo eureciclo"},"content":{"rendered":"<section>\n<div class=\"container\">\n<div class=\"row\">\n<div class=\"post\">\n<p>&nbsp;<\/p>\n<p>&nbsp;<\/p>\n<p>Em tempos de mudan\u00e7a de atitude ambiental, \u00e9 com orgulho que a Abela Cosmetics possui o selo EURECICLO.\u00a0 O eureciclo \u00e9 um selo que foi criado com objetivos sustent\u00e1veis, tentado solucionar alguns dos maiores problemas que temos hoje: a polui\u00e7\u00e3o.<\/p>\n<\/div>\n<\/div>\n<\/div>\n<\/section>\n<p>&nbsp;<\/p>\n<audio class=\"wp-audio-shortcode\" id=\"audio-847-1\" preload=\"none\" style=\"width: 100%;\" controls=\"controls\"><source type=\"audio\/mpeg\" src=\"https:\/\/artigos.abelacosmetics.com\/wp-content\/uploads\/2021\/12\/Abela-Cosmetics-possui-selo-eureciclo-1.mp3?_=1\" \/><a href=\"https:\/\/artigos.abelacosmetics.com\/wp-content\/uploads\/2021\/12\/Abela-Cosmetics-possui-selo-eureciclo-1.mp3\">https:\/\/artigos.abelacosmetics.com\/wp-content\/uploads\/2021\/12\/Abela-Cosmetics-possui-selo-eureciclo-1.mp3<\/a><\/audio>\n<section>\n<div class=\"container\">\n<div class=\"row\">\n<div class=\"post\">\n<p>&nbsp;<\/p>\n<p>O selo\u00a0eureciclo\u00a0foi idealizado para solucionar dois problemas: a destina\u00e7\u00e3o de embalagens geradas por empresas e a marginaliza\u00e7\u00e3o da cadeia de reciclagem. Pensando nisso, a New Hope Ecotech, empresa l\u00edder no setor de tecnologias para gest\u00e3o de res\u00edduos s\u00f3lidos no Brasil, desenvolveu uma plataforma. Tal plataforma \u00e9 capaz de rastrear e armazenar dados da cadeia de reciclagem e criou o selinho!<\/p>\n<p>A eureciclo possibilita que empresas que apoiam o projeto possam contribuir com a reciclagem das embalagens produzidas. Compensa\u00e7\u00e3o ambiental \u00e9 o que procuramos na Abela Cosmetics para reduzir os danos causados \u00e0 natureza. Esta iniciativa \u00e9 hoje reconhecida internacionalmente e diversas empresas colocam em pr\u00e1tica os ideais trazidos pelo projeto.<\/p>\n<p>As empresas se tornam parceiras do selo ao contratar um plano. A Abela Cosmetics poccui selo eureciclo, ent\u00e3o, adequamos nossa empresa \u00e0 legisla\u00e7\u00e3o e informamos a nossos clientes que somos uma marca respons\u00e1vel socioambientalmente.<\/p>\n<p>O selo eureciclo est\u00e1 inclusive, entre as solu\u00e7\u00f5es de impacto mais positivas no mundo quando o assunto \u00e9 inova\u00e7\u00e3o. Os valores trazidos pela eureciclo envolvem transpar\u00eancia, inclus\u00e3o e sustentabilidade. Por isso a Abela Cosmetics possui uma parceria com esse conceito, permitindo que a log\u00edstica reversa possa controlar as embalagens que s\u00e3o colocadas no mercado.<\/p>\n<p>Assim, a Abela Cosmetics recebe, al\u00e9m da certifica\u00e7\u00e3o de que est\u00e1 cumprindo com a pol\u00edtica nacional, a certeza de estar contribuindo com a\u00a0Causa Ambiental. Conhe\u00e7a nossa gama de\u00a0<a href=\"https:\/\/artigos.abelacosmetics.com\/en\/produtos\/#linha-love-vegan-cacau\" target=\"\\&quot;_blank\\&quot;\" rel=\"\\&quot;noopener noopener\">Produtos Veganos Abela Cosmetics<\/a>\u00a0e encante-se com nossa conta no\u00a0<a href=\"https:\/\/artigos.abelacosmetics.com\/en\/%22https:\/www.instagram.com\/abelacosmetics\/\/%22\/\" target=\"\\&quot;_blank\\&quot;\" rel=\"\\&quot;noopener noopener\">Instagram<\/a>, que al\u00e9m de linda tem muita informa\u00e7\u00e3o relevante pra voc\u00ea.<\/p>\n<\/div>\n<\/div>\n<\/div>\n<\/section>\n<footer>\n<div class=\"container\">\n<div class=\"footer-up\">\n<div class=\"newsletter-txt\"><\/div>\n<\/div>\n<\/div>\n<\/footer>","protected":false},"excerpt":{"rendered":"<p>&nbsp; &nbsp; Em tempos de mudan\u00e7a de atitude ambiental, \u00e9 com orgulho que a Abela Cosmetics possui o selo EURECICLO.\u00a0 O eureciclo \u00e9 um selo que foi criado com objetivos sustent\u00e1veis, tentado solucionar alguns dos maiores problemas que temos hoje: a polui\u00e7\u00e3o. &nbsp; &nbsp; O selo\u00a0eureciclo\u00a0foi idealizado para solucionar dois problemas: a destina\u00e7\u00e3o de embalagens [&hellip;]<\/p>","protected":false},"author":1,"featured_media":1107,"comment_status":"open","ping_status":"open","sticky":false,"template":"","format":"standard","meta":{"_acf_changed":false,"_mo_disable_npp":"","inline_featured_image":false,"footnotes":""},"categories":[32],"tags":[],"class_list":["post-847","post","type-post","status-publish","format-standard","has-post-thumbnail","hentry","category-informacoes"],"acf":[],"yoast_head":"<!-- This site is optimized with the Yoast SEO Premium plugin v19.2.1 (Yoast SEO v26.9) - https:\/\/yoast.com\/product\/yoast-seo-premium-wordpress\/ -->\n<title>Abela Cosmetics possui selo eureciclo - Abela Cosmetics<\/title>\n<meta name=\"description\" content=\"Nossa log\u00edstica reversa permite que reciclamos 2 frascos para cada 1 frasco vendido. Prezamos o meio ambiente.\" \/>\n<meta name=\"robots\" content=\"index, follow, max-snippet:-1, max-image-preview:large, max-video-preview:-1\" \/>\n<link rel=\"canonical\" href=\"https:\/\/artigos.abelacosmetics.com\/en\/abela-cosmetics-possui-selo-eureciclo\/\" \/>\n<meta property=\"og:locale\" content=\"en_US\" \/>\n<meta property=\"og:type\" content=\"article\" \/>\n<meta property=\"og:title\" content=\"Abela Cosmetics possui selo eureciclo\" \/>\n<meta property=\"og:description\" content=\"Nossa log\u00edstica reversa permite que reciclamos 2 frascos para cada 1 frasco vendido. Prezamos o meio ambiente.\" \/>\n<meta property=\"og:url\" content=\"https:\/\/artigos.abelacosmetics.com\/en\/abela-cosmetics-possui-selo-eureciclo\/\" \/>\n<meta property=\"og:site_name\" content=\"Abela Cosmetics\" \/>\n<meta property=\"article:publisher\" content=\"https:\/\/www.facebook.com\/abelacosmetics\" \/>\n<meta property=\"article:published_time\" content=\"2021-12-28T19:48:51+00:00\" \/>\n<meta property=\"article:modified_time\" content=\"2023-01-05T21:01:54+00:00\" \/>\n<meta property=\"og:image\" content=\"https:\/\/artigos.abelacosmetics.com\/wp-content\/uploads\/2021\/12\/Design-sem-nome.png\" \/>\n\t<meta property=\"og:image:width\" content=\"850\" \/>\n\t<meta property=\"og:image:height\" content=\"600\" \/>\n\t<meta property=\"og:image:type\" content=\"image\/png\" \/>\n<meta name=\"author\" content=\"admin\" \/>\n<meta name=\"twitter:card\" content=\"summary_large_image\" \/>\n<meta name=\"twitter:label1\" content=\"Written by\" \/>\n\t<meta name=\"twitter:data1\" content=\"admin\" \/>\n\t<meta name=\"twitter:label2\" content=\"Est. reading time\" \/>\n\t<meta name=\"twitter:data2\" content=\"2 minutes\" \/>\n<script type=\"application\/ld+json\" class=\"yoast-schema-graph\">{\"@context\":\"https:\/\/schema.org\",\"@graph\":[{\"@type\":\"Article\",\"@id\":\"https:\/\/artigos.abelacosmetics.com\/abela-cosmetics-possui-selo-eureciclo\/#article\",\"isPartOf\":{\"@id\":\"https:\/\/artigos.abelacosmetics.com\/abela-cosmetics-possui-selo-eureciclo\/\"},\"author\":{\"name\":\"admin\",\"@id\":\"https:\/\/artigos.abelacosmetics.com\/#\/schema\/person\/675710be590edb47293978092f4e20f4\"},\"headline\":\"Abela Cosmetics possui selo eureciclo\",\"datePublished\":\"2021-12-28T19:48:51+00:00\",\"dateModified\":\"2023-01-05T21:01:54+00:00\",\"mainEntityOfPage\":{\"@id\":\"https:\/\/artigos.abelacosmetics.com\/abela-cosmetics-possui-selo-eureciclo\/\"},\"wordCount\":328,\"commentCount\":0,\"publisher\":{\"@id\":\"https:\/\/artigos.abelacosmetics.com\/#organization\"},\"image\":{\"@id\":\"https:\/\/artigos.abelacosmetics.com\/abela-cosmetics-possui-selo-eureciclo\/#primaryimage\"},\"thumbnailUrl\":\"https:\/\/artigos.abelacosmetics.com\/wp-content\/uploads\/2021\/12\/Design-sem-nome.png\",\"articleSection\":[\"Informa\u00e7\u00f5es\"],\"inLanguage\":\"en-US\",\"potentialAction\":[{\"@type\":\"CommentAction\",\"name\":\"Comment\",\"target\":[\"https:\/\/artigos.abelacosmetics.com\/abela-cosmetics-possui-selo-eureciclo\/#respond\"]}]},{\"@type\":\"WebPage\",\"@id\":\"https:\/\/artigos.abelacosmetics.com\/abela-cosmetics-possui-selo-eureciclo\/\",\"url\":\"https:\/\/artigos.abelacosmetics.com\/abela-cosmetics-possui-selo-eureciclo\/\",\"name\":\"Abela Cosmetics possui selo eureciclo - Abela Cosmetics\",\"isPartOf\":{\"@id\":\"https:\/\/artigos.abelacosmetics.com\/#website\"},\"primaryImageOfPage\":{\"@id\":\"https:\/\/artigos.abelacosmetics.com\/abela-cosmetics-possui-selo-eureciclo\/#primaryimage\"},\"image\":{\"@id\":\"https:\/\/artigos.abelacosmetics.com\/abela-cosmetics-possui-selo-eureciclo\/#primaryimage\"},\"thumbnailUrl\":\"https:\/\/artigos.abelacosmetics.com\/wp-content\/uploads\/2021\/12\/Design-sem-nome.png\",\"datePublished\":\"2021-12-28T19:48:51+00:00\",\"dateModified\":\"2023-01-05T21:01:54+00:00\",\"description\":\"Nossa log\u00edstica reversa permite que reciclamos 2 frascos para cada 1 frasco vendido. Prezamos o meio ambiente.\",\"breadcrumb\":{\"@id\":\"https:\/\/artigos.abelacosmetics.com\/abela-cosmetics-possui-selo-eureciclo\/#breadcrumb\"},\"inLanguage\":\"en-US\",\"potentialAction\":[{\"@type\":\"ReadAction\",\"target\":[\"https:\/\/artigos.abelacosmetics.com\/abela-cosmetics-possui-selo-eureciclo\/\"]}]},{\"@type\":\"ImageObject\",\"inLanguage\":\"en-US\",\"@id\":\"https:\/\/artigos.abelacosmetics.com\/abela-cosmetics-possui-selo-eureciclo\/#primaryimage\",\"url\":\"https:\/\/artigos.abelacosmetics.com\/wp-content\/uploads\/2021\/12\/Design-sem-nome.png\",\"contentUrl\":\"https:\/\/artigos.abelacosmetics.com\/wp-content\/uploads\/2021\/12\/Design-sem-nome.png\",\"width\":850,\"height\":600},{\"@type\":\"BreadcrumbList\",\"@id\":\"https:\/\/artigos.abelacosmetics.com\/abela-cosmetics-possui-selo-eureciclo\/#breadcrumb\",\"itemListElement\":[{\"@type\":\"ListItem\",\"position\":1,\"name\":\"In\u00edcio\",\"item\":\"https:\/\/artigos.abelacosmetics.com\/\"},{\"@type\":\"ListItem\",\"position\":2,\"name\":\"Abela Cosmetics possui selo eureciclo\"}]},{\"@type\":\"WebSite\",\"@id\":\"https:\/\/artigos.abelacosmetics.com\/#website\",\"url\":\"https:\/\/artigos.abelacosmetics.com\/\",\"name\":\"Abela Cosmetics\",\"description\":\"Cuidados para Cabelos \u00danicos\",\"publisher\":{\"@id\":\"https:\/\/artigos.abelacosmetics.com\/#organization\"},\"potentialAction\":[{\"@type\":\"SearchAction\",\"target\":{\"@type\":\"EntryPoint\",\"urlTemplate\":\"https:\/\/artigos.abelacosmetics.com\/?s={search_term_string}\"},\"query-input\":{\"@type\":\"PropertyValueSpecification\",\"valueRequired\":true,\"valueName\":\"search_term_string\"}}],\"inLanguage\":\"en-US\"},{\"@type\":\"Organization\",\"@id\":\"https:\/\/artigos.abelacosmetics.com\/#organization\",\"name\":\"Abela Cosmetics\",\"url\":\"https:\/\/artigos.abelacosmetics.com\/\",\"logo\":{\"@type\":\"ImageObject\",\"inLanguage\":\"en-US\",\"@id\":\"https:\/\/artigos.abelacosmetics.com\/#\/schema\/logo\/image\/\",\"url\":\"https:\/\/artigos.abelacosmetics.com\/wp-content\/uploads\/2023\/02\/logo-abela.png\",\"contentUrl\":\"https:\/\/artigos.abelacosmetics.com\/wp-content\/uploads\/2023\/02\/logo-abela.png\",\"width\":183,\"height\":90,\"caption\":\"Abela Cosmetics\"},\"image\":{\"@id\":\"https:\/\/artigos.abelacosmetics.com\/#\/schema\/logo\/image\/\"},\"sameAs\":[\"https:\/\/www.facebook.com\/abelacosmetics\"]},{\"@type\":\"Person\",\"@id\":\"https:\/\/artigos.abelacosmetics.com\/#\/schema\/person\/675710be590edb47293978092f4e20f4\",\"name\":\"admin\",\"image\":{\"@type\":\"ImageObject\",\"inLanguage\":\"en-US\",\"@id\":\"https:\/\/artigos.abelacosmetics.com\/#\/schema\/person\/image\/\",\"url\":\"https:\/\/secure.gravatar.com\/avatar\/ce9ccc2de538d30bcc33874c5a730e8e078e64fce402cb3cf0668a7439a0e654?s=96&d=mm&r=g\",\"contentUrl\":\"https:\/\/secure.gravatar.com\/avatar\/ce9ccc2de538d30bcc33874c5a730e8e078e64fce402cb3cf0668a7439a0e654?s=96&d=mm&r=g\",\"caption\":\"admin\"},\"sameAs\":[\"http:\/\/localhost\/abela-cosmetic\"],\"url\":\"https:\/\/artigos.abelacosmetics.com\/en\/author\/admin\/\"}]}<\/script>\n<!-- \/ Yoast SEO Premium plugin. -->","yoast_head_json":{"title":"Abela Cosmetics possui selo eureciclo - Abela Cosmetics","description":"Nossa log\u00edstica reversa permite que reciclamos 2 frascos para cada 1 frasco vendido. Prezamos o meio ambiente.","robots":{"index":"index","follow":"follow","max-snippet":"max-snippet:-1","max-image-preview":"max-image-preview:large","max-video-preview":"max-video-preview:-1"},"canonical":"https:\/\/artigos.abelacosmetics.com\/en\/abela-cosmetics-possui-selo-eureciclo\/","og_locale":"en_US","og_type":"article","og_title":"Abela Cosmetics possui selo eureciclo","og_description":"Nossa log\u00edstica reversa permite que reciclamos 2 frascos para cada 1 frasco vendido. Prezamos o meio ambiente.","og_url":"https:\/\/artigos.abelacosmetics.com\/en\/abela-cosmetics-possui-selo-eureciclo\/","og_site_name":"Abela Cosmetics","article_publisher":"https:\/\/www.facebook.com\/abelacosmetics","article_published_time":"2021-12-28T19:48:51+00:00","article_modified_time":"2023-01-05T21:01:54+00:00","og_image":[{"width":850,"height":600,"url":"https:\/\/artigos.abelacosmetics.com\/wp-content\/uploads\/2021\/12\/Design-sem-nome.png","type":"image\/png"}],"author":"admin","twitter_card":"summary_large_image","twitter_misc":{"Written by":"admin","Est. reading time":"2 minutes"},"schema":{"@context":"https:\/\/schema.org","@graph":[{"@type":"Article","@id":"https:\/\/artigos.abelacosmetics.com\/abela-cosmetics-possui-selo-eureciclo\/#article","isPartOf":{"@id":"https:\/\/artigos.abelacosmetics.com\/abela-cosmetics-possui-selo-eureciclo\/"},"author":{"name":"admin","@id":"https:\/\/artigos.abelacosmetics.com\/#\/schema\/person\/675710be590edb47293978092f4e20f4"},"headline":"Abela Cosmetics possui selo eureciclo","datePublished":"2021-12-28T19:48:51+00:00","dateModified":"2023-01-05T21:01:54+00:00","mainEntityOfPage":{"@id":"https:\/\/artigos.abelacosmetics.com\/abela-cosmetics-possui-selo-eureciclo\/"},"wordCount":328,"commentCount":0,"publisher":{"@id":"https:\/\/artigos.abelacosmetics.com\/#organization"},"image":{"@id":"https:\/\/artigos.abelacosmetics.com\/abela-cosmetics-possui-selo-eureciclo\/#primaryimage"},"thumbnailUrl":"https:\/\/artigos.abelacosmetics.com\/wp-content\/uploads\/2021\/12\/Design-sem-nome.png","articleSection":["Informa\u00e7\u00f5es"],"inLanguage":"en-US","potentialAction":[{"@type":"CommentAction","name":"Comment","target":["https:\/\/artigos.abelacosmetics.com\/abela-cosmetics-possui-selo-eureciclo\/#respond"]}]},{"@type":"WebPage","@id":"https:\/\/artigos.abelacosmetics.com\/abela-cosmetics-possui-selo-eureciclo\/","url":"https:\/\/artigos.abelacosmetics.com\/abela-cosmetics-possui-selo-eureciclo\/","name":"Abela Cosmetics possui selo eureciclo - Abela Cosmetics","isPartOf":{"@id":"https:\/\/artigos.abelacosmetics.com\/#website"},"primaryImageOfPage":{"@id":"https:\/\/artigos.abelacosmetics.com\/abela-cosmetics-possui-selo-eureciclo\/#primaryimage"},"image":{"@id":"https:\/\/artigos.abelacosmetics.com\/abela-cosmetics-possui-selo-eureciclo\/#primaryimage"},"thumbnailUrl":"https:\/\/artigos.abelacosmetics.com\/wp-content\/uploads\/2021\/12\/Design-sem-nome.png","datePublished":"2021-12-28T19:48:51+00:00","dateModified":"2023-01-05T21:01:54+00:00","description":"Nossa log\u00edstica reversa permite que reciclamos 2 frascos para cada 1 frasco vendido. Prezamos o meio ambiente.","breadcrumb":{"@id":"https:\/\/artigos.abelacosmetics.com\/abela-cosmetics-possui-selo-eureciclo\/#breadcrumb"},"inLanguage":"en-US","potentialAction":[{"@type":"ReadAction","target":["https:\/\/artigos.abelacosmetics.com\/abela-cosmetics-possui-selo-eureciclo\/"]}]},{"@type":"ImageObject","inLanguage":"en-US","@id":"https:\/\/artigos.abelacosmetics.com\/abela-cosmetics-possui-selo-eureciclo\/#primaryimage","url":"https:\/\/artigos.abelacosmetics.com\/wp-content\/uploads\/2021\/12\/Design-sem-nome.png","contentUrl":"https:\/\/artigos.abelacosmetics.com\/wp-content\/uploads\/2021\/12\/Design-sem-nome.png","width":850,"height":600},{"@type":"BreadcrumbList","@id":"https:\/\/artigos.abelacosmetics.com\/abela-cosmetics-possui-selo-eureciclo\/#breadcrumb","itemListElement":[{"@type":"ListItem","position":1,"name":"In\u00edcio","item":"https:\/\/artigos.abelacosmetics.com\/"},{"@type":"ListItem","position":2,"name":"Abela Cosmetics possui selo eureciclo"}]},{"@type":"WebSite","@id":"https:\/\/artigos.abelacosmetics.com\/#website","url":"https:\/\/artigos.abelacosmetics.com\/","name":"Abela Cosmetics","description":"Cuidados para Cabelos \u00danicos","publisher":{"@id":"https:\/\/artigos.abelacosmetics.com\/#organization"},"potentialAction":[{"@type":"SearchAction","target":{"@type":"EntryPoint","urlTemplate":"https:\/\/artigos.abelacosmetics.com\/?s={search_term_string}"},"query-input":{"@type":"PropertyValueSpecification","valueRequired":true,"valueName":"search_term_string"}}],"inLanguage":"en-US"},{"@type":"Organization","@id":"https:\/\/artigos.abelacosmetics.com\/#organization","name":"Abela Cosmetics","url":"https:\/\/artigos.abelacosmetics.com\/","logo":{"@type":"ImageObject","inLanguage":"en-US","@id":"https:\/\/artigos.abelacosmetics.com\/#\/schema\/logo\/image\/","url":"https:\/\/artigos.abelacosmetics.com\/wp-content\/uploads\/2023\/02\/logo-abela.png","contentUrl":"https:\/\/artigos.abelacosmetics.com\/wp-content\/uploads\/2023\/02\/logo-abela.png","width":183,"height":90,"caption":"Abela Cosmetics"},"image":{"@id":"https:\/\/artigos.abelacosmetics.com\/#\/schema\/logo\/image\/"},"sameAs":["https:\/\/www.facebook.com\/abelacosmetics"]},{"@type":"Person","@id":"https:\/\/artigos.abelacosmetics.com\/#\/schema\/person\/675710be590edb47293978092f4e20f4","name":"admin","image":{"@type":"ImageObject","inLanguage":"en-US","@id":"https:\/\/artigos.abelacosmetics.com\/#\/schema\/person\/image\/","url":"https:\/\/secure.gravatar.com\/avatar\/ce9ccc2de538d30bcc33874c5a730e8e078e64fce402cb3cf0668a7439a0e654?s=96&d=mm&r=g","contentUrl":"https:\/\/secure.gravatar.com\/avatar\/ce9ccc2de538d30bcc33874c5a730e8e078e64fce402cb3cf0668a7439a0e654?s=96&d=mm&r=g","caption":"admin"},"sameAs":["http:\/\/localhost\/abela-cosmetic"],"url":"https:\/\/artigos.abelacosmetics.com\/en\/author\/admin\/"}]}},"_links":{"self":[{"href":"https:\/\/artigos.abelacosmetics.com\/en\/wp-json\/wp\/v2\/posts\/847","targetHints":{"allow":["GET"]}}],"collection":[{"href":"https:\/\/artigos.abelacosmetics.com\/en\/wp-json\/wp\/v2\/posts"}],"about":[{"href":"https:\/\/artigos.abelacosmetics.com\/en\/wp-json\/wp\/v2\/types\/post"}],"author":[{"embeddable":true,"href":"https:\/\/artigos.abelacosmetics.com\/en\/wp-json\/wp\/v2\/users\/1"}],"replies":[{"embeddable":true,"href":"https:\/\/artigos.abelacosmetics.com\/en\/wp-json\/wp\/v2\/comments?post=847"}],"version-history":[{"count":6,"href":"https:\/\/artigos.abelacosmetics.com\/en\/wp-json\/wp\/v2\/posts\/847\/revisions"}],"predecessor-version":[{"id":2259,"href":"https:\/\/artigos.abelacosmetics.com\/en\/wp-json\/wp\/v2\/posts\/847\/revisions\/2259"}],"wp:featuredmedia":[{"embeddable":true,"href":"https:\/\/artigos.abelacosmetics.com\/en\/wp-json\/wp\/v2\/media\/1107"}],"wp:attachment":[{"href":"https:\/\/artigos.abelacosmetics.com\/en\/wp-json\/wp\/v2\/media?parent=847"}],"wp:term":[{"taxonomy":"category","embeddable":true,"href":"https:\/\/artigos.abelacosmetics.com\/en\/wp-json\/wp\/v2\/categories?post=847"},{"taxonomy":"post_tag","embeddable":true,"href":"https:\/\/artigos.abelacosmetics.com\/en\/wp-json\/wp\/v2\/tags?post=847"}],"curies":[{"name":"wp","href":"https:\/\/api.w.org\/{rel}","templated":true}]}}