{"id":2671,"date":"2023-02-15T18:02:31","date_gmt":"2023-02-15T21:02:31","guid":{"rendered":"https:\/\/artigos.abelacosmetics.com\/?p=2671"},"modified":"2023-02-15T18:02:31","modified_gmt":"2023-02-15T21:02:31","slug":"perda-de-cabelo-depois-dos-40","status":"publish","type":"post","link":"https:\/\/artigos.abelacosmetics.com\/en\/perda-de-cabelo-depois-dos-40\/","title":{"rendered":"Perda de cabelo depois dos 40"},"content":{"rendered":"<p>&nbsp;<\/p>\n<p>&nbsp;<\/p>\n<p>A queda de cabelo masculina \u00e9 um problema de sa\u00fade bem conhecido e temos um real entendimento do assunto. Mas e se voc\u00ea for mulher e seu cabelo come\u00e7ar a cair, os motivos nem sempre s\u00e3o claros&#8230;<\/p>\n<p>&nbsp;<\/p>\n<audio class=\"wp-audio-shortcode\" id=\"audio-2671-1\" preload=\"none\" style=\"width: 100%;\" controls=\"controls\"><source type=\"audio\/mpeg\" src=\"https:\/\/artigos.abelacosmetics.com\/wp-content\/uploads\/2023\/02\/queda-depois-dos-40.mp3?_=1\" \/><a href=\"https:\/\/artigos.abelacosmetics.com\/wp-content\/uploads\/2023\/02\/queda-depois-dos-40.mp3\">https:\/\/artigos.abelacosmetics.com\/wp-content\/uploads\/2023\/02\/queda-depois-dos-40.mp3<\/a><\/audio>\n<p>&nbsp;<\/p>\n<p>O cabelo de uma mulher \u00e9 tradicionalmente um sinal de sa\u00fade, vitalidade e bem-estar, e tem sido assim ao longo dos tempos. Os estilos e cortes t\u00eam evolu\u00eddo cada vez mais com a modernidade, trazendo novidades a cada dia.\u00a0 Mas o fato \u00e9 que, como mulheres, investimos muito na espessura, no brilho, na for\u00e7a dos nossos cabelos.\u00a0 Na verdade, em toda a sua sa\u00fade.<\/p>\n<p>&nbsp;<\/p>\n<p>Existe um processo muito normal de perda e substitui\u00e7\u00e3o de cabelo que ocorre ao longo de nossas vidas, \u00e0 medida que nossos corpos eliminam as c\u00e9lulas velhas e mortas, abrindo caminho para c\u00e9lulas novas e saud\u00e1veis, assim como acontece com a nossa pele.<\/p>\n<p>&nbsp;<\/p>\n<p><strong>O famoso estrog\u00eanio<\/strong><\/p>\n<p>&nbsp;<\/p>\n<p><img loading=\"lazy\" decoding=\"async\" class=\"wp-image-2674 alignright\" src=\"https:\/\/artigos.abelacosmetics.com\/wp-content\/uploads\/2023\/02\/2-8-300x152.png\" alt=\"\" width=\"525\" height=\"266\" srcset=\"https:\/\/artigos.abelacosmetics.com\/wp-content\/uploads\/2023\/02\/2-8-300x152.png 300w, https:\/\/artigos.abelacosmetics.com\/wp-content\/uploads\/2023\/02\/2-8-768x389.png 768w, https:\/\/artigos.abelacosmetics.com\/wp-content\/uploads\/2023\/02\/2-8-18x9.png 18w, https:\/\/artigos.abelacosmetics.com\/wp-content\/uploads\/2023\/02\/2-8.png 850w\" sizes=\"auto, (max-width: 525px) 100vw, 525px\" \/>Al\u00e9m disso, somos geneticamente predispostas a certas espessuras, densidades e formas de cabelo, com as quais nascemos e s\u00f3 somos capazes de manipular at\u00e9 certo ponto.<\/p>\n<p>&nbsp;<\/p>\n<p>A quest\u00e3o da queda de cabelo acelerada, no entanto, \u00e9 uma hist\u00f3ria diferente que pode ser atribu\u00edda a uma s\u00e9rie de fatores que s\u00e3o potencialmente revers\u00edveis e trat\u00e1veis.<\/p>\n<p>&nbsp;<\/p>\n<p>A idade \u00e9 um fator importante, pois nossos n\u00edveis de estrog\u00eanio ajudam a manter a renova\u00e7\u00e3o e o crescimento de novos cabelos. Com a idade, especialmente quando ocorre a menopausa, a taxa de renova\u00e7\u00e3o celular diminui, o que significa menos novos cabelos saud\u00e1veis \u200b\u200be aumento da queda de cabelo. Como resultado, um fator-chave para verificar a perda de cabelo de in\u00edcio recente na faixa dos 40 anos \u00e9 o status hormonal.<\/p>\n<p>&nbsp;<\/p>\n<p>Outras condi\u00e7\u00f5es hormonais, incluindo hipotireoidismo, testosterona elevada e outros problemas hormonais mais raros, podem levar ao afinamento do cabelo devido \u00e0 perda acelerada e devem ser inclu\u00eddos na triagem para definir a causa da perda de cabelo quando voc\u00ea visitar seu m\u00e9dico.<\/p>\n<p>&nbsp;<\/p>\n<p><strong>Vitaminas e minerais<\/strong><\/p>\n<p><img loading=\"lazy\" decoding=\"async\" class=\"wp-image-2675 alignleft\" src=\"https:\/\/artigos.abelacosmetics.com\/wp-content\/uploads\/2023\/02\/3-7-300x152.png\" alt=\"\" width=\"499\" height=\"253\" srcset=\"https:\/\/artigos.abelacosmetics.com\/wp-content\/uploads\/2023\/02\/3-7-300x152.png 300w, https:\/\/artigos.abelacosmetics.com\/wp-content\/uploads\/2023\/02\/3-7-768x389.png 768w, https:\/\/artigos.abelacosmetics.com\/wp-content\/uploads\/2023\/02\/3-7-18x9.png 18w, https:\/\/artigos.abelacosmetics.com\/wp-content\/uploads\/2023\/02\/3-7.png 850w\" sizes=\"auto, (max-width: 499px) 100vw, 499px\" \/>Defici\u00eancias em certas vitaminas e minerais tamb\u00e9m podem estar em jogo. Estes incluem mais comumente defici\u00eancia de ferro, B12 e \u00e1cido f\u00f3lico &#8211; mais frequentemente observada em vegetarianos, cel\u00edacos, mulheres menstruadas e em fase de crescimento r\u00e1pido.<\/p>\n<p>Verificar se h\u00e1 essas defici\u00eancias no sangue e corrigi-las por meio de suplementos, por exemplo, pode ser muito \u00fatil para aumentar a for\u00e7a e a taxa de crescimento de novos cabelos.<\/p>\n<p>&nbsp;<\/p>\n<p>&nbsp;<\/p>\n<p>Algumas situa\u00e7\u00f5es mais atuais tamb\u00e9m afetaram muitas mulheres nos \u00faltimos anos.\u00a0 O n\u00edvel de estresse da mulher aumentou drasticamente, o que influencia na sa\u00fade em geral.\u00a0 E nossos cabelos podem ser os primeiros a sofrerem com isso.\u00a0 Outro fator importante foi o COVID-19.\u00a0 Muitas mulheres, mesmo assintom\u00e1ticas, perderam cabelo devido \u00e0 infec\u00e7\u00e3o.\u00a0 Al\u00e9m disso, o estresse em torno do COVID, bloqueios, problemas financeiros etc. Estes s\u00e3o amplamente revers\u00edveis ao longo do tempo, mas muitas vezes podem apresentar queda capilar at\u00e9 6 meses ap\u00f3s o evento estressante.<\/p>\n<p>&nbsp;<\/p>\n<p><strong>Procure um m\u00e9dico<\/strong><\/p>\n<p>&nbsp;<\/p>\n<p>Finalmente, existem causas raras de queda de cabelo, incluindo doen\u00e7as autoimunes, alopecia e certas condi\u00e7\u00f5es de pele que podem ser descartadas pelo seu m\u00e9dico de fam\u00edlia ou dermatologista.\u00a0 Falamos mais sobre essas condi\u00e7\u00f5es <a href=\"https:\/\/artigos.abelacosmetics.com\/en\/explicando-a-queda-de-cabelo\/\" target=\"_blank\" rel=\"noopener\">nesse artigo<\/a>.<\/p>\n<p>&nbsp;<\/p>\n<p>Em resumo, se voc\u00ea \u00e9 uma mulher, principalmente com mais de 40 anos e percebe queda r\u00e1pida de cabelo ou afinamento, consulte seu m\u00e9dico e fa\u00e7a alguns exames de sangue para investigar, pois muitos casos s\u00e3o trat\u00e1veis \u200b\u200be revers\u00edveis. Temos muitas op\u00e7\u00f5es de tratamento oral e t\u00f3pico prescritos que foram desenvolvidas ao longo do tempo, no entanto, o gerenciamento da perda de cabelo em mulheres na idade da menopausa deve ser individualizado e realizado apenas quando as causas revers\u00edveis puderem ser exclu\u00eddas.<\/p>\n<p>&nbsp;<\/p>\n<p>Cuide-se.\u00a0 Abela Cosmetics<\/p>\n<p>&nbsp;<\/p>\n<p><img loading=\"lazy\" decoding=\"async\" class=\"alignnone  wp-image-2676\" src=\"https:\/\/artigos.abelacosmetics.com\/wp-content\/uploads\/2023\/02\/4-6-300x152.png\" alt=\"\" width=\"1401\" height=\"710\" srcset=\"https:\/\/artigos.abelacosmetics.com\/wp-content\/uploads\/2023\/02\/4-6-300x152.png 300w, https:\/\/artigos.abelacosmetics.com\/wp-content\/uploads\/2023\/02\/4-6-768x389.png 768w, https:\/\/artigos.abelacosmetics.com\/wp-content\/uploads\/2023\/02\/4-6-18x9.png 18w, https:\/\/artigos.abelacosmetics.com\/wp-content\/uploads\/2023\/02\/4-6.png 850w\" sizes=\"auto, (max-width: 1401px) 100vw, 1401px\" \/><\/p>","protected":false},"excerpt":{"rendered":"<p>&nbsp; &nbsp; A queda de cabelo masculina \u00e9 um problema de sa\u00fade bem conhecido e temos um real entendimento do assunto. Mas e se voc\u00ea for mulher e seu cabelo come\u00e7ar a cair, os motivos nem sempre s\u00e3o claros&#8230; &nbsp; &nbsp; O cabelo de uma mulher \u00e9 tradicionalmente um sinal de sa\u00fade, vitalidade e bem-estar, [&hellip;]<\/p>","protected":false},"author":1,"featured_media":2673,"comment_status":"open","ping_status":"open","sticky":false,"template":"","format":"standard","meta":{"_acf_changed":false,"_mo_disable_npp":"","inline_featured_image":false,"footnotes":""},"categories":[30,1],"tags":[],"class_list":["post-2671","post","type-post","status-publish","format-standard","has-post-thumbnail","hentry","category-conheca-seus-cabelos","category-novidades"],"acf":[],"yoast_head":"<!-- This site is optimized with the Yoast SEO Premium plugin v19.2.1 (Yoast SEO v26.9) - https:\/\/yoast.com\/product\/yoast-seo-premium-wordpress\/ -->\n<title>Perda de cabelo depois dos 40 - Abela Cosmetics<\/title>\n<meta name=\"robots\" content=\"index, follow, max-snippet:-1, max-image-preview:large, max-video-preview:-1\" \/>\n<link rel=\"canonical\" href=\"https:\/\/artigos.abelacosmetics.com\/en\/perda-de-cabelo-depois-dos-40\/\" \/>\n<meta property=\"og:locale\" content=\"en_US\" \/>\n<meta property=\"og:type\" content=\"article\" \/>\n<meta property=\"og:title\" content=\"Perda de cabelo depois dos 40\" \/>\n<meta property=\"og:description\" content=\"&nbsp; &nbsp; A queda de cabelo masculina \u00e9 um problema de sa\u00fade bem conhecido e temos um real entendimento do assunto. Mas e se voc\u00ea for mulher e seu cabelo come\u00e7ar a cair, os motivos nem sempre s\u00e3o claros&#8230; &nbsp; &nbsp; O cabelo de uma mulher \u00e9 tradicionalmente um sinal de sa\u00fade, vitalidade e bem-estar, [&hellip;]\" \/>\n<meta property=\"og:url\" content=\"https:\/\/artigos.abelacosmetics.com\/en\/perda-de-cabelo-depois-dos-40\/\" \/>\n<meta property=\"og:site_name\" content=\"Abela Cosmetics\" \/>\n<meta property=\"article:publisher\" content=\"https:\/\/www.facebook.com\/abelacosmetics\" \/>\n<meta property=\"article:published_time\" content=\"2023-02-15T21:02:31+00:00\" \/>\n<meta property=\"og:image\" content=\"https:\/\/artigos.abelacosmetics.com\/wp-content\/uploads\/2023\/02\/1-8.png\" \/>\n\t<meta property=\"og:image:width\" content=\"850\" \/>\n\t<meta property=\"og:image:height\" content=\"430\" \/>\n\t<meta property=\"og:image:type\" content=\"image\/png\" \/>\n<meta name=\"author\" content=\"admin\" \/>\n<meta name=\"twitter:card\" content=\"summary_large_image\" \/>\n<meta name=\"twitter:label1\" content=\"Written by\" \/>\n\t<meta name=\"twitter:data1\" content=\"admin\" \/>\n\t<meta name=\"twitter:label2\" content=\"Est. reading time\" \/>\n\t<meta name=\"twitter:data2\" content=\"4 minutes\" \/>\n<script type=\"application\/ld+json\" class=\"yoast-schema-graph\">{\"@context\":\"https:\/\/schema.org\",\"@graph\":[{\"@type\":\"Article\",\"@id\":\"https:\/\/artigos.abelacosmetics.com\/perda-de-cabelo-depois-dos-40\/#article\",\"isPartOf\":{\"@id\":\"https:\/\/artigos.abelacosmetics.com\/perda-de-cabelo-depois-dos-40\/\"},\"author\":{\"name\":\"admin\",\"@id\":\"https:\/\/artigos.abelacosmetics.com\/#\/schema\/person\/675710be590edb47293978092f4e20f4\"},\"headline\":\"Perda de cabelo depois dos 40\",\"datePublished\":\"2023-02-15T21:02:31+00:00\",\"mainEntityOfPage\":{\"@id\":\"https:\/\/artigos.abelacosmetics.com\/perda-de-cabelo-depois-dos-40\/\"},\"wordCount\":679,\"commentCount\":0,\"publisher\":{\"@id\":\"https:\/\/artigos.abelacosmetics.com\/#organization\"},\"image\":{\"@id\":\"https:\/\/artigos.abelacosmetics.com\/perda-de-cabelo-depois-dos-40\/#primaryimage\"},\"thumbnailUrl\":\"https:\/\/artigos.abelacosmetics.com\/wp-content\/uploads\/2023\/02\/1-8.png\",\"articleSection\":[\"Conhe\u00e7a seus cabelos\",\"Novidades\"],\"inLanguage\":\"en-US\",\"potentialAction\":[{\"@type\":\"CommentAction\",\"name\":\"Comment\",\"target\":[\"https:\/\/artigos.abelacosmetics.com\/perda-de-cabelo-depois-dos-40\/#respond\"]}]},{\"@type\":\"WebPage\",\"@id\":\"https:\/\/artigos.abelacosmetics.com\/perda-de-cabelo-depois-dos-40\/\",\"url\":\"https:\/\/artigos.abelacosmetics.com\/perda-de-cabelo-depois-dos-40\/\",\"name\":\"Perda de cabelo depois dos 40 - Abela Cosmetics\",\"isPartOf\":{\"@id\":\"https:\/\/artigos.abelacosmetics.com\/#website\"},\"primaryImageOfPage\":{\"@id\":\"https:\/\/artigos.abelacosmetics.com\/perda-de-cabelo-depois-dos-40\/#primaryimage\"},\"image\":{\"@id\":\"https:\/\/artigos.abelacosmetics.com\/perda-de-cabelo-depois-dos-40\/#primaryimage\"},\"thumbnailUrl\":\"https:\/\/artigos.abelacosmetics.com\/wp-content\/uploads\/2023\/02\/1-8.png\",\"datePublished\":\"2023-02-15T21:02:31+00:00\",\"breadcrumb\":{\"@id\":\"https:\/\/artigos.abelacosmetics.com\/perda-de-cabelo-depois-dos-40\/#breadcrumb\"},\"inLanguage\":\"en-US\",\"potentialAction\":[{\"@type\":\"ReadAction\",\"target\":[\"https:\/\/artigos.abelacosmetics.com\/perda-de-cabelo-depois-dos-40\/\"]}]},{\"@type\":\"ImageObject\",\"inLanguage\":\"en-US\",\"@id\":\"https:\/\/artigos.abelacosmetics.com\/perda-de-cabelo-depois-dos-40\/#primaryimage\",\"url\":\"https:\/\/artigos.abelacosmetics.com\/wp-content\/uploads\/2023\/02\/1-8.png\",\"contentUrl\":\"https:\/\/artigos.abelacosmetics.com\/wp-content\/uploads\/2023\/02\/1-8.png\",\"width\":850,\"height\":430},{\"@type\":\"BreadcrumbList\",\"@id\":\"https:\/\/artigos.abelacosmetics.com\/perda-de-cabelo-depois-dos-40\/#breadcrumb\",\"itemListElement\":[{\"@type\":\"ListItem\",\"position\":1,\"name\":\"In\u00edcio\",\"item\":\"https:\/\/artigos.abelacosmetics.com\/\"},{\"@type\":\"ListItem\",\"position\":2,\"name\":\"Perda de cabelo depois dos 40\"}]},{\"@type\":\"WebSite\",\"@id\":\"https:\/\/artigos.abelacosmetics.com\/#website\",\"url\":\"https:\/\/artigos.abelacosmetics.com\/\",\"name\":\"Abela Cosmetics\",\"description\":\"Cuidados para Cabelos \u00danicos\",\"publisher\":{\"@id\":\"https:\/\/artigos.abelacosmetics.com\/#organization\"},\"potentialAction\":[{\"@type\":\"SearchAction\",\"target\":{\"@type\":\"EntryPoint\",\"urlTemplate\":\"https:\/\/artigos.abelacosmetics.com\/?s={search_term_string}\"},\"query-input\":{\"@type\":\"PropertyValueSpecification\",\"valueRequired\":true,\"valueName\":\"search_term_string\"}}],\"inLanguage\":\"en-US\"},{\"@type\":\"Organization\",\"@id\":\"https:\/\/artigos.abelacosmetics.com\/#organization\",\"name\":\"Abela Cosmetics\",\"url\":\"https:\/\/artigos.abelacosmetics.com\/\",\"logo\":{\"@type\":\"ImageObject\",\"inLanguage\":\"en-US\",\"@id\":\"https:\/\/artigos.abelacosmetics.com\/#\/schema\/logo\/image\/\",\"url\":\"https:\/\/artigos.abelacosmetics.com\/wp-content\/uploads\/2023\/02\/logo-abela.png\",\"contentUrl\":\"https:\/\/artigos.abelacosmetics.com\/wp-content\/uploads\/2023\/02\/logo-abela.png\",\"width\":183,\"height\":90,\"caption\":\"Abela Cosmetics\"},\"image\":{\"@id\":\"https:\/\/artigos.abelacosmetics.com\/#\/schema\/logo\/image\/\"},\"sameAs\":[\"https:\/\/www.facebook.com\/abelacosmetics\"]},{\"@type\":\"Person\",\"@id\":\"https:\/\/artigos.abelacosmetics.com\/#\/schema\/person\/675710be590edb47293978092f4e20f4\",\"name\":\"admin\",\"image\":{\"@type\":\"ImageObject\",\"inLanguage\":\"en-US\",\"@id\":\"https:\/\/artigos.abelacosmetics.com\/#\/schema\/person\/image\/\",\"url\":\"https:\/\/secure.gravatar.com\/avatar\/ce9ccc2de538d30bcc33874c5a730e8e078e64fce402cb3cf0668a7439a0e654?s=96&d=mm&r=g\",\"contentUrl\":\"https:\/\/secure.gravatar.com\/avatar\/ce9ccc2de538d30bcc33874c5a730e8e078e64fce402cb3cf0668a7439a0e654?s=96&d=mm&r=g\",\"caption\":\"admin\"},\"sameAs\":[\"http:\/\/localhost\/abela-cosmetic\"],\"url\":\"https:\/\/artigos.abelacosmetics.com\/en\/author\/admin\/\"}]}<\/script>\n<!-- \/ Yoast SEO Premium plugin. -->","yoast_head_json":{"title":"Perda de cabelo depois dos 40 - Abela Cosmetics","robots":{"index":"index","follow":"follow","max-snippet":"max-snippet:-1","max-image-preview":"max-image-preview:large","max-video-preview":"max-video-preview:-1"},"canonical":"https:\/\/artigos.abelacosmetics.com\/en\/perda-de-cabelo-depois-dos-40\/","og_locale":"en_US","og_type":"article","og_title":"Perda de cabelo depois dos 40","og_description":"&nbsp; &nbsp; A queda de cabelo masculina \u00e9 um problema de sa\u00fade bem conhecido e temos um real entendimento do assunto. Mas e se voc\u00ea for mulher e seu cabelo come\u00e7ar a cair, os motivos nem sempre s\u00e3o claros&#8230; &nbsp; &nbsp; O cabelo de uma mulher \u00e9 tradicionalmente um sinal de sa\u00fade, vitalidade e bem-estar, [&hellip;]","og_url":"https:\/\/artigos.abelacosmetics.com\/en\/perda-de-cabelo-depois-dos-40\/","og_site_name":"Abela Cosmetics","article_publisher":"https:\/\/www.facebook.com\/abelacosmetics","article_published_time":"2023-02-15T21:02:31+00:00","og_image":[{"width":850,"height":430,"url":"https:\/\/artigos.abelacosmetics.com\/wp-content\/uploads\/2023\/02\/1-8.png","type":"image\/png"}],"author":"admin","twitter_card":"summary_large_image","twitter_misc":{"Written by":"admin","Est. reading time":"4 minutes"},"schema":{"@context":"https:\/\/schema.org","@graph":[{"@type":"Article","@id":"https:\/\/artigos.abelacosmetics.com\/perda-de-cabelo-depois-dos-40\/#article","isPartOf":{"@id":"https:\/\/artigos.abelacosmetics.com\/perda-de-cabelo-depois-dos-40\/"},"author":{"name":"admin","@id":"https:\/\/artigos.abelacosmetics.com\/#\/schema\/person\/675710be590edb47293978092f4e20f4"},"headline":"Perda de cabelo depois dos 40","datePublished":"2023-02-15T21:02:31+00:00","mainEntityOfPage":{"@id":"https:\/\/artigos.abelacosmetics.com\/perda-de-cabelo-depois-dos-40\/"},"wordCount":679,"commentCount":0,"publisher":{"@id":"https:\/\/artigos.abelacosmetics.com\/#organization"},"image":{"@id":"https:\/\/artigos.abelacosmetics.com\/perda-de-cabelo-depois-dos-40\/#primaryimage"},"thumbnailUrl":"https:\/\/artigos.abelacosmetics.com\/wp-content\/uploads\/2023\/02\/1-8.png","articleSection":["Conhe\u00e7a seus cabelos","Novidades"],"inLanguage":"en-US","potentialAction":[{"@type":"CommentAction","name":"Comment","target":["https:\/\/artigos.abelacosmetics.com\/perda-de-cabelo-depois-dos-40\/#respond"]}]},{"@type":"WebPage","@id":"https:\/\/artigos.abelacosmetics.com\/perda-de-cabelo-depois-dos-40\/","url":"https:\/\/artigos.abelacosmetics.com\/perda-de-cabelo-depois-dos-40\/","name":"Perda de cabelo depois dos 40 - Abela Cosmetics","isPartOf":{"@id":"https:\/\/artigos.abelacosmetics.com\/#website"},"primaryImageOfPage":{"@id":"https:\/\/artigos.abelacosmetics.com\/perda-de-cabelo-depois-dos-40\/#primaryimage"},"image":{"@id":"https:\/\/artigos.abelacosmetics.com\/perda-de-cabelo-depois-dos-40\/#primaryimage"},"thumbnailUrl":"https:\/\/artigos.abelacosmetics.com\/wp-content\/uploads\/2023\/02\/1-8.png","datePublished":"2023-02-15T21:02:31+00:00","breadcrumb":{"@id":"https:\/\/artigos.abelacosmetics.com\/perda-de-cabelo-depois-dos-40\/#breadcrumb"},"inLanguage":"en-US","potentialAction":[{"@type":"ReadAction","target":["https:\/\/artigos.abelacosmetics.com\/perda-de-cabelo-depois-dos-40\/"]}]},{"@type":"ImageObject","inLanguage":"en-US","@id":"https:\/\/artigos.abelacosmetics.com\/perda-de-cabelo-depois-dos-40\/#primaryimage","url":"https:\/\/artigos.abelacosmetics.com\/wp-content\/uploads\/2023\/02\/1-8.png","contentUrl":"https:\/\/artigos.abelacosmetics.com\/wp-content\/uploads\/2023\/02\/1-8.png","width":850,"height":430},{"@type":"BreadcrumbList","@id":"https:\/\/artigos.abelacosmetics.com\/perda-de-cabelo-depois-dos-40\/#breadcrumb","itemListElement":[{"@type":"ListItem","position":1,"name":"In\u00edcio","item":"https:\/\/artigos.abelacosmetics.com\/"},{"@type":"ListItem","position":2,"name":"Perda de cabelo depois dos 40"}]},{"@type":"WebSite","@id":"https:\/\/artigos.abelacosmetics.com\/#website","url":"https:\/\/artigos.abelacosmetics.com\/","name":"Abela Cosmetics","description":"Cuidados para Cabelos \u00danicos","publisher":{"@id":"https:\/\/artigos.abelacosmetics.com\/#organization"},"potentialAction":[{"@type":"SearchAction","target":{"@type":"EntryPoint","urlTemplate":"https:\/\/artigos.abelacosmetics.com\/?s={search_term_string}"},"query-input":{"@type":"PropertyValueSpecification","valueRequired":true,"valueName":"search_term_string"}}],"inLanguage":"en-US"},{"@type":"Organization","@id":"https:\/\/artigos.abelacosmetics.com\/#organization","name":"Abela Cosmetics","url":"https:\/\/artigos.abelacosmetics.com\/","logo":{"@type":"ImageObject","inLanguage":"en-US","@id":"https:\/\/artigos.abelacosmetics.com\/#\/schema\/logo\/image\/","url":"https:\/\/artigos.abelacosmetics.com\/wp-content\/uploads\/2023\/02\/logo-abela.png","contentUrl":"https:\/\/artigos.abelacosmetics.com\/wp-content\/uploads\/2023\/02\/logo-abela.png","width":183,"height":90,"caption":"Abela Cosmetics"},"image":{"@id":"https:\/\/artigos.abelacosmetics.com\/#\/schema\/logo\/image\/"},"sameAs":["https:\/\/www.facebook.com\/abelacosmetics"]},{"@type":"Person","@id":"https:\/\/artigos.abelacosmetics.com\/#\/schema\/person\/675710be590edb47293978092f4e20f4","name":"admin","image":{"@type":"ImageObject","inLanguage":"en-US","@id":"https:\/\/artigos.abelacosmetics.com\/#\/schema\/person\/image\/","url":"https:\/\/secure.gravatar.com\/avatar\/ce9ccc2de538d30bcc33874c5a730e8e078e64fce402cb3cf0668a7439a0e654?s=96&d=mm&r=g","contentUrl":"https:\/\/secure.gravatar.com\/avatar\/ce9ccc2de538d30bcc33874c5a730e8e078e64fce402cb3cf0668a7439a0e654?s=96&d=mm&r=g","caption":"admin"},"sameAs":["http:\/\/localhost\/abela-cosmetic"],"url":"https:\/\/artigos.abelacosmetics.com\/en\/author\/admin\/"}]}},"_links":{"self":[{"href":"https:\/\/artigos.abelacosmetics.com\/en\/wp-json\/wp\/v2\/posts\/2671","targetHints":{"allow":["GET"]}}],"collection":[{"href":"https:\/\/artigos.abelacosmetics.com\/en\/wp-json\/wp\/v2\/posts"}],"about":[{"href":"https:\/\/artigos.abelacosmetics.com\/en\/wp-json\/wp\/v2\/types\/post"}],"author":[{"embeddable":true,"href":"https:\/\/artigos.abelacosmetics.com\/en\/wp-json\/wp\/v2\/users\/1"}],"replies":[{"embeddable":true,"href":"https:\/\/artigos.abelacosmetics.com\/en\/wp-json\/wp\/v2\/comments?post=2671"}],"version-history":[{"count":6,"href":"https:\/\/artigos.abelacosmetics.com\/en\/wp-json\/wp\/v2\/posts\/2671\/revisions"}],"predecessor-version":[{"id":2683,"href":"https:\/\/artigos.abelacosmetics.com\/en\/wp-json\/wp\/v2\/posts\/2671\/revisions\/2683"}],"wp:featuredmedia":[{"embeddable":true,"href":"https:\/\/artigos.abelacosmetics.com\/en\/wp-json\/wp\/v2\/media\/2673"}],"wp:attachment":[{"href":"https:\/\/artigos.abelacosmetics.com\/en\/wp-json\/wp\/v2\/media?parent=2671"}],"wp:term":[{"taxonomy":"category","embeddable":true,"href":"https:\/\/artigos.abelacosmetics.com\/en\/wp-json\/wp\/v2\/categories?post=2671"},{"taxonomy":"post_tag","embeddable":true,"href":"https:\/\/artigos.abelacosmetics.com\/en\/wp-json\/wp\/v2\/tags?post=2671"}],"curies":[{"name":"wp","href":"https:\/\/api.w.org\/{rel}","templated":true}]}}