{"id":2631,"date":"2023-02-12T16:55:55","date_gmt":"2023-02-12T19:55:55","guid":{"rendered":"https:\/\/artigos.abelacosmetics.com\/?p=2631"},"modified":"2023-02-12T16:58:17","modified_gmt":"2023-02-12T19:58:17","slug":"alisamento-capilar-e-cancer-de-utero","status":"publish","type":"post","link":"https:\/\/artigos.abelacosmetics.com\/en\/alisamento-capilar-e-cancer-de-utero\/","title":{"rendered":"Novo estudo associa alisamento capilar com c\u00e2ncer de \u00fatero"},"content":{"rendered":"<p>&nbsp;<\/p>\n<p>&nbsp;<\/p>\n<p>Um novo estudo surpreendente descobriu uma associa\u00e7\u00e3o entre produtos qu\u00edmicos para alisar o cabelo e c\u00e2ncer uterino, deixando muitas mulheres que usam os produtos com d\u00favidas sobre a seguran\u00e7a da popular rotina de cuidados com os cabelos.<\/p>\n<p>&nbsp;<\/p>\n<audio class=\"wp-audio-shortcode\" id=\"audio-2631-1\" preload=\"none\" style=\"width: 100%;\" controls=\"controls\"><source type=\"audio\/mpeg\" src=\"https:\/\/artigos.abelacosmetics.com\/wp-content\/uploads\/2023\/02\/cancer-uterino.mp3?_=1\" \/><a href=\"https:\/\/artigos.abelacosmetics.com\/wp-content\/uploads\/2023\/02\/cancer-uterino.mp3\">https:\/\/artigos.abelacosmetics.com\/wp-content\/uploads\/2023\/02\/cancer-uterino.mp3<\/a><\/audio>\n<p>&nbsp;<\/p>\n<p>O estudo relata que as mulheres que usam alisadores e relaxantes qu\u00edmicos tinham duas vezes mais chances de desenvolver c\u00e2ncer uterino do que aquelas que n\u00e3o usaram os produtos.<\/p>\n<p>Os resultados do estudo foram publicados em 17 de outubro de 2022, no <a href=\"https:\/\/academic.oup.com\/jnci\/article\/114\/12\/1636\/6759686?login=false\" target=\"_blank\" rel=\"noopener\">Journal of the National Cancer Institute<\/a>.<\/p>\n<p>\u00c9 importante saber que o c\u00e2ncer uterino \u00e9 um tipo relativamente raro de c\u00e2ncer, mesmo assim, o c\u00e2ncer uterino \u00e9 o c\u00e2ncer ginecol\u00f3gico mais comum nos Estados Unidos, de acordo com os Centros de Controle e Preven\u00e7\u00e3o de Doen\u00e7as (CDC), com taxas crescentes, principalmente entre as mulheres negras.<\/p>\n<p>Cerca de 60% das mulheres que relataram uso de alisadores no ano anterior se auto identificaram como negras.<\/p>\n<p>A pesquisas mostraram que o c\u00e2ncer uterino, especificamente os subtipos agressivos, afeta desproporcionalmente as mulheres negras, mas o novo estudo descobriu que mulheres de todas as ra\u00e7as e etnias que usam produtos qu\u00edmicos para alisar os cabelos correm um risco maior de desenvolver c\u00e2ncer uterino. Mas como as mulheres negras relataram alisar o cabelo com mais frequ\u00eancia, os pesquisadores sugeriram que isso pode ser um fardo maior para essa popula\u00e7\u00e3o.<\/p>\n<p>Preocupa\u00e7\u00f5es foram levantadas sobre poss\u00edveis liga\u00e7\u00f5es entre produtos para o cabelo e c\u00e2ncer pois alguns qu\u00edmicos usados \u200b\u200bnos produtos para o cabelo podem ser absorvidos pelo couro cabeludo e ter propriedades semelhantes ao estrog\u00eanio no corpo da mulher. Estudos anteriores mostraram que os alisadores de cabelo cont\u00eam os chamados desreguladores end\u00f3crinos, que se acumulam no seu corpo e atuam como horm\u00f4nios, em certas situa\u00e7\u00f5es. Os produtos j\u00e1 foram associados a riscos mais elevados de c\u00e2ncer de mama e ov\u00e1rio.\u00a0 Alguns produtos capilares tamb\u00e9m podem conter produtos qu\u00edmicos que j\u00e1 est\u00e3o claramente associados ao c\u00e2ncer, como o formalde\u00eddo.<\/p>\n<p>Infelizmente fatores importantes na sociedade geram o uso frequente desses produtos, como padr\u00f5es euroc\u00eantricos de beleza, e a press\u00e3o social sofrida em ambientes de trabalho, atrav\u00e9s de microagress\u00f5es e descrimina\u00e7\u00e3o.<\/p>\n<p>Pode n\u00e3o ser t\u00e3o f\u00e1cil aceitar o cabelo natural.\u00a0 Mas s\u00e3o muitos pontos positivos.\u00a0 A versatilidade de estilo e o poder da autoexpress\u00e3o tamb\u00e9m ajuda a dar um up na autoestima.<\/p>\n<p>Celebre seus cabelos.\u00a0 Sinta-se bem.<\/p>\n<p>&nbsp;<\/p>\n<p><a href=\"https:\/\/artigos.abelacosmetics.com\/en\/\"><img loading=\"lazy\" decoding=\"async\" class=\"alignnone wp-image-2634\" src=\"https:\/\/artigos.abelacosmetics.com\/wp-content\/uploads\/2023\/02\/2-6-300x152.png\" alt=\"\" width=\"1202\" height=\"609\" srcset=\"https:\/\/artigos.abelacosmetics.com\/wp-content\/uploads\/2023\/02\/2-6-300x152.png 300w, https:\/\/artigos.abelacosmetics.com\/wp-content\/uploads\/2023\/02\/2-6-768x389.png 768w, https:\/\/artigos.abelacosmetics.com\/wp-content\/uploads\/2023\/02\/2-6-18x9.png 18w, https:\/\/artigos.abelacosmetics.com\/wp-content\/uploads\/2023\/02\/2-6.png 850w\" sizes=\"auto, (max-width: 1202px) 100vw, 1202px\" \/><\/a><\/p>","protected":false},"excerpt":{"rendered":"<p>&nbsp; &nbsp; Um novo estudo surpreendente descobriu uma associa\u00e7\u00e3o entre produtos qu\u00edmicos para alisar o cabelo e c\u00e2ncer uterino, deixando muitas mulheres que usam os produtos com d\u00favidas sobre a seguran\u00e7a da popular rotina de cuidados com os cabelos. &nbsp; &nbsp; O estudo relata que as mulheres que usam alisadores e relaxantes qu\u00edmicos tinham duas [&hellip;]<\/p>","protected":false},"author":1,"featured_media":2633,"comment_status":"open","ping_status":"open","sticky":false,"template":"","format":"standard","meta":{"_acf_changed":false,"_mo_disable_npp":"","inline_featured_image":false,"footnotes":""},"categories":[32,1],"tags":[],"class_list":["post-2631","post","type-post","status-publish","format-standard","has-post-thumbnail","hentry","category-informacoes","category-novidades"],"acf":[],"yoast_head":"<!-- This site is optimized with the Yoast SEO Premium plugin v19.2.1 (Yoast SEO v26.9) - https:\/\/yoast.com\/product\/yoast-seo-premium-wordpress\/ -->\n<title>Novo estudo associa alisamento capilar com c\u00e2ncer de \u00fatero - Abela Cosmetics<\/title>\n<meta name=\"description\" content=\"Novas pesquisas mostram uma rela\u00e7\u00e3o entre alisamento capilar e c\u00e2ncer de \u00fatero. Saiba mais sobre isso afeta as mulheres.\" \/>\n<meta name=\"robots\" content=\"index, follow, max-snippet:-1, max-image-preview:large, max-video-preview:-1\" \/>\n<link rel=\"canonical\" href=\"https:\/\/artigos.abelacosmetics.com\/en\/alisamento-capilar-e-cancer-de-utero\/\" \/>\n<meta property=\"og:locale\" content=\"en_US\" \/>\n<meta property=\"og:type\" content=\"article\" \/>\n<meta property=\"og:title\" content=\"Novo estudo associa alisamento capilar com c\u00e2ncer de \u00fatero\" \/>\n<meta property=\"og:description\" content=\"Novas pesquisas mostram uma rela\u00e7\u00e3o entre alisamento capilar e c\u00e2ncer de \u00fatero. Saiba mais sobre isso afeta as mulheres.\" \/>\n<meta property=\"og:url\" content=\"https:\/\/artigos.abelacosmetics.com\/en\/alisamento-capilar-e-cancer-de-utero\/\" \/>\n<meta property=\"og:site_name\" content=\"Abela Cosmetics\" \/>\n<meta property=\"article:publisher\" content=\"https:\/\/www.facebook.com\/abelacosmetics\" \/>\n<meta property=\"article:published_time\" content=\"2023-02-12T19:55:55+00:00\" \/>\n<meta property=\"article:modified_time\" content=\"2023-02-12T19:58:17+00:00\" \/>\n<meta property=\"og:image\" content=\"https:\/\/artigos.abelacosmetics.com\/wp-content\/uploads\/2023\/02\/1-6.png\" \/>\n\t<meta property=\"og:image:width\" content=\"850\" \/>\n\t<meta property=\"og:image:height\" content=\"430\" \/>\n\t<meta property=\"og:image:type\" content=\"image\/png\" \/>\n<meta name=\"author\" content=\"admin\" \/>\n<meta name=\"twitter:card\" content=\"summary_large_image\" \/>\n<meta name=\"twitter:label1\" content=\"Written by\" \/>\n\t<meta name=\"twitter:data1\" content=\"admin\" \/>\n\t<meta name=\"twitter:label2\" content=\"Est. reading time\" \/>\n\t<meta name=\"twitter:data2\" content=\"3 minutes\" \/>\n<script type=\"application\/ld+json\" class=\"yoast-schema-graph\">{\"@context\":\"https:\/\/schema.org\",\"@graph\":[{\"@type\":\"Article\",\"@id\":\"https:\/\/artigos.abelacosmetics.com\/alisamento-capilar-e-cancer-de-utero\/#article\",\"isPartOf\":{\"@id\":\"https:\/\/artigos.abelacosmetics.com\/alisamento-capilar-e-cancer-de-utero\/\"},\"author\":{\"name\":\"admin\",\"@id\":\"https:\/\/artigos.abelacosmetics.com\/#\/schema\/person\/675710be590edb47293978092f4e20f4\"},\"headline\":\"Novo estudo associa alisamento capilar com c\u00e2ncer de \u00fatero\",\"datePublished\":\"2023-02-12T19:55:55+00:00\",\"dateModified\":\"2023-02-12T19:58:17+00:00\",\"mainEntityOfPage\":{\"@id\":\"https:\/\/artigos.abelacosmetics.com\/alisamento-capilar-e-cancer-de-utero\/\"},\"wordCount\":454,\"commentCount\":0,\"publisher\":{\"@id\":\"https:\/\/artigos.abelacosmetics.com\/#organization\"},\"image\":{\"@id\":\"https:\/\/artigos.abelacosmetics.com\/alisamento-capilar-e-cancer-de-utero\/#primaryimage\"},\"thumbnailUrl\":\"https:\/\/artigos.abelacosmetics.com\/wp-content\/uploads\/2023\/02\/1-6.png\",\"articleSection\":[\"Informa\u00e7\u00f5es\",\"Novidades\"],\"inLanguage\":\"en-US\",\"potentialAction\":[{\"@type\":\"CommentAction\",\"name\":\"Comment\",\"target\":[\"https:\/\/artigos.abelacosmetics.com\/alisamento-capilar-e-cancer-de-utero\/#respond\"]}]},{\"@type\":\"WebPage\",\"@id\":\"https:\/\/artigos.abelacosmetics.com\/alisamento-capilar-e-cancer-de-utero\/\",\"url\":\"https:\/\/artigos.abelacosmetics.com\/alisamento-capilar-e-cancer-de-utero\/\",\"name\":\"Novo estudo associa alisamento capilar com c\u00e2ncer de \u00fatero - Abela Cosmetics\",\"isPartOf\":{\"@id\":\"https:\/\/artigos.abelacosmetics.com\/#website\"},\"primaryImageOfPage\":{\"@id\":\"https:\/\/artigos.abelacosmetics.com\/alisamento-capilar-e-cancer-de-utero\/#primaryimage\"},\"image\":{\"@id\":\"https:\/\/artigos.abelacosmetics.com\/alisamento-capilar-e-cancer-de-utero\/#primaryimage\"},\"thumbnailUrl\":\"https:\/\/artigos.abelacosmetics.com\/wp-content\/uploads\/2023\/02\/1-6.png\",\"datePublished\":\"2023-02-12T19:55:55+00:00\",\"dateModified\":\"2023-02-12T19:58:17+00:00\",\"description\":\"Novas pesquisas mostram uma rela\u00e7\u00e3o entre alisamento capilar e c\u00e2ncer de \u00fatero. Saiba mais sobre isso afeta as mulheres.\",\"breadcrumb\":{\"@id\":\"https:\/\/artigos.abelacosmetics.com\/alisamento-capilar-e-cancer-de-utero\/#breadcrumb\"},\"inLanguage\":\"en-US\",\"potentialAction\":[{\"@type\":\"ReadAction\",\"target\":[\"https:\/\/artigos.abelacosmetics.com\/alisamento-capilar-e-cancer-de-utero\/\"]}]},{\"@type\":\"ImageObject\",\"inLanguage\":\"en-US\",\"@id\":\"https:\/\/artigos.abelacosmetics.com\/alisamento-capilar-e-cancer-de-utero\/#primaryimage\",\"url\":\"https:\/\/artigos.abelacosmetics.com\/wp-content\/uploads\/2023\/02\/1-6.png\",\"contentUrl\":\"https:\/\/artigos.abelacosmetics.com\/wp-content\/uploads\/2023\/02\/1-6.png\",\"width\":850,\"height\":430},{\"@type\":\"BreadcrumbList\",\"@id\":\"https:\/\/artigos.abelacosmetics.com\/alisamento-capilar-e-cancer-de-utero\/#breadcrumb\",\"itemListElement\":[{\"@type\":\"ListItem\",\"position\":1,\"name\":\"In\u00edcio\",\"item\":\"https:\/\/artigos.abelacosmetics.com\/\"},{\"@type\":\"ListItem\",\"position\":2,\"name\":\"Novo estudo associa alisamento capilar com c\u00e2ncer de \u00fatero\"}]},{\"@type\":\"WebSite\",\"@id\":\"https:\/\/artigos.abelacosmetics.com\/#website\",\"url\":\"https:\/\/artigos.abelacosmetics.com\/\",\"name\":\"Abela Cosmetics\",\"description\":\"Cuidados para Cabelos \u00danicos\",\"publisher\":{\"@id\":\"https:\/\/artigos.abelacosmetics.com\/#organization\"},\"potentialAction\":[{\"@type\":\"SearchAction\",\"target\":{\"@type\":\"EntryPoint\",\"urlTemplate\":\"https:\/\/artigos.abelacosmetics.com\/?s={search_term_string}\"},\"query-input\":{\"@type\":\"PropertyValueSpecification\",\"valueRequired\":true,\"valueName\":\"search_term_string\"}}],\"inLanguage\":\"en-US\"},{\"@type\":\"Organization\",\"@id\":\"https:\/\/artigos.abelacosmetics.com\/#organization\",\"name\":\"Abela Cosmetics\",\"url\":\"https:\/\/artigos.abelacosmetics.com\/\",\"logo\":{\"@type\":\"ImageObject\",\"inLanguage\":\"en-US\",\"@id\":\"https:\/\/artigos.abelacosmetics.com\/#\/schema\/logo\/image\/\",\"url\":\"https:\/\/artigos.abelacosmetics.com\/wp-content\/uploads\/2023\/02\/logo-abela.png\",\"contentUrl\":\"https:\/\/artigos.abelacosmetics.com\/wp-content\/uploads\/2023\/02\/logo-abela.png\",\"width\":183,\"height\":90,\"caption\":\"Abela Cosmetics\"},\"image\":{\"@id\":\"https:\/\/artigos.abelacosmetics.com\/#\/schema\/logo\/image\/\"},\"sameAs\":[\"https:\/\/www.facebook.com\/abelacosmetics\"]},{\"@type\":\"Person\",\"@id\":\"https:\/\/artigos.abelacosmetics.com\/#\/schema\/person\/675710be590edb47293978092f4e20f4\",\"name\":\"admin\",\"image\":{\"@type\":\"ImageObject\",\"inLanguage\":\"en-US\",\"@id\":\"https:\/\/artigos.abelacosmetics.com\/#\/schema\/person\/image\/\",\"url\":\"https:\/\/secure.gravatar.com\/avatar\/ce9ccc2de538d30bcc33874c5a730e8e078e64fce402cb3cf0668a7439a0e654?s=96&d=mm&r=g\",\"contentUrl\":\"https:\/\/secure.gravatar.com\/avatar\/ce9ccc2de538d30bcc33874c5a730e8e078e64fce402cb3cf0668a7439a0e654?s=96&d=mm&r=g\",\"caption\":\"admin\"},\"sameAs\":[\"http:\/\/localhost\/abela-cosmetic\"],\"url\":\"https:\/\/artigos.abelacosmetics.com\/en\/author\/admin\/\"}]}<\/script>\n<!-- \/ Yoast SEO Premium plugin. -->","yoast_head_json":{"title":"Novo estudo associa alisamento capilar com c\u00e2ncer de \u00fatero - Abela Cosmetics","description":"Novas pesquisas mostram uma rela\u00e7\u00e3o entre alisamento capilar e c\u00e2ncer de \u00fatero. Saiba mais sobre isso afeta as mulheres.","robots":{"index":"index","follow":"follow","max-snippet":"max-snippet:-1","max-image-preview":"max-image-preview:large","max-video-preview":"max-video-preview:-1"},"canonical":"https:\/\/artigos.abelacosmetics.com\/en\/alisamento-capilar-e-cancer-de-utero\/","og_locale":"en_US","og_type":"article","og_title":"Novo estudo associa alisamento capilar com c\u00e2ncer de \u00fatero","og_description":"Novas pesquisas mostram uma rela\u00e7\u00e3o entre alisamento capilar e c\u00e2ncer de \u00fatero. Saiba mais sobre isso afeta as mulheres.","og_url":"https:\/\/artigos.abelacosmetics.com\/en\/alisamento-capilar-e-cancer-de-utero\/","og_site_name":"Abela Cosmetics","article_publisher":"https:\/\/www.facebook.com\/abelacosmetics","article_published_time":"2023-02-12T19:55:55+00:00","article_modified_time":"2023-02-12T19:58:17+00:00","og_image":[{"width":850,"height":430,"url":"https:\/\/artigos.abelacosmetics.com\/wp-content\/uploads\/2023\/02\/1-6.png","type":"image\/png"}],"author":"admin","twitter_card":"summary_large_image","twitter_misc":{"Written by":"admin","Est. reading time":"3 minutes"},"schema":{"@context":"https:\/\/schema.org","@graph":[{"@type":"Article","@id":"https:\/\/artigos.abelacosmetics.com\/alisamento-capilar-e-cancer-de-utero\/#article","isPartOf":{"@id":"https:\/\/artigos.abelacosmetics.com\/alisamento-capilar-e-cancer-de-utero\/"},"author":{"name":"admin","@id":"https:\/\/artigos.abelacosmetics.com\/#\/schema\/person\/675710be590edb47293978092f4e20f4"},"headline":"Novo estudo associa alisamento capilar com c\u00e2ncer de \u00fatero","datePublished":"2023-02-12T19:55:55+00:00","dateModified":"2023-02-12T19:58:17+00:00","mainEntityOfPage":{"@id":"https:\/\/artigos.abelacosmetics.com\/alisamento-capilar-e-cancer-de-utero\/"},"wordCount":454,"commentCount":0,"publisher":{"@id":"https:\/\/artigos.abelacosmetics.com\/#organization"},"image":{"@id":"https:\/\/artigos.abelacosmetics.com\/alisamento-capilar-e-cancer-de-utero\/#primaryimage"},"thumbnailUrl":"https:\/\/artigos.abelacosmetics.com\/wp-content\/uploads\/2023\/02\/1-6.png","articleSection":["Informa\u00e7\u00f5es","Novidades"],"inLanguage":"en-US","potentialAction":[{"@type":"CommentAction","name":"Comment","target":["https:\/\/artigos.abelacosmetics.com\/alisamento-capilar-e-cancer-de-utero\/#respond"]}]},{"@type":"WebPage","@id":"https:\/\/artigos.abelacosmetics.com\/alisamento-capilar-e-cancer-de-utero\/","url":"https:\/\/artigos.abelacosmetics.com\/alisamento-capilar-e-cancer-de-utero\/","name":"Novo estudo associa alisamento capilar com c\u00e2ncer de \u00fatero - Abela Cosmetics","isPartOf":{"@id":"https:\/\/artigos.abelacosmetics.com\/#website"},"primaryImageOfPage":{"@id":"https:\/\/artigos.abelacosmetics.com\/alisamento-capilar-e-cancer-de-utero\/#primaryimage"},"image":{"@id":"https:\/\/artigos.abelacosmetics.com\/alisamento-capilar-e-cancer-de-utero\/#primaryimage"},"thumbnailUrl":"https:\/\/artigos.abelacosmetics.com\/wp-content\/uploads\/2023\/02\/1-6.png","datePublished":"2023-02-12T19:55:55+00:00","dateModified":"2023-02-12T19:58:17+00:00","description":"Novas pesquisas mostram uma rela\u00e7\u00e3o entre alisamento capilar e c\u00e2ncer de \u00fatero. Saiba mais sobre isso afeta as mulheres.","breadcrumb":{"@id":"https:\/\/artigos.abelacosmetics.com\/alisamento-capilar-e-cancer-de-utero\/#breadcrumb"},"inLanguage":"en-US","potentialAction":[{"@type":"ReadAction","target":["https:\/\/artigos.abelacosmetics.com\/alisamento-capilar-e-cancer-de-utero\/"]}]},{"@type":"ImageObject","inLanguage":"en-US","@id":"https:\/\/artigos.abelacosmetics.com\/alisamento-capilar-e-cancer-de-utero\/#primaryimage","url":"https:\/\/artigos.abelacosmetics.com\/wp-content\/uploads\/2023\/02\/1-6.png","contentUrl":"https:\/\/artigos.abelacosmetics.com\/wp-content\/uploads\/2023\/02\/1-6.png","width":850,"height":430},{"@type":"BreadcrumbList","@id":"https:\/\/artigos.abelacosmetics.com\/alisamento-capilar-e-cancer-de-utero\/#breadcrumb","itemListElement":[{"@type":"ListItem","position":1,"name":"In\u00edcio","item":"https:\/\/artigos.abelacosmetics.com\/"},{"@type":"ListItem","position":2,"name":"Novo estudo associa alisamento capilar com c\u00e2ncer de \u00fatero"}]},{"@type":"WebSite","@id":"https:\/\/artigos.abelacosmetics.com\/#website","url":"https:\/\/artigos.abelacosmetics.com\/","name":"Abela Cosmetics","description":"Cuidados para Cabelos \u00danicos","publisher":{"@id":"https:\/\/artigos.abelacosmetics.com\/#organization"},"potentialAction":[{"@type":"SearchAction","target":{"@type":"EntryPoint","urlTemplate":"https:\/\/artigos.abelacosmetics.com\/?s={search_term_string}"},"query-input":{"@type":"PropertyValueSpecification","valueRequired":true,"valueName":"search_term_string"}}],"inLanguage":"en-US"},{"@type":"Organization","@id":"https:\/\/artigos.abelacosmetics.com\/#organization","name":"Abela Cosmetics","url":"https:\/\/artigos.abelacosmetics.com\/","logo":{"@type":"ImageObject","inLanguage":"en-US","@id":"https:\/\/artigos.abelacosmetics.com\/#\/schema\/logo\/image\/","url":"https:\/\/artigos.abelacosmetics.com\/wp-content\/uploads\/2023\/02\/logo-abela.png","contentUrl":"https:\/\/artigos.abelacosmetics.com\/wp-content\/uploads\/2023\/02\/logo-abela.png","width":183,"height":90,"caption":"Abela Cosmetics"},"image":{"@id":"https:\/\/artigos.abelacosmetics.com\/#\/schema\/logo\/image\/"},"sameAs":["https:\/\/www.facebook.com\/abelacosmetics"]},{"@type":"Person","@id":"https:\/\/artigos.abelacosmetics.com\/#\/schema\/person\/675710be590edb47293978092f4e20f4","name":"admin","image":{"@type":"ImageObject","inLanguage":"en-US","@id":"https:\/\/artigos.abelacosmetics.com\/#\/schema\/person\/image\/","url":"https:\/\/secure.gravatar.com\/avatar\/ce9ccc2de538d30bcc33874c5a730e8e078e64fce402cb3cf0668a7439a0e654?s=96&d=mm&r=g","contentUrl":"https:\/\/secure.gravatar.com\/avatar\/ce9ccc2de538d30bcc33874c5a730e8e078e64fce402cb3cf0668a7439a0e654?s=96&d=mm&r=g","caption":"admin"},"sameAs":["http:\/\/localhost\/abela-cosmetic"],"url":"https:\/\/artigos.abelacosmetics.com\/en\/author\/admin\/"}]}},"_links":{"self":[{"href":"https:\/\/artigos.abelacosmetics.com\/en\/wp-json\/wp\/v2\/posts\/2631","targetHints":{"allow":["GET"]}}],"collection":[{"href":"https:\/\/artigos.abelacosmetics.com\/en\/wp-json\/wp\/v2\/posts"}],"about":[{"href":"https:\/\/artigos.abelacosmetics.com\/en\/wp-json\/wp\/v2\/types\/post"}],"author":[{"embeddable":true,"href":"https:\/\/artigos.abelacosmetics.com\/en\/wp-json\/wp\/v2\/users\/1"}],"replies":[{"embeddable":true,"href":"https:\/\/artigos.abelacosmetics.com\/en\/wp-json\/wp\/v2\/comments?post=2631"}],"version-history":[{"count":4,"href":"https:\/\/artigos.abelacosmetics.com\/en\/wp-json\/wp\/v2\/posts\/2631\/revisions"}],"predecessor-version":[{"id":2639,"href":"https:\/\/artigos.abelacosmetics.com\/en\/wp-json\/wp\/v2\/posts\/2631\/revisions\/2639"}],"wp:featuredmedia":[{"embeddable":true,"href":"https:\/\/artigos.abelacosmetics.com\/en\/wp-json\/wp\/v2\/media\/2633"}],"wp:attachment":[{"href":"https:\/\/artigos.abelacosmetics.com\/en\/wp-json\/wp\/v2\/media?parent=2631"}],"wp:term":[{"taxonomy":"category","embeddable":true,"href":"https:\/\/artigos.abelacosmetics.com\/en\/wp-json\/wp\/v2\/categories?post=2631"},{"taxonomy":"post_tag","embeddable":true,"href":"https:\/\/artigos.abelacosmetics.com\/en\/wp-json\/wp\/v2\/tags?post=2631"}],"curies":[{"name":"wp","href":"https:\/\/api.w.org\/{rel}","templated":true}]}}