{"id":2511,"date":"2023-02-09T19:36:32","date_gmt":"2023-02-09T22:36:32","guid":{"rendered":"https:\/\/artigos.abelacosmetics.com\/?p=2511"},"modified":"2023-02-13T17:18:26","modified_gmt":"2023-02-13T20:18:26","slug":"beneficios-do-hibisco-para-os-cabelos","status":"publish","type":"post","link":"https:\/\/artigos.abelacosmetics.com\/en\/beneficios-do-hibisco-para-os-cabelos\/","title":{"rendered":"Hibisco para os cabelos"},"content":{"rendered":"<p>&nbsp;<\/p>\n<p>&nbsp;<\/p>\n<p>As flores de hibisco n\u00e3o s\u00e3o apenas bonitas de se ver, mas tamb\u00e9m oferecem grandes benef\u00edcios para a pele e o cabelo. Quem diria que uma planta de quintal como o hibisco pode ser a resposta para muitos dos nossos problemas de beleza?<\/p>\n<p>&nbsp;<\/p>\n<audio class=\"wp-audio-shortcode\" id=\"audio-2511-1\" preload=\"none\" style=\"width: 100%;\" controls=\"controls\"><source type=\"audio\/mpeg\" src=\"https:\/\/artigos.abelacosmetics.com\/wp-content\/uploads\/2023\/02\/hibiscus.mp3?_=1\" \/><a href=\"https:\/\/artigos.abelacosmetics.com\/wp-content\/uploads\/2023\/02\/hibiscus.mp3\">https:\/\/artigos.abelacosmetics.com\/wp-content\/uploads\/2023\/02\/hibiscus.mp3<\/a><\/audio>\n<p>&nbsp;<\/p>\n<p>Um alimento b\u00e1sico na medicina ayurv\u00e9dica e na fitoterapia chinesa, o hibisco \u00e9 tradicionalmente consumido como ch\u00e1 para tratar v\u00e1rias doen\u00e7as digestivas, respirat\u00f3rias e urin\u00e1rias. Mas devido ao seu alto teor de vitaminas e minerais, seus compostos org\u00e2nicos tamb\u00e9m se tornaram um ingrediente comum em nossas f\u00f3rmulas.<\/p>\n<p>O \u00f3leo de hibisco \u00e9 extra\u00eddo da flor de hibisco e \u00e9 um \u00f3leo essencial. As in\u00fameras fun\u00e7\u00f5es do \u00f3leo de hibisco v\u00e3o desde cuidados com a pele e cabelos at\u00e9 a aromaterapia.<\/p>\n<p>Produtos capilares a base de hibisco s\u00e3o solu\u00e7\u00f5es testadas pelo tempo para o tratamento de queda de cabelo e caspa, por exemplo, auxiliando no crescimento do cabelo e evitando o envelhecimento prematuro, entre outros benef\u00edcios.<\/p>\n<p>&nbsp;<\/p>\n<p><img loading=\"lazy\" decoding=\"async\" class=\"alignnone wp-image-2519\" src=\"https:\/\/artigos.abelacosmetics.com\/wp-content\/uploads\/2023\/02\/7-3-300x152.png\" alt=\"\" width=\"793\" height=\"402\" srcset=\"https:\/\/artigos.abelacosmetics.com\/wp-content\/uploads\/2023\/02\/7-3-300x152.png 300w, https:\/\/artigos.abelacosmetics.com\/wp-content\/uploads\/2023\/02\/7-3-768x389.png 768w, https:\/\/artigos.abelacosmetics.com\/wp-content\/uploads\/2023\/02\/7-3-18x9.png 18w, https:\/\/artigos.abelacosmetics.com\/wp-content\/uploads\/2023\/02\/7-3.png 850w\" sizes=\"auto, (max-width: 793px) 100vw, 793px\" \/><\/p>\n<p>&nbsp;<\/p>\n<p><strong>Benef\u00edcios<\/strong><\/p>\n<p>&nbsp;<\/p>\n<ol>\n<li><strong>Promove o crescimento do cabelo<\/strong><\/li>\n<\/ol>\n<p>As flores e folhas de hibisco s\u00e3o ricas em ingredientes revigorantes &#8211; flavonoides e amino\u00e1cidos. Os flavonoides melhoram a circula\u00e7\u00e3o sangu\u00ednea no couro cabeludo e reanimam os fol\u00edculos capilares adormecidos, estimulando assim o crescimento de novos cabelos.<\/p>\n<p>Os amino\u00e1cidos estimulam a produ\u00e7\u00e3o de queratina nas c\u00e9lulas dos fol\u00edculos capilares, devolvendo o crescimento saud\u00e1vel do cabelo.<\/p>\n<ol start=\"2\">\n<li><strong>Protege o couro cabeludo dos danos causados \u200b\u200bpelo sol<\/strong><\/li>\n<\/ol>\n<p>As plantas de hibisco mant\u00eam o couro cabeludo protegido dos danos causados \u200b\u200bpelo sol &#8211; uma das principais causas de queda de cabelo, pontas duplas e descolora\u00e7\u00e3o.\u00a0 Estudos mostraram que os flavonoides do hibisco atuam como protetor solar para proteger o cabelo dos raios UVB.<\/p>\n<ol start=\"3\">\n<li><strong>Retarda o envelhecimento prematuro dos cabelos<\/strong><\/li>\n<\/ol>\n<p>O hibisco \u00e9 rico em pigmentos naturais, antioxidantes e vitaminas que podem revigorar cabelos grisalhos e real\u00e7ar um brilho mais escuro \u00e0 cor natural do cabelo.<\/p>\n<ol start=\"4\">\n<li><strong>Previne a Caspa<\/strong><\/li>\n<\/ol>\n<p>Com propriedades anti-inflamat\u00f3rias e antimicrobianas, o hibisco inibe o crescimento da levedura causadora da caspa no couro cabeludo, desobstrui os flocos de caspa dos fol\u00edculos pilosos e evita a recorr\u00eancia da caspa.<\/p>\n<p>&nbsp;<\/p>\n<p><img loading=\"lazy\" decoding=\"async\" class=\"alignnone wp-image-2517\" src=\"https:\/\/artigos.abelacosmetics.com\/wp-content\/uploads\/2023\/02\/5-2-300x152.png\" alt=\"\" width=\"799\" height=\"405\" srcset=\"https:\/\/artigos.abelacosmetics.com\/wp-content\/uploads\/2023\/02\/5-2-300x152.png 300w, https:\/\/artigos.abelacosmetics.com\/wp-content\/uploads\/2023\/02\/5-2-768x389.png 768w, https:\/\/artigos.abelacosmetics.com\/wp-content\/uploads\/2023\/02\/5-2-18x9.png 18w, https:\/\/artigos.abelacosmetics.com\/wp-content\/uploads\/2023\/02\/5-2.png 850w\" sizes=\"auto, (max-width: 799px) 100vw, 799px\" \/><\/p>\n<p>&nbsp;<\/p>\n<ol start=\"5\">\n<li><strong>Condiciona profundamente o seu cabelo<\/strong><\/li>\n<\/ol>\n<p>O hibisco atua como um emoliente que ret\u00e9m a umidade nas hastes do cabelo e restaura a elasticidade dos fios.<\/p>\n<p>A mucilagem do hibisco evita a quebra e condiciona o cabelo para torn\u00e1-lo sedoso e macio.<\/p>\n<ol start=\"6\">\n<li><strong>Regula a secre\u00e7\u00e3o de sebo no couro cabeludo<\/strong><\/li>\n<\/ol>\n<p>As gl\u00e2ndulas seb\u00e1ceas produzem uma subst\u00e2ncia oleosa chamada sebo para lubrificar o cabelo.\u00a0 As propriedades adstringentes do hibisco equilibram a atividade dessas gl\u00e2ndulas para manter a hidrata\u00e7\u00e3o natural do cabelo.<\/p>\n<ol start=\"7\">\n<li><strong>Previne infec\u00e7\u00f5es no couro cabeludo<\/strong><\/li>\n<\/ol>\n<p>Essa planta tem fortes habilidades anti-inflamat\u00f3rias, antibacterianas, antif\u00fangicas e antivirais, que podem ser atribu\u00eddas \u00e0 presen\u00e7a de flavonoides, especialmente antocianinas na flor.<\/p>\n<p>Assim, usar o hibisco na rotina de cuidados com os cabelos pode prevenir infec\u00e7\u00f5es comuns no couro cabeludo, como foliculite, micose, impetigo e outras.<\/p>\n<ol start=\"8\">\n<li><strong>Previne a Quebra do Cabelo<\/strong><\/li>\n<\/ol>\n<p>Pontas duplas? Cabelo quebradi\u00e7o? N\u00e3o \u00e9 uma vis\u00e3o bonita, mas pode ser consertada. Bombardear nosso cabelo com diferentes produtos qu\u00edmicos pode roub\u00e1-lo de seu \u00f3leo natural, fazendo com que ele perca a umidade e quebre. Ele tamb\u00e9m cont\u00e9m muitos amino\u00e1cidos que adicionam for\u00e7a e elasticidade t\u00e3o necess\u00e1rias ao cabelo.<\/p>\n<ol start=\"9\">\n<li><strong>Torna o cabelo mais manej\u00e1vel<\/strong><\/li>\n<\/ol>\n<p>A mucilagem \u2013 a subst\u00e2ncia espessa e pegajosa produzida pelo hibisco para armazenar \u00e1gua \u2013 \u00e9 intensamente hidratante. Lubrifica cada mecha, facilitando o desembara\u00e7o, ao mesmo tempo em que confere maciez e brilho \u00e0 haste capilar. \u00c9 como um condicionador leave-in, sem os produtos qu\u00edmicos agressivos.<\/p>\n<p>Agora imagina isso tudo em uma m\u00e1scara?\u00a0 A Abela Cosmetics lan\u00e7ou a <a href=\"https:\/\/artigos.abelacosmetics.com\/en\/produtos\/mascara-hibiscus\/\" target=\"_blank\" rel=\"noopener\">M\u00e1scara Hibiscus<\/a>:\u00a0 uma m\u00e1scara de textura bif\u00e1sica, feita com mousse e geleia&#8230;hidrata\u00e7\u00e3o como nada igual!\u00a0 Feito com carinho para todas as curvaturas.<\/p>\n<p><a href=\"https:\/\/lojaabelacosmetics.com\/produtos\/mascara-bifasica-hidratante-hibiscus-300g\/\" target=\"_blank\" rel=\"noopener\">Conhe\u00e7a a m\u00e1scara hidratante <em>Hibiscus<\/em>!<\/a><\/p>\n<p>&nbsp;<\/p>\n<p><img loading=\"lazy\" decoding=\"async\" class=\"alignnone wp-image-2520\" src=\"https:\/\/artigos.abelacosmetics.com\/wp-content\/uploads\/2023\/02\/imagem-do-Post-300x152.png\" alt=\"\" width=\"1228\" height=\"622\" srcset=\"https:\/\/artigos.abelacosmetics.com\/wp-content\/uploads\/2023\/02\/imagem-do-Post-300x152.png 300w, https:\/\/artigos.abelacosmetics.com\/wp-content\/uploads\/2023\/02\/imagem-do-Post-768x389.png 768w, https:\/\/artigos.abelacosmetics.com\/wp-content\/uploads\/2023\/02\/imagem-do-Post-18x9.png 18w, https:\/\/artigos.abelacosmetics.com\/wp-content\/uploads\/2023\/02\/imagem-do-Post.png 850w\" sizes=\"auto, (max-width: 1228px) 100vw, 1228px\" \/><\/p>\n<p>&nbsp;<\/p>\n<p>&nbsp;<\/p>\n<p>&nbsp;<\/p>","protected":false},"excerpt":{"rendered":"<p>&nbsp; &nbsp; As flores de hibisco n\u00e3o s\u00e3o apenas bonitas de se ver, mas tamb\u00e9m oferecem grandes benef\u00edcios para a pele e o cabelo. Quem diria que uma planta de quintal como o hibisco pode ser a resposta para muitos dos nossos problemas de beleza? &nbsp; &nbsp; Um alimento b\u00e1sico na medicina ayurv\u00e9dica e na [&hellip;]<\/p>","protected":false},"author":1,"featured_media":2514,"comment_status":"open","ping_status":"open","sticky":false,"template":"","format":"standard","meta":{"_acf_changed":false,"_mo_disable_npp":"","inline_featured_image":false,"footnotes":""},"categories":[30,1],"tags":[],"class_list":["post-2511","post","type-post","status-publish","format-standard","has-post-thumbnail","hentry","category-conheca-seus-cabelos","category-novidades"],"acf":[],"yoast_head":"<!-- This site is optimized with the Yoast SEO Premium plugin v19.2.1 (Yoast SEO v26.9) - https:\/\/yoast.com\/product\/yoast-seo-premium-wordpress\/ -->\n<title>Hibisco para os cabelos - Abela Cosmetics<\/title>\n<meta name=\"description\" content=\"Conhe\u00e7a os benef\u00edcios do hibisco para seus cabelos. Do crescimento capilar \u00e0 hidrata\u00e7\u00e3o, essa flor pode ser a resposta dos seus problemas.\" \/>\n<meta name=\"robots\" content=\"index, follow, max-snippet:-1, max-image-preview:large, max-video-preview:-1\" \/>\n<link rel=\"canonical\" href=\"https:\/\/artigos.abelacosmetics.com\/en\/beneficios-do-hibisco-para-os-cabelos\/\" \/>\n<meta property=\"og:locale\" content=\"en_US\" \/>\n<meta property=\"og:type\" content=\"article\" \/>\n<meta property=\"og:title\" content=\"Hibisco para os cabelos\" \/>\n<meta property=\"og:description\" content=\"Conhe\u00e7a os benef\u00edcios do hibisco para seus cabelos. Do crescimento capilar \u00e0 hidrata\u00e7\u00e3o, essa flor pode ser a resposta dos seus problemas.\" \/>\n<meta property=\"og:url\" content=\"https:\/\/artigos.abelacosmetics.com\/en\/beneficios-do-hibisco-para-os-cabelos\/\" \/>\n<meta property=\"og:site_name\" content=\"Abela Cosmetics\" \/>\n<meta property=\"article:publisher\" content=\"https:\/\/www.facebook.com\/abelacosmetics\" \/>\n<meta property=\"article:published_time\" content=\"2023-02-09T22:36:32+00:00\" \/>\n<meta property=\"article:modified_time\" content=\"2023-02-13T20:18:26+00:00\" \/>\n<meta property=\"og:image\" content=\"https:\/\/artigos.abelacosmetics.com\/wp-content\/uploads\/2023\/02\/2-3.png\" \/>\n\t<meta property=\"og:image:width\" content=\"850\" \/>\n\t<meta property=\"og:image:height\" content=\"430\" \/>\n\t<meta property=\"og:image:type\" content=\"image\/png\" \/>\n<meta name=\"author\" content=\"admin\" \/>\n<meta name=\"twitter:card\" content=\"summary_large_image\" \/>\n<meta name=\"twitter:label1\" content=\"Written by\" \/>\n\t<meta name=\"twitter:data1\" content=\"admin\" \/>\n\t<meta name=\"twitter:label2\" content=\"Est. reading time\" \/>\n\t<meta name=\"twitter:data2\" content=\"4 minutes\" \/>\n<script type=\"application\/ld+json\" class=\"yoast-schema-graph\">{\"@context\":\"https:\/\/schema.org\",\"@graph\":[{\"@type\":\"Article\",\"@id\":\"https:\/\/artigos.abelacosmetics.com\/beneficios-do-hibisco-para-os-cabelos\/#article\",\"isPartOf\":{\"@id\":\"https:\/\/artigos.abelacosmetics.com\/beneficios-do-hibisco-para-os-cabelos\/\"},\"author\":{\"name\":\"admin\",\"@id\":\"https:\/\/artigos.abelacosmetics.com\/#\/schema\/person\/675710be590edb47293978092f4e20f4\"},\"headline\":\"Hibisco para os cabelos\",\"datePublished\":\"2023-02-09T22:36:32+00:00\",\"dateModified\":\"2023-02-13T20:18:26+00:00\",\"mainEntityOfPage\":{\"@id\":\"https:\/\/artigos.abelacosmetics.com\/beneficios-do-hibisco-para-os-cabelos\/\"},\"wordCount\":705,\"commentCount\":0,\"publisher\":{\"@id\":\"https:\/\/artigos.abelacosmetics.com\/#organization\"},\"image\":{\"@id\":\"https:\/\/artigos.abelacosmetics.com\/beneficios-do-hibisco-para-os-cabelos\/#primaryimage\"},\"thumbnailUrl\":\"https:\/\/artigos.abelacosmetics.com\/wp-content\/uploads\/2023\/02\/2-3.png\",\"articleSection\":[\"Conhe\u00e7a seus cabelos\",\"Novidades\"],\"inLanguage\":\"en-US\",\"potentialAction\":[{\"@type\":\"CommentAction\",\"name\":\"Comment\",\"target\":[\"https:\/\/artigos.abelacosmetics.com\/beneficios-do-hibisco-para-os-cabelos\/#respond\"]}]},{\"@type\":\"WebPage\",\"@id\":\"https:\/\/artigos.abelacosmetics.com\/beneficios-do-hibisco-para-os-cabelos\/\",\"url\":\"https:\/\/artigos.abelacosmetics.com\/beneficios-do-hibisco-para-os-cabelos\/\",\"name\":\"Hibisco para os cabelos - Abela Cosmetics\",\"isPartOf\":{\"@id\":\"https:\/\/artigos.abelacosmetics.com\/#website\"},\"primaryImageOfPage\":{\"@id\":\"https:\/\/artigos.abelacosmetics.com\/beneficios-do-hibisco-para-os-cabelos\/#primaryimage\"},\"image\":{\"@id\":\"https:\/\/artigos.abelacosmetics.com\/beneficios-do-hibisco-para-os-cabelos\/#primaryimage\"},\"thumbnailUrl\":\"https:\/\/artigos.abelacosmetics.com\/wp-content\/uploads\/2023\/02\/2-3.png\",\"datePublished\":\"2023-02-09T22:36:32+00:00\",\"dateModified\":\"2023-02-13T20:18:26+00:00\",\"description\":\"Conhe\u00e7a os benef\u00edcios do hibisco para seus cabelos. Do crescimento capilar \u00e0 hidrata\u00e7\u00e3o, essa flor pode ser a resposta dos seus problemas.\",\"breadcrumb\":{\"@id\":\"https:\/\/artigos.abelacosmetics.com\/beneficios-do-hibisco-para-os-cabelos\/#breadcrumb\"},\"inLanguage\":\"en-US\",\"potentialAction\":[{\"@type\":\"ReadAction\",\"target\":[\"https:\/\/artigos.abelacosmetics.com\/beneficios-do-hibisco-para-os-cabelos\/\"]}]},{\"@type\":\"ImageObject\",\"inLanguage\":\"en-US\",\"@id\":\"https:\/\/artigos.abelacosmetics.com\/beneficios-do-hibisco-para-os-cabelos\/#primaryimage\",\"url\":\"https:\/\/artigos.abelacosmetics.com\/wp-content\/uploads\/2023\/02\/2-3.png\",\"contentUrl\":\"https:\/\/artigos.abelacosmetics.com\/wp-content\/uploads\/2023\/02\/2-3.png\",\"width\":850,\"height\":430},{\"@type\":\"BreadcrumbList\",\"@id\":\"https:\/\/artigos.abelacosmetics.com\/beneficios-do-hibisco-para-os-cabelos\/#breadcrumb\",\"itemListElement\":[{\"@type\":\"ListItem\",\"position\":1,\"name\":\"In\u00edcio\",\"item\":\"https:\/\/artigos.abelacosmetics.com\/\"},{\"@type\":\"ListItem\",\"position\":2,\"name\":\"Hibisco para os cabelos\"}]},{\"@type\":\"WebSite\",\"@id\":\"https:\/\/artigos.abelacosmetics.com\/#website\",\"url\":\"https:\/\/artigos.abelacosmetics.com\/\",\"name\":\"Abela Cosmetics\",\"description\":\"Cuidados para Cabelos \u00danicos\",\"publisher\":{\"@id\":\"https:\/\/artigos.abelacosmetics.com\/#organization\"},\"potentialAction\":[{\"@type\":\"SearchAction\",\"target\":{\"@type\":\"EntryPoint\",\"urlTemplate\":\"https:\/\/artigos.abelacosmetics.com\/?s={search_term_string}\"},\"query-input\":{\"@type\":\"PropertyValueSpecification\",\"valueRequired\":true,\"valueName\":\"search_term_string\"}}],\"inLanguage\":\"en-US\"},{\"@type\":\"Organization\",\"@id\":\"https:\/\/artigos.abelacosmetics.com\/#organization\",\"name\":\"Abela Cosmetics\",\"url\":\"https:\/\/artigos.abelacosmetics.com\/\",\"logo\":{\"@type\":\"ImageObject\",\"inLanguage\":\"en-US\",\"@id\":\"https:\/\/artigos.abelacosmetics.com\/#\/schema\/logo\/image\/\",\"url\":\"https:\/\/artigos.abelacosmetics.com\/wp-content\/uploads\/2023\/02\/logo-abela.png\",\"contentUrl\":\"https:\/\/artigos.abelacosmetics.com\/wp-content\/uploads\/2023\/02\/logo-abela.png\",\"width\":183,\"height\":90,\"caption\":\"Abela Cosmetics\"},\"image\":{\"@id\":\"https:\/\/artigos.abelacosmetics.com\/#\/schema\/logo\/image\/\"},\"sameAs\":[\"https:\/\/www.facebook.com\/abelacosmetics\"]},{\"@type\":\"Person\",\"@id\":\"https:\/\/artigos.abelacosmetics.com\/#\/schema\/person\/675710be590edb47293978092f4e20f4\",\"name\":\"admin\",\"image\":{\"@type\":\"ImageObject\",\"inLanguage\":\"en-US\",\"@id\":\"https:\/\/artigos.abelacosmetics.com\/#\/schema\/person\/image\/\",\"url\":\"https:\/\/secure.gravatar.com\/avatar\/ce9ccc2de538d30bcc33874c5a730e8e078e64fce402cb3cf0668a7439a0e654?s=96&d=mm&r=g\",\"contentUrl\":\"https:\/\/secure.gravatar.com\/avatar\/ce9ccc2de538d30bcc33874c5a730e8e078e64fce402cb3cf0668a7439a0e654?s=96&d=mm&r=g\",\"caption\":\"admin\"},\"sameAs\":[\"http:\/\/localhost\/abela-cosmetic\"],\"url\":\"https:\/\/artigos.abelacosmetics.com\/en\/author\/admin\/\"}]}<\/script>\n<!-- \/ Yoast SEO Premium plugin. -->","yoast_head_json":{"title":"Hibisco para os cabelos - Abela Cosmetics","description":"Conhe\u00e7a os benef\u00edcios do hibisco para seus cabelos. Do crescimento capilar \u00e0 hidrata\u00e7\u00e3o, essa flor pode ser a resposta dos seus problemas.","robots":{"index":"index","follow":"follow","max-snippet":"max-snippet:-1","max-image-preview":"max-image-preview:large","max-video-preview":"max-video-preview:-1"},"canonical":"https:\/\/artigos.abelacosmetics.com\/en\/beneficios-do-hibisco-para-os-cabelos\/","og_locale":"en_US","og_type":"article","og_title":"Hibisco para os cabelos","og_description":"Conhe\u00e7a os benef\u00edcios do hibisco para seus cabelos. Do crescimento capilar \u00e0 hidrata\u00e7\u00e3o, essa flor pode ser a resposta dos seus problemas.","og_url":"https:\/\/artigos.abelacosmetics.com\/en\/beneficios-do-hibisco-para-os-cabelos\/","og_site_name":"Abela Cosmetics","article_publisher":"https:\/\/www.facebook.com\/abelacosmetics","article_published_time":"2023-02-09T22:36:32+00:00","article_modified_time":"2023-02-13T20:18:26+00:00","og_image":[{"width":850,"height":430,"url":"https:\/\/artigos.abelacosmetics.com\/wp-content\/uploads\/2023\/02\/2-3.png","type":"image\/png"}],"author":"admin","twitter_card":"summary_large_image","twitter_misc":{"Written by":"admin","Est. reading time":"4 minutes"},"schema":{"@context":"https:\/\/schema.org","@graph":[{"@type":"Article","@id":"https:\/\/artigos.abelacosmetics.com\/beneficios-do-hibisco-para-os-cabelos\/#article","isPartOf":{"@id":"https:\/\/artigos.abelacosmetics.com\/beneficios-do-hibisco-para-os-cabelos\/"},"author":{"name":"admin","@id":"https:\/\/artigos.abelacosmetics.com\/#\/schema\/person\/675710be590edb47293978092f4e20f4"},"headline":"Hibisco para os cabelos","datePublished":"2023-02-09T22:36:32+00:00","dateModified":"2023-02-13T20:18:26+00:00","mainEntityOfPage":{"@id":"https:\/\/artigos.abelacosmetics.com\/beneficios-do-hibisco-para-os-cabelos\/"},"wordCount":705,"commentCount":0,"publisher":{"@id":"https:\/\/artigos.abelacosmetics.com\/#organization"},"image":{"@id":"https:\/\/artigos.abelacosmetics.com\/beneficios-do-hibisco-para-os-cabelos\/#primaryimage"},"thumbnailUrl":"https:\/\/artigos.abelacosmetics.com\/wp-content\/uploads\/2023\/02\/2-3.png","articleSection":["Conhe\u00e7a seus cabelos","Novidades"],"inLanguage":"en-US","potentialAction":[{"@type":"CommentAction","name":"Comment","target":["https:\/\/artigos.abelacosmetics.com\/beneficios-do-hibisco-para-os-cabelos\/#respond"]}]},{"@type":"WebPage","@id":"https:\/\/artigos.abelacosmetics.com\/beneficios-do-hibisco-para-os-cabelos\/","url":"https:\/\/artigos.abelacosmetics.com\/beneficios-do-hibisco-para-os-cabelos\/","name":"Hibisco para os cabelos - Abela Cosmetics","isPartOf":{"@id":"https:\/\/artigos.abelacosmetics.com\/#website"},"primaryImageOfPage":{"@id":"https:\/\/artigos.abelacosmetics.com\/beneficios-do-hibisco-para-os-cabelos\/#primaryimage"},"image":{"@id":"https:\/\/artigos.abelacosmetics.com\/beneficios-do-hibisco-para-os-cabelos\/#primaryimage"},"thumbnailUrl":"https:\/\/artigos.abelacosmetics.com\/wp-content\/uploads\/2023\/02\/2-3.png","datePublished":"2023-02-09T22:36:32+00:00","dateModified":"2023-02-13T20:18:26+00:00","description":"Conhe\u00e7a os benef\u00edcios do hibisco para seus cabelos. Do crescimento capilar \u00e0 hidrata\u00e7\u00e3o, essa flor pode ser a resposta dos seus problemas.","breadcrumb":{"@id":"https:\/\/artigos.abelacosmetics.com\/beneficios-do-hibisco-para-os-cabelos\/#breadcrumb"},"inLanguage":"en-US","potentialAction":[{"@type":"ReadAction","target":["https:\/\/artigos.abelacosmetics.com\/beneficios-do-hibisco-para-os-cabelos\/"]}]},{"@type":"ImageObject","inLanguage":"en-US","@id":"https:\/\/artigos.abelacosmetics.com\/beneficios-do-hibisco-para-os-cabelos\/#primaryimage","url":"https:\/\/artigos.abelacosmetics.com\/wp-content\/uploads\/2023\/02\/2-3.png","contentUrl":"https:\/\/artigos.abelacosmetics.com\/wp-content\/uploads\/2023\/02\/2-3.png","width":850,"height":430},{"@type":"BreadcrumbList","@id":"https:\/\/artigos.abelacosmetics.com\/beneficios-do-hibisco-para-os-cabelos\/#breadcrumb","itemListElement":[{"@type":"ListItem","position":1,"name":"In\u00edcio","item":"https:\/\/artigos.abelacosmetics.com\/"},{"@type":"ListItem","position":2,"name":"Hibisco para os cabelos"}]},{"@type":"WebSite","@id":"https:\/\/artigos.abelacosmetics.com\/#website","url":"https:\/\/artigos.abelacosmetics.com\/","name":"Abela Cosmetics","description":"Cuidados para Cabelos \u00danicos","publisher":{"@id":"https:\/\/artigos.abelacosmetics.com\/#organization"},"potentialAction":[{"@type":"SearchAction","target":{"@type":"EntryPoint","urlTemplate":"https:\/\/artigos.abelacosmetics.com\/?s={search_term_string}"},"query-input":{"@type":"PropertyValueSpecification","valueRequired":true,"valueName":"search_term_string"}}],"inLanguage":"en-US"},{"@type":"Organization","@id":"https:\/\/artigos.abelacosmetics.com\/#organization","name":"Abela Cosmetics","url":"https:\/\/artigos.abelacosmetics.com\/","logo":{"@type":"ImageObject","inLanguage":"en-US","@id":"https:\/\/artigos.abelacosmetics.com\/#\/schema\/logo\/image\/","url":"https:\/\/artigos.abelacosmetics.com\/wp-content\/uploads\/2023\/02\/logo-abela.png","contentUrl":"https:\/\/artigos.abelacosmetics.com\/wp-content\/uploads\/2023\/02\/logo-abela.png","width":183,"height":90,"caption":"Abela Cosmetics"},"image":{"@id":"https:\/\/artigos.abelacosmetics.com\/#\/schema\/logo\/image\/"},"sameAs":["https:\/\/www.facebook.com\/abelacosmetics"]},{"@type":"Person","@id":"https:\/\/artigos.abelacosmetics.com\/#\/schema\/person\/675710be590edb47293978092f4e20f4","name":"admin","image":{"@type":"ImageObject","inLanguage":"en-US","@id":"https:\/\/artigos.abelacosmetics.com\/#\/schema\/person\/image\/","url":"https:\/\/secure.gravatar.com\/avatar\/ce9ccc2de538d30bcc33874c5a730e8e078e64fce402cb3cf0668a7439a0e654?s=96&d=mm&r=g","contentUrl":"https:\/\/secure.gravatar.com\/avatar\/ce9ccc2de538d30bcc33874c5a730e8e078e64fce402cb3cf0668a7439a0e654?s=96&d=mm&r=g","caption":"admin"},"sameAs":["http:\/\/localhost\/abela-cosmetic"],"url":"https:\/\/artigos.abelacosmetics.com\/en\/author\/admin\/"}]}},"_links":{"self":[{"href":"https:\/\/artigos.abelacosmetics.com\/en\/wp-json\/wp\/v2\/posts\/2511","targetHints":{"allow":["GET"]}}],"collection":[{"href":"https:\/\/artigos.abelacosmetics.com\/en\/wp-json\/wp\/v2\/posts"}],"about":[{"href":"https:\/\/artigos.abelacosmetics.com\/en\/wp-json\/wp\/v2\/types\/post"}],"author":[{"embeddable":true,"href":"https:\/\/artigos.abelacosmetics.com\/en\/wp-json\/wp\/v2\/users\/1"}],"replies":[{"embeddable":true,"href":"https:\/\/artigos.abelacosmetics.com\/en\/wp-json\/wp\/v2\/comments?post=2511"}],"version-history":[{"count":2,"href":"https:\/\/artigos.abelacosmetics.com\/en\/wp-json\/wp\/v2\/posts\/2511\/revisions"}],"predecessor-version":[{"id":2667,"href":"https:\/\/artigos.abelacosmetics.com\/en\/wp-json\/wp\/v2\/posts\/2511\/revisions\/2667"}],"wp:featuredmedia":[{"embeddable":true,"href":"https:\/\/artigos.abelacosmetics.com\/en\/wp-json\/wp\/v2\/media\/2514"}],"wp:attachment":[{"href":"https:\/\/artigos.abelacosmetics.com\/en\/wp-json\/wp\/v2\/media?parent=2511"}],"wp:term":[{"taxonomy":"category","embeddable":true,"href":"https:\/\/artigos.abelacosmetics.com\/en\/wp-json\/wp\/v2\/categories?post=2511"},{"taxonomy":"post_tag","embeddable":true,"href":"https:\/\/artigos.abelacosmetics.com\/en\/wp-json\/wp\/v2\/tags?post=2511"}],"curies":[{"name":"wp","href":"https:\/\/api.w.org\/{rel}","templated":true}]}}