{"id":2411,"date":"2023-02-02T18:23:24","date_gmt":"2023-02-02T21:23:24","guid":{"rendered":"https:\/\/artigos.abelacosmetics.com\/?p=2411"},"modified":"2023-02-09T20:39:59","modified_gmt":"2023-02-09T23:39:59","slug":"penteando-cabelos-cacheados","status":"publish","type":"post","link":"https:\/\/artigos.abelacosmetics.com\/en\/penteando-cabelos-cacheados\/","title":{"rendered":"Penteando cabelos cacheados"},"content":{"rendered":"<p>&nbsp;<\/p>\n<p>&nbsp;<\/p>\n<p>Existem v\u00e1rios benef\u00edcios em pentear os cabelos.\u00a0 Al\u00e9m de desembara\u00e7ar os fios, pode ajudar com a exfolia\u00e7\u00e3o do couro cabeludo.<\/p>\n<p>&nbsp;<\/p>\n<audio class=\"wp-audio-shortcode\" id=\"audio-2411-1\" preload=\"none\" style=\"width: 100%;\" controls=\"controls\"><source type=\"audio\/mpeg\" src=\"https:\/\/artigos.abelacosmetics.com\/wp-content\/uploads\/2023\/02\/penteando-os-cabelos.mp3?_=1\" \/><a href=\"https:\/\/artigos.abelacosmetics.com\/wp-content\/uploads\/2023\/02\/penteando-os-cabelos.mp3\">https:\/\/artigos.abelacosmetics.com\/wp-content\/uploads\/2023\/02\/penteando-os-cabelos.mp3<\/a><\/audio>\n<p>&nbsp;<\/p>\n<p>Mas os cabelos cacheados precisam ser tratados com muito mais cuidado.\u00a0 A t\u00e9cnica correta pode melhorar a experi\u00eancia.\u00a0 \u00c9 claro que tentar descobrir a melhor maneira de se escovar os cabelos pode ser frustrante, pois a chance da escova\u00e7\u00e3o terminar com <em>frizz<\/em>, ou com um volume indesejado \u00e9 grande.<\/p>\n<p>Depois das ferramentas de calor usadas nos cabelos, o pente \u00e9 a que mais causa danos aos fios.\u00a0 As recomenda\u00e7\u00f5es abaixo podem ajudar a voc\u00ea ter um melhor resultado com seu penteado.<\/p>\n<p>&nbsp;<\/p>\n<p><strong> <img loading=\"lazy\" decoding=\"async\" class=\"alignnone wp-image-2414\" src=\"https:\/\/artigos.abelacosmetics.com\/wp-content\/uploads\/2023\/02\/2-1-300x152.png\" alt=\"\" width=\"730\" height=\"370\" srcset=\"https:\/\/artigos.abelacosmetics.com\/wp-content\/uploads\/2023\/02\/2-1-300x152.png 300w, https:\/\/artigos.abelacosmetics.com\/wp-content\/uploads\/2023\/02\/2-1-768x389.png 768w, https:\/\/artigos.abelacosmetics.com\/wp-content\/uploads\/2023\/02\/2-1-18x9.png 18w, https:\/\/artigos.abelacosmetics.com\/wp-content\/uploads\/2023\/02\/2-1.png 850w\" sizes=\"auto, (max-width: 730px) 100vw, 730px\" \/><\/strong><\/p>\n<p>&nbsp;<\/p>\n<p><strong>Cabelos cacheados podem ser penteados?<\/strong><\/p>\n<p>A resposta \u00e9 sim.\u00a0 Desde que feito de forma correta.\u00a0 A diferen\u00e7a \u00e9 como a pessoa escolhe desembara\u00e7ar os cabelos.<\/p>\n<p><strong>Quando pentear os cabelos?<\/strong><\/p>\n<p>N\u00e3o precisa pentear todos os dias, at\u00e9 porque pentear os cabelos secos podem quebr\u00e1-los.\u00a0 O ideal \u00e9 pentear pelo menos nos dias de lavagem.<\/p>\n<p><strong>Pentear os cabelos secos ou molhados?<\/strong><\/p>\n<p>Penteie os cabelos cacheados apenas quando estiverem molhados ou \u00famidos. Pentear o cabelo seco \u00e9 uma receita instant\u00e2nea para o <em>frizz<\/em> e vai deixar os cachos fora de forma. Depois de lavar e tratar os cabelos, use um condicionador <em>leave-in<\/em> para manter o cabelo hidratado ao come\u00e7ar a pentear o cabelo.<\/p>\n<p>Quanto maior a curvatura, mais hidrata\u00e7\u00e3o no cabelo \u00e9 necess\u00e1rio para se pentear.\u00a0 N\u00e3o \u00e9 normal grandes quantidades de cabelo sa\u00edrem no pente.<\/p>\n<p><strong>\u00c9 normal doer na escova\u00e7\u00e3o?<\/strong><\/p>\n<p>Penteadura n\u00e3o \u00e9 f\u00e1cil, sabemos disso.\u00a0 Mas tamb\u00e9m n\u00e3o \u00e9 para ser uma situa\u00e7\u00e3o extremamente desconfort\u00e1vel.\u00a0 Se seu couro cabeludo est\u00e1 doendo durante o ato, voc\u00ea provavelmente est\u00e1 fazendo errado.<\/p>\n<p>Uma boa forma de pentear \u00e9 dividir o cabelo em menores partes, para facilitar o pente.\u00a0 Comece dividindo ao meio, a partir disso, reparta em mais vezes, terminando com 6 a 8 partes.\u00a0 Isso vai minimizar a quebra.<\/p>\n<p>&nbsp;<\/p>\n<p><img loading=\"lazy\" decoding=\"async\" class=\"alignnone wp-image-2417\" src=\"https:\/\/artigos.abelacosmetics.com\/wp-content\/uploads\/2023\/02\/5-1-300x152.png\" alt=\"\" width=\"823\" height=\"417\" srcset=\"https:\/\/artigos.abelacosmetics.com\/wp-content\/uploads\/2023\/02\/5-1-300x152.png 300w, https:\/\/artigos.abelacosmetics.com\/wp-content\/uploads\/2023\/02\/5-1-768x389.png 768w, https:\/\/artigos.abelacosmetics.com\/wp-content\/uploads\/2023\/02\/5-1-18x9.png 18w, https:\/\/artigos.abelacosmetics.com\/wp-content\/uploads\/2023\/02\/5-1.png 850w\" sizes=\"auto, (max-width: 823px) 100vw, 823px\" \/><\/p>\n<p>&nbsp;<\/p>\n<p><strong>Onde come\u00e7o a pentear ?<\/strong><\/p>\n<p>Nosso primeiro instinto ao pentear o cabelo \u00e9 come\u00e7ar da raiz para baixo. No entanto, esse m\u00e9todo n\u00e3o \u00e9 adequado para quem tem cabelos naturais &#8211; seus cachos naturais merecem algo a mais. Em vez disso, trabalhe a partir das pontas do cabelo e suba lentamente at\u00e9 a raiz.<\/p>\n<p>Isso diminui a quebra, e garante o desembara\u00e7o de baixo para cima.<\/p>\n<p><strong>Secagem<\/strong><\/p>\n<p>N\u00e3o destrua todo o seu trabalho \u00e1rduo de sua rotina de banho enrolando o cabelo, estilo turbante, com uma toalha comum. Isso pode n\u00e3o apenas esticar e quebrar seus fios, mas tamb\u00e9m causar emaranhados.<\/p>\n<p>Em vez disso, opte por uma toalha de microfibra mais suave ou esprema delicadamente todo o excesso de \u00e1gua do cabelo e pule a toalha completamente.<\/p>\n<p>&nbsp;<\/p>\n<p>O cabelo cacheado \u00e9 fr\u00e1gil e desembara\u00e7ar pode facilmente quebrar seus fios. Portanto, seja sempre gentil. Dito isso, \u00e9 muito mais f\u00e1cil desembara\u00e7ar suavemente quando o cabelo est\u00e1 molhado e com produto. Embora voc\u00ea precise desembara\u00e7ar o cabelo seco de vez em quando, \u00e9 melhor evit\u00e1-lo, especialmente para aqueles com cabelos naturais altamente texturizados.<\/p>\n<p>Desembara\u00e7ar requer tempo, mas esse tempo n\u00e3o s\u00f3 ajudar\u00e1 na sa\u00fade do seu cabelo, mas tamb\u00e9m na maleabilidade. E quando voc\u00ea tem os produtos e ferramentas certas em m\u00e3os, \u00e9 muito mais f\u00e1cil do que parece.<\/p>\n<p>Conhe\u00e7a os produtos da Abela Cosmetics.\u00a0 Tudo para seus cachos.\u00a0 Celebre seus cabelos.<\/p>\n<p>&nbsp;<\/p>\n<p><img loading=\"lazy\" decoding=\"async\" class=\"alignnone wp-image-2421\" src=\"https:\/\/artigos.abelacosmetics.com\/wp-content\/uploads\/2023\/02\/9-300x152.png\" alt=\"\" width=\"1162\" height=\"589\" srcset=\"https:\/\/artigos.abelacosmetics.com\/wp-content\/uploads\/2023\/02\/9-300x152.png 300w, https:\/\/artigos.abelacosmetics.com\/wp-content\/uploads\/2023\/02\/9-768x389.png 768w, https:\/\/artigos.abelacosmetics.com\/wp-content\/uploads\/2023\/02\/9-18x9.png 18w, https:\/\/artigos.abelacosmetics.com\/wp-content\/uploads\/2023\/02\/9.png 850w\" sizes=\"auto, (max-width: 1162px) 100vw, 1162px\" \/><\/p>","protected":false},"excerpt":{"rendered":"<p>&nbsp; &nbsp; Existem v\u00e1rios benef\u00edcios em pentear os cabelos.\u00a0 Al\u00e9m de desembara\u00e7ar os fios, pode ajudar com a exfolia\u00e7\u00e3o do couro cabeludo. &nbsp; &nbsp; Mas os cabelos cacheados precisam ser tratados com muito mais cuidado.\u00a0 A t\u00e9cnica correta pode melhorar a experi\u00eancia.\u00a0 \u00c9 claro que tentar descobrir a melhor maneira de se escovar os cabelos [&hellip;]<\/p>","protected":false},"author":1,"featured_media":2413,"comment_status":"open","ping_status":"open","sticky":false,"template":"","format":"standard","meta":{"_acf_changed":false,"_mo_disable_npp":"","inline_featured_image":false,"footnotes":""},"categories":[31,1],"tags":[],"class_list":["post-2411","post","type-post","status-publish","format-standard","has-post-thumbnail","hentry","category-autocuidado","category-novidades"],"acf":[],"yoast_head":"<!-- This site is optimized with the Yoast SEO Premium plugin v19.2.1 (Yoast SEO v26.9) - https:\/\/yoast.com\/product\/yoast-seo-premium-wordpress\/ -->\n<title>Penteando cabelos cacheados - Abela Cosmetics<\/title>\n<meta name=\"description\" content=\"Voc\u00ea sabe como pentear os cachos? Descubra algumas informa\u00e7\u00f5es importantes para que seus cachos continuem lindos e brilhosos!\" \/>\n<meta name=\"robots\" content=\"index, follow, max-snippet:-1, max-image-preview:large, max-video-preview:-1\" \/>\n<link rel=\"canonical\" href=\"https:\/\/artigos.abelacosmetics.com\/en\/penteando-cabelos-cacheados\/\" \/>\n<meta property=\"og:locale\" content=\"en_US\" \/>\n<meta property=\"og:type\" content=\"article\" \/>\n<meta property=\"og:title\" content=\"Penteando cabelos cacheados\" \/>\n<meta property=\"og:description\" content=\"Voc\u00ea sabe como pentear os cachos? Descubra algumas informa\u00e7\u00f5es importantes para que seus cachos continuem lindos e brilhosos!\" \/>\n<meta property=\"og:url\" content=\"https:\/\/artigos.abelacosmetics.com\/en\/penteando-cabelos-cacheados\/\" \/>\n<meta property=\"og:site_name\" content=\"Abela Cosmetics\" \/>\n<meta property=\"article:publisher\" content=\"https:\/\/www.facebook.com\/abelacosmetics\" \/>\n<meta property=\"article:published_time\" content=\"2023-02-02T21:23:24+00:00\" \/>\n<meta property=\"article:modified_time\" content=\"2023-02-09T23:39:59+00:00\" \/>\n<meta property=\"og:image\" content=\"https:\/\/artigos.abelacosmetics.com\/wp-content\/uploads\/2023\/02\/1-1.png\" \/>\n\t<meta property=\"og:image:width\" content=\"850\" \/>\n\t<meta property=\"og:image:height\" content=\"430\" \/>\n\t<meta property=\"og:image:type\" content=\"image\/png\" \/>\n<meta name=\"author\" content=\"admin\" \/>\n<meta name=\"twitter:card\" content=\"summary_large_image\" \/>\n<meta name=\"twitter:label1\" content=\"Written by\" \/>\n\t<meta name=\"twitter:data1\" content=\"admin\" \/>\n\t<meta name=\"twitter:label2\" content=\"Est. reading time\" \/>\n\t<meta name=\"twitter:data2\" content=\"4 minutes\" \/>\n<script type=\"application\/ld+json\" class=\"yoast-schema-graph\">{\"@context\":\"https:\/\/schema.org\",\"@graph\":[{\"@type\":\"Article\",\"@id\":\"https:\/\/artigos.abelacosmetics.com\/penteando-cabelos-cacheados\/#article\",\"isPartOf\":{\"@id\":\"https:\/\/artigos.abelacosmetics.com\/penteando-cabelos-cacheados\/\"},\"author\":{\"name\":\"admin\",\"@id\":\"https:\/\/artigos.abelacosmetics.com\/#\/schema\/person\/675710be590edb47293978092f4e20f4\"},\"headline\":\"Penteando cabelos cacheados\",\"datePublished\":\"2023-02-02T21:23:24+00:00\",\"dateModified\":\"2023-02-09T23:39:59+00:00\",\"mainEntityOfPage\":{\"@id\":\"https:\/\/artigos.abelacosmetics.com\/penteando-cabelos-cacheados\/\"},\"wordCount\":586,\"commentCount\":0,\"publisher\":{\"@id\":\"https:\/\/artigos.abelacosmetics.com\/#organization\"},\"image\":{\"@id\":\"https:\/\/artigos.abelacosmetics.com\/penteando-cabelos-cacheados\/#primaryimage\"},\"thumbnailUrl\":\"https:\/\/artigos.abelacosmetics.com\/wp-content\/uploads\/2023\/02\/1-1.png\",\"articleSection\":[\"Autocuidado\",\"Novidades\"],\"inLanguage\":\"en-US\",\"potentialAction\":[{\"@type\":\"CommentAction\",\"name\":\"Comment\",\"target\":[\"https:\/\/artigos.abelacosmetics.com\/penteando-cabelos-cacheados\/#respond\"]}]},{\"@type\":\"WebPage\",\"@id\":\"https:\/\/artigos.abelacosmetics.com\/penteando-cabelos-cacheados\/\",\"url\":\"https:\/\/artigos.abelacosmetics.com\/penteando-cabelos-cacheados\/\",\"name\":\"Penteando cabelos cacheados - Abela Cosmetics\",\"isPartOf\":{\"@id\":\"https:\/\/artigos.abelacosmetics.com\/#website\"},\"primaryImageOfPage\":{\"@id\":\"https:\/\/artigos.abelacosmetics.com\/penteando-cabelos-cacheados\/#primaryimage\"},\"image\":{\"@id\":\"https:\/\/artigos.abelacosmetics.com\/penteando-cabelos-cacheados\/#primaryimage\"},\"thumbnailUrl\":\"https:\/\/artigos.abelacosmetics.com\/wp-content\/uploads\/2023\/02\/1-1.png\",\"datePublished\":\"2023-02-02T21:23:24+00:00\",\"dateModified\":\"2023-02-09T23:39:59+00:00\",\"description\":\"Voc\u00ea sabe como pentear os cachos? Descubra algumas informa\u00e7\u00f5es importantes para que seus cachos continuem lindos e brilhosos!\",\"breadcrumb\":{\"@id\":\"https:\/\/artigos.abelacosmetics.com\/penteando-cabelos-cacheados\/#breadcrumb\"},\"inLanguage\":\"en-US\",\"potentialAction\":[{\"@type\":\"ReadAction\",\"target\":[\"https:\/\/artigos.abelacosmetics.com\/penteando-cabelos-cacheados\/\"]}]},{\"@type\":\"ImageObject\",\"inLanguage\":\"en-US\",\"@id\":\"https:\/\/artigos.abelacosmetics.com\/penteando-cabelos-cacheados\/#primaryimage\",\"url\":\"https:\/\/artigos.abelacosmetics.com\/wp-content\/uploads\/2023\/02\/1-1.png\",\"contentUrl\":\"https:\/\/artigos.abelacosmetics.com\/wp-content\/uploads\/2023\/02\/1-1.png\",\"width\":850,\"height\":430},{\"@type\":\"BreadcrumbList\",\"@id\":\"https:\/\/artigos.abelacosmetics.com\/penteando-cabelos-cacheados\/#breadcrumb\",\"itemListElement\":[{\"@type\":\"ListItem\",\"position\":1,\"name\":\"In\u00edcio\",\"item\":\"https:\/\/artigos.abelacosmetics.com\/\"},{\"@type\":\"ListItem\",\"position\":2,\"name\":\"Penteando cabelos cacheados\"}]},{\"@type\":\"WebSite\",\"@id\":\"https:\/\/artigos.abelacosmetics.com\/#website\",\"url\":\"https:\/\/artigos.abelacosmetics.com\/\",\"name\":\"Abela Cosmetics\",\"description\":\"Cuidados para Cabelos \u00danicos\",\"publisher\":{\"@id\":\"https:\/\/artigos.abelacosmetics.com\/#organization\"},\"potentialAction\":[{\"@type\":\"SearchAction\",\"target\":{\"@type\":\"EntryPoint\",\"urlTemplate\":\"https:\/\/artigos.abelacosmetics.com\/?s={search_term_string}\"},\"query-input\":{\"@type\":\"PropertyValueSpecification\",\"valueRequired\":true,\"valueName\":\"search_term_string\"}}],\"inLanguage\":\"en-US\"},{\"@type\":\"Organization\",\"@id\":\"https:\/\/artigos.abelacosmetics.com\/#organization\",\"name\":\"Abela Cosmetics\",\"url\":\"https:\/\/artigos.abelacosmetics.com\/\",\"logo\":{\"@type\":\"ImageObject\",\"inLanguage\":\"en-US\",\"@id\":\"https:\/\/artigos.abelacosmetics.com\/#\/schema\/logo\/image\/\",\"url\":\"https:\/\/artigos.abelacosmetics.com\/wp-content\/uploads\/2023\/02\/logo-abela.png\",\"contentUrl\":\"https:\/\/artigos.abelacosmetics.com\/wp-content\/uploads\/2023\/02\/logo-abela.png\",\"width\":183,\"height\":90,\"caption\":\"Abela Cosmetics\"},\"image\":{\"@id\":\"https:\/\/artigos.abelacosmetics.com\/#\/schema\/logo\/image\/\"},\"sameAs\":[\"https:\/\/www.facebook.com\/abelacosmetics\"]},{\"@type\":\"Person\",\"@id\":\"https:\/\/artigos.abelacosmetics.com\/#\/schema\/person\/675710be590edb47293978092f4e20f4\",\"name\":\"admin\",\"image\":{\"@type\":\"ImageObject\",\"inLanguage\":\"en-US\",\"@id\":\"https:\/\/artigos.abelacosmetics.com\/#\/schema\/person\/image\/\",\"url\":\"https:\/\/secure.gravatar.com\/avatar\/ce9ccc2de538d30bcc33874c5a730e8e078e64fce402cb3cf0668a7439a0e654?s=96&d=mm&r=g\",\"contentUrl\":\"https:\/\/secure.gravatar.com\/avatar\/ce9ccc2de538d30bcc33874c5a730e8e078e64fce402cb3cf0668a7439a0e654?s=96&d=mm&r=g\",\"caption\":\"admin\"},\"sameAs\":[\"http:\/\/localhost\/abela-cosmetic\"],\"url\":\"https:\/\/artigos.abelacosmetics.com\/en\/author\/admin\/\"}]}<\/script>\n<!-- \/ Yoast SEO Premium plugin. -->","yoast_head_json":{"title":"Penteando cabelos cacheados - Abela Cosmetics","description":"Voc\u00ea sabe como pentear os cachos? Descubra algumas informa\u00e7\u00f5es importantes para que seus cachos continuem lindos e brilhosos!","robots":{"index":"index","follow":"follow","max-snippet":"max-snippet:-1","max-image-preview":"max-image-preview:large","max-video-preview":"max-video-preview:-1"},"canonical":"https:\/\/artigos.abelacosmetics.com\/en\/penteando-cabelos-cacheados\/","og_locale":"en_US","og_type":"article","og_title":"Penteando cabelos cacheados","og_description":"Voc\u00ea sabe como pentear os cachos? Descubra algumas informa\u00e7\u00f5es importantes para que seus cachos continuem lindos e brilhosos!","og_url":"https:\/\/artigos.abelacosmetics.com\/en\/penteando-cabelos-cacheados\/","og_site_name":"Abela Cosmetics","article_publisher":"https:\/\/www.facebook.com\/abelacosmetics","article_published_time":"2023-02-02T21:23:24+00:00","article_modified_time":"2023-02-09T23:39:59+00:00","og_image":[{"width":850,"height":430,"url":"https:\/\/artigos.abelacosmetics.com\/wp-content\/uploads\/2023\/02\/1-1.png","type":"image\/png"}],"author":"admin","twitter_card":"summary_large_image","twitter_misc":{"Written by":"admin","Est. reading time":"4 minutes"},"schema":{"@context":"https:\/\/schema.org","@graph":[{"@type":"Article","@id":"https:\/\/artigos.abelacosmetics.com\/penteando-cabelos-cacheados\/#article","isPartOf":{"@id":"https:\/\/artigos.abelacosmetics.com\/penteando-cabelos-cacheados\/"},"author":{"name":"admin","@id":"https:\/\/artigos.abelacosmetics.com\/#\/schema\/person\/675710be590edb47293978092f4e20f4"},"headline":"Penteando cabelos cacheados","datePublished":"2023-02-02T21:23:24+00:00","dateModified":"2023-02-09T23:39:59+00:00","mainEntityOfPage":{"@id":"https:\/\/artigos.abelacosmetics.com\/penteando-cabelos-cacheados\/"},"wordCount":586,"commentCount":0,"publisher":{"@id":"https:\/\/artigos.abelacosmetics.com\/#organization"},"image":{"@id":"https:\/\/artigos.abelacosmetics.com\/penteando-cabelos-cacheados\/#primaryimage"},"thumbnailUrl":"https:\/\/artigos.abelacosmetics.com\/wp-content\/uploads\/2023\/02\/1-1.png","articleSection":["Autocuidado","Novidades"],"inLanguage":"en-US","potentialAction":[{"@type":"CommentAction","name":"Comment","target":["https:\/\/artigos.abelacosmetics.com\/penteando-cabelos-cacheados\/#respond"]}]},{"@type":"WebPage","@id":"https:\/\/artigos.abelacosmetics.com\/penteando-cabelos-cacheados\/","url":"https:\/\/artigos.abelacosmetics.com\/penteando-cabelos-cacheados\/","name":"Penteando cabelos cacheados - Abela Cosmetics","isPartOf":{"@id":"https:\/\/artigos.abelacosmetics.com\/#website"},"primaryImageOfPage":{"@id":"https:\/\/artigos.abelacosmetics.com\/penteando-cabelos-cacheados\/#primaryimage"},"image":{"@id":"https:\/\/artigos.abelacosmetics.com\/penteando-cabelos-cacheados\/#primaryimage"},"thumbnailUrl":"https:\/\/artigos.abelacosmetics.com\/wp-content\/uploads\/2023\/02\/1-1.png","datePublished":"2023-02-02T21:23:24+00:00","dateModified":"2023-02-09T23:39:59+00:00","description":"Voc\u00ea sabe como pentear os cachos? Descubra algumas informa\u00e7\u00f5es importantes para que seus cachos continuem lindos e brilhosos!","breadcrumb":{"@id":"https:\/\/artigos.abelacosmetics.com\/penteando-cabelos-cacheados\/#breadcrumb"},"inLanguage":"en-US","potentialAction":[{"@type":"ReadAction","target":["https:\/\/artigos.abelacosmetics.com\/penteando-cabelos-cacheados\/"]}]},{"@type":"ImageObject","inLanguage":"en-US","@id":"https:\/\/artigos.abelacosmetics.com\/penteando-cabelos-cacheados\/#primaryimage","url":"https:\/\/artigos.abelacosmetics.com\/wp-content\/uploads\/2023\/02\/1-1.png","contentUrl":"https:\/\/artigos.abelacosmetics.com\/wp-content\/uploads\/2023\/02\/1-1.png","width":850,"height":430},{"@type":"BreadcrumbList","@id":"https:\/\/artigos.abelacosmetics.com\/penteando-cabelos-cacheados\/#breadcrumb","itemListElement":[{"@type":"ListItem","position":1,"name":"In\u00edcio","item":"https:\/\/artigos.abelacosmetics.com\/"},{"@type":"ListItem","position":2,"name":"Penteando cabelos cacheados"}]},{"@type":"WebSite","@id":"https:\/\/artigos.abelacosmetics.com\/#website","url":"https:\/\/artigos.abelacosmetics.com\/","name":"Abela Cosmetics","description":"Cuidados para Cabelos \u00danicos","publisher":{"@id":"https:\/\/artigos.abelacosmetics.com\/#organization"},"potentialAction":[{"@type":"SearchAction","target":{"@type":"EntryPoint","urlTemplate":"https:\/\/artigos.abelacosmetics.com\/?s={search_term_string}"},"query-input":{"@type":"PropertyValueSpecification","valueRequired":true,"valueName":"search_term_string"}}],"inLanguage":"en-US"},{"@type":"Organization","@id":"https:\/\/artigos.abelacosmetics.com\/#organization","name":"Abela Cosmetics","url":"https:\/\/artigos.abelacosmetics.com\/","logo":{"@type":"ImageObject","inLanguage":"en-US","@id":"https:\/\/artigos.abelacosmetics.com\/#\/schema\/logo\/image\/","url":"https:\/\/artigos.abelacosmetics.com\/wp-content\/uploads\/2023\/02\/logo-abela.png","contentUrl":"https:\/\/artigos.abelacosmetics.com\/wp-content\/uploads\/2023\/02\/logo-abela.png","width":183,"height":90,"caption":"Abela Cosmetics"},"image":{"@id":"https:\/\/artigos.abelacosmetics.com\/#\/schema\/logo\/image\/"},"sameAs":["https:\/\/www.facebook.com\/abelacosmetics"]},{"@type":"Person","@id":"https:\/\/artigos.abelacosmetics.com\/#\/schema\/person\/675710be590edb47293978092f4e20f4","name":"admin","image":{"@type":"ImageObject","inLanguage":"en-US","@id":"https:\/\/artigos.abelacosmetics.com\/#\/schema\/person\/image\/","url":"https:\/\/secure.gravatar.com\/avatar\/ce9ccc2de538d30bcc33874c5a730e8e078e64fce402cb3cf0668a7439a0e654?s=96&d=mm&r=g","contentUrl":"https:\/\/secure.gravatar.com\/avatar\/ce9ccc2de538d30bcc33874c5a730e8e078e64fce402cb3cf0668a7439a0e654?s=96&d=mm&r=g","caption":"admin"},"sameAs":["http:\/\/localhost\/abela-cosmetic"],"url":"https:\/\/artigos.abelacosmetics.com\/en\/author\/admin\/"}]}},"_links":{"self":[{"href":"https:\/\/artigos.abelacosmetics.com\/en\/wp-json\/wp\/v2\/posts\/2411","targetHints":{"allow":["GET"]}}],"collection":[{"href":"https:\/\/artigos.abelacosmetics.com\/en\/wp-json\/wp\/v2\/posts"}],"about":[{"href":"https:\/\/artigos.abelacosmetics.com\/en\/wp-json\/wp\/v2\/types\/post"}],"author":[{"embeddable":true,"href":"https:\/\/artigos.abelacosmetics.com\/en\/wp-json\/wp\/v2\/users\/1"}],"replies":[{"embeddable":true,"href":"https:\/\/artigos.abelacosmetics.com\/en\/wp-json\/wp\/v2\/comments?post=2411"}],"version-history":[{"count":3,"href":"https:\/\/artigos.abelacosmetics.com\/en\/wp-json\/wp\/v2\/posts\/2411\/revisions"}],"predecessor-version":[{"id":2523,"href":"https:\/\/artigos.abelacosmetics.com\/en\/wp-json\/wp\/v2\/posts\/2411\/revisions\/2523"}],"wp:featuredmedia":[{"embeddable":true,"href":"https:\/\/artigos.abelacosmetics.com\/en\/wp-json\/wp\/v2\/media\/2413"}],"wp:attachment":[{"href":"https:\/\/artigos.abelacosmetics.com\/en\/wp-json\/wp\/v2\/media?parent=2411"}],"wp:term":[{"taxonomy":"category","embeddable":true,"href":"https:\/\/artigos.abelacosmetics.com\/en\/wp-json\/wp\/v2\/categories?post=2411"},{"taxonomy":"post_tag","embeddable":true,"href":"https:\/\/artigos.abelacosmetics.com\/en\/wp-json\/wp\/v2\/tags?post=2411"}],"curies":[{"name":"wp","href":"https:\/\/api.w.org\/{rel}","templated":true}]}}