{"id":2354,"date":"2023-01-26T18:41:47","date_gmt":"2023-01-26T21:41:47","guid":{"rendered":"https:\/\/artigos.abelacosmetics.com\/?p=2354"},"modified":"2023-01-26T18:42:11","modified_gmt":"2023-01-26T21:42:11","slug":"cabelo-natural","status":"publish","type":"post","link":"https:\/\/artigos.abelacosmetics.com\/en\/cabelo-natural\/","title":{"rendered":"Pontos importantes sobre o cabelo natural:  conhe\u00e7a detalhes do m\u00e9todo Curly Girl"},"content":{"rendered":"<h1><\/h1>\n<p><span style=\"font-weight: 400;\">Que bom que o cabelo natural voltou com tudo, n\u00e3o \u00e9 mesmo? Atualmente, a maioria das mulheres s\u00e3o adeptas a usar ele naturalmente. Por\u00e9m, \u00e9 preciso conhecer alguns pontos importantes para mant\u00ea-los bonitos e saud\u00e1veis.<\/span><\/p>\n<p>&nbsp;<\/p>\n<audio class=\"wp-audio-shortcode\" id=\"audio-2354-1\" preload=\"none\" style=\"width: 100%;\" controls=\"controls\"><source type=\"audio\/mpeg\" src=\"https:\/\/artigos.abelacosmetics.com\/wp-content\/uploads\/2023\/01\/curly-girl.mp3?_=1\" \/><a href=\"https:\/\/artigos.abelacosmetics.com\/wp-content\/uploads\/2023\/01\/curly-girl.mp3\">https:\/\/artigos.abelacosmetics.com\/wp-content\/uploads\/2023\/01\/curly-girl.mp3<\/a><\/audio>\n<p>&nbsp;<\/p>\n<p><span style=\"font-weight: 400;\">Al\u00e9m disso, existe um m\u00e9todo chamado Curly Girl usado por mulheres que optaram por manter o cabelo natural. Neste guia, vamos falar mais sobre essa t\u00e9cnica e em quais tipos de cabelos pode ser usada.<\/span><\/p>\n<p><span style=\"font-weight: 400;\">E embora a procura por m\u00e9todos que possam ser aplicados em cabelos naturais para mant\u00ea-los saud\u00e1veis \u00e9 grande, saber realmente como cuidar dos fios pode ser a solu\u00e7\u00e3o para voc\u00ea. Em seguida, saiba mais sobre esse assunto e como adequar o m\u00e9todo para seu cabelo.<\/span><\/p>\n<h2><span style=\"font-weight: 400;\">O que \u00e9 ter um cabelo natural?<\/span><\/h2>\n<p><img loading=\"lazy\" decoding=\"async\" class=\"alignnone wp-image-2356\" src=\"https:\/\/artigos.abelacosmetics.com\/wp-content\/uploads\/2023\/01\/1-1-300x152.png\" alt=\"\" width=\"732\" height=\"371\" srcset=\"https:\/\/artigos.abelacosmetics.com\/wp-content\/uploads\/2023\/01\/1-1-300x152.png 300w, https:\/\/artigos.abelacosmetics.com\/wp-content\/uploads\/2023\/01\/1-1-768x389.png 768w, https:\/\/artigos.abelacosmetics.com\/wp-content\/uploads\/2023\/01\/1-1-18x9.png 18w, https:\/\/artigos.abelacosmetics.com\/wp-content\/uploads\/2023\/01\/1-1.png 850w\" sizes=\"auto, (max-width: 732px) 100vw, 732px\" \/><\/p>\n<p><span style=\"font-weight: 400;\">Se voc\u00ea cansou de realizar qu\u00edmicas em seu cabelo e deseja mant\u00ea-lo natural, saiba que esse movimento ganha cada vez mais for\u00e7a entre as mulheres. Afinal, o cabelo natural faz parte da nossa identidade pessoal.<\/span><\/p>\n<p><span style=\"font-weight: 400;\">Claro que se voc\u00ea deseja ter os fios lisos, n\u00e3o existe nenhum problema nisso, mas se procura uma maneira de deixar seus cabelos naturais, precisa conhecer alguns pontos importantes.<\/span><\/p>\n<p><span style=\"font-weight: 400;\">Mas afinal, o que \u00e9 ter um cabelo natural? Simples, \u00e9 quando o usamos exatamente da forma como ele \u00e9, ou seja, sem qu\u00edmicas ou processo que o modela para serem do jeito que a sociedade quer.<\/span><\/p>\n<p><span style=\"font-weight: 400;\">\u00c0s vezes, mesmo os cabelos ondulados ou cacheados, para alcan\u00e7ar cachos perfeitos, precisam de diversos produtos que a longo prazo, podem prejudicar os fios. Um cabelo natural tamb\u00e9m \u00e9 um cabelo saud\u00e1vel, ali\u00e1s, quando deixamos de usar qu\u00edmicas nele, logo percebemos a mudan\u00e7a nos fios.<\/span><\/p>\n<p>(Leia mais sobre os cuidados com os cabelos naturais <a href=\"https:\/\/artigos.abelacosmetics.com\/en\/cabelos-cacheados-cuidados\/\" target=\"_blank\" rel=\"noopener\">nesse artigo<\/a>).<\/p>\n<h2><span style=\"font-weight: 400;\">Quais s\u00e3o as caracter\u00edsticas de um cabelo natural saud\u00e1vel?<\/span><\/h2>\n<p><img loading=\"lazy\" decoding=\"async\" class=\"alignnone wp-image-2360\" src=\"https:\/\/artigos.abelacosmetics.com\/wp-content\/uploads\/2023\/01\/5-1-300x152.png\" alt=\"\" width=\"774\" height=\"392\" srcset=\"https:\/\/artigos.abelacosmetics.com\/wp-content\/uploads\/2023\/01\/5-1-300x152.png 300w, https:\/\/artigos.abelacosmetics.com\/wp-content\/uploads\/2023\/01\/5-1-768x389.png 768w, https:\/\/artigos.abelacosmetics.com\/wp-content\/uploads\/2023\/01\/5-1-18x9.png 18w, https:\/\/artigos.abelacosmetics.com\/wp-content\/uploads\/2023\/01\/5-1.png 850w\" sizes=\"auto, (max-width: 774px) 100vw, 774px\" \/><\/p>\n<p><span style=\"font-weight: 400;\">Para saber o que \u00e9 um cabelo natural saud\u00e1vel, \u00e9 preciso conhecer algumas caracter\u00edsticas que ele tem. Esse s\u00e3o alguns dos pontos importantes para se atentar, confira:<\/span><\/p>\n<ul>\n<li style=\"font-weight: 400;\" aria-level=\"1\"><span style=\"font-weight: 400;\">Um cabelo saud\u00e1vel \u00e9 macio<\/span><\/li>\n<\/ul>\n<p><span style=\"font-weight: 400;\">Indiferente se seu cabelo \u00e9 crespo, liso, ondulado ou cacheado, um cabelo com as cut\u00edculas bem-cuidadas possui um toque de maciez. E isso \u00e9 poss\u00edvel quando n\u00e3o usamos produtos a base de petr\u00f3leo neles.<\/span><\/p>\n<ul>\n<li style=\"font-weight: 400;\" aria-level=\"1\"><span style=\"font-weight: 400;\">Um cabelo saud\u00e1vel tem brilho<\/span><\/li>\n<\/ul>\n<p><span style=\"font-weight: 400;\">Quando os fios dos nossos cabelos est\u00e3o hidratados automaticamente possuem um brilho natural, pois a oleosidade consegue alcan\u00e7ar os fios sem deixar que fiquem pesados.<\/span><\/p>\n<ul>\n<li style=\"font-weight: 400;\" aria-level=\"1\"><span style=\"font-weight: 400;\">As pontas dos cabelos precisam de aten\u00e7\u00e3o<\/span><\/li>\n<\/ul>\n<p><span style=\"font-weight: 400;\">As pontas dos cabelos s\u00e3o as que mais apresentam problemas quando os fios n\u00e3o est\u00e3o naturais. A vil\u00e3 s\u00e3o as qu\u00edmicas, por\u00e9m, elas tamb\u00e9m podem ser saud\u00e1veis com os cuidados certos.<\/span><\/p>\n<ul>\n<li style=\"font-weight: 400;\" aria-level=\"1\"><span style=\"font-weight: 400;\">Um cabelo saud\u00e1vel n\u00e3o quebra com facilidade<\/span><\/li>\n<\/ul>\n<p><span style=\"font-weight: 400;\">Quando seu cabelo estiver molhado verifique a elasticidade dele, quando eles se quebram com facilidade, precisam de aten\u00e7\u00e3o redobrada.<\/span><\/p>\n<ul>\n<li style=\"font-weight: 400;\" aria-level=\"1\"><span style=\"font-weight: 400;\">O couro cabeludo tamb\u00e9m requer cuidados<\/span><\/li>\n<\/ul>\n<p><span style=\"font-weight: 400;\">Se voc\u00ea notar que est\u00e1 com queda de cabelo demasiada, fique aten\u00e7\u00e3o, pois nesse caso, o couro cabeludo precisa de cuidados. Ali\u00e1s, quando ele est\u00e1 saud\u00e1vel n\u00e3o apresenta caspa, ou seja, as descama\u00e7\u00f5es.<\/span><\/p>\n<p><span style=\"font-weight: 400;\">Esses s\u00e3o alguns pontos que voc\u00ea precisa ter aten\u00e7\u00e3o para saber se seu cabelo est\u00e1 saud\u00e1vel. Em seguida, voc\u00ea vai conhecer o m\u00e9todo Curly Girl e como adequar sua rotina a ele.<\/span><\/p>\n<h2><span style=\"font-weight: 400;\">E como posso cuidar do meu cabelo para ele ser natural?<\/span><\/h2>\n<p><img loading=\"lazy\" decoding=\"async\" class=\"alignnone wp-image-2361\" src=\"https:\/\/artigos.abelacosmetics.com\/wp-content\/uploads\/2023\/01\/6-1-300x152.png\" alt=\"\" width=\"744\" height=\"377\" srcset=\"https:\/\/artigos.abelacosmetics.com\/wp-content\/uploads\/2023\/01\/6-1-300x152.png 300w, https:\/\/artigos.abelacosmetics.com\/wp-content\/uploads\/2023\/01\/6-1-768x389.png 768w, https:\/\/artigos.abelacosmetics.com\/wp-content\/uploads\/2023\/01\/6-1-18x9.png 18w, https:\/\/artigos.abelacosmetics.com\/wp-content\/uploads\/2023\/01\/6-1.png 850w\" sizes=\"auto, (max-width: 744px) 100vw, 744px\" \/><\/p>\n<p><span style=\"font-weight: 400;\">Primeiramente, para voltar ao cabelo natural \u00e9 preciso passar pelo processo de transi\u00e7\u00e3o capilar. Sei que esse tempo requer paci\u00eancia, mas \u00e9 necess\u00e1rio para que ele volte a ser saud\u00e1vel novamente.<\/span><\/p>\n<p><span style=\"font-weight: 400;\">A transi\u00e7\u00e3o capilar \u00e9 quando deixamos de usar qu\u00edmicas de alisamento, relaxamento, clareamentos, tinturas que tanto prejudicam os fios, indiferente do seu tipo de cabelo.<\/span><\/p>\n<p><span style=\"font-weight: 400;\">Voc\u00ea j\u00e1 ouviu falar sobre o m\u00e9todo Curly Girl? Voc\u00ea sabe o que \u00e9 low poo? Veja em seguida!<\/span><\/p>\n<h3><span style=\"font-weight: 400;\">O que \u00e9 o m\u00e9todo Curly Girl?<\/span><\/h3>\n<p><span style=\"font-weight: 400;\">O m\u00e9todo Curly Girl \u00e9 um tratamento que n\u00e3o usa produtos nocivos t\u00e3o comuns na maioria dos shampoos. Esses produtos tamb\u00e9m est\u00e3o presentes nas qu\u00edmicas de alisamentos. Al\u00e9m disso, o m\u00e9todo Curly Girl n\u00e3o usa secadores ou chapinhas.<\/span><\/p>\n<h4><span style=\"font-weight: 400;\">Veja, sem seguida, uma lista do que n\u00e3o usar no m\u00e9todo Curly Girl:<\/span><\/h4>\n<ul>\n<li style=\"font-weight: 400;\" aria-level=\"1\"><span style=\"font-weight: 400;\">Shampoo a base de sulfatos;<\/span><\/li>\n<li style=\"font-weight: 400;\" aria-level=\"1\"><span style=\"font-weight: 400;\">Secador, chapinha ou baby liss;<\/span><\/li>\n<li style=\"font-weight: 400;\" aria-level=\"1\"><span style=\"font-weight: 400;\">Pentes e escovas comuns, ou seja, de cerdas finas;<\/span><\/li>\n<li style=\"font-weight: 400;\" aria-level=\"1\"><span style=\"font-weight: 400;\">Silicones n\u00e3o sol\u00faveis;<\/span><\/li>\n<li style=\"font-weight: 400;\" aria-level=\"1\"><span style=\"font-weight: 400;\">Derivados do petr\u00f3leo, como, os sulfatos;<\/span><\/li>\n<li style=\"font-weight: 400;\" aria-level=\"1\"><span style=\"font-weight: 400;\">Produtos que contenham \u00e1lcool.<\/span><\/li>\n<\/ul>\n<p><span style=\"font-weight: 400;\">Segundo o m\u00e9todo Curly Girl, estes produtos danificam o cabelo. Ent\u00e3o, quando estiver passando pela transi\u00e7\u00e3o capilar, para ter cabelos naturais e saud\u00e1veis, elimine-os da sua prateleira.\u00a0<\/span><\/p>\n<h2><span style=\"font-weight: 400;\">Mas como vou lavar os cabelos?<\/span><\/h2>\n<p><span style=\"font-weight: 400;\">Essa \u00e9 a d\u00favida mais comum no m\u00e9todo Curly Girl, por\u00e9m, voc\u00ea sabe o que \u00e9 low poo? Essa \u00e9 uma t\u00e9cnica que usa produtos naturais sem o uso dos sulfatos e derivados do petr\u00f3leo.\u00a0<\/span><\/p>\n<p><span style=\"font-weight: 400;\">Ao usar shampoos e condicionadores low poo em sua rotina durante a transi\u00e7\u00e3o capilar, voc\u00ea j\u00e1 est\u00e1 preparando os fios para serem saud\u00e1veis e naturais. Atualmente, existem diversos tratamentos com produtos low poo para todo tipo de cabelo.\u00a0 Saiba mais sobre co-wash <a href=\"https:\/\/artigos.abelacosmetics.com\/en\/co-wash\/\" target=\"_blank\" rel=\"noopener\">nesse artigo<\/a>.<\/span><\/p>\n<p><span style=\"font-weight: 400;\">Viu s\u00f3 como \u00e9 poss\u00edvel ter cabelos naturais e saud\u00e1veis e fugir dos produtos que estragam os fios? Com o tempo, voc\u00ea vai notar que seus cabelos ganham brilho, maciez e naturalidade.<\/span><\/p>\n<p>Conhe\u00e7a os produtos da Abela Cosmetics, e trate seus cachos com o carinho que eles merecem.<\/p>\n<p>&nbsp;<\/p>\n<p><img loading=\"lazy\" decoding=\"async\" class=\"wp-image-2362 aligncenter\" src=\"https:\/\/artigos.abelacosmetics.com\/wp-content\/uploads\/2023\/01\/7-1-300x152.png\" alt=\"\" width=\"844\" height=\"428\" srcset=\"https:\/\/artigos.abelacosmetics.com\/wp-content\/uploads\/2023\/01\/7-1-300x152.png 300w, https:\/\/artigos.abelacosmetics.com\/wp-content\/uploads\/2023\/01\/7-1-768x389.png 768w, https:\/\/artigos.abelacosmetics.com\/wp-content\/uploads\/2023\/01\/7-1-18x9.png 18w, https:\/\/artigos.abelacosmetics.com\/wp-content\/uploads\/2023\/01\/7-1.png 850w\" sizes=\"auto, (max-width: 844px) 100vw, 844px\" \/><\/p>","protected":false},"excerpt":{"rendered":"<p>Que bom que o cabelo natural voltou com tudo, n\u00e3o \u00e9 mesmo? Atualmente, a maioria das mulheres s\u00e3o adeptas a usar ele naturalmente. Por\u00e9m, \u00e9 preciso conhecer alguns pontos importantes para mant\u00ea-los bonitos e saud\u00e1veis. &nbsp; &nbsp; Al\u00e9m disso, existe um m\u00e9todo chamado Curly Girl usado por mulheres que optaram por manter o cabelo natural. [&hellip;]<\/p>","protected":false},"author":139,"featured_media":2357,"comment_status":"open","ping_status":"open","sticky":false,"template":"","format":"standard","meta":{"_acf_changed":false,"_mo_disable_npp":"","inline_featured_image":false,"footnotes":""},"categories":[30,1],"tags":[],"class_list":["post-2354","post","type-post","status-publish","format-standard","has-post-thumbnail","hentry","category-conheca-seus-cabelos","category-novidades"],"acf":[],"yoast_head":"<!-- This site is optimized with the Yoast SEO Premium plugin v19.2.1 (Yoast SEO v26.9) - https:\/\/yoast.com\/product\/yoast-seo-premium-wordpress\/ -->\n<title>Pontos importantes sobre o cabelo natural: conhe\u00e7a detalhes do m\u00e9todo Curly Girl - Abela Cosmetics<\/title>\n<meta name=\"description\" content=\"O cabelo natural est\u00e1 em alta e veio para ficar, mas \u00e9 importante saber alguns pontos sobre ele, conhe\u00e7a aqui o m\u00e9todo Curly Girl\" \/>\n<meta name=\"robots\" content=\"index, follow, max-snippet:-1, max-image-preview:large, max-video-preview:-1\" \/>\n<link rel=\"canonical\" href=\"https:\/\/artigos.abelacosmetics.com\/en\/cabelo-natural\/\" \/>\n<meta property=\"og:locale\" content=\"en_US\" \/>\n<meta property=\"og:type\" content=\"article\" \/>\n<meta property=\"og:title\" content=\"Pontos importantes sobre o cabelo natural: conhe\u00e7a detalhes do m\u00e9todo Curly Girl\" \/>\n<meta property=\"og:description\" content=\"O cabelo natural est\u00e1 em alta e veio para ficar, mas \u00e9 importante saber alguns pontos sobre ele, conhe\u00e7a aqui o m\u00e9todo Curly Girl\" \/>\n<meta property=\"og:url\" content=\"https:\/\/artigos.abelacosmetics.com\/en\/cabelo-natural\/\" \/>\n<meta property=\"og:site_name\" content=\"Abela Cosmetics\" \/>\n<meta property=\"article:publisher\" content=\"https:\/\/www.facebook.com\/abelacosmetics\" \/>\n<meta property=\"article:published_time\" content=\"2023-01-26T21:41:47+00:00\" \/>\n<meta property=\"article:modified_time\" content=\"2023-01-26T21:42:11+00:00\" \/>\n<meta property=\"og:image\" content=\"https:\/\/artigos.abelacosmetics.com\/wp-content\/uploads\/2023\/01\/2-1.png\" \/>\n\t<meta property=\"og:image:width\" content=\"850\" \/>\n\t<meta property=\"og:image:height\" content=\"430\" \/>\n\t<meta property=\"og:image:type\" content=\"image\/png\" \/>\n<meta name=\"author\" content=\"Abela Cosmetics\" \/>\n<meta name=\"twitter:card\" content=\"summary_large_image\" \/>\n<meta name=\"twitter:label1\" content=\"Written by\" \/>\n\t<meta name=\"twitter:data1\" content=\"Abela Cosmetics\" \/>\n\t<meta name=\"twitter:label2\" content=\"Est. reading time\" \/>\n\t<meta name=\"twitter:data2\" content=\"6 minutes\" \/>\n<script type=\"application\/ld+json\" class=\"yoast-schema-graph\">{\"@context\":\"https:\/\/schema.org\",\"@graph\":[{\"@type\":\"Article\",\"@id\":\"https:\/\/artigos.abelacosmetics.com\/cabelo-natural\/#article\",\"isPartOf\":{\"@id\":\"https:\/\/artigos.abelacosmetics.com\/cabelo-natural\/\"},\"author\":{\"name\":\"Abela Cosmetics\",\"@id\":\"https:\/\/artigos.abelacosmetics.com\/#\/schema\/person\/edfb62cbd90939d461c4a8c40789d71d\"},\"headline\":\"Pontos importantes sobre o cabelo natural: conhe\u00e7a detalhes do m\u00e9todo Curly Girl\",\"datePublished\":\"2023-01-26T21:41:47+00:00\",\"dateModified\":\"2023-01-26T21:42:11+00:00\",\"mainEntityOfPage\":{\"@id\":\"https:\/\/artigos.abelacosmetics.com\/cabelo-natural\/\"},\"wordCount\":956,\"commentCount\":0,\"publisher\":{\"@id\":\"https:\/\/artigos.abelacosmetics.com\/#organization\"},\"image\":{\"@id\":\"https:\/\/artigos.abelacosmetics.com\/cabelo-natural\/#primaryimage\"},\"thumbnailUrl\":\"https:\/\/artigos.abelacosmetics.com\/wp-content\/uploads\/2023\/01\/2-1.png\",\"articleSection\":[\"Conhe\u00e7a seus cabelos\",\"Novidades\"],\"inLanguage\":\"en-US\",\"potentialAction\":[{\"@type\":\"CommentAction\",\"name\":\"Comment\",\"target\":[\"https:\/\/artigos.abelacosmetics.com\/cabelo-natural\/#respond\"]}]},{\"@type\":\"WebPage\",\"@id\":\"https:\/\/artigos.abelacosmetics.com\/cabelo-natural\/\",\"url\":\"https:\/\/artigos.abelacosmetics.com\/cabelo-natural\/\",\"name\":\"Pontos importantes sobre o cabelo natural: conhe\u00e7a detalhes do m\u00e9todo Curly Girl - Abela Cosmetics\",\"isPartOf\":{\"@id\":\"https:\/\/artigos.abelacosmetics.com\/#website\"},\"primaryImageOfPage\":{\"@id\":\"https:\/\/artigos.abelacosmetics.com\/cabelo-natural\/#primaryimage\"},\"image\":{\"@id\":\"https:\/\/artigos.abelacosmetics.com\/cabelo-natural\/#primaryimage\"},\"thumbnailUrl\":\"https:\/\/artigos.abelacosmetics.com\/wp-content\/uploads\/2023\/01\/2-1.png\",\"datePublished\":\"2023-01-26T21:41:47+00:00\",\"dateModified\":\"2023-01-26T21:42:11+00:00\",\"description\":\"O cabelo natural est\u00e1 em alta e veio para ficar, mas \u00e9 importante saber alguns pontos sobre ele, conhe\u00e7a aqui o m\u00e9todo Curly Girl\",\"breadcrumb\":{\"@id\":\"https:\/\/artigos.abelacosmetics.com\/cabelo-natural\/#breadcrumb\"},\"inLanguage\":\"en-US\",\"potentialAction\":[{\"@type\":\"ReadAction\",\"target\":[\"https:\/\/artigos.abelacosmetics.com\/cabelo-natural\/\"]}]},{\"@type\":\"ImageObject\",\"inLanguage\":\"en-US\",\"@id\":\"https:\/\/artigos.abelacosmetics.com\/cabelo-natural\/#primaryimage\",\"url\":\"https:\/\/artigos.abelacosmetics.com\/wp-content\/uploads\/2023\/01\/2-1.png\",\"contentUrl\":\"https:\/\/artigos.abelacosmetics.com\/wp-content\/uploads\/2023\/01\/2-1.png\",\"width\":850,\"height\":430},{\"@type\":\"BreadcrumbList\",\"@id\":\"https:\/\/artigos.abelacosmetics.com\/cabelo-natural\/#breadcrumb\",\"itemListElement\":[{\"@type\":\"ListItem\",\"position\":1,\"name\":\"In\u00edcio\",\"item\":\"https:\/\/artigos.abelacosmetics.com\/\"},{\"@type\":\"ListItem\",\"position\":2,\"name\":\"Pontos importantes sobre o cabelo natural: conhe\u00e7a detalhes do m\u00e9todo Curly Girl\"}]},{\"@type\":\"WebSite\",\"@id\":\"https:\/\/artigos.abelacosmetics.com\/#website\",\"url\":\"https:\/\/artigos.abelacosmetics.com\/\",\"name\":\"Abela Cosmetics\",\"description\":\"Cuidados para Cabelos \u00danicos\",\"publisher\":{\"@id\":\"https:\/\/artigos.abelacosmetics.com\/#organization\"},\"potentialAction\":[{\"@type\":\"SearchAction\",\"target\":{\"@type\":\"EntryPoint\",\"urlTemplate\":\"https:\/\/artigos.abelacosmetics.com\/?s={search_term_string}\"},\"query-input\":{\"@type\":\"PropertyValueSpecification\",\"valueRequired\":true,\"valueName\":\"search_term_string\"}}],\"inLanguage\":\"en-US\"},{\"@type\":\"Organization\",\"@id\":\"https:\/\/artigos.abelacosmetics.com\/#organization\",\"name\":\"Abela Cosmetics\",\"url\":\"https:\/\/artigos.abelacosmetics.com\/\",\"logo\":{\"@type\":\"ImageObject\",\"inLanguage\":\"en-US\",\"@id\":\"https:\/\/artigos.abelacosmetics.com\/#\/schema\/logo\/image\/\",\"url\":\"https:\/\/artigos.abelacosmetics.com\/wp-content\/uploads\/2023\/02\/logo-abela.png\",\"contentUrl\":\"https:\/\/artigos.abelacosmetics.com\/wp-content\/uploads\/2023\/02\/logo-abela.png\",\"width\":183,\"height\":90,\"caption\":\"Abela Cosmetics\"},\"image\":{\"@id\":\"https:\/\/artigos.abelacosmetics.com\/#\/schema\/logo\/image\/\"},\"sameAs\":[\"https:\/\/www.facebook.com\/abelacosmetics\"]},{\"@type\":\"Person\",\"@id\":\"https:\/\/artigos.abelacosmetics.com\/#\/schema\/person\/edfb62cbd90939d461c4a8c40789d71d\",\"name\":\"Abela Cosmetics\",\"image\":{\"@type\":\"ImageObject\",\"inLanguage\":\"en-US\",\"@id\":\"https:\/\/artigos.abelacosmetics.com\/#\/schema\/person\/image\/\",\"url\":\"https:\/\/secure.gravatar.com\/avatar\/95fb62d66c385283904611b47c12cc78279a169f8114f0affe7fb64dbf902d60?s=96&d=mm&r=g\",\"contentUrl\":\"https:\/\/secure.gravatar.com\/avatar\/95fb62d66c385283904611b47c12cc78279a169f8114f0affe7fb64dbf902d60?s=96&d=mm&r=g\",\"caption\":\"Abela Cosmetics\"},\"url\":\"https:\/\/artigos.abelacosmetics.com\/en\/author\/design2023\/\"}]}<\/script>\n<!-- \/ Yoast SEO Premium plugin. -->","yoast_head_json":{"title":"Pontos importantes sobre o cabelo natural: conhe\u00e7a detalhes do m\u00e9todo Curly Girl - Abela Cosmetics","description":"O cabelo natural est\u00e1 em alta e veio para ficar, mas \u00e9 importante saber alguns pontos sobre ele, conhe\u00e7a aqui o m\u00e9todo Curly Girl","robots":{"index":"index","follow":"follow","max-snippet":"max-snippet:-1","max-image-preview":"max-image-preview:large","max-video-preview":"max-video-preview:-1"},"canonical":"https:\/\/artigos.abelacosmetics.com\/en\/cabelo-natural\/","og_locale":"en_US","og_type":"article","og_title":"Pontos importantes sobre o cabelo natural: conhe\u00e7a detalhes do m\u00e9todo Curly Girl","og_description":"O cabelo natural est\u00e1 em alta e veio para ficar, mas \u00e9 importante saber alguns pontos sobre ele, conhe\u00e7a aqui o m\u00e9todo Curly Girl","og_url":"https:\/\/artigos.abelacosmetics.com\/en\/cabelo-natural\/","og_site_name":"Abela Cosmetics","article_publisher":"https:\/\/www.facebook.com\/abelacosmetics","article_published_time":"2023-01-26T21:41:47+00:00","article_modified_time":"2023-01-26T21:42:11+00:00","og_image":[{"width":850,"height":430,"url":"https:\/\/artigos.abelacosmetics.com\/wp-content\/uploads\/2023\/01\/2-1.png","type":"image\/png"}],"author":"Abela Cosmetics","twitter_card":"summary_large_image","twitter_misc":{"Written by":"Abela Cosmetics","Est. reading time":"6 minutes"},"schema":{"@context":"https:\/\/schema.org","@graph":[{"@type":"Article","@id":"https:\/\/artigos.abelacosmetics.com\/cabelo-natural\/#article","isPartOf":{"@id":"https:\/\/artigos.abelacosmetics.com\/cabelo-natural\/"},"author":{"name":"Abela Cosmetics","@id":"https:\/\/artigos.abelacosmetics.com\/#\/schema\/person\/edfb62cbd90939d461c4a8c40789d71d"},"headline":"Pontos importantes sobre o cabelo natural: conhe\u00e7a detalhes do m\u00e9todo Curly Girl","datePublished":"2023-01-26T21:41:47+00:00","dateModified":"2023-01-26T21:42:11+00:00","mainEntityOfPage":{"@id":"https:\/\/artigos.abelacosmetics.com\/cabelo-natural\/"},"wordCount":956,"commentCount":0,"publisher":{"@id":"https:\/\/artigos.abelacosmetics.com\/#organization"},"image":{"@id":"https:\/\/artigos.abelacosmetics.com\/cabelo-natural\/#primaryimage"},"thumbnailUrl":"https:\/\/artigos.abelacosmetics.com\/wp-content\/uploads\/2023\/01\/2-1.png","articleSection":["Conhe\u00e7a seus cabelos","Novidades"],"inLanguage":"en-US","potentialAction":[{"@type":"CommentAction","name":"Comment","target":["https:\/\/artigos.abelacosmetics.com\/cabelo-natural\/#respond"]}]},{"@type":"WebPage","@id":"https:\/\/artigos.abelacosmetics.com\/cabelo-natural\/","url":"https:\/\/artigos.abelacosmetics.com\/cabelo-natural\/","name":"Pontos importantes sobre o cabelo natural: conhe\u00e7a detalhes do m\u00e9todo Curly Girl - Abela Cosmetics","isPartOf":{"@id":"https:\/\/artigos.abelacosmetics.com\/#website"},"primaryImageOfPage":{"@id":"https:\/\/artigos.abelacosmetics.com\/cabelo-natural\/#primaryimage"},"image":{"@id":"https:\/\/artigos.abelacosmetics.com\/cabelo-natural\/#primaryimage"},"thumbnailUrl":"https:\/\/artigos.abelacosmetics.com\/wp-content\/uploads\/2023\/01\/2-1.png","datePublished":"2023-01-26T21:41:47+00:00","dateModified":"2023-01-26T21:42:11+00:00","description":"O cabelo natural est\u00e1 em alta e veio para ficar, mas \u00e9 importante saber alguns pontos sobre ele, conhe\u00e7a aqui o m\u00e9todo Curly Girl","breadcrumb":{"@id":"https:\/\/artigos.abelacosmetics.com\/cabelo-natural\/#breadcrumb"},"inLanguage":"en-US","potentialAction":[{"@type":"ReadAction","target":["https:\/\/artigos.abelacosmetics.com\/cabelo-natural\/"]}]},{"@type":"ImageObject","inLanguage":"en-US","@id":"https:\/\/artigos.abelacosmetics.com\/cabelo-natural\/#primaryimage","url":"https:\/\/artigos.abelacosmetics.com\/wp-content\/uploads\/2023\/01\/2-1.png","contentUrl":"https:\/\/artigos.abelacosmetics.com\/wp-content\/uploads\/2023\/01\/2-1.png","width":850,"height":430},{"@type":"BreadcrumbList","@id":"https:\/\/artigos.abelacosmetics.com\/cabelo-natural\/#breadcrumb","itemListElement":[{"@type":"ListItem","position":1,"name":"In\u00edcio","item":"https:\/\/artigos.abelacosmetics.com\/"},{"@type":"ListItem","position":2,"name":"Pontos importantes sobre o cabelo natural: conhe\u00e7a detalhes do m\u00e9todo Curly Girl"}]},{"@type":"WebSite","@id":"https:\/\/artigos.abelacosmetics.com\/#website","url":"https:\/\/artigos.abelacosmetics.com\/","name":"Abela Cosmetics","description":"Cuidados para Cabelos \u00danicos","publisher":{"@id":"https:\/\/artigos.abelacosmetics.com\/#organization"},"potentialAction":[{"@type":"SearchAction","target":{"@type":"EntryPoint","urlTemplate":"https:\/\/artigos.abelacosmetics.com\/?s={search_term_string}"},"query-input":{"@type":"PropertyValueSpecification","valueRequired":true,"valueName":"search_term_string"}}],"inLanguage":"en-US"},{"@type":"Organization","@id":"https:\/\/artigos.abelacosmetics.com\/#organization","name":"Abela Cosmetics","url":"https:\/\/artigos.abelacosmetics.com\/","logo":{"@type":"ImageObject","inLanguage":"en-US","@id":"https:\/\/artigos.abelacosmetics.com\/#\/schema\/logo\/image\/","url":"https:\/\/artigos.abelacosmetics.com\/wp-content\/uploads\/2023\/02\/logo-abela.png","contentUrl":"https:\/\/artigos.abelacosmetics.com\/wp-content\/uploads\/2023\/02\/logo-abela.png","width":183,"height":90,"caption":"Abela Cosmetics"},"image":{"@id":"https:\/\/artigos.abelacosmetics.com\/#\/schema\/logo\/image\/"},"sameAs":["https:\/\/www.facebook.com\/abelacosmetics"]},{"@type":"Person","@id":"https:\/\/artigos.abelacosmetics.com\/#\/schema\/person\/edfb62cbd90939d461c4a8c40789d71d","name":"Abela Cosmetics","image":{"@type":"ImageObject","inLanguage":"en-US","@id":"https:\/\/artigos.abelacosmetics.com\/#\/schema\/person\/image\/","url":"https:\/\/secure.gravatar.com\/avatar\/95fb62d66c385283904611b47c12cc78279a169f8114f0affe7fb64dbf902d60?s=96&d=mm&r=g","contentUrl":"https:\/\/secure.gravatar.com\/avatar\/95fb62d66c385283904611b47c12cc78279a169f8114f0affe7fb64dbf902d60?s=96&d=mm&r=g","caption":"Abela Cosmetics"},"url":"https:\/\/artigos.abelacosmetics.com\/en\/author\/design2023\/"}]}},"_links":{"self":[{"href":"https:\/\/artigos.abelacosmetics.com\/en\/wp-json\/wp\/v2\/posts\/2354","targetHints":{"allow":["GET"]}}],"collection":[{"href":"https:\/\/artigos.abelacosmetics.com\/en\/wp-json\/wp\/v2\/posts"}],"about":[{"href":"https:\/\/artigos.abelacosmetics.com\/en\/wp-json\/wp\/v2\/types\/post"}],"author":[{"embeddable":true,"href":"https:\/\/artigos.abelacosmetics.com\/en\/wp-json\/wp\/v2\/users\/139"}],"replies":[{"embeddable":true,"href":"https:\/\/artigos.abelacosmetics.com\/en\/wp-json\/wp\/v2\/comments?post=2354"}],"version-history":[{"count":5,"href":"https:\/\/artigos.abelacosmetics.com\/en\/wp-json\/wp\/v2\/posts\/2354\/revisions"}],"predecessor-version":[{"id":2368,"href":"https:\/\/artigos.abelacosmetics.com\/en\/wp-json\/wp\/v2\/posts\/2354\/revisions\/2368"}],"wp:featuredmedia":[{"embeddable":true,"href":"https:\/\/artigos.abelacosmetics.com\/en\/wp-json\/wp\/v2\/media\/2357"}],"wp:attachment":[{"href":"https:\/\/artigos.abelacosmetics.com\/en\/wp-json\/wp\/v2\/media?parent=2354"}],"wp:term":[{"taxonomy":"category","embeddable":true,"href":"https:\/\/artigos.abelacosmetics.com\/en\/wp-json\/wp\/v2\/categories?post=2354"},{"taxonomy":"post_tag","embeddable":true,"href":"https:\/\/artigos.abelacosmetics.com\/en\/wp-json\/wp\/v2\/tags?post=2354"}],"curies":[{"name":"wp","href":"https:\/\/api.w.org\/{rel}","templated":true}]}}