{"id":2275,"date":"2023-01-22T18:15:31","date_gmt":"2023-01-22T21:15:31","guid":{"rendered":"https:\/\/artigos.abelacosmetics.com\/?p=2275"},"modified":"2023-01-22T18:15:31","modified_gmt":"2023-01-22T21:15:31","slug":"cortes-pixies-para-cabelos-cacheados","status":"publish","type":"post","link":"https:\/\/artigos.abelacosmetics.com\/en\/cortes-pixies-para-cabelos-cacheados\/","title":{"rendered":"Cortes pixies para cabelos cacheados: conhe\u00e7a essa tend\u00eancia que nunca sai de moda"},"content":{"rendered":"<h1><\/h1>\n<p><span style=\"font-weight: 400;\">Os cortes pixies para cabelos cacheados est\u00e3o com tudo e s\u00e3o bem f\u00e1ceis de cuidar no dia a dia. Claro que tamb\u00e9m \u00e9 poss\u00edvel elaborar penteados que deixam seu visual arrojado e muito moderno.<\/span><\/p>\n<p>&nbsp;<\/p>\n<audio class=\"wp-audio-shortcode\" id=\"audio-2275-1\" preload=\"none\" style=\"width: 100%;\" controls=\"controls\"><source type=\"audio\/mpeg\" src=\"https:\/\/artigos.abelacosmetics.com\/wp-content\/uploads\/2023\/01\/pixies-1.mp3?_=1\" \/><a href=\"https:\/\/artigos.abelacosmetics.com\/wp-content\/uploads\/2023\/01\/pixies-1.mp3\">https:\/\/artigos.abelacosmetics.com\/wp-content\/uploads\/2023\/01\/pixies-1.mp3<\/a><\/audio>\n<p>&nbsp;<\/p>\n<p><span style=\"font-weight: 400;\">Inclusive, o corte <em>pixie cut<\/em> \u00e9 uma excelente alternativa para quem est\u00e1 passando pelo processo de transi\u00e7\u00e3o capilar. Ou melhor, quando voc\u00ea decidiu ser a hora de manter seus cabelos naturais.<\/span><\/p>\n<p><span style=\"font-weight: 400;\">Hoje voc\u00ea vai saber mais sobre os cortes pixies e quem sabe se empolgar com essa tend\u00eancia e estilo empoderador que veio para ficar e nunca sai de moda. Confira!<\/span><\/p>\n<h2 style=\"text-align: center;\"><span style=\"font-weight: 400;\">Mas afinal, o que s\u00e3o os cortes pixies femininos?<\/span><\/h2>\n<h2 style=\"text-align: center;\">\u00a0 \u00a0 \u00a0 \u00a0<img loading=\"lazy\" decoding=\"async\" class=\"alignnone size-medium wp-image-2281\" src=\"https:\/\/artigos.abelacosmetics.com\/wp-content\/uploads\/2023\/01\/famous-300x300.png\" alt=\"\" width=\"300\" height=\"300\" srcset=\"https:\/\/artigos.abelacosmetics.com\/wp-content\/uploads\/2023\/01\/famous-300x300.png 300w, https:\/\/artigos.abelacosmetics.com\/wp-content\/uploads\/2023\/01\/famous-150x150.png 150w, https:\/\/artigos.abelacosmetics.com\/wp-content\/uploads\/2023\/01\/famous-12x12.png 12w, https:\/\/artigos.abelacosmetics.com\/wp-content\/uploads\/2023\/01\/famous.png 550w\" sizes=\"auto, (max-width: 300px) 100vw, 300px\" \/> <img loading=\"lazy\" decoding=\"async\" class=\"alignnone size-medium wp-image-2291\" src=\"https:\/\/artigos.abelacosmetics.com\/wp-content\/uploads\/2023\/01\/pixie-famosa-263x300.jpg\" alt=\"\" width=\"263\" height=\"300\" srcset=\"https:\/\/artigos.abelacosmetics.com\/wp-content\/uploads\/2023\/01\/pixie-famosa-263x300.jpg 263w, https:\/\/artigos.abelacosmetics.com\/wp-content\/uploads\/2023\/01\/pixie-famosa-896x1024.jpg 896w, https:\/\/artigos.abelacosmetics.com\/wp-content\/uploads\/2023\/01\/pixie-famosa-768x878.jpg 768w, https:\/\/artigos.abelacosmetics.com\/wp-content\/uploads\/2023\/01\/pixie-famosa-1344x1536.jpg 1344w, https:\/\/artigos.abelacosmetics.com\/wp-content\/uploads\/2023\/01\/pixie-famosa-11x12.jpg 11w, https:\/\/artigos.abelacosmetics.com\/wp-content\/uploads\/2023\/01\/pixie-famosa.jpg 1500w\" sizes=\"auto, (max-width: 263px) 100vw, 263px\" \/><\/h2>\n<p><span style=\"font-weight: 400;\">Lembra do famoso corte Jo\u00e3ozinho? Esquece ele, afinal, cortes pixies femininos s\u00e3o cabelos bem curtinhos, mas com personalidade. Muitas mulheres que apostavam em cabelos curtos eram chamadas assim, pois algumas pessoas acreditavam que esse estilo era permitido apenas aos homens.<\/span><\/p>\n<p><span style=\"font-weight: 400;\">Por\u00e9m, gra\u00e7as ao feminismo que deixou claro que a mulher pode usar seu cabelo do jeito que desejar, atualmente, o corte pixie \u00e9 um dos mais pedidos nos sal\u00f5es de beleza. Sem contar que diversas mulheres j\u00e1 aderiram \u00e0 novidade por saber o quanto eles s\u00e3o pr\u00e1ticos.<\/span><\/p>\n<p><span style=\"font-weight: 400;\">As caracter\u00edsticas do corte pixie s\u00e3o que eles s\u00e3o bem curtinhos na nuca, por\u00e9m, as laterais e a parte da frente s\u00e3o mais longas. Alguns estilos do pixie mant\u00e9m a franja bem curtinha, mas indiferente de qual seja, todos s\u00e3o bem estilosos.<\/span><\/p>\n<p><span style=\"font-weight: 400;\">Tudo depender\u00e1 do que voc\u00ea combinar com o profissional de acordo com aquele que fica mais carism\u00e1tico com seu tipo de rosto. Mas ser\u00e1 que o corte pixie cut pode ser usado por todo tipo de cabelo? Veja em seguida!<\/span><\/p>\n<h2><span style=\"font-weight: 400;\">Tipos de corte pixie para cabelos femininos<\/span><\/h2>\n<p><span style=\"font-weight: 400;\">Cortes pixies para cabelos cacheados, ondulados, crespos e lisos, n\u00e3o importa qual seja o seu tipo de cabelo, sempre existe um estilo de pixie cut para voc\u00ea, confira!<\/span><\/p>\n<h3><span style=\"font-weight: 400;\">Cortes pixies para cabelos cacheados<\/span><\/h3>\n<p><img loading=\"lazy\" decoding=\"async\" class=\"alignnone  wp-image-2286\" src=\"https:\/\/artigos.abelacosmetics.com\/wp-content\/uploads\/2023\/01\/pixie-cachos-1.jpg\" alt=\"\" width=\"298\" height=\"398\" srcset=\"https:\/\/artigos.abelacosmetics.com\/wp-content\/uploads\/2023\/01\/pixie-cachos-1.jpg 194w, https:\/\/artigos.abelacosmetics.com\/wp-content\/uploads\/2023\/01\/pixie-cachos-1-9x12.jpg 9w\" sizes=\"auto, (max-width: 298px) 100vw, 298px\" \/><\/p>\n<p><span style=\"font-weight: 400;\">Ser\u00e1 que quem tem cabelo cacheado pode usar o corte pixie? Claro que pode, afinal, ele d\u00e1 um ar muito mais estiloso e natural para os cachos. Se voc\u00ea deseja usar ele assim porque procura por uma op\u00e7\u00e3o vers\u00e1til, deixe ele bem batidinho dos lados e maior na parte de cima.<\/span><\/p>\n<p><span style=\"font-weight: 400;\">Agora, se voc\u00ea deseja um pixie um pouquinho maior, d\u00ea uma leve repicada em todos os cachos, mas mantenha os cabelos na altura do pesco\u00e7o. Nesse caso, vale a pena usar um gel espec\u00edfico para seu tipo de cabelo.<\/span><\/p>\n<h3><span style=\"font-weight: 400;\">Corte pixie para cabelo ondulado<\/span><\/h3>\n<p><img loading=\"lazy\" decoding=\"async\" class=\"alignnone  wp-image-2288\" src=\"https:\/\/artigos.abelacosmetics.com\/wp-content\/uploads\/2023\/01\/pixie-cachos-200x300.jpg\" alt=\"\" width=\"260\" height=\"390\" srcset=\"https:\/\/artigos.abelacosmetics.com\/wp-content\/uploads\/2023\/01\/pixie-cachos-200x300.jpg 200w, https:\/\/artigos.abelacosmetics.com\/wp-content\/uploads\/2023\/01\/pixie-cachos-683x1024.jpg 683w, https:\/\/artigos.abelacosmetics.com\/wp-content\/uploads\/2023\/01\/pixie-cachos-768x1152.jpg 768w, https:\/\/artigos.abelacosmetics.com\/wp-content\/uploads\/2023\/01\/pixie-cachos-8x12.jpg 8w, https:\/\/artigos.abelacosmetics.com\/wp-content\/uploads\/2023\/01\/pixie-cachos.jpg 1000w\" sizes=\"auto, (max-width: 260px) 100vw, 260px\" \/><\/p>\n<p><span style=\"font-weight: 400;\">O cabelo ondulado \u00e9 aquele que faz ondas pequenas, m\u00e9dias ou grandes. Indiferente de qual seja o seu, o corte pixie tamb\u00e9m pode ser a aposta ideal, principalmente se voc\u00ea se cansou das qu\u00edmicas para deixar os fios lisos.<\/span><\/p>\n<p><span style=\"font-weight: 400;\">Nesse tipo de cabelo, invista no corte pixie com as laterais curtas, e a nuca na altura das orelhas. A franja pode ser um pouquinho mais longa, acompanhando a extens\u00e3o dos fios at\u00e9 a altura dos l\u00e1bios.<\/span><\/p>\n<h3><span style=\"font-weight: 400;\">Corte pixie para cabelo crespo<\/span><\/h3>\n<p><img loading=\"lazy\" decoding=\"async\" class=\"alignnone  wp-image-2285\" src=\"https:\/\/artigos.abelacosmetics.com\/wp-content\/uploads\/2023\/01\/pixi-crespo-300x225.webp\" alt=\"\" width=\"269\" height=\"202\" srcset=\"https:\/\/artigos.abelacosmetics.com\/wp-content\/uploads\/2023\/01\/pixi-crespo-300x225.webp 300w, https:\/\/artigos.abelacosmetics.com\/wp-content\/uploads\/2023\/01\/pixi-crespo-1024x768.webp 1024w, https:\/\/artigos.abelacosmetics.com\/wp-content\/uploads\/2023\/01\/pixi-crespo-768x576.webp 768w, https:\/\/artigos.abelacosmetics.com\/wp-content\/uploads\/2023\/01\/pixi-crespo-16x12.webp 16w, https:\/\/artigos.abelacosmetics.com\/wp-content\/uploads\/2023\/01\/pixi-crespo.webp 1080w\" sizes=\"auto, (max-width: 269px) 100vw, 269px\" \/><\/p>\n<p><span style=\"font-weight: 400;\">E quem foi que disse que cabelo crespo n\u00e3o pode abusar do corte pixie? Claro que pode, inclusive, algumas mulheres usam os fios inteiros bem batidinhos em toda a extens\u00e3o da cabe\u00e7a. J\u00e1 outras preferem manter a nuca bem batidinha e a franja um pouco maior.<\/span><\/p>\n<p><span style=\"font-weight: 400;\">O corte pixie para cabelos crespos tem um ar bem moderno e traz muito mais personalidade para quem o usa. Quer um exemplo? A magn\u00edfica cantora Rihanna.<\/span><\/p>\n<h3><span style=\"font-weight: 400;\">Corte pixie para cabelo liso<\/span><\/h3>\n<p><img loading=\"lazy\" decoding=\"async\" class=\"alignnone  wp-image-2295\" src=\"https:\/\/artigos.abelacosmetics.com\/wp-content\/uploads\/2023\/01\/liso.jpg\" alt=\"\" width=\"274\" height=\"412\" srcset=\"https:\/\/artigos.abelacosmetics.com\/wp-content\/uploads\/2023\/01\/liso.jpg 183w, https:\/\/artigos.abelacosmetics.com\/wp-content\/uploads\/2023\/01\/liso-8x12.jpg 8w\" sizes=\"auto, (max-width: 274px) 100vw, 274px\" \/><\/p>\n<p><span style=\"font-weight: 400;\">Quem tem o cabelo liso tamb\u00e9m pode usar o corte pixie, um jeito que fica bem despojado \u00e9 repicar muito bem a nuca e manter a franja bem comprida. As laterais podem ser usadas bem curtas ou um pouco menores do que a franja.<\/span><\/p>\n<p><span style=\"font-weight: 400;\">Por\u00e9m, o corte pixie cut para cabelo liso, tamb\u00e9m pode ser usado bem batidinho na nuca, nas laterais e manter a franja um pouco mais cheia. Existem diversas op\u00e7\u00f5es, basta escolher aquela de sua prefer\u00eancia.<\/span><\/p>\n<p><span style=\"font-weight: 400;\">Ent\u00e3o, indiferente de qual o tipo do seu cabelo, voc\u00ea pode usar qualquer um dos modelos que apresentamos em seguida, veja:<\/span><\/p>\n<ul>\n<li style=\"font-weight: 400;\" aria-level=\"1\"><span style=\"font-weight: 400;\">Cabelo pixie cut encaracolado;<\/span><\/li>\n<li style=\"font-weight: 400;\" aria-level=\"1\"><span style=\"font-weight: 400;\">Cabelo pixie desarrumado;<\/span><\/li>\n<li style=\"font-weight: 400;\" aria-level=\"1\"><span style=\"font-weight: 400;\">Corte de cabelo pixie cut longo;<\/span><\/li>\n<li style=\"font-weight: 400;\" aria-level=\"1\"><span style=\"font-weight: 400;\">Corte pixie curto raspado;<\/span><\/li>\n<li style=\"font-weight: 400;\" aria-level=\"1\"><span style=\"font-weight: 400;\">Corte de cabelo pixie cut com franja;<\/span><\/li>\n<li style=\"font-weight: 400;\" aria-level=\"1\"><span style=\"font-weight: 400;\">Corte pixie curt\u00edssimo;<\/span><\/li>\n<li style=\"font-weight: 400;\" aria-level=\"1\"><span style=\"font-weight: 400;\">Pixie curto assim\u00e9trico;<\/span><\/li>\n<li style=\"font-weight: 400;\" aria-level=\"1\"><span style=\"font-weight: 400;\">Cabelo Pixie alongado;<\/span><\/li>\n<li style=\"font-weight: 400;\" aria-level=\"1\"><span style=\"font-weight: 400;\">Corte pixie cut reto.<\/span><\/li>\n<\/ul>\n<h2><span style=\"font-weight: 400;\">E com tantos modelos de cortes pix feminino, como escolher o ideal?<\/span><\/h2>\n<p><span style=\"font-weight: 400;\">Se voc\u00ea deseja saber qual o melhor corte pixie de acordo com seu tipo de rosto, veja, em seguida, algumas dicas que preparamos.<\/span><\/p>\n<ul>\n<li style=\"font-weight: 400;\" aria-level=\"1\"><span style=\"font-weight: 400;\">Corte pixie para rosto redondo<\/span><\/li>\n<\/ul>\n<p><span style=\"font-weight: 400;\">Quem tem rosto redondo tamb\u00e9m pode apostar no corte pixie. Nesse caso, o ideal \u00e9 apostar em uma franja lateral bem repicada, pois ela emoldura seu tipo de rosto e alonga o semblante.<\/span><\/p>\n<p><span style=\"font-weight: 400;\">E caso voc\u00ea tenha o rosto redondo e procura um corte pixie para cabelos cacheados, esse \u00e9 o ideal, pois vai valorizar ainda mais seu semblante.<\/span><\/p>\n<ul>\n<li style=\"font-weight: 400;\" aria-level=\"1\"><span style=\"font-weight: 400;\">Corte pixie para rosto quadrado<\/span><\/li>\n<\/ul>\n<p><span style=\"font-weight: 400;\">Caso seu rosto seja quadrado e voc\u00ea deseja um corte pixie cut que transmite naturalidade, pode apostar em um pixie mais comprido na parte da frente, ou seja, o pixie alongado. Esse corte fica perfeito!<\/span><\/p>\n<ul>\n<li style=\"font-weight: 400;\" aria-level=\"1\"><span style=\"font-weight: 400;\">Corte pixie para rosto oval<\/span><\/li>\n<\/ul>\n<p><span style=\"font-weight: 400;\">Esse tipo de rosto \u00e9 o mais valorizado pelo pixie cut, j\u00e1 que pode usar diferentes estilos em seu cabelo. Por\u00e9m, o cut curt\u00edssimo \u00e9 um dos mais indicados, j\u00e1 que deixa o visual arrojado e sofisticado.<\/span><\/p>\n<p>Voc\u00ea ser\u00e1 sempre linda, independente do corte que escolher.<\/p>\n<p>&nbsp;<\/p>\n<p><img loading=\"lazy\" decoding=\"async\" class=\"alignnone  wp-image-2296\" src=\"https:\/\/artigos.abelacosmetics.com\/wp-content\/uploads\/2023\/01\/imagem-do-Post-1-300x152.png\" alt=\"\" width=\"734\" height=\"372\" srcset=\"https:\/\/artigos.abelacosmetics.com\/wp-content\/uploads\/2023\/01\/imagem-do-Post-1-300x152.png 300w, https:\/\/artigos.abelacosmetics.com\/wp-content\/uploads\/2023\/01\/imagem-do-Post-1-768x389.png 768w, https:\/\/artigos.abelacosmetics.com\/wp-content\/uploads\/2023\/01\/imagem-do-Post-1-18x9.png 18w, https:\/\/artigos.abelacosmetics.com\/wp-content\/uploads\/2023\/01\/imagem-do-Post-1.png 850w\" sizes=\"auto, (max-width: 734px) 100vw, 734px\" \/><\/p>\n<p>&nbsp;<\/p>\n<p>&nbsp;<\/p>","protected":false},"excerpt":{"rendered":"<p>Os cortes pixies para cabelos cacheados est\u00e3o com tudo e s\u00e3o bem f\u00e1ceis de cuidar no dia a dia. Claro que tamb\u00e9m \u00e9 poss\u00edvel elaborar penteados que deixam seu visual arrojado e muito moderno. &nbsp; &nbsp; Inclusive, o corte pixie cut \u00e9 uma excelente alternativa para quem est\u00e1 passando pelo processo de transi\u00e7\u00e3o capilar. Ou [&hellip;]<\/p>","protected":false},"author":1,"featured_media":2282,"comment_status":"open","ping_status":"open","sticky":false,"template":"","format":"standard","meta":{"_acf_changed":false,"_mo_disable_npp":"","inline_featured_image":false,"footnotes":""},"categories":[33,1],"tags":[],"class_list":["post-2275","post","type-post","status-publish","format-standard","has-post-thumbnail","hentry","category-estilo","category-novidades"],"acf":[],"yoast_head":"<!-- This site is optimized with the Yoast SEO Premium plugin v19.2.1 (Yoast SEO v26.9) - https:\/\/yoast.com\/product\/yoast-seo-premium-wordpress\/ -->\n<title>Cortes pixies para cabelos cacheados: conhe\u00e7a essa tend\u00eancia que nunca sai de moda - Abela Cosmetics<\/title>\n<meta name=\"description\" content=\"Os cortes pixies para cabelos cacheados s\u00e3o um dos estilos mais procurados, hoje voc\u00ea vai saber mais sobre os tipos de cortes pixies\" \/>\n<meta name=\"robots\" content=\"index, follow, max-snippet:-1, max-image-preview:large, max-video-preview:-1\" \/>\n<link rel=\"canonical\" href=\"https:\/\/artigos.abelacosmetics.com\/en\/cortes-pixies-para-cabelos-cacheados\/\" \/>\n<meta property=\"og:locale\" content=\"en_US\" \/>\n<meta property=\"og:type\" content=\"article\" \/>\n<meta property=\"og:title\" content=\"Cortes pixies para cabelos cacheados: conhe\u00e7a essa tend\u00eancia que nunca sai de moda\" \/>\n<meta property=\"og:description\" content=\"Os cortes pixies para cabelos cacheados s\u00e3o um dos estilos mais procurados, hoje voc\u00ea vai saber mais sobre os tipos de cortes pixies\" \/>\n<meta property=\"og:url\" content=\"https:\/\/artigos.abelacosmetics.com\/en\/cortes-pixies-para-cabelos-cacheados\/\" \/>\n<meta property=\"og:site_name\" content=\"Abela Cosmetics\" \/>\n<meta property=\"article:publisher\" content=\"https:\/\/www.facebook.com\/abelacosmetics\" \/>\n<meta property=\"article:published_time\" content=\"2023-01-22T21:15:31+00:00\" \/>\n<meta property=\"og:image\" content=\"https:\/\/artigos.abelacosmetics.com\/wp-content\/uploads\/2023\/01\/imagem-do-Post.png\" \/>\n\t<meta property=\"og:image:width\" content=\"850\" \/>\n\t<meta property=\"og:image:height\" content=\"430\" \/>\n\t<meta property=\"og:image:type\" content=\"image\/png\" \/>\n<meta name=\"author\" content=\"admin\" \/>\n<meta name=\"twitter:card\" content=\"summary_large_image\" \/>\n<meta name=\"twitter:label1\" content=\"Written by\" \/>\n\t<meta name=\"twitter:data1\" content=\"admin\" \/>\n\t<meta name=\"twitter:label2\" content=\"Est. reading time\" \/>\n\t<meta name=\"twitter:data2\" content=\"7 minutes\" \/>\n<script type=\"application\/ld+json\" class=\"yoast-schema-graph\">{\"@context\":\"https:\/\/schema.org\",\"@graph\":[{\"@type\":\"Article\",\"@id\":\"https:\/\/artigos.abelacosmetics.com\/cortes-pixies-para-cabelos-cacheados\/#article\",\"isPartOf\":{\"@id\":\"https:\/\/artigos.abelacosmetics.com\/cortes-pixies-para-cabelos-cacheados\/\"},\"author\":{\"name\":\"admin\",\"@id\":\"https:\/\/artigos.abelacosmetics.com\/#\/schema\/person\/675710be590edb47293978092f4e20f4\"},\"headline\":\"Cortes pixies para cabelos cacheados: conhe\u00e7a essa tend\u00eancia que nunca sai de moda\",\"datePublished\":\"2023-01-22T21:15:31+00:00\",\"mainEntityOfPage\":{\"@id\":\"https:\/\/artigos.abelacosmetics.com\/cortes-pixies-para-cabelos-cacheados\/\"},\"wordCount\":963,\"commentCount\":0,\"publisher\":{\"@id\":\"https:\/\/artigos.abelacosmetics.com\/#organization\"},\"image\":{\"@id\":\"https:\/\/artigos.abelacosmetics.com\/cortes-pixies-para-cabelos-cacheados\/#primaryimage\"},\"thumbnailUrl\":\"https:\/\/artigos.abelacosmetics.com\/wp-content\/uploads\/2023\/01\/imagem-do-Post.png\",\"articleSection\":[\"Estilo\",\"Novidades\"],\"inLanguage\":\"en-US\",\"potentialAction\":[{\"@type\":\"CommentAction\",\"name\":\"Comment\",\"target\":[\"https:\/\/artigos.abelacosmetics.com\/cortes-pixies-para-cabelos-cacheados\/#respond\"]}]},{\"@type\":\"WebPage\",\"@id\":\"https:\/\/artigos.abelacosmetics.com\/cortes-pixies-para-cabelos-cacheados\/\",\"url\":\"https:\/\/artigos.abelacosmetics.com\/cortes-pixies-para-cabelos-cacheados\/\",\"name\":\"Cortes pixies para cabelos cacheados: conhe\u00e7a essa tend\u00eancia que nunca sai de moda - Abela Cosmetics\",\"isPartOf\":{\"@id\":\"https:\/\/artigos.abelacosmetics.com\/#website\"},\"primaryImageOfPage\":{\"@id\":\"https:\/\/artigos.abelacosmetics.com\/cortes-pixies-para-cabelos-cacheados\/#primaryimage\"},\"image\":{\"@id\":\"https:\/\/artigos.abelacosmetics.com\/cortes-pixies-para-cabelos-cacheados\/#primaryimage\"},\"thumbnailUrl\":\"https:\/\/artigos.abelacosmetics.com\/wp-content\/uploads\/2023\/01\/imagem-do-Post.png\",\"datePublished\":\"2023-01-22T21:15:31+00:00\",\"description\":\"Os cortes pixies para cabelos cacheados s\u00e3o um dos estilos mais procurados, hoje voc\u00ea vai saber mais sobre os tipos de cortes pixies\",\"breadcrumb\":{\"@id\":\"https:\/\/artigos.abelacosmetics.com\/cortes-pixies-para-cabelos-cacheados\/#breadcrumb\"},\"inLanguage\":\"en-US\",\"potentialAction\":[{\"@type\":\"ReadAction\",\"target\":[\"https:\/\/artigos.abelacosmetics.com\/cortes-pixies-para-cabelos-cacheados\/\"]}]},{\"@type\":\"ImageObject\",\"inLanguage\":\"en-US\",\"@id\":\"https:\/\/artigos.abelacosmetics.com\/cortes-pixies-para-cabelos-cacheados\/#primaryimage\",\"url\":\"https:\/\/artigos.abelacosmetics.com\/wp-content\/uploads\/2023\/01\/imagem-do-Post.png\",\"contentUrl\":\"https:\/\/artigos.abelacosmetics.com\/wp-content\/uploads\/2023\/01\/imagem-do-Post.png\",\"width\":850,\"height\":430},{\"@type\":\"BreadcrumbList\",\"@id\":\"https:\/\/artigos.abelacosmetics.com\/cortes-pixies-para-cabelos-cacheados\/#breadcrumb\",\"itemListElement\":[{\"@type\":\"ListItem\",\"position\":1,\"name\":\"In\u00edcio\",\"item\":\"https:\/\/artigos.abelacosmetics.com\/\"},{\"@type\":\"ListItem\",\"position\":2,\"name\":\"Cortes pixies para cabelos cacheados: conhe\u00e7a essa tend\u00eancia que nunca sai de moda\"}]},{\"@type\":\"WebSite\",\"@id\":\"https:\/\/artigos.abelacosmetics.com\/#website\",\"url\":\"https:\/\/artigos.abelacosmetics.com\/\",\"name\":\"Abela Cosmetics\",\"description\":\"Cuidados para Cabelos \u00danicos\",\"publisher\":{\"@id\":\"https:\/\/artigos.abelacosmetics.com\/#organization\"},\"potentialAction\":[{\"@type\":\"SearchAction\",\"target\":{\"@type\":\"EntryPoint\",\"urlTemplate\":\"https:\/\/artigos.abelacosmetics.com\/?s={search_term_string}\"},\"query-input\":{\"@type\":\"PropertyValueSpecification\",\"valueRequired\":true,\"valueName\":\"search_term_string\"}}],\"inLanguage\":\"en-US\"},{\"@type\":\"Organization\",\"@id\":\"https:\/\/artigos.abelacosmetics.com\/#organization\",\"name\":\"Abela Cosmetics\",\"url\":\"https:\/\/artigos.abelacosmetics.com\/\",\"logo\":{\"@type\":\"ImageObject\",\"inLanguage\":\"en-US\",\"@id\":\"https:\/\/artigos.abelacosmetics.com\/#\/schema\/logo\/image\/\",\"url\":\"https:\/\/artigos.abelacosmetics.com\/wp-content\/uploads\/2023\/02\/logo-abela.png\",\"contentUrl\":\"https:\/\/artigos.abelacosmetics.com\/wp-content\/uploads\/2023\/02\/logo-abela.png\",\"width\":183,\"height\":90,\"caption\":\"Abela Cosmetics\"},\"image\":{\"@id\":\"https:\/\/artigos.abelacosmetics.com\/#\/schema\/logo\/image\/\"},\"sameAs\":[\"https:\/\/www.facebook.com\/abelacosmetics\"]},{\"@type\":\"Person\",\"@id\":\"https:\/\/artigos.abelacosmetics.com\/#\/schema\/person\/675710be590edb47293978092f4e20f4\",\"name\":\"admin\",\"image\":{\"@type\":\"ImageObject\",\"inLanguage\":\"en-US\",\"@id\":\"https:\/\/artigos.abelacosmetics.com\/#\/schema\/person\/image\/\",\"url\":\"https:\/\/secure.gravatar.com\/avatar\/ce9ccc2de538d30bcc33874c5a730e8e078e64fce402cb3cf0668a7439a0e654?s=96&d=mm&r=g\",\"contentUrl\":\"https:\/\/secure.gravatar.com\/avatar\/ce9ccc2de538d30bcc33874c5a730e8e078e64fce402cb3cf0668a7439a0e654?s=96&d=mm&r=g\",\"caption\":\"admin\"},\"sameAs\":[\"http:\/\/localhost\/abela-cosmetic\"],\"url\":\"https:\/\/artigos.abelacosmetics.com\/en\/author\/admin\/\"}]}<\/script>\n<!-- \/ Yoast SEO Premium plugin. -->","yoast_head_json":{"title":"Cortes pixies para cabelos cacheados: conhe\u00e7a essa tend\u00eancia que nunca sai de moda - Abela Cosmetics","description":"Os cortes pixies para cabelos cacheados s\u00e3o um dos estilos mais procurados, hoje voc\u00ea vai saber mais sobre os tipos de cortes pixies","robots":{"index":"index","follow":"follow","max-snippet":"max-snippet:-1","max-image-preview":"max-image-preview:large","max-video-preview":"max-video-preview:-1"},"canonical":"https:\/\/artigos.abelacosmetics.com\/en\/cortes-pixies-para-cabelos-cacheados\/","og_locale":"en_US","og_type":"article","og_title":"Cortes pixies para cabelos cacheados: conhe\u00e7a essa tend\u00eancia que nunca sai de moda","og_description":"Os cortes pixies para cabelos cacheados s\u00e3o um dos estilos mais procurados, hoje voc\u00ea vai saber mais sobre os tipos de cortes pixies","og_url":"https:\/\/artigos.abelacosmetics.com\/en\/cortes-pixies-para-cabelos-cacheados\/","og_site_name":"Abela Cosmetics","article_publisher":"https:\/\/www.facebook.com\/abelacosmetics","article_published_time":"2023-01-22T21:15:31+00:00","og_image":[{"width":850,"height":430,"url":"https:\/\/artigos.abelacosmetics.com\/wp-content\/uploads\/2023\/01\/imagem-do-Post.png","type":"image\/png"}],"author":"admin","twitter_card":"summary_large_image","twitter_misc":{"Written by":"admin","Est. reading time":"7 minutes"},"schema":{"@context":"https:\/\/schema.org","@graph":[{"@type":"Article","@id":"https:\/\/artigos.abelacosmetics.com\/cortes-pixies-para-cabelos-cacheados\/#article","isPartOf":{"@id":"https:\/\/artigos.abelacosmetics.com\/cortes-pixies-para-cabelos-cacheados\/"},"author":{"name":"admin","@id":"https:\/\/artigos.abelacosmetics.com\/#\/schema\/person\/675710be590edb47293978092f4e20f4"},"headline":"Cortes pixies para cabelos cacheados: conhe\u00e7a essa tend\u00eancia que nunca sai de moda","datePublished":"2023-01-22T21:15:31+00:00","mainEntityOfPage":{"@id":"https:\/\/artigos.abelacosmetics.com\/cortes-pixies-para-cabelos-cacheados\/"},"wordCount":963,"commentCount":0,"publisher":{"@id":"https:\/\/artigos.abelacosmetics.com\/#organization"},"image":{"@id":"https:\/\/artigos.abelacosmetics.com\/cortes-pixies-para-cabelos-cacheados\/#primaryimage"},"thumbnailUrl":"https:\/\/artigos.abelacosmetics.com\/wp-content\/uploads\/2023\/01\/imagem-do-Post.png","articleSection":["Estilo","Novidades"],"inLanguage":"en-US","potentialAction":[{"@type":"CommentAction","name":"Comment","target":["https:\/\/artigos.abelacosmetics.com\/cortes-pixies-para-cabelos-cacheados\/#respond"]}]},{"@type":"WebPage","@id":"https:\/\/artigos.abelacosmetics.com\/cortes-pixies-para-cabelos-cacheados\/","url":"https:\/\/artigos.abelacosmetics.com\/cortes-pixies-para-cabelos-cacheados\/","name":"Cortes pixies para cabelos cacheados: conhe\u00e7a essa tend\u00eancia que nunca sai de moda - Abela Cosmetics","isPartOf":{"@id":"https:\/\/artigos.abelacosmetics.com\/#website"},"primaryImageOfPage":{"@id":"https:\/\/artigos.abelacosmetics.com\/cortes-pixies-para-cabelos-cacheados\/#primaryimage"},"image":{"@id":"https:\/\/artigos.abelacosmetics.com\/cortes-pixies-para-cabelos-cacheados\/#primaryimage"},"thumbnailUrl":"https:\/\/artigos.abelacosmetics.com\/wp-content\/uploads\/2023\/01\/imagem-do-Post.png","datePublished":"2023-01-22T21:15:31+00:00","description":"Os cortes pixies para cabelos cacheados s\u00e3o um dos estilos mais procurados, hoje voc\u00ea vai saber mais sobre os tipos de cortes pixies","breadcrumb":{"@id":"https:\/\/artigos.abelacosmetics.com\/cortes-pixies-para-cabelos-cacheados\/#breadcrumb"},"inLanguage":"en-US","potentialAction":[{"@type":"ReadAction","target":["https:\/\/artigos.abelacosmetics.com\/cortes-pixies-para-cabelos-cacheados\/"]}]},{"@type":"ImageObject","inLanguage":"en-US","@id":"https:\/\/artigos.abelacosmetics.com\/cortes-pixies-para-cabelos-cacheados\/#primaryimage","url":"https:\/\/artigos.abelacosmetics.com\/wp-content\/uploads\/2023\/01\/imagem-do-Post.png","contentUrl":"https:\/\/artigos.abelacosmetics.com\/wp-content\/uploads\/2023\/01\/imagem-do-Post.png","width":850,"height":430},{"@type":"BreadcrumbList","@id":"https:\/\/artigos.abelacosmetics.com\/cortes-pixies-para-cabelos-cacheados\/#breadcrumb","itemListElement":[{"@type":"ListItem","position":1,"name":"In\u00edcio","item":"https:\/\/artigos.abelacosmetics.com\/"},{"@type":"ListItem","position":2,"name":"Cortes pixies para cabelos cacheados: conhe\u00e7a essa tend\u00eancia que nunca sai de moda"}]},{"@type":"WebSite","@id":"https:\/\/artigos.abelacosmetics.com\/#website","url":"https:\/\/artigos.abelacosmetics.com\/","name":"Abela Cosmetics","description":"Cuidados para Cabelos \u00danicos","publisher":{"@id":"https:\/\/artigos.abelacosmetics.com\/#organization"},"potentialAction":[{"@type":"SearchAction","target":{"@type":"EntryPoint","urlTemplate":"https:\/\/artigos.abelacosmetics.com\/?s={search_term_string}"},"query-input":{"@type":"PropertyValueSpecification","valueRequired":true,"valueName":"search_term_string"}}],"inLanguage":"en-US"},{"@type":"Organization","@id":"https:\/\/artigos.abelacosmetics.com\/#organization","name":"Abela Cosmetics","url":"https:\/\/artigos.abelacosmetics.com\/","logo":{"@type":"ImageObject","inLanguage":"en-US","@id":"https:\/\/artigos.abelacosmetics.com\/#\/schema\/logo\/image\/","url":"https:\/\/artigos.abelacosmetics.com\/wp-content\/uploads\/2023\/02\/logo-abela.png","contentUrl":"https:\/\/artigos.abelacosmetics.com\/wp-content\/uploads\/2023\/02\/logo-abela.png","width":183,"height":90,"caption":"Abela Cosmetics"},"image":{"@id":"https:\/\/artigos.abelacosmetics.com\/#\/schema\/logo\/image\/"},"sameAs":["https:\/\/www.facebook.com\/abelacosmetics"]},{"@type":"Person","@id":"https:\/\/artigos.abelacosmetics.com\/#\/schema\/person\/675710be590edb47293978092f4e20f4","name":"admin","image":{"@type":"ImageObject","inLanguage":"en-US","@id":"https:\/\/artigos.abelacosmetics.com\/#\/schema\/person\/image\/","url":"https:\/\/secure.gravatar.com\/avatar\/ce9ccc2de538d30bcc33874c5a730e8e078e64fce402cb3cf0668a7439a0e654?s=96&d=mm&r=g","contentUrl":"https:\/\/secure.gravatar.com\/avatar\/ce9ccc2de538d30bcc33874c5a730e8e078e64fce402cb3cf0668a7439a0e654?s=96&d=mm&r=g","caption":"admin"},"sameAs":["http:\/\/localhost\/abela-cosmetic"],"url":"https:\/\/artigos.abelacosmetics.com\/en\/author\/admin\/"}]}},"_links":{"self":[{"href":"https:\/\/artigos.abelacosmetics.com\/en\/wp-json\/wp\/v2\/posts\/2275","targetHints":{"allow":["GET"]}}],"collection":[{"href":"https:\/\/artigos.abelacosmetics.com\/en\/wp-json\/wp\/v2\/posts"}],"about":[{"href":"https:\/\/artigos.abelacosmetics.com\/en\/wp-json\/wp\/v2\/types\/post"}],"author":[{"embeddable":true,"href":"https:\/\/artigos.abelacosmetics.com\/en\/wp-json\/wp\/v2\/users\/1"}],"replies":[{"embeddable":true,"href":"https:\/\/artigos.abelacosmetics.com\/en\/wp-json\/wp\/v2\/comments?post=2275"}],"version-history":[{"count":4,"href":"https:\/\/artigos.abelacosmetics.com\/en\/wp-json\/wp\/v2\/posts\/2275\/revisions"}],"predecessor-version":[{"id":2302,"href":"https:\/\/artigos.abelacosmetics.com\/en\/wp-json\/wp\/v2\/posts\/2275\/revisions\/2302"}],"wp:featuredmedia":[{"embeddable":true,"href":"https:\/\/artigos.abelacosmetics.com\/en\/wp-json\/wp\/v2\/media\/2282"}],"wp:attachment":[{"href":"https:\/\/artigos.abelacosmetics.com\/en\/wp-json\/wp\/v2\/media?parent=2275"}],"wp:term":[{"taxonomy":"category","embeddable":true,"href":"https:\/\/artigos.abelacosmetics.com\/en\/wp-json\/wp\/v2\/categories?post=2275"},{"taxonomy":"post_tag","embeddable":true,"href":"https:\/\/artigos.abelacosmetics.com\/en\/wp-json\/wp\/v2\/tags?post=2275"}],"curies":[{"name":"wp","href":"https:\/\/api.w.org\/{rel}","templated":true}]}}