{"id":2169,"date":"2022-12-22T17:43:16","date_gmt":"2022-12-22T20:43:16","guid":{"rendered":"https:\/\/artigos.abelacosmetics.com\/?p=2169"},"modified":"2023-01-05T17:54:52","modified_gmt":"2023-01-05T20:54:52","slug":"alimentos-da-estacao-e-cabelos-cacheados","status":"publish","type":"post","link":"https:\/\/artigos.abelacosmetics.com\/en\/alimentos-da-estacao-e-cabelos-cacheados\/","title":{"rendered":"Aproveite esses alimentos da esta\u00e7\u00e3o para os seus cabelos!"},"content":{"rendered":"<p>&nbsp;<\/p>\n<p>&nbsp;<\/p>\n<p><span>Manter os cabelos cacheados sempre hidratados, nutridos e lindos n\u00e3o \u00e9 uma tarefa nada f\u00e1cil, n\u00e3o \u00e9 mesmo? Para alcan\u00e7ar esses resultados, existem diversos produtos que s\u00e3o pe\u00e7as-chave na rotina de cuidado dos cachos e que voc\u00ea encontra aqui na Abela Cosmetics, como\u00a0<\/span><a href=\"https:\/\/artigos.abelacosmetics.com\/en\/produtos\/mascara-hidratante\/\"><span>hidrata\u00e7\u00e3o<\/span><\/a><span>,\u00a0<\/span><a href=\"https:\/\/artigos.abelacosmetics.com\/en\/produtos\/mascara-nutritiva\/\"><span>nutri\u00e7\u00e3o<\/span><\/a><span>,\u00a0<\/span><a href=\"https:\/\/artigos.abelacosmetics.com\/en\/produtos\/mascara-reconstrutora\/\"><span>reconstru\u00e7\u00e3o<\/span><\/a><span>,\u00a0<\/span><a href=\"https:\/\/artigos.abelacosmetics.com\/en\/produtos\/spray-de-queratina-vegetal-linha-pro\/\"><span>spray de queratina<\/span><\/a><span>\u00a0e muitos outros.\u00a0<\/span><\/p>\n<p>&nbsp;<\/p>\n<audio class=\"wp-audio-shortcode\" id=\"audio-2169-1\" preload=\"none\" style=\"width: 100%;\" controls=\"controls\"><source type=\"audio\/mpeg\" src=\"https:\/\/artigos.abelacosmetics.com\/wp-content\/uploads\/2022\/12\/alimentos-da-estacao.mp3?_=1\" \/><a href=\"https:\/\/artigos.abelacosmetics.com\/wp-content\/uploads\/2022\/12\/alimentos-da-estacao.mp3\">https:\/\/artigos.abelacosmetics.com\/wp-content\/uploads\/2022\/12\/alimentos-da-estacao.mp3<\/a><\/audio>\n<p>&nbsp;<\/p>\n<p><span style=\"font-weight: 400;\">No entanto, apesar de os produtos adequados e de qualidade fazerem a diferen\u00e7a no cabelo cacheado, sozinhos eles n\u00e3o conseguem fazer milagre! \u00c9 essencial que, junto a isso, voc\u00ea mantenha uma alimenta\u00e7\u00e3o equilibrada, sem abusar de a\u00e7\u00facares, \u00e1lcool e carboidratos finos, que s\u00e3o prejudiciais \u00e0 sa\u00fade dos fios, e investindo em alimentos naturais! Por isso, saber os <\/span><b>alimentos da esta\u00e7\u00e3o <\/b><span style=\"font-weight: 400;\">pode ser excelente para cuidar das madeixas.<\/span><\/p>\n<p>&nbsp;<\/p>\n<p><span style=\"font-weight: 400;\">Uma alimenta\u00e7\u00e3o equilibrada, variada e, de prefer\u00eancia, com os alimentos in natura, \u00e9 fundamental para manter a sa\u00fade capilar, deixando os cachos mais hidratados e com mais brilho.<\/span><\/p>\n<p>&nbsp;<\/p>\n<p><span style=\"font-weight: 400;\">E, com o ver\u00e3o chegando, que tal aproveitar os alimentos da esta\u00e7\u00e3o para turbinar a sa\u00fade dos seus cachos?\u00a0<\/span><\/p>\n<p>&nbsp;<\/p>\n<p><span style=\"font-weight: 400;\">Fica com a gente que nesse artigo vamos te mostrar os aliados do seu cabelo para os pr\u00f3ximos meses!<\/span><\/p>\n<p>&nbsp;<\/p>\n<h2><span style=\"font-weight: 400;\">O que s\u00e3o os alimentos da esta\u00e7\u00e3o?\u00a0\u00a0<\/span><\/h2>\n<p><img loading=\"lazy\" decoding=\"async\" class=\"alignnone wp-image-2171\" src=\"https:\/\/artigos.abelacosmetics.com\/wp-content\/uploads\/2022\/12\/1-3-300x152.png\" alt=\"\" width=\"802\" height=\"406\" srcset=\"https:\/\/artigos.abelacosmetics.com\/wp-content\/uploads\/2022\/12\/1-3-300x152.png 300w, https:\/\/artigos.abelacosmetics.com\/wp-content\/uploads\/2022\/12\/1-3-18x9.png 18w, https:\/\/artigos.abelacosmetics.com\/wp-content\/uploads\/2022\/12\/1-3.png 744w\" sizes=\"auto, (max-width: 802px) 100vw, 802px\" \/><\/p>\n<p>&nbsp;<\/p>\n<p><span style=\"font-weight: 400;\">Para pessoas que gostam de manter uma alimenta\u00e7\u00e3o mais saud\u00e1vel e para aquelas que est\u00e3o come\u00e7ando a se reeducar com a comida, \u00e9 importante saber onde buscar seus alimentos. A gente escuta muito falar sobre a import\u00e2ncia de procurar produtos de pequenos produtores e de produtores locais, mas porque n\u00e3o aproveitar para consumir os alimentos da esta\u00e7\u00e3o que se inicia?<\/span><\/p>\n<p>&nbsp;<\/p>\n<p><span style=\"font-weight: 400;\">Mas, afinal de contas, o que s\u00e3o os alimentos da esta\u00e7\u00e3o? Tamb\u00e9m chamados de sazonais, eles s\u00e3o naturalmente cultivados e colhidos em determinada \u00e9poca do ano que \u00e9 mais prop\u00edcia para eles. Isso acontece quando o clima e as condi\u00e7\u00f5es de solo s\u00e3o mais vantajosas para o seu crescimento e amadurecimento.<\/span><\/p>\n<p>&nbsp;<\/p>\n<p><span style=\"font-weight: 400;\">E porque devemos consumi-los? Justamente pela condi\u00e7\u00e3o ambiental favor\u00e1vel, esses alimentos est\u00e3o mais frescos, acumulam mais nutrientes e possuem um sabor mais pr\u00f3ximo do original, quando consumidos in natura &#8211; ou seja, sem processamento. Al\u00e9m de ter melhor qualidade, eles v\u00e3o sempre estar mais dispon\u00edveis nas feiras, frutarias e supermercados, fazendo com que seu pre\u00e7o caia. Al\u00e9m de bom para a sa\u00fade, \u00e9 \u00f3timo para o bolso!<\/span><\/p>\n<p>&nbsp;<\/p>\n<p><span style=\"font-weight: 400;\">Com a chegada do ver\u00e3o se aproximando, vale a pena conferir neste artigo quais s\u00e3o os alimentos da esta\u00e7\u00e3o e como eles podem ajudar na sa\u00fade dos seus cachos!<\/span><\/p>\n<p>&nbsp;<\/p>\n<h2><span style=\"font-weight: 400;\">Quais s\u00e3o os alimentos da esta\u00e7\u00e3o ver\u00e3o?<\/span><\/h2>\n<p><span style=\"font-weight: 400;\">Ver\u00e3o, sol, praia\u2026 Tudo de bom, n\u00e9? Mas, para quem tem cabelo cacheado, esse tamb\u00e9m \u00e9 o momento de <\/span><a href=\"https:\/\/artigos.abelacosmetics.com\/en\/cabelos-saudaveis-no-verao\/\"><span style=\"font-weight: 400;\">redobrar os cuidados com os cachos<\/span><\/a><span style=\"font-weight: 400;\">. Por que n\u00e3o associar a alimenta\u00e7\u00e3o a isso?<\/span><\/p>\n<p>&nbsp;<\/p>\n<p><span style=\"font-weight: 400;\">Muitas s\u00e3o as frutas, verduras e legumes que t\u00eam seu cultivo e colheita favorecidos nessa \u00e9poca do ano. Vamos conferir algumas abaixo:<\/span><\/p>\n<p>&nbsp;<\/p>\n<p><img loading=\"lazy\" decoding=\"async\" class=\"alignnone wp-image-2173\" src=\"https:\/\/artigos.abelacosmetics.com\/wp-content\/uploads\/2022\/12\/3-3-300x152.png\" alt=\"\" width=\"750\" height=\"380\" srcset=\"https:\/\/artigos.abelacosmetics.com\/wp-content\/uploads\/2022\/12\/3-3-300x152.png 300w, https:\/\/artigos.abelacosmetics.com\/wp-content\/uploads\/2022\/12\/3-3-18x9.png 18w, https:\/\/artigos.abelacosmetics.com\/wp-content\/uploads\/2022\/12\/3-3.png 744w\" sizes=\"auto, (max-width: 750px) 100vw, 750px\" \/><\/p>\n<p>&nbsp;<\/p>\n<ol>\n<li style=\"font-weight: 400;\" aria-level=\"1\"><b>Frutas:<\/b><span style=\"font-weight: 400;\"> abacaxi, carambola, laranja, mam\u00e3o, coco verde, framboesa, melancia, maracuj\u00e1, abacate, ameixa, banana-nanica, ma\u00e7\u00e3, figo, fruta do conde, jaca, p\u00eara, tangerina, seriguela, p\u00eassego.<\/span><\/li>\n<li style=\"font-weight: 400;\" aria-level=\"1\"><b>Verduras:<\/b><span style=\"font-weight: 400;\"> alface, couve, acelga, r\u00facula, repolho, alho-por\u00f3, cebolinha, salsa, coentro, hortel\u00e3, end\u00edvia.<\/span><\/li>\n<li style=\"font-weight: 400;\" aria-level=\"1\"><b>Legumes:<\/b><span style=\"font-weight: 400;\"> ab\u00f3bora, beterraba, pepino, quiabo, tomate, piment\u00e3o, gengibre, inhame, milho verde, abobrinha e quiabo.<\/span><\/li>\n<\/ol>\n<p>&nbsp;<\/p>\n<p><img loading=\"lazy\" decoding=\"async\" class=\"alignnone wp-image-2175\" src=\"https:\/\/artigos.abelacosmetics.com\/wp-content\/uploads\/2022\/12\/5-3-300x152.png\" alt=\"\" width=\"748\" height=\"379\" srcset=\"https:\/\/artigos.abelacosmetics.com\/wp-content\/uploads\/2022\/12\/5-3-300x152.png 300w, https:\/\/artigos.abelacosmetics.com\/wp-content\/uploads\/2022\/12\/5-3-18x9.png 18w, https:\/\/artigos.abelacosmetics.com\/wp-content\/uploads\/2022\/12\/5-3.png 744w\" sizes=\"auto, (max-width: 748px) 100vw, 748px\" \/><\/p>\n<p>&nbsp;<\/p>\n<h2><span style=\"font-weight: 400;\">Como os alimentos da esta\u00e7\u00e3o influenciam no meu cabelo?<\/span><\/h2>\n<p><span style=\"font-weight: 400;\">Abaixo, separamos alguns alimentos e como agem na sa\u00fade dos seus cachos. Confira:\u00a0<\/span><\/p>\n<h3><span style=\"font-weight: 400;\">Avocado<\/span><\/h3>\n<p><span style=\"font-weight: 400;\">Essa fruta \u00e9 um dos principais aliados dos nossos fios! Por ser rico em gorduras, garante uma maior hidrata\u00e7\u00e3o e integridade aos fios do tipo 3ABC e 4ABC, que podem ser naturalmente mais ressecados. Al\u00e9m disso, a vitamina E em sua composi\u00e7\u00e3o ajuda bastante no crescimento dos cachos, al\u00e9m de proteger o couro cabeludo.<\/span><\/p>\n<h3><span style=\"font-weight: 400;\">Morango<\/span><\/h3>\n<p><span style=\"font-weight: 400;\">Tamb\u00e9m auxilia no crescimento dos cabelos, por possu\u00edrem muita vitamina C e flavonoides (que s\u00e3o antioxidantes). Esses compostos ativam a circula\u00e7\u00e3o capilar no couro cabeludo, permitindo maior passagem de nutrientes para os fios que conseguem, assim, crescer mais r\u00e1pido, ficar menos ressecados e quebradi\u00e7os.<\/span><\/p>\n<h3><span style=\"font-weight: 400;\">Laranja<\/span><\/h3>\n<p><span style=\"font-weight: 400;\">Existe um elemento muito importante para a sa\u00fade capilar naquela parte branca da laranja, que muitas vezes \u00e9 descartada, chamada pectina. Ela \u00e9 uma fibra que ajuda a eliminar do organismo as toxinas respons\u00e1veis pelo aumento da oleosidade. Com o consumo de toda a fruta, voc\u00ea pode perceber um couro cabeludo menos oleoso, reduzindo as chances de produzir caspa, por exemplo.<\/span><\/p>\n<p><span style=\"font-weight: 400;\">Al\u00e9m disso, a presen\u00e7a de grande quantidade de vitamina C nessa fruta ajuda a combater o envelhecimento dos fios, j\u00e1 que essa vitamina \u00e9 essencial na produ\u00e7\u00e3o de col\u00e1geno.<\/span><\/p>\n<h3><span style=\"font-weight: 400;\">P\u00eara<\/span><\/h3>\n<p><span style=\"font-weight: 400;\">Assim como o morango e a laranja, \u00e9 uma importante fonte de vitamina C. Mas, al\u00e9m disso, tamb\u00e9m \u00e9 rica em vitaminas do complexo B, que auxilia no crescimento e fortalecimento do cabelo, reduzem o frizz e o ressecamento dos fios.<\/span><\/p>\n<p><span style=\"font-weight: 400;\">A vitamina B7, tamb\u00e9m conhecida como biotina, aumenta a produ\u00e7\u00e3o de queratina e \u00e9 tamb\u00e9m um importante aliado no combate \u00e0 caspa, condi\u00e7\u00e3o cl\u00ednica que aumenta muito a queda capilar.<\/span><\/p>\n<p>&nbsp;<\/p>\n<p><img loading=\"lazy\" decoding=\"async\" class=\"alignnone wp-image-2176\" src=\"https:\/\/artigos.abelacosmetics.com\/wp-content\/uploads\/2022\/12\/6-2-300x152.png\" alt=\"\" width=\"766\" height=\"388\" srcset=\"https:\/\/artigos.abelacosmetics.com\/wp-content\/uploads\/2022\/12\/6-2-300x152.png 300w, https:\/\/artigos.abelacosmetics.com\/wp-content\/uploads\/2022\/12\/6-2-18x9.png 18w, https:\/\/artigos.abelacosmetics.com\/wp-content\/uploads\/2022\/12\/6-2.png 744w\" sizes=\"auto, (max-width: 766px) 100vw, 766px\" \/><\/p>\n<p>&nbsp;<\/p>\n<h3><span style=\"font-weight: 400;\">Ab\u00f3bora<\/span><\/h3>\n<p><span style=\"font-weight: 400;\">Outro grande aliado dos cabelos, a ab\u00f3bora \u00e9 um dos alimentos mais ricos que podemos encontrar! Ela \u00e9 rica em prote\u00ednas, fibras, \u00e1cidos graxos, ferro, magn\u00e9sio, vitamina A, E e K, cobre e zinco, al\u00e9m de biotina.<\/span><\/p>\n<p><span style=\"font-weight: 400;\">Os \u00e1cidos graxos s\u00e3o super importantes para manter a hidrata\u00e7\u00e3o do cabelo. A biotina vai estimular a produ\u00e7\u00e3o de queratina, a principal prote\u00edna que comp\u00f5e os fios, mantendo-os fortes e saud\u00e1veis. J\u00e1 o zinco \u00e9 um potencializador da produ\u00e7\u00e3o de col\u00e1geno, t\u00e3o importante para evitar o envelhecimento dos seus cachos, mantendo a elasticidade dos fios.\u00a0<\/span><\/p>\n<p><span style=\"font-weight: 400;\">Ainda, a vitamina A vai deixar seus fios mais fortes, ajudando a combater a queda, acelerando o crescimento e reduzindo o ressecamento, atrav\u00e9s da produ\u00e7\u00e3o de gl\u00e2ndulas seb\u00e1ceas no couro cabeludo. O ferro e o zinco ajudam a nutrir os fol\u00edculos capilares (onde fica localizada a ra\u00edz do cabelo), sendo assim \u00f3timos auxiliares no crescimento dos fios e no brilho do cabelo.<\/span><\/p>\n<h3><span style=\"font-weight: 400;\">Repolho<\/span><\/h3>\n<p><span style=\"font-weight: 400;\">Por fim, o repolho \u00e9 uma verdura que cont\u00e9m prote\u00ednas, fibras, vitaminas C e K e enxofre. Seus nutrientes ajudam a sintetizar queratina e a reduzir a queda de cabelo. Ainda, tamb\u00e9m aumentam a nutri\u00e7\u00e3o dos fol\u00edculos capilares, dando um aspecto de mais brilho e maciez para os seus cachos.<\/span><\/p>\n<p>&nbsp;<\/p>\n<h2><span style=\"font-weight: 400;\">Uma dica extra!<\/span><\/h2>\n<p><span style=\"font-weight: 400;\">Independente de esta\u00e7\u00e3o, existem algumas coisas que voc\u00ea deve fazer para ajudar na sa\u00fade do seu cabelo. A principal delas \u00e9 investir na ingest\u00e3o de \u00e1gua!<\/span><\/p>\n<p><span style=\"font-weight: 400;\">Da mesma forma que a \u00e1gua \u00e9 essencial para nosso organismo como um todo, ela faz toda a diferen\u00e7a no aspecto e sa\u00fade do cabelo. Para ter um cabelo hidratado precisamos fazer o b\u00e1sico: se hidratar, da forma mais simples e eficaz de todas, que \u00e9 bebendo \u00e1gua. Se voc\u00ea n\u00e3o consegue consumir a quantidade recomendada por dia, algumas dicas para facilitar isso s\u00e3o saborizar a \u00e1gua com rodelas de lim\u00e3o ou laranja, e tamb\u00e9m consumir \u00e1gua de c\u00f4co!<\/span><\/p>\n<p><span style=\"font-weight: 400;\">Gostou de aprender sobre como os alimentos da esta\u00e7\u00e3o interferem na sa\u00fade dos seus fios? Quer saber mais sobre como cada nutriente age? Ent\u00e3o <\/span><a href=\"https:\/\/artigos.abelacosmetics.com\/en\/importancia-da-agua-e-da-alimentacao-para-os-cabelos\/\"><span style=\"font-weight: 400;\">clica aqui<\/span><\/a><span style=\"font-weight: 400;\"> e fique por dentro!<\/span><\/p>\n<p><img loading=\"lazy\" decoding=\"async\" class=\"alignnone wp-image-2178\" src=\"https:\/\/artigos.abelacosmetics.com\/wp-content\/uploads\/2022\/12\/8-1-300x152.png\" alt=\"\" width=\"878\" height=\"445\" srcset=\"https:\/\/artigos.abelacosmetics.com\/wp-content\/uploads\/2022\/12\/8-1-300x152.png 300w, https:\/\/artigos.abelacosmetics.com\/wp-content\/uploads\/2022\/12\/8-1-18x9.png 18w, https:\/\/artigos.abelacosmetics.com\/wp-content\/uploads\/2022\/12\/8-1.png 744w\" sizes=\"auto, (max-width: 878px) 100vw, 878px\" \/><\/p>","protected":false},"excerpt":{"rendered":"<p>&nbsp; &nbsp; Manter os cabelos cacheados sempre hidratados, nutridos e lindos n\u00e3o \u00e9 uma tarefa nada f\u00e1cil, n\u00e3o \u00e9 mesmo? Para alcan\u00e7ar esses resultados, existem diversos produtos que s\u00e3o pe\u00e7as-chave na rotina de cuidado dos cachos e que voc\u00ea encontra aqui na Abela Cosmetics, como\u00a0hidrata\u00e7\u00e3o,\u00a0nutri\u00e7\u00e3o,\u00a0reconstru\u00e7\u00e3o,\u00a0spray de queratina\u00a0e muitos outros.\u00a0 &nbsp; &nbsp; No entanto, apesar de [&hellip;]<\/p>","protected":false},"author":1,"featured_media":2172,"comment_status":"open","ping_status":"open","sticky":false,"template":"","format":"standard","meta":{"_acf_changed":false,"_mo_disable_npp":"","inline_featured_image":false,"footnotes":""},"categories":[31],"tags":[],"class_list":["post-2169","post","type-post","status-publish","format-standard","has-post-thumbnail","hentry","category-autocuidado"],"acf":[],"yoast_head":"<!-- This site is optimized with the Yoast SEO Premium plugin v19.2.1 (Yoast SEO v26.9) - https:\/\/yoast.com\/product\/yoast-seo-premium-wordpress\/ -->\n<title>Aproveite esses alimentos da esta\u00e7\u00e3o para os seus cabelos! - Abela Cosmetics<\/title>\n<meta name=\"description\" content=\"Com o ver\u00e3o chegando, os cuidados com os cachos ficam redobrados, n\u00e3o \u00e9 mesmo? E que tal potencializar esse cuidado com uma alimenta\u00e7\u00e3o adequada baseada nos alimentos da esta\u00e7\u00e3o?\" \/>\n<meta name=\"robots\" content=\"index, follow, max-snippet:-1, max-image-preview:large, max-video-preview:-1\" \/>\n<link rel=\"canonical\" href=\"https:\/\/artigos.abelacosmetics.com\/en\/alimentos-da-estacao-e-cabelos-cacheados\/\" \/>\n<meta property=\"og:locale\" content=\"en_US\" \/>\n<meta property=\"og:type\" content=\"article\" \/>\n<meta property=\"og:title\" content=\"Aproveite esses alimentos da esta\u00e7\u00e3o para os seus cabelos!\" \/>\n<meta property=\"og:description\" content=\"Com o ver\u00e3o chegando, os cuidados com os cachos ficam redobrados, n\u00e3o \u00e9 mesmo? E que tal potencializar esse cuidado com uma alimenta\u00e7\u00e3o adequada baseada nos alimentos da esta\u00e7\u00e3o?\" \/>\n<meta property=\"og:url\" content=\"https:\/\/artigos.abelacosmetics.com\/en\/alimentos-da-estacao-e-cabelos-cacheados\/\" \/>\n<meta property=\"og:site_name\" content=\"Abela Cosmetics\" \/>\n<meta property=\"article:publisher\" content=\"https:\/\/www.facebook.com\/abelacosmetics\" \/>\n<meta property=\"article:published_time\" content=\"2022-12-22T20:43:16+00:00\" \/>\n<meta property=\"article:modified_time\" content=\"2023-01-05T20:54:52+00:00\" \/>\n<meta property=\"og:image\" content=\"https:\/\/artigos.abelacosmetics.com\/wp-content\/uploads\/2022\/12\/2-3.png\" \/>\n\t<meta property=\"og:image:width\" content=\"744\" \/>\n\t<meta property=\"og:image:height\" content=\"376\" \/>\n\t<meta property=\"og:image:type\" content=\"image\/png\" \/>\n<meta name=\"author\" content=\"admin\" \/>\n<meta name=\"twitter:card\" content=\"summary_large_image\" \/>\n<meta name=\"twitter:label1\" content=\"Written by\" \/>\n\t<meta name=\"twitter:data1\" content=\"admin\" \/>\n\t<meta name=\"twitter:label2\" content=\"Est. reading time\" \/>\n\t<meta name=\"twitter:data2\" content=\"8 minutes\" \/>\n<script type=\"application\/ld+json\" class=\"yoast-schema-graph\">{\"@context\":\"https:\/\/schema.org\",\"@graph\":[{\"@type\":\"Article\",\"@id\":\"https:\/\/artigos.abelacosmetics.com\/alimentos-da-estacao-e-cabelos-cacheados\/#article\",\"isPartOf\":{\"@id\":\"https:\/\/artigos.abelacosmetics.com\/alimentos-da-estacao-e-cabelos-cacheados\/\"},\"author\":{\"name\":\"admin\",\"@id\":\"https:\/\/artigos.abelacosmetics.com\/#\/schema\/person\/675710be590edb47293978092f4e20f4\"},\"headline\":\"Aproveite esses alimentos da esta\u00e7\u00e3o para os seus cabelos!\",\"datePublished\":\"2022-12-22T20:43:16+00:00\",\"dateModified\":\"2023-01-05T20:54:52+00:00\",\"mainEntityOfPage\":{\"@id\":\"https:\/\/artigos.abelacosmetics.com\/alimentos-da-estacao-e-cabelos-cacheados\/\"},\"wordCount\":1291,\"commentCount\":0,\"publisher\":{\"@id\":\"https:\/\/artigos.abelacosmetics.com\/#organization\"},\"image\":{\"@id\":\"https:\/\/artigos.abelacosmetics.com\/alimentos-da-estacao-e-cabelos-cacheados\/#primaryimage\"},\"thumbnailUrl\":\"https:\/\/artigos.abelacosmetics.com\/wp-content\/uploads\/2022\/12\/2-3.png\",\"articleSection\":[\"Autocuidado\"],\"inLanguage\":\"en-US\",\"potentialAction\":[{\"@type\":\"CommentAction\",\"name\":\"Comment\",\"target\":[\"https:\/\/artigos.abelacosmetics.com\/alimentos-da-estacao-e-cabelos-cacheados\/#respond\"]}]},{\"@type\":\"WebPage\",\"@id\":\"https:\/\/artigos.abelacosmetics.com\/alimentos-da-estacao-e-cabelos-cacheados\/\",\"url\":\"https:\/\/artigos.abelacosmetics.com\/alimentos-da-estacao-e-cabelos-cacheados\/\",\"name\":\"Aproveite esses alimentos da esta\u00e7\u00e3o para os seus cabelos! - Abela Cosmetics\",\"isPartOf\":{\"@id\":\"https:\/\/artigos.abelacosmetics.com\/#website\"},\"primaryImageOfPage\":{\"@id\":\"https:\/\/artigos.abelacosmetics.com\/alimentos-da-estacao-e-cabelos-cacheados\/#primaryimage\"},\"image\":{\"@id\":\"https:\/\/artigos.abelacosmetics.com\/alimentos-da-estacao-e-cabelos-cacheados\/#primaryimage\"},\"thumbnailUrl\":\"https:\/\/artigos.abelacosmetics.com\/wp-content\/uploads\/2022\/12\/2-3.png\",\"datePublished\":\"2022-12-22T20:43:16+00:00\",\"dateModified\":\"2023-01-05T20:54:52+00:00\",\"description\":\"Com o ver\u00e3o chegando, os cuidados com os cachos ficam redobrados, n\u00e3o \u00e9 mesmo? E que tal potencializar esse cuidado com uma alimenta\u00e7\u00e3o adequada baseada nos alimentos da esta\u00e7\u00e3o?\",\"breadcrumb\":{\"@id\":\"https:\/\/artigos.abelacosmetics.com\/alimentos-da-estacao-e-cabelos-cacheados\/#breadcrumb\"},\"inLanguage\":\"en-US\",\"potentialAction\":[{\"@type\":\"ReadAction\",\"target\":[\"https:\/\/artigos.abelacosmetics.com\/alimentos-da-estacao-e-cabelos-cacheados\/\"]}]},{\"@type\":\"ImageObject\",\"inLanguage\":\"en-US\",\"@id\":\"https:\/\/artigos.abelacosmetics.com\/alimentos-da-estacao-e-cabelos-cacheados\/#primaryimage\",\"url\":\"https:\/\/artigos.abelacosmetics.com\/wp-content\/uploads\/2022\/12\/2-3.png\",\"contentUrl\":\"https:\/\/artigos.abelacosmetics.com\/wp-content\/uploads\/2022\/12\/2-3.png\",\"width\":744,\"height\":376},{\"@type\":\"BreadcrumbList\",\"@id\":\"https:\/\/artigos.abelacosmetics.com\/alimentos-da-estacao-e-cabelos-cacheados\/#breadcrumb\",\"itemListElement\":[{\"@type\":\"ListItem\",\"position\":1,\"name\":\"In\u00edcio\",\"item\":\"https:\/\/artigos.abelacosmetics.com\/\"},{\"@type\":\"ListItem\",\"position\":2,\"name\":\"Aproveite esses alimentos da esta\u00e7\u00e3o para os seus cabelos!\"}]},{\"@type\":\"WebSite\",\"@id\":\"https:\/\/artigos.abelacosmetics.com\/#website\",\"url\":\"https:\/\/artigos.abelacosmetics.com\/\",\"name\":\"Abela Cosmetics\",\"description\":\"Cuidados para Cabelos \u00danicos\",\"publisher\":{\"@id\":\"https:\/\/artigos.abelacosmetics.com\/#organization\"},\"potentialAction\":[{\"@type\":\"SearchAction\",\"target\":{\"@type\":\"EntryPoint\",\"urlTemplate\":\"https:\/\/artigos.abelacosmetics.com\/?s={search_term_string}\"},\"query-input\":{\"@type\":\"PropertyValueSpecification\",\"valueRequired\":true,\"valueName\":\"search_term_string\"}}],\"inLanguage\":\"en-US\"},{\"@type\":\"Organization\",\"@id\":\"https:\/\/artigos.abelacosmetics.com\/#organization\",\"name\":\"Abela Cosmetics\",\"url\":\"https:\/\/artigos.abelacosmetics.com\/\",\"logo\":{\"@type\":\"ImageObject\",\"inLanguage\":\"en-US\",\"@id\":\"https:\/\/artigos.abelacosmetics.com\/#\/schema\/logo\/image\/\",\"url\":\"https:\/\/artigos.abelacosmetics.com\/wp-content\/uploads\/2023\/02\/logo-abela.png\",\"contentUrl\":\"https:\/\/artigos.abelacosmetics.com\/wp-content\/uploads\/2023\/02\/logo-abela.png\",\"width\":183,\"height\":90,\"caption\":\"Abela Cosmetics\"},\"image\":{\"@id\":\"https:\/\/artigos.abelacosmetics.com\/#\/schema\/logo\/image\/\"},\"sameAs\":[\"https:\/\/www.facebook.com\/abelacosmetics\"]},{\"@type\":\"Person\",\"@id\":\"https:\/\/artigos.abelacosmetics.com\/#\/schema\/person\/675710be590edb47293978092f4e20f4\",\"name\":\"admin\",\"image\":{\"@type\":\"ImageObject\",\"inLanguage\":\"en-US\",\"@id\":\"https:\/\/artigos.abelacosmetics.com\/#\/schema\/person\/image\/\",\"url\":\"https:\/\/secure.gravatar.com\/avatar\/ce9ccc2de538d30bcc33874c5a730e8e078e64fce402cb3cf0668a7439a0e654?s=96&d=mm&r=g\",\"contentUrl\":\"https:\/\/secure.gravatar.com\/avatar\/ce9ccc2de538d30bcc33874c5a730e8e078e64fce402cb3cf0668a7439a0e654?s=96&d=mm&r=g\",\"caption\":\"admin\"},\"sameAs\":[\"http:\/\/localhost\/abela-cosmetic\"],\"url\":\"https:\/\/artigos.abelacosmetics.com\/en\/author\/admin\/\"}]}<\/script>\n<!-- \/ Yoast SEO Premium plugin. -->","yoast_head_json":{"title":"Aproveite esses alimentos da esta\u00e7\u00e3o para os seus cabelos! - Abela Cosmetics","description":"Com o ver\u00e3o chegando, os cuidados com os cachos ficam redobrados, n\u00e3o \u00e9 mesmo? E que tal potencializar esse cuidado com uma alimenta\u00e7\u00e3o adequada baseada nos alimentos da esta\u00e7\u00e3o?","robots":{"index":"index","follow":"follow","max-snippet":"max-snippet:-1","max-image-preview":"max-image-preview:large","max-video-preview":"max-video-preview:-1"},"canonical":"https:\/\/artigos.abelacosmetics.com\/en\/alimentos-da-estacao-e-cabelos-cacheados\/","og_locale":"en_US","og_type":"article","og_title":"Aproveite esses alimentos da esta\u00e7\u00e3o para os seus cabelos!","og_description":"Com o ver\u00e3o chegando, os cuidados com os cachos ficam redobrados, n\u00e3o \u00e9 mesmo? E que tal potencializar esse cuidado com uma alimenta\u00e7\u00e3o adequada baseada nos alimentos da esta\u00e7\u00e3o?","og_url":"https:\/\/artigos.abelacosmetics.com\/en\/alimentos-da-estacao-e-cabelos-cacheados\/","og_site_name":"Abela Cosmetics","article_publisher":"https:\/\/www.facebook.com\/abelacosmetics","article_published_time":"2022-12-22T20:43:16+00:00","article_modified_time":"2023-01-05T20:54:52+00:00","og_image":[{"width":744,"height":376,"url":"https:\/\/artigos.abelacosmetics.com\/wp-content\/uploads\/2022\/12\/2-3.png","type":"image\/png"}],"author":"admin","twitter_card":"summary_large_image","twitter_misc":{"Written by":"admin","Est. reading time":"8 minutes"},"schema":{"@context":"https:\/\/schema.org","@graph":[{"@type":"Article","@id":"https:\/\/artigos.abelacosmetics.com\/alimentos-da-estacao-e-cabelos-cacheados\/#article","isPartOf":{"@id":"https:\/\/artigos.abelacosmetics.com\/alimentos-da-estacao-e-cabelos-cacheados\/"},"author":{"name":"admin","@id":"https:\/\/artigos.abelacosmetics.com\/#\/schema\/person\/675710be590edb47293978092f4e20f4"},"headline":"Aproveite esses alimentos da esta\u00e7\u00e3o para os seus cabelos!","datePublished":"2022-12-22T20:43:16+00:00","dateModified":"2023-01-05T20:54:52+00:00","mainEntityOfPage":{"@id":"https:\/\/artigos.abelacosmetics.com\/alimentos-da-estacao-e-cabelos-cacheados\/"},"wordCount":1291,"commentCount":0,"publisher":{"@id":"https:\/\/artigos.abelacosmetics.com\/#organization"},"image":{"@id":"https:\/\/artigos.abelacosmetics.com\/alimentos-da-estacao-e-cabelos-cacheados\/#primaryimage"},"thumbnailUrl":"https:\/\/artigos.abelacosmetics.com\/wp-content\/uploads\/2022\/12\/2-3.png","articleSection":["Autocuidado"],"inLanguage":"en-US","potentialAction":[{"@type":"CommentAction","name":"Comment","target":["https:\/\/artigos.abelacosmetics.com\/alimentos-da-estacao-e-cabelos-cacheados\/#respond"]}]},{"@type":"WebPage","@id":"https:\/\/artigos.abelacosmetics.com\/alimentos-da-estacao-e-cabelos-cacheados\/","url":"https:\/\/artigos.abelacosmetics.com\/alimentos-da-estacao-e-cabelos-cacheados\/","name":"Aproveite esses alimentos da esta\u00e7\u00e3o para os seus cabelos! - Abela Cosmetics","isPartOf":{"@id":"https:\/\/artigos.abelacosmetics.com\/#website"},"primaryImageOfPage":{"@id":"https:\/\/artigos.abelacosmetics.com\/alimentos-da-estacao-e-cabelos-cacheados\/#primaryimage"},"image":{"@id":"https:\/\/artigos.abelacosmetics.com\/alimentos-da-estacao-e-cabelos-cacheados\/#primaryimage"},"thumbnailUrl":"https:\/\/artigos.abelacosmetics.com\/wp-content\/uploads\/2022\/12\/2-3.png","datePublished":"2022-12-22T20:43:16+00:00","dateModified":"2023-01-05T20:54:52+00:00","description":"Com o ver\u00e3o chegando, os cuidados com os cachos ficam redobrados, n\u00e3o \u00e9 mesmo? E que tal potencializar esse cuidado com uma alimenta\u00e7\u00e3o adequada baseada nos alimentos da esta\u00e7\u00e3o?","breadcrumb":{"@id":"https:\/\/artigos.abelacosmetics.com\/alimentos-da-estacao-e-cabelos-cacheados\/#breadcrumb"},"inLanguage":"en-US","potentialAction":[{"@type":"ReadAction","target":["https:\/\/artigos.abelacosmetics.com\/alimentos-da-estacao-e-cabelos-cacheados\/"]}]},{"@type":"ImageObject","inLanguage":"en-US","@id":"https:\/\/artigos.abelacosmetics.com\/alimentos-da-estacao-e-cabelos-cacheados\/#primaryimage","url":"https:\/\/artigos.abelacosmetics.com\/wp-content\/uploads\/2022\/12\/2-3.png","contentUrl":"https:\/\/artigos.abelacosmetics.com\/wp-content\/uploads\/2022\/12\/2-3.png","width":744,"height":376},{"@type":"BreadcrumbList","@id":"https:\/\/artigos.abelacosmetics.com\/alimentos-da-estacao-e-cabelos-cacheados\/#breadcrumb","itemListElement":[{"@type":"ListItem","position":1,"name":"In\u00edcio","item":"https:\/\/artigos.abelacosmetics.com\/"},{"@type":"ListItem","position":2,"name":"Aproveite esses alimentos da esta\u00e7\u00e3o para os seus cabelos!"}]},{"@type":"WebSite","@id":"https:\/\/artigos.abelacosmetics.com\/#website","url":"https:\/\/artigos.abelacosmetics.com\/","name":"Abela Cosmetics","description":"Cuidados para Cabelos \u00danicos","publisher":{"@id":"https:\/\/artigos.abelacosmetics.com\/#organization"},"potentialAction":[{"@type":"SearchAction","target":{"@type":"EntryPoint","urlTemplate":"https:\/\/artigos.abelacosmetics.com\/?s={search_term_string}"},"query-input":{"@type":"PropertyValueSpecification","valueRequired":true,"valueName":"search_term_string"}}],"inLanguage":"en-US"},{"@type":"Organization","@id":"https:\/\/artigos.abelacosmetics.com\/#organization","name":"Abela Cosmetics","url":"https:\/\/artigos.abelacosmetics.com\/","logo":{"@type":"ImageObject","inLanguage":"en-US","@id":"https:\/\/artigos.abelacosmetics.com\/#\/schema\/logo\/image\/","url":"https:\/\/artigos.abelacosmetics.com\/wp-content\/uploads\/2023\/02\/logo-abela.png","contentUrl":"https:\/\/artigos.abelacosmetics.com\/wp-content\/uploads\/2023\/02\/logo-abela.png","width":183,"height":90,"caption":"Abela Cosmetics"},"image":{"@id":"https:\/\/artigos.abelacosmetics.com\/#\/schema\/logo\/image\/"},"sameAs":["https:\/\/www.facebook.com\/abelacosmetics"]},{"@type":"Person","@id":"https:\/\/artigos.abelacosmetics.com\/#\/schema\/person\/675710be590edb47293978092f4e20f4","name":"admin","image":{"@type":"ImageObject","inLanguage":"en-US","@id":"https:\/\/artigos.abelacosmetics.com\/#\/schema\/person\/image\/","url":"https:\/\/secure.gravatar.com\/avatar\/ce9ccc2de538d30bcc33874c5a730e8e078e64fce402cb3cf0668a7439a0e654?s=96&d=mm&r=g","contentUrl":"https:\/\/secure.gravatar.com\/avatar\/ce9ccc2de538d30bcc33874c5a730e8e078e64fce402cb3cf0668a7439a0e654?s=96&d=mm&r=g","caption":"admin"},"sameAs":["http:\/\/localhost\/abela-cosmetic"],"url":"https:\/\/artigos.abelacosmetics.com\/en\/author\/admin\/"}]}},"_links":{"self":[{"href":"https:\/\/artigos.abelacosmetics.com\/en\/wp-json\/wp\/v2\/posts\/2169","targetHints":{"allow":["GET"]}}],"collection":[{"href":"https:\/\/artigos.abelacosmetics.com\/en\/wp-json\/wp\/v2\/posts"}],"about":[{"href":"https:\/\/artigos.abelacosmetics.com\/en\/wp-json\/wp\/v2\/types\/post"}],"author":[{"embeddable":true,"href":"https:\/\/artigos.abelacosmetics.com\/en\/wp-json\/wp\/v2\/users\/1"}],"replies":[{"embeddable":true,"href":"https:\/\/artigos.abelacosmetics.com\/en\/wp-json\/wp\/v2\/comments?post=2169"}],"version-history":[{"count":5,"href":"https:\/\/artigos.abelacosmetics.com\/en\/wp-json\/wp\/v2\/posts\/2169\/revisions"}],"predecessor-version":[{"id":2222,"href":"https:\/\/artigos.abelacosmetics.com\/en\/wp-json\/wp\/v2\/posts\/2169\/revisions\/2222"}],"wp:featuredmedia":[{"embeddable":true,"href":"https:\/\/artigos.abelacosmetics.com\/en\/wp-json\/wp\/v2\/media\/2172"}],"wp:attachment":[{"href":"https:\/\/artigos.abelacosmetics.com\/en\/wp-json\/wp\/v2\/media?parent=2169"}],"wp:term":[{"taxonomy":"category","embeddable":true,"href":"https:\/\/artigos.abelacosmetics.com\/en\/wp-json\/wp\/v2\/categories?post=2169"},{"taxonomy":"post_tag","embeddable":true,"href":"https:\/\/artigos.abelacosmetics.com\/en\/wp-json\/wp\/v2\/tags?post=2169"}],"curies":[{"name":"wp","href":"https:\/\/api.w.org\/{rel}","templated":true}]}}