{"id":2055,"date":"2022-12-15T09:12:29","date_gmt":"2022-12-15T12:12:29","guid":{"rendered":"https:\/\/artigos.abelacosmetics.com\/?p=2055"},"modified":"2023-01-05T17:55:31","modified_gmt":"2023-01-05T20:55:31","slug":"cabelos-antigos-que-estao-em-alta","status":"publish","type":"post","link":"https:\/\/artigos.abelacosmetics.com\/en\/cabelos-antigos-que-estao-em-alta\/","title":{"rendered":"Quais s\u00e3o os tipos de cabelos antigos que voltaram a moda?"},"content":{"rendered":"<p>&nbsp;<\/p>\n<p>&nbsp;<\/p>\n<p><span style=\"font-weight: 400;\">Alguns dos estilos de <\/span><b>cabelos antigos est\u00e3o em alta<\/b><span style=\"font-weight: 400;\"> no momento.<\/span><\/p>\n<p>&nbsp;<\/p>\n<audio class=\"wp-audio-shortcode\" id=\"audio-2055-1\" preload=\"none\" style=\"width: 100%;\" controls=\"controls\"><source type=\"audio\/mpeg\" src=\"https:\/\/artigos.abelacosmetics.com\/wp-content\/uploads\/2022\/12\/b378d6f7-5de8-4836-a887-93ac244bec45.mp3?_=1\" \/><a href=\"https:\/\/artigos.abelacosmetics.com\/wp-content\/uploads\/2022\/12\/b378d6f7-5de8-4836-a887-93ac244bec45.mp3\">https:\/\/artigos.abelacosmetics.com\/wp-content\/uploads\/2022\/12\/b378d6f7-5de8-4836-a887-93ac244bec45.mp3<\/a><\/audio>\n<p>&nbsp;<\/p>\n<p>A moda \u00e9 conhecida por ser c\u00edclica, as tend\u00eancias v\u00eam e v\u00e3o, e \u00e9 completamente normal que algo que j\u00e1 esteve em alta no passado, volte a ficar em destaque no presente. Quem pensa que isso se limita \u00e0s roupas est\u00e1 enganada!<\/p>\n<p><span style=\"font-weight: 400;\">A moda para os cabelos engloba alguns aspectos como o corte, a cor, a textura, os penteados, finaliza\u00e7\u00f5es, acess\u00f3rios e tudo isso se adequando ao contexto social, ultimamente os consumidores v\u00eam apostando em <\/span><a href=\"https:\/\/artigos.abelacosmetics.com\/en\/produtos\/\"><span style=\"font-weight: 400;\">produtos mais naturais<\/span><\/a><span style=\"font-weight: 400;\">, veganos, livres de crueldade animal e com o m\u00ednimo de qu\u00edmica poss\u00edvel.<\/span><\/p>\n<p><span style=\"font-weight: 400;\">Podemos ver claramente como o contexto social impacta no modo como usamos nossos cabelos, principalmente nos dias de hoje, onde somos t\u00e3o influenciados pela internet, facilitando a padroniza\u00e7\u00e3o e a velocidade em que as tend\u00eancias se espalham, s\u00e3o adeptas e substitu\u00eddas por novas tend\u00eancias.<\/span><\/p>\n<p><span style=\"font-weight: 400;\">Durante o ano de 2020, devido ao isolamento social, muitas pessoas que antes faziam uso de qu\u00edmicas para alisar os cabelos, precisaram dar uma pausa, e com isso, pod\u00edamos acompanhar uma onda de pessoas passando pela transi\u00e7\u00e3o capilar e assumindo seus cachos, o que come\u00e7ou com v\u00eddeos nas redes sociais acabou ocupando espa\u00e7o na m\u00eddia, com comerciais, linhas voltadas para essas pessoas e nomes relevantes assumindo seus cabelos naturais.<\/span><\/p>\n<p><span style=\"font-weight: 400;\">Assim como houveram aqueles que optaram por mudar as cores dos cabelos. O que deixou em evid\u00eancia a tend\u00eancia da colora\u00e7\u00e3o, principalmente de cores fantasias, os famosos cabelos coloridos, que vieram de v\u00e1rias maneiras, desde pequenas mechas, aos cabelos metade de uma cor, metade de outra e os completamente coloridos.<\/span><\/p>\n<p><span style=\"font-weight: 400;\">Muitas dessas pessoas, por realizarem esses procedimentos em casa e sem aux\u00edlio profissional e o devido cuidado, acabaram danificando extremamente os cabelos e at\u00e9 sofrendo cortes qu\u00edmicos, o que refor\u00e7ou mais ainda esse desejo por produtos mais naturais, que tratam o cabelo, para recuper\u00e1-los da maneira correta e manter esse cuidado ap\u00f3s a recupera\u00e7\u00e3o.<\/span><\/p>\n<p><span style=\"font-weight: 400;\">No entanto, n\u00e3o foram s\u00f3 as cores e texturas que protagonizaram as tend\u00eancias de estilos de cabelo durante esse per\u00edodo que seguem at\u00e9 hoje, veja alguns dos cortes que est\u00e3o em alta agora.<\/span><\/p>\n<h2><\/h2>\n<h2 style=\"text-align: center;\"><span style=\"font-weight: 400;\">Shaggy Hair, dos anos 70 para 2023<\/span><\/h2>\n<p><img loading=\"lazy\" decoding=\"async\" class=\"wp-image-2069 aligncenter\" src=\"https:\/\/artigos.abelacosmetics.com\/wp-content\/uploads\/2022\/12\/shaggy-hair-200x300.jpeg\" alt=\"\" width=\"396\" height=\"595\" srcset=\"https:\/\/artigos.abelacosmetics.com\/wp-content\/uploads\/2022\/12\/shaggy-hair-200x300.jpeg 200w, https:\/\/artigos.abelacosmetics.com\/wp-content\/uploads\/2022\/12\/shaggy-hair-8x12.jpeg 8w\" sizes=\"auto, (max-width: 396px) 100vw, 396px\" \/><\/p>\n<p>&nbsp;<\/p>\n<p><span style=\"font-weight: 400;\">Este corte vem conquistando espa\u00e7o entre os queridinhos para o pr\u00f3ximo ano, ele j\u00e1 foi usado recentemente por nomes como Billie Eilish e Zendaya, consiste em um comprimento m\u00e9dio, com camadas e fios repicados, que garante movimento e volume ao seu visual.<\/span><\/p>\n<p><span style=\"font-weight: 400;\">Para complementar esse estilo e dar um ar mais moderno ao corte, ele vem acompanhado de uma franja, mas \u00e9 sempre interessante que no momento da finaliza\u00e7\u00e3o voc\u00ea use t\u00e9cnicas para dar volume para a raiz.<\/span><\/p>\n<h2><\/h2>\n<p>&nbsp;<\/p>\n<h2 style=\"text-align: center;\"><span style=\"font-weight: 400;\">Corte Pixie, o antigo \u201cJo\u00e3ozinho\u201d<\/span><\/h2>\n<p><img loading=\"lazy\" decoding=\"async\" class=\"wp-image-2062 aligncenter\" src=\"https:\/\/artigos.abelacosmetics.com\/wp-content\/uploads\/2022\/12\/5-1-206x300.png\" alt=\"\" width=\"392\" height=\"571\" srcset=\"https:\/\/artigos.abelacosmetics.com\/wp-content\/uploads\/2022\/12\/5-1-206x300.png 206w, https:\/\/artigos.abelacosmetics.com\/wp-content\/uploads\/2022\/12\/5-1-8x12.png 8w, https:\/\/artigos.abelacosmetics.com\/wp-content\/uploads\/2022\/12\/5-1.png 550w\" sizes=\"auto, (max-width: 392px) 100vw, 392px\" \/><\/p>\n<p>&nbsp;<\/p>\n<p><span style=\"font-weight: 400;\">Esse corte foi pol\u00eamico por um tempo, principalmente pelo preconceito que ele carregou, mas o lado bom da moda ser c\u00edclica \u00e9 justamente poder atualizar, adaptar e renovar determinados conceitos e vis\u00f5es para as antigas tend\u00eancias, como as influentes Demi Lovato e Kristen Stewart mostraram.<\/span><\/p>\n<p><span style=\"font-weight: 400;\">Esse corte esbanja modernidade, ousadia e pode te deixar mais sexy, \u00e9 um curtinho, com nuca aparecendo e uma franja pequena, o segredo desse corte est\u00e1 na finaliza\u00e7\u00e3o, assim como nos outros, sendo indicado o uso de pomadas, sprays fixadores e shampoo a seco.<\/span><\/p>\n<h2><\/h2>\n<p>&nbsp;<\/p>\n<h2 style=\"text-align: center;\"><span style=\"font-weight: 400;\">Cabelo super longo quase Rapunzel<\/span><\/h2>\n<p><img loading=\"lazy\" decoding=\"async\" class=\"wp-image-2070 aligncenter\" src=\"https:\/\/artigos.abelacosmetics.com\/wp-content\/uploads\/2022\/12\/blog-485-x-485-550-\u00d7-550-px-550-\u00d7-800-px-206x300.png\" alt=\"\" width=\"418\" height=\"609\" srcset=\"https:\/\/artigos.abelacosmetics.com\/wp-content\/uploads\/2022\/12\/blog-485-x-485-550-\u00d7-550-px-550-\u00d7-800-px-206x300.png 206w, https:\/\/artigos.abelacosmetics.com\/wp-content\/uploads\/2022\/12\/blog-485-x-485-550-\u00d7-550-px-550-\u00d7-800-px-8x12.png 8w, https:\/\/artigos.abelacosmetics.com\/wp-content\/uploads\/2022\/12\/blog-485-x-485-550-\u00d7-550-px-550-\u00d7-800-px.png 550w\" sizes=\"auto, (max-width: 418px) 100vw, 418px\" \/><\/p>\n<p>&nbsp;<\/p>\n<p><span style=\"font-weight: 400;\">Esse visual se tornou a marca registrada de nomes da m\u00eddia, artistas e modelos, como a Kim Kardashian e Naomi Campbell, mas ele exige que o cabelo esteja bem tratado, uniforme em rela\u00e7\u00e3o ao volume da raiz \u00e0s pontas e sem frizz.<\/span><\/p>\n<p><span style=\"font-weight: 400;\">Os cabelos extremamente longos, abaixo do quadril, que antes era usado em corte reto, agora \u00e9 feito em formato de \u201cv\u201d, e na maioria das vezes acompanhado de um bom rabo de cavalo para dar mais eleg\u00e2ncia ao look.<\/span><\/p>\n<h2><\/h2>\n<p>&nbsp;<\/p>\n<h2 style=\"text-align: center;\"><span style=\"font-weight: 400;\">O cl\u00e1ssico Mullet, dos anos 80 para 2023<\/span><\/h2>\n<p><img loading=\"lazy\" decoding=\"async\" class=\"wp-image-2066 aligncenter\" src=\"https:\/\/artigos.abelacosmetics.com\/wp-content\/uploads\/2022\/12\/mullet.jpg\" alt=\"\" width=\"453\" height=\"543\" srcset=\"https:\/\/artigos.abelacosmetics.com\/wp-content\/uploads\/2022\/12\/mullet.jpg 205w, https:\/\/artigos.abelacosmetics.com\/wp-content\/uploads\/2022\/12\/mullet-10x12.jpg 10w\" sizes=\"auto, (max-width: 453px) 100vw, 453px\" \/><\/p>\n<p>&nbsp;<\/p>\n<p><span style=\"font-weight: 400;\">Se tem algo que a nova gera\u00e7\u00e3o gosta de fazer \u00e9 quebrar padr\u00f5es que haviam sido impostos, principalmente os de g\u00eanero, o corte Mullet ficou muito popular entre os homens dos anos 80, mas dessa vez ele fez sucesso entre as mulheres.<\/span><\/p>\n<p><span style=\"font-weight: 400;\">Uma das grandes respons\u00e1veis pela sua populariza\u00e7\u00e3o foi a cantora Miley Cyrus, e o mais curioso \u00e9 que esse corte foi a marca registrada de seu pai durante anos, \u00e9 ideal para quem quer um visual nada convencional, mais ousado e cool, entrega um ar mais despojado devido as suas camadas e comprimento m\u00e9dio para curto.<\/span><\/p>\n<h2><\/h2>\n<p>&nbsp;<\/p>\n<h2 style=\"text-align: center;\"><span style=\"font-weight: 400;\">The Rachel, da TV para o p\u00fablico<\/span><\/h2>\n<p><img loading=\"lazy\" decoding=\"async\" class=\"wp-image-2063 aligncenter\" src=\"https:\/\/artigos.abelacosmetics.com\/wp-content\/uploads\/2022\/12\/6-206x300.png\" alt=\"\" width=\"447\" height=\"651\" srcset=\"https:\/\/artigos.abelacosmetics.com\/wp-content\/uploads\/2022\/12\/6-206x300.png 206w, https:\/\/artigos.abelacosmetics.com\/wp-content\/uploads\/2022\/12\/6-8x12.png 8w, https:\/\/artigos.abelacosmetics.com\/wp-content\/uploads\/2022\/12\/6.png 550w\" sizes=\"auto, (max-width: 447px) 100vw, 447px\" \/><\/p>\n<p>&nbsp;<\/p>\n<p><span style=\"font-weight: 400;\">Esse corte de cabelo nada mais \u00e9 do que uma inspira\u00e7\u00e3o do ic\u00f4nico corte de cabelo da personagem Rachel da s\u00e9rie de TV dos anos 90, Friends, interpretada por Jennifer Aniston, que tamb\u00e9m foi respons\u00e1vel por v\u00e1rias outras tend\u00eancias de cabelo e roupas, ele entrega um visual mais curto e com muitas camadas tamb\u00e9m curtas e uma franja lateral.<\/span><\/p>\n<p>&nbsp;<\/p>\n<h2><\/h2>\n<h2 style=\"text-align: center;\"><span style=\"font-weight: 400;\">Volume, cabelo Fluffy e Curtain Bangs<\/span><\/h2>\n<p><img loading=\"lazy\" decoding=\"async\" class=\"wp-image-2064 aligncenter\" src=\"https:\/\/artigos.abelacosmetics.com\/wp-content\/uploads\/2022\/12\/Fluffy-e-Curtain-Bangs.jpg\" alt=\"\" width=\"434\" height=\"654\" srcset=\"https:\/\/artigos.abelacosmetics.com\/wp-content\/uploads\/2022\/12\/Fluffy-e-Curtain-Bangs.jpg 183w, https:\/\/artigos.abelacosmetics.com\/wp-content\/uploads\/2022\/12\/Fluffy-e-Curtain-Bangs-8x12.jpg 8w\" sizes=\"auto, (max-width: 434px) 100vw, 434px\" \/><\/p>\n<p>&nbsp;<\/p>\n<p><span style=\"font-weight: 400;\">As franjas laterais dominaram os cortes de cabelo por muitos anos, mas com a volta dos anos 90 as conhecidas como Curtain Bangs voltaram com tudo, e logo as redes sociais foram tomadas por v\u00eddeos de pessoas cortando seus cabelos em casa.<\/span><\/p>\n<p><span style=\"font-weight: 400;\">S\u00e3o franjas na altura da boca mais ou menos e modeladas, normalmente v\u00eam acompanhadas do volume que o estilo de cabelo Fluffy oferece, marcados por grandes nomes como a Jennifer Aniston, Danielle Fishel e Alicia Silverstone.<\/span><\/p>\n<p><span style=\"font-weight: 400;\">Como precisa de modelagem para dar o efeito certo, \u00e9 muito bom usar os antigos e famosos bobs de cabelo, que deixam a finaliza\u00e7\u00e3o com esse aspecto volumoso, bem definido e de escova de sal\u00e3o.<\/span><\/p>\n<h2><\/h2>\n<p>&nbsp;<\/p>\n<h2 style=\"text-align: center;\"><span style=\"font-weight: 400;\">A volta das franjas laterais<\/span><\/h2>\n<p><img loading=\"lazy\" decoding=\"async\" class=\"wp-image-2065 aligncenter\" src=\"https:\/\/artigos.abelacosmetics.com\/wp-content\/uploads\/2022\/12\/franja-lateral-225x300.jpg\" alt=\"\" width=\"468\" height=\"623\" srcset=\"https:\/\/artigos.abelacosmetics.com\/wp-content\/uploads\/2022\/12\/franja-lateral-225x300.jpg 225w, https:\/\/artigos.abelacosmetics.com\/wp-content\/uploads\/2022\/12\/franja-lateral-9x12.jpg 9w, https:\/\/artigos.abelacosmetics.com\/wp-content\/uploads\/2022\/12\/franja-lateral.jpg 516w\" sizes=\"auto, (max-width: 468px) 100vw, 468px\" \/><\/p>\n<p>&nbsp;<\/p>\n<p><span style=\"font-weight: 400;\">As franjas laterais foram amadas por muitos anos, mas ultimamente deu espa\u00e7o para a divis\u00e3o no meio do cabelo, o que dividiu opini\u00f5es no come\u00e7o, mas logo conquistou a grande maioria das pessoas, mas como todas as tend\u00eancias sempre acabam voltando, elas vieram dessa vez de um jeito um pouco diferente.<\/span><\/p>\n<p><span style=\"font-weight: 400;\">A est\u00e9tica de \u201cclean girl\u201d ficou muito conhecida e caracterizada pelo cabelo preso em coque baixo ou rabo de cavalo, franjas laterais e muito gel de cabelo, a inten\u00e7\u00e3o \u00e9 deixar o cabelo com aspecto molhado, elas t\u00eam a Bella Hadid como grande entusiasta, com o cabelo preso ou solto, e promete se consolidar ainda mais em 2023.\u00a0<\/span><\/p>\n<p><span style=\"font-weight: 400;\">Conseguiu identificar quais s\u00e3o os cabelos antigos que est\u00e3o em alta no momento?<\/span><\/p>\n<p><span style=\"font-weight: 400;\">Para garantir que seu cabelo fique lindo com qualquer um dos penteados, cortes, texturas e cores escolhidas, preze por usar <\/span><a href=\"https:\/\/artigos.abelacosmetics.com\/en\/\"><span style=\"font-weight: 400;\">produtos de qualidade<\/span><\/a><span style=\"font-weight: 400;\">.<\/span><\/p>\n<p>&nbsp;<\/p>\n<p><img loading=\"lazy\" decoding=\"async\" class=\"alignnone wp-image-2057\" src=\"https:\/\/artigos.abelacosmetics.com\/wp-content\/uploads\/2022\/12\/11-300x152.png\" alt=\"\" width=\"1024\" height=\"519\" srcset=\"https:\/\/artigos.abelacosmetics.com\/wp-content\/uploads\/2022\/12\/11-300x152.png 300w, https:\/\/artigos.abelacosmetics.com\/wp-content\/uploads\/2022\/12\/11-768x389.png 768w, https:\/\/artigos.abelacosmetics.com\/wp-content\/uploads\/2022\/12\/11-18x9.png 18w, https:\/\/artigos.abelacosmetics.com\/wp-content\/uploads\/2022\/12\/11.png 850w\" sizes=\"auto, (max-width: 1024px) 100vw, 1024px\" \/><\/p>","protected":false},"excerpt":{"rendered":"<p>&nbsp; &nbsp; Alguns dos estilos de cabelos antigos est\u00e3o em alta no momento. &nbsp; &nbsp; A moda \u00e9 conhecida por ser c\u00edclica, as tend\u00eancias v\u00eam e v\u00e3o, e \u00e9 completamente normal que algo que j\u00e1 esteve em alta no passado, volte a ficar em destaque no presente. Quem pensa que isso se limita \u00e0s roupas [&hellip;]<\/p>","protected":false},"author":1,"featured_media":2071,"comment_status":"open","ping_status":"open","sticky":false,"template":"","format":"standard","meta":{"_acf_changed":false,"_mo_disable_npp":"","inline_featured_image":false,"footnotes":""},"categories":[33,1],"tags":[],"class_list":["post-2055","post","type-post","status-publish","format-standard","has-post-thumbnail","hentry","category-estilo","category-novidades"],"acf":[],"yoast_head":"<!-- This site is optimized with the Yoast SEO Premium plugin v19.2.1 (Yoast SEO v26.9) - https:\/\/yoast.com\/product\/yoast-seo-premium-wordpress\/ -->\n<title>Quais s\u00e3o os tipos de cabelos antigos que voltaram a moda? - Abela Cosmetics<\/title>\n<meta name=\"description\" content=\"A moda est\u00e1 em constante mudan\u00e7a, e os visuais antigos sempre acabam voltando de um jeito novo, ent\u00e3o fique por dentro de quais cabelos antigos est\u00e3o em alta lendo esse artigo.\" \/>\n<meta name=\"robots\" content=\"index, follow, max-snippet:-1, max-image-preview:large, max-video-preview:-1\" \/>\n<link rel=\"canonical\" href=\"https:\/\/artigos.abelacosmetics.com\/en\/cabelos-antigos-que-estao-em-alta\/\" \/>\n<meta property=\"og:locale\" content=\"en_US\" \/>\n<meta property=\"og:type\" content=\"article\" \/>\n<meta property=\"og:title\" content=\"Quais s\u00e3o os tipos de cabelos antigos que voltaram a moda?\" \/>\n<meta property=\"og:description\" content=\"A moda est\u00e1 em constante mudan\u00e7a, e os visuais antigos sempre acabam voltando de um jeito novo, ent\u00e3o fique por dentro de quais cabelos antigos est\u00e3o em alta lendo esse artigo.\" \/>\n<meta property=\"og:url\" content=\"https:\/\/artigos.abelacosmetics.com\/en\/cabelos-antigos-que-estao-em-alta\/\" \/>\n<meta property=\"og:site_name\" content=\"Abela Cosmetics\" \/>\n<meta property=\"article:publisher\" content=\"https:\/\/www.facebook.com\/abelacosmetics\" \/>\n<meta property=\"article:published_time\" content=\"2022-12-15T12:12:29+00:00\" \/>\n<meta property=\"article:modified_time\" content=\"2023-01-05T20:55:31+00:00\" \/>\n<meta property=\"og:image\" content=\"https:\/\/artigos.abelacosmetics.com\/wp-content\/uploads\/2022\/12\/21.png\" \/>\n\t<meta property=\"og:image:width\" content=\"850\" \/>\n\t<meta property=\"og:image:height\" content=\"430\" \/>\n\t<meta property=\"og:image:type\" content=\"image\/png\" \/>\n<meta name=\"author\" content=\"admin\" \/>\n<meta name=\"twitter:card\" content=\"summary_large_image\" \/>\n<meta name=\"twitter:label1\" content=\"Written by\" \/>\n\t<meta name=\"twitter:data1\" content=\"admin\" \/>\n\t<meta name=\"twitter:label2\" content=\"Est. reading time\" \/>\n\t<meta name=\"twitter:data2\" content=\"8 minutes\" \/>\n<script type=\"application\/ld+json\" class=\"yoast-schema-graph\">{\"@context\":\"https:\/\/schema.org\",\"@graph\":[{\"@type\":\"Article\",\"@id\":\"https:\/\/artigos.abelacosmetics.com\/cabelos-antigos-que-estao-em-alta\/#article\",\"isPartOf\":{\"@id\":\"https:\/\/artigos.abelacosmetics.com\/cabelos-antigos-que-estao-em-alta\/\"},\"author\":{\"name\":\"admin\",\"@id\":\"https:\/\/artigos.abelacosmetics.com\/#\/schema\/person\/675710be590edb47293978092f4e20f4\"},\"headline\":\"Quais s\u00e3o os tipos de cabelos antigos que voltaram a moda?\",\"datePublished\":\"2022-12-15T12:12:29+00:00\",\"dateModified\":\"2023-01-05T20:55:31+00:00\",\"mainEntityOfPage\":{\"@id\":\"https:\/\/artigos.abelacosmetics.com\/cabelos-antigos-que-estao-em-alta\/\"},\"wordCount\":1169,\"commentCount\":0,\"publisher\":{\"@id\":\"https:\/\/artigos.abelacosmetics.com\/#organization\"},\"image\":{\"@id\":\"https:\/\/artigos.abelacosmetics.com\/cabelos-antigos-que-estao-em-alta\/#primaryimage\"},\"thumbnailUrl\":\"https:\/\/artigos.abelacosmetics.com\/wp-content\/uploads\/2022\/12\/21.png\",\"articleSection\":[\"Estilo\",\"Novidades\"],\"inLanguage\":\"en-US\",\"potentialAction\":[{\"@type\":\"CommentAction\",\"name\":\"Comment\",\"target\":[\"https:\/\/artigos.abelacosmetics.com\/cabelos-antigos-que-estao-em-alta\/#respond\"]}]},{\"@type\":\"WebPage\",\"@id\":\"https:\/\/artigos.abelacosmetics.com\/cabelos-antigos-que-estao-em-alta\/\",\"url\":\"https:\/\/artigos.abelacosmetics.com\/cabelos-antigos-que-estao-em-alta\/\",\"name\":\"Quais s\u00e3o os tipos de cabelos antigos que voltaram a moda? - Abela Cosmetics\",\"isPartOf\":{\"@id\":\"https:\/\/artigos.abelacosmetics.com\/#website\"},\"primaryImageOfPage\":{\"@id\":\"https:\/\/artigos.abelacosmetics.com\/cabelos-antigos-que-estao-em-alta\/#primaryimage\"},\"image\":{\"@id\":\"https:\/\/artigos.abelacosmetics.com\/cabelos-antigos-que-estao-em-alta\/#primaryimage\"},\"thumbnailUrl\":\"https:\/\/artigos.abelacosmetics.com\/wp-content\/uploads\/2022\/12\/21.png\",\"datePublished\":\"2022-12-15T12:12:29+00:00\",\"dateModified\":\"2023-01-05T20:55:31+00:00\",\"description\":\"A moda est\u00e1 em constante mudan\u00e7a, e os visuais antigos sempre acabam voltando de um jeito novo, ent\u00e3o fique por dentro de quais cabelos antigos est\u00e3o em alta lendo esse artigo.\",\"breadcrumb\":{\"@id\":\"https:\/\/artigos.abelacosmetics.com\/cabelos-antigos-que-estao-em-alta\/#breadcrumb\"},\"inLanguage\":\"en-US\",\"potentialAction\":[{\"@type\":\"ReadAction\",\"target\":[\"https:\/\/artigos.abelacosmetics.com\/cabelos-antigos-que-estao-em-alta\/\"]}]},{\"@type\":\"ImageObject\",\"inLanguage\":\"en-US\",\"@id\":\"https:\/\/artigos.abelacosmetics.com\/cabelos-antigos-que-estao-em-alta\/#primaryimage\",\"url\":\"https:\/\/artigos.abelacosmetics.com\/wp-content\/uploads\/2022\/12\/21.png\",\"contentUrl\":\"https:\/\/artigos.abelacosmetics.com\/wp-content\/uploads\/2022\/12\/21.png\",\"width\":850,\"height\":430},{\"@type\":\"BreadcrumbList\",\"@id\":\"https:\/\/artigos.abelacosmetics.com\/cabelos-antigos-que-estao-em-alta\/#breadcrumb\",\"itemListElement\":[{\"@type\":\"ListItem\",\"position\":1,\"name\":\"In\u00edcio\",\"item\":\"https:\/\/artigos.abelacosmetics.com\/\"},{\"@type\":\"ListItem\",\"position\":2,\"name\":\"Quais s\u00e3o os tipos de cabelos antigos que voltaram a moda?\"}]},{\"@type\":\"WebSite\",\"@id\":\"https:\/\/artigos.abelacosmetics.com\/#website\",\"url\":\"https:\/\/artigos.abelacosmetics.com\/\",\"name\":\"Abela Cosmetics\",\"description\":\"Cuidados para Cabelos \u00danicos\",\"publisher\":{\"@id\":\"https:\/\/artigos.abelacosmetics.com\/#organization\"},\"potentialAction\":[{\"@type\":\"SearchAction\",\"target\":{\"@type\":\"EntryPoint\",\"urlTemplate\":\"https:\/\/artigos.abelacosmetics.com\/?s={search_term_string}\"},\"query-input\":{\"@type\":\"PropertyValueSpecification\",\"valueRequired\":true,\"valueName\":\"search_term_string\"}}],\"inLanguage\":\"en-US\"},{\"@type\":\"Organization\",\"@id\":\"https:\/\/artigos.abelacosmetics.com\/#organization\",\"name\":\"Abela Cosmetics\",\"url\":\"https:\/\/artigos.abelacosmetics.com\/\",\"logo\":{\"@type\":\"ImageObject\",\"inLanguage\":\"en-US\",\"@id\":\"https:\/\/artigos.abelacosmetics.com\/#\/schema\/logo\/image\/\",\"url\":\"https:\/\/artigos.abelacosmetics.com\/wp-content\/uploads\/2023\/02\/logo-abela.png\",\"contentUrl\":\"https:\/\/artigos.abelacosmetics.com\/wp-content\/uploads\/2023\/02\/logo-abela.png\",\"width\":183,\"height\":90,\"caption\":\"Abela Cosmetics\"},\"image\":{\"@id\":\"https:\/\/artigos.abelacosmetics.com\/#\/schema\/logo\/image\/\"},\"sameAs\":[\"https:\/\/www.facebook.com\/abelacosmetics\"]},{\"@type\":\"Person\",\"@id\":\"https:\/\/artigos.abelacosmetics.com\/#\/schema\/person\/675710be590edb47293978092f4e20f4\",\"name\":\"admin\",\"image\":{\"@type\":\"ImageObject\",\"inLanguage\":\"en-US\",\"@id\":\"https:\/\/artigos.abelacosmetics.com\/#\/schema\/person\/image\/\",\"url\":\"https:\/\/secure.gravatar.com\/avatar\/ce9ccc2de538d30bcc33874c5a730e8e078e64fce402cb3cf0668a7439a0e654?s=96&d=mm&r=g\",\"contentUrl\":\"https:\/\/secure.gravatar.com\/avatar\/ce9ccc2de538d30bcc33874c5a730e8e078e64fce402cb3cf0668a7439a0e654?s=96&d=mm&r=g\",\"caption\":\"admin\"},\"sameAs\":[\"http:\/\/localhost\/abela-cosmetic\"],\"url\":\"https:\/\/artigos.abelacosmetics.com\/en\/author\/admin\/\"}]}<\/script>\n<!-- \/ Yoast SEO Premium plugin. -->","yoast_head_json":{"title":"Quais s\u00e3o os tipos de cabelos antigos que voltaram a moda? - Abela Cosmetics","description":"A moda est\u00e1 em constante mudan\u00e7a, e os visuais antigos sempre acabam voltando de um jeito novo, ent\u00e3o fique por dentro de quais cabelos antigos est\u00e3o em alta lendo esse artigo.","robots":{"index":"index","follow":"follow","max-snippet":"max-snippet:-1","max-image-preview":"max-image-preview:large","max-video-preview":"max-video-preview:-1"},"canonical":"https:\/\/artigos.abelacosmetics.com\/en\/cabelos-antigos-que-estao-em-alta\/","og_locale":"en_US","og_type":"article","og_title":"Quais s\u00e3o os tipos de cabelos antigos que voltaram a moda?","og_description":"A moda est\u00e1 em constante mudan\u00e7a, e os visuais antigos sempre acabam voltando de um jeito novo, ent\u00e3o fique por dentro de quais cabelos antigos est\u00e3o em alta lendo esse artigo.","og_url":"https:\/\/artigos.abelacosmetics.com\/en\/cabelos-antigos-que-estao-em-alta\/","og_site_name":"Abela Cosmetics","article_publisher":"https:\/\/www.facebook.com\/abelacosmetics","article_published_time":"2022-12-15T12:12:29+00:00","article_modified_time":"2023-01-05T20:55:31+00:00","og_image":[{"width":850,"height":430,"url":"https:\/\/artigos.abelacosmetics.com\/wp-content\/uploads\/2022\/12\/21.png","type":"image\/png"}],"author":"admin","twitter_card":"summary_large_image","twitter_misc":{"Written by":"admin","Est. reading time":"8 minutes"},"schema":{"@context":"https:\/\/schema.org","@graph":[{"@type":"Article","@id":"https:\/\/artigos.abelacosmetics.com\/cabelos-antigos-que-estao-em-alta\/#article","isPartOf":{"@id":"https:\/\/artigos.abelacosmetics.com\/cabelos-antigos-que-estao-em-alta\/"},"author":{"name":"admin","@id":"https:\/\/artigos.abelacosmetics.com\/#\/schema\/person\/675710be590edb47293978092f4e20f4"},"headline":"Quais s\u00e3o os tipos de cabelos antigos que voltaram a moda?","datePublished":"2022-12-15T12:12:29+00:00","dateModified":"2023-01-05T20:55:31+00:00","mainEntityOfPage":{"@id":"https:\/\/artigos.abelacosmetics.com\/cabelos-antigos-que-estao-em-alta\/"},"wordCount":1169,"commentCount":0,"publisher":{"@id":"https:\/\/artigos.abelacosmetics.com\/#organization"},"image":{"@id":"https:\/\/artigos.abelacosmetics.com\/cabelos-antigos-que-estao-em-alta\/#primaryimage"},"thumbnailUrl":"https:\/\/artigos.abelacosmetics.com\/wp-content\/uploads\/2022\/12\/21.png","articleSection":["Estilo","Novidades"],"inLanguage":"en-US","potentialAction":[{"@type":"CommentAction","name":"Comment","target":["https:\/\/artigos.abelacosmetics.com\/cabelos-antigos-que-estao-em-alta\/#respond"]}]},{"@type":"WebPage","@id":"https:\/\/artigos.abelacosmetics.com\/cabelos-antigos-que-estao-em-alta\/","url":"https:\/\/artigos.abelacosmetics.com\/cabelos-antigos-que-estao-em-alta\/","name":"Quais s\u00e3o os tipos de cabelos antigos que voltaram a moda? - Abela Cosmetics","isPartOf":{"@id":"https:\/\/artigos.abelacosmetics.com\/#website"},"primaryImageOfPage":{"@id":"https:\/\/artigos.abelacosmetics.com\/cabelos-antigos-que-estao-em-alta\/#primaryimage"},"image":{"@id":"https:\/\/artigos.abelacosmetics.com\/cabelos-antigos-que-estao-em-alta\/#primaryimage"},"thumbnailUrl":"https:\/\/artigos.abelacosmetics.com\/wp-content\/uploads\/2022\/12\/21.png","datePublished":"2022-12-15T12:12:29+00:00","dateModified":"2023-01-05T20:55:31+00:00","description":"A moda est\u00e1 em constante mudan\u00e7a, e os visuais antigos sempre acabam voltando de um jeito novo, ent\u00e3o fique por dentro de quais cabelos antigos est\u00e3o em alta lendo esse artigo.","breadcrumb":{"@id":"https:\/\/artigos.abelacosmetics.com\/cabelos-antigos-que-estao-em-alta\/#breadcrumb"},"inLanguage":"en-US","potentialAction":[{"@type":"ReadAction","target":["https:\/\/artigos.abelacosmetics.com\/cabelos-antigos-que-estao-em-alta\/"]}]},{"@type":"ImageObject","inLanguage":"en-US","@id":"https:\/\/artigos.abelacosmetics.com\/cabelos-antigos-que-estao-em-alta\/#primaryimage","url":"https:\/\/artigos.abelacosmetics.com\/wp-content\/uploads\/2022\/12\/21.png","contentUrl":"https:\/\/artigos.abelacosmetics.com\/wp-content\/uploads\/2022\/12\/21.png","width":850,"height":430},{"@type":"BreadcrumbList","@id":"https:\/\/artigos.abelacosmetics.com\/cabelos-antigos-que-estao-em-alta\/#breadcrumb","itemListElement":[{"@type":"ListItem","position":1,"name":"In\u00edcio","item":"https:\/\/artigos.abelacosmetics.com\/"},{"@type":"ListItem","position":2,"name":"Quais s\u00e3o os tipos de cabelos antigos que voltaram a moda?"}]},{"@type":"WebSite","@id":"https:\/\/artigos.abelacosmetics.com\/#website","url":"https:\/\/artigos.abelacosmetics.com\/","name":"Abela Cosmetics","description":"Cuidados para Cabelos \u00danicos","publisher":{"@id":"https:\/\/artigos.abelacosmetics.com\/#organization"},"potentialAction":[{"@type":"SearchAction","target":{"@type":"EntryPoint","urlTemplate":"https:\/\/artigos.abelacosmetics.com\/?s={search_term_string}"},"query-input":{"@type":"PropertyValueSpecification","valueRequired":true,"valueName":"search_term_string"}}],"inLanguage":"en-US"},{"@type":"Organization","@id":"https:\/\/artigos.abelacosmetics.com\/#organization","name":"Abela Cosmetics","url":"https:\/\/artigos.abelacosmetics.com\/","logo":{"@type":"ImageObject","inLanguage":"en-US","@id":"https:\/\/artigos.abelacosmetics.com\/#\/schema\/logo\/image\/","url":"https:\/\/artigos.abelacosmetics.com\/wp-content\/uploads\/2023\/02\/logo-abela.png","contentUrl":"https:\/\/artigos.abelacosmetics.com\/wp-content\/uploads\/2023\/02\/logo-abela.png","width":183,"height":90,"caption":"Abela Cosmetics"},"image":{"@id":"https:\/\/artigos.abelacosmetics.com\/#\/schema\/logo\/image\/"},"sameAs":["https:\/\/www.facebook.com\/abelacosmetics"]},{"@type":"Person","@id":"https:\/\/artigos.abelacosmetics.com\/#\/schema\/person\/675710be590edb47293978092f4e20f4","name":"admin","image":{"@type":"ImageObject","inLanguage":"en-US","@id":"https:\/\/artigos.abelacosmetics.com\/#\/schema\/person\/image\/","url":"https:\/\/secure.gravatar.com\/avatar\/ce9ccc2de538d30bcc33874c5a730e8e078e64fce402cb3cf0668a7439a0e654?s=96&d=mm&r=g","contentUrl":"https:\/\/secure.gravatar.com\/avatar\/ce9ccc2de538d30bcc33874c5a730e8e078e64fce402cb3cf0668a7439a0e654?s=96&d=mm&r=g","caption":"admin"},"sameAs":["http:\/\/localhost\/abela-cosmetic"],"url":"https:\/\/artigos.abelacosmetics.com\/en\/author\/admin\/"}]}},"_links":{"self":[{"href":"https:\/\/artigos.abelacosmetics.com\/en\/wp-json\/wp\/v2\/posts\/2055","targetHints":{"allow":["GET"]}}],"collection":[{"href":"https:\/\/artigos.abelacosmetics.com\/en\/wp-json\/wp\/v2\/posts"}],"about":[{"href":"https:\/\/artigos.abelacosmetics.com\/en\/wp-json\/wp\/v2\/types\/post"}],"author":[{"embeddable":true,"href":"https:\/\/artigos.abelacosmetics.com\/en\/wp-json\/wp\/v2\/users\/1"}],"replies":[{"embeddable":true,"href":"https:\/\/artigos.abelacosmetics.com\/en\/wp-json\/wp\/v2\/comments?post=2055"}],"version-history":[{"count":11,"href":"https:\/\/artigos.abelacosmetics.com\/en\/wp-json\/wp\/v2\/posts\/2055\/revisions"}],"predecessor-version":[{"id":2225,"href":"https:\/\/artigos.abelacosmetics.com\/en\/wp-json\/wp\/v2\/posts\/2055\/revisions\/2225"}],"wp:featuredmedia":[{"embeddable":true,"href":"https:\/\/artigos.abelacosmetics.com\/en\/wp-json\/wp\/v2\/media\/2071"}],"wp:attachment":[{"href":"https:\/\/artigos.abelacosmetics.com\/en\/wp-json\/wp\/v2\/media?parent=2055"}],"wp:term":[{"taxonomy":"category","embeddable":true,"href":"https:\/\/artigos.abelacosmetics.com\/en\/wp-json\/wp\/v2\/categories?post=2055"},{"taxonomy":"post_tag","embeddable":true,"href":"https:\/\/artigos.abelacosmetics.com\/en\/wp-json\/wp\/v2\/tags?post=2055"}],"curies":[{"name":"wp","href":"https:\/\/api.w.org\/{rel}","templated":true}]}}