{"id":1822,"date":"2022-11-21T17:17:02","date_gmt":"2022-11-21T20:17:02","guid":{"rendered":"https:\/\/artigos.abelacosmetics.com\/?p=1822"},"modified":"2023-01-26T10:31:46","modified_gmt":"2023-01-26T13:31:46","slug":"magic-butter-abela-cosmetics","status":"publish","type":"post","link":"https:\/\/artigos.abelacosmetics.com\/en\/magic-butter-abela-cosmetics\/","title":{"rendered":"Magic Butter da Abela: Qual o segredo deste tratamento?"},"content":{"rendered":"<p>&nbsp;<\/p>\n<p>&nbsp;<\/p>\n<p><span style=\"font-weight: 400;\">A <em>Magic Butter<\/em> \u00e9 uma m\u00e1scara capilar de tratamento intensivo que utiliza componentes naturais capazes de restaurar o brilho e a vitalidade dos fios. Devido a sua f\u00f3rmula especial, a <em>Magic Butter<\/em> se tornou um dos produtos capilares mais queridos da Abela.<\/span><\/p>\n<p>&nbsp;<\/p>\n<audio class=\"wp-audio-shortcode\" id=\"audio-1822-1\" preload=\"none\" style=\"width: 100%;\" controls=\"controls\"><source type=\"audio\/mpeg\" src=\"https:\/\/artigos.abelacosmetics.com\/wp-content\/uploads\/2022\/11\/magic-butter.mp3?_=1\" \/><a href=\"https:\/\/artigos.abelacosmetics.com\/wp-content\/uploads\/2022\/11\/magic-butter.mp3\">https:\/\/artigos.abelacosmetics.com\/wp-content\/uploads\/2022\/11\/magic-butter.mp3<\/a><\/audio>\n<h2><\/h2>\n<h2><span style=\"font-weight: 400;\">O que \u00e9 a Magic Butter ?<\/span><\/h2>\n<p><img loading=\"lazy\" decoding=\"async\" class=\"alignnone wp-image-1826\" src=\"https:\/\/artigos.abelacosmetics.com\/wp-content\/uploads\/2022\/11\/3-3-300x169.png\" alt=\"\" width=\"726\" height=\"409\" srcset=\"https:\/\/artigos.abelacosmetics.com\/wp-content\/uploads\/2022\/11\/3-3-300x169.png 300w, https:\/\/artigos.abelacosmetics.com\/wp-content\/uploads\/2022\/11\/3-3-768x432.png 768w, https:\/\/artigos.abelacosmetics.com\/wp-content\/uploads\/2022\/11\/3-3-18x10.png 18w, https:\/\/artigos.abelacosmetics.com\/wp-content\/uploads\/2022\/11\/3-3.png 960w\" sizes=\"auto, (max-width: 726px) 100vw, 726px\" \/><\/p>\n<p><span style=\"font-weight: 400;\">A <em>Magic Butter<\/em> \u00e9 uma m\u00e1scara capilar de tratamento intensivo baseada em compostos de origem natural. Ela \u00e9 indicada principalmente para cabelos danificados e quimicamente tratados, garantindo um suporte completo para a restaura\u00e7\u00e3o dos fios.\u00a0<\/span><\/p>\n<p>&nbsp;<\/p>\n<p><span style=\"font-weight: 400;\">A sua f\u00f3rmula \u00e9 livre de parabenos e <em>cruelty free<\/em>, o que significa que a Abela Comestics preparou um produto capaz de atender as necessidades do meio ambiente, evitando assim a utiliza\u00e7\u00e3o de animais para testagem das suas f\u00f3rmulas.\u00a0<\/span><\/p>\n<p>&nbsp;<\/p>\n<p><span style=\"font-weight: 400;\">Os componentes da m\u00e1scara de tratamento s\u00e3o baseados em subst\u00e2ncias extra\u00eddas de matrizes vegetais como o cupua\u00e7u, a am\u00eandoa doce e o \u00f3leo de crambe. As matrizes vegetais s\u00e3o fontes de diversas subst\u00e2ncias ativas capazes de gerar benef\u00edcios para tratamentos dermatol\u00f3gicos, capilares e de outros problemas relacionados \u00e0 sa\u00fade e ao bem estar.\u00a0<\/span><\/p>\n<p>&nbsp;<\/p>\n<h2><span style=\"font-weight: 400;\">Qual o segredo da Magic Butter da Abela?\u00a0<\/span><\/h2>\n<p>&nbsp;<\/p>\n<p><span style=\"font-weight: 400;\">O principal segredo da Magic Butter \u00e9 justamente os seus <a href=\"https:\/\/artigos.abelacosmetics.com\/en\/produtos\/magic-butter\/\" target=\"_blank\" rel=\"noopener\">compostos de origem natural<\/a>. A m\u00e1scara de tratamento intensivo consegue unir as melhores fontes de restaura\u00e7\u00e3o capilar para que voc\u00ea ganhe praticidade e efic\u00e1cia no cuidado com os seus cabelos. Veja os componentes a seguir:\u00a0<\/span><\/p>\n<p>&nbsp;<\/p>\n<ul>\n<li><strong>\u00d3leo de crambe<\/strong><\/li>\n<\/ul>\n<p><img loading=\"lazy\" decoding=\"async\" class=\"alignnone size-medium wp-image-1827\" src=\"https:\/\/artigos.abelacosmetics.com\/wp-content\/uploads\/2022\/11\/4-3-300x169.png\" alt=\"\" width=\"300\" height=\"169\" srcset=\"https:\/\/artigos.abelacosmetics.com\/wp-content\/uploads\/2022\/11\/4-3-300x169.png 300w, https:\/\/artigos.abelacosmetics.com\/wp-content\/uploads\/2022\/11\/4-3-768x432.png 768w, https:\/\/artigos.abelacosmetics.com\/wp-content\/uploads\/2022\/11\/4-3-18x10.png 18w, https:\/\/artigos.abelacosmetics.com\/wp-content\/uploads\/2022\/11\/4-3.png 960w\" sizes=\"auto, (max-width: 300px) 100vw, 300px\" \/><\/p>\n<p><span style=\"font-weight: 400;\">Esse composto fornece um melhor condicionamento dos fios devido a sua ampla gama de \u00e1cidos graxos instaurados. A sua estrutura permite que o \u00f3leo de crambe seja facilmente absorvido pelo cabelo sem que os fios fiquem pegajosos ou muito oleosos.\u00a0<\/span><\/p>\n<p>&nbsp;<\/p>\n<ul>\n<li><strong>Buriti\u00a0<\/strong><\/li>\n<\/ul>\n<p><img loading=\"lazy\" decoding=\"async\" class=\"alignnone size-medium wp-image-1828\" src=\"https:\/\/artigos.abelacosmetics.com\/wp-content\/uploads\/2022\/11\/5-3-300x169.png\" alt=\"\" width=\"300\" height=\"169\" srcset=\"https:\/\/artigos.abelacosmetics.com\/wp-content\/uploads\/2022\/11\/5-3-300x169.png 300w, https:\/\/artigos.abelacosmetics.com\/wp-content\/uploads\/2022\/11\/5-3-768x432.png 768w, https:\/\/artigos.abelacosmetics.com\/wp-content\/uploads\/2022\/11\/5-3-18x10.png 18w, https:\/\/artigos.abelacosmetics.com\/wp-content\/uploads\/2022\/11\/5-3.png 960w\" sizes=\"auto, (max-width: 300px) 100vw, 300px\" \/><\/p>\n<p><span style=\"font-weight: 400;\">O buriti traz um destaque diferencial para a <em>Magic Butter<\/em>. Isso acontece pois os \u00e1cidos graxos essenciais neste \u00f3leo exercem um papel fundamental na manuten\u00e7\u00e3o da elasticidade e a firmeza dos fios. Al\u00e9m disso o buriti tamb\u00e9m possui\u00a0 alta presen\u00e7a de betacarotenos e \u00e1cido oleico que contribuem para o crescimento saud\u00e1vel dos cabelos.<\/span><\/p>\n<p>&nbsp;<\/p>\n<ul>\n<li><strong>Manteiga de cupua\u00e7u<\/strong><\/li>\n<\/ul>\n<p><img loading=\"lazy\" decoding=\"async\" class=\"alignnone size-medium wp-image-1829\" src=\"https:\/\/artigos.abelacosmetics.com\/wp-content\/uploads\/2022\/11\/6-3-300x169.png\" alt=\"\" width=\"300\" height=\"169\" srcset=\"https:\/\/artigos.abelacosmetics.com\/wp-content\/uploads\/2022\/11\/6-3-300x169.png 300w, https:\/\/artigos.abelacosmetics.com\/wp-content\/uploads\/2022\/11\/6-3-768x432.png 768w, https:\/\/artigos.abelacosmetics.com\/wp-content\/uploads\/2022\/11\/6-3-18x10.png 18w, https:\/\/artigos.abelacosmetics.com\/wp-content\/uploads\/2022\/11\/6-3.png 960w\" sizes=\"auto, (max-width: 300px) 100vw, 300px\" \/><\/p>\n<p><span style=\"font-weight: 400;\">A manteiga de cupua\u00e7u \u00e9 um composto rico em \u00e1cidos graxos. Al\u00e9m de nutrir e fortalecer os fios, o cupua\u00e7u possui a caracter\u00edstica de auxiliar no combate \u00e0 caspa sem o ressecamento dos fios.\u00a0<\/span><\/p>\n<p>&nbsp;<\/p>\n<p><span style=\"font-weight: 400;\">Al\u00e9m disso, os seus compostos tamb\u00e9m atuam no fol\u00edculo piloso estimulando o crescimento dos cabelos de forma eficaz e saud\u00e1vel.\u00a0<\/span><\/p>\n<p>&nbsp;<\/p>\n<ul>\n<li><strong>\u00d3leo de baba\u00e7u\u00a0<\/strong><\/li>\n<\/ul>\n<p><img loading=\"lazy\" decoding=\"async\" class=\"alignnone size-medium wp-image-1830\" src=\"https:\/\/artigos.abelacosmetics.com\/wp-content\/uploads\/2022\/11\/7-2-300x169.png\" alt=\"\" width=\"300\" height=\"169\" srcset=\"https:\/\/artigos.abelacosmetics.com\/wp-content\/uploads\/2022\/11\/7-2-300x169.png 300w, https:\/\/artigos.abelacosmetics.com\/wp-content\/uploads\/2022\/11\/7-2-768x432.png 768w, https:\/\/artigos.abelacosmetics.com\/wp-content\/uploads\/2022\/11\/7-2-18x10.png 18w, https:\/\/artigos.abelacosmetics.com\/wp-content\/uploads\/2022\/11\/7-2.png 960w\" sizes=\"auto, (max-width: 300px) 100vw, 300px\" \/><\/p>\n<p><span style=\"font-weight: 400;\">O \u00f3leo de baba\u00e7u fornece \u00e0 capacidade de reten\u00e7\u00e3o de umidade e hidrata\u00e7\u00e3o dos fios de cabelo. Ele \u00e9 um importante componente da f\u00f3rmula da <em>Magic Butter<\/em> pois faz com que os fios tenham uma maior elasticidade e menor propens\u00e3o \u00e0 quebra.\u00a0<\/span><\/p>\n<p>&nbsp;<\/p>\n<p><span style=\"font-weight: 400;\">Al\u00e9m disso, como o \u00f3leo de baba\u00e7u atua como retentor e isolante da \u00e1gua nos fios, ele tamb\u00e9m permite que o cabelo permane\u00e7a hidratado por um maior per\u00edodo de tempo, auxiliando assim o tratamento dos fios.\u00a0<\/span><\/p>\n<p>&nbsp;<\/p>\n<ul>\n<li><strong>Manteiga de murumuru<\/strong><\/li>\n<\/ul>\n<p><img loading=\"lazy\" decoding=\"async\" class=\"alignnone size-medium wp-image-1831\" src=\"https:\/\/artigos.abelacosmetics.com\/wp-content\/uploads\/2022\/11\/8-300x169.png\" alt=\"\" width=\"300\" height=\"169\" srcset=\"https:\/\/artigos.abelacosmetics.com\/wp-content\/uploads\/2022\/11\/8-300x169.png 300w, https:\/\/artigos.abelacosmetics.com\/wp-content\/uploads\/2022\/11\/8-768x432.png 768w, https:\/\/artigos.abelacosmetics.com\/wp-content\/uploads\/2022\/11\/8-18x10.png 18w, https:\/\/artigos.abelacosmetics.com\/wp-content\/uploads\/2022\/11\/8.png 960w\" sizes=\"auto, (max-width: 300px) 100vw, 300px\" \/><\/p>\n<p><span style=\"font-weight: 400;\">Esse ingrediente \u00e9 o respons\u00e1vel por fornecer \u00e1cido l\u00e1urico ao fio de cabelo. O \u00e1cido l\u00e1urico \u00e9 um \u00e1cido graxo de seletiva obten\u00e7\u00e3o na natureza, que atua promovendo uma melhor fonte de veda\u00e7\u00e3o das cut\u00edculas.\u00a0<\/span><\/p>\n<p>&nbsp;<\/p>\n<p><span style=\"font-weight: 400;\">\u00c9 importante ressaltar que, assim como os compostos anteriores, a manteiga de murumuru tamb\u00e9m consegue fornecer isolamento para a reten\u00e7\u00e3o de umidade e fontes de gordura para a restaura\u00e7\u00e3o capilar.\u00a0<\/span><\/p>\n<p>&nbsp;<\/p>\n<p><span style=\"font-weight: 400;\">Outra quest\u00e3o a ser destacada \u00e9 que a manteiga de murumuru tamb\u00e9m age na prote\u00e7\u00e3o dos fios contra os raios ultravioletas provenientes do sol. Assim, \u00e9 poss\u00edvel realizar um melhor tratamento e manuten\u00e7\u00e3o dos fios.\u00a0<\/span><\/p>\n<p>&nbsp;<\/p>\n<ul>\n<li><strong>Amino acids<\/strong><\/li>\n<\/ul>\n<p><img loading=\"lazy\" decoding=\"async\" class=\"alignnone size-medium wp-image-1832\" src=\"https:\/\/artigos.abelacosmetics.com\/wp-content\/uploads\/2022\/11\/9-300x169.png\" alt=\"\" width=\"300\" height=\"169\" srcset=\"https:\/\/artigos.abelacosmetics.com\/wp-content\/uploads\/2022\/11\/9-300x169.png 300w, https:\/\/artigos.abelacosmetics.com\/wp-content\/uploads\/2022\/11\/9-768x432.png 768w, https:\/\/artigos.abelacosmetics.com\/wp-content\/uploads\/2022\/11\/9-18x10.png 18w, https:\/\/artigos.abelacosmetics.com\/wp-content\/uploads\/2022\/11\/9.png 960w\" sizes=\"auto, (max-width: 300px) 100vw, 300px\" \/><\/p>\n<p><span style=\"font-weight: 400;\">Os amino\u00e1cidos s\u00e3o as fontes estruturais das prote\u00ednas. Quando adicionadas ao cabelo, essas mol\u00e9culas conseguem repor essas fontes de sustenta\u00e7\u00e3o aos fios que foram afetados, principalmente aqueles que passaram por tratamento qu\u00edmico intensivo.<\/span><\/p>\n<p>&nbsp;<\/p>\n<p><span style=\"font-weight: 400;\">As prote\u00ednas vegetais inseridas na <em>Magic Butter<\/em> tem como objetivo restaurar a sa\u00fade e a for\u00e7a do seu cabelo, desde as fibras capilares e o couro cabeludo.<\/span><\/p>\n<p>&nbsp;<\/p>\n<ul>\n<li><span style=\"font-weight: 400;\"><strong>Oats<\/strong>\u00a0<\/span><\/li>\n<\/ul>\n<p><img loading=\"lazy\" decoding=\"async\" class=\"alignnone size-medium wp-image-1833\" src=\"https:\/\/artigos.abelacosmetics.com\/wp-content\/uploads\/2022\/11\/10-300x169.png\" alt=\"\" width=\"300\" height=\"169\" srcset=\"https:\/\/artigos.abelacosmetics.com\/wp-content\/uploads\/2022\/11\/10-300x169.png 300w, https:\/\/artigos.abelacosmetics.com\/wp-content\/uploads\/2022\/11\/10-768x432.png 768w, https:\/\/artigos.abelacosmetics.com\/wp-content\/uploads\/2022\/11\/10-18x10.png 18w, https:\/\/artigos.abelacosmetics.com\/wp-content\/uploads\/2022\/11\/10.png 960w\" sizes=\"auto, (max-width: 300px) 100vw, 300px\" \/><\/p>\n<p><span style=\"font-weight: 400;\">Com tantos compostos gordurosos, voc\u00ea deve ter se perguntado: como essa f\u00f3rmula consegue nutrir e hidratar os cabelos sem causar oleosidade?\u00a0<\/span><\/p>\n<p>&nbsp;<\/p>\n<p><span style=\"font-weight: 400;\">O principal segredo da <em>Magic Butter<\/em> est\u00e1 justamente no equil\u00edbrio dos \u00e1cidos graxos com a presen\u00e7a da aveia. Ela \u00e9 um composto rico em fibras e carboidratos, capazes de absorver um grande teor de gordura equilibrando o teor de \u00e1gua e \u00f3leo a ser fixado no couro cabeludo e nos fol\u00edculos pilosos.\u00a0<\/span><\/p>\n<p>&nbsp;<\/p>\n<p><span style=\"font-weight: 400;\">A aveia tamb\u00e9m \u00e9 \u00f3tima para remover bact\u00e9rias do couro cabeludo que causam a caspa, bem como na potencializa\u00e7\u00e3o do crescimento dos fios a partir da vitamina B e da manuten\u00e7\u00e3o do pH da f\u00f3rmula.\u00a0<\/span><\/p>\n<p>&nbsp;<\/p>\n<ul>\n<li><strong>Am\u00eandoa Doce<\/strong><\/li>\n<\/ul>\n<p><img loading=\"lazy\" decoding=\"async\" class=\"alignnone size-medium wp-image-1834\" src=\"https:\/\/artigos.abelacosmetics.com\/wp-content\/uploads\/2022\/11\/11-300x169.png\" alt=\"\" width=\"300\" height=\"169\" srcset=\"https:\/\/artigos.abelacosmetics.com\/wp-content\/uploads\/2022\/11\/11-300x169.png 300w, https:\/\/artigos.abelacosmetics.com\/wp-content\/uploads\/2022\/11\/11-768x432.png 768w, https:\/\/artigos.abelacosmetics.com\/wp-content\/uploads\/2022\/11\/11-18x10.png 18w, https:\/\/artigos.abelacosmetics.com\/wp-content\/uploads\/2022\/11\/11.png 960w\" sizes=\"auto, (max-width: 300px) 100vw, 300px\" \/><\/p>\n<p><span style=\"font-weight: 400;\">A am\u00eandoa doce \u00e9 uma mat\u00e9ria prima vegetal com in\u00fameras propriedades dermocosm\u00e9ticas de interesse. Ela possui tanto \u00e1cidos graxos e gorduras boas para o isolamento e reten\u00e7\u00e3o da umidade, como tamb\u00e9m \u00e9 estruturada por subst\u00e2ncias capazes de nutrir o cabelo de forma mais efetiva.<\/span><\/p>\n<p>&nbsp;<\/p>\n<p><span style=\"font-weight: 400;\">A am\u00eandoa doce \u00e9 rica em \u00e1cidos do tipo \u00f4mega, vitamina E ( atuando como subst\u00e2ncia antioxidante), polifen\u00f3is, vitaminas e minerais essenciais para todos os tipos de cabelo.\u00a0<\/span><\/p>\n<p>&nbsp;<\/p>\n<p><span style=\"font-weight: 400;\">Ela auxilia no crescimento, vitalidade e na resist\u00eancia dos fios contra danos externos.\u00a0<\/span><\/p>\n<p>&nbsp;<\/p>\n<h2><span style=\"font-weight: 400;\">Quem pode usar a <em>Magic Butter<\/em>\u00a0 da Abela?<\/span><\/h2>\n<p>&nbsp;<\/p>\n<p><span style=\"font-weight: 400;\">A m\u00e1scara de tratamento intensivo da Abela pode ser utilizada por todos os tipos de fio. Entretanto, a sua atua\u00e7\u00e3o ganha destaque na manuten\u00e7\u00e3o de cabelos danificados e qu\u00edmicamente tratados.\u00a0<\/span><\/p>\n<p>&nbsp;<\/p>\n<h2><span style=\"font-weight: 400;\">Qual a frequ\u00eancia de uso do produto?<\/span><\/h2>\n<p>&nbsp;<\/p>\n<p><span style=\"font-weight: 400;\">A <em>Magic Butter<\/em> \u00e9 um produto que deve ser utilizado de acordo com as necessidades de cada cabelo. \u00c9 recomendado que, para um melhor resultado, a m\u00e1scara de tratamento intensivo seja utilizada no m\u00ednimo 1 vez a cada 7 dias para que assim o seu cabelo consiga restabelecer a vivacidade, maciez, brilho e resist\u00eancia aos danos.\u00a0<\/span><\/p>\n<p>&nbsp;<\/p>\n<p><span style=\"font-weight: 400;\">\u00c9 importante lembrar que atualmente os nossos cabelos sofrem danos constantemente devido a presen\u00e7a de polui\u00e7\u00e3o e a alta incid\u00eancia de luz ultravioleta derivada dos raios de sol. Por isso, o investimento na m\u00e1scara de tratamento intensivo da Abela deve ser um dos itens obrigat\u00f3rios em qualquer lista de cuidados aos cabelos.\u00a0<\/span><\/p>\n<p>&nbsp;<\/p>\n<p><span style=\"font-weight: 400;\">Quer saber como levar essa maravilha para casa?\u00a0 <a href=\"https:\/\/www.lojaabelacosmetics.com\/mascara-intensiva-magic-butter-250g\" target=\"_blank\" rel=\"noopener\">Conhe\u00e7a aqui a nossa loja!<\/a><\/span><\/p>\n<p><img loading=\"lazy\" decoding=\"async\" class=\"alignnone wp-image-1836\" src=\"https:\/\/artigos.abelacosmetics.com\/wp-content\/uploads\/2022\/11\/111-300x169.png\" alt=\"\" width=\"877\" height=\"494\" srcset=\"https:\/\/artigos.abelacosmetics.com\/wp-content\/uploads\/2022\/11\/111-300x169.png 300w, https:\/\/artigos.abelacosmetics.com\/wp-content\/uploads\/2022\/11\/111-768x432.png 768w, https:\/\/artigos.abelacosmetics.com\/wp-content\/uploads\/2022\/11\/111-18x10.png 18w, https:\/\/artigos.abelacosmetics.com\/wp-content\/uploads\/2022\/11\/111.png 960w\" sizes=\"auto, (max-width: 877px) 100vw, 877px\" \/><\/p>","protected":false},"excerpt":{"rendered":"<p>&nbsp; &nbsp; A Magic Butter \u00e9 uma m\u00e1scara capilar de tratamento intensivo que utiliza componentes naturais capazes de restaurar o brilho e a vitalidade dos fios. Devido a sua f\u00f3rmula especial, a Magic Butter se tornou um dos produtos capilares mais queridos da Abela. &nbsp; O que \u00e9 a Magic Butter ? A Magic Butter [&hellip;]<\/p>","protected":false},"author":1,"featured_media":1835,"comment_status":"open","ping_status":"open","sticky":false,"template":"","format":"standard","meta":{"_acf_changed":false,"_mo_disable_npp":"","inline_featured_image":false,"footnotes":""},"categories":[32,1],"tags":[],"class_list":["post-1822","post","type-post","status-publish","format-standard","has-post-thumbnail","hentry","category-informacoes","category-novidades"],"acf":[],"yoast_head":"<!-- This site is optimized with the Yoast SEO Premium plugin v19.2.1 (Yoast SEO v26.9) - https:\/\/yoast.com\/product\/yoast-seo-premium-wordpress\/ -->\n<title>Magic Butter da Abela: Qual o segredo deste tratamento? - Abela Cosmetics<\/title>\n<meta name=\"description\" content=\"A Magic Butter da Abela \u00e9 um dos produtos para cabelo mais procurados no mercado dos dermocosm\u00e9ticos. M\u00e1scara capilar reconstrutora.\" \/>\n<meta name=\"robots\" content=\"index, follow, max-snippet:-1, max-image-preview:large, max-video-preview:-1\" \/>\n<link rel=\"canonical\" href=\"https:\/\/artigos.abelacosmetics.com\/en\/magic-butter-abela-cosmetics\/\" \/>\n<meta property=\"og:locale\" content=\"en_US\" \/>\n<meta property=\"og:type\" content=\"article\" \/>\n<meta property=\"og:title\" content=\"Magic Butter da Abela: Qual o segredo deste tratamento?\" \/>\n<meta property=\"og:description\" content=\"A Magic Butter da Abela \u00e9 um dos produtos para cabelo mais procurados no mercado dos dermocosm\u00e9ticos. M\u00e1scara capilar reconstrutora.\" \/>\n<meta property=\"og:url\" content=\"https:\/\/artigos.abelacosmetics.com\/en\/magic-butter-abela-cosmetics\/\" \/>\n<meta property=\"og:site_name\" content=\"Abela Cosmetics\" \/>\n<meta property=\"article:publisher\" content=\"https:\/\/www.facebook.com\/abelacosmetics\" \/>\n<meta property=\"article:published_time\" content=\"2022-11-21T20:17:02+00:00\" \/>\n<meta property=\"article:modified_time\" content=\"2023-01-26T13:31:46+00:00\" \/>\n<meta property=\"og:image\" content=\"https:\/\/artigos.abelacosmetics.com\/wp-content\/uploads\/2022\/11\/imagem-do-Post-2.png\" \/>\n\t<meta property=\"og:image:width\" content=\"850\" \/>\n\t<meta property=\"og:image:height\" content=\"430\" \/>\n\t<meta property=\"og:image:type\" content=\"image\/png\" \/>\n<meta name=\"author\" content=\"admin\" \/>\n<meta name=\"twitter:card\" content=\"summary_large_image\" \/>\n<meta name=\"twitter:label1\" content=\"Written by\" \/>\n\t<meta name=\"twitter:data1\" content=\"admin\" \/>\n\t<meta name=\"twitter:label2\" content=\"Est. reading time\" \/>\n\t<meta name=\"twitter:data2\" content=\"8 minutes\" \/>\n<script type=\"application\/ld+json\" class=\"yoast-schema-graph\">{\"@context\":\"https:\/\/schema.org\",\"@graph\":[{\"@type\":\"Article\",\"@id\":\"https:\/\/artigos.abelacosmetics.com\/magic-butter-abela-cosmetics\/#article\",\"isPartOf\":{\"@id\":\"https:\/\/artigos.abelacosmetics.com\/magic-butter-abela-cosmetics\/\"},\"author\":{\"name\":\"admin\",\"@id\":\"https:\/\/artigos.abelacosmetics.com\/#\/schema\/person\/675710be590edb47293978092f4e20f4\"},\"headline\":\"Magic Butter da Abela: Qual o segredo deste tratamento?\",\"datePublished\":\"2022-11-21T20:17:02+00:00\",\"dateModified\":\"2023-01-26T13:31:46+00:00\",\"mainEntityOfPage\":{\"@id\":\"https:\/\/artigos.abelacosmetics.com\/magic-butter-abela-cosmetics\/\"},\"wordCount\":1116,\"commentCount\":0,\"publisher\":{\"@id\":\"https:\/\/artigos.abelacosmetics.com\/#organization\"},\"image\":{\"@id\":\"https:\/\/artigos.abelacosmetics.com\/magic-butter-abela-cosmetics\/#primaryimage\"},\"thumbnailUrl\":\"https:\/\/artigos.abelacosmetics.com\/wp-content\/uploads\/2022\/11\/imagem-do-Post-2.png\",\"articleSection\":[\"Informa\u00e7\u00f5es\",\"Novidades\"],\"inLanguage\":\"en-US\",\"potentialAction\":[{\"@type\":\"CommentAction\",\"name\":\"Comment\",\"target\":[\"https:\/\/artigos.abelacosmetics.com\/magic-butter-abela-cosmetics\/#respond\"]}]},{\"@type\":\"WebPage\",\"@id\":\"https:\/\/artigos.abelacosmetics.com\/magic-butter-abela-cosmetics\/\",\"url\":\"https:\/\/artigos.abelacosmetics.com\/magic-butter-abela-cosmetics\/\",\"name\":\"Magic Butter da Abela: Qual o segredo deste tratamento? - Abela Cosmetics\",\"isPartOf\":{\"@id\":\"https:\/\/artigos.abelacosmetics.com\/#website\"},\"primaryImageOfPage\":{\"@id\":\"https:\/\/artigos.abelacosmetics.com\/magic-butter-abela-cosmetics\/#primaryimage\"},\"image\":{\"@id\":\"https:\/\/artigos.abelacosmetics.com\/magic-butter-abela-cosmetics\/#primaryimage\"},\"thumbnailUrl\":\"https:\/\/artigos.abelacosmetics.com\/wp-content\/uploads\/2022\/11\/imagem-do-Post-2.png\",\"datePublished\":\"2022-11-21T20:17:02+00:00\",\"dateModified\":\"2023-01-26T13:31:46+00:00\",\"description\":\"A Magic Butter da Abela \u00e9 um dos produtos para cabelo mais procurados no mercado dos dermocosm\u00e9ticos. M\u00e1scara capilar reconstrutora.\",\"breadcrumb\":{\"@id\":\"https:\/\/artigos.abelacosmetics.com\/magic-butter-abela-cosmetics\/#breadcrumb\"},\"inLanguage\":\"en-US\",\"potentialAction\":[{\"@type\":\"ReadAction\",\"target\":[\"https:\/\/artigos.abelacosmetics.com\/magic-butter-abela-cosmetics\/\"]}]},{\"@type\":\"ImageObject\",\"inLanguage\":\"en-US\",\"@id\":\"https:\/\/artigos.abelacosmetics.com\/magic-butter-abela-cosmetics\/#primaryimage\",\"url\":\"https:\/\/artigos.abelacosmetics.com\/wp-content\/uploads\/2022\/11\/imagem-do-Post-2.png\",\"contentUrl\":\"https:\/\/artigos.abelacosmetics.com\/wp-content\/uploads\/2022\/11\/imagem-do-Post-2.png\",\"width\":850,\"height\":430},{\"@type\":\"BreadcrumbList\",\"@id\":\"https:\/\/artigos.abelacosmetics.com\/magic-butter-abela-cosmetics\/#breadcrumb\",\"itemListElement\":[{\"@type\":\"ListItem\",\"position\":1,\"name\":\"In\u00edcio\",\"item\":\"https:\/\/artigos.abelacosmetics.com\/\"},{\"@type\":\"ListItem\",\"position\":2,\"name\":\"Magic Butter da Abela: Qual o segredo deste tratamento?\"}]},{\"@type\":\"WebSite\",\"@id\":\"https:\/\/artigos.abelacosmetics.com\/#website\",\"url\":\"https:\/\/artigos.abelacosmetics.com\/\",\"name\":\"Abela Cosmetics\",\"description\":\"Cuidados para Cabelos \u00danicos\",\"publisher\":{\"@id\":\"https:\/\/artigos.abelacosmetics.com\/#organization\"},\"potentialAction\":[{\"@type\":\"SearchAction\",\"target\":{\"@type\":\"EntryPoint\",\"urlTemplate\":\"https:\/\/artigos.abelacosmetics.com\/?s={search_term_string}\"},\"query-input\":{\"@type\":\"PropertyValueSpecification\",\"valueRequired\":true,\"valueName\":\"search_term_string\"}}],\"inLanguage\":\"en-US\"},{\"@type\":\"Organization\",\"@id\":\"https:\/\/artigos.abelacosmetics.com\/#organization\",\"name\":\"Abela Cosmetics\",\"url\":\"https:\/\/artigos.abelacosmetics.com\/\",\"logo\":{\"@type\":\"ImageObject\",\"inLanguage\":\"en-US\",\"@id\":\"https:\/\/artigos.abelacosmetics.com\/#\/schema\/logo\/image\/\",\"url\":\"https:\/\/artigos.abelacosmetics.com\/wp-content\/uploads\/2023\/02\/logo-abela.png\",\"contentUrl\":\"https:\/\/artigos.abelacosmetics.com\/wp-content\/uploads\/2023\/02\/logo-abela.png\",\"width\":183,\"height\":90,\"caption\":\"Abela Cosmetics\"},\"image\":{\"@id\":\"https:\/\/artigos.abelacosmetics.com\/#\/schema\/logo\/image\/\"},\"sameAs\":[\"https:\/\/www.facebook.com\/abelacosmetics\"]},{\"@type\":\"Person\",\"@id\":\"https:\/\/artigos.abelacosmetics.com\/#\/schema\/person\/675710be590edb47293978092f4e20f4\",\"name\":\"admin\",\"image\":{\"@type\":\"ImageObject\",\"inLanguage\":\"en-US\",\"@id\":\"https:\/\/artigos.abelacosmetics.com\/#\/schema\/person\/image\/\",\"url\":\"https:\/\/secure.gravatar.com\/avatar\/ce9ccc2de538d30bcc33874c5a730e8e078e64fce402cb3cf0668a7439a0e654?s=96&d=mm&r=g\",\"contentUrl\":\"https:\/\/secure.gravatar.com\/avatar\/ce9ccc2de538d30bcc33874c5a730e8e078e64fce402cb3cf0668a7439a0e654?s=96&d=mm&r=g\",\"caption\":\"admin\"},\"sameAs\":[\"http:\/\/localhost\/abela-cosmetic\"],\"url\":\"https:\/\/artigos.abelacosmetics.com\/en\/author\/admin\/\"}]}<\/script>\n<!-- \/ Yoast SEO Premium plugin. -->","yoast_head_json":{"title":"Magic Butter da Abela: Qual o segredo deste tratamento? - Abela Cosmetics","description":"A Magic Butter da Abela \u00e9 um dos produtos para cabelo mais procurados no mercado dos dermocosm\u00e9ticos. M\u00e1scara capilar reconstrutora.","robots":{"index":"index","follow":"follow","max-snippet":"max-snippet:-1","max-image-preview":"max-image-preview:large","max-video-preview":"max-video-preview:-1"},"canonical":"https:\/\/artigos.abelacosmetics.com\/en\/magic-butter-abela-cosmetics\/","og_locale":"en_US","og_type":"article","og_title":"Magic Butter da Abela: Qual o segredo deste tratamento?","og_description":"A Magic Butter da Abela \u00e9 um dos produtos para cabelo mais procurados no mercado dos dermocosm\u00e9ticos. M\u00e1scara capilar reconstrutora.","og_url":"https:\/\/artigos.abelacosmetics.com\/en\/magic-butter-abela-cosmetics\/","og_site_name":"Abela Cosmetics","article_publisher":"https:\/\/www.facebook.com\/abelacosmetics","article_published_time":"2022-11-21T20:17:02+00:00","article_modified_time":"2023-01-26T13:31:46+00:00","og_image":[{"width":850,"height":430,"url":"https:\/\/artigos.abelacosmetics.com\/wp-content\/uploads\/2022\/11\/imagem-do-Post-2.png","type":"image\/png"}],"author":"admin","twitter_card":"summary_large_image","twitter_misc":{"Written by":"admin","Est. reading time":"8 minutes"},"schema":{"@context":"https:\/\/schema.org","@graph":[{"@type":"Article","@id":"https:\/\/artigos.abelacosmetics.com\/magic-butter-abela-cosmetics\/#article","isPartOf":{"@id":"https:\/\/artigos.abelacosmetics.com\/magic-butter-abela-cosmetics\/"},"author":{"name":"admin","@id":"https:\/\/artigos.abelacosmetics.com\/#\/schema\/person\/675710be590edb47293978092f4e20f4"},"headline":"Magic Butter da Abela: Qual o segredo deste tratamento?","datePublished":"2022-11-21T20:17:02+00:00","dateModified":"2023-01-26T13:31:46+00:00","mainEntityOfPage":{"@id":"https:\/\/artigos.abelacosmetics.com\/magic-butter-abela-cosmetics\/"},"wordCount":1116,"commentCount":0,"publisher":{"@id":"https:\/\/artigos.abelacosmetics.com\/#organization"},"image":{"@id":"https:\/\/artigos.abelacosmetics.com\/magic-butter-abela-cosmetics\/#primaryimage"},"thumbnailUrl":"https:\/\/artigos.abelacosmetics.com\/wp-content\/uploads\/2022\/11\/imagem-do-Post-2.png","articleSection":["Informa\u00e7\u00f5es","Novidades"],"inLanguage":"en-US","potentialAction":[{"@type":"CommentAction","name":"Comment","target":["https:\/\/artigos.abelacosmetics.com\/magic-butter-abela-cosmetics\/#respond"]}]},{"@type":"WebPage","@id":"https:\/\/artigos.abelacosmetics.com\/magic-butter-abela-cosmetics\/","url":"https:\/\/artigos.abelacosmetics.com\/magic-butter-abela-cosmetics\/","name":"Magic Butter da Abela: Qual o segredo deste tratamento? - Abela Cosmetics","isPartOf":{"@id":"https:\/\/artigos.abelacosmetics.com\/#website"},"primaryImageOfPage":{"@id":"https:\/\/artigos.abelacosmetics.com\/magic-butter-abela-cosmetics\/#primaryimage"},"image":{"@id":"https:\/\/artigos.abelacosmetics.com\/magic-butter-abela-cosmetics\/#primaryimage"},"thumbnailUrl":"https:\/\/artigos.abelacosmetics.com\/wp-content\/uploads\/2022\/11\/imagem-do-Post-2.png","datePublished":"2022-11-21T20:17:02+00:00","dateModified":"2023-01-26T13:31:46+00:00","description":"A Magic Butter da Abela \u00e9 um dos produtos para cabelo mais procurados no mercado dos dermocosm\u00e9ticos. M\u00e1scara capilar reconstrutora.","breadcrumb":{"@id":"https:\/\/artigos.abelacosmetics.com\/magic-butter-abela-cosmetics\/#breadcrumb"},"inLanguage":"en-US","potentialAction":[{"@type":"ReadAction","target":["https:\/\/artigos.abelacosmetics.com\/magic-butter-abela-cosmetics\/"]}]},{"@type":"ImageObject","inLanguage":"en-US","@id":"https:\/\/artigos.abelacosmetics.com\/magic-butter-abela-cosmetics\/#primaryimage","url":"https:\/\/artigos.abelacosmetics.com\/wp-content\/uploads\/2022\/11\/imagem-do-Post-2.png","contentUrl":"https:\/\/artigos.abelacosmetics.com\/wp-content\/uploads\/2022\/11\/imagem-do-Post-2.png","width":850,"height":430},{"@type":"BreadcrumbList","@id":"https:\/\/artigos.abelacosmetics.com\/magic-butter-abela-cosmetics\/#breadcrumb","itemListElement":[{"@type":"ListItem","position":1,"name":"In\u00edcio","item":"https:\/\/artigos.abelacosmetics.com\/"},{"@type":"ListItem","position":2,"name":"Magic Butter da Abela: Qual o segredo deste tratamento?"}]},{"@type":"WebSite","@id":"https:\/\/artigos.abelacosmetics.com\/#website","url":"https:\/\/artigos.abelacosmetics.com\/","name":"Abela Cosmetics","description":"Cuidados para Cabelos \u00danicos","publisher":{"@id":"https:\/\/artigos.abelacosmetics.com\/#organization"},"potentialAction":[{"@type":"SearchAction","target":{"@type":"EntryPoint","urlTemplate":"https:\/\/artigos.abelacosmetics.com\/?s={search_term_string}"},"query-input":{"@type":"PropertyValueSpecification","valueRequired":true,"valueName":"search_term_string"}}],"inLanguage":"en-US"},{"@type":"Organization","@id":"https:\/\/artigos.abelacosmetics.com\/#organization","name":"Abela Cosmetics","url":"https:\/\/artigos.abelacosmetics.com\/","logo":{"@type":"ImageObject","inLanguage":"en-US","@id":"https:\/\/artigos.abelacosmetics.com\/#\/schema\/logo\/image\/","url":"https:\/\/artigos.abelacosmetics.com\/wp-content\/uploads\/2023\/02\/logo-abela.png","contentUrl":"https:\/\/artigos.abelacosmetics.com\/wp-content\/uploads\/2023\/02\/logo-abela.png","width":183,"height":90,"caption":"Abela Cosmetics"},"image":{"@id":"https:\/\/artigos.abelacosmetics.com\/#\/schema\/logo\/image\/"},"sameAs":["https:\/\/www.facebook.com\/abelacosmetics"]},{"@type":"Person","@id":"https:\/\/artigos.abelacosmetics.com\/#\/schema\/person\/675710be590edb47293978092f4e20f4","name":"admin","image":{"@type":"ImageObject","inLanguage":"en-US","@id":"https:\/\/artigos.abelacosmetics.com\/#\/schema\/person\/image\/","url":"https:\/\/secure.gravatar.com\/avatar\/ce9ccc2de538d30bcc33874c5a730e8e078e64fce402cb3cf0668a7439a0e654?s=96&d=mm&r=g","contentUrl":"https:\/\/secure.gravatar.com\/avatar\/ce9ccc2de538d30bcc33874c5a730e8e078e64fce402cb3cf0668a7439a0e654?s=96&d=mm&r=g","caption":"admin"},"sameAs":["http:\/\/localhost\/abela-cosmetic"],"url":"https:\/\/artigos.abelacosmetics.com\/en\/author\/admin\/"}]}},"_links":{"self":[{"href":"https:\/\/artigos.abelacosmetics.com\/en\/wp-json\/wp\/v2\/posts\/1822","targetHints":{"allow":["GET"]}}],"collection":[{"href":"https:\/\/artigos.abelacosmetics.com\/en\/wp-json\/wp\/v2\/posts"}],"about":[{"href":"https:\/\/artigos.abelacosmetics.com\/en\/wp-json\/wp\/v2\/types\/post"}],"author":[{"embeddable":true,"href":"https:\/\/artigos.abelacosmetics.com\/en\/wp-json\/wp\/v2\/users\/1"}],"replies":[{"embeddable":true,"href":"https:\/\/artigos.abelacosmetics.com\/en\/wp-json\/wp\/v2\/comments?post=1822"}],"version-history":[{"count":6,"href":"https:\/\/artigos.abelacosmetics.com\/en\/wp-json\/wp\/v2\/posts\/1822\/revisions"}],"predecessor-version":[{"id":2228,"href":"https:\/\/artigos.abelacosmetics.com\/en\/wp-json\/wp\/v2\/posts\/1822\/revisions\/2228"}],"wp:featuredmedia":[{"embeddable":true,"href":"https:\/\/artigos.abelacosmetics.com\/en\/wp-json\/wp\/v2\/media\/1835"}],"wp:attachment":[{"href":"https:\/\/artigos.abelacosmetics.com\/en\/wp-json\/wp\/v2\/media?parent=1822"}],"wp:term":[{"taxonomy":"category","embeddable":true,"href":"https:\/\/artigos.abelacosmetics.com\/en\/wp-json\/wp\/v2\/categories?post=1822"},{"taxonomy":"post_tag","embeddable":true,"href":"https:\/\/artigos.abelacosmetics.com\/en\/wp-json\/wp\/v2\/tags?post=1822"}],"curies":[{"name":"wp","href":"https:\/\/api.w.org\/{rel}","templated":true}]}}