{"id":174,"date":"2021-12-27T18:01:41","date_gmt":"2021-12-27T21:01:41","guid":{"rendered":"http:\/\/localhost\/abela-cosmetic\/?p=174"},"modified":"2023-01-26T10:56:06","modified_gmt":"2023-01-26T13:56:06","slug":"cabelo-poroso-saiba-como-identificar-e-tratar","status":"publish","type":"post","link":"https:\/\/artigos.abelacosmetics.com\/en\/cabelo-poroso-saiba-como-identificar-e-tratar\/","title":{"rendered":"Cabelo poroso: saiba como identificar e tratar"},"content":{"rendered":"<p>&nbsp;<\/p>\n<p>&nbsp;<\/p>\n<p>Ter uma rotina de cuidados com os cabelos independe do tipo, condi\u00e7\u00e3o dos fios ou comprimento.<\/p>\n<p>&nbsp;<\/p>\n<audio class=\"wp-audio-shortcode\" id=\"audio-174-1\" preload=\"none\" style=\"width: 100%;\" controls=\"controls\"><source type=\"audio\/mpeg\" src=\"https:\/\/artigos.abelacosmetics.com\/wp-content\/uploads\/2021\/12\/Cabelo-poroso-saiba-como-identificar-e-tratar-1.mp3?_=1\" \/><a href=\"https:\/\/artigos.abelacosmetics.com\/wp-content\/uploads\/2021\/12\/Cabelo-poroso-saiba-como-identificar-e-tratar-1.mp3\">https:\/\/artigos.abelacosmetics.com\/wp-content\/uploads\/2021\/12\/Cabelo-poroso-saiba-como-identificar-e-tratar-1.mp3<\/a><\/audio>\n<p>&nbsp;<\/p>\n<p>\u00c9 preciso escolher os produtos certos e investir em uma rotina inteligente para garantir a sa\u00fade das madeixas. Para isso, mais do que saber se seu cabelo \u00e9 liso, ondulado ou crespo, conhecer o tipo de fio e identificar a\u00a0<b><strong>porosidade<\/strong><\/b>\u00a0faz toda a diferen\u00e7a na hora de investir nos cuidados. Mas, voc\u00ea sabe o que \u00e9 ter um\u00a0<b><strong>cabelo poroso<\/strong><\/b>?<\/p>\n<p>Consegue identificar qual o n\u00edvel do seu fio? Pode at\u00e9 n\u00e3o parecer, mas essas informa\u00e7\u00f5es s\u00e3o muito importantes na hora de escolher um\u00a0<b><strong>tratamento<\/strong><\/b>\u00a0e garantir a sa\u00fade capilar. Ent\u00e3o, fique atenta aos sinais que seus fios apresentam e parta para a a\u00e7\u00e3o.<\/p>\n<p>Continue lendo este artigo e assim aprenda a detectar um caso de cabelo poroso e como trat\u00e1-lo corretamente.<\/p>\n<ul>\n<li><em>O que \u00e9 um cabelo poroso?<\/em><\/li>\n<li><em>Quais os n\u00edveis de porosidade capilar?<\/em><\/li>\n<li><em>Teste a porosidade do seu cabelo<\/em><\/li>\n<li><em>Como tratar?\u00a0\u00a0\u00a0\u00a0\u00a0<\/em><\/li>\n<\/ul>\n<h2>O que \u00e9 um cabelo poroso?<\/h2>\n<p>Podemos dizer que a\u00a0<b><strong>porosidade<\/strong><\/b>\u00a0\u00e9 a facilidade que o cabelo tem em absorver a umidade e\u00a0<b><strong>nutrientes<\/strong><\/b>. O cabelo poroso \u00e9 aquele que apresenta o fio ressecado, mais \u00e1spero, al\u00e9m disso, que embara\u00e7a facilmente. Mas como o cabelo chega a essa condi\u00e7\u00e3o? As cut\u00edculas dos fios se abrem devido aos danos sofridos por processos qu\u00edmicos, como descolora\u00e7\u00e3o, tintura e alisamentos.<\/p>\n<p>Contudo, existem outros vil\u00f5es das madeixas, como o uso excessivo de secadores, chapinhas ou at\u00e9 a exposi\u00e7\u00e3o ao sol. Somados, esses agentes podem deixar o\u00a0<b><strong>cabelo poroso<\/strong><\/b>\u00a0e at\u00e9 provocar les\u00f5es na camada mais superficial do fio.<\/p>\n<p>Existem tr\u00eas n\u00edveis de porosidade que podem ser percebidos em qualquer tipo de cabelo. Para quem tem as madeixas cacheadas, esse problema \u00e9 sentido com mais frequ\u00eancia, devido ao formato do fio. Por ser encaracolado, isso dificulta que os\u00a0<b><strong>nutrientes<\/strong><\/b>\u00a0e \u00f3leos produzidos na raiz cheguem at\u00e9 as pontas, mantendo a prote\u00e7\u00e3o e nutri\u00e7\u00e3o dos fios.<\/p>\n<p>Assim, com a car\u00eancia dessa oleosidade natural, os fios ficam mais vulner\u00e1veis ao ressecamento e \u00e0 porosidade. Uma das principais caracter\u00edsticas da porosidade \u00e9 aquele fio sem defini\u00e7\u00e3o, com um toque mais \u00e1spero e com frizz.<\/p>\n<h2>Quais os n\u00edveis de porosidade capilar?<\/h2>\n<p><img loading=\"lazy\" decoding=\"async\" class=\"wp-image-2344 aligncenter\" src=\"https:\/\/artigos.abelacosmetics.com\/wp-content\/uploads\/2021\/12\/imagem-do-Post-3-300x152.png\" alt=\"\" width=\"701\" height=\"355\" srcset=\"https:\/\/artigos.abelacosmetics.com\/wp-content\/uploads\/2021\/12\/imagem-do-Post-3-300x152.png 300w, https:\/\/artigos.abelacosmetics.com\/wp-content\/uploads\/2021\/12\/imagem-do-Post-3-768x389.png 768w, https:\/\/artigos.abelacosmetics.com\/wp-content\/uploads\/2021\/12\/imagem-do-Post-3-18x9.png 18w, https:\/\/artigos.abelacosmetics.com\/wp-content\/uploads\/2021\/12\/imagem-do-Post-3.png 850w\" sizes=\"auto, (max-width: 701px) 100vw, 701px\" \/><\/p>\n<p>Como j\u00e1 adiantamos, a porosidade capilar se apresenta em tr\u00eas n\u00edveis: baixa, m\u00e9dia e alta. Cada um desses n\u00edveis influencia diretamente na capacidade do fio em absorver os nutrientes e \u00e9 caracterizado de acordo com a abertura das cut\u00edculas capilares. Abaixo, explicaremos como identificar cada uma dessas fases.<\/p>\n<h3><b><strong>Porosidade baixa<\/strong><\/b><\/h3>\n<p>O cabelo com baixa porosidade \u00e9 aquele que apresenta cut\u00edculas mais pr\u00f3ximas umas das outras. Assim, ao ter contato com a \u00e1gua, a tend\u00eancia desse fio \u00e9 de flutuar, o que significa dizer que a absor\u00e7\u00e3o de \u00e1gua e nutrientes torna-se mais dif\u00edcil. Diante disso, a dica \u00e9 intensificar a\u00a0<b><strong>hidrata\u00e7\u00e3o<\/strong><\/b>\u00a0desse cabelo, de forma que ele desenvolva maciez e brilho.<\/p>\n<h3><b><strong>Porosidade m\u00e9dia<\/strong><\/b><\/h3>\n<p>Podemos considerar que os cabelos saud\u00e1veis possuem uma porosidade m\u00e9dia. Isso significa que o fio tem a capacidade de receber os nutrientes de maneira equilibrada e sem perder \u00e1gua de maneira excessiva. Isso acontece porque as cut\u00edculas est\u00e3o mais alinhadas e levemente abertas, mantendo as fibras nutridas.<\/p>\n<h3><b><strong>Porosidade alta<\/strong><\/b><\/h3>\n<p>O cabelo com porosidade alta \u00e9 aquele que tem as cut\u00edculas muito abertas, facilitando a absor\u00e7\u00e3o de \u00e1gua e nutrientes. Entretanto, isso faz com que o fio seja incapaz de reter subst\u00e2ncias e facilmente perca umidade. Dessa forma, o cabelo torna-se bastante ressecado, com frizz e altamente quebradi\u00e7o. As madeixas chegam nesse n\u00edvel de porosidade devido \u00e0s interfer\u00eancias qu\u00edmicas e at\u00e9 h\u00e1bitos di\u00e1rios, especialmente o excesso de calor.<\/p>\n<h2>Teste a porosidade do seu cabelo<\/h2>\n<p><img loading=\"lazy\" decoding=\"async\" class=\"wp-image-2346 aligncenter\" src=\"https:\/\/artigos.abelacosmetics.com\/wp-content\/uploads\/2021\/12\/imagem-do-Post-4-300x152.png\" alt=\"\" width=\"720\" height=\"365\" srcset=\"https:\/\/artigos.abelacosmetics.com\/wp-content\/uploads\/2021\/12\/imagem-do-Post-4-300x152.png 300w, https:\/\/artigos.abelacosmetics.com\/wp-content\/uploads\/2021\/12\/imagem-do-Post-4-768x389.png 768w, https:\/\/artigos.abelacosmetics.com\/wp-content\/uploads\/2021\/12\/imagem-do-Post-4-18x9.png 18w, https:\/\/artigos.abelacosmetics.com\/wp-content\/uploads\/2021\/12\/imagem-do-Post-4.png 850w\" sizes=\"auto, (max-width: 720px) 100vw, 720px\" \/><\/p>\n<p>Descobrir se um cabelo \u00e9 poroso ou n\u00e3o \u00e9 algo r\u00e1pido e que pode ser feito em casa. Para isso, basta colocar uma mecha de cabelo dentro de um copo com \u00e1gua filtrada. O tempo de resposta \u00e9 de apenas 10 minutos, e, com base nesse resultado, voc\u00ea pode definir qual\u00a0<b><strong>tratamento<\/strong><\/b>\u00a0adotar a partir de ent\u00e3o.<\/p>\n<p>Se os fios afundarem, esse \u00e9 um sinal de que seu cabelo est\u00e1 com porosidade. Isso vai acontecer porque as camadas est\u00e3o muito abertas, fazendo com que o fio absorva muita \u00e1gua. Se ele n\u00e3o afundar e ficar no meio do copo, podemos dizer que o cabelo tem porosidade m\u00e9dia. J\u00e1 se a mecha boiar e ficar na parte de cima do copo, ent\u00e3o o fio tem uma porosidade baixa.<\/p>\n<p>Outro aliado nesse teste \u00e9 o tato. Utilize o dedo polegar e o indicador, como uma esp\u00e9cie de pin\u00e7a, e deslize os dedos pelo fio. Note se encontra n\u00f3s ou locais mais \u00e1speros. Se encontrar, isso quer dizer que as cut\u00edculas est\u00e3o abertas.<\/p>\n<h2>Como tratar um cabelo poroso?<\/h2>\n<p>Sabendo dessas informa\u00e7\u00f5es e identificando o n\u00edvel de porosidade do fio, \u00e9 hora de investir nos cuidados, reconstruindo o cabelo para que essas cut\u00edculas se fecham e o fio se recupere. O\u00a0<b><strong>tratamento<\/strong><\/b>\u00a0vai ajudar esse cabelo a absorver\u00a0<b><strong>nutrientes<\/strong><\/b>\u00a0e \u00e1gua necess\u00e1rios para recuperar sua sa\u00fade.<\/p>\n<p>Esse tratamento pode ser feito atrav\u00e9s de um cronograma capilar, mas, para que tenha resultado, todas as etapas devem ser seguidas corretamente. Esse procedimento deve ser feito em dias alternados, como \u00e0s segundas, quartas e sextas-feiras, por exemplo. Ap\u00f3s um m\u00eas, avalie como est\u00e1 a porosidade desse fio e se j\u00e1 \u00e9 poss\u00edvel notar alguma melhora. Se n\u00e3o sentir resultados, \u00e9 interessante fazer ajustes.<\/p>\n<p>Lembre-se tamb\u00e9m que, ao escolher os cremes de tratamento, opte por produtos que comp\u00f5em a mesma linha, garantindo um melhor resultado. A sua rotina de cuidados pode come\u00e7ar da seguinte maneira:<\/p>\n<p><em>Semana 1: hidrata\u00e7\u00e3o; hidrata\u00e7\u00e3o e nutri\u00e7\u00e3o;<\/em><\/p>\n<p><em>Semana 2: hidrata\u00e7\u00e3o; hidrata\u00e7\u00e3o e nutri\u00e7\u00e3o;<\/em><\/p>\n<p><em>Semana 3: hidrata\u00e7\u00e3o; hidrata\u00e7\u00e3o e restaura\u00e7\u00e3o;<\/em><\/p>\n<p><em>Semana 4: hidrata\u00e7\u00e3o; hidrata\u00e7\u00e3o e nutri\u00e7\u00e3o.<\/em><\/p>\n<h3><b><strong>Produtos corretos para cada etapa<\/strong><\/b><\/h3>\n<p>Para cabelos com porosidade baixa, a recomenda\u00e7\u00e3o \u00e9 focar na\u00a0<b><strong>hidrata\u00e7\u00e3o<\/strong><\/b>, assim, as cut\u00edculas que est\u00e3o totalmente fechadas podem se abrir, facilitando a absor\u00e7\u00e3o dos nutrientes. Para isso, uma dica interessante \u00e9 lavar os cabelos com\u00a0 \u00e1gua morna antes de iniciar o processo. A\u00a0<a href=\"https:\/\/www.instagram.com\/p\/CKG-EwyhMru\/\">m\u00e1scara de Hidrata\u00e7\u00e3o da Abela Cosmetics<\/a>\u00a0\u00e9 feita com Aloe Vera, Pantenol e Coco, que combate o ressecamento dos fios, deixando-os macios e brilhosos.<\/p>\n<p>Se seu cabelo estiver com a porosidade m\u00e9dia, significa que seus fios est\u00e3o saud\u00e1veis, mas n\u00e3o \u00e9 por isso que ir\u00e1 descuidar, certo? Para deix\u00e1-los ainda mais bonitos e hidratados, aposte em um tratamento de\u00a0<b><strong>nutri\u00e7\u00e3o<\/strong><\/b>. Use e abuse de m\u00e1scaras que tenham em sua composi\u00e7\u00e3o \u00f3leo vegetal. Uma dica \u00e9 utilizar a\u00a0<a href=\"https:\/\/www.instagram.com\/p\/CK1MSWgB5zX\/\">m\u00e1scara de Nutri\u00e7\u00e3o, da Abela Cosmetics<\/a>, que \u00e9 feita \u00e0 base de Oliva e Manteiga de Cupua\u00e7u, afastando o ressecamento e al\u00e9m disso, mantendo os fios brilhosos e saud\u00e1veis.<\/p>\n<p>J\u00e1 se seu cabelo est\u00e1 com alta porosidade, ou seja, com as cut\u00edculas muito abertas e que deixa os fios com aspecto ressecado, invista em uma\u00a0<b><strong>reconstru\u00e7\u00e3o capilar<\/strong><\/b>. Para esse tratamento, aposte em m\u00e1scaras que contenham queratina. A linha\u00a0<a href=\"https:\/\/www.instagram.com\/p\/CKMI2wWhlr-\/\">Cronograma Capilar, Reconstru\u00e7\u00e3o, da Abela Cosmetics<\/a>, possui queratina vegetal e \u00f3leo de argan, que mant\u00e9m os fios nutridos bem como saud\u00e1veis, ideal para quem \u00e9 adepta de qu\u00edmicas ou exp\u00f5e os fios a intenso calor de secadores e chapinhas.<\/p>\n<p>&nbsp;<\/p>\n<p><img loading=\"lazy\" decoding=\"async\" class=\"alignnone wp-image-2339\" src=\"https:\/\/artigos.abelacosmetics.com\/wp-content\/uploads\/2021\/12\/imagem-do-Post-1-300x152.png\" alt=\"\" width=\"823\" height=\"417\" srcset=\"https:\/\/artigos.abelacosmetics.com\/wp-content\/uploads\/2021\/12\/imagem-do-Post-1-300x152.png 300w, https:\/\/artigos.abelacosmetics.com\/wp-content\/uploads\/2021\/12\/imagem-do-Post-1-768x389.png 768w, https:\/\/artigos.abelacosmetics.com\/wp-content\/uploads\/2021\/12\/imagem-do-Post-1-18x9.png 18w, https:\/\/artigos.abelacosmetics.com\/wp-content\/uploads\/2021\/12\/imagem-do-Post-1.png 850w\" sizes=\"auto, (max-width: 823px) 100vw, 823px\" \/><\/p>","protected":false},"excerpt":{"rendered":"<p>&nbsp; &nbsp; Ter uma rotina de cuidados com os cabelos independe do tipo, condi\u00e7\u00e3o dos fios ou comprimento. &nbsp; &nbsp; \u00c9 preciso escolher os produtos certos e investir em uma rotina inteligente para garantir a sa\u00fade das madeixas. Para isso, mais do que saber se seu cabelo \u00e9 liso, ondulado ou crespo, conhecer o tipo [&hellip;]<\/p>","protected":false},"author":1,"featured_media":2338,"comment_status":"open","ping_status":"open","sticky":false,"template":"","format":"standard","meta":{"_acf_changed":false,"_mo_disable_npp":"","inline_featured_image":false,"footnotes":""},"categories":[30,1],"tags":[],"class_list":["post-174","post","type-post","status-publish","format-standard","has-post-thumbnail","hentry","category-conheca-seus-cabelos","category-novidades"],"acf":[],"yoast_head":"<!-- This site is optimized with the Yoast SEO Premium plugin v19.2.1 (Yoast SEO v26.9) - https:\/\/yoast.com\/product\/yoast-seo-premium-wordpress\/ -->\n<title>Cabelo poroso: saiba como identificar e tratar - Abela Cosmetics<\/title>\n<meta name=\"description\" content=\"Entenda o que \u00e9 um cabelo poroso, e o que voc\u00ea pode fazer para manter seus fios saud\u00e1veis e brilhosos!\" \/>\n<meta name=\"robots\" content=\"index, follow, max-snippet:-1, max-image-preview:large, max-video-preview:-1\" \/>\n<link rel=\"canonical\" href=\"https:\/\/artigos.abelacosmetics.com\/en\/cabelo-poroso-saiba-como-identificar-e-tratar\/\" \/>\n<meta property=\"og:locale\" content=\"en_US\" \/>\n<meta property=\"og:type\" content=\"article\" \/>\n<meta property=\"og:title\" content=\"Cabelo poroso: saiba como identificar e tratar\" \/>\n<meta property=\"og:description\" content=\"Entenda o que \u00e9 um cabelo poroso, e o que voc\u00ea pode fazer para manter seus fios saud\u00e1veis e brilhosos!\" \/>\n<meta property=\"og:url\" content=\"https:\/\/artigos.abelacosmetics.com\/en\/cabelo-poroso-saiba-como-identificar-e-tratar\/\" \/>\n<meta property=\"og:site_name\" content=\"Abela Cosmetics\" \/>\n<meta property=\"article:publisher\" content=\"https:\/\/www.facebook.com\/abelacosmetics\" \/>\n<meta property=\"article:published_time\" content=\"2021-12-27T21:01:41+00:00\" \/>\n<meta property=\"article:modified_time\" content=\"2023-01-26T13:56:06+00:00\" \/>\n<meta property=\"og:image\" content=\"https:\/\/artigos.abelacosmetics.com\/wp-content\/uploads\/2021\/12\/imagem-do-Post.png\" \/>\n\t<meta property=\"og:image:width\" content=\"850\" \/>\n\t<meta property=\"og:image:height\" content=\"430\" \/>\n\t<meta property=\"og:image:type\" content=\"image\/png\" \/>\n<meta name=\"author\" content=\"admin\" \/>\n<meta name=\"twitter:card\" content=\"summary_large_image\" \/>\n<meta name=\"twitter:label1\" content=\"Written by\" \/>\n\t<meta name=\"twitter:data1\" content=\"admin\" \/>\n\t<meta name=\"twitter:label2\" content=\"Est. reading time\" \/>\n\t<meta name=\"twitter:data2\" content=\"8 minutes\" \/>\n<script type=\"application\/ld+json\" class=\"yoast-schema-graph\">{\"@context\":\"https:\/\/schema.org\",\"@graph\":[{\"@type\":\"Article\",\"@id\":\"https:\/\/artigos.abelacosmetics.com\/cabelo-poroso-saiba-como-identificar-e-tratar\/#article\",\"isPartOf\":{\"@id\":\"https:\/\/artigos.abelacosmetics.com\/cabelo-poroso-saiba-como-identificar-e-tratar\/\"},\"author\":{\"name\":\"admin\",\"@id\":\"https:\/\/artigos.abelacosmetics.com\/#\/schema\/person\/675710be590edb47293978092f4e20f4\"},\"headline\":\"Cabelo poroso: saiba como identificar e tratar\",\"datePublished\":\"2021-12-27T21:01:41+00:00\",\"dateModified\":\"2023-01-26T13:56:06+00:00\",\"mainEntityOfPage\":{\"@id\":\"https:\/\/artigos.abelacosmetics.com\/cabelo-poroso-saiba-como-identificar-e-tratar\/\"},\"wordCount\":1278,\"commentCount\":1,\"publisher\":{\"@id\":\"https:\/\/artigos.abelacosmetics.com\/#organization\"},\"image\":{\"@id\":\"https:\/\/artigos.abelacosmetics.com\/cabelo-poroso-saiba-como-identificar-e-tratar\/#primaryimage\"},\"thumbnailUrl\":\"https:\/\/artigos.abelacosmetics.com\/wp-content\/uploads\/2021\/12\/imagem-do-Post.png\",\"articleSection\":[\"Conhe\u00e7a seus cabelos\",\"Novidades\"],\"inLanguage\":\"en-US\",\"potentialAction\":[{\"@type\":\"CommentAction\",\"name\":\"Comment\",\"target\":[\"https:\/\/artigos.abelacosmetics.com\/cabelo-poroso-saiba-como-identificar-e-tratar\/#respond\"]}]},{\"@type\":\"WebPage\",\"@id\":\"https:\/\/artigos.abelacosmetics.com\/cabelo-poroso-saiba-como-identificar-e-tratar\/\",\"url\":\"https:\/\/artigos.abelacosmetics.com\/cabelo-poroso-saiba-como-identificar-e-tratar\/\",\"name\":\"Cabelo poroso: saiba como identificar e tratar - Abela Cosmetics\",\"isPartOf\":{\"@id\":\"https:\/\/artigos.abelacosmetics.com\/#website\"},\"primaryImageOfPage\":{\"@id\":\"https:\/\/artigos.abelacosmetics.com\/cabelo-poroso-saiba-como-identificar-e-tratar\/#primaryimage\"},\"image\":{\"@id\":\"https:\/\/artigos.abelacosmetics.com\/cabelo-poroso-saiba-como-identificar-e-tratar\/#primaryimage\"},\"thumbnailUrl\":\"https:\/\/artigos.abelacosmetics.com\/wp-content\/uploads\/2021\/12\/imagem-do-Post.png\",\"datePublished\":\"2021-12-27T21:01:41+00:00\",\"dateModified\":\"2023-01-26T13:56:06+00:00\",\"description\":\"Entenda o que \u00e9 um cabelo poroso, e o que voc\u00ea pode fazer para manter seus fios saud\u00e1veis e brilhosos!\",\"breadcrumb\":{\"@id\":\"https:\/\/artigos.abelacosmetics.com\/cabelo-poroso-saiba-como-identificar-e-tratar\/#breadcrumb\"},\"inLanguage\":\"en-US\",\"potentialAction\":[{\"@type\":\"ReadAction\",\"target\":[\"https:\/\/artigos.abelacosmetics.com\/cabelo-poroso-saiba-como-identificar-e-tratar\/\"]}]},{\"@type\":\"ImageObject\",\"inLanguage\":\"en-US\",\"@id\":\"https:\/\/artigos.abelacosmetics.com\/cabelo-poroso-saiba-como-identificar-e-tratar\/#primaryimage\",\"url\":\"https:\/\/artigos.abelacosmetics.com\/wp-content\/uploads\/2021\/12\/imagem-do-Post.png\",\"contentUrl\":\"https:\/\/artigos.abelacosmetics.com\/wp-content\/uploads\/2021\/12\/imagem-do-Post.png\",\"width\":850,\"height\":430},{\"@type\":\"BreadcrumbList\",\"@id\":\"https:\/\/artigos.abelacosmetics.com\/cabelo-poroso-saiba-como-identificar-e-tratar\/#breadcrumb\",\"itemListElement\":[{\"@type\":\"ListItem\",\"position\":1,\"name\":\"In\u00edcio\",\"item\":\"https:\/\/artigos.abelacosmetics.com\/\"},{\"@type\":\"ListItem\",\"position\":2,\"name\":\"Cabelo poroso: saiba como identificar e tratar\"}]},{\"@type\":\"WebSite\",\"@id\":\"https:\/\/artigos.abelacosmetics.com\/#website\",\"url\":\"https:\/\/artigos.abelacosmetics.com\/\",\"name\":\"Abela Cosmetics\",\"description\":\"Cuidados para Cabelos \u00danicos\",\"publisher\":{\"@id\":\"https:\/\/artigos.abelacosmetics.com\/#organization\"},\"potentialAction\":[{\"@type\":\"SearchAction\",\"target\":{\"@type\":\"EntryPoint\",\"urlTemplate\":\"https:\/\/artigos.abelacosmetics.com\/?s={search_term_string}\"},\"query-input\":{\"@type\":\"PropertyValueSpecification\",\"valueRequired\":true,\"valueName\":\"search_term_string\"}}],\"inLanguage\":\"en-US\"},{\"@type\":\"Organization\",\"@id\":\"https:\/\/artigos.abelacosmetics.com\/#organization\",\"name\":\"Abela Cosmetics\",\"url\":\"https:\/\/artigos.abelacosmetics.com\/\",\"logo\":{\"@type\":\"ImageObject\",\"inLanguage\":\"en-US\",\"@id\":\"https:\/\/artigos.abelacosmetics.com\/#\/schema\/logo\/image\/\",\"url\":\"https:\/\/artigos.abelacosmetics.com\/wp-content\/uploads\/2023\/02\/logo-abela.png\",\"contentUrl\":\"https:\/\/artigos.abelacosmetics.com\/wp-content\/uploads\/2023\/02\/logo-abela.png\",\"width\":183,\"height\":90,\"caption\":\"Abela Cosmetics\"},\"image\":{\"@id\":\"https:\/\/artigos.abelacosmetics.com\/#\/schema\/logo\/image\/\"},\"sameAs\":[\"https:\/\/www.facebook.com\/abelacosmetics\"]},{\"@type\":\"Person\",\"@id\":\"https:\/\/artigos.abelacosmetics.com\/#\/schema\/person\/675710be590edb47293978092f4e20f4\",\"name\":\"admin\",\"image\":{\"@type\":\"ImageObject\",\"inLanguage\":\"en-US\",\"@id\":\"https:\/\/artigos.abelacosmetics.com\/#\/schema\/person\/image\/\",\"url\":\"https:\/\/secure.gravatar.com\/avatar\/ce9ccc2de538d30bcc33874c5a730e8e078e64fce402cb3cf0668a7439a0e654?s=96&d=mm&r=g\",\"contentUrl\":\"https:\/\/secure.gravatar.com\/avatar\/ce9ccc2de538d30bcc33874c5a730e8e078e64fce402cb3cf0668a7439a0e654?s=96&d=mm&r=g\",\"caption\":\"admin\"},\"sameAs\":[\"http:\/\/localhost\/abela-cosmetic\"],\"url\":\"https:\/\/artigos.abelacosmetics.com\/en\/author\/admin\/\"}]}<\/script>\n<!-- \/ Yoast SEO Premium plugin. -->","yoast_head_json":{"title":"Cabelo poroso: saiba como identificar e tratar - Abela Cosmetics","description":"Entenda o que \u00e9 um cabelo poroso, e o que voc\u00ea pode fazer para manter seus fios saud\u00e1veis e brilhosos!","robots":{"index":"index","follow":"follow","max-snippet":"max-snippet:-1","max-image-preview":"max-image-preview:large","max-video-preview":"max-video-preview:-1"},"canonical":"https:\/\/artigos.abelacosmetics.com\/en\/cabelo-poroso-saiba-como-identificar-e-tratar\/","og_locale":"en_US","og_type":"article","og_title":"Cabelo poroso: saiba como identificar e tratar","og_description":"Entenda o que \u00e9 um cabelo poroso, e o que voc\u00ea pode fazer para manter seus fios saud\u00e1veis e brilhosos!","og_url":"https:\/\/artigos.abelacosmetics.com\/en\/cabelo-poroso-saiba-como-identificar-e-tratar\/","og_site_name":"Abela Cosmetics","article_publisher":"https:\/\/www.facebook.com\/abelacosmetics","article_published_time":"2021-12-27T21:01:41+00:00","article_modified_time":"2023-01-26T13:56:06+00:00","og_image":[{"width":850,"height":430,"url":"https:\/\/artigos.abelacosmetics.com\/wp-content\/uploads\/2021\/12\/imagem-do-Post.png","type":"image\/png"}],"author":"admin","twitter_card":"summary_large_image","twitter_misc":{"Written by":"admin","Est. reading time":"8 minutes"},"schema":{"@context":"https:\/\/schema.org","@graph":[{"@type":"Article","@id":"https:\/\/artigos.abelacosmetics.com\/cabelo-poroso-saiba-como-identificar-e-tratar\/#article","isPartOf":{"@id":"https:\/\/artigos.abelacosmetics.com\/cabelo-poroso-saiba-como-identificar-e-tratar\/"},"author":{"name":"admin","@id":"https:\/\/artigos.abelacosmetics.com\/#\/schema\/person\/675710be590edb47293978092f4e20f4"},"headline":"Cabelo poroso: saiba como identificar e tratar","datePublished":"2021-12-27T21:01:41+00:00","dateModified":"2023-01-26T13:56:06+00:00","mainEntityOfPage":{"@id":"https:\/\/artigos.abelacosmetics.com\/cabelo-poroso-saiba-como-identificar-e-tratar\/"},"wordCount":1278,"commentCount":1,"publisher":{"@id":"https:\/\/artigos.abelacosmetics.com\/#organization"},"image":{"@id":"https:\/\/artigos.abelacosmetics.com\/cabelo-poroso-saiba-como-identificar-e-tratar\/#primaryimage"},"thumbnailUrl":"https:\/\/artigos.abelacosmetics.com\/wp-content\/uploads\/2021\/12\/imagem-do-Post.png","articleSection":["Conhe\u00e7a seus cabelos","Novidades"],"inLanguage":"en-US","potentialAction":[{"@type":"CommentAction","name":"Comment","target":["https:\/\/artigos.abelacosmetics.com\/cabelo-poroso-saiba-como-identificar-e-tratar\/#respond"]}]},{"@type":"WebPage","@id":"https:\/\/artigos.abelacosmetics.com\/cabelo-poroso-saiba-como-identificar-e-tratar\/","url":"https:\/\/artigos.abelacosmetics.com\/cabelo-poroso-saiba-como-identificar-e-tratar\/","name":"Cabelo poroso: saiba como identificar e tratar - Abela Cosmetics","isPartOf":{"@id":"https:\/\/artigos.abelacosmetics.com\/#website"},"primaryImageOfPage":{"@id":"https:\/\/artigos.abelacosmetics.com\/cabelo-poroso-saiba-como-identificar-e-tratar\/#primaryimage"},"image":{"@id":"https:\/\/artigos.abelacosmetics.com\/cabelo-poroso-saiba-como-identificar-e-tratar\/#primaryimage"},"thumbnailUrl":"https:\/\/artigos.abelacosmetics.com\/wp-content\/uploads\/2021\/12\/imagem-do-Post.png","datePublished":"2021-12-27T21:01:41+00:00","dateModified":"2023-01-26T13:56:06+00:00","description":"Entenda o que \u00e9 um cabelo poroso, e o que voc\u00ea pode fazer para manter seus fios saud\u00e1veis e brilhosos!","breadcrumb":{"@id":"https:\/\/artigos.abelacosmetics.com\/cabelo-poroso-saiba-como-identificar-e-tratar\/#breadcrumb"},"inLanguage":"en-US","potentialAction":[{"@type":"ReadAction","target":["https:\/\/artigos.abelacosmetics.com\/cabelo-poroso-saiba-como-identificar-e-tratar\/"]}]},{"@type":"ImageObject","inLanguage":"en-US","@id":"https:\/\/artigos.abelacosmetics.com\/cabelo-poroso-saiba-como-identificar-e-tratar\/#primaryimage","url":"https:\/\/artigos.abelacosmetics.com\/wp-content\/uploads\/2021\/12\/imagem-do-Post.png","contentUrl":"https:\/\/artigos.abelacosmetics.com\/wp-content\/uploads\/2021\/12\/imagem-do-Post.png","width":850,"height":430},{"@type":"BreadcrumbList","@id":"https:\/\/artigos.abelacosmetics.com\/cabelo-poroso-saiba-como-identificar-e-tratar\/#breadcrumb","itemListElement":[{"@type":"ListItem","position":1,"name":"In\u00edcio","item":"https:\/\/artigos.abelacosmetics.com\/"},{"@type":"ListItem","position":2,"name":"Cabelo poroso: saiba como identificar e tratar"}]},{"@type":"WebSite","@id":"https:\/\/artigos.abelacosmetics.com\/#website","url":"https:\/\/artigos.abelacosmetics.com\/","name":"Abela Cosmetics","description":"Cuidados para Cabelos \u00danicos","publisher":{"@id":"https:\/\/artigos.abelacosmetics.com\/#organization"},"potentialAction":[{"@type":"SearchAction","target":{"@type":"EntryPoint","urlTemplate":"https:\/\/artigos.abelacosmetics.com\/?s={search_term_string}"},"query-input":{"@type":"PropertyValueSpecification","valueRequired":true,"valueName":"search_term_string"}}],"inLanguage":"en-US"},{"@type":"Organization","@id":"https:\/\/artigos.abelacosmetics.com\/#organization","name":"Abela Cosmetics","url":"https:\/\/artigos.abelacosmetics.com\/","logo":{"@type":"ImageObject","inLanguage":"en-US","@id":"https:\/\/artigos.abelacosmetics.com\/#\/schema\/logo\/image\/","url":"https:\/\/artigos.abelacosmetics.com\/wp-content\/uploads\/2023\/02\/logo-abela.png","contentUrl":"https:\/\/artigos.abelacosmetics.com\/wp-content\/uploads\/2023\/02\/logo-abela.png","width":183,"height":90,"caption":"Abela Cosmetics"},"image":{"@id":"https:\/\/artigos.abelacosmetics.com\/#\/schema\/logo\/image\/"},"sameAs":["https:\/\/www.facebook.com\/abelacosmetics"]},{"@type":"Person","@id":"https:\/\/artigos.abelacosmetics.com\/#\/schema\/person\/675710be590edb47293978092f4e20f4","name":"admin","image":{"@type":"ImageObject","inLanguage":"en-US","@id":"https:\/\/artigos.abelacosmetics.com\/#\/schema\/person\/image\/","url":"https:\/\/secure.gravatar.com\/avatar\/ce9ccc2de538d30bcc33874c5a730e8e078e64fce402cb3cf0668a7439a0e654?s=96&d=mm&r=g","contentUrl":"https:\/\/secure.gravatar.com\/avatar\/ce9ccc2de538d30bcc33874c5a730e8e078e64fce402cb3cf0668a7439a0e654?s=96&d=mm&r=g","caption":"admin"},"sameAs":["http:\/\/localhost\/abela-cosmetic"],"url":"https:\/\/artigos.abelacosmetics.com\/en\/author\/admin\/"}]}},"_links":{"self":[{"href":"https:\/\/artigos.abelacosmetics.com\/en\/wp-json\/wp\/v2\/posts\/174","targetHints":{"allow":["GET"]}}],"collection":[{"href":"https:\/\/artigos.abelacosmetics.com\/en\/wp-json\/wp\/v2\/posts"}],"about":[{"href":"https:\/\/artigos.abelacosmetics.com\/en\/wp-json\/wp\/v2\/types\/post"}],"author":[{"embeddable":true,"href":"https:\/\/artigos.abelacosmetics.com\/en\/wp-json\/wp\/v2\/users\/1"}],"replies":[{"embeddable":true,"href":"https:\/\/artigos.abelacosmetics.com\/en\/wp-json\/wp\/v2\/comments?post=174"}],"version-history":[{"count":10,"href":"https:\/\/artigos.abelacosmetics.com\/en\/wp-json\/wp\/v2\/posts\/174\/revisions"}],"predecessor-version":[{"id":2347,"href":"https:\/\/artigos.abelacosmetics.com\/en\/wp-json\/wp\/v2\/posts\/174\/revisions\/2347"}],"wp:featuredmedia":[{"embeddable":true,"href":"https:\/\/artigos.abelacosmetics.com\/en\/wp-json\/wp\/v2\/media\/2338"}],"wp:attachment":[{"href":"https:\/\/artigos.abelacosmetics.com\/en\/wp-json\/wp\/v2\/media?parent=174"}],"wp:term":[{"taxonomy":"category","embeddable":true,"href":"https:\/\/artigos.abelacosmetics.com\/en\/wp-json\/wp\/v2\/categories?post=174"},{"taxonomy":"post_tag","embeddable":true,"href":"https:\/\/artigos.abelacosmetics.com\/en\/wp-json\/wp\/v2\/tags?post=174"}],"curies":[{"name":"wp","href":"https:\/\/api.w.org\/{rel}","templated":true}]}}