{"id":170,"date":"2021-12-28T17:49:47","date_gmt":"2021-12-28T20:49:47","guid":{"rendered":"http:\/\/localhost\/abela-cosmetic\/?p=170"},"modified":"2023-01-05T18:04:26","modified_gmt":"2023-01-05T21:04:26","slug":"alimentos-veganos-para-cabelos-saudaveis","status":"publish","type":"post","link":"https:\/\/artigos.abelacosmetics.com\/en\/alimentos-veganos-para-cabelos-saudaveis\/","title":{"rendered":"Alimentos veganos e cabelos saud\u00e1veis? Entenda sobre essa rela\u00e7\u00e3o!"},"content":{"rendered":"<p>&nbsp;<\/p>\n<p>&nbsp;<\/p>\n<p>O veganismo \u00e9 um estilo de vida no qual o indiv\u00edduo n\u00e3o se alimenta de nenhum ingrediente de origem animal. Muitas pessoas s\u00e3o adeptas dessa alimenta\u00e7\u00e3o, que al\u00e9m de\u00a0<b><strong>saud\u00e1vel<\/strong><\/b>, proporciona mais qualidade de vida e benef\u00edcios ao corpo como um todo. E apesar de uma alimenta\u00e7\u00e3o vegana ser mais restrita, as combina\u00e7\u00f5es de sabores s\u00e3o in\u00fameras.<\/p>\n<p>&nbsp;<\/p>\n<audio class=\"wp-audio-shortcode\" id=\"audio-170-1\" preload=\"none\" style=\"width: 100%;\" controls=\"controls\"><source type=\"audio\/mpeg\" src=\"https:\/\/artigos.abelacosmetics.com\/wp-content\/uploads\/2021\/12\/alimentos-veganos-1.mp3?_=1\" \/><a href=\"https:\/\/artigos.abelacosmetics.com\/wp-content\/uploads\/2021\/12\/alimentos-veganos-1.mp3\">https:\/\/artigos.abelacosmetics.com\/wp-content\/uploads\/2021\/12\/alimentos-veganos-1.mp3<\/a><\/audio>\n<p>&nbsp;<\/p>\n<p>Por\u00e9m, \u00e9 preciso seguir as recomenda\u00e7\u00f5es de um profissional, de forma que voc\u00ea consiga absorver o maior n\u00famero de nutrientes poss\u00edveis. Afinal, essa \u00e9 uma decis\u00e3o que pode desencadear uma s\u00e9rie de mudan\u00e7as no corpo humano, sejam melhorias ou preju\u00edzos para o corpo, pele e at\u00e9 para os cabelos.<\/p>\n<p>Neste artigo traremos a lista dos 6<b><strong>\u00a0alimentos veganos<\/strong><\/b>\u00a0que podem deixar seus\u00a0<b><strong>cabelos saud\u00e1veis<\/strong><\/b>. Ent\u00e3o, boa leitura.<\/p>\n<ul>\n<li><em>O que \u00e9 a alimenta\u00e7\u00e3o vegana?<\/em><\/li>\n<li><em>Alimentos veganos que deixam os cabelos saud\u00e1veis:<\/em><\/li>\n<li><em>Dieta vegana e cabelo crespo.<\/em><\/li>\n<\/ul>\n<h2>Alimentos veganos: o que \u00e9 a alimenta\u00e7\u00e3o vegana?<\/h2>\n<p>Escolher se alimentar com ingredientes que n\u00e3o sejam de origem animal tornou-se uma filosofia de vida para muitas pessoas. Mas, o veganismo vai al\u00e9m do que se coloca no prato. Quem decide seguir esse estilo de vida tamb\u00e9m estende este h\u00e1bito para roupas, produtos, cal\u00e7ados,cabelos, entre outros.<\/p>\n<p>Sem n\u00edveis adequados de\u00a0<b><strong>nutrientes<\/strong><\/b>\u00a0absorvidos pelo corpo, o cabelo perde for\u00e7a de crescimento, ficando opaco e fr\u00e1gil. Isso propicia a queda capilar pela falta de nutrientes, especialmente ferro, prote\u00ednas, vitaminas, \u00f4mega 3 e zinco.<\/p>\n<p>Mas, como podemos consumir\u00a0<b><strong>alimentos veganos<\/strong><\/b>\u00a0e absorver seus\u00a0<b><strong>nutrientes<\/strong><\/b>\u00a0de forma adequada? Para isso, \u00e9 preciso investir em uma alimenta\u00e7\u00e3o variada, e, quanto mais colorida, melhor! Aposte em combina\u00e7\u00f5es que possam absorver o ferro e as prote\u00ednas das refei\u00e7\u00f5es.<\/p>\n<p>Uma dica \u00e9 consumir alimentos ricos em vitamina C, que ajudam a absorver o ferro presente em alimentos de origem vegetal. Evite consumir cafe\u00edna antes e depois das refei\u00e7\u00f5es, pois isso tamb\u00e9m ajuda na absor\u00e7\u00e3o.<\/p>\n<h2>Alimentos veganos que deixam os cabelos saud\u00e1veis<\/h2>\n<p>Confira abaixo a lista de alguns alimentos ricos em prote\u00ednas que v\u00e3o ajudar a impulsionar o\u00a0<b><strong>crescimento capilar saud\u00e1vel<\/strong><\/b>\u00a0dos seus cabelos:<\/p>\n<h3>Avocado<\/h3>\n<p>O abacate, al\u00e9m de possuir excelentes ingredientes para pele, tamb\u00e9m faz muito bem aos cabelos ressecados. Isso porque ele tem uma gordura boa que ret\u00e9m a umidade, hidratando e nutrindo o fio. Com isso, auxilia no fortalecimento e crescimento do cabelo. Al\u00e9m disso, o abacate possui prote\u00ednas, fibras, vitaminas B e E e amino\u00e1cidos.<\/p>\n<h3>Coconut<\/h3>\n<p>A polpa do coco \u00e9 rica em fibras, vitaminas B e C, pot\u00e1ssio, c\u00e1lcio, magn\u00e9sio, f\u00f3sforo, e claro, gorduras boas. O \u00f3leo que \u00e9 extra\u00eddo do coco tem propriedades hidratantes, tanto para o corpo como para os cabelos. Esse \u00f3leo tem um alto poder umectante, assim, ele cria uma barreira protetora no fio que evita a perda de \u00e1gua. Al\u00e9m disso, os \u00e1cidos graxos e vitaminas auxiliam a suavizar as cut\u00edculas do cabelo, dando maciez e leveza aos fios, ajudando, inclusive, a combater o frizz.<\/p>\n<h3>Lentilha<\/h3>\n<p>Ricas em prote\u00ednas, ferro, pot\u00e1ssio, fibras, magn\u00e9sio, e poucas calorias, as lentilhas s\u00e3o excelente fonte de zinco e biotina. Para quem n\u00e3o sabe, o zinco ajuda no crescimento e na repara\u00e7\u00e3o do tecido capilar, o que reduz as chances de queda de cabelo. J\u00e1 a biotina \u00e9 uma vitamina que melhora a infraestrutura da queratina.<\/p>\n<h3>Linseed<\/h3>\n<p>As sementes s\u00e3o \u00f3timas para serem acrescentadas no lanche e deix\u00e1-lo ainda mais nutritivo. Seja nos smoothies, no iogurte ou nas refei\u00e7\u00f5es, as sementes como linha\u00e7a, gergelim e quinoa re\u00fanem muitos\u00a0<b><strong>nutrientes<\/strong><\/b>\u00a0j\u00e1 que s\u00e3o ricas em fibras, antioxidantes, vitaminas e minerais.<\/p>\n<p>A linha\u00e7a, por exemplo, pode ser encontrada em gr\u00e3os, \u00f3leos e farinha, e pode ser incorporada em praticamente tudo, como massas, iogurtes, sopas e at\u00e9 sucos. Devido seu alto teor de fibras, ajuda a regular o intestino, diminui a ansiedade e inflama\u00e7\u00f5es de c\u00e9lulas gordurosas, al\u00e9m de prevenir a diabetes.<\/p>\n<p>J\u00e1 o gergelim, muito utilizado na culin\u00e1ria japonesa, \u00e9 fonte de ferro, fibras e c\u00e1lcio, agindo como um antiinflamat\u00f3rio natural, combatendo a anemia e controlando a diabetes. Outro benef\u00edcio \u00e9 controlar o envelhecimento precoce dos cabelos, al\u00e9m de restaurar as barreiras protetoras da pele.<\/p>\n<p>Enquanto isso, a quinoa \u00e9 considerada o gr\u00e3o mais completo, pois \u00e9 fonte de carboidratos, vitaminas, prote\u00ednas, minerais, amino\u00e1cidos e c\u00e1lcio. Seus benef\u00edcios tamb\u00e9m s\u00e3o in\u00fameros, como combate \u00e0 anemia, preven\u00e7\u00e3o de doen\u00e7as vasculares e melhora da mem\u00f3ria. Isso se deve ao fato dela possuir fibras, vitaminas B, D e E.<\/p>\n<h3>Nozes<\/h3>\n<p>Outra importante fonte de prote\u00edna s\u00e3o as nozes, \u00f3tima op\u00e7\u00e3o para lanches e que podem ser consumidas de forma natural ou adicionadas em iogurtes, shakes, vitaminas ou combinadas com frutas. As nozes tamb\u00e9m possuem vitamina E, que melhora a circula\u00e7\u00e3o do couro cabeludo e auxilia no crescimento\u00a0capilar de forma saud\u00e1vel.<\/p>\n<h3>\u00d3leo de Argan<\/h3>\n<p>O \u00f3leo de argan \u00e9, sem d\u00favidas, um agente poderoso quando se fala em cuidar dos cabelos. Rico em vitamina E, \u00e1cido linoleico e \u00e1cidos graxos essenciais, seus nutrientes proporcionam hidrata\u00e7\u00e3o, maciez, sedosidade e brilho aos fios, al\u00e9m de tratar as pontas duplas. Por ser um agente com alto potencial calmante, ele \u00e9 bastante eficaz para evitar o ressecamento e irrita\u00e7\u00e3o no couro cabeludo.<\/p>\n<h3>Sementes de chia<\/h3>\n<p>Ricas em ferro, vitamina B e c\u00e1lcio, as sementes de chia concentram prote\u00ednas que auxiliam no crescimento saud\u00e1vel e forte do cabelo. Al\u00e9m disso, mant\u00e9m o fio macio e resistente \u00e0 queda. A chia protege o organismo contra doen\u00e7as cardiovasculares, prevenindo e controlando a diabetes, al\u00e9m de fortalecer a imunidade e proteger os ossos.<\/p>\n<h2>Alimentos veganos e cabelo crespo<\/h2>\n<p>Pode at\u00e9 n\u00e3o parecer, mas os fios sofrem os impactos com a mudan\u00e7a alimentar. Por isso, quem \u00e9 vegano precisa fazer acompanhamento especializado para repor os nutrientes. Para que o corpo, a pele e os cabelos estejam saud\u00e1veis, \u00e9 preciso consumir alimentos ricos em prote\u00ednas vegetais, presentes no feij\u00e3o, tofu, cogumelos, entre outros.<\/p>\n<p>Os cabelos crespos tamb\u00e9m sentem os efeitos dessa transi\u00e7\u00e3o alimentar, por isso, fique atenta ao que consome para que os fios continuem fortalecidos, mesmo com uma alimenta\u00e7\u00e3o vegana. Al\u00e9m disso, aposte em produtos desenvolvidos especificamente para seu tipo de fio e que tenham em sua composi\u00e7\u00e3o componentes que auxiliam no crescimento crescimento capilar saud\u00e1vel.<\/p>\n<p>A m\u00e1scara Love Vegan Coco, da\u00a0<a href=\"https:\/\/www.instagram.com\/abelacosmetics\/?hl=pt-br\">Abela Cosmetics<\/a>, por exemplo, \u00e9 completa e age em apenas 3 minutos, perfeita para dar aquela revigorada nos fios durante o banho. Al\u00e9m disso, ela possui em sua composi\u00e7\u00e3o coco, karit\u00e9 e amino\u00e1cidos que, juntos, promovem nutri\u00e7\u00e3o intensa e combatem a quebra e o ressecamento.<\/p>","protected":false},"excerpt":{"rendered":"<p>&nbsp; &nbsp; O veganismo \u00e9 um estilo de vida no qual o indiv\u00edduo n\u00e3o se alimenta de nenhum ingrediente de origem animal. Muitas pessoas s\u00e3o adeptas dessa alimenta\u00e7\u00e3o, que al\u00e9m de\u00a0saud\u00e1vel, proporciona mais qualidade de vida e benef\u00edcios ao corpo como um todo. E apesar de uma alimenta\u00e7\u00e3o vegana ser mais restrita, as combina\u00e7\u00f5es de [&hellip;]<\/p>","protected":false},"author":1,"featured_media":831,"comment_status":"open","ping_status":"open","sticky":false,"template":"","format":"standard","meta":{"_acf_changed":false,"_mo_disable_npp":"","inline_featured_image":false,"footnotes":""},"categories":[32],"tags":[],"class_list":["post-170","post","type-post","status-publish","format-standard","has-post-thumbnail","hentry","category-informacoes"],"acf":[],"yoast_head":"<!-- This site is optimized with the Yoast SEO Premium plugin v19.2.1 (Yoast SEO v26.9) - https:\/\/yoast.com\/product\/yoast-seo-premium-wordpress\/ -->\n<title>Alimentos veganos e cabelos saud\u00e1veis? Entenda sobre essa rela\u00e7\u00e3o! - Abela Cosmetics<\/title>\n<meta name=\"description\" content=\"Sua alimenta\u00e7\u00e3o importa para sues cabelos! Conhe\u00e7a alguns alimentos que fazem muita diferen\u00e7a na sa\u00fade dos fios.\" \/>\n<meta name=\"robots\" content=\"index, follow, max-snippet:-1, max-image-preview:large, max-video-preview:-1\" \/>\n<link rel=\"canonical\" href=\"https:\/\/artigos.abelacosmetics.com\/en\/alimentos-veganos-para-cabelos-saudaveis\/\" \/>\n<meta property=\"og:locale\" content=\"en_US\" \/>\n<meta property=\"og:type\" content=\"article\" \/>\n<meta property=\"og:title\" content=\"Alimentos veganos e cabelos saud\u00e1veis? Entenda sobre essa rela\u00e7\u00e3o!\" \/>\n<meta property=\"og:description\" content=\"Sua alimenta\u00e7\u00e3o importa para sues cabelos! Conhe\u00e7a alguns alimentos que fazem muita diferen\u00e7a na sa\u00fade dos fios.\" \/>\n<meta property=\"og:url\" content=\"https:\/\/artigos.abelacosmetics.com\/en\/alimentos-veganos-para-cabelos-saudaveis\/\" \/>\n<meta property=\"og:site_name\" content=\"Abela Cosmetics\" \/>\n<meta property=\"article:publisher\" content=\"https:\/\/www.facebook.com\/abelacosmetics\" \/>\n<meta property=\"article:published_time\" content=\"2021-12-28T20:49:47+00:00\" \/>\n<meta property=\"article:modified_time\" content=\"2023-01-05T21:04:26+00:00\" \/>\n<meta property=\"og:image\" content=\"https:\/\/artigos.abelacosmetics.com\/wp-content\/uploads\/2022\/05\/saco-legumes.jpg\" \/>\n\t<meta property=\"og:image:width\" content=\"850\" \/>\n\t<meta property=\"og:image:height\" content=\"430\" \/>\n\t<meta property=\"og:image:type\" content=\"image\/jpeg\" \/>\n<meta name=\"author\" content=\"admin\" \/>\n<meta name=\"twitter:card\" content=\"summary_large_image\" \/>\n<meta name=\"twitter:label1\" content=\"Written by\" \/>\n\t<meta name=\"twitter:data1\" content=\"admin\" \/>\n\t<meta name=\"twitter:label2\" content=\"Est. reading time\" \/>\n\t<meta name=\"twitter:data2\" content=\"6 minutes\" \/>\n<script type=\"application\/ld+json\" class=\"yoast-schema-graph\">{\"@context\":\"https:\/\/schema.org\",\"@graph\":[{\"@type\":\"Article\",\"@id\":\"https:\/\/artigos.abelacosmetics.com\/alimentos-veganos-para-cabelos-saudaveis\/#article\",\"isPartOf\":{\"@id\":\"https:\/\/artigos.abelacosmetics.com\/alimentos-veganos-para-cabelos-saudaveis\/\"},\"author\":{\"name\":\"admin\",\"@id\":\"https:\/\/artigos.abelacosmetics.com\/#\/schema\/person\/675710be590edb47293978092f4e20f4\"},\"headline\":\"Alimentos veganos e cabelos saud\u00e1veis? Entenda sobre essa rela\u00e7\u00e3o!\",\"datePublished\":\"2021-12-28T20:49:47+00:00\",\"dateModified\":\"2023-01-05T21:04:26+00:00\",\"mainEntityOfPage\":{\"@id\":\"https:\/\/artigos.abelacosmetics.com\/alimentos-veganos-para-cabelos-saudaveis\/\"},\"wordCount\":1188,\"commentCount\":0,\"publisher\":{\"@id\":\"https:\/\/artigos.abelacosmetics.com\/#organization\"},\"image\":{\"@id\":\"https:\/\/artigos.abelacosmetics.com\/alimentos-veganos-para-cabelos-saudaveis\/#primaryimage\"},\"thumbnailUrl\":\"https:\/\/artigos.abelacosmetics.com\/wp-content\/uploads\/2022\/05\/saco-legumes.jpg\",\"articleSection\":[\"Informa\u00e7\u00f5es\"],\"inLanguage\":\"en-US\",\"potentialAction\":[{\"@type\":\"CommentAction\",\"name\":\"Comment\",\"target\":[\"https:\/\/artigos.abelacosmetics.com\/alimentos-veganos-para-cabelos-saudaveis\/#respond\"]}]},{\"@type\":\"WebPage\",\"@id\":\"https:\/\/artigos.abelacosmetics.com\/alimentos-veganos-para-cabelos-saudaveis\/\",\"url\":\"https:\/\/artigos.abelacosmetics.com\/alimentos-veganos-para-cabelos-saudaveis\/\",\"name\":\"Alimentos veganos e cabelos saud\u00e1veis? Entenda sobre essa rela\u00e7\u00e3o! - Abela Cosmetics\",\"isPartOf\":{\"@id\":\"https:\/\/artigos.abelacosmetics.com\/#website\"},\"primaryImageOfPage\":{\"@id\":\"https:\/\/artigos.abelacosmetics.com\/alimentos-veganos-para-cabelos-saudaveis\/#primaryimage\"},\"image\":{\"@id\":\"https:\/\/artigos.abelacosmetics.com\/alimentos-veganos-para-cabelos-saudaveis\/#primaryimage\"},\"thumbnailUrl\":\"https:\/\/artigos.abelacosmetics.com\/wp-content\/uploads\/2022\/05\/saco-legumes.jpg\",\"datePublished\":\"2021-12-28T20:49:47+00:00\",\"dateModified\":\"2023-01-05T21:04:26+00:00\",\"description\":\"Sua alimenta\u00e7\u00e3o importa para sues cabelos! Conhe\u00e7a alguns alimentos que fazem muita diferen\u00e7a na sa\u00fade dos fios.\",\"breadcrumb\":{\"@id\":\"https:\/\/artigos.abelacosmetics.com\/alimentos-veganos-para-cabelos-saudaveis\/#breadcrumb\"},\"inLanguage\":\"en-US\",\"potentialAction\":[{\"@type\":\"ReadAction\",\"target\":[\"https:\/\/artigos.abelacosmetics.com\/alimentos-veganos-para-cabelos-saudaveis\/\"]}]},{\"@type\":\"ImageObject\",\"inLanguage\":\"en-US\",\"@id\":\"https:\/\/artigos.abelacosmetics.com\/alimentos-veganos-para-cabelos-saudaveis\/#primaryimage\",\"url\":\"https:\/\/artigos.abelacosmetics.com\/wp-content\/uploads\/2022\/05\/saco-legumes.jpg\",\"contentUrl\":\"https:\/\/artigos.abelacosmetics.com\/wp-content\/uploads\/2022\/05\/saco-legumes.jpg\",\"width\":850,\"height\":430},{\"@type\":\"BreadcrumbList\",\"@id\":\"https:\/\/artigos.abelacosmetics.com\/alimentos-veganos-para-cabelos-saudaveis\/#breadcrumb\",\"itemListElement\":[{\"@type\":\"ListItem\",\"position\":1,\"name\":\"In\u00edcio\",\"item\":\"https:\/\/artigos.abelacosmetics.com\/\"},{\"@type\":\"ListItem\",\"position\":2,\"name\":\"Alimentos veganos e cabelos saud\u00e1veis? Entenda sobre essa rela\u00e7\u00e3o!\"}]},{\"@type\":\"WebSite\",\"@id\":\"https:\/\/artigos.abelacosmetics.com\/#website\",\"url\":\"https:\/\/artigos.abelacosmetics.com\/\",\"name\":\"Abela Cosmetics\",\"description\":\"Cuidados para Cabelos \u00danicos\",\"publisher\":{\"@id\":\"https:\/\/artigos.abelacosmetics.com\/#organization\"},\"potentialAction\":[{\"@type\":\"SearchAction\",\"target\":{\"@type\":\"EntryPoint\",\"urlTemplate\":\"https:\/\/artigos.abelacosmetics.com\/?s={search_term_string}\"},\"query-input\":{\"@type\":\"PropertyValueSpecification\",\"valueRequired\":true,\"valueName\":\"search_term_string\"}}],\"inLanguage\":\"en-US\"},{\"@type\":\"Organization\",\"@id\":\"https:\/\/artigos.abelacosmetics.com\/#organization\",\"name\":\"Abela Cosmetics\",\"url\":\"https:\/\/artigos.abelacosmetics.com\/\",\"logo\":{\"@type\":\"ImageObject\",\"inLanguage\":\"en-US\",\"@id\":\"https:\/\/artigos.abelacosmetics.com\/#\/schema\/logo\/image\/\",\"url\":\"https:\/\/artigos.abelacosmetics.com\/wp-content\/uploads\/2023\/02\/logo-abela.png\",\"contentUrl\":\"https:\/\/artigos.abelacosmetics.com\/wp-content\/uploads\/2023\/02\/logo-abela.png\",\"width\":183,\"height\":90,\"caption\":\"Abela Cosmetics\"},\"image\":{\"@id\":\"https:\/\/artigos.abelacosmetics.com\/#\/schema\/logo\/image\/\"},\"sameAs\":[\"https:\/\/www.facebook.com\/abelacosmetics\"]},{\"@type\":\"Person\",\"@id\":\"https:\/\/artigos.abelacosmetics.com\/#\/schema\/person\/675710be590edb47293978092f4e20f4\",\"name\":\"admin\",\"image\":{\"@type\":\"ImageObject\",\"inLanguage\":\"en-US\",\"@id\":\"https:\/\/artigos.abelacosmetics.com\/#\/schema\/person\/image\/\",\"url\":\"https:\/\/secure.gravatar.com\/avatar\/ce9ccc2de538d30bcc33874c5a730e8e078e64fce402cb3cf0668a7439a0e654?s=96&d=mm&r=g\",\"contentUrl\":\"https:\/\/secure.gravatar.com\/avatar\/ce9ccc2de538d30bcc33874c5a730e8e078e64fce402cb3cf0668a7439a0e654?s=96&d=mm&r=g\",\"caption\":\"admin\"},\"sameAs\":[\"http:\/\/localhost\/abela-cosmetic\"],\"url\":\"https:\/\/artigos.abelacosmetics.com\/en\/author\/admin\/\"}]}<\/script>\n<!-- \/ Yoast SEO Premium plugin. -->","yoast_head_json":{"title":"Alimentos veganos e cabelos saud\u00e1veis? Entenda sobre essa rela\u00e7\u00e3o! - Abela Cosmetics","description":"Sua alimenta\u00e7\u00e3o importa para sues cabelos! Conhe\u00e7a alguns alimentos que fazem muita diferen\u00e7a na sa\u00fade dos fios.","robots":{"index":"index","follow":"follow","max-snippet":"max-snippet:-1","max-image-preview":"max-image-preview:large","max-video-preview":"max-video-preview:-1"},"canonical":"https:\/\/artigos.abelacosmetics.com\/en\/alimentos-veganos-para-cabelos-saudaveis\/","og_locale":"en_US","og_type":"article","og_title":"Alimentos veganos e cabelos saud\u00e1veis? Entenda sobre essa rela\u00e7\u00e3o!","og_description":"Sua alimenta\u00e7\u00e3o importa para sues cabelos! Conhe\u00e7a alguns alimentos que fazem muita diferen\u00e7a na sa\u00fade dos fios.","og_url":"https:\/\/artigos.abelacosmetics.com\/en\/alimentos-veganos-para-cabelos-saudaveis\/","og_site_name":"Abela Cosmetics","article_publisher":"https:\/\/www.facebook.com\/abelacosmetics","article_published_time":"2021-12-28T20:49:47+00:00","article_modified_time":"2023-01-05T21:04:26+00:00","og_image":[{"width":850,"height":430,"url":"https:\/\/artigos.abelacosmetics.com\/wp-content\/uploads\/2022\/05\/saco-legumes.jpg","type":"image\/jpeg"}],"author":"admin","twitter_card":"summary_large_image","twitter_misc":{"Written by":"admin","Est. reading time":"6 minutes"},"schema":{"@context":"https:\/\/schema.org","@graph":[{"@type":"Article","@id":"https:\/\/artigos.abelacosmetics.com\/alimentos-veganos-para-cabelos-saudaveis\/#article","isPartOf":{"@id":"https:\/\/artigos.abelacosmetics.com\/alimentos-veganos-para-cabelos-saudaveis\/"},"author":{"name":"admin","@id":"https:\/\/artigos.abelacosmetics.com\/#\/schema\/person\/675710be590edb47293978092f4e20f4"},"headline":"Alimentos veganos e cabelos saud\u00e1veis? Entenda sobre essa rela\u00e7\u00e3o!","datePublished":"2021-12-28T20:49:47+00:00","dateModified":"2023-01-05T21:04:26+00:00","mainEntityOfPage":{"@id":"https:\/\/artigos.abelacosmetics.com\/alimentos-veganos-para-cabelos-saudaveis\/"},"wordCount":1188,"commentCount":0,"publisher":{"@id":"https:\/\/artigos.abelacosmetics.com\/#organization"},"image":{"@id":"https:\/\/artigos.abelacosmetics.com\/alimentos-veganos-para-cabelos-saudaveis\/#primaryimage"},"thumbnailUrl":"https:\/\/artigos.abelacosmetics.com\/wp-content\/uploads\/2022\/05\/saco-legumes.jpg","articleSection":["Informa\u00e7\u00f5es"],"inLanguage":"en-US","potentialAction":[{"@type":"CommentAction","name":"Comment","target":["https:\/\/artigos.abelacosmetics.com\/alimentos-veganos-para-cabelos-saudaveis\/#respond"]}]},{"@type":"WebPage","@id":"https:\/\/artigos.abelacosmetics.com\/alimentos-veganos-para-cabelos-saudaveis\/","url":"https:\/\/artigos.abelacosmetics.com\/alimentos-veganos-para-cabelos-saudaveis\/","name":"Alimentos veganos e cabelos saud\u00e1veis? Entenda sobre essa rela\u00e7\u00e3o! - Abela Cosmetics","isPartOf":{"@id":"https:\/\/artigos.abelacosmetics.com\/#website"},"primaryImageOfPage":{"@id":"https:\/\/artigos.abelacosmetics.com\/alimentos-veganos-para-cabelos-saudaveis\/#primaryimage"},"image":{"@id":"https:\/\/artigos.abelacosmetics.com\/alimentos-veganos-para-cabelos-saudaveis\/#primaryimage"},"thumbnailUrl":"https:\/\/artigos.abelacosmetics.com\/wp-content\/uploads\/2022\/05\/saco-legumes.jpg","datePublished":"2021-12-28T20:49:47+00:00","dateModified":"2023-01-05T21:04:26+00:00","description":"Sua alimenta\u00e7\u00e3o importa para sues cabelos! Conhe\u00e7a alguns alimentos que fazem muita diferen\u00e7a na sa\u00fade dos fios.","breadcrumb":{"@id":"https:\/\/artigos.abelacosmetics.com\/alimentos-veganos-para-cabelos-saudaveis\/#breadcrumb"},"inLanguage":"en-US","potentialAction":[{"@type":"ReadAction","target":["https:\/\/artigos.abelacosmetics.com\/alimentos-veganos-para-cabelos-saudaveis\/"]}]},{"@type":"ImageObject","inLanguage":"en-US","@id":"https:\/\/artigos.abelacosmetics.com\/alimentos-veganos-para-cabelos-saudaveis\/#primaryimage","url":"https:\/\/artigos.abelacosmetics.com\/wp-content\/uploads\/2022\/05\/saco-legumes.jpg","contentUrl":"https:\/\/artigos.abelacosmetics.com\/wp-content\/uploads\/2022\/05\/saco-legumes.jpg","width":850,"height":430},{"@type":"BreadcrumbList","@id":"https:\/\/artigos.abelacosmetics.com\/alimentos-veganos-para-cabelos-saudaveis\/#breadcrumb","itemListElement":[{"@type":"ListItem","position":1,"name":"In\u00edcio","item":"https:\/\/artigos.abelacosmetics.com\/"},{"@type":"ListItem","position":2,"name":"Alimentos veganos e cabelos saud\u00e1veis? Entenda sobre essa rela\u00e7\u00e3o!"}]},{"@type":"WebSite","@id":"https:\/\/artigos.abelacosmetics.com\/#website","url":"https:\/\/artigos.abelacosmetics.com\/","name":"Abela Cosmetics","description":"Cuidados para Cabelos \u00danicos","publisher":{"@id":"https:\/\/artigos.abelacosmetics.com\/#organization"},"potentialAction":[{"@type":"SearchAction","target":{"@type":"EntryPoint","urlTemplate":"https:\/\/artigos.abelacosmetics.com\/?s={search_term_string}"},"query-input":{"@type":"PropertyValueSpecification","valueRequired":true,"valueName":"search_term_string"}}],"inLanguage":"en-US"},{"@type":"Organization","@id":"https:\/\/artigos.abelacosmetics.com\/#organization","name":"Abela Cosmetics","url":"https:\/\/artigos.abelacosmetics.com\/","logo":{"@type":"ImageObject","inLanguage":"en-US","@id":"https:\/\/artigos.abelacosmetics.com\/#\/schema\/logo\/image\/","url":"https:\/\/artigos.abelacosmetics.com\/wp-content\/uploads\/2023\/02\/logo-abela.png","contentUrl":"https:\/\/artigos.abelacosmetics.com\/wp-content\/uploads\/2023\/02\/logo-abela.png","width":183,"height":90,"caption":"Abela Cosmetics"},"image":{"@id":"https:\/\/artigos.abelacosmetics.com\/#\/schema\/logo\/image\/"},"sameAs":["https:\/\/www.facebook.com\/abelacosmetics"]},{"@type":"Person","@id":"https:\/\/artigos.abelacosmetics.com\/#\/schema\/person\/675710be590edb47293978092f4e20f4","name":"admin","image":{"@type":"ImageObject","inLanguage":"en-US","@id":"https:\/\/artigos.abelacosmetics.com\/#\/schema\/person\/image\/","url":"https:\/\/secure.gravatar.com\/avatar\/ce9ccc2de538d30bcc33874c5a730e8e078e64fce402cb3cf0668a7439a0e654?s=96&d=mm&r=g","contentUrl":"https:\/\/secure.gravatar.com\/avatar\/ce9ccc2de538d30bcc33874c5a730e8e078e64fce402cb3cf0668a7439a0e654?s=96&d=mm&r=g","caption":"admin"},"sameAs":["http:\/\/localhost\/abela-cosmetic"],"url":"https:\/\/artigos.abelacosmetics.com\/en\/author\/admin\/"}]}},"_links":{"self":[{"href":"https:\/\/artigos.abelacosmetics.com\/en\/wp-json\/wp\/v2\/posts\/170","targetHints":{"allow":["GET"]}}],"collection":[{"href":"https:\/\/artigos.abelacosmetics.com\/en\/wp-json\/wp\/v2\/posts"}],"about":[{"href":"https:\/\/artigos.abelacosmetics.com\/en\/wp-json\/wp\/v2\/types\/post"}],"author":[{"embeddable":true,"href":"https:\/\/artigos.abelacosmetics.com\/en\/wp-json\/wp\/v2\/users\/1"}],"replies":[{"embeddable":true,"href":"https:\/\/artigos.abelacosmetics.com\/en\/wp-json\/wp\/v2\/comments?post=170"}],"version-history":[{"count":5,"href":"https:\/\/artigos.abelacosmetics.com\/en\/wp-json\/wp\/v2\/posts\/170\/revisions"}],"predecessor-version":[{"id":2266,"href":"https:\/\/artigos.abelacosmetics.com\/en\/wp-json\/wp\/v2\/posts\/170\/revisions\/2266"}],"wp:featuredmedia":[{"embeddable":true,"href":"https:\/\/artigos.abelacosmetics.com\/en\/wp-json\/wp\/v2\/media\/831"}],"wp:attachment":[{"href":"https:\/\/artigos.abelacosmetics.com\/en\/wp-json\/wp\/v2\/media?parent=170"}],"wp:term":[{"taxonomy":"category","embeddable":true,"href":"https:\/\/artigos.abelacosmetics.com\/en\/wp-json\/wp\/v2\/categories?post=170"},{"taxonomy":"post_tag","embeddable":true,"href":"https:\/\/artigos.abelacosmetics.com\/en\/wp-json\/wp\/v2\/tags?post=170"}],"curies":[{"name":"wp","href":"https:\/\/api.w.org\/{rel}","templated":true}]}}