{"id":1509,"date":"2022-10-21T10:40:46","date_gmt":"2022-10-21T13:40:46","guid":{"rendered":"https:\/\/artigos.abelacosmetics.com\/?p=1509"},"modified":"2023-01-05T17:57:31","modified_gmt":"2023-01-05T20:57:31","slug":"detox-do-couro-cabeludo","status":"publish","type":"post","link":"https:\/\/artigos.abelacosmetics.com\/en\/detox-do-couro-cabeludo\/","title":{"rendered":"Detox do couro cabeludo: voc\u00ea sabe do que se trata? Descubra!"},"content":{"rendered":"<p>&nbsp;<\/p>\n<p>&nbsp;<\/p>\n<p>Voc\u00ea j\u00e1 ouviu falar sobre <strong>detox do couro cabeludo<\/strong>?<\/p>\n<p>Produtos capilares, produtos qu\u00edmicos, polui\u00e7\u00e3o ou at\u00e9 mesmo c\u00e9lulas mortas da pele podem entupir os fol\u00edculos capilares do couro cabeludo. Sendo assim, se voc\u00ea ainda n\u00e3o conhecia essa t\u00e9cnica, precisa conhecer!<\/p>\n<p>&nbsp;<\/p>\n<audio class=\"wp-audio-shortcode\" id=\"audio-1509-1\" preload=\"none\" style=\"width: 100%;\" controls=\"controls\"><source type=\"audio\/mpeg\" src=\"https:\/\/artigos.abelacosmetics.com\/wp-content\/uploads\/2022\/10\/Detox-do-couro-cabeludo-1.mp3?_=1\" \/><a href=\"https:\/\/artigos.abelacosmetics.com\/wp-content\/uploads\/2022\/10\/Detox-do-couro-cabeludo-1.mp3\">https:\/\/artigos.abelacosmetics.com\/wp-content\/uploads\/2022\/10\/Detox-do-couro-cabeludo-1.mp3<\/a><\/audio>\n<p>&nbsp;<\/p>\n<p>Durante esse artigo, separamos para voc\u00ea as principais informa\u00e7\u00f5es sobre esse assunto, a import\u00e2ncia de realizar o detox capilar, quando realizar e qual a melhor maneira para fazer. Ficou interessada sobre o assunto? Continue a leitura com a gente e vamos cuidar dessas madeixas!<\/p>\n<p><img loading=\"lazy\" decoding=\"async\" class=\"alignnone wp-image-1510\" src=\"https:\/\/artigos.abelacosmetics.com\/wp-content\/uploads\/2022\/10\/1-3-300x169.png\" alt=\"\" width=\"1000\" height=\"563\" srcset=\"https:\/\/artigos.abelacosmetics.com\/wp-content\/uploads\/2022\/10\/1-3-300x169.png 300w, https:\/\/artigos.abelacosmetics.com\/wp-content\/uploads\/2022\/10\/1-3-1024x576.png 1024w, https:\/\/artigos.abelacosmetics.com\/wp-content\/uploads\/2022\/10\/1-3-768x432.png 768w, https:\/\/artigos.abelacosmetics.com\/wp-content\/uploads\/2022\/10\/1-3-1536x864.png 1536w, https:\/\/artigos.abelacosmetics.com\/wp-content\/uploads\/2022\/10\/1-3-18x10.png 18w, https:\/\/artigos.abelacosmetics.com\/wp-content\/uploads\/2022\/10\/1-3.png 1920w\" sizes=\"auto, (max-width: 1000px) 100vw, 1000px\" \/><\/p>\n<h2><strong>A import\u00e2ncia do detox capilar <\/strong><\/h2>\n<p>O detox \u00e9 muit\u00edssimo importante para a sa\u00fade dos seus fios porque realiza uma limpeza profunda do seu couro cabeludo, retirando toda impureza e desobstruindo os fol\u00edculos capilares.<\/p>\n<p>No dia a dia, \u00e9 comum que os fol\u00edculos capilares (onde se localiza a raiz do fio) fiquem obstru\u00eddos, por v\u00e1rias raz\u00f5es isso pode acontecer, como: excesso de produtos que se acumulou na raiz, tratamentos qu\u00edmicos, \u00e1gua dura (com alto teor de minerais), polui\u00e7\u00f5es ou c\u00e9lulas mortas da pr\u00f3pria pele.<\/p>\n<p>Sendo assim, essa obstru\u00e7\u00e3o, quando n\u00e3o tratada, pode causar alguns problemas s\u00e9rio para a sa\u00fade do seu cabelo, o principal deles \u00e9 a queda capilar. Mas, pode causar tamb\u00e9m a diminui\u00e7\u00e3o do crescimento dos fios e o comprometimento da sa\u00fade do seu cabelo, deixando os fios mais fr\u00e1geis.<\/p>\n<p>Al\u00e9m disso, o detox limpa e recupera suas madeixas, porque al\u00e9m de realizar uma limpeza profunda e desobstruir os fol\u00edculos capilares, ele melhora a oxigena\u00e7\u00e3o do couro cabeludo e facilita a absor\u00e7\u00e3o de nutrientes que s\u00e3o essenciais para a manter o seu cabelo mais forte e saud\u00e1vel.<\/p>\n<p>Realizar essa t\u00e9cnica na sua rotina de cuidados vai transformar a sa\u00fade do seu cabelo!<\/p>\n<h2><img loading=\"lazy\" decoding=\"async\" class=\"alignnone wp-image-1511\" src=\"https:\/\/artigos.abelacosmetics.com\/wp-content\/uploads\/2022\/10\/2-3-300x169.png\" alt=\"\" width=\"1000\" height=\"563\" srcset=\"https:\/\/artigos.abelacosmetics.com\/wp-content\/uploads\/2022\/10\/2-3-300x169.png 300w, https:\/\/artigos.abelacosmetics.com\/wp-content\/uploads\/2022\/10\/2-3-1024x576.png 1024w, https:\/\/artigos.abelacosmetics.com\/wp-content\/uploads\/2022\/10\/2-3-768x432.png 768w, https:\/\/artigos.abelacosmetics.com\/wp-content\/uploads\/2022\/10\/2-3-1536x864.png 1536w, https:\/\/artigos.abelacosmetics.com\/wp-content\/uploads\/2022\/10\/2-3-18x10.png 18w, https:\/\/artigos.abelacosmetics.com\/wp-content\/uploads\/2022\/10\/2-3.png 1920w\" sizes=\"auto, (max-width: 1000px) 100vw, 1000px\" \/><\/h2>\n<h2><strong>Quando realizar o detox?<\/strong><\/h2>\n<p>\u00c9 recomendado utilizar essa t\u00e9cnica a cada quatro ou seis semanas, isso vai depender da necessidade do seu fio. \u00c9 importante lembrar, que apesar da import\u00e2ncia e dos diversos benef\u00edcios, n\u00e3o se deve exagerar! O detox deve ser feito, no m\u00e1ximo, a cada duas semanas! O excesso dessa t\u00e9cnica, tamb\u00e9m pode causar preju\u00edzos para os fios.<\/p>\n<p>Dessa maneira, existem alguns pontos que voc\u00ea deve observar para estabelecer a frequ\u00eancia que voc\u00ea pode realizar o detox. \u00c9 importante observar:<\/p>\n<ul>\n<li>A frequ\u00eancia que voc\u00ea lava seu cabelo (se for duas vezes na semana ou menos, deve realizar o detox com mais frequ\u00eancia);<\/li>\n<li>Se voc\u00ea est\u00e1 observando um aumento na queda capilar;<\/li>\n<li>Se voc\u00ea est\u00e1 sentindo ac\u00famulos de produtos na raiz do cabelo, mesmo ap\u00f3s realizar a lavagem;<\/li>\n<li>Se voc\u00ea usa frequentemente \u00e1gua dura para lavar os fios;<\/li>\n<li>Se voc\u00ea usa produtos dif\u00edceis de remover, como o silicone;<\/li>\n<li>Se seu cabelo est\u00e1 com oleosidade excessiva no couro cabeludo.<\/li>\n<\/ul>\n<p>Agora, vamos aprender as melhores maneiras de realizar esse procedimento?<\/p>\n<h2><strong>Como fazer<\/strong><\/h2>\n<p>A desintoxica\u00e7\u00e3o do couro cabeludo pode ser facilmente realizada em casa com o aux\u00edlio dos produtos certos! Essa limpeza profunda pode ser realizada com o uso de esfoliantes qu\u00edmicos ou f\u00edsicos.<\/p>\n<p>\u00c9 importante lembrar, que n\u00e3o \u00e9 aconselhado realizar a esfolia\u00e7\u00e3o com receitas caseiras comumente encontradas na internet, \u00e9 muito perigoso porque algumas das receitas podem at\u00e9 piorar a sa\u00fade dos seus fios.<\/p>\n<p>O mais aconselhado \u00e9 procurar um produto espec\u00edfico para a limpeza profunda do seu couro cabeludo, na Abela Cosmetics temos diversas linhas para atender a sua necessidade e o seu gosto, confira:<\/p>\n<h2><img loading=\"lazy\" decoding=\"async\" class=\"alignnone wp-image-1512\" src=\"https:\/\/artigos.abelacosmetics.com\/wp-content\/uploads\/2022\/10\/3-3-300x169.png\" alt=\"\" width=\"1000\" height=\"563\" srcset=\"https:\/\/artigos.abelacosmetics.com\/wp-content\/uploads\/2022\/10\/3-3-300x169.png 300w, https:\/\/artigos.abelacosmetics.com\/wp-content\/uploads\/2022\/10\/3-3-1024x576.png 1024w, https:\/\/artigos.abelacosmetics.com\/wp-content\/uploads\/2022\/10\/3-3-768x432.png 768w, https:\/\/artigos.abelacosmetics.com\/wp-content\/uploads\/2022\/10\/3-3-1536x864.png 1536w, https:\/\/artigos.abelacosmetics.com\/wp-content\/uploads\/2022\/10\/3-3-18x10.png 18w, https:\/\/artigos.abelacosmetics.com\/wp-content\/uploads\/2022\/10\/3-3.png 1920w\" sizes=\"auto, (max-width: 1000px) 100vw, 1000px\" \/><\/h2>\n<p><a href=\"https:\/\/artigos.abelacosmetics.com\/en\/produtos\/shampoo-love-vegan-cafe\/\">O shampoo Love, Vegan caf\u00e9<\/a> promete realizar a limpeza, esfoliar e manter o couro cabeludo mais saud\u00e1vel.<\/p>\n<p><a href=\"https:\/\/artigos.abelacosmetics.com\/en\/produtos\/shampoo-natural-blend\/\">O shampoo Natural Blend<\/a>, realiza a limpeza, reduz a oleosidade e estimula a circula\u00e7\u00e3o sangu\u00ednea.<\/p>\n<p>Gostou das nossas dicas? Para mais conte\u00fados como esse, continue acompanhando nosso site! <a href=\"https:\/\/artigos.abelacosmetics.com\/en\/produtos\/\">Confira mais produtos da Abela Cosmetics clicando aqui!<\/a><\/p>\n<h2><img loading=\"lazy\" decoding=\"async\" class=\"alignnone wp-image-1513\" src=\"https:\/\/artigos.abelacosmetics.com\/wp-content\/uploads\/2022\/10\/blog-1200-x-680.-ultima-imagem-300x169.png\" alt=\"\" width=\"1200\" height=\"675\" srcset=\"https:\/\/artigos.abelacosmetics.com\/wp-content\/uploads\/2022\/10\/blog-1200-x-680.-ultima-imagem-300x169.png 300w, https:\/\/artigos.abelacosmetics.com\/wp-content\/uploads\/2022\/10\/blog-1200-x-680.-ultima-imagem-1024x576.png 1024w, https:\/\/artigos.abelacosmetics.com\/wp-content\/uploads\/2022\/10\/blog-1200-x-680.-ultima-imagem-768x432.png 768w, https:\/\/artigos.abelacosmetics.com\/wp-content\/uploads\/2022\/10\/blog-1200-x-680.-ultima-imagem-1536x864.png 1536w, https:\/\/artigos.abelacosmetics.com\/wp-content\/uploads\/2022\/10\/blog-1200-x-680.-ultima-imagem-18x10.png 18w, https:\/\/artigos.abelacosmetics.com\/wp-content\/uploads\/2022\/10\/blog-1200-x-680.-ultima-imagem.png 1920w\" sizes=\"auto, (max-width: 1200px) 100vw, 1200px\" \/><\/h2>","protected":false},"excerpt":{"rendered":"<p>&nbsp; &nbsp; Voc\u00ea j\u00e1 ouviu falar sobre detox do couro cabeludo? Produtos capilares, produtos qu\u00edmicos, polui\u00e7\u00e3o ou at\u00e9 mesmo c\u00e9lulas mortas da pele podem entupir os fol\u00edculos capilares do couro cabeludo. Sendo assim, se voc\u00ea ainda n\u00e3o conhecia essa t\u00e9cnica, precisa conhecer! &nbsp; &nbsp; Durante esse artigo, separamos para voc\u00ea as principais informa\u00e7\u00f5es sobre esse [&hellip;]<\/p>","protected":false},"author":1,"featured_media":1514,"comment_status":"open","ping_status":"open","sticky":false,"template":"","format":"standard","meta":{"_acf_changed":false,"_mo_disable_npp":"","inline_featured_image":false,"footnotes":""},"categories":[30,1],"tags":[],"class_list":["post-1509","post","type-post","status-publish","format-standard","has-post-thumbnail","hentry","category-conheca-seus-cabelos","category-novidades"],"acf":[],"yoast_head":"<!-- This site is optimized with the Yoast SEO Premium plugin v19.2.1 (Yoast SEO v26.9) - https:\/\/yoast.com\/product\/yoast-seo-premium-wordpress\/ -->\n<title>Detox do couro cabeludo: voc\u00ea sabe do que se trata? Descubra! - Abela Cosmetics<\/title>\n<meta name=\"description\" content=\"Voc\u00ea sabe a import\u00e2ncia do detox do couro cabeludo? Venha saber tudo sobre essa t\u00e9cnica agora mesmo e revitalize a sa\u00fade do seu cabelo.\" \/>\n<meta name=\"robots\" content=\"index, follow, max-snippet:-1, max-image-preview:large, max-video-preview:-1\" \/>\n<link rel=\"canonical\" href=\"https:\/\/artigos.abelacosmetics.com\/en\/detox-do-couro-cabeludo\/\" \/>\n<meta property=\"og:locale\" content=\"en_US\" \/>\n<meta property=\"og:type\" content=\"article\" \/>\n<meta property=\"og:title\" content=\"Detox do couro cabeludo: voc\u00ea sabe do que se trata? Descubra!\" \/>\n<meta property=\"og:description\" content=\"Voc\u00ea sabe a import\u00e2ncia do detox do couro cabeludo? Venha saber tudo sobre essa t\u00e9cnica agora mesmo e revitalize a sa\u00fade do seu cabelo.\" \/>\n<meta property=\"og:url\" content=\"https:\/\/artigos.abelacosmetics.com\/en\/detox-do-couro-cabeludo\/\" \/>\n<meta property=\"og:site_name\" content=\"Abela Cosmetics\" \/>\n<meta property=\"article:publisher\" content=\"https:\/\/www.facebook.com\/abelacosmetics\" \/>\n<meta property=\"article:published_time\" content=\"2022-10-21T13:40:46+00:00\" \/>\n<meta property=\"article:modified_time\" content=\"2023-01-05T20:57:31+00:00\" \/>\n<meta property=\"og:image\" content=\"https:\/\/artigos.abelacosmetics.com\/wp-content\/uploads\/2022\/10\/imagem-do-Post.png\" \/>\n\t<meta property=\"og:image:width\" content=\"850\" \/>\n\t<meta property=\"og:image:height\" content=\"430\" \/>\n\t<meta property=\"og:image:type\" content=\"image\/png\" \/>\n<meta name=\"author\" content=\"admin\" \/>\n<meta name=\"twitter:card\" content=\"summary_large_image\" \/>\n<meta name=\"twitter:label1\" content=\"Written by\" \/>\n\t<meta name=\"twitter:data1\" content=\"admin\" \/>\n\t<meta name=\"twitter:label2\" content=\"Est. reading time\" \/>\n\t<meta name=\"twitter:data2\" content=\"5 minutes\" \/>\n<script type=\"application\/ld+json\" class=\"yoast-schema-graph\">{\"@context\":\"https:\/\/schema.org\",\"@graph\":[{\"@type\":\"Article\",\"@id\":\"https:\/\/artigos.abelacosmetics.com\/detox-do-couro-cabeludo\/#article\",\"isPartOf\":{\"@id\":\"https:\/\/artigos.abelacosmetics.com\/detox-do-couro-cabeludo\/\"},\"author\":{\"name\":\"admin\",\"@id\":\"https:\/\/artigos.abelacosmetics.com\/#\/schema\/person\/675710be590edb47293978092f4e20f4\"},\"headline\":\"Detox do couro cabeludo: voc\u00ea sabe do que se trata? Descubra!\",\"datePublished\":\"2022-10-21T13:40:46+00:00\",\"dateModified\":\"2023-01-05T20:57:31+00:00\",\"mainEntityOfPage\":{\"@id\":\"https:\/\/artigos.abelacosmetics.com\/detox-do-couro-cabeludo\/\"},\"wordCount\":675,\"commentCount\":0,\"publisher\":{\"@id\":\"https:\/\/artigos.abelacosmetics.com\/#organization\"},\"image\":{\"@id\":\"https:\/\/artigos.abelacosmetics.com\/detox-do-couro-cabeludo\/#primaryimage\"},\"thumbnailUrl\":\"https:\/\/artigos.abelacosmetics.com\/wp-content\/uploads\/2022\/10\/imagem-do-Post.png\",\"articleSection\":[\"Conhe\u00e7a seus cabelos\",\"Novidades\"],\"inLanguage\":\"en-US\",\"potentialAction\":[{\"@type\":\"CommentAction\",\"name\":\"Comment\",\"target\":[\"https:\/\/artigos.abelacosmetics.com\/detox-do-couro-cabeludo\/#respond\"]}]},{\"@type\":\"WebPage\",\"@id\":\"https:\/\/artigos.abelacosmetics.com\/detox-do-couro-cabeludo\/\",\"url\":\"https:\/\/artigos.abelacosmetics.com\/detox-do-couro-cabeludo\/\",\"name\":\"Detox do couro cabeludo: voc\u00ea sabe do que se trata? Descubra! - Abela Cosmetics\",\"isPartOf\":{\"@id\":\"https:\/\/artigos.abelacosmetics.com\/#website\"},\"primaryImageOfPage\":{\"@id\":\"https:\/\/artigos.abelacosmetics.com\/detox-do-couro-cabeludo\/#primaryimage\"},\"image\":{\"@id\":\"https:\/\/artigos.abelacosmetics.com\/detox-do-couro-cabeludo\/#primaryimage\"},\"thumbnailUrl\":\"https:\/\/artigos.abelacosmetics.com\/wp-content\/uploads\/2022\/10\/imagem-do-Post.png\",\"datePublished\":\"2022-10-21T13:40:46+00:00\",\"dateModified\":\"2023-01-05T20:57:31+00:00\",\"description\":\"Voc\u00ea sabe a import\u00e2ncia do detox do couro cabeludo? Venha saber tudo sobre essa t\u00e9cnica agora mesmo e revitalize a sa\u00fade do seu cabelo.\",\"breadcrumb\":{\"@id\":\"https:\/\/artigos.abelacosmetics.com\/detox-do-couro-cabeludo\/#breadcrumb\"},\"inLanguage\":\"en-US\",\"potentialAction\":[{\"@type\":\"ReadAction\",\"target\":[\"https:\/\/artigos.abelacosmetics.com\/detox-do-couro-cabeludo\/\"]}]},{\"@type\":\"ImageObject\",\"inLanguage\":\"en-US\",\"@id\":\"https:\/\/artigos.abelacosmetics.com\/detox-do-couro-cabeludo\/#primaryimage\",\"url\":\"https:\/\/artigos.abelacosmetics.com\/wp-content\/uploads\/2022\/10\/imagem-do-Post.png\",\"contentUrl\":\"https:\/\/artigos.abelacosmetics.com\/wp-content\/uploads\/2022\/10\/imagem-do-Post.png\",\"width\":850,\"height\":430},{\"@type\":\"BreadcrumbList\",\"@id\":\"https:\/\/artigos.abelacosmetics.com\/detox-do-couro-cabeludo\/#breadcrumb\",\"itemListElement\":[{\"@type\":\"ListItem\",\"position\":1,\"name\":\"In\u00edcio\",\"item\":\"https:\/\/artigos.abelacosmetics.com\/\"},{\"@type\":\"ListItem\",\"position\":2,\"name\":\"Detox do couro cabeludo: voc\u00ea sabe do que se trata? Descubra!\"}]},{\"@type\":\"WebSite\",\"@id\":\"https:\/\/artigos.abelacosmetics.com\/#website\",\"url\":\"https:\/\/artigos.abelacosmetics.com\/\",\"name\":\"Abela Cosmetics\",\"description\":\"Cuidados para Cabelos \u00danicos\",\"publisher\":{\"@id\":\"https:\/\/artigos.abelacosmetics.com\/#organization\"},\"potentialAction\":[{\"@type\":\"SearchAction\",\"target\":{\"@type\":\"EntryPoint\",\"urlTemplate\":\"https:\/\/artigos.abelacosmetics.com\/?s={search_term_string}\"},\"query-input\":{\"@type\":\"PropertyValueSpecification\",\"valueRequired\":true,\"valueName\":\"search_term_string\"}}],\"inLanguage\":\"en-US\"},{\"@type\":\"Organization\",\"@id\":\"https:\/\/artigos.abelacosmetics.com\/#organization\",\"name\":\"Abela Cosmetics\",\"url\":\"https:\/\/artigos.abelacosmetics.com\/\",\"logo\":{\"@type\":\"ImageObject\",\"inLanguage\":\"en-US\",\"@id\":\"https:\/\/artigos.abelacosmetics.com\/#\/schema\/logo\/image\/\",\"url\":\"https:\/\/artigos.abelacosmetics.com\/wp-content\/uploads\/2023\/02\/logo-abela.png\",\"contentUrl\":\"https:\/\/artigos.abelacosmetics.com\/wp-content\/uploads\/2023\/02\/logo-abela.png\",\"width\":183,\"height\":90,\"caption\":\"Abela Cosmetics\"},\"image\":{\"@id\":\"https:\/\/artigos.abelacosmetics.com\/#\/schema\/logo\/image\/\"},\"sameAs\":[\"https:\/\/www.facebook.com\/abelacosmetics\"]},{\"@type\":\"Person\",\"@id\":\"https:\/\/artigos.abelacosmetics.com\/#\/schema\/person\/675710be590edb47293978092f4e20f4\",\"name\":\"admin\",\"image\":{\"@type\":\"ImageObject\",\"inLanguage\":\"en-US\",\"@id\":\"https:\/\/artigos.abelacosmetics.com\/#\/schema\/person\/image\/\",\"url\":\"https:\/\/secure.gravatar.com\/avatar\/ce9ccc2de538d30bcc33874c5a730e8e078e64fce402cb3cf0668a7439a0e654?s=96&d=mm&r=g\",\"contentUrl\":\"https:\/\/secure.gravatar.com\/avatar\/ce9ccc2de538d30bcc33874c5a730e8e078e64fce402cb3cf0668a7439a0e654?s=96&d=mm&r=g\",\"caption\":\"admin\"},\"sameAs\":[\"http:\/\/localhost\/abela-cosmetic\"],\"url\":\"https:\/\/artigos.abelacosmetics.com\/en\/author\/admin\/\"}]}<\/script>\n<!-- \/ Yoast SEO Premium plugin. -->","yoast_head_json":{"title":"Detox do couro cabeludo: voc\u00ea sabe do que se trata? Descubra! - Abela Cosmetics","description":"Voc\u00ea sabe a import\u00e2ncia do detox do couro cabeludo? Venha saber tudo sobre essa t\u00e9cnica agora mesmo e revitalize a sa\u00fade do seu cabelo.","robots":{"index":"index","follow":"follow","max-snippet":"max-snippet:-1","max-image-preview":"max-image-preview:large","max-video-preview":"max-video-preview:-1"},"canonical":"https:\/\/artigos.abelacosmetics.com\/en\/detox-do-couro-cabeludo\/","og_locale":"en_US","og_type":"article","og_title":"Detox do couro cabeludo: voc\u00ea sabe do que se trata? Descubra!","og_description":"Voc\u00ea sabe a import\u00e2ncia do detox do couro cabeludo? Venha saber tudo sobre essa t\u00e9cnica agora mesmo e revitalize a sa\u00fade do seu cabelo.","og_url":"https:\/\/artigos.abelacosmetics.com\/en\/detox-do-couro-cabeludo\/","og_site_name":"Abela Cosmetics","article_publisher":"https:\/\/www.facebook.com\/abelacosmetics","article_published_time":"2022-10-21T13:40:46+00:00","article_modified_time":"2023-01-05T20:57:31+00:00","og_image":[{"width":850,"height":430,"url":"https:\/\/artigos.abelacosmetics.com\/wp-content\/uploads\/2022\/10\/imagem-do-Post.png","type":"image\/png"}],"author":"admin","twitter_card":"summary_large_image","twitter_misc":{"Written by":"admin","Est. reading time":"5 minutes"},"schema":{"@context":"https:\/\/schema.org","@graph":[{"@type":"Article","@id":"https:\/\/artigos.abelacosmetics.com\/detox-do-couro-cabeludo\/#article","isPartOf":{"@id":"https:\/\/artigos.abelacosmetics.com\/detox-do-couro-cabeludo\/"},"author":{"name":"admin","@id":"https:\/\/artigos.abelacosmetics.com\/#\/schema\/person\/675710be590edb47293978092f4e20f4"},"headline":"Detox do couro cabeludo: voc\u00ea sabe do que se trata? Descubra!","datePublished":"2022-10-21T13:40:46+00:00","dateModified":"2023-01-05T20:57:31+00:00","mainEntityOfPage":{"@id":"https:\/\/artigos.abelacosmetics.com\/detox-do-couro-cabeludo\/"},"wordCount":675,"commentCount":0,"publisher":{"@id":"https:\/\/artigos.abelacosmetics.com\/#organization"},"image":{"@id":"https:\/\/artigos.abelacosmetics.com\/detox-do-couro-cabeludo\/#primaryimage"},"thumbnailUrl":"https:\/\/artigos.abelacosmetics.com\/wp-content\/uploads\/2022\/10\/imagem-do-Post.png","articleSection":["Conhe\u00e7a seus cabelos","Novidades"],"inLanguage":"en-US","potentialAction":[{"@type":"CommentAction","name":"Comment","target":["https:\/\/artigos.abelacosmetics.com\/detox-do-couro-cabeludo\/#respond"]}]},{"@type":"WebPage","@id":"https:\/\/artigos.abelacosmetics.com\/detox-do-couro-cabeludo\/","url":"https:\/\/artigos.abelacosmetics.com\/detox-do-couro-cabeludo\/","name":"Detox do couro cabeludo: voc\u00ea sabe do que se trata? Descubra! - Abela Cosmetics","isPartOf":{"@id":"https:\/\/artigos.abelacosmetics.com\/#website"},"primaryImageOfPage":{"@id":"https:\/\/artigos.abelacosmetics.com\/detox-do-couro-cabeludo\/#primaryimage"},"image":{"@id":"https:\/\/artigos.abelacosmetics.com\/detox-do-couro-cabeludo\/#primaryimage"},"thumbnailUrl":"https:\/\/artigos.abelacosmetics.com\/wp-content\/uploads\/2022\/10\/imagem-do-Post.png","datePublished":"2022-10-21T13:40:46+00:00","dateModified":"2023-01-05T20:57:31+00:00","description":"Voc\u00ea sabe a import\u00e2ncia do detox do couro cabeludo? Venha saber tudo sobre essa t\u00e9cnica agora mesmo e revitalize a sa\u00fade do seu cabelo.","breadcrumb":{"@id":"https:\/\/artigos.abelacosmetics.com\/detox-do-couro-cabeludo\/#breadcrumb"},"inLanguage":"en-US","potentialAction":[{"@type":"ReadAction","target":["https:\/\/artigos.abelacosmetics.com\/detox-do-couro-cabeludo\/"]}]},{"@type":"ImageObject","inLanguage":"en-US","@id":"https:\/\/artigos.abelacosmetics.com\/detox-do-couro-cabeludo\/#primaryimage","url":"https:\/\/artigos.abelacosmetics.com\/wp-content\/uploads\/2022\/10\/imagem-do-Post.png","contentUrl":"https:\/\/artigos.abelacosmetics.com\/wp-content\/uploads\/2022\/10\/imagem-do-Post.png","width":850,"height":430},{"@type":"BreadcrumbList","@id":"https:\/\/artigos.abelacosmetics.com\/detox-do-couro-cabeludo\/#breadcrumb","itemListElement":[{"@type":"ListItem","position":1,"name":"In\u00edcio","item":"https:\/\/artigos.abelacosmetics.com\/"},{"@type":"ListItem","position":2,"name":"Detox do couro cabeludo: voc\u00ea sabe do que se trata? Descubra!"}]},{"@type":"WebSite","@id":"https:\/\/artigos.abelacosmetics.com\/#website","url":"https:\/\/artigos.abelacosmetics.com\/","name":"Abela Cosmetics","description":"Cuidados para Cabelos \u00danicos","publisher":{"@id":"https:\/\/artigos.abelacosmetics.com\/#organization"},"potentialAction":[{"@type":"SearchAction","target":{"@type":"EntryPoint","urlTemplate":"https:\/\/artigos.abelacosmetics.com\/?s={search_term_string}"},"query-input":{"@type":"PropertyValueSpecification","valueRequired":true,"valueName":"search_term_string"}}],"inLanguage":"en-US"},{"@type":"Organization","@id":"https:\/\/artigos.abelacosmetics.com\/#organization","name":"Abela Cosmetics","url":"https:\/\/artigos.abelacosmetics.com\/","logo":{"@type":"ImageObject","inLanguage":"en-US","@id":"https:\/\/artigos.abelacosmetics.com\/#\/schema\/logo\/image\/","url":"https:\/\/artigos.abelacosmetics.com\/wp-content\/uploads\/2023\/02\/logo-abela.png","contentUrl":"https:\/\/artigos.abelacosmetics.com\/wp-content\/uploads\/2023\/02\/logo-abela.png","width":183,"height":90,"caption":"Abela Cosmetics"},"image":{"@id":"https:\/\/artigos.abelacosmetics.com\/#\/schema\/logo\/image\/"},"sameAs":["https:\/\/www.facebook.com\/abelacosmetics"]},{"@type":"Person","@id":"https:\/\/artigos.abelacosmetics.com\/#\/schema\/person\/675710be590edb47293978092f4e20f4","name":"admin","image":{"@type":"ImageObject","inLanguage":"en-US","@id":"https:\/\/artigos.abelacosmetics.com\/#\/schema\/person\/image\/","url":"https:\/\/secure.gravatar.com\/avatar\/ce9ccc2de538d30bcc33874c5a730e8e078e64fce402cb3cf0668a7439a0e654?s=96&d=mm&r=g","contentUrl":"https:\/\/secure.gravatar.com\/avatar\/ce9ccc2de538d30bcc33874c5a730e8e078e64fce402cb3cf0668a7439a0e654?s=96&d=mm&r=g","caption":"admin"},"sameAs":["http:\/\/localhost\/abela-cosmetic"],"url":"https:\/\/artigos.abelacosmetics.com\/en\/author\/admin\/"}]}},"_links":{"self":[{"href":"https:\/\/artigos.abelacosmetics.com\/en\/wp-json\/wp\/v2\/posts\/1509","targetHints":{"allow":["GET"]}}],"collection":[{"href":"https:\/\/artigos.abelacosmetics.com\/en\/wp-json\/wp\/v2\/posts"}],"about":[{"href":"https:\/\/artigos.abelacosmetics.com\/en\/wp-json\/wp\/v2\/types\/post"}],"author":[{"embeddable":true,"href":"https:\/\/artigos.abelacosmetics.com\/en\/wp-json\/wp\/v2\/users\/1"}],"replies":[{"embeddable":true,"href":"https:\/\/artigos.abelacosmetics.com\/en\/wp-json\/wp\/v2\/comments?post=1509"}],"version-history":[{"count":6,"href":"https:\/\/artigos.abelacosmetics.com\/en\/wp-json\/wp\/v2\/posts\/1509\/revisions"}],"predecessor-version":[{"id":2234,"href":"https:\/\/artigos.abelacosmetics.com\/en\/wp-json\/wp\/v2\/posts\/1509\/revisions\/2234"}],"wp:featuredmedia":[{"embeddable":true,"href":"https:\/\/artigos.abelacosmetics.com\/en\/wp-json\/wp\/v2\/media\/1514"}],"wp:attachment":[{"href":"https:\/\/artigos.abelacosmetics.com\/en\/wp-json\/wp\/v2\/media?parent=1509"}],"wp:term":[{"taxonomy":"category","embeddable":true,"href":"https:\/\/artigos.abelacosmetics.com\/en\/wp-json\/wp\/v2\/categories?post=1509"},{"taxonomy":"post_tag","embeddable":true,"href":"https:\/\/artigos.abelacosmetics.com\/en\/wp-json\/wp\/v2\/tags?post=1509"}],"curies":[{"name":"wp","href":"https:\/\/api.w.org\/{rel}","templated":true}]}}