{"id":1301,"date":"2022-09-19T11:00:26","date_gmt":"2022-09-19T14:00:26","guid":{"rendered":"https:\/\/artigos.abelacosmetics.com\/?p=1301"},"modified":"2023-01-05T17:59:44","modified_gmt":"2023-01-05T20:59:44","slug":"parabenos","status":"publish","type":"post","link":"https:\/\/artigos.abelacosmetics.com\/en\/parabenos\/","title":{"rendered":"Parabenos: entenda o que s\u00e3o e quais s\u00e3o os riscos \u00e0 sa\u00fade"},"content":{"rendered":"<p>&nbsp;<\/p>\n<p>&nbsp;<\/p>\n<p>Algumas doen\u00e7as t\u00eam sido relacionadas ao uso de <strong>parabenos <\/strong>em formula\u00e7\u00f5es de produtos, como o c\u00e2ncer de mama.<\/p>\n<p>&nbsp;<\/p>\n<audio class=\"wp-audio-shortcode\" id=\"audio-1301-1\" preload=\"none\" style=\"width: 100%;\" controls=\"controls\"><source type=\"audio\/mpeg\" src=\"https:\/\/artigos.abelacosmetics.com\/wp-content\/uploads\/2022\/09\/Parabenos-1.mp3?_=1\" \/><a href=\"https:\/\/artigos.abelacosmetics.com\/wp-content\/uploads\/2022\/09\/Parabenos-1.mp3\">https:\/\/artigos.abelacosmetics.com\/wp-content\/uploads\/2022\/09\/Parabenos-1.mp3<\/a><\/audio>\n<p>&nbsp;<\/p>\n<p>Conservantes, os parabenos protegem as f\u00f3rmulas de mofo, bact\u00e9rias e ajudam na vida \u00fatil dos produtos.<\/p>\n<p>Eles ainda s\u00e3o encontrados em muitos cosm\u00e9ticos, incluindo itens para o corpo e cabelos.<\/p>\n<p><img loading=\"lazy\" decoding=\"async\" class=\"alignnone wp-image-1302\" src=\"https:\/\/artigos.abelacosmetics.com\/wp-content\/uploads\/2022\/09\/1-6-300x300.png\" alt=\"\" width=\"483\" height=\"483\" srcset=\"https:\/\/artigos.abelacosmetics.com\/wp-content\/uploads\/2022\/09\/1-6-300x300.png 300w, https:\/\/artigos.abelacosmetics.com\/wp-content\/uploads\/2022\/09\/1-6-150x150.png 150w, https:\/\/artigos.abelacosmetics.com\/wp-content\/uploads\/2022\/09\/1-6-768x768.png 768w, https:\/\/artigos.abelacosmetics.com\/wp-content\/uploads\/2022\/09\/1-6-12x12.png 12w, https:\/\/artigos.abelacosmetics.com\/wp-content\/uploads\/2022\/09\/1-6.png 1000w\" sizes=\"auto, (max-width: 483px) 100vw, 483px\" \/><\/p>\n<h2><strong>Parabeno: o que \u00e9?<\/strong><\/h2>\n<p>O Departamento de Sa\u00fade e Servi\u00e7os Humanos dos EUA, Food and Drugs Administration, classifica os parabenos como um grupo de conservantes usados \u200b\u200bem cosm\u00e9ticos.<\/p>\n<p>Os tipos mais comuns de parabenos s\u00e3o metilparabeno, propilparabeno, etilparabeno e butilparabeno.<\/p>\n<p>Produtos como maquiagem, desodorantes, hidratantes, esmaltes, produtos para o cabelo, perfumes, tintas de tatuagem e cremes de barbear geralmente cont\u00eam conservantes chamados parabenos, de acordo com o FDA.<\/p>\n<p>Alguns alimentos e medicamentos cont\u00eam esses compostos, al\u00e9m de estarem em cosm\u00e9ticos.<\/p>\n<p>Microrganismos e outras criaturas min\u00fasculas s\u00e3o protegidos por parabenos, a fim de manter o produto intacto e a pessoa que o utiliza saud\u00e1vel. No entanto, n\u00e3o \u00e9 exatamente assim que as coisas acontecem.<\/p>\n<p><img loading=\"lazy\" decoding=\"async\" class=\"alignnone wp-image-1311\" src=\"https:\/\/artigos.abelacosmetics.com\/wp-content\/uploads\/2022\/09\/blog-design-longo-2-300x169.png\" alt=\"\" width=\"767\" height=\"432\" srcset=\"https:\/\/artigos.abelacosmetics.com\/wp-content\/uploads\/2022\/09\/blog-design-longo-2-300x169.png 300w, https:\/\/artigos.abelacosmetics.com\/wp-content\/uploads\/2022\/09\/blog-design-longo-2-1024x576.png 1024w, https:\/\/artigos.abelacosmetics.com\/wp-content\/uploads\/2022\/09\/blog-design-longo-2-768x432.png 768w, https:\/\/artigos.abelacosmetics.com\/wp-content\/uploads\/2022\/09\/blog-design-longo-2-1536x864.png 1536w, https:\/\/artigos.abelacosmetics.com\/wp-content\/uploads\/2022\/09\/blog-design-longo-2-18x10.png 18w, https:\/\/artigos.abelacosmetics.com\/wp-content\/uploads\/2022\/09\/blog-design-longo-2.png 1920w\" sizes=\"auto, (max-width: 767px) 100vw, 767px\" \/><\/p>\n<h2><strong>Riscos \u00e0 sa\u00fade utilizando parabenos<\/strong><\/h2>\n<ul>\n<li>Algumas pesquisas recentes mostraram que os parabenos podem ser prejudiciais \u00e0 sa\u00fade, como causar desequil\u00edbrio de estrog\u00eanio.<\/li>\n<li>Embora ainda seja considerado seguro por \u00f3rg\u00e3os como FDA e ANVISA, algumas pessoas optam por evitar produtos que contenham parabenos.<\/li>\n<li>Algumas pessoas t\u00eam uma rea\u00e7\u00e3o al\u00e9rgica quando produtos que cont\u00eam parabenos s\u00e3o aplicados na pele, como cremes, g\u00e9is, shampoos ou pomadas.<\/li>\n<li>Essas pessoas podem desenvolver urtic\u00e1ria, dermatite ou manchas na pele.<\/li>\n<\/ul>\n<p><img loading=\"lazy\" decoding=\"async\" class=\"alignnone wp-image-1303\" src=\"https:\/\/artigos.abelacosmetics.com\/wp-content\/uploads\/2022\/09\/2-6-300x300.png\" alt=\"\" width=\"527\" height=\"527\" srcset=\"https:\/\/artigos.abelacosmetics.com\/wp-content\/uploads\/2022\/09\/2-6-300x300.png 300w, https:\/\/artigos.abelacosmetics.com\/wp-content\/uploads\/2022\/09\/2-6-150x150.png 150w, https:\/\/artigos.abelacosmetics.com\/wp-content\/uploads\/2022\/09\/2-6-768x768.png 768w, https:\/\/artigos.abelacosmetics.com\/wp-content\/uploads\/2022\/09\/2-6-12x12.png 12w, https:\/\/artigos.abelacosmetics.com\/wp-content\/uploads\/2022\/09\/2-6.png 1000w\" sizes=\"auto, (max-width: 527px) 100vw, 527px\" \/><\/p>\n<ul>\n<li>Os parabenos podem alterar o metabolismo dos horm\u00f4nios, o que pode levar a cistos ovarianos em mulheres, tornar as mulheres inf\u00e9rteis ou at\u00e9 mesmo fazer com que as c\u00e9lulas de gordura sejam metabolizadas de maneira diferente, tornando a pessoa obesa.<\/li>\n<li>Ao agir como o estrog\u00eanio, os parabenos fazem com que os n\u00edveis do horm\u00f4nio no corpo aumentem.<\/li>\n<li>Essa quantidade aumentada de estrog\u00eanio pode fazer com que as c\u00e9lulas se dividam, o que pode aumentar o risco de desenvolvimento de c\u00e2ncer, como c\u00e2ncer de mama, \u00fatero e ov\u00e1rio.<\/li>\n<li>Por outro lado, em algumas pessoas, os parabenos podem ser absorvidos pela pele, causando rea\u00e7\u00f5es al\u00e9rgicas na pele e nos pulm\u00f5es.<\/li>\n<\/ul>\n<p><img loading=\"lazy\" decoding=\"async\" class=\"alignnone wp-image-1304\" src=\"https:\/\/artigos.abelacosmetics.com\/wp-content\/uploads\/2022\/09\/3-6-300x300.png\" alt=\"\" width=\"528\" height=\"528\" srcset=\"https:\/\/artigos.abelacosmetics.com\/wp-content\/uploads\/2022\/09\/3-6-300x300.png 300w, https:\/\/artigos.abelacosmetics.com\/wp-content\/uploads\/2022\/09\/3-6-150x150.png 150w, https:\/\/artigos.abelacosmetics.com\/wp-content\/uploads\/2022\/09\/3-6-768x768.png 768w, https:\/\/artigos.abelacosmetics.com\/wp-content\/uploads\/2022\/09\/3-6-12x12.png 12w, https:\/\/artigos.abelacosmetics.com\/wp-content\/uploads\/2022\/09\/3-6.png 1000w\" sizes=\"auto, (max-width: 528px) 100vw, 528px\" \/><\/p>\n<ul>\n<li>Essas rea\u00e7\u00f5es podem se desenvolver lentamente, tornando dif\u00edcil determinar se havia uma conex\u00e3o com algo a que a pessoa foi exposta.<\/li>\n<li>Al\u00e9m disso, os parabenos s\u00e3o encontrados em muitos cosm\u00e9ticos e podem fazer com que a pele envelhe\u00e7a prematuramente, limitando a produ\u00e7\u00e3o de col\u00e1geno.<\/li>\n<li>Eles tamb\u00e9m podem danificar o DNA da pele, quando expostos ao sol, combinados com outros parabenos.<\/li>\n<li>Outro fator \u00e9 que, quando absorvidos, os parabenos podem atingir as gl\u00e2ndulas e a corrente sangu\u00ednea, que s\u00e3o interpretadas pelo nosso sistema end\u00f3crino como estrog\u00eanios (horm\u00f4nios femininos) porque agem da mesma forma. Com isso, podem causar altera\u00e7\u00f5es de humor e ansiedade.<\/li>\n<\/ul>\n<p><img loading=\"lazy\" decoding=\"async\" class=\"alignnone wp-image-1305\" src=\"https:\/\/artigos.abelacosmetics.com\/wp-content\/uploads\/2022\/09\/4-6-300x300.png\" alt=\"\" width=\"526\" height=\"526\" srcset=\"https:\/\/artigos.abelacosmetics.com\/wp-content\/uploads\/2022\/09\/4-6-300x300.png 300w, https:\/\/artigos.abelacosmetics.com\/wp-content\/uploads\/2022\/09\/4-6-150x150.png 150w, https:\/\/artigos.abelacosmetics.com\/wp-content\/uploads\/2022\/09\/4-6-768x768.png 768w, https:\/\/artigos.abelacosmetics.com\/wp-content\/uploads\/2022\/09\/4-6-12x12.png 12w, https:\/\/artigos.abelacosmetics.com\/wp-content\/uploads\/2022\/09\/4-6.png 1000w\" sizes=\"auto, (max-width: 526px) 100vw, 526px\" \/><\/p>\n<ul>\n<li>Nos homens, os parabenos tamb\u00e9m podem alterar a regula\u00e7\u00e3o hormonal, levando \u00e0 infertilidade e at\u00e9 ao c\u00e2ncer de pr\u00f3stata.<\/li>\n<\/ul>\n<p>Aqui na <u><a href=\"https:\/\/artigos.abelacosmetics.com\/en\/\">Abela Cosmetics<\/a><\/u>, voc\u00ea pode encontrar linhas de shampoos, condicionadores, m\u00e1scaras e finalizadores livres de parabenos, petrolatos, silicones insol\u00faveis e muito mais!<\/p>\n<p>Conhe\u00e7a nossas diversas linhas de produtos capilares!<\/p>\n<p>E a\u00ed, gostou do artigo? Confira mais em nosso blog\u00a0e esteja por dentro do que \u00e9 vantajoso para os seus cabelos.<\/p>\n<p><img loading=\"lazy\" decoding=\"async\" class=\"alignnone wp-image-1308\" src=\"https:\/\/artigos.abelacosmetics.com\/wp-content\/uploads\/2022\/09\/blog-design-longo-1-300x169.png\" alt=\"\" width=\"1124\" height=\"633\" srcset=\"https:\/\/artigos.abelacosmetics.com\/wp-content\/uploads\/2022\/09\/blog-design-longo-1-300x169.png 300w, https:\/\/artigos.abelacosmetics.com\/wp-content\/uploads\/2022\/09\/blog-design-longo-1-1024x576.png 1024w, https:\/\/artigos.abelacosmetics.com\/wp-content\/uploads\/2022\/09\/blog-design-longo-1-768x432.png 768w, https:\/\/artigos.abelacosmetics.com\/wp-content\/uploads\/2022\/09\/blog-design-longo-1-1536x864.png 1536w, https:\/\/artigos.abelacosmetics.com\/wp-content\/uploads\/2022\/09\/blog-design-longo-1-18x10.png 18w, https:\/\/artigos.abelacosmetics.com\/wp-content\/uploads\/2022\/09\/blog-design-longo-1.png 1920w\" sizes=\"auto, (max-width: 1124px) 100vw, 1124px\" \/><\/p>","protected":false},"excerpt":{"rendered":"<p>&nbsp; &nbsp; Algumas doen\u00e7as t\u00eam sido relacionadas ao uso de parabenos em formula\u00e7\u00f5es de produtos, como o c\u00e2ncer de mama. &nbsp; &nbsp; Conservantes, os parabenos protegem as f\u00f3rmulas de mofo, bact\u00e9rias e ajudam na vida \u00fatil dos produtos. Eles ainda s\u00e3o encontrados em muitos cosm\u00e9ticos, incluindo itens para o corpo e cabelos. Parabeno: o que [&hellip;]<\/p>","protected":false},"author":1,"featured_media":1310,"comment_status":"open","ping_status":"open","sticky":false,"template":"","format":"standard","meta":{"_acf_changed":false,"_mo_disable_npp":"","inline_featured_image":false,"footnotes":""},"categories":[32],"tags":[],"class_list":["post-1301","post","type-post","status-publish","format-standard","has-post-thumbnail","hentry","category-informacoes"],"acf":[],"yoast_head":"<!-- This site is optimized with the Yoast SEO Premium plugin v19.2.1 (Yoast SEO v26.9) - https:\/\/yoast.com\/product\/yoast-seo-premium-wordpress\/ -->\n<title>Parabenos: entenda o que s\u00e3o e quais s\u00e3o os riscos \u00e0 sa\u00fade - Abela Cosmetics<\/title>\n<meta name=\"description\" content=\"Voc\u00ea conhece o Parabeno, ingrediente de alguns produtos capilares? Acompanhe este artigo, entenda o que \u00e9 e quais s\u00e3o os riscos \u00e0 sa\u00fade.\" \/>\n<meta name=\"robots\" content=\"index, follow, max-snippet:-1, max-image-preview:large, max-video-preview:-1\" \/>\n<link rel=\"canonical\" href=\"https:\/\/artigos.abelacosmetics.com\/en\/parabenos\/\" \/>\n<meta property=\"og:locale\" content=\"en_US\" \/>\n<meta property=\"og:type\" content=\"article\" \/>\n<meta property=\"og:title\" content=\"Parabenos: entenda o que s\u00e3o e quais s\u00e3o os riscos \u00e0 sa\u00fade\" \/>\n<meta property=\"og:description\" content=\"Voc\u00ea conhece o Parabeno, ingrediente de alguns produtos capilares? Acompanhe este artigo, entenda o que \u00e9 e quais s\u00e3o os riscos \u00e0 sa\u00fade.\" \/>\n<meta property=\"og:url\" content=\"https:\/\/artigos.abelacosmetics.com\/en\/parabenos\/\" \/>\n<meta property=\"og:site_name\" content=\"Abela Cosmetics\" \/>\n<meta property=\"article:publisher\" content=\"https:\/\/www.facebook.com\/abelacosmetics\" \/>\n<meta property=\"article:published_time\" content=\"2022-09-19T14:00:26+00:00\" \/>\n<meta property=\"article:modified_time\" content=\"2023-01-05T20:59:44+00:00\" \/>\n<meta property=\"og:image\" content=\"https:\/\/artigos.abelacosmetics.com\/wp-content\/uploads\/2022\/09\/post-do-blog-1-2.png\" \/>\n\t<meta property=\"og:image:width\" content=\"850\" \/>\n\t<meta property=\"og:image:height\" content=\"430\" \/>\n\t<meta property=\"og:image:type\" content=\"image\/png\" \/>\n<meta name=\"author\" content=\"admin\" \/>\n<meta name=\"twitter:card\" content=\"summary_large_image\" \/>\n<meta name=\"twitter:label1\" content=\"Written by\" \/>\n\t<meta name=\"twitter:data1\" content=\"admin\" \/>\n\t<meta name=\"twitter:label2\" content=\"Est. reading time\" \/>\n\t<meta name=\"twitter:data2\" content=\"5 minutes\" \/>\n<script type=\"application\/ld+json\" class=\"yoast-schema-graph\">{\"@context\":\"https:\/\/schema.org\",\"@graph\":[{\"@type\":\"Article\",\"@id\":\"https:\/\/artigos.abelacosmetics.com\/parabenos\/#article\",\"isPartOf\":{\"@id\":\"https:\/\/artigos.abelacosmetics.com\/parabenos\/\"},\"author\":{\"name\":\"admin\",\"@id\":\"https:\/\/artigos.abelacosmetics.com\/#\/schema\/person\/675710be590edb47293978092f4e20f4\"},\"headline\":\"Parabenos: entenda o que s\u00e3o e quais s\u00e3o os riscos \u00e0 sa\u00fade\",\"datePublished\":\"2022-09-19T14:00:26+00:00\",\"dateModified\":\"2023-01-05T20:59:44+00:00\",\"mainEntityOfPage\":{\"@id\":\"https:\/\/artigos.abelacosmetics.com\/parabenos\/\"},\"wordCount\":606,\"commentCount\":0,\"publisher\":{\"@id\":\"https:\/\/artigos.abelacosmetics.com\/#organization\"},\"image\":{\"@id\":\"https:\/\/artigos.abelacosmetics.com\/parabenos\/#primaryimage\"},\"thumbnailUrl\":\"https:\/\/artigos.abelacosmetics.com\/wp-content\/uploads\/2022\/09\/post-do-blog-1-2.png\",\"articleSection\":[\"Informa\u00e7\u00f5es\"],\"inLanguage\":\"en-US\",\"potentialAction\":[{\"@type\":\"CommentAction\",\"name\":\"Comment\",\"target\":[\"https:\/\/artigos.abelacosmetics.com\/parabenos\/#respond\"]}]},{\"@type\":\"WebPage\",\"@id\":\"https:\/\/artigos.abelacosmetics.com\/parabenos\/\",\"url\":\"https:\/\/artigos.abelacosmetics.com\/parabenos\/\",\"name\":\"Parabenos: entenda o que s\u00e3o e quais s\u00e3o os riscos \u00e0 sa\u00fade - Abela Cosmetics\",\"isPartOf\":{\"@id\":\"https:\/\/artigos.abelacosmetics.com\/#website\"},\"primaryImageOfPage\":{\"@id\":\"https:\/\/artigos.abelacosmetics.com\/parabenos\/#primaryimage\"},\"image\":{\"@id\":\"https:\/\/artigos.abelacosmetics.com\/parabenos\/#primaryimage\"},\"thumbnailUrl\":\"https:\/\/artigos.abelacosmetics.com\/wp-content\/uploads\/2022\/09\/post-do-blog-1-2.png\",\"datePublished\":\"2022-09-19T14:00:26+00:00\",\"dateModified\":\"2023-01-05T20:59:44+00:00\",\"description\":\"Voc\u00ea conhece o Parabeno, ingrediente de alguns produtos capilares? Acompanhe este artigo, entenda o que \u00e9 e quais s\u00e3o os riscos \u00e0 sa\u00fade.\",\"breadcrumb\":{\"@id\":\"https:\/\/artigos.abelacosmetics.com\/parabenos\/#breadcrumb\"},\"inLanguage\":\"en-US\",\"potentialAction\":[{\"@type\":\"ReadAction\",\"target\":[\"https:\/\/artigos.abelacosmetics.com\/parabenos\/\"]}]},{\"@type\":\"ImageObject\",\"inLanguage\":\"en-US\",\"@id\":\"https:\/\/artigos.abelacosmetics.com\/parabenos\/#primaryimage\",\"url\":\"https:\/\/artigos.abelacosmetics.com\/wp-content\/uploads\/2022\/09\/post-do-blog-1-2.png\",\"contentUrl\":\"https:\/\/artigos.abelacosmetics.com\/wp-content\/uploads\/2022\/09\/post-do-blog-1-2.png\",\"width\":850,\"height\":430},{\"@type\":\"BreadcrumbList\",\"@id\":\"https:\/\/artigos.abelacosmetics.com\/parabenos\/#breadcrumb\",\"itemListElement\":[{\"@type\":\"ListItem\",\"position\":1,\"name\":\"In\u00edcio\",\"item\":\"https:\/\/artigos.abelacosmetics.com\/\"},{\"@type\":\"ListItem\",\"position\":2,\"name\":\"Parabenos: entenda o que s\u00e3o e quais s\u00e3o os riscos \u00e0 sa\u00fade\"}]},{\"@type\":\"WebSite\",\"@id\":\"https:\/\/artigos.abelacosmetics.com\/#website\",\"url\":\"https:\/\/artigos.abelacosmetics.com\/\",\"name\":\"Abela Cosmetics\",\"description\":\"Cuidados para Cabelos \u00danicos\",\"publisher\":{\"@id\":\"https:\/\/artigos.abelacosmetics.com\/#organization\"},\"potentialAction\":[{\"@type\":\"SearchAction\",\"target\":{\"@type\":\"EntryPoint\",\"urlTemplate\":\"https:\/\/artigos.abelacosmetics.com\/?s={search_term_string}\"},\"query-input\":{\"@type\":\"PropertyValueSpecification\",\"valueRequired\":true,\"valueName\":\"search_term_string\"}}],\"inLanguage\":\"en-US\"},{\"@type\":\"Organization\",\"@id\":\"https:\/\/artigos.abelacosmetics.com\/#organization\",\"name\":\"Abela Cosmetics\",\"url\":\"https:\/\/artigos.abelacosmetics.com\/\",\"logo\":{\"@type\":\"ImageObject\",\"inLanguage\":\"en-US\",\"@id\":\"https:\/\/artigos.abelacosmetics.com\/#\/schema\/logo\/image\/\",\"url\":\"https:\/\/artigos.abelacosmetics.com\/wp-content\/uploads\/2023\/02\/logo-abela.png\",\"contentUrl\":\"https:\/\/artigos.abelacosmetics.com\/wp-content\/uploads\/2023\/02\/logo-abela.png\",\"width\":183,\"height\":90,\"caption\":\"Abela Cosmetics\"},\"image\":{\"@id\":\"https:\/\/artigos.abelacosmetics.com\/#\/schema\/logo\/image\/\"},\"sameAs\":[\"https:\/\/www.facebook.com\/abelacosmetics\"]},{\"@type\":\"Person\",\"@id\":\"https:\/\/artigos.abelacosmetics.com\/#\/schema\/person\/675710be590edb47293978092f4e20f4\",\"name\":\"admin\",\"image\":{\"@type\":\"ImageObject\",\"inLanguage\":\"en-US\",\"@id\":\"https:\/\/artigos.abelacosmetics.com\/#\/schema\/person\/image\/\",\"url\":\"https:\/\/secure.gravatar.com\/avatar\/ce9ccc2de538d30bcc33874c5a730e8e078e64fce402cb3cf0668a7439a0e654?s=96&d=mm&r=g\",\"contentUrl\":\"https:\/\/secure.gravatar.com\/avatar\/ce9ccc2de538d30bcc33874c5a730e8e078e64fce402cb3cf0668a7439a0e654?s=96&d=mm&r=g\",\"caption\":\"admin\"},\"sameAs\":[\"http:\/\/localhost\/abela-cosmetic\"],\"url\":\"https:\/\/artigos.abelacosmetics.com\/en\/author\/admin\/\"}]}<\/script>\n<!-- \/ Yoast SEO Premium plugin. -->","yoast_head_json":{"title":"Parabenos: entenda o que s\u00e3o e quais s\u00e3o os riscos \u00e0 sa\u00fade - Abela Cosmetics","description":"Voc\u00ea conhece o Parabeno, ingrediente de alguns produtos capilares? Acompanhe este artigo, entenda o que \u00e9 e quais s\u00e3o os riscos \u00e0 sa\u00fade.","robots":{"index":"index","follow":"follow","max-snippet":"max-snippet:-1","max-image-preview":"max-image-preview:large","max-video-preview":"max-video-preview:-1"},"canonical":"https:\/\/artigos.abelacosmetics.com\/en\/parabenos\/","og_locale":"en_US","og_type":"article","og_title":"Parabenos: entenda o que s\u00e3o e quais s\u00e3o os riscos \u00e0 sa\u00fade","og_description":"Voc\u00ea conhece o Parabeno, ingrediente de alguns produtos capilares? Acompanhe este artigo, entenda o que \u00e9 e quais s\u00e3o os riscos \u00e0 sa\u00fade.","og_url":"https:\/\/artigos.abelacosmetics.com\/en\/parabenos\/","og_site_name":"Abela Cosmetics","article_publisher":"https:\/\/www.facebook.com\/abelacosmetics","article_published_time":"2022-09-19T14:00:26+00:00","article_modified_time":"2023-01-05T20:59:44+00:00","og_image":[{"width":850,"height":430,"url":"https:\/\/artigos.abelacosmetics.com\/wp-content\/uploads\/2022\/09\/post-do-blog-1-2.png","type":"image\/png"}],"author":"admin","twitter_card":"summary_large_image","twitter_misc":{"Written by":"admin","Est. reading time":"5 minutes"},"schema":{"@context":"https:\/\/schema.org","@graph":[{"@type":"Article","@id":"https:\/\/artigos.abelacosmetics.com\/parabenos\/#article","isPartOf":{"@id":"https:\/\/artigos.abelacosmetics.com\/parabenos\/"},"author":{"name":"admin","@id":"https:\/\/artigos.abelacosmetics.com\/#\/schema\/person\/675710be590edb47293978092f4e20f4"},"headline":"Parabenos: entenda o que s\u00e3o e quais s\u00e3o os riscos \u00e0 sa\u00fade","datePublished":"2022-09-19T14:00:26+00:00","dateModified":"2023-01-05T20:59:44+00:00","mainEntityOfPage":{"@id":"https:\/\/artigos.abelacosmetics.com\/parabenos\/"},"wordCount":606,"commentCount":0,"publisher":{"@id":"https:\/\/artigos.abelacosmetics.com\/#organization"},"image":{"@id":"https:\/\/artigos.abelacosmetics.com\/parabenos\/#primaryimage"},"thumbnailUrl":"https:\/\/artigos.abelacosmetics.com\/wp-content\/uploads\/2022\/09\/post-do-blog-1-2.png","articleSection":["Informa\u00e7\u00f5es"],"inLanguage":"en-US","potentialAction":[{"@type":"CommentAction","name":"Comment","target":["https:\/\/artigos.abelacosmetics.com\/parabenos\/#respond"]}]},{"@type":"WebPage","@id":"https:\/\/artigos.abelacosmetics.com\/parabenos\/","url":"https:\/\/artigos.abelacosmetics.com\/parabenos\/","name":"Parabenos: entenda o que s\u00e3o e quais s\u00e3o os riscos \u00e0 sa\u00fade - Abela Cosmetics","isPartOf":{"@id":"https:\/\/artigos.abelacosmetics.com\/#website"},"primaryImageOfPage":{"@id":"https:\/\/artigos.abelacosmetics.com\/parabenos\/#primaryimage"},"image":{"@id":"https:\/\/artigos.abelacosmetics.com\/parabenos\/#primaryimage"},"thumbnailUrl":"https:\/\/artigos.abelacosmetics.com\/wp-content\/uploads\/2022\/09\/post-do-blog-1-2.png","datePublished":"2022-09-19T14:00:26+00:00","dateModified":"2023-01-05T20:59:44+00:00","description":"Voc\u00ea conhece o Parabeno, ingrediente de alguns produtos capilares? Acompanhe este artigo, entenda o que \u00e9 e quais s\u00e3o os riscos \u00e0 sa\u00fade.","breadcrumb":{"@id":"https:\/\/artigos.abelacosmetics.com\/parabenos\/#breadcrumb"},"inLanguage":"en-US","potentialAction":[{"@type":"ReadAction","target":["https:\/\/artigos.abelacosmetics.com\/parabenos\/"]}]},{"@type":"ImageObject","inLanguage":"en-US","@id":"https:\/\/artigos.abelacosmetics.com\/parabenos\/#primaryimage","url":"https:\/\/artigos.abelacosmetics.com\/wp-content\/uploads\/2022\/09\/post-do-blog-1-2.png","contentUrl":"https:\/\/artigos.abelacosmetics.com\/wp-content\/uploads\/2022\/09\/post-do-blog-1-2.png","width":850,"height":430},{"@type":"BreadcrumbList","@id":"https:\/\/artigos.abelacosmetics.com\/parabenos\/#breadcrumb","itemListElement":[{"@type":"ListItem","position":1,"name":"In\u00edcio","item":"https:\/\/artigos.abelacosmetics.com\/"},{"@type":"ListItem","position":2,"name":"Parabenos: entenda o que s\u00e3o e quais s\u00e3o os riscos \u00e0 sa\u00fade"}]},{"@type":"WebSite","@id":"https:\/\/artigos.abelacosmetics.com\/#website","url":"https:\/\/artigos.abelacosmetics.com\/","name":"Abela Cosmetics","description":"Cuidados para Cabelos \u00danicos","publisher":{"@id":"https:\/\/artigos.abelacosmetics.com\/#organization"},"potentialAction":[{"@type":"SearchAction","target":{"@type":"EntryPoint","urlTemplate":"https:\/\/artigos.abelacosmetics.com\/?s={search_term_string}"},"query-input":{"@type":"PropertyValueSpecification","valueRequired":true,"valueName":"search_term_string"}}],"inLanguage":"en-US"},{"@type":"Organization","@id":"https:\/\/artigos.abelacosmetics.com\/#organization","name":"Abela Cosmetics","url":"https:\/\/artigos.abelacosmetics.com\/","logo":{"@type":"ImageObject","inLanguage":"en-US","@id":"https:\/\/artigos.abelacosmetics.com\/#\/schema\/logo\/image\/","url":"https:\/\/artigos.abelacosmetics.com\/wp-content\/uploads\/2023\/02\/logo-abela.png","contentUrl":"https:\/\/artigos.abelacosmetics.com\/wp-content\/uploads\/2023\/02\/logo-abela.png","width":183,"height":90,"caption":"Abela Cosmetics"},"image":{"@id":"https:\/\/artigos.abelacosmetics.com\/#\/schema\/logo\/image\/"},"sameAs":["https:\/\/www.facebook.com\/abelacosmetics"]},{"@type":"Person","@id":"https:\/\/artigos.abelacosmetics.com\/#\/schema\/person\/675710be590edb47293978092f4e20f4","name":"admin","image":{"@type":"ImageObject","inLanguage":"en-US","@id":"https:\/\/artigos.abelacosmetics.com\/#\/schema\/person\/image\/","url":"https:\/\/secure.gravatar.com\/avatar\/ce9ccc2de538d30bcc33874c5a730e8e078e64fce402cb3cf0668a7439a0e654?s=96&d=mm&r=g","contentUrl":"https:\/\/secure.gravatar.com\/avatar\/ce9ccc2de538d30bcc33874c5a730e8e078e64fce402cb3cf0668a7439a0e654?s=96&d=mm&r=g","caption":"admin"},"sameAs":["http:\/\/localhost\/abela-cosmetic"],"url":"https:\/\/artigos.abelacosmetics.com\/en\/author\/admin\/"}]}},"_links":{"self":[{"href":"https:\/\/artigos.abelacosmetics.com\/en\/wp-json\/wp\/v2\/posts\/1301","targetHints":{"allow":["GET"]}}],"collection":[{"href":"https:\/\/artigos.abelacosmetics.com\/en\/wp-json\/wp\/v2\/posts"}],"about":[{"href":"https:\/\/artigos.abelacosmetics.com\/en\/wp-json\/wp\/v2\/types\/post"}],"author":[{"embeddable":true,"href":"https:\/\/artigos.abelacosmetics.com\/en\/wp-json\/wp\/v2\/users\/1"}],"replies":[{"embeddable":true,"href":"https:\/\/artigos.abelacosmetics.com\/en\/wp-json\/wp\/v2\/comments?post=1301"}],"version-history":[{"count":10,"href":"https:\/\/artigos.abelacosmetics.com\/en\/wp-json\/wp\/v2\/posts\/1301\/revisions"}],"predecessor-version":[{"id":1315,"href":"https:\/\/artigos.abelacosmetics.com\/en\/wp-json\/wp\/v2\/posts\/1301\/revisions\/1315"}],"wp:featuredmedia":[{"embeddable":true,"href":"https:\/\/artigos.abelacosmetics.com\/en\/wp-json\/wp\/v2\/media\/1310"}],"wp:attachment":[{"href":"https:\/\/artigos.abelacosmetics.com\/en\/wp-json\/wp\/v2\/media?parent=1301"}],"wp:term":[{"taxonomy":"category","embeddable":true,"href":"https:\/\/artigos.abelacosmetics.com\/en\/wp-json\/wp\/v2\/categories?post=1301"},{"taxonomy":"post_tag","embeddable":true,"href":"https:\/\/artigos.abelacosmetics.com\/en\/wp-json\/wp\/v2\/tags?post=1301"}],"curies":[{"name":"wp","href":"https:\/\/api.w.org\/{rel}","templated":true}]}}