{"id":1226,"date":"2022-09-12T12:11:26","date_gmt":"2022-09-12T15:11:26","guid":{"rendered":"https:\/\/artigos.abelacosmetics.com\/?p=1226"},"modified":"2023-01-05T18:00:27","modified_gmt":"2023-01-05T21:00:27","slug":"devo-tratar-meu-couro-cabeludo-saiba-mais","status":"publish","type":"post","link":"https:\/\/artigos.abelacosmetics.com\/en\/devo-tratar-meu-couro-cabeludo-saiba-mais\/","title":{"rendered":"Devo tratar meu couro cabeludo? Saiba mais!"},"content":{"rendered":"<p>&nbsp;<\/p>\n<p>&nbsp;<\/p>\n<p>Voc\u00ea sabia que nosso <strong>couro cabeludo<\/strong> merece uma aten\u00e7\u00e3o especial?<\/p>\n<p>&nbsp;<\/p>\n<audio class=\"wp-audio-shortcode\" id=\"audio-1226-1\" preload=\"none\" style=\"width: 100%;\" controls=\"controls\"><source type=\"audio\/mpeg\" src=\"https:\/\/artigos.abelacosmetics.com\/wp-content\/uploads\/2022\/09\/Devo-tratar-meu-couro-cabeludo-1.mp3?_=1\" \/><a href=\"https:\/\/artigos.abelacosmetics.com\/wp-content\/uploads\/2022\/09\/Devo-tratar-meu-couro-cabeludo-1.mp3\">https:\/\/artigos.abelacosmetics.com\/wp-content\/uploads\/2022\/09\/Devo-tratar-meu-couro-cabeludo-1.mp3<\/a><\/audio>\n<p>&nbsp;<\/p>\n<p>Sim, \u00e9 isso mesmo!<\/p>\n<p>Tratamentos qu\u00edmicos, calor, \u00e1gua salgada e alguns produtos para o cabelo podem entupir os fol\u00edculos do couro cabeludo.<\/p>\n<p>Se n\u00e3o for bem cuidado, esses fatores ambientais e qu\u00edmicos podem levar a um cabelo quebradi\u00e7o e com pouco crescimento.<\/p>\n<p>Desse modo, uma limpeza regular e um tratamento adequado s\u00e3o capazes de ajudar o cabelo contra a sujeira, ac\u00famulo de produtos e oleosidade.<\/p>\n<p>Aqui neste artigo iremos abordar os cuidados necess\u00e1rios em um couro cabeludo e os sinais de que ele precisa de ajuda!<\/p>\n<p>Boa leitura!<\/p>\n<p><img loading=\"lazy\" decoding=\"async\" class=\"alignnone wp-image-1229\" src=\"https:\/\/artigos.abelacosmetics.com\/wp-content\/uploads\/2022\/09\/21-1-300x300.png\" alt=\"\" width=\"504\" height=\"504\" srcset=\"https:\/\/artigos.abelacosmetics.com\/wp-content\/uploads\/2022\/09\/21-1-300x300.png 300w, https:\/\/artigos.abelacosmetics.com\/wp-content\/uploads\/2022\/09\/21-1-150x150.png 150w, https:\/\/artigos.abelacosmetics.com\/wp-content\/uploads\/2022\/09\/21-1-768x768.png 768w, https:\/\/artigos.abelacosmetics.com\/wp-content\/uploads\/2022\/09\/21-1-12x12.png 12w, https:\/\/artigos.abelacosmetics.com\/wp-content\/uploads\/2022\/09\/21-1.png 1000w\" sizes=\"auto, (max-width: 504px) 100vw, 504px\" \/><\/p>\n<h2>O que \u00e9 couro cabeludo?<\/h2>\n<p>O couro cabeludo \u00e9 uma parte da nossa pele em que se concentra in\u00fameros fol\u00edculos pilosos com uma maior quantidade de pelos.<\/p>\n<p>Esses p\u00ealos, devido \u00e0 quantidade e tamanho, s\u00e3o denominados de <u><a href=\"https:\/\/artigos.abelacosmetics.com\/en\/9-dicas-para-manter-os-cabelos-saudaveis-no-verao\/\">cabelos<\/a><\/u>.<\/p>\n<p>O couro cabeludo possui diversas caracter\u00edsticas intr\u00ednsecas a ele e, devido a isso, merece uma aten\u00e7\u00e3o especial.<\/p>\n<p>Portanto, \u00e9 uma parte do corpo com intensa atividade na elabora\u00e7\u00e3o de sebo e importante na atividade do ciclo capilar.<\/p>\n<p>\u00c9 uma \u00e1rea homog\u00eanea e n\u00e3o apresenta altera\u00e7\u00f5es cut\u00e2neas quando saud\u00e1vel.<\/p>\n<p><img loading=\"lazy\" decoding=\"async\" class=\"alignnone wp-image-1233\" src=\"https:\/\/artigos.abelacosmetics.com\/wp-content\/uploads\/2022\/09\/4-1-300x300.png\" alt=\"\" width=\"513\" height=\"513\" srcset=\"https:\/\/artigos.abelacosmetics.com\/wp-content\/uploads\/2022\/09\/4-1-300x300.png 300w, https:\/\/artigos.abelacosmetics.com\/wp-content\/uploads\/2022\/09\/4-1-150x150.png 150w, https:\/\/artigos.abelacosmetics.com\/wp-content\/uploads\/2022\/09\/4-1-768x768.png 768w, https:\/\/artigos.abelacosmetics.com\/wp-content\/uploads\/2022\/09\/4-1-12x12.png 12w, https:\/\/artigos.abelacosmetics.com\/wp-content\/uploads\/2022\/09\/4-1.png 1000w\" sizes=\"auto, (max-width: 513px) 100vw, 513px\" \/><\/p>\n<h2>Quais cuidados devo tomar com o couro cabeludo?<\/h2>\n<p>Como dito anteriormente, \u00e9 necess\u00e1rio alguns cuidados especiais com o couro cabeludo.<\/p>\n<p>Nas pr\u00f3ximas linhas iremos te explicar melhor.<\/p>\n<p>Acompanhe!<\/p>\n<ul>\n<li>N\u00e3o utilizar grande quantidade de condicionador no couro cabeludo, pois isso ocasiona mais seborreia e caspas.<\/li>\n<li>Evitar dormir com os cabelos molhados, pois o abafamento corrobora com a prolifera\u00e7\u00e3o de microorganismos e caspas. Al\u00e9m disso, o atrito causa fios quebradi\u00e7os.<\/li>\n<li>Lavar bem os cabelos, utilizando o shampoo duas vezes para retirar todo o excesso de sujeira do couro cabeludo. Lembrando em realizar movimentos leves e circulares no couro cabeludo.<\/li>\n<li>N\u00e3o lavar cabelos com \u00e1gua muito quente ou muito fria. O recomendado \u00e9 lavar as madeixas em \u00e1gua levemente morna, que evita a cria\u00e7\u00e3o de seborreia e \u00f3leos.<\/li>\n<li>Evite sempre secar o cabelo com secador, pois isso ajuda na cria\u00e7\u00e3o de caspas. De vez em quando, deixe o cabelo secar naturalmente, ao ar livre.<\/li>\n<li>Proteja o seu cabelo do raios UV, utilize chap\u00e9u ou bon\u00e9s em algumas situa\u00e7\u00f5es.<\/li>\n<li>Cuide da sua alimenta\u00e7\u00e3o. Ingira muitas verduras, frutas e \u00e1gua!<\/li>\n<\/ul>\n<p><img loading=\"lazy\" decoding=\"async\" class=\"alignnone wp-image-1230\" src=\"https:\/\/artigos.abelacosmetics.com\/wp-content\/uploads\/2022\/09\/2-2-300x169.png\" alt=\"\" width=\"799\" height=\"450\" srcset=\"https:\/\/artigos.abelacosmetics.com\/wp-content\/uploads\/2022\/09\/2-2-300x169.png 300w, https:\/\/artigos.abelacosmetics.com\/wp-content\/uploads\/2022\/09\/2-2-1024x576.png 1024w, https:\/\/artigos.abelacosmetics.com\/wp-content\/uploads\/2022\/09\/2-2-768x432.png 768w, https:\/\/artigos.abelacosmetics.com\/wp-content\/uploads\/2022\/09\/2-2-1536x864.png 1536w, https:\/\/artigos.abelacosmetics.com\/wp-content\/uploads\/2022\/09\/2-2-18x10.png 18w, https:\/\/artigos.abelacosmetics.com\/wp-content\/uploads\/2022\/09\/2-2.png 1920w\" sizes=\"auto, (max-width: 799px) 100vw, 799px\" \/><\/p>\n<h2>Sinais de que o seu couro cabeludo n\u00e3o est\u00e1 saud\u00e1vel<\/h2>\n<p>O couro cabeludo d\u00e1 sinais quando n\u00e3o vai bem, bastando voc\u00ea observar.<\/p>\n<p>Analise se est\u00e1 com leve coceira, irrita\u00e7\u00e3o, incha\u00e7o ou manchas no couro cabeludo.<\/p>\n<p>Em situa\u00e7\u00f5es mais leves, \u00e9 poss\u00edvel observar que o couro cabeludo fica mais seco, descamando, mas sem um verdadeiro inc\u00f4modo.<\/p>\n<p>Entretanto, h\u00e1 situa\u00e7\u00f5es em que ocorre uma oleosidade excessiva e o cabelo fica grudado no couro cabeludo, mesmo no dia seguinte \u00e0 lavagem.<\/p>\n<p>Esses sinais fazem com que o seu cabelo pare\u00e7a sem vida, sem movimento e sem brilho.<\/p>\n<p><img loading=\"lazy\" decoding=\"async\" class=\"alignnone wp-image-1228\" src=\"https:\/\/artigos.abelacosmetics.com\/wp-content\/uploads\/2022\/09\/1-2-300x169.png\" alt=\"\" width=\"794\" height=\"447\" srcset=\"https:\/\/artigos.abelacosmetics.com\/wp-content\/uploads\/2022\/09\/1-2-300x169.png 300w, https:\/\/artigos.abelacosmetics.com\/wp-content\/uploads\/2022\/09\/1-2-1024x576.png 1024w, https:\/\/artigos.abelacosmetics.com\/wp-content\/uploads\/2022\/09\/1-2-768x432.png 768w, https:\/\/artigos.abelacosmetics.com\/wp-content\/uploads\/2022\/09\/1-2-1536x864.png 1536w, https:\/\/artigos.abelacosmetics.com\/wp-content\/uploads\/2022\/09\/1-2-18x10.png 18w, https:\/\/artigos.abelacosmetics.com\/wp-content\/uploads\/2022\/09\/1-2.png 1920w\" sizes=\"auto, (max-width: 794px) 100vw, 794px\" \/><\/p>\n<h2>Entenda as causas desses problemas no couro cabeludo<\/h2>\n<p>Algumas causas s\u00e3o conhecidas e diagnosticadas como a\u00e7\u00f5es que prejudicam o couro cabeludo.<\/p>\n<p>Nas pr\u00f3ximas linhas, confira as causas:<\/p>\n<h3>1.\u00a0\u00a0 Lavagem<\/h3>\n<p>Quando a lavagem do cabelo \u00e9 realizada com pouca frequ\u00eancia, o couro cabeludo n\u00e3o ter\u00e1 a limpeza necess\u00e1ria.<\/p>\n<p>Entretanto, quando a lavagem \u00e9 excessiva, pode acontecer de perder a oleosidade natural das madeixas.<\/p>\n<p>Desse modo, \u00e9 crucial ter equil\u00edbrio e const\u00e2ncia correta nas lavagens, seguida por melhores h\u00e1bitos de vida.<\/p>\n<h3>2.\u00a0\u00a0 Produtos capilares<\/h3>\n<p>Alguns componentes de produtos capilares n\u00e3o s\u00e3o ben\u00e9ficos para a sa\u00fade dos nossos fios.<\/p>\n<p>Por este motivo, \u00e9 importante procurar um profissional que entenda o que \u00e9 bom para o seu tipo de cabelo.<\/p>\n<p>De modo geral, aposte em produtos livres de parabenos, glic\u00f3is e mol\u00e9culas que agridem os seus fios.<\/p>\n<p>Esses componentes citados tiram a umidade, elevam o pH e prejudica a barreira de prote\u00e7\u00e3o da epiderme do couro cabeludo.<\/p>\n<h2>Produtos que limpam adequadamente o couro cabeludo<\/h2>\n<p>Ao buscar por bons limpadores de couro cabeludo, concentre-se em encontrar produtos capilares que, al\u00e9m de limparem, acalmem o couro.<\/p>\n<p>Para come\u00e7ar, reunimos aqui as linhas oferecidas pela <u><a href=\"https:\/\/artigos.abelacosmetics.com\/en\/\">Abela Cosmetics<\/a><\/u> que \u00e9 especialista em cuidar do seu cabelo!<\/p>\n<p><img loading=\"lazy\" decoding=\"async\" class=\"alignnone wp-image-1227\" src=\"https:\/\/artigos.abelacosmetics.com\/wp-content\/uploads\/2022\/09\/11-1-300x300.png\" alt=\"\" width=\"456\" height=\"456\" srcset=\"https:\/\/artigos.abelacosmetics.com\/wp-content\/uploads\/2022\/09\/11-1-300x300.png 300w, https:\/\/artigos.abelacosmetics.com\/wp-content\/uploads\/2022\/09\/11-1-150x150.png 150w, https:\/\/artigos.abelacosmetics.com\/wp-content\/uploads\/2022\/09\/11-1-768x768.png 768w, https:\/\/artigos.abelacosmetics.com\/wp-content\/uploads\/2022\/09\/11-1-12x12.png 12w, https:\/\/artigos.abelacosmetics.com\/wp-content\/uploads\/2022\/09\/11-1.png 1000w\" sizes=\"auto, (max-width: 456px) 100vw, 456px\" \/><\/p>\n<h3>Linha Love, Vegan Caf\u00e9<\/h3>\n<p>O shampoo da <u><a href=\"https:\/\/artigos.abelacosmetics.com\/en\/produtos\/#linha-love-vegan-cafe\">linha Love, Vegan Caf\u00e9<\/a><\/u> possui um cuidado especial com o seu couro cabeludo.<\/p>\n<p>Ele age trazendo uma leve esfolia\u00e7\u00e3o, com sensa\u00e7\u00e3o de massagem no seu cabelo, para a remo\u00e7\u00e3o de c\u00e9lulas mortas e de impurezas.<\/p>\n<p>Possui o objetivo de fortalecer e limpar o couro cabeludo, sem deixar de amaciar, hidratar e ativar a circula\u00e7\u00e3o sangu\u00ednea na \u00e1rea.<\/p>\n<p>Linha livre de parabenos, glic\u00f3is e mol\u00e9culas prejudiciais \u00e0 sa\u00fade do cabelo.<\/p>\n<p>Os principais componentes dessa linha s\u00e3o: caf\u00e9, noz-persa, batata yacon, amino\u00e1cidos, e alga marinha vermelha.<\/p>\n<p>Desfrute da sensa\u00e7\u00e3o de ter um cabelo limpo, macio e saud\u00e1vel!<\/p>\n<p><img loading=\"lazy\" decoding=\"async\" class=\"alignnone wp-image-1231\" src=\"https:\/\/artigos.abelacosmetics.com\/wp-content\/uploads\/2022\/09\/31-2-300x300.png\" alt=\"\" width=\"473\" height=\"473\" srcset=\"https:\/\/artigos.abelacosmetics.com\/wp-content\/uploads\/2022\/09\/31-2-300x300.png 300w, https:\/\/artigos.abelacosmetics.com\/wp-content\/uploads\/2022\/09\/31-2-150x150.png 150w, https:\/\/artigos.abelacosmetics.com\/wp-content\/uploads\/2022\/09\/31-2-768x768.png 768w, https:\/\/artigos.abelacosmetics.com\/wp-content\/uploads\/2022\/09\/31-2-12x12.png 12w, https:\/\/artigos.abelacosmetics.com\/wp-content\/uploads\/2022\/09\/31-2.png 1000w\" sizes=\"auto, (max-width: 473px) 100vw, 473px\" \/><\/p>\n<p>Natural Blend Line<\/p>\n<p>O shampoo e t\u00f4nico capilar da <u><a href=\"https:\/\/artigos.abelacosmetics.com\/en\/produtos\/#linha-natural-blend\">linha Natural Blend<\/a><\/u> possuem uma f\u00f3rmula leve com o poder dos ativos vegetais.<\/p>\n<p>\u00c9 uma maneira de diminuir a oleosidade do couro cabeludo, retirando as impurezas dos fios.<\/p>\n<p>Ao utilizar a linha Natural Blend, voc\u00ea estar\u00e1 estimulando a circula\u00e7\u00e3o sangu\u00ednea da \u00e1rea e incentivando o crescimento natural e saud\u00e1vel dos fios.<\/p>\n<p>Seus principais componentes s\u00e3o: agri\u00e3o, bardana, s\u00e1lvia, lim\u00e3o e hera (Hedera helix).<\/p>\n<p>E a\u00ed, gostou desse artigo? Confira o nosso blog para mais informa\u00e7\u00f5es sobre o couro \u00a0!<\/p>\n<p><img loading=\"lazy\" decoding=\"async\" class=\"alignnone wp-image-1232\" src=\"https:\/\/artigos.abelacosmetics.com\/wp-content\/uploads\/2022\/09\/3-2-300x169.png\" alt=\"\" width=\"936\" height=\"527\" srcset=\"https:\/\/artigos.abelacosmetics.com\/wp-content\/uploads\/2022\/09\/3-2-300x169.png 300w, https:\/\/artigos.abelacosmetics.com\/wp-content\/uploads\/2022\/09\/3-2-1024x576.png 1024w, https:\/\/artigos.abelacosmetics.com\/wp-content\/uploads\/2022\/09\/3-2-768x432.png 768w, https:\/\/artigos.abelacosmetics.com\/wp-content\/uploads\/2022\/09\/3-2-1536x864.png 1536w, https:\/\/artigos.abelacosmetics.com\/wp-content\/uploads\/2022\/09\/3-2-18x10.png 18w, https:\/\/artigos.abelacosmetics.com\/wp-content\/uploads\/2022\/09\/3-2.png 1920w\" sizes=\"auto, (max-width: 936px) 100vw, 936px\" \/><\/p>","protected":false},"excerpt":{"rendered":"<p>&nbsp; &nbsp; Voc\u00ea sabia que nosso couro cabeludo merece uma aten\u00e7\u00e3o especial? &nbsp; &nbsp; Sim, \u00e9 isso mesmo! Tratamentos qu\u00edmicos, calor, \u00e1gua salgada e alguns produtos para o cabelo podem entupir os fol\u00edculos do couro cabeludo. Se n\u00e3o for bem cuidado, esses fatores ambientais e qu\u00edmicos podem levar a um cabelo quebradi\u00e7o e com pouco [&hellip;]<\/p>","protected":false},"author":1,"featured_media":1235,"comment_status":"open","ping_status":"open","sticky":false,"template":"","format":"standard","meta":{"_acf_changed":false,"_mo_disable_npp":"","inline_featured_image":false,"footnotes":""},"categories":[32,31,1],"tags":[],"class_list":["post-1226","post","type-post","status-publish","format-standard","has-post-thumbnail","hentry","category-informacoes","category-autocuidado","category-novidades"],"acf":[],"yoast_head":"<!-- This site is optimized with the Yoast SEO Premium plugin v19.2.1 (Yoast SEO v26.9) - https:\/\/yoast.com\/product\/yoast-seo-premium-wordpress\/ -->\n<title>Devo tratar meu couro cabeludo? Saiba mais! - Abela Cosmetics<\/title>\n<meta name=\"description\" content=\"Seu couro cabeludo merece cuidado! Saiba como fazer com que seus cabelos permane\u00e7am saud\u00e1veis - da ponta \u00e0 raiz.\" \/>\n<meta name=\"robots\" content=\"index, follow, max-snippet:-1, max-image-preview:large, max-video-preview:-1\" \/>\n<link rel=\"canonical\" href=\"https:\/\/artigos.abelacosmetics.com\/en\/devo-tratar-meu-couro-cabeludo-saiba-mais\/\" \/>\n<meta property=\"og:locale\" content=\"en_US\" \/>\n<meta property=\"og:type\" content=\"article\" \/>\n<meta property=\"og:title\" content=\"Devo tratar meu couro cabeludo? Saiba mais!\" \/>\n<meta property=\"og:description\" content=\"Seu couro cabeludo merece cuidado! Saiba como fazer com que seus cabelos permane\u00e7am saud\u00e1veis - da ponta \u00e0 raiz.\" \/>\n<meta property=\"og:url\" content=\"https:\/\/artigos.abelacosmetics.com\/en\/devo-tratar-meu-couro-cabeludo-saiba-mais\/\" \/>\n<meta property=\"og:site_name\" content=\"Abela Cosmetics\" \/>\n<meta property=\"article:publisher\" content=\"https:\/\/www.facebook.com\/abelacosmetics\" \/>\n<meta property=\"article:published_time\" content=\"2022-09-12T15:11:26+00:00\" \/>\n<meta property=\"article:modified_time\" content=\"2023-01-05T21:00:27+00:00\" \/>\n<meta property=\"og:image\" content=\"https:\/\/artigos.abelacosmetics.com\/wp-content\/uploads\/2022\/09\/post-do-blog-1-1.png\" \/>\n\t<meta property=\"og:image:width\" content=\"850\" \/>\n\t<meta property=\"og:image:height\" content=\"430\" \/>\n\t<meta property=\"og:image:type\" content=\"image\/png\" \/>\n<meta name=\"author\" content=\"admin\" \/>\n<meta name=\"twitter:card\" content=\"summary_large_image\" \/>\n<meta name=\"twitter:label1\" content=\"Written by\" \/>\n\t<meta name=\"twitter:data1\" content=\"admin\" \/>\n\t<meta name=\"twitter:label2\" content=\"Est. reading time\" \/>\n\t<meta name=\"twitter:data2\" content=\"7 minutes\" \/>\n<script type=\"application\/ld+json\" class=\"yoast-schema-graph\">{\"@context\":\"https:\/\/schema.org\",\"@graph\":[{\"@type\":\"Article\",\"@id\":\"https:\/\/artigos.abelacosmetics.com\/devo-tratar-meu-couro-cabeludo-saiba-mais\/#article\",\"isPartOf\":{\"@id\":\"https:\/\/artigos.abelacosmetics.com\/devo-tratar-meu-couro-cabeludo-saiba-mais\/\"},\"author\":{\"name\":\"admin\",\"@id\":\"https:\/\/artigos.abelacosmetics.com\/#\/schema\/person\/675710be590edb47293978092f4e20f4\"},\"headline\":\"Devo tratar meu couro cabeludo? Saiba mais!\",\"datePublished\":\"2022-09-12T15:11:26+00:00\",\"dateModified\":\"2023-01-05T21:00:27+00:00\",\"mainEntityOfPage\":{\"@id\":\"https:\/\/artigos.abelacosmetics.com\/devo-tratar-meu-couro-cabeludo-saiba-mais\/\"},\"wordCount\":928,\"commentCount\":0,\"publisher\":{\"@id\":\"https:\/\/artigos.abelacosmetics.com\/#organization\"},\"image\":{\"@id\":\"https:\/\/artigos.abelacosmetics.com\/devo-tratar-meu-couro-cabeludo-saiba-mais\/#primaryimage\"},\"thumbnailUrl\":\"https:\/\/artigos.abelacosmetics.com\/wp-content\/uploads\/2022\/09\/post-do-blog-1-1.png\",\"articleSection\":[\"Informa\u00e7\u00f5es\",\"Autocuidado\",\"Novidades\"],\"inLanguage\":\"en-US\",\"potentialAction\":[{\"@type\":\"CommentAction\",\"name\":\"Comment\",\"target\":[\"https:\/\/artigos.abelacosmetics.com\/devo-tratar-meu-couro-cabeludo-saiba-mais\/#respond\"]}]},{\"@type\":\"WebPage\",\"@id\":\"https:\/\/artigos.abelacosmetics.com\/devo-tratar-meu-couro-cabeludo-saiba-mais\/\",\"url\":\"https:\/\/artigos.abelacosmetics.com\/devo-tratar-meu-couro-cabeludo-saiba-mais\/\",\"name\":\"Devo tratar meu couro cabeludo? Saiba mais! - Abela Cosmetics\",\"isPartOf\":{\"@id\":\"https:\/\/artigos.abelacosmetics.com\/#website\"},\"primaryImageOfPage\":{\"@id\":\"https:\/\/artigos.abelacosmetics.com\/devo-tratar-meu-couro-cabeludo-saiba-mais\/#primaryimage\"},\"image\":{\"@id\":\"https:\/\/artigos.abelacosmetics.com\/devo-tratar-meu-couro-cabeludo-saiba-mais\/#primaryimage\"},\"thumbnailUrl\":\"https:\/\/artigos.abelacosmetics.com\/wp-content\/uploads\/2022\/09\/post-do-blog-1-1.png\",\"datePublished\":\"2022-09-12T15:11:26+00:00\",\"dateModified\":\"2023-01-05T21:00:27+00:00\",\"description\":\"Seu couro cabeludo merece cuidado! Saiba como fazer com que seus cabelos permane\u00e7am saud\u00e1veis - da ponta \u00e0 raiz.\",\"breadcrumb\":{\"@id\":\"https:\/\/artigos.abelacosmetics.com\/devo-tratar-meu-couro-cabeludo-saiba-mais\/#breadcrumb\"},\"inLanguage\":\"en-US\",\"potentialAction\":[{\"@type\":\"ReadAction\",\"target\":[\"https:\/\/artigos.abelacosmetics.com\/devo-tratar-meu-couro-cabeludo-saiba-mais\/\"]}]},{\"@type\":\"ImageObject\",\"inLanguage\":\"en-US\",\"@id\":\"https:\/\/artigos.abelacosmetics.com\/devo-tratar-meu-couro-cabeludo-saiba-mais\/#primaryimage\",\"url\":\"https:\/\/artigos.abelacosmetics.com\/wp-content\/uploads\/2022\/09\/post-do-blog-1-1.png\",\"contentUrl\":\"https:\/\/artigos.abelacosmetics.com\/wp-content\/uploads\/2022\/09\/post-do-blog-1-1.png\",\"width\":850,\"height\":430},{\"@type\":\"BreadcrumbList\",\"@id\":\"https:\/\/artigos.abelacosmetics.com\/devo-tratar-meu-couro-cabeludo-saiba-mais\/#breadcrumb\",\"itemListElement\":[{\"@type\":\"ListItem\",\"position\":1,\"name\":\"In\u00edcio\",\"item\":\"https:\/\/artigos.abelacosmetics.com\/\"},{\"@type\":\"ListItem\",\"position\":2,\"name\":\"Devo tratar meu couro cabeludo? Saiba mais!\"}]},{\"@type\":\"WebSite\",\"@id\":\"https:\/\/artigos.abelacosmetics.com\/#website\",\"url\":\"https:\/\/artigos.abelacosmetics.com\/\",\"name\":\"Abela Cosmetics\",\"description\":\"Cuidados para Cabelos \u00danicos\",\"publisher\":{\"@id\":\"https:\/\/artigos.abelacosmetics.com\/#organization\"},\"potentialAction\":[{\"@type\":\"SearchAction\",\"target\":{\"@type\":\"EntryPoint\",\"urlTemplate\":\"https:\/\/artigos.abelacosmetics.com\/?s={search_term_string}\"},\"query-input\":{\"@type\":\"PropertyValueSpecification\",\"valueRequired\":true,\"valueName\":\"search_term_string\"}}],\"inLanguage\":\"en-US\"},{\"@type\":\"Organization\",\"@id\":\"https:\/\/artigos.abelacosmetics.com\/#organization\",\"name\":\"Abela Cosmetics\",\"url\":\"https:\/\/artigos.abelacosmetics.com\/\",\"logo\":{\"@type\":\"ImageObject\",\"inLanguage\":\"en-US\",\"@id\":\"https:\/\/artigos.abelacosmetics.com\/#\/schema\/logo\/image\/\",\"url\":\"https:\/\/artigos.abelacosmetics.com\/wp-content\/uploads\/2023\/02\/logo-abela.png\",\"contentUrl\":\"https:\/\/artigos.abelacosmetics.com\/wp-content\/uploads\/2023\/02\/logo-abela.png\",\"width\":183,\"height\":90,\"caption\":\"Abela Cosmetics\"},\"image\":{\"@id\":\"https:\/\/artigos.abelacosmetics.com\/#\/schema\/logo\/image\/\"},\"sameAs\":[\"https:\/\/www.facebook.com\/abelacosmetics\"]},{\"@type\":\"Person\",\"@id\":\"https:\/\/artigos.abelacosmetics.com\/#\/schema\/person\/675710be590edb47293978092f4e20f4\",\"name\":\"admin\",\"image\":{\"@type\":\"ImageObject\",\"inLanguage\":\"en-US\",\"@id\":\"https:\/\/artigos.abelacosmetics.com\/#\/schema\/person\/image\/\",\"url\":\"https:\/\/secure.gravatar.com\/avatar\/ce9ccc2de538d30bcc33874c5a730e8e078e64fce402cb3cf0668a7439a0e654?s=96&d=mm&r=g\",\"contentUrl\":\"https:\/\/secure.gravatar.com\/avatar\/ce9ccc2de538d30bcc33874c5a730e8e078e64fce402cb3cf0668a7439a0e654?s=96&d=mm&r=g\",\"caption\":\"admin\"},\"sameAs\":[\"http:\/\/localhost\/abela-cosmetic\"],\"url\":\"https:\/\/artigos.abelacosmetics.com\/en\/author\/admin\/\"}]}<\/script>\n<!-- \/ Yoast SEO Premium plugin. -->","yoast_head_json":{"title":"Devo tratar meu couro cabeludo? Saiba mais! - Abela Cosmetics","description":"Seu couro cabeludo merece cuidado! Saiba como fazer com que seus cabelos permane\u00e7am saud\u00e1veis - da ponta \u00e0 raiz.","robots":{"index":"index","follow":"follow","max-snippet":"max-snippet:-1","max-image-preview":"max-image-preview:large","max-video-preview":"max-video-preview:-1"},"canonical":"https:\/\/artigos.abelacosmetics.com\/en\/devo-tratar-meu-couro-cabeludo-saiba-mais\/","og_locale":"en_US","og_type":"article","og_title":"Devo tratar meu couro cabeludo? Saiba mais!","og_description":"Seu couro cabeludo merece cuidado! Saiba como fazer com que seus cabelos permane\u00e7am saud\u00e1veis - da ponta \u00e0 raiz.","og_url":"https:\/\/artigos.abelacosmetics.com\/en\/devo-tratar-meu-couro-cabeludo-saiba-mais\/","og_site_name":"Abela Cosmetics","article_publisher":"https:\/\/www.facebook.com\/abelacosmetics","article_published_time":"2022-09-12T15:11:26+00:00","article_modified_time":"2023-01-05T21:00:27+00:00","og_image":[{"width":850,"height":430,"url":"https:\/\/artigos.abelacosmetics.com\/wp-content\/uploads\/2022\/09\/post-do-blog-1-1.png","type":"image\/png"}],"author":"admin","twitter_card":"summary_large_image","twitter_misc":{"Written by":"admin","Est. reading time":"7 minutes"},"schema":{"@context":"https:\/\/schema.org","@graph":[{"@type":"Article","@id":"https:\/\/artigos.abelacosmetics.com\/devo-tratar-meu-couro-cabeludo-saiba-mais\/#article","isPartOf":{"@id":"https:\/\/artigos.abelacosmetics.com\/devo-tratar-meu-couro-cabeludo-saiba-mais\/"},"author":{"name":"admin","@id":"https:\/\/artigos.abelacosmetics.com\/#\/schema\/person\/675710be590edb47293978092f4e20f4"},"headline":"Devo tratar meu couro cabeludo? Saiba mais!","datePublished":"2022-09-12T15:11:26+00:00","dateModified":"2023-01-05T21:00:27+00:00","mainEntityOfPage":{"@id":"https:\/\/artigos.abelacosmetics.com\/devo-tratar-meu-couro-cabeludo-saiba-mais\/"},"wordCount":928,"commentCount":0,"publisher":{"@id":"https:\/\/artigos.abelacosmetics.com\/#organization"},"image":{"@id":"https:\/\/artigos.abelacosmetics.com\/devo-tratar-meu-couro-cabeludo-saiba-mais\/#primaryimage"},"thumbnailUrl":"https:\/\/artigos.abelacosmetics.com\/wp-content\/uploads\/2022\/09\/post-do-blog-1-1.png","articleSection":["Informa\u00e7\u00f5es","Autocuidado","Novidades"],"inLanguage":"en-US","potentialAction":[{"@type":"CommentAction","name":"Comment","target":["https:\/\/artigos.abelacosmetics.com\/devo-tratar-meu-couro-cabeludo-saiba-mais\/#respond"]}]},{"@type":"WebPage","@id":"https:\/\/artigos.abelacosmetics.com\/devo-tratar-meu-couro-cabeludo-saiba-mais\/","url":"https:\/\/artigos.abelacosmetics.com\/devo-tratar-meu-couro-cabeludo-saiba-mais\/","name":"Devo tratar meu couro cabeludo? Saiba mais! - Abela Cosmetics","isPartOf":{"@id":"https:\/\/artigos.abelacosmetics.com\/#website"},"primaryImageOfPage":{"@id":"https:\/\/artigos.abelacosmetics.com\/devo-tratar-meu-couro-cabeludo-saiba-mais\/#primaryimage"},"image":{"@id":"https:\/\/artigos.abelacosmetics.com\/devo-tratar-meu-couro-cabeludo-saiba-mais\/#primaryimage"},"thumbnailUrl":"https:\/\/artigos.abelacosmetics.com\/wp-content\/uploads\/2022\/09\/post-do-blog-1-1.png","datePublished":"2022-09-12T15:11:26+00:00","dateModified":"2023-01-05T21:00:27+00:00","description":"Seu couro cabeludo merece cuidado! Saiba como fazer com que seus cabelos permane\u00e7am saud\u00e1veis - da ponta \u00e0 raiz.","breadcrumb":{"@id":"https:\/\/artigos.abelacosmetics.com\/devo-tratar-meu-couro-cabeludo-saiba-mais\/#breadcrumb"},"inLanguage":"en-US","potentialAction":[{"@type":"ReadAction","target":["https:\/\/artigos.abelacosmetics.com\/devo-tratar-meu-couro-cabeludo-saiba-mais\/"]}]},{"@type":"ImageObject","inLanguage":"en-US","@id":"https:\/\/artigos.abelacosmetics.com\/devo-tratar-meu-couro-cabeludo-saiba-mais\/#primaryimage","url":"https:\/\/artigos.abelacosmetics.com\/wp-content\/uploads\/2022\/09\/post-do-blog-1-1.png","contentUrl":"https:\/\/artigos.abelacosmetics.com\/wp-content\/uploads\/2022\/09\/post-do-blog-1-1.png","width":850,"height":430},{"@type":"BreadcrumbList","@id":"https:\/\/artigos.abelacosmetics.com\/devo-tratar-meu-couro-cabeludo-saiba-mais\/#breadcrumb","itemListElement":[{"@type":"ListItem","position":1,"name":"In\u00edcio","item":"https:\/\/artigos.abelacosmetics.com\/"},{"@type":"ListItem","position":2,"name":"Devo tratar meu couro cabeludo? Saiba mais!"}]},{"@type":"WebSite","@id":"https:\/\/artigos.abelacosmetics.com\/#website","url":"https:\/\/artigos.abelacosmetics.com\/","name":"Abela Cosmetics","description":"Cuidados para Cabelos \u00danicos","publisher":{"@id":"https:\/\/artigos.abelacosmetics.com\/#organization"},"potentialAction":[{"@type":"SearchAction","target":{"@type":"EntryPoint","urlTemplate":"https:\/\/artigos.abelacosmetics.com\/?s={search_term_string}"},"query-input":{"@type":"PropertyValueSpecification","valueRequired":true,"valueName":"search_term_string"}}],"inLanguage":"en-US"},{"@type":"Organization","@id":"https:\/\/artigos.abelacosmetics.com\/#organization","name":"Abela Cosmetics","url":"https:\/\/artigos.abelacosmetics.com\/","logo":{"@type":"ImageObject","inLanguage":"en-US","@id":"https:\/\/artigos.abelacosmetics.com\/#\/schema\/logo\/image\/","url":"https:\/\/artigos.abelacosmetics.com\/wp-content\/uploads\/2023\/02\/logo-abela.png","contentUrl":"https:\/\/artigos.abelacosmetics.com\/wp-content\/uploads\/2023\/02\/logo-abela.png","width":183,"height":90,"caption":"Abela Cosmetics"},"image":{"@id":"https:\/\/artigos.abelacosmetics.com\/#\/schema\/logo\/image\/"},"sameAs":["https:\/\/www.facebook.com\/abelacosmetics"]},{"@type":"Person","@id":"https:\/\/artigos.abelacosmetics.com\/#\/schema\/person\/675710be590edb47293978092f4e20f4","name":"admin","image":{"@type":"ImageObject","inLanguage":"en-US","@id":"https:\/\/artigos.abelacosmetics.com\/#\/schema\/person\/image\/","url":"https:\/\/secure.gravatar.com\/avatar\/ce9ccc2de538d30bcc33874c5a730e8e078e64fce402cb3cf0668a7439a0e654?s=96&d=mm&r=g","contentUrl":"https:\/\/secure.gravatar.com\/avatar\/ce9ccc2de538d30bcc33874c5a730e8e078e64fce402cb3cf0668a7439a0e654?s=96&d=mm&r=g","caption":"admin"},"sameAs":["http:\/\/localhost\/abela-cosmetic"],"url":"https:\/\/artigos.abelacosmetics.com\/en\/author\/admin\/"}]}},"_links":{"self":[{"href":"https:\/\/artigos.abelacosmetics.com\/en\/wp-json\/wp\/v2\/posts\/1226","targetHints":{"allow":["GET"]}}],"collection":[{"href":"https:\/\/artigos.abelacosmetics.com\/en\/wp-json\/wp\/v2\/posts"}],"about":[{"href":"https:\/\/artigos.abelacosmetics.com\/en\/wp-json\/wp\/v2\/types\/post"}],"author":[{"embeddable":true,"href":"https:\/\/artigos.abelacosmetics.com\/en\/wp-json\/wp\/v2\/users\/1"}],"replies":[{"embeddable":true,"href":"https:\/\/artigos.abelacosmetics.com\/en\/wp-json\/wp\/v2\/comments?post=1226"}],"version-history":[{"count":4,"href":"https:\/\/artigos.abelacosmetics.com\/en\/wp-json\/wp\/v2\/posts\/1226\/revisions"}],"predecessor-version":[{"id":2247,"href":"https:\/\/artigos.abelacosmetics.com\/en\/wp-json\/wp\/v2\/posts\/1226\/revisions\/2247"}],"wp:featuredmedia":[{"embeddable":true,"href":"https:\/\/artigos.abelacosmetics.com\/en\/wp-json\/wp\/v2\/media\/1235"}],"wp:attachment":[{"href":"https:\/\/artigos.abelacosmetics.com\/en\/wp-json\/wp\/v2\/media?parent=1226"}],"wp:term":[{"taxonomy":"category","embeddable":true,"href":"https:\/\/artigos.abelacosmetics.com\/en\/wp-json\/wp\/v2\/categories?post=1226"},{"taxonomy":"post_tag","embeddable":true,"href":"https:\/\/artigos.abelacosmetics.com\/en\/wp-json\/wp\/v2\/tags?post=1226"}],"curies":[{"name":"wp","href":"https:\/\/api.w.org\/{rel}","templated":true}]}}