{"id":1192,"date":"2022-09-08T17:54:40","date_gmt":"2022-09-08T20:54:40","guid":{"rendered":"https:\/\/artigos.abelacosmetics.com\/?p=1192"},"modified":"2023-01-05T18:00:43","modified_gmt":"2023-01-05T21:00:43","slug":"preparar-seu-cabelo-para-o-corte","status":"publish","type":"post","link":"https:\/\/artigos.abelacosmetics.com\/en\/preparar-seu-cabelo-para-o-corte\/","title":{"rendered":"Prepare seu cabelo cacheado para receber um corte"},"content":{"rendered":"<p>&nbsp;<\/p>\n<p>&nbsp;<\/p>\n<p>\u00c9 preciso conhecer algumas regras para voc\u00ea <strong>preparar o seu cabelo para um corte<\/strong>.<\/p>\n<p>&nbsp;<\/p>\n<audio class=\"wp-audio-shortcode\" id=\"audio-1192-1\" preload=\"none\" style=\"width: 100%;\" controls=\"controls\"><source type=\"audio\/mpeg\" src=\"https:\/\/artigos.abelacosmetics.com\/wp-content\/uploads\/2022\/09\/Prepare-seu-cabelo-cacheado-para-receber-um-corte-1.mp3?_=1\" \/><a href=\"https:\/\/artigos.abelacosmetics.com\/wp-content\/uploads\/2022\/09\/Prepare-seu-cabelo-cacheado-para-receber-um-corte-1.mp3\">https:\/\/artigos.abelacosmetics.com\/wp-content\/uploads\/2022\/09\/Prepare-seu-cabelo-cacheado-para-receber-um-corte-1.mp3<\/a><\/audio>\n<p>&nbsp;<\/p>\n<p>Cortar o cabelo \u00e9 um momento muito importante para milhares de mulheres que possuem muita estima pelas madeixas. Assim, embora algumas pessoas n\u00e3o saibam, estar com os fios devidamente preparados pode ajudar o cabeleireiro a cortar o seu cabelo da melhor forma poss\u00edvel.<\/p>\n<p>Portanto, se voc\u00ea quer aumentar as chances do seu corte ficar perfeito para voc\u00ea, mas n\u00e3o sabe por onde come\u00e7ar, veja neste artigo algumas dicas para voc\u00ea aprender a preparar os fios para um corte. Assim, al\u00e9m de voc\u00ea ter mais autonomia tamb\u00e9m consegue ter resultados mais satisfat\u00f3rios. Afinal, se sentir bem com o seu cabelo \u00e9 um grande passo para se sentir mais bonita e confiante.<\/p>\n<p><img loading=\"lazy\" decoding=\"async\" class=\"alignnone wp-image-1193\" src=\"https:\/\/artigos.abelacosmetics.com\/wp-content\/uploads\/2022\/09\/1-300x169.png\" alt=\"\" width=\"833\" height=\"469\" srcset=\"https:\/\/artigos.abelacosmetics.com\/wp-content\/uploads\/2022\/09\/1-300x169.png 300w, https:\/\/artigos.abelacosmetics.com\/wp-content\/uploads\/2022\/09\/1-1024x576.png 1024w, https:\/\/artigos.abelacosmetics.com\/wp-content\/uploads\/2022\/09\/1-768x432.png 768w, https:\/\/artigos.abelacosmetics.com\/wp-content\/uploads\/2022\/09\/1-1536x864.png 1536w, https:\/\/artigos.abelacosmetics.com\/wp-content\/uploads\/2022\/09\/1-18x10.png 18w, https:\/\/artigos.abelacosmetics.com\/wp-content\/uploads\/2022\/09\/1.png 1920w\" sizes=\"auto, (max-width: 833px) 100vw, 833px\" \/><\/p>\n<h2><strong>Saiba como preparar o seu cabelo cacheado<\/strong><\/h2>\n<p>Quando vamos ao sal\u00e3o, muitas vezes n\u00e3o prestamos aten\u00e7\u00e3o nos passos de prepara\u00e7\u00e3o antes do cabeleireiro come\u00e7ar a cortar os nossos fios. Contudo, \u00e9 extremamente importante seguir alguns passos para facilitar o processo, principalmente quando fazemos isso em casa sem muita experi\u00eancia.<\/p>\n<p><img loading=\"lazy\" decoding=\"async\" class=\"alignnone wp-image-1195\" src=\"https:\/\/artigos.abelacosmetics.com\/wp-content\/uploads\/2022\/09\/31-300x169.png\" alt=\"\" width=\"827\" height=\"466\" srcset=\"https:\/\/artigos.abelacosmetics.com\/wp-content\/uploads\/2022\/09\/31-300x169.png 300w, https:\/\/artigos.abelacosmetics.com\/wp-content\/uploads\/2022\/09\/31-1024x576.png 1024w, https:\/\/artigos.abelacosmetics.com\/wp-content\/uploads\/2022\/09\/31-768x432.png 768w, https:\/\/artigos.abelacosmetics.com\/wp-content\/uploads\/2022\/09\/31-1536x864.png 1536w, https:\/\/artigos.abelacosmetics.com\/wp-content\/uploads\/2022\/09\/31-18x10.png 18w, https:\/\/artigos.abelacosmetics.com\/wp-content\/uploads\/2022\/09\/31.png 1920w\" sizes=\"auto, (max-width: 827px) 100vw, 827px\" \/><\/p>\n<h3><strong>O cabelo precisa estar limpo<\/strong><\/h3>\n<p>N\u00e3o \u00e9 necess\u00e1rio que o cabelo esteja perfeitamente limpo, mas \u00e9 fundamental que n\u00e3o esteja completamente sujo. Isso ocorre porque o cabelo quando est\u00e1 muito sujo fica pesado e depois de lavado pode mudar o caimento.<\/p>\n<h3><strong>N\u00e3o esque\u00e7a de desembara\u00e7ar o cabelo<\/strong><\/h3>\n<p>Antes de come\u00e7ar a se preparar para cortar o cabelo, mesmo que voc\u00ea esteja indo para fazer o corte com um profissional, \u00e9 importante voc\u00ea chegar com o cabelo em seu estado normal, com ele desembara\u00e7ado.\u00a0 Assim, voc\u00ea poder\u00e1 entender como suas madeixas se comportam e evitar decep\u00e7\u00f5es futuras depois de cortar.<\/p>\n<h2><img loading=\"lazy\" decoding=\"async\" class=\"alignnone wp-image-1197\" style=\"font-size: 16px;\" src=\"https:\/\/artigos.abelacosmetics.com\/wp-content\/uploads\/2022\/09\/41-300x169.png\" alt=\"\" width=\"754\" height=\"425\" srcset=\"https:\/\/artigos.abelacosmetics.com\/wp-content\/uploads\/2022\/09\/41-300x169.png 300w, https:\/\/artigos.abelacosmetics.com\/wp-content\/uploads\/2022\/09\/41-1024x576.png 1024w, https:\/\/artigos.abelacosmetics.com\/wp-content\/uploads\/2022\/09\/41-768x432.png 768w, https:\/\/artigos.abelacosmetics.com\/wp-content\/uploads\/2022\/09\/41-1536x864.png 1536w, https:\/\/artigos.abelacosmetics.com\/wp-content\/uploads\/2022\/09\/41-18x10.png 18w, https:\/\/artigos.abelacosmetics.com\/wp-content\/uploads\/2022\/09\/41.png 1920w\" sizes=\"auto, (max-width: 754px) 100vw, 754px\" \/><\/h2>\n<h3><strong>O cabelo deve estar seco<\/strong><\/h3>\n<p>Quando falamos sobre o corte de cabelo em pessoas com os fios cacheados, \u00e9 preciso que o cabelo esteja seco. Isso ir\u00e1 permitir que voc\u00ea consiga visualizar melhor o formato dos seus cachos e come\u00e7ar a cortar sem precisar secar antes.<\/p>\n<h3><strong>Nada de escovar o cabelo com secador antes<\/strong><\/h3>\n<p>Lembre-se que conseguir ver os fios do seu cabelo de forma natural, \u00e9 o melhor jeito para voc\u00ea conseguir ter resultados mais satisfat\u00f3rios no corte. Sendo assim, se voc\u00ea tem o costume de secar o seu cabelo com secador, ou utilizar algum aparelho diferente para modelar os cachos, n\u00e3o fa\u00e7a isso antes de cort\u00e1-lo.<\/p>\n<p>Isso pode prejudicar na hora do corte, afinal, quando utilizamos esses tipos de aparelho eles podem mudar a configura\u00e7\u00e3o do seu cabelo e fazer com que voc\u00ea corte o seu cabelo em um formato que n\u00e3o \u00e9 o dele normalmente.<\/p>\n<p><img loading=\"lazy\" decoding=\"async\" class=\"alignnone wp-image-1199\" src=\"https:\/\/artigos.abelacosmetics.com\/wp-content\/uploads\/2022\/09\/5-300x169.png\" alt=\"\" width=\"786\" height=\"443\" srcset=\"https:\/\/artigos.abelacosmetics.com\/wp-content\/uploads\/2022\/09\/5-300x169.png 300w, https:\/\/artigos.abelacosmetics.com\/wp-content\/uploads\/2022\/09\/5-1024x576.png 1024w, https:\/\/artigos.abelacosmetics.com\/wp-content\/uploads\/2022\/09\/5-768x432.png 768w, https:\/\/artigos.abelacosmetics.com\/wp-content\/uploads\/2022\/09\/5-1536x864.png 1536w, https:\/\/artigos.abelacosmetics.com\/wp-content\/uploads\/2022\/09\/5-18x10.png 18w, https:\/\/artigos.abelacosmetics.com\/wp-content\/uploads\/2022\/09\/5.png 1920w\" sizes=\"auto, (max-width: 786px) 100vw, 786px\" \/><\/p>\n<h3>N\u00e3o deixe o cabelo preso<\/h3>\n<p>Outro ponto importante na prepara\u00e7\u00e3o do seu cabelo para o corte \u00e9 n\u00e3o o deixar preso antes de iniciar o processo. Como sabemos, ao prender o cabelo com rabo de cavalo ou coque, ele acaba remodelando os fios, mudando sua estrutura. Por isso, antes de come\u00e7ar o procedimento n\u00e3o esque\u00e7a de ficar com o cabelo solto.<\/p>\n<h3>Fique um tempo sem aplicar tintas<\/h3>\n<p>Essa dica vale para quem tem o costume de pintar o cabelo regularmente, seja para esconder a raiz crescendo ou os cabelos brancos. Sendo assim, uma forma de preparar o seu cabelo antes do corte \u00e9 evitar pint\u00e1-lo pelo menos dois meses antes de realizar o corte. Isso porque a tinta pode mudar a estrutura do seu fio, deixando o resultado final diferente do que voc\u00ea ver\u00e1 ao longo do ano.<\/p>\n<p><img loading=\"lazy\" decoding=\"async\" class=\"alignnone wp-image-1196\" src=\"https:\/\/artigos.abelacosmetics.com\/wp-content\/uploads\/2022\/09\/3-300x300.png\" alt=\"\" width=\"533\" height=\"533\" srcset=\"https:\/\/artigos.abelacosmetics.com\/wp-content\/uploads\/2022\/09\/3-300x300.png 300w, https:\/\/artigos.abelacosmetics.com\/wp-content\/uploads\/2022\/09\/3-150x150.png 150w, https:\/\/artigos.abelacosmetics.com\/wp-content\/uploads\/2022\/09\/3-768x768.png 768w, https:\/\/artigos.abelacosmetics.com\/wp-content\/uploads\/2022\/09\/3-12x12.png 12w, https:\/\/artigos.abelacosmetics.com\/wp-content\/uploads\/2022\/09\/3.png 1000w\" sizes=\"auto, (max-width: 533px) 100vw, 533px\" \/><\/p>\n<h2><strong>Como cuidar do cabelo ap\u00f3s o corte?<\/strong><\/h2>\n<p>Para garantir que o corte fique bonito por mais tempo e que os fios fiquem sempre saud\u00e1veis \u00e9 preciso cuid\u00e1-los sempre.<\/p>\n<p>Manter os cabelos hidratados \u00e9 essencial para manter o brilho, a for\u00e7a e a sa\u00fade dos cabelos.\u00a0 Voc\u00ea acaba por se beneficiar do corte por mais tempo.<\/p>\n<p>Por fim, para manter seus cachos definidos, um finalizador de qualidade faz toda a diferen\u00e7a.\u00a0 Escolher uma finaliza\u00e7\u00e3o depende muito do seu gosto, do seu tipo de cabelo.\u00a0 Mas o finalizador pode ajudar a manter seus cachos definidos por mais tempo, e ao mesmo tempo proteger seus cabelos.<\/p>\n<p>Se voc\u00ea gostou dessa mat\u00e9ria e gostaria de conhecer mais dicas para manter o seu cabelo sempre saud\u00e1vel, \u00e9 s\u00f3 continuar navegando no\u00a0<u><a href=\"https:\/\/artigos.abelacosmetics.com\/en\/blog\/\">nosso blog, Curly Trends<\/a><\/u>. Al\u00e9m disso, para ter acesso a mais produtos para seus cabelos, \u00e9 s\u00f3 entrar na p\u00e1gina da <u><a href=\"https:\/\/artigos.abelacosmetics.com\/en\/\">Abela<\/a><\/u>\u00a0e conferir tudo.<\/p>\n<p><img loading=\"lazy\" decoding=\"async\" class=\"alignnone wp-image-1764\" src=\"https:\/\/artigos.abelacosmetics.com\/wp-content\/uploads\/2022\/09\/1-10-300x212.png\" alt=\"\" width=\"813\" height=\"574\" srcset=\"https:\/\/artigos.abelacosmetics.com\/wp-content\/uploads\/2022\/09\/1-10-300x212.png 300w, https:\/\/artigos.abelacosmetics.com\/wp-content\/uploads\/2022\/09\/1-10-768x542.png 768w, https:\/\/artigos.abelacosmetics.com\/wp-content\/uploads\/2022\/09\/1-10-18x12.png 18w, https:\/\/artigos.abelacosmetics.com\/wp-content\/uploads\/2022\/09\/1-10.png 850w\" sizes=\"auto, (max-width: 813px) 100vw, 813px\" \/><\/p>","protected":false},"excerpt":{"rendered":"<p>&nbsp; &nbsp; \u00c9 preciso conhecer algumas regras para voc\u00ea preparar o seu cabelo para um corte. &nbsp; &nbsp; Cortar o cabelo \u00e9 um momento muito importante para milhares de mulheres que possuem muita estima pelas madeixas. Assim, embora algumas pessoas n\u00e3o saibam, estar com os fios devidamente preparados pode ajudar o cabeleireiro a cortar o [&hellip;]<\/p>","protected":false},"author":1,"featured_media":1200,"comment_status":"open","ping_status":"open","sticky":false,"template":"","format":"standard","meta":{"_acf_changed":false,"_mo_disable_npp":"","inline_featured_image":false,"footnotes":""},"categories":[32,31],"tags":[],"class_list":["post-1192","post","type-post","status-publish","format-standard","has-post-thumbnail","hentry","category-informacoes","category-autocuidado"],"acf":[],"yoast_head":"<!-- This site is optimized with the Yoast SEO Premium plugin v19.2.1 (Yoast SEO v26.9) - https:\/\/yoast.com\/product\/yoast-seo-premium-wordpress\/ -->\n<title>Prepare seu cabelo cacheado para receber um corte - Abela Cosmetics<\/title>\n<meta name=\"description\" content=\"Confira neste artigo mais detalhes sobre como preparar o seu cabelo cacheado antes de fazer um corte. Al\u00e9m disso, veja outras dicas!\" \/>\n<meta name=\"robots\" content=\"index, follow, max-snippet:-1, max-image-preview:large, max-video-preview:-1\" \/>\n<link rel=\"canonical\" href=\"https:\/\/artigos.abelacosmetics.com\/en\/preparar-seu-cabelo-para-o-corte\/\" \/>\n<meta property=\"og:locale\" content=\"en_US\" \/>\n<meta property=\"og:type\" content=\"article\" \/>\n<meta property=\"og:title\" content=\"Prepare seu cabelo cacheado para receber um corte\" \/>\n<meta property=\"og:description\" content=\"Confira neste artigo mais detalhes sobre como preparar o seu cabelo cacheado antes de fazer um corte. Al\u00e9m disso, veja outras dicas!\" \/>\n<meta property=\"og:url\" content=\"https:\/\/artigos.abelacosmetics.com\/en\/preparar-seu-cabelo-para-o-corte\/\" \/>\n<meta property=\"og:site_name\" content=\"Abela Cosmetics\" \/>\n<meta property=\"article:publisher\" content=\"https:\/\/www.facebook.com\/abelacosmetics\" \/>\n<meta property=\"article:published_time\" content=\"2022-09-08T20:54:40+00:00\" \/>\n<meta property=\"article:modified_time\" content=\"2023-01-05T21:00:43+00:00\" \/>\n<meta property=\"og:image\" content=\"https:\/\/artigos.abelacosmetics.com\/wp-content\/uploads\/2022\/09\/post-do-blog-1.png\" \/>\n\t<meta property=\"og:image:width\" content=\"850\" \/>\n\t<meta property=\"og:image:height\" content=\"430\" \/>\n\t<meta property=\"og:image:type\" content=\"image\/png\" \/>\n<meta name=\"author\" content=\"admin\" \/>\n<meta name=\"twitter:card\" content=\"summary_large_image\" \/>\n<meta name=\"twitter:label1\" content=\"Written by\" \/>\n\t<meta name=\"twitter:data1\" content=\"admin\" \/>\n\t<meta name=\"twitter:label2\" content=\"Est. reading time\" \/>\n\t<meta name=\"twitter:data2\" content=\"6 minutes\" \/>\n<script type=\"application\/ld+json\" class=\"yoast-schema-graph\">{\"@context\":\"https:\/\/schema.org\",\"@graph\":[{\"@type\":\"Article\",\"@id\":\"https:\/\/artigos.abelacosmetics.com\/preparar-seu-cabelo-para-o-corte\/#article\",\"isPartOf\":{\"@id\":\"https:\/\/artigos.abelacosmetics.com\/preparar-seu-cabelo-para-o-corte\/\"},\"author\":{\"name\":\"admin\",\"@id\":\"https:\/\/artigos.abelacosmetics.com\/#\/schema\/person\/675710be590edb47293978092f4e20f4\"},\"headline\":\"Prepare seu cabelo cacheado para receber um corte\",\"datePublished\":\"2022-09-08T20:54:40+00:00\",\"dateModified\":\"2023-01-05T21:00:43+00:00\",\"mainEntityOfPage\":{\"@id\":\"https:\/\/artigos.abelacosmetics.com\/preparar-seu-cabelo-para-o-corte\/\"},\"wordCount\":763,\"commentCount\":0,\"publisher\":{\"@id\":\"https:\/\/artigos.abelacosmetics.com\/#organization\"},\"image\":{\"@id\":\"https:\/\/artigos.abelacosmetics.com\/preparar-seu-cabelo-para-o-corte\/#primaryimage\"},\"thumbnailUrl\":\"https:\/\/artigos.abelacosmetics.com\/wp-content\/uploads\/2022\/09\/post-do-blog-1.png\",\"articleSection\":[\"Informa\u00e7\u00f5es\",\"Autocuidado\"],\"inLanguage\":\"en-US\",\"potentialAction\":[{\"@type\":\"CommentAction\",\"name\":\"Comment\",\"target\":[\"https:\/\/artigos.abelacosmetics.com\/preparar-seu-cabelo-para-o-corte\/#respond\"]}]},{\"@type\":\"WebPage\",\"@id\":\"https:\/\/artigos.abelacosmetics.com\/preparar-seu-cabelo-para-o-corte\/\",\"url\":\"https:\/\/artigos.abelacosmetics.com\/preparar-seu-cabelo-para-o-corte\/\",\"name\":\"Prepare seu cabelo cacheado para receber um corte - Abela Cosmetics\",\"isPartOf\":{\"@id\":\"https:\/\/artigos.abelacosmetics.com\/#website\"},\"primaryImageOfPage\":{\"@id\":\"https:\/\/artigos.abelacosmetics.com\/preparar-seu-cabelo-para-o-corte\/#primaryimage\"},\"image\":{\"@id\":\"https:\/\/artigos.abelacosmetics.com\/preparar-seu-cabelo-para-o-corte\/#primaryimage\"},\"thumbnailUrl\":\"https:\/\/artigos.abelacosmetics.com\/wp-content\/uploads\/2022\/09\/post-do-blog-1.png\",\"datePublished\":\"2022-09-08T20:54:40+00:00\",\"dateModified\":\"2023-01-05T21:00:43+00:00\",\"description\":\"Confira neste artigo mais detalhes sobre como preparar o seu cabelo cacheado antes de fazer um corte. Al\u00e9m disso, veja outras dicas!\",\"breadcrumb\":{\"@id\":\"https:\/\/artigos.abelacosmetics.com\/preparar-seu-cabelo-para-o-corte\/#breadcrumb\"},\"inLanguage\":\"en-US\",\"potentialAction\":[{\"@type\":\"ReadAction\",\"target\":[\"https:\/\/artigos.abelacosmetics.com\/preparar-seu-cabelo-para-o-corte\/\"]}]},{\"@type\":\"ImageObject\",\"inLanguage\":\"en-US\",\"@id\":\"https:\/\/artigos.abelacosmetics.com\/preparar-seu-cabelo-para-o-corte\/#primaryimage\",\"url\":\"https:\/\/artigos.abelacosmetics.com\/wp-content\/uploads\/2022\/09\/post-do-blog-1.png\",\"contentUrl\":\"https:\/\/artigos.abelacosmetics.com\/wp-content\/uploads\/2022\/09\/post-do-blog-1.png\",\"width\":850,\"height\":430},{\"@type\":\"BreadcrumbList\",\"@id\":\"https:\/\/artigos.abelacosmetics.com\/preparar-seu-cabelo-para-o-corte\/#breadcrumb\",\"itemListElement\":[{\"@type\":\"ListItem\",\"position\":1,\"name\":\"In\u00edcio\",\"item\":\"https:\/\/artigos.abelacosmetics.com\/\"},{\"@type\":\"ListItem\",\"position\":2,\"name\":\"Prepare seu cabelo cacheado para receber um corte\"}]},{\"@type\":\"WebSite\",\"@id\":\"https:\/\/artigos.abelacosmetics.com\/#website\",\"url\":\"https:\/\/artigos.abelacosmetics.com\/\",\"name\":\"Abela Cosmetics\",\"description\":\"Cuidados para Cabelos \u00danicos\",\"publisher\":{\"@id\":\"https:\/\/artigos.abelacosmetics.com\/#organization\"},\"potentialAction\":[{\"@type\":\"SearchAction\",\"target\":{\"@type\":\"EntryPoint\",\"urlTemplate\":\"https:\/\/artigos.abelacosmetics.com\/?s={search_term_string}\"},\"query-input\":{\"@type\":\"PropertyValueSpecification\",\"valueRequired\":true,\"valueName\":\"search_term_string\"}}],\"inLanguage\":\"en-US\"},{\"@type\":\"Organization\",\"@id\":\"https:\/\/artigos.abelacosmetics.com\/#organization\",\"name\":\"Abela Cosmetics\",\"url\":\"https:\/\/artigos.abelacosmetics.com\/\",\"logo\":{\"@type\":\"ImageObject\",\"inLanguage\":\"en-US\",\"@id\":\"https:\/\/artigos.abelacosmetics.com\/#\/schema\/logo\/image\/\",\"url\":\"https:\/\/artigos.abelacosmetics.com\/wp-content\/uploads\/2023\/02\/logo-abela.png\",\"contentUrl\":\"https:\/\/artigos.abelacosmetics.com\/wp-content\/uploads\/2023\/02\/logo-abela.png\",\"width\":183,\"height\":90,\"caption\":\"Abela Cosmetics\"},\"image\":{\"@id\":\"https:\/\/artigos.abelacosmetics.com\/#\/schema\/logo\/image\/\"},\"sameAs\":[\"https:\/\/www.facebook.com\/abelacosmetics\"]},{\"@type\":\"Person\",\"@id\":\"https:\/\/artigos.abelacosmetics.com\/#\/schema\/person\/675710be590edb47293978092f4e20f4\",\"name\":\"admin\",\"image\":{\"@type\":\"ImageObject\",\"inLanguage\":\"en-US\",\"@id\":\"https:\/\/artigos.abelacosmetics.com\/#\/schema\/person\/image\/\",\"url\":\"https:\/\/secure.gravatar.com\/avatar\/ce9ccc2de538d30bcc33874c5a730e8e078e64fce402cb3cf0668a7439a0e654?s=96&d=mm&r=g\",\"contentUrl\":\"https:\/\/secure.gravatar.com\/avatar\/ce9ccc2de538d30bcc33874c5a730e8e078e64fce402cb3cf0668a7439a0e654?s=96&d=mm&r=g\",\"caption\":\"admin\"},\"sameAs\":[\"http:\/\/localhost\/abela-cosmetic\"],\"url\":\"https:\/\/artigos.abelacosmetics.com\/en\/author\/admin\/\"}]}<\/script>\n<!-- \/ Yoast SEO Premium plugin. -->","yoast_head_json":{"title":"Prepare seu cabelo cacheado para receber um corte - Abela Cosmetics","description":"Confira neste artigo mais detalhes sobre como preparar o seu cabelo cacheado antes de fazer um corte. Al\u00e9m disso, veja outras dicas!","robots":{"index":"index","follow":"follow","max-snippet":"max-snippet:-1","max-image-preview":"max-image-preview:large","max-video-preview":"max-video-preview:-1"},"canonical":"https:\/\/artigos.abelacosmetics.com\/en\/preparar-seu-cabelo-para-o-corte\/","og_locale":"en_US","og_type":"article","og_title":"Prepare seu cabelo cacheado para receber um corte","og_description":"Confira neste artigo mais detalhes sobre como preparar o seu cabelo cacheado antes de fazer um corte. Al\u00e9m disso, veja outras dicas!","og_url":"https:\/\/artigos.abelacosmetics.com\/en\/preparar-seu-cabelo-para-o-corte\/","og_site_name":"Abela Cosmetics","article_publisher":"https:\/\/www.facebook.com\/abelacosmetics","article_published_time":"2022-09-08T20:54:40+00:00","article_modified_time":"2023-01-05T21:00:43+00:00","og_image":[{"width":850,"height":430,"url":"https:\/\/artigos.abelacosmetics.com\/wp-content\/uploads\/2022\/09\/post-do-blog-1.png","type":"image\/png"}],"author":"admin","twitter_card":"summary_large_image","twitter_misc":{"Written by":"admin","Est. reading time":"6 minutes"},"schema":{"@context":"https:\/\/schema.org","@graph":[{"@type":"Article","@id":"https:\/\/artigos.abelacosmetics.com\/preparar-seu-cabelo-para-o-corte\/#article","isPartOf":{"@id":"https:\/\/artigos.abelacosmetics.com\/preparar-seu-cabelo-para-o-corte\/"},"author":{"name":"admin","@id":"https:\/\/artigos.abelacosmetics.com\/#\/schema\/person\/675710be590edb47293978092f4e20f4"},"headline":"Prepare seu cabelo cacheado para receber um corte","datePublished":"2022-09-08T20:54:40+00:00","dateModified":"2023-01-05T21:00:43+00:00","mainEntityOfPage":{"@id":"https:\/\/artigos.abelacosmetics.com\/preparar-seu-cabelo-para-o-corte\/"},"wordCount":763,"commentCount":0,"publisher":{"@id":"https:\/\/artigos.abelacosmetics.com\/#organization"},"image":{"@id":"https:\/\/artigos.abelacosmetics.com\/preparar-seu-cabelo-para-o-corte\/#primaryimage"},"thumbnailUrl":"https:\/\/artigos.abelacosmetics.com\/wp-content\/uploads\/2022\/09\/post-do-blog-1.png","articleSection":["Informa\u00e7\u00f5es","Autocuidado"],"inLanguage":"en-US","potentialAction":[{"@type":"CommentAction","name":"Comment","target":["https:\/\/artigos.abelacosmetics.com\/preparar-seu-cabelo-para-o-corte\/#respond"]}]},{"@type":"WebPage","@id":"https:\/\/artigos.abelacosmetics.com\/preparar-seu-cabelo-para-o-corte\/","url":"https:\/\/artigos.abelacosmetics.com\/preparar-seu-cabelo-para-o-corte\/","name":"Prepare seu cabelo cacheado para receber um corte - Abela Cosmetics","isPartOf":{"@id":"https:\/\/artigos.abelacosmetics.com\/#website"},"primaryImageOfPage":{"@id":"https:\/\/artigos.abelacosmetics.com\/preparar-seu-cabelo-para-o-corte\/#primaryimage"},"image":{"@id":"https:\/\/artigos.abelacosmetics.com\/preparar-seu-cabelo-para-o-corte\/#primaryimage"},"thumbnailUrl":"https:\/\/artigos.abelacosmetics.com\/wp-content\/uploads\/2022\/09\/post-do-blog-1.png","datePublished":"2022-09-08T20:54:40+00:00","dateModified":"2023-01-05T21:00:43+00:00","description":"Confira neste artigo mais detalhes sobre como preparar o seu cabelo cacheado antes de fazer um corte. Al\u00e9m disso, veja outras dicas!","breadcrumb":{"@id":"https:\/\/artigos.abelacosmetics.com\/preparar-seu-cabelo-para-o-corte\/#breadcrumb"},"inLanguage":"en-US","potentialAction":[{"@type":"ReadAction","target":["https:\/\/artigos.abelacosmetics.com\/preparar-seu-cabelo-para-o-corte\/"]}]},{"@type":"ImageObject","inLanguage":"en-US","@id":"https:\/\/artigos.abelacosmetics.com\/preparar-seu-cabelo-para-o-corte\/#primaryimage","url":"https:\/\/artigos.abelacosmetics.com\/wp-content\/uploads\/2022\/09\/post-do-blog-1.png","contentUrl":"https:\/\/artigos.abelacosmetics.com\/wp-content\/uploads\/2022\/09\/post-do-blog-1.png","width":850,"height":430},{"@type":"BreadcrumbList","@id":"https:\/\/artigos.abelacosmetics.com\/preparar-seu-cabelo-para-o-corte\/#breadcrumb","itemListElement":[{"@type":"ListItem","position":1,"name":"In\u00edcio","item":"https:\/\/artigos.abelacosmetics.com\/"},{"@type":"ListItem","position":2,"name":"Prepare seu cabelo cacheado para receber um corte"}]},{"@type":"WebSite","@id":"https:\/\/artigos.abelacosmetics.com\/#website","url":"https:\/\/artigos.abelacosmetics.com\/","name":"Abela Cosmetics","description":"Cuidados para Cabelos \u00danicos","publisher":{"@id":"https:\/\/artigos.abelacosmetics.com\/#organization"},"potentialAction":[{"@type":"SearchAction","target":{"@type":"EntryPoint","urlTemplate":"https:\/\/artigos.abelacosmetics.com\/?s={search_term_string}"},"query-input":{"@type":"PropertyValueSpecification","valueRequired":true,"valueName":"search_term_string"}}],"inLanguage":"en-US"},{"@type":"Organization","@id":"https:\/\/artigos.abelacosmetics.com\/#organization","name":"Abela Cosmetics","url":"https:\/\/artigos.abelacosmetics.com\/","logo":{"@type":"ImageObject","inLanguage":"en-US","@id":"https:\/\/artigos.abelacosmetics.com\/#\/schema\/logo\/image\/","url":"https:\/\/artigos.abelacosmetics.com\/wp-content\/uploads\/2023\/02\/logo-abela.png","contentUrl":"https:\/\/artigos.abelacosmetics.com\/wp-content\/uploads\/2023\/02\/logo-abela.png","width":183,"height":90,"caption":"Abela Cosmetics"},"image":{"@id":"https:\/\/artigos.abelacosmetics.com\/#\/schema\/logo\/image\/"},"sameAs":["https:\/\/www.facebook.com\/abelacosmetics"]},{"@type":"Person","@id":"https:\/\/artigos.abelacosmetics.com\/#\/schema\/person\/675710be590edb47293978092f4e20f4","name":"admin","image":{"@type":"ImageObject","inLanguage":"en-US","@id":"https:\/\/artigos.abelacosmetics.com\/#\/schema\/person\/image\/","url":"https:\/\/secure.gravatar.com\/avatar\/ce9ccc2de538d30bcc33874c5a730e8e078e64fce402cb3cf0668a7439a0e654?s=96&d=mm&r=g","contentUrl":"https:\/\/secure.gravatar.com\/avatar\/ce9ccc2de538d30bcc33874c5a730e8e078e64fce402cb3cf0668a7439a0e654?s=96&d=mm&r=g","caption":"admin"},"sameAs":["http:\/\/localhost\/abela-cosmetic"],"url":"https:\/\/artigos.abelacosmetics.com\/en\/author\/admin\/"}]}},"_links":{"self":[{"href":"https:\/\/artigos.abelacosmetics.com\/en\/wp-json\/wp\/v2\/posts\/1192","targetHints":{"allow":["GET"]}}],"collection":[{"href":"https:\/\/artigos.abelacosmetics.com\/en\/wp-json\/wp\/v2\/posts"}],"about":[{"href":"https:\/\/artigos.abelacosmetics.com\/en\/wp-json\/wp\/v2\/types\/post"}],"author":[{"embeddable":true,"href":"https:\/\/artigos.abelacosmetics.com\/en\/wp-json\/wp\/v2\/users\/1"}],"replies":[{"embeddable":true,"href":"https:\/\/artigos.abelacosmetics.com\/en\/wp-json\/wp\/v2\/comments?post=1192"}],"version-history":[{"count":10,"href":"https:\/\/artigos.abelacosmetics.com\/en\/wp-json\/wp\/v2\/posts\/1192\/revisions"}],"predecessor-version":[{"id":2249,"href":"https:\/\/artigos.abelacosmetics.com\/en\/wp-json\/wp\/v2\/posts\/1192\/revisions\/2249"}],"wp:featuredmedia":[{"embeddable":true,"href":"https:\/\/artigos.abelacosmetics.com\/en\/wp-json\/wp\/v2\/media\/1200"}],"wp:attachment":[{"href":"https:\/\/artigos.abelacosmetics.com\/en\/wp-json\/wp\/v2\/media?parent=1192"}],"wp:term":[{"taxonomy":"category","embeddable":true,"href":"https:\/\/artigos.abelacosmetics.com\/en\/wp-json\/wp\/v2\/categories?post=1192"},{"taxonomy":"post_tag","embeddable":true,"href":"https:\/\/artigos.abelacosmetics.com\/en\/wp-json\/wp\/v2\/tags?post=1192"}],"curies":[{"name":"wp","href":"https:\/\/api.w.org\/{rel}","templated":true}]}}