{"id":1163,"date":"2022-08-30T17:44:41","date_gmt":"2022-08-30T20:44:41","guid":{"rendered":"https:\/\/artigos.abelacosmetics.com\/?p=1163"},"modified":"2023-01-05T18:01:10","modified_gmt":"2023-01-05T21:01:10","slug":"confira-alguns-cuidados-que-voce-deve-ter-com-os-cabelos-apos-nadar","status":"publish","type":"post","link":"https:\/\/artigos.abelacosmetics.com\/en\/confira-alguns-cuidados-que-voce-deve-ter-com-os-cabelos-apos-nadar\/","title":{"rendered":"Confira alguns cuidados que voc\u00ea deve ter com os cabelos ap\u00f3s nadar"},"content":{"rendered":"<p>&nbsp;<\/p>\n<p>&nbsp;<\/p>\n<p>O ver\u00e3o est\u00e1 chegando e n\u00e3o h\u00e1 nada melhor do que aproveit\u00e1-lo tomando um banho de piscina bem refrescante. Por isso, \u00e9 muito importante atentar-se aos cuidados com os <strong>cabelos ap\u00f3s nadar<\/strong>.<\/p>\n<p>&nbsp;<\/p>\n<audio class=\"wp-audio-shortcode\" id=\"audio-1163-1\" preload=\"none\" style=\"width: 100%;\" controls=\"controls\"><source type=\"audio\/mpeg\" src=\"https:\/\/artigos.abelacosmetics.com\/wp-content\/uploads\/2022\/08\/Confira-alguns-cuidados-que-voc-deve-ter-com-os-cabelos-aps-nadar-1.mp3?_=1\" \/><a href=\"https:\/\/artigos.abelacosmetics.com\/wp-content\/uploads\/2022\/08\/Confira-alguns-cuidados-que-voc-deve-ter-com-os-cabelos-aps-nadar-1.mp3\">https:\/\/artigos.abelacosmetics.com\/wp-content\/uploads\/2022\/08\/Confira-alguns-cuidados-que-voc-deve-ter-com-os-cabelos-aps-nadar-1.mp3<\/a><\/audio>\n<p>&nbsp;<\/p>\n<p>O cloro \u00e9 um produto qu\u00edmico utilizado nas piscinas para matar bact\u00e9rias e outros microrganismos, deixando assim, a piscina adequada para o banho. Entretanto, uma exposi\u00e7\u00e3o minimamente constante ao cloro, pode danificar os fios do cabelo. Por isso, \u00e9 importante alguns cuidados com os cabelos tanto antes, quanto ap\u00f3s nadar.<\/p>\n<p>Ficou curiosa para descobrir quais s\u00e3o os cuidados essenciais para preservar os cabelos ap\u00f3s contato com o cloro?<\/p>\n<p>Ent\u00e3o fica com a gente, continue a leitura!<\/p>\n<p><img loading=\"lazy\" decoding=\"async\" class=\"alignnone wp-image-1165\" src=\"https:\/\/artigos.abelacosmetics.com\/wp-content\/uploads\/2022\/08\/41-300x169.png\" alt=\"\" width=\"611\" height=\"344\" srcset=\"https:\/\/artigos.abelacosmetics.com\/wp-content\/uploads\/2022\/08\/41-300x169.png 300w, https:\/\/artigos.abelacosmetics.com\/wp-content\/uploads\/2022\/08\/41-1024x576.png 1024w, https:\/\/artigos.abelacosmetics.com\/wp-content\/uploads\/2022\/08\/41-768x432.png 768w, https:\/\/artigos.abelacosmetics.com\/wp-content\/uploads\/2022\/08\/41-1536x864.png 1536w, https:\/\/artigos.abelacosmetics.com\/wp-content\/uploads\/2022\/08\/41-18x10.png 18w, https:\/\/artigos.abelacosmetics.com\/wp-content\/uploads\/2022\/08\/41.png 1920w\" sizes=\"auto, (max-width: 611px) 100vw, 611px\" \/><\/p>\n<p><strong>Os\u00a07 cuidados essenciais ap\u00f3s o contato com\u00a0o cloro<\/strong><\/p>\n<p>O cloro \u00e9 um agente qu\u00edmico que remove o revestimento protetor do cabelo, deixando-o mais vulner\u00e1vel. O cloro \u00e9 capaz de deixar os cabelos ressecados, sem brilho e enfraquecidos. Al\u00e9m disso, se o cabelo for loiro, com uma certa exposi\u00e7\u00e3o ao cloro, o cabelo pode ficar esverdeado. No caso de pessoas que usam tonalizantes, pode ocorrer uma altera\u00e7\u00e3o na colora\u00e7\u00e3o do fio.<\/p>\n<p>Por isso, use e abuse de hidrata\u00e7\u00f5es, protetores capilares e claro, utilize produtos espec\u00edficos para o seu tipo de cabelo.<\/p>\n<p>A seguir, confira algumas dicas imprescind\u00edveis e preciosas para manter seus fios saud\u00e1veis durante essa \u00e9poca do ano t\u00e3o desejada.<\/p>\n<p><img loading=\"lazy\" decoding=\"async\" class=\"wp-image-1166 alignright\" src=\"https:\/\/artigos.abelacosmetics.com\/wp-content\/uploads\/2022\/08\/1-4-300x300.png\" alt=\"\" width=\"432\" height=\"432\" srcset=\"https:\/\/artigos.abelacosmetics.com\/wp-content\/uploads\/2022\/08\/1-4-300x300.png 300w, https:\/\/artigos.abelacosmetics.com\/wp-content\/uploads\/2022\/08\/1-4-150x150.png 150w, https:\/\/artigos.abelacosmetics.com\/wp-content\/uploads\/2022\/08\/1-4-768x768.png 768w, https:\/\/artigos.abelacosmetics.com\/wp-content\/uploads\/2022\/08\/1-4-12x12.png 12w, https:\/\/artigos.abelacosmetics.com\/wp-content\/uploads\/2022\/08\/1-4.png 1000w\" sizes=\"auto, (max-width: 432px) 100vw, 432px\" \/><strong>Antes de entrar na piscina<\/strong><\/p>\n<p><img loading=\"lazy\" decoding=\"async\" class=\"wp-image-1174 alignright\" src=\"https:\/\/artigos.abelacosmetics.com\/wp-content\/uploads\/2022\/08\/white-square-30x300.png\" alt=\"\" width=\"45\" height=\"450\" srcset=\"https:\/\/artigos.abelacosmetics.com\/wp-content\/uploads\/2022\/08\/white-square-30x300.png 30w, https:\/\/artigos.abelacosmetics.com\/wp-content\/uploads\/2022\/08\/white-square.png 100w\" sizes=\"auto, (max-width: 45px) 100vw, 45px\" \/><\/p>\n<p style=\"text-align: left;\">Antes de entrar na piscina, \u00e9 interessante aplicar um creme hidratante no cabelo sem enx\u00e1gue ou apenas molhar o cabelo com \u00e1gua doce &#8211; uma ducha por mais r\u00e1pida que seja, cria uma prote\u00e7\u00e3o natural contra o\u00a0cloro, por isso, \u00e9 interessante sempre enxaguar os fios, antes de nadar.<\/p>\n<p style=\"text-align: left;\">Outra op\u00e7\u00e3o \u00e9 fazer um coque no cabelo, para evitar que tenha muito contato com a \u00e1gua.<\/p>\n<p style=\"text-align: left;\"><strong>Ao sair da piscina<\/strong><\/p>\n<p style=\"text-align: left;\">Sempre lavar os cabelos com \u00e1gua doce, logo ap\u00f3s sair da piscina, para tirar o excesso de cloro.<\/p>\n<p style=\"text-align: left;\"><strong>Proteja o couro cabeludo\u00a0<\/strong><\/p>\n<p style=\"text-align: left;\">Em dias de ver\u00e3o, \u00e9 muito comum os cabelos ficarem mais expostos ao sol e com a radia\u00e7\u00e3o solar mais intensa. O sol pode causar queimaduras, inflama\u00e7\u00f5es e descama\u00e7\u00e3o do couro cabeludo, prejudicando assim, o crescimento dos fios.<\/p>\n<p style=\"text-align: left;\">Para proteger o couro cabeludo, opte por usar chap\u00e9us, bon\u00e9s e\/ou len\u00e7os.<\/p>\n<p style=\"text-align: left;\"><strong>Quanto ao shampoo e condicionador\u00a0<\/strong><\/p>\n<p>Ap\u00f3s o contato com o cloro, os fios ficam muito sens\u00edveis. Por isso, \u00e9 interessante que o cabelo n\u00e3o receba ativos t\u00e3o abrasivos. Procure utilizar produtos espec\u00edficos para o seu tipo de cabelo.<\/p>\n<p><u><a href=\"https:\/\/artigos.abelacosmetics.com\/en\/\">Abela Cosmetics<\/a><\/u> trabalha com produtos que possuem prote\u00e7\u00e3o solar e s\u00e3o formulados atrav\u00e9s de componentes naturais. Nossa marca possui uma linha completa de produtos excelentes para incluir no cronograma capilar. Vale a pena dar uma olhada!<\/p>\n<p><img loading=\"lazy\" decoding=\"async\" class=\"wp-image-1169 alignleft\" src=\"https:\/\/artigos.abelacosmetics.com\/wp-content\/uploads\/2022\/08\/3-3-300x300.png\" alt=\"\" width=\"431\" height=\"431\" srcset=\"https:\/\/artigos.abelacosmetics.com\/wp-content\/uploads\/2022\/08\/3-3-300x300.png 300w, https:\/\/artigos.abelacosmetics.com\/wp-content\/uploads\/2022\/08\/3-3-150x150.png 150w, https:\/\/artigos.abelacosmetics.com\/wp-content\/uploads\/2022\/08\/3-3-768x768.png 768w, https:\/\/artigos.abelacosmetics.com\/wp-content\/uploads\/2022\/08\/3-3-12x12.png 12w, https:\/\/artigos.abelacosmetics.com\/wp-content\/uploads\/2022\/08\/3-3.png 1000w\" sizes=\"auto, (max-width: 431px) 100vw, 431px\" \/><\/p>\n<p style=\"padding-left: 280px; text-align: left;\">\u00a0 \u00a0 \u00a0 \u00a0 \u00a0 \u00a0 \u00a0 \u00a0 \u00a0<strong>M\u00e1scara capilar<\/strong><\/p>\n<p style=\"padding-left: 40px; text-align: left;\"><img loading=\"lazy\" decoding=\"async\" class=\"wp-image-1174 alignleft\" src=\"https:\/\/artigos.abelacosmetics.com\/wp-content\/uploads\/2022\/08\/white-square-30x300.png\" alt=\"\" width=\"39\" height=\"390\" srcset=\"https:\/\/artigos.abelacosmetics.com\/wp-content\/uploads\/2022\/08\/white-square-30x300.png 30w, https:\/\/artigos.abelacosmetics.com\/wp-content\/uploads\/2022\/08\/white-square.png 100w\" sizes=\"auto, (max-width: 39px) 100vw, 39px\" \/>\u00a0 \u00a0Como dito, use e abuse da hidrata\u00e7\u00e3o capilar. \u00c9 interessante fazer uma m\u00e1scara capilar, pelo menos, uma\u00a0 \u00a0 vez ou duas vezes por semana, deixando assim, os fios mais hidratados e nutridos. Assim, quando o ver\u00e3o\u00a0 \u00a0 finalmente chegar, seus fios estar\u00e3o mais resistentes e saud\u00e1veis.<\/p>\n<p style=\"text-align: left;\">\u00a0 \u00a0Abela Cosmetics possui m\u00e1scaras de hidrata\u00e7\u00e3o ricos em Pantenol e Aloe Vera, proporcionando uma\u00a0 \u00a0 \u00a0 \u00a0 \u00a0 \u00a0 \u00a0maior maciez, brilho e combate ao ressecamento dos fios. Al\u00e9m disso, recomendamos que voc\u00ea utilize o\u00a0 \u00a0\u00a0 \u00a0\u00a0 <u><a href=\"https:\/\/artigos.abelacosmetics.com\/en\/produtos\/acidificante-acid\/\">ACID<\/a><\/u>, acidificante capilar que regula o pH dos cabelos e sela as cut\u00edculas, garantindo assim brilho e\u00a0 \u00a0 \u00a0 \u00a0 \u00a0 \u00a0 \u00a0 maciez aos cabelos.<\/p>\n<p style=\"text-align: left;\">\u00a0 \u00a0<strong>Cortar as pontas duplas regularmente<\/strong><\/p>\n<p style=\"text-align: left;\">\u00a0 \u00a0Por mais triste que seja para algumas pessoas, cortar as pontinhas fazem realmente a diferen\u00e7a. Essas\u00a0 \u00a0 \u00a0 \u00a0 \u00a0 \u00a0pontinhas, por serem ressecadas, embara\u00e7am com muito mais facilidade e podem se enrolar nos fios\u00a0 \u00a0 \u00a0 \u00a0 \u00a0 \u00a0 \u00a0saud\u00e1veis e assim, provocar a quebra deles. Isso acaba atrapalhando o crescimento r\u00e1pido e saud\u00e1vel do\u00a0 \u00a0 \u00a0 \u00a0cabelo. Por isso, n\u00e3o resista e corte-as.<\/p>\n<p style=\"text-align: left;\">\u00a0 \u00a0<strong>Co-wash: Nova t\u00e9cnica utilizada<\/strong><\/p>\n<p style=\"text-align: left;\">\u00a0 \u00a0Essa \u00e9 uma t\u00e9cnica muito utilizada, especialmente para quem tem cabelos cacheados ou crespos. O co-wash consiste em lavar o cabelo apenas com o condicionador, pois um dos principais componentes do shampoo, \u00e9 justamente o que remove a prote\u00e7\u00e3o natural dos fios, deixando-os ressecados. Como o condicionador tem poucos componentes qu\u00edmicos em sua formula\u00e7\u00e3o, \u00e9 poss\u00edvel ter uma limpeza menos agressiva ao couro cabeludo e aos fios.<\/p>\n<p style=\"text-align: left;\">E a\u00ed, o que acharam dessas dicas? Tenha certeza que seguindo a maioria delas, seus fios te agradecer\u00e3o.<\/p>\n<p style=\"text-align: left;\">Saiba mais sobre a Abela Cosmetics<\/p>\n<p style=\"text-align: left;\">Agora vamos falar um pouquinho mais da nossa marca?<\/p>\n<p style=\"text-align: left;\">Abela Cosmetics tem como objetivo principal criar produtos com efici\u00eancia adequada, sem machucar o nosso planeta. Trabalhamos com uma linha de <u><a href=\"https:\/\/artigos.abelacosmetics.com\/en\/?post_type=post&amp;p=844\">produtos veganos<\/a><\/u>, naturais e livres t\u00f3xicos, visando trazer benef\u00edcios para os nossos cabelos de uma forma mais natural \u2013 sem agentes t\u00f3xicos ou agressivos para o couro cabeludo &#8211; e ecol\u00f3gica.<\/p>\n<p style=\"text-align: left;\">Os ativos naturais penetram no cabelo, melhorando a sa\u00fade dos fios e o crescimento dia ap\u00f3s dia, trazendo um resultado eficiente e natural. Diferentemente dos ativos sint\u00e9ticos, que enganam, trazendo resultados moment\u00e2neos.<\/p>\n<p style=\"text-align: left;\">Se interessou? <u><a href=\"https:\/\/artigos.abelacosmetics.com\/en\/\">Entre no nosso site<\/a><\/u> e venha descobrir um pouquinho mais sobre a gente!<\/p>\n<p style=\"text-align: left;\">N\u00e3o se esque\u00e7a de compartilhar este artigo com seus amigos, para que eles tamb\u00e9m tenham acesso a essas dicas valiosas que ser\u00e3o a salva\u00e7\u00e3o dos seus cabelos.<\/p>\n<p><img loading=\"lazy\" decoding=\"async\" class=\"alignnone wp-image-1170\" src=\"https:\/\/artigos.abelacosmetics.com\/wp-content\/uploads\/2022\/08\/31-300x169.png\" alt=\"\" width=\"1120\" height=\"631\" srcset=\"https:\/\/artigos.abelacosmetics.com\/wp-content\/uploads\/2022\/08\/31-300x169.png 300w, https:\/\/artigos.abelacosmetics.com\/wp-content\/uploads\/2022\/08\/31-1024x576.png 1024w, https:\/\/artigos.abelacosmetics.com\/wp-content\/uploads\/2022\/08\/31-768x432.png 768w, https:\/\/artigos.abelacosmetics.com\/wp-content\/uploads\/2022\/08\/31-1536x864.png 1536w, https:\/\/artigos.abelacosmetics.com\/wp-content\/uploads\/2022\/08\/31-18x10.png 18w, https:\/\/artigos.abelacosmetics.com\/wp-content\/uploads\/2022\/08\/31.png 1920w\" sizes=\"auto, (max-width: 1120px) 100vw, 1120px\" \/><\/p>","protected":false},"excerpt":{"rendered":"<p>&nbsp; &nbsp; O ver\u00e3o est\u00e1 chegando e n\u00e3o h\u00e1 nada melhor do que aproveit\u00e1-lo tomando um banho de piscina bem refrescante. Por isso, \u00e9 muito importante atentar-se aos cuidados com os cabelos ap\u00f3s nadar. &nbsp; &nbsp; O cloro \u00e9 um produto qu\u00edmico utilizado nas piscinas para matar bact\u00e9rias e outros microrganismos, deixando assim, a piscina [&hellip;]<\/p>","protected":false},"author":1,"featured_media":1164,"comment_status":"open","ping_status":"open","sticky":false,"template":"","format":"standard","meta":{"_acf_changed":false,"_mo_disable_npp":"","inline_featured_image":false,"footnotes":""},"categories":[31,30],"tags":[],"class_list":["post-1163","post","type-post","status-publish","format-standard","has-post-thumbnail","hentry","category-autocuidado","category-conheca-seus-cabelos"],"acf":[],"yoast_head":"<!-- This site is optimized with the Yoast SEO Premium plugin v19.2.1 (Yoast SEO v26.9) - https:\/\/yoast.com\/product\/yoast-seo-premium-wordpress\/ -->\n<title>Confira alguns cuidados que voc\u00ea deve ter com os cabelos ap\u00f3s nadar - Abela Cosmetics<\/title>\n<meta name=\"description\" content=\"Cuidar dos cabelos \u00e9 imprescind\u00edvel, principalmente quando chega o ver\u00e3o. Que tal descobrir alguns cuidados essenciais para preserv\u00e1-los nessa esta\u00e7\u00e3o?\" \/>\n<meta name=\"robots\" content=\"index, follow, max-snippet:-1, max-image-preview:large, max-video-preview:-1\" \/>\n<link rel=\"canonical\" href=\"https:\/\/artigos.abelacosmetics.com\/en\/confira-alguns-cuidados-que-voce-deve-ter-com-os-cabelos-apos-nadar\/\" \/>\n<meta property=\"og:locale\" content=\"en_US\" \/>\n<meta property=\"og:type\" content=\"article\" \/>\n<meta property=\"og:title\" content=\"Confira alguns cuidados que voc\u00ea deve ter com os cabelos ap\u00f3s nadar\" \/>\n<meta property=\"og:description\" content=\"Cuidar dos cabelos \u00e9 imprescind\u00edvel, principalmente quando chega o ver\u00e3o. Que tal descobrir alguns cuidados essenciais para preserv\u00e1-los nessa esta\u00e7\u00e3o?\" \/>\n<meta property=\"og:url\" content=\"https:\/\/artigos.abelacosmetics.com\/en\/confira-alguns-cuidados-que-voce-deve-ter-com-os-cabelos-apos-nadar\/\" \/>\n<meta property=\"og:site_name\" content=\"Abela Cosmetics\" \/>\n<meta property=\"article:publisher\" content=\"https:\/\/www.facebook.com\/abelacosmetics\" \/>\n<meta property=\"article:published_time\" content=\"2022-08-30T20:44:41+00:00\" \/>\n<meta property=\"article:modified_time\" content=\"2023-01-05T21:01:10+00:00\" \/>\n<meta property=\"og:image\" content=\"https:\/\/artigos.abelacosmetics.com\/wp-content\/uploads\/2022\/08\/post-do-blog-3.png\" \/>\n\t<meta property=\"og:image:width\" content=\"850\" \/>\n\t<meta property=\"og:image:height\" content=\"430\" \/>\n\t<meta property=\"og:image:type\" content=\"image\/png\" \/>\n<meta name=\"author\" content=\"admin\" \/>\n<meta name=\"twitter:card\" content=\"summary_large_image\" \/>\n<meta name=\"twitter:label1\" content=\"Written by\" \/>\n\t<meta name=\"twitter:data1\" content=\"admin\" \/>\n\t<meta name=\"twitter:label2\" content=\"Est. reading time\" \/>\n\t<meta name=\"twitter:data2\" content=\"6 minutes\" \/>\n<script type=\"application\/ld+json\" class=\"yoast-schema-graph\">{\"@context\":\"https:\/\/schema.org\",\"@graph\":[{\"@type\":\"Article\",\"@id\":\"https:\/\/artigos.abelacosmetics.com\/confira-alguns-cuidados-que-voce-deve-ter-com-os-cabelos-apos-nadar\/#article\",\"isPartOf\":{\"@id\":\"https:\/\/artigos.abelacosmetics.com\/confira-alguns-cuidados-que-voce-deve-ter-com-os-cabelos-apos-nadar\/\"},\"author\":{\"name\":\"admin\",\"@id\":\"https:\/\/artigos.abelacosmetics.com\/#\/schema\/person\/675710be590edb47293978092f4e20f4\"},\"headline\":\"Confira alguns cuidados que voc\u00ea deve ter com os cabelos ap\u00f3s nadar\",\"datePublished\":\"2022-08-30T20:44:41+00:00\",\"dateModified\":\"2023-01-05T21:01:10+00:00\",\"mainEntityOfPage\":{\"@id\":\"https:\/\/artigos.abelacosmetics.com\/confira-alguns-cuidados-que-voce-deve-ter-com-os-cabelos-apos-nadar\/\"},\"wordCount\":919,\"commentCount\":0,\"publisher\":{\"@id\":\"https:\/\/artigos.abelacosmetics.com\/#organization\"},\"image\":{\"@id\":\"https:\/\/artigos.abelacosmetics.com\/confira-alguns-cuidados-que-voce-deve-ter-com-os-cabelos-apos-nadar\/#primaryimage\"},\"thumbnailUrl\":\"https:\/\/artigos.abelacosmetics.com\/wp-content\/uploads\/2022\/08\/post-do-blog-3.png\",\"articleSection\":[\"Autocuidado\",\"Conhe\u00e7a seus cabelos\"],\"inLanguage\":\"en-US\",\"potentialAction\":[{\"@type\":\"CommentAction\",\"name\":\"Comment\",\"target\":[\"https:\/\/artigos.abelacosmetics.com\/confira-alguns-cuidados-que-voce-deve-ter-com-os-cabelos-apos-nadar\/#respond\"]}]},{\"@type\":\"WebPage\",\"@id\":\"https:\/\/artigos.abelacosmetics.com\/confira-alguns-cuidados-que-voce-deve-ter-com-os-cabelos-apos-nadar\/\",\"url\":\"https:\/\/artigos.abelacosmetics.com\/confira-alguns-cuidados-que-voce-deve-ter-com-os-cabelos-apos-nadar\/\",\"name\":\"Confira alguns cuidados que voc\u00ea deve ter com os cabelos ap\u00f3s nadar - Abela Cosmetics\",\"isPartOf\":{\"@id\":\"https:\/\/artigos.abelacosmetics.com\/#website\"},\"primaryImageOfPage\":{\"@id\":\"https:\/\/artigos.abelacosmetics.com\/confira-alguns-cuidados-que-voce-deve-ter-com-os-cabelos-apos-nadar\/#primaryimage\"},\"image\":{\"@id\":\"https:\/\/artigos.abelacosmetics.com\/confira-alguns-cuidados-que-voce-deve-ter-com-os-cabelos-apos-nadar\/#primaryimage\"},\"thumbnailUrl\":\"https:\/\/artigos.abelacosmetics.com\/wp-content\/uploads\/2022\/08\/post-do-blog-3.png\",\"datePublished\":\"2022-08-30T20:44:41+00:00\",\"dateModified\":\"2023-01-05T21:01:10+00:00\",\"description\":\"Cuidar dos cabelos \u00e9 imprescind\u00edvel, principalmente quando chega o ver\u00e3o. Que tal descobrir alguns cuidados essenciais para preserv\u00e1-los nessa esta\u00e7\u00e3o?\",\"breadcrumb\":{\"@id\":\"https:\/\/artigos.abelacosmetics.com\/confira-alguns-cuidados-que-voce-deve-ter-com-os-cabelos-apos-nadar\/#breadcrumb\"},\"inLanguage\":\"en-US\",\"potentialAction\":[{\"@type\":\"ReadAction\",\"target\":[\"https:\/\/artigos.abelacosmetics.com\/confira-alguns-cuidados-que-voce-deve-ter-com-os-cabelos-apos-nadar\/\"]}]},{\"@type\":\"ImageObject\",\"inLanguage\":\"en-US\",\"@id\":\"https:\/\/artigos.abelacosmetics.com\/confira-alguns-cuidados-que-voce-deve-ter-com-os-cabelos-apos-nadar\/#primaryimage\",\"url\":\"https:\/\/artigos.abelacosmetics.com\/wp-content\/uploads\/2022\/08\/post-do-blog-3.png\",\"contentUrl\":\"https:\/\/artigos.abelacosmetics.com\/wp-content\/uploads\/2022\/08\/post-do-blog-3.png\",\"width\":850,\"height\":430},{\"@type\":\"BreadcrumbList\",\"@id\":\"https:\/\/artigos.abelacosmetics.com\/confira-alguns-cuidados-que-voce-deve-ter-com-os-cabelos-apos-nadar\/#breadcrumb\",\"itemListElement\":[{\"@type\":\"ListItem\",\"position\":1,\"name\":\"In\u00edcio\",\"item\":\"https:\/\/artigos.abelacosmetics.com\/\"},{\"@type\":\"ListItem\",\"position\":2,\"name\":\"Confira alguns cuidados que voc\u00ea deve ter com os cabelos ap\u00f3s nadar\"}]},{\"@type\":\"WebSite\",\"@id\":\"https:\/\/artigos.abelacosmetics.com\/#website\",\"url\":\"https:\/\/artigos.abelacosmetics.com\/\",\"name\":\"Abela Cosmetics\",\"description\":\"Cuidados para Cabelos \u00danicos\",\"publisher\":{\"@id\":\"https:\/\/artigos.abelacosmetics.com\/#organization\"},\"potentialAction\":[{\"@type\":\"SearchAction\",\"target\":{\"@type\":\"EntryPoint\",\"urlTemplate\":\"https:\/\/artigos.abelacosmetics.com\/?s={search_term_string}\"},\"query-input\":{\"@type\":\"PropertyValueSpecification\",\"valueRequired\":true,\"valueName\":\"search_term_string\"}}],\"inLanguage\":\"en-US\"},{\"@type\":\"Organization\",\"@id\":\"https:\/\/artigos.abelacosmetics.com\/#organization\",\"name\":\"Abela Cosmetics\",\"url\":\"https:\/\/artigos.abelacosmetics.com\/\",\"logo\":{\"@type\":\"ImageObject\",\"inLanguage\":\"en-US\",\"@id\":\"https:\/\/artigos.abelacosmetics.com\/#\/schema\/logo\/image\/\",\"url\":\"https:\/\/artigos.abelacosmetics.com\/wp-content\/uploads\/2023\/02\/logo-abela.png\",\"contentUrl\":\"https:\/\/artigos.abelacosmetics.com\/wp-content\/uploads\/2023\/02\/logo-abela.png\",\"width\":183,\"height\":90,\"caption\":\"Abela Cosmetics\"},\"image\":{\"@id\":\"https:\/\/artigos.abelacosmetics.com\/#\/schema\/logo\/image\/\"},\"sameAs\":[\"https:\/\/www.facebook.com\/abelacosmetics\"]},{\"@type\":\"Person\",\"@id\":\"https:\/\/artigos.abelacosmetics.com\/#\/schema\/person\/675710be590edb47293978092f4e20f4\",\"name\":\"admin\",\"image\":{\"@type\":\"ImageObject\",\"inLanguage\":\"en-US\",\"@id\":\"https:\/\/artigos.abelacosmetics.com\/#\/schema\/person\/image\/\",\"url\":\"https:\/\/secure.gravatar.com\/avatar\/ce9ccc2de538d30bcc33874c5a730e8e078e64fce402cb3cf0668a7439a0e654?s=96&d=mm&r=g\",\"contentUrl\":\"https:\/\/secure.gravatar.com\/avatar\/ce9ccc2de538d30bcc33874c5a730e8e078e64fce402cb3cf0668a7439a0e654?s=96&d=mm&r=g\",\"caption\":\"admin\"},\"sameAs\":[\"http:\/\/localhost\/abela-cosmetic\"],\"url\":\"https:\/\/artigos.abelacosmetics.com\/en\/author\/admin\/\"}]}<\/script>\n<!-- \/ Yoast SEO Premium plugin. -->","yoast_head_json":{"title":"Confira alguns cuidados que voc\u00ea deve ter com os cabelos ap\u00f3s nadar - Abela Cosmetics","description":"Cuidar dos cabelos \u00e9 imprescind\u00edvel, principalmente quando chega o ver\u00e3o. Que tal descobrir alguns cuidados essenciais para preserv\u00e1-los nessa esta\u00e7\u00e3o?","robots":{"index":"index","follow":"follow","max-snippet":"max-snippet:-1","max-image-preview":"max-image-preview:large","max-video-preview":"max-video-preview:-1"},"canonical":"https:\/\/artigos.abelacosmetics.com\/en\/confira-alguns-cuidados-que-voce-deve-ter-com-os-cabelos-apos-nadar\/","og_locale":"en_US","og_type":"article","og_title":"Confira alguns cuidados que voc\u00ea deve ter com os cabelos ap\u00f3s nadar","og_description":"Cuidar dos cabelos \u00e9 imprescind\u00edvel, principalmente quando chega o ver\u00e3o. Que tal descobrir alguns cuidados essenciais para preserv\u00e1-los nessa esta\u00e7\u00e3o?","og_url":"https:\/\/artigos.abelacosmetics.com\/en\/confira-alguns-cuidados-que-voce-deve-ter-com-os-cabelos-apos-nadar\/","og_site_name":"Abela Cosmetics","article_publisher":"https:\/\/www.facebook.com\/abelacosmetics","article_published_time":"2022-08-30T20:44:41+00:00","article_modified_time":"2023-01-05T21:01:10+00:00","og_image":[{"width":850,"height":430,"url":"https:\/\/artigos.abelacosmetics.com\/wp-content\/uploads\/2022\/08\/post-do-blog-3.png","type":"image\/png"}],"author":"admin","twitter_card":"summary_large_image","twitter_misc":{"Written by":"admin","Est. reading time":"6 minutes"},"schema":{"@context":"https:\/\/schema.org","@graph":[{"@type":"Article","@id":"https:\/\/artigos.abelacosmetics.com\/confira-alguns-cuidados-que-voce-deve-ter-com-os-cabelos-apos-nadar\/#article","isPartOf":{"@id":"https:\/\/artigos.abelacosmetics.com\/confira-alguns-cuidados-que-voce-deve-ter-com-os-cabelos-apos-nadar\/"},"author":{"name":"admin","@id":"https:\/\/artigos.abelacosmetics.com\/#\/schema\/person\/675710be590edb47293978092f4e20f4"},"headline":"Confira alguns cuidados que voc\u00ea deve ter com os cabelos ap\u00f3s nadar","datePublished":"2022-08-30T20:44:41+00:00","dateModified":"2023-01-05T21:01:10+00:00","mainEntityOfPage":{"@id":"https:\/\/artigos.abelacosmetics.com\/confira-alguns-cuidados-que-voce-deve-ter-com-os-cabelos-apos-nadar\/"},"wordCount":919,"commentCount":0,"publisher":{"@id":"https:\/\/artigos.abelacosmetics.com\/#organization"},"image":{"@id":"https:\/\/artigos.abelacosmetics.com\/confira-alguns-cuidados-que-voce-deve-ter-com-os-cabelos-apos-nadar\/#primaryimage"},"thumbnailUrl":"https:\/\/artigos.abelacosmetics.com\/wp-content\/uploads\/2022\/08\/post-do-blog-3.png","articleSection":["Autocuidado","Conhe\u00e7a seus cabelos"],"inLanguage":"en-US","potentialAction":[{"@type":"CommentAction","name":"Comment","target":["https:\/\/artigos.abelacosmetics.com\/confira-alguns-cuidados-que-voce-deve-ter-com-os-cabelos-apos-nadar\/#respond"]}]},{"@type":"WebPage","@id":"https:\/\/artigos.abelacosmetics.com\/confira-alguns-cuidados-que-voce-deve-ter-com-os-cabelos-apos-nadar\/","url":"https:\/\/artigos.abelacosmetics.com\/confira-alguns-cuidados-que-voce-deve-ter-com-os-cabelos-apos-nadar\/","name":"Confira alguns cuidados que voc\u00ea deve ter com os cabelos ap\u00f3s nadar - Abela Cosmetics","isPartOf":{"@id":"https:\/\/artigos.abelacosmetics.com\/#website"},"primaryImageOfPage":{"@id":"https:\/\/artigos.abelacosmetics.com\/confira-alguns-cuidados-que-voce-deve-ter-com-os-cabelos-apos-nadar\/#primaryimage"},"image":{"@id":"https:\/\/artigos.abelacosmetics.com\/confira-alguns-cuidados-que-voce-deve-ter-com-os-cabelos-apos-nadar\/#primaryimage"},"thumbnailUrl":"https:\/\/artigos.abelacosmetics.com\/wp-content\/uploads\/2022\/08\/post-do-blog-3.png","datePublished":"2022-08-30T20:44:41+00:00","dateModified":"2023-01-05T21:01:10+00:00","description":"Cuidar dos cabelos \u00e9 imprescind\u00edvel, principalmente quando chega o ver\u00e3o. Que tal descobrir alguns cuidados essenciais para preserv\u00e1-los nessa esta\u00e7\u00e3o?","breadcrumb":{"@id":"https:\/\/artigos.abelacosmetics.com\/confira-alguns-cuidados-que-voce-deve-ter-com-os-cabelos-apos-nadar\/#breadcrumb"},"inLanguage":"en-US","potentialAction":[{"@type":"ReadAction","target":["https:\/\/artigos.abelacosmetics.com\/confira-alguns-cuidados-que-voce-deve-ter-com-os-cabelos-apos-nadar\/"]}]},{"@type":"ImageObject","inLanguage":"en-US","@id":"https:\/\/artigos.abelacosmetics.com\/confira-alguns-cuidados-que-voce-deve-ter-com-os-cabelos-apos-nadar\/#primaryimage","url":"https:\/\/artigos.abelacosmetics.com\/wp-content\/uploads\/2022\/08\/post-do-blog-3.png","contentUrl":"https:\/\/artigos.abelacosmetics.com\/wp-content\/uploads\/2022\/08\/post-do-blog-3.png","width":850,"height":430},{"@type":"BreadcrumbList","@id":"https:\/\/artigos.abelacosmetics.com\/confira-alguns-cuidados-que-voce-deve-ter-com-os-cabelos-apos-nadar\/#breadcrumb","itemListElement":[{"@type":"ListItem","position":1,"name":"In\u00edcio","item":"https:\/\/artigos.abelacosmetics.com\/"},{"@type":"ListItem","position":2,"name":"Confira alguns cuidados que voc\u00ea deve ter com os cabelos ap\u00f3s nadar"}]},{"@type":"WebSite","@id":"https:\/\/artigos.abelacosmetics.com\/#website","url":"https:\/\/artigos.abelacosmetics.com\/","name":"Abela Cosmetics","description":"Cuidados para Cabelos \u00danicos","publisher":{"@id":"https:\/\/artigos.abelacosmetics.com\/#organization"},"potentialAction":[{"@type":"SearchAction","target":{"@type":"EntryPoint","urlTemplate":"https:\/\/artigos.abelacosmetics.com\/?s={search_term_string}"},"query-input":{"@type":"PropertyValueSpecification","valueRequired":true,"valueName":"search_term_string"}}],"inLanguage":"en-US"},{"@type":"Organization","@id":"https:\/\/artigos.abelacosmetics.com\/#organization","name":"Abela Cosmetics","url":"https:\/\/artigos.abelacosmetics.com\/","logo":{"@type":"ImageObject","inLanguage":"en-US","@id":"https:\/\/artigos.abelacosmetics.com\/#\/schema\/logo\/image\/","url":"https:\/\/artigos.abelacosmetics.com\/wp-content\/uploads\/2023\/02\/logo-abela.png","contentUrl":"https:\/\/artigos.abelacosmetics.com\/wp-content\/uploads\/2023\/02\/logo-abela.png","width":183,"height":90,"caption":"Abela Cosmetics"},"image":{"@id":"https:\/\/artigos.abelacosmetics.com\/#\/schema\/logo\/image\/"},"sameAs":["https:\/\/www.facebook.com\/abelacosmetics"]},{"@type":"Person","@id":"https:\/\/artigos.abelacosmetics.com\/#\/schema\/person\/675710be590edb47293978092f4e20f4","name":"admin","image":{"@type":"ImageObject","inLanguage":"en-US","@id":"https:\/\/artigos.abelacosmetics.com\/#\/schema\/person\/image\/","url":"https:\/\/secure.gravatar.com\/avatar\/ce9ccc2de538d30bcc33874c5a730e8e078e64fce402cb3cf0668a7439a0e654?s=96&d=mm&r=g","contentUrl":"https:\/\/secure.gravatar.com\/avatar\/ce9ccc2de538d30bcc33874c5a730e8e078e64fce402cb3cf0668a7439a0e654?s=96&d=mm&r=g","caption":"admin"},"sameAs":["http:\/\/localhost\/abela-cosmetic"],"url":"https:\/\/artigos.abelacosmetics.com\/en\/author\/admin\/"}]}},"_links":{"self":[{"href":"https:\/\/artigos.abelacosmetics.com\/en\/wp-json\/wp\/v2\/posts\/1163","targetHints":{"allow":["GET"]}}],"collection":[{"href":"https:\/\/artigos.abelacosmetics.com\/en\/wp-json\/wp\/v2\/posts"}],"about":[{"href":"https:\/\/artigos.abelacosmetics.com\/en\/wp-json\/wp\/v2\/types\/post"}],"author":[{"embeddable":true,"href":"https:\/\/artigos.abelacosmetics.com\/en\/wp-json\/wp\/v2\/users\/1"}],"replies":[{"embeddable":true,"href":"https:\/\/artigos.abelacosmetics.com\/en\/wp-json\/wp\/v2\/comments?post=1163"}],"version-history":[{"count":12,"href":"https:\/\/artigos.abelacosmetics.com\/en\/wp-json\/wp\/v2\/posts\/1163\/revisions"}],"predecessor-version":[{"id":2251,"href":"https:\/\/artigos.abelacosmetics.com\/en\/wp-json\/wp\/v2\/posts\/1163\/revisions\/2251"}],"wp:featuredmedia":[{"embeddable":true,"href":"https:\/\/artigos.abelacosmetics.com\/en\/wp-json\/wp\/v2\/media\/1164"}],"wp:attachment":[{"href":"https:\/\/artigos.abelacosmetics.com\/en\/wp-json\/wp\/v2\/media?parent=1163"}],"wp:term":[{"taxonomy":"category","embeddable":true,"href":"https:\/\/artigos.abelacosmetics.com\/en\/wp-json\/wp\/v2\/categories?post=1163"},{"taxonomy":"post_tag","embeddable":true,"href":"https:\/\/artigos.abelacosmetics.com\/en\/wp-json\/wp\/v2\/tags?post=1163"}],"curies":[{"name":"wp","href":"https:\/\/api.w.org\/{rel}","templated":true}]}}