{"id":1083,"date":"2022-08-25T09:17:44","date_gmt":"2022-08-25T12:17:44","guid":{"rendered":"https:\/\/artigos.abelacosmetics.com\/?p=1083"},"modified":"2023-01-05T18:01:35","modified_gmt":"2023-01-05T21:01:35","slug":"cuidados-com-os-cabelos-no-frio","status":"publish","type":"post","link":"https:\/\/artigos.abelacosmetics.com\/en\/cuidados-com-os-cabelos-no-frio\/","title":{"rendered":"Cuidados com os cabelos no frio"},"content":{"rendered":"<p>&nbsp;<\/p>\n<p>&nbsp;<\/p>\n<p>Geralmente as mulheres se preocupam em cuidar dos cabelos no ver\u00e3o, onde o clima quente deixa nosso cabelo mais ressecado, quebradi\u00e7o e sujo, mas o inverno tamb\u00e9m exige cuidados.<\/p>\n<p>&nbsp;<\/p>\n<audio class=\"wp-audio-shortcode\" id=\"audio-1083-1\" preload=\"none\" style=\"width: 100%;\" controls=\"controls\"><source type=\"audio\/mpeg\" src=\"https:\/\/artigos.abelacosmetics.com\/wp-content\/uploads\/2022\/08\/Cuidados-com-os-cabelos-no-frio-1.mp3?_=1\" \/><a href=\"https:\/\/artigos.abelacosmetics.com\/wp-content\/uploads\/2022\/08\/Cuidados-com-os-cabelos-no-frio-1.mp3\">https:\/\/artigos.abelacosmetics.com\/wp-content\/uploads\/2022\/08\/Cuidados-com-os-cabelos-no-frio-1.mp3<\/a><\/audio>\n<p>&nbsp;<\/p>\n<p>Embora muita gente n\u00e3o perceba, os dias frios tamb\u00e9m prejudicam nosso cabelo.<\/p>\n<p>O frio desidrata a pele e tamb\u00e9m o couro cabeludo. Se estiver muito frio, o cabelo tamb\u00e9m pode cair mais f\u00e1cil, e fica mais opaco e sem vida.<\/p>\n<p>Mas para evitar que isso aconte\u00e7a, h\u00e1 algumas atitudes simples que minimizam esse quadro. Vamos ver quais s\u00e3o?<\/p>\n<p><img loading=\"lazy\" decoding=\"async\" class=\"alignnone wp-image-1085\" src=\"https:\/\/artigos.abelacosmetics.com\/wp-content\/uploads\/2022\/08\/2-1-300x169.jpg\" alt=\"\" width=\"1221\" height=\"688\" srcset=\"https:\/\/artigos.abelacosmetics.com\/wp-content\/uploads\/2022\/08\/2-1-300x169.jpg 300w, https:\/\/artigos.abelacosmetics.com\/wp-content\/uploads\/2022\/08\/2-1-1024x576.jpg 1024w, https:\/\/artigos.abelacosmetics.com\/wp-content\/uploads\/2022\/08\/2-1-768x432.jpg 768w, https:\/\/artigos.abelacosmetics.com\/wp-content\/uploads\/2022\/08\/2-1-1536x864.jpg 1536w, https:\/\/artigos.abelacosmetics.com\/wp-content\/uploads\/2022\/08\/2-1-18x10.jpg 18w, https:\/\/artigos.abelacosmetics.com\/wp-content\/uploads\/2022\/08\/2-1.jpg 1920w\" sizes=\"auto, (max-width: 1221px) 100vw, 1221px\" \/><\/p>\n<h2><strong>Lave os cabelos com frequ\u00eancia<\/strong><\/h2>\n<p>Por conta do frio muitas pessoas deixam de lavar os fios constantemente, e isso \u00e9 um erro pois os fios sujos tendem a cair mais facilmente, e ficam com menos brilho e n\u00e3o saud\u00e1veis.<\/p>\n<p>O ideal \u00e9 criar uma rotina para lavar o cabelo de acordo com o tipo. Se ele for oleoso, lave todos os dias, e se for seco, lave pelo menos tr\u00eas vezes por semana.<\/p>\n<h2><strong>Evite tomar banho muito quente<\/strong><\/h2>\n<p>Em dias mais frios somos tentados a deixar a \u00e1gua em uma temperatura bem quente e isso \u00e9 um problema, pois aumenta a oleosidade do couro cabeludo.<\/p>\n<p>A \u00e1gua muito quente tamb\u00e9m abre as cut\u00edculas, quebrando os frios e tira o brilho do cabelo. Se voc\u00ea n\u00e3o conseguir tomar banho em uma temperatura mais amena, tente pelo menos finalizar a limpeza com \u00e1gua fria, pois isso ir\u00e1 fechar as cut\u00edculas.<\/p>\n<p>Uma dica valiosa? Enrole-se na toalha e enxague a cabe\u00e7a com \u00e1gua fria com o chuveirinho. Assim voc\u00ea n\u00e3o sentir\u00e1 tanto frio.<\/p>\n<p>Sempre que puder, lave os cabelos no sal\u00e3o de beleza, onde o profissional pode oferecer servi\u00e7os de controle da oleosidade, que poder\u00e3o ser mantidos em casa, conforme indica\u00e7\u00e3o do cabeleireiro.<\/p>\n<p><img loading=\"lazy\" decoding=\"async\" class=\"alignnone wp-image-1086\" src=\"https:\/\/artigos.abelacosmetics.com\/wp-content\/uploads\/2022\/08\/3-1-300x169.jpg\" alt=\"\" width=\"1152\" height=\"649\" srcset=\"https:\/\/artigos.abelacosmetics.com\/wp-content\/uploads\/2022\/08\/3-1-300x169.jpg 300w, https:\/\/artigos.abelacosmetics.com\/wp-content\/uploads\/2022\/08\/3-1-1024x576.jpg 1024w, https:\/\/artigos.abelacosmetics.com\/wp-content\/uploads\/2022\/08\/3-1-768x432.jpg 768w, https:\/\/artigos.abelacosmetics.com\/wp-content\/uploads\/2022\/08\/3-1-1536x864.jpg 1536w, https:\/\/artigos.abelacosmetics.com\/wp-content\/uploads\/2022\/08\/3-1-18x10.jpg 18w, https:\/\/artigos.abelacosmetics.com\/wp-content\/uploads\/2022\/08\/3-1.jpg 1920w\" sizes=\"auto, (max-width: 1152px) 100vw, 1152px\" \/><\/p>\n<h2><strong>Use condicionador<\/strong><\/h2>\n<p>O condicionador \u00e9 um grande aliado no frio, pois ele sela as cut\u00edculas, deixando o cabelo com mais maciez e brilho.<\/p>\n<p>Mas procure usar um produto adequado ao seu tipo de cabelo, e tamb\u00e9m fique atento ao tempo para deixar o produto agindo no cabelo. Assim, as subst\u00e2ncias ser\u00e3o absorvidas de forma correta e poder\u00e3o fazer o efeito desejado.<\/p>\n<h2><strong>Seque bem o cabelo<\/strong><\/h2>\n<p>Outra dica importante de como cuidar dos cabelos no inverno \u00e9 secar bem os fios.<\/p>\n<p>Evite sair com o cabelo molhado e \u00famido, pois quando isso ocorre e a temperatura est\u00e1 baixa, a \u00e1gua n\u00e3o evapora e o couro cabeludo fica encharcado por mais tempo.<\/p>\n<p>Isso fragiliza o cabelo, faz com que ele quebre mais e favorece o surgimento de caspa, seborreia e micoses.<\/p>\n<p><img loading=\"lazy\" decoding=\"async\" class=\"alignnone wp-image-1087\" src=\"https:\/\/artigos.abelacosmetics.com\/wp-content\/uploads\/2022\/08\/4-300x169.jpg\" alt=\"\" width=\"1118\" height=\"630\" srcset=\"https:\/\/artigos.abelacosmetics.com\/wp-content\/uploads\/2022\/08\/4-300x169.jpg 300w, https:\/\/artigos.abelacosmetics.com\/wp-content\/uploads\/2022\/08\/4-1024x576.jpg 1024w, https:\/\/artigos.abelacosmetics.com\/wp-content\/uploads\/2022\/08\/4-768x432.jpg 768w, https:\/\/artigos.abelacosmetics.com\/wp-content\/uploads\/2022\/08\/4-1536x864.jpg 1536w, https:\/\/artigos.abelacosmetics.com\/wp-content\/uploads\/2022\/08\/4-18x10.jpg 18w, https:\/\/artigos.abelacosmetics.com\/wp-content\/uploads\/2022\/08\/4.jpg 1920w\" sizes=\"auto, (max-width: 1118px) 100vw, 1118px\" \/><\/p>\n<h2><strong>Evite usar acess\u00f3rios<\/strong><\/h2>\n<p>Nos dias quentes, o uso de bon\u00e9 \u00e9 um grande inimigo da sa\u00fade do cabelo. O bon\u00e9 esquenta o couro cabeludo, aumenta a produ\u00e7\u00e3o de suor e impede a evapora\u00e7\u00e3o.<\/p>\n<p>Se voc\u00ea acha que no inverno isso n\u00e3o ocorre, est\u00e1 enganado. As pessoas costumam usar mais chap\u00e9u e gorros e eles acabam causando problemas iguais aos do bon\u00e9: ret\u00e9m a umidade, esquenta o couro cabeludo e impede a respira\u00e7\u00e3o adequada.<\/p>\n<p>Mas se voc\u00ea quer muito usar um acess\u00f3rio no cabelo, tome cuidado para que sejam confort\u00e1veis, assim voc\u00ea evita que cause esses problemas e tamb\u00e9m garante que n\u00e3o apertem demais a cabe\u00e7a, o que causa a quebra dos fios com a press\u00e3o.<\/p>\n<h2><strong>Hidrate os cabelos<\/strong><\/h2>\n<p>Hidratar os cabelos \u00e9 fundamental em dias frios. Fa\u00e7a uma hidrata\u00e7\u00e3o semanal ou pelo menos de quinze em quinze dias.<\/p>\n<p>A hidrata\u00e7\u00e3o ajuda a manter o brilho e a sa\u00fade dos fios, deixando-os mais sedosos.<\/p>\n<p>Usando produtos de qualidade, voc\u00ea pode fazer uma hidrata\u00e7\u00e3o at\u00e9 mesmo na sua casa, mas nada melhor que um bom profissional para indicar o tipo correto de produto para voc\u00ea usar no seu cabelo, e principalmente como us\u00e1-lo em casa.<\/p>\n<p>Se seu cabelo \u00e9 do tipo seco ou normal, voc\u00ea pode aplicar o creme mais pr\u00f3ximo da raiz. Se o seu cabelo for muito oleoso, n\u00e3o aplique o produto perto da raiz, deixe alguns cent\u00edmetros de dist\u00e2ncia do couro cabeludo.<\/p>\n<p>Outra coisa que ajuda bastante tamb\u00e9m \u00e9 a massagem. Fa\u00e7a movimentos suaves e circulares em toda a cabe\u00e7a para garantir que as subst\u00e2ncias do produto penetrem melhor nas cut\u00edculas e fa\u00e7am o efeito desejado.<\/p>\n<p><img loading=\"lazy\" decoding=\"async\" class=\"alignnone wp-image-1088\" src=\"https:\/\/artigos.abelacosmetics.com\/wp-content\/uploads\/2022\/08\/5-300x169.jpg\" alt=\"\" width=\"1214\" height=\"684\" srcset=\"https:\/\/artigos.abelacosmetics.com\/wp-content\/uploads\/2022\/08\/5-300x169.jpg 300w, https:\/\/artigos.abelacosmetics.com\/wp-content\/uploads\/2022\/08\/5-1024x576.jpg 1024w, https:\/\/artigos.abelacosmetics.com\/wp-content\/uploads\/2022\/08\/5-768x432.jpg 768w, https:\/\/artigos.abelacosmetics.com\/wp-content\/uploads\/2022\/08\/5-1536x864.jpg 1536w, https:\/\/artigos.abelacosmetics.com\/wp-content\/uploads\/2022\/08\/5-18x10.jpg 18w, https:\/\/artigos.abelacosmetics.com\/wp-content\/uploads\/2022\/08\/5.jpg 1920w\" sizes=\"auto, (max-width: 1214px) 100vw, 1214px\" \/><\/p>\n<h2><strong>Tenha uma dieta equilibrada e alimente-se bem<\/strong><\/h2>\n<p>A alimenta\u00e7\u00e3o faz parte de uma boa sa\u00fade para os cabelos, no ano todo, mas no inverno ela tamb\u00e9m \u00e9 importante.<\/p>\n<p>A vitamina A \u00e9 essencial para o cabelo, e o ferro e zinco s\u00e3o minerais essenciais, que deixam o cabelo com um brilho mais forte.<\/p>\n<p>Al\u00e9m disso, lembre-se de beber muita \u00e1gua, pois nos dias frios muitas pessoas se esquecem disso.<\/p>\n<p>&nbsp;<\/p>\n<p><img loading=\"lazy\" decoding=\"async\" class=\"alignnone wp-image-1089\" src=\"https:\/\/artigos.abelacosmetics.com\/wp-content\/uploads\/2022\/08\/6-300x169.jpg\" alt=\"\" width=\"1211\" height=\"682\" srcset=\"https:\/\/artigos.abelacosmetics.com\/wp-content\/uploads\/2022\/08\/6-300x169.jpg 300w, https:\/\/artigos.abelacosmetics.com\/wp-content\/uploads\/2022\/08\/6-1024x576.jpg 1024w, https:\/\/artigos.abelacosmetics.com\/wp-content\/uploads\/2022\/08\/6-768x432.jpg 768w, https:\/\/artigos.abelacosmetics.com\/wp-content\/uploads\/2022\/08\/6-1536x864.jpg 1536w, https:\/\/artigos.abelacosmetics.com\/wp-content\/uploads\/2022\/08\/6-18x10.jpg 18w, https:\/\/artigos.abelacosmetics.com\/wp-content\/uploads\/2022\/08\/6.jpg 1920w\" sizes=\"auto, (max-width: 1211px) 100vw, 1211px\" \/><\/p>\n<h2><strong>Cabelos com qu\u00edmica precisam de cuidados especiais<\/strong><\/h2>\n<p>Se voc\u00ea tem tinta no cabelo, principalmente em tom quente, como o marrom acobreado, vermelho intenso, ou com tons de dourado, voc\u00ea precisa de um cuidado maior para manter a cor vibrante.<\/p>\n<p>Os produtos antioxidantes s\u00e3o \u00f3timos para se usar no inverno, pois formam uma pel\u00edcula protetora que deixam a cor mais brilhante e viva, al\u00e9m de proteger o cabelo.<\/p>\n<h2><strong>Passe protetor solar<\/strong><\/h2>\n<p>N\u00e3o \u00e9 porque est\u00e1 frio que voc\u00ea vai esquecer de passar filtro solar. E n\u00e3o s\u00f3 a sua pele, mas tamb\u00e9m seu cabelo precisa de prote\u00e7\u00e3o.<\/p>\n<p>Adquira produtos de qualidade que venham com filtro solar, e lembre-se de passar a quantidade recomendada no r\u00f3tulo, para que o excesso n\u00e3o deixe o couro cabeludo abafado ou oleoso.<\/p>\n<p>Se o seu cabelo est\u00e1 muito danificado no inverno, n\u00e3o entre em desespero.<\/p>\n<p>\u00c9 poss\u00edvel recuperar os fios, e por isso invista em hidrata\u00e7\u00e3o, nutri\u00e7\u00e3o e reconstru\u00e7\u00e3o capilar, pois isso vai trazer seus cabelos de volta \u00e0 vida com muito mais for\u00e7a e resist\u00eancia.<\/p>\n<p>Quem tem cabelo cacheado ou crespo deve investir na umecta\u00e7\u00e3o capilar com fluidos reconstrutores e \u00f3leos de extratos naturais.<\/p>\n<p>Se voc\u00ea tem cabelo liso ou ondulado, aposte em produtos de cuidados profundos, sem pesar nos fios.<\/p>\n<p>Essas s\u00e3o nossas dicas para cuidar dos cabelos no frio. Aproveite e n\u00e3o deixe seus fios ficarem opacos e maltratados.<\/p>","protected":false},"excerpt":{"rendered":"<p>&nbsp; &nbsp; Geralmente as mulheres se preocupam em cuidar dos cabelos no ver\u00e3o, onde o clima quente deixa nosso cabelo mais ressecado, quebradi\u00e7o e sujo, mas o inverno tamb\u00e9m exige cuidados. &nbsp; &nbsp; Embora muita gente n\u00e3o perceba, os dias frios tamb\u00e9m prejudicam nosso cabelo. O frio desidrata a pele e tamb\u00e9m o couro cabeludo. [&hellip;]<\/p>","protected":false},"author":1,"featured_media":1084,"comment_status":"open","ping_status":"open","sticky":false,"template":"","format":"standard","meta":{"_acf_changed":false,"_mo_disable_npp":"","inline_featured_image":false,"footnotes":""},"categories":[32,30],"tags":[],"class_list":["post-1083","post","type-post","status-publish","format-standard","has-post-thumbnail","hentry","category-informacoes","category-conheca-seus-cabelos"],"acf":[],"yoast_head":"<!-- This site is optimized with the Yoast SEO Premium plugin v19.2.1 (Yoast SEO v26.9) - https:\/\/yoast.com\/product\/yoast-seo-premium-wordpress\/ -->\n<title>Cuidados com os cabelos no frio - Abela Cosmetics<\/title>\n<meta name=\"description\" content=\"Seus cabelos merecem cuidados especiais no frio. Saiba o que precisa fazer para manter seus cabelos bem cuidados durante o inverno.\" \/>\n<meta name=\"robots\" content=\"index, follow, max-snippet:-1, max-image-preview:large, max-video-preview:-1\" \/>\n<link rel=\"canonical\" href=\"https:\/\/artigos.abelacosmetics.com\/en\/cuidados-com-os-cabelos-no-frio\/\" \/>\n<meta property=\"og:locale\" content=\"en_US\" \/>\n<meta property=\"og:type\" content=\"article\" \/>\n<meta property=\"og:title\" content=\"Cuidados com os cabelos no frio\" \/>\n<meta property=\"og:description\" content=\"Seus cabelos merecem cuidados especiais no frio. Saiba o que precisa fazer para manter seus cabelos bem cuidados durante o inverno.\" \/>\n<meta property=\"og:url\" content=\"https:\/\/artigos.abelacosmetics.com\/en\/cuidados-com-os-cabelos-no-frio\/\" \/>\n<meta property=\"og:site_name\" content=\"Abela Cosmetics\" \/>\n<meta property=\"article:publisher\" content=\"https:\/\/www.facebook.com\/abelacosmetics\" \/>\n<meta property=\"article:published_time\" content=\"2022-08-25T12:17:44+00:00\" \/>\n<meta property=\"article:modified_time\" content=\"2023-01-05T21:01:35+00:00\" \/>\n<meta property=\"og:image\" content=\"https:\/\/artigos.abelacosmetics.com\/wp-content\/uploads\/2022\/08\/Design-sem-nome-2.png\" \/>\n\t<meta property=\"og:image:width\" content=\"850\" \/>\n\t<meta property=\"og:image:height\" content=\"600\" \/>\n\t<meta property=\"og:image:type\" content=\"image\/png\" \/>\n<meta name=\"author\" content=\"admin\" \/>\n<meta name=\"twitter:card\" content=\"summary_large_image\" \/>\n<meta name=\"twitter:label1\" content=\"Written by\" \/>\n\t<meta name=\"twitter:data1\" content=\"admin\" \/>\n\t<meta name=\"twitter:label2\" content=\"Est. reading time\" \/>\n\t<meta name=\"twitter:data2\" content=\"7 minutes\" \/>\n<script type=\"application\/ld+json\" class=\"yoast-schema-graph\">{\"@context\":\"https:\/\/schema.org\",\"@graph\":[{\"@type\":\"Article\",\"@id\":\"https:\/\/artigos.abelacosmetics.com\/cuidados-com-os-cabelos-no-frio\/#article\",\"isPartOf\":{\"@id\":\"https:\/\/artigos.abelacosmetics.com\/cuidados-com-os-cabelos-no-frio\/\"},\"author\":{\"name\":\"admin\",\"@id\":\"https:\/\/artigos.abelacosmetics.com\/#\/schema\/person\/675710be590edb47293978092f4e20f4\"},\"headline\":\"Cuidados com os cabelos no frio\",\"datePublished\":\"2022-08-25T12:17:44+00:00\",\"dateModified\":\"2023-01-05T21:01:35+00:00\",\"mainEntityOfPage\":{\"@id\":\"https:\/\/artigos.abelacosmetics.com\/cuidados-com-os-cabelos-no-frio\/\"},\"wordCount\":1071,\"commentCount\":0,\"publisher\":{\"@id\":\"https:\/\/artigos.abelacosmetics.com\/#organization\"},\"image\":{\"@id\":\"https:\/\/artigos.abelacosmetics.com\/cuidados-com-os-cabelos-no-frio\/#primaryimage\"},\"thumbnailUrl\":\"https:\/\/artigos.abelacosmetics.com\/wp-content\/uploads\/2022\/08\/Design-sem-nome-2.png\",\"articleSection\":[\"Informa\u00e7\u00f5es\",\"Conhe\u00e7a seus cabelos\"],\"inLanguage\":\"en-US\",\"potentialAction\":[{\"@type\":\"CommentAction\",\"name\":\"Comment\",\"target\":[\"https:\/\/artigos.abelacosmetics.com\/cuidados-com-os-cabelos-no-frio\/#respond\"]}]},{\"@type\":\"WebPage\",\"@id\":\"https:\/\/artigos.abelacosmetics.com\/cuidados-com-os-cabelos-no-frio\/\",\"url\":\"https:\/\/artigos.abelacosmetics.com\/cuidados-com-os-cabelos-no-frio\/\",\"name\":\"Cuidados com os cabelos no frio - Abela Cosmetics\",\"isPartOf\":{\"@id\":\"https:\/\/artigos.abelacosmetics.com\/#website\"},\"primaryImageOfPage\":{\"@id\":\"https:\/\/artigos.abelacosmetics.com\/cuidados-com-os-cabelos-no-frio\/#primaryimage\"},\"image\":{\"@id\":\"https:\/\/artigos.abelacosmetics.com\/cuidados-com-os-cabelos-no-frio\/#primaryimage\"},\"thumbnailUrl\":\"https:\/\/artigos.abelacosmetics.com\/wp-content\/uploads\/2022\/08\/Design-sem-nome-2.png\",\"datePublished\":\"2022-08-25T12:17:44+00:00\",\"dateModified\":\"2023-01-05T21:01:35+00:00\",\"description\":\"Seus cabelos merecem cuidados especiais no frio. Saiba o que precisa fazer para manter seus cabelos bem cuidados durante o inverno.\",\"breadcrumb\":{\"@id\":\"https:\/\/artigos.abelacosmetics.com\/cuidados-com-os-cabelos-no-frio\/#breadcrumb\"},\"inLanguage\":\"en-US\",\"potentialAction\":[{\"@type\":\"ReadAction\",\"target\":[\"https:\/\/artigos.abelacosmetics.com\/cuidados-com-os-cabelos-no-frio\/\"]}]},{\"@type\":\"ImageObject\",\"inLanguage\":\"en-US\",\"@id\":\"https:\/\/artigos.abelacosmetics.com\/cuidados-com-os-cabelos-no-frio\/#primaryimage\",\"url\":\"https:\/\/artigos.abelacosmetics.com\/wp-content\/uploads\/2022\/08\/Design-sem-nome-2.png\",\"contentUrl\":\"https:\/\/artigos.abelacosmetics.com\/wp-content\/uploads\/2022\/08\/Design-sem-nome-2.png\",\"width\":850,\"height\":600},{\"@type\":\"BreadcrumbList\",\"@id\":\"https:\/\/artigos.abelacosmetics.com\/cuidados-com-os-cabelos-no-frio\/#breadcrumb\",\"itemListElement\":[{\"@type\":\"ListItem\",\"position\":1,\"name\":\"In\u00edcio\",\"item\":\"https:\/\/artigos.abelacosmetics.com\/\"},{\"@type\":\"ListItem\",\"position\":2,\"name\":\"Cuidados com os cabelos no frio\"}]},{\"@type\":\"WebSite\",\"@id\":\"https:\/\/artigos.abelacosmetics.com\/#website\",\"url\":\"https:\/\/artigos.abelacosmetics.com\/\",\"name\":\"Abela Cosmetics\",\"description\":\"Cuidados para Cabelos \u00danicos\",\"publisher\":{\"@id\":\"https:\/\/artigos.abelacosmetics.com\/#organization\"},\"potentialAction\":[{\"@type\":\"SearchAction\",\"target\":{\"@type\":\"EntryPoint\",\"urlTemplate\":\"https:\/\/artigos.abelacosmetics.com\/?s={search_term_string}\"},\"query-input\":{\"@type\":\"PropertyValueSpecification\",\"valueRequired\":true,\"valueName\":\"search_term_string\"}}],\"inLanguage\":\"en-US\"},{\"@type\":\"Organization\",\"@id\":\"https:\/\/artigos.abelacosmetics.com\/#organization\",\"name\":\"Abela Cosmetics\",\"url\":\"https:\/\/artigos.abelacosmetics.com\/\",\"logo\":{\"@type\":\"ImageObject\",\"inLanguage\":\"en-US\",\"@id\":\"https:\/\/artigos.abelacosmetics.com\/#\/schema\/logo\/image\/\",\"url\":\"https:\/\/artigos.abelacosmetics.com\/wp-content\/uploads\/2023\/02\/logo-abela.png\",\"contentUrl\":\"https:\/\/artigos.abelacosmetics.com\/wp-content\/uploads\/2023\/02\/logo-abela.png\",\"width\":183,\"height\":90,\"caption\":\"Abela Cosmetics\"},\"image\":{\"@id\":\"https:\/\/artigos.abelacosmetics.com\/#\/schema\/logo\/image\/\"},\"sameAs\":[\"https:\/\/www.facebook.com\/abelacosmetics\"]},{\"@type\":\"Person\",\"@id\":\"https:\/\/artigos.abelacosmetics.com\/#\/schema\/person\/675710be590edb47293978092f4e20f4\",\"name\":\"admin\",\"image\":{\"@type\":\"ImageObject\",\"inLanguage\":\"en-US\",\"@id\":\"https:\/\/artigos.abelacosmetics.com\/#\/schema\/person\/image\/\",\"url\":\"https:\/\/secure.gravatar.com\/avatar\/ce9ccc2de538d30bcc33874c5a730e8e078e64fce402cb3cf0668a7439a0e654?s=96&d=mm&r=g\",\"contentUrl\":\"https:\/\/secure.gravatar.com\/avatar\/ce9ccc2de538d30bcc33874c5a730e8e078e64fce402cb3cf0668a7439a0e654?s=96&d=mm&r=g\",\"caption\":\"admin\"},\"sameAs\":[\"http:\/\/localhost\/abela-cosmetic\"],\"url\":\"https:\/\/artigos.abelacosmetics.com\/en\/author\/admin\/\"}]}<\/script>\n<!-- \/ Yoast SEO Premium plugin. -->","yoast_head_json":{"title":"Cuidados com os cabelos no frio - Abela Cosmetics","description":"Seus cabelos merecem cuidados especiais no frio. Saiba o que precisa fazer para manter seus cabelos bem cuidados durante o inverno.","robots":{"index":"index","follow":"follow","max-snippet":"max-snippet:-1","max-image-preview":"max-image-preview:large","max-video-preview":"max-video-preview:-1"},"canonical":"https:\/\/artigos.abelacosmetics.com\/en\/cuidados-com-os-cabelos-no-frio\/","og_locale":"en_US","og_type":"article","og_title":"Cuidados com os cabelos no frio","og_description":"Seus cabelos merecem cuidados especiais no frio. Saiba o que precisa fazer para manter seus cabelos bem cuidados durante o inverno.","og_url":"https:\/\/artigos.abelacosmetics.com\/en\/cuidados-com-os-cabelos-no-frio\/","og_site_name":"Abela Cosmetics","article_publisher":"https:\/\/www.facebook.com\/abelacosmetics","article_published_time":"2022-08-25T12:17:44+00:00","article_modified_time":"2023-01-05T21:01:35+00:00","og_image":[{"width":850,"height":600,"url":"https:\/\/artigos.abelacosmetics.com\/wp-content\/uploads\/2022\/08\/Design-sem-nome-2.png","type":"image\/png"}],"author":"admin","twitter_card":"summary_large_image","twitter_misc":{"Written by":"admin","Est. reading time":"7 minutes"},"schema":{"@context":"https:\/\/schema.org","@graph":[{"@type":"Article","@id":"https:\/\/artigos.abelacosmetics.com\/cuidados-com-os-cabelos-no-frio\/#article","isPartOf":{"@id":"https:\/\/artigos.abelacosmetics.com\/cuidados-com-os-cabelos-no-frio\/"},"author":{"name":"admin","@id":"https:\/\/artigos.abelacosmetics.com\/#\/schema\/person\/675710be590edb47293978092f4e20f4"},"headline":"Cuidados com os cabelos no frio","datePublished":"2022-08-25T12:17:44+00:00","dateModified":"2023-01-05T21:01:35+00:00","mainEntityOfPage":{"@id":"https:\/\/artigos.abelacosmetics.com\/cuidados-com-os-cabelos-no-frio\/"},"wordCount":1071,"commentCount":0,"publisher":{"@id":"https:\/\/artigos.abelacosmetics.com\/#organization"},"image":{"@id":"https:\/\/artigos.abelacosmetics.com\/cuidados-com-os-cabelos-no-frio\/#primaryimage"},"thumbnailUrl":"https:\/\/artigos.abelacosmetics.com\/wp-content\/uploads\/2022\/08\/Design-sem-nome-2.png","articleSection":["Informa\u00e7\u00f5es","Conhe\u00e7a seus cabelos"],"inLanguage":"en-US","potentialAction":[{"@type":"CommentAction","name":"Comment","target":["https:\/\/artigos.abelacosmetics.com\/cuidados-com-os-cabelos-no-frio\/#respond"]}]},{"@type":"WebPage","@id":"https:\/\/artigos.abelacosmetics.com\/cuidados-com-os-cabelos-no-frio\/","url":"https:\/\/artigos.abelacosmetics.com\/cuidados-com-os-cabelos-no-frio\/","name":"Cuidados com os cabelos no frio - Abela Cosmetics","isPartOf":{"@id":"https:\/\/artigos.abelacosmetics.com\/#website"},"primaryImageOfPage":{"@id":"https:\/\/artigos.abelacosmetics.com\/cuidados-com-os-cabelos-no-frio\/#primaryimage"},"image":{"@id":"https:\/\/artigos.abelacosmetics.com\/cuidados-com-os-cabelos-no-frio\/#primaryimage"},"thumbnailUrl":"https:\/\/artigos.abelacosmetics.com\/wp-content\/uploads\/2022\/08\/Design-sem-nome-2.png","datePublished":"2022-08-25T12:17:44+00:00","dateModified":"2023-01-05T21:01:35+00:00","description":"Seus cabelos merecem cuidados especiais no frio. Saiba o que precisa fazer para manter seus cabelos bem cuidados durante o inverno.","breadcrumb":{"@id":"https:\/\/artigos.abelacosmetics.com\/cuidados-com-os-cabelos-no-frio\/#breadcrumb"},"inLanguage":"en-US","potentialAction":[{"@type":"ReadAction","target":["https:\/\/artigos.abelacosmetics.com\/cuidados-com-os-cabelos-no-frio\/"]}]},{"@type":"ImageObject","inLanguage":"en-US","@id":"https:\/\/artigos.abelacosmetics.com\/cuidados-com-os-cabelos-no-frio\/#primaryimage","url":"https:\/\/artigos.abelacosmetics.com\/wp-content\/uploads\/2022\/08\/Design-sem-nome-2.png","contentUrl":"https:\/\/artigos.abelacosmetics.com\/wp-content\/uploads\/2022\/08\/Design-sem-nome-2.png","width":850,"height":600},{"@type":"BreadcrumbList","@id":"https:\/\/artigos.abelacosmetics.com\/cuidados-com-os-cabelos-no-frio\/#breadcrumb","itemListElement":[{"@type":"ListItem","position":1,"name":"In\u00edcio","item":"https:\/\/artigos.abelacosmetics.com\/"},{"@type":"ListItem","position":2,"name":"Cuidados com os cabelos no frio"}]},{"@type":"WebSite","@id":"https:\/\/artigos.abelacosmetics.com\/#website","url":"https:\/\/artigos.abelacosmetics.com\/","name":"Abela Cosmetics","description":"Cuidados para Cabelos \u00danicos","publisher":{"@id":"https:\/\/artigos.abelacosmetics.com\/#organization"},"potentialAction":[{"@type":"SearchAction","target":{"@type":"EntryPoint","urlTemplate":"https:\/\/artigos.abelacosmetics.com\/?s={search_term_string}"},"query-input":{"@type":"PropertyValueSpecification","valueRequired":true,"valueName":"search_term_string"}}],"inLanguage":"en-US"},{"@type":"Organization","@id":"https:\/\/artigos.abelacosmetics.com\/#organization","name":"Abela Cosmetics","url":"https:\/\/artigos.abelacosmetics.com\/","logo":{"@type":"ImageObject","inLanguage":"en-US","@id":"https:\/\/artigos.abelacosmetics.com\/#\/schema\/logo\/image\/","url":"https:\/\/artigos.abelacosmetics.com\/wp-content\/uploads\/2023\/02\/logo-abela.png","contentUrl":"https:\/\/artigos.abelacosmetics.com\/wp-content\/uploads\/2023\/02\/logo-abela.png","width":183,"height":90,"caption":"Abela Cosmetics"},"image":{"@id":"https:\/\/artigos.abelacosmetics.com\/#\/schema\/logo\/image\/"},"sameAs":["https:\/\/www.facebook.com\/abelacosmetics"]},{"@type":"Person","@id":"https:\/\/artigos.abelacosmetics.com\/#\/schema\/person\/675710be590edb47293978092f4e20f4","name":"admin","image":{"@type":"ImageObject","inLanguage":"en-US","@id":"https:\/\/artigos.abelacosmetics.com\/#\/schema\/person\/image\/","url":"https:\/\/secure.gravatar.com\/avatar\/ce9ccc2de538d30bcc33874c5a730e8e078e64fce402cb3cf0668a7439a0e654?s=96&d=mm&r=g","contentUrl":"https:\/\/secure.gravatar.com\/avatar\/ce9ccc2de538d30bcc33874c5a730e8e078e64fce402cb3cf0668a7439a0e654?s=96&d=mm&r=g","caption":"admin"},"sameAs":["http:\/\/localhost\/abela-cosmetic"],"url":"https:\/\/artigos.abelacosmetics.com\/en\/author\/admin\/"}]}},"_links":{"self":[{"href":"https:\/\/artigos.abelacosmetics.com\/en\/wp-json\/wp\/v2\/posts\/1083","targetHints":{"allow":["GET"]}}],"collection":[{"href":"https:\/\/artigos.abelacosmetics.com\/en\/wp-json\/wp\/v2\/posts"}],"about":[{"href":"https:\/\/artigos.abelacosmetics.com\/en\/wp-json\/wp\/v2\/types\/post"}],"author":[{"embeddable":true,"href":"https:\/\/artigos.abelacosmetics.com\/en\/wp-json\/wp\/v2\/users\/1"}],"replies":[{"embeddable":true,"href":"https:\/\/artigos.abelacosmetics.com\/en\/wp-json\/wp\/v2\/comments?post=1083"}],"version-history":[{"count":4,"href":"https:\/\/artigos.abelacosmetics.com\/en\/wp-json\/wp\/v2\/posts\/1083\/revisions"}],"predecessor-version":[{"id":2256,"href":"https:\/\/artigos.abelacosmetics.com\/en\/wp-json\/wp\/v2\/posts\/1083\/revisions\/2256"}],"wp:featuredmedia":[{"embeddable":true,"href":"https:\/\/artigos.abelacosmetics.com\/en\/wp-json\/wp\/v2\/media\/1084"}],"wp:attachment":[{"href":"https:\/\/artigos.abelacosmetics.com\/en\/wp-json\/wp\/v2\/media?parent=1083"}],"wp:term":[{"taxonomy":"category","embeddable":true,"href":"https:\/\/artigos.abelacosmetics.com\/en\/wp-json\/wp\/v2\/categories?post=1083"},{"taxonomy":"post_tag","embeddable":true,"href":"https:\/\/artigos.abelacosmetics.com\/en\/wp-json\/wp\/v2\/tags?post=1083"}],"curies":[{"name":"wp","href":"https:\/\/api.w.org\/{rel}","templated":true}]}}