{"id":1,"date":"2021-12-28T11:25:23","date_gmt":"2021-12-28T14:25:23","guid":{"rendered":"http:\/\/localhost\/abela-cosmetic\/?p=1"},"modified":"2023-01-05T18:05:33","modified_gmt":"2023-01-05T21:05:33","slug":"1-for-the-planet","status":"publish","type":"post","link":"https:\/\/artigos.abelacosmetics.com\/en\/1-for-the-planet\/","title":{"rendered":"1% for the Planet"},"content":{"rendered":"<p>&nbsp;<\/p>\n<p>&nbsp;<\/p>\n<p>A <em>1% for the Planet<\/em> \u00e9 uma organiza\u00e7\u00e3o internacional onde os membros contribuem para as causas ambientais.<\/p>\n<p>&nbsp;<\/p>\n<audio class=\"wp-audio-shortcode\" id=\"audio-1-1\" preload=\"none\" style=\"width: 100%;\" controls=\"controls\"><source type=\"audio\/mpeg\" src=\"https:\/\/artigos.abelacosmetics.com\/wp-content\/uploads\/2021\/12\/1-for-the-Planet1.mp3?_=1\" \/><a href=\"https:\/\/artigos.abelacosmetics.com\/wp-content\/uploads\/2021\/12\/1-for-the-Planet1.mp3\">https:\/\/artigos.abelacosmetics.com\/wp-content\/uploads\/2021\/12\/1-for-the-Planet1.mp3<\/a><\/audio>\n<p>&nbsp;<\/p>\n<p>Nossa miss\u00e3o \u00e9 \u201cconstruir, auxiliar e ativar a alian\u00e7a empresarial com o compromisso financeiro de criar um planeta saud\u00e1vel\u201d. Os membros apoiam organiza\u00e7\u00f5es n\u00e3o governamentais em causas sustent\u00e1veis \u200b\u200be na prote\u00e7\u00e3o de florestas, rios e oceanos.<\/p>\n<p>Eles juntam d\u00f3lares e ativistas para acelerar doa\u00e7\u00f5es ambientais inteligentes.<\/p>\n<p>&nbsp;<\/p>\n<p><img loading=\"lazy\" decoding=\"async\" class=\"alignnone wp-image-1060\" src=\"https:\/\/artigos.abelacosmetics.com\/wp-content\/uploads\/2021\/12\/3-300x169.png\" alt=\"\" width=\"987\" height=\"556\" srcset=\"https:\/\/artigos.abelacosmetics.com\/wp-content\/uploads\/2021\/12\/3-300x169.png 300w, https:\/\/artigos.abelacosmetics.com\/wp-content\/uploads\/2021\/12\/3-1024x576.png 1024w, https:\/\/artigos.abelacosmetics.com\/wp-content\/uploads\/2021\/12\/3-768x432.png 768w, https:\/\/artigos.abelacosmetics.com\/wp-content\/uploads\/2021\/12\/3-1536x864.png 1536w, https:\/\/artigos.abelacosmetics.com\/wp-content\/uploads\/2021\/12\/3-18x10.png 18w, https:\/\/artigos.abelacosmetics.com\/wp-content\/uploads\/2021\/12\/3.png 1920w\" sizes=\"auto, (max-width: 987px) 100vw, 987px\" \/><\/p>\n<p>&nbsp;<\/p>\n<p><em>1% for the Planet<\/em> \u00e9 um movimento global que inspira empresas e indiv\u00edduos a apoiar solu\u00e7\u00f5es ambientais por meio de associa\u00e7\u00f5es anuais e a\u00e7\u00f5es di\u00e1rias. Eles aconselham sobre estrat\u00e9gias de doa\u00e7\u00e3o, certificam doa\u00e7\u00f5es e amplificam o impacto de sua rede.<\/p>\n<p>Eles colaboram com membros individuais e empresariais para identificar organiza\u00e7\u00f5es ambientais que causar\u00e3o o maior impacto e se alinhar\u00e3o com suas metas de doa\u00e7\u00e3o. Eles certificam que cada d\u00f3lar contribu\u00eddo vai para uma organiza\u00e7\u00e3o sem fins lucrativos avaliada e confi\u00e1vel. Seus membros doam centenas de milh\u00f5es de d\u00f3lares ao meio ambiente, e seus parceiros sem fins lucrativos est\u00e3o fazendo o trabalho \u00e1rduo de restaurar seu planeta para o futuro. Nosso objetivo \u00e9 aumentar significativamente a quantidade total de d\u00f3lares globais para ajudar a proteger o planeta com as doa\u00e7\u00f5es mais inteligentes poss\u00edveis.<\/p>\n<p>&nbsp;<\/p>\n<p><img loading=\"lazy\" decoding=\"async\" class=\"alignnone wp-image-1058\" src=\"https:\/\/artigos.abelacosmetics.com\/wp-content\/uploads\/2021\/12\/1-300x169.png\" alt=\"\" width=\"1021\" height=\"575\" srcset=\"https:\/\/artigos.abelacosmetics.com\/wp-content\/uploads\/2021\/12\/1-300x169.png 300w, https:\/\/artigos.abelacosmetics.com\/wp-content\/uploads\/2021\/12\/1-1024x576.png 1024w, https:\/\/artigos.abelacosmetics.com\/wp-content\/uploads\/2021\/12\/1-768x432.png 768w, https:\/\/artigos.abelacosmetics.com\/wp-content\/uploads\/2021\/12\/1-1536x864.png 1536w, https:\/\/artigos.abelacosmetics.com\/wp-content\/uploads\/2021\/12\/1-18x10.png 18w, https:\/\/artigos.abelacosmetics.com\/wp-content\/uploads\/2021\/12\/1.png 1920w\" sizes=\"auto, (max-width: 1021px) 100vw, 1021px\" \/><\/p>\n<p>A base da rede \u00e9 a parceria sem fins lucrativos. Seus membros se envolvem diretamente com parceiros sem fins lucrativos aprovados, fornecendo doa\u00e7\u00f5es financeiras, tempo volunt\u00e1rio, doa\u00e7\u00f5es em esp\u00e9cie e outras colabora\u00e7\u00f5es de valor compartilhado. Parcerias pr\u00f3speras ajudam a fornecer suporte de longo prazo e maior impacto.<\/p>\n<p>1% for the Planet foi iniciado em 2002 por Yvon Chouinard e Craig Mathews. Ambos empreendedores de sucesso, reconheceram o poder da a\u00e7\u00e3o coletiva para proteger o meio ambiente. Hoje, empresas e indiv\u00edduos continuam a assumir o compromisso de 1% pelo Planeta, criando um impacto maior a cada ano.<\/p>\n<p>Ao adquirir produtos certificados 1% for the Planet, voc\u00ea sabe que seu dinheiro ser\u00e1 bem gasto, ajudando uma causa leg\u00edtima, que \u00e9 o cuidado com o nosso planeta.<\/p>\n<p><img loading=\"lazy\" decoding=\"async\" class=\"alignnone wp-image-1059\" src=\"https:\/\/artigos.abelacosmetics.com\/wp-content\/uploads\/2021\/12\/2-300x169.png\" alt=\"\" width=\"1028\" height=\"579\" srcset=\"https:\/\/artigos.abelacosmetics.com\/wp-content\/uploads\/2021\/12\/2-300x169.png 300w, https:\/\/artigos.abelacosmetics.com\/wp-content\/uploads\/2021\/12\/2-1024x576.png 1024w, https:\/\/artigos.abelacosmetics.com\/wp-content\/uploads\/2021\/12\/2-768x432.png 768w, https:\/\/artigos.abelacosmetics.com\/wp-content\/uploads\/2021\/12\/2-1536x864.png 1536w, https:\/\/artigos.abelacosmetics.com\/wp-content\/uploads\/2021\/12\/2-18x10.png 18w, https:\/\/artigos.abelacosmetics.com\/wp-content\/uploads\/2021\/12\/2.png 1920w\" sizes=\"auto, (max-width: 1028px) 100vw, 1028px\" \/><\/p>\n<p>Abela Cosmetics \u00e9 a primeira marca brasileira de cosm\u00e9ticos a participar desta causa. Temos plena consci\u00eancia de nosso impacto sobre o meio ambiente, por isso conhecemos nossa responsabilidade em preservar nosso lar, que \u00e9 a Terra. Por meio de nosso compromisso financeiro e do tempo de nossos funcion\u00e1rios, podemos fazer a diferen\u00e7a.<\/p>\n<p>&nbsp;<\/p>\n<p>Compre nossos produtos. A natureza agradece.<\/p>","protected":false},"excerpt":{"rendered":"<p>&nbsp; &nbsp; A 1% for the Planet \u00e9 uma organiza\u00e7\u00e3o internacional onde os membros contribuem para as causas ambientais. &nbsp; &nbsp; Nossa miss\u00e3o \u00e9 \u201cconstruir, auxiliar e ativar a alian\u00e7a empresarial com o compromisso financeiro de criar um planeta saud\u00e1vel\u201d. Os membros apoiam organiza\u00e7\u00f5es n\u00e3o governamentais em causas sustent\u00e1veis \u200b\u200be na prote\u00e7\u00e3o de florestas, rios [&hellip;]<\/p>","protected":false},"author":1,"featured_media":600,"comment_status":"open","ping_status":"open","sticky":false,"template":"","format":"standard","meta":{"_acf_changed":false,"_mo_disable_npp":"","inline_featured_image":false,"footnotes":""},"categories":[32],"tags":[],"class_list":["post-1","post","type-post","status-publish","format-standard","has-post-thumbnail","hentry","category-informacoes"],"acf":[],"yoast_head":"<!-- This site is optimized with the Yoast SEO Premium plugin v19.2.1 (Yoast SEO v26.9) - https:\/\/yoast.com\/product\/yoast-seo-premium-wordpress\/ -->\n<title>1% for the Planet - Abela Cosmetics<\/title>\n<meta name=\"description\" content=\"Abela Cosmetics se orgulha em fazer parte da 1% for the Planet, onde os membros contribuem para as causas ambientais.\" \/>\n<meta name=\"robots\" content=\"index, follow, max-snippet:-1, max-image-preview:large, max-video-preview:-1\" \/>\n<link rel=\"canonical\" href=\"https:\/\/artigos.abelacosmetics.com\/en\/1-for-the-planet\/\" \/>\n<meta property=\"og:locale\" content=\"en_US\" \/>\n<meta property=\"og:type\" content=\"article\" \/>\n<meta property=\"og:title\" content=\"1% for the Planet\" \/>\n<meta property=\"og:description\" content=\"Abela Cosmetics se orgulha em fazer parte da 1% for the Planet, onde os membros contribuem para as causas ambientais.\" \/>\n<meta property=\"og:url\" content=\"https:\/\/artigos.abelacosmetics.com\/en\/1-for-the-planet\/\" \/>\n<meta property=\"og:site_name\" content=\"Abela Cosmetics\" \/>\n<meta property=\"article:publisher\" content=\"https:\/\/www.facebook.com\/abelacosmetics\" \/>\n<meta property=\"article:published_time\" content=\"2021-12-28T14:25:23+00:00\" \/>\n<meta property=\"article:modified_time\" content=\"2023-01-05T21:05:33+00:00\" \/>\n<meta property=\"og:image\" content=\"https:\/\/artigos.abelacosmetics.com\/wp-content\/uploads\/2022\/05\/img-blog-1.jpg\" \/>\n\t<meta property=\"og:image:width\" content=\"980\" \/>\n\t<meta property=\"og:image:height\" content=\"580\" \/>\n\t<meta property=\"og:image:type\" content=\"image\/jpeg\" \/>\n<meta name=\"author\" content=\"admin\" \/>\n<meta name=\"twitter:card\" content=\"summary_large_image\" \/>\n<meta name=\"twitter:label1\" content=\"Written by\" \/>\n\t<meta name=\"twitter:data1\" content=\"admin\" \/>\n\t<meta name=\"twitter:label2\" content=\"Est. reading time\" \/>\n\t<meta name=\"twitter:data2\" content=\"3 minutes\" \/>\n<script type=\"application\/ld+json\" class=\"yoast-schema-graph\">{\"@context\":\"https:\/\/schema.org\",\"@graph\":[{\"@type\":\"Article\",\"@id\":\"https:\/\/artigos.abelacosmetics.com\/1-for-the-planet\/#article\",\"isPartOf\":{\"@id\":\"https:\/\/artigos.abelacosmetics.com\/1-for-the-planet\/\"},\"author\":{\"name\":\"admin\",\"@id\":\"https:\/\/artigos.abelacosmetics.com\/#\/schema\/person\/675710be590edb47293978092f4e20f4\"},\"headline\":\"1% for the Planet\",\"datePublished\":\"2021-12-28T14:25:23+00:00\",\"dateModified\":\"2023-01-05T21:05:33+00:00\",\"mainEntityOfPage\":{\"@id\":\"https:\/\/artigos.abelacosmetics.com\/1-for-the-planet\/\"},\"wordCount\":430,\"commentCount\":0,\"publisher\":{\"@id\":\"https:\/\/artigos.abelacosmetics.com\/#organization\"},\"image\":{\"@id\":\"https:\/\/artigos.abelacosmetics.com\/1-for-the-planet\/#primaryimage\"},\"thumbnailUrl\":\"https:\/\/artigos.abelacosmetics.com\/wp-content\/uploads\/2022\/05\/img-blog-1.jpg\",\"articleSection\":[\"Informa\u00e7\u00f5es\"],\"inLanguage\":\"en-US\",\"potentialAction\":[{\"@type\":\"CommentAction\",\"name\":\"Comment\",\"target\":[\"https:\/\/artigos.abelacosmetics.com\/1-for-the-planet\/#respond\"]}]},{\"@type\":\"WebPage\",\"@id\":\"https:\/\/artigos.abelacosmetics.com\/1-for-the-planet\/\",\"url\":\"https:\/\/artigos.abelacosmetics.com\/1-for-the-planet\/\",\"name\":\"1% for the Planet - Abela Cosmetics\",\"isPartOf\":{\"@id\":\"https:\/\/artigos.abelacosmetics.com\/#website\"},\"primaryImageOfPage\":{\"@id\":\"https:\/\/artigos.abelacosmetics.com\/1-for-the-planet\/#primaryimage\"},\"image\":{\"@id\":\"https:\/\/artigos.abelacosmetics.com\/1-for-the-planet\/#primaryimage\"},\"thumbnailUrl\":\"https:\/\/artigos.abelacosmetics.com\/wp-content\/uploads\/2022\/05\/img-blog-1.jpg\",\"datePublished\":\"2021-12-28T14:25:23+00:00\",\"dateModified\":\"2023-01-05T21:05:33+00:00\",\"description\":\"Abela Cosmetics se orgulha em fazer parte da 1% for the Planet, onde os membros contribuem para as causas ambientais.\",\"breadcrumb\":{\"@id\":\"https:\/\/artigos.abelacosmetics.com\/1-for-the-planet\/#breadcrumb\"},\"inLanguage\":\"en-US\",\"potentialAction\":[{\"@type\":\"ReadAction\",\"target\":[\"https:\/\/artigos.abelacosmetics.com\/1-for-the-planet\/\"]}]},{\"@type\":\"ImageObject\",\"inLanguage\":\"en-US\",\"@id\":\"https:\/\/artigos.abelacosmetics.com\/1-for-the-planet\/#primaryimage\",\"url\":\"https:\/\/artigos.abelacosmetics.com\/wp-content\/uploads\/2022\/05\/img-blog-1.jpg\",\"contentUrl\":\"https:\/\/artigos.abelacosmetics.com\/wp-content\/uploads\/2022\/05\/img-blog-1.jpg\",\"width\":980,\"height\":580},{\"@type\":\"BreadcrumbList\",\"@id\":\"https:\/\/artigos.abelacosmetics.com\/1-for-the-planet\/#breadcrumb\",\"itemListElement\":[{\"@type\":\"ListItem\",\"position\":1,\"name\":\"In\u00edcio\",\"item\":\"https:\/\/artigos.abelacosmetics.com\/\"},{\"@type\":\"ListItem\",\"position\":2,\"name\":\"1% for the Planet\"}]},{\"@type\":\"WebSite\",\"@id\":\"https:\/\/artigos.abelacosmetics.com\/#website\",\"url\":\"https:\/\/artigos.abelacosmetics.com\/\",\"name\":\"Abela Cosmetics\",\"description\":\"Cuidados para Cabelos \u00danicos\",\"publisher\":{\"@id\":\"https:\/\/artigos.abelacosmetics.com\/#organization\"},\"potentialAction\":[{\"@type\":\"SearchAction\",\"target\":{\"@type\":\"EntryPoint\",\"urlTemplate\":\"https:\/\/artigos.abelacosmetics.com\/?s={search_term_string}\"},\"query-input\":{\"@type\":\"PropertyValueSpecification\",\"valueRequired\":true,\"valueName\":\"search_term_string\"}}],\"inLanguage\":\"en-US\"},{\"@type\":\"Organization\",\"@id\":\"https:\/\/artigos.abelacosmetics.com\/#organization\",\"name\":\"Abela Cosmetics\",\"url\":\"https:\/\/artigos.abelacosmetics.com\/\",\"logo\":{\"@type\":\"ImageObject\",\"inLanguage\":\"en-US\",\"@id\":\"https:\/\/artigos.abelacosmetics.com\/#\/schema\/logo\/image\/\",\"url\":\"https:\/\/artigos.abelacosmetics.com\/wp-content\/uploads\/2023\/02\/logo-abela.png\",\"contentUrl\":\"https:\/\/artigos.abelacosmetics.com\/wp-content\/uploads\/2023\/02\/logo-abela.png\",\"width\":183,\"height\":90,\"caption\":\"Abela Cosmetics\"},\"image\":{\"@id\":\"https:\/\/artigos.abelacosmetics.com\/#\/schema\/logo\/image\/\"},\"sameAs\":[\"https:\/\/www.facebook.com\/abelacosmetics\"]},{\"@type\":\"Person\",\"@id\":\"https:\/\/artigos.abelacosmetics.com\/#\/schema\/person\/675710be590edb47293978092f4e20f4\",\"name\":\"admin\",\"image\":{\"@type\":\"ImageObject\",\"inLanguage\":\"en-US\",\"@id\":\"https:\/\/artigos.abelacosmetics.com\/#\/schema\/person\/image\/\",\"url\":\"https:\/\/secure.gravatar.com\/avatar\/ce9ccc2de538d30bcc33874c5a730e8e078e64fce402cb3cf0668a7439a0e654?s=96&d=mm&r=g\",\"contentUrl\":\"https:\/\/secure.gravatar.com\/avatar\/ce9ccc2de538d30bcc33874c5a730e8e078e64fce402cb3cf0668a7439a0e654?s=96&d=mm&r=g\",\"caption\":\"admin\"},\"sameAs\":[\"http:\/\/localhost\/abela-cosmetic\"],\"url\":\"https:\/\/artigos.abelacosmetics.com\/en\/author\/admin\/\"}]}<\/script>\n<!-- \/ Yoast SEO Premium plugin. -->","yoast_head_json":{"title":"1% for the Planet - Abela Cosmetics","description":"Abela Cosmetics se orgulha em fazer parte da 1% for the Planet, onde os membros contribuem para as causas ambientais.","robots":{"index":"index","follow":"follow","max-snippet":"max-snippet:-1","max-image-preview":"max-image-preview:large","max-video-preview":"max-video-preview:-1"},"canonical":"https:\/\/artigos.abelacosmetics.com\/en\/1-for-the-planet\/","og_locale":"en_US","og_type":"article","og_title":"1% for the Planet","og_description":"Abela Cosmetics se orgulha em fazer parte da 1% for the Planet, onde os membros contribuem para as causas ambientais.","og_url":"https:\/\/artigos.abelacosmetics.com\/en\/1-for-the-planet\/","og_site_name":"Abela Cosmetics","article_publisher":"https:\/\/www.facebook.com\/abelacosmetics","article_published_time":"2021-12-28T14:25:23+00:00","article_modified_time":"2023-01-05T21:05:33+00:00","og_image":[{"width":980,"height":580,"url":"https:\/\/artigos.abelacosmetics.com\/wp-content\/uploads\/2022\/05\/img-blog-1.jpg","type":"image\/jpeg"}],"author":"admin","twitter_card":"summary_large_image","twitter_misc":{"Written by":"admin","Est. reading time":"3 minutes"},"schema":{"@context":"https:\/\/schema.org","@graph":[{"@type":"Article","@id":"https:\/\/artigos.abelacosmetics.com\/1-for-the-planet\/#article","isPartOf":{"@id":"https:\/\/artigos.abelacosmetics.com\/1-for-the-planet\/"},"author":{"name":"admin","@id":"https:\/\/artigos.abelacosmetics.com\/#\/schema\/person\/675710be590edb47293978092f4e20f4"},"headline":"1% for the Planet","datePublished":"2021-12-28T14:25:23+00:00","dateModified":"2023-01-05T21:05:33+00:00","mainEntityOfPage":{"@id":"https:\/\/artigos.abelacosmetics.com\/1-for-the-planet\/"},"wordCount":430,"commentCount":0,"publisher":{"@id":"https:\/\/artigos.abelacosmetics.com\/#organization"},"image":{"@id":"https:\/\/artigos.abelacosmetics.com\/1-for-the-planet\/#primaryimage"},"thumbnailUrl":"https:\/\/artigos.abelacosmetics.com\/wp-content\/uploads\/2022\/05\/img-blog-1.jpg","articleSection":["Informa\u00e7\u00f5es"],"inLanguage":"en-US","potentialAction":[{"@type":"CommentAction","name":"Comment","target":["https:\/\/artigos.abelacosmetics.com\/1-for-the-planet\/#respond"]}]},{"@type":"WebPage","@id":"https:\/\/artigos.abelacosmetics.com\/1-for-the-planet\/","url":"https:\/\/artigos.abelacosmetics.com\/1-for-the-planet\/","name":"1% for the Planet - Abela Cosmetics","isPartOf":{"@id":"https:\/\/artigos.abelacosmetics.com\/#website"},"primaryImageOfPage":{"@id":"https:\/\/artigos.abelacosmetics.com\/1-for-the-planet\/#primaryimage"},"image":{"@id":"https:\/\/artigos.abelacosmetics.com\/1-for-the-planet\/#primaryimage"},"thumbnailUrl":"https:\/\/artigos.abelacosmetics.com\/wp-content\/uploads\/2022\/05\/img-blog-1.jpg","datePublished":"2021-12-28T14:25:23+00:00","dateModified":"2023-01-05T21:05:33+00:00","description":"Abela Cosmetics se orgulha em fazer parte da 1% for the Planet, onde os membros contribuem para as causas ambientais.","breadcrumb":{"@id":"https:\/\/artigos.abelacosmetics.com\/1-for-the-planet\/#breadcrumb"},"inLanguage":"en-US","potentialAction":[{"@type":"ReadAction","target":["https:\/\/artigos.abelacosmetics.com\/1-for-the-planet\/"]}]},{"@type":"ImageObject","inLanguage":"en-US","@id":"https:\/\/artigos.abelacosmetics.com\/1-for-the-planet\/#primaryimage","url":"https:\/\/artigos.abelacosmetics.com\/wp-content\/uploads\/2022\/05\/img-blog-1.jpg","contentUrl":"https:\/\/artigos.abelacosmetics.com\/wp-content\/uploads\/2022\/05\/img-blog-1.jpg","width":980,"height":580},{"@type":"BreadcrumbList","@id":"https:\/\/artigos.abelacosmetics.com\/1-for-the-planet\/#breadcrumb","itemListElement":[{"@type":"ListItem","position":1,"name":"In\u00edcio","item":"https:\/\/artigos.abelacosmetics.com\/"},{"@type":"ListItem","position":2,"name":"1% for the Planet"}]},{"@type":"WebSite","@id":"https:\/\/artigos.abelacosmetics.com\/#website","url":"https:\/\/artigos.abelacosmetics.com\/","name":"Abela Cosmetics","description":"Cuidados para Cabelos \u00danicos","publisher":{"@id":"https:\/\/artigos.abelacosmetics.com\/#organization"},"potentialAction":[{"@type":"SearchAction","target":{"@type":"EntryPoint","urlTemplate":"https:\/\/artigos.abelacosmetics.com\/?s={search_term_string}"},"query-input":{"@type":"PropertyValueSpecification","valueRequired":true,"valueName":"search_term_string"}}],"inLanguage":"en-US"},{"@type":"Organization","@id":"https:\/\/artigos.abelacosmetics.com\/#organization","name":"Abela Cosmetics","url":"https:\/\/artigos.abelacosmetics.com\/","logo":{"@type":"ImageObject","inLanguage":"en-US","@id":"https:\/\/artigos.abelacosmetics.com\/#\/schema\/logo\/image\/","url":"https:\/\/artigos.abelacosmetics.com\/wp-content\/uploads\/2023\/02\/logo-abela.png","contentUrl":"https:\/\/artigos.abelacosmetics.com\/wp-content\/uploads\/2023\/02\/logo-abela.png","width":183,"height":90,"caption":"Abela Cosmetics"},"image":{"@id":"https:\/\/artigos.abelacosmetics.com\/#\/schema\/logo\/image\/"},"sameAs":["https:\/\/www.facebook.com\/abelacosmetics"]},{"@type":"Person","@id":"https:\/\/artigos.abelacosmetics.com\/#\/schema\/person\/675710be590edb47293978092f4e20f4","name":"admin","image":{"@type":"ImageObject","inLanguage":"en-US","@id":"https:\/\/artigos.abelacosmetics.com\/#\/schema\/person\/image\/","url":"https:\/\/secure.gravatar.com\/avatar\/ce9ccc2de538d30bcc33874c5a730e8e078e64fce402cb3cf0668a7439a0e654?s=96&d=mm&r=g","contentUrl":"https:\/\/secure.gravatar.com\/avatar\/ce9ccc2de538d30bcc33874c5a730e8e078e64fce402cb3cf0668a7439a0e654?s=96&d=mm&r=g","caption":"admin"},"sameAs":["http:\/\/localhost\/abela-cosmetic"],"url":"https:\/\/artigos.abelacosmetics.com\/en\/author\/admin\/"}]}},"_links":{"self":[{"href":"https:\/\/artigos.abelacosmetics.com\/en\/wp-json\/wp\/v2\/posts\/1","targetHints":{"allow":["GET"]}}],"collection":[{"href":"https:\/\/artigos.abelacosmetics.com\/en\/wp-json\/wp\/v2\/posts"}],"about":[{"href":"https:\/\/artigos.abelacosmetics.com\/en\/wp-json\/wp\/v2\/types\/post"}],"author":[{"embeddable":true,"href":"https:\/\/artigos.abelacosmetics.com\/en\/wp-json\/wp\/v2\/users\/1"}],"replies":[{"embeddable":true,"href":"https:\/\/artigos.abelacosmetics.com\/en\/wp-json\/wp\/v2\/comments?post=1"}],"version-history":[{"count":10,"href":"https:\/\/artigos.abelacosmetics.com\/en\/wp-json\/wp\/v2\/posts\/1\/revisions"}],"predecessor-version":[{"id":2268,"href":"https:\/\/artigos.abelacosmetics.com\/en\/wp-json\/wp\/v2\/posts\/1\/revisions\/2268"}],"wp:featuredmedia":[{"embeddable":true,"href":"https:\/\/artigos.abelacosmetics.com\/en\/wp-json\/wp\/v2\/media\/600"}],"wp:attachment":[{"href":"https:\/\/artigos.abelacosmetics.com\/en\/wp-json\/wp\/v2\/media?parent=1"}],"wp:term":[{"taxonomy":"category","embeddable":true,"href":"https:\/\/artigos.abelacosmetics.com\/en\/wp-json\/wp\/v2\/categories?post=1"},{"taxonomy":"post_tag","embeddable":true,"href":"https:\/\/artigos.abelacosmetics.com\/en\/wp-json\/wp\/v2\/tags?post=1"}],"curies":[{"name":"wp","href":"https:\/\/api.w.org\/{rel}","templated":true}]}}